{"id":468491,"date":"2020-01-10T10:35:56","date_gmt":"2020-01-10T13:35:56","guid":{"rendered":"https:\/\/www.estrategiaconcursos.com.br\/blog\/?p=468491"},"modified":"2023-06-15T10:20:01","modified_gmt":"2023-06-15T13:20:01","slug":"concurso-impres-joacaba","status":"publish","type":"post","link":"https:\/\/www.estrategiaconcursos.com.br\/blog\/concurso-impres-joacaba\/","title":{"rendered":"Concurso IMPRES Joa\u00e7aba: EDITAL oferta vagas para m\u00e9dio e superior"},"content":{"rendered":"\n<p>Foi publicado o edital do<strong> concurso p\u00fablico do Instituto de Previd\u00eancia dos Servidores P\u00fablicos do Munic\u00edpio de Joa\u00e7aba<\/strong>, Estado de Santa Catarina. S\u00e3o ofertadas vagas em cadastro reserva para os cargos de <em>Analista e T\u00e9cnico Previdenci\u00e1rio<\/em>.<\/p>\n\n\n\n<p>Os interessados em participar da sele\u00e7\u00e3o puderam realizar as <em>inscri\u00e7\u00f5es at\u00e9 o dia 10 de fevereiro<\/em>, no site da banca organizadora, NBS. <\/p>\n\n\n\n<h2 class=\"wp-block-heading\" id=\"datas\">Principais datas<\/h2>\n\n\n\n<p class=\"has-very-light-gray-background-color has-background\"><strong>Inscri\u00e7\u00f5es<\/strong>: <s>09 de janeiro a 10 de fevereiro<\/s> [ENCERRADO]<br \/><strong>Isen\u00e7\u00e3o da taxa<\/strong>: <s>09 de janeiro a 03 de fevereiro<\/s> [ENCERRADO] <br \/><strong>Pagamento<\/strong> <strong>da taxa:<\/strong> <s>at\u00e9 10 de fevereiro<\/s> [ENCERRADO]  <br \/><strong>Prova<\/strong>: 16 de fevereiro<\/p>\n\n\n\n<h2 class=\"wp-block-heading\" id=\"cargos-vagas\">Cargos e vagas<\/h2>\n\n\n\n<figure class=\"wp-block-table is-style-stripes\"><table class=\"has-background has-fixed-layout\" style=\"background-color:#e7f5fe\"><tbody><tr><td><strong>Cargo<\/strong><\/td><td><strong>Vagas<\/strong><\/td><td><strong>Sal\u00e1rio<\/strong><\/td><td><strong>Escolaridade<\/strong><\/td><\/tr><tr><td> Analista Previdenci\u00e1rio <\/td><td> CR <\/td><td>R$ 3.000,00 <\/td><td> Ensino Superior em Direito, Administra\u00e7\u00e3o ou Contabilidade e Certifica\u00e7\u00e3o Profissional ANBIMA S\u00e9rie 20 <\/td><\/tr><tr><td> T\u00e9cnico Previdenci\u00e1rio <\/td><td> CR <\/td><td>R$ 2.000,00 <\/td><td> Ensino M\u00e9dio e Certifica\u00e7\u00e3o Profissional ANBIMA S\u00e9rie 10 <\/td><\/tr><\/tbody><\/table><\/figure>\n\n\n\n<h2 class=\"wp-block-heading\">Principais atribui\u00e7\u00f5es dos cargos<\/h2>\n\n\n\n<h3 class=\"wp-block-heading\">Analista Previdenci\u00e1rio<\/h3>\n\n\n\n<ul class=\"wp-block-list\">\n<li>Planejar, coordenar e controlar as atividades do Instituto, em busca da constante melhoria da efici\u00eancia e efic\u00e1cia das pol\u00edticas p\u00fablicas e demais processos realizados<\/li>\n\n\n\n<li>Definir estrat\u00e9gias para o planejamento organizacional, visando estabelecer metas gerais e espec\u00edficas, bem como avaliar, propondo altera\u00e7\u00f5es de pr\u00e1ticas administrativas analisando a institui\u00e7\u00e3o, os recursos dispon\u00edveis e a rotina dos servi\u00e7os, identificando oportunidades e problemas <\/li>\n\n\n\n<li>Garantir os recebimentos dos recursos da Uni\u00e3o, por meio da execu\u00e7\u00e3o e acompanhamento dos procedimentos necess\u00e1rios<\/li>\n\n\n\n<li>Autorizar licita\u00e7\u00f5es, contrata\u00e7\u00f5es e gerenciar os recursos humanos sob sua responsabilidade.  <\/li>\n\n\n\n<li>Auditar, conferir, orientar e supervisionar a\u00e7\u00f5es de departamento pessoal do Instituto, relacionadas a folhas de pagamento, concess\u00f5es de benef\u00edcios, f\u00e9rias, gratifica\u00e7\u00f5es natalinas, afastamentos, remo\u00e7\u00f5es, cess\u00f5es, reabilita\u00e7\u00f5es, recolhimentos de obriga\u00e7\u00f5es fiscais e trabalhistas, entre outras<\/li>\n\n\n\n<li>Supervisionar, coordenar e executar a elabora\u00e7\u00e3o de instru\u00e7\u00f5es normativas, de observ\u00e2ncia obrigat\u00f3ria no Munic\u00edpio, visando estabelecer a padroniza\u00e7\u00e3o de procedimentos administrativos e operacionais<\/li>\n\n\n\n<li>Elaborar ou colaborar na elabora\u00e7\u00e3o de relat\u00f3rios, atendendo \u00e0s exig\u00eancias ou normas do Poder Executivo Municipal.  <\/li>\n\n\n\n<li>Contribuir com a abertura de processos administrativos, realizando procedimentos e encaminhando-os aos devidos setores, bem como acompanhar seu andamento<\/li>\n<\/ul>\n\n\n\n<h3 class=\"wp-block-heading\">T\u00e9cnico Previdenci\u00e1rio<\/h3>\n\n\n\n<ul class=\"wp-block-list\">\n<li>Executar servi\u00e7os burocr\u00e1ticos, visando atender \u00e0 legisla\u00e7\u00e3o e cumprir com os procedimentos de cunho administrativo<\/li>\n\n\n\n<li>Elaborar e encaminhar expedientes com conhecimento de legisla\u00e7\u00e3o atinente ao servi\u00e7o p\u00fablico<\/li>\n\n\n\n<li>Efetuar o cadastro geral dos servidores<\/li>\n\n\n\n<li>Agilizar e assegurar os processos administrativos do IMPRES, digitando e fazendo c\u00f3pias de documentos com seguran\u00e7a, emitindo relat\u00f3rios, efetuando o controle do almoxarifado, recepcionando e expedindo listagem de trabalhos processados, efetuando controle de material de expediente<\/li>\n\n\n\n<li>Efetuar servi\u00e7os de encaderna\u00e7\u00e3o e de controle de materiais<\/li>\n\n\n\n<li>Elaborar atos, projetos de lei e autuar processos diversos<\/li>\n\n\n\n<li>Estabelecer contatos com o p\u00fablico, a fim de atender a todos com rapidez e efici\u00eancia<\/li>\n\n\n\n<li>Contribuir com a efetiva\u00e7\u00e3o do pagamento mensal aos servidores, auxiliando no processamento da folha de pagamento, realizando os c\u00e1lculos necess\u00e1rios, lan\u00e7ando dados no sistema, conferindo c\u00e1lculos e outros documentos, repassando as informa\u00e7\u00f5es ao respons\u00e1vel pela confer\u00eancia final do processamento da folha<\/li>\n\n\n\n<li>Tomar as medidas necess\u00e1rias para a ocorr\u00eancia da compensa\u00e7\u00e3o previdenci\u00e1ria<\/li>\n\n\n\n<li>Atuar nos softwares contratados pelo IMPRES para processamento de folha de pagamento, ponto eletr\u00f4nico, contratos, sensos, aposentadorias, execu\u00e7\u00e3o or\u00e7ament\u00e1rias, etc<\/li>\n\n\n\n<li>Manter atualizados os indicadores e informa\u00e7\u00f5es pertinentes \u00e0 \u00e1rea de atua\u00e7\u00e3o, observando os procedimentos internos e legisla\u00e7\u00e3o aplic\u00e1vel<\/li>\n\n\n\n<li>Atender aos servidores, objetivando esclarecer d\u00favidas, receber solicita\u00e7\u00f5es, e buscar solu\u00e7\u00f5es para eventuais transtornos<\/li>\n<\/ul>\n\n\n\n<h2 class=\"wp-block-heading\" id=\"etapas\">Etapas e provas<\/h2>\n\n\n\n<p>O concurso IMPRES Joa\u00e7aba constar\u00e1 de <strong>Prova Escrita Objetiva<\/strong>, prevista para acontecer em <em>16 de fevereiro<\/em>, com dura\u00e7\u00e3o de 3 horas.<\/p>\n\n\n\n<p>A prova objetiva, de car\u00e1ter eliminat\u00f3rio e classificat\u00f3rio, ser\u00e1 aplicada a todos os cargos, tendo 40 quest\u00f5es de m\u00faltipla escolha. A distribui\u00e7\u00e3o ser\u00e1 da seguinte forma:<\/p>\n\n\n\n<ul class=\"wp-block-list\">\n<li><em>L\u00edngua Portuguesa &#8211; 5 <\/em><\/li>\n\n\n\n<li><em>Matem\u00e1tica &#8211; 5 <\/em><\/li>\n\n\n\n<li><em>Legisla\u00e7\u00e3o B\u00e1sica &#8211; 5 <\/em><\/li>\n\n\n\n<li><em>Conhecimentos Espec\u00edficos &#8211; 25 <\/em><\/li>\n<\/ul>\n\n\n\n<hr class=\"wp-block-separator has-css-opacity\"\/>\n\n\n\n<h2 class=\"wp-block-heading has-text-align-center\" id=\"cursos-assinatura\">Quer estudar para o concurso  IMPRES Joa\u00e7aba?<\/h2>\n\n\n\n<p class=\"has-text-align-center\"><em>Gostou desta oportunidade e deseja come\u00e7ar se preparar agora mesmo? Ent\u00e3o, confira os nossos cursos e comece a estudar:<\/em><\/p>\n\n\n\n<p class=\"has-text-align-center has-light-green-cyan-background-color has-background\" style=\"font-size:clamp(14.642px, 0.915rem + ((1vw - 3.2px) * 0.721), 22px);px\"><strong><a rel=\"noreferrer noopener\" href=\"https:\/\/www.estrategiaconcursos.com.br\/cursos\/concurso\/\" target=\"_blank\">Curso para concurso<\/a><\/strong><\/p>\n\n\n\n<p class=\"has-text-align-center has-medium-font-size\"><em><strong>Assinatura Anual Ilimitada*<\/strong><\/em><\/p>\n\n\n\n<p class=\"has-text-align-center\"><em>Prepare-se com o melhor material e com quem mais aprova em Concursos P\u00fablicos em todo o pa\u00eds. Assine agora a nossa Assinatura Anual e tenha acesso ilimitado* a todos os nossos cursos.<\/em><\/p>\n\n\n\n<p class=\"has-text-align-center has-luminous-vivid-amber-background-color has-background\" style=\"font-size:clamp(14.642px, 0.915rem + ((1vw - 3.2px) * 0.721), 22px);px\"><strong>ASSINE AGORA<\/strong>&nbsp;\u2013&nbsp;<strong><a rel=\"noreferrer noopener\" href=\"https:\/\/www.estrategiaconcursos.com.br\/assinaturas\" target=\"_blank\">Assinatura Ilimitada<\/a><\/strong><\/p>\n\n\n\n<p class=\"has-text-align-center has-medium-font-size\"><strong><em>Fique por dentro de todos os concursos<\/em><\/strong><\/p>\n\n\n\n<p class=\"has-text-align-center has-pale-cyan-blue-background-color has-background\" style=\"font-size:clamp(14.642px, 0.915rem + ((1vw - 3.2px) * 0.721), 22px);px\"><a href=\"https:\/\/www.estrategiaconcursos.com.br\/blog\/concursos-abertos\/\" target=\"_blank\" rel=\"noreferrer noopener\"><strong>CONCURSOS ABERTOS<\/strong><\/a><\/p>\n\n\n\n<figure class=\"wp-block-image\"><img loading=\"lazy\" decoding=\"async\" width=\"300\" height=\"102\" src=\"https:\/\/dhg1h5j42swfq.cloudfront.net\/2017\/03\/28152500\/coruja-ficha-tecnica-300x102.png\" alt=\"\" class=\"wp-image-68542\"\/><\/figure>\n\n\n\n<h3 class=\"wp-block-heading\" id=\"ficha-tecnica\"><strong>Informa\u00e7\u00f5es sobre o c<\/strong>oncurso IMPRES Joa\u00e7aba-SC<\/h3>\n\n\n\n<p>\u25ba<strong>Provas<\/strong>: 16\/02<br \/>\u25ba<strong>Vagas<\/strong>: CR<br \/>\u25ba<strong>Cargos<\/strong>: T\u00e9cnico e Analista Previdenci\u00e1rio<br \/>\u25ba<strong>Banca<\/strong>: NBS<br \/>\u25ba<strong>Escolaridade<\/strong>: N\u00edvel m\u00e9dio e superior<br \/>\u25ba<strong>Edital<\/strong>:&nbsp;<a rel=\"noreferrer noopener\" aria-label=\"Edital IMPRES Joa\u00e7aba (abre numa nova aba)\" href=\"https:\/\/dhg1h5j42swfq.cloudfront.net\/2020\/01\/10102359\/Edital_IMPRES_Joa%C3%A7aba_SC.pdf\" target=\"_blank\">Edital IMPRES Joa\u00e7aba<\/a><\/p>\n\n\n\n<p><br \/><em>Ascom Estrat\u00e9gia<\/em><br \/>ascomestrategia@gmail.com<\/p>\n","protected":false},"excerpt":{"rendered":"<p>Foi publicado o edital do concurso p\u00fablico do Instituto de Previd\u00eancia dos Servidores P\u00fablicos do Munic\u00edpio de Joa\u00e7aba, Estado de Santa Catarina. S\u00e3o ofertadas vagas em cadastro reserva para os cargos de Analista e T\u00e9cnico Previdenci\u00e1rio. Os interessados em participar da sele\u00e7\u00e3o puderam realizar as inscri\u00e7\u00f5es at\u00e9 o dia 10 de fevereiro, no site da [&hellip;]<\/p>\n","protected":false},"author":1170,"featured_media":444273,"comment_status":"open","ping_status":"closed","sticky":false,"template":"","format":"standard","meta":{"post_tipo":"article","footnotes":""},"categories":[1],"tags":[],"tax_estado":[],"class_list":["post-468491","post","type-post","status-publish","format-standard","has-post-thumbnail","hentry","category-cursos-e-concursos"],"acf":[],"yoast_head":"<!-- This site is optimized with the Yoast SEO Premium plugin v27.2 (Yoast SEO v27.2) - https:\/\/yoast.com\/product\/yoast-seo-premium-wordpress\/ -->\n<title>Concurso IMPRES Joa\u00e7aba: EDITAL oferta vagas para m\u00e9dio e superior<\/title>\n<meta name=\"description\" content=\"Instituto de Previd\u00eancia dos Servidores P\u00fablicos do Munic\u00edpio de Joa\u00e7aba publica edital com vagas em cadastro reserva para T\u00e9cnico e Analista.\" \/>\n<meta name=\"robots\" content=\"index, follow, max-snippet:-1, max-image-preview:large, max-video-preview:-1\" \/>\n<link rel=\"canonical\" href=\"https:\/\/www.estrategiaconcursos.com.br\/blog\/concurso-impres-joacaba\/\" \/>\n<meta property=\"og:locale\" content=\"pt_BR\" \/>\n<meta property=\"og:type\" content=\"article\" \/>\n<meta property=\"og:title\" content=\"Concurso IMPRES Joa\u00e7aba: EDITAL oferta vagas para m\u00e9dio e superior\" \/>\n<meta property=\"og:description\" content=\"Instituto de Previd\u00eancia dos Servidores P\u00fablicos do Munic\u00edpio de Joa\u00e7aba publica edital com vagas em cadastro reserva para T\u00e9cnico e Analista.\" \/>\n<meta property=\"og:url\" content=\"https:\/\/www.estrategiaconcursos.com.br\/blog\/concurso-impres-joacaba\/\" \/>\n<meta property=\"og:site_name\" content=\"Estrat\u00e9gia Concursos\" \/>\n<meta property=\"article:published_time\" content=\"2020-01-10T13:35:56+00:00\" \/>\n<meta property=\"article:modified_time\" content=\"2023-06-15T13:20:01+00:00\" \/>\n<meta property=\"og:image\" content=\"https:\/\/dhg1h5j42swfq.cloudfront.net\/2019\/11\/05113826\/Saiu-Edital-8.png\" \/>\n\t<meta property=\"og:image:width\" content=\"1200\" \/>\n\t<meta property=\"og:image:height\" content=\"628\" \/>\n\t<meta property=\"og:image:type\" content=\"image\/png\" \/>\n<meta name=\"author\" content=\"Fabiano Pereira\" \/>\n<meta name=\"twitter:card\" content=\"summary_large_image\" \/>\n<meta name=\"twitter:creator\" content=\"@EstratConcursos\" \/>\n<meta name=\"twitter:site\" content=\"@EstratConcursos\" \/>\n<meta name=\"twitter:label1\" content=\"Escrito por\" \/>\n\t<meta name=\"twitter:data1\" content=\"Fabiano Pereira\" \/>\n\t<meta name=\"twitter:label2\" content=\"Est. tempo de leitura\" \/>\n\t<meta name=\"twitter:data2\" content=\"4 minutos\" \/>\n<script type=\"application\/ld+json\" class=\"yoast-schema-graph\">{\"@context\":\"https:\/\/schema.org\",\"@graph\":[{\"@type\":\"NewsArticle\",\"@id\":\"https:\/\/www.estrategiaconcursos.com.br\/blog\/concurso-impres-joacaba\/#article\",\"isPartOf\":{\"@id\":\"https:\/\/www.estrategiaconcursos.com.br\/blog\/concurso-impres-joacaba\/\"},\"author\":{\"name\":\"Fabiano Pereira\",\"@id\":\"https:\/\/www.estrategiaconcursos.com.br\/blog\/#\/schema\/person\/73a0097d005d0e0410a58869a4ff0dad\"},\"headline\":\"Concurso IMPRES Joa\u00e7aba: EDITAL oferta vagas para m\u00e9dio e superior\",\"datePublished\":\"2020-01-10T13:35:56+00:00\",\"dateModified\":\"2023-06-15T13:20:01+00:00\",\"mainEntityOfPage\":{\"@id\":\"https:\/\/www.estrategiaconcursos.com.br\/blog\/concurso-impres-joacaba\/\"},\"wordCount\":810,\"commentCount\":0,\"publisher\":{\"@id\":\"https:\/\/www.estrategiaconcursos.com.br\/blog\/#organization\"},\"image\":{\"@id\":\"https:\/\/www.estrategiaconcursos.com.br\/blog\/concurso-impres-joacaba\/#primaryimage\"},\"thumbnailUrl\":\"https:\/\/dhg1h5j42swfq.cloudfront.net\/2019\/11\/05113826\/Saiu-Edital-8.png\",\"articleSection\":[\"Concursos P\u00fablicos\"],\"inLanguage\":\"pt-BR\",\"potentialAction\":[{\"@type\":\"CommentAction\",\"name\":\"Comment\",\"target\":[\"https:\/\/www.estrategiaconcursos.com.br\/blog\/concurso-impres-joacaba\/#respond\"]}],\"copyrightYear\":\"2020\",\"copyrightHolder\":{\"@id\":\"https:\/\/www.estrategiaconcursos.com.br\/blog\/#organization\"}},{\"@type\":\"WebPage\",\"@id\":\"https:\/\/www.estrategiaconcursos.com.br\/blog\/concurso-impres-joacaba\/\",\"url\":\"https:\/\/www.estrategiaconcursos.com.br\/blog\/concurso-impres-joacaba\/\",\"name\":\"Concurso IMPRES Joa\u00e7aba: EDITAL oferta vagas para m\u00e9dio e superior\",\"isPartOf\":{\"@id\":\"https:\/\/www.estrategiaconcursos.com.br\/blog\/#website\"},\"primaryImageOfPage\":{\"@id\":\"https:\/\/www.estrategiaconcursos.com.br\/blog\/concurso-impres-joacaba\/#primaryimage\"},\"image\":{\"@id\":\"https:\/\/www.estrategiaconcursos.com.br\/blog\/concurso-impres-joacaba\/#primaryimage\"},\"thumbnailUrl\":\"https:\/\/dhg1h5j42swfq.cloudfront.net\/2019\/11\/05113826\/Saiu-Edital-8.png\",\"datePublished\":\"2020-01-10T13:35:56+00:00\",\"dateModified\":\"2023-06-15T13:20:01+00:00\",\"description\":\"Instituto de Previd\u00eancia dos Servidores P\u00fablicos do Munic\u00edpio de Joa\u00e7aba publica edital com vagas em cadastro reserva para T\u00e9cnico e Analista.\",\"breadcrumb\":{\"@id\":\"https:\/\/www.estrategiaconcursos.com.br\/blog\/concurso-impres-joacaba\/#breadcrumb\"},\"inLanguage\":\"pt-BR\",\"potentialAction\":[{\"@type\":\"ReadAction\",\"target\":[\"https:\/\/www.estrategiaconcursos.com.br\/blog\/concurso-impres-joacaba\/\"]}]},{\"@type\":\"ImageObject\",\"inLanguage\":\"pt-BR\",\"@id\":\"https:\/\/www.estrategiaconcursos.com.br\/blog\/concurso-impres-joacaba\/#primaryimage\",\"url\":\"https:\/\/dhg1h5j42swfq.cloudfront.net\/2019\/11\/05113826\/Saiu-Edital-8.png\",\"contentUrl\":\"https:\/\/dhg1h5j42swfq.cloudfront.net\/2019\/11\/05113826\/Saiu-Edital-8.png\",\"width\":1200,\"height\":628,\"caption\":\"PSS NOVA IGUA\u00c7U RJ\"},{\"@type\":\"BreadcrumbList\",\"@id\":\"https:\/\/www.estrategiaconcursos.com.br\/blog\/concurso-impres-joacaba\/#breadcrumb\",\"itemListElement\":[{\"@type\":\"ListItem\",\"position\":1,\"name\":\"In\u00edcio\",\"item\":\"https:\/\/www.estrategiaconcursos.com.br\/blog\/\"},{\"@type\":\"ListItem\",\"position\":2,\"name\":\"Concurso IMPRES Joa\u00e7aba: EDITAL oferta vagas para m\u00e9dio e superior\"}]},{\"@type\":\"WebSite\",\"@id\":\"https:\/\/www.estrategiaconcursos.com.br\/blog\/#website\",\"url\":\"https:\/\/www.estrategiaconcursos.com.br\/blog\/\",\"name\":\"Estrat\u00e9gia Concursos\",\"description\":\"O blog da Estrat\u00e9gia Concursos traz not\u00edcias sobre concursos e artigos de professores oferecendo cursos para concursos (pdf + videaulas) no site.\",\"publisher\":{\"@id\":\"https:\/\/www.estrategiaconcursos.com.br\/blog\/#organization\"},\"potentialAction\":[{\"@type\":\"SearchAction\",\"target\":{\"@type\":\"EntryPoint\",\"urlTemplate\":\"https:\/\/www.estrategiaconcursos.com.br\/blog\/?s={search_term_string}\"},\"query-input\":{\"@type\":\"PropertyValueSpecification\",\"valueRequired\":true,\"valueName\":\"search_term_string\"}}],\"inLanguage\":\"pt-BR\"},{\"@type\":\"Organization\",\"@id\":\"https:\/\/www.estrategiaconcursos.com.br\/blog\/#organization\",\"name\":\"Estrat\u00e9gia Concursos\",\"url\":\"https:\/\/www.estrategiaconcursos.com.br\/blog\/\",\"logo\":{\"@type\":\"ImageObject\",\"inLanguage\":\"pt-BR\",\"@id\":\"https:\/\/www.estrategiaconcursos.com.br\/blog\/#\/schema\/logo\/image\/\",\"url\":\"https:\/\/dhg1h5j42swfq.cloudfront.net\/2025\/06\/03203428\/logo_concursos-1.jpg\",\"contentUrl\":\"https:\/\/dhg1h5j42swfq.cloudfront.net\/2025\/06\/03203428\/logo_concursos-1.jpg\",\"width\":230,\"height\":60,\"caption\":\"Estrat\u00e9gia Concursos\"},\"image\":{\"@id\":\"https:\/\/www.estrategiaconcursos.com.br\/blog\/#\/schema\/logo\/image\/\"},\"sameAs\":[\"https:\/\/x.com\/EstratConcursos\"]},{\"@type\":\"Person\",\"@id\":\"https:\/\/www.estrategiaconcursos.com.br\/blog\/#\/schema\/person\/73a0097d005d0e0410a58869a4ff0dad\",\"name\":\"Fabiano Pereira\",\"image\":{\"@type\":\"ImageObject\",\"inLanguage\":\"pt-BR\",\"@id\":\"https:\/\/secure.gravatar.com\/avatar\/2d50d79dc60f78c8adffae60393ee45fd6d79c9cb3bd6c1abc9a574ca4f1ff0a?s=96&d=mm&r=g\",\"url\":\"https:\/\/secure.gravatar.com\/avatar\/2d50d79dc60f78c8adffae60393ee45fd6d79c9cb3bd6c1abc9a574ca4f1ff0a?s=96&d=mm&r=g\",\"contentUrl\":\"https:\/\/secure.gravatar.com\/avatar\/2d50d79dc60f78c8adffae60393ee45fd6d79c9cb3bd6c1abc9a574ca4f1ff0a?s=96&d=mm&r=g\",\"caption\":\"Fabiano Pereira\"},\"url\":\"https:\/\/www.estrategiaconcursos.com.br\/blog\/author\/professorfabianopereirayahoo-com-br\/\"}]}<\/script>\n<!-- \/ Yoast SEO Premium plugin. -->","yoast_head_json":{"title":"Concurso IMPRES Joa\u00e7aba: EDITAL oferta vagas para m\u00e9dio e superior","description":"Instituto de Previd\u00eancia dos Servidores P\u00fablicos do Munic\u00edpio de Joa\u00e7aba publica edital com vagas em cadastro reserva para T\u00e9cnico e Analista.","robots":{"index":"index","follow":"follow","max-snippet":"max-snippet:-1","max-image-preview":"max-image-preview:large","max-video-preview":"max-video-preview:-1"},"canonical":"https:\/\/www.estrategiaconcursos.com.br\/blog\/concurso-impres-joacaba\/","og_locale":"pt_BR","og_type":"article","og_title":"Concurso IMPRES Joa\u00e7aba: EDITAL oferta vagas para m\u00e9dio e superior","og_description":"Instituto de Previd\u00eancia dos Servidores P\u00fablicos do Munic\u00edpio de Joa\u00e7aba publica edital com vagas em cadastro reserva para T\u00e9cnico e Analista.","og_url":"https:\/\/www.estrategiaconcursos.com.br\/blog\/concurso-impres-joacaba\/","og_site_name":"Estrat\u00e9gia Concursos","article_published_time":"2020-01-10T13:35:56+00:00","article_modified_time":"2023-06-15T13:20:01+00:00","og_image":[{"width":1200,"height":628,"url":"https:\/\/dhg1h5j42swfq.cloudfront.net\/2019\/11\/05113826\/Saiu-Edital-8.png","type":"image\/png"}],"author":"Fabiano Pereira","twitter_card":"summary_large_image","twitter_creator":"@EstratConcursos","twitter_site":"@EstratConcursos","twitter_misc":{"Escrito por":"Fabiano Pereira","Est. tempo de leitura":"4 minutos"},"schema":{"@context":"https:\/\/schema.org","@graph":[{"@type":"NewsArticle","@id":"https:\/\/www.estrategiaconcursos.com.br\/blog\/concurso-impres-joacaba\/#article","isPartOf":{"@id":"https:\/\/www.estrategiaconcursos.com.br\/blog\/concurso-impres-joacaba\/"},"author":{"name":"Fabiano Pereira","@id":"https:\/\/www.estrategiaconcursos.com.br\/blog\/#\/schema\/person\/73a0097d005d0e0410a58869a4ff0dad"},"headline":"Concurso IMPRES Joa\u00e7aba: EDITAL oferta vagas para m\u00e9dio e superior","datePublished":"2020-01-10T13:35:56+00:00","dateModified":"2023-06-15T13:20:01+00:00","mainEntityOfPage":{"@id":"https:\/\/www.estrategiaconcursos.com.br\/blog\/concurso-impres-joacaba\/"},"wordCount":810,"commentCount":0,"publisher":{"@id":"https:\/\/www.estrategiaconcursos.com.br\/blog\/#organization"},"image":{"@id":"https:\/\/www.estrategiaconcursos.com.br\/blog\/concurso-impres-joacaba\/#primaryimage"},"thumbnailUrl":"https:\/\/dhg1h5j42swfq.cloudfront.net\/2019\/11\/05113826\/Saiu-Edital-8.png","articleSection":["Concursos P\u00fablicos"],"inLanguage":"pt-BR","potentialAction":[{"@type":"CommentAction","name":"Comment","target":["https:\/\/www.estrategiaconcursos.com.br\/blog\/concurso-impres-joacaba\/#respond"]}],"copyrightYear":"2020","copyrightHolder":{"@id":"https:\/\/www.estrategiaconcursos.com.br\/blog\/#organization"}},{"@type":"WebPage","@id":"https:\/\/www.estrategiaconcursos.com.br\/blog\/concurso-impres-joacaba\/","url":"https:\/\/www.estrategiaconcursos.com.br\/blog\/concurso-impres-joacaba\/","name":"Concurso IMPRES Joa\u00e7aba: EDITAL oferta vagas para m\u00e9dio e superior","isPartOf":{"@id":"https:\/\/www.estrategiaconcursos.com.br\/blog\/#website"},"primaryImageOfPage":{"@id":"https:\/\/www.estrategiaconcursos.com.br\/blog\/concurso-impres-joacaba\/#primaryimage"},"image":{"@id":"https:\/\/www.estrategiaconcursos.com.br\/blog\/concurso-impres-joacaba\/#primaryimage"},"thumbnailUrl":"https:\/\/dhg1h5j42swfq.cloudfront.net\/2019\/11\/05113826\/Saiu-Edital-8.png","datePublished":"2020-01-10T13:35:56+00:00","dateModified":"2023-06-15T13:20:01+00:00","description":"Instituto de Previd\u00eancia dos Servidores P\u00fablicos do Munic\u00edpio de Joa\u00e7aba publica edital com vagas em cadastro reserva para T\u00e9cnico e Analista.","breadcrumb":{"@id":"https:\/\/www.estrategiaconcursos.com.br\/blog\/concurso-impres-joacaba\/#breadcrumb"},"inLanguage":"pt-BR","potentialAction":[{"@type":"ReadAction","target":["https:\/\/www.estrategiaconcursos.com.br\/blog\/concurso-impres-joacaba\/"]}]},{"@type":"ImageObject","inLanguage":"pt-BR","@id":"https:\/\/www.estrategiaconcursos.com.br\/blog\/concurso-impres-joacaba\/#primaryimage","url":"https:\/\/dhg1h5j42swfq.cloudfront.net\/2019\/11\/05113826\/Saiu-Edital-8.png","contentUrl":"https:\/\/dhg1h5j42swfq.cloudfront.net\/2019\/11\/05113826\/Saiu-Edital-8.png","width":1200,"height":628,"caption":"PSS NOVA IGUA\u00c7U RJ"},{"@type":"BreadcrumbList","@id":"https:\/\/www.estrategiaconcursos.com.br\/blog\/concurso-impres-joacaba\/#breadcrumb","itemListElement":[{"@type":"ListItem","position":1,"name":"In\u00edcio","item":"https:\/\/www.estrategiaconcursos.com.br\/blog\/"},{"@type":"ListItem","position":2,"name":"Concurso IMPRES Joa\u00e7aba: EDITAL oferta vagas para m\u00e9dio e superior"}]},{"@type":"WebSite","@id":"https:\/\/www.estrategiaconcursos.com.br\/blog\/#website","url":"https:\/\/www.estrategiaconcursos.com.br\/blog\/","name":"Estrat\u00e9gia Concursos","description":"O blog da Estrat\u00e9gia Concursos traz not\u00edcias sobre concursos e artigos de professores oferecendo cursos para concursos (pdf + videaulas) no site.","publisher":{"@id":"https:\/\/www.estrategiaconcursos.com.br\/blog\/#organization"},"potentialAction":[{"@type":"SearchAction","target":{"@type":"EntryPoint","urlTemplate":"https:\/\/www.estrategiaconcursos.com.br\/blog\/?s={search_term_string}"},"query-input":{"@type":"PropertyValueSpecification","valueRequired":true,"valueName":"search_term_string"}}],"inLanguage":"pt-BR"},{"@type":"Organization","@id":"https:\/\/www.estrategiaconcursos.com.br\/blog\/#organization","name":"Estrat\u00e9gia Concursos","url":"https:\/\/www.estrategiaconcursos.com.br\/blog\/","logo":{"@type":"ImageObject","inLanguage":"pt-BR","@id":"https:\/\/www.estrategiaconcursos.com.br\/blog\/#\/schema\/logo\/image\/","url":"https:\/\/dhg1h5j42swfq.cloudfront.net\/2025\/06\/03203428\/logo_concursos-1.jpg","contentUrl":"https:\/\/dhg1h5j42swfq.cloudfront.net\/2025\/06\/03203428\/logo_concursos-1.jpg","width":230,"height":60,"caption":"Estrat\u00e9gia Concursos"},"image":{"@id":"https:\/\/www.estrategiaconcursos.com.br\/blog\/#\/schema\/logo\/image\/"},"sameAs":["https:\/\/x.com\/EstratConcursos"]},{"@type":"Person","@id":"https:\/\/www.estrategiaconcursos.com.br\/blog\/#\/schema\/person\/73a0097d005d0e0410a58869a4ff0dad","name":"Fabiano Pereira","image":{"@type":"ImageObject","inLanguage":"pt-BR","@id":"https:\/\/secure.gravatar.com\/avatar\/2d50d79dc60f78c8adffae60393ee45fd6d79c9cb3bd6c1abc9a574ca4f1ff0a?s=96&d=mm&r=g","url":"https:\/\/secure.gravatar.com\/avatar\/2d50d79dc60f78c8adffae60393ee45fd6d79c9cb3bd6c1abc9a574ca4f1ff0a?s=96&d=mm&r=g","contentUrl":"https:\/\/secure.gravatar.com\/avatar\/2d50d79dc60f78c8adffae60393ee45fd6d79c9cb3bd6c1abc9a574ca4f1ff0a?s=96&d=mm&r=g","caption":"Fabiano Pereira"},"url":"https:\/\/www.estrategiaconcursos.com.br\/blog\/author\/professorfabianopereirayahoo-com-br\/"}]}},"_links":{"self":[{"href":"https:\/\/www.estrategiaconcursos.com.br\/blog\/wp-json\/wp\/v2\/posts\/468491","targetHints":{"allow":["GET"]}}],"collection":[{"href":"https:\/\/www.estrategiaconcursos.com.br\/blog\/wp-json\/wp\/v2\/posts"}],"about":[{"href":"https:\/\/www.estrategiaconcursos.com.br\/blog\/wp-json\/wp\/v2\/types\/post"}],"author":[{"embeddable":true,"href":"https:\/\/www.estrategiaconcursos.com.br\/blog\/wp-json\/wp\/v2\/users\/1170"}],"replies":[{"embeddable":true,"href":"https:\/\/www.estrategiaconcursos.com.br\/blog\/wp-json\/wp\/v2\/comments?post=468491"}],"version-history":[{"count":6,"href":"https:\/\/www.estrategiaconcursos.com.br\/blog\/wp-json\/wp\/v2\/posts\/468491\/revisions"}],"predecessor-version":[{"id":1232661,"href":"https:\/\/www.estrategiaconcursos.com.br\/blog\/wp-json\/wp\/v2\/posts\/468491\/revisions\/1232661"}],"wp:featuredmedia":[{"embeddable":true,"href":"https:\/\/www.estrategiaconcursos.com.br\/blog\/wp-json\/wp\/v2\/media\/444273"}],"wp:attachment":[{"href":"https:\/\/www.estrategiaconcursos.com.br\/blog\/wp-json\/wp\/v2\/media?parent=468491"}],"wp:term":[{"taxonomy":"category","embeddable":true,"href":"https:\/\/www.estrategiaconcursos.com.br\/blog\/wp-json\/wp\/v2\/categories?post=468491"},{"taxonomy":"post_tag","embeddable":true,"href":"https:\/\/www.estrategiaconcursos.com.br\/blog\/wp-json\/wp\/v2\/tags?post=468491"},{"taxonomy":"tax_estado","embeddable":true,"href":"https:\/\/www.estrategiaconcursos.com.br\/blog\/wp-json\/wp\/v2\/tax_estado?post=468491"}],"curies":[{"name":"wp","href":"https:\/\/api.w.org\/{rel}","templated":true}]}}