{"id":468011,"date":"2020-01-11T07:40:00","date_gmt":"2020-01-11T10:40:00","guid":{"rendered":"https:\/\/www.estrategiaconcursos.com.br\/blog\/?p=468011"},"modified":"2020-01-09T10:26:45","modified_gmt":"2020-01-09T13:26:45","slug":"revisao-de-vespera-alepi-assessor-tecnico-area-administrativa","status":"publish","type":"post","link":"https:\/\/www.estrategiaconcursos.com.br\/blog\/revisao-de-vespera-alepi-assessor-tecnico-area-administrativa\/","title":{"rendered":"Revis\u00e3o de V\u00e9spera ALEPI: Assessor T\u00e9cnico \u00e1rea Administrativa"},"content":{"rendered":"\n<p> O concurso da Assembleia Legislativa  de Piau\u00ed ofertada\u00a0<strong>41 vagas<\/strong>\u00a0para cargos de n\u00edvel m\u00e9dio e superior. <\/p>\n\n\n\n<p>A  Remunera\u00e7\u00e3o inicial de\u00a0<strong>R$4.068,39<\/strong>\u00a0para os cargos de\u00a0<strong>n\u00edvel Superior<\/strong>\u00a0e de\u00a0<strong>R$2.310,14\u00a0<\/strong>para os cargos de\u00a0<strong>n\u00edvel m\u00e9dio<\/strong>. A jornada de trabalho \u00e9 de 30 horas semanais para todos os cargos. <\/p>\n\n\n\n<p> A Prova Escrita Objetiva, de car\u00e1ter classificat\u00f3rio e eliminat\u00f3rio, acontecer\u00e1 juntamente com a Reda\u00e7\u00e3o no dia <strong>12 de janeiro<\/strong> e ser\u00e1 aplicada na cidade de Teresina, Piaui. Ser\u00e3o no total\u00a0<strong>50 quest\u00f5es de m\u00faltipla escolha<\/strong>\u00a0com 5 alternativas para cada quest\u00e3o. Os candidatos ter\u00e3o 5 horas para realizar as provas.<\/p>\n\n\n\n<p>Para te ajudar com empurr\u00e3o final antes da prova, faremos um dia especial focado nas disciplinas da prova objetiva. \u00c9 sua chance de fazer uma grande revis\u00e3o e estar pronto para a avalia\u00e7\u00e3o. Nossa aula acontece neste <strong>s\u00e1bado, a partir das 8h.<\/strong><\/p>\n\n\n\n<p>Confira abaixo o cronograma da Revis\u00e3o de V\u00e9spera:<\/p>\n\n\n\n<ul class=\"wp-block-list\"><li><em>8h \u00e0s 9h &#8211; <strong>Portugu\u00eas <\/strong>( Professor Felipe Luccas) <\/em><\/li><li><em>9h \u00e0s 11h &#8211; <strong>No\u00e7\u00f5es de Administra\u00e7\u00e3o<\/strong> ( Professor Rafael Barbosa)<\/em><\/li><li><em>11h \u00e0s 12h &#8211; <strong>Racioc\u00ednio L\u00f3gico<\/strong> (Professor Brunno Lima)<\/em><\/li><li><em> Intervalo<\/em><\/li><li><em>13h \u00e0s 14h &#8211; <strong>T\u00f3picos de Administra\u00e7\u00e3o<\/strong> (Professor Ant\u00f4nio Daud)<\/em><\/li><li><em>14h \u00e0s 15h &#8211; <strong>Estatuto dos Servidores P\u00fablicos<\/strong> (Professor Marcos Gir\u00e3o)<\/em><\/li><li><em>15h \u00e0s 16h &#8211; <strong>Reda\u00e7\u00e3o<\/strong> (Rodolfo Gracioli)<\/em><\/li><\/ul>\n\n\n\n<p class=\"has-background has-text-align-center has-very-light-gray-background-color\"><strong><em>Saiba mais: <a href=\"https:\/\/www.estrategiaconcursos.com.br\/blog\/concurso-alepi\/\" target=\"_blank\" rel=\"noreferrer noopener\" aria-label=\"concurso ALEPI (abre numa nova aba)\">concurso ALEPI<\/a><\/em><\/strong><\/p>\n\n\n\n<h2 class=\"has-text-align-center wp-block-heading\" id=\"cursos-assinatura\">Quer estudar para o concurso ALEPI?<\/h2>\n\n\n\n<p class=\"has-text-align-center\">Gostou dessa oportunidade e deseja se preparar para o concurso ALEPI? O Estrat\u00e9gia Concurso j\u00e1 possui cursos relacionados ao certame! Confira:<\/p>\n\n\n\n<p class=\"has-background has-text-align-center has-luminous-vivid-amber-background-color\"><strong><a rel=\"noreferrer noopener\" href=\"https:\/\/www.estrategiaconcursos.com.br\/cursosPorConcurso\/assembleia-legislativa-do-piaui-ale-pi\/\" target=\"_blank\">Curso ALEPI<\/a><\/strong><\/p>\n\n\n\n<p class=\"has-text-align-center\"><strong><em>Assinatura ilimitada*<\/em><\/strong><\/p>\n\n\n\n<p class=\"has-text-align-center\"><em>Prepare-se com o melhor material e com quem mais aprova em Concursos P\u00fablicos em todo o pa\u00eds. Assine agora a nossa Assinatura Anual e tenha acesso ilimitado* a todos os nossos cursos.<\/em><\/p>\n\n\n\n<p class=\"has-background has-text-align-center has-light-green-cyan-background-color\"><strong>ASSINE AGORA<\/strong>&nbsp;\u2013&nbsp;<a rel=\"noreferrer noopener\" href=\"https:\/\/www.estrategiaconcursos.com.br\/assinaturas\" target=\"_blank\"><strong>Assinatura Ilimitada<\/strong><\/a><\/p>\n\n\n\n<p class=\"has-background has-text-align-center has-pale-cyan-blue-background-color\"><strong><a href=\"https:\/\/www.estrategiaconcursos.com.br\/blog\/concursos-abertos\/\">CONCURSOS ABERTOS<\/a><\/strong><\/p>\n\n\n\n<p class=\"has-background has-text-align-center has-pale-cyan-blue-background-color\"><a href=\"https:\/\/www.estrategiaconcursos.com.br\/blog\/concursos-2020\/\"><strong>CONCURSOS<\/strong><\/a><strong><a href=\"https:\/\/www.estrategiaconcursos.com.br\/blog\/concursos-2020\/\">&nbsp;2020<\/a><\/strong><\/p>\n","protected":false},"excerpt":{"rendered":"<p>O concurso da Assembleia Legislativa de Piau\u00ed ofertada\u00a041 vagas\u00a0para cargos de n\u00edvel m\u00e9dio e superior. A Remunera\u00e7\u00e3o inicial de\u00a0R$4.068,39\u00a0para os cargos de\u00a0n\u00edvel Superior\u00a0e de\u00a0R$2.310,14\u00a0para os cargos de\u00a0n\u00edvel m\u00e9dio. A jornada de trabalho \u00e9 de 30 horas semanais para todos os cargos. A Prova Escrita Objetiva, de car\u00e1ter classificat\u00f3rio e eliminat\u00f3rio, acontecer\u00e1 juntamente com a Reda\u00e7\u00e3o [&hellip;]<\/p>\n","protected":false},"author":93,"featured_media":0,"comment_status":"open","ping_status":"closed","sticky":false,"template":"","format":"standard","meta":{"post_tipo":"article","footnotes":""},"categories":[1],"tags":[],"tax_estado":[],"class_list":["post-468011","post","type-post","status-publish","format-standard","hentry","category-cursos-e-concursos"],"acf":[],"yoast_head":"<!-- This site is optimized with the Yoast SEO Premium plugin v27.2 (Yoast SEO v27.2) - https:\/\/yoast.com\/product\/yoast-seo-premium-wordpress\/ -->\n<title>Revis\u00e3o de V\u00e9spera ALEPI: Assessor T\u00e9cnico \u00e1rea Administrativa<\/title>\n<meta name=\"robots\" content=\"index, follow, max-snippet:-1, max-image-preview:large, max-video-preview:-1\" \/>\n<link rel=\"canonical\" href=\"https:\/\/www.estrategiaconcursos.com.br\/blog\/revisao-de-vespera-alepi-assessor-tecnico-area-administrativa\/\" \/>\n<meta property=\"og:locale\" content=\"pt_BR\" \/>\n<meta property=\"og:type\" content=\"article\" \/>\n<meta property=\"og:title\" content=\"Revis\u00e3o de V\u00e9spera ALEPI: Assessor T\u00e9cnico \u00e1rea Administrativa\" \/>\n<meta property=\"og:description\" content=\"O concurso da Assembleia Legislativa de Piau\u00ed ofertada\u00a041 vagas\u00a0para cargos de n\u00edvel m\u00e9dio e superior. A Remunera\u00e7\u00e3o inicial de\u00a0R$4.068,39\u00a0para os cargos de\u00a0n\u00edvel Superior\u00a0e de\u00a0R$2.310,14\u00a0para os cargos de\u00a0n\u00edvel m\u00e9dio. A jornada de trabalho \u00e9 de 30 horas semanais para todos os cargos. A Prova Escrita Objetiva, de car\u00e1ter classificat\u00f3rio e eliminat\u00f3rio, acontecer\u00e1 juntamente com a Reda\u00e7\u00e3o [&hellip;]\" \/>\n<meta property=\"og:url\" content=\"https:\/\/www.estrategiaconcursos.com.br\/blog\/revisao-de-vespera-alepi-assessor-tecnico-area-administrativa\/\" \/>\n<meta property=\"og:site_name\" content=\"Estrat\u00e9gia Concursos\" \/>\n<meta property=\"article:published_time\" content=\"2020-01-11T10:40:00+00:00\" \/>\n<meta name=\"author\" content=\"Vinicius Silva\" \/>\n<meta name=\"twitter:card\" content=\"summary_large_image\" \/>\n<meta name=\"twitter:creator\" content=\"@EstratConcursos\" \/>\n<meta name=\"twitter:site\" content=\"@EstratConcursos\" \/>\n<meta name=\"twitter:label1\" content=\"Escrito por\" \/>\n\t<meta name=\"twitter:data1\" content=\"Vinicius Silva\" \/>\n\t<meta name=\"twitter:label2\" content=\"Est. tempo de leitura\" \/>\n\t<meta name=\"twitter:data2\" content=\"2 minutos\" \/>\n<script type=\"application\/ld+json\" class=\"yoast-schema-graph\">{\"@context\":\"https:\/\/schema.org\",\"@graph\":[{\"@type\":\"NewsArticle\",\"@id\":\"https:\/\/www.estrategiaconcursos.com.br\/blog\/revisao-de-vespera-alepi-assessor-tecnico-area-administrativa\/#article\",\"isPartOf\":{\"@id\":\"https:\/\/www.estrategiaconcursos.com.br\/blog\/revisao-de-vespera-alepi-assessor-tecnico-area-administrativa\/\"},\"author\":{\"name\":\"Vinicius Silva\",\"@id\":\"https:\/\/www.estrategiaconcursos.com.br\/blog\/#\/schema\/person\/20030622a981f9a942ad6b3561fe4ca4\"},\"headline\":\"Revis\u00e3o de V\u00e9spera ALEPI: Assessor T\u00e9cnico \u00e1rea Administrativa\",\"datePublished\":\"2020-01-11T10:40:00+00:00\",\"mainEntityOfPage\":{\"@id\":\"https:\/\/www.estrategiaconcursos.com.br\/blog\/revisao-de-vespera-alepi-assessor-tecnico-area-administrativa\/\"},\"wordCount\":321,\"commentCount\":0,\"publisher\":{\"@id\":\"https:\/\/www.estrategiaconcursos.com.br\/blog\/#organization\"},\"articleSection\":[\"Concursos P\u00fablicos\"],\"inLanguage\":\"pt-BR\",\"potentialAction\":[{\"@type\":\"CommentAction\",\"name\":\"Comment\",\"target\":[\"https:\/\/www.estrategiaconcursos.com.br\/blog\/revisao-de-vespera-alepi-assessor-tecnico-area-administrativa\/#respond\"]}],\"copyrightYear\":\"2020\",\"copyrightHolder\":{\"@id\":\"https:\/\/www.estrategiaconcursos.com.br\/blog\/#organization\"}},{\"@type\":\"WebPage\",\"@id\":\"https:\/\/www.estrategiaconcursos.com.br\/blog\/revisao-de-vespera-alepi-assessor-tecnico-area-administrativa\/\",\"url\":\"https:\/\/www.estrategiaconcursos.com.br\/blog\/revisao-de-vespera-alepi-assessor-tecnico-area-administrativa\/\",\"name\":\"Revis\u00e3o de V\u00e9spera ALEPI: Assessor T\u00e9cnico \u00e1rea Administrativa\",\"isPartOf\":{\"@id\":\"https:\/\/www.estrategiaconcursos.com.br\/blog\/#website\"},\"datePublished\":\"2020-01-11T10:40:00+00:00\",\"breadcrumb\":{\"@id\":\"https:\/\/www.estrategiaconcursos.com.br\/blog\/revisao-de-vespera-alepi-assessor-tecnico-area-administrativa\/#breadcrumb\"},\"inLanguage\":\"pt-BR\",\"potentialAction\":[{\"@type\":\"ReadAction\",\"target\":[\"https:\/\/www.estrategiaconcursos.com.br\/blog\/revisao-de-vespera-alepi-assessor-tecnico-area-administrativa\/\"]}]},{\"@type\":\"BreadcrumbList\",\"@id\":\"https:\/\/www.estrategiaconcursos.com.br\/blog\/revisao-de-vespera-alepi-assessor-tecnico-area-administrativa\/#breadcrumb\",\"itemListElement\":[{\"@type\":\"ListItem\",\"position\":1,\"name\":\"In\u00edcio\",\"item\":\"https:\/\/www.estrategiaconcursos.com.br\/blog\/\"},{\"@type\":\"ListItem\",\"position\":2,\"name\":\"Revis\u00e3o de V\u00e9spera ALEPI: Assessor T\u00e9cnico \u00e1rea Administrativa\"}]},{\"@type\":\"WebSite\",\"@id\":\"https:\/\/www.estrategiaconcursos.com.br\/blog\/#website\",\"url\":\"https:\/\/www.estrategiaconcursos.com.br\/blog\/\",\"name\":\"Estrat\u00e9gia Concursos\",\"description\":\"O blog da Estrat\u00e9gia Concursos traz not\u00edcias sobre concursos e artigos de professores oferecendo cursos para concursos (pdf + videaulas) no site.\",\"publisher\":{\"@id\":\"https:\/\/www.estrategiaconcursos.com.br\/blog\/#organization\"},\"potentialAction\":[{\"@type\":\"SearchAction\",\"target\":{\"@type\":\"EntryPoint\",\"urlTemplate\":\"https:\/\/www.estrategiaconcursos.com.br\/blog\/?s={search_term_string}\"},\"query-input\":{\"@type\":\"PropertyValueSpecification\",\"valueRequired\":true,\"valueName\":\"search_term_string\"}}],\"inLanguage\":\"pt-BR\"},{\"@type\":\"Organization\",\"@id\":\"https:\/\/www.estrategiaconcursos.com.br\/blog\/#organization\",\"name\":\"Estrat\u00e9gia Concursos\",\"url\":\"https:\/\/www.estrategiaconcursos.com.br\/blog\/\",\"logo\":{\"@type\":\"ImageObject\",\"inLanguage\":\"pt-BR\",\"@id\":\"https:\/\/www.estrategiaconcursos.com.br\/blog\/#\/schema\/logo\/image\/\",\"url\":\"https:\/\/dhg1h5j42swfq.cloudfront.net\/2025\/06\/03203428\/logo_concursos-1.jpg\",\"contentUrl\":\"https:\/\/dhg1h5j42swfq.cloudfront.net\/2025\/06\/03203428\/logo_concursos-1.jpg\",\"width\":230,\"height\":60,\"caption\":\"Estrat\u00e9gia Concursos\"},\"image\":{\"@id\":\"https:\/\/www.estrategiaconcursos.com.br\/blog\/#\/schema\/logo\/image\/\"},\"sameAs\":[\"https:\/\/x.com\/EstratConcursos\"]},{\"@type\":\"Person\",\"@id\":\"https:\/\/www.estrategiaconcursos.com.br\/blog\/#\/schema\/person\/20030622a981f9a942ad6b3561fe4ca4\",\"name\":\"Vinicius Silva\",\"image\":{\"@type\":\"ImageObject\",\"inLanguage\":\"pt-BR\",\"@id\":\"https:\/\/secure.gravatar.com\/avatar\/604d9670a4c7eea71feaa4381f3ae97e148292ac402671c5944aa67a3d127663?s=96&d=mm&r=g\",\"url\":\"https:\/\/secure.gravatar.com\/avatar\/604d9670a4c7eea71feaa4381f3ae97e148292ac402671c5944aa67a3d127663?s=96&d=mm&r=g\",\"contentUrl\":\"https:\/\/secure.gravatar.com\/avatar\/604d9670a4c7eea71feaa4381f3ae97e148292ac402671c5944aa67a3d127663?s=96&d=mm&r=g\",\"caption\":\"Vinicius Silva\"},\"url\":\"https:\/\/www.estrategiaconcursos.com.br\/blog\/author\/viniciussilvaestrategiaconcursos-com-br\/\"}]}<\/script>\n<!-- \/ Yoast SEO Premium plugin. -->","yoast_head_json":{"title":"Revis\u00e3o de V\u00e9spera ALEPI: Assessor T\u00e9cnico \u00e1rea Administrativa","robots":{"index":"index","follow":"follow","max-snippet":"max-snippet:-1","max-image-preview":"max-image-preview:large","max-video-preview":"max-video-preview:-1"},"canonical":"https:\/\/www.estrategiaconcursos.com.br\/blog\/revisao-de-vespera-alepi-assessor-tecnico-area-administrativa\/","og_locale":"pt_BR","og_type":"article","og_title":"Revis\u00e3o de V\u00e9spera ALEPI: Assessor T\u00e9cnico \u00e1rea Administrativa","og_description":"O concurso da Assembleia Legislativa de Piau\u00ed ofertada\u00a041 vagas\u00a0para cargos de n\u00edvel m\u00e9dio e superior. A Remunera\u00e7\u00e3o inicial de\u00a0R$4.068,39\u00a0para os cargos de\u00a0n\u00edvel Superior\u00a0e de\u00a0R$2.310,14\u00a0para os cargos de\u00a0n\u00edvel m\u00e9dio. A jornada de trabalho \u00e9 de 30 horas semanais para todos os cargos. A Prova Escrita Objetiva, de car\u00e1ter classificat\u00f3rio e eliminat\u00f3rio, acontecer\u00e1 juntamente com a Reda\u00e7\u00e3o [&hellip;]","og_url":"https:\/\/www.estrategiaconcursos.com.br\/blog\/revisao-de-vespera-alepi-assessor-tecnico-area-administrativa\/","og_site_name":"Estrat\u00e9gia Concursos","article_published_time":"2020-01-11T10:40:00+00:00","author":"Vinicius Silva","twitter_card":"summary_large_image","twitter_creator":"@EstratConcursos","twitter_site":"@EstratConcursos","twitter_misc":{"Escrito por":"Vinicius Silva","Est. tempo de leitura":"2 minutos"},"schema":{"@context":"https:\/\/schema.org","@graph":[{"@type":"NewsArticle","@id":"https:\/\/www.estrategiaconcursos.com.br\/blog\/revisao-de-vespera-alepi-assessor-tecnico-area-administrativa\/#article","isPartOf":{"@id":"https:\/\/www.estrategiaconcursos.com.br\/blog\/revisao-de-vespera-alepi-assessor-tecnico-area-administrativa\/"},"author":{"name":"Vinicius Silva","@id":"https:\/\/www.estrategiaconcursos.com.br\/blog\/#\/schema\/person\/20030622a981f9a942ad6b3561fe4ca4"},"headline":"Revis\u00e3o de V\u00e9spera ALEPI: Assessor T\u00e9cnico \u00e1rea Administrativa","datePublished":"2020-01-11T10:40:00+00:00","mainEntityOfPage":{"@id":"https:\/\/www.estrategiaconcursos.com.br\/blog\/revisao-de-vespera-alepi-assessor-tecnico-area-administrativa\/"},"wordCount":321,"commentCount":0,"publisher":{"@id":"https:\/\/www.estrategiaconcursos.com.br\/blog\/#organization"},"articleSection":["Concursos P\u00fablicos"],"inLanguage":"pt-BR","potentialAction":[{"@type":"CommentAction","name":"Comment","target":["https:\/\/www.estrategiaconcursos.com.br\/blog\/revisao-de-vespera-alepi-assessor-tecnico-area-administrativa\/#respond"]}],"copyrightYear":"2020","copyrightHolder":{"@id":"https:\/\/www.estrategiaconcursos.com.br\/blog\/#organization"}},{"@type":"WebPage","@id":"https:\/\/www.estrategiaconcursos.com.br\/blog\/revisao-de-vespera-alepi-assessor-tecnico-area-administrativa\/","url":"https:\/\/www.estrategiaconcursos.com.br\/blog\/revisao-de-vespera-alepi-assessor-tecnico-area-administrativa\/","name":"Revis\u00e3o de V\u00e9spera ALEPI: Assessor T\u00e9cnico \u00e1rea Administrativa","isPartOf":{"@id":"https:\/\/www.estrategiaconcursos.com.br\/blog\/#website"},"datePublished":"2020-01-11T10:40:00+00:00","breadcrumb":{"@id":"https:\/\/www.estrategiaconcursos.com.br\/blog\/revisao-de-vespera-alepi-assessor-tecnico-area-administrativa\/#breadcrumb"},"inLanguage":"pt-BR","potentialAction":[{"@type":"ReadAction","target":["https:\/\/www.estrategiaconcursos.com.br\/blog\/revisao-de-vespera-alepi-assessor-tecnico-area-administrativa\/"]}]},{"@type":"BreadcrumbList","@id":"https:\/\/www.estrategiaconcursos.com.br\/blog\/revisao-de-vespera-alepi-assessor-tecnico-area-administrativa\/#breadcrumb","itemListElement":[{"@type":"ListItem","position":1,"name":"In\u00edcio","item":"https:\/\/www.estrategiaconcursos.com.br\/blog\/"},{"@type":"ListItem","position":2,"name":"Revis\u00e3o de V\u00e9spera ALEPI: Assessor T\u00e9cnico \u00e1rea Administrativa"}]},{"@type":"WebSite","@id":"https:\/\/www.estrategiaconcursos.com.br\/blog\/#website","url":"https:\/\/www.estrategiaconcursos.com.br\/blog\/","name":"Estrat\u00e9gia Concursos","description":"O blog da Estrat\u00e9gia Concursos traz not\u00edcias sobre concursos e artigos de professores oferecendo cursos para concursos (pdf + videaulas) no site.","publisher":{"@id":"https:\/\/www.estrategiaconcursos.com.br\/blog\/#organization"},"potentialAction":[{"@type":"SearchAction","target":{"@type":"EntryPoint","urlTemplate":"https:\/\/www.estrategiaconcursos.com.br\/blog\/?s={search_term_string}"},"query-input":{"@type":"PropertyValueSpecification","valueRequired":true,"valueName":"search_term_string"}}],"inLanguage":"pt-BR"},{"@type":"Organization","@id":"https:\/\/www.estrategiaconcursos.com.br\/blog\/#organization","name":"Estrat\u00e9gia Concursos","url":"https:\/\/www.estrategiaconcursos.com.br\/blog\/","logo":{"@type":"ImageObject","inLanguage":"pt-BR","@id":"https:\/\/www.estrategiaconcursos.com.br\/blog\/#\/schema\/logo\/image\/","url":"https:\/\/dhg1h5j42swfq.cloudfront.net\/2025\/06\/03203428\/logo_concursos-1.jpg","contentUrl":"https:\/\/dhg1h5j42swfq.cloudfront.net\/2025\/06\/03203428\/logo_concursos-1.jpg","width":230,"height":60,"caption":"Estrat\u00e9gia Concursos"},"image":{"@id":"https:\/\/www.estrategiaconcursos.com.br\/blog\/#\/schema\/logo\/image\/"},"sameAs":["https:\/\/x.com\/EstratConcursos"]},{"@type":"Person","@id":"https:\/\/www.estrategiaconcursos.com.br\/blog\/#\/schema\/person\/20030622a981f9a942ad6b3561fe4ca4","name":"Vinicius Silva","image":{"@type":"ImageObject","inLanguage":"pt-BR","@id":"https:\/\/secure.gravatar.com\/avatar\/604d9670a4c7eea71feaa4381f3ae97e148292ac402671c5944aa67a3d127663?s=96&d=mm&r=g","url":"https:\/\/secure.gravatar.com\/avatar\/604d9670a4c7eea71feaa4381f3ae97e148292ac402671c5944aa67a3d127663?s=96&d=mm&r=g","contentUrl":"https:\/\/secure.gravatar.com\/avatar\/604d9670a4c7eea71feaa4381f3ae97e148292ac402671c5944aa67a3d127663?s=96&d=mm&r=g","caption":"Vinicius Silva"},"url":"https:\/\/www.estrategiaconcursos.com.br\/blog\/author\/viniciussilvaestrategiaconcursos-com-br\/"}]}},"_links":{"self":[{"href":"https:\/\/www.estrategiaconcursos.com.br\/blog\/wp-json\/wp\/v2\/posts\/468011","targetHints":{"allow":["GET"]}}],"collection":[{"href":"https:\/\/www.estrategiaconcursos.com.br\/blog\/wp-json\/wp\/v2\/posts"}],"about":[{"href":"https:\/\/www.estrategiaconcursos.com.br\/blog\/wp-json\/wp\/v2\/types\/post"}],"author":[{"embeddable":true,"href":"https:\/\/www.estrategiaconcursos.com.br\/blog\/wp-json\/wp\/v2\/users\/93"}],"replies":[{"embeddable":true,"href":"https:\/\/www.estrategiaconcursos.com.br\/blog\/wp-json\/wp\/v2\/comments?post=468011"}],"version-history":[{"count":3,"href":"https:\/\/www.estrategiaconcursos.com.br\/blog\/wp-json\/wp\/v2\/posts\/468011\/revisions"}],"predecessor-version":[{"id":468058,"href":"https:\/\/www.estrategiaconcursos.com.br\/blog\/wp-json\/wp\/v2\/posts\/468011\/revisions\/468058"}],"wp:attachment":[{"href":"https:\/\/www.estrategiaconcursos.com.br\/blog\/wp-json\/wp\/v2\/media?parent=468011"}],"wp:term":[{"taxonomy":"category","embeddable":true,"href":"https:\/\/www.estrategiaconcursos.com.br\/blog\/wp-json\/wp\/v2\/categories?post=468011"},{"taxonomy":"post_tag","embeddable":true,"href":"https:\/\/www.estrategiaconcursos.com.br\/blog\/wp-json\/wp\/v2\/tags?post=468011"},{"taxonomy":"tax_estado","embeddable":true,"href":"https:\/\/www.estrategiaconcursos.com.br\/blog\/wp-json\/wp\/v2\/tax_estado?post=468011"}],"curies":[{"name":"wp","href":"https:\/\/api.w.org\/{rel}","templated":true}]}}