{"id":46799,"date":"2016-08-23T13:39:27","date_gmt":"2016-08-23T16:39:27","guid":{"rendered":"https:\/\/www.estrategiaconcursos.com.br\/blog\/?p=46799"},"modified":"2016-08-23T13:39:27","modified_gmt":"2016-08-23T16:39:27","slug":"concursos-ti-rio-janeiro","status":"publish","type":"post","link":"https:\/\/www.estrategiaconcursos.com.br\/blog\/concursos-ti-rio-janeiro\/","title":{"rendered":"Concursos de TI no Rio de Janeiro: o que teremos em breve?"},"content":{"rendered":"<p style=\"text-align: justify;\">Ol\u00e1 pessoal!<\/p>\n<p style=\"text-align: justify;\">Estou escrevendo hoje\u00a0sobre as perspectivas de concursos de TI para quem quer trabalhar na Cidade Maravilhosa!<\/p>\n<p style=\"text-align: justify;\">Fiz uma breve lista dos \u00f3rg\u00e3os que dever\u00e3o abrir concurso ainda este ano (ou em 2017) para que voc\u00eas possam planejar os estudos com anteced\u00eancia e\u00a0cobrir todos os assuntos do edital escolhido.<\/p>\n<p style=\"text-align: justify;\">Dentre os concursos mais prov\u00e1veis elenquei os seguintes: <strong>TRF-RJ\/ES (2\u00aa Regi\u00e3o), ALERJ, CVM e SUSEP<\/strong>.<\/p>\n<p style=\"text-align: justify;\">\n<p style=\"text-align: justify;\">\n<p style=\"text-align: justify;\">\n<p style=\"text-align: justify;\">\n<p style=\"text-align: justify;\"><img loading=\"lazy\" decoding=\"async\" class=\"wp-image-46803 alignleft\" src=\"https:\/\/dhg1h5j42swfq.cloudfront.net\/2016\/08\/22191255\/TRF2-300x170.png\" alt=\"TRF2\" width=\"168\" height=\"99\" \/>\u00a0<img loading=\"lazy\" decoding=\"async\" class=\"wp-image-46802 alignleft\" src=\"https:\/\/dhg1h5j42swfq.cloudfront.net\/2016\/08\/22191254\/ALERJ-300x300.png\" alt=\"ALERJ\" width=\"133\" height=\"133\" srcset=\"https:\/\/dhg1h5j42swfq.cloudfront.net\/2016\/08\/22191254\/ALERJ.png 300w, https:\/\/dhg1h5j42swfq.cloudfront.net\/2016\/08\/22191254\/ALERJ.png 150w, https:\/\/dhg1h5j42swfq.cloudfront.net\/2016\/08\/22191254\/ALERJ.png 768w, https:\/\/dhg1h5j42swfq.cloudfront.net\/2016\/08\/22191254\/ALERJ.png 1024w, https:\/\/dhg1h5j42swfq.cloudfront.net\/2016\/08\/22191254\/ALERJ.png 1049w\" sizes=\"auto, (max-width: 133px) 100vw, 133px\" \/>\u00a0<img loading=\"lazy\" decoding=\"async\" class=\"wp-image-46801 alignleft\" src=\"https:\/\/dhg1h5j42swfq.cloudfront.net\/2016\/08\/22191252\/CVM-300x147.png\" alt=\"CVM\" width=\"161\" height=\"84\" \/>\u00a0<img loading=\"lazy\" decoding=\"async\" class=\"wp-image-46800 alignleft\" src=\"https:\/\/dhg1h5j42swfq.cloudfront.net\/2016\/08\/22191251\/logo_susep.png\" alt=\"logo_susep\" width=\"217\" height=\"53\" \/><\/p>\n<h4 style=\"text-align: justify;\"><\/h4>\n<p>&nbsp;<\/p>\n<p>&nbsp;<\/p>\n<p>&nbsp;<\/p>\n<p>&nbsp;<\/p>\n<p>&nbsp;<\/p>\n<p>&nbsp;<\/p>\n<h4 style=\"text-align: left;\">TRF-RJ\/ES (2\u00aa Regi\u00e3o)<\/h4>\n<p style=\"text-align: justify;\">A Consulplan foi definida como organizadora do pr\u00f3ximo concurso do Tribunal Regional Federal da 2\u00aa Regi\u00e3o (TRF-RJ\/ES) e o edital, segundo o projeto b\u00e1sico do concurso, sair\u00e1 <span style=\"text-decoration: underline;\">ainda este m\u00eas<\/span>.<\/p>\n<p style=\"text-align: justify;\">Haver\u00e1 vagas para t\u00e9cnicos e analistas judici\u00e1rios, com vencimentos de R$5.994,02 e R$9.796,14, respectivamente. As\u00a0vagas est\u00e3o previstas, em cadastro de reserva, \u00a0para os cargos de <strong>T\u00e9cnico Judici\u00e1rio na especialidade de Inform\u00e1tica<\/strong> e<strong> Analista Judici\u00e1rio para as especialidades Inform\u00e1tica &#8211; Infraestrutura e Inform\u00e1tica &#8211; Desenvolvimento<\/strong>.<\/p>\n<h4 style=\"text-align: left;\">ALERJ<\/h4>\n<p style=\"text-align: justify;\"><span class=\"name\">A organizadora do concurso Alerj \u2014 a Funda\u00e7\u00e3o Escola Superior do Minist\u00e9rio P\u00fablico do Rio (Femperj) \u2014 apresentar\u00e1 cronograma para edital e inscri\u00e7\u00f5es em breve.\u00a0<\/span>O concurso Alerj prev\u00ea a contrata\u00e7\u00e3o de 44 servidores, sendo que 40 vagas ser\u00e3o destinadas ao cargo de Especialista Legislativo, com remunera\u00e7\u00e3o inicial de R$ 6.972,84 e R$ 7.788,09. Para Especialista, haver\u00e1 <strong>10 vagas para Tecnologia da Informa\u00e7\u00e3o (TI) com remunera\u00e7\u00e3o dos aprovados variando de\u00a0R$ 6.972,84 a R$ 7.788,09<\/strong>.<\/p>\n<p style=\"text-align: justify;\"><span style=\"color: #003366;\"><em><strong>Em breve lan\u00e7aremos um curso espec\u00edfico de TI para a ALERJ. Aguardem!<\/strong><\/em><\/span><\/p>\n<h4 style=\"text-align: left;\">CVM e SUSEP<\/h4>\n<p style=\"text-align: justify;\"><span class=\"name\">Com concurso previsto para 2017, a <strong>Comiss\u00e3o de Valores Mobili\u00e1rios (CVM)<\/strong> j\u00e1 fez o pedido ao Planejamento para organiza\u00e7\u00e3o de uma nova sele\u00e7\u00e3o p\u00fablica de pessoal em breve. No\u00a0\u00faltimo concurso realizado em 2010, \u00a0houve\u00a04 vagas para<strong> Analista de sistemas<\/strong> e 4 para <strong>Analista \u00a0infra-estrutura.<\/strong><\/span><\/p>\n<p style=\"text-align: justify;\">O concurso para a <strong>Superintend\u00eancia de Seguros Privados (Susep)<\/strong>, autarquia do Minist\u00e9rio da Fazenda com sede no Rio de Janeiro, aguarda autoriza\u00e7\u00e3o do Minist\u00e9rio do Planejamento, Or\u00e7amento e Gest\u00e3o para que possa acontecer. O \u00faltimo\u00a0concurso da SUSEP\u00a0foi em 2010 com <strong>15 vagas para TI<\/strong>.<\/p>\n<p style=\"text-align: justify;\">O Ministro da Fazenda encaminhou no dia 07 de junho o pedido de vagas para v\u00e1rios cargos ligados ao Minist\u00e9rio da Fazenda, dentre eles a CVM e a SUSEP.<\/p>\n<p style=\"text-align: justify;\">O pedido, solicitando provimento para 2017, contempla as seguintes vagas:<\/p>\n<ul style=\"text-align: justify;\">\n<li style=\"text-align: justify;\">Analista da CVM \u2013 20 vagas<\/li>\n<li style=\"text-align: justify;\">Inspetor da CVM \u2013 20 vagas<\/li>\n<li style=\"text-align: justify;\">Agente Executivo da CVM \u2013 40 vagas<\/li>\n<li style=\"text-align: justify;\">Analista da SUSEP \u2013 30 vagas<\/li>\n<li style=\"text-align: justify;\">Agente Executivo da SUSEP \u2013 40 vagas<\/li>\n<\/ul>\n<p style=\"text-align: justify;\">Portanto pessoal, para quem mora no Rio (ou quer morar),\u00a0comece a se preparar desde j\u00e1 para esses concursos!<\/p>\n<p style=\"text-align: justify;\">Bons estudos!<\/p>\n<p style=\"text-align: justify;\">Abra\u00e7o,<\/p>\n<p style=\"text-align: justify;\"><em><strong>Fl\u00e1via Soares<\/strong><\/em><\/p>\n<p>Coach e coordenadora da equipe de TI do Estrat\u00e9gia<\/p>\n<p><a href=\"mailto:flaviasoares@estrategiaconcursos.com.br\"><strong>flaviasoares@estrategiaconcursos.com.br<\/strong><\/a><\/p>\n<p><a href=\"https:\/\/www.facebook.com\/coachflaviasoares\/\"><strong>https:\/\/www.facebook.com\/coachflaviasoares\/<\/strong><\/a><\/p>\n","protected":false},"excerpt":{"rendered":"<p>Ol\u00e1 pessoal! Estou escrevendo hoje\u00a0sobre as perspectivas de concursos de TI para quem quer trabalhar na Cidade Maravilhosa! Fiz uma breve lista dos \u00f3rg\u00e3os que dever\u00e3o abrir concurso ainda este ano (ou em 2017) para que voc\u00eas possam planejar os estudos com anteced\u00eancia e\u00a0cobrir todos os assuntos do edital escolhido. Dentre os concursos mais prov\u00e1veis [&hellip;]<\/p>\n","protected":false},"author":252,"featured_media":46802,"comment_status":"open","ping_status":"open","sticky":false,"template":"","format":"gallery","meta":{"post_tipo":"article","footnotes":""},"categories":[1984],"tags":[2087,25],"tax_estado":[],"class_list":["post-46799","post","type-post","status-publish","format-gallery","has-post-thumbnail","hentry","category-tribunais","tag-rio-de-janeiro","tag-tecnologia-da-informacao","post_format-post-format-gallery"],"acf":[],"yoast_head":"<!-- This site is optimized with the Yoast SEO Premium plugin v27.2 (Yoast SEO v27.2) - https:\/\/yoast.com\/product\/yoast-seo-premium-wordpress\/ -->\n<title>Concursos de TI no Rio de Janeiro: o que teremos em breve?<\/title>\n<meta name=\"description\" content=\"Ol\u00e1 pessoal! Estou escrevendo hoje sobre as perspectivas de concursos de TI para quem quer trabalhar na Cidade Maravilhosa!\" \/>\n<meta name=\"robots\" content=\"index, follow, max-snippet:-1, max-image-preview:large, max-video-preview:-1\" \/>\n<link rel=\"canonical\" href=\"https:\/\/www.estrategiaconcursos.com.br\/blog\/concursos-ti-rio-janeiro\/\" \/>\n<meta property=\"og:locale\" content=\"pt_BR\" \/>\n<meta property=\"og:type\" content=\"article\" \/>\n<meta property=\"og:title\" content=\"Concursos de TI no Rio de Janeiro: o que teremos em breve?\" \/>\n<meta property=\"og:description\" content=\"Ol\u00e1 pessoal! Estou escrevendo hoje sobre as perspectivas de concursos de TI para quem quer trabalhar na Cidade Maravilhosa!\" \/>\n<meta property=\"og:url\" content=\"https:\/\/www.estrategiaconcursos.com.br\/blog\/concursos-ti-rio-janeiro\/\" \/>\n<meta property=\"og:site_name\" content=\"Estrat\u00e9gia Concursos\" \/>\n<meta property=\"article:author\" content=\"https:\/\/www.facebook.com\/coachflaviasoares\" \/>\n<meta property=\"article:published_time\" content=\"2016-08-23T16:39:27+00:00\" \/>\n<meta property=\"og:image\" content=\"https:\/\/dhg1h5j42swfq.cloudfront.net\/2016\/08\/22191254\/ALERJ.png\" \/>\n\t<meta property=\"og:image:width\" content=\"1049\" \/>\n\t<meta property=\"og:image:height\" content=\"1049\" \/>\n\t<meta property=\"og:image:type\" content=\"image\/png\" \/>\n<meta name=\"author\" content=\"Fl\u00e1via Soares\" \/>\n<meta name=\"twitter:card\" content=\"summary_large_image\" \/>\n<meta name=\"twitter:creator\" content=\"@EstratConcursos\" \/>\n<meta name=\"twitter:site\" content=\"@EstratConcursos\" \/>\n<meta name=\"twitter:label1\" content=\"Escrito por\" \/>\n\t<meta name=\"twitter:data1\" content=\"Fl\u00e1via Soares\" \/>\n\t<meta name=\"twitter:label2\" content=\"Est. tempo de leitura\" \/>\n\t<meta name=\"twitter:data2\" content=\"2 minutos\" \/>\n<script type=\"application\/ld+json\" class=\"yoast-schema-graph\">{\"@context\":\"https:\/\/schema.org\",\"@graph\":[{\"@type\":\"NewsArticle\",\"@id\":\"https:\/\/www.estrategiaconcursos.com.br\/blog\/concursos-ti-rio-janeiro\/#article\",\"isPartOf\":{\"@id\":\"https:\/\/www.estrategiaconcursos.com.br\/blog\/concursos-ti-rio-janeiro\/\"},\"author\":{\"name\":\"Fl\u00e1via Soares\",\"@id\":\"https:\/\/www.estrategiaconcursos.com.br\/blog\/#\/schema\/person\/20cd606cad6ca22574955ae6a0f271cb\"},\"headline\":\"Concursos de TI no Rio de Janeiro: o que teremos em breve?\",\"datePublished\":\"2016-08-23T16:39:27+00:00\",\"mainEntityOfPage\":{\"@id\":\"https:\/\/www.estrategiaconcursos.com.br\/blog\/concursos-ti-rio-janeiro\/\"},\"wordCount\":478,\"commentCount\":6,\"publisher\":{\"@id\":\"https:\/\/www.estrategiaconcursos.com.br\/blog\/#organization\"},\"image\":{\"@id\":\"https:\/\/www.estrategiaconcursos.com.br\/blog\/concursos-ti-rio-janeiro\/#primaryimage\"},\"thumbnailUrl\":\"https:\/\/dhg1h5j42swfq.cloudfront.net\/2016\/08\/22191254\/ALERJ.png\",\"keywords\":[\"Rio de Janeiro\",\"Tecnologia da Informa\u00e7\u00e3o\"],\"articleSection\":[\"Tribunais\"],\"inLanguage\":\"pt-BR\",\"potentialAction\":[{\"@type\":\"CommentAction\",\"name\":\"Comment\",\"target\":[\"https:\/\/www.estrategiaconcursos.com.br\/blog\/concursos-ti-rio-janeiro\/#respond\"]}],\"copyrightYear\":\"2016\",\"copyrightHolder\":{\"@id\":\"https:\/\/www.estrategiaconcursos.com.br\/blog\/#organization\"}},{\"@type\":\"WebPage\",\"@id\":\"https:\/\/www.estrategiaconcursos.com.br\/blog\/concursos-ti-rio-janeiro\/\",\"url\":\"https:\/\/www.estrategiaconcursos.com.br\/blog\/concursos-ti-rio-janeiro\/\",\"name\":\"Concursos de TI no Rio de Janeiro: o que teremos em breve?\",\"isPartOf\":{\"@id\":\"https:\/\/www.estrategiaconcursos.com.br\/blog\/#website\"},\"primaryImageOfPage\":{\"@id\":\"https:\/\/www.estrategiaconcursos.com.br\/blog\/concursos-ti-rio-janeiro\/#primaryimage\"},\"image\":{\"@id\":\"https:\/\/www.estrategiaconcursos.com.br\/blog\/concursos-ti-rio-janeiro\/#primaryimage\"},\"thumbnailUrl\":\"https:\/\/dhg1h5j42swfq.cloudfront.net\/2016\/08\/22191254\/ALERJ.png\",\"datePublished\":\"2016-08-23T16:39:27+00:00\",\"description\":\"Ol\u00e1 pessoal! Estou escrevendo hoje sobre as perspectivas de concursos de TI para quem quer trabalhar na Cidade Maravilhosa!\",\"breadcrumb\":{\"@id\":\"https:\/\/www.estrategiaconcursos.com.br\/blog\/concursos-ti-rio-janeiro\/#breadcrumb\"},\"inLanguage\":\"pt-BR\",\"potentialAction\":[{\"@type\":\"ReadAction\",\"target\":[\"https:\/\/www.estrategiaconcursos.com.br\/blog\/concursos-ti-rio-janeiro\/\"]}]},{\"@type\":\"ImageObject\",\"inLanguage\":\"pt-BR\",\"@id\":\"https:\/\/www.estrategiaconcursos.com.br\/blog\/concursos-ti-rio-janeiro\/#primaryimage\",\"url\":\"https:\/\/dhg1h5j42swfq.cloudfront.net\/2016\/08\/22191254\/ALERJ.png\",\"contentUrl\":\"https:\/\/dhg1h5j42swfq.cloudfront.net\/2016\/08\/22191254\/ALERJ.png\",\"width\":1049,\"height\":1049},{\"@type\":\"BreadcrumbList\",\"@id\":\"https:\/\/www.estrategiaconcursos.com.br\/blog\/concursos-ti-rio-janeiro\/#breadcrumb\",\"itemListElement\":[{\"@type\":\"ListItem\",\"position\":1,\"name\":\"In\u00edcio\",\"item\":\"https:\/\/www.estrategiaconcursos.com.br\/blog\/\"},{\"@type\":\"ListItem\",\"position\":2,\"name\":\"Concursos de TI no Rio de Janeiro: o que teremos em breve?\"}]},{\"@type\":\"WebSite\",\"@id\":\"https:\/\/www.estrategiaconcursos.com.br\/blog\/#website\",\"url\":\"https:\/\/www.estrategiaconcursos.com.br\/blog\/\",\"name\":\"Estrat\u00e9gia Concursos\",\"description\":\"O blog da Estrat\u00e9gia Concursos traz not\u00edcias sobre concursos e artigos de professores oferecendo cursos para concursos (pdf + videaulas) no site.\",\"publisher\":{\"@id\":\"https:\/\/www.estrategiaconcursos.com.br\/blog\/#organization\"},\"potentialAction\":[{\"@type\":\"SearchAction\",\"target\":{\"@type\":\"EntryPoint\",\"urlTemplate\":\"https:\/\/www.estrategiaconcursos.com.br\/blog\/?s={search_term_string}\"},\"query-input\":{\"@type\":\"PropertyValueSpecification\",\"valueRequired\":true,\"valueName\":\"search_term_string\"}}],\"inLanguage\":\"pt-BR\"},{\"@type\":\"Organization\",\"@id\":\"https:\/\/www.estrategiaconcursos.com.br\/blog\/#organization\",\"name\":\"Estrat\u00e9gia Concursos\",\"url\":\"https:\/\/www.estrategiaconcursos.com.br\/blog\/\",\"logo\":{\"@type\":\"ImageObject\",\"inLanguage\":\"pt-BR\",\"@id\":\"https:\/\/www.estrategiaconcursos.com.br\/blog\/#\/schema\/logo\/image\/\",\"url\":\"https:\/\/dhg1h5j42swfq.cloudfront.net\/2025\/06\/03203428\/logo_concursos-1.jpg\",\"contentUrl\":\"https:\/\/dhg1h5j42swfq.cloudfront.net\/2025\/06\/03203428\/logo_concursos-1.jpg\",\"width\":230,\"height\":60,\"caption\":\"Estrat\u00e9gia Concursos\"},\"image\":{\"@id\":\"https:\/\/www.estrategiaconcursos.com.br\/blog\/#\/schema\/logo\/image\/\"},\"sameAs\":[\"https:\/\/x.com\/EstratConcursos\"]},{\"@type\":\"Person\",\"@id\":\"https:\/\/www.estrategiaconcursos.com.br\/blog\/#\/schema\/person\/20cd606cad6ca22574955ae6a0f271cb\",\"name\":\"Fl\u00e1via Soares\",\"image\":{\"@type\":\"ImageObject\",\"inLanguage\":\"pt-BR\",\"@id\":\"https:\/\/secure.gravatar.com\/avatar\/b14544a898331216051b152c60f01496ebfd3d6c18d2a3311b7db311e62117c8?s=96&d=mm&r=g\",\"url\":\"https:\/\/secure.gravatar.com\/avatar\/b14544a898331216051b152c60f01496ebfd3d6c18d2a3311b7db311e62117c8?s=96&d=mm&r=g\",\"contentUrl\":\"https:\/\/secure.gravatar.com\/avatar\/b14544a898331216051b152c60f01496ebfd3d6c18d2a3311b7db311e62117c8?s=96&d=mm&r=g\",\"caption\":\"Fl\u00e1via Soares\"},\"sameAs\":[\"https:\/\/www.facebook.com\/coachflaviasoares\"],\"url\":\"https:\/\/www.estrategiaconcursos.com.br\/blog\/author\/flaviasoaresestrategiaconcursos-com-br\/\"}]}<\/script>\n<!-- \/ Yoast SEO Premium plugin. -->","yoast_head_json":{"title":"Concursos de TI no Rio de Janeiro: o que teremos em breve?","description":"Ol\u00e1 pessoal! Estou escrevendo hoje sobre as perspectivas de concursos de TI para quem quer trabalhar na Cidade Maravilhosa!","robots":{"index":"index","follow":"follow","max-snippet":"max-snippet:-1","max-image-preview":"max-image-preview:large","max-video-preview":"max-video-preview:-1"},"canonical":"https:\/\/www.estrategiaconcursos.com.br\/blog\/concursos-ti-rio-janeiro\/","og_locale":"pt_BR","og_type":"article","og_title":"Concursos de TI no Rio de Janeiro: o que teremos em breve?","og_description":"Ol\u00e1 pessoal! Estou escrevendo hoje sobre as perspectivas de concursos de TI para quem quer trabalhar na Cidade Maravilhosa!","og_url":"https:\/\/www.estrategiaconcursos.com.br\/blog\/concursos-ti-rio-janeiro\/","og_site_name":"Estrat\u00e9gia Concursos","article_author":"https:\/\/www.facebook.com\/coachflaviasoares","article_published_time":"2016-08-23T16:39:27+00:00","og_image":[{"width":1049,"height":1049,"url":"https:\/\/dhg1h5j42swfq.cloudfront.net\/2016\/08\/22191254\/ALERJ.png","type":"image\/png"}],"author":"Fl\u00e1via Soares","twitter_card":"summary_large_image","twitter_creator":"@EstratConcursos","twitter_site":"@EstratConcursos","twitter_misc":{"Escrito por":"Fl\u00e1via Soares","Est. tempo de leitura":"2 minutos"},"schema":{"@context":"https:\/\/schema.org","@graph":[{"@type":"NewsArticle","@id":"https:\/\/www.estrategiaconcursos.com.br\/blog\/concursos-ti-rio-janeiro\/#article","isPartOf":{"@id":"https:\/\/www.estrategiaconcursos.com.br\/blog\/concursos-ti-rio-janeiro\/"},"author":{"name":"Fl\u00e1via Soares","@id":"https:\/\/www.estrategiaconcursos.com.br\/blog\/#\/schema\/person\/20cd606cad6ca22574955ae6a0f271cb"},"headline":"Concursos de TI no Rio de Janeiro: o que teremos em breve?","datePublished":"2016-08-23T16:39:27+00:00","mainEntityOfPage":{"@id":"https:\/\/www.estrategiaconcursos.com.br\/blog\/concursos-ti-rio-janeiro\/"},"wordCount":478,"commentCount":6,"publisher":{"@id":"https:\/\/www.estrategiaconcursos.com.br\/blog\/#organization"},"image":{"@id":"https:\/\/www.estrategiaconcursos.com.br\/blog\/concursos-ti-rio-janeiro\/#primaryimage"},"thumbnailUrl":"https:\/\/dhg1h5j42swfq.cloudfront.net\/2016\/08\/22191254\/ALERJ.png","keywords":["Rio de Janeiro","Tecnologia da Informa\u00e7\u00e3o"],"articleSection":["Tribunais"],"inLanguage":"pt-BR","potentialAction":[{"@type":"CommentAction","name":"Comment","target":["https:\/\/www.estrategiaconcursos.com.br\/blog\/concursos-ti-rio-janeiro\/#respond"]}],"copyrightYear":"2016","copyrightHolder":{"@id":"https:\/\/www.estrategiaconcursos.com.br\/blog\/#organization"}},{"@type":"WebPage","@id":"https:\/\/www.estrategiaconcursos.com.br\/blog\/concursos-ti-rio-janeiro\/","url":"https:\/\/www.estrategiaconcursos.com.br\/blog\/concursos-ti-rio-janeiro\/","name":"Concursos de TI no Rio de Janeiro: o que teremos em breve?","isPartOf":{"@id":"https:\/\/www.estrategiaconcursos.com.br\/blog\/#website"},"primaryImageOfPage":{"@id":"https:\/\/www.estrategiaconcursos.com.br\/blog\/concursos-ti-rio-janeiro\/#primaryimage"},"image":{"@id":"https:\/\/www.estrategiaconcursos.com.br\/blog\/concursos-ti-rio-janeiro\/#primaryimage"},"thumbnailUrl":"https:\/\/dhg1h5j42swfq.cloudfront.net\/2016\/08\/22191254\/ALERJ.png","datePublished":"2016-08-23T16:39:27+00:00","description":"Ol\u00e1 pessoal! Estou escrevendo hoje sobre as perspectivas de concursos de TI para quem quer trabalhar na Cidade Maravilhosa!","breadcrumb":{"@id":"https:\/\/www.estrategiaconcursos.com.br\/blog\/concursos-ti-rio-janeiro\/#breadcrumb"},"inLanguage":"pt-BR","potentialAction":[{"@type":"ReadAction","target":["https:\/\/www.estrategiaconcursos.com.br\/blog\/concursos-ti-rio-janeiro\/"]}]},{"@type":"ImageObject","inLanguage":"pt-BR","@id":"https:\/\/www.estrategiaconcursos.com.br\/blog\/concursos-ti-rio-janeiro\/#primaryimage","url":"https:\/\/dhg1h5j42swfq.cloudfront.net\/2016\/08\/22191254\/ALERJ.png","contentUrl":"https:\/\/dhg1h5j42swfq.cloudfront.net\/2016\/08\/22191254\/ALERJ.png","width":1049,"height":1049},{"@type":"BreadcrumbList","@id":"https:\/\/www.estrategiaconcursos.com.br\/blog\/concursos-ti-rio-janeiro\/#breadcrumb","itemListElement":[{"@type":"ListItem","position":1,"name":"In\u00edcio","item":"https:\/\/www.estrategiaconcursos.com.br\/blog\/"},{"@type":"ListItem","position":2,"name":"Concursos de TI no Rio de Janeiro: o que teremos em breve?"}]},{"@type":"WebSite","@id":"https:\/\/www.estrategiaconcursos.com.br\/blog\/#website","url":"https:\/\/www.estrategiaconcursos.com.br\/blog\/","name":"Estrat\u00e9gia Concursos","description":"O blog da Estrat\u00e9gia Concursos traz not\u00edcias sobre concursos e artigos de professores oferecendo cursos para concursos (pdf + videaulas) no site.","publisher":{"@id":"https:\/\/www.estrategiaconcursos.com.br\/blog\/#organization"},"potentialAction":[{"@type":"SearchAction","target":{"@type":"EntryPoint","urlTemplate":"https:\/\/www.estrategiaconcursos.com.br\/blog\/?s={search_term_string}"},"query-input":{"@type":"PropertyValueSpecification","valueRequired":true,"valueName":"search_term_string"}}],"inLanguage":"pt-BR"},{"@type":"Organization","@id":"https:\/\/www.estrategiaconcursos.com.br\/blog\/#organization","name":"Estrat\u00e9gia Concursos","url":"https:\/\/www.estrategiaconcursos.com.br\/blog\/","logo":{"@type":"ImageObject","inLanguage":"pt-BR","@id":"https:\/\/www.estrategiaconcursos.com.br\/blog\/#\/schema\/logo\/image\/","url":"https:\/\/dhg1h5j42swfq.cloudfront.net\/2025\/06\/03203428\/logo_concursos-1.jpg","contentUrl":"https:\/\/dhg1h5j42swfq.cloudfront.net\/2025\/06\/03203428\/logo_concursos-1.jpg","width":230,"height":60,"caption":"Estrat\u00e9gia Concursos"},"image":{"@id":"https:\/\/www.estrategiaconcursos.com.br\/blog\/#\/schema\/logo\/image\/"},"sameAs":["https:\/\/x.com\/EstratConcursos"]},{"@type":"Person","@id":"https:\/\/www.estrategiaconcursos.com.br\/blog\/#\/schema\/person\/20cd606cad6ca22574955ae6a0f271cb","name":"Fl\u00e1via Soares","image":{"@type":"ImageObject","inLanguage":"pt-BR","@id":"https:\/\/secure.gravatar.com\/avatar\/b14544a898331216051b152c60f01496ebfd3d6c18d2a3311b7db311e62117c8?s=96&d=mm&r=g","url":"https:\/\/secure.gravatar.com\/avatar\/b14544a898331216051b152c60f01496ebfd3d6c18d2a3311b7db311e62117c8?s=96&d=mm&r=g","contentUrl":"https:\/\/secure.gravatar.com\/avatar\/b14544a898331216051b152c60f01496ebfd3d6c18d2a3311b7db311e62117c8?s=96&d=mm&r=g","caption":"Fl\u00e1via Soares"},"sameAs":["https:\/\/www.facebook.com\/coachflaviasoares"],"url":"https:\/\/www.estrategiaconcursos.com.br\/blog\/author\/flaviasoaresestrategiaconcursos-com-br\/"}]}},"_links":{"self":[{"href":"https:\/\/www.estrategiaconcursos.com.br\/blog\/wp-json\/wp\/v2\/posts\/46799","targetHints":{"allow":["GET"]}}],"collection":[{"href":"https:\/\/www.estrategiaconcursos.com.br\/blog\/wp-json\/wp\/v2\/posts"}],"about":[{"href":"https:\/\/www.estrategiaconcursos.com.br\/blog\/wp-json\/wp\/v2\/types\/post"}],"author":[{"embeddable":true,"href":"https:\/\/www.estrategiaconcursos.com.br\/blog\/wp-json\/wp\/v2\/users\/252"}],"replies":[{"embeddable":true,"href":"https:\/\/www.estrategiaconcursos.com.br\/blog\/wp-json\/wp\/v2\/comments?post=46799"}],"version-history":[{"count":17,"href":"https:\/\/www.estrategiaconcursos.com.br\/blog\/wp-json\/wp\/v2\/posts\/46799\/revisions"}],"predecessor-version":[{"id":46954,"href":"https:\/\/www.estrategiaconcursos.com.br\/blog\/wp-json\/wp\/v2\/posts\/46799\/revisions\/46954"}],"wp:featuredmedia":[{"embeddable":true,"href":"https:\/\/www.estrategiaconcursos.com.br\/blog\/wp-json\/wp\/v2\/media\/46802"}],"wp:attachment":[{"href":"https:\/\/www.estrategiaconcursos.com.br\/blog\/wp-json\/wp\/v2\/media?parent=46799"}],"wp:term":[{"taxonomy":"category","embeddable":true,"href":"https:\/\/www.estrategiaconcursos.com.br\/blog\/wp-json\/wp\/v2\/categories?post=46799"},{"taxonomy":"post_tag","embeddable":true,"href":"https:\/\/www.estrategiaconcursos.com.br\/blog\/wp-json\/wp\/v2\/tags?post=46799"},{"taxonomy":"tax_estado","embeddable":true,"href":"https:\/\/www.estrategiaconcursos.com.br\/blog\/wp-json\/wp\/v2\/tax_estado?post=46799"}],"curies":[{"name":"wp","href":"https:\/\/api.w.org\/{rel}","templated":true}]}}