{"id":467645,"date":"2026-04-02T20:29:00","date_gmt":"2026-04-02T23:29:00","guid":{"rendered":"https:\/\/www.estrategiaconcursos.com.br\/blog\/?p=467645"},"modified":"2026-04-03T09:30:08","modified_gmt":"2026-04-03T12:30:08","slug":"concurso-semec-belem","status":"publish","type":"post","link":"https:\/\/www.estrategiaconcursos.com.br\/blog\/concurso-semec-belem\/","title":{"rendered":"Concurso SEMEC Bel\u00e9m aderiu \u00e0 PND!"},"content":{"rendered":"\n<p>A <a href=\"https:\/\/www.estrategiaconcursos.com.br\/cursos\/concurso\/\" target=\"_blank\" rel=\"noreferrer noopener\">Secretaria Municipal de Educa\u00e7\u00e3o <\/a> (Semec) deriu \u00e0\u00a0<strong>Prova Nacional Docente (PND)<\/strong>\u00a0como etapa dos concursos p\u00fablicos e processos seletivos.<\/p>\n\n\n\n<p>O \u00faltimo edital foi publicado em 2020 e <a href=\"https:\/\/arquivos-site.aocp.com.br\/publicacoes\/ed_homologacao_semec.pdf\" target=\"_blank\" rel=\"noreferrer noopener\">homologado<\/a> em abril de 2022, seguindo vigente at\u00e9 abril de 2026. Ap\u00f3s o fim da vig\u00eancia, um novo edital para efetivos poder\u00e1 ser publicado.<\/p>\n\n\n\n<p>Registros da pr\u00f3pria<a href=\"https:\/\/educacao.belem.pa.gov.br\/prefeitura-de-belem-convoca-128-aprovados-no-concurso-publico-002-2020-para-a-area-de-educacao\/\" target=\"_blank\" rel=\"noreferrer noopener\"> Prefeitura<\/a> apontam que mais de  j\u00e1 foram convocados mais de 670 aprovados, entre professores e t\u00e9cnicos na \u00e1rea de educa\u00e7\u00e3o. <\/p>\n\n\n\n<ul class=\"wp-block-list\">\n<li><strong>Concurso SEMEC Bel\u00e9m<\/strong><\/li>\n\n\n\n<li><strong>Status:<\/strong>\u00a0nomea\u00e7\u00f5es em andamento<\/li>\n\n\n\n<li><strong>Banca<\/strong>: AOCP <\/li>\n\n\n\n<li><strong>Vagas:<\/strong>\u00a0379<\/li>\n\n\n\n<li><strong>Sal\u00e1rio inicial:<\/strong>\u00a0R$ 2.723,48\u00a0\/ R$ 3.514,16\u00a0<\/li>\n<\/ul>\n\n\n\n<div class=\"container\" id=\"boxes\">\n  <div class=\"row\">\n\n    <div class=\"col-sm\">\n      <div class=\"banner-estrategia\" id=\"box-assinatura\">\n        <h3 class=\"titulo-assinatura\">Concurso SEMEC Bel\u00e9m<\/h3>\n        <p class=\"subtitulo-assinatura\">Conhe\u00e7a os cursos<\/p>\n        <div class=\"box-botao\">\n          <a class=\"btn-assinatura\" target=\"_blank\" href=\"https:\/\/www.estrategiaconcursos.com.br\/cursos\/concurso\/\" role=\"button\" rel=\"noopener noreferrer\">Conhe\u00e7a mais<\/a>\n        <\/div>\n      <\/div>\n      <p class=\"texto-auxiliar\">Prepare-se com o melhor material e com quem mais aprova em Concursos P\u00fablicos em todo o pa\u00eds.<\/p>\n    <\/div>\n\n  <\/div>\n<\/div>\n\n\n\n<ul id=\"indice\" class=\"wp-block-list\">\n<li><a href=\"#vagas-concurso-semec-belem\"><strong>Quadro de vagas<\/strong><\/a><\/li>\n\n\n\n<li><a href=\"#requisitos-concurso-semec-belem\"><strong>Requisitos dos cargos<\/strong><\/a><\/li>\n\n\n\n<li><a href=\"#provas-semec-belem\"><strong>Provas<\/strong><\/a><\/li>\n\n\n\n<li><strong><a href=\"#titulos-semec-belem\">Avalia\u00e7\u00e3o de T\u00edtulos<\/a><\/strong><\/li>\n\n\n\n<li><a href=\"#\u00faltimo\"><strong>\u00daltimo concurso<\/strong><\/a><\/li>\n\n\n\n<li><strong><a href=\"#artigos\">Artigos<\/a><\/strong><\/li>\n\n\n\n<li><strong><a href=\"#cursos-assinatura\">Cursos para a Semec Bel\u00e9m<\/a><\/strong><\/li>\n\n\n\n<li><strong><a href=\"#ficha-tecnica\">Ficha t\u00e9cnica do concurso<\/a><\/strong><\/li>\n<\/ul>\n\n\n\n<h2 class=\"wp-block-heading\" id=\"vagas-concurso-semec-belem\">Quadro de vagas do concurso SEMEC Bel\u00e9m 2020<\/h2>\n\n\n\n<figure class=\"wp-block-table is-style-stripes\"><table class=\"has-background has-fixed-layout\" style=\"background-color:#e7f5fe\"><tbody><tr><td class=\"has-text-align-center\" data-align=\"center\">Cargo&nbsp;<\/td><td class=\"has-text-align-center\" data-align=\"center\">Vagas Ampla <br \/>\n    Concorr\u00eancia&nbsp;<\/td><td class=\"has-text-align-center\" data-align=\"center\">Vagas <br \/>\n    PcD<sup>(2)&nbsp;<\/sup><\/td><td class=\"has-text-align-center\" data-align=\"center\">Remunera\u00e7\u00e3o <br \/>\n    Inicial<sup>(3)&nbsp;<\/sup><\/td><td class=\"has-text-align-center\" data-align=\"center\">Taxa de <br \/>\n    Inscri\u00e7\u00e3o&nbsp;<\/td><\/tr><tr><td class=\"has-text-align-center\" data-align=\"center\">PROFESSOR LICENCIADO PLENO \u2013 MAG.04:&nbsp; <br \/>\n    PEDAGOGIA \u2013 MAGIST\u00c9RIO PARA A EDUCA\u00c7\u00c3O&nbsp; <br \/>\n    INFANTIL E S\u00c9RIES INICIAIS DO ENSINO&nbsp; <br \/>\n    FUNDAMENTAL. \u00c1REA DE ATUA\u00c7\u00c3O: EDUCA\u00c7\u00c3O&nbsp; <br \/>\n    INFANTIL&nbsp;<\/td><td class=\"has-text-align-center\" data-align=\"center\">123 + CR&nbsp;<\/td><td class=\"has-text-align-center\" data-align=\"center\">7<\/td><td class=\"has-text-align-center\" data-align=\"center\">R$ 2.723,48&nbsp;<\/td><td class=\"has-text-align-center\" data-align=\"center\">R$80,00&nbsp;<\/td><\/tr><tr><td class=\"has-text-align-center\" data-align=\"center\">PROFESSOR LICENCIADO PLENO \u2013 MAG.04:&nbsp; <br \/>\n    PEDAGOGIA \u2013 MAGIST\u00c9RIO PARA A EDUCA\u00c7\u00c3O&nbsp; <br \/>\n    INFANTIL E S\u00c9RIES INICIAIS DO ENSINO&nbsp; <br \/>\n    FUNDAMENTAL. \u00c1REA DE ATUA\u00c7\u00c3O: S\u00c9RIES\n  INICIAIS&nbsp; <br \/>\n    DO ENSINO FUNDAMENTAL E\/OU EDUCA\u00c7\u00c3O DE&nbsp; <br \/>\n    JOVENS E ADULTOS.&nbsp;<\/td><td class=\"has-text-align-center\" data-align=\"center\">88 + CR&nbsp;<\/td><td class=\"has-text-align-center\" data-align=\"center\">5<\/td><td class=\"has-text-align-center\" data-align=\"center\">R$ 2.723,48&nbsp;<\/td><td class=\"has-text-align-center\" data-align=\"center\">R$80,00&nbsp;<\/td><\/tr><tr><td class=\"has-text-align-center\" data-align=\"center\">PROFESSOR LICENCIADO PLENO \u2013 MAG.04: L\u00cdNGUA&nbsp; PORTUGUESA&nbsp;<\/td><td class=\"has-text-align-center\" data-align=\"center\">11 + CR&nbsp;<\/td><td class=\"has-text-align-center\" data-align=\"center\">1<\/td><td class=\"has-text-align-center\" data-align=\"center\">R$ 2.723,48&nbsp;<\/td><td class=\"has-text-align-center\" data-align=\"center\">R$80,00&nbsp;<\/td><\/tr><tr><td class=\"has-text-align-center\" data-align=\"center\">PROFESSOR LICENCIADO PLENO \u2013 MAG.04:&nbsp; MATEM\u00c1TICA&nbsp;<\/td><td class=\"has-text-align-center\" data-align=\"center\">17 + CR&nbsp;<\/td><td class=\"has-text-align-center\" data-align=\"center\">1<\/td><td class=\"has-text-align-center\" data-align=\"center\">R$ 2.723,48&nbsp;<\/td><td class=\"has-text-align-center\" data-align=\"center\">R$80,00&nbsp;<\/td><\/tr><tr><td class=\"has-text-align-center\" data-align=\"center\">PROFESSOR LICENCIADO PLENO \u2013 MAG.04: HIST\u00d3RIA&nbsp;<\/td><td class=\"has-text-align-center\" data-align=\"center\">4 + CR&nbsp;<\/td><td class=\"has-text-align-center\" data-align=\"center\">1<\/td><td class=\"has-text-align-center\" data-align=\"center\">R$ 2.723,48&nbsp;<\/td><td class=\"has-text-align-center\" data-align=\"center\">R$80,00&nbsp;<\/td><\/tr><tr><td class=\"has-text-align-center\" data-align=\"center\">PROFESSOR LICENCIADO PLENO \u2013 MAG.04:&nbsp; GEOGRAFIA&nbsp;<\/td><td class=\"has-text-align-center\" data-align=\"center\">10+CR&nbsp;<\/td><td class=\"has-text-align-center\" data-align=\"center\">1<\/td><td class=\"has-text-align-center\" data-align=\"center\">R$ 2.723,48&nbsp;<\/td><td class=\"has-text-align-center\" data-align=\"center\">R$80,00&nbsp;<\/td><\/tr><tr><td class=\"has-text-align-center\" data-align=\"center\">PROFESSOR LICENCIADO PLENO \u2013 MAG.04: INGL\u00caS&nbsp;<\/td><td class=\"has-text-align-center\" data-align=\"center\">7 + CR&nbsp;<\/td><td class=\"has-text-align-center\" data-align=\"center\">1<\/td><td class=\"has-text-align-center\" data-align=\"center\">R$ 2.723,48&nbsp;<\/td><td class=\"has-text-align-center\" data-align=\"center\">R$80,00&nbsp;<\/td><\/tr><tr><td class=\"has-text-align-center\" data-align=\"center\">PROFESSOR LICENCIADO PLENO \u2013 MAG.04: ARTES&nbsp; <br \/>\n    VISUAIS, M\u00daSICA, DAN\u00c7A, TEATRO OU EDUCA\u00c7\u00c3O&nbsp; <br \/>\n    ART\u00cdSTICA&nbsp;<\/td><td class=\"has-text-align-center\" data-align=\"center\">11 + CR&nbsp;<\/td><td class=\"has-text-align-center\" data-align=\"center\">1<\/td><td class=\"has-text-align-center\" data-align=\"center\">R$ 2.723,48&nbsp;<\/td><td class=\"has-text-align-center\" data-align=\"center\">R$80,00&nbsp;<\/td><\/tr><tr><td class=\"has-text-align-center\" data-align=\"center\">PROFESSOR LICENCIADO PLENO \u2013 MAG.04: CI\u00caNCIAS&nbsp;<\/td><td class=\"has-text-align-center\" data-align=\"center\">11 + CR&nbsp;<\/td><td class=\"has-text-align-center\" data-align=\"center\">1<\/td><td class=\"has-text-align-center\" data-align=\"center\">R$ 2.723,48&nbsp;<\/td><td class=\"has-text-align-center\" data-align=\"center\">R$80,00&nbsp;<\/td><\/tr><tr><td class=\"has-text-align-center\" data-align=\"center\">PROFESSOR LICENCIADO PLENO \u2013 MAG.04:&nbsp; EDUCA\u00c7\u00c3O\n  F\u00cdSICA&nbsp;<\/td><td class=\"has-text-align-center\" data-align=\"center\">12 + CR&nbsp;<\/td><td class=\"has-text-align-center\" data-align=\"center\">1<\/td><td class=\"has-text-align-center\" data-align=\"center\">R$ 2.723,48&nbsp;<\/td><td class=\"has-text-align-center\" data-align=\"center\">R$80,00&nbsp;<\/td><\/tr><tr><td class=\"has-text-align-center\" data-align=\"center\">T\u00c9CNICO PEDAG\u00d3GICO \u2013 MAG.08&nbsp;<\/td><td class=\"has-text-align-center\" data-align=\"center\">85 + CR&nbsp;<\/td><td class=\"has-text-align-center\" data-align=\"center\">5<\/td><td class=\"has-text-align-center\" data-align=\"center\">R$ 3.514,16&nbsp;<\/td><td class=\"has-text-align-center\" data-align=\"center\">R$80,00&nbsp;<\/td><\/tr><\/tbody><\/table><\/figure>\n\n\n\n<h2 class=\"wp-block-heading\" id=\"requisitos-concurso-semec-belem\">Requisitos dos cargos do concurso SEMEC Bel\u00e9m<\/h2>\n\n\n\n<p>Professor Licenciado Pleno \u2013 MAG.04: <em>Pedagogia \u2013 Magist\u00e9rio para a Educa\u00e7\u00e3o Infantil e S\u00e9ries Iniciais do Ensino Fundamental. \u00c1rea de Atua\u00e7\u00e3o: Educa\u00e7\u00e3o Infantil<\/em><\/p>\n\n\n\n<p><strong>Requisitos<\/strong>:  Licenciatura Plena em Pedagogia ou Forma\u00e7\u00e3o de Professores, com Habilita\u00e7\u00e3o em Magist\u00e9rio para a Educa\u00e7\u00e3o Infantil e S\u00e9ries Iniciais do Ensino Fundamental, devidamente reconhecido pelo MEC. <\/p>\n\n\n\n<p>Professor Licenciado Pleno \u2013 MAG.04: Pedagogia \u2013 <em>Magist\u00e9rio para a Educa\u00e7\u00e3o Infantil e S\u00e9ries Iniciais do Ensino Fundamental. \u00c1rea de Atua\u00e7\u00e3o: S\u00e9ries Iniciais do Ensino Fundamental e\/ou Educa\u00e7\u00e3o de Jovens e Adultos<\/em><\/p>\n\n\n\n<p><strong>Requisitos<\/strong>:  Curso Superior de Gradua\u00e7\u00e3o \u2013 Licenciatura Plena em Pedagogia ou Forma\u00e7\u00e3o de Professores, com Habilita\u00e7\u00e3o em Magist\u00e9rio para a Educa\u00e7\u00e3o Infantil e S\u00e9ries Iniciais do Ensino Fundamental, devidamente reconhecido pelo MEC <\/p>\n\n\n\n<p>Professor Licenciado Pleno \u2013 MAG.04: <em>L\u00edngua Portuguesa<\/em><\/p>\n\n\n\n<p><strong>Requisitos<\/strong>:   Curso Superior de Gradua\u00e7\u00e3o \u2013 Licenciatura Plena em Letras, devidamente reconhecido pelo MEC. <\/p>\n\n\n\n<p>Professor Licenciado Pleno \u2013 MAG.04:<em> Matem\u00e1tica<\/em><\/p>\n\n\n\n<p><strong>Requisitos<\/strong>:   Curso Superior de Gradua\u00e7\u00e3o \u2013 Licenciatura Plena em Matem\u00e1tica, devidamente reconhecido pelo MEC. <\/p>\n\n\n\n<p>Professor Licenciado Pleno \u2013 MAG.04: <em>Hist\u00f3ria<\/em><\/p>\n\n\n\n<p><strong>Requisitos: <\/strong> Curso Superior de Gradua\u00e7\u00e3o \u2013 Licenciatura Plena em Hist\u00f3ria, devidamente reconhecido pelo MEC <\/p>\n\n\n\n<p>Professor Licenciado Pleno \u2013 MAG.04 : <em>Geografia<\/em><\/p>\n\n\n\n<p><strong>Requisitos<\/strong>:  Curso Superior de Gradua\u00e7\u00e3o \u2013 Licenciatura Plena em Geografia, devidamente reconhecido pelo MEC <\/p>\n\n\n\n<p>Professor Licenciado Pleno \u2013 MAG.04: <em>Ingl\u00eas<\/em><\/p>\n\n\n\n<p><strong>Requisitos<\/strong>:  Curso Superior de Gradua\u00e7\u00e3o \u2013 Licenciatura Plena em Letras \u2013 Habilita\u00e7\u00e3o em L\u00edngua Inglesa, devidamente reconhecido pelo MEC. <\/p>\n\n\n\n<p>Professor Licenciado PLENO \u2013 MAG.04: <em>Artes Visuais, M\u00fasica, Dan\u00e7a, Teatro ou Educa\u00e7\u00e3o Art\u00edstica<\/em><\/p>\n\n\n\n<p><strong>Requisitos<\/strong>:  Curso Superior de Gradua\u00e7\u00e3o \u2013 Licenciatura Plena em Artes Visuais e Tecnologia da Imagem, M\u00fasica, Dan\u00e7a, Teatro ou Educa\u00e7\u00e3o Art\u00edstica, devidamente reconhecido pelo MEC. <\/p>\n\n\n\n<p>Professor Licenciado Pleno \u2013 MAG.04: <em>Ci\u00eancias <\/em><\/p>\n\n\n\n<p><strong>Requisitos<\/strong>:  Curso Superior de Gradua\u00e7\u00e3o \u2013 Licenciatura Plena em Ci\u00eancias Naturais, com habilita\u00e7\u00e3o em Biologia, ou Licenciatura Plena em Biologia, devidamente reconhecido pelo MEC <\/p>\n\n\n\n<p>Professor Licenciado Pleno \u2013 Mag.04:<em> Educa\u00e7\u00e3o F\u00edsica<\/em><\/p>\n\n\n\n<p><strong>Requisitos<\/strong>:  Curso Superior de Gradua\u00e7\u00e3o \u2013 Licenciatura Plena em Educa\u00e7\u00e3o F\u00edsica, devidamente reconhecido pelo MEC. Registro no Conselho de Classe da Categoria, conforme Lei n.\u00b0 9.696, de 1\u00ba de setembro de 1998. <\/p>\n\n\n\n<p>T\u00e9cnico Pedag\u00f3gico \u2013 MAG.08<\/p>\n\n\n\n<p><strong>Requisitos<\/strong>:   Curso Superior de Gradua\u00e7\u00e3o \u2013 Licenciatura Plena em Pedagogia, com habilita\u00e7\u00e3o em Administra\u00e7\u00e3o Escolar e\/ou Orienta\u00e7\u00e3o Educacional e\/ou Supervis\u00e3o Escolar, devidamente reconhecido pelo MEC. Registro no Conselho de Classe da Categoria, conforme Lei n.\u00b0 9.696, de 1\u00ba de setembro de 1998. <\/p>\n\n\n\n<h2 class=\"wp-block-heading\" id=\"provas-semec-belem\">Provas do concurso SEMEC Bel\u00e9m<\/h2>\n\n\n\n<p> A prova objetiva foi composta de 50 (cinquenta) quest\u00f5es distribu\u00eddas por \u00e1reas de conhecimento. Cada quest\u00e3o da prova objetiva teve 5 alternativas. A dura\u00e7\u00e3o m\u00e1xima das provas foi de <strong>4 horas<\/strong>.<\/p>\n\n\n\n<p> A Prova Discursiva foi realizada para todos os Cargos, juntamente \u00e0 prova objetiva. Esta etapa foi composta por 1 quest\u00e3o do programa de Conhecimentos Espec\u00edficos do edital<\/p>\n\n\n\n<h4 class=\"wp-block-heading\" id=\"tabela-de-provas-todos-os-cargos-exceto-403-professor-licenciado-pleno-mag-04-lingua-portuguesa\">Tabela de provas &#8211; Todos os cargos exceto 403 &#8211; Professor Licenciado Pleno \u2013 MAG.04: L\u00edngua Portuguesa<\/h4>\n\n\n\n<figure class=\"wp-block-table is-style-stripes\"><table class=\"has-background has-fixed-layout\" style=\"background-color:#e7f5fe\"><tbody><tr><td class=\"has-text-align-center\" data-align=\"center\">\n  FASE \n  <\/td><td class=\"has-text-align-center\" data-align=\"center\">\n  TIPO DE PROVA \n  <\/td><td class=\"has-text-align-center\" data-align=\"center\">\n  \u00c1REA DE CONHECIMENTO \n  <\/td><td class=\"has-text-align-center\" data-align=\"center\">\n  N\u00ba DE <br \/>\n  QUEST\u00d5ES \n  <\/td><td class=\"has-text-align-center\" data-align=\"center\">\n  VALOR POR <br \/>\n  QUEST\u00c3O <br \/>\n  (PONTOS) \n  <\/td><td class=\"has-text-align-center\" data-align=\"center\">\n  VALOR <br \/>\n  TOTAL <br \/>\n  (PONTOS) \n  <\/td><\/tr><tr><td class=\"has-text-align-center\" data-align=\"center\">\n  <strong>1\u00aa <\/strong>\n  <\/td><td class=\"has-text-align-center\" data-align=\"center\">\n  <strong>Objetiva <\/strong>\n  <\/td><td class=\"has-text-align-center\" data-align=\"center\">\n  L\u00edngua Portuguesa \n  <\/td><td class=\"has-text-align-center\" data-align=\"center\">\n  10\n  <\/td><td class=\"has-text-align-center\" data-align=\"center\">\n  3\n  <\/td><td class=\"has-text-align-center\" data-align=\"center\">\n  30\n  <\/td><\/tr><tr><td class=\"has-text-align-center\" data-align=\"center\"><\/td><td class=\"has-text-align-center\" data-align=\"center\"><\/td><td class=\"has-text-align-center\" data-align=\"center\">\n  Legisla\u00e7\u00e3o \n  <\/td><td class=\"has-text-align-center\" data-align=\"center\">\n  10\n  <\/td><td class=\"has-text-align-center\" data-align=\"center\">\n  4\n  <\/td><td class=\"has-text-align-center\" data-align=\"center\">\n  40\n  <\/td><\/tr><tr><td class=\"has-text-align-center\" data-align=\"center\"><\/td><td class=\"has-text-align-center\" data-align=\"center\"><\/td><td class=\"has-text-align-center\" data-align=\"center\">\n  No\u00e7\u00f5es de Inform\u00e1tica \n  <\/td><td class=\"has-text-align-center\" data-align=\"center\">\n  5\n  <\/td><td class=\"has-text-align-center\" data-align=\"center\">\n  1\n  <\/td><td class=\"has-text-align-center\" data-align=\"center\">\n  5\n  <\/td><\/tr><tr><td class=\"has-text-align-center\" data-align=\"center\"><\/td><td class=\"has-text-align-center\" data-align=\"center\"><\/td><td class=\"has-text-align-center\" data-align=\"center\">\n  Conhecimentos Espec\u00edficos \n  <\/td><td class=\"has-text-align-center\" data-align=\"center\">\n  25\n  <\/td><td class=\"has-text-align-center\" data-align=\"center\">\n  5\n  <\/td><td class=\"has-text-align-center\" data-align=\"center\">\n  125\n  <\/td><\/tr><tr><td class=\"has-text-align-center\" data-align=\"center\">\n  &#8211;\n  <\/td><td class=\"has-text-align-center\" data-align=\"center\">\n  &nbsp;&#8211;\n  <\/td><td class=\"has-text-align-center\" data-align=\"center\">\n  <strong>TOTAL DE QUEST\u00d5ES E PONTOS<\/strong>\n  <\/td><td class=\"has-text-align-center\" data-align=\"center\">\n  50\n  <\/td><td class=\"has-text-align-center\" data-align=\"center\">\n  &#8211;\n  <\/td><td class=\"has-text-align-center\" data-align=\"center\">\n  200\n  <\/td><\/tr><tr><td class=\"has-text-align-center\" data-align=\"center\">\n  <strong>2\u00aa <\/strong>\n  <\/td><td class=\"has-text-align-center\" data-align=\"center\">\n  <strong>Discursiva <\/strong>\n  <\/td><td class=\"has-text-align-center\" data-align=\"center\">\n  Conhecimentos espec\u00edficos\n  <\/td><td class=\"has-text-align-center\" data-align=\"center\">\n  1\n  <\/td><td class=\"has-text-align-center\" data-align=\"center\">\n  &#8211;\n  <\/td><td class=\"has-text-align-center\" data-align=\"center\">\n  20\n  <\/td><\/tr><tr><td class=\"has-text-align-center\" data-align=\"center\">\n  <strong>3\u00aa <\/strong>\n  <\/td><td class=\"has-text-align-center\" data-align=\"center\">\n  <strong>T\u00edtulos <\/strong>\n  <\/td><td class=\"has-text-align-center\" data-align=\"center\">\n  &#8211;\n  <\/td><td class=\"has-text-align-center\" data-align=\"center\">\n  &#8211;\n  <\/td><td class=\"has-text-align-center\" data-align=\"center\">\n  &#8211;\n  <\/td><td class=\"has-text-align-center\" data-align=\"center\">\n  20\n  <\/td><\/tr><tr><td class=\"has-text-align-center\" data-align=\"center\"><\/td><td class=\"has-text-align-center\" data-align=\"center\">   &nbsp;  <\/td><td class=\"has-text-align-center\" data-align=\"center\">\n  <strong>TOTAL M\u00c1XIMO DE PONTOS <\/strong>\n  <\/td><td class=\"has-text-align-center\" data-align=\"center\">\n  &#8211;\n  <\/td><td class=\"has-text-align-center\" data-align=\"center\">\n  &#8211; \n  <\/td><td class=\"has-text-align-center\" data-align=\"center\">\n  240\n  <\/td><\/tr><\/tbody><\/table><\/figure>\n\n\n\n<h4 class=\"wp-block-heading\" id=\"tabela-de-provas-professor-licenciado-pleno-mag-04-lingua-portuguesa\">Tabela de provas &#8211;  Professor Licenciado Pleno \u2013 MAG.04: L\u00edngua Portuguesa <\/h4>\n\n\n\n<figure class=\"wp-block-table is-style-stripes\"><table class=\"has-background has-fixed-layout\" style=\"background-color:#e7f5fe\"><tbody><tr><td class=\"has-text-align-center\" data-align=\"center\">FASE&nbsp;<\/td><td class=\"has-text-align-center\" data-align=\"center\">TIPO DE PROVA&nbsp;<\/td><td class=\"has-text-align-center\" data-align=\"center\">\u00c1REA DE CONHECIMENTO&nbsp;<\/td><td class=\"has-text-align-center\" data-align=\"center\">N\u00ba DE <br \/>\n    QUEST\u00d5ES&nbsp;<\/td><td class=\"has-text-align-center\" data-align=\"center\">VALOR POR <br \/>\n    QUEST\u00c3O <br \/>\n    (PONTOS)&nbsp;<\/td><td class=\"has-text-align-center\" data-align=\"center\">VALOR <br \/>\n    TOTAL <br \/>\n    (PONTOS)&nbsp;<\/td><\/tr><tr><td class=\"has-text-align-center\" data-align=\"center\"><strong>1\u00aa<\/strong>&nbsp;<\/td><td class=\"has-text-align-center\" data-align=\"center\"><strong>Objetiva&nbsp;<\/strong><\/td><td class=\"has-text-align-center\" data-align=\"center\">Atualidades&nbsp;<\/td><td class=\"has-text-align-center\" data-align=\"center\">10<\/td><td class=\"has-text-align-center\" data-align=\"center\">3<\/td><td class=\"has-text-align-center\" data-align=\"center\">30<\/td><\/tr><tr><td class=\"has-text-align-center\" data-align=\"center\">&nbsp;<\/td><td class=\"has-text-align-center\" data-align=\"center\">&nbsp;<\/td><td class=\"has-text-align-center\" data-align=\"center\">Legisla\u00e7\u00e3o&nbsp;<\/td><td class=\"has-text-align-center\" data-align=\"center\">10<\/td><td class=\"has-text-align-center\" data-align=\"center\">4<\/td><td class=\"has-text-align-center\" data-align=\"center\">40<\/td><\/tr><tr><td class=\"has-text-align-center\" data-align=\"center\">&nbsp;<\/td><td class=\"has-text-align-center\" data-align=\"center\">&nbsp;<\/td><td class=\"has-text-align-center\" data-align=\"center\">No\u00e7\u00f5es de Inform\u00e1tica&nbsp;<\/td><td class=\"has-text-align-center\" data-align=\"center\">5<\/td><td class=\"has-text-align-center\" data-align=\"center\">1<\/td><td class=\"has-text-align-center\" data-align=\"center\">5<\/td><\/tr><tr><td class=\"has-text-align-center\" data-align=\"center\">&nbsp;<\/td><td class=\"has-text-align-center\" data-align=\"center\">&nbsp;<\/td><td class=\"has-text-align-center\" data-align=\"center\">Conhecimentos Espec\u00edficos&nbsp;<\/td><td class=\"has-text-align-center\" data-align=\"center\">25<\/td><td class=\"has-text-align-center\" data-align=\"center\">5<\/td><td class=\"has-text-align-center\" data-align=\"center\">125<\/td><\/tr><tr><td class=\"has-text-align-center\" data-align=\"center\">&nbsp;<\/td><td class=\"has-text-align-center\" data-align=\"center\">&nbsp;<\/td><td class=\"has-text-align-center\" data-align=\"center\"><strong>TOTAL DE QUEST\u00d5ES E PONTOS&nbsp;<\/strong><\/td><td class=\"has-text-align-center\" data-align=\"center\">50<\/td><td class=\"has-text-align-center\" data-align=\"center\">&nbsp;&#8211;<\/td><td class=\"has-text-align-center\" data-align=\"center\">200<\/td><\/tr><tr><td class=\"has-text-align-center\" data-align=\"center\"><strong>2\u00aa&nbsp;<\/strong><\/td><td class=\"has-text-align-center\" data-align=\"center\"><strong>Discursiva<\/strong>&nbsp;<\/td><td class=\"has-text-align-center\" data-align=\"center\">De acordo com o item 12&nbsp;<\/td><td class=\"has-text-align-center\" data-align=\"center\">1<\/td><td class=\"has-text-align-center\" data-align=\"center\">&nbsp;&#8211;<\/td><td class=\"has-text-align-center\" data-align=\"center\">20<\/td><\/tr><tr><td class=\"has-text-align-center\" data-align=\"center\"><strong>3\u00aa&nbsp;<\/strong><\/td><td class=\"has-text-align-center\" data-align=\"center\"><strong>T\u00edtulos&nbsp;<\/strong><\/td><td class=\"has-text-align-center\" data-align=\"center\">De acordo com o item 13&nbsp;<\/td><td class=\"has-text-align-center\" data-align=\"center\">&nbsp;&#8211;<\/td><td class=\"has-text-align-center\" data-align=\"center\">&nbsp;&#8211;<\/td><td class=\"has-text-align-center\" data-align=\"center\">20<\/td><\/tr><tr><td class=\"has-text-align-center\" data-align=\"center\">&nbsp;<\/td><td class=\"has-text-align-center\" data-align=\"center\">&nbsp;<\/td><td class=\"has-text-align-center\" data-align=\"center\"><strong>TOTAL M\u00c1XIMO DE PONTOS&nbsp;<\/strong><\/td><td class=\"has-text-align-center\" data-align=\"center\">&nbsp;&#8211;<\/td><td class=\"has-text-align-center\" data-align=\"center\">&nbsp;&#8211;<\/td><td class=\"has-text-align-center\" data-align=\"center\">240<\/td><\/tr><\/tbody><\/table><\/figure>\n\n\n\n<h4 class=\"wp-block-heading\" id=\"notas-minimas-prova-objetiva\">Notas m\u00ednimas &#8211; prova objetiva<\/h4>\n\n\n\n<ul class=\"wp-block-list\">\n<li> Obter no m\u00ednimo 50% da pontua\u00e7\u00e3o m\u00e1xima poss\u00edvel para os cadernos de Conhecimentos Gerais, que engloba os cadernos de L\u00edngua Portuguesa (quando houver), Atualidades (quando houver), Legisla\u00e7\u00e3o e No\u00e7\u00f5es de Inform\u00e1tica e; <\/li>\n\n\n\n<li> Obter no m\u00ednimo 50% da pontua\u00e7\u00e3o m\u00e1xima poss\u00edvel para o caderno de Conhecimentos Espec\u00edficos. <\/li>\n<\/ul>\n\n\n\n<h4 class=\"wp-block-heading\" id=\"criterios-de-avaliacao-prova-discursiva\">Crit\u00e9rios de avalia\u00e7\u00e3o &#8211; prova discursiva<\/h4>\n\n\n\n<figure class=\"wp-block-table is-style-stripes\"><table class=\"has-background has-fixed-layout\" style=\"background-color:#e7f5fe\"><tbody><tr><td class=\"has-text-align-center\" data-align=\"center\">Aspectos:&nbsp;<\/td><td class=\"has-text-align-center\" data-align=\"center\">Descri\u00e7\u00e3o:&nbsp;<\/td><td class=\"has-text-align-center\" data-align=\"center\">Pontua\u00e7\u00e3o m\u00e1xima&nbsp;<\/td><\/tr><tr><td class=\"has-text-align-center\" data-align=\"center\">Atendimento ao tema&nbsp; proposto na\n  quest\u00e3o&nbsp;<\/td><td class=\"has-text-align-center\" data-align=\"center\">A resposta elaborada deve ser concernente ao tema proposto pela\n  quest\u00e3o discursiva.&nbsp;<\/td><td class=\"has-text-align-center\" data-align=\"center\">5<\/td><\/tr><tr><td class=\"has-text-align-center\" data-align=\"center\">Conhecimento t\u00e9cnico- <br \/>\n    cient\u00edfico sobre a&nbsp; <br \/>\n    mat\u00e9ria&nbsp;<\/td><td class=\"has-text-align-center\" data-align=\"center\">O candidato deve apresentar conhecimento te\u00f3rico e pr\u00e1tico a\n  respeito do assunto\/tema abordado pela quest\u00e3o,\n  demonstrando dom\u00ednio t\u00e9cnico e cient\u00edfico.&nbsp;<\/td><td class=\"has-text-align-center\" data-align=\"center\">5<\/td><\/tr><tr><td class=\"has-text-align-center\" data-align=\"center\">Clareza de&nbsp;\n  <br \/>\n    argumenta\u00e7\u00e3o\/senso&nbsp; <br \/>\n    cr\u00edtico em rela\u00e7\u00e3o ao&nbsp; <br \/>\n    tema proposto na&nbsp;\n  <br \/>\n    quest\u00e3o&nbsp;<\/td><td class=\"has-text-align-center\" data-align=\"center\">A argumenta\u00e7\u00e3o apresentada pelo candidato deve ser pertinente e\n  clara, capaz de convencer seu <br \/>\n    interlocutor a respeito do ponto de vista\n  defendido, al\u00e9m de demonstrar senso cr\u00edtico em rela\u00e7\u00e3o <br \/>\n    ao questionamento abordado pela quest\u00e3o\n  discursiva.&nbsp;<\/td><td class=\"has-text-align-center\" data-align=\"center\">5<\/td><\/tr><tr><td class=\"has-text-align-center\" data-align=\"center\">Utiliza\u00e7\u00e3o adequada da&nbsp;\n  <br \/>\n    L\u00edngua Portuguesa&nbsp;<\/td><td class=\"has-text-align-center\" data-align=\"center\">A resposta elaborada deve apresentar em sua estrutura textual:\n  uso adequado da ortografia, <br \/>\n    constitui\u00e7\u00e3o dos par\u00e1grafos conforme o assunto\n  abordado, estrutura\u00e7\u00e3o dos per\u00edodos no interior <br \/>\n    dos par\u00e1grafos (coer\u00eancia entre por\u00e7\u00f5es\n  textuais, rela\u00e7\u00e3o l\u00f3gica entre as ideias propostas, <br \/>\n    emprego adequado de articuladores no interior\n  das por\u00e7\u00f5es textuais). Caso o candidato tenha\n  obtido pontua\u00e7\u00e3o igual a 0 (zero) nos demais aspectos (1, 2 e 3), o <br \/>\n    de n\u00ba 4, de \u201cUtiliza\u00e7\u00e3o adequada da L\u00edngua\n  Portuguesa\u201d, tamb\u00e9m ser\u00e1 pontuado com nota 0 <br \/>\n    (zero).&nbsp;<\/td><td class=\"has-text-align-center\" data-align=\"center\">5<\/td><\/tr><tr><td class=\"has-text-align-center\" data-align=\"center\">&nbsp;<\/td><td class=\"has-text-align-center\" data-align=\"center\"><strong>TOTAL M\u00c1XIMO DE PONTOS DA PROVA DISCURSIVA&nbsp;<\/strong><\/td><td class=\"has-text-align-center\" data-align=\"center\">20<\/td><\/tr><\/tbody><\/table><\/figure>\n\n\n\n<h4 class=\"wp-block-heading\" id=\"pontuacao-minima-prova-discursiva\">Pontua\u00e7\u00e3o m\u00ednima &#8211; prova discursiva<\/h4>\n\n\n\n<ul class=\"wp-block-list\">\n<li> O candidato deveria obter no m\u00ednimo 50% do total da pontua\u00e7\u00e3o prevista para a prova discursiva, para n\u00e3o ser eliminado do concurso p\u00fablico. <\/li>\n<\/ul>\n\n\n\n<h4 class=\"wp-block-heading\" id=\"discursivas-corrigidas\">Discursivas corrigidas<\/h4>\n\n\n\n<figure class=\"wp-block-table is-style-stripes\"><table class=\"has-background has-fixed-layout\" style=\"background-color:#e7f5fe\"><tbody><tr><td class=\"has-text-align-center\" data-align=\"center\">Cargo&nbsp;<\/td><td class=\"has-text-align-center\" data-align=\"center\">Classifica\u00e7\u00e3o para <br \/>\n    corre\u00e7\u00e3o da Prova <br \/>\n    Discursiva&nbsp;<\/td><\/tr><tr><td class=\"has-text-align-center\" data-align=\"center\">PROFESSOR LICENCIADO PLENO \u2013 MAG.04:\n  PEDAGOGIA \u2013 MAGIST\u00c9RIO PARA A EDUCA\u00c7\u00c3O INFANTIL E&nbsp; S\u00c9RIES INICIAIS\n  DO ENSINO FUNDAMENTAL. \u00c1REA DE ATUA\u00c7\u00c3O: EDUCA\u00c7\u00c3O INFANTIL&nbsp;<\/td><td class=\"has-text-align-center\" data-align=\"center\">1300<\/td><\/tr><tr><td class=\"has-text-align-center\" data-align=\"center\">PROFESSOR LICENCIADO PLENO \u2013 MAG.04:\n  PEDAGOGIA \u2013 MAGIST\u00c9RIO PARA A EDUCA\u00c7\u00c3O INFANTIL E&nbsp; <br \/>\n    S\u00c9RIES INICIAIS DO ENSINO FUNDAMENTAL. \u00c1REA DE\n  ATUA\u00c7\u00c3O: S\u00c9RIES INICIAIS DO ENSINO&nbsp;\n  <br \/>\n    FUNDAMENTAL E\/OU EDUCA\u00c7\u00c3O DE JOVENS E\n  ADULTOS.&nbsp;<\/td><td class=\"has-text-align-center\" data-align=\"center\">930<\/td><\/tr><tr><td class=\"has-text-align-center\" data-align=\"center\">PROFESSOR LICENCIADO PLENO \u2013 MAG.04: L\u00cdNGUA\n  PORTUGUESA&nbsp;<\/td><td class=\"has-text-align-center\" data-align=\"center\">120<\/td><\/tr><tr><td class=\"has-text-align-center\" data-align=\"center\">PROFESSOR LICENCIADO PLENO \u2013 MAG.04:\n  MATEM\u00c1TICA&nbsp;<\/td><td class=\"has-text-align-center\" data-align=\"center\">190<\/td><\/tr><tr><td class=\"has-text-align-center\" data-align=\"center\">PROFESSOR LICENCIADO PLENO \u2013 MAG.04:\n  HIST\u00d3RIA&nbsp;<\/td><td class=\"has-text-align-center\" data-align=\"center\">50<\/td><\/tr><tr><td class=\"has-text-align-center\" data-align=\"center\">PROFESSOR LICENCIADO PLENO \u2013 MAG.04 :\n  GEOGRAFIA&nbsp;<\/td><td class=\"has-text-align-center\" data-align=\"center\">110<\/td><\/tr><tr><td class=\"has-text-align-center\" data-align=\"center\">PROFESSOR LICENCIADO PLENO \u2013 MAG.04:\n  INGL\u00caS&nbsp;<\/td><td class=\"has-text-align-center\" data-align=\"center\">80<\/td><\/tr><tr><td class=\"has-text-align-center\" data-align=\"center\">PROFESSOR LICENCIADO PLENO \u2013 MAG.04: ARTES\n  VISUAIS, M\u00daSICA, DAN\u00c7A, TEATRO OU EDUCA\u00c7\u00c3O&nbsp;\n  ART\u00cdSTICA&nbsp;<\/td><td class=\"has-text-align-center\" data-align=\"center\">120<\/td><\/tr><tr><td class=\"has-text-align-center\" data-align=\"center\">PROFESSOR LICENCIADO PLENO \u2013 MAG.04:\n  CI\u00caNCIAS&nbsp;<\/td><td class=\"has-text-align-center\" data-align=\"center\">120<\/td><\/tr><tr><td class=\"has-text-align-center\" data-align=\"center\">PROFESSOR LICENCIADO PLENO \u2013 MAG.04:\n  EDUCA\u00c7\u00c3O F\u00cdSICA&nbsp;<\/td><td class=\"has-text-align-center\" data-align=\"center\">130<\/td><\/tr><tr><td class=\"has-text-align-center\" data-align=\"center\">T\u00c9CNICO PEDAG\u00d3GICO \u2013 MAG.08&nbsp;<\/td><td class=\"has-text-align-center\" data-align=\"center\">900<\/td><\/tr><\/tbody><\/table><\/figure>\n\n\n\n<h2 class=\"wp-block-heading\" id=\"titulos-semec-belem\">Concurso SEMEC Bel\u00e9m: Avalia\u00e7\u00e3o de T\u00edtulos<\/h2>\n\n\n\n<figure class=\"wp-block-table is-style-stripes\"><table class=\"has-background has-fixed-layout\" style=\"background-color:#e7f5fe\"><tbody><tr><td class=\"has-text-align-center\" data-align=\"center\">ITEM&nbsp;<\/td><td class=\"has-text-align-center\" data-align=\"center\">T\u00cdTULOS&nbsp;<\/td><td class=\"has-text-align-center\" data-align=\"center\">PONTOS&nbsp;<\/td><td class=\"has-text-align-center\" data-align=\"center\">PONTUA\u00c7\u00c3O <br \/>\n    M\u00c1XIMA&nbsp;<\/td><\/tr><tr><td class=\"has-text-align-center\" data-align=\"center\">1<\/td><td class=\"has-text-align-center\" data-align=\"center\">Diploma de curso de p\u00f3s-gradua\u00e7\u00e3o em n\u00edvel de doutorado (t\u00edtulo de doutor) na \u00e1rea do cargo a que <br \/>\n    concorre. Tamb\u00e9m ser\u00e1\n  aceito certificado\/declara\u00e7\u00e3o de conclus\u00e3o de curso de doutorado na \u00e1rea do\n  <br \/>\n    cargo a que concorre, desde que acompanhado de\n  hist\u00f3rico escolar.&nbsp;<\/td><td class=\"has-text-align-center\" data-align=\"center\">10 (por t\u00edtulo)&nbsp;<\/td><td class=\"has-text-align-center\" data-align=\"center\">10<\/td><\/tr><tr><td class=\"has-text-align-center\" data-align=\"center\">2<\/td><td class=\"has-text-align-center\" data-align=\"center\">Diploma de curso de p\u00f3s-gradua\u00e7\u00e3o em n\u00edvel de mestrado (t\u00edtulo de mestre) na \u00e1rea do cargo a que <br \/>\n    concorre. Tamb\u00e9m ser\u00e1\n  aceito certificado\/declara\u00e7\u00e3o de conclus\u00e3o de curso de mestrado na \u00e1rea do\n  <br \/>\n    cargo a que concorre, desde que acompanhado de\n  hist\u00f3rico escolar.&nbsp;<\/td><td class=\"has-text-align-center\" data-align=\"center\">6 (por t\u00edtulo)&nbsp;<\/td><td class=\"has-text-align-center\" data-align=\"center\">6<\/td><\/tr><tr><td class=\"has-text-align-center\" data-align=\"center\">3<\/td><td class=\"has-text-align-center\" data-align=\"center\">Certificado de curso de p\u00f3s-gradua\u00e7\u00e3o Lato\n  Sensu, com carga hor\u00e1ria m\u00ednima de 360 h\/a na <br \/>\n    \u00e1rea do cargo a que concorre. Tamb\u00e9m ser\u00e1 aceita a declara\u00e7\u00e3o de conclus\u00e3o de p\u00f3s- <br \/>\n    gradua\u00e7\u00e3o em n\u00edvel de especializa\u00e7\u00e3o na \u00e1rea do\n  cargo a que concorre, desde que <br \/>\n    acompanhada de hist\u00f3rico escolar.&nbsp;<\/td><td class=\"has-text-align-center\" data-align=\"center\">2 (por t\u00edtulo)&nbsp;<\/td><td class=\"has-text-align-center\" data-align=\"center\">4<\/td><\/tr><\/tbody><\/table><\/figure>\n\n\n\n<h2 class=\"wp-block-heading\" id=\"\u00faltimo\">\u00daltimo concurso SEMEC Bel\u00e9m<\/h2>\n\n\n\n<p>O \u00faltimo concurso SEMEC Bel\u00e9m aconteceu no ano de 2012. Foram ofertadas 1.187 vagas para cargos de n\u00edvel fundamental, m\u00e9dio e superior. A banca organizadora foi a CETAP.  <\/p>\n\n\n\n<h2 class=\"wp-block-heading has-text-align-center\" id=\"h-quer-saber-tudo-sobre-concursos-previstos-confira-nossos-artigos\">Quer saber tudo sobre concursos previstos?<br \/>Confira nossos artigos!<\/h2>\n\n\n\n<ul class=\"wp-block-list\">\n<li><a href=\"https:\/\/www.estrategiaconcursos.com.br\/blog\/concursos-abertos\/\" target=\"_blank\" rel=\"noreferrer noopener\">Concursos abertos<\/a><\/li>\n\n\n\n<li><a href=\"https:\/\/www.estrategiaconcursos.com.br\/blog\/concursos-2024\/\" target=\"_blank\" rel=\"noreferrer noopener\">Concursos 2024<\/a><\/li>\n<\/ul>\n\n\n\n<h2 class=\"wp-block-heading has-text-align-center\" id=\"cursos-assinatura\"><strong><em>Quer estudar para Concurso&nbsp;<\/em><\/strong><em>SEMEC Bel\u00e9m<\/em><strong><em>?<\/em><\/strong><\/h2>\n\n\n\n<p class=\"has-text-align-center\"><em><strong>Gostou desta oportunidade e deseja come\u00e7ar se preparar agora mesmo? Ent\u00e3o, confira os nossos cursos e comece a estudar para o concurso SEMEC Bel\u00e9m:<\/strong><\/em><\/p>\n\n\n\n<div class=\"container\" id=\"boxes\">\n  <div class=\"row\">\n\n    <div class=\"col-sm\">\n      <div class=\"banner-estrategia\" id=\"box-assinatura\">\n        <h3 class=\"titulo-assinatura\">Concurso SEMEC Bel\u00e9m<\/h3>\n        <p class=\"subtitulo-assinatura\">Conhe\u00e7a os cursos<\/p>\n        <div class=\"box-botao\">\n          <a class=\"btn-assinatura\" target=\"_blank\" href=\"https:\/\/www.estrategiaconcursos.com.br\/cursos\/concurso\/\" role=\"button\" rel=\"noopener noreferrer\">Conhe\u00e7a mais<\/a>\n        <\/div>\n      <\/div>\n      <p class=\"texto-auxiliar\">Prepare-se com o melhor material e com quem mais aprova em Concursos P\u00fablicos em todo o pa\u00eds.<\/p>\n    <\/div>\n\n  <\/div>\n<\/div>\n\n\n\n<div class=\"container\" id=\"boxes\">\n  <div class=\"row\">\n\n    <div class=\"col-sm\">\n      <div class=\"estrategia\" id=\"box-assinatura\">\n        <h3 class=\"titulo-assinatura\">Assinatura Concursos<\/h3>\n        <p class=\"subtitulo-assinatura\">Assinatura de 1 ano ou 2 anos<\/p>\n        <div class=\"box-botao\">\n          <a class=\"btn-assinatura\" target=\"_blank\" href=\"https:\/\/www.estrategiaconcursos.com.br\/assinaturas\/\" role=\"button\" rel=\"noopener noreferrer\">ASSINE AGORA<\/a>\n        <\/div>\n      <\/div>\n     \n    <\/div><\/div><\/div>\n\n\n\n<figure class=\"wp-block-image size-large is-resized\"><img loading=\"lazy\" decoding=\"async\" width=\"1024\" height=\"632\" src=\"https:\/\/dhg1h5j42swfq.cloudfront.net\/2021\/03\/31093931\/ficha-tecnica-1-3-1024x632.png\" alt=\"\" class=\"wp-image-705057\" style=\"width:176px;height:109px\" srcset=\"https:\/\/dhg1h5j42swfq.cloudfront.net\/2021\/03\/31093931\/ficha-tecnica-1-3-1024x632.png 1024w, https:\/\/dhg1h5j42swfq.cloudfront.net\/2021\/03\/31093931\/ficha-tecnica-1-3-300x185.png 300w, https:\/\/dhg1h5j42swfq.cloudfront.net\/2021\/03\/31093931\/ficha-tecnica-1-3-768x474.png 768w, https:\/\/dhg1h5j42swfq.cloudfront.net\/2021\/03\/31093931\/ficha-tecnica-1-3-1536x948.png 1536w, https:\/\/dhg1h5j42swfq.cloudfront.net\/2021\/03\/31093931\/ficha-tecnica-1-3-610x377.png 610w, https:\/\/dhg1h5j42swfq.cloudfront.net\/2021\/03\/31093931\/ficha-tecnica-1-3.png 1571w\" sizes=\"auto, (max-width: 1024px) 100vw, 1024px\" \/><\/figure>\n\n\n\n<h3 class=\"wp-block-heading\" id=\"ficha-tecnica\"><strong>Informa\u00e7\u00f5es sobre o Edital<\/strong>&nbsp;<em>S<\/em>EMEC Bel\u00e9m<\/h3>\n\n\n\n<p> \u25ba<strong>Vagas<\/strong>: 379<br \/>\u25ba<strong>Cargos:<\/strong>&nbsp; Professor licenciado Pleno e T\u00e9cnico pedag\u00f3gico <br \/>\u25ba<strong>Banca<\/strong>: AOCP Concursos<br \/>\u25ba<strong>Escolaridade<\/strong>: N\u00edvel Superior<br \/>\u25ba<strong>Edital:&nbsp;<\/strong><a aria-label=\" (abre numa nova aba)\" href=\"https:\/\/dhg1h5j42swfq.cloudfront.net\/2020\/02\/20155931\/Edital-SEMEC-Bel%C3%A9m.pdf\" target=\"_blank\" rel=\"noreferrer noopener\">Edital SEMEC Bel\u00e9m 2020<\/a><\/p>\n\n\n\n<p><\/p>\n","protected":false},"excerpt":{"rendered":"<p>A Secretaria Municipal de Educa\u00e7\u00e3o (Semec) deriu \u00e0\u00a0Prova Nacional Docente (PND)\u00a0como etapa dos concursos p\u00fablicos e processos seletivos. O \u00faltimo edital foi publicado em 2020 e homologado em abril de 2022, seguindo vigente at\u00e9 abril de 2026. Ap\u00f3s o fim da vig\u00eancia, um novo edital para efetivos poder\u00e1 ser publicado. Registros da pr\u00f3pria Prefeitura apontam [&hellip;]<\/p>\n","protected":false},"author":1,"featured_media":1090639,"comment_status":"open","ping_status":"closed","sticky":false,"template":"","format":"standard","meta":{"post_tipo":"news_page","footnotes":""},"categories":[3766],"tags":[],"tax_estado":[219977],"class_list":["post-467645","post","type-post","status-publish","format-standard","has-post-thumbnail","hentry","category-educacional","tax_estado-pa"],"acf":[],"yoast_head":"<!-- This site is optimized with the Yoast SEO Premium plugin v27.2 (Yoast SEO v27.2) - https:\/\/yoast.com\/product\/yoast-seo-premium-wordpress\/ -->\n<title>Concurso SEMEC Bel\u00e9m aderiu \u00e0 PND!<\/title>\n<meta name=\"description\" content=\"Concurso SEMEC Bel\u00e9m: confira todas as informa\u00e7\u00f5es referente a Secretaria Municipal de Educa\u00e7\u00e3o com o Estrat\u00e9gia Concursos.\" \/>\n<meta name=\"robots\" content=\"index, follow, max-snippet:-1, max-image-preview:large, max-video-preview:-1\" \/>\n<link rel=\"canonical\" href=\"https:\/\/www.estrategiaconcursos.com.br\/blog\/concurso-semec-belem\/\" \/>\n<meta property=\"og:locale\" content=\"pt_BR\" \/>\n<meta property=\"og:type\" content=\"article\" \/>\n<meta property=\"og:title\" content=\"Concurso SEMEC Bel\u00e9m aderiu \u00e0 PND!\" \/>\n<meta property=\"og:description\" content=\"Concurso SEMEC Bel\u00e9m: confira todas as informa\u00e7\u00f5es referente a Secretaria Municipal de Educa\u00e7\u00e3o com o Estrat\u00e9gia Concursos.\" \/>\n<meta property=\"og:url\" content=\"https:\/\/www.estrategiaconcursos.com.br\/blog\/concurso-semec-belem\/\" \/>\n<meta property=\"og:site_name\" content=\"Estrat\u00e9gia Concursos\" \/>\n<meta property=\"article:author\" content=\"https:\/\/www.facebook.com\/EstrategiaConcursos\" \/>\n<meta property=\"article:published_time\" content=\"2026-04-02T23:29:00+00:00\" \/>\n<meta property=\"article:modified_time\" content=\"2026-04-03T12:30:08+00:00\" \/>\n<meta property=\"og:image\" content=\"https:\/\/dhg1h5j42swfq.cloudfront.net\/2022\/09\/06185737\/concursos_educacao.jpg\" \/>\n\t<meta property=\"og:image:width\" content=\"768\" \/>\n\t<meta property=\"og:image:height\" content=\"432\" \/>\n\t<meta property=\"og:image:type\" content=\"image\/jpeg\" \/>\n<meta name=\"author\" content=\"Coordena\u00e7\u00e3o\" \/>\n<meta name=\"twitter:card\" content=\"summary_large_image\" \/>\n<meta name=\"twitter:creator\" content=\"@EstratConcursos\" \/>\n<meta name=\"twitter:site\" content=\"@EstratConcursos\" \/>\n<meta name=\"twitter:label1\" content=\"Escrito por\" \/>\n\t<meta name=\"twitter:data1\" content=\"Coordena\u00e7\u00e3o\" \/>\n\t<meta name=\"twitter:label2\" content=\"Est. tempo de leitura\" \/>\n\t<meta name=\"twitter:data2\" content=\"10 minutos\" \/>\n<script type=\"application\/ld+json\" class=\"yoast-schema-graph\">{\"@context\":\"https:\/\/schema.org\",\"@graph\":[{\"@type\":\"NewsArticle\",\"@id\":\"https:\/\/www.estrategiaconcursos.com.br\/blog\/concurso-semec-belem\/#article\",\"isPartOf\":{\"@id\":\"https:\/\/www.estrategiaconcursos.com.br\/blog\/concurso-semec-belem\/\"},\"author\":{\"name\":\"Coordena\u00e7\u00e3o\",\"@id\":\"https:\/\/www.estrategiaconcursos.com.br\/blog\/#\/schema\/person\/b4a388c97673c5f483d72185668afa1f\"},\"headline\":\"Concurso SEMEC Bel\u00e9m aderiu \u00e0 PND!\",\"datePublished\":\"2026-04-02T23:29:00+00:00\",\"dateModified\":\"2026-04-03T12:30:08+00:00\",\"mainEntityOfPage\":{\"@id\":\"https:\/\/www.estrategiaconcursos.com.br\/blog\/concurso-semec-belem\/\"},\"wordCount\":1921,\"commentCount\":3,\"publisher\":{\"@id\":\"https:\/\/www.estrategiaconcursos.com.br\/blog\/#organization\"},\"image\":{\"@id\":\"https:\/\/www.estrategiaconcursos.com.br\/blog\/concurso-semec-belem\/#primaryimage\"},\"thumbnailUrl\":\"https:\/\/dhg1h5j42swfq.cloudfront.net\/2022\/09\/06185737\/concursos_educacao.jpg\",\"articleSection\":[\"Educa\u00e7\u00e3o\"],\"inLanguage\":\"pt-BR\",\"potentialAction\":[{\"@type\":\"CommentAction\",\"name\":\"Comment\",\"target\":[\"https:\/\/www.estrategiaconcursos.com.br\/blog\/concurso-semec-belem\/#respond\"]}],\"copyrightYear\":\"2026\",\"copyrightHolder\":{\"@id\":\"https:\/\/www.estrategiaconcursos.com.br\/blog\/#organization\"}},{\"@type\":\"WebPage\",\"@id\":\"https:\/\/www.estrategiaconcursos.com.br\/blog\/concurso-semec-belem\/\",\"url\":\"https:\/\/www.estrategiaconcursos.com.br\/blog\/concurso-semec-belem\/\",\"name\":\"Concurso SEMEC Bel\u00e9m aderiu \u00e0 PND!\",\"isPartOf\":{\"@id\":\"https:\/\/www.estrategiaconcursos.com.br\/blog\/#website\"},\"primaryImageOfPage\":{\"@id\":\"https:\/\/www.estrategiaconcursos.com.br\/blog\/concurso-semec-belem\/#primaryimage\"},\"image\":{\"@id\":\"https:\/\/www.estrategiaconcursos.com.br\/blog\/concurso-semec-belem\/#primaryimage\"},\"thumbnailUrl\":\"https:\/\/dhg1h5j42swfq.cloudfront.net\/2022\/09\/06185737\/concursos_educacao.jpg\",\"datePublished\":\"2026-04-02T23:29:00+00:00\",\"dateModified\":\"2026-04-03T12:30:08+00:00\",\"description\":\"Concurso SEMEC Bel\u00e9m: confira todas as informa\u00e7\u00f5es referente a Secretaria Municipal de Educa\u00e7\u00e3o com o Estrat\u00e9gia Concursos.\",\"breadcrumb\":{\"@id\":\"https:\/\/www.estrategiaconcursos.com.br\/blog\/concurso-semec-belem\/#breadcrumb\"},\"inLanguage\":\"pt-BR\",\"potentialAction\":[{\"@type\":\"ReadAction\",\"target\":[\"https:\/\/www.estrategiaconcursos.com.br\/blog\/concurso-semec-belem\/\"]}]},{\"@type\":\"ImageObject\",\"inLanguage\":\"pt-BR\",\"@id\":\"https:\/\/www.estrategiaconcursos.com.br\/blog\/concurso-semec-belem\/#primaryimage\",\"url\":\"https:\/\/dhg1h5j42swfq.cloudfront.net\/2022\/09\/06185737\/concursos_educacao.jpg\",\"contentUrl\":\"https:\/\/dhg1h5j42swfq.cloudfront.net\/2022\/09\/06185737\/concursos_educacao.jpg\",\"width\":768,\"height\":432,\"caption\":\"Concurso SME Indaial SP\"},{\"@type\":\"BreadcrumbList\",\"@id\":\"https:\/\/www.estrategiaconcursos.com.br\/blog\/concurso-semec-belem\/#breadcrumb\",\"itemListElement\":[{\"@type\":\"ListItem\",\"position\":1,\"name\":\"In\u00edcio\",\"item\":\"https:\/\/www.estrategiaconcursos.com.br\/blog\/\"},{\"@type\":\"ListItem\",\"position\":2,\"name\":\"Concurso SEMEC Bel\u00e9m aderiu \u00e0 PND!\"}]},{\"@type\":\"WebSite\",\"@id\":\"https:\/\/www.estrategiaconcursos.com.br\/blog\/#website\",\"url\":\"https:\/\/www.estrategiaconcursos.com.br\/blog\/\",\"name\":\"Estrat\u00e9gia Concursos\",\"description\":\"O blog da Estrat\u00e9gia Concursos traz not\u00edcias sobre concursos e artigos de professores oferecendo cursos para concursos (pdf + videaulas) no site.\",\"publisher\":{\"@id\":\"https:\/\/www.estrategiaconcursos.com.br\/blog\/#organization\"},\"potentialAction\":[{\"@type\":\"SearchAction\",\"target\":{\"@type\":\"EntryPoint\",\"urlTemplate\":\"https:\/\/www.estrategiaconcursos.com.br\/blog\/?s={search_term_string}\"},\"query-input\":{\"@type\":\"PropertyValueSpecification\",\"valueRequired\":true,\"valueName\":\"search_term_string\"}}],\"inLanguage\":\"pt-BR\"},{\"@type\":\"Organization\",\"@id\":\"https:\/\/www.estrategiaconcursos.com.br\/blog\/#organization\",\"name\":\"Estrat\u00e9gia Concursos\",\"url\":\"https:\/\/www.estrategiaconcursos.com.br\/blog\/\",\"logo\":{\"@type\":\"ImageObject\",\"inLanguage\":\"pt-BR\",\"@id\":\"https:\/\/www.estrategiaconcursos.com.br\/blog\/#\/schema\/logo\/image\/\",\"url\":\"https:\/\/dhg1h5j42swfq.cloudfront.net\/2025\/06\/03203428\/logo_concursos-1.jpg\",\"contentUrl\":\"https:\/\/dhg1h5j42swfq.cloudfront.net\/2025\/06\/03203428\/logo_concursos-1.jpg\",\"width\":230,\"height\":60,\"caption\":\"Estrat\u00e9gia Concursos\"},\"image\":{\"@id\":\"https:\/\/www.estrategiaconcursos.com.br\/blog\/#\/schema\/logo\/image\/\"},\"sameAs\":[\"https:\/\/x.com\/EstratConcursos\"]},{\"@type\":\"Person\",\"@id\":\"https:\/\/www.estrategiaconcursos.com.br\/blog\/#\/schema\/person\/b4a388c97673c5f483d72185668afa1f\",\"name\":\"Coordena\u00e7\u00e3o\",\"image\":{\"@type\":\"ImageObject\",\"inLanguage\":\"pt-BR\",\"@id\":\"https:\/\/secure.gravatar.com\/avatar\/b720319e4c9a967eb58678d110f4fe35452fc5d5f97b202bac7b8acceb18c6ad?s=96&d=mm&r=g\",\"url\":\"https:\/\/secure.gravatar.com\/avatar\/b720319e4c9a967eb58678d110f4fe35452fc5d5f97b202bac7b8acceb18c6ad?s=96&d=mm&r=g\",\"contentUrl\":\"https:\/\/secure.gravatar.com\/avatar\/b720319e4c9a967eb58678d110f4fe35452fc5d5f97b202bac7b8acceb18c6ad?s=96&d=mm&r=g\",\"caption\":\"Coordena\u00e7\u00e3o\"},\"sameAs\":[\"https:\/\/www.facebook.com\/EstrategiaConcursos\",\"https:\/\/x.com\/EstratConcursos\"],\"url\":\"https:\/\/www.estrategiaconcursos.com.br\/blog\/author\/estrategia2013\/\"}]}<\/script>\n<!-- \/ Yoast SEO Premium plugin. -->","yoast_head_json":{"title":"Concurso SEMEC Bel\u00e9m aderiu \u00e0 PND!","description":"Concurso SEMEC Bel\u00e9m: confira todas as informa\u00e7\u00f5es referente a Secretaria Municipal de Educa\u00e7\u00e3o com o Estrat\u00e9gia Concursos.","robots":{"index":"index","follow":"follow","max-snippet":"max-snippet:-1","max-image-preview":"max-image-preview:large","max-video-preview":"max-video-preview:-1"},"canonical":"https:\/\/www.estrategiaconcursos.com.br\/blog\/concurso-semec-belem\/","og_locale":"pt_BR","og_type":"article","og_title":"Concurso SEMEC Bel\u00e9m aderiu \u00e0 PND!","og_description":"Concurso SEMEC Bel\u00e9m: confira todas as informa\u00e7\u00f5es referente a Secretaria Municipal de Educa\u00e7\u00e3o com o Estrat\u00e9gia Concursos.","og_url":"https:\/\/www.estrategiaconcursos.com.br\/blog\/concurso-semec-belem\/","og_site_name":"Estrat\u00e9gia Concursos","article_author":"https:\/\/www.facebook.com\/EstrategiaConcursos","article_published_time":"2026-04-02T23:29:00+00:00","article_modified_time":"2026-04-03T12:30:08+00:00","og_image":[{"width":768,"height":432,"url":"https:\/\/dhg1h5j42swfq.cloudfront.net\/2022\/09\/06185737\/concursos_educacao.jpg","type":"image\/jpeg"}],"author":"Coordena\u00e7\u00e3o","twitter_card":"summary_large_image","twitter_creator":"@EstratConcursos","twitter_site":"@EstratConcursos","twitter_misc":{"Escrito por":"Coordena\u00e7\u00e3o","Est. tempo de leitura":"10 minutos"},"schema":{"@context":"https:\/\/schema.org","@graph":[{"@type":"NewsArticle","@id":"https:\/\/www.estrategiaconcursos.com.br\/blog\/concurso-semec-belem\/#article","isPartOf":{"@id":"https:\/\/www.estrategiaconcursos.com.br\/blog\/concurso-semec-belem\/"},"author":{"name":"Coordena\u00e7\u00e3o","@id":"https:\/\/www.estrategiaconcursos.com.br\/blog\/#\/schema\/person\/b4a388c97673c5f483d72185668afa1f"},"headline":"Concurso SEMEC Bel\u00e9m aderiu \u00e0 PND!","datePublished":"2026-04-02T23:29:00+00:00","dateModified":"2026-04-03T12:30:08+00:00","mainEntityOfPage":{"@id":"https:\/\/www.estrategiaconcursos.com.br\/blog\/concurso-semec-belem\/"},"wordCount":1921,"commentCount":3,"publisher":{"@id":"https:\/\/www.estrategiaconcursos.com.br\/blog\/#organization"},"image":{"@id":"https:\/\/www.estrategiaconcursos.com.br\/blog\/concurso-semec-belem\/#primaryimage"},"thumbnailUrl":"https:\/\/dhg1h5j42swfq.cloudfront.net\/2022\/09\/06185737\/concursos_educacao.jpg","articleSection":["Educa\u00e7\u00e3o"],"inLanguage":"pt-BR","potentialAction":[{"@type":"CommentAction","name":"Comment","target":["https:\/\/www.estrategiaconcursos.com.br\/blog\/concurso-semec-belem\/#respond"]}],"copyrightYear":"2026","copyrightHolder":{"@id":"https:\/\/www.estrategiaconcursos.com.br\/blog\/#organization"}},{"@type":"WebPage","@id":"https:\/\/www.estrategiaconcursos.com.br\/blog\/concurso-semec-belem\/","url":"https:\/\/www.estrategiaconcursos.com.br\/blog\/concurso-semec-belem\/","name":"Concurso SEMEC Bel\u00e9m aderiu \u00e0 PND!","isPartOf":{"@id":"https:\/\/www.estrategiaconcursos.com.br\/blog\/#website"},"primaryImageOfPage":{"@id":"https:\/\/www.estrategiaconcursos.com.br\/blog\/concurso-semec-belem\/#primaryimage"},"image":{"@id":"https:\/\/www.estrategiaconcursos.com.br\/blog\/concurso-semec-belem\/#primaryimage"},"thumbnailUrl":"https:\/\/dhg1h5j42swfq.cloudfront.net\/2022\/09\/06185737\/concursos_educacao.jpg","datePublished":"2026-04-02T23:29:00+00:00","dateModified":"2026-04-03T12:30:08+00:00","description":"Concurso SEMEC Bel\u00e9m: confira todas as informa\u00e7\u00f5es referente a Secretaria Municipal de Educa\u00e7\u00e3o com o Estrat\u00e9gia Concursos.","breadcrumb":{"@id":"https:\/\/www.estrategiaconcursos.com.br\/blog\/concurso-semec-belem\/#breadcrumb"},"inLanguage":"pt-BR","potentialAction":[{"@type":"ReadAction","target":["https:\/\/www.estrategiaconcursos.com.br\/blog\/concurso-semec-belem\/"]}]},{"@type":"ImageObject","inLanguage":"pt-BR","@id":"https:\/\/www.estrategiaconcursos.com.br\/blog\/concurso-semec-belem\/#primaryimage","url":"https:\/\/dhg1h5j42swfq.cloudfront.net\/2022\/09\/06185737\/concursos_educacao.jpg","contentUrl":"https:\/\/dhg1h5j42swfq.cloudfront.net\/2022\/09\/06185737\/concursos_educacao.jpg","width":768,"height":432,"caption":"Concurso SME Indaial SP"},{"@type":"BreadcrumbList","@id":"https:\/\/www.estrategiaconcursos.com.br\/blog\/concurso-semec-belem\/#breadcrumb","itemListElement":[{"@type":"ListItem","position":1,"name":"In\u00edcio","item":"https:\/\/www.estrategiaconcursos.com.br\/blog\/"},{"@type":"ListItem","position":2,"name":"Concurso SEMEC Bel\u00e9m aderiu \u00e0 PND!"}]},{"@type":"WebSite","@id":"https:\/\/www.estrategiaconcursos.com.br\/blog\/#website","url":"https:\/\/www.estrategiaconcursos.com.br\/blog\/","name":"Estrat\u00e9gia Concursos","description":"O blog da Estrat\u00e9gia Concursos traz not\u00edcias sobre concursos e artigos de professores oferecendo cursos para concursos (pdf + videaulas) no site.","publisher":{"@id":"https:\/\/www.estrategiaconcursos.com.br\/blog\/#organization"},"potentialAction":[{"@type":"SearchAction","target":{"@type":"EntryPoint","urlTemplate":"https:\/\/www.estrategiaconcursos.com.br\/blog\/?s={search_term_string}"},"query-input":{"@type":"PropertyValueSpecification","valueRequired":true,"valueName":"search_term_string"}}],"inLanguage":"pt-BR"},{"@type":"Organization","@id":"https:\/\/www.estrategiaconcursos.com.br\/blog\/#organization","name":"Estrat\u00e9gia Concursos","url":"https:\/\/www.estrategiaconcursos.com.br\/blog\/","logo":{"@type":"ImageObject","inLanguage":"pt-BR","@id":"https:\/\/www.estrategiaconcursos.com.br\/blog\/#\/schema\/logo\/image\/","url":"https:\/\/dhg1h5j42swfq.cloudfront.net\/2025\/06\/03203428\/logo_concursos-1.jpg","contentUrl":"https:\/\/dhg1h5j42swfq.cloudfront.net\/2025\/06\/03203428\/logo_concursos-1.jpg","width":230,"height":60,"caption":"Estrat\u00e9gia Concursos"},"image":{"@id":"https:\/\/www.estrategiaconcursos.com.br\/blog\/#\/schema\/logo\/image\/"},"sameAs":["https:\/\/x.com\/EstratConcursos"]},{"@type":"Person","@id":"https:\/\/www.estrategiaconcursos.com.br\/blog\/#\/schema\/person\/b4a388c97673c5f483d72185668afa1f","name":"Coordena\u00e7\u00e3o","image":{"@type":"ImageObject","inLanguage":"pt-BR","@id":"https:\/\/secure.gravatar.com\/avatar\/b720319e4c9a967eb58678d110f4fe35452fc5d5f97b202bac7b8acceb18c6ad?s=96&d=mm&r=g","url":"https:\/\/secure.gravatar.com\/avatar\/b720319e4c9a967eb58678d110f4fe35452fc5d5f97b202bac7b8acceb18c6ad?s=96&d=mm&r=g","contentUrl":"https:\/\/secure.gravatar.com\/avatar\/b720319e4c9a967eb58678d110f4fe35452fc5d5f97b202bac7b8acceb18c6ad?s=96&d=mm&r=g","caption":"Coordena\u00e7\u00e3o"},"sameAs":["https:\/\/www.facebook.com\/EstrategiaConcursos","https:\/\/x.com\/EstratConcursos"],"url":"https:\/\/www.estrategiaconcursos.com.br\/blog\/author\/estrategia2013\/"}]}},"_links":{"self":[{"href":"https:\/\/www.estrategiaconcursos.com.br\/blog\/wp-json\/wp\/v2\/posts\/467645","targetHints":{"allow":["GET"]}}],"collection":[{"href":"https:\/\/www.estrategiaconcursos.com.br\/blog\/wp-json\/wp\/v2\/posts"}],"about":[{"href":"https:\/\/www.estrategiaconcursos.com.br\/blog\/wp-json\/wp\/v2\/types\/post"}],"author":[{"embeddable":true,"href":"https:\/\/www.estrategiaconcursos.com.br\/blog\/wp-json\/wp\/v2\/users\/1"}],"replies":[{"embeddable":true,"href":"https:\/\/www.estrategiaconcursos.com.br\/blog\/wp-json\/wp\/v2\/comments?post=467645"}],"version-history":[{"count":42,"href":"https:\/\/www.estrategiaconcursos.com.br\/blog\/wp-json\/wp\/v2\/posts\/467645\/revisions"}],"predecessor-version":[{"id":1748146,"href":"https:\/\/www.estrategiaconcursos.com.br\/blog\/wp-json\/wp\/v2\/posts\/467645\/revisions\/1748146"}],"wp:featuredmedia":[{"embeddable":true,"href":"https:\/\/www.estrategiaconcursos.com.br\/blog\/wp-json\/wp\/v2\/media\/1090639"}],"wp:attachment":[{"href":"https:\/\/www.estrategiaconcursos.com.br\/blog\/wp-json\/wp\/v2\/media?parent=467645"}],"wp:term":[{"taxonomy":"category","embeddable":true,"href":"https:\/\/www.estrategiaconcursos.com.br\/blog\/wp-json\/wp\/v2\/categories?post=467645"},{"taxonomy":"post_tag","embeddable":true,"href":"https:\/\/www.estrategiaconcursos.com.br\/blog\/wp-json\/wp\/v2\/tags?post=467645"},{"taxonomy":"tax_estado","embeddable":true,"href":"https:\/\/www.estrategiaconcursos.com.br\/blog\/wp-json\/wp\/v2\/tax_estado?post=467645"}],"curies":[{"name":"wp","href":"https:\/\/api.w.org\/{rel}","templated":true}]}}