{"id":467574,"date":"2020-01-08T09:25:11","date_gmt":"2020-01-08T12:25:11","guid":{"rendered":"https:\/\/www.estrategiaconcursos.com.br\/blog\/?p=467574"},"modified":"2023-06-19T10:39:35","modified_gmt":"2023-06-19T13:39:35","slug":"concurso-mpm-promotor-edital","status":"publish","type":"post","link":"https:\/\/www.estrategiaconcursos.com.br\/blog\/concurso-mpm-promotor-edital\/","title":{"rendered":"Data da publica\u00e7\u00e3o do EDITAL do concurso MPM Promotor \u00e9 revelada"},"content":{"rendered":"\n<p>O Minist\u00e9rio P\u00fablico Militar divulgou no seu site oficial informa\u00e7\u00f5es sobre o concurso que pode ofertar 6 vagas para o cargo de Promotor. De acordo com o \u00f3rg\u00e3o, o edital dever\u00e1 ser publicado no dia 20 de janeiro de 2020.<\/p>\n\n\n\n<p>Al\u00e9m disso as inscri\u00e7\u00f5es ser\u00e3o iniciadas um dia ap\u00f3s a publica\u00e7\u00e3o do edital, sendo assim os candidatos ter\u00e3o do dia 21 de janeiro a 19 de fevereiro de 2020 para efetuarem a mesma. <\/p>\n\n\n\n<p>Outra novidade apresentada pelo MPM foi a cria\u00e7\u00e3o da p\u00e1gina online do candidato que poder\u00e1 ser acessada no dia 21 de janeiro. Vale lembrar que o concurso j\u00e1 possui comiss\u00e3o organizadora formada. <\/p>\n\n\n\n<p>Quer saber mais sobre o concurso? Clique no link abaixo e fique por dentro de tudo!<\/p>\n\n\n\n<p class=\"has-text-align-center\" style=\"font-size:clamp(15.197px, 0.95rem + ((1vw - 3.2px) * 0.765), 23px);px\"><a href=\"https:\/\/www.estrategiaconcursos.com.br\/blog\/concurso-mpm-promotor\/\"><strong><em>Concurso MPM Promotor<\/em><\/strong><\/a><\/p>\n\n\n\n<h2 class=\"wp-block-heading has-text-align-center\" id=\"cursos-assinatura\">Quer estudar para o concurso MPM Promotor?<\/h2>\n\n\n\n<p class=\"has-text-align-center\"><em>Gostou dessa oportunidade e deseja se preparar? Confira abaixo nossos cursos exclusivos e inicie agora seus estudos! N\u00e3o fique de fora:<\/em><\/p>\n\n\n\n<p class=\"has-text-align-center has-luminous-vivid-amber-background-color has-background\" style=\"font-size:clamp(15.197px, 0.95rem + ((1vw - 3.2px) * 0.765), 23px);px\"><strong><a rel=\"noreferrer noopener\" href=\"https:\/\/www.estrategiaconcursos.com.br\/cursos\/concurso\/\" target=\"_blank\">CURSO MPM PROMOTO<\/a><\/strong><a rel=\"noreferrer noopener\" href=\"https:\/\/www.estrategiaconcursos.com.br\/cursos\/concurso\/\" target=\"_blank\"><strong>R<\/strong><\/a><\/p>\n\n\n\n<p class=\"has-text-align-center\"><strong><em>Fique por dentro do mundo dos concursos:<\/em><\/strong><\/p>\n\n\n\n<p class=\"has-text-align-center has-pale-cyan-blue-background-color has-background\" style=\"font-size:clamp(15.197px, 0.95rem + ((1vw - 3.2px) * 0.765), 23px);px\"><a href=\"https:\/\/www.estrategiaconcursos.com.br\/blog\/concursos-abertos\/\" target=\"_blank\" rel=\"noreferrer noopener\"><strong>CONCURSOS ABERTOS<\/strong><\/a><\/p>\n\n\n\n<p class=\"has-text-align-center has-pale-cyan-blue-background-color has-background\" style=\"font-size:clamp(15.197px, 0.95rem + ((1vw - 3.2px) * 0.765), 23px);px\"><strong><a href=\"https:\/\/www.estrategiaconcursos.com.br\/blog\/concursos-de-direito\/\" target=\"_blank\" rel=\"noreferrer noopener\">CONCURSOS DE DIREITO<\/a><\/strong><\/p>\n","protected":false},"excerpt":{"rendered":"<p>O Minist\u00e9rio P\u00fablico Militar divulgou no seu site oficial informa\u00e7\u00f5es sobre o concurso que pode ofertar 6 vagas para o cargo de Promotor. De acordo com o \u00f3rg\u00e3o, o edital dever\u00e1 ser publicado no dia 20 de janeiro de 2020. Al\u00e9m disso as inscri\u00e7\u00f5es ser\u00e3o iniciadas um dia ap\u00f3s a publica\u00e7\u00e3o do edital, sendo assim [&hellip;]<\/p>\n","protected":false},"author":99,"featured_media":454690,"comment_status":"open","ping_status":"closed","sticky":false,"template":"","format":"standard","meta":{"post_tipo":"article","footnotes":""},"categories":[1],"tags":[],"tax_estado":[],"class_list":["post-467574","post","type-post","status-publish","format-standard","has-post-thumbnail","hentry","category-cursos-e-concursos"],"acf":[],"yoast_head":"<!-- This site is optimized with the Yoast SEO Premium plugin v27.2 (Yoast SEO v27.2) - https:\/\/yoast.com\/product\/yoast-seo-premium-wordpress\/ -->\n<title>Data da publica\u00e7\u00e3o do EDITAL do concurso MPM Promotor \u00e9 revelada<\/title>\n<meta name=\"description\" content=\"O Minist\u00e9rio P\u00fablico Militar divulgou a data prevista da publica\u00e7\u00e3o do edital do \u00f3rg\u00e3o. Devem ser ofertadas 6 vagas para o cargo de Promotor.\" \/>\n<meta name=\"robots\" content=\"index, follow, max-snippet:-1, max-image-preview:large, max-video-preview:-1\" \/>\n<link rel=\"canonical\" href=\"https:\/\/www.estrategiaconcursos.com.br\/blog\/concurso-mpm-promotor-edital\/\" \/>\n<meta property=\"og:locale\" content=\"pt_BR\" \/>\n<meta property=\"og:type\" content=\"article\" \/>\n<meta property=\"og:title\" content=\"Data da publica\u00e7\u00e3o do EDITAL do concurso MPM Promotor \u00e9 revelada\" \/>\n<meta property=\"og:description\" content=\"O Minist\u00e9rio P\u00fablico Militar divulgou a data prevista da publica\u00e7\u00e3o do edital do \u00f3rg\u00e3o. Devem ser ofertadas 6 vagas para o cargo de Promotor.\" \/>\n<meta property=\"og:url\" content=\"https:\/\/www.estrategiaconcursos.com.br\/blog\/concurso-mpm-promotor-edital\/\" \/>\n<meta property=\"og:site_name\" content=\"Estrat\u00e9gia Concursos\" \/>\n<meta property=\"article:published_time\" content=\"2020-01-08T12:25:11+00:00\" \/>\n<meta property=\"article:modified_time\" content=\"2023-06-19T13:39:35+00:00\" \/>\n<meta property=\"og:image\" content=\"https:\/\/dhg1h5j42swfq.cloudfront.net\/2019\/12\/03102515\/concurso-mpm.jpeg\" \/>\n\t<meta property=\"og:image:width\" content=\"1200\" \/>\n\t<meta property=\"og:image:height\" content=\"628\" \/>\n\t<meta property=\"og:image:type\" content=\"image\/jpeg\" \/>\n<meta name=\"author\" content=\"Paulo Guimar\u00e3es\" \/>\n<meta name=\"twitter:card\" content=\"summary_large_image\" \/>\n<meta name=\"twitter:creator\" content=\"@EstratConcursos\" \/>\n<meta name=\"twitter:site\" content=\"@EstratConcursos\" \/>\n<meta name=\"twitter:label1\" content=\"Escrito por\" \/>\n\t<meta name=\"twitter:data1\" content=\"Paulo Guimar\u00e3es\" \/>\n\t<meta name=\"twitter:label2\" content=\"Est. tempo de leitura\" \/>\n\t<meta name=\"twitter:data2\" content=\"1 minuto\" \/>\n<script type=\"application\/ld+json\" class=\"yoast-schema-graph\">{\"@context\":\"https:\/\/schema.org\",\"@graph\":[{\"@type\":\"NewsArticle\",\"@id\":\"https:\/\/www.estrategiaconcursos.com.br\/blog\/concurso-mpm-promotor-edital\/#article\",\"isPartOf\":{\"@id\":\"https:\/\/www.estrategiaconcursos.com.br\/blog\/concurso-mpm-promotor-edital\/\"},\"author\":{\"name\":\"Paulo Guimar\u00e3es\",\"@id\":\"https:\/\/www.estrategiaconcursos.com.br\/blog\/#\/schema\/person\/80ff9f9f52e43a90b6efd99f2869d22b\"},\"headline\":\"Data da publica\u00e7\u00e3o do EDITAL do concurso MPM Promotor \u00e9 revelada\",\"datePublished\":\"2020-01-08T12:25:11+00:00\",\"dateModified\":\"2023-06-19T13:39:35+00:00\",\"mainEntityOfPage\":{\"@id\":\"https:\/\/www.estrategiaconcursos.com.br\/blog\/concurso-mpm-promotor-edital\/\"},\"wordCount\":186,\"commentCount\":0,\"publisher\":{\"@id\":\"https:\/\/www.estrategiaconcursos.com.br\/blog\/#organization\"},\"image\":{\"@id\":\"https:\/\/www.estrategiaconcursos.com.br\/blog\/concurso-mpm-promotor-edital\/#primaryimage\"},\"thumbnailUrl\":\"https:\/\/dhg1h5j42swfq.cloudfront.net\/2019\/12\/03102515\/concurso-mpm.jpeg\",\"articleSection\":[\"Concursos P\u00fablicos\"],\"inLanguage\":\"pt-BR\",\"potentialAction\":[{\"@type\":\"CommentAction\",\"name\":\"Comment\",\"target\":[\"https:\/\/www.estrategiaconcursos.com.br\/blog\/concurso-mpm-promotor-edital\/#respond\"]}],\"copyrightYear\":\"2020\",\"copyrightHolder\":{\"@id\":\"https:\/\/www.estrategiaconcursos.com.br\/blog\/#organization\"}},{\"@type\":\"WebPage\",\"@id\":\"https:\/\/www.estrategiaconcursos.com.br\/blog\/concurso-mpm-promotor-edital\/\",\"url\":\"https:\/\/www.estrategiaconcursos.com.br\/blog\/concurso-mpm-promotor-edital\/\",\"name\":\"Data da publica\u00e7\u00e3o do EDITAL do concurso MPM Promotor \u00e9 revelada\",\"isPartOf\":{\"@id\":\"https:\/\/www.estrategiaconcursos.com.br\/blog\/#website\"},\"primaryImageOfPage\":{\"@id\":\"https:\/\/www.estrategiaconcursos.com.br\/blog\/concurso-mpm-promotor-edital\/#primaryimage\"},\"image\":{\"@id\":\"https:\/\/www.estrategiaconcursos.com.br\/blog\/concurso-mpm-promotor-edital\/#primaryimage\"},\"thumbnailUrl\":\"https:\/\/dhg1h5j42swfq.cloudfront.net\/2019\/12\/03102515\/concurso-mpm.jpeg\",\"datePublished\":\"2020-01-08T12:25:11+00:00\",\"dateModified\":\"2023-06-19T13:39:35+00:00\",\"description\":\"O Minist\u00e9rio P\u00fablico Militar divulgou a data prevista da publica\u00e7\u00e3o do edital do \u00f3rg\u00e3o. Devem ser ofertadas 6 vagas para o cargo de Promotor.\",\"breadcrumb\":{\"@id\":\"https:\/\/www.estrategiaconcursos.com.br\/blog\/concurso-mpm-promotor-edital\/#breadcrumb\"},\"inLanguage\":\"pt-BR\",\"potentialAction\":[{\"@type\":\"ReadAction\",\"target\":[\"https:\/\/www.estrategiaconcursos.com.br\/blog\/concurso-mpm-promotor-edital\/\"]}]},{\"@type\":\"ImageObject\",\"inLanguage\":\"pt-BR\",\"@id\":\"https:\/\/www.estrategiaconcursos.com.br\/blog\/concurso-mpm-promotor-edital\/#primaryimage\",\"url\":\"https:\/\/dhg1h5j42swfq.cloudfront.net\/2019\/12\/03102515\/concurso-mpm.jpeg\",\"contentUrl\":\"https:\/\/dhg1h5j42swfq.cloudfront.net\/2019\/12\/03102515\/concurso-mpm.jpeg\",\"width\":1200,\"height\":628,\"caption\":\"concurso mpm\"},{\"@type\":\"BreadcrumbList\",\"@id\":\"https:\/\/www.estrategiaconcursos.com.br\/blog\/concurso-mpm-promotor-edital\/#breadcrumb\",\"itemListElement\":[{\"@type\":\"ListItem\",\"position\":1,\"name\":\"In\u00edcio\",\"item\":\"https:\/\/www.estrategiaconcursos.com.br\/blog\/\"},{\"@type\":\"ListItem\",\"position\":2,\"name\":\"Data da publica\u00e7\u00e3o do EDITAL do concurso MPM Promotor \u00e9 revelada\"}]},{\"@type\":\"WebSite\",\"@id\":\"https:\/\/www.estrategiaconcursos.com.br\/blog\/#website\",\"url\":\"https:\/\/www.estrategiaconcursos.com.br\/blog\/\",\"name\":\"Estrat\u00e9gia Concursos\",\"description\":\"O blog da Estrat\u00e9gia Concursos traz not\u00edcias sobre concursos e artigos de professores oferecendo cursos para concursos (pdf + videaulas) no site.\",\"publisher\":{\"@id\":\"https:\/\/www.estrategiaconcursos.com.br\/blog\/#organization\"},\"potentialAction\":[{\"@type\":\"SearchAction\",\"target\":{\"@type\":\"EntryPoint\",\"urlTemplate\":\"https:\/\/www.estrategiaconcursos.com.br\/blog\/?s={search_term_string}\"},\"query-input\":{\"@type\":\"PropertyValueSpecification\",\"valueRequired\":true,\"valueName\":\"search_term_string\"}}],\"inLanguage\":\"pt-BR\"},{\"@type\":\"Organization\",\"@id\":\"https:\/\/www.estrategiaconcursos.com.br\/blog\/#organization\",\"name\":\"Estrat\u00e9gia Concursos\",\"url\":\"https:\/\/www.estrategiaconcursos.com.br\/blog\/\",\"logo\":{\"@type\":\"ImageObject\",\"inLanguage\":\"pt-BR\",\"@id\":\"https:\/\/www.estrategiaconcursos.com.br\/blog\/#\/schema\/logo\/image\/\",\"url\":\"https:\/\/dhg1h5j42swfq.cloudfront.net\/2025\/06\/03203428\/logo_concursos-1.jpg\",\"contentUrl\":\"https:\/\/dhg1h5j42swfq.cloudfront.net\/2025\/06\/03203428\/logo_concursos-1.jpg\",\"width\":230,\"height\":60,\"caption\":\"Estrat\u00e9gia Concursos\"},\"image\":{\"@id\":\"https:\/\/www.estrategiaconcursos.com.br\/blog\/#\/schema\/logo\/image\/\"},\"sameAs\":[\"https:\/\/x.com\/EstratConcursos\"]},{\"@type\":\"Person\",\"@id\":\"https:\/\/www.estrategiaconcursos.com.br\/blog\/#\/schema\/person\/80ff9f9f52e43a90b6efd99f2869d22b\",\"name\":\"Paulo Guimar\u00e3es\",\"image\":{\"@type\":\"ImageObject\",\"inLanguage\":\"pt-BR\",\"@id\":\"https:\/\/secure.gravatar.com\/avatar\/08d24bbaa2d103a1d6aba72ee81baa1680267436588d5d9cfb8d32c3aa4ca278?s=96&d=mm&r=g\",\"url\":\"https:\/\/secure.gravatar.com\/avatar\/08d24bbaa2d103a1d6aba72ee81baa1680267436588d5d9cfb8d32c3aa4ca278?s=96&d=mm&r=g\",\"contentUrl\":\"https:\/\/secure.gravatar.com\/avatar\/08d24bbaa2d103a1d6aba72ee81baa1680267436588d5d9cfb8d32c3aa4ca278?s=96&d=mm&r=g\",\"caption\":\"Paulo Guimar\u00e3es\"},\"url\":\"https:\/\/www.estrategiaconcursos.com.br\/blog\/author\/pauloguimaraesestrategiaconcursos-com-br\/\"}]}<\/script>\n<!-- \/ Yoast SEO Premium plugin. -->","yoast_head_json":{"title":"Data da publica\u00e7\u00e3o do EDITAL do concurso MPM Promotor \u00e9 revelada","description":"O Minist\u00e9rio P\u00fablico Militar divulgou a data prevista da publica\u00e7\u00e3o do edital do \u00f3rg\u00e3o. Devem ser ofertadas 6 vagas para o cargo de Promotor.","robots":{"index":"index","follow":"follow","max-snippet":"max-snippet:-1","max-image-preview":"max-image-preview:large","max-video-preview":"max-video-preview:-1"},"canonical":"https:\/\/www.estrategiaconcursos.com.br\/blog\/concurso-mpm-promotor-edital\/","og_locale":"pt_BR","og_type":"article","og_title":"Data da publica\u00e7\u00e3o do EDITAL do concurso MPM Promotor \u00e9 revelada","og_description":"O Minist\u00e9rio P\u00fablico Militar divulgou a data prevista da publica\u00e7\u00e3o do edital do \u00f3rg\u00e3o. Devem ser ofertadas 6 vagas para o cargo de Promotor.","og_url":"https:\/\/www.estrategiaconcursos.com.br\/blog\/concurso-mpm-promotor-edital\/","og_site_name":"Estrat\u00e9gia Concursos","article_published_time":"2020-01-08T12:25:11+00:00","article_modified_time":"2023-06-19T13:39:35+00:00","og_image":[{"width":1200,"height":628,"url":"https:\/\/dhg1h5j42swfq.cloudfront.net\/2019\/12\/03102515\/concurso-mpm.jpeg","type":"image\/jpeg"}],"author":"Paulo Guimar\u00e3es","twitter_card":"summary_large_image","twitter_creator":"@EstratConcursos","twitter_site":"@EstratConcursos","twitter_misc":{"Escrito por":"Paulo Guimar\u00e3es","Est. tempo de leitura":"1 minuto"},"schema":{"@context":"https:\/\/schema.org","@graph":[{"@type":"NewsArticle","@id":"https:\/\/www.estrategiaconcursos.com.br\/blog\/concurso-mpm-promotor-edital\/#article","isPartOf":{"@id":"https:\/\/www.estrategiaconcursos.com.br\/blog\/concurso-mpm-promotor-edital\/"},"author":{"name":"Paulo Guimar\u00e3es","@id":"https:\/\/www.estrategiaconcursos.com.br\/blog\/#\/schema\/person\/80ff9f9f52e43a90b6efd99f2869d22b"},"headline":"Data da publica\u00e7\u00e3o do EDITAL do concurso MPM Promotor \u00e9 revelada","datePublished":"2020-01-08T12:25:11+00:00","dateModified":"2023-06-19T13:39:35+00:00","mainEntityOfPage":{"@id":"https:\/\/www.estrategiaconcursos.com.br\/blog\/concurso-mpm-promotor-edital\/"},"wordCount":186,"commentCount":0,"publisher":{"@id":"https:\/\/www.estrategiaconcursos.com.br\/blog\/#organization"},"image":{"@id":"https:\/\/www.estrategiaconcursos.com.br\/blog\/concurso-mpm-promotor-edital\/#primaryimage"},"thumbnailUrl":"https:\/\/dhg1h5j42swfq.cloudfront.net\/2019\/12\/03102515\/concurso-mpm.jpeg","articleSection":["Concursos P\u00fablicos"],"inLanguage":"pt-BR","potentialAction":[{"@type":"CommentAction","name":"Comment","target":["https:\/\/www.estrategiaconcursos.com.br\/blog\/concurso-mpm-promotor-edital\/#respond"]}],"copyrightYear":"2020","copyrightHolder":{"@id":"https:\/\/www.estrategiaconcursos.com.br\/blog\/#organization"}},{"@type":"WebPage","@id":"https:\/\/www.estrategiaconcursos.com.br\/blog\/concurso-mpm-promotor-edital\/","url":"https:\/\/www.estrategiaconcursos.com.br\/blog\/concurso-mpm-promotor-edital\/","name":"Data da publica\u00e7\u00e3o do EDITAL do concurso MPM Promotor \u00e9 revelada","isPartOf":{"@id":"https:\/\/www.estrategiaconcursos.com.br\/blog\/#website"},"primaryImageOfPage":{"@id":"https:\/\/www.estrategiaconcursos.com.br\/blog\/concurso-mpm-promotor-edital\/#primaryimage"},"image":{"@id":"https:\/\/www.estrategiaconcursos.com.br\/blog\/concurso-mpm-promotor-edital\/#primaryimage"},"thumbnailUrl":"https:\/\/dhg1h5j42swfq.cloudfront.net\/2019\/12\/03102515\/concurso-mpm.jpeg","datePublished":"2020-01-08T12:25:11+00:00","dateModified":"2023-06-19T13:39:35+00:00","description":"O Minist\u00e9rio P\u00fablico Militar divulgou a data prevista da publica\u00e7\u00e3o do edital do \u00f3rg\u00e3o. Devem ser ofertadas 6 vagas para o cargo de Promotor.","breadcrumb":{"@id":"https:\/\/www.estrategiaconcursos.com.br\/blog\/concurso-mpm-promotor-edital\/#breadcrumb"},"inLanguage":"pt-BR","potentialAction":[{"@type":"ReadAction","target":["https:\/\/www.estrategiaconcursos.com.br\/blog\/concurso-mpm-promotor-edital\/"]}]},{"@type":"ImageObject","inLanguage":"pt-BR","@id":"https:\/\/www.estrategiaconcursos.com.br\/blog\/concurso-mpm-promotor-edital\/#primaryimage","url":"https:\/\/dhg1h5j42swfq.cloudfront.net\/2019\/12\/03102515\/concurso-mpm.jpeg","contentUrl":"https:\/\/dhg1h5j42swfq.cloudfront.net\/2019\/12\/03102515\/concurso-mpm.jpeg","width":1200,"height":628,"caption":"concurso mpm"},{"@type":"BreadcrumbList","@id":"https:\/\/www.estrategiaconcursos.com.br\/blog\/concurso-mpm-promotor-edital\/#breadcrumb","itemListElement":[{"@type":"ListItem","position":1,"name":"In\u00edcio","item":"https:\/\/www.estrategiaconcursos.com.br\/blog\/"},{"@type":"ListItem","position":2,"name":"Data da publica\u00e7\u00e3o do EDITAL do concurso MPM Promotor \u00e9 revelada"}]},{"@type":"WebSite","@id":"https:\/\/www.estrategiaconcursos.com.br\/blog\/#website","url":"https:\/\/www.estrategiaconcursos.com.br\/blog\/","name":"Estrat\u00e9gia Concursos","description":"O blog da Estrat\u00e9gia Concursos traz not\u00edcias sobre concursos e artigos de professores oferecendo cursos para concursos (pdf + videaulas) no site.","publisher":{"@id":"https:\/\/www.estrategiaconcursos.com.br\/blog\/#organization"},"potentialAction":[{"@type":"SearchAction","target":{"@type":"EntryPoint","urlTemplate":"https:\/\/www.estrategiaconcursos.com.br\/blog\/?s={search_term_string}"},"query-input":{"@type":"PropertyValueSpecification","valueRequired":true,"valueName":"search_term_string"}}],"inLanguage":"pt-BR"},{"@type":"Organization","@id":"https:\/\/www.estrategiaconcursos.com.br\/blog\/#organization","name":"Estrat\u00e9gia Concursos","url":"https:\/\/www.estrategiaconcursos.com.br\/blog\/","logo":{"@type":"ImageObject","inLanguage":"pt-BR","@id":"https:\/\/www.estrategiaconcursos.com.br\/blog\/#\/schema\/logo\/image\/","url":"https:\/\/dhg1h5j42swfq.cloudfront.net\/2025\/06\/03203428\/logo_concursos-1.jpg","contentUrl":"https:\/\/dhg1h5j42swfq.cloudfront.net\/2025\/06\/03203428\/logo_concursos-1.jpg","width":230,"height":60,"caption":"Estrat\u00e9gia Concursos"},"image":{"@id":"https:\/\/www.estrategiaconcursos.com.br\/blog\/#\/schema\/logo\/image\/"},"sameAs":["https:\/\/x.com\/EstratConcursos"]},{"@type":"Person","@id":"https:\/\/www.estrategiaconcursos.com.br\/blog\/#\/schema\/person\/80ff9f9f52e43a90b6efd99f2869d22b","name":"Paulo Guimar\u00e3es","image":{"@type":"ImageObject","inLanguage":"pt-BR","@id":"https:\/\/secure.gravatar.com\/avatar\/08d24bbaa2d103a1d6aba72ee81baa1680267436588d5d9cfb8d32c3aa4ca278?s=96&d=mm&r=g","url":"https:\/\/secure.gravatar.com\/avatar\/08d24bbaa2d103a1d6aba72ee81baa1680267436588d5d9cfb8d32c3aa4ca278?s=96&d=mm&r=g","contentUrl":"https:\/\/secure.gravatar.com\/avatar\/08d24bbaa2d103a1d6aba72ee81baa1680267436588d5d9cfb8d32c3aa4ca278?s=96&d=mm&r=g","caption":"Paulo Guimar\u00e3es"},"url":"https:\/\/www.estrategiaconcursos.com.br\/blog\/author\/pauloguimaraesestrategiaconcursos-com-br\/"}]}},"_links":{"self":[{"href":"https:\/\/www.estrategiaconcursos.com.br\/blog\/wp-json\/wp\/v2\/posts\/467574","targetHints":{"allow":["GET"]}}],"collection":[{"href":"https:\/\/www.estrategiaconcursos.com.br\/blog\/wp-json\/wp\/v2\/posts"}],"about":[{"href":"https:\/\/www.estrategiaconcursos.com.br\/blog\/wp-json\/wp\/v2\/types\/post"}],"author":[{"embeddable":true,"href":"https:\/\/www.estrategiaconcursos.com.br\/blog\/wp-json\/wp\/v2\/users\/99"}],"replies":[{"embeddable":true,"href":"https:\/\/www.estrategiaconcursos.com.br\/blog\/wp-json\/wp\/v2\/comments?post=467574"}],"version-history":[{"count":4,"href":"https:\/\/www.estrategiaconcursos.com.br\/blog\/wp-json\/wp\/v2\/posts\/467574\/revisions"}],"predecessor-version":[{"id":1234482,"href":"https:\/\/www.estrategiaconcursos.com.br\/blog\/wp-json\/wp\/v2\/posts\/467574\/revisions\/1234482"}],"wp:featuredmedia":[{"embeddable":true,"href":"https:\/\/www.estrategiaconcursos.com.br\/blog\/wp-json\/wp\/v2\/media\/454690"}],"wp:attachment":[{"href":"https:\/\/www.estrategiaconcursos.com.br\/blog\/wp-json\/wp\/v2\/media?parent=467574"}],"wp:term":[{"taxonomy":"category","embeddable":true,"href":"https:\/\/www.estrategiaconcursos.com.br\/blog\/wp-json\/wp\/v2\/categories?post=467574"},{"taxonomy":"post_tag","embeddable":true,"href":"https:\/\/www.estrategiaconcursos.com.br\/blog\/wp-json\/wp\/v2\/tags?post=467574"},{"taxonomy":"tax_estado","embeddable":true,"href":"https:\/\/www.estrategiaconcursos.com.br\/blog\/wp-json\/wp\/v2\/tax_estado?post=467574"}],"curies":[{"name":"wp","href":"https:\/\/api.w.org\/{rel}","templated":true}]}}