{"id":466754,"date":"2020-01-06T19:06:33","date_gmt":"2020-01-06T22:06:33","guid":{"rendered":"https:\/\/www.estrategiaconcursos.com.br\/blog\/?p=466754"},"modified":"2023-07-24T16:41:57","modified_gmt":"2023-07-24T19:41:57","slug":"assembleia-legislativa-ce-deputado-confirma-lancamento-do-edital-para-marco","status":"publish","type":"post","link":"https:\/\/www.estrategiaconcursos.com.br\/blog\/assembleia-legislativa-ce-deputado-confirma-lancamento-do-edital-para-marco\/","title":{"rendered":"Assembl\u00e9ia Legislativa CE: Deputado confirma lan\u00e7amento do edital para mar\u00e7o"},"content":{"rendered":"\n<p>H\u00e1 novidades no concurso da ALECE (Assembl\u00e9ia Legislativa do Cear\u00e1)! O primeiro-secret\u00e1rio da casa, deputado Evandro Leit\u00e3o, confirmou ao colunista do jornal O Povo, Eliomar de Lima, que a publica\u00e7\u00e3o do edital do concurso \u00e9 aguardada para mar\u00e7o de 2020. <br \/><br \/>Ser\u00e3o ofertadas <strong>100 vagas no concurso<\/strong>: 70 vagas para n\u00edvel superior e 30 vagas para n\u00edvel m\u00e9dio, conforme a assessoria de imprensa da institui\u00e7\u00e3o j\u00e1 havia confirmado ao jornalismo do Estrat\u00e9gia Concursos. <\/p>\n\n\n\n<p>Vale ressaltar que o presidente da casa, deputado Jos\u00e9 Sarto, tamb\u00e9m havia informado que o concurso abriria vagas para os cargos de: Direito, Economia (Ci\u00eancias Econ\u00f4micas), Administra\u00e7\u00e3o, Ci\u00eancias Cont\u00e1beis, Tecnologia da Informa\u00e7\u00e3o, Jornalismo, Publicidade e Propaganda, Engenharia Civil, Arquitetura e Urbanismo e L\u00edngua Portuguesa, al\u00e9m de seis novos cargos: Biblioteconomia, Design Gr\u00e1fico, Engenharia El\u00e9trica, Psicologia, Consultoria T\u00e9cnica Legislativa e Controle Interno.<\/p>\n\n\n\n<p>Com a comiss\u00e3o definida, o pr\u00f3ximo passo do certame Assembl\u00e9ia Legislativa CE ser\u00e1 o de escolher a banca organizadora. <\/p>\n\n\n\n<p class=\"has-text-align-center has-very-light-gray-background-color has-background has-medium-font-size\"><strong>Saiba mais: <a href=\"https:\/\/www.estrategiaconcursos.com.br\/blog\/concurso-assembleia-legislativa-ce\/\" target=\"_blank\" rel=\"noreferrer noopener\" aria-label=\" (abre numa nova aba)\">Concurso Assembl\u00e9ia Legislativa CE<\/a><\/strong><\/p>\n\n\n\n<h3 class=\"wp-block-heading has-text-align-center\" id=\"h-gostou-dessa-oportunidade-confira-o-curso-abaixo\"><em>Gostou dessa oportunidade? Confira o curso abaixo.<\/em><\/h3>\n\n\n\n<p class=\"has-text-align-center has-luminous-vivid-amber-background-color has-background has-medium-font-size\"><em><strong><a href=\"https:\/\/www.estrategiaconcursos.com.br\/cursosPorConcurso\/assembleia-legislativa-do-estado-do-ceara-alce\/\" target=\"_blank\" rel=\"noreferrer noopener\">CURSOS ASSEMBLEIA CE<\/a><\/strong><\/em><\/p>\n\n\n\n<p><em><strong>Assinatura Anual Ilimitada*<\/strong><\/em><\/p>\n\n\n\n<p><em>Prepare-se com o melhor material e com quem mais aprova em&nbsp;Concursos P\u00fablicos de todo o pa\u00eds. Assine agora a nossa Assinatura Anual e tenha acesso ilimitado a todos os nossos cursos.<\/em><\/p>\n\n\n\n<p class=\"has-text-align-center has-light-green-cyan-background-color has-background has-medium-font-size\"><strong>ASSINE AGORA<\/strong>&nbsp;\u2013&nbsp;<a rel=\"noreferrer noopener\" href=\"https:\/\/www.estrategiaconcursos.com.br\/assinaturas\" target=\"_blank\"><strong>Assinatura Ilimitada<\/strong><\/a><\/p>\n\n\n\n<p class=\"has-text-align-center\"><strong><em>Fique por dentro dos concursos vigentes:<\/em><\/strong><\/p>\n\n\n\n<p class=\"has-text-align-center has-pale-cyan-blue-background-color has-background has-medium-font-size\"><strong><a href=\"https:\/\/www.estrategiaconcursos.com.br\/blog\/concursos-abertos\/\" target=\"_blank\" rel=\"noreferrer noopener\">CONCURSOS ABERTOS<\/a><\/strong><\/p>\n\n\n\n<p><br \/><br \/><\/p>\n","protected":false},"excerpt":{"rendered":"<p>H\u00e1 novidades no concurso da ALECE (Assembl\u00e9ia Legislativa do Cear\u00e1)! O primeiro-secret\u00e1rio da casa, deputado Evandro Leit\u00e3o, confirmou ao colunista do jornal O Povo, Eliomar de Lima, que a publica\u00e7\u00e3o do edital do concurso \u00e9 aguardada para mar\u00e7o de 2020. Ser\u00e3o ofertadas 100 vagas no concurso: 70 vagas para n\u00edvel superior e 30 vagas para [&hellip;]<\/p>\n","protected":false},"author":466,"featured_media":0,"comment_status":"open","ping_status":"closed","sticky":false,"template":"","format":"standard","meta":{"post_tipo":"article","footnotes":""},"categories":[1],"tags":[],"tax_estado":[],"class_list":["post-466754","post","type-post","status-publish","format-standard","hentry","category-cursos-e-concursos"],"acf":[],"yoast_head":"<!-- This site is optimized with the Yoast SEO Premium plugin v27.2 (Yoast SEO v27.2) - https:\/\/yoast.com\/product\/yoast-seo-premium-wordpress\/ -->\n<title>Assembl\u00e9ia Legislativa CE: Deputado confirma lan\u00e7amento do edital para mar\u00e7o<\/title>\n<meta name=\"description\" content=\"Primeiro-secret\u00e1rio da ALECE confirma que edital do pr\u00f3ximo concurso do \u00f3rg\u00e3o deve ser lan\u00e7ado at\u00e9 o m\u00eas de mar\u00e7o. Confira!\" \/>\n<meta name=\"robots\" content=\"index, follow, max-snippet:-1, max-image-preview:large, max-video-preview:-1\" \/>\n<link rel=\"canonical\" href=\"https:\/\/www.estrategiaconcursos.com.br\/blog\/assembleia-legislativa-ce-deputado-confirma-lancamento-do-edital-para-marco\/\" \/>\n<meta property=\"og:locale\" content=\"pt_BR\" \/>\n<meta property=\"og:type\" content=\"article\" \/>\n<meta property=\"og:title\" content=\"Assembl\u00e9ia Legislativa CE: Deputado confirma lan\u00e7amento do edital para mar\u00e7o\" \/>\n<meta property=\"og:description\" content=\"Primeiro-secret\u00e1rio da ALECE confirma que edital do pr\u00f3ximo concurso do \u00f3rg\u00e3o deve ser lan\u00e7ado at\u00e9 o m\u00eas de mar\u00e7o. Confira!\" \/>\n<meta property=\"og:url\" content=\"https:\/\/www.estrategiaconcursos.com.br\/blog\/assembleia-legislativa-ce-deputado-confirma-lancamento-do-edital-para-marco\/\" \/>\n<meta property=\"og:site_name\" content=\"Estrat\u00e9gia Concursos\" \/>\n<meta property=\"article:published_time\" content=\"2020-01-06T22:06:33+00:00\" \/>\n<meta property=\"article:modified_time\" content=\"2023-07-24T19:41:57+00:00\" \/>\n<meta name=\"author\" content=\"Natalia Coelho\" \/>\n<meta name=\"twitter:card\" content=\"summary_large_image\" \/>\n<meta name=\"twitter:creator\" content=\"@EstratConcursos\" \/>\n<meta name=\"twitter:site\" content=\"@EstratConcursos\" \/>\n<meta name=\"twitter:label1\" content=\"Escrito por\" \/>\n\t<meta name=\"twitter:data1\" content=\"Natalia Coelho\" \/>\n\t<meta name=\"twitter:label2\" content=\"Est. tempo de leitura\" \/>\n\t<meta name=\"twitter:data2\" content=\"1 minuto\" \/>\n<script type=\"application\/ld+json\" class=\"yoast-schema-graph\">{\"@context\":\"https:\/\/schema.org\",\"@graph\":[{\"@type\":\"NewsArticle\",\"@id\":\"https:\/\/www.estrategiaconcursos.com.br\/blog\/assembleia-legislativa-ce-deputado-confirma-lancamento-do-edital-para-marco\/#article\",\"isPartOf\":{\"@id\":\"https:\/\/www.estrategiaconcursos.com.br\/blog\/assembleia-legislativa-ce-deputado-confirma-lancamento-do-edital-para-marco\/\"},\"author\":{\"name\":\"Natalia Coelho\",\"@id\":\"https:\/\/www.estrategiaconcursos.com.br\/blog\/#\/schema\/person\/af8550eb004733638b2d6056bcdab927\"},\"headline\":\"Assembl\u00e9ia Legislativa CE: Deputado confirma lan\u00e7amento do edital para mar\u00e7o\",\"datePublished\":\"2020-01-06T22:06:33+00:00\",\"dateModified\":\"2023-07-24T19:41:57+00:00\",\"mainEntityOfPage\":{\"@id\":\"https:\/\/www.estrategiaconcursos.com.br\/blog\/assembleia-legislativa-ce-deputado-confirma-lancamento-do-edital-para-marco\/\"},\"wordCount\":255,\"commentCount\":0,\"publisher\":{\"@id\":\"https:\/\/www.estrategiaconcursos.com.br\/blog\/#organization\"},\"articleSection\":[\"Concursos P\u00fablicos\"],\"inLanguage\":\"pt-BR\",\"potentialAction\":[{\"@type\":\"CommentAction\",\"name\":\"Comment\",\"target\":[\"https:\/\/www.estrategiaconcursos.com.br\/blog\/assembleia-legislativa-ce-deputado-confirma-lancamento-do-edital-para-marco\/#respond\"]}],\"copyrightYear\":\"2020\",\"copyrightHolder\":{\"@id\":\"https:\/\/www.estrategiaconcursos.com.br\/blog\/#organization\"}},{\"@type\":\"WebPage\",\"@id\":\"https:\/\/www.estrategiaconcursos.com.br\/blog\/assembleia-legislativa-ce-deputado-confirma-lancamento-do-edital-para-marco\/\",\"url\":\"https:\/\/www.estrategiaconcursos.com.br\/blog\/assembleia-legislativa-ce-deputado-confirma-lancamento-do-edital-para-marco\/\",\"name\":\"Assembl\u00e9ia Legislativa CE: Deputado confirma lan\u00e7amento do edital para mar\u00e7o\",\"isPartOf\":{\"@id\":\"https:\/\/www.estrategiaconcursos.com.br\/blog\/#website\"},\"datePublished\":\"2020-01-06T22:06:33+00:00\",\"dateModified\":\"2023-07-24T19:41:57+00:00\",\"description\":\"Primeiro-secret\u00e1rio da ALECE confirma que edital do pr\u00f3ximo concurso do \u00f3rg\u00e3o deve ser lan\u00e7ado at\u00e9 o m\u00eas de mar\u00e7o. Confira!\",\"breadcrumb\":{\"@id\":\"https:\/\/www.estrategiaconcursos.com.br\/blog\/assembleia-legislativa-ce-deputado-confirma-lancamento-do-edital-para-marco\/#breadcrumb\"},\"inLanguage\":\"pt-BR\",\"potentialAction\":[{\"@type\":\"ReadAction\",\"target\":[\"https:\/\/www.estrategiaconcursos.com.br\/blog\/assembleia-legislativa-ce-deputado-confirma-lancamento-do-edital-para-marco\/\"]}]},{\"@type\":\"BreadcrumbList\",\"@id\":\"https:\/\/www.estrategiaconcursos.com.br\/blog\/assembleia-legislativa-ce-deputado-confirma-lancamento-do-edital-para-marco\/#breadcrumb\",\"itemListElement\":[{\"@type\":\"ListItem\",\"position\":1,\"name\":\"In\u00edcio\",\"item\":\"https:\/\/www.estrategiaconcursos.com.br\/blog\/\"},{\"@type\":\"ListItem\",\"position\":2,\"name\":\"Assembl\u00e9ia Legislativa CE: Deputado confirma lan\u00e7amento do edital para mar\u00e7o\"}]},{\"@type\":\"WebSite\",\"@id\":\"https:\/\/www.estrategiaconcursos.com.br\/blog\/#website\",\"url\":\"https:\/\/www.estrategiaconcursos.com.br\/blog\/\",\"name\":\"Estrat\u00e9gia Concursos\",\"description\":\"O blog da Estrat\u00e9gia Concursos traz not\u00edcias sobre concursos e artigos de professores oferecendo cursos para concursos (pdf + videaulas) no site.\",\"publisher\":{\"@id\":\"https:\/\/www.estrategiaconcursos.com.br\/blog\/#organization\"},\"potentialAction\":[{\"@type\":\"SearchAction\",\"target\":{\"@type\":\"EntryPoint\",\"urlTemplate\":\"https:\/\/www.estrategiaconcursos.com.br\/blog\/?s={search_term_string}\"},\"query-input\":{\"@type\":\"PropertyValueSpecification\",\"valueRequired\":true,\"valueName\":\"search_term_string\"}}],\"inLanguage\":\"pt-BR\"},{\"@type\":\"Organization\",\"@id\":\"https:\/\/www.estrategiaconcursos.com.br\/blog\/#organization\",\"name\":\"Estrat\u00e9gia Concursos\",\"url\":\"https:\/\/www.estrategiaconcursos.com.br\/blog\/\",\"logo\":{\"@type\":\"ImageObject\",\"inLanguage\":\"pt-BR\",\"@id\":\"https:\/\/www.estrategiaconcursos.com.br\/blog\/#\/schema\/logo\/image\/\",\"url\":\"https:\/\/dhg1h5j42swfq.cloudfront.net\/2025\/06\/03203428\/logo_concursos-1.jpg\",\"contentUrl\":\"https:\/\/dhg1h5j42swfq.cloudfront.net\/2025\/06\/03203428\/logo_concursos-1.jpg\",\"width\":230,\"height\":60,\"caption\":\"Estrat\u00e9gia Concursos\"},\"image\":{\"@id\":\"https:\/\/www.estrategiaconcursos.com.br\/blog\/#\/schema\/logo\/image\/\"},\"sameAs\":[\"https:\/\/x.com\/EstratConcursos\"]},{\"@type\":\"Person\",\"@id\":\"https:\/\/www.estrategiaconcursos.com.br\/blog\/#\/schema\/person\/af8550eb004733638b2d6056bcdab927\",\"name\":\"Natalia Coelho\",\"image\":{\"@type\":\"ImageObject\",\"inLanguage\":\"pt-BR\",\"@id\":\"https:\/\/secure.gravatar.com\/avatar\/47fd5024e4ce58f56ff06346e4aac5b08ce3a7f62069ccfd258656cc9879966f?s=96&d=mm&r=g\",\"url\":\"https:\/\/secure.gravatar.com\/avatar\/47fd5024e4ce58f56ff06346e4aac5b08ce3a7f62069ccfd258656cc9879966f?s=96&d=mm&r=g\",\"contentUrl\":\"https:\/\/secure.gravatar.com\/avatar\/47fd5024e4ce58f56ff06346e4aac5b08ce3a7f62069ccfd258656cc9879966f?s=96&d=mm&r=g\",\"caption\":\"Natalia Coelho\"},\"url\":\"https:\/\/www.estrategiaconcursos.com.br\/blog\/author\/natalia-coelho\/\"}]}<\/script>\n<!-- \/ Yoast SEO Premium plugin. -->","yoast_head_json":{"title":"Assembl\u00e9ia Legislativa CE: Deputado confirma lan\u00e7amento do edital para mar\u00e7o","description":"Primeiro-secret\u00e1rio da ALECE confirma que edital do pr\u00f3ximo concurso do \u00f3rg\u00e3o deve ser lan\u00e7ado at\u00e9 o m\u00eas de mar\u00e7o. Confira!","robots":{"index":"index","follow":"follow","max-snippet":"max-snippet:-1","max-image-preview":"max-image-preview:large","max-video-preview":"max-video-preview:-1"},"canonical":"https:\/\/www.estrategiaconcursos.com.br\/blog\/assembleia-legislativa-ce-deputado-confirma-lancamento-do-edital-para-marco\/","og_locale":"pt_BR","og_type":"article","og_title":"Assembl\u00e9ia Legislativa CE: Deputado confirma lan\u00e7amento do edital para mar\u00e7o","og_description":"Primeiro-secret\u00e1rio da ALECE confirma que edital do pr\u00f3ximo concurso do \u00f3rg\u00e3o deve ser lan\u00e7ado at\u00e9 o m\u00eas de mar\u00e7o. Confira!","og_url":"https:\/\/www.estrategiaconcursos.com.br\/blog\/assembleia-legislativa-ce-deputado-confirma-lancamento-do-edital-para-marco\/","og_site_name":"Estrat\u00e9gia Concursos","article_published_time":"2020-01-06T22:06:33+00:00","article_modified_time":"2023-07-24T19:41:57+00:00","author":"Natalia Coelho","twitter_card":"summary_large_image","twitter_creator":"@EstratConcursos","twitter_site":"@EstratConcursos","twitter_misc":{"Escrito por":"Natalia Coelho","Est. tempo de leitura":"1 minuto"},"schema":{"@context":"https:\/\/schema.org","@graph":[{"@type":"NewsArticle","@id":"https:\/\/www.estrategiaconcursos.com.br\/blog\/assembleia-legislativa-ce-deputado-confirma-lancamento-do-edital-para-marco\/#article","isPartOf":{"@id":"https:\/\/www.estrategiaconcursos.com.br\/blog\/assembleia-legislativa-ce-deputado-confirma-lancamento-do-edital-para-marco\/"},"author":{"name":"Natalia Coelho","@id":"https:\/\/www.estrategiaconcursos.com.br\/blog\/#\/schema\/person\/af8550eb004733638b2d6056bcdab927"},"headline":"Assembl\u00e9ia Legislativa CE: Deputado confirma lan\u00e7amento do edital para mar\u00e7o","datePublished":"2020-01-06T22:06:33+00:00","dateModified":"2023-07-24T19:41:57+00:00","mainEntityOfPage":{"@id":"https:\/\/www.estrategiaconcursos.com.br\/blog\/assembleia-legislativa-ce-deputado-confirma-lancamento-do-edital-para-marco\/"},"wordCount":255,"commentCount":0,"publisher":{"@id":"https:\/\/www.estrategiaconcursos.com.br\/blog\/#organization"},"articleSection":["Concursos P\u00fablicos"],"inLanguage":"pt-BR","potentialAction":[{"@type":"CommentAction","name":"Comment","target":["https:\/\/www.estrategiaconcursos.com.br\/blog\/assembleia-legislativa-ce-deputado-confirma-lancamento-do-edital-para-marco\/#respond"]}],"copyrightYear":"2020","copyrightHolder":{"@id":"https:\/\/www.estrategiaconcursos.com.br\/blog\/#organization"}},{"@type":"WebPage","@id":"https:\/\/www.estrategiaconcursos.com.br\/blog\/assembleia-legislativa-ce-deputado-confirma-lancamento-do-edital-para-marco\/","url":"https:\/\/www.estrategiaconcursos.com.br\/blog\/assembleia-legislativa-ce-deputado-confirma-lancamento-do-edital-para-marco\/","name":"Assembl\u00e9ia Legislativa CE: Deputado confirma lan\u00e7amento do edital para mar\u00e7o","isPartOf":{"@id":"https:\/\/www.estrategiaconcursos.com.br\/blog\/#website"},"datePublished":"2020-01-06T22:06:33+00:00","dateModified":"2023-07-24T19:41:57+00:00","description":"Primeiro-secret\u00e1rio da ALECE confirma que edital do pr\u00f3ximo concurso do \u00f3rg\u00e3o deve ser lan\u00e7ado at\u00e9 o m\u00eas de mar\u00e7o. Confira!","breadcrumb":{"@id":"https:\/\/www.estrategiaconcursos.com.br\/blog\/assembleia-legislativa-ce-deputado-confirma-lancamento-do-edital-para-marco\/#breadcrumb"},"inLanguage":"pt-BR","potentialAction":[{"@type":"ReadAction","target":["https:\/\/www.estrategiaconcursos.com.br\/blog\/assembleia-legislativa-ce-deputado-confirma-lancamento-do-edital-para-marco\/"]}]},{"@type":"BreadcrumbList","@id":"https:\/\/www.estrategiaconcursos.com.br\/blog\/assembleia-legislativa-ce-deputado-confirma-lancamento-do-edital-para-marco\/#breadcrumb","itemListElement":[{"@type":"ListItem","position":1,"name":"In\u00edcio","item":"https:\/\/www.estrategiaconcursos.com.br\/blog\/"},{"@type":"ListItem","position":2,"name":"Assembl\u00e9ia Legislativa CE: Deputado confirma lan\u00e7amento do edital para mar\u00e7o"}]},{"@type":"WebSite","@id":"https:\/\/www.estrategiaconcursos.com.br\/blog\/#website","url":"https:\/\/www.estrategiaconcursos.com.br\/blog\/","name":"Estrat\u00e9gia Concursos","description":"O blog da Estrat\u00e9gia Concursos traz not\u00edcias sobre concursos e artigos de professores oferecendo cursos para concursos (pdf + videaulas) no site.","publisher":{"@id":"https:\/\/www.estrategiaconcursos.com.br\/blog\/#organization"},"potentialAction":[{"@type":"SearchAction","target":{"@type":"EntryPoint","urlTemplate":"https:\/\/www.estrategiaconcursos.com.br\/blog\/?s={search_term_string}"},"query-input":{"@type":"PropertyValueSpecification","valueRequired":true,"valueName":"search_term_string"}}],"inLanguage":"pt-BR"},{"@type":"Organization","@id":"https:\/\/www.estrategiaconcursos.com.br\/blog\/#organization","name":"Estrat\u00e9gia Concursos","url":"https:\/\/www.estrategiaconcursos.com.br\/blog\/","logo":{"@type":"ImageObject","inLanguage":"pt-BR","@id":"https:\/\/www.estrategiaconcursos.com.br\/blog\/#\/schema\/logo\/image\/","url":"https:\/\/dhg1h5j42swfq.cloudfront.net\/2025\/06\/03203428\/logo_concursos-1.jpg","contentUrl":"https:\/\/dhg1h5j42swfq.cloudfront.net\/2025\/06\/03203428\/logo_concursos-1.jpg","width":230,"height":60,"caption":"Estrat\u00e9gia Concursos"},"image":{"@id":"https:\/\/www.estrategiaconcursos.com.br\/blog\/#\/schema\/logo\/image\/"},"sameAs":["https:\/\/x.com\/EstratConcursos"]},{"@type":"Person","@id":"https:\/\/www.estrategiaconcursos.com.br\/blog\/#\/schema\/person\/af8550eb004733638b2d6056bcdab927","name":"Natalia Coelho","image":{"@type":"ImageObject","inLanguage":"pt-BR","@id":"https:\/\/secure.gravatar.com\/avatar\/47fd5024e4ce58f56ff06346e4aac5b08ce3a7f62069ccfd258656cc9879966f?s=96&d=mm&r=g","url":"https:\/\/secure.gravatar.com\/avatar\/47fd5024e4ce58f56ff06346e4aac5b08ce3a7f62069ccfd258656cc9879966f?s=96&d=mm&r=g","contentUrl":"https:\/\/secure.gravatar.com\/avatar\/47fd5024e4ce58f56ff06346e4aac5b08ce3a7f62069ccfd258656cc9879966f?s=96&d=mm&r=g","caption":"Natalia Coelho"},"url":"https:\/\/www.estrategiaconcursos.com.br\/blog\/author\/natalia-coelho\/"}]}},"_links":{"self":[{"href":"https:\/\/www.estrategiaconcursos.com.br\/blog\/wp-json\/wp\/v2\/posts\/466754","targetHints":{"allow":["GET"]}}],"collection":[{"href":"https:\/\/www.estrategiaconcursos.com.br\/blog\/wp-json\/wp\/v2\/posts"}],"about":[{"href":"https:\/\/www.estrategiaconcursos.com.br\/blog\/wp-json\/wp\/v2\/types\/post"}],"author":[{"embeddable":true,"href":"https:\/\/www.estrategiaconcursos.com.br\/blog\/wp-json\/wp\/v2\/users\/466"}],"replies":[{"embeddable":true,"href":"https:\/\/www.estrategiaconcursos.com.br\/blog\/wp-json\/wp\/v2\/comments?post=466754"}],"version-history":[{"count":3,"href":"https:\/\/www.estrategiaconcursos.com.br\/blog\/wp-json\/wp\/v2\/posts\/466754\/revisions"}],"predecessor-version":[{"id":1253960,"href":"https:\/\/www.estrategiaconcursos.com.br\/blog\/wp-json\/wp\/v2\/posts\/466754\/revisions\/1253960"}],"wp:attachment":[{"href":"https:\/\/www.estrategiaconcursos.com.br\/blog\/wp-json\/wp\/v2\/media?parent=466754"}],"wp:term":[{"taxonomy":"category","embeddable":true,"href":"https:\/\/www.estrategiaconcursos.com.br\/blog\/wp-json\/wp\/v2\/categories?post=466754"},{"taxonomy":"post_tag","embeddable":true,"href":"https:\/\/www.estrategiaconcursos.com.br\/blog\/wp-json\/wp\/v2\/tags?post=466754"},{"taxonomy":"tax_estado","embeddable":true,"href":"https:\/\/www.estrategiaconcursos.com.br\/blog\/wp-json\/wp\/v2\/tax_estado?post=466754"}],"curies":[{"name":"wp","href":"https:\/\/api.w.org\/{rel}","templated":true}]}}