{"id":46640,"date":"2026-03-27T17:11:49","date_gmt":"2026-03-27T20:11:49","guid":{"rendered":"https:\/\/www.estrategiaconcursos.com.br\/blog\/?p=46640"},"modified":"2026-03-27T17:12:21","modified_gmt":"2026-03-27T20:12:21","slug":"concurso-pm-pr","status":"publish","type":"post","link":"https:\/\/www.estrategiaconcursos.com.br\/blog\/concurso-pm-pr\/","title":{"rendered":"Concurso PMPR 2026: edital autorizado! Veja detalhes"},"content":{"rendered":"\n<p class=\"has-text-align-left\" style=\"font-size:clamp(15.197px, 0.95rem + ((1vw - 3.2px) * 0.765), 23px);\"><strong><em>\u00daltimo <\/em><\/strong><span><em><strong>Concurso PMPR ofereceu oportunidades para as carreiras de Cadete e Soldado; novo certame autorizado!<\/strong><\/em><\/span><\/p>\n\n\n\n<div style=\"height:10px\" aria-hidden=\"true\" class=\"wp-block-spacer\"><\/div>\n\n\n\n<hr class=\"wp-block-separator has-alpha-channel-opacity\"\/>\n\n\n<p><center><a id=\"cta-icon\" href=\"https:\/\/sndflw.com\/i\/pm-pr-grupo\" target=\"_blank\" style=\"background:#29a61a; display:inline-flex; align-items:center; padding:10px 15px; border-radius:6px; color:#fff; text-decoration:none; font-weight:500; font-size:15px;\"><img decoding=\"async\" src=\"https:\/\/dhg1h5j42swfq.cloudfront.net\/2023\/12\/07154107\/whatsapp_13851.png\" alt=\"\" style=\"width:20px; height:20px; margin-right:8px;\"><span>Acesse agora o Grupo de Estudos para o Concurso PMPR<\/span><\/a><\/center><\/p>\n\n\n\n<div style=\"height:33px\" aria-hidden=\"true\" class=\"wp-block-spacer\"><\/div>\n\n\n\n<p>Foi autorizada internamente a realiza\u00e7\u00e3o de um novo <strong>concurso PMPR <\/strong>(<a href=\"https:\/\/www.estrategiaconcursos.com.br\/cursosPorConcurso\/pm-pr\/\" target=\"_blank\" rel=\"noreferrer noopener\">Pol\u00edcia Militar do Estado do Paran\u00e1<\/a>).<\/p>\n\n\n\n<p>As oportunidades ser\u00e3o destinadas \u00e0s fun\u00e7\u00f5es de Soldado e Cadete, conforme <a href=\"https:\/\/www.estrategiaconcursos.com.br\/blog\/concurso-pm-e-bombeiro-pr-e-autorizado\/\" target=\"_blank\" rel=\"noreferrer noopener\">despacho governamental<\/a>.<\/p>\n\n\n\n<p>Lembrando que o an\u00fancio do novo edital se deu pelo secret\u00e1rio de Seguran\u00e7a P\u00fablica do Paran\u00e1, coronel Hudson, em publica\u00e7\u00e3o nas redes sociais.<\/p>\n\n\n\n<p>&#8220;<em>\u00c9 com muita satisfa\u00e7\u00e3o que dou a not\u00edcia que o governador Ratinho J\u00fanior autorizou a amplia\u00e7\u00e3o das vagas do concurso da Pol\u00edcia Militar e do Corpo Bombeiro Militar do Paran\u00e1 e tamb\u00e9m um novo concurso para as institui\u00e7\u00f5es<\/em>&#8220;, revelou.<\/p>\n\n\n\n<ul style=\"background:linear-gradient(135deg,rgba(237,237,237,0.62) 0%,rgba(169,183,194,0.74) 100%)\" class=\"wp-block-list has-background\">\n<li><strong>Concurso PMPR &#8211; Cadete e Soldado<\/strong><\/li>\n\n\n\n<li><strong>Status<\/strong>: autorizado<\/li>\n\n\n\n<li><strong style=\"background-color: initial; color: initial;\">Vagas<\/strong><span style=\"background-color: initial; color: initial;\">: <\/span>a definir<\/li>\n\n\n\n<li><strong>Sal\u00e1rio inicial:<\/strong>&nbsp;R$ 6.101,87 e R$ 14.566,35<\/li>\n\n\n\n<li><strong>Edital:<\/strong> <a href=\"https:\/\/dhg1h5j42swfq.cloudfront.net\/2025\/03\/31165743\/edital-pm-pr-soldado-2025.pdf\" target=\"_blank\" rel=\"noreferrer noopener nofollow\">PMPR Soldado &#8211; 2025<\/a><\/li>\n\n\n\n<li><strong>Edital:<\/strong> <a href=\"https:\/\/dhg1h5j42swfq.cloudfront.net\/2025\/03\/16111247\/149e7eeb-e285-44ec-98ce-8631578ff372.pdf\" target=\"_blank\" rel=\"noreferrer noopener nofollow\">PMPR Cadete 2025<\/a><\/li>\n<\/ul>\n\n\n\n<p>Os \u00faltimos concursos da Pol\u00edcia Militar PR ofertaram 2 mil vagas para Soldado, com sal\u00e1rio de R$ 6.101,87, e 90 oportunidades para Cadete, com sal\u00e1rio de R$ 14.566,35 (2\u00ba Tenente).<\/p>\n\n\n\n<p>Confira abaixo a mat\u00e9ria que preparamos com as principais informa\u00e7\u00f5es acerca do concurso da Pol\u00edcia Militar do estado do Paran\u00e1.<\/p>\n\n\n\n<ul id=\"indice\" class=\"wp-block-list\">\n<li><strong><a href=\"#panorama\">Situa\u00e7\u00e3o atual e panorama<\/a><\/strong>\n<ul class=\"wp-block-list\">\n<li><a href=\"#autorizado\">Edital autorizado<\/a><\/li>\n\n\n\n<li><a href=\"#anunciado\">Edital anunciado<\/a><\/li>\n<\/ul>\n<\/li>\n\n\n\n<li><strong><a href=\"#novo-soldado\">Concurso Soldado &#8211; 2025<\/a><\/strong>\n<ul class=\"wp-block-list\">\n<li><a href=\"#vagas-soldado\">Cargo e vagas<\/a><\/li>\n\n\n\n<li><a href=\"#etapas\">Etapas e provas<\/a><\/li>\n<\/ul>\n<\/li>\n\n\n\n<li><strong><a href=\"#edital-cadete-2024\">Concurso Cadete &#8211; 2024<\/a><\/strong>\n<ul class=\"wp-block-list\">\n<li><a href=\"#cargos-vagas-cadete\">Cargo e vagas<\/a><\/li>\n\n\n\n<li><a href=\"#etapas-cadete-2025\">Etapas e provas<\/a><\/li>\n<\/ul>\n<\/li>\n\n\n\n<li><a href=\"#curiosidades\"><strong>Curiosidades da PM PR<\/strong><\/a>\n<ul class=\"wp-block-list\">\n<li><a href=\"#vagas-criadas\">Vagas criadas<\/a><\/li>\n\n\n\n<li><a href=\"#escolaridade\">Altera\u00e7\u00e3o de escolaridade<\/a><\/li>\n\n\n\n<li><a href=\"#remu\">Remunera\u00e7\u00f5es<\/a><\/li>\n<\/ul>\n<\/li>\n\n\n\n<li><a href=\"#ultimos-concursos\"><strong>\u00daltimos concursos<\/strong><\/a>\n\n\n\n\n\n\n\n\n\n\n\n\n\n\n\n\n\n\n\n\n\n\n\n\n\n\n\n\n\n\n\n\n\n\n\n\n\n\n\n\n\n\n\n\n\n\n\n\n\n\n\n\n\n\n\n\n\n\n\n\n\n\n\n\n\n\n\n\n\n\n\n\n\n\n\n\n\n\n\n\n\n\n\n\n\n\n\n\n\n\n\n\n\n\n\n\n\n\n\n\n\n\n\n\n\n\n\n\n\n\n\n\n\n\n\n\n\n\n\n\n\n\n\n\n\n\n\n\n\n\n\n\n\n\n\n\n\n\n\n\n\n\n\n\n\n\n\n\n\n\n\n\n\n\n\n\n\n\n\n\n\n\n\n\n\n\n\n\n\n\n\n\n\n\n\n\n\n\n\n\n\n\n\n\n\n\n\n\n\n\n\n\n\n\n\n\n\n\n\n\n\n\n\n\n\n\n\n\n\n\n\n\n\n\n\n\n\n\n\n\n\n\n\n\n\n\n\n\n\n\n\n\n\n\n\n\n<ul class=\"wp-block-list\">\n<li><a href=\"#cadete-2024\">Edital Cadete 2023<\/a><\/li>\n<\/ul>\n\n\n\n<ul class=\"wp-block-list\">\n<li><a href=\"#editalsoldado\">Edital Soldado 2021<\/a><\/li>\n<\/ul>\n<\/li>\n\n\n\n<li><a href=\"#materiais\"><strong>Materiais para estudos<\/strong><\/a>\n<ul class=\"wp-block-list\">\n<li><a href=\"#estrat\u00e9gico\">Edital Estrat\u00e9gico<\/a><\/li>\n\n\n\n<li><a href=\"#guia\">Guia de Estudos<\/a><\/li>\n<\/ul>\n<\/li>\n\n\n\n<li><strong><a href=\"#assinatura-e-cursos\">Assinaturas  e cursos<\/a><\/strong><\/li>\n\n\n\n<li><strong><a href=\"#ficha\">Ficha t\u00e9cnica<\/a><\/strong><\/li>\n<\/ul>\n\n\n\n<p class=\"has-text-align-center has-cyan-bluish-gray-background-color has-background\"><a href=\"https:\/\/www.estrategiaconcursos.com.br\/blog\/concurso-pm-pr-soldado-aprovados-alunos\/\" target=\"_blank\" rel=\"noreferrer noopener\"><strong>Concurso PMPR 2025 &#8211; Soldado: 88% dos aprovados s\u00e3o alunos do Estrat\u00e9gia!<\/strong><\/a><\/p>\n\n\n\n<p class=\"has-text-align-center has-cyan-bluish-gray-background-color has-background\"><strong><a href=\"https:\/\/www.estrategiaconcursos.com.br\/blog\/lideranca-aprovacoes-estrategia-concursos-policiais\/\" target=\"_blank\" rel=\"noreferrer noopener\">Estrat\u00e9gia: recorde de aprova\u00e7\u00f5es em concursos policiais!<\/a><\/strong><\/p>\n\n\n\n<div class=\"container\" id=\"boxes\">\n  <div class=\"row\">\n\n    <div class=\"col-sm\">\n      <div class=\"banner-policia-militar\" id=\"box-assinatura\">\n        <h2 class=\"titulo-assinatura\">Concurso PM PR<\/h2>\n        <p class=\"subtitulo-assinatura\">Rumo \u00e0 carreira policial dos seus sonhos! \u2b50<\/p>\n        <div class=\"box-botao\">\n          <a class=\"btn-assinatura\" target=\"_blank\" href=\"https:\/\/www.estrategiaconcursos.com.br\/cursosPorConcurso\/pm-pr\/\" role=\"button\" rel=\"noopener noreferrer\">VER CURSOS<\/a>\n        <\/div>\n      <\/div>\n     \n    <\/div>\n\n  <\/div>\n<\/div>\n\n\n\n<h2 class=\"wp-block-heading\" id=\"panorama\">Concurso PMPR: situa\u00e7\u00e3o atual e panorama<\/h2>\n\n\n\n<h3 class=\"wp-block-heading\" id=\"autorizado\">Edital autorizado<\/h3>\n\n\n\n<p><strong>A Pol\u00edcia Militar do Estado do Paran\u00e1 (PM PR) ter\u00e1 um novo concurso p\u00fablico muito em breve!<\/strong> Isso porque a corpora\u00e7\u00e3o recebeu a autoriza\u00e7\u00e3o para realizar o certame.<\/p>\n\n\n\n<p>O despacho que confirma a autoriza\u00e7\u00e3o do concurso ainda n\u00e3o foi publicado em Di\u00e1rio Oficial, mas j\u00e1 \u00e9 poss\u00edvel conferir no sistema e-protocolo.<\/p>\n\n\n\n<p>Inicialmente, a previs\u00e3o \u00e9 de que sejam contempladas oportunidades para os cargos de <strong>Soldado (PMPR), Cadete e Aluno Soldado Bombeiro.<\/strong><\/p>\n\n\n\n<figure class=\"wp-block-image aligncenter\"><img loading=\"lazy\" decoding=\"async\" width=\"1020\" height=\"597\" src=\"https:\/\/dhg1h5j42swfq.cloudfront.net\/2026\/03\/27163213\/image-176.png\" alt=\"concurso pm pr autorizado\" class=\"wp-image-1744637\" srcset=\"https:\/\/dhg1h5j42swfq.cloudfront.net\/2026\/03\/27163213\/image-176.png 1020w, https:\/\/dhg1h5j42swfq.cloudfront.net\/2026\/03\/27163213\/image-176-300x176.png 300w, https:\/\/dhg1h5j42swfq.cloudfront.net\/2026\/03\/27163213\/image-176-768x450.png 768w, https:\/\/dhg1h5j42swfq.cloudfront.net\/2026\/03\/27163213\/image-176-150x88.png 150w\" sizes=\"auto, (max-width: 1020px) 100vw, 1020px\" \/><\/figure>\n\n\n\n<p id=\"anunciado\">Edital anunciado<\/p>\n\n\n\n<p>Foi oficialmente anunciado um novo edital para o Corpo de Bombeiros do Paran\u00e1.<\/p>\n\n\n\n<p>A informa\u00e7\u00e3o foi divulgada pelo secret\u00e1rio de Seguran\u00e7a P\u00fablica do Paran\u00e1, coronel Hudson, em publica\u00e7\u00e3o das redes sociais.<\/p>\n\n\n\n<p>&#8220;<em>\u00c9 com muita satisfa\u00e7\u00e3o que dou a not\u00edcia que o governador Ratinho J\u00fanior autorizou a amplia\u00e7\u00e3o das vagas do concurso da Pol\u00edcia Militar e do Corpo Bombeiro Militar do Paran\u00e1 e tamb\u00e9m um novo concurso para as institui\u00e7\u00f5es<\/em>&#8220;, revelou.<\/p>\n\n\n\n<h2 class=\"wp-block-heading\" id=\"novo-soldado\">Concurso PMPR: edital Soldado 2025<\/h2>\n\n\n\n<p>Veja as informa\u00e7\u00f5es mais importantes do Concurso PMPR para o cargo de Soldado:<\/p>\n\n\n\n<ul class=\"wp-block-list\">\n<li><strong>Provas: <\/strong>29\/06\/2025<\/li>\n\n\n\n<li><strong>Vagas: <\/strong>2.000<\/li>\n\n\n\n<li><strong>Banca: <\/strong><a href=\"https:\/\/concursos.ibfc.org.br\/informacoes\/476\/\" target=\"_blank\" rel=\"noreferrer noopener\">IBFC<\/a><\/li>\n\n\n\n<li><strong>Escolaridade: <\/strong>n\u00edvel superior<\/li>\n\n\n\n<li><strong>Edital:<\/strong> <a href=\"https:\/\/dhg1h5j42swfq.cloudfront.net\/2025\/03\/31165743\/edital-pm-pr-soldado-2025.pdf\" target=\"_blank\" rel=\"noreferrer noopener nofollow\">PM PR Soldado &#8211; 2025<\/a><\/li>\n<\/ul>\n\n\n\n<h3 class=\"wp-block-heading\" id=\"vagas-soldado\">Cargos e vagas do concurso PMPR<\/h3>\n\n\n\n<figure class=\"wp-block-table is-style-stripes\"><table class=\"has-very-light-gray-to-cyan-bluish-gray-gradient-background has-background has-fixed-layout\"><thead><tr><th class=\"has-text-align-center\" data-align=\"center\">Cargo<\/th><th class=\"has-text-align-center\" data-align=\"center\">Vagas<\/th><th class=\"has-text-align-center\" data-align=\"center\">Sal\u00e1rio<\/th><\/tr><\/thead><tbody><tr><td class=\"has-text-align-center\" data-align=\"center\">Soldado Combatente<\/td><td class=\"has-text-align-center\" data-align=\"center\">2.000<\/td><td class=\"has-text-align-center\" data-align=\"center\">R$ 6.101,87<\/td><\/tr><\/tbody><\/table><\/figure>\n\n\n\n<figure class=\"wp-block-image aligncenter size-large\"><img loading=\"lazy\" decoding=\"async\" width=\"1024\" height=\"151\" src=\"https:\/\/dhg1h5j42swfq.cloudfront.net\/2025\/03\/28084545\/image-449-1024x151.png\" alt=\"Distribui\u00e7\u00e3o das vagas do concurso PMPR Soldado 2025\" class=\"wp-image-1553547\" srcset=\"https:\/\/dhg1h5j42swfq.cloudfront.net\/2025\/03\/28084545\/image-449-1024x151.png 1024w, https:\/\/dhg1h5j42swfq.cloudfront.net\/2025\/03\/28084545\/image-449-300x44.png 300w, https:\/\/dhg1h5j42swfq.cloudfront.net\/2025\/03\/28084545\/image-449-768x114.png 768w, https:\/\/dhg1h5j42swfq.cloudfront.net\/2025\/03\/28084545\/image-449-150x22.png 150w, https:\/\/dhg1h5j42swfq.cloudfront.net\/2025\/03\/28084545\/image-449.png 1299w\" sizes=\"auto, (max-width: 1024px) 100vw, 1024px\" \/><figcaption class=\"wp-element-caption\">Distribui\u00e7\u00e3o das vagas do concurso PMPR Soldado<\/figcaption><\/figure>\n\n\n\n<h4 class=\"wp-block-heading\" id=\"requisitos\">Principais requisitos<\/h4>\n\n\n\n<ul class=\"wp-block-list\">\n<li>Ter no m\u00e1ximo <strong>30 anos<\/strong> de idade no ato da inscri\u00e7\u00e3o, ou seja, n\u00e3o ter completado 31 anos no primeiro dia de inscri\u00e7\u00f5es;<\/li>\n\n\n\n<li>Possuir o <strong>Ensino Superior<\/strong>;<\/li>\n\n\n\n<li><strong>Carteira Nacional de Habilita\u00e7\u00e3o<\/strong> no m\u00ednimo categoria &#8216;B&#8217;.<\/li>\n<\/ul>\n\n\n\n<h4 class=\"wp-block-heading\" id=\"h-salario-da-pmpr\">Sal\u00e1rio da PMPR<\/h4>\n\n\n\n<ul class=\"wp-block-list\">\n<li>R$ 2.530,12 para o cargo de Aluno-Soldado de 3\u00aa Classe Policial Militar.<\/li>\n\n\n\n<li>R$ 3.795,18 para o cargo de Aluno-Soldado Operacional de 2\u00aa Classe Policial Militar.<\/li>\n\n\n\n<li>R$ 6.101,87 para o cargo de Soldado de 1\u00aa Classe Policial Militar.<\/li>\n<\/ul>\n\n\n\n<p>Aux\u00edlio-alimenta\u00e7\u00e3o no valor de R$ 834,74 para todos os cargos.<\/p>\n\n\n\n<h3 class=\"wp-block-heading\" id=\"etapas\">Etapas e provas do concurso PMPR<\/h3>\n\n\n\n<p>Os candidatos do concurso Pol\u00edcia Militar PR foram avaliados mediante aplica\u00e7\u00e3o da seguintes etapas:<\/p>\n\n\n\n<ul class=\"wp-block-list\">\n<li>1\u00aa Prova Objetiva e Prova Discursiva &#8211; car\u00e1ter Eliminat\u00f3rio e Classificat\u00f3rio;<\/li>\n\n\n\n<li>2\u00aa Exame de Capacidade F\u00edsica &#8211; car\u00e1ter Eliminat\u00f3rio;<\/li>\n\n\n\n<li>3\u00aa Avalia\u00e7\u00e3o Psicol\u00f3gica &#8211; car\u00e1ter Eliminat\u00f3rio;<\/li>\n\n\n\n<li>4\u00aa Exame de Sanidade F\u00edsica &#8211; car\u00e1ter Eliminat\u00f3rio;<\/li>\n\n\n\n<li>5\u00aa Investiga\u00e7\u00e3o Social &#8211; car\u00e1ter Eliminat\u00f3rio.<\/li>\n<\/ul>\n\n\n\n<p>As Provas Objetivas e Discursivas foram realizadas nas cidades de Curitiba, Cascavel, Campo Mour\u00e3o, Foz do Igua\u00e7u, Guarapuava, Jacarezinho, Londrina, Maring\u00e1, Paranagu\u00e1, Pato Branco, Ponta Grossa e Umuarama, no Estado do Paran\u00e1.<\/p>\n\n\n\n<h4 class=\"wp-block-heading\" id=\"objetiva\">Provas Objetivas<\/h4>\n\n\n\n<p>A Prova Objetiva foi constitu\u00edda de 60 quest\u00f5es de m\u00faltipla escolha (cinco alternativas) de Conhecimentos Gerais e Espec\u00edficos, conforme abaixo:<\/p>\n\n\n\n<ul class=\"wp-block-list\">\n<li><strong>Conhecimentos Gerais:<\/strong>\n<ul class=\"wp-block-list\">\n<li>L\u00edngua Portuguesa<\/li>\n\n\n\n<li>Racioc\u00ednio Matem\u00e1tico<\/li>\n\n\n\n<li>No\u00e7\u00f5es de Inform\u00e1tica<\/li>\n\n\n\n<li>Hist\u00f3ria<\/li>\n\n\n\n<li>Geografia<\/li>\n<\/ul>\n<\/li>\n\n\n\n<li><strong>Conhecimentos Espec\u00edficos:<\/strong>\n<ul class=\"wp-block-list\">\n<li>Constitui\u00e7\u00e3o da Rep\u00fablica Federativa do Brasil<\/li>\n\n\n\n<li>Direitos Humanos<\/li>\n\n\n\n<li>Legisla\u00e7\u00e3o<\/li>\n\n\n\n<li>Legisla\u00e7\u00e3o Institucional<\/li>\n<\/ul>\n<\/li>\n<\/ul>\n\n\n\n<p>A prova do concurso PMPR Soldado foi avaliada na escala de 0 a 80 pontos, considerando-se habilitado o candidato que, cumulativamente:<\/p>\n\n\n\n<ul class=\"wp-block-list\">\n<li>a) Alcan\u00e7ou, no m\u00ednimo, 12 pontos na prova de conhecimentos gerais;<\/li>\n\n\n\n<li>b) Alcan\u00e7ou, no m\u00ednimo, 12 pontos na prova de conhecimentos espec\u00edficos; e<\/li>\n\n\n\n<li>c) Alcan\u00e7ou, no m\u00ednimo, 32 pontos do total da prova objetiva.<\/li>\n<\/ul>\n\n\n\n<h4 class=\"wp-block-heading\" id=\"discursiva\">Prova Discursiva<\/h4>\n\n\n\n<p>A Prova Discursiva tem car\u00e1ter eliminat\u00f3rio e classificat\u00f3rio, sendo avaliada na escala de 0 a 20 pontos, considerando-se habilitado o candidato que nela obteve nota igual ou superior a 10 pontos.<\/p>\n\n\n\n<p>A avalia\u00e7\u00e3o foi realizada na mesma data da prova objetiva, consistindo em uma Reda\u00e7\u00e3o contendo no m\u00ednimo 20 e no m\u00e1ximo 25 linhas, observando os crit\u00e9rios de corre\u00e7\u00e3o estabelecidos abaixo:<\/p>\n\n\n\n<figure class=\"wp-block-image aligncenter size-large\"><img loading=\"lazy\" decoding=\"async\" width=\"1024\" height=\"140\" src=\"https:\/\/dhg1h5j42swfq.cloudfront.net\/2025\/03\/28085215\/image-450-1024x140.png\" alt=\"Crit\u00e9rios da prova discursiva do edital PMPR Soldado 2025\" class=\"wp-image-1553552\" srcset=\"https:\/\/dhg1h5j42swfq.cloudfront.net\/2025\/03\/28085215\/image-450-1024x140.png 1024w, https:\/\/dhg1h5j42swfq.cloudfront.net\/2025\/03\/28085215\/image-450-300x41.png 300w, https:\/\/dhg1h5j42swfq.cloudfront.net\/2025\/03\/28085215\/image-450-768x105.png 768w, https:\/\/dhg1h5j42swfq.cloudfront.net\/2025\/03\/28085215\/image-450-150x21.png 150w, https:\/\/dhg1h5j42swfq.cloudfront.net\/2025\/03\/28085215\/image-450.png 1286w\" sizes=\"auto, (max-width: 1024px) 100vw, 1024px\" \/><figcaption class=\"wp-element-caption\">Crit\u00e9rios da prova discursiva do concurso PMPR Soldado<\/figcaption><\/figure>\n\n\n\n<h4 class=\"wp-block-heading\" id=\"pratica\">Teste de Aptid\u00e3o F\u00edsica<\/h4>\n\n\n\n<p>O <a href=\"https:\/\/www.estrategiaconcursos.com.br\/blog\/preparacao-teste-aptidao-fisica\/\" target=\"_blank\" rel=\"noreferrer noopener\">Exame de Capacidade F\u00edsica<\/a> (ECAFI) do concurso PMPR ser\u00e1 realizado pelo candidato em um \u00fanico dia e consistir\u00e1 na execu\u00e7\u00e3o dos testes, conforme quadro a seguir:<\/p>\n\n\n\n<figure class=\"wp-block-table is-style-stripes\"><table class=\"has-very-light-gray-to-cyan-bluish-gray-gradient-background has-background has-fixed-layout\"><thead><tr><th class=\"has-text-align-center\" data-align=\"center\">Testes<\/th><th class=\"has-text-align-center\" data-align=\"center\">Masculino<\/th><th class=\"has-text-align-center\" data-align=\"center\">Feminino<\/th><\/tr><\/thead><tbody><tr><td class=\"has-text-align-center\" data-align=\"center\">Barra Fixa<\/td><td class=\"has-text-align-center\" data-align=\"center\">06 repeti\u00e7\u00f5es de flex\u00e3o<\/td><td class=\"has-text-align-center\" data-align=\"center\">15 segundos em isometria<\/td><\/tr><tr><td class=\"has-text-align-center\" data-align=\"center\">Abdominal<\/td><td class=\"has-text-align-center\" data-align=\"center\">31 repeti\u00e7\u00f5es<\/td><td class=\"has-text-align-center\" data-align=\"center\">26 repeti\u00e7\u00f5es<\/td><\/tr><tr><td class=\"has-text-align-center\" data-align=\"center\">Corrida &#8211; 300 metros<\/td><td class=\"has-text-align-center\" data-align=\"center\">56 segundos<\/td><td class=\"has-text-align-center\" data-align=\"center\">64 segundos<\/td><\/tr><tr><td class=\"has-text-align-center\" data-align=\"center\">Corrida &#8211; 2.400 metros<\/td><td class=\"has-text-align-center\" data-align=\"center\">11min. e 58seg.<\/td><td class=\"has-text-align-center\" data-align=\"center\">14min. e 07seg.<\/td><\/tr><\/tbody><\/table><\/figure>\n\n\n\n<hr class=\"wp-block-separator has-alpha-channel-opacity is-style-dots\"\/>\n\n\n\n<h2 class=\"wp-block-heading\" id=\"edital-cadete-2024\">Concurso PMPR: edital Cadete 2024<\/h2>\n\n\n\n<p>Veja as informa\u00e7\u00f5es mais importantes do Concurso PMPR para o cargo de Cadete:<\/p>\n\n\n\n<ul class=\"wp-block-list\">\n<li><strong>Provas: <\/strong>27\/07\/2025<\/li>\n\n\n\n<li><strong>Vagas: <\/strong>90<\/li>\n\n\n\n<li><strong>Banca: <\/strong><a href=\"https:\/\/www.institutoaocp.org.br\/concursos\/644\" target=\"_blank\" rel=\"noreferrer noopener\">Instituto AOCP<\/a><\/li>\n\n\n\n<li><strong>Escolaridade: <\/strong>n\u00edvel superior<\/li>\n\n\n\n<li><strong>Edital<\/strong>: <a href=\"https:\/\/dhg1h5j42swfq.cloudfront.net\/2025\/03\/16111247\/149e7eeb-e285-44ec-98ce-8631578ff372.pdf\" target=\"_blank\" rel=\"noreferrer noopener nofollow\">PM PR Cadete 2025<\/a><\/li>\n\n\n\n<li><a href=\"https:\/\/dhg1h5j42swfq.cloudfront.net\/2026\/02\/10094429\/pm-pr-homologacao.pdf\" target=\"_blank\" rel=\"noreferrer noopener nofollow\">Homologa\u00e7\u00e3o<\/a><\/li>\n<\/ul>\n\n\n\n<h3 class=\"wp-block-heading\" id=\"cargos-vagas-cadete\">Cargos e vagas do edital PMPR Cadete<\/h3>\n\n\n\n<figure class=\"wp-block-table is-style-stripes\"><table class=\"has-very-light-gray-to-cyan-bluish-gray-gradient-background has-background has-fixed-layout\"><thead><tr><th class=\"has-text-align-center\" data-align=\"center\">Cargo<\/th><th class=\"has-text-align-center\" data-align=\"center\">Vagas<\/th><th class=\"has-text-align-center\" data-align=\"center\">Sal\u00e1rio<\/th><\/tr><\/thead><tbody><tr><td class=\"has-text-align-center\" data-align=\"center\">Cadete<\/td><td class=\"has-text-align-center\" data-align=\"center\">90<\/td><td class=\"has-text-align-center\" data-align=\"center\">R$ 14.566,35<\/td><\/tr><\/tbody><\/table><\/figure>\n\n\n\n<h4 class=\"wp-block-heading\" id=\"requisitos\">Sal\u00e1rios<\/h4>\n\n\n\n<ul class=\"wp-block-list\">\n<li><strong>Cadete Policial Militar (1\u00ba ano):<\/strong>&nbsp;R$ 3.994,86<\/li>\n\n\n\n<li><strong>Aspirante-a-Oficial (1\u00ba ano de est\u00e1gio ap\u00f3s conclus\u00e3o do curso):&nbsp;<\/strong>R$ 8.280,91<\/li>\n\n\n\n<li><strong>2\u00ba Tenente QOPM:&nbsp;<\/strong>R$ 13.731,61<\/li>\n<\/ul>\n\n\n\n<p>Os aprovados recebem <strong>aux\u00edlio-alimenta\u00e7\u00e3o no valor de R$ 834,74<\/strong>.<\/p>\n\n\n\n<h4 class=\"wp-block-heading\" id=\"requisitos\">Principais requisitos<\/h4>\n\n\n\n<ul class=\"wp-block-list\">\n<li>Ter no m\u00e1ximo <strong>30 anos<\/strong> de idade no ato da inscri\u00e7\u00e3o, ou seja, n\u00e3o ter completado 31 anos no primeiro dia de inscri\u00e7\u00f5es;<\/li>\n\n\n\n<li>Possuir o <strong>curso superior de bacharel em Direito<\/strong>; e<\/li>\n\n\n\n<li>Estar quite com as obriga\u00e7\u00f5es militar e eleitoral.<\/li>\n<\/ul>\n\n\n\n<h3 class=\"wp-block-heading\" id=\"etapas-cadete-2025\">Etapas e provas do edital PMPR Cadete<\/h3>\n\n\n\n<p>Os candidatos do concurso Pol\u00edcia Militar PR foram avaliados mediante aplica\u00e7\u00e3o da seguintes etapas:<\/p>\n\n\n\n<ul class=\"wp-block-list\">\n<li><strong>Prova Objetiva,&nbsp;<\/strong>de car\u00e1ter eliminat\u00f3rio e classificat\u00f3rio;<\/li>\n\n\n\n<li><strong>Prova Discursiva e Reda\u00e7\u00e3o,&nbsp;<\/strong>de car\u00e1ter eliminat\u00f3rio e classificat\u00f3rio;<\/li>\n\n\n\n<li><strong>Prova de T\u00edtulos e Experi\u00eancia Profissional,&nbsp;<\/strong>de car\u00e1ter classificat\u00f3rio,<\/li>\n\n\n\n<li><strong>Exame de Capacidade F\u00edsica,&nbsp;<\/strong>de car\u00e1ter eliminat\u00f3rio;<\/li>\n\n\n\n<li><strong>Avalia\u00e7\u00e3o Psicol\u00f3gica,&nbsp;<\/strong>de car\u00e1ter eliminat\u00f3rio;<\/li>\n\n\n\n<li><strong>Exame de Sanidade F\u00edsica,&nbsp;<\/strong>de car\u00e1ter eliminat\u00f3rio; e<\/li>\n\n\n\n<li><strong>Fase Investiga\u00e7\u00e3o Social,&nbsp;<\/strong>de car\u00e1ter eliminat\u00f3rio.<\/li>\n<\/ul>\n\n\n\n<h4 class=\"wp-block-heading\" id=\"objetiva\">Provas Objetivas<\/h4>\n\n\n\n<p>A etapa, de car\u00e1ter eliminat\u00f3rio e classificat\u00f3rio, foi aplicada em Curitiba, Ponta Grossa, Londrina, Maring\u00e1 e Cascavel, no estado do Paran\u00e1.<br \/><br \/>A prova foi composta por 80 quest\u00f5es do tipo m\u00faltipla escolha, com cinco alternativas cada. Avaliada na escala de 0 a 80 pontos, foi aprovado o candidato que obteve, no m\u00ednimo, 40 pontos do total.<\/p>\n\n\n\n<figure class=\"wp-block-image aligncenter size-large\"><img loading=\"lazy\" decoding=\"async\" width=\"1024\" height=\"728\" src=\"https:\/\/dhg1h5j42swfq.cloudfront.net\/2025\/04\/16112327\/image-250-1024x728.png\" alt=\"Disciplinas cobradas na prova objetiva do Edital PM PR Cadete\" class=\"wp-image-1563933\" srcset=\"https:\/\/dhg1h5j42swfq.cloudfront.net\/2025\/04\/16112327\/image-250-1024x728.png 1024w, https:\/\/dhg1h5j42swfq.cloudfront.net\/2025\/04\/16112327\/image-250-300x213.png 300w, https:\/\/dhg1h5j42swfq.cloudfront.net\/2025\/04\/16112327\/image-250-768x546.png 768w, https:\/\/dhg1h5j42swfq.cloudfront.net\/2025\/04\/16112327\/image-250-150x107.png 150w, https:\/\/dhg1h5j42swfq.cloudfront.net\/2025\/04\/16112327\/image-250.png 1105w\" sizes=\"auto, (max-width: 1024px) 100vw, 1024px\" \/><figcaption class=\"wp-element-caption\">Disciplinas cobradas na prova objetiva do Edital PMPR Cadete<\/figcaption><\/figure>\n\n\n\n<h4 class=\"wp-block-heading\" id=\"discursiva\">Prova Discursiva<\/h4>\n\n\n\n<p>A etapa, de car\u00e1ter eliminat\u00f3rio e classificat\u00f3rio e com dura\u00e7\u00e3o total de 4 horas, ser\u00e1 constitu\u00edda da seguinte maneira:<\/p>\n\n\n\n<ul class=\"wp-block-list\">\n<li><strong>a) Quest\u00f5es de Conhecimento Espec\u00edfico<\/strong>: 4 Quest\u00f5es Discursivas do tipo situa\u00e7\u00e3o-problema, no valor de 15 pontos cada, de 20 a 30 linhas cada, a respeito das \u00e1reas de conhecimento relacionadas \u00e0s disciplinas de Direito Constitucional, Direito Administrativo, Direito Penal e Processual Penal e Direito Penal Militar e Processual Penal Militar.<\/li>\n\n\n\n<li><strong>b) Reda\u00e7\u00e3o<\/strong>: elabora\u00e7\u00e3o de 1 texto com 20 a 25 linhas, devendo adotar uma linha de abordagem utilizando a tipologia textual disserta\u00e7\u00e3o, apresentando valores, opini\u00f5es, cren\u00e7as, hip\u00f3teses, ideias.<\/li>\n<\/ul>\n\n\n\n<figure class=\"wp-block-image aligncenter size-large\"><img loading=\"lazy\" decoding=\"async\" width=\"1024\" height=\"311\" src=\"https:\/\/dhg1h5j42swfq.cloudfront.net\/2025\/04\/16112458\/image-251-1024x311.png\" alt=\"Crit\u00e9rios de avalia\u00e7\u00e3o da prova discursiva da prova pm pr cadete\" class=\"wp-image-1563934\" srcset=\"https:\/\/dhg1h5j42swfq.cloudfront.net\/2025\/04\/16112458\/image-251-1024x311.png 1024w, https:\/\/dhg1h5j42swfq.cloudfront.net\/2025\/04\/16112458\/image-251-300x91.png 300w, https:\/\/dhg1h5j42swfq.cloudfront.net\/2025\/04\/16112458\/image-251-768x233.png 768w, https:\/\/dhg1h5j42swfq.cloudfront.net\/2025\/04\/16112458\/image-251-150x46.png 150w, https:\/\/dhg1h5j42swfq.cloudfront.net\/2025\/04\/16112458\/image-251.png 1109w\" sizes=\"auto, (max-width: 1024px) 100vw, 1024px\" \/><figcaption class=\"wp-element-caption\">Crit\u00e9rios de avalia\u00e7\u00e3o da prova discursiva<\/figcaption><\/figure>\n\n\n\n<p>Foi considerado aprovado o candidato que obtve nota igual ou superior a 20 pontos na Reda\u00e7\u00e3o e, cumulativamente, obteve nota igual ou superior a 30 pontos no somat\u00f3rio das Quest\u00f5es Discursivas.<\/p>\n\n\n\n<h4 class=\"wp-block-heading\" id=\"titulos\">Avalia\u00e7\u00e3o de T\u00edtulos<\/h4>\n\n\n\n<p>A Prova de T\u00edtulos e Experi\u00eancia Profissional (PTEP), de car\u00e1ter classificat\u00f3rio, foi avaliada na escala de 0 a 20 pontos, com atribui\u00e7\u00e3o de pontua\u00e7\u00e3o para cada titula\u00e7\u00e3o e para o tempo de experi\u00eancia profissional.<\/p>\n\n\n\n<figure class=\"wp-block-image aligncenter size-large is-resized\"><img loading=\"lazy\" decoding=\"async\" width=\"1024\" height=\"580\" src=\"https:\/\/dhg1h5j42swfq.cloudfront.net\/2025\/04\/16113324\/image-252-1024x580.png\" alt=\"T\u00edtulos aceitos no concurso PM PR para Cadete\" class=\"wp-image-1563946\" style=\"width:806px;height:auto\" srcset=\"https:\/\/dhg1h5j42swfq.cloudfront.net\/2025\/04\/16113324\/image-252-1024x580.png 1024w, https:\/\/dhg1h5j42swfq.cloudfront.net\/2025\/04\/16113324\/image-252-300x170.png 300w, https:\/\/dhg1h5j42swfq.cloudfront.net\/2025\/04\/16113324\/image-252-768x435.png 768w, https:\/\/dhg1h5j42swfq.cloudfront.net\/2025\/04\/16113324\/image-252-150x85.png 150w, https:\/\/dhg1h5j42swfq.cloudfront.net\/2025\/04\/16113324\/image-252.png 1102w\" sizes=\"auto, (max-width: 1024px) 100vw, 1024px\" \/><figcaption class=\"wp-element-caption\">T\u00edtulos aceitos no concurso PMPR para Cadete<\/figcaption><\/figure>\n\n\n\n<h4 class=\"wp-block-heading\" id=\"pratica\">Teste de Aptid\u00e3o F\u00edsica<\/h4>\n\n\n\n<p>A etapa consistiu na realiza\u00e7\u00e3o de um conjunto de testes compostos de exerc\u00edcios f\u00edsicos que avaliem par\u00e2metros de for\u00e7a, coordena\u00e7\u00e3o e equil\u00edbrio din\u00e2mico e\/ou flexibilidade, pot\u00eancia muscular, capacidade aer\u00f3bica, anaer\u00f3bica e velocidade, devendo o candidato ser capaz de cumprir o que lhe \u00e9 proposto.<\/p>\n\n\n\n<figure class=\"wp-block-image aligncenter size-full is-resized\"><img loading=\"lazy\" decoding=\"async\" width=\"771\" height=\"297\" src=\"https:\/\/dhg1h5j42swfq.cloudfront.net\/2025\/04\/16114805\/image-253.png\" alt=\"Exerc\u00edcios cobrados no Teste de Aptid\u00e3o F\u00edsica do Concurso PM PR de Cadete\" class=\"wp-image-1563956\" style=\"width:607px;height:auto\" srcset=\"https:\/\/dhg1h5j42swfq.cloudfront.net\/2025\/04\/16114805\/image-253.png 771w, https:\/\/dhg1h5j42swfq.cloudfront.net\/2025\/04\/16114805\/image-253-300x116.png 300w, https:\/\/dhg1h5j42swfq.cloudfront.net\/2025\/04\/16114805\/image-253-768x296.png 768w, https:\/\/dhg1h5j42swfq.cloudfront.net\/2025\/04\/16114805\/image-253-150x58.png 150w\" sizes=\"auto, (max-width: 771px) 100vw, 771px\" \/><figcaption class=\"wp-element-caption\">Exerc\u00edcios cobrados no Teste de Aptid\u00e3o F\u00edsica<\/figcaption><\/figure>\n\n\n\n<hr class=\"wp-block-separator has-alpha-channel-opacity is-style-dots\"\/>\n\n\n\n<h2 class=\"wp-block-heading\" id=\"curiosidades\">Concurso PMPR: curiosidades da Pol\u00edcia Militar<\/h2>\n\n\n\n<h3 class=\"wp-block-heading\" id=\"vagas-criadas\">Lei cria 273 vagas<\/h3>\n\n\n\n<p>Foi publicada a <strong><a href=\"https:\/\/www.aen.pr.gov.br\/sites\/default\/arquivos_restritos\/files\/documento\/2024-04\/pl155.2024lei21.925_ass_2.pdf\" target=\"_blank\" rel=\"noreferrer noopener\">lei 21.925\/2024<\/a><\/strong> que criou 273 novas vagas nos quadros da Pol\u00edcia Militar do Paran\u00e1. Com isso, o efetivo chega a <strong>23.469<\/strong> policiais.<\/p>\n\n\n\n<p>A cria\u00e7\u00e3o das vagas pode viabilizar a realiza\u00e7\u00e3o do novo concurso. Conforme anunciou a Ag\u00eancia Estadual de Not\u00edcias do governo, os profissionais ser\u00e3o contratados por meio do certame.<\/p>\n\n\n\n<h3 class=\"wp-block-heading\" id=\"escolaridade\">Altera\u00e7\u00e3o de escolaridade<\/h3>\n\n\n\n<p>Foi&nbsp;<strong>sancionada a Lei n\u00ba 21.828\/2023<\/strong>, que altera os requisitos de ingresso para os&nbsp;<strong>concursos da Pol\u00edcia Militar e do Corpo de Bombeiros do Paran\u00e1 (PM e CBM PR).<\/strong><\/p>\n\n\n\n<p>Agora, ser\u00e1 exigido o n\u00edvel superior de escolaridade tamb\u00e9m para o cargo de Soldado, em qualquer \u00e1rea de forma\u00e7\u00e3o.<\/p>\n\n\n\n<p>J\u00e1 para a fun\u00e7\u00e3o de Oficial, a exig\u00eancia \u00e9 de bacharelado em direito para a PM e em qualquer \u00e1rea de conhecimento para os Bombeiros. Veja abaixo!<\/p>\n\n\n\n<figure class=\"wp-block-image aligncenter\"><img loading=\"lazy\" decoding=\"async\" width=\"986\" height=\"465\" src=\"https:\/\/dhg1h5j42swfq.cloudfront.net\/2023\/12\/14190124\/image-252.png\" alt=\"Concursos PM e CBM PR: sancionada lei que altera escolaridade\" class=\"wp-image-1321813\" srcset=\"https:\/\/dhg1h5j42swfq.cloudfront.net\/2023\/12\/14190124\/image-252.png 986w, https:\/\/dhg1h5j42swfq.cloudfront.net\/2023\/12\/14190124\/image-252-300x141.png 300w, https:\/\/dhg1h5j42swfq.cloudfront.net\/2023\/12\/14190124\/image-252-768x362.png 768w, https:\/\/dhg1h5j42swfq.cloudfront.net\/2023\/12\/14190124\/image-252-610x288.png 610w, https:\/\/dhg1h5j42swfq.cloudfront.net\/2023\/12\/14190124\/image-252-150x71.png 150w\" sizes=\"auto, (max-width: 986px) 100vw, 986px\" \/><figcaption class=\"wp-element-caption\">Concursos PM e CBM PR: sancionada lei que altera escolaridade<\/figcaption><\/figure>\n\n\n\n<h3 class=\"wp-block-heading\" id=\"remu\">Remunera\u00e7\u00f5es dos cargos<\/h3>\n\n\n\n<figure class=\"wp-block-image aligncenter size-large\"><img loading=\"lazy\" decoding=\"async\" width=\"1024\" height=\"698\" src=\"https:\/\/dhg1h5j42swfq.cloudfront.net\/2024\/08\/23181125\/image-546-1024x698.png\" alt=\"Tabela salarial da Pol\u00edcia Militar do Paran\u00e1\" class=\"wp-image-1450731\" srcset=\"https:\/\/dhg1h5j42swfq.cloudfront.net\/2024\/08\/23181125\/image-546-1024x698.png 1024w, https:\/\/dhg1h5j42swfq.cloudfront.net\/2024\/08\/23181125\/image-546-300x205.png 300w, https:\/\/dhg1h5j42swfq.cloudfront.net\/2024\/08\/23181125\/image-546-768x524.png 768w, https:\/\/dhg1h5j42swfq.cloudfront.net\/2024\/08\/23181125\/image-546-610x416.png 610w, https:\/\/dhg1h5j42swfq.cloudfront.net\/2024\/08\/23181125\/image-546-150x102.png 150w, https:\/\/dhg1h5j42swfq.cloudfront.net\/2024\/08\/23181125\/image-546.png 1057w\" sizes=\"auto, (max-width: 1024px) 100vw, 1024px\" \/><figcaption class=\"wp-element-caption\">Tabela salarial da Pol\u00edcia Militar do Paran\u00e1<\/figcaption><\/figure>\n\n\n\n<hr class=\"wp-block-separator has-alpha-channel-opacity is-style-dots\"\/>\n\n\n\n<h2 class=\"wp-block-heading\" id=\"ultimos-concursos\">Concurso PMPR: \u00faltimos editais<\/h2>\n\n\n\n<h3 class=\"wp-block-heading has-cyan-bluish-gray-background-color has-background\" id=\"cadete-2024\">Edital Cadete PM PR 2023<\/h3>\n\n\n\n<ul class=\"wp-block-list\">\n<li><strong>Provas: <\/strong>22\/10\/2023<\/li>\n\n\n\n<li><strong>Vagas: <\/strong>78 [ampliadas]<\/li>\n\n\n\n<li><strong>Banca: <\/strong>UFPR<\/li>\n\n\n\n<li><strong>Escolaridade: <\/strong>n\u00edvel m\u00e9dio<\/li>\n\n\n\n<li><strong>Edital:<\/strong> <a href=\"https:\/\/dhg1h5j42swfq.cloudfront.net\/2023\/06\/01093726\/publicacaodocumento.pdf\" target=\"_blank\" rel=\"noreferrer noopener nofollow\">PM PR Cadete-2023<\/a> |&nbsp;<a href=\"https:\/\/dhg1h5j42swfq.cloudfront.net\/2023\/06\/01101621\/publicacaodocumento-2.pdf\" target=\"_blank\" rel=\"noreferrer noopener\">PSS UFPR 2023<\/a>&nbsp;|&nbsp;<a href=\"https:\/\/dhg1h5j42swfq.cloudfront.net\/2023\/06\/01101615\/publicacaodocumento-3.pdf\" target=\"_blank\" rel=\"noreferrer noopener\">Programa de provas<\/a><\/li>\n<\/ul>\n\n\n\n<h4 class=\"wp-block-heading\" id=\"cargos-vagas\">Cargos e vagas do \u00faltimo edital PM PR Cadete<\/h4>\n\n\n\n<figure class=\"wp-block-table is-style-stripes\"><table class=\"has-very-light-gray-to-cyan-bluish-gray-gradient-background has-background has-fixed-layout\"><thead><tr><th class=\"has-text-align-center\" data-align=\"center\">CARGOS<\/th><th class=\"has-text-align-center\" data-align=\"center\">VAGAS<\/th><th class=\"has-text-align-center\" data-align=\"center\">SAL\u00c1RIO INICIAL*<\/th><\/tr><\/thead><tbody><tr><td class=\"has-text-align-center\" data-align=\"center\">Cadete<\/td><td class=\"has-text-align-center\" data-align=\"center\">78 [<a href=\"https:\/\/dhg1h5j42swfq.cloudfront.net\/2024\/10\/10183913\/7d3351ee-86ba-4440-946f-040317c750dc.png\" target=\"_blank\" rel=\"noreferrer noopener nofollow\">ampliadas<\/a>]<\/td><td class=\"has-text-align-center\" data-align=\"center\">R$ 3.776,22<\/td><\/tr><\/tbody><\/table><\/figure>\n\n\n\n<h4 class=\"wp-block-heading\" id=\"h-ampliacao-das-vagas-do-concurso\">Amplia\u00e7\u00e3o das vagas do concurso<\/h4>\n\n\n\n<figure class=\"wp-block-image aligncenter size-full is-resized\"><img loading=\"lazy\" decoding=\"async\" width=\"610\" height=\"553\" src=\"https:\/\/dhg1h5j42swfq.cloudfront.net\/2024\/10\/10184408\/7d3351ee-86ba-4440-946f-040317c750dc-1.png\" alt=\"amplia\u00e7\u00e3o das vagas do concurso pm pr 2025\" class=\"wp-image-1474411\" style=\"width:495px;height:auto\" srcset=\"https:\/\/dhg1h5j42swfq.cloudfront.net\/2024\/10\/10184408\/7d3351ee-86ba-4440-946f-040317c750dc-1.png 610w, https:\/\/dhg1h5j42swfq.cloudfront.net\/2024\/10\/10184408\/7d3351ee-86ba-4440-946f-040317c750dc-1-300x272.png 300w, https:\/\/dhg1h5j42swfq.cloudfront.net\/2024\/10\/10184408\/7d3351ee-86ba-4440-946f-040317c750dc-1-150x136.png 150w\" sizes=\"auto, (max-width: 610px) 100vw, 610px\" \/><\/figure>\n\n\n\n<p>*O Curso de Forma\u00e7\u00e3o de Oficiais tem dura\u00e7\u00e3o aproximada de 3 anos. O Cadete recebe um subs\u00eddio de:<\/p>\n\n\n\n<ul class=\"wp-block-list\">\n<li>1\u00ba ano: R$ 3.776,22;<\/li>\n\n\n\n<li>2\u00ba ano: R$ 4.181,38;<\/li>\n\n\n\n<li>3\u00ba ano: R$ 4.748,59. <\/li>\n<\/ul>\n\n\n\n<p>Ao ser declarado Aspirante a Oficial o subs\u00eddio \u00e9 de R$ 7.827,69. Ap\u00f3s o per\u00edodo de est\u00e1gio probat\u00f3rio, estar\u00e1 apto a ser promovido ao Posto de 2\u00ba Tenente com subs\u00eddio a partir de R$ 10.327,39.<\/p>\n\n\n\n<h4 class=\"wp-block-heading\" id=\"etapas\">Etapas e provas do edital PM PR Cadete<\/h4>\n\n\n\n<p>A avalia\u00e7\u00e3o dos candidatos do concurso PM PR foi realizada mediante aplica\u00e7\u00e3o das seguintes etapas:<\/p>\n\n\n\n<ul class=\"wp-block-list\">\n<li>A <strong>primeira etapa<\/strong>, de car\u00e1ter eliminat\u00f3rio e classificat\u00f3rio, ser\u00e1 composta pelo Processo Seletivo da UFPR (PS\/UFPR), constitu\u00eddo em duas fases:\n<ol class=\"wp-block-list\">\n<li>Prova de Conhecimentos<\/li>\n\n\n\n<li>Prova de Compreens\u00e3o e Produ\u00e7\u00e3o de Textos<\/li>\n<\/ol>\n<\/li>\n\n\n\n<li>A <strong>segunda etapa<\/strong>, de car\u00e1ter eliminat\u00f3rio, ser\u00e1 composta pelas Provas de Habilidades Espec\u00edficas (PHE) realizadas no \u00e2mbito da PMPR.<\/li>\n<\/ul>\n\n\n\n<p>As PHE consistiram pelas seguintes fases: Investiga\u00e7\u00e3o Social (IS), Avalia\u00e7\u00e3o Psicol\u00f3gica (AP), Exame de Capacidade F\u00edsica (ECAFI) e Exame de Sanidade F\u00edsica (ESAFI).<\/p>\n\n\n\n<h3 class=\"wp-block-heading has-cyan-bluish-gray-background-color has-background\" id=\"editalsoldado\">Edital Soldado PM PR 2021<\/h3>\n\n\n\n<ul class=\"wp-block-list\">\n<li><strong>Provas: <\/strong>13\/06\/2021<\/li>\n\n\n\n<li><strong>Vagas: <\/strong>2.400 <\/li>\n\n\n\n<li><strong>Banca: <\/strong>UFPR<\/li>\n\n\n\n<li><strong>Cargo: <\/strong>Soldado<\/li>\n\n\n\n<li><strong>Escolaridade: <\/strong>n\u00edvel m\u00e9dio<\/li>\n\n\n\n<li><strong>Edital:<\/strong> <a href=\"https:\/\/dhg1h5j42swfq.cloudfront.net\/2020\/03\/20110747\/Edital_PM_PR_e_CBM_PR_2020.pdf\" target=\"_blank\" rel=\"noreferrer noopener nofollow\">Edital PM PR Soldado<\/a><\/li>\n<\/ul>\n\n\n\n<h4 class=\"wp-block-heading\" id=\"cargo-pm-pr\">Cargos e remunera\u00e7\u00f5es do edital Soldado 2021<\/h4>\n\n\n\n<figure class=\"wp-block-table is-style-stripes\"><table class=\"has-very-light-gray-to-cyan-bluish-gray-gradient-background has-background has-fixed-layout\"><thead><tr><th class=\"has-text-align-center\" data-align=\"center\">CARGOS<\/th><th class=\"has-text-align-center\" data-align=\"center\">VAGAS<\/th><\/tr><\/thead><tbody><tr><td class=\"has-text-align-center\" data-align=\"center\">Soldado Policial Militar<\/td><td class=\"has-text-align-center\" data-align=\"center\">2.000<\/td><\/tr><tr><td class=\"has-text-align-center\" data-align=\"center\">Soldado Bombeiro Militar<\/td><td class=\"has-text-align-center\" data-align=\"center\">400<\/td><\/tr><\/tbody><\/table><figcaption class=\"wp-element-caption\">Tabela de cargos e remunera\u00e7\u00f5es para Soldado<\/figcaption><\/figure>\n\n\n\n<ul class=\"wp-block-list\">\n<li>Soldado de 2\u00aa Classe: R$ 1.933,63<\/li>\n\n\n\n<li>Soldado de 1\u00aa Classe: R$ 4.263,67<\/li>\n<\/ul>\n\n\n\n<h4 class=\"wp-block-heading\" id=\"inscritos\">N\u00famero de inscritos por regi\u00e3o<\/h4>\n\n\n\n<div class=\"wp-block-columns is-layout-flex wp-container-core-columns-is-layout-28f84493 wp-block-columns-is-layout-flex\">\n<div class=\"wp-block-column is-layout-flow wp-block-column-is-layout-flow\">\n<p><strong>PM PR<\/strong><\/p>\n\n\n\n<ul class=\"wp-block-list\">\n<li>Curitiba: 56.321<\/li>\n\n\n\n<li>Cascavel: 25.768<\/li>\n\n\n\n<li>Maring\u00e1: 20.188<\/li>\n\n\n\n<li>Londrina: 19.129<\/li>\n\n\n\n<li>Ponta Negra: 15.969<\/li>\n<\/ul>\n\n\n\n<p style=\"font-size:clamp(14px, 0.875rem + ((1vw - 3.2px) * 0.392), 18px);\"><strong>Total:<\/strong> 137.375<\/p>\n<\/div>\n\n\n\n<div class=\"wp-block-column is-layout-flow wp-block-column-is-layout-flow\">\n<p><strong>Bombeiros PR<\/strong><\/p>\n\n\n\n<ul class=\"wp-block-list\">\n<li>Curitiba: 7.489<\/li>\n\n\n\n<li>Londrina: 6.872<\/li>\n\n\n\n<li>Cascavel: 3.964<\/li>\n<\/ul>\n\n\n\n<p style=\"font-size:clamp(14px, 0.875rem + ((1vw - 3.2px) * 0.392), 18px);\"><strong>Total:<\/strong> 18.325<\/p>\n<\/div>\n<\/div>\n\n\n\n<h4 class=\"wp-block-heading\" id=\"prova-pm-pr\">Etapas de provas do concurso PM PR &#8211; Soldado<\/h4>\n\n\n\n<p>O Edital PM PR foi constitu\u00eddo das seguintes provas\/exames:<\/p>\n\n\n\n<ul class=\"wp-block-list\">\n<li>Prova de Conhecimentos(eliminat\u00f3rio e classificat\u00f3rio);<\/li>\n\n\n\n<li>Exame de Capacidade F\u00edsica (eliminat\u00f3rio);<\/li>\n\n\n\n<li>Exame de Sanidade F\u00edsica (eliminat\u00f3rio);<\/li>\n\n\n\n<li>Avalia\u00e7\u00e3o Psicol\u00f3gica (eliminat\u00f3rio);<\/li>\n\n\n\n<li>Pesquisa Social e Documental (eliminat\u00f3rio).<\/li>\n<\/ul>\n\n\n\n<p>A Prova de Conhecimentos foi realizada nas cidades de Campo Mour\u00e3o, Cascavel, Curitiba, Foz do Igua\u00e7u, Francisco Beltr\u00e3o, Guarapuava, Ivaipor\u00e3, Jacarezinho, Londrina, Maring\u00e1, Ponta Grossa, Paranagu\u00e1, Paranava\u00ed, Tel\u00eamaco Borba, Umuarama e Uni\u00e3o da Vit\u00f3ria. <\/p>\n\n\n\n<ul class=\"wp-block-list\">\n<li><strong><a href=\"https:\/\/servicos.nc.ufpr.br\/PortalNC\/Concurso?concurso=SOLDADOPMPR2020\" target=\"_blank\" rel=\"noreferrer noopener\">Confira os detalhes do concurso<\/a><\/strong><\/li>\n<\/ul>\n\n\n\n<h2 class=\"wp-block-heading\" id=\"estudos\">Concurso PM PR: materiais para estudos<\/h2>\n\n\n\n<h3 class=\"wp-block-heading\" id=\"estrat\u00e9gico\">Edital Estrat\u00e9gico: baixe gratuitamente<\/h3>\n\n\n\n<ul class=\"wp-block-list\">\n<li><a href=\"https:\/\/dhg1h5j42swfq.cloudfront.net\/2020\/03\/23140615\/Edital-Estrat%C3%A9gico_PM-PR_SOLDADO-POLICIAL-MILITAR.xlsx\" target=\"_blank\" rel=\"noreferrer noopener nofollow\"><strong>Soldado PM PR<\/strong><\/a><\/li>\n\n\n\n<li><a href=\"https:\/\/dhg1h5j42swfq.cloudfront.net\/2020\/03\/23140831\/Edital-Estrat%C3%A9gico_PM-PR_SOLDADO-BOMBEIRO-MILITAR.xlsx\" target=\"_blank\" rel=\"noreferrer noopener nofollow\"><strong>Soldado CBM PR<\/strong><\/a><\/li>\n<\/ul>\n\n\n\n<p><strong>IMPORTANTE:&nbsp;<\/strong>Ao clicar no link acima, vai ser aberta uma janela do Google Drive que tentar\u00e1 carregar a visualiza\u00e7\u00e3o da planilha no seu navegador. N\u00e3o h\u00e1 necessidade de esperar essa visualiza\u00e7\u00e3o (talvez at\u00e9 nem carregue, j\u00e1 que os arquivos s\u00e3o pesados).<\/p>\n\n\n\n<p>Fa\u00e7a o download clicando na seta para baixo no canto superior direito da janela do Google Drive que vai ser aberta ao clicar nos links acima.<\/p>\n\n\n\n<p>Todos os arquivos foram testados em diferentes computadores e celulares e est\u00e3o ok. Talvez alguma incompatibilidade (ou mensagem de erro, como \u201carquivo inv\u00e1lido\u201d) ocorra em virtude do seu pr\u00f3prio computador ou do tamanho dos arquivos que possuem mais conte\u00fado.<\/p>\n\n\n\n<h3 class=\"wp-block-heading\" id=\"guia\">Guia de estudos<\/h3>\n\n\n\n<ul class=\"wp-block-list\">\n<li><a href=\"https:\/\/www.estrategiaconcursos.com.br\/blog\/guia-de-estudos-pm-pr\/\" target=\"_blank\" rel=\"noreferrer noopener\"><strong>Guia de Estudos PM PR<\/strong><\/a><\/li>\n<\/ul>\n\n\n\n<hr class=\"wp-block-separator has-css-opacity\"\/>\n\n\n\n<h2 class=\"wp-block-heading has-text-align-center\" id=\"cursos\">Quer saber tudo sobre concursos previstos? <br \/>Confira nossos artigos!<\/h2>\n\n\n\n<ul class=\"wp-block-list\">\n<li><a href=\"https:\/\/www.estrategiaconcursos.com.br\/blog\/concursos-abertos\/\">Concursos abertos<\/a><\/li>\n\n\n\n<li><a href=\"https:\/\/www.estrategiaconcursos.com.br\/blog\/concursos-de-policia\/\" target=\"_blank\" rel=\"noreferrer noopener\">Concursos Policiais<\/a><\/li>\n\n\n\n<li><a href=\"https:\/\/www.estrategiaconcursos.com.br\/blog\/concursos-2026\/\" target=\"_blank\" rel=\"noreferrer noopener\">Concursos 2026<\/a><\/li>\n<\/ul>\n\n\n\n<h2 class=\"wp-block-heading has-text-align-center\" id=\"assinatura-e-cursos\">Quer estudar para o concurso Pol\u00edcia Militar PR?<\/h2>\n\n\n\n<div class=\"container\" id=\"boxes\">\n  <div class=\"row\">\n\n    <div class=\"col-sm\">\n      <div class=\"banner-policia-militar\" id=\"box-assinatura\">\n        <h3 class=\"titulo-assinatura\">Concurso PM PR<\/h3>\n        <p class=\"subtitulo-assinatura\">Rumo \u00e0 carreira policial dos seus sonhos! \u2b50<\/p>\n        <div class=\"box-botao\">\n          <a class=\"btn-assinatura\" target=\"_blank\" href=\"https:\/\/www.estrategiaconcursos.com.br\/cursosPorConcurso\/pm-pr\/\" role=\"button\" rel=\"noopener noreferrer\">VER CURSOS<\/a>\n        <\/div>\n      <\/div>\n     \n    <\/div>\n\n  <\/div>\n<\/div>\n\n\n\n<div class=\"container\" id=\"boxes\">\n  <div class=\"row\">\n\n    <div class=\"col-sm\">\n      <div class=\"estrategia\" id=\"box-assinatura\">\n        <h3 class=\"titulo-assinatura\">Assinatura de Concursos<\/h3>\n        <p class=\"subtitulo-assinatura\">Assinatura de 1 ou 2 anos<\/p>\n        <div class=\"box-botao\">\n          <a class=\"btn-assinatura\" target=\"_blank\" href=\"https:\/\/www.estrategiaconcursos.com.br\/assinaturas\/\" role=\"button\" rel=\"noopener noreferrer\">ASSINE AGORA<\/a>\n        <\/div>\n      <\/div>\n      <p class=\"texto-auxiliar\"><\/p>\n    <\/div><\/div><\/div>\n\n\n\n<figure class=\"wp-block-image size-large is-resized\"><img loading=\"lazy\" decoding=\"async\" width=\"1024\" height=\"632\" src=\"https:\/\/dhg1h5j42swfq.cloudfront.net\/2021\/04\/19195511\/ficha-tecnica-1-1024x632-1-2.png\" alt=\"Ficha t\u00e9cnica\" class=\"wp-image-717325\" style=\"aspect-ratio:1.624203821656051;width:299px;height:auto\" srcset=\"https:\/\/dhg1h5j42swfq.cloudfront.net\/2021\/04\/19195511\/ficha-tecnica-1-1024x632-1-2.png 1024w, https:\/\/dhg1h5j42swfq.cloudfront.net\/2021\/04\/19195511\/ficha-tecnica-1-1024x632-1-2-300x185.png 300w, https:\/\/dhg1h5j42swfq.cloudfront.net\/2021\/04\/19195511\/ficha-tecnica-1-1024x632-1-2-768x474.png 768w, https:\/\/dhg1h5j42swfq.cloudfront.net\/2021\/04\/19195511\/ficha-tecnica-1-1024x632-1-2-610x376.png 610w\" sizes=\"auto, (max-width: 1024px) 100vw, 1024px\" \/><\/figure>\n\n\n\n<h3 class=\"wp-block-heading\" id=\"ficha\">Ficha t\u00e9cnica do concurso PMPR<\/h3>\n\n\n\n<p><strong>SOLDADO PMPR <\/strong><\/p>\n\n\n\n<ul class=\"wp-block-list\">\n<li><strong>Provas: <\/strong>29\/06\/2025<\/li>\n\n\n\n<li><strong>Vagas: <\/strong>2.000<\/li>\n\n\n\n<li><strong>Banca: <\/strong>IBFC<\/li>\n\n\n\n<li><strong>Cargo: <\/strong>Soldado<\/li>\n\n\n\n<li><strong>Escolaridade: <\/strong>n\u00edvel superior<\/li>\n\n\n\n<li><strong>Edital:<\/strong> <a href=\"https:\/\/dhg1h5j42swfq.cloudfront.net\/2025\/03\/31165743\/edital-pm-pr-soldado-2025.pdf\" target=\"_blank\" rel=\"noreferrer noopener nofollow\">PM PR Soldado &#8211; 2025<\/a><\/li>\n<\/ul>\n\n\n\n<p><strong>CADETE <\/strong><strong>PMPR<\/strong><\/p>\n\n\n\n<ul class=\"wp-block-list\">\n<li><strong>Provas: <\/strong>27\/07\/2025<\/li>\n\n\n\n<li><strong>Vagas: <\/strong>90<\/li>\n\n\n\n<li><strong>Banca: <\/strong>Instituto AOCP<\/li>\n\n\n\n<li><strong>Cargo: <\/strong>Cadete <\/li>\n\n\n\n<li><strong>Escolaridade: <\/strong>n\u00edvel superior<\/li>\n\n\n\n<li><strong>Edital<\/strong>: <a href=\"https:\/\/dhg1h5j42swfq.cloudfront.net\/2025\/03\/16111247\/149e7eeb-e285-44ec-98ce-8631578ff372.pdf\" target=\"_blank\" rel=\"noreferrer noopener nofollow\">PM PR Cadete 2025<\/a><\/li>\n<\/ul>\n\n\n\n<hr class=\"wp-block-separator has-alpha-channel-opacity\"\/>\n\n\n\n<div class=\"schema-faq wp-block-yoast-faq-block\"><div class=\"schema-faq-section\" id=\"faq-question-1758044508828\"><strong class=\"schema-faq-question\">Quando foi o \u00faltimo edital da PMPR?<\/strong> <p class=\"schema-faq-answer\">Em 2025, a PMPR realizou dois certames: Soldado e Cadete. A prova de Soldado da PMPR foi realizada em 29 de junho de 2025. J\u00e1 a prova de Cadete da PMPR foi aplicada em 27 de julho de 2025. Os resultados das provas j\u00e1 foram divulgados.<\/p> <\/div> <div class=\"schema-faq-section\" id=\"faq-question-1758044641393\"><strong class=\"schema-faq-question\">Quanto ganha a PMPR?<\/strong> <p class=\"schema-faq-answer\">De acordo com o edital da PMPR 2025, o sal\u00e1rio de um Soldado \u00e9 de <strong>R$ 6.101,87<\/strong>, j\u00e1 o sal\u00e1rio de um Cadete \u00e9 <strong>R$<\/strong> <strong>13.731,61\u00a0<\/strong>(ap\u00f3s forma\u00e7\u00e3o como 2\u00ba Tenente)<\/p> <\/div> <div class=\"schema-faq-section\" id=\"faq-question-1758044832235\"><strong class=\"schema-faq-question\">Qual a idade m\u00e1xima da PM do Paran\u00e1?<\/strong> <p class=\"schema-faq-answer\">Para Soldado e Cadete da PMPR, a idade m\u00e1xima \u00e9 de 30 anos de idade no ato da inscri\u00e7\u00e3o.<\/p> <\/div> <\/div>\n\n\n\n<p><\/p>\n","protected":false},"excerpt":{"rendered":"<p>\u00daltimo Concurso PMPR ofereceu oportunidades para as carreiras de Cadete e Soldado; novo certame autorizado! Foi autorizada internamente a realiza\u00e7\u00e3o de um novo concurso PMPR (Pol\u00edcia Militar do Estado do Paran\u00e1). As oportunidades ser\u00e3o destinadas \u00e0s fun\u00e7\u00f5es de Soldado e Cadete, conforme despacho governamental. Lembrando que o an\u00fancio do novo edital se deu pelo secret\u00e1rio [&hellip;]<\/p>\n","protected":false},"author":1206,"featured_media":769788,"comment_status":"open","ping_status":"open","sticky":false,"template":"","format":"standard","meta":{"post_tipo":"news_page","footnotes":""},"categories":[220186,220187],"tags":[2079],"tax_estado":[219981],"class_list":["post-46640","post","type-post","status-publish","format-standard","has-post-thumbnail","hentry","category-policial-oficial","category-policial-pracas","tag-pmpr","tax_estado-pr"],"acf":[],"yoast_head":"<!-- This site is optimized with the Yoast SEO Premium plugin v27.2 (Yoast SEO v27.2) - https:\/\/yoast.com\/product\/yoast-seo-premium-wordpress\/ -->\n<title>Concurso PMPR 2026: edital autorizado! Veja detalhes<\/title>\n<meta name=\"description\" content=\"Concurso PMPR tem editais publicados com 2 mil vagas para Soldado e 90 para Cadete. Novo edital \u00e9 autorizado internamento! Confira!\" \/>\n<meta name=\"robots\" content=\"index, follow, max-snippet:-1, max-image-preview:large, max-video-preview:-1\" \/>\n<link rel=\"canonical\" href=\"https:\/\/www.estrategiaconcursos.com.br\/blog\/concurso-pm-pr\/\" \/>\n<meta property=\"og:locale\" content=\"pt_BR\" \/>\n<meta property=\"og:type\" content=\"article\" \/>\n<meta property=\"og:title\" content=\"Concurso PMPR 2026: edital autorizado! Veja detalhes\" \/>\n<meta property=\"og:description\" content=\"Concurso PMPR tem editais publicados com 2 mil vagas para Soldado e 90 para Cadete. Novo edital \u00e9 autorizado internamento! Confira!\" \/>\n<meta property=\"og:url\" content=\"https:\/\/www.estrategiaconcursos.com.br\/blog\/concurso-pm-pr\/\" \/>\n<meta property=\"og:site_name\" content=\"Estrat\u00e9gia Concursos\" \/>\n<meta property=\"article:published_time\" content=\"2026-03-27T20:11:49+00:00\" \/>\n<meta property=\"article:modified_time\" content=\"2026-03-27T20:12:21+00:00\" \/>\n<meta property=\"og:image\" content=\"https:\/\/dhg1h5j42swfq.cloudfront.net\/2021\/06\/17145413\/pm-pr.jpg\" \/>\n\t<meta property=\"og:image:width\" content=\"768\" \/>\n\t<meta property=\"og:image:height\" content=\"432\" \/>\n\t<meta property=\"og:image:type\" content=\"image\/jpeg\" \/>\n<meta name=\"author\" content=\"Bruna de Andrade Fran\u00e7a\" \/>\n<meta name=\"twitter:card\" content=\"summary_large_image\" \/>\n<meta name=\"twitter:creator\" content=\"@EstratConcursos\" \/>\n<meta name=\"twitter:site\" content=\"@EstratConcursos\" \/>\n<meta name=\"twitter:label1\" content=\"Escrito por\" \/>\n\t<meta name=\"twitter:data1\" content=\"Bruna de Andrade Fran\u00e7a\" \/>\n\t<meta name=\"twitter:label2\" content=\"Est. tempo de leitura\" \/>\n\t<meta name=\"twitter:data2\" content=\"11 minutos\" \/>\n<script type=\"application\/ld+json\" class=\"yoast-schema-graph\">{\"@context\":\"https:\/\/schema.org\",\"@graph\":[{\"@type\":\"NewsArticle\",\"@id\":\"https:\/\/www.estrategiaconcursos.com.br\/blog\/concurso-pm-pr\/#article\",\"isPartOf\":{\"@id\":\"https:\/\/www.estrategiaconcursos.com.br\/blog\/concurso-pm-pr\/\"},\"author\":{\"name\":\"Bruna de Andrade Fran\u00e7a\",\"@id\":\"https:\/\/www.estrategiaconcursos.com.br\/blog\/#\/schema\/person\/6630f91134abc08115cca62ce6372855\"},\"headline\":\"Concurso PMPR 2026: edital autorizado! Veja detalhes\",\"datePublished\":\"2026-03-27T20:11:49+00:00\",\"dateModified\":\"2026-03-27T20:12:21+00:00\",\"mainEntityOfPage\":{\"@id\":\"https:\/\/www.estrategiaconcursos.com.br\/blog\/concurso-pm-pr\/\"},\"wordCount\":2478,\"commentCount\":37,\"publisher\":{\"@id\":\"https:\/\/www.estrategiaconcursos.com.br\/blog\/#organization\"},\"image\":{\"@id\":\"https:\/\/www.estrategiaconcursos.com.br\/blog\/concurso-pm-pr\/#primaryimage\"},\"thumbnailUrl\":\"https:\/\/dhg1h5j42swfq.cloudfront.net\/2021\/06\/17145413\/pm-pr.jpg\",\"keywords\":[\"PMPR\"],\"articleSection\":[\"Policial (PM\/BM - Oficial)\",\"Policial (PM\/BM - Pra\u00e7as)\"],\"inLanguage\":\"pt-BR\",\"potentialAction\":[{\"@type\":\"CommentAction\",\"name\":\"Comment\",\"target\":[\"https:\/\/www.estrategiaconcursos.com.br\/blog\/concurso-pm-pr\/#respond\"]}],\"copyrightYear\":\"2026\",\"copyrightHolder\":{\"@id\":\"https:\/\/www.estrategiaconcursos.com.br\/blog\/#organization\"}},{\"@type\":[\"WebPage\",\"FAQPage\"],\"@id\":\"https:\/\/www.estrategiaconcursos.com.br\/blog\/concurso-pm-pr\/\",\"url\":\"https:\/\/www.estrategiaconcursos.com.br\/blog\/concurso-pm-pr\/\",\"name\":\"Concurso PMPR 2026: edital autorizado! Veja detalhes\",\"isPartOf\":{\"@id\":\"https:\/\/www.estrategiaconcursos.com.br\/blog\/#website\"},\"primaryImageOfPage\":{\"@id\":\"https:\/\/www.estrategiaconcursos.com.br\/blog\/concurso-pm-pr\/#primaryimage\"},\"image\":{\"@id\":\"https:\/\/www.estrategiaconcursos.com.br\/blog\/concurso-pm-pr\/#primaryimage\"},\"thumbnailUrl\":\"https:\/\/dhg1h5j42swfq.cloudfront.net\/2021\/06\/17145413\/pm-pr.jpg\",\"datePublished\":\"2026-03-27T20:11:49+00:00\",\"dateModified\":\"2026-03-27T20:12:21+00:00\",\"description\":\"Concurso PMPR tem editais publicados com 2 mil vagas para Soldado e 90 para Cadete. Novo edital \u00e9 autorizado internamento! Confira!\",\"breadcrumb\":{\"@id\":\"https:\/\/www.estrategiaconcursos.com.br\/blog\/concurso-pm-pr\/#breadcrumb\"},\"mainEntity\":[{\"@id\":\"https:\/\/www.estrategiaconcursos.com.br\/blog\/concurso-pm-pr\/#faq-question-1758044508828\"},{\"@id\":\"https:\/\/www.estrategiaconcursos.com.br\/blog\/concurso-pm-pr\/#faq-question-1758044641393\"},{\"@id\":\"https:\/\/www.estrategiaconcursos.com.br\/blog\/concurso-pm-pr\/#faq-question-1758044832235\"}],\"inLanguage\":\"pt-BR\",\"potentialAction\":[{\"@type\":\"ReadAction\",\"target\":[\"https:\/\/www.estrategiaconcursos.com.br\/blog\/concurso-pm-pr\/\"]}]},{\"@type\":\"ImageObject\",\"inLanguage\":\"pt-BR\",\"@id\":\"https:\/\/www.estrategiaconcursos.com.br\/blog\/concurso-pm-pr\/#primaryimage\",\"url\":\"https:\/\/dhg1h5j42swfq.cloudfront.net\/2021\/06\/17145413\/pm-pr.jpg\",\"contentUrl\":\"https:\/\/dhg1h5j42swfq.cloudfront.net\/2021\/06\/17145413\/pm-pr.jpg\",\"width\":768,\"height\":432,\"caption\":\"PM PR\"},{\"@type\":\"BreadcrumbList\",\"@id\":\"https:\/\/www.estrategiaconcursos.com.br\/blog\/concurso-pm-pr\/#breadcrumb\",\"itemListElement\":[{\"@type\":\"ListItem\",\"position\":1,\"name\":\"In\u00edcio\",\"item\":\"https:\/\/www.estrategiaconcursos.com.br\/blog\/\"},{\"@type\":\"ListItem\",\"position\":2,\"name\":\"Concurso PMPR 2026: edital autorizado! Veja detalhes\"}]},{\"@type\":\"WebSite\",\"@id\":\"https:\/\/www.estrategiaconcursos.com.br\/blog\/#website\",\"url\":\"https:\/\/www.estrategiaconcursos.com.br\/blog\/\",\"name\":\"Estrat\u00e9gia Concursos\",\"description\":\"O blog da Estrat\u00e9gia Concursos traz not\u00edcias sobre concursos e artigos de professores oferecendo cursos para concursos (pdf + videaulas) no site.\",\"publisher\":{\"@id\":\"https:\/\/www.estrategiaconcursos.com.br\/blog\/#organization\"},\"potentialAction\":[{\"@type\":\"SearchAction\",\"target\":{\"@type\":\"EntryPoint\",\"urlTemplate\":\"https:\/\/www.estrategiaconcursos.com.br\/blog\/?s={search_term_string}\"},\"query-input\":{\"@type\":\"PropertyValueSpecification\",\"valueRequired\":true,\"valueName\":\"search_term_string\"}}],\"inLanguage\":\"pt-BR\"},{\"@type\":\"Organization\",\"@id\":\"https:\/\/www.estrategiaconcursos.com.br\/blog\/#organization\",\"name\":\"Estrat\u00e9gia Concursos\",\"url\":\"https:\/\/www.estrategiaconcursos.com.br\/blog\/\",\"logo\":{\"@type\":\"ImageObject\",\"inLanguage\":\"pt-BR\",\"@id\":\"https:\/\/www.estrategiaconcursos.com.br\/blog\/#\/schema\/logo\/image\/\",\"url\":\"https:\/\/dhg1h5j42swfq.cloudfront.net\/2025\/06\/03203428\/logo_concursos-1.jpg\",\"contentUrl\":\"https:\/\/dhg1h5j42swfq.cloudfront.net\/2025\/06\/03203428\/logo_concursos-1.jpg\",\"width\":230,\"height\":60,\"caption\":\"Estrat\u00e9gia Concursos\"},\"image\":{\"@id\":\"https:\/\/www.estrategiaconcursos.com.br\/blog\/#\/schema\/logo\/image\/\"},\"sameAs\":[\"https:\/\/x.com\/EstratConcursos\"]},{\"@type\":\"Person\",\"@id\":\"https:\/\/www.estrategiaconcursos.com.br\/blog\/#\/schema\/person\/6630f91134abc08115cca62ce6372855\",\"name\":\"Bruna de Andrade Fran\u00e7a\",\"image\":{\"@type\":\"ImageObject\",\"inLanguage\":\"pt-BR\",\"@id\":\"https:\/\/secure.gravatar.com\/avatar\/d6316d36d50cea0fadae28ed3015b8870cc90a2d3d8a95c37b44006af36a00e3?s=96&d=mm&r=g\",\"url\":\"https:\/\/secure.gravatar.com\/avatar\/d6316d36d50cea0fadae28ed3015b8870cc90a2d3d8a95c37b44006af36a00e3?s=96&d=mm&r=g\",\"contentUrl\":\"https:\/\/secure.gravatar.com\/avatar\/d6316d36d50cea0fadae28ed3015b8870cc90a2d3d8a95c37b44006af36a00e3?s=96&d=mm&r=g\",\"caption\":\"Bruna de Andrade Fran\u00e7a\"},\"description\":\"Bruna de Andrade Fran\u00e7a \u00e9 publicit\u00e1ria com p\u00f3s-gradua\u00e7\u00e3o em Marketing &amp; Growth, atuando h\u00e1 mais de 6 anos no universo dos concursos p\u00fablicos. Desde 2021, lidera no Blog do Estrat\u00e9gia Concursos a cobertura editorial especializada em Concursos Policiais (PF, PRF, PM, PC, etc.), al\u00e9m das frentes de concursos banc\u00e1rios, de sa\u00fade e da \u00e1rea legislativa. Especialista em reda\u00e7\u00e3o, com pr\u00e1ticas de SEO e Copywriting, possui tamb\u00e9m atua\u00e7\u00e3o pr\u00e1tica de contato direto com \u00f3rg\u00e3os p\u00fablicos respons\u00e1veis por editais, permitindo acesso antecipado a informa\u00e7\u00f5es, desdobramentos importantes e atualiza\u00e7\u00e3o eficiente dos concursos p\u00fablicos.\",\"url\":\"https:\/\/www.estrategiaconcursos.com.br\/blog\/author\/bruna-andrade\/\"},{\"@type\":\"Question\",\"@id\":\"https:\/\/www.estrategiaconcursos.com.br\/blog\/concurso-pm-pr\/#faq-question-1758044508828\",\"position\":1,\"url\":\"https:\/\/www.estrategiaconcursos.com.br\/blog\/concurso-pm-pr\/#faq-question-1758044508828\",\"name\":\"Quando foi o \u00faltimo edital da PMPR?\",\"answerCount\":1,\"acceptedAnswer\":{\"@type\":\"Answer\",\"text\":\"Em 2025, a PMPR realizou dois certames: Soldado e Cadete. A prova de Soldado da PMPR foi realizada em 29 de junho de 2025. J\u00e1 a prova de Cadete da PMPR foi aplicada em 27 de julho de 2025. Os resultados das provas j\u00e1 foram divulgados.\",\"inLanguage\":\"pt-BR\"},\"inLanguage\":\"pt-BR\"},{\"@type\":\"Question\",\"@id\":\"https:\/\/www.estrategiaconcursos.com.br\/blog\/concurso-pm-pr\/#faq-question-1758044641393\",\"position\":2,\"url\":\"https:\/\/www.estrategiaconcursos.com.br\/blog\/concurso-pm-pr\/#faq-question-1758044641393\",\"name\":\"Quanto ganha a PMPR?\",\"answerCount\":1,\"acceptedAnswer\":{\"@type\":\"Answer\",\"text\":\"De acordo com o edital da PMPR 2025, o sal\u00e1rio de um Soldado \u00e9 de <strong>R$ 6.101,87<\/strong>, j\u00e1 o sal\u00e1rio de um Cadete \u00e9 <strong>R$<\/strong> <strong>13.731,61\u00a0<\/strong>(ap\u00f3s forma\u00e7\u00e3o como 2\u00ba Tenente)\",\"inLanguage\":\"pt-BR\"},\"inLanguage\":\"pt-BR\"},{\"@type\":\"Question\",\"@id\":\"https:\/\/www.estrategiaconcursos.com.br\/blog\/concurso-pm-pr\/#faq-question-1758044832235\",\"position\":3,\"url\":\"https:\/\/www.estrategiaconcursos.com.br\/blog\/concurso-pm-pr\/#faq-question-1758044832235\",\"name\":\"Qual a idade m\u00e1xima da PM do Paran\u00e1?\",\"answerCount\":1,\"acceptedAnswer\":{\"@type\":\"Answer\",\"text\":\"Para Soldado e Cadete da PMPR, a idade m\u00e1xima \u00e9 de 30 anos de idade no ato da inscri\u00e7\u00e3o.\",\"inLanguage\":\"pt-BR\"},\"inLanguage\":\"pt-BR\"}]}<\/script>\n<!-- \/ Yoast SEO Premium plugin. -->","yoast_head_json":{"title":"Concurso PMPR 2026: edital autorizado! Veja detalhes","description":"Concurso PMPR tem editais publicados com 2 mil vagas para Soldado e 90 para Cadete. Novo edital \u00e9 autorizado internamento! Confira!","robots":{"index":"index","follow":"follow","max-snippet":"max-snippet:-1","max-image-preview":"max-image-preview:large","max-video-preview":"max-video-preview:-1"},"canonical":"https:\/\/www.estrategiaconcursos.com.br\/blog\/concurso-pm-pr\/","og_locale":"pt_BR","og_type":"article","og_title":"Concurso PMPR 2026: edital autorizado! Veja detalhes","og_description":"Concurso PMPR tem editais publicados com 2 mil vagas para Soldado e 90 para Cadete. Novo edital \u00e9 autorizado internamento! Confira!","og_url":"https:\/\/www.estrategiaconcursos.com.br\/blog\/concurso-pm-pr\/","og_site_name":"Estrat\u00e9gia Concursos","article_published_time":"2026-03-27T20:11:49+00:00","article_modified_time":"2026-03-27T20:12:21+00:00","og_image":[{"width":768,"height":432,"url":"https:\/\/dhg1h5j42swfq.cloudfront.net\/2021\/06\/17145413\/pm-pr.jpg","type":"image\/jpeg"}],"author":"Bruna de Andrade Fran\u00e7a","twitter_card":"summary_large_image","twitter_creator":"@EstratConcursos","twitter_site":"@EstratConcursos","twitter_misc":{"Escrito por":"Bruna de Andrade Fran\u00e7a","Est. tempo de leitura":"11 minutos"},"schema":{"@context":"https:\/\/schema.org","@graph":[{"@type":"NewsArticle","@id":"https:\/\/www.estrategiaconcursos.com.br\/blog\/concurso-pm-pr\/#article","isPartOf":{"@id":"https:\/\/www.estrategiaconcursos.com.br\/blog\/concurso-pm-pr\/"},"author":{"name":"Bruna de Andrade Fran\u00e7a","@id":"https:\/\/www.estrategiaconcursos.com.br\/blog\/#\/schema\/person\/6630f91134abc08115cca62ce6372855"},"headline":"Concurso PMPR 2026: edital autorizado! Veja detalhes","datePublished":"2026-03-27T20:11:49+00:00","dateModified":"2026-03-27T20:12:21+00:00","mainEntityOfPage":{"@id":"https:\/\/www.estrategiaconcursos.com.br\/blog\/concurso-pm-pr\/"},"wordCount":2478,"commentCount":37,"publisher":{"@id":"https:\/\/www.estrategiaconcursos.com.br\/blog\/#organization"},"image":{"@id":"https:\/\/www.estrategiaconcursos.com.br\/blog\/concurso-pm-pr\/#primaryimage"},"thumbnailUrl":"https:\/\/dhg1h5j42swfq.cloudfront.net\/2021\/06\/17145413\/pm-pr.jpg","keywords":["PMPR"],"articleSection":["Policial (PM\/BM - Oficial)","Policial (PM\/BM - Pra\u00e7as)"],"inLanguage":"pt-BR","potentialAction":[{"@type":"CommentAction","name":"Comment","target":["https:\/\/www.estrategiaconcursos.com.br\/blog\/concurso-pm-pr\/#respond"]}],"copyrightYear":"2026","copyrightHolder":{"@id":"https:\/\/www.estrategiaconcursos.com.br\/blog\/#organization"}},{"@type":["WebPage","FAQPage"],"@id":"https:\/\/www.estrategiaconcursos.com.br\/blog\/concurso-pm-pr\/","url":"https:\/\/www.estrategiaconcursos.com.br\/blog\/concurso-pm-pr\/","name":"Concurso PMPR 2026: edital autorizado! Veja detalhes","isPartOf":{"@id":"https:\/\/www.estrategiaconcursos.com.br\/blog\/#website"},"primaryImageOfPage":{"@id":"https:\/\/www.estrategiaconcursos.com.br\/blog\/concurso-pm-pr\/#primaryimage"},"image":{"@id":"https:\/\/www.estrategiaconcursos.com.br\/blog\/concurso-pm-pr\/#primaryimage"},"thumbnailUrl":"https:\/\/dhg1h5j42swfq.cloudfront.net\/2021\/06\/17145413\/pm-pr.jpg","datePublished":"2026-03-27T20:11:49+00:00","dateModified":"2026-03-27T20:12:21+00:00","description":"Concurso PMPR tem editais publicados com 2 mil vagas para Soldado e 90 para Cadete. Novo edital \u00e9 autorizado internamento! Confira!","breadcrumb":{"@id":"https:\/\/www.estrategiaconcursos.com.br\/blog\/concurso-pm-pr\/#breadcrumb"},"mainEntity":[{"@id":"https:\/\/www.estrategiaconcursos.com.br\/blog\/concurso-pm-pr\/#faq-question-1758044508828"},{"@id":"https:\/\/www.estrategiaconcursos.com.br\/blog\/concurso-pm-pr\/#faq-question-1758044641393"},{"@id":"https:\/\/www.estrategiaconcursos.com.br\/blog\/concurso-pm-pr\/#faq-question-1758044832235"}],"inLanguage":"pt-BR","potentialAction":[{"@type":"ReadAction","target":["https:\/\/www.estrategiaconcursos.com.br\/blog\/concurso-pm-pr\/"]}]},{"@type":"ImageObject","inLanguage":"pt-BR","@id":"https:\/\/www.estrategiaconcursos.com.br\/blog\/concurso-pm-pr\/#primaryimage","url":"https:\/\/dhg1h5j42swfq.cloudfront.net\/2021\/06\/17145413\/pm-pr.jpg","contentUrl":"https:\/\/dhg1h5j42swfq.cloudfront.net\/2021\/06\/17145413\/pm-pr.jpg","width":768,"height":432,"caption":"PM PR"},{"@type":"BreadcrumbList","@id":"https:\/\/www.estrategiaconcursos.com.br\/blog\/concurso-pm-pr\/#breadcrumb","itemListElement":[{"@type":"ListItem","position":1,"name":"In\u00edcio","item":"https:\/\/www.estrategiaconcursos.com.br\/blog\/"},{"@type":"ListItem","position":2,"name":"Concurso PMPR 2026: edital autorizado! Veja detalhes"}]},{"@type":"WebSite","@id":"https:\/\/www.estrategiaconcursos.com.br\/blog\/#website","url":"https:\/\/www.estrategiaconcursos.com.br\/blog\/","name":"Estrat\u00e9gia Concursos","description":"O blog da Estrat\u00e9gia Concursos traz not\u00edcias sobre concursos e artigos de professores oferecendo cursos para concursos (pdf + videaulas) no site.","publisher":{"@id":"https:\/\/www.estrategiaconcursos.com.br\/blog\/#organization"},"potentialAction":[{"@type":"SearchAction","target":{"@type":"EntryPoint","urlTemplate":"https:\/\/www.estrategiaconcursos.com.br\/blog\/?s={search_term_string}"},"query-input":{"@type":"PropertyValueSpecification","valueRequired":true,"valueName":"search_term_string"}}],"inLanguage":"pt-BR"},{"@type":"Organization","@id":"https:\/\/www.estrategiaconcursos.com.br\/blog\/#organization","name":"Estrat\u00e9gia Concursos","url":"https:\/\/www.estrategiaconcursos.com.br\/blog\/","logo":{"@type":"ImageObject","inLanguage":"pt-BR","@id":"https:\/\/www.estrategiaconcursos.com.br\/blog\/#\/schema\/logo\/image\/","url":"https:\/\/dhg1h5j42swfq.cloudfront.net\/2025\/06\/03203428\/logo_concursos-1.jpg","contentUrl":"https:\/\/dhg1h5j42swfq.cloudfront.net\/2025\/06\/03203428\/logo_concursos-1.jpg","width":230,"height":60,"caption":"Estrat\u00e9gia Concursos"},"image":{"@id":"https:\/\/www.estrategiaconcursos.com.br\/blog\/#\/schema\/logo\/image\/"},"sameAs":["https:\/\/x.com\/EstratConcursos"]},{"@type":"Person","@id":"https:\/\/www.estrategiaconcursos.com.br\/blog\/#\/schema\/person\/6630f91134abc08115cca62ce6372855","name":"Bruna de Andrade Fran\u00e7a","image":{"@type":"ImageObject","inLanguage":"pt-BR","@id":"https:\/\/secure.gravatar.com\/avatar\/d6316d36d50cea0fadae28ed3015b8870cc90a2d3d8a95c37b44006af36a00e3?s=96&d=mm&r=g","url":"https:\/\/secure.gravatar.com\/avatar\/d6316d36d50cea0fadae28ed3015b8870cc90a2d3d8a95c37b44006af36a00e3?s=96&d=mm&r=g","contentUrl":"https:\/\/secure.gravatar.com\/avatar\/d6316d36d50cea0fadae28ed3015b8870cc90a2d3d8a95c37b44006af36a00e3?s=96&d=mm&r=g","caption":"Bruna de Andrade Fran\u00e7a"},"description":"Bruna de Andrade Fran\u00e7a \u00e9 publicit\u00e1ria com p\u00f3s-gradua\u00e7\u00e3o em Marketing &amp; Growth, atuando h\u00e1 mais de 6 anos no universo dos concursos p\u00fablicos. Desde 2021, lidera no Blog do Estrat\u00e9gia Concursos a cobertura editorial especializada em Concursos Policiais (PF, PRF, PM, PC, etc.), al\u00e9m das frentes de concursos banc\u00e1rios, de sa\u00fade e da \u00e1rea legislativa. Especialista em reda\u00e7\u00e3o, com pr\u00e1ticas de SEO e Copywriting, possui tamb\u00e9m atua\u00e7\u00e3o pr\u00e1tica de contato direto com \u00f3rg\u00e3os p\u00fablicos respons\u00e1veis por editais, permitindo acesso antecipado a informa\u00e7\u00f5es, desdobramentos importantes e atualiza\u00e7\u00e3o eficiente dos concursos p\u00fablicos.","url":"https:\/\/www.estrategiaconcursos.com.br\/blog\/author\/bruna-andrade\/"},{"@type":"Question","@id":"https:\/\/www.estrategiaconcursos.com.br\/blog\/concurso-pm-pr\/#faq-question-1758044508828","position":1,"url":"https:\/\/www.estrategiaconcursos.com.br\/blog\/concurso-pm-pr\/#faq-question-1758044508828","name":"Quando foi o \u00faltimo edital da PMPR?","answerCount":1,"acceptedAnswer":{"@type":"Answer","text":"Em 2025, a PMPR realizou dois certames: Soldado e Cadete. A prova de Soldado da PMPR foi realizada em 29 de junho de 2025. J\u00e1 a prova de Cadete da PMPR foi aplicada em 27 de julho de 2025. Os resultados das provas j\u00e1 foram divulgados.","inLanguage":"pt-BR"},"inLanguage":"pt-BR"},{"@type":"Question","@id":"https:\/\/www.estrategiaconcursos.com.br\/blog\/concurso-pm-pr\/#faq-question-1758044641393","position":2,"url":"https:\/\/www.estrategiaconcursos.com.br\/blog\/concurso-pm-pr\/#faq-question-1758044641393","name":"Quanto ganha a PMPR?","answerCount":1,"acceptedAnswer":{"@type":"Answer","text":"De acordo com o edital da PMPR 2025, o sal\u00e1rio de um Soldado \u00e9 de <strong>R$ 6.101,87<\/strong>, j\u00e1 o sal\u00e1rio de um Cadete \u00e9 <strong>R$<\/strong> <strong>13.731,61\u00a0<\/strong>(ap\u00f3s forma\u00e7\u00e3o como 2\u00ba Tenente)","inLanguage":"pt-BR"},"inLanguage":"pt-BR"},{"@type":"Question","@id":"https:\/\/www.estrategiaconcursos.com.br\/blog\/concurso-pm-pr\/#faq-question-1758044832235","position":3,"url":"https:\/\/www.estrategiaconcursos.com.br\/blog\/concurso-pm-pr\/#faq-question-1758044832235","name":"Qual a idade m\u00e1xima da PM do Paran\u00e1?","answerCount":1,"acceptedAnswer":{"@type":"Answer","text":"Para Soldado e Cadete da PMPR, a idade m\u00e1xima \u00e9 de 30 anos de idade no ato da inscri\u00e7\u00e3o.","inLanguage":"pt-BR"},"inLanguage":"pt-BR"}]}},"_links":{"self":[{"href":"https:\/\/www.estrategiaconcursos.com.br\/blog\/wp-json\/wp\/v2\/posts\/46640","targetHints":{"allow":["GET"]}}],"collection":[{"href":"https:\/\/www.estrategiaconcursos.com.br\/blog\/wp-json\/wp\/v2\/posts"}],"about":[{"href":"https:\/\/www.estrategiaconcursos.com.br\/blog\/wp-json\/wp\/v2\/types\/post"}],"author":[{"embeddable":true,"href":"https:\/\/www.estrategiaconcursos.com.br\/blog\/wp-json\/wp\/v2\/users\/1206"}],"replies":[{"embeddable":true,"href":"https:\/\/www.estrategiaconcursos.com.br\/blog\/wp-json\/wp\/v2\/comments?post=46640"}],"version-history":[{"count":400,"href":"https:\/\/www.estrategiaconcursos.com.br\/blog\/wp-json\/wp\/v2\/posts\/46640\/revisions"}],"predecessor-version":[{"id":1744708,"href":"https:\/\/www.estrategiaconcursos.com.br\/blog\/wp-json\/wp\/v2\/posts\/46640\/revisions\/1744708"}],"wp:featuredmedia":[{"embeddable":true,"href":"https:\/\/www.estrategiaconcursos.com.br\/blog\/wp-json\/wp\/v2\/media\/769788"}],"wp:attachment":[{"href":"https:\/\/www.estrategiaconcursos.com.br\/blog\/wp-json\/wp\/v2\/media?parent=46640"}],"wp:term":[{"taxonomy":"category","embeddable":true,"href":"https:\/\/www.estrategiaconcursos.com.br\/blog\/wp-json\/wp\/v2\/categories?post=46640"},{"taxonomy":"post_tag","embeddable":true,"href":"https:\/\/www.estrategiaconcursos.com.br\/blog\/wp-json\/wp\/v2\/tags?post=46640"},{"taxonomy":"tax_estado","embeddable":true,"href":"https:\/\/www.estrategiaconcursos.com.br\/blog\/wp-json\/wp\/v2\/tax_estado?post=46640"}],"curies":[{"name":"wp","href":"https:\/\/api.w.org\/{rel}","templated":true}]}}