{"id":466068,"date":"2020-01-06T09:14:11","date_gmt":"2020-01-06T12:14:11","guid":{"rendered":"https:\/\/www.estrategiaconcursos.com.br\/blog\/?p=466068"},"modified":"2020-01-06T09:14:12","modified_gmt":"2020-01-06T12:14:12","slug":"semana-especial-das-carreiras-juridicas-aulas","status":"publish","type":"post","link":"https:\/\/www.estrategiaconcursos.com.br\/blog\/semana-especial-das-carreiras-juridicas-aulas\/","title":{"rendered":"Aulas gratuitas abrem a Semana Especial das Carreiras Jur\u00eddicas nesta segunda (6)"},"content":{"rendered":"\n<p>O m\u00eas de janeiro oficialmente come\u00e7ou e a equipe de professores do Estrat\u00e9gia Concursos quer ajudar voc\u00ea a conquistar a t\u00e3o sonhada vaga no concurso desejado.<\/p>\n\n\n\n<p>Para isso criamos a Semana Especial das Carreiras Jur\u00eddicas, que s\u00e3o aulas di\u00e1rias ministradas pelos nossos professores visando aprimorar o estudo do concurseiro que nos acompanha. <\/p>\n\n\n\n<p>Abaixo voc\u00ea confere o cronograma de aulas desta segunda-feira, 6 de janeiro de 2020. <\/p>\n\n\n\n<h2 class=\"wp-block-heading\">Cronograma de aulas da Semana Especial das Carreiras Jur\u00eddicas<\/h2>\n\n\n\n<h3 class=\"wp-block-heading\" id=\"segunda\"><strong><em>Segunda-feira \u2013 06 de janeiro<\/em><\/strong><\/h3>\n\n\n\n<ul class=\"wp-block-list\"><li><strong><a href=\"https:\/\/www.youtube.com\/watch?v=KXgLMzsqZCU\">Raio-X Completo dos Concursos Jur\u00eddicos 2020<\/a><\/strong>&nbsp;\u2013 08:30 \u00e0s 12:00 \u2013 Ricardo Torques, Rodrigo Vaslin e Paulo Sousa.<br \/><\/li><li><strong><a rel=\"noreferrer noopener\" href=\"https:\/\/www.youtube.com\/watch?v=s7hLWWBV6b0\" target=\"_blank\">Planejamento de Estudos de M\u00e9dio\/Longo Prazo<\/a><\/strong>&nbsp;\u2013 14:00 \u00e0s 15:30 \u2013 Rodrigo Vaslin, Tha\u00eds Sousa e Rodolfo Breciani Penna<br \/><\/li><li><a href=\"https:\/\/www.youtube.com\/watch?v=fU3hWpg8amI&amp;feature=youtu.be\"><strong>Atividade Jur\u00eddica para Concursos: tire suas d\u00favidas!<\/strong><\/a>&nbsp;\u2013 16:00 \u00e0s 17:30 \u2013 Lucas Evangelinos e Paulo Sousa.<br \/><\/li><li><strong><a rel=\"noreferrer noopener\" href=\"https:\/\/www.youtube.com\/watch?v=B3VNCHFoeb4\" target=\"_blank\">Informativos de Justi\u00e7a: Estude Gratuitamente<\/a><\/strong>&nbsp;\u2013 18:00 \u00e0s 19:30 \u2013 Ricardo Torques, Lucas Evangelinos e Jean Vilbert.<br \/><\/li><li><strong><a href=\"https:\/\/www.youtube.com\/watch?v=VA-TqefYd3k\">Como se Tornar Delta em 2020<\/a><\/strong>&nbsp;\u2013 20:00 \u00e0s 21:30 \u2013 Paulo Bilynskyj, Lhais Hamid e Bruna Caracho (Delegado)<\/li><\/ul>\n\n\n\n<h2 class=\"has-text-align-center wp-block-heading\">Quer se preparar para carreiras jur\u00eddicas?<\/h2>\n\n\n\n<p style=\"font-size:23px\" class=\"has-background has-text-align-center has-luminous-vivid-amber-background-color\"><strong><a href=\"https:\/\/www.estrategiaconcursos.com.br\/cursosPorConcurso\/carreira-juridica-regular\/?gclid=EAIaIQobChMI8rirqIeQ5gIVjAuRCh1gmwtrEAAYBCAAEgLudPD_BwE\" target=\"_blank\" rel=\"noreferrer noopener\">CURSOS CARREIRAS JUR\u00cdDICAS<\/a><\/strong><\/p>\n\n\n\n<p style=\"font-size:23px\" class=\"has-background has-text-align-center has-pale-cyan-blue-background-color\"><a rel=\"noreferrer noopener\" href=\"https:\/\/www.estrategiaconcursos.com.br\/blog\/concursos-abertos\/\" target=\"_blank\"><strong>CONCURSOS ABERTOS<\/strong><\/a><\/p>\n\n\n\n<p style=\"font-size:23px\" class=\"has-background has-text-align-center has-pale-cyan-blue-background-color\"><a rel=\"noreferrer noopener\" href=\"https:\/\/www.estrategiaconcursos.com.br\/blog\/concursos-2020\/\" target=\"_blank\"><strong>CONCURSOS&nbsp;2020<\/strong><\/a><\/p>\n\n\n\n<p style=\"font-size:23px\" class=\"has-background has-text-align-center has-very-light-gray-background-color\"><a rel=\"noreferrer noopener\" href=\"https:\/\/www.estrategiaconcursos.com.br\/cursos\/concurso\" target=\"_blank\"><strong>Cursos Concursos de Direito 2020<\/strong><\/a><\/p>\n","protected":false},"excerpt":{"rendered":"<p>O m\u00eas de janeiro oficialmente come\u00e7ou e a equipe de professores do Estrat\u00e9gia Concursos quer ajudar voc\u00ea a conquistar a t\u00e3o sonhada vaga no concurso desejado. Para isso criamos a Semana Especial das Carreiras Jur\u00eddicas, que s\u00e3o aulas di\u00e1rias ministradas pelos nossos professores visando aprimorar o estudo do concurseiro que nos acompanha. Abaixo voc\u00ea confere [&hellip;]<\/p>\n","protected":false},"author":317,"featured_media":101270,"comment_status":"open","ping_status":"closed","sticky":false,"template":"","format":"standard","meta":{"post_tipo":"article","footnotes":""},"categories":[1],"tags":[],"tax_estado":[],"class_list":["post-466068","post","type-post","status-publish","format-standard","has-post-thumbnail","hentry","category-cursos-e-concursos"],"acf":[],"yoast_head":"<!-- This site is optimized with the Yoast SEO Premium plugin v27.2 (Yoast SEO v27.2) - https:\/\/yoast.com\/product\/yoast-seo-premium-wordpress\/ -->\n<title>Aulas gratuitas abrem a Semana Especial das Carreiras Jur\u00eddicas nesta segunda (6)<\/title>\n<meta name=\"robots\" content=\"index, follow, max-snippet:-1, max-image-preview:large, max-video-preview:-1\" \/>\n<link rel=\"canonical\" href=\"https:\/\/www.estrategiaconcursos.com.br\/blog\/semana-especial-das-carreiras-juridicas-aulas\/\" \/>\n<meta property=\"og:locale\" content=\"pt_BR\" \/>\n<meta property=\"og:type\" content=\"article\" \/>\n<meta property=\"og:title\" content=\"Aulas gratuitas abrem a Semana Especial das Carreiras Jur\u00eddicas nesta segunda (6)\" \/>\n<meta property=\"og:description\" content=\"O m\u00eas de janeiro oficialmente come\u00e7ou e a equipe de professores do Estrat\u00e9gia Concursos quer ajudar voc\u00ea a conquistar a t\u00e3o sonhada vaga no concurso desejado. Para isso criamos a Semana Especial das Carreiras Jur\u00eddicas, que s\u00e3o aulas di\u00e1rias ministradas pelos nossos professores visando aprimorar o estudo do concurseiro que nos acompanha. Abaixo voc\u00ea confere [&hellip;]\" \/>\n<meta property=\"og:url\" content=\"https:\/\/www.estrategiaconcursos.com.br\/blog\/semana-especial-das-carreiras-juridicas-aulas\/\" \/>\n<meta property=\"og:site_name\" content=\"Estrat\u00e9gia Concursos\" \/>\n<meta property=\"article:author\" content=\"https:\/\/www.facebook.com\/igor.maciel.1420\" \/>\n<meta property=\"article:published_time\" content=\"2020-01-06T12:14:11+00:00\" \/>\n<meta property=\"article:modified_time\" content=\"2020-01-06T12:14:12+00:00\" \/>\n<meta property=\"og:image\" content=\"https:\/\/dhg1h5j42swfq.cloudfront.net\/2018\/01\/08151119\/yt-secj-1.jpg\" \/>\n\t<meta property=\"og:image:width\" content=\"1280\" \/>\n\t<meta property=\"og:image:height\" content=\"720\" \/>\n\t<meta property=\"og:image:type\" content=\"image\/jpeg\" \/>\n<meta name=\"author\" content=\"Igor Maciel\" \/>\n<meta name=\"twitter:card\" content=\"summary_large_image\" \/>\n<meta name=\"twitter:creator\" content=\"@EstratConcursos\" \/>\n<meta name=\"twitter:site\" content=\"@EstratConcursos\" \/>\n<meta name=\"twitter:label1\" content=\"Escrito por\" \/>\n\t<meta name=\"twitter:data1\" content=\"Igor Maciel\" \/>\n\t<meta name=\"twitter:label2\" content=\"Est. tempo de leitura\" \/>\n\t<meta name=\"twitter:data2\" content=\"1 minuto\" \/>\n<script type=\"application\/ld+json\" class=\"yoast-schema-graph\">{\"@context\":\"https:\/\/schema.org\",\"@graph\":[{\"@type\":\"NewsArticle\",\"@id\":\"https:\/\/www.estrategiaconcursos.com.br\/blog\/semana-especial-das-carreiras-juridicas-aulas\/#article\",\"isPartOf\":{\"@id\":\"https:\/\/www.estrategiaconcursos.com.br\/blog\/semana-especial-das-carreiras-juridicas-aulas\/\"},\"author\":{\"name\":\"Igor Maciel\",\"@id\":\"https:\/\/www.estrategiaconcursos.com.br\/blog\/#\/schema\/person\/024d26d5efb06d95dfc04025d7301591\"},\"headline\":\"Aulas gratuitas abrem a Semana Especial das Carreiras Jur\u00eddicas nesta segunda (6)\",\"datePublished\":\"2020-01-06T12:14:11+00:00\",\"dateModified\":\"2020-01-06T12:14:12+00:00\",\"mainEntityOfPage\":{\"@id\":\"https:\/\/www.estrategiaconcursos.com.br\/blog\/semana-especial-das-carreiras-juridicas-aulas\/\"},\"wordCount\":195,\"commentCount\":0,\"publisher\":{\"@id\":\"https:\/\/www.estrategiaconcursos.com.br\/blog\/#organization\"},\"image\":{\"@id\":\"https:\/\/www.estrategiaconcursos.com.br\/blog\/semana-especial-das-carreiras-juridicas-aulas\/#primaryimage\"},\"thumbnailUrl\":\"https:\/\/dhg1h5j42swfq.cloudfront.net\/2018\/01\/08151119\/yt-secj-1.jpg\",\"articleSection\":[\"Concursos P\u00fablicos\"],\"inLanguage\":\"pt-BR\",\"potentialAction\":[{\"@type\":\"CommentAction\",\"name\":\"Comment\",\"target\":[\"https:\/\/www.estrategiaconcursos.com.br\/blog\/semana-especial-das-carreiras-juridicas-aulas\/#respond\"]}],\"copyrightYear\":\"2020\",\"copyrightHolder\":{\"@id\":\"https:\/\/www.estrategiaconcursos.com.br\/blog\/#organization\"}},{\"@type\":\"WebPage\",\"@id\":\"https:\/\/www.estrategiaconcursos.com.br\/blog\/semana-especial-das-carreiras-juridicas-aulas\/\",\"url\":\"https:\/\/www.estrategiaconcursos.com.br\/blog\/semana-especial-das-carreiras-juridicas-aulas\/\",\"name\":\"Aulas gratuitas abrem a Semana Especial das Carreiras Jur\u00eddicas nesta segunda (6)\",\"isPartOf\":{\"@id\":\"https:\/\/www.estrategiaconcursos.com.br\/blog\/#website\"},\"primaryImageOfPage\":{\"@id\":\"https:\/\/www.estrategiaconcursos.com.br\/blog\/semana-especial-das-carreiras-juridicas-aulas\/#primaryimage\"},\"image\":{\"@id\":\"https:\/\/www.estrategiaconcursos.com.br\/blog\/semana-especial-das-carreiras-juridicas-aulas\/#primaryimage\"},\"thumbnailUrl\":\"https:\/\/dhg1h5j42swfq.cloudfront.net\/2018\/01\/08151119\/yt-secj-1.jpg\",\"datePublished\":\"2020-01-06T12:14:11+00:00\",\"dateModified\":\"2020-01-06T12:14:12+00:00\",\"breadcrumb\":{\"@id\":\"https:\/\/www.estrategiaconcursos.com.br\/blog\/semana-especial-das-carreiras-juridicas-aulas\/#breadcrumb\"},\"inLanguage\":\"pt-BR\",\"potentialAction\":[{\"@type\":\"ReadAction\",\"target\":[\"https:\/\/www.estrategiaconcursos.com.br\/blog\/semana-especial-das-carreiras-juridicas-aulas\/\"]}]},{\"@type\":\"ImageObject\",\"inLanguage\":\"pt-BR\",\"@id\":\"https:\/\/www.estrategiaconcursos.com.br\/blog\/semana-especial-das-carreiras-juridicas-aulas\/#primaryimage\",\"url\":\"https:\/\/dhg1h5j42swfq.cloudfront.net\/2018\/01\/08151119\/yt-secj-1.jpg\",\"contentUrl\":\"https:\/\/dhg1h5j42swfq.cloudfront.net\/2018\/01\/08151119\/yt-secj-1.jpg\",\"width\":1280,\"height\":720,\"caption\":\"concursos carreiras jur\u00eddicas 2018\"},{\"@type\":\"BreadcrumbList\",\"@id\":\"https:\/\/www.estrategiaconcursos.com.br\/blog\/semana-especial-das-carreiras-juridicas-aulas\/#breadcrumb\",\"itemListElement\":[{\"@type\":\"ListItem\",\"position\":1,\"name\":\"In\u00edcio\",\"item\":\"https:\/\/www.estrategiaconcursos.com.br\/blog\/\"},{\"@type\":\"ListItem\",\"position\":2,\"name\":\"Aulas gratuitas abrem a Semana Especial das Carreiras Jur\u00eddicas nesta segunda (6)\"}]},{\"@type\":\"WebSite\",\"@id\":\"https:\/\/www.estrategiaconcursos.com.br\/blog\/#website\",\"url\":\"https:\/\/www.estrategiaconcursos.com.br\/blog\/\",\"name\":\"Estrat\u00e9gia Concursos\",\"description\":\"O blog da Estrat\u00e9gia Concursos traz not\u00edcias sobre concursos e artigos de professores oferecendo cursos para concursos (pdf + videaulas) no site.\",\"publisher\":{\"@id\":\"https:\/\/www.estrategiaconcursos.com.br\/blog\/#organization\"},\"potentialAction\":[{\"@type\":\"SearchAction\",\"target\":{\"@type\":\"EntryPoint\",\"urlTemplate\":\"https:\/\/www.estrategiaconcursos.com.br\/blog\/?s={search_term_string}\"},\"query-input\":{\"@type\":\"PropertyValueSpecification\",\"valueRequired\":true,\"valueName\":\"search_term_string\"}}],\"inLanguage\":\"pt-BR\"},{\"@type\":\"Organization\",\"@id\":\"https:\/\/www.estrategiaconcursos.com.br\/blog\/#organization\",\"name\":\"Estrat\u00e9gia Concursos\",\"url\":\"https:\/\/www.estrategiaconcursos.com.br\/blog\/\",\"logo\":{\"@type\":\"ImageObject\",\"inLanguage\":\"pt-BR\",\"@id\":\"https:\/\/www.estrategiaconcursos.com.br\/blog\/#\/schema\/logo\/image\/\",\"url\":\"https:\/\/dhg1h5j42swfq.cloudfront.net\/2025\/06\/03203428\/logo_concursos-1.jpg\",\"contentUrl\":\"https:\/\/dhg1h5j42swfq.cloudfront.net\/2025\/06\/03203428\/logo_concursos-1.jpg\",\"width\":230,\"height\":60,\"caption\":\"Estrat\u00e9gia Concursos\"},\"image\":{\"@id\":\"https:\/\/www.estrategiaconcursos.com.br\/blog\/#\/schema\/logo\/image\/\"},\"sameAs\":[\"https:\/\/x.com\/EstratConcursos\"]},{\"@type\":\"Person\",\"@id\":\"https:\/\/www.estrategiaconcursos.com.br\/blog\/#\/schema\/person\/024d26d5efb06d95dfc04025d7301591\",\"name\":\"Igor Maciel\",\"image\":{\"@type\":\"ImageObject\",\"inLanguage\":\"pt-BR\",\"@id\":\"https:\/\/secure.gravatar.com\/avatar\/e983a676af6facf4aebcb2989d49e3bf61b718712d5e7a4b3f355b7fe651bc2f?s=96&d=mm&r=g\",\"url\":\"https:\/\/secure.gravatar.com\/avatar\/e983a676af6facf4aebcb2989d49e3bf61b718712d5e7a4b3f355b7fe651bc2f?s=96&d=mm&r=g\",\"contentUrl\":\"https:\/\/secure.gravatar.com\/avatar\/e983a676af6facf4aebcb2989d49e3bf61b718712d5e7a4b3f355b7fe651bc2f?s=96&d=mm&r=g\",\"caption\":\"Igor Maciel\"},\"description\":\"Graduado na Universidade Federal de Pernambuco, com extens\u00e3o na Universidade de Coimbra\/Portugal. Especialista LLM em Direito Corporativo pelo IBMEC\/RJ. Mestrando em Direito e Pol\u00edticas P\u00fablicas pelo UNICEUB\/DF. Advogado com atua\u00e7\u00e3o profissional centrada no Direito Tribut\u00e1rio e no Direito Administrativo, especialmente na defesa de servidores p\u00fablicos.\",\"sameAs\":[\"http:\/\/www.imaciel.com.br\",\"https:\/\/www.facebook.com\/igor.maciel.1420\"],\"url\":\"https:\/\/www.estrategiaconcursos.com.br\/blog\/author\/contatoimaciel-com-br\/\"}]}<\/script>\n<!-- \/ Yoast SEO Premium plugin. -->","yoast_head_json":{"title":"Aulas gratuitas abrem a Semana Especial das Carreiras Jur\u00eddicas nesta segunda (6)","robots":{"index":"index","follow":"follow","max-snippet":"max-snippet:-1","max-image-preview":"max-image-preview:large","max-video-preview":"max-video-preview:-1"},"canonical":"https:\/\/www.estrategiaconcursos.com.br\/blog\/semana-especial-das-carreiras-juridicas-aulas\/","og_locale":"pt_BR","og_type":"article","og_title":"Aulas gratuitas abrem a Semana Especial das Carreiras Jur\u00eddicas nesta segunda (6)","og_description":"O m\u00eas de janeiro oficialmente come\u00e7ou e a equipe de professores do Estrat\u00e9gia Concursos quer ajudar voc\u00ea a conquistar a t\u00e3o sonhada vaga no concurso desejado. Para isso criamos a Semana Especial das Carreiras Jur\u00eddicas, que s\u00e3o aulas di\u00e1rias ministradas pelos nossos professores visando aprimorar o estudo do concurseiro que nos acompanha. Abaixo voc\u00ea confere [&hellip;]","og_url":"https:\/\/www.estrategiaconcursos.com.br\/blog\/semana-especial-das-carreiras-juridicas-aulas\/","og_site_name":"Estrat\u00e9gia Concursos","article_author":"https:\/\/www.facebook.com\/igor.maciel.1420","article_published_time":"2020-01-06T12:14:11+00:00","article_modified_time":"2020-01-06T12:14:12+00:00","og_image":[{"width":1280,"height":720,"url":"https:\/\/dhg1h5j42swfq.cloudfront.net\/2018\/01\/08151119\/yt-secj-1.jpg","type":"image\/jpeg"}],"author":"Igor Maciel","twitter_card":"summary_large_image","twitter_creator":"@EstratConcursos","twitter_site":"@EstratConcursos","twitter_misc":{"Escrito por":"Igor Maciel","Est. tempo de leitura":"1 minuto"},"schema":{"@context":"https:\/\/schema.org","@graph":[{"@type":"NewsArticle","@id":"https:\/\/www.estrategiaconcursos.com.br\/blog\/semana-especial-das-carreiras-juridicas-aulas\/#article","isPartOf":{"@id":"https:\/\/www.estrategiaconcursos.com.br\/blog\/semana-especial-das-carreiras-juridicas-aulas\/"},"author":{"name":"Igor Maciel","@id":"https:\/\/www.estrategiaconcursos.com.br\/blog\/#\/schema\/person\/024d26d5efb06d95dfc04025d7301591"},"headline":"Aulas gratuitas abrem a Semana Especial das Carreiras Jur\u00eddicas nesta segunda (6)","datePublished":"2020-01-06T12:14:11+00:00","dateModified":"2020-01-06T12:14:12+00:00","mainEntityOfPage":{"@id":"https:\/\/www.estrategiaconcursos.com.br\/blog\/semana-especial-das-carreiras-juridicas-aulas\/"},"wordCount":195,"commentCount":0,"publisher":{"@id":"https:\/\/www.estrategiaconcursos.com.br\/blog\/#organization"},"image":{"@id":"https:\/\/www.estrategiaconcursos.com.br\/blog\/semana-especial-das-carreiras-juridicas-aulas\/#primaryimage"},"thumbnailUrl":"https:\/\/dhg1h5j42swfq.cloudfront.net\/2018\/01\/08151119\/yt-secj-1.jpg","articleSection":["Concursos P\u00fablicos"],"inLanguage":"pt-BR","potentialAction":[{"@type":"CommentAction","name":"Comment","target":["https:\/\/www.estrategiaconcursos.com.br\/blog\/semana-especial-das-carreiras-juridicas-aulas\/#respond"]}],"copyrightYear":"2020","copyrightHolder":{"@id":"https:\/\/www.estrategiaconcursos.com.br\/blog\/#organization"}},{"@type":"WebPage","@id":"https:\/\/www.estrategiaconcursos.com.br\/blog\/semana-especial-das-carreiras-juridicas-aulas\/","url":"https:\/\/www.estrategiaconcursos.com.br\/blog\/semana-especial-das-carreiras-juridicas-aulas\/","name":"Aulas gratuitas abrem a Semana Especial das Carreiras Jur\u00eddicas nesta segunda (6)","isPartOf":{"@id":"https:\/\/www.estrategiaconcursos.com.br\/blog\/#website"},"primaryImageOfPage":{"@id":"https:\/\/www.estrategiaconcursos.com.br\/blog\/semana-especial-das-carreiras-juridicas-aulas\/#primaryimage"},"image":{"@id":"https:\/\/www.estrategiaconcursos.com.br\/blog\/semana-especial-das-carreiras-juridicas-aulas\/#primaryimage"},"thumbnailUrl":"https:\/\/dhg1h5j42swfq.cloudfront.net\/2018\/01\/08151119\/yt-secj-1.jpg","datePublished":"2020-01-06T12:14:11+00:00","dateModified":"2020-01-06T12:14:12+00:00","breadcrumb":{"@id":"https:\/\/www.estrategiaconcursos.com.br\/blog\/semana-especial-das-carreiras-juridicas-aulas\/#breadcrumb"},"inLanguage":"pt-BR","potentialAction":[{"@type":"ReadAction","target":["https:\/\/www.estrategiaconcursos.com.br\/blog\/semana-especial-das-carreiras-juridicas-aulas\/"]}]},{"@type":"ImageObject","inLanguage":"pt-BR","@id":"https:\/\/www.estrategiaconcursos.com.br\/blog\/semana-especial-das-carreiras-juridicas-aulas\/#primaryimage","url":"https:\/\/dhg1h5j42swfq.cloudfront.net\/2018\/01\/08151119\/yt-secj-1.jpg","contentUrl":"https:\/\/dhg1h5j42swfq.cloudfront.net\/2018\/01\/08151119\/yt-secj-1.jpg","width":1280,"height":720,"caption":"concursos carreiras jur\u00eddicas 2018"},{"@type":"BreadcrumbList","@id":"https:\/\/www.estrategiaconcursos.com.br\/blog\/semana-especial-das-carreiras-juridicas-aulas\/#breadcrumb","itemListElement":[{"@type":"ListItem","position":1,"name":"In\u00edcio","item":"https:\/\/www.estrategiaconcursos.com.br\/blog\/"},{"@type":"ListItem","position":2,"name":"Aulas gratuitas abrem a Semana Especial das Carreiras Jur\u00eddicas nesta segunda (6)"}]},{"@type":"WebSite","@id":"https:\/\/www.estrategiaconcursos.com.br\/blog\/#website","url":"https:\/\/www.estrategiaconcursos.com.br\/blog\/","name":"Estrat\u00e9gia Concursos","description":"O blog da Estrat\u00e9gia Concursos traz not\u00edcias sobre concursos e artigos de professores oferecendo cursos para concursos (pdf + videaulas) no site.","publisher":{"@id":"https:\/\/www.estrategiaconcursos.com.br\/blog\/#organization"},"potentialAction":[{"@type":"SearchAction","target":{"@type":"EntryPoint","urlTemplate":"https:\/\/www.estrategiaconcursos.com.br\/blog\/?s={search_term_string}"},"query-input":{"@type":"PropertyValueSpecification","valueRequired":true,"valueName":"search_term_string"}}],"inLanguage":"pt-BR"},{"@type":"Organization","@id":"https:\/\/www.estrategiaconcursos.com.br\/blog\/#organization","name":"Estrat\u00e9gia Concursos","url":"https:\/\/www.estrategiaconcursos.com.br\/blog\/","logo":{"@type":"ImageObject","inLanguage":"pt-BR","@id":"https:\/\/www.estrategiaconcursos.com.br\/blog\/#\/schema\/logo\/image\/","url":"https:\/\/dhg1h5j42swfq.cloudfront.net\/2025\/06\/03203428\/logo_concursos-1.jpg","contentUrl":"https:\/\/dhg1h5j42swfq.cloudfront.net\/2025\/06\/03203428\/logo_concursos-1.jpg","width":230,"height":60,"caption":"Estrat\u00e9gia Concursos"},"image":{"@id":"https:\/\/www.estrategiaconcursos.com.br\/blog\/#\/schema\/logo\/image\/"},"sameAs":["https:\/\/x.com\/EstratConcursos"]},{"@type":"Person","@id":"https:\/\/www.estrategiaconcursos.com.br\/blog\/#\/schema\/person\/024d26d5efb06d95dfc04025d7301591","name":"Igor Maciel","image":{"@type":"ImageObject","inLanguage":"pt-BR","@id":"https:\/\/secure.gravatar.com\/avatar\/e983a676af6facf4aebcb2989d49e3bf61b718712d5e7a4b3f355b7fe651bc2f?s=96&d=mm&r=g","url":"https:\/\/secure.gravatar.com\/avatar\/e983a676af6facf4aebcb2989d49e3bf61b718712d5e7a4b3f355b7fe651bc2f?s=96&d=mm&r=g","contentUrl":"https:\/\/secure.gravatar.com\/avatar\/e983a676af6facf4aebcb2989d49e3bf61b718712d5e7a4b3f355b7fe651bc2f?s=96&d=mm&r=g","caption":"Igor Maciel"},"description":"Graduado na Universidade Federal de Pernambuco, com extens\u00e3o na Universidade de Coimbra\/Portugal. Especialista LLM em Direito Corporativo pelo IBMEC\/RJ. Mestrando em Direito e Pol\u00edticas P\u00fablicas pelo UNICEUB\/DF. Advogado com atua\u00e7\u00e3o profissional centrada no Direito Tribut\u00e1rio e no Direito Administrativo, especialmente na defesa de servidores p\u00fablicos.","sameAs":["http:\/\/www.imaciel.com.br","https:\/\/www.facebook.com\/igor.maciel.1420"],"url":"https:\/\/www.estrategiaconcursos.com.br\/blog\/author\/contatoimaciel-com-br\/"}]}},"_links":{"self":[{"href":"https:\/\/www.estrategiaconcursos.com.br\/blog\/wp-json\/wp\/v2\/posts\/466068","targetHints":{"allow":["GET"]}}],"collection":[{"href":"https:\/\/www.estrategiaconcursos.com.br\/blog\/wp-json\/wp\/v2\/posts"}],"about":[{"href":"https:\/\/www.estrategiaconcursos.com.br\/blog\/wp-json\/wp\/v2\/types\/post"}],"author":[{"embeddable":true,"href":"https:\/\/www.estrategiaconcursos.com.br\/blog\/wp-json\/wp\/v2\/users\/317"}],"replies":[{"embeddable":true,"href":"https:\/\/www.estrategiaconcursos.com.br\/blog\/wp-json\/wp\/v2\/comments?post=466068"}],"version-history":[{"count":2,"href":"https:\/\/www.estrategiaconcursos.com.br\/blog\/wp-json\/wp\/v2\/posts\/466068\/revisions"}],"predecessor-version":[{"id":466080,"href":"https:\/\/www.estrategiaconcursos.com.br\/blog\/wp-json\/wp\/v2\/posts\/466068\/revisions\/466080"}],"wp:featuredmedia":[{"embeddable":true,"href":"https:\/\/www.estrategiaconcursos.com.br\/blog\/wp-json\/wp\/v2\/media\/101270"}],"wp:attachment":[{"href":"https:\/\/www.estrategiaconcursos.com.br\/blog\/wp-json\/wp\/v2\/media?parent=466068"}],"wp:term":[{"taxonomy":"category","embeddable":true,"href":"https:\/\/www.estrategiaconcursos.com.br\/blog\/wp-json\/wp\/v2\/categories?post=466068"},{"taxonomy":"post_tag","embeddable":true,"href":"https:\/\/www.estrategiaconcursos.com.br\/blog\/wp-json\/wp\/v2\/tags?post=466068"},{"taxonomy":"tax_estado","embeddable":true,"href":"https:\/\/www.estrategiaconcursos.com.br\/blog\/wp-json\/wp\/v2\/tax_estado?post=466068"}],"curies":[{"name":"wp","href":"https:\/\/api.w.org\/{rel}","templated":true}]}}