{"id":46549,"date":"2016-08-18T20:48:06","date_gmt":"2016-08-18T23:48:06","guid":{"rendered":"https:\/\/www.estrategiaconcursos.com.br\/blog\/?p=46549"},"modified":"2016-10-06T16:36:50","modified_gmt":"2016-10-06T19:36:50","slug":"edital-procurador-uberlandia","status":"publish","type":"post","link":"https:\/\/www.estrategiaconcursos.com.br\/blog\/edital-procurador-uberlandia\/","title":{"rendered":"Edital Procurador Uberl\u00e2ndia &#8211; An\u00e1lise Completa"},"content":{"rendered":"<p style=\"text-align: justify;\"><img loading=\"lazy\" decoding=\"async\" class=\"wp-image-46557 alignleft\" src=\"https:\/\/dhg1h5j42swfq.cloudfront.net\/2016\/08\/17213324\/bandeira-uberlandia.jpg\" alt=\"bandeira uberlandia\" width=\"154\" height=\"105\" \/>Oi pessoal!<\/p>\n<p style=\"text-align: justify;\">Foi publicado o edital o concurso para v\u00e1rios cargos da Prefeitura Municipal de Uberl\u00e2ndia-MG. Entre esses v\u00e1rios cargos temos o de Advogado Municipal, na especialidade Procurador Municipal.\u00a0Agora vamos fazer uma an\u00e1lise completa do <strong>Edital Procurador Uberl\u00e2ndia<\/strong>.<\/p>\n<p style=\"text-align: justify;\"><strong>BANCA EXAMINADORA<\/strong><\/p>\n<p style=\"text-align: justify;\">A banca do nosso concurso \u00e9 o <strong>Instituto Vicente Nelson (IVIN)<\/strong>. Nunca ouviu falar!? Nem eu! Mas isso n\u00e3o deve ser raz\u00e3o para desespero. Numa pesquisa r\u00e1pida encontrei uma quantidade razo\u00e1vel de provas aplicadas pela banca, com quest\u00f5es principalmente de l\u00edngua portuguesa e de \u00e1reas mais t\u00e9cnicas, como a \u00e1rea de sa\u00fade. Infelizmente n\u00e3o consegui encontrar quest\u00f5es de mat\u00e9rias jur\u00eddicas, mas posso dizer que as quest\u00f5es aplicadas pela banca s\u00e3o bem semelhantes \u00e0s da Funda\u00e7\u00e3o Carlos Chagas, a famosa FCC, ent\u00e3o acredito que voc\u00ea possa se guiar por a\u00ed, ok!?<\/p>\n<p style=\"text-align: justify;\"><strong>CARGO E VAGAS<\/strong><\/p>\n<p style=\"text-align: justify;\">O cargo de Advogado Municipal exige, para seu provimento, Diploma de conclus\u00e3o de curso de ensino superior em Bacharelado em Direito e registro na Ordem dos Advogados do Brasil. Se voc\u00ea pretende ser Procurador e ainda n\u00e3o foi aprovado no Exame de Ordem, sugiro que conhe\u00e7a nossos <strong>cursos<\/strong> para a OAB.<\/p>\n<p style=\"text-align: justify;\">Um fato interessante a respeito dos Advogados Municipais \u00e9 que a carga hor\u00e1ria prevista \u00e9 de <strong>30h semanais<\/strong>. Isso significa uma excelente qualidade de vida, com tempo para se dedicar \u00e0 fam\u00edlia, aos estudos e a outras atividades.<\/p>\n<p style=\"text-align: justify;\">No total temos a previs\u00e3o de <strong>10 vagas<\/strong>, al\u00e9m da forma\u00e7\u00e3o de <strong>cadastro reserva<\/strong>. Nunca \u00e9 demais salientar que, em gera, nos concursos para procuradores os candidatos que ficam no cadastro reserva terminam sendo chamados durante o prazo de validade do concurso!<\/p>\n<p style=\"text-align: justify;\">Dessas 10 vagas, temos 7 de ampla concorr\u00eancia, 1 reservada para pessoas com defici\u00eancia, e 2 reservadas para candidatos negros ou pardos.<\/p>\n<p style=\"text-align: justify;\"><strong>REMUNERA\u00c7\u00c3O<\/strong><\/p>\n<p style=\"text-align: justify;\">A remunera\u00e7\u00e3o b\u00e1sica prevista no edital \u00e9 de R$ 2.804,02, al\u00e9m de adicional de atividade, cujo valor n\u00e3o foi especificado pelo edital.<\/p>\n<p style=\"text-align: justify;\"><strong>INSCRI\u00c7\u00d5ES<\/strong><\/p>\n<p style=\"text-align: justify;\">As inscri\u00e7\u00f5es para o concurso devem ser feitas no endere\u00e7o eletr\u00f4nico do IVIN (<a href=\"http:\/\/www.ivin.com.br)\" target=\"_blank\">www.ivin.com.br)<\/a>, mediante pagamento da <strong>taxa de R$40,00<\/strong>. As inscri\u00e7\u00f5es se iniciam no dia 14\/10, e v\u00e3o <strong>at\u00e9 o dia 6\/11\/2016<\/strong>.<\/p>\n<p style=\"text-align: justify;\"><strong>ETAPAS DO CONCURSO<\/strong><\/p>\n<p style=\"text-align: justify;\">Nosso concurso \u00e9 composto pelas seguintes etapas:<\/p>\n<p style=\"text-align: justify;\"><strong>1. Prova Escrita Objetiva<\/strong><\/p>\n<p style=\"text-align: justify;\">Nesta fase temos provas compostas por 40 quest\u00f5es de m\u00faltipla escolha, com 5 alternativas cada. A distribui\u00e7\u00e3o das quest\u00f5es por mat\u00e9ria segue o descrito na tabela a seguir:<\/p>\n<p style=\"text-align: justify;\"><img loading=\"lazy\" decoding=\"async\" class=\"size-full wp-image-46551 aligncenter\" src=\"https:\/\/dhg1h5j42swfq.cloudfront.net\/2016\/08\/17212224\/Mate%CC%81rias-Procurador-Uberla%CC%82ndia-e1471479792113.png\" alt=\"Mate\u0301rias Procurador Uberla\u0302ndia\" width=\"726\" height=\"393\" \/><\/p>\n<p style=\"text-align: justify;\">Essa distribui\u00e7\u00e3o de conte\u00fados \u00e9 bastante peculiar, pois temos v\u00e1rias quest\u00f5es de mat\u00e9rias n\u00e3o jur\u00eddicas, que, somadas, valem quase metade da pontua\u00e7\u00e3o do certame&#8230;!<\/p>\n<p style=\"text-align: justify;\">As provas objetivas ser\u00e3o realizadas no\u00a0 dia 3\/12\/2016 (s\u00e1bado) no per\u00edodo da tarde. Os candidatos que obtiverem o m\u00ednimo de 60% de acertos na prova objetiva, com aproveitamento de no m\u00ednimo 20% de pontos em cada conte\u00fado, ser\u00e3o habilitados para a prova discursiva.<\/p>\n<p style=\"text-align: justify;\"><strong>2. Prova Discursiva (Reda\u00e7\u00e3o)<\/strong><\/p>\n<p style=\"text-align: justify;\">A prova discursiva ser\u00e1 aplicada no mesmo dia e hor\u00e1rio das provas objetivas, e ser\u00e1 composta de uma reda\u00e7\u00e3o, na qual o candidato dever\u00e1 desenvolver texto dissertativo a partir de proposta \u00fanica, sobre assunto de interesse geral, em <strong>no m\u00ednimo 20 e no m\u00e1ximo 30 linhas<\/strong>.<\/p>\n<p style=\"text-align: justify;\">A Prova Discursiva ter\u00e1 car\u00e1ter eliminat\u00f3rio e classificat\u00f3rio, valendo um <strong>total de 40 pontos<\/strong>. Ser\u00e1 considerado habilitado o candidato que obtiver nota igual ou superior a 20.<\/p>\n<p style=\"text-align: justify;\"><span style=\"color: #008000;\"><em>Voc\u00ea j\u00e1 conhece o Informativo Estrat\u00e9gico? Veja essa novidade que preparamos para voc\u00eas: informativos do STF e STJ comentados pela equipe de professores do Estrat\u00e9gia.<\/em><\/span><\/p>\n<p><a href=\"https:\/\/www.estrategiaconcursos.com.br\/blog\/informativo-stj\/\">Informativo STJ<\/a><\/p>\n<p><a href=\"https:\/\/www.estrategiaconcursos.com.br\/blog\/informativo-stf\/\">Informativo STF<\/a><\/p>\n<p style=\"text-align: justify;\"><strong>III. Prova de T\u00edtulos<\/strong><\/p>\n<p style=\"text-align: justify;\">A an\u00e1lise de t\u00edtulos tem car\u00e1ter classificat\u00f3rio, e \u00e9 limitada ao m\u00e1ximo de 15 pontos, mesmo que a soma dos t\u00edtulos apresentados ultrapasse esse valor. Os t\u00edtulos aceitos e o valor de cada um deles constam na tabela a seguir.<\/p>\n<p style=\"text-align: justify;\">Ao final da prova de t\u00edtulos, a pontua\u00e7\u00e3o de cada uma das fases ser\u00e1 somada para o c\u00e1lculo da nota final do candidato.<\/p>\n<p style=\"text-align: justify;\"><img loading=\"lazy\" decoding=\"async\" class=\"alignleft wp-image-46556\" src=\"https:\/\/dhg1h5j42swfq.cloudfront.net\/2016\/08\/17212952\/Titulos-Uberlandia-e1471480218234.png\" alt=\"Titulos Uberlandia\" width=\"708\" height=\"418\" \/><\/p>\n<p style=\"text-align: justify;\"><strong>VALIDADE<\/strong><\/p>\n<p style=\"text-align: justify;\">O concurso ter\u00e1 validade de<strong> 2 anos<\/strong>, contados da homologa\u00e7\u00e3o de seu resultado. Esse prazo pode ainda ser prorrogado por mais 2 anos mediante ao do Prefeito de Uberl\u00e2ndia.<\/p>\n<p style=\"text-align: justify;\">Acredito que conseguimos passar pelos itens mais importantes do <strong>Edital Procurador Uberl\u00e2ndia<\/strong>.<\/p>\n<p style=\"text-align: justify;\"><strong>O Estrat\u00e9gia j\u00e1 lan\u00e7ou os cursos preparat\u00f3rios para o certame!<\/strong><\/p>\n<p style=\"text-align: justify;\"><a href=\"https:\/\/www.estrategiaconcursos.com.br\/cursosPorConcurso\/prefeitura-de-uberlandia\/\" target=\"_blank\"><strong><span style=\"color: #ff0000;\">CURSOS PARA PROCURADOR DE UBERL\u00c2NDIA<\/span><\/strong><\/a><\/p>\n<p style=\"text-align: justify;\">Caso queira consultar o documento na \u00edntegra, basta clicar <a href=\"http:\/\/ivin.com.br\/novo\/downloads,baixar-arquivo,1325\" target=\"_blank\">aqui<\/a>!<\/p>\n<p style=\"text-align: justify;\">Grande abra\u00e7o!<\/p>\n<p style=\"text-align: justify;\">Paulo Guimar\u00e3es<\/p>\n","protected":false},"excerpt":{"rendered":"<p>Oi pessoal! Foi publicado o edital o concurso para v\u00e1rios cargos da Prefeitura Municipal de Uberl\u00e2ndia-MG. Entre esses v\u00e1rios cargos temos o de Advogado Municipal, na especialidade Procurador Municipal.\u00a0Agora vamos fazer uma an\u00e1lise completa do Edital Procurador Uberl\u00e2ndia. BANCA EXAMINADORA A banca do nosso concurso \u00e9 o Instituto Vicente Nelson (IVIN). Nunca ouviu falar!? Nem [&hellip;]<\/p>\n","protected":false},"author":99,"featured_media":0,"comment_status":"open","ping_status":"open","sticky":false,"template":"","format":"standard","meta":{"post_tipo":"article","footnotes":""},"categories":[1,2185],"tags":[2072],"tax_estado":[],"class_list":["post-46549","post","type-post","status-publish","format-standard","hentry","category-cursos-e-concursos","category-carreiras-juridicas","tag-iss-uberlandia"],"acf":[],"yoast_head":"<!-- This site is optimized with the Yoast SEO Premium plugin v27.2 (Yoast SEO v27.2) - https:\/\/yoast.com\/product\/yoast-seo-premium-wordpress\/ -->\n<title>Edital Procurador Uberl\u00e2ndia - An\u00e1lise Completa<\/title>\n<meta name=\"description\" content=\"Foi publicado o Edital do Concurso para Procurador de Uberl\u00e2ndia. Saiba tudo sobre o edital e o Concurso da Prefeitura de Uberl\u00e2ndia aqui!\" \/>\n<meta name=\"robots\" content=\"index, follow, max-snippet:-1, max-image-preview:large, max-video-preview:-1\" \/>\n<link rel=\"canonical\" href=\"https:\/\/www.estrategiaconcursos.com.br\/blog\/edital-procurador-uberlandia\/\" \/>\n<meta property=\"og:locale\" content=\"pt_BR\" \/>\n<meta property=\"og:type\" content=\"article\" \/>\n<meta property=\"og:title\" content=\"Edital Procurador Uberl\u00e2ndia - An\u00e1lise Completa\" \/>\n<meta property=\"og:description\" content=\"Foi publicado o Edital do Concurso para Procurador de Uberl\u00e2ndia. Saiba tudo sobre o edital e o Concurso da Prefeitura de Uberl\u00e2ndia aqui!\" \/>\n<meta property=\"og:url\" content=\"https:\/\/www.estrategiaconcursos.com.br\/blog\/edital-procurador-uberlandia\/\" \/>\n<meta property=\"og:site_name\" content=\"Estrat\u00e9gia Concursos\" \/>\n<meta property=\"article:published_time\" content=\"2016-08-18T23:48:06+00:00\" \/>\n<meta property=\"article:modified_time\" content=\"2016-10-06T19:36:50+00:00\" \/>\n<meta property=\"og:image\" content=\"https:\/\/dhg1h5j42swfq.cloudfront.net\/2016\/08\/17213324\/bandeira-uberlandia.jpg\" \/>\n<meta name=\"author\" content=\"Paulo Guimar\u00e3es\" \/>\n<meta name=\"twitter:card\" content=\"summary_large_image\" \/>\n<meta name=\"twitter:creator\" content=\"@EstratConcursos\" \/>\n<meta name=\"twitter:site\" content=\"@EstratConcursos\" \/>\n<meta name=\"twitter:label1\" content=\"Escrito por\" \/>\n\t<meta name=\"twitter:data1\" content=\"Paulo Guimar\u00e3es\" \/>\n\t<meta name=\"twitter:label2\" content=\"Est. tempo de leitura\" \/>\n\t<meta name=\"twitter:data2\" content=\"4 minutos\" \/>\n<script type=\"application\/ld+json\" class=\"yoast-schema-graph\">{\"@context\":\"https:\/\/schema.org\",\"@graph\":[{\"@type\":\"NewsArticle\",\"@id\":\"https:\/\/www.estrategiaconcursos.com.br\/blog\/edital-procurador-uberlandia\/#article\",\"isPartOf\":{\"@id\":\"https:\/\/www.estrategiaconcursos.com.br\/blog\/edital-procurador-uberlandia\/\"},\"author\":{\"name\":\"Paulo Guimar\u00e3es\",\"@id\":\"https:\/\/www.estrategiaconcursos.com.br\/blog\/#\/schema\/person\/80ff9f9f52e43a90b6efd99f2869d22b\"},\"headline\":\"Edital Procurador Uberl\u00e2ndia &#8211; An\u00e1lise Completa\",\"datePublished\":\"2016-08-18T23:48:06+00:00\",\"dateModified\":\"2016-10-06T19:36:50+00:00\",\"mainEntityOfPage\":{\"@id\":\"https:\/\/www.estrategiaconcursos.com.br\/blog\/edital-procurador-uberlandia\/\"},\"wordCount\":770,\"commentCount\":0,\"publisher\":{\"@id\":\"https:\/\/www.estrategiaconcursos.com.br\/blog\/#organization\"},\"image\":{\"@id\":\"https:\/\/www.estrategiaconcursos.com.br\/blog\/edital-procurador-uberlandia\/#primaryimage\"},\"thumbnailUrl\":\"https:\/\/dhg1h5j42swfq.cloudfront.net\/2016\/08\/17213324\/bandeira-uberlandia.jpg\",\"keywords\":[\"iss uberl\u00e2ndia\"],\"articleSection\":[\"Concursos P\u00fablicos\",\"Jur\u00eddico\"],\"inLanguage\":\"pt-BR\",\"potentialAction\":[{\"@type\":\"CommentAction\",\"name\":\"Comment\",\"target\":[\"https:\/\/www.estrategiaconcursos.com.br\/blog\/edital-procurador-uberlandia\/#respond\"]}],\"copyrightYear\":\"2016\",\"copyrightHolder\":{\"@id\":\"https:\/\/www.estrategiaconcursos.com.br\/blog\/#organization\"}},{\"@type\":\"WebPage\",\"@id\":\"https:\/\/www.estrategiaconcursos.com.br\/blog\/edital-procurador-uberlandia\/\",\"url\":\"https:\/\/www.estrategiaconcursos.com.br\/blog\/edital-procurador-uberlandia\/\",\"name\":\"Edital Procurador Uberl\u00e2ndia - An\u00e1lise Completa\",\"isPartOf\":{\"@id\":\"https:\/\/www.estrategiaconcursos.com.br\/blog\/#website\"},\"primaryImageOfPage\":{\"@id\":\"https:\/\/www.estrategiaconcursos.com.br\/blog\/edital-procurador-uberlandia\/#primaryimage\"},\"image\":{\"@id\":\"https:\/\/www.estrategiaconcursos.com.br\/blog\/edital-procurador-uberlandia\/#primaryimage\"},\"thumbnailUrl\":\"https:\/\/dhg1h5j42swfq.cloudfront.net\/2016\/08\/17213324\/bandeira-uberlandia.jpg\",\"datePublished\":\"2016-08-18T23:48:06+00:00\",\"dateModified\":\"2016-10-06T19:36:50+00:00\",\"description\":\"Foi publicado o Edital do Concurso para Procurador de Uberl\u00e2ndia. Saiba tudo sobre o edital e o Concurso da Prefeitura de Uberl\u00e2ndia aqui!\",\"breadcrumb\":{\"@id\":\"https:\/\/www.estrategiaconcursos.com.br\/blog\/edital-procurador-uberlandia\/#breadcrumb\"},\"inLanguage\":\"pt-BR\",\"potentialAction\":[{\"@type\":\"ReadAction\",\"target\":[\"https:\/\/www.estrategiaconcursos.com.br\/blog\/edital-procurador-uberlandia\/\"]}]},{\"@type\":\"ImageObject\",\"inLanguage\":\"pt-BR\",\"@id\":\"https:\/\/www.estrategiaconcursos.com.br\/blog\/edital-procurador-uberlandia\/#primaryimage\",\"url\":\"https:\/\/dhg1h5j42swfq.cloudfront.net\/2016\/08\/17213324\/bandeira-uberlandia.jpg\",\"contentUrl\":\"https:\/\/dhg1h5j42swfq.cloudfront.net\/2016\/08\/17213324\/bandeira-uberlandia.jpg\"},{\"@type\":\"BreadcrumbList\",\"@id\":\"https:\/\/www.estrategiaconcursos.com.br\/blog\/edital-procurador-uberlandia\/#breadcrumb\",\"itemListElement\":[{\"@type\":\"ListItem\",\"position\":1,\"name\":\"In\u00edcio\",\"item\":\"https:\/\/www.estrategiaconcursos.com.br\/blog\/\"},{\"@type\":\"ListItem\",\"position\":2,\"name\":\"Edital Procurador Uberl\u00e2ndia &#8211; An\u00e1lise Completa\"}]},{\"@type\":\"WebSite\",\"@id\":\"https:\/\/www.estrategiaconcursos.com.br\/blog\/#website\",\"url\":\"https:\/\/www.estrategiaconcursos.com.br\/blog\/\",\"name\":\"Estrat\u00e9gia Concursos\",\"description\":\"O blog da Estrat\u00e9gia Concursos traz not\u00edcias sobre concursos e artigos de professores oferecendo cursos para concursos (pdf + videaulas) no site.\",\"publisher\":{\"@id\":\"https:\/\/www.estrategiaconcursos.com.br\/blog\/#organization\"},\"potentialAction\":[{\"@type\":\"SearchAction\",\"target\":{\"@type\":\"EntryPoint\",\"urlTemplate\":\"https:\/\/www.estrategiaconcursos.com.br\/blog\/?s={search_term_string}\"},\"query-input\":{\"@type\":\"PropertyValueSpecification\",\"valueRequired\":true,\"valueName\":\"search_term_string\"}}],\"inLanguage\":\"pt-BR\"},{\"@type\":\"Organization\",\"@id\":\"https:\/\/www.estrategiaconcursos.com.br\/blog\/#organization\",\"name\":\"Estrat\u00e9gia Concursos\",\"url\":\"https:\/\/www.estrategiaconcursos.com.br\/blog\/\",\"logo\":{\"@type\":\"ImageObject\",\"inLanguage\":\"pt-BR\",\"@id\":\"https:\/\/www.estrategiaconcursos.com.br\/blog\/#\/schema\/logo\/image\/\",\"url\":\"https:\/\/dhg1h5j42swfq.cloudfront.net\/2025\/06\/03203428\/logo_concursos-1.jpg\",\"contentUrl\":\"https:\/\/dhg1h5j42swfq.cloudfront.net\/2025\/06\/03203428\/logo_concursos-1.jpg\",\"width\":230,\"height\":60,\"caption\":\"Estrat\u00e9gia Concursos\"},\"image\":{\"@id\":\"https:\/\/www.estrategiaconcursos.com.br\/blog\/#\/schema\/logo\/image\/\"},\"sameAs\":[\"https:\/\/x.com\/EstratConcursos\"]},{\"@type\":\"Person\",\"@id\":\"https:\/\/www.estrategiaconcursos.com.br\/blog\/#\/schema\/person\/80ff9f9f52e43a90b6efd99f2869d22b\",\"name\":\"Paulo Guimar\u00e3es\",\"image\":{\"@type\":\"ImageObject\",\"inLanguage\":\"pt-BR\",\"@id\":\"https:\/\/secure.gravatar.com\/avatar\/08d24bbaa2d103a1d6aba72ee81baa1680267436588d5d9cfb8d32c3aa4ca278?s=96&d=mm&r=g\",\"url\":\"https:\/\/secure.gravatar.com\/avatar\/08d24bbaa2d103a1d6aba72ee81baa1680267436588d5d9cfb8d32c3aa4ca278?s=96&d=mm&r=g\",\"contentUrl\":\"https:\/\/secure.gravatar.com\/avatar\/08d24bbaa2d103a1d6aba72ee81baa1680267436588d5d9cfb8d32c3aa4ca278?s=96&d=mm&r=g\",\"caption\":\"Paulo Guimar\u00e3es\"},\"url\":\"https:\/\/www.estrategiaconcursos.com.br\/blog\/author\/pauloguimaraesestrategiaconcursos-com-br\/\"}]}<\/script>\n<!-- \/ Yoast SEO Premium plugin. -->","yoast_head_json":{"title":"Edital Procurador Uberl\u00e2ndia - An\u00e1lise Completa","description":"Foi publicado o Edital do Concurso para Procurador de Uberl\u00e2ndia. Saiba tudo sobre o edital e o Concurso da Prefeitura de Uberl\u00e2ndia aqui!","robots":{"index":"index","follow":"follow","max-snippet":"max-snippet:-1","max-image-preview":"max-image-preview:large","max-video-preview":"max-video-preview:-1"},"canonical":"https:\/\/www.estrategiaconcursos.com.br\/blog\/edital-procurador-uberlandia\/","og_locale":"pt_BR","og_type":"article","og_title":"Edital Procurador Uberl\u00e2ndia - An\u00e1lise Completa","og_description":"Foi publicado o Edital do Concurso para Procurador de Uberl\u00e2ndia. Saiba tudo sobre o edital e o Concurso da Prefeitura de Uberl\u00e2ndia aqui!","og_url":"https:\/\/www.estrategiaconcursos.com.br\/blog\/edital-procurador-uberlandia\/","og_site_name":"Estrat\u00e9gia Concursos","article_published_time":"2016-08-18T23:48:06+00:00","article_modified_time":"2016-10-06T19:36:50+00:00","og_image":[{"url":"https:\/\/dhg1h5j42swfq.cloudfront.net\/2016\/08\/17213324\/bandeira-uberlandia.jpg","type":"","width":"","height":""}],"author":"Paulo Guimar\u00e3es","twitter_card":"summary_large_image","twitter_creator":"@EstratConcursos","twitter_site":"@EstratConcursos","twitter_misc":{"Escrito por":"Paulo Guimar\u00e3es","Est. tempo de leitura":"4 minutos"},"schema":{"@context":"https:\/\/schema.org","@graph":[{"@type":"NewsArticle","@id":"https:\/\/www.estrategiaconcursos.com.br\/blog\/edital-procurador-uberlandia\/#article","isPartOf":{"@id":"https:\/\/www.estrategiaconcursos.com.br\/blog\/edital-procurador-uberlandia\/"},"author":{"name":"Paulo Guimar\u00e3es","@id":"https:\/\/www.estrategiaconcursos.com.br\/blog\/#\/schema\/person\/80ff9f9f52e43a90b6efd99f2869d22b"},"headline":"Edital Procurador Uberl\u00e2ndia &#8211; An\u00e1lise Completa","datePublished":"2016-08-18T23:48:06+00:00","dateModified":"2016-10-06T19:36:50+00:00","mainEntityOfPage":{"@id":"https:\/\/www.estrategiaconcursos.com.br\/blog\/edital-procurador-uberlandia\/"},"wordCount":770,"commentCount":0,"publisher":{"@id":"https:\/\/www.estrategiaconcursos.com.br\/blog\/#organization"},"image":{"@id":"https:\/\/www.estrategiaconcursos.com.br\/blog\/edital-procurador-uberlandia\/#primaryimage"},"thumbnailUrl":"https:\/\/dhg1h5j42swfq.cloudfront.net\/2016\/08\/17213324\/bandeira-uberlandia.jpg","keywords":["iss uberl\u00e2ndia"],"articleSection":["Concursos P\u00fablicos","Jur\u00eddico"],"inLanguage":"pt-BR","potentialAction":[{"@type":"CommentAction","name":"Comment","target":["https:\/\/www.estrategiaconcursos.com.br\/blog\/edital-procurador-uberlandia\/#respond"]}],"copyrightYear":"2016","copyrightHolder":{"@id":"https:\/\/www.estrategiaconcursos.com.br\/blog\/#organization"}},{"@type":"WebPage","@id":"https:\/\/www.estrategiaconcursos.com.br\/blog\/edital-procurador-uberlandia\/","url":"https:\/\/www.estrategiaconcursos.com.br\/blog\/edital-procurador-uberlandia\/","name":"Edital Procurador Uberl\u00e2ndia - An\u00e1lise Completa","isPartOf":{"@id":"https:\/\/www.estrategiaconcursos.com.br\/blog\/#website"},"primaryImageOfPage":{"@id":"https:\/\/www.estrategiaconcursos.com.br\/blog\/edital-procurador-uberlandia\/#primaryimage"},"image":{"@id":"https:\/\/www.estrategiaconcursos.com.br\/blog\/edital-procurador-uberlandia\/#primaryimage"},"thumbnailUrl":"https:\/\/dhg1h5j42swfq.cloudfront.net\/2016\/08\/17213324\/bandeira-uberlandia.jpg","datePublished":"2016-08-18T23:48:06+00:00","dateModified":"2016-10-06T19:36:50+00:00","description":"Foi publicado o Edital do Concurso para Procurador de Uberl\u00e2ndia. Saiba tudo sobre o edital e o Concurso da Prefeitura de Uberl\u00e2ndia aqui!","breadcrumb":{"@id":"https:\/\/www.estrategiaconcursos.com.br\/blog\/edital-procurador-uberlandia\/#breadcrumb"},"inLanguage":"pt-BR","potentialAction":[{"@type":"ReadAction","target":["https:\/\/www.estrategiaconcursos.com.br\/blog\/edital-procurador-uberlandia\/"]}]},{"@type":"ImageObject","inLanguage":"pt-BR","@id":"https:\/\/www.estrategiaconcursos.com.br\/blog\/edital-procurador-uberlandia\/#primaryimage","url":"https:\/\/dhg1h5j42swfq.cloudfront.net\/2016\/08\/17213324\/bandeira-uberlandia.jpg","contentUrl":"https:\/\/dhg1h5j42swfq.cloudfront.net\/2016\/08\/17213324\/bandeira-uberlandia.jpg"},{"@type":"BreadcrumbList","@id":"https:\/\/www.estrategiaconcursos.com.br\/blog\/edital-procurador-uberlandia\/#breadcrumb","itemListElement":[{"@type":"ListItem","position":1,"name":"In\u00edcio","item":"https:\/\/www.estrategiaconcursos.com.br\/blog\/"},{"@type":"ListItem","position":2,"name":"Edital Procurador Uberl\u00e2ndia &#8211; An\u00e1lise Completa"}]},{"@type":"WebSite","@id":"https:\/\/www.estrategiaconcursos.com.br\/blog\/#website","url":"https:\/\/www.estrategiaconcursos.com.br\/blog\/","name":"Estrat\u00e9gia Concursos","description":"O blog da Estrat\u00e9gia Concursos traz not\u00edcias sobre concursos e artigos de professores oferecendo cursos para concursos (pdf + videaulas) no site.","publisher":{"@id":"https:\/\/www.estrategiaconcursos.com.br\/blog\/#organization"},"potentialAction":[{"@type":"SearchAction","target":{"@type":"EntryPoint","urlTemplate":"https:\/\/www.estrategiaconcursos.com.br\/blog\/?s={search_term_string}"},"query-input":{"@type":"PropertyValueSpecification","valueRequired":true,"valueName":"search_term_string"}}],"inLanguage":"pt-BR"},{"@type":"Organization","@id":"https:\/\/www.estrategiaconcursos.com.br\/blog\/#organization","name":"Estrat\u00e9gia Concursos","url":"https:\/\/www.estrategiaconcursos.com.br\/blog\/","logo":{"@type":"ImageObject","inLanguage":"pt-BR","@id":"https:\/\/www.estrategiaconcursos.com.br\/blog\/#\/schema\/logo\/image\/","url":"https:\/\/dhg1h5j42swfq.cloudfront.net\/2025\/06\/03203428\/logo_concursos-1.jpg","contentUrl":"https:\/\/dhg1h5j42swfq.cloudfront.net\/2025\/06\/03203428\/logo_concursos-1.jpg","width":230,"height":60,"caption":"Estrat\u00e9gia Concursos"},"image":{"@id":"https:\/\/www.estrategiaconcursos.com.br\/blog\/#\/schema\/logo\/image\/"},"sameAs":["https:\/\/x.com\/EstratConcursos"]},{"@type":"Person","@id":"https:\/\/www.estrategiaconcursos.com.br\/blog\/#\/schema\/person\/80ff9f9f52e43a90b6efd99f2869d22b","name":"Paulo Guimar\u00e3es","image":{"@type":"ImageObject","inLanguage":"pt-BR","@id":"https:\/\/secure.gravatar.com\/avatar\/08d24bbaa2d103a1d6aba72ee81baa1680267436588d5d9cfb8d32c3aa4ca278?s=96&d=mm&r=g","url":"https:\/\/secure.gravatar.com\/avatar\/08d24bbaa2d103a1d6aba72ee81baa1680267436588d5d9cfb8d32c3aa4ca278?s=96&d=mm&r=g","contentUrl":"https:\/\/secure.gravatar.com\/avatar\/08d24bbaa2d103a1d6aba72ee81baa1680267436588d5d9cfb8d32c3aa4ca278?s=96&d=mm&r=g","caption":"Paulo Guimar\u00e3es"},"url":"https:\/\/www.estrategiaconcursos.com.br\/blog\/author\/pauloguimaraesestrategiaconcursos-com-br\/"}]}},"_links":{"self":[{"href":"https:\/\/www.estrategiaconcursos.com.br\/blog\/wp-json\/wp\/v2\/posts\/46549","targetHints":{"allow":["GET"]}}],"collection":[{"href":"https:\/\/www.estrategiaconcursos.com.br\/blog\/wp-json\/wp\/v2\/posts"}],"about":[{"href":"https:\/\/www.estrategiaconcursos.com.br\/blog\/wp-json\/wp\/v2\/types\/post"}],"author":[{"embeddable":true,"href":"https:\/\/www.estrategiaconcursos.com.br\/blog\/wp-json\/wp\/v2\/users\/99"}],"replies":[{"embeddable":true,"href":"https:\/\/www.estrategiaconcursos.com.br\/blog\/wp-json\/wp\/v2\/comments?post=46549"}],"version-history":[{"count":4,"href":"https:\/\/www.estrategiaconcursos.com.br\/blog\/wp-json\/wp\/v2\/posts\/46549\/revisions"}],"predecessor-version":[{"id":51694,"href":"https:\/\/www.estrategiaconcursos.com.br\/blog\/wp-json\/wp\/v2\/posts\/46549\/revisions\/51694"}],"wp:attachment":[{"href":"https:\/\/www.estrategiaconcursos.com.br\/blog\/wp-json\/wp\/v2\/media?parent=46549"}],"wp:term":[{"taxonomy":"category","embeddable":true,"href":"https:\/\/www.estrategiaconcursos.com.br\/blog\/wp-json\/wp\/v2\/categories?post=46549"},{"taxonomy":"post_tag","embeddable":true,"href":"https:\/\/www.estrategiaconcursos.com.br\/blog\/wp-json\/wp\/v2\/tags?post=46549"},{"taxonomy":"tax_estado","embeddable":true,"href":"https:\/\/www.estrategiaconcursos.com.br\/blog\/wp-json\/wp\/v2\/tax_estado?post=46549"}],"curies":[{"name":"wp","href":"https:\/\/api.w.org\/{rel}","templated":true}]}}