{"id":465215,"date":"2020-01-05T08:00:00","date_gmt":"2020-01-05T11:00:00","guid":{"rendered":"https:\/\/www.estrategiaconcursos.com.br\/blog\/?p=465215"},"modified":"2020-01-02T12:04:35","modified_gmt":"2020-01-02T15:04:35","slug":"novidades-juridicas-oab-confira-o-que-vai-cair-na-sua-prova","status":"publish","type":"post","link":"https:\/\/www.estrategiaconcursos.com.br\/blog\/novidades-juridicas-oab-confira-o-que-vai-cair-na-sua-prova\/","title":{"rendered":"Novidades Jur\u00eddicas OAB: confira o que vai cair na sua prova"},"content":{"rendered":"\n<p>A primeira fase do <strong>XXI Exame de Ordem<\/strong>\u00a0 vai acontecer em pouco mais de um m\u00eas. O Exame da OAB tem\u00a0<strong>duas fases<\/strong>: a\u00a0<strong>1.\u00aa<\/strong>\u00a0(prova objetiva) est\u00e1 prevista para ocorrer em<strong>\u00a009 de fevereiro<\/strong>\u00a0e a\u00a0<strong>2.\u00aa<\/strong>\u00a0<strong>fase<\/strong>\u00a0(prova pr\u00e1tico-profissional) foi agendada para\u00a0<strong>05 de abril de 2020<\/strong>. <\/p>\n\n\n\n<p>E para voc\u00ea que est\u00e1 curioso e pretende se antecipar aos prov\u00e1veis temas de prova e com isso especializar ainda mais a sua prepara\u00e7\u00e3o, o Estrat\u00e9gia ir\u00e1 promover o evento <em><strong>Novidades Jur\u00eddicas OAB<\/strong><\/em>!<\/p>\n\n\n\n<p>Trata-se de<strong> evento gratuito<\/strong> realizado pelo Estrat\u00e9gia OAB, que tem como intuito exclusivo muni-lo de todas as armas para detonar a <strong>1.\u00aa fase do XXXI Exame de Ordem. Ser\u00e3o quatro encontros completos<\/strong>! Mais de<strong> 24 horas l\u00edquidas de atualiza\u00e7\u00e3o. <\/strong><\/p>\n\n\n\n<p>Em cada uma das mat\u00e9rias (exceto Filosofia), entraremos <strong>ao vivo<\/strong> para atualiz\u00e1-lo em rela\u00e7\u00e3o \u00e0quilo que \u00e9 o <strong>mais relevante no cen\u00e1rio jur\u00eddico <\/strong>atual com probabilidade de <strong>cobran\u00e7a pela FGV.<\/strong><\/p>\n\n\n\n<p> <strong>Inscreva-se agora mesmo e n\u00e3o deixe de acessar nenhum dia! <\/strong><\/p>\n\n\n\n<figure class=\"wp-block-image size-large\"><a href=\"https:\/\/www.estrategiaconcursos.com.br\/gratis\/novidades-oab\/\" target=\"_blank\" rel=\"noreferrer noopener\"><img loading=\"lazy\" decoding=\"async\" width=\"1024\" height=\"256\" src=\"https:\/\/dhg1h5j42swfq.cloudfront.net\/2019\/12\/19174012\/BANNER_NOVIDADESOAB-1024x256.jpg\" alt=\"\" class=\"wp-image-462738\" srcset=\"https:\/\/dhg1h5j42swfq.cloudfront.net\/2019\/12\/19174012\/BANNER_NOVIDADESOAB-1024x256.jpg 1024w, https:\/\/dhg1h5j42swfq.cloudfront.net\/2019\/12\/19174012\/BANNER_NOVIDADESOAB-300x75.jpg 300w, https:\/\/dhg1h5j42swfq.cloudfront.net\/2019\/12\/19174012\/BANNER_NOVIDADESOAB-768x192.jpg 768w, https:\/\/dhg1h5j42swfq.cloudfront.net\/2019\/12\/19174012\/BANNER_NOVIDADESOAB-1536x384.jpg 1536w, https:\/\/dhg1h5j42swfq.cloudfront.net\/2019\/12\/19174012\/BANNER_NOVIDADESOAB-610x153.jpg 610w, https:\/\/dhg1h5j42swfq.cloudfront.net\/2019\/12\/19174012\/BANNER_NOVIDADESOAB.jpg 1920w\" sizes=\"auto, (max-width: 1024px) 100vw, 1024px\" \/><\/a><\/figure>\n\n\n\n<h3 class=\"wp-block-heading\">Dia 05\/01<\/h3>\n\n\n\n<figure class=\"wp-block-table is-style-stripes\"><table class=\"has-subtle-pale-blue-background-color has-background\"><tbody><tr><td><strong>Hor\u00e1rio<\/strong><\/td><td><strong>Disciplina <\/strong><\/td><td><strong>Professor <\/strong><\/td><\/tr><tr><td><strong>08:30 \u00e0s 10:30<\/strong><\/td><td>Direito Processual Civil<\/td><td>Prof.\u00ba Ricardo Torques<\/td><\/tr><tr><td><strong>10:30 \u00e0s 12:30<\/strong><\/td><td>Direito Penal <\/td><td>Prof.\u00ba Cristiano Rodrigues<\/td><\/tr><tr><td><strong>12:30 \u00e0s 13:30<\/strong><\/td><td><strong>INTERVALO <\/strong><\/td><td><\/td><\/tr><tr><td><strong>13:30 \u00e0s 15:30<\/strong><\/td><td>Direito do Consumidor <\/td><td>Prof.\u00ba  Igor Maciel <\/td><\/tr><tr><td><strong>15:30 \u00e0s 17:30<\/strong><\/td><td>Direito da Crian\u00e7a e do Adolescente<\/td><td>Prof.\u00aa Lilian Novakoski  <\/td><\/tr><\/tbody><\/table><\/figure>\n\n\n\n<h3 class=\"wp-block-heading\">Dia 12\/01<\/h3>\n\n\n\n<figure class=\"wp-block-table is-style-stripes\"><table class=\"has-subtle-pale-blue-background-color has-background\"><tbody><tr><td><strong>Hor\u00e1rio<\/strong><\/td><td><strong>Disciplina <\/strong><\/td><td><strong>Professor <\/strong><\/td><\/tr><tr><td><strong>08:30 \u00e0s 10:30<\/strong><\/td><td>Direito Processual Penal<\/td><td>Prof.\u00ba Ivan Marques<\/td><\/tr><tr><td><strong>10:30 \u00e0s 12:30<\/strong><\/td><td>Direito Internacional <\/td><td>Prof.\u00aa Vanessa Arns <\/td><\/tr><tr><td><strong>12:30 \u00e0s 13:30<\/strong><\/td><td><strong>INTERVALO <\/strong><\/td><td><\/td><\/tr><tr><td><strong>13:30 \u00e0s 15:30<\/strong><\/td><td>Direito do Trabalho <\/td><td>Prof.\u00aa Priscila Ferreira<\/td><\/tr><tr><td><strong>15:30 \u00e0s 17:30<\/strong><\/td><td>Direito Processual do Trabalho<\/td><td>Prof.\u00aa Priscila Ferreira <\/td><\/tr><\/tbody><\/table><\/figure>\n\n\n\n<p><a href=\"https:\/\/www.youtube.com\/channel\/UC7rgrKTSF5aOrBGWOw60ovw\/videos?view=2&amp;flow=grid\" target=\"_blank\" rel=\"noreferrer noopener\" aria-label=\"Clicando aqui  (abre numa nova aba)\">Clicando aqui <\/a>voc\u00ea j\u00e1 consegue se direcionar para a plataforma do primeiro dia de evento, este domingo, 5 de janeiro. Acompanhe! <\/p>\n\n\n\n<p style=\"font-size:23px\" class=\"has-background has-text-align-center has-pale-cyan-blue-background-color\"><strong><em>Mais informa\u00e7\u00f5es:<\/em><\/strong><a href=\"https:\/\/www.estrategiaconcursos.com.br\/blog\/edital-oab-xxxi\/\"><strong><em> XXXI Exame de Ordem<\/em><\/strong><\/a><\/p>\n\n\n\n<p style=\"font-size:25px\" class=\"has-background has-text-align-center has-luminous-vivid-amber-background-color\"><strong><em>Baixe o edital: <\/em><\/strong><em> <\/em><a rel=\"noreferrer noopener\" aria-label=\"Edital XXXI Exame OAB (abre numa nova aba)\" href=\"https:\/\/dhg1h5j42swfq.cloudfront.net\/2019\/12\/02152610\/Edital-XXXI-Exame-de-Ordem.pdf\" target=\"_blank\"><strong>Edital XXXI Exame OAB<\/strong><\/a><strong> <\/strong><\/p>\n\n\n\n<h2 class=\"wp-block-heading\">Nossas redes sociais<\/h2>\n\n\n\n<p style=\"font-size:22px\" class=\"has-background has-text-align-center has-very-light-gray-background-color\"><a href=\"https:\/\/www.instagram.com\/estrategiaoab\/\" target=\"_blank\" rel=\"noreferrer noopener\">Instagram Estrat\u00e9gia OAB<\/a><\/p>\n\n\n\n<p style=\"font-size:22px\" class=\"has-background has-text-align-center has-very-light-gray-background-color\"><a rel=\"noreferrer noopener\" href=\"https:\/\/www.youtube.com\/channel\/UC7rgrKTSF5aOrBGWOw60ovw\" target=\"_blank\">YouTube do Estrat\u00e9gia OAB<\/a><\/p>\n\n\n\n<h2 class=\"wp-block-heading\">Grupo de Telegram para a OAB<\/h2>\n\n\n\n<p style=\"font-size:22px\" class=\"has-background has-text-align-center has-light-green-cyan-background-color\"><a href=\"http:\/\/bit.ly\/TelegramOAB\"><strong>Inscreva-se no nosso grupo do Telegram<\/strong><\/a><\/p>\n\n\n\n<h2 class=\"wp-block-heading\">Cursos para o Exame de Ordem<\/h2>\n\n\n\n<p style=\"font-size:25px\" class=\"has-background has-text-align-center has-pale-cyan-blue-background-color\"><strong><a rel=\"noreferrer noopener\" href=\"https:\/\/www.estrategiaconcursos.com.br\/cursosPorConcurso\/exame-de-ordem-oab-1-fase\/\" target=\"_blank\">Curso OAB 1\u00aa Fase<\/a><\/strong><\/p>\n\n\n\n<p style=\"font-size:25px\" class=\"has-background has-text-align-center has-pale-cyan-blue-background-color\"><strong><a href=\"https:\/\/www.estrategiaconcursos.com.br\/cursosPorConcurso\/oab-2-fase-192\/\" target=\"_blank\" rel=\"noreferrer noopener\">Curso OAB 2\u00aa Fase<\/a><\/strong><\/p>\n\n\n\n<p class=\"has-background has-text-align-center has-medium-font-size has-pale-cyan-blue-background-color\"><a rel=\"noreferrer noopener\" href=\"https:\/\/www.estrategiaconcursos.com.br\/blog\/edital-oab-xxx-exame-de-ordem\/\" target=\"_blank\">Clique aqui para mais informa\u00e7\u00f5es sobre o Exame de Ordem<\/a><\/p>\n","protected":false},"excerpt":{"rendered":"<p>A primeira fase do XXI Exame de Ordem\u00a0 vai acontecer em pouco mais de um m\u00eas. O Exame da OAB tem\u00a0duas fases: a\u00a01.\u00aa\u00a0(prova objetiva) est\u00e1 prevista para ocorrer em\u00a009 de fevereiro\u00a0e a\u00a02.\u00aa\u00a0fase\u00a0(prova pr\u00e1tico-profissional) foi agendada para\u00a005 de abril de 2020. E para voc\u00ea que est\u00e1 curioso e pretende se antecipar aos prov\u00e1veis temas de prova [&hellip;]<\/p>\n","protected":false},"author":180,"featured_media":462735,"comment_status":"open","ping_status":"closed","sticky":false,"template":"","format":"standard","meta":{"post_tipo":"article","footnotes":""},"categories":[1],"tags":[],"tax_estado":[],"class_list":["post-465215","post","type-post","status-publish","format-standard","has-post-thumbnail","hentry","category-cursos-e-concursos"],"acf":[],"yoast_head":"<!-- This site is optimized with the Yoast SEO Premium plugin v27.2 (Yoast SEO v27.2) - https:\/\/yoast.com\/product\/yoast-seo-premium-wordpress\/ -->\n<title>Novidades Jur\u00eddicas OAB: confira o que vai cair na sua prova<\/title>\n<meta name=\"robots\" content=\"index, follow, max-snippet:-1, max-image-preview:large, max-video-preview:-1\" \/>\n<link rel=\"canonical\" href=\"https:\/\/www.estrategiaconcursos.com.br\/blog\/novidades-juridicas-oab-confira-o-que-vai-cair-na-sua-prova\/\" \/>\n<meta property=\"og:locale\" content=\"pt_BR\" \/>\n<meta property=\"og:type\" content=\"article\" \/>\n<meta property=\"og:title\" content=\"Novidades Jur\u00eddicas OAB: confira o que vai cair na sua prova\" \/>\n<meta property=\"og:description\" content=\"A primeira fase do XXI Exame de Ordem\u00a0 vai acontecer em pouco mais de um m\u00eas. O Exame da OAB tem\u00a0duas fases: a\u00a01.\u00aa\u00a0(prova objetiva) est\u00e1 prevista para ocorrer em\u00a009 de fevereiro\u00a0e a\u00a02.\u00aa\u00a0fase\u00a0(prova pr\u00e1tico-profissional) foi agendada para\u00a005 de abril de 2020. E para voc\u00ea que est\u00e1 curioso e pretende se antecipar aos prov\u00e1veis temas de prova [&hellip;]\" \/>\n<meta property=\"og:url\" content=\"https:\/\/www.estrategiaconcursos.com.br\/blog\/novidades-juridicas-oab-confira-o-que-vai-cair-na-sua-prova\/\" \/>\n<meta property=\"og:site_name\" content=\"Estrat\u00e9gia Concursos\" \/>\n<meta property=\"article:author\" content=\"https:\/\/www.facebook.com\/ricardo.s.torques\" \/>\n<meta property=\"article:published_time\" content=\"2020-01-05T11:00:00+00:00\" \/>\n<meta property=\"og:image\" content=\"https:\/\/dhg1h5j42swfq.cloudfront.net\/2019\/12\/19173536\/YTB_NOVIDADESOAB.jpg\" \/>\n\t<meta property=\"og:image:width\" content=\"1280\" \/>\n\t<meta property=\"og:image:height\" content=\"720\" \/>\n\t<meta property=\"og:image:type\" content=\"image\/jpeg\" \/>\n<meta name=\"author\" content=\"Ricardo Torques\" \/>\n<meta name=\"twitter:card\" content=\"summary_large_image\" \/>\n<meta name=\"twitter:creator\" content=\"@EstratConcursos\" \/>\n<meta name=\"twitter:site\" content=\"@EstratConcursos\" \/>\n<meta name=\"twitter:label1\" content=\"Escrito por\" \/>\n\t<meta name=\"twitter:data1\" content=\"Ricardo Torques\" \/>\n\t<meta name=\"twitter:label2\" content=\"Est. tempo de leitura\" \/>\n\t<meta name=\"twitter:data2\" content=\"2 minutos\" \/>\n<script type=\"application\/ld+json\" class=\"yoast-schema-graph\">{\"@context\":\"https:\/\/schema.org\",\"@graph\":[{\"@type\":\"NewsArticle\",\"@id\":\"https:\/\/www.estrategiaconcursos.com.br\/blog\/novidades-juridicas-oab-confira-o-que-vai-cair-na-sua-prova\/#article\",\"isPartOf\":{\"@id\":\"https:\/\/www.estrategiaconcursos.com.br\/blog\/novidades-juridicas-oab-confira-o-que-vai-cair-na-sua-prova\/\"},\"author\":{\"name\":\"Ricardo Torques\",\"@id\":\"https:\/\/www.estrategiaconcursos.com.br\/blog\/#\/schema\/person\/aa39cf5ddb518e5bdce27c35788405e2\"},\"headline\":\"Novidades Jur\u00eddicas OAB: confira o que vai cair na sua prova\",\"datePublished\":\"2020-01-05T11:00:00+00:00\",\"mainEntityOfPage\":{\"@id\":\"https:\/\/www.estrategiaconcursos.com.br\/blog\/novidades-juridicas-oab-confira-o-que-vai-cair-na-sua-prova\/\"},\"wordCount\":336,\"commentCount\":0,\"publisher\":{\"@id\":\"https:\/\/www.estrategiaconcursos.com.br\/blog\/#organization\"},\"image\":{\"@id\":\"https:\/\/www.estrategiaconcursos.com.br\/blog\/novidades-juridicas-oab-confira-o-que-vai-cair-na-sua-prova\/#primaryimage\"},\"thumbnailUrl\":\"https:\/\/dhg1h5j42swfq.cloudfront.net\/2019\/12\/19173536\/YTB_NOVIDADESOAB.jpg\",\"articleSection\":[\"Concursos P\u00fablicos\"],\"inLanguage\":\"pt-BR\",\"potentialAction\":[{\"@type\":\"CommentAction\",\"name\":\"Comment\",\"target\":[\"https:\/\/www.estrategiaconcursos.com.br\/blog\/novidades-juridicas-oab-confira-o-que-vai-cair-na-sua-prova\/#respond\"]}],\"copyrightYear\":\"2020\",\"copyrightHolder\":{\"@id\":\"https:\/\/www.estrategiaconcursos.com.br\/blog\/#organization\"}},{\"@type\":\"WebPage\",\"@id\":\"https:\/\/www.estrategiaconcursos.com.br\/blog\/novidades-juridicas-oab-confira-o-que-vai-cair-na-sua-prova\/\",\"url\":\"https:\/\/www.estrategiaconcursos.com.br\/blog\/novidades-juridicas-oab-confira-o-que-vai-cair-na-sua-prova\/\",\"name\":\"Novidades Jur\u00eddicas OAB: confira o que vai cair na sua prova\",\"isPartOf\":{\"@id\":\"https:\/\/www.estrategiaconcursos.com.br\/blog\/#website\"},\"primaryImageOfPage\":{\"@id\":\"https:\/\/www.estrategiaconcursos.com.br\/blog\/novidades-juridicas-oab-confira-o-que-vai-cair-na-sua-prova\/#primaryimage\"},\"image\":{\"@id\":\"https:\/\/www.estrategiaconcursos.com.br\/blog\/novidades-juridicas-oab-confira-o-que-vai-cair-na-sua-prova\/#primaryimage\"},\"thumbnailUrl\":\"https:\/\/dhg1h5j42swfq.cloudfront.net\/2019\/12\/19173536\/YTB_NOVIDADESOAB.jpg\",\"datePublished\":\"2020-01-05T11:00:00+00:00\",\"breadcrumb\":{\"@id\":\"https:\/\/www.estrategiaconcursos.com.br\/blog\/novidades-juridicas-oab-confira-o-que-vai-cair-na-sua-prova\/#breadcrumb\"},\"inLanguage\":\"pt-BR\",\"potentialAction\":[{\"@type\":\"ReadAction\",\"target\":[\"https:\/\/www.estrategiaconcursos.com.br\/blog\/novidades-juridicas-oab-confira-o-que-vai-cair-na-sua-prova\/\"]}]},{\"@type\":\"ImageObject\",\"inLanguage\":\"pt-BR\",\"@id\":\"https:\/\/www.estrategiaconcursos.com.br\/blog\/novidades-juridicas-oab-confira-o-que-vai-cair-na-sua-prova\/#primaryimage\",\"url\":\"https:\/\/dhg1h5j42swfq.cloudfront.net\/2019\/12\/19173536\/YTB_NOVIDADESOAB.jpg\",\"contentUrl\":\"https:\/\/dhg1h5j42swfq.cloudfront.net\/2019\/12\/19173536\/YTB_NOVIDADESOAB.jpg\",\"width\":1280,\"height\":720},{\"@type\":\"BreadcrumbList\",\"@id\":\"https:\/\/www.estrategiaconcursos.com.br\/blog\/novidades-juridicas-oab-confira-o-que-vai-cair-na-sua-prova\/#breadcrumb\",\"itemListElement\":[{\"@type\":\"ListItem\",\"position\":1,\"name\":\"In\u00edcio\",\"item\":\"https:\/\/www.estrategiaconcursos.com.br\/blog\/\"},{\"@type\":\"ListItem\",\"position\":2,\"name\":\"Novidades Jur\u00eddicas OAB: confira o que vai cair na sua prova\"}]},{\"@type\":\"WebSite\",\"@id\":\"https:\/\/www.estrategiaconcursos.com.br\/blog\/#website\",\"url\":\"https:\/\/www.estrategiaconcursos.com.br\/blog\/\",\"name\":\"Estrat\u00e9gia Concursos\",\"description\":\"O blog da Estrat\u00e9gia Concursos traz not\u00edcias sobre concursos e artigos de professores oferecendo cursos para concursos (pdf + videaulas) no site.\",\"publisher\":{\"@id\":\"https:\/\/www.estrategiaconcursos.com.br\/blog\/#organization\"},\"potentialAction\":[{\"@type\":\"SearchAction\",\"target\":{\"@type\":\"EntryPoint\",\"urlTemplate\":\"https:\/\/www.estrategiaconcursos.com.br\/blog\/?s={search_term_string}\"},\"query-input\":{\"@type\":\"PropertyValueSpecification\",\"valueRequired\":true,\"valueName\":\"search_term_string\"}}],\"inLanguage\":\"pt-BR\"},{\"@type\":\"Organization\",\"@id\":\"https:\/\/www.estrategiaconcursos.com.br\/blog\/#organization\",\"name\":\"Estrat\u00e9gia Concursos\",\"url\":\"https:\/\/www.estrategiaconcursos.com.br\/blog\/\",\"logo\":{\"@type\":\"ImageObject\",\"inLanguage\":\"pt-BR\",\"@id\":\"https:\/\/www.estrategiaconcursos.com.br\/blog\/#\/schema\/logo\/image\/\",\"url\":\"https:\/\/dhg1h5j42swfq.cloudfront.net\/2025\/06\/03203428\/logo_concursos-1.jpg\",\"contentUrl\":\"https:\/\/dhg1h5j42swfq.cloudfront.net\/2025\/06\/03203428\/logo_concursos-1.jpg\",\"width\":230,\"height\":60,\"caption\":\"Estrat\u00e9gia Concursos\"},\"image\":{\"@id\":\"https:\/\/www.estrategiaconcursos.com.br\/blog\/#\/schema\/logo\/image\/\"},\"sameAs\":[\"https:\/\/x.com\/EstratConcursos\"]},{\"@type\":\"Person\",\"@id\":\"https:\/\/www.estrategiaconcursos.com.br\/blog\/#\/schema\/person\/aa39cf5ddb518e5bdce27c35788405e2\",\"name\":\"Ricardo Torques\",\"image\":{\"@type\":\"ImageObject\",\"inLanguage\":\"pt-BR\",\"@id\":\"https:\/\/secure.gravatar.com\/avatar\/ce9ac6c3cff25fe86d15ed568ebc64d1724baf5c0693133bcb1f6073f712f92a?s=96&d=mm&r=g\",\"url\":\"https:\/\/secure.gravatar.com\/avatar\/ce9ac6c3cff25fe86d15ed568ebc64d1724baf5c0693133bcb1f6073f712f92a?s=96&d=mm&r=g\",\"contentUrl\":\"https:\/\/secure.gravatar.com\/avatar\/ce9ac6c3cff25fe86d15ed568ebc64d1724baf5c0693133bcb1f6073f712f92a?s=96&d=mm&r=g\",\"caption\":\"Ricardo Torques\"},\"sameAs\":[\"https:\/\/www.facebook.com\/ricardo.s.torques\"],\"url\":\"https:\/\/www.estrategiaconcursos.com.br\/blog\/author\/ricardotorquesestrategiaconcursos-com-br\/\"}]}<\/script>\n<!-- \/ Yoast SEO Premium plugin. -->","yoast_head_json":{"title":"Novidades Jur\u00eddicas OAB: confira o que vai cair na sua prova","robots":{"index":"index","follow":"follow","max-snippet":"max-snippet:-1","max-image-preview":"max-image-preview:large","max-video-preview":"max-video-preview:-1"},"canonical":"https:\/\/www.estrategiaconcursos.com.br\/blog\/novidades-juridicas-oab-confira-o-que-vai-cair-na-sua-prova\/","og_locale":"pt_BR","og_type":"article","og_title":"Novidades Jur\u00eddicas OAB: confira o que vai cair na sua prova","og_description":"A primeira fase do XXI Exame de Ordem\u00a0 vai acontecer em pouco mais de um m\u00eas. O Exame da OAB tem\u00a0duas fases: a\u00a01.\u00aa\u00a0(prova objetiva) est\u00e1 prevista para ocorrer em\u00a009 de fevereiro\u00a0e a\u00a02.\u00aa\u00a0fase\u00a0(prova pr\u00e1tico-profissional) foi agendada para\u00a005 de abril de 2020. E para voc\u00ea que est\u00e1 curioso e pretende se antecipar aos prov\u00e1veis temas de prova [&hellip;]","og_url":"https:\/\/www.estrategiaconcursos.com.br\/blog\/novidades-juridicas-oab-confira-o-que-vai-cair-na-sua-prova\/","og_site_name":"Estrat\u00e9gia Concursos","article_author":"https:\/\/www.facebook.com\/ricardo.s.torques","article_published_time":"2020-01-05T11:00:00+00:00","og_image":[{"width":1280,"height":720,"url":"https:\/\/dhg1h5j42swfq.cloudfront.net\/2019\/12\/19173536\/YTB_NOVIDADESOAB.jpg","type":"image\/jpeg"}],"author":"Ricardo Torques","twitter_card":"summary_large_image","twitter_creator":"@EstratConcursos","twitter_site":"@EstratConcursos","twitter_misc":{"Escrito por":"Ricardo Torques","Est. tempo de leitura":"2 minutos"},"schema":{"@context":"https:\/\/schema.org","@graph":[{"@type":"NewsArticle","@id":"https:\/\/www.estrategiaconcursos.com.br\/blog\/novidades-juridicas-oab-confira-o-que-vai-cair-na-sua-prova\/#article","isPartOf":{"@id":"https:\/\/www.estrategiaconcursos.com.br\/blog\/novidades-juridicas-oab-confira-o-que-vai-cair-na-sua-prova\/"},"author":{"name":"Ricardo Torques","@id":"https:\/\/www.estrategiaconcursos.com.br\/blog\/#\/schema\/person\/aa39cf5ddb518e5bdce27c35788405e2"},"headline":"Novidades Jur\u00eddicas OAB: confira o que vai cair na sua prova","datePublished":"2020-01-05T11:00:00+00:00","mainEntityOfPage":{"@id":"https:\/\/www.estrategiaconcursos.com.br\/blog\/novidades-juridicas-oab-confira-o-que-vai-cair-na-sua-prova\/"},"wordCount":336,"commentCount":0,"publisher":{"@id":"https:\/\/www.estrategiaconcursos.com.br\/blog\/#organization"},"image":{"@id":"https:\/\/www.estrategiaconcursos.com.br\/blog\/novidades-juridicas-oab-confira-o-que-vai-cair-na-sua-prova\/#primaryimage"},"thumbnailUrl":"https:\/\/dhg1h5j42swfq.cloudfront.net\/2019\/12\/19173536\/YTB_NOVIDADESOAB.jpg","articleSection":["Concursos P\u00fablicos"],"inLanguage":"pt-BR","potentialAction":[{"@type":"CommentAction","name":"Comment","target":["https:\/\/www.estrategiaconcursos.com.br\/blog\/novidades-juridicas-oab-confira-o-que-vai-cair-na-sua-prova\/#respond"]}],"copyrightYear":"2020","copyrightHolder":{"@id":"https:\/\/www.estrategiaconcursos.com.br\/blog\/#organization"}},{"@type":"WebPage","@id":"https:\/\/www.estrategiaconcursos.com.br\/blog\/novidades-juridicas-oab-confira-o-que-vai-cair-na-sua-prova\/","url":"https:\/\/www.estrategiaconcursos.com.br\/blog\/novidades-juridicas-oab-confira-o-que-vai-cair-na-sua-prova\/","name":"Novidades Jur\u00eddicas OAB: confira o que vai cair na sua prova","isPartOf":{"@id":"https:\/\/www.estrategiaconcursos.com.br\/blog\/#website"},"primaryImageOfPage":{"@id":"https:\/\/www.estrategiaconcursos.com.br\/blog\/novidades-juridicas-oab-confira-o-que-vai-cair-na-sua-prova\/#primaryimage"},"image":{"@id":"https:\/\/www.estrategiaconcursos.com.br\/blog\/novidades-juridicas-oab-confira-o-que-vai-cair-na-sua-prova\/#primaryimage"},"thumbnailUrl":"https:\/\/dhg1h5j42swfq.cloudfront.net\/2019\/12\/19173536\/YTB_NOVIDADESOAB.jpg","datePublished":"2020-01-05T11:00:00+00:00","breadcrumb":{"@id":"https:\/\/www.estrategiaconcursos.com.br\/blog\/novidades-juridicas-oab-confira-o-que-vai-cair-na-sua-prova\/#breadcrumb"},"inLanguage":"pt-BR","potentialAction":[{"@type":"ReadAction","target":["https:\/\/www.estrategiaconcursos.com.br\/blog\/novidades-juridicas-oab-confira-o-que-vai-cair-na-sua-prova\/"]}]},{"@type":"ImageObject","inLanguage":"pt-BR","@id":"https:\/\/www.estrategiaconcursos.com.br\/blog\/novidades-juridicas-oab-confira-o-que-vai-cair-na-sua-prova\/#primaryimage","url":"https:\/\/dhg1h5j42swfq.cloudfront.net\/2019\/12\/19173536\/YTB_NOVIDADESOAB.jpg","contentUrl":"https:\/\/dhg1h5j42swfq.cloudfront.net\/2019\/12\/19173536\/YTB_NOVIDADESOAB.jpg","width":1280,"height":720},{"@type":"BreadcrumbList","@id":"https:\/\/www.estrategiaconcursos.com.br\/blog\/novidades-juridicas-oab-confira-o-que-vai-cair-na-sua-prova\/#breadcrumb","itemListElement":[{"@type":"ListItem","position":1,"name":"In\u00edcio","item":"https:\/\/www.estrategiaconcursos.com.br\/blog\/"},{"@type":"ListItem","position":2,"name":"Novidades Jur\u00eddicas OAB: confira o que vai cair na sua prova"}]},{"@type":"WebSite","@id":"https:\/\/www.estrategiaconcursos.com.br\/blog\/#website","url":"https:\/\/www.estrategiaconcursos.com.br\/blog\/","name":"Estrat\u00e9gia Concursos","description":"O blog da Estrat\u00e9gia Concursos traz not\u00edcias sobre concursos e artigos de professores oferecendo cursos para concursos (pdf + videaulas) no site.","publisher":{"@id":"https:\/\/www.estrategiaconcursos.com.br\/blog\/#organization"},"potentialAction":[{"@type":"SearchAction","target":{"@type":"EntryPoint","urlTemplate":"https:\/\/www.estrategiaconcursos.com.br\/blog\/?s={search_term_string}"},"query-input":{"@type":"PropertyValueSpecification","valueRequired":true,"valueName":"search_term_string"}}],"inLanguage":"pt-BR"},{"@type":"Organization","@id":"https:\/\/www.estrategiaconcursos.com.br\/blog\/#organization","name":"Estrat\u00e9gia Concursos","url":"https:\/\/www.estrategiaconcursos.com.br\/blog\/","logo":{"@type":"ImageObject","inLanguage":"pt-BR","@id":"https:\/\/www.estrategiaconcursos.com.br\/blog\/#\/schema\/logo\/image\/","url":"https:\/\/dhg1h5j42swfq.cloudfront.net\/2025\/06\/03203428\/logo_concursos-1.jpg","contentUrl":"https:\/\/dhg1h5j42swfq.cloudfront.net\/2025\/06\/03203428\/logo_concursos-1.jpg","width":230,"height":60,"caption":"Estrat\u00e9gia Concursos"},"image":{"@id":"https:\/\/www.estrategiaconcursos.com.br\/blog\/#\/schema\/logo\/image\/"},"sameAs":["https:\/\/x.com\/EstratConcursos"]},{"@type":"Person","@id":"https:\/\/www.estrategiaconcursos.com.br\/blog\/#\/schema\/person\/aa39cf5ddb518e5bdce27c35788405e2","name":"Ricardo Torques","image":{"@type":"ImageObject","inLanguage":"pt-BR","@id":"https:\/\/secure.gravatar.com\/avatar\/ce9ac6c3cff25fe86d15ed568ebc64d1724baf5c0693133bcb1f6073f712f92a?s=96&d=mm&r=g","url":"https:\/\/secure.gravatar.com\/avatar\/ce9ac6c3cff25fe86d15ed568ebc64d1724baf5c0693133bcb1f6073f712f92a?s=96&d=mm&r=g","contentUrl":"https:\/\/secure.gravatar.com\/avatar\/ce9ac6c3cff25fe86d15ed568ebc64d1724baf5c0693133bcb1f6073f712f92a?s=96&d=mm&r=g","caption":"Ricardo Torques"},"sameAs":["https:\/\/www.facebook.com\/ricardo.s.torques"],"url":"https:\/\/www.estrategiaconcursos.com.br\/blog\/author\/ricardotorquesestrategiaconcursos-com-br\/"}]}},"_links":{"self":[{"href":"https:\/\/www.estrategiaconcursos.com.br\/blog\/wp-json\/wp\/v2\/posts\/465215","targetHints":{"allow":["GET"]}}],"collection":[{"href":"https:\/\/www.estrategiaconcursos.com.br\/blog\/wp-json\/wp\/v2\/posts"}],"about":[{"href":"https:\/\/www.estrategiaconcursos.com.br\/blog\/wp-json\/wp\/v2\/types\/post"}],"author":[{"embeddable":true,"href":"https:\/\/www.estrategiaconcursos.com.br\/blog\/wp-json\/wp\/v2\/users\/180"}],"replies":[{"embeddable":true,"href":"https:\/\/www.estrategiaconcursos.com.br\/blog\/wp-json\/wp\/v2\/comments?post=465215"}],"version-history":[{"count":2,"href":"https:\/\/www.estrategiaconcursos.com.br\/blog\/wp-json\/wp\/v2\/posts\/465215\/revisions"}],"predecessor-version":[{"id":465218,"href":"https:\/\/www.estrategiaconcursos.com.br\/blog\/wp-json\/wp\/v2\/posts\/465215\/revisions\/465218"}],"wp:featuredmedia":[{"embeddable":true,"href":"https:\/\/www.estrategiaconcursos.com.br\/blog\/wp-json\/wp\/v2\/media\/462735"}],"wp:attachment":[{"href":"https:\/\/www.estrategiaconcursos.com.br\/blog\/wp-json\/wp\/v2\/media?parent=465215"}],"wp:term":[{"taxonomy":"category","embeddable":true,"href":"https:\/\/www.estrategiaconcursos.com.br\/blog\/wp-json\/wp\/v2\/categories?post=465215"},{"taxonomy":"post_tag","embeddable":true,"href":"https:\/\/www.estrategiaconcursos.com.br\/blog\/wp-json\/wp\/v2\/tags?post=465215"},{"taxonomy":"tax_estado","embeddable":true,"href":"https:\/\/www.estrategiaconcursos.com.br\/blog\/wp-json\/wp\/v2\/tax_estado?post=465215"}],"curies":[{"name":"wp","href":"https:\/\/api.w.org\/{rel}","templated":true}]}}