{"id":46476,"date":"2016-08-16T18:11:49","date_gmt":"2016-08-16T21:11:49","guid":{"rendered":"https:\/\/www.estrategiaconcursos.com.br\/blog\/?p=46476"},"modified":"2016-08-16T18:35:25","modified_gmt":"2016-08-16T21:35:25","slug":"concurso-samu-mg","status":"publish","type":"post","link":"https:\/\/www.estrategiaconcursos.com.br\/blog\/concurso-samu-mg\/","title":{"rendered":"Concurso SAMU MG: Edital com 247 vagas! Confira!"},"content":{"rendered":"<h3><span style=\"color: #000000;\"><strong>Concurso SAMU MG: Edital com 247 vagas! Confira!<\/strong><\/span><\/h3>\n<h3><span style=\"color: #000000;\"><strong><img loading=\"lazy\" decoding=\"async\" class=\"wp-image-46477 aligncenter\" src=\"https:\/\/dhg1h5j42swfq.cloudfront.net\/2016\/08\/16171636\/7578d433f2cab6cdfcb1584cca1bdd05.jpg\" alt=\"concurso samu mg\" width=\"357\" height=\"177\" \/><\/strong><\/span><\/h3>\n<p style=\"text-align: justify;\"><span style=\"color: #000000;\">Saiu o Processo seletivo simplificado para 247\u00a0\u00a0vagas, distribu\u00eddas pelos n\u00edveis m\u00e9dio, m\u00e9dio\/t\u00e9cnico e superior destinadas \u00e0 cobertura \u00a0para os cargos da Cons\u00f3rcio Intermunicipal Alian\u00e7a para a Sa\u00fade.<\/span><\/p>\n<p style=\"text-align: justify;\"><span style=\"color: #000000;\">As vagas ser\u00e3o para atua\u00e7\u00e3o em Belo Horizonte, regi\u00e3o metropolitana e algumas cidades do interior.\u00a0O regime de contrata\u00e7\u00e3o \u00e9 o celetista.<\/span><\/p>\n<p style=\"text-align: justify;\"><span style=\"color: #000000;\">O prazo de inscri\u00e7\u00f5es j\u00e1 iniciou\u00a0e segue at\u00e9 22 horas do dia 26\u00a0de setembro, atrav\u00e9s do<\/span>\u00a0\u00a0<a href=\"http:\/\/www.iniciativaglobal.org.br\/site\/processo_seletivo.aspx\" target=\"_blank\"><b>site<\/b><\/a>\u00a0<span style=\"color: #000000;\">da organizadora, o\u00a0Cons\u00f3rcio Intermunicipal Alian\u00e7a para a Sa\u00fade \u2013 CIAS.<\/span><\/p>\n<p style=\"text-align: justify;\"><span style=\"color: #000000;\">Confira o quadro de cargos, jornada de trabalho e vencimentos:<\/span><\/p>\n<p style=\"text-align: justify;\"><img loading=\"lazy\" decoding=\"async\" class=\"alignnone wp-image-46478 size-large\" src=\"https:\/\/dhg1h5j42swfq.cloudfront.net\/2016\/08\/16172532\/Imagem91-1024x478.png\" alt=\"concurso samu mg\" width=\"584\" height=\"273\" srcset=\"https:\/\/dhg1h5j42swfq.cloudfront.net\/2016\/08\/16172532\/Imagem91.png 1024w, https:\/\/dhg1h5j42swfq.cloudfront.net\/2016\/08\/16172532\/Imagem91.png 300w, https:\/\/dhg1h5j42swfq.cloudfront.net\/2016\/08\/16172532\/Imagem91.png 768w, https:\/\/dhg1h5j42swfq.cloudfront.net\/2016\/08\/16172532\/Imagem91.png 500w, https:\/\/dhg1h5j42swfq.cloudfront.net\/2016\/08\/16172532\/Imagem91.png 1507w\" sizes=\"auto, (max-width: 584px) 100vw, 584px\" \/><\/p>\n<p style=\"text-align: justify;\"><span style=\"color: #000000;\">As taxas de inscri\u00e7\u00e3o s\u00e3o de:<\/span><\/p>\n<ul>\n<li style=\"text-align: justify;\"><span style=\"color: #000000;\">R$ 60 para Condutor Socorrista,<\/span><\/li>\n<li style=\"text-align: justify;\"><span style=\"color: #000000;\">R$ 50 T\u00e9cnico de Enfermagem<\/span><\/li>\n<li style=\"text-align: justify;\"><span style=\"color: #000000;\">R$ 160\u00a0para o cargo de m\u00e9dico.<\/span><\/li>\n<\/ul>\n<p style=\"text-align: justify;\"><span style=\"color: #000000;\">Os interessados em solicitar a isen\u00e7\u00e3o devem faz\u00ea-la entre os dias <strong>15\u00a0e 16\u00a0de agosto<\/strong>\u00a0no site da organizadora<\/span><\/p>\n<p style=\"text-align: justify;\"><span style=\"color: #000000;\">As provas est\u00e3o marcadas para o dia <strong>23 de outubro <\/strong>e ter\u00e3o<strong>\u00a0<\/strong>dura\u00e7\u00e3o total de 3 horas.<\/span><\/p>\n<p style=\"text-align: justify;\"><span style=\"color: #000000;\">As avalia\u00e7\u00f5es ter\u00e3o\u00a030 (trinta) quest\u00f5es objetivas de m\u00faltipla escolha para todos os cargos, sendo que cada quest\u00e3o valer\u00e1 02(dois) pontos, totalizando\u00a060(sessenta) pontos.<\/span><\/p>\n<p style=\"text-align: justify;\"><span style=\"color: #000000;\">As disciplinas cobradas ser\u00e3o: L\u00edngua Portuguesa, Sa\u00fade P\u00fablica\u00a0e Conhecimentos Espec\u00edficos, dependendo do cargo pretendido.<\/span><\/p>\n<p style=\"text-align: justify;\"><span style=\"color: #000000;\">O Estrat\u00e9gia Concursos j\u00e1 possui<\/span> <strong><a href=\"https:\/\/www.estrategiaconcursos.com.br\/cursosPorConcurso\/cursos-da-saude\/\" target=\"_blank\">Cursos Regulares da \u00e1rea de Sa\u00fade<\/a><\/strong> <span style=\"color: #000000;\">para quem quer se preparar\u00a0com as melhores estrat\u00e9gias de estudo! Confira!<\/span><\/p>\n<p><span style=\"color: #000000;\">Assessoria de Comunica\u00e7\u00e3o<\/span><\/p>\n<p><span style=\"color: #000000;\">comunicacao@estrategiaconcursos.com.br<\/span><\/p>\n<p style=\"text-align: justify;\">\n","protected":false},"excerpt":{"rendered":"<p>Concurso SAMU MG: Edital com 247 vagas! Confira! Saiu o Processo seletivo simplificado para 247\u00a0\u00a0vagas, distribu\u00eddas pelos n\u00edveis m\u00e9dio, m\u00e9dio\/t\u00e9cnico e superior destinadas \u00e0 cobertura \u00a0para os cargos da Cons\u00f3rcio Intermunicipal Alian\u00e7a para a Sa\u00fade. As vagas ser\u00e3o para atua\u00e7\u00e3o em Belo Horizonte, regi\u00e3o metropolitana e algumas cidades do interior.\u00a0O regime de contrata\u00e7\u00e3o \u00e9 o [&hellip;]<\/p>\n","protected":false},"author":1,"featured_media":46477,"comment_status":"open","ping_status":"open","sticky":false,"template":"","format":"standard","meta":{"post_tipo":"news","footnotes":""},"categories":[1],"tags":[],"tax_estado":[],"class_list":["post-46476","post","type-post","status-publish","format-standard","has-post-thumbnail","hentry","category-cursos-e-concursos"],"acf":[],"yoast_head":"<!-- This site is optimized with the Yoast SEO Premium plugin v27.2 (Yoast SEO v27.2) - https:\/\/yoast.com\/product\/yoast-seo-premium-wordpress\/ -->\n<title>Concurso SAMU MG<\/title>\n<meta name=\"description\" content=\"Concurso SAMU MG: Saiu o Processo seletivo simplificado para 247 vagas, distribu\u00eddas para v\u00e1rios n\u00edveis e destinadas \u00e0 cobertura do SAMU.\" \/>\n<meta name=\"robots\" content=\"index, follow, max-snippet:-1, max-image-preview:large, max-video-preview:-1\" \/>\n<link rel=\"canonical\" href=\"https:\/\/www.estrategiaconcursos.com.br\/blog\/concurso-samu-mg\/\" \/>\n<meta property=\"og:locale\" content=\"pt_BR\" \/>\n<meta property=\"og:type\" content=\"article\" \/>\n<meta property=\"og:title\" content=\"Concurso SAMU MG: Edital com 247 vagas! Confira!\" \/>\n<meta property=\"og:description\" content=\"Concurso SAMU MG: Saiu o Processo seletivo simplificado para 247 vagas, distribu\u00eddas para v\u00e1rios n\u00edveis e destinadas \u00e0 cobertura do SAMU.\" \/>\n<meta property=\"og:url\" content=\"https:\/\/www.estrategiaconcursos.com.br\/blog\/concurso-samu-mg\/\" \/>\n<meta property=\"og:site_name\" content=\"Estrat\u00e9gia Concursos\" \/>\n<meta property=\"article:author\" content=\"https:\/\/www.facebook.com\/EstrategiaConcursos\" \/>\n<meta property=\"article:published_time\" content=\"2016-08-16T21:11:49+00:00\" \/>\n<meta property=\"article:modified_time\" content=\"2016-08-16T21:35:25+00:00\" \/>\n<meta property=\"og:image\" content=\"https:\/\/dhg1h5j42swfq.cloudfront.net\/2016\/08\/16171636\/7578d433f2cab6cdfcb1584cca1bdd05.jpg\" \/>\n\t<meta property=\"og:image:width\" content=\"698\" \/>\n\t<meta property=\"og:image:height\" content=\"332\" \/>\n\t<meta property=\"og:image:type\" content=\"image\/jpeg\" \/>\n<meta name=\"author\" content=\"Coordena\u00e7\u00e3o\" \/>\n<meta name=\"twitter:card\" content=\"summary_large_image\" \/>\n<meta name=\"twitter:creator\" content=\"@EstratConcursos\" \/>\n<meta name=\"twitter:site\" content=\"@EstratConcursos\" \/>\n<meta name=\"twitter:label1\" content=\"Escrito por\" \/>\n\t<meta name=\"twitter:data1\" content=\"Coordena\u00e7\u00e3o\" \/>\n\t<meta name=\"twitter:label2\" content=\"Est. tempo de leitura\" \/>\n\t<meta name=\"twitter:data2\" content=\"1 minuto\" \/>\n<script type=\"application\/ld+json\" class=\"yoast-schema-graph\">{\"@context\":\"https:\/\/schema.org\",\"@graph\":[{\"@type\":\"NewsArticle\",\"@id\":\"https:\/\/www.estrategiaconcursos.com.br\/blog\/concurso-samu-mg\/#article\",\"isPartOf\":{\"@id\":\"https:\/\/www.estrategiaconcursos.com.br\/blog\/concurso-samu-mg\/\"},\"author\":{\"name\":\"Coordena\u00e7\u00e3o\",\"@id\":\"https:\/\/www.estrategiaconcursos.com.br\/blog\/#\/schema\/person\/b4a388c97673c5f483d72185668afa1f\"},\"headline\":\"Concurso SAMU MG: Edital com 247 vagas! Confira!\",\"datePublished\":\"2016-08-16T21:11:49+00:00\",\"dateModified\":\"2016-08-16T21:35:25+00:00\",\"mainEntityOfPage\":{\"@id\":\"https:\/\/www.estrategiaconcursos.com.br\/blog\/concurso-samu-mg\/\"},\"wordCount\":260,\"commentCount\":0,\"publisher\":{\"@id\":\"https:\/\/www.estrategiaconcursos.com.br\/blog\/#organization\"},\"image\":{\"@id\":\"https:\/\/www.estrategiaconcursos.com.br\/blog\/concurso-samu-mg\/#primaryimage\"},\"thumbnailUrl\":\"https:\/\/dhg1h5j42swfq.cloudfront.net\/2016\/08\/16171636\/7578d433f2cab6cdfcb1584cca1bdd05.jpg\",\"articleSection\":[\"Concursos P\u00fablicos\"],\"inLanguage\":\"pt-BR\",\"potentialAction\":[{\"@type\":\"CommentAction\",\"name\":\"Comment\",\"target\":[\"https:\/\/www.estrategiaconcursos.com.br\/blog\/concurso-samu-mg\/#respond\"]}],\"copyrightYear\":\"2016\",\"copyrightHolder\":{\"@id\":\"https:\/\/www.estrategiaconcursos.com.br\/blog\/#organization\"}},{\"@type\":\"WebPage\",\"@id\":\"https:\/\/www.estrategiaconcursos.com.br\/blog\/concurso-samu-mg\/\",\"url\":\"https:\/\/www.estrategiaconcursos.com.br\/blog\/concurso-samu-mg\/\",\"name\":\"Concurso SAMU MG\",\"isPartOf\":{\"@id\":\"https:\/\/www.estrategiaconcursos.com.br\/blog\/#website\"},\"primaryImageOfPage\":{\"@id\":\"https:\/\/www.estrategiaconcursos.com.br\/blog\/concurso-samu-mg\/#primaryimage\"},\"image\":{\"@id\":\"https:\/\/www.estrategiaconcursos.com.br\/blog\/concurso-samu-mg\/#primaryimage\"},\"thumbnailUrl\":\"https:\/\/dhg1h5j42swfq.cloudfront.net\/2016\/08\/16171636\/7578d433f2cab6cdfcb1584cca1bdd05.jpg\",\"datePublished\":\"2016-08-16T21:11:49+00:00\",\"dateModified\":\"2016-08-16T21:35:25+00:00\",\"description\":\"Concurso SAMU MG: Saiu o Processo seletivo simplificado para 247 vagas, distribu\u00eddas para v\u00e1rios n\u00edveis e destinadas \u00e0 cobertura do SAMU.\",\"breadcrumb\":{\"@id\":\"https:\/\/www.estrategiaconcursos.com.br\/blog\/concurso-samu-mg\/#breadcrumb\"},\"inLanguage\":\"pt-BR\",\"potentialAction\":[{\"@type\":\"ReadAction\",\"target\":[\"https:\/\/www.estrategiaconcursos.com.br\/blog\/concurso-samu-mg\/\"]}]},{\"@type\":\"ImageObject\",\"inLanguage\":\"pt-BR\",\"@id\":\"https:\/\/www.estrategiaconcursos.com.br\/blog\/concurso-samu-mg\/#primaryimage\",\"url\":\"https:\/\/dhg1h5j42swfq.cloudfront.net\/2016\/08\/16171636\/7578d433f2cab6cdfcb1584cca1bdd05.jpg\",\"contentUrl\":\"https:\/\/dhg1h5j42swfq.cloudfront.net\/2016\/08\/16171636\/7578d433f2cab6cdfcb1584cca1bdd05.jpg\",\"width\":698,\"height\":332},{\"@type\":\"BreadcrumbList\",\"@id\":\"https:\/\/www.estrategiaconcursos.com.br\/blog\/concurso-samu-mg\/#breadcrumb\",\"itemListElement\":[{\"@type\":\"ListItem\",\"position\":1,\"name\":\"In\u00edcio\",\"item\":\"https:\/\/www.estrategiaconcursos.com.br\/blog\/\"},{\"@type\":\"ListItem\",\"position\":2,\"name\":\"Concurso SAMU MG: Edital com 247 vagas! Confira!\"}]},{\"@type\":\"WebSite\",\"@id\":\"https:\/\/www.estrategiaconcursos.com.br\/blog\/#website\",\"url\":\"https:\/\/www.estrategiaconcursos.com.br\/blog\/\",\"name\":\"Estrat\u00e9gia Concursos\",\"description\":\"O blog da Estrat\u00e9gia Concursos traz not\u00edcias sobre concursos e artigos de professores oferecendo cursos para concursos (pdf + videaulas) no site.\",\"publisher\":{\"@id\":\"https:\/\/www.estrategiaconcursos.com.br\/blog\/#organization\"},\"potentialAction\":[{\"@type\":\"SearchAction\",\"target\":{\"@type\":\"EntryPoint\",\"urlTemplate\":\"https:\/\/www.estrategiaconcursos.com.br\/blog\/?s={search_term_string}\"},\"query-input\":{\"@type\":\"PropertyValueSpecification\",\"valueRequired\":true,\"valueName\":\"search_term_string\"}}],\"inLanguage\":\"pt-BR\"},{\"@type\":\"Organization\",\"@id\":\"https:\/\/www.estrategiaconcursos.com.br\/blog\/#organization\",\"name\":\"Estrat\u00e9gia Concursos\",\"url\":\"https:\/\/www.estrategiaconcursos.com.br\/blog\/\",\"logo\":{\"@type\":\"ImageObject\",\"inLanguage\":\"pt-BR\",\"@id\":\"https:\/\/www.estrategiaconcursos.com.br\/blog\/#\/schema\/logo\/image\/\",\"url\":\"https:\/\/dhg1h5j42swfq.cloudfront.net\/2025\/06\/03203428\/logo_concursos-1.jpg\",\"contentUrl\":\"https:\/\/dhg1h5j42swfq.cloudfront.net\/2025\/06\/03203428\/logo_concursos-1.jpg\",\"width\":230,\"height\":60,\"caption\":\"Estrat\u00e9gia Concursos\"},\"image\":{\"@id\":\"https:\/\/www.estrategiaconcursos.com.br\/blog\/#\/schema\/logo\/image\/\"},\"sameAs\":[\"https:\/\/x.com\/EstratConcursos\"]},{\"@type\":\"Person\",\"@id\":\"https:\/\/www.estrategiaconcursos.com.br\/blog\/#\/schema\/person\/b4a388c97673c5f483d72185668afa1f\",\"name\":\"Coordena\u00e7\u00e3o\",\"image\":{\"@type\":\"ImageObject\",\"inLanguage\":\"pt-BR\",\"@id\":\"https:\/\/secure.gravatar.com\/avatar\/b720319e4c9a967eb58678d110f4fe35452fc5d5f97b202bac7b8acceb18c6ad?s=96&d=mm&r=g\",\"url\":\"https:\/\/secure.gravatar.com\/avatar\/b720319e4c9a967eb58678d110f4fe35452fc5d5f97b202bac7b8acceb18c6ad?s=96&d=mm&r=g\",\"contentUrl\":\"https:\/\/secure.gravatar.com\/avatar\/b720319e4c9a967eb58678d110f4fe35452fc5d5f97b202bac7b8acceb18c6ad?s=96&d=mm&r=g\",\"caption\":\"Coordena\u00e7\u00e3o\"},\"sameAs\":[\"https:\/\/www.facebook.com\/EstrategiaConcursos\",\"https:\/\/x.com\/EstratConcursos\"],\"url\":\"https:\/\/www.estrategiaconcursos.com.br\/blog\/author\/estrategia2013\/\"}]}<\/script>\n<!-- \/ Yoast SEO Premium plugin. -->","yoast_head_json":{"title":"Concurso SAMU MG","description":"Concurso SAMU MG: Saiu o Processo seletivo simplificado para 247 vagas, distribu\u00eddas para v\u00e1rios n\u00edveis e destinadas \u00e0 cobertura do SAMU.","robots":{"index":"index","follow":"follow","max-snippet":"max-snippet:-1","max-image-preview":"max-image-preview:large","max-video-preview":"max-video-preview:-1"},"canonical":"https:\/\/www.estrategiaconcursos.com.br\/blog\/concurso-samu-mg\/","og_locale":"pt_BR","og_type":"article","og_title":"Concurso SAMU MG: Edital com 247 vagas! Confira!","og_description":"Concurso SAMU MG: Saiu o Processo seletivo simplificado para 247 vagas, distribu\u00eddas para v\u00e1rios n\u00edveis e destinadas \u00e0 cobertura do SAMU.","og_url":"https:\/\/www.estrategiaconcursos.com.br\/blog\/concurso-samu-mg\/","og_site_name":"Estrat\u00e9gia Concursos","article_author":"https:\/\/www.facebook.com\/EstrategiaConcursos","article_published_time":"2016-08-16T21:11:49+00:00","article_modified_time":"2016-08-16T21:35:25+00:00","og_image":[{"width":698,"height":332,"url":"https:\/\/dhg1h5j42swfq.cloudfront.net\/2016\/08\/16171636\/7578d433f2cab6cdfcb1584cca1bdd05.jpg","type":"image\/jpeg"}],"author":"Coordena\u00e7\u00e3o","twitter_card":"summary_large_image","twitter_creator":"@EstratConcursos","twitter_site":"@EstratConcursos","twitter_misc":{"Escrito por":"Coordena\u00e7\u00e3o","Est. tempo de leitura":"1 minuto"},"schema":{"@context":"https:\/\/schema.org","@graph":[{"@type":"NewsArticle","@id":"https:\/\/www.estrategiaconcursos.com.br\/blog\/concurso-samu-mg\/#article","isPartOf":{"@id":"https:\/\/www.estrategiaconcursos.com.br\/blog\/concurso-samu-mg\/"},"author":{"name":"Coordena\u00e7\u00e3o","@id":"https:\/\/www.estrategiaconcursos.com.br\/blog\/#\/schema\/person\/b4a388c97673c5f483d72185668afa1f"},"headline":"Concurso SAMU MG: Edital com 247 vagas! Confira!","datePublished":"2016-08-16T21:11:49+00:00","dateModified":"2016-08-16T21:35:25+00:00","mainEntityOfPage":{"@id":"https:\/\/www.estrategiaconcursos.com.br\/blog\/concurso-samu-mg\/"},"wordCount":260,"commentCount":0,"publisher":{"@id":"https:\/\/www.estrategiaconcursos.com.br\/blog\/#organization"},"image":{"@id":"https:\/\/www.estrategiaconcursos.com.br\/blog\/concurso-samu-mg\/#primaryimage"},"thumbnailUrl":"https:\/\/dhg1h5j42swfq.cloudfront.net\/2016\/08\/16171636\/7578d433f2cab6cdfcb1584cca1bdd05.jpg","articleSection":["Concursos P\u00fablicos"],"inLanguage":"pt-BR","potentialAction":[{"@type":"CommentAction","name":"Comment","target":["https:\/\/www.estrategiaconcursos.com.br\/blog\/concurso-samu-mg\/#respond"]}],"copyrightYear":"2016","copyrightHolder":{"@id":"https:\/\/www.estrategiaconcursos.com.br\/blog\/#organization"}},{"@type":"WebPage","@id":"https:\/\/www.estrategiaconcursos.com.br\/blog\/concurso-samu-mg\/","url":"https:\/\/www.estrategiaconcursos.com.br\/blog\/concurso-samu-mg\/","name":"Concurso SAMU MG","isPartOf":{"@id":"https:\/\/www.estrategiaconcursos.com.br\/blog\/#website"},"primaryImageOfPage":{"@id":"https:\/\/www.estrategiaconcursos.com.br\/blog\/concurso-samu-mg\/#primaryimage"},"image":{"@id":"https:\/\/www.estrategiaconcursos.com.br\/blog\/concurso-samu-mg\/#primaryimage"},"thumbnailUrl":"https:\/\/dhg1h5j42swfq.cloudfront.net\/2016\/08\/16171636\/7578d433f2cab6cdfcb1584cca1bdd05.jpg","datePublished":"2016-08-16T21:11:49+00:00","dateModified":"2016-08-16T21:35:25+00:00","description":"Concurso SAMU MG: Saiu o Processo seletivo simplificado para 247 vagas, distribu\u00eddas para v\u00e1rios n\u00edveis e destinadas \u00e0 cobertura do SAMU.","breadcrumb":{"@id":"https:\/\/www.estrategiaconcursos.com.br\/blog\/concurso-samu-mg\/#breadcrumb"},"inLanguage":"pt-BR","potentialAction":[{"@type":"ReadAction","target":["https:\/\/www.estrategiaconcursos.com.br\/blog\/concurso-samu-mg\/"]}]},{"@type":"ImageObject","inLanguage":"pt-BR","@id":"https:\/\/www.estrategiaconcursos.com.br\/blog\/concurso-samu-mg\/#primaryimage","url":"https:\/\/dhg1h5j42swfq.cloudfront.net\/2016\/08\/16171636\/7578d433f2cab6cdfcb1584cca1bdd05.jpg","contentUrl":"https:\/\/dhg1h5j42swfq.cloudfront.net\/2016\/08\/16171636\/7578d433f2cab6cdfcb1584cca1bdd05.jpg","width":698,"height":332},{"@type":"BreadcrumbList","@id":"https:\/\/www.estrategiaconcursos.com.br\/blog\/concurso-samu-mg\/#breadcrumb","itemListElement":[{"@type":"ListItem","position":1,"name":"In\u00edcio","item":"https:\/\/www.estrategiaconcursos.com.br\/blog\/"},{"@type":"ListItem","position":2,"name":"Concurso SAMU MG: Edital com 247 vagas! Confira!"}]},{"@type":"WebSite","@id":"https:\/\/www.estrategiaconcursos.com.br\/blog\/#website","url":"https:\/\/www.estrategiaconcursos.com.br\/blog\/","name":"Estrat\u00e9gia Concursos","description":"O blog da Estrat\u00e9gia Concursos traz not\u00edcias sobre concursos e artigos de professores oferecendo cursos para concursos (pdf + videaulas) no site.","publisher":{"@id":"https:\/\/www.estrategiaconcursos.com.br\/blog\/#organization"},"potentialAction":[{"@type":"SearchAction","target":{"@type":"EntryPoint","urlTemplate":"https:\/\/www.estrategiaconcursos.com.br\/blog\/?s={search_term_string}"},"query-input":{"@type":"PropertyValueSpecification","valueRequired":true,"valueName":"search_term_string"}}],"inLanguage":"pt-BR"},{"@type":"Organization","@id":"https:\/\/www.estrategiaconcursos.com.br\/blog\/#organization","name":"Estrat\u00e9gia Concursos","url":"https:\/\/www.estrategiaconcursos.com.br\/blog\/","logo":{"@type":"ImageObject","inLanguage":"pt-BR","@id":"https:\/\/www.estrategiaconcursos.com.br\/blog\/#\/schema\/logo\/image\/","url":"https:\/\/dhg1h5j42swfq.cloudfront.net\/2025\/06\/03203428\/logo_concursos-1.jpg","contentUrl":"https:\/\/dhg1h5j42swfq.cloudfront.net\/2025\/06\/03203428\/logo_concursos-1.jpg","width":230,"height":60,"caption":"Estrat\u00e9gia Concursos"},"image":{"@id":"https:\/\/www.estrategiaconcursos.com.br\/blog\/#\/schema\/logo\/image\/"},"sameAs":["https:\/\/x.com\/EstratConcursos"]},{"@type":"Person","@id":"https:\/\/www.estrategiaconcursos.com.br\/blog\/#\/schema\/person\/b4a388c97673c5f483d72185668afa1f","name":"Coordena\u00e7\u00e3o","image":{"@type":"ImageObject","inLanguage":"pt-BR","@id":"https:\/\/secure.gravatar.com\/avatar\/b720319e4c9a967eb58678d110f4fe35452fc5d5f97b202bac7b8acceb18c6ad?s=96&d=mm&r=g","url":"https:\/\/secure.gravatar.com\/avatar\/b720319e4c9a967eb58678d110f4fe35452fc5d5f97b202bac7b8acceb18c6ad?s=96&d=mm&r=g","contentUrl":"https:\/\/secure.gravatar.com\/avatar\/b720319e4c9a967eb58678d110f4fe35452fc5d5f97b202bac7b8acceb18c6ad?s=96&d=mm&r=g","caption":"Coordena\u00e7\u00e3o"},"sameAs":["https:\/\/www.facebook.com\/EstrategiaConcursos","https:\/\/x.com\/EstratConcursos"],"url":"https:\/\/www.estrategiaconcursos.com.br\/blog\/author\/estrategia2013\/"}]}},"_links":{"self":[{"href":"https:\/\/www.estrategiaconcursos.com.br\/blog\/wp-json\/wp\/v2\/posts\/46476","targetHints":{"allow":["GET"]}}],"collection":[{"href":"https:\/\/www.estrategiaconcursos.com.br\/blog\/wp-json\/wp\/v2\/posts"}],"about":[{"href":"https:\/\/www.estrategiaconcursos.com.br\/blog\/wp-json\/wp\/v2\/types\/post"}],"author":[{"embeddable":true,"href":"https:\/\/www.estrategiaconcursos.com.br\/blog\/wp-json\/wp\/v2\/users\/1"}],"replies":[{"embeddable":true,"href":"https:\/\/www.estrategiaconcursos.com.br\/blog\/wp-json\/wp\/v2\/comments?post=46476"}],"version-history":[{"count":4,"href":"https:\/\/www.estrategiaconcursos.com.br\/blog\/wp-json\/wp\/v2\/posts\/46476\/revisions"}],"predecessor-version":[{"id":46484,"href":"https:\/\/www.estrategiaconcursos.com.br\/blog\/wp-json\/wp\/v2\/posts\/46476\/revisions\/46484"}],"wp:featuredmedia":[{"embeddable":true,"href":"https:\/\/www.estrategiaconcursos.com.br\/blog\/wp-json\/wp\/v2\/media\/46477"}],"wp:attachment":[{"href":"https:\/\/www.estrategiaconcursos.com.br\/blog\/wp-json\/wp\/v2\/media?parent=46476"}],"wp:term":[{"taxonomy":"category","embeddable":true,"href":"https:\/\/www.estrategiaconcursos.com.br\/blog\/wp-json\/wp\/v2\/categories?post=46476"},{"taxonomy":"post_tag","embeddable":true,"href":"https:\/\/www.estrategiaconcursos.com.br\/blog\/wp-json\/wp\/v2\/tags?post=46476"},{"taxonomy":"tax_estado","embeddable":true,"href":"https:\/\/www.estrategiaconcursos.com.br\/blog\/wp-json\/wp\/v2\/tax_estado?post=46476"}],"curies":[{"name":"wp","href":"https:\/\/api.w.org\/{rel}","templated":true}]}}