{"id":464315,"date":"2019-01-11T00:30:00","date_gmt":"2019-01-11T03:30:00","guid":{"rendered":"https:\/\/www.estrategiaconcursos.com.br\/blog\/?p=464315"},"modified":"2020-01-13T09:24:34","modified_gmt":"2020-01-13T12:24:34","slug":"semana-especial-das-carreiras-juridicas-2020","status":"publish","type":"post","link":"https:\/\/www.estrategiaconcursos.com.br\/blog\/semana-especial-das-carreiras-juridicas-2020\/","title":{"rendered":"Semana Especial das Carreiras Jur\u00eddicas: inicie 2020 sabendo de todas as novidades!"},"content":{"rendered":"\n<p>Come\u00e7o de ano \u00e9 \u00e9poca de descansar e esquecer de tudo, certo? Errado! O in\u00edcio de um novo ano ano \u00e9 o momento de criar novas metas, come\u00e7ar a cumprir promessas e mentalizar novos projetos e objetivos! E o Estrat\u00e9gia Concursos estar\u00e1 com voc\u00ea desde o in\u00edcio dessa nova jornada que se inicia! <\/p>\n\n\n\n<p>Especialmente para os formados em Direito, a primeira semana de janeiro de 2020 ser\u00e1 repleta de eventos, trazendo panoramas e novidades e tirando d\u00favidas sobre a prepara\u00e7\u00e3o para os  principais certames previstos para o ano.  <\/p>\n\n\n\n<p>Abaixo voc\u00ea confere a programa\u00e7\u00e3o completa da semana, podendo escolher a data e\/ou o evento que tenha mais interesse. Basta clicar e ser direcionado diretamente \u00e0 plataforma do evento, que ser\u00e1 transmitido gratuitamente pelo canal do Estrat\u00e9gia no Youtube, acompanhe! <\/p>\n\n\n\n<ul class=\"wp-block-list\"><li><strong><em><a href=\"#segunda\">Segunda-Feira &#8211; 06 de janeiro<\/a><\/em><\/strong><\/li><li><a href=\"#ter\u00e7a\"><strong><em>Ter\u00e7a-feira &#8211; 07 de janeiro<\/em><\/strong><\/a><\/li><li><a href=\"#quarta\"><strong><em>Quarta-feira &#8211; 08 de janeiro<\/em><\/strong><\/a><\/li><li><a href=\"#quinta\"><strong><em>Quinta-feira &#8211; 09 de janeiro<\/em><\/strong><\/a><\/li><li><a href=\"#sexta\"><strong><em>Sexta-feira &#8211; 10 de janeiro<\/em><\/strong><\/a><\/li><li><a href=\"#sabado\"><strong><em>S\u00e1bado &#8211; 11 de janeiro<\/em><\/strong><\/a><\/li><\/ul>\n\n\n\n<h2 class=\"wp-block-heading\">Cronograma de aulas da Semana Especial das Carreiras jur\u00eddicas<\/h2>\n\n\n\n<h3 class=\"has-vivid-cyan-blue-color has-text-color wp-block-heading\" id=\"segunda\"><strong><em>Segunda-feira &#8211; 06 de janeiro<\/em><\/strong><\/h3>\n\n\n\n<ul class=\"wp-block-list\"><li><strong><a href=\"https:\/\/www.youtube.com\/watch?v=KXgLMzsqZCU\">Raio-X Completo dos Concursos Jur\u00eddicos 2020<\/a><\/strong> &#8211; 08:30 \u00e0s 12:00 \u2013 Ricardo Torques, Rodrigo Vaslin e Paulo Sousa.<br \/><\/li><li><strong><a rel=\"noreferrer noopener\" aria-label=\"Planejamento de Estudos de M\u00e9dio\/Longo Prazo (abre numa nova aba)\" href=\"https:\/\/www.youtube.com\/watch?v=s7hLWWBV6b0\" target=\"_blank\">Planejamento de Estudos de M\u00e9dio\/Longo Prazo<\/a><\/strong> &#8211; 14:00 \u00e0s 15:30 \u2013 Rodrigo Vaslin, Tha\u00eds Sousa e Rodolfo Breciani Penna <br \/><\/li><li><a href=\"https:\/\/www.youtube.com\/watch?v=fU3hWpg8amI&amp;feature=youtu.be\"><strong>Atividade Jur\u00eddica para Concursos: tire suas d\u00favidas!<\/strong><\/a> &#8211; 16:00 \u00e0s 17:30 &#8211; Lucas Evangelinos e Paulo Sousa. <br \/><\/li><li><strong><a rel=\"noreferrer noopener\" aria-label=\"Informativos de Justi\u00e7a: Estude Gratuitamente (abre numa nova aba)\" href=\"https:\/\/www.youtube.com\/watch?v=B3VNCHFoeb4\" target=\"_blank\">Informativos de Justi\u00e7a: Estude Gratuitamente<\/a><\/strong> &#8211; 18:00 \u00e0s 19:30 \u2013 Ricardo Torques, Lucas Evangelinos e Jean Vilbert. <br \/><\/li><li><strong><a href=\"https:\/\/www.youtube.com\/watch?v=VA-TqefYd3k\">Como se Tornar Delta em 2020<\/a><\/strong> &#8211; 20:00 \u00e0s 21:30 \u2013 Paulo Bilynskyj, Lhais Hamid e Bruna Caracho (Delegado)<\/li><\/ul>\n\n\n\n<h3 class=\"has-vivid-cyan-blue-color has-text-color wp-block-heading\" id=\"ter\u00e7a\">Ter\u00e7a-Feira &#8211; 07 de janeiro <\/h3>\n\n\n\n<ul class=\"wp-block-list\"><li><strong><a rel=\"noreferrer noopener\" aria-label=\"Delegado da PCPR 2020: 50 vagas autorizadas!  (abre numa nova aba)\" href=\"https:\/\/www.youtube.com\/watch?v=uHL_08EFeLM\" target=\"_blank\">Delegado da PCPR 2020: 50 vagas autorizadas!<\/a><\/strong> &#8211; 08:30 \u00e0s 10:00 \u2013 Ricardo Torques, Th\u00e1llius Moraes e Rodrigo Souza.<br \/><\/li><li><strong><a rel=\"noreferrer noopener\" aria-label=\"Planejamento de Estudos para Delegado de Pol\u00edcia Civil (abre numa nova aba)\" href=\"https:\/\/www.youtube.com\/watch?v=uLGERvJK0HU\" target=\"_blank\">Planejamento de Estudos para Delegado de Pol\u00edcia Civil<\/a><\/strong> &#8211; 10:30 \u00e0s 12:00 \u2013 Lhais Hamid, Luana Peixoto e Bruna Caracho <br \/><\/li><li><strong><a rel=\"noreferrer noopener\" aria-label=\"Concursos Advocacia P\u00fablica Federal (abre numa nova aba)\" href=\"https:\/\/www.youtube.com\/watch?v=bWSI9r4GRyg\" target=\"_blank\">Concursos Advocacia P\u00fablica Federal<\/a><\/strong> &#8211; 14:00 \u00e0s 15:30 \u2013 Luis Oliveira, Felipe Cavalcante e Nat\u00e1lia Riche.<br \/><\/li><li><strong><a rel=\"noreferrer noopener\" aria-label=\"Rodadas de Temas Espec\u00edficos e T\u00f3picos Aprofundados em Carreiras Jur\u00eddicas (abre numa nova aba)\" href=\"https:\/\/www.youtube.com\/watch?v=0bk_eiGOP_c\" target=\"_blank\">Rodadas de Temas Espec\u00edficos e T\u00f3picos Aprofundados em Carreiras Jur\u00eddicas<\/a><\/strong> &#8211; 16:00 \u00e0s 17:30 \u2013 Ricardo Torques, Paulo Sousa e Mateus Pontalti<br \/><\/li><li><strong><a rel=\"noreferrer noopener\" aria-label=\"Estudo Estrat\u00e9gico para Carreiras Jur\u00eddicas (abre numa nova aba)\" href=\"https:\/\/www.youtube.com\/watch?v=GG01-BUxO8Y\" target=\"_blank\">Estudo Estrat\u00e9gico para Carreiras Jur\u00eddicas<\/a><\/strong> &#8211; 18:00 \u00e0s 19:30 \u2013 Igor Maciel, Paulo Bilynskyj e Rodrigo Vaslin<br \/><\/li><li><strong><a rel=\"noreferrer noopener\" aria-label=\"Raio-X Completo das Procuradorias Estaduais 2020 (abre numa nova aba)\" href=\"https:\/\/www.youtube.com\/watch?v=8Vr1VsZYjnc\" target=\"_blank\">Raio-X Completo das Procuradorias Estaduais 2020<\/a><\/strong> &#8211; 20:00 \u00e0s 21:30 \u2013 Tha\u00eds Sousa, Lucas Moreira e Igor Maciel.<\/li><\/ul>\n\n\n\n<h3 class=\"has-vivid-cyan-blue-color has-text-color wp-block-heading\" id=\"quarta\">Quarta-feira &#8211; 08 de janeiro<\/h3>\n\n\n\n<ul class=\"wp-block-list\"><li><strong><a href=\"https:\/\/www.youtube.com\/watch?v=zI5Da9xEAc0\" target=\"_blank\" rel=\"noreferrer noopener\" aria-label=\"Delegado da PCERJ: 47 vagas imediatas! (abre numa nova aba)\">Delegado da PCERJ: 47 vagas imediatas!<\/a> <\/strong>&#8211; 08:30 \u00e0s 10:00 \u2013 Paulo Bilynskyj, Beatriz Pestilli e Ivan Marques.<br \/><\/li><li><strong><a href=\"https:\/\/www.youtube.com\/watch?v=uK5KJxFrVfk\" target=\"_blank\" rel=\"noreferrer noopener\" aria-label=\"Planejamento de Estudos para Procuradorias Estaduais (abre numa nova aba)\">Planejamento de Estudos para Procuradorias Estaduais<\/a><\/strong> &#8211; 10:30 \u00e0s 12:00 \u2013 Ricardo Torques, Tha\u00eds Souza e Rodrigo Penna <br \/><\/li><li><strong><a rel=\"noreferrer noopener\" aria-label=\"Procuradorias Municipais 2020: Vale a Pena Estudar? (abre numa nova aba)\" href=\"https:\/\/www.youtube.com\/watch?v=jpRhip59uvM\" target=\"_blank\">Procuradorias Municipais 2020: Vale a Pena Estudar?<\/a><\/strong> &#8211; 14:00 \u00e0s 15:30 \u2013 Igor Maciel, Lucas Pessoa Moreira.<br \/><\/li><li><strong>PGM-S\u00e3o Paulo 2020: Saiba Tudo!<\/strong> &#8211; 16:00 \u00e0s 17:30 \u2013 Wagner Dam\u00e1zio, Ricardo Torques e Josias Barcellos.<br \/><\/li><li><strong><a rel=\"noreferrer noopener\" aria-label=\"Raio-X Completo da Magistratura Federal 2020 (abre numa nova aba)\" href=\"https:\/\/www.youtube.com\/watch?v=Lnnd99Zol1E\" target=\"_blank\">Raio-X Completo da Magistratura Federal 2020<\/a><\/strong> &#8211; 18:00 \u00e0s 19:30 \u2013 Mateus Pontalti, Michael Proc\u00f3pio e Felipo Luz.<br \/><\/li><li><strong><a rel=\"noreferrer noopener\" aria-label=\"Raio-X Completo da Magistratura Estadual 2020 (abre numa nova aba)\" href=\"https:\/\/www.youtube.com\/watch?v=qW2m3svBjSs\" target=\"_blank\">Raio-X Completo da Magistratura Estadual 2020<\/a><\/strong> &#8211; 20:00 \u00e0s 21:30 \u2013 Leonardo Tavares, Lucas Evangelinos e Jean Vilbert.<\/li><\/ul>\n\n\n\n<h3 class=\"has-vivid-cyan-blue-color has-text-color wp-block-heading\" id=\"quinta\">Quinta-feira &#8211; 09 de janeiro <\/h3>\n\n\n\n<ul class=\"wp-block-list\"><li><strong><a href=\"https:\/\/www.youtube.com\/watch?v=f1td4kuGuAo\">Juiz TJPE 2020: Concurso Autorizado e Comiss\u00e3o Formada<\/a><\/strong> &#8211; 08:30 \u00e0s 10:00 \u2013 Ricardo Torques, Felipo Luz, Alfredo Bandeira de Medeiros.<br \/><\/li><li><strong><a href=\"https:\/\/www.youtube.com\/watch?v=uQNPT84Fi44\" target=\"_blank\" rel=\"noreferrer noopener\" aria-label=\"Delegado da PCSP 2020: 250 vagas autorizadas! (abre numa nova aba)\">Delegado da PCSP 2020: 250 vagas autorizadas!<\/a><\/strong> &#8211; 10:30 \u00e0s 12:00 \u2013 Paulo Bilynskyj, Victor Hugo Borges e Beatriz Pestilli.<br \/><\/li><li><strong><a href=\"https:\/\/www.youtube.com\/watch?v=rn86adh7TyA\" target=\"_blank\" rel=\"noreferrer noopener\" aria-label=\"Procurador da PGDF 2020: 75 cargos vagos! (abre numa nova aba)\">Procurador da PGDF 2020: 75 cargos vagos!<\/a><\/strong> &#8211; 14:00 \u00e0s 15:30 \u2013 Rodrigo Faggiani, Tha\u00eds Sousa e Igor Maciel.<br \/><\/li><li><strong><a href=\"https:\/\/www.youtube.com\/watch?v=9LMCYes_UsA\" target=\"_blank\" rel=\"noreferrer noopener\" aria-label=\"Juiz do TJSP 2020: Saiba Tudo! (abre numa nova aba)\">Juiz do TJSP 2020: Saiba Tudo!<\/a><\/strong> &#8211; 16:00 \u00e0s 17:30 \u2013 Lucas Evangelinos, Leonardo Tavares e Michael Proc\u00f3pio.<br \/><\/li><li><strong><a href=\"https:\/\/www.youtube.com\/watch?v=g8qILTkwDuY\">Planejamento de Estudos para Magistratura Estadual<\/a><\/strong> &#8211; 18:00 \u00e0s 19:30 \u2013 Ricardo Torques, Leonardo Tavares e Felipo Luz. <br \/><\/li><li><strong><a href=\"https:\/\/www.youtube.com\/watch?v=AY3yvXRM5R0\" target=\"_blank\" rel=\"noreferrer noopener\" aria-label=\"Raio-X dos Concursos de Cart\u00f3rios 2020 (abre numa nova aba)\">Raio-X dos Concursos de Cart\u00f3rios 2020<\/a><\/strong> &#8211; 20:00 \u00e0s 21:30 \u2013 Paulo Sousa, Adriano Alvares e Paloma Berttotti Schwab.<\/li><\/ul>\n\n\n\n<h3 class=\"has-vivid-cyan-blue-color has-text-color wp-block-heading\" id=\"sexta\">Sexta-feira &#8211; 10 de janeiro<\/h3>\n\n\n\n<ul class=\"wp-block-list\"><li><strong><a href=\"https:\/\/www.youtube.com\/watch?v=Ip6iYo-Pl_w\">Raio-X dos Concursos de Promotoria 2020<\/a><\/strong>&nbsp;\u2013 08:30 \u00e0s 10:00 \u2013 Wagner Dam\u00e1zio, Vitor de Luca e Luis Oliveira.<br \/>\ufeff<\/li><li><a href=\"https:\/\/www.youtube.com\/watch?v=zpbmA17J4dE\">Carreiras Jur\u00eddicas \u2013 Prepara\u00e7\u00e3o para as Provas Escritas<\/a> (10:30 \u00e0s 12:00) \u2013 Tha\u00eds Sousa, Michael Proc\u00f3pio e Jean Vilbert<br \/>\ufeff<\/li><li><strong><a href=\"https:\/\/www.youtube.com\/watch?v=ng8A1bO8C8M\">Concurso Cart\u00f3rio BA: Saiba Tudo!<\/a><\/strong>&nbsp;-14:00 \u00e0s 15:30 \u2013 Paulo Sousa e Maria Fernanda Dalmaz.<br \/>\ufeff<\/li><li><strong><a href=\"https:\/\/www.youtube.com\/watch?v=KXKObS0TYls\">Concurso Cart\u00f3rio SP: Saiba Tudo!<\/a><\/strong>&nbsp;\u2013 16:00 \u00e0s 17:30 \u2013 Paulo Sousa e Adriano Alvares.<br \/>\ufeff<\/li><li><strong><a href=\"https:\/\/www.youtube.com\/watch?v=BHQyJLNqHs8\">Raio-X Completo das Defensorias P\u00fablicas 2020<\/a><\/strong>&nbsp;\u2013 (18:00 \u00e0s 19:30) \u2013 Igor Maciel, Vitor de Luca, Renan Ara\u00fajo.<br \/>\ufeff<\/li><li><strong><a href=\"https:\/\/www.youtube.com\/watch?v=qw_lQ3AY5i4\">Promotor MPSP: 150 vagas autorizadas&nbsp;<\/a><\/strong>\u2013 20:00 \u00e0s 21:30 \u2013 Wagner Dam\u00e1zio, Juliano Atoji e Vanderlei Jr.<\/li><\/ul>\n\n\n\n<h3 class=\"has-vivid-cyan-blue-color has-text-color wp-block-heading\" id=\"sabado\">S\u00e1bado &#8211; 11 de janeiro<\/h3>\n\n\n\n<ul class=\"wp-block-list\"><li><strong><a href=\"https:\/\/www.youtube.com\/watch?v=9t3FTXRJpHQ\">Carreiras Jur\u00eddicas &#8211; Estudo por Quest\u00f5es<\/a><\/strong> &#8211; 8:30 \u00e0s 10:00 \u2013 Leonardo Fernandes, Igor Maciel e Luis Eduardo. <br \/><\/li><li><strong><a href=\"https:\/\/www.youtube.com\/watch?v=lhGfrpwpQE0\">Carreiras Jur\u00eddicas \u2013 Prepara\u00e7\u00e3o para a Prova Oral<\/a><\/strong> &#8211; 10:30 \u00e0s 12:00 &#8211; Lucas Evangelinos, Tha\u00eds Sousa e Paulo Bilynskyj.<br \/><\/li><li><a href=\"https:\/\/www.youtube.com\/watch?v=NrrTdIRxsRQ\"><strong>Concursos Cart\u00f3rios: Prepara\u00e7\u00e3o Espec\u00edfica de Direito Notarial e Registral<\/strong> <\/a>&#8211; 14:00 \u00e0s 15:30 \u2013 Paulo Sousa, Adriano Alvares e Juliana Chev\u00f4nica<\/li><\/ul>\n\n\n\n<h2 class=\"wp-block-heading\">Quer se preparar para carreiras jur\u00eddicas? <\/h2>\n\n\n\n<p style=\"font-size:23px\" class=\"has-background has-text-align-center has-luminous-vivid-amber-background-color\"><strong><a href=\"https:\/\/www.estrategiaconcursos.com.br\/cursosPorConcurso\/carreira-juridica-regular\/?gclid=EAIaIQobChMI8rirqIeQ5gIVjAuRCh1gmwtrEAAYBCAAEgLudPD_BwE\" target=\"_blank\" rel=\"noreferrer noopener\">CURSOS CARREIRAS JUR\u00cdDICAS<\/a><\/strong><\/p>\n\n\n\n<p style=\"font-size:23px\" class=\"has-background has-text-align-center has-pale-cyan-blue-background-color\"><a rel=\"noreferrer noopener\" href=\"https:\/\/www.estrategiaconcursos.com.br\/blog\/concursos-abertos\/\" target=\"_blank\"><strong>CONCURSOS ABERTOS<\/strong><\/a><\/p>\n\n\n\n<p style=\"font-size:23px\" class=\"has-background has-text-align-center has-pale-cyan-blue-background-color\"><a rel=\"noreferrer noopener\" href=\"https:\/\/www.estrategiaconcursos.com.br\/blog\/concursos-2020\/\" target=\"_blank\"><strong>CONCURSOS&nbsp;2020<\/strong><\/a><\/p>\n\n\n\n<p style=\"font-size:23px\" class=\"has-background has-text-align-center has-light-green-cyan-background-color\"><a rel=\"noreferrer noopener\" href=\"https:\/\/www.estrategiaconcursos.com.br\/cursos\/concurso\" target=\"_blank\">Cursos Concursos de Direito 2019<\/a><\/p>\n","protected":false},"excerpt":{"rendered":"<p>Come\u00e7o de ano \u00e9 \u00e9poca de descansar e esquecer de tudo, certo? Errado! O in\u00edcio de um novo ano ano \u00e9 o momento de criar novas metas, come\u00e7ar a cumprir promessas e mentalizar novos projetos e objetivos! E o Estrat\u00e9gia Concursos estar\u00e1 com voc\u00ea desde o in\u00edcio dessa nova jornada que se inicia! Especialmente para [&hellip;]<\/p>\n","protected":false},"author":180,"featured_media":464518,"comment_status":"open","ping_status":"closed","sticky":false,"template":"","format":"standard","meta":{"post_tipo":"article","footnotes":""},"categories":[1,2185],"tags":[],"tax_estado":[],"class_list":["post-464315","post","type-post","status-publish","format-standard","has-post-thumbnail","hentry","category-cursos-e-concursos","category-carreiras-juridicas"],"acf":[],"yoast_head":"<!-- This site is optimized with the Yoast SEO Premium plugin v27.2 (Yoast SEO v27.2) - https:\/\/yoast.com\/product\/yoast-seo-premium-wordpress\/ -->\n<title>Semana Especial das Carreiras Jur\u00eddicas: inicie 2020 sabendo de todas as novidades!<\/title>\n<meta name=\"robots\" content=\"index, follow, max-snippet:-1, max-image-preview:large, max-video-preview:-1\" \/>\n<link rel=\"canonical\" href=\"https:\/\/www.estrategiaconcursos.com.br\/blog\/semana-especial-das-carreiras-juridicas-2020\/\" \/>\n<meta property=\"og:locale\" content=\"pt_BR\" \/>\n<meta property=\"og:type\" content=\"article\" \/>\n<meta property=\"og:title\" content=\"Semana Especial das Carreiras Jur\u00eddicas: inicie 2020 sabendo de todas as novidades!\" \/>\n<meta property=\"og:description\" content=\"Come\u00e7o de ano \u00e9 \u00e9poca de descansar e esquecer de tudo, certo? Errado! O in\u00edcio de um novo ano ano \u00e9 o momento de criar novas metas, come\u00e7ar a cumprir promessas e mentalizar novos projetos e objetivos! E o Estrat\u00e9gia Concursos estar\u00e1 com voc\u00ea desde o in\u00edcio dessa nova jornada que se inicia! Especialmente para [&hellip;]\" \/>\n<meta property=\"og:url\" content=\"https:\/\/www.estrategiaconcursos.com.br\/blog\/semana-especial-das-carreiras-juridicas-2020\/\" \/>\n<meta property=\"og:site_name\" content=\"Estrat\u00e9gia Concursos\" \/>\n<meta property=\"article:author\" content=\"https:\/\/www.facebook.com\/ricardo.s.torques\" \/>\n<meta property=\"article:published_time\" content=\"2019-01-11T03:30:00+00:00\" \/>\n<meta property=\"article:modified_time\" content=\"2020-01-13T12:24:34+00:00\" \/>\n<meta property=\"og:image\" content=\"https:\/\/dhg1h5j42swfq.cloudfront.net\/2019\/01\/30072714\/MAIL_SEMANA_ECJ_.jpg\" \/>\n\t<meta property=\"og:image:width\" content=\"800\" \/>\n\t<meta property=\"og:image:height\" content=\"450\" \/>\n\t<meta property=\"og:image:type\" content=\"image\/jpeg\" \/>\n<meta name=\"author\" content=\"Ricardo Torques\" \/>\n<meta name=\"twitter:card\" content=\"summary_large_image\" \/>\n<meta name=\"twitter:creator\" content=\"@EstratConcursos\" \/>\n<meta name=\"twitter:site\" content=\"@EstratConcursos\" \/>\n<meta name=\"twitter:label1\" content=\"Escrito por\" \/>\n\t<meta name=\"twitter:data1\" content=\"Ricardo Torques\" \/>\n\t<meta name=\"twitter:label2\" content=\"Est. tempo de leitura\" \/>\n\t<meta name=\"twitter:data2\" content=\"4 minutos\" \/>\n<script type=\"application\/ld+json\" class=\"yoast-schema-graph\">{\"@context\":\"https:\/\/schema.org\",\"@graph\":[{\"@type\":\"NewsArticle\",\"@id\":\"https:\/\/www.estrategiaconcursos.com.br\/blog\/semana-especial-das-carreiras-juridicas-2020\/#article\",\"isPartOf\":{\"@id\":\"https:\/\/www.estrategiaconcursos.com.br\/blog\/semana-especial-das-carreiras-juridicas-2020\/\"},\"author\":{\"name\":\"Ricardo Torques\",\"@id\":\"https:\/\/www.estrategiaconcursos.com.br\/blog\/#\/schema\/person\/aa39cf5ddb518e5bdce27c35788405e2\"},\"headline\":\"Semana Especial das Carreiras Jur\u00eddicas: inicie 2020 sabendo de todas as novidades!\",\"datePublished\":\"2019-01-11T03:30:00+00:00\",\"dateModified\":\"2020-01-13T12:24:34+00:00\",\"mainEntityOfPage\":{\"@id\":\"https:\/\/www.estrategiaconcursos.com.br\/blog\/semana-especial-das-carreiras-juridicas-2020\/\"},\"wordCount\":742,\"commentCount\":0,\"publisher\":{\"@id\":\"https:\/\/www.estrategiaconcursos.com.br\/blog\/#organization\"},\"image\":{\"@id\":\"https:\/\/www.estrategiaconcursos.com.br\/blog\/semana-especial-das-carreiras-juridicas-2020\/#primaryimage\"},\"thumbnailUrl\":\"https:\/\/dhg1h5j42swfq.cloudfront.net\/2019\/01\/30072714\/MAIL_SEMANA_ECJ_.jpg\",\"articleSection\":[\"Concursos P\u00fablicos\",\"Jur\u00eddico\"],\"inLanguage\":\"pt-BR\",\"potentialAction\":[{\"@type\":\"CommentAction\",\"name\":\"Comment\",\"target\":[\"https:\/\/www.estrategiaconcursos.com.br\/blog\/semana-especial-das-carreiras-juridicas-2020\/#respond\"]}],\"copyrightYear\":\"2019\",\"copyrightHolder\":{\"@id\":\"https:\/\/www.estrategiaconcursos.com.br\/blog\/#organization\"}},{\"@type\":\"WebPage\",\"@id\":\"https:\/\/www.estrategiaconcursos.com.br\/blog\/semana-especial-das-carreiras-juridicas-2020\/\",\"url\":\"https:\/\/www.estrategiaconcursos.com.br\/blog\/semana-especial-das-carreiras-juridicas-2020\/\",\"name\":\"Semana Especial das Carreiras Jur\u00eddicas: inicie 2020 sabendo de todas as novidades!\",\"isPartOf\":{\"@id\":\"https:\/\/www.estrategiaconcursos.com.br\/blog\/#website\"},\"primaryImageOfPage\":{\"@id\":\"https:\/\/www.estrategiaconcursos.com.br\/blog\/semana-especial-das-carreiras-juridicas-2020\/#primaryimage\"},\"image\":{\"@id\":\"https:\/\/www.estrategiaconcursos.com.br\/blog\/semana-especial-das-carreiras-juridicas-2020\/#primaryimage\"},\"thumbnailUrl\":\"https:\/\/dhg1h5j42swfq.cloudfront.net\/2019\/01\/30072714\/MAIL_SEMANA_ECJ_.jpg\",\"datePublished\":\"2019-01-11T03:30:00+00:00\",\"dateModified\":\"2020-01-13T12:24:34+00:00\",\"breadcrumb\":{\"@id\":\"https:\/\/www.estrategiaconcursos.com.br\/blog\/semana-especial-das-carreiras-juridicas-2020\/#breadcrumb\"},\"inLanguage\":\"pt-BR\",\"potentialAction\":[{\"@type\":\"ReadAction\",\"target\":[\"https:\/\/www.estrategiaconcursos.com.br\/blog\/semana-especial-das-carreiras-juridicas-2020\/\"]}]},{\"@type\":\"ImageObject\",\"inLanguage\":\"pt-BR\",\"@id\":\"https:\/\/www.estrategiaconcursos.com.br\/blog\/semana-especial-das-carreiras-juridicas-2020\/#primaryimage\",\"url\":\"https:\/\/dhg1h5j42swfq.cloudfront.net\/2019\/01\/30072714\/MAIL_SEMANA_ECJ_.jpg\",\"contentUrl\":\"https:\/\/dhg1h5j42swfq.cloudfront.net\/2019\/01\/30072714\/MAIL_SEMANA_ECJ_.jpg\",\"width\":800,\"height\":450},{\"@type\":\"BreadcrumbList\",\"@id\":\"https:\/\/www.estrategiaconcursos.com.br\/blog\/semana-especial-das-carreiras-juridicas-2020\/#breadcrumb\",\"itemListElement\":[{\"@type\":\"ListItem\",\"position\":1,\"name\":\"In\u00edcio\",\"item\":\"https:\/\/www.estrategiaconcursos.com.br\/blog\/\"},{\"@type\":\"ListItem\",\"position\":2,\"name\":\"Semana Especial das Carreiras Jur\u00eddicas: inicie 2020 sabendo de todas as novidades!\"}]},{\"@type\":\"WebSite\",\"@id\":\"https:\/\/www.estrategiaconcursos.com.br\/blog\/#website\",\"url\":\"https:\/\/www.estrategiaconcursos.com.br\/blog\/\",\"name\":\"Estrat\u00e9gia Concursos\",\"description\":\"O blog da Estrat\u00e9gia Concursos traz not\u00edcias sobre concursos e artigos de professores oferecendo cursos para concursos (pdf + videaulas) no site.\",\"publisher\":{\"@id\":\"https:\/\/www.estrategiaconcursos.com.br\/blog\/#organization\"},\"potentialAction\":[{\"@type\":\"SearchAction\",\"target\":{\"@type\":\"EntryPoint\",\"urlTemplate\":\"https:\/\/www.estrategiaconcursos.com.br\/blog\/?s={search_term_string}\"},\"query-input\":{\"@type\":\"PropertyValueSpecification\",\"valueRequired\":true,\"valueName\":\"search_term_string\"}}],\"inLanguage\":\"pt-BR\"},{\"@type\":\"Organization\",\"@id\":\"https:\/\/www.estrategiaconcursos.com.br\/blog\/#organization\",\"name\":\"Estrat\u00e9gia Concursos\",\"url\":\"https:\/\/www.estrategiaconcursos.com.br\/blog\/\",\"logo\":{\"@type\":\"ImageObject\",\"inLanguage\":\"pt-BR\",\"@id\":\"https:\/\/www.estrategiaconcursos.com.br\/blog\/#\/schema\/logo\/image\/\",\"url\":\"https:\/\/dhg1h5j42swfq.cloudfront.net\/2025\/06\/03203428\/logo_concursos-1.jpg\",\"contentUrl\":\"https:\/\/dhg1h5j42swfq.cloudfront.net\/2025\/06\/03203428\/logo_concursos-1.jpg\",\"width\":230,\"height\":60,\"caption\":\"Estrat\u00e9gia Concursos\"},\"image\":{\"@id\":\"https:\/\/www.estrategiaconcursos.com.br\/blog\/#\/schema\/logo\/image\/\"},\"sameAs\":[\"https:\/\/x.com\/EstratConcursos\"]},{\"@type\":\"Person\",\"@id\":\"https:\/\/www.estrategiaconcursos.com.br\/blog\/#\/schema\/person\/aa39cf5ddb518e5bdce27c35788405e2\",\"name\":\"Ricardo Torques\",\"image\":{\"@type\":\"ImageObject\",\"inLanguage\":\"pt-BR\",\"@id\":\"https:\/\/secure.gravatar.com\/avatar\/ce9ac6c3cff25fe86d15ed568ebc64d1724baf5c0693133bcb1f6073f712f92a?s=96&d=mm&r=g\",\"url\":\"https:\/\/secure.gravatar.com\/avatar\/ce9ac6c3cff25fe86d15ed568ebc64d1724baf5c0693133bcb1f6073f712f92a?s=96&d=mm&r=g\",\"contentUrl\":\"https:\/\/secure.gravatar.com\/avatar\/ce9ac6c3cff25fe86d15ed568ebc64d1724baf5c0693133bcb1f6073f712f92a?s=96&d=mm&r=g\",\"caption\":\"Ricardo Torques\"},\"sameAs\":[\"https:\/\/www.facebook.com\/ricardo.s.torques\"],\"url\":\"https:\/\/www.estrategiaconcursos.com.br\/blog\/author\/ricardotorquesestrategiaconcursos-com-br\/\"}]}<\/script>\n<!-- \/ Yoast SEO Premium plugin. -->","yoast_head_json":{"title":"Semana Especial das Carreiras Jur\u00eddicas: inicie 2020 sabendo de todas as novidades!","robots":{"index":"index","follow":"follow","max-snippet":"max-snippet:-1","max-image-preview":"max-image-preview:large","max-video-preview":"max-video-preview:-1"},"canonical":"https:\/\/www.estrategiaconcursos.com.br\/blog\/semana-especial-das-carreiras-juridicas-2020\/","og_locale":"pt_BR","og_type":"article","og_title":"Semana Especial das Carreiras Jur\u00eddicas: inicie 2020 sabendo de todas as novidades!","og_description":"Come\u00e7o de ano \u00e9 \u00e9poca de descansar e esquecer de tudo, certo? Errado! O in\u00edcio de um novo ano ano \u00e9 o momento de criar novas metas, come\u00e7ar a cumprir promessas e mentalizar novos projetos e objetivos! E o Estrat\u00e9gia Concursos estar\u00e1 com voc\u00ea desde o in\u00edcio dessa nova jornada que se inicia! Especialmente para [&hellip;]","og_url":"https:\/\/www.estrategiaconcursos.com.br\/blog\/semana-especial-das-carreiras-juridicas-2020\/","og_site_name":"Estrat\u00e9gia Concursos","article_author":"https:\/\/www.facebook.com\/ricardo.s.torques","article_published_time":"2019-01-11T03:30:00+00:00","article_modified_time":"2020-01-13T12:24:34+00:00","og_image":[{"width":800,"height":450,"url":"https:\/\/dhg1h5j42swfq.cloudfront.net\/2019\/01\/30072714\/MAIL_SEMANA_ECJ_.jpg","type":"image\/jpeg"}],"author":"Ricardo Torques","twitter_card":"summary_large_image","twitter_creator":"@EstratConcursos","twitter_site":"@EstratConcursos","twitter_misc":{"Escrito por":"Ricardo Torques","Est. tempo de leitura":"4 minutos"},"schema":{"@context":"https:\/\/schema.org","@graph":[{"@type":"NewsArticle","@id":"https:\/\/www.estrategiaconcursos.com.br\/blog\/semana-especial-das-carreiras-juridicas-2020\/#article","isPartOf":{"@id":"https:\/\/www.estrategiaconcursos.com.br\/blog\/semana-especial-das-carreiras-juridicas-2020\/"},"author":{"name":"Ricardo Torques","@id":"https:\/\/www.estrategiaconcursos.com.br\/blog\/#\/schema\/person\/aa39cf5ddb518e5bdce27c35788405e2"},"headline":"Semana Especial das Carreiras Jur\u00eddicas: inicie 2020 sabendo de todas as novidades!","datePublished":"2019-01-11T03:30:00+00:00","dateModified":"2020-01-13T12:24:34+00:00","mainEntityOfPage":{"@id":"https:\/\/www.estrategiaconcursos.com.br\/blog\/semana-especial-das-carreiras-juridicas-2020\/"},"wordCount":742,"commentCount":0,"publisher":{"@id":"https:\/\/www.estrategiaconcursos.com.br\/blog\/#organization"},"image":{"@id":"https:\/\/www.estrategiaconcursos.com.br\/blog\/semana-especial-das-carreiras-juridicas-2020\/#primaryimage"},"thumbnailUrl":"https:\/\/dhg1h5j42swfq.cloudfront.net\/2019\/01\/30072714\/MAIL_SEMANA_ECJ_.jpg","articleSection":["Concursos P\u00fablicos","Jur\u00eddico"],"inLanguage":"pt-BR","potentialAction":[{"@type":"CommentAction","name":"Comment","target":["https:\/\/www.estrategiaconcursos.com.br\/blog\/semana-especial-das-carreiras-juridicas-2020\/#respond"]}],"copyrightYear":"2019","copyrightHolder":{"@id":"https:\/\/www.estrategiaconcursos.com.br\/blog\/#organization"}},{"@type":"WebPage","@id":"https:\/\/www.estrategiaconcursos.com.br\/blog\/semana-especial-das-carreiras-juridicas-2020\/","url":"https:\/\/www.estrategiaconcursos.com.br\/blog\/semana-especial-das-carreiras-juridicas-2020\/","name":"Semana Especial das Carreiras Jur\u00eddicas: inicie 2020 sabendo de todas as novidades!","isPartOf":{"@id":"https:\/\/www.estrategiaconcursos.com.br\/blog\/#website"},"primaryImageOfPage":{"@id":"https:\/\/www.estrategiaconcursos.com.br\/blog\/semana-especial-das-carreiras-juridicas-2020\/#primaryimage"},"image":{"@id":"https:\/\/www.estrategiaconcursos.com.br\/blog\/semana-especial-das-carreiras-juridicas-2020\/#primaryimage"},"thumbnailUrl":"https:\/\/dhg1h5j42swfq.cloudfront.net\/2019\/01\/30072714\/MAIL_SEMANA_ECJ_.jpg","datePublished":"2019-01-11T03:30:00+00:00","dateModified":"2020-01-13T12:24:34+00:00","breadcrumb":{"@id":"https:\/\/www.estrategiaconcursos.com.br\/blog\/semana-especial-das-carreiras-juridicas-2020\/#breadcrumb"},"inLanguage":"pt-BR","potentialAction":[{"@type":"ReadAction","target":["https:\/\/www.estrategiaconcursos.com.br\/blog\/semana-especial-das-carreiras-juridicas-2020\/"]}]},{"@type":"ImageObject","inLanguage":"pt-BR","@id":"https:\/\/www.estrategiaconcursos.com.br\/blog\/semana-especial-das-carreiras-juridicas-2020\/#primaryimage","url":"https:\/\/dhg1h5j42swfq.cloudfront.net\/2019\/01\/30072714\/MAIL_SEMANA_ECJ_.jpg","contentUrl":"https:\/\/dhg1h5j42swfq.cloudfront.net\/2019\/01\/30072714\/MAIL_SEMANA_ECJ_.jpg","width":800,"height":450},{"@type":"BreadcrumbList","@id":"https:\/\/www.estrategiaconcursos.com.br\/blog\/semana-especial-das-carreiras-juridicas-2020\/#breadcrumb","itemListElement":[{"@type":"ListItem","position":1,"name":"In\u00edcio","item":"https:\/\/www.estrategiaconcursos.com.br\/blog\/"},{"@type":"ListItem","position":2,"name":"Semana Especial das Carreiras Jur\u00eddicas: inicie 2020 sabendo de todas as novidades!"}]},{"@type":"WebSite","@id":"https:\/\/www.estrategiaconcursos.com.br\/blog\/#website","url":"https:\/\/www.estrategiaconcursos.com.br\/blog\/","name":"Estrat\u00e9gia Concursos","description":"O blog da Estrat\u00e9gia Concursos traz not\u00edcias sobre concursos e artigos de professores oferecendo cursos para concursos (pdf + videaulas) no site.","publisher":{"@id":"https:\/\/www.estrategiaconcursos.com.br\/blog\/#organization"},"potentialAction":[{"@type":"SearchAction","target":{"@type":"EntryPoint","urlTemplate":"https:\/\/www.estrategiaconcursos.com.br\/blog\/?s={search_term_string}"},"query-input":{"@type":"PropertyValueSpecification","valueRequired":true,"valueName":"search_term_string"}}],"inLanguage":"pt-BR"},{"@type":"Organization","@id":"https:\/\/www.estrategiaconcursos.com.br\/blog\/#organization","name":"Estrat\u00e9gia Concursos","url":"https:\/\/www.estrategiaconcursos.com.br\/blog\/","logo":{"@type":"ImageObject","inLanguage":"pt-BR","@id":"https:\/\/www.estrategiaconcursos.com.br\/blog\/#\/schema\/logo\/image\/","url":"https:\/\/dhg1h5j42swfq.cloudfront.net\/2025\/06\/03203428\/logo_concursos-1.jpg","contentUrl":"https:\/\/dhg1h5j42swfq.cloudfront.net\/2025\/06\/03203428\/logo_concursos-1.jpg","width":230,"height":60,"caption":"Estrat\u00e9gia Concursos"},"image":{"@id":"https:\/\/www.estrategiaconcursos.com.br\/blog\/#\/schema\/logo\/image\/"},"sameAs":["https:\/\/x.com\/EstratConcursos"]},{"@type":"Person","@id":"https:\/\/www.estrategiaconcursos.com.br\/blog\/#\/schema\/person\/aa39cf5ddb518e5bdce27c35788405e2","name":"Ricardo Torques","image":{"@type":"ImageObject","inLanguage":"pt-BR","@id":"https:\/\/secure.gravatar.com\/avatar\/ce9ac6c3cff25fe86d15ed568ebc64d1724baf5c0693133bcb1f6073f712f92a?s=96&d=mm&r=g","url":"https:\/\/secure.gravatar.com\/avatar\/ce9ac6c3cff25fe86d15ed568ebc64d1724baf5c0693133bcb1f6073f712f92a?s=96&d=mm&r=g","contentUrl":"https:\/\/secure.gravatar.com\/avatar\/ce9ac6c3cff25fe86d15ed568ebc64d1724baf5c0693133bcb1f6073f712f92a?s=96&d=mm&r=g","caption":"Ricardo Torques"},"sameAs":["https:\/\/www.facebook.com\/ricardo.s.torques"],"url":"https:\/\/www.estrategiaconcursos.com.br\/blog\/author\/ricardotorquesestrategiaconcursos-com-br\/"}]}},"_links":{"self":[{"href":"https:\/\/www.estrategiaconcursos.com.br\/blog\/wp-json\/wp\/v2\/posts\/464315","targetHints":{"allow":["GET"]}}],"collection":[{"href":"https:\/\/www.estrategiaconcursos.com.br\/blog\/wp-json\/wp\/v2\/posts"}],"about":[{"href":"https:\/\/www.estrategiaconcursos.com.br\/blog\/wp-json\/wp\/v2\/types\/post"}],"author":[{"embeddable":true,"href":"https:\/\/www.estrategiaconcursos.com.br\/blog\/wp-json\/wp\/v2\/users\/180"}],"replies":[{"embeddable":true,"href":"https:\/\/www.estrategiaconcursos.com.br\/blog\/wp-json\/wp\/v2\/comments?post=464315"}],"version-history":[{"count":34,"href":"https:\/\/www.estrategiaconcursos.com.br\/blog\/wp-json\/wp\/v2\/posts\/464315\/revisions"}],"predecessor-version":[{"id":468287,"href":"https:\/\/www.estrategiaconcursos.com.br\/blog\/wp-json\/wp\/v2\/posts\/464315\/revisions\/468287"}],"wp:featuredmedia":[{"embeddable":true,"href":"https:\/\/www.estrategiaconcursos.com.br\/blog\/wp-json\/wp\/v2\/media\/464518"}],"wp:attachment":[{"href":"https:\/\/www.estrategiaconcursos.com.br\/blog\/wp-json\/wp\/v2\/media?parent=464315"}],"wp:term":[{"taxonomy":"category","embeddable":true,"href":"https:\/\/www.estrategiaconcursos.com.br\/blog\/wp-json\/wp\/v2\/categories?post=464315"},{"taxonomy":"post_tag","embeddable":true,"href":"https:\/\/www.estrategiaconcursos.com.br\/blog\/wp-json\/wp\/v2\/tags?post=464315"},{"taxonomy":"tax_estado","embeddable":true,"href":"https:\/\/www.estrategiaconcursos.com.br\/blog\/wp-json\/wp\/v2\/tax_estado?post=464315"}],"curies":[{"name":"wp","href":"https:\/\/api.w.org\/{rel}","templated":true}]}}