{"id":464097,"date":"2019-12-26T16:12:53","date_gmt":"2019-12-26T19:12:53","guid":{"rendered":"https:\/\/www.estrategiaconcursos.com.br\/blog\/?p=464097"},"modified":"2019-12-26T16:12:56","modified_gmt":"2019-12-26T19:12:56","slug":"ufs-publica-edital-para-selecao-de-candidatos-aos-cursos-atraves-do-sisu","status":"publish","type":"post","link":"https:\/\/www.estrategiaconcursos.com.br\/blog\/ufs-publica-edital-para-selecao-de-candidatos-aos-cursos-atraves-do-sisu\/","title":{"rendered":"UFS publica edital para sele\u00e7\u00e3o de candidatos aos cursos atrav\u00e9s do SiSU"},"content":{"rendered":"\n<p>A Universidade Federal de Sergipe (UFS) publicou nesta quinta-feira, 26 de dezembro, o edital da sele\u00e7\u00e3o dos candidatos que desejam ingressar em um dos cursos da institui\u00e7\u00e3o atrav\u00e9s do Sistema de Sele\u00e7\u00e3o Unificada (Sisu). O edital regulamenta a sele\u00e7\u00e3o para vagas em cursos de gradua\u00e7\u00e3o presenciais, com ingresso no 1\u00ba e 2\u00ba per\u00edodos letivos regulares de 2020.<\/p>\n\n\n\n<p>De acordo com a Pr\u00f3-Reitoria de Gradua\u00e7\u00e3o da UFS, a sele\u00e7\u00e3o \u00e9 feita atrav\u00e9s do SiSU, sistema que utiliza a nota do <a href=\"https:\/\/blog.estrategiavestibulares.com.br\/enem\/\" target=\"_blank\" rel=\"noreferrer noopener\" aria-label=\"Enem (abre numa nova aba)\">Enem<\/a>, o Exame Nacional do Ensino M\u00e9dio, como requisito para ingresso na institui\u00e7\u00e3o. As provas do exame foram aplicadas em dezembro deste ano.<\/p>\n\n\n\n<p>Ainda conforma UFS, todos os candidatos dever\u00e3o apresentar e entregar na pr\u00e9-matr\u00edcula documentos originais ou c\u00f3pias autenticadas em cart\u00f3rio [leg\u00edveis, inclusive os carimbos, em papel tamanho A4 e sem rasuras], c\u00f3pias da certifica\u00e7\u00e3o ou do hist\u00f3rico de conclus\u00e3o de ensino m\u00e9dio, ou de curso equivalente.<\/p>\n\n\n\n<p>A rela\u00e7\u00e3o de outros documentos necess\u00e1rios est\u00e3o no\u00a0<a rel=\"noreferrer noopener\" href=\"http:\/\/www.ufs.br\/uploads\/content_attach\/path\/29536\/EDITAL_53-2019_-_ADES_O_DA_UFS_AO_SISU_2020-1.pdf\" target=\"_blank\">edital<\/a>.<\/p>\n\n\n\n<p class=\"has-background has-text-align-center has-medium-font-size has-light-green-cyan-background-color\"><strong><a href=\"https:\/\/estrategiavestibulares.com.br\/vestibulares\/enem\/\" target=\"_blank\" rel=\"noreferrer noopener\" aria-label=\"CURSOS PARA ENEM (abre numa nova aba)\">CURSOS PARA ENEM<\/a><\/strong><\/p>\n\n\n\n<figure class=\"wp-block-image\"><a href=\"https:\/\/www.estrategiavestibulares.com.br\/cursos\/gratis\/\" target=\"_blank\" rel=\"noreferrer noopener\"><img decoding=\"async\" src=\"https:\/\/datlc2zk2genn.cloudfront.net\/media\/20190904135006579772.png\" alt=\"\"\/><\/a><\/figure>\n\n\n\n<figure class=\"wp-block-image size-full\"><a href=\"https:\/\/estrategiavestibulares.com.br\/\" target=\"_blank\" rel=\"noreferrer noopener\"><img loading=\"lazy\" decoding=\"async\" width=\"1280\" height=\"320\" src=\"https:\/\/dhg1h5j42swfq.cloudfront.net\/2019\/09\/09101410\/banner-estrategia-vestibulares.jpg\" alt=\"estrategia vestibulares\" class=\"wp-image-417816\" srcset=\"https:\/\/dhg1h5j42swfq.cloudfront.net\/2019\/09\/09101410\/banner-estrategia-vestibulares.jpg 1280w, https:\/\/dhg1h5j42swfq.cloudfront.net\/2019\/09\/09101410\/banner-estrategia-vestibulares.jpg 300w, https:\/\/dhg1h5j42swfq.cloudfront.net\/2019\/09\/09101410\/banner-estrategia-vestibulares.jpg 768w, https:\/\/dhg1h5j42swfq.cloudfront.net\/2019\/09\/09101410\/banner-estrategia-vestibulares.jpg 1024w, https:\/\/dhg1h5j42swfq.cloudfront.net\/2019\/09\/09101410\/banner-estrategia-vestibulares.jpg 610w\" sizes=\"auto, (max-width: 1280px) 100vw, 1280px\" \/><\/a><\/figure>\n","protected":false},"excerpt":{"rendered":"<p>A Universidade Federal de Sergipe (UFS) publicou nesta quinta-feira, 26 de dezembro, o edital da sele\u00e7\u00e3o dos candidatos que desejam ingressar em um dos cursos da institui\u00e7\u00e3o atrav\u00e9s do Sistema de Sele\u00e7\u00e3o Unificada (Sisu). O edital regulamenta a sele\u00e7\u00e3o para vagas em cursos de gradua\u00e7\u00e3o presenciais, com ingresso no 1\u00ba e 2\u00ba per\u00edodos letivos regulares [&hellip;]<\/p>\n","protected":false},"author":1,"featured_media":464103,"comment_status":"open","ping_status":"closed","sticky":false,"template":"","format":"standard","meta":{"post_tipo":"news","footnotes":""},"categories":[1],"tags":[],"tax_estado":[],"class_list":["post-464097","post","type-post","status-publish","format-standard","has-post-thumbnail","hentry","category-cursos-e-concursos"],"acf":[],"yoast_head":"<!-- This site is optimized with the Yoast SEO Premium plugin v27.2 (Yoast SEO v27.2) - https:\/\/yoast.com\/product\/yoast-seo-premium-wordpress\/ -->\n<title>UFS publica edital para sele\u00e7\u00e3o de candidatos aos cursos atrav\u00e9s do SiSU<\/title>\n<meta name=\"robots\" content=\"index, follow, max-snippet:-1, max-image-preview:large, max-video-preview:-1\" \/>\n<link rel=\"canonical\" href=\"https:\/\/www.estrategiaconcursos.com.br\/blog\/ufs-publica-edital-para-selecao-de-candidatos-aos-cursos-atraves-do-sisu\/\" \/>\n<meta property=\"og:locale\" content=\"pt_BR\" \/>\n<meta property=\"og:type\" content=\"article\" \/>\n<meta property=\"og:title\" content=\"UFS publica edital para sele\u00e7\u00e3o de candidatos aos cursos atrav\u00e9s do SiSU\" \/>\n<meta property=\"og:description\" content=\"A Universidade Federal de Sergipe (UFS) publicou nesta quinta-feira, 26 de dezembro, o edital da sele\u00e7\u00e3o dos candidatos que desejam ingressar em um dos cursos da institui\u00e7\u00e3o atrav\u00e9s do Sistema de Sele\u00e7\u00e3o Unificada (Sisu). O edital regulamenta a sele\u00e7\u00e3o para vagas em cursos de gradua\u00e7\u00e3o presenciais, com ingresso no 1\u00ba e 2\u00ba per\u00edodos letivos regulares [&hellip;]\" \/>\n<meta property=\"og:url\" content=\"https:\/\/www.estrategiaconcursos.com.br\/blog\/ufs-publica-edital-para-selecao-de-candidatos-aos-cursos-atraves-do-sisu\/\" \/>\n<meta property=\"og:site_name\" content=\"Estrat\u00e9gia Concursos\" \/>\n<meta property=\"article:author\" content=\"https:\/\/www.facebook.com\/EstrategiaConcursos\" \/>\n<meta property=\"article:published_time\" content=\"2019-12-26T19:12:53+00:00\" \/>\n<meta property=\"article:modified_time\" content=\"2019-12-26T19:12:56+00:00\" \/>\n<meta property=\"og:image\" content=\"https:\/\/dhg1h5j42swfq.cloudfront.net\/2019\/12\/26161111\/vestibular-ufs.png\" \/>\n\t<meta property=\"og:image:width\" content=\"500\" \/>\n\t<meta property=\"og:image:height\" content=\"334\" \/>\n\t<meta property=\"og:image:type\" content=\"image\/png\" \/>\n<meta name=\"author\" content=\"Coordena\u00e7\u00e3o\" \/>\n<meta name=\"twitter:card\" content=\"summary_large_image\" \/>\n<meta name=\"twitter:creator\" content=\"@EstratConcursos\" \/>\n<meta name=\"twitter:site\" content=\"@EstratConcursos\" \/>\n<meta name=\"twitter:label1\" content=\"Escrito por\" \/>\n\t<meta name=\"twitter:data1\" content=\"Coordena\u00e7\u00e3o\" \/>\n\t<meta name=\"twitter:label2\" content=\"Est. tempo de leitura\" \/>\n\t<meta name=\"twitter:data2\" content=\"1 minuto\" \/>\n<script type=\"application\/ld+json\" class=\"yoast-schema-graph\">{\"@context\":\"https:\/\/schema.org\",\"@graph\":[{\"@type\":\"NewsArticle\",\"@id\":\"https:\/\/www.estrategiaconcursos.com.br\/blog\/ufs-publica-edital-para-selecao-de-candidatos-aos-cursos-atraves-do-sisu\/#article\",\"isPartOf\":{\"@id\":\"https:\/\/www.estrategiaconcursos.com.br\/blog\/ufs-publica-edital-para-selecao-de-candidatos-aos-cursos-atraves-do-sisu\/\"},\"author\":{\"name\":\"Coordena\u00e7\u00e3o\",\"@id\":\"https:\/\/www.estrategiaconcursos.com.br\/blog\/#\/schema\/person\/b4a388c97673c5f483d72185668afa1f\"},\"headline\":\"UFS publica edital para sele\u00e7\u00e3o de candidatos aos cursos atrav\u00e9s do SiSU\",\"datePublished\":\"2019-12-26T19:12:53+00:00\",\"dateModified\":\"2019-12-26T19:12:56+00:00\",\"mainEntityOfPage\":{\"@id\":\"https:\/\/www.estrategiaconcursos.com.br\/blog\/ufs-publica-edital-para-selecao-de-candidatos-aos-cursos-atraves-do-sisu\/\"},\"wordCount\":195,\"commentCount\":0,\"publisher\":{\"@id\":\"https:\/\/www.estrategiaconcursos.com.br\/blog\/#organization\"},\"image\":{\"@id\":\"https:\/\/www.estrategiaconcursos.com.br\/blog\/ufs-publica-edital-para-selecao-de-candidatos-aos-cursos-atraves-do-sisu\/#primaryimage\"},\"thumbnailUrl\":\"https:\/\/dhg1h5j42swfq.cloudfront.net\/2019\/12\/26161111\/vestibular-ufs.png\",\"articleSection\":[\"Concursos P\u00fablicos\"],\"inLanguage\":\"pt-BR\",\"potentialAction\":[{\"@type\":\"CommentAction\",\"name\":\"Comment\",\"target\":[\"https:\/\/www.estrategiaconcursos.com.br\/blog\/ufs-publica-edital-para-selecao-de-candidatos-aos-cursos-atraves-do-sisu\/#respond\"]}],\"copyrightYear\":\"2019\",\"copyrightHolder\":{\"@id\":\"https:\/\/www.estrategiaconcursos.com.br\/blog\/#organization\"}},{\"@type\":\"WebPage\",\"@id\":\"https:\/\/www.estrategiaconcursos.com.br\/blog\/ufs-publica-edital-para-selecao-de-candidatos-aos-cursos-atraves-do-sisu\/\",\"url\":\"https:\/\/www.estrategiaconcursos.com.br\/blog\/ufs-publica-edital-para-selecao-de-candidatos-aos-cursos-atraves-do-sisu\/\",\"name\":\"UFS publica edital para sele\u00e7\u00e3o de candidatos aos cursos atrav\u00e9s do SiSU\",\"isPartOf\":{\"@id\":\"https:\/\/www.estrategiaconcursos.com.br\/blog\/#website\"},\"primaryImageOfPage\":{\"@id\":\"https:\/\/www.estrategiaconcursos.com.br\/blog\/ufs-publica-edital-para-selecao-de-candidatos-aos-cursos-atraves-do-sisu\/#primaryimage\"},\"image\":{\"@id\":\"https:\/\/www.estrategiaconcursos.com.br\/blog\/ufs-publica-edital-para-selecao-de-candidatos-aos-cursos-atraves-do-sisu\/#primaryimage\"},\"thumbnailUrl\":\"https:\/\/dhg1h5j42swfq.cloudfront.net\/2019\/12\/26161111\/vestibular-ufs.png\",\"datePublished\":\"2019-12-26T19:12:53+00:00\",\"dateModified\":\"2019-12-26T19:12:56+00:00\",\"breadcrumb\":{\"@id\":\"https:\/\/www.estrategiaconcursos.com.br\/blog\/ufs-publica-edital-para-selecao-de-candidatos-aos-cursos-atraves-do-sisu\/#breadcrumb\"},\"inLanguage\":\"pt-BR\",\"potentialAction\":[{\"@type\":\"ReadAction\",\"target\":[\"https:\/\/www.estrategiaconcursos.com.br\/blog\/ufs-publica-edital-para-selecao-de-candidatos-aos-cursos-atraves-do-sisu\/\"]}]},{\"@type\":\"ImageObject\",\"inLanguage\":\"pt-BR\",\"@id\":\"https:\/\/www.estrategiaconcursos.com.br\/blog\/ufs-publica-edital-para-selecao-de-candidatos-aos-cursos-atraves-do-sisu\/#primaryimage\",\"url\":\"https:\/\/dhg1h5j42swfq.cloudfront.net\/2019\/12\/26161111\/vestibular-ufs.png\",\"contentUrl\":\"https:\/\/dhg1h5j42swfq.cloudfront.net\/2019\/12\/26161111\/vestibular-ufs.png\",\"width\":500,\"height\":334,\"caption\":\"vestibular ufs\"},{\"@type\":\"BreadcrumbList\",\"@id\":\"https:\/\/www.estrategiaconcursos.com.br\/blog\/ufs-publica-edital-para-selecao-de-candidatos-aos-cursos-atraves-do-sisu\/#breadcrumb\",\"itemListElement\":[{\"@type\":\"ListItem\",\"position\":1,\"name\":\"In\u00edcio\",\"item\":\"https:\/\/www.estrategiaconcursos.com.br\/blog\/\"},{\"@type\":\"ListItem\",\"position\":2,\"name\":\"UFS publica edital para sele\u00e7\u00e3o de candidatos aos cursos atrav\u00e9s do SiSU\"}]},{\"@type\":\"WebSite\",\"@id\":\"https:\/\/www.estrategiaconcursos.com.br\/blog\/#website\",\"url\":\"https:\/\/www.estrategiaconcursos.com.br\/blog\/\",\"name\":\"Estrat\u00e9gia Concursos\",\"description\":\"O blog da Estrat\u00e9gia Concursos traz not\u00edcias sobre concursos e artigos de professores oferecendo cursos para concursos (pdf + videaulas) no site.\",\"publisher\":{\"@id\":\"https:\/\/www.estrategiaconcursos.com.br\/blog\/#organization\"},\"potentialAction\":[{\"@type\":\"SearchAction\",\"target\":{\"@type\":\"EntryPoint\",\"urlTemplate\":\"https:\/\/www.estrategiaconcursos.com.br\/blog\/?s={search_term_string}\"},\"query-input\":{\"@type\":\"PropertyValueSpecification\",\"valueRequired\":true,\"valueName\":\"search_term_string\"}}],\"inLanguage\":\"pt-BR\"},{\"@type\":\"Organization\",\"@id\":\"https:\/\/www.estrategiaconcursos.com.br\/blog\/#organization\",\"name\":\"Estrat\u00e9gia Concursos\",\"url\":\"https:\/\/www.estrategiaconcursos.com.br\/blog\/\",\"logo\":{\"@type\":\"ImageObject\",\"inLanguage\":\"pt-BR\",\"@id\":\"https:\/\/www.estrategiaconcursos.com.br\/blog\/#\/schema\/logo\/image\/\",\"url\":\"https:\/\/dhg1h5j42swfq.cloudfront.net\/2025\/06\/03203428\/logo_concursos-1.jpg\",\"contentUrl\":\"https:\/\/dhg1h5j42swfq.cloudfront.net\/2025\/06\/03203428\/logo_concursos-1.jpg\",\"width\":230,\"height\":60,\"caption\":\"Estrat\u00e9gia Concursos\"},\"image\":{\"@id\":\"https:\/\/www.estrategiaconcursos.com.br\/blog\/#\/schema\/logo\/image\/\"},\"sameAs\":[\"https:\/\/x.com\/EstratConcursos\"]},{\"@type\":\"Person\",\"@id\":\"https:\/\/www.estrategiaconcursos.com.br\/blog\/#\/schema\/person\/b4a388c97673c5f483d72185668afa1f\",\"name\":\"Coordena\u00e7\u00e3o\",\"image\":{\"@type\":\"ImageObject\",\"inLanguage\":\"pt-BR\",\"@id\":\"https:\/\/secure.gravatar.com\/avatar\/b720319e4c9a967eb58678d110f4fe35452fc5d5f97b202bac7b8acceb18c6ad?s=96&d=mm&r=g\",\"url\":\"https:\/\/secure.gravatar.com\/avatar\/b720319e4c9a967eb58678d110f4fe35452fc5d5f97b202bac7b8acceb18c6ad?s=96&d=mm&r=g\",\"contentUrl\":\"https:\/\/secure.gravatar.com\/avatar\/b720319e4c9a967eb58678d110f4fe35452fc5d5f97b202bac7b8acceb18c6ad?s=96&d=mm&r=g\",\"caption\":\"Coordena\u00e7\u00e3o\"},\"sameAs\":[\"https:\/\/www.facebook.com\/EstrategiaConcursos\",\"https:\/\/x.com\/EstratConcursos\"],\"url\":\"https:\/\/www.estrategiaconcursos.com.br\/blog\/author\/estrategia2013\/\"}]}<\/script>\n<!-- \/ Yoast SEO Premium plugin. -->","yoast_head_json":{"title":"UFS publica edital para sele\u00e7\u00e3o de candidatos aos cursos atrav\u00e9s do SiSU","robots":{"index":"index","follow":"follow","max-snippet":"max-snippet:-1","max-image-preview":"max-image-preview:large","max-video-preview":"max-video-preview:-1"},"canonical":"https:\/\/www.estrategiaconcursos.com.br\/blog\/ufs-publica-edital-para-selecao-de-candidatos-aos-cursos-atraves-do-sisu\/","og_locale":"pt_BR","og_type":"article","og_title":"UFS publica edital para sele\u00e7\u00e3o de candidatos aos cursos atrav\u00e9s do SiSU","og_description":"A Universidade Federal de Sergipe (UFS) publicou nesta quinta-feira, 26 de dezembro, o edital da sele\u00e7\u00e3o dos candidatos que desejam ingressar em um dos cursos da institui\u00e7\u00e3o atrav\u00e9s do Sistema de Sele\u00e7\u00e3o Unificada (Sisu). O edital regulamenta a sele\u00e7\u00e3o para vagas em cursos de gradua\u00e7\u00e3o presenciais, com ingresso no 1\u00ba e 2\u00ba per\u00edodos letivos regulares [&hellip;]","og_url":"https:\/\/www.estrategiaconcursos.com.br\/blog\/ufs-publica-edital-para-selecao-de-candidatos-aos-cursos-atraves-do-sisu\/","og_site_name":"Estrat\u00e9gia Concursos","article_author":"https:\/\/www.facebook.com\/EstrategiaConcursos","article_published_time":"2019-12-26T19:12:53+00:00","article_modified_time":"2019-12-26T19:12:56+00:00","og_image":[{"width":500,"height":334,"url":"https:\/\/dhg1h5j42swfq.cloudfront.net\/2019\/12\/26161111\/vestibular-ufs.png","type":"image\/png"}],"author":"Coordena\u00e7\u00e3o","twitter_card":"summary_large_image","twitter_creator":"@EstratConcursos","twitter_site":"@EstratConcursos","twitter_misc":{"Escrito por":"Coordena\u00e7\u00e3o","Est. tempo de leitura":"1 minuto"},"schema":{"@context":"https:\/\/schema.org","@graph":[{"@type":"NewsArticle","@id":"https:\/\/www.estrategiaconcursos.com.br\/blog\/ufs-publica-edital-para-selecao-de-candidatos-aos-cursos-atraves-do-sisu\/#article","isPartOf":{"@id":"https:\/\/www.estrategiaconcursos.com.br\/blog\/ufs-publica-edital-para-selecao-de-candidatos-aos-cursos-atraves-do-sisu\/"},"author":{"name":"Coordena\u00e7\u00e3o","@id":"https:\/\/www.estrategiaconcursos.com.br\/blog\/#\/schema\/person\/b4a388c97673c5f483d72185668afa1f"},"headline":"UFS publica edital para sele\u00e7\u00e3o de candidatos aos cursos atrav\u00e9s do SiSU","datePublished":"2019-12-26T19:12:53+00:00","dateModified":"2019-12-26T19:12:56+00:00","mainEntityOfPage":{"@id":"https:\/\/www.estrategiaconcursos.com.br\/blog\/ufs-publica-edital-para-selecao-de-candidatos-aos-cursos-atraves-do-sisu\/"},"wordCount":195,"commentCount":0,"publisher":{"@id":"https:\/\/www.estrategiaconcursos.com.br\/blog\/#organization"},"image":{"@id":"https:\/\/www.estrategiaconcursos.com.br\/blog\/ufs-publica-edital-para-selecao-de-candidatos-aos-cursos-atraves-do-sisu\/#primaryimage"},"thumbnailUrl":"https:\/\/dhg1h5j42swfq.cloudfront.net\/2019\/12\/26161111\/vestibular-ufs.png","articleSection":["Concursos P\u00fablicos"],"inLanguage":"pt-BR","potentialAction":[{"@type":"CommentAction","name":"Comment","target":["https:\/\/www.estrategiaconcursos.com.br\/blog\/ufs-publica-edital-para-selecao-de-candidatos-aos-cursos-atraves-do-sisu\/#respond"]}],"copyrightYear":"2019","copyrightHolder":{"@id":"https:\/\/www.estrategiaconcursos.com.br\/blog\/#organization"}},{"@type":"WebPage","@id":"https:\/\/www.estrategiaconcursos.com.br\/blog\/ufs-publica-edital-para-selecao-de-candidatos-aos-cursos-atraves-do-sisu\/","url":"https:\/\/www.estrategiaconcursos.com.br\/blog\/ufs-publica-edital-para-selecao-de-candidatos-aos-cursos-atraves-do-sisu\/","name":"UFS publica edital para sele\u00e7\u00e3o de candidatos aos cursos atrav\u00e9s do SiSU","isPartOf":{"@id":"https:\/\/www.estrategiaconcursos.com.br\/blog\/#website"},"primaryImageOfPage":{"@id":"https:\/\/www.estrategiaconcursos.com.br\/blog\/ufs-publica-edital-para-selecao-de-candidatos-aos-cursos-atraves-do-sisu\/#primaryimage"},"image":{"@id":"https:\/\/www.estrategiaconcursos.com.br\/blog\/ufs-publica-edital-para-selecao-de-candidatos-aos-cursos-atraves-do-sisu\/#primaryimage"},"thumbnailUrl":"https:\/\/dhg1h5j42swfq.cloudfront.net\/2019\/12\/26161111\/vestibular-ufs.png","datePublished":"2019-12-26T19:12:53+00:00","dateModified":"2019-12-26T19:12:56+00:00","breadcrumb":{"@id":"https:\/\/www.estrategiaconcursos.com.br\/blog\/ufs-publica-edital-para-selecao-de-candidatos-aos-cursos-atraves-do-sisu\/#breadcrumb"},"inLanguage":"pt-BR","potentialAction":[{"@type":"ReadAction","target":["https:\/\/www.estrategiaconcursos.com.br\/blog\/ufs-publica-edital-para-selecao-de-candidatos-aos-cursos-atraves-do-sisu\/"]}]},{"@type":"ImageObject","inLanguage":"pt-BR","@id":"https:\/\/www.estrategiaconcursos.com.br\/blog\/ufs-publica-edital-para-selecao-de-candidatos-aos-cursos-atraves-do-sisu\/#primaryimage","url":"https:\/\/dhg1h5j42swfq.cloudfront.net\/2019\/12\/26161111\/vestibular-ufs.png","contentUrl":"https:\/\/dhg1h5j42swfq.cloudfront.net\/2019\/12\/26161111\/vestibular-ufs.png","width":500,"height":334,"caption":"vestibular ufs"},{"@type":"BreadcrumbList","@id":"https:\/\/www.estrategiaconcursos.com.br\/blog\/ufs-publica-edital-para-selecao-de-candidatos-aos-cursos-atraves-do-sisu\/#breadcrumb","itemListElement":[{"@type":"ListItem","position":1,"name":"In\u00edcio","item":"https:\/\/www.estrategiaconcursos.com.br\/blog\/"},{"@type":"ListItem","position":2,"name":"UFS publica edital para sele\u00e7\u00e3o de candidatos aos cursos atrav\u00e9s do SiSU"}]},{"@type":"WebSite","@id":"https:\/\/www.estrategiaconcursos.com.br\/blog\/#website","url":"https:\/\/www.estrategiaconcursos.com.br\/blog\/","name":"Estrat\u00e9gia Concursos","description":"O blog da Estrat\u00e9gia Concursos traz not\u00edcias sobre concursos e artigos de professores oferecendo cursos para concursos (pdf + videaulas) no site.","publisher":{"@id":"https:\/\/www.estrategiaconcursos.com.br\/blog\/#organization"},"potentialAction":[{"@type":"SearchAction","target":{"@type":"EntryPoint","urlTemplate":"https:\/\/www.estrategiaconcursos.com.br\/blog\/?s={search_term_string}"},"query-input":{"@type":"PropertyValueSpecification","valueRequired":true,"valueName":"search_term_string"}}],"inLanguage":"pt-BR"},{"@type":"Organization","@id":"https:\/\/www.estrategiaconcursos.com.br\/blog\/#organization","name":"Estrat\u00e9gia Concursos","url":"https:\/\/www.estrategiaconcursos.com.br\/blog\/","logo":{"@type":"ImageObject","inLanguage":"pt-BR","@id":"https:\/\/www.estrategiaconcursos.com.br\/blog\/#\/schema\/logo\/image\/","url":"https:\/\/dhg1h5j42swfq.cloudfront.net\/2025\/06\/03203428\/logo_concursos-1.jpg","contentUrl":"https:\/\/dhg1h5j42swfq.cloudfront.net\/2025\/06\/03203428\/logo_concursos-1.jpg","width":230,"height":60,"caption":"Estrat\u00e9gia Concursos"},"image":{"@id":"https:\/\/www.estrategiaconcursos.com.br\/blog\/#\/schema\/logo\/image\/"},"sameAs":["https:\/\/x.com\/EstratConcursos"]},{"@type":"Person","@id":"https:\/\/www.estrategiaconcursos.com.br\/blog\/#\/schema\/person\/b4a388c97673c5f483d72185668afa1f","name":"Coordena\u00e7\u00e3o","image":{"@type":"ImageObject","inLanguage":"pt-BR","@id":"https:\/\/secure.gravatar.com\/avatar\/b720319e4c9a967eb58678d110f4fe35452fc5d5f97b202bac7b8acceb18c6ad?s=96&d=mm&r=g","url":"https:\/\/secure.gravatar.com\/avatar\/b720319e4c9a967eb58678d110f4fe35452fc5d5f97b202bac7b8acceb18c6ad?s=96&d=mm&r=g","contentUrl":"https:\/\/secure.gravatar.com\/avatar\/b720319e4c9a967eb58678d110f4fe35452fc5d5f97b202bac7b8acceb18c6ad?s=96&d=mm&r=g","caption":"Coordena\u00e7\u00e3o"},"sameAs":["https:\/\/www.facebook.com\/EstrategiaConcursos","https:\/\/x.com\/EstratConcursos"],"url":"https:\/\/www.estrategiaconcursos.com.br\/blog\/author\/estrategia2013\/"}]}},"_links":{"self":[{"href":"https:\/\/www.estrategiaconcursos.com.br\/blog\/wp-json\/wp\/v2\/posts\/464097","targetHints":{"allow":["GET"]}}],"collection":[{"href":"https:\/\/www.estrategiaconcursos.com.br\/blog\/wp-json\/wp\/v2\/posts"}],"about":[{"href":"https:\/\/www.estrategiaconcursos.com.br\/blog\/wp-json\/wp\/v2\/types\/post"}],"author":[{"embeddable":true,"href":"https:\/\/www.estrategiaconcursos.com.br\/blog\/wp-json\/wp\/v2\/users\/1"}],"replies":[{"embeddable":true,"href":"https:\/\/www.estrategiaconcursos.com.br\/blog\/wp-json\/wp\/v2\/comments?post=464097"}],"version-history":[{"count":6,"href":"https:\/\/www.estrategiaconcursos.com.br\/blog\/wp-json\/wp\/v2\/posts\/464097\/revisions"}],"predecessor-version":[{"id":464105,"href":"https:\/\/www.estrategiaconcursos.com.br\/blog\/wp-json\/wp\/v2\/posts\/464097\/revisions\/464105"}],"wp:featuredmedia":[{"embeddable":true,"href":"https:\/\/www.estrategiaconcursos.com.br\/blog\/wp-json\/wp\/v2\/media\/464103"}],"wp:attachment":[{"href":"https:\/\/www.estrategiaconcursos.com.br\/blog\/wp-json\/wp\/v2\/media?parent=464097"}],"wp:term":[{"taxonomy":"category","embeddable":true,"href":"https:\/\/www.estrategiaconcursos.com.br\/blog\/wp-json\/wp\/v2\/categories?post=464097"},{"taxonomy":"post_tag","embeddable":true,"href":"https:\/\/www.estrategiaconcursos.com.br\/blog\/wp-json\/wp\/v2\/tags?post=464097"},{"taxonomy":"tax_estado","embeddable":true,"href":"https:\/\/www.estrategiaconcursos.com.br\/blog\/wp-json\/wp\/v2\/tax_estado?post=464097"}],"curies":[{"name":"wp","href":"https:\/\/api.w.org\/{rel}","templated":true}]}}