{"id":463740,"date":"2019-12-23T16:41:49","date_gmt":"2019-12-23T19:41:49","guid":{"rendered":"https:\/\/www.estrategiaconcursos.com.br\/blog\/?p=463740"},"modified":"2023-06-12T15:44:47","modified_gmt":"2023-06-12T18:44:47","slug":"bolsonaro-assina-decreto","status":"publish","type":"post","link":"https:\/\/www.estrategiaconcursos.com.br\/blog\/bolsonaro-assina-decreto\/","title":{"rendered":"Bolsonaro assina Decreto que extingue mais de 14 mil cargos efetivos"},"content":{"rendered":"\n<p>Foi assinado na \u00faltima sexta-feira, 23 de dezembro, pelo presidente Jair Bolsonaro, o decreto N\u00ba 10.185. <\/p>\n\n\n\n<p>De acordo com o documento, foram extinguidos cargos efetivos do Poder Executivo e veda a abertura de concurso p\u00fablico e o provimento de vagas adicionais para algumas carreiras espec\u00edficas.<\/p>\n\n\n\n<p>Vale ressaltar que ao todo a portaria prev\u00ea a extin\u00e7\u00e3o de 27.611 cargos efetivos, a partir de fevereiro. At\u00e9 o momento, 13.384 postos est\u00e3o ocupados. Sendo assim 14.227 cargos vagos j\u00e1 podem ser extintos na data prevista <\/p>\n\n\n\n<p>Confira abaixo os cargos que ser\u00e3o extintos: <\/p>\n\n\n\n<figure class=\"wp-block-table is-style-stripes\"><table class=\"has-background has-fixed-layout\" style=\"background-color:#e9fbe5\"><tbody><tr><td class=\"has-text-align-center\" data-align=\"center\"><strong>\u00d3RG\u00c3OS<\/strong><\/td><td class=\"has-text-align-center\" data-align=\"center\"><strong>CARGOS<\/strong><\/td><\/tr><tr><td class=\"has-text-align-center\" data-align=\"center\">Advocacia Geral da Uni\u00e3o <\/td><td class=\"has-text-align-center\" data-align=\"center\">T\u00e9cnico em Contabilidade, T\u00e9cnico em Secretariado Administrador, Bibliotec\u00e1rio-Documentalista, Publicit\u00e1rio, T\u00e9cnico em Assuntos Educacionais e Engenheiro Agr\u00f4nomo  <\/td><\/tr><tr><td class=\"has-text-align-center\" data-align=\"center\">Comando da Marinha<\/td><td class=\"has-text-align-center\" data-align=\"center\">T\u00e9cnico Federal de Finan\u00e7as e Controle<\/td><\/tr><tr><td class=\"has-text-align-center\" data-align=\"center\">Funda\u00e7\u00e3o Oswaldo Cruz <br \/>(Fiocruz)<\/td><td class=\"has-text-align-center\" data-align=\"center\">Auxiliar T\u00e9cnico, Fot\u00f3grafo, Administrador, Arquiteto, Enfermeiro, Odont\u00f3logo e Psic\u00f3logo<\/td><\/tr><tr><td class=\"has-text-align-center\" data-align=\"center\">Funda\u00e7\u00e3o Nacional de Sa\u00fade<br \/>(Funasa)<\/td><td class=\"has-text-align-center\" data-align=\"center\">Administrador, Assistente Social, Arquiteto, Economista, Enfermeiro, Farmac\u00eautico, Farmac\u00eautico Bioqu\u00edmico, Nutricionista, Odont\u00f3logo, Psic\u00f3logo e Terapeuta Ocupacional <\/td><\/tr><tr><td class=\"has-text-align-center\" data-align=\"center\">Instituto Brasileiro do Meio Ambiente<br \/>(IBAMA)<\/td><td class=\"has-text-align-center\" data-align=\"center\">Auxiliar de Manuten\u00e7\u00e3o, Agente de Atividade Agropecu\u00e1ria, Agente e Defesa Florestal, Agente de Inspe\u00e7\u00e3o de Pesca, Agente de Portaria, Agente de Vigil\u00e2ncia, Analista de Sistemas, Art\u00edfice de Eletricidade e Comunica\u00e7\u00f5es, Auxiliar de Opera\u00e7\u00f5es de Servi\u00e7os Diversos, Datil\u00f3grafo, Desenhista, Motorista, Operador de Computa\u00e7\u00e3o, Perfurador Digitador, Programador, T\u00e9cnico Assuntos Culturais, T\u00e9cnico Cartografia, Telefonista e Tradutor Int\u00e9rprete <\/td><\/tr><tr><td class=\"has-text-align-center\" data-align=\"center\">Instituto de Pesquisa<br \/>Econ\u00f4mica Aplicada <br \/>(IPEA)<\/td><td class=\"has-text-align-center\" data-align=\"center\">Analista de Sistemas, Auxiliar T\u00e9cnico e Assessor Especializado<\/td><\/tr><tr><td class=\"has-text-align-center\" data-align=\"center\">Instituto Brasileiro de Museus<br \/>(IBRAM)<\/td><td class=\"has-text-align-center\" data-align=\"center\">Auxiliar Institucional I<\/td><\/tr><tr><td class=\"has-text-align-center\" data-align=\"center\">Minist\u00e9rio da Agricultura,Pecu\u00e1ria e abastecimento (MAPA)<\/td><td class=\"has-text-align-center\" data-align=\"center\">Auxiliar de Laborat\u00f3rio e Agente de inspe\u00e7\u00e3o sanit\u00e1ria de produtos de origem animal<\/td><\/tr><tr><td class=\"has-text-align-center\" data-align=\"center\">Minist\u00e9rio da Cidadania<\/td><td class=\"has-text-align-center\" data-align=\"center\">Assistente Social e Psic\u00f3logo <\/td><\/tr><tr><td class=\"has-text-align-center\" data-align=\"center\">Minist\u00e9rio da Sa\u00fade<\/td><td class=\"has-text-align-center\" data-align=\"center\">Arquivista, Auxiliar de Higiene Dental, Assistente Social, Enfermeiro, Farmac\u00eautico, Fisioterapeuta, Fonoaudi\u00f3logo, Nutricionista, Odont\u00f3logo, Psic\u00f3logo, T\u00e9cnicos em Assuntos Educacionais, T\u00e9cnico de Laborat\u00f3rio, T\u00e9cnico em Radiologia, T\u00e9cnico Federal de Finan\u00e7as e Controle e Terapeuta Ocupacional<\/td><\/tr><tr><td class=\"has-text-align-center\" data-align=\"center\">Minist\u00e9rio da Infraestrutura<\/td><td class=\"has-text-align-center\" data-align=\"center\">T\u00e9cnico Federal de Finan\u00e7as e Controle<\/td><\/tr><tr><td class=\"has-text-align-center\" data-align=\"center\">Pol\u00edcia Rodovi\u00e1ria Federal (PRF) <\/td><td class=\"has-text-align-center\" data-align=\"center\">Agente de Telecomunica\u00e7\u00f5es e Eletricidade, Art\u00edfice de Eletricidade e Comunica\u00e7\u00f5es, Datil\u00f3grafo, Operador de Computa\u00e7\u00e3o e Desenhista <\/td><\/tr><tr><td class=\"has-text-align-center\" data-align=\"center\">Pol\u00edcia Federal (PF)<\/td><td class=\"has-text-align-center\" data-align=\"center\">Analista de Sistemas<\/td><\/tr><\/tbody><\/table><\/figure>\n\n\n\n<p>Confira no link abaixo a\u00edntegra do decreto:<\/p>\n\n\n\n<p class=\"has-text-align-center\" style=\"font-size:clamp(16.293px, 1.018rem + ((1vw - 3.2px) * 0.854), 25px);px\"><a href=\"http:\/\/www.planalto.gov.br\/ccivil_03\/_ato2019-2022\/2019\/decreto\/D10185.htm\">Decreto N\u00ba 10.185<\/a><\/p>\n\n\n\n<p><em>Prepare-se com o melhor material e com quem mais aprova em Concursos P\u00fablicos em todo o pa\u00eds. Assine agora a nossa Assinatura Anual e tenha acesso ilimitado* a todos os nossos cursos.<\/em><\/p>\n\n\n\n<p class=\"has-text-align-center\"><em><strong>Assinatura Anual Ilimitada*<\/strong><\/em><\/p>\n\n\n\n<p class=\"has-text-align-center has-light-green-cyan-background-color has-background\" style=\"font-size:clamp(15.197px, 0.95rem + ((1vw - 3.2px) * 0.765), 23px);px\"><strong>ASSINE AGORA<\/strong>&nbsp;\u2013&nbsp;<strong><a href=\"https:\/\/www.estrategiaconcursos.com.br\/assinaturas\" target=\"_blank\" rel=\"noreferrer noopener\">Assinatura Ilimitada<\/a><\/strong><\/p>\n\n\n\n<p class=\"has-text-align-center has-pale-cyan-blue-background-color has-background\" style=\"font-size:clamp(15.197px, 0.95rem + ((1vw - 3.2px) * 0.765), 23px);px\"><a href=\"https:\/\/www.estrategiaconcursos.com.br\/cursos\/concurso\/\" target=\"_blank\" rel=\"noreferrer noopener\"><strong>CURSOS PARA CONCURSOS<\/strong><\/a><\/p>\n\n\n\n<p class=\"has-text-align-center has-pale-cyan-blue-background-color has-background\" style=\"font-size:clamp(15.197px, 0.95rem + ((1vw - 3.2px) * 0.765), 23px);px\"><strong><a href=\"https:\/\/www.estrategiaconcursos.com.br\/blog\/concursos-abertos\/\" target=\"_blank\" rel=\"noreferrer noopener\">CONCURSOS ABERTOS<\/a><\/strong><\/p>\n","protected":false},"excerpt":{"rendered":"<p>Foi assinado na \u00faltima sexta-feira, 23 de dezembro, pelo presidente Jair Bolsonaro, o decreto N\u00ba 10.185. De acordo com o documento, foram extinguidos cargos efetivos do Poder Executivo e veda a abertura de concurso p\u00fablico e o provimento de vagas adicionais para algumas carreiras espec\u00edficas. Vale ressaltar que ao todo a portaria prev\u00ea a extin\u00e7\u00e3o [&hellip;]<\/p>\n","protected":false},"author":13,"featured_media":0,"comment_status":"open","ping_status":"closed","sticky":false,"template":"","format":"standard","meta":{"post_tipo":"article","footnotes":""},"categories":[1],"tags":[],"tax_estado":[],"class_list":["post-463740","post","type-post","status-publish","format-standard","hentry","category-cursos-e-concursos"],"acf":[],"yoast_head":"<!-- This site is optimized with the Yoast SEO Premium plugin v27.2 (Yoast SEO v27.2) - https:\/\/yoast.com\/product\/yoast-seo-premium-wordpress\/ -->\n<title>Bolsonaro assina Decreto que extingue mais de 14 mil cargos efetivos<\/title>\n<meta name=\"robots\" content=\"index, follow, max-snippet:-1, max-image-preview:large, max-video-preview:-1\" \/>\n<link rel=\"canonical\" href=\"https:\/\/www.estrategiaconcursos.com.br\/blog\/bolsonaro-assina-decreto\/\" \/>\n<meta property=\"og:locale\" content=\"pt_BR\" \/>\n<meta property=\"og:type\" content=\"article\" \/>\n<meta property=\"og:title\" content=\"Bolsonaro assina Decreto que extingue mais de 14 mil cargos efetivos\" \/>\n<meta property=\"og:description\" content=\"Foi assinado na \u00faltima sexta-feira, 23 de dezembro, pelo presidente Jair Bolsonaro, o decreto N\u00ba 10.185. De acordo com o documento, foram extinguidos cargos efetivos do Poder Executivo e veda a abertura de concurso p\u00fablico e o provimento de vagas adicionais para algumas carreiras espec\u00edficas. Vale ressaltar que ao todo a portaria prev\u00ea a extin\u00e7\u00e3o [&hellip;]\" \/>\n<meta property=\"og:url\" content=\"https:\/\/www.estrategiaconcursos.com.br\/blog\/bolsonaro-assina-decreto\/\" \/>\n<meta property=\"og:site_name\" content=\"Estrat\u00e9gia Concursos\" \/>\n<meta property=\"article:author\" content=\"https:\/\/www.facebook.com\/heber.economia\" \/>\n<meta property=\"article:published_time\" content=\"2019-12-23T19:41:49+00:00\" \/>\n<meta property=\"article:modified_time\" content=\"2023-06-12T18:44:47+00:00\" \/>\n<meta name=\"author\" content=\"Heber Carvalho\" \/>\n<meta name=\"twitter:card\" content=\"summary_large_image\" \/>\n<meta name=\"twitter:creator\" content=\"@https:\/\/twitter.com\/EstratConcursos\" \/>\n<meta name=\"twitter:site\" content=\"@EstratConcursos\" \/>\n<meta name=\"twitter:label1\" content=\"Escrito por\" \/>\n\t<meta name=\"twitter:data1\" content=\"Heber Carvalho\" \/>\n\t<meta name=\"twitter:label2\" content=\"Est. tempo de leitura\" \/>\n\t<meta name=\"twitter:data2\" content=\"2 minutos\" \/>\n<script type=\"application\/ld+json\" class=\"yoast-schema-graph\">{\"@context\":\"https:\/\/schema.org\",\"@graph\":[{\"@type\":\"NewsArticle\",\"@id\":\"https:\/\/www.estrategiaconcursos.com.br\/blog\/bolsonaro-assina-decreto\/#article\",\"isPartOf\":{\"@id\":\"https:\/\/www.estrategiaconcursos.com.br\/blog\/bolsonaro-assina-decreto\/\"},\"author\":{\"name\":\"Heber Carvalho\",\"@id\":\"https:\/\/www.estrategiaconcursos.com.br\/blog\/#\/schema\/person\/555176e5fb81029706226eaf88b58f77\"},\"headline\":\"Bolsonaro assina Decreto que extingue mais de 14 mil cargos efetivos\",\"datePublished\":\"2019-12-23T19:41:49+00:00\",\"dateModified\":\"2023-06-12T18:44:47+00:00\",\"mainEntityOfPage\":{\"@id\":\"https:\/\/www.estrategiaconcursos.com.br\/blog\/bolsonaro-assina-decreto\/\"},\"wordCount\":467,\"commentCount\":0,\"publisher\":{\"@id\":\"https:\/\/www.estrategiaconcursos.com.br\/blog\/#organization\"},\"articleSection\":[\"Concursos P\u00fablicos\"],\"inLanguage\":\"pt-BR\",\"potentialAction\":[{\"@type\":\"CommentAction\",\"name\":\"Comment\",\"target\":[\"https:\/\/www.estrategiaconcursos.com.br\/blog\/bolsonaro-assina-decreto\/#respond\"]}],\"copyrightYear\":\"2019\",\"copyrightHolder\":{\"@id\":\"https:\/\/www.estrategiaconcursos.com.br\/blog\/#organization\"}},{\"@type\":\"WebPage\",\"@id\":\"https:\/\/www.estrategiaconcursos.com.br\/blog\/bolsonaro-assina-decreto\/\",\"url\":\"https:\/\/www.estrategiaconcursos.com.br\/blog\/bolsonaro-assina-decreto\/\",\"name\":\"Bolsonaro assina Decreto que extingue mais de 14 mil cargos efetivos\",\"isPartOf\":{\"@id\":\"https:\/\/www.estrategiaconcursos.com.br\/blog\/#website\"},\"datePublished\":\"2019-12-23T19:41:49+00:00\",\"dateModified\":\"2023-06-12T18:44:47+00:00\",\"breadcrumb\":{\"@id\":\"https:\/\/www.estrategiaconcursos.com.br\/blog\/bolsonaro-assina-decreto\/#breadcrumb\"},\"inLanguage\":\"pt-BR\",\"potentialAction\":[{\"@type\":\"ReadAction\",\"target\":[\"https:\/\/www.estrategiaconcursos.com.br\/blog\/bolsonaro-assina-decreto\/\"]}]},{\"@type\":\"BreadcrumbList\",\"@id\":\"https:\/\/www.estrategiaconcursos.com.br\/blog\/bolsonaro-assina-decreto\/#breadcrumb\",\"itemListElement\":[{\"@type\":\"ListItem\",\"position\":1,\"name\":\"In\u00edcio\",\"item\":\"https:\/\/www.estrategiaconcursos.com.br\/blog\/\"},{\"@type\":\"ListItem\",\"position\":2,\"name\":\"Bolsonaro assina Decreto que extingue mais de 14 mil cargos efetivos\"}]},{\"@type\":\"WebSite\",\"@id\":\"https:\/\/www.estrategiaconcursos.com.br\/blog\/#website\",\"url\":\"https:\/\/www.estrategiaconcursos.com.br\/blog\/\",\"name\":\"Estrat\u00e9gia Concursos\",\"description\":\"O blog da Estrat\u00e9gia Concursos traz not\u00edcias sobre concursos e artigos de professores oferecendo cursos para concursos (pdf + videaulas) no site.\",\"publisher\":{\"@id\":\"https:\/\/www.estrategiaconcursos.com.br\/blog\/#organization\"},\"potentialAction\":[{\"@type\":\"SearchAction\",\"target\":{\"@type\":\"EntryPoint\",\"urlTemplate\":\"https:\/\/www.estrategiaconcursos.com.br\/blog\/?s={search_term_string}\"},\"query-input\":{\"@type\":\"PropertyValueSpecification\",\"valueRequired\":true,\"valueName\":\"search_term_string\"}}],\"inLanguage\":\"pt-BR\"},{\"@type\":\"Organization\",\"@id\":\"https:\/\/www.estrategiaconcursos.com.br\/blog\/#organization\",\"name\":\"Estrat\u00e9gia Concursos\",\"url\":\"https:\/\/www.estrategiaconcursos.com.br\/blog\/\",\"logo\":{\"@type\":\"ImageObject\",\"inLanguage\":\"pt-BR\",\"@id\":\"https:\/\/www.estrategiaconcursos.com.br\/blog\/#\/schema\/logo\/image\/\",\"url\":\"https:\/\/dhg1h5j42swfq.cloudfront.net\/2025\/06\/03203428\/logo_concursos-1.jpg\",\"contentUrl\":\"https:\/\/dhg1h5j42swfq.cloudfront.net\/2025\/06\/03203428\/logo_concursos-1.jpg\",\"width\":230,\"height\":60,\"caption\":\"Estrat\u00e9gia Concursos\"},\"image\":{\"@id\":\"https:\/\/www.estrategiaconcursos.com.br\/blog\/#\/schema\/logo\/image\/\"},\"sameAs\":[\"https:\/\/x.com\/EstratConcursos\"]},{\"@type\":\"Person\",\"@id\":\"https:\/\/www.estrategiaconcursos.com.br\/blog\/#\/schema\/person\/555176e5fb81029706226eaf88b58f77\",\"name\":\"Heber Carvalho\",\"image\":{\"@type\":\"ImageObject\",\"inLanguage\":\"pt-BR\",\"@id\":\"https:\/\/secure.gravatar.com\/avatar\/7fb00f951b5b5ef6352d915a4dd32e75828f1e329e22967291a52e461270e40a?s=96&d=mm&r=g\",\"url\":\"https:\/\/secure.gravatar.com\/avatar\/7fb00f951b5b5ef6352d915a4dd32e75828f1e329e22967291a52e461270e40a?s=96&d=mm&r=g\",\"contentUrl\":\"https:\/\/secure.gravatar.com\/avatar\/7fb00f951b5b5ef6352d915a4dd32e75828f1e329e22967291a52e461270e40a?s=96&d=mm&r=g\",\"caption\":\"Heber Carvalho\"},\"sameAs\":[\"https:\/\/www.facebook.com\/heber.economia\",\"https:\/\/x.com\/https:\/\/twitter.com\/EstratConcursos\"],\"url\":\"https:\/\/www.estrategiaconcursos.com.br\/blog\/author\/hebercarvalhoestrategiaconcursos-com-br\/\"}]}<\/script>\n<!-- \/ Yoast SEO Premium plugin. -->","yoast_head_json":{"title":"Bolsonaro assina Decreto que extingue mais de 14 mil cargos efetivos","robots":{"index":"index","follow":"follow","max-snippet":"max-snippet:-1","max-image-preview":"max-image-preview:large","max-video-preview":"max-video-preview:-1"},"canonical":"https:\/\/www.estrategiaconcursos.com.br\/blog\/bolsonaro-assina-decreto\/","og_locale":"pt_BR","og_type":"article","og_title":"Bolsonaro assina Decreto que extingue mais de 14 mil cargos efetivos","og_description":"Foi assinado na \u00faltima sexta-feira, 23 de dezembro, pelo presidente Jair Bolsonaro, o decreto N\u00ba 10.185. De acordo com o documento, foram extinguidos cargos efetivos do Poder Executivo e veda a abertura de concurso p\u00fablico e o provimento de vagas adicionais para algumas carreiras espec\u00edficas. Vale ressaltar que ao todo a portaria prev\u00ea a extin\u00e7\u00e3o [&hellip;]","og_url":"https:\/\/www.estrategiaconcursos.com.br\/blog\/bolsonaro-assina-decreto\/","og_site_name":"Estrat\u00e9gia Concursos","article_author":"https:\/\/www.facebook.com\/heber.economia","article_published_time":"2019-12-23T19:41:49+00:00","article_modified_time":"2023-06-12T18:44:47+00:00","author":"Heber Carvalho","twitter_card":"summary_large_image","twitter_creator":"@https:\/\/twitter.com\/EstratConcursos","twitter_site":"@EstratConcursos","twitter_misc":{"Escrito por":"Heber Carvalho","Est. tempo de leitura":"2 minutos"},"schema":{"@context":"https:\/\/schema.org","@graph":[{"@type":"NewsArticle","@id":"https:\/\/www.estrategiaconcursos.com.br\/blog\/bolsonaro-assina-decreto\/#article","isPartOf":{"@id":"https:\/\/www.estrategiaconcursos.com.br\/blog\/bolsonaro-assina-decreto\/"},"author":{"name":"Heber Carvalho","@id":"https:\/\/www.estrategiaconcursos.com.br\/blog\/#\/schema\/person\/555176e5fb81029706226eaf88b58f77"},"headline":"Bolsonaro assina Decreto que extingue mais de 14 mil cargos efetivos","datePublished":"2019-12-23T19:41:49+00:00","dateModified":"2023-06-12T18:44:47+00:00","mainEntityOfPage":{"@id":"https:\/\/www.estrategiaconcursos.com.br\/blog\/bolsonaro-assina-decreto\/"},"wordCount":467,"commentCount":0,"publisher":{"@id":"https:\/\/www.estrategiaconcursos.com.br\/blog\/#organization"},"articleSection":["Concursos P\u00fablicos"],"inLanguage":"pt-BR","potentialAction":[{"@type":"CommentAction","name":"Comment","target":["https:\/\/www.estrategiaconcursos.com.br\/blog\/bolsonaro-assina-decreto\/#respond"]}],"copyrightYear":"2019","copyrightHolder":{"@id":"https:\/\/www.estrategiaconcursos.com.br\/blog\/#organization"}},{"@type":"WebPage","@id":"https:\/\/www.estrategiaconcursos.com.br\/blog\/bolsonaro-assina-decreto\/","url":"https:\/\/www.estrategiaconcursos.com.br\/blog\/bolsonaro-assina-decreto\/","name":"Bolsonaro assina Decreto que extingue mais de 14 mil cargos efetivos","isPartOf":{"@id":"https:\/\/www.estrategiaconcursos.com.br\/blog\/#website"},"datePublished":"2019-12-23T19:41:49+00:00","dateModified":"2023-06-12T18:44:47+00:00","breadcrumb":{"@id":"https:\/\/www.estrategiaconcursos.com.br\/blog\/bolsonaro-assina-decreto\/#breadcrumb"},"inLanguage":"pt-BR","potentialAction":[{"@type":"ReadAction","target":["https:\/\/www.estrategiaconcursos.com.br\/blog\/bolsonaro-assina-decreto\/"]}]},{"@type":"BreadcrumbList","@id":"https:\/\/www.estrategiaconcursos.com.br\/blog\/bolsonaro-assina-decreto\/#breadcrumb","itemListElement":[{"@type":"ListItem","position":1,"name":"In\u00edcio","item":"https:\/\/www.estrategiaconcursos.com.br\/blog\/"},{"@type":"ListItem","position":2,"name":"Bolsonaro assina Decreto que extingue mais de 14 mil cargos efetivos"}]},{"@type":"WebSite","@id":"https:\/\/www.estrategiaconcursos.com.br\/blog\/#website","url":"https:\/\/www.estrategiaconcursos.com.br\/blog\/","name":"Estrat\u00e9gia Concursos","description":"O blog da Estrat\u00e9gia Concursos traz not\u00edcias sobre concursos e artigos de professores oferecendo cursos para concursos (pdf + videaulas) no site.","publisher":{"@id":"https:\/\/www.estrategiaconcursos.com.br\/blog\/#organization"},"potentialAction":[{"@type":"SearchAction","target":{"@type":"EntryPoint","urlTemplate":"https:\/\/www.estrategiaconcursos.com.br\/blog\/?s={search_term_string}"},"query-input":{"@type":"PropertyValueSpecification","valueRequired":true,"valueName":"search_term_string"}}],"inLanguage":"pt-BR"},{"@type":"Organization","@id":"https:\/\/www.estrategiaconcursos.com.br\/blog\/#organization","name":"Estrat\u00e9gia Concursos","url":"https:\/\/www.estrategiaconcursos.com.br\/blog\/","logo":{"@type":"ImageObject","inLanguage":"pt-BR","@id":"https:\/\/www.estrategiaconcursos.com.br\/blog\/#\/schema\/logo\/image\/","url":"https:\/\/dhg1h5j42swfq.cloudfront.net\/2025\/06\/03203428\/logo_concursos-1.jpg","contentUrl":"https:\/\/dhg1h5j42swfq.cloudfront.net\/2025\/06\/03203428\/logo_concursos-1.jpg","width":230,"height":60,"caption":"Estrat\u00e9gia Concursos"},"image":{"@id":"https:\/\/www.estrategiaconcursos.com.br\/blog\/#\/schema\/logo\/image\/"},"sameAs":["https:\/\/x.com\/EstratConcursos"]},{"@type":"Person","@id":"https:\/\/www.estrategiaconcursos.com.br\/blog\/#\/schema\/person\/555176e5fb81029706226eaf88b58f77","name":"Heber Carvalho","image":{"@type":"ImageObject","inLanguage":"pt-BR","@id":"https:\/\/secure.gravatar.com\/avatar\/7fb00f951b5b5ef6352d915a4dd32e75828f1e329e22967291a52e461270e40a?s=96&d=mm&r=g","url":"https:\/\/secure.gravatar.com\/avatar\/7fb00f951b5b5ef6352d915a4dd32e75828f1e329e22967291a52e461270e40a?s=96&d=mm&r=g","contentUrl":"https:\/\/secure.gravatar.com\/avatar\/7fb00f951b5b5ef6352d915a4dd32e75828f1e329e22967291a52e461270e40a?s=96&d=mm&r=g","caption":"Heber Carvalho"},"sameAs":["https:\/\/www.facebook.com\/heber.economia","https:\/\/x.com\/https:\/\/twitter.com\/EstratConcursos"],"url":"https:\/\/www.estrategiaconcursos.com.br\/blog\/author\/hebercarvalhoestrategiaconcursos-com-br\/"}]}},"_links":{"self":[{"href":"https:\/\/www.estrategiaconcursos.com.br\/blog\/wp-json\/wp\/v2\/posts\/463740","targetHints":{"allow":["GET"]}}],"collection":[{"href":"https:\/\/www.estrategiaconcursos.com.br\/blog\/wp-json\/wp\/v2\/posts"}],"about":[{"href":"https:\/\/www.estrategiaconcursos.com.br\/blog\/wp-json\/wp\/v2\/types\/post"}],"author":[{"embeddable":true,"href":"https:\/\/www.estrategiaconcursos.com.br\/blog\/wp-json\/wp\/v2\/users\/13"}],"replies":[{"embeddable":true,"href":"https:\/\/www.estrategiaconcursos.com.br\/blog\/wp-json\/wp\/v2\/comments?post=463740"}],"version-history":[{"count":4,"href":"https:\/\/www.estrategiaconcursos.com.br\/blog\/wp-json\/wp\/v2\/posts\/463740\/revisions"}],"predecessor-version":[{"id":1230850,"href":"https:\/\/www.estrategiaconcursos.com.br\/blog\/wp-json\/wp\/v2\/posts\/463740\/revisions\/1230850"}],"wp:attachment":[{"href":"https:\/\/www.estrategiaconcursos.com.br\/blog\/wp-json\/wp\/v2\/media?parent=463740"}],"wp:term":[{"taxonomy":"category","embeddable":true,"href":"https:\/\/www.estrategiaconcursos.com.br\/blog\/wp-json\/wp\/v2\/categories?post=463740"},{"taxonomy":"post_tag","embeddable":true,"href":"https:\/\/www.estrategiaconcursos.com.br\/blog\/wp-json\/wp\/v2\/tags?post=463740"},{"taxonomy":"tax_estado","embeddable":true,"href":"https:\/\/www.estrategiaconcursos.com.br\/blog\/wp-json\/wp\/v2\/tax_estado?post=463740"}],"curies":[{"name":"wp","href":"https:\/\/api.w.org\/{rel}","templated":true}]}}