{"id":463629,"date":"2022-08-05T18:58:18","date_gmt":"2022-08-05T21:58:18","guid":{"rendered":"https:\/\/www.estrategiaconcursos.com.br\/blog\/?p=463629"},"modified":"2022-08-06T10:38:12","modified_gmt":"2022-08-06T13:38:12","slug":"concurso-fundacao-saude-rj-2","status":"publish","type":"post","link":"https:\/\/www.estrategiaconcursos.com.br\/blog\/concurso-fundacao-saude-rj-2\/","title":{"rendered":"Concurso Funda\u00e7\u00e3o Sa\u00fade RJ: resultado final \u00e9 retificado!"},"content":{"rendered":"\n<p>Foi publicada uma nova retifica\u00e7\u00e3o no <strong><a href=\"https:\/\/dhg1h5j42swfq.cloudfront.net\/2022\/08\/05185901\/85qs0yjr8gwhoxjufm6l8shj5del2aw5wnp6002a.pdf\" target=\"_blank\" rel=\"noreferrer noopener nofollow\">resultado final<\/a><\/strong> do <strong>concurso Funda\u00e7\u00e3o Sa\u00fade RJ<\/strong>. Agora, a publica\u00e7\u00e3o da homologa\u00e7\u00e3o final do certame deve ocorrer nos pr\u00f3ximos dias!<\/p>\n\n\n\n<p>A sele\u00e7\u00e3o ofertou 3.594 vagas tempor\u00e1rias para diversos cargos. As oportunidades s\u00e3o para os n\u00edveis m\u00e9dio\/t\u00e9cnico e superior, com iniciais que podem chegar a R$ 7,2 mil!<\/p>\n\n\n\n<ul class=\"has-pale-ocean-gradient-background has-background wp-block-list\"><li><strong>PSS &#8211;<\/strong> <strong>Funda\u00e7\u00e3o Sa\u00fade RJ<\/strong><\/li><li><strong style=\"color: initial;\">Banca<\/strong><span style=\"color: initial;\">: <a href=\"https:\/\/www.idcap.org.br\/informacoes\/66\/\" target=\"_blank\" rel=\"noreferrer noopener\">IDCAP<\/a><\/span><\/li><li><strong>Vagas<\/strong>: 3.594<\/li><li><strong>Cargo<\/strong>: Diversos<\/li><li><strong>Sal\u00e1rio<\/strong>: R$ 1.451,10 a R$ 7.282,77<\/li><li><strong>Edital:&nbsp;<\/strong><a href=\"https:\/\/dhg1h5j42swfq.cloudfront.net\/2022\/04\/05090928\/edital_pss_fundacao_saude_rs_2022.pdf\" target=\"_blank\" rel=\"noreferrer noopener nofollow\">Sa\u00fade RJ 2022<\/a><\/li><\/ul>\n\n\n\n<p id=\"indice\">A fim de te deixar sempre bem informado, elaboramos este artigo com as principais informa\u00e7\u00f5es e novidades sobre o concurso Funda\u00e7\u00e3o Sa\u00fade RJ. Acompanhe os t\u00f3picos abaixo e n\u00e3o perca nenhum detalhe:<\/p>\n\n\n\n<ul class=\"wp-block-list\" id=\"indice\"><li><a href=\"#situ\">Edital Processo Seletivo<\/a><ul><li><a href=\"#cargos\">Cargos e vagas<\/a><\/li><\/ul><ul><li><a href=\"#etapas\">Etapas<\/a><\/li><\/ul><\/li><li><a href=\"#ulconcurso\">\u00daltimo concurso<\/a><ul><li><a href=\"#vagaulti\">Cargos e vagas<\/a><\/li><\/ul><ul><li><a href=\"#etultimo\">Etapas do \u00faltimo concurso<\/a><\/li><\/ul><\/li><li><a href=\"#curso\">Cursos e assinaturas<\/a><\/li><li><a href=\"#ficha\">Ficha t\u00e9cnica<\/a><\/li><\/ul>\n\n\n\n<h2 class=\"has-background wp-block-heading\" id=\"situ\" style=\"background-color:#b6e3d4\">Concurso Funda\u00e7\u00e3o Sa\u00fade RJ: edital de pss<\/h2>\n\n\n\n<h3 class=\"wp-block-heading\" id=\"detalhes\">Cargos e vagas do processo seletivo<\/h3>\n\n\n\n<figure class=\"wp-block-table is-style-stripes\" style=\"text-transform:capitalize\"><table class=\"has-pale-ocean-gradient-background has-background has-fixed-layout\"><thead><tr><th class=\"has-text-align-center\" data-align=\"center\">Cargos<\/th><th class=\"has-text-align-center\" data-align=\"center\">Vagas<\/th><th class=\"has-text-align-center\" data-align=\"center\">Sal\u00e1rio<\/th><\/tr><\/thead><tbody><tr><td class=\"has-text-align-center\" data-align=\"center\">ENFERMEIRO DO TRABALHO<\/td><td class=\"has-text-align-center\" data-align=\"center\">2<\/td><td class=\"has-text-align-center\" data-align=\"center\">R$ 2.879,16<\/td><\/tr><tr><td class=\"has-text-align-center\" data-align=\"center\">ENFERMEIRO INTENSIVISTA ADULTO<\/td><td class=\"has-text-align-center\" data-align=\"center\">215<\/td><td class=\"has-text-align-center\" data-align=\"center\">R$ 3.730,65<\/td><\/tr><tr><td class=\"has-text-align-center\" data-align=\"center\">ENFERMEIRO INTENSIVISTA PEDI\u00c1TRICO<\/td><td class=\"has-text-align-center\" data-align=\"center\">10<\/td><td class=\"has-text-align-center\" data-align=\"center\">R$ 3.730,65<\/td><\/tr><tr><td class=\"has-text-align-center\" data-align=\"center\">ENFERMEIRO MATERNO- INFANTIL<\/td><td class=\"has-text-align-center\" data-align=\"center\">93<\/td><td class=\"has-text-align-center\" data-align=\"center\">R$ 2.879,16<\/td><\/tr><tr><td class=\"has-text-align-center\" data-align=\"center\">ENFERMEIRO NEONATOLOGIA<\/td><td class=\"has-text-align-center\" data-align=\"center\">30<\/td><td class=\"has-text-align-center\" data-align=\"center\">R$ 3.956,75<\/td><\/tr><tr><td class=\"has-text-align-center\" data-align=\"center\">ENFERMEIRO OBSTETRA<\/td><td class=\"has-text-align-center\" data-align=\"center\">72<\/td><td class=\"has-text-align-center\" data-align=\"center\">R$ 3.956,75<\/td><\/tr><tr><td class=\"has-text-align-center\" data-align=\"center\">ENFERMEIRO SOCORRISTA<\/td><td class=\"has-text-align-center\" data-align=\"center\">546<\/td><td class=\"has-text-align-center\" data-align=\"center\">R$ 3.730,65<\/td><\/tr><tr><td class=\"has-text-align-center\" data-align=\"center\">FISIOTERAPEUTA<\/td><td class=\"has-text-align-center\" data-align=\"center\">112<\/td><td class=\"has-text-align-center\" data-align=\"center\">R$ 2.879,16<\/td><\/tr><tr><td class=\"has-text-align-center\" data-align=\"center\">FISIOTERAPEUTA INTENSIVISTA ADULTO<\/td><td class=\"has-text-align-center\" data-align=\"center\">149<\/td><td class=\"has-text-align-center\" data-align=\"center\">R$ 3.730,65<\/td><\/tr><tr><td class=\"has-text-align-center\" data-align=\"center\">FISIOTERAPEUTA INTENSIVISTA PEDI\u00c1TRICO<\/td><td class=\"has-text-align-center\" data-align=\"center\">8<\/td><td class=\"has-text-align-center\" data-align=\"center\">R$ 3.730,65<\/td><\/tr><tr><td class=\"has-text-align-center\" data-align=\"center\">FISIOTERAPIA NEONATOLOGIA<\/td><td class=\"has-text-align-center\" data-align=\"center\">13<\/td><td class=\"has-text-align-center\" data-align=\"center\">R$ 3.730,65<\/td><\/tr><tr><td class=\"has-text-align-center\" data-align=\"center\">FONOAUDI\u00d3LOGO &#8211; MATERNO-INFANTIL<\/td><td class=\"has-text-align-center\" data-align=\"center\">5<\/td><td class=\"has-text-align-center\" data-align=\"center\">R$ 2.879,16<\/td><\/tr><tr><td class=\"has-text-align-center\" data-align=\"center\">M\u00c9DICO DO TRABALHO<\/td><td class=\"has-text-align-center\" data-align=\"center\">2<\/td><td class=\"has-text-align-center\" data-align=\"center\">R$ 7.282,77<\/td><\/tr><tr><td class=\"has-text-align-center\" data-align=\"center\">NUTRICIONISTA &#8211; MATERNO-INFANTIL<\/td><td class=\"has-text-align-center\" data-align=\"center\">12<\/td><td class=\"has-text-align-center\" data-align=\"center\">R$ 2.879,16<\/td><\/tr><tr><td class=\"has-text-align-center\" data-align=\"center\">T\u00c9CNICO DE ENFERMAGEM<\/td><td class=\"has-text-align-center\" data-align=\"center\">20<\/td><td class=\"has-text-align-center\" data-align=\"center\">R$ 1.451,10<\/td><\/tr><tr><td class=\"has-text-align-center\" data-align=\"center\">T\u00c9CNICO DE ENFERMAGEM &#8211; NEONATOLOGIA<\/td><td class=\"has-text-align-center\" data-align=\"center\">82<\/td><td class=\"has-text-align-center\" data-align=\"center\">R$ 2.487,10<\/td><\/tr><tr><td class=\"has-text-align-center\" data-align=\"center\">T\u00c9CNICO DE ENFERMAGEM INTENSIVISTA ADULTO<\/td><td class=\"has-text-align-center\" data-align=\"center\">655<\/td><td class=\"has-text-align-center\" data-align=\"center\">R$ 2.261,00<\/td><\/tr><tr><td class=\"has-text-align-center\" data-align=\"center\">T\u00c9CNICO DE ENFERMAGEM INTENSIVISTA PEDI\u00c1TRICO<\/td><td class=\"has-text-align-center\" data-align=\"center\">29<\/td><td class=\"has-text-align-center\" data-align=\"center\">R$ 2.261,00<\/td><\/tr><tr><td class=\"has-text-align-center\" data-align=\"center\">T\u00c9CNICO DE ENFERMAGEM MATERNO- INFANTIL<\/td><td class=\"has-text-align-center\" data-align=\"center\">271<\/td><td class=\"has-text-align-center\" data-align=\"center\">R$ 1.451,10<\/td><\/tr><tr><td class=\"has-text-align-center\" data-align=\"center\">T\u00c9CNICO DE ENFERMAGEM SOCORRISTA<\/td><td class=\"has-text-align-center\" data-align=\"center\">1022<\/td><td class=\"has-text-align-center\" data-align=\"center\">R$ 2.261,00<\/td><\/tr><tr><td class=\"has-text-align-center\" data-align=\"center\">T\u00c9CNICO DE FARM\u00c1CIA<\/td><td class=\"has-text-align-center\" data-align=\"center\">187<\/td><td class=\"has-text-align-center\" data-align=\"center\">R$ 1.451,10<\/td><\/tr><tr><td class=\"has-text-align-center\" data-align=\"center\">T\u00c9CNICO EM RADIOLOGIA<\/td><td class=\"has-text-align-center\" data-align=\"center\">22<\/td><td class=\"has-text-align-center\" data-align=\"center\">R$ 1.451,10<\/td><\/tr><tr><td class=\"has-text-align-center\" data-align=\"center\">T\u00c9CNICO EM RADIOLOGIA (MAMOGRAFIA)<\/td><td class=\"has-text-align-center\" data-align=\"center\">12<\/td><td class=\"has-text-align-center\" data-align=\"center\">R$ 2.261,00<\/td><\/tr><tr><td class=\"has-text-align-center\" data-align=\"center\">T\u00c9CNICO EM RADIOLOGIA (RNM)<\/td><td class=\"has-text-align-center\" data-align=\"center\">12<\/td><td class=\"has-text-align-center\" data-align=\"center\">R$ 2.487,10<\/td><\/tr><tr><td class=\"has-text-align-center\" data-align=\"center\">T\u00c9CNICO EM RADIOLOGIA (TC)<\/td><td class=\"has-text-align-center\" data-align=\"center\">9<\/td><td class=\"has-text-align-center\" data-align=\"center\">R$ 2.261,00<\/td><\/tr><tr><td class=\"has-text-align-center\" data-align=\"center\">T\u00c9CNICO EM SEGURAN\u00c7A DO TRABALHO<\/td><td class=\"has-text-align-center\" data-align=\"center\">4<\/td><td class=\"has-text-align-center\" data-align=\"center\">R$ 1.948,42<\/td><\/tr><\/tbody><\/table><\/figure>\n\n\n\n<p>As oportunidades se distribuem entre ampla concorr\u00eancia, negros e \u00edndios, pessoas hipossuficientes e candidatos com defici\u00eancia. As jornadas variam de 24h a 32h30.<\/p>\n\n\n\n<p><strong>Benef\u00edcios<\/strong><\/p>\n\n\n\n<p>O Sal\u00e1rio Base poder\u00e1 ser acrescido dos adicionais legais, na forma a saber:<\/p>\n\n\n\n<ul class=\"wp-block-list\"><li>a) Adicional de insalubridade, no percentual e nas condi\u00e7\u00f5es estabelecidas pela Consolida\u00e7\u00e3o das Leis do Trabalho &#8211; CLT, com base no laudo t\u00e9cnico da Institui\u00e7\u00e3o;<\/li><li>b) Adicional noturno, no percentual e nas condi\u00e7\u00f5es estabelecidas pela CLT.<\/li><\/ul>\n\n\n\n<p>O(a) contratado(a) ter\u00e1 direito aos seguintes benef\u00edcios:<\/p>\n\n\n\n<ul class=\"wp-block-list\"><li>a) Vale Refei\u00e7\u00e3o\/ Alimenta\u00e7\u00e3o;<\/li><li>b) Aux\u00edlio Transporte, no \u00e2mbito da Regi\u00e3o Metropolitana do Estado do Rio de Janeiro para utiliza\u00e7\u00e3o no trajeto ida e volta ao trabalho, nos termos da Lei n\u00b0 5.628\/09<\/li><\/ul>\n\n\n\n<h3 class=\"wp-block-heading\" id=\"etapas-do-concurso-fundacao-saude-rj\">Etapas do concurso Funda\u00e7\u00e3o Sa\u00fade RJ<\/h3>\n\n\n\n<p>O Processo Seletivo Simplificado foi composto pelas seguintes etapas:<\/p>\n\n\n\n<ul class=\"wp-block-list\"><li><strong>Prova de T\u00edtulos e Experi\u00eancia Profissional<\/strong>, de car\u00e1ter eliminat\u00f3rio e classificat\u00f3rio<\/li><\/ul>\n\n\n\n<p>A prova de t\u00edtulos e de experi\u00eancia profissional ser\u00e1 aplicada aos candidatos com inscri\u00e7\u00e3o homologada. Ser\u00e3o considerados os seguintes <strong>t\u00edtulos<\/strong>:<\/p>\n\n\n\n<ul class=\"wp-block-list\"><li><strong>A.1. Doutorado na \u00e1rea da sa\u00fade<\/strong>, conforme exposto em tabela espec\u00edfica para cada cargo, comprovando atrav\u00e9s de diploma devidamente registrado, ou declara\u00e7\u00e3o de conclus\u00e3o de curso expedido pela unidade de ensino dentro do prazo de cento e oitenta dias.<\/li><li><span style=\"color: initial;\"><strong>A.2. Mestrado na \u00e1rea da sa\u00fade<\/strong>, conforme exposto em tabela espec\u00edfica para cada cargo, comprovando<\/span> atrav\u00e9s de diploma devidamente registrado, ou declara\u00e7\u00e3o de conclus\u00e3o de curso expedido pela unidade de ensino dentro do prazo de cento e oitenta dias.<\/li><li><span style=\"color: initial;\"><strong>A.3. P\u00f3s-Gradua\u00e7\u00e3o &#8220;lato sensu&#8221;<\/strong> &#8211; Especializa\u00e7\u00e3o na \u00e1rea do cargo pleiteado, com carga hor\u00e1ria m\u00ednima de <\/span>360 horas, comprovando atrav\u00e9s de certificado de conclus\u00e3o de curso expedido pela unidade de ensino ou declara\u00e7\u00e3o de conclus\u00e3o de curso expedido pela unidade de ensino dentro do prazo de cento e oitenta dias.<\/li><li><span style=\"color: initial;\"><strong>A.4. P\u00f3s-gradua\u00e7\u00e3o <\/strong>&#8211; Curso de resid\u00eancia na \u00e1rea da sa\u00fade, com carga hor\u00e1ria m\u00ednima de 2.800 horas,<\/span> conforme exposto em tabela espec\u00edfica para cada cargo, comprovando atrav\u00e9s de certificado\/declara\u00e7\u00e3o de conclus\u00e3o emitido pela unidade de ensino.<\/li><\/ul>\n\n\n\n<p>Foram consideradas as seguintes experi\u00eancias profissionais:<\/p>\n\n\n\n<ul class=\"wp-block-list\"><li><strong>a) <\/strong>Declara\u00e7\u00e3o ou certid\u00e3o de tempo de servi\u00e7o expedida pela entidade contratante, em papel timbrado, contendo: nome completo do candidato, data e assinatura do emitente, CNPJ, cargo\/fun\u00e7\u00e3o e o per\u00edodo trabalhado (entrada e sa\u00edda) com dia, m\u00eas e ano. Caso ainda esteja no exerc\u00edcio de suas fun\u00e7\u00f5es, dever\u00e1 constar a data de entrada, sem data de sa\u00edda, por\u00e9m, escrito \u201cat\u00e9 o presente momento\u201d, sendo considerada a data no dia da assinatura; OU<\/li><li><strong>b) <\/strong>Contrato de presta\u00e7\u00e3o de servi\u00e7o\/atividade entre as partes, em papel timbrado, contendo: nome completo do candidato, CNPJ do contratante, cargo\/fun\u00e7\u00e3o e o per\u00edodo trabalhado (entrada e sa\u00edda) com dia, m\u00eas e ano, com assinatura das partes contendo firma reconhecida e data do contrato; OU<\/li><li><strong>c) <\/strong>Carteira de trabalho, contendo obrigatoriamente: p\u00e1ginas de identifica\u00e7\u00e3o com foto, dados pessoais e registro do(s) contrato(s) de trabalho com o cargo\/fun\u00e7\u00e3o e o per\u00edodo trabalhado (entrada e sa\u00edda) com dia, m\u00eas e ano. Caso ainda esteja no exerc\u00edcio de suas fun\u00e7\u00f5es, dever\u00e1 constar a data de entrada, sem data de sa\u00edda, sendo considerado o dia do envio do documento; OU<\/li><li><strong>d) <\/strong>Em caso de aut\u00f4nomo, certid\u00e3o emitida por \u00f3rg\u00e3o competente (Prefeitura Municipal ou INSS), comprovando o tempo de cadastro como aut\u00f4nomo no cargo e \u00e1rea\/especialidade que pleiteia a vaga.<\/li><\/ul>\n\n\n\n<p>O resultado foi a soma dos pontos obtidos conforme a tabela do t\u00f3pico de t\u00edtulos\/experi\u00eancia profissional do concurso Funda\u00e7\u00e3o Sa\u00fade RJ e ter\u00e1 car\u00e1ter classificat\u00f3rio e eliminat\u00f3rio.<\/p>\n\n\n\n<h2 class=\"has-background wp-block-heading\" id=\"ulconcurso\" style=\"background-color:#b6e3d4\">\u00daltimo concurso Funda\u00e7\u00e3o Sa\u00fade RJ<\/h2>\n\n\n\n<p>Finalizado, o \u00faltimo concurso Funda\u00e7\u00e3o Sa\u00fade RJ, para vagas tempor\u00e1rias, ofertou <strong>4.081 oportunidades <\/strong>para cargos de n\u00edveis m\u00e9dio\/t\u00e9cnico e superior. Acompanhe abaixo os cargos e suas respectivas remunera\u00e7\u00f5es.<\/p>\n\n\n\n<h3 class=\"wp-block-heading\" id=\"vagaulti\">Cargos e vagas<\/h3>\n\n\n\n<h4 class=\"wp-block-heading\" id=\"niveis-medio-tecnico-e-superior\">N\u00edveis m\u00e9dio t\u00e9cnico e superior<\/h4>\n\n\n\n<ul class=\"wp-block-list\"><li><em>Assistente Social, Bi\u00f3logo, Enfermeiro, Farmac\u00eautico, Fonoaudi\u00f3logo, Nutricionista, Odontol\u00f3gico e Psic\u00f3logo &#8211; R$ 2.546,80<\/em><\/li><li><em>Engenheiro de Seguran\u00e7a do Trabalho e F\u00edsico Nuclear<\/em> &#8211; <em>R$ 2.546,80<\/em><\/li><li><em>M\u00e9dico R$ 4.357,50<\/em><\/li><li><em>T\u00e9cnico de Enfermagem, Farm\u00e1cia, Laborat\u00f3rio e em Sa\u00fade Bucal R$ 1.283,59<\/em><\/li><\/ul>\n\n\n\n<h3 class=\"wp-block-heading\" id=\"etultimo\">Etapas do \u00faltimo edital Funda\u00e7\u00e3o Sa\u00fade RJ <\/h3>\n\n\n\n<p>O concurso da Funda\u00e7\u00e3o Sa\u00fade do Rio de Janeiro ser\u00e1 composta de duas fases:  Prova Objetiva e Avalia\u00e7\u00e3o de t\u00edtulos.<\/p>\n\n\n\n<p class=\"has-medium-font-size\"><strong>Prova Objetiva<\/strong><\/p>\n\n\n\n<p>As provas objetivas foram realizadas nas cidades do Rio de Janeiro, Niter\u00f3i, Nova Igua\u00e7u e S\u00e3o Gon\u00e7alo, no Estado do Rio de Janeiro. <\/p>\n\n\n\n<p>As provas objetivas, de car\u00e1ter eliminat\u00f3rio e classificat\u00f3rio, foram compostas de <strong>40 quest\u00f5es<\/strong> para todas as vagas, sendo 5 quest\u00f5es de Portugu\u00eas, 5 quest\u00f5es de Conhecimentos sobre SUS e 30 quest\u00f5es de Conhecimentos Espec\u00edficos. As disciplinas que foram abordadas nas provas objetivas est\u00e3o listadas no edital.<\/p>\n\n\n\n<p>As quest\u00f5es foram do tipo m\u00faltipla escolha, com 4 alternativas de respostas, valendo 2 pontos cada quest\u00e3o, perfazendo o total de 80 pontos, sendo considerado aprovado o candidato que obteve, no m\u00ednimo, 40 pontos no total da prova. <\/p>\n\n\n\n<p class=\"has-medium-font-size\"><strong>Avalia\u00e7\u00e3o de T\u00edtulos<\/strong><\/p>\n\n\n\n<p>A Avalia\u00e7\u00e3o de T\u00edtulos, apenas para as vagas de n\u00edvel Superior, teve car\u00e1ter classificat\u00f3rio, servindo a pontua\u00e7\u00e3o correspondente para a apura\u00e7\u00e3o da classifica\u00e7\u00e3o final.<\/p>\n\n\n\n<p>Todos os candidatos inscritos para vagas do n\u00edvel superior tiveram de encaminhar os t\u00edtulos (original ou c\u00f3pia autenticada em cart\u00f3rio), acompanhados do Formul\u00e1rio de Envio de T\u00edtulos devidamente preenchido e assinado, via SEDEX ou Carta Registrada.<\/p>\n\n\n\n<figure class=\"wp-block-image size-large\"><img loading=\"lazy\" decoding=\"async\" width=\"1024\" height=\"225\" src=\"https:\/\/dhg1h5j42swfq.cloudfront.net\/2019\/12\/23115647\/image-56-1024x225.png\" alt=\"\" class=\"wp-image-463661\" srcset=\"https:\/\/dhg1h5j42swfq.cloudfront.net\/2019\/12\/23115647\/image-56-1024x225.png 1024w, https:\/\/dhg1h5j42swfq.cloudfront.net\/2019\/12\/23115647\/image-56-300x66.png 300w, https:\/\/dhg1h5j42swfq.cloudfront.net\/2019\/12\/23115647\/image-56-768x168.png 768w, https:\/\/dhg1h5j42swfq.cloudfront.net\/2019\/12\/23115647\/image-56-610x134.png 610w, https:\/\/dhg1h5j42swfq.cloudfront.net\/2019\/12\/23115647\/image-56.png 1053w\" sizes=\"auto, (max-width: 1024px) 100vw, 1024px\" \/><\/figure>\n\n\n\n<figure class=\"wp-block-image size-large\"><img loading=\"lazy\" decoding=\"async\" width=\"1024\" height=\"230\" src=\"https:\/\/dhg1h5j42swfq.cloudfront.net\/2019\/12\/23115709\/image-57-1024x230.png\" alt=\"\" class=\"wp-image-463662\" srcset=\"https:\/\/dhg1h5j42swfq.cloudfront.net\/2019\/12\/23115709\/image-57-1024x230.png 1024w, https:\/\/dhg1h5j42swfq.cloudfront.net\/2019\/12\/23115709\/image-57-300x67.png 300w, https:\/\/dhg1h5j42swfq.cloudfront.net\/2019\/12\/23115709\/image-57-768x172.png 768w, https:\/\/dhg1h5j42swfq.cloudfront.net\/2019\/12\/23115709\/image-57-610x137.png 610w, https:\/\/dhg1h5j42swfq.cloudfront.net\/2019\/12\/23115709\/image-57.png 1048w\" sizes=\"auto, (max-width: 1024px) 100vw, 1024px\" \/><\/figure>\n\n\n\n<hr class=\"wp-block-separator is-style-default\"\/>\n\n\n\n<h2 class=\"has-text-align-center wp-block-heading\" id=\"h-quer-saber-tudo-sobre-concursos-previstos-confira-nossos-artigos\">Quer saber tudo sobre concursos previstos?<br \/>Confira nossos artigos!<\/h2>\n\n\n\n<ul class=\"wp-block-list\"><li><a href=\"https:\/\/www.estrategiaconcursos.com.br\/blog\/concursos-abertos\/\" target=\"_blank\" rel=\"noreferrer noopener\">Concursos abertos<\/a><\/li><li><a href=\"https:\/\/www.estrategiaconcursos.com.br\/blog\/concursos-2022\/\" target=\"_blank\" rel=\"noreferrer noopener\">Concursos 2022<\/a><\/li><li><a href=\"https:\/\/www.estrategiaconcursos.com.br\/blog\/concursos-2023\/\">Concursos 2023<\/a><\/li><\/ul>\n\n\n\n<h2 class=\"has-text-align-center wp-block-heading\" id=\"curso\">Quer estudar para concurso Funda\u00e7\u00e3o Sa\u00fade RJ<strong>?<\/strong><\/h2>\n\n\n\n<div class=\"container\" id=\"boxes\">\n  <div class=\"row\">\n\n    <div class=\"col-sm\">\n      <div class=\"banner-medicina\" id=\"box-assinatura\">\n        <h3 class=\"titulo-assinatura\">Concurso Funda\u00e7\u00e3o Sa\u00fade RJ<\/h3>\n        <p class=\"subtitulo-assinatura\">Conhe\u00e7a os cursos<\/p>\n        <div class=\"box-botao\">\n          <a class=\"btn-assinatura\" target=\"_blank\" href=\"https:\/\/www.estrategiaconcursos.com.br\/cursosPorConcurso\/cursos-da-saude\/\" role=\"button\" rel=\"noopener noreferrer\">Conhe\u00e7a mais<\/a>\n        <\/div>\n      <\/div>\n    \n\n  <\/div>\n<\/div><\/div>\n\n\n\n<div class=\"container\" id=\"boxes\">\n  <div class=\"row\">\n\n    <div class=\"col-sm\">\n      <div class=\"estrategia\" id=\"box-assinatura\">\n        <h3 class=\"titulo-assinatura\">Assinatura de Concursos<\/h3>\n        <p class=\"subtitulo-assinatura\">Assinatura de 1 ano ou 2 anos<\/p>\n        <div class=\"box-botao\">\n          <a class=\"btn-assinatura\" target=\"_blank\" href=\"https:\/\/www.estrategiaconcursos.com.br\/assinaturas\/\" role=\"button\" rel=\"noopener noreferrer\">ASSINE AGORA<\/a>\n        <\/div>\n      <\/div>\n     \n    <\/div><\/div><\/div>\n\n\n\n<figure class=\"wp-block-image size-large is-resized\"><img loading=\"lazy\" decoding=\"async\" src=\"https:\/\/dhg1h5j42swfq.cloudfront.net\/2021\/08\/03114407\/ficha-tecnica-2-1024x632.png\" alt=\"Ficha do concurso Funda\u00e7\u00e3o Sa\u00fade RJ\" class=\"wp-image-827694\" width=\"230\" height=\"142\" srcset=\"https:\/\/dhg1h5j42swfq.cloudfront.net\/2021\/08\/03114407\/ficha-tecnica-2-1024x632.png 1024w, https:\/\/dhg1h5j42swfq.cloudfront.net\/2021\/08\/03114407\/ficha-tecnica-2-300x185.png 300w, https:\/\/dhg1h5j42swfq.cloudfront.net\/2021\/08\/03114407\/ficha-tecnica-2-768x474.png 768w, https:\/\/dhg1h5j42swfq.cloudfront.net\/2021\/08\/03114407\/ficha-tecnica-2-1536x948.png 1536w, https:\/\/dhg1h5j42swfq.cloudfront.net\/2021\/08\/03114407\/ficha-tecnica-2-610x377.png 610w, https:\/\/dhg1h5j42swfq.cloudfront.net\/2021\/08\/03114407\/ficha-tecnica-2.png 1571w\" sizes=\"auto, (max-width: 230px) 100vw, 230px\" \/><\/figure>\n\n\n\n<h3 class=\"wp-block-heading\" id=\"ficha\">Informa\u00e7\u00f5es do&nbsp;processo seletivo Funda\u00e7\u00e3o Sa\u00fade RJ<\/h3>\n\n\n\n<ul class=\"wp-block-list\"><li><strong>Ano:&nbsp;<\/strong>2022<\/li><li><strong>Vagas:&nbsp;<\/strong>4.081<\/li><li><strong>Banca:&nbsp;<\/strong>IDCAP<\/li><li><strong>Escolaridade:<\/strong>&nbsp;N\u00edveis m\u00e9dio\/t\u00e9cnico e superior<\/li><li><strong>Edital:&nbsp;<\/strong><a href=\"https:\/\/dhg1h5j42swfq.cloudfront.net\/2022\/04\/05090928\/edital_pss_fundacao_saude_rs_2022.pdf\" target=\"_blank\" rel=\"noreferrer noopener nofollow\">Sa\u00fade RJ 2022<\/a><\/li><\/ul>\n\n\n\n<h3 class=\"wp-block-heading\" id=\"ficha\">Informa\u00e7\u00f5es do&nbsp;\u00faltimo concurso Funda\u00e7\u00e3o Sa\u00fade RJ<\/h3>\n\n\n\n<ul class=\"wp-block-list\"><li><strong>Ano:&nbsp;<\/strong>2019<\/li><li><strong>Vagas:&nbsp;<\/strong>4.081<\/li><li><strong>Banca:&nbsp;<\/strong> Instituto Consulplan  <\/li><li><strong>Escolaridade:<\/strong>&nbsp;N\u00edveis m\u00e9dio\/t\u00e9cnico e superior<\/li><li><strong>Edital:&nbsp;<\/strong><a href=\"https:\/\/dhg1h5j42swfq.cloudfront.net\/2021\/08\/19164744\/edital-01-2019-1.pdf\" target=\"_blank\" rel=\"noreferrer noopener nofollow\">Sa\u00fade RJ 2019<\/a><\/li><\/ul>\n","protected":false},"excerpt":{"rendered":"<p>Foi publicada uma nova retifica\u00e7\u00e3o no resultado final do concurso Funda\u00e7\u00e3o Sa\u00fade RJ. Agora, a publica\u00e7\u00e3o da homologa\u00e7\u00e3o final do certame deve ocorrer nos pr\u00f3ximos dias! A sele\u00e7\u00e3o ofertou 3.594 vagas tempor\u00e1rias para diversos cargos. As oportunidades s\u00e3o para os n\u00edveis m\u00e9dio\/t\u00e9cnico e superior, com iniciais que podem chegar a R$ 7,2 mil! PSS &#8211; [&hellip;]<\/p>\n","protected":false},"author":1,"featured_media":841323,"comment_status":"open","ping_status":"closed","sticky":false,"template":"","format":"standard","meta":{"post_tipo":"news_page","footnotes":""},"categories":[1981],"tags":[],"tax_estado":[219982],"class_list":["post-463629","post","type-post","status-publish","format-standard","has-post-thumbnail","hentry","category-saude","tax_estado-rj"],"acf":[],"yoast_head":"<!-- This site is optimized with the Yoast SEO Premium plugin v27.2 (Yoast SEO v27.2) - https:\/\/yoast.com\/product\/yoast-seo-premium-wordpress\/ -->\n<title>Concurso Funda\u00e7\u00e3o Sa\u00fade RJ: resultado final \u00e9 retificado!<\/title>\n<meta name=\"description\" content=\"Concurso Funda\u00e7\u00e3o Sa\u00fade RJ: s\u00e3o 3.594 vagas tempor\u00e1rias de diversos n\u00edveis de forma\u00e7\u00e3o. Resultado final \u00e9 retificado! Confira os detalhes!\" \/>\n<meta name=\"robots\" content=\"index, follow, max-snippet:-1, max-image-preview:large, max-video-preview:-1\" \/>\n<link rel=\"canonical\" href=\"https:\/\/www.estrategiaconcursos.com.br\/blog\/concurso-fundacao-saude-rj-2\/\" \/>\n<meta property=\"og:locale\" content=\"pt_BR\" \/>\n<meta property=\"og:type\" content=\"article\" \/>\n<meta property=\"og:title\" content=\"Concurso Funda\u00e7\u00e3o Sa\u00fade RJ: resultado final \u00e9 retificado!\" \/>\n<meta property=\"og:description\" content=\"Concurso Funda\u00e7\u00e3o Sa\u00fade RJ: s\u00e3o 3.594 vagas tempor\u00e1rias de diversos n\u00edveis de forma\u00e7\u00e3o. Resultado final \u00e9 retificado! Confira os detalhes!\" \/>\n<meta property=\"og:url\" content=\"https:\/\/www.estrategiaconcursos.com.br\/blog\/concurso-fundacao-saude-rj-2\/\" \/>\n<meta property=\"og:site_name\" content=\"Estrat\u00e9gia Concursos\" \/>\n<meta property=\"article:author\" content=\"https:\/\/www.facebook.com\/EstrategiaConcursos\" \/>\n<meta property=\"article:published_time\" content=\"2022-08-05T21:58:18+00:00\" \/>\n<meta property=\"article:modified_time\" content=\"2022-08-06T13:38:12+00:00\" \/>\n<meta property=\"og:image\" content=\"https:\/\/dhg1h5j42swfq.cloudfront.net\/2021\/08\/20134002\/download-2.jpeg\" \/>\n\t<meta property=\"og:image:width\" content=\"768\" \/>\n\t<meta property=\"og:image:height\" content=\"432\" \/>\n\t<meta property=\"og:image:type\" content=\"image\/jpeg\" \/>\n<meta name=\"author\" content=\"Coordena\u00e7\u00e3o\" \/>\n<meta name=\"twitter:card\" content=\"summary_large_image\" \/>\n<meta name=\"twitter:creator\" content=\"@EstratConcursos\" \/>\n<meta name=\"twitter:site\" content=\"@EstratConcursos\" \/>\n<meta name=\"twitter:label1\" content=\"Escrito por\" \/>\n\t<meta name=\"twitter:data1\" content=\"Coordena\u00e7\u00e3o\" \/>\n\t<meta name=\"twitter:label2\" content=\"Est. tempo de leitura\" \/>\n\t<meta name=\"twitter:data2\" content=\"8 minutos\" \/>\n<script type=\"application\/ld+json\" class=\"yoast-schema-graph\">{\"@context\":\"https:\/\/schema.org\",\"@graph\":[{\"@type\":\"NewsArticle\",\"@id\":\"https:\/\/www.estrategiaconcursos.com.br\/blog\/concurso-fundacao-saude-rj-2\/#article\",\"isPartOf\":{\"@id\":\"https:\/\/www.estrategiaconcursos.com.br\/blog\/concurso-fundacao-saude-rj-2\/\"},\"author\":{\"name\":\"Coordena\u00e7\u00e3o\",\"@id\":\"https:\/\/www.estrategiaconcursos.com.br\/blog\/#\/schema\/person\/b4a388c97673c5f483d72185668afa1f\"},\"headline\":\"Concurso Funda\u00e7\u00e3o Sa\u00fade RJ: resultado final \u00e9 retificado!\",\"datePublished\":\"2022-08-05T21:58:18+00:00\",\"dateModified\":\"2022-08-06T13:38:12+00:00\",\"mainEntityOfPage\":{\"@id\":\"https:\/\/www.estrategiaconcursos.com.br\/blog\/concurso-fundacao-saude-rj-2\/\"},\"wordCount\":1412,\"commentCount\":1,\"publisher\":{\"@id\":\"https:\/\/www.estrategiaconcursos.com.br\/blog\/#organization\"},\"image\":{\"@id\":\"https:\/\/www.estrategiaconcursos.com.br\/blog\/concurso-fundacao-saude-rj-2\/#primaryimage\"},\"thumbnailUrl\":\"https:\/\/dhg1h5j42swfq.cloudfront.net\/2021\/08\/20134002\/download-2.jpeg\",\"articleSection\":[\"Sa\u00fade\"],\"inLanguage\":\"pt-BR\",\"potentialAction\":[{\"@type\":\"CommentAction\",\"name\":\"Comment\",\"target\":[\"https:\/\/www.estrategiaconcursos.com.br\/blog\/concurso-fundacao-saude-rj-2\/#respond\"]}],\"copyrightYear\":\"2022\",\"copyrightHolder\":{\"@id\":\"https:\/\/www.estrategiaconcursos.com.br\/blog\/#organization\"}},{\"@type\":\"WebPage\",\"@id\":\"https:\/\/www.estrategiaconcursos.com.br\/blog\/concurso-fundacao-saude-rj-2\/\",\"url\":\"https:\/\/www.estrategiaconcursos.com.br\/blog\/concurso-fundacao-saude-rj-2\/\",\"name\":\"Concurso Funda\u00e7\u00e3o Sa\u00fade RJ: resultado final \u00e9 retificado!\",\"isPartOf\":{\"@id\":\"https:\/\/www.estrategiaconcursos.com.br\/blog\/#website\"},\"primaryImageOfPage\":{\"@id\":\"https:\/\/www.estrategiaconcursos.com.br\/blog\/concurso-fundacao-saude-rj-2\/#primaryimage\"},\"image\":{\"@id\":\"https:\/\/www.estrategiaconcursos.com.br\/blog\/concurso-fundacao-saude-rj-2\/#primaryimage\"},\"thumbnailUrl\":\"https:\/\/dhg1h5j42swfq.cloudfront.net\/2021\/08\/20134002\/download-2.jpeg\",\"datePublished\":\"2022-08-05T21:58:18+00:00\",\"dateModified\":\"2022-08-06T13:38:12+00:00\",\"description\":\"Concurso Funda\u00e7\u00e3o Sa\u00fade RJ: s\u00e3o 3.594 vagas tempor\u00e1rias de diversos n\u00edveis de forma\u00e7\u00e3o. Resultado final \u00e9 retificado! Confira os detalhes!\",\"breadcrumb\":{\"@id\":\"https:\/\/www.estrategiaconcursos.com.br\/blog\/concurso-fundacao-saude-rj-2\/#breadcrumb\"},\"inLanguage\":\"pt-BR\",\"potentialAction\":[{\"@type\":\"ReadAction\",\"target\":[\"https:\/\/www.estrategiaconcursos.com.br\/blog\/concurso-fundacao-saude-rj-2\/\"]}]},{\"@type\":\"ImageObject\",\"inLanguage\":\"pt-BR\",\"@id\":\"https:\/\/www.estrategiaconcursos.com.br\/blog\/concurso-fundacao-saude-rj-2\/#primaryimage\",\"url\":\"https:\/\/dhg1h5j42swfq.cloudfront.net\/2021\/08\/20134002\/download-2.jpeg\",\"contentUrl\":\"https:\/\/dhg1h5j42swfq.cloudfront.net\/2021\/08\/20134002\/download-2.jpeg\",\"width\":768,\"height\":432,\"caption\":\"funda\u00e7\u00e3o sa\u00fade rj\"},{\"@type\":\"BreadcrumbList\",\"@id\":\"https:\/\/www.estrategiaconcursos.com.br\/blog\/concurso-fundacao-saude-rj-2\/#breadcrumb\",\"itemListElement\":[{\"@type\":\"ListItem\",\"position\":1,\"name\":\"In\u00edcio\",\"item\":\"https:\/\/www.estrategiaconcursos.com.br\/blog\/\"},{\"@type\":\"ListItem\",\"position\":2,\"name\":\"Concurso Funda\u00e7\u00e3o Sa\u00fade RJ: resultado final \u00e9 retificado!\"}]},{\"@type\":\"WebSite\",\"@id\":\"https:\/\/www.estrategiaconcursos.com.br\/blog\/#website\",\"url\":\"https:\/\/www.estrategiaconcursos.com.br\/blog\/\",\"name\":\"Estrat\u00e9gia Concursos\",\"description\":\"O blog da Estrat\u00e9gia Concursos traz not\u00edcias sobre concursos e artigos de professores oferecendo cursos para concursos (pdf + videaulas) no site.\",\"publisher\":{\"@id\":\"https:\/\/www.estrategiaconcursos.com.br\/blog\/#organization\"},\"potentialAction\":[{\"@type\":\"SearchAction\",\"target\":{\"@type\":\"EntryPoint\",\"urlTemplate\":\"https:\/\/www.estrategiaconcursos.com.br\/blog\/?s={search_term_string}\"},\"query-input\":{\"@type\":\"PropertyValueSpecification\",\"valueRequired\":true,\"valueName\":\"search_term_string\"}}],\"inLanguage\":\"pt-BR\"},{\"@type\":\"Organization\",\"@id\":\"https:\/\/www.estrategiaconcursos.com.br\/blog\/#organization\",\"name\":\"Estrat\u00e9gia Concursos\",\"url\":\"https:\/\/www.estrategiaconcursos.com.br\/blog\/\",\"logo\":{\"@type\":\"ImageObject\",\"inLanguage\":\"pt-BR\",\"@id\":\"https:\/\/www.estrategiaconcursos.com.br\/blog\/#\/schema\/logo\/image\/\",\"url\":\"https:\/\/dhg1h5j42swfq.cloudfront.net\/2025\/06\/03203428\/logo_concursos-1.jpg\",\"contentUrl\":\"https:\/\/dhg1h5j42swfq.cloudfront.net\/2025\/06\/03203428\/logo_concursos-1.jpg\",\"width\":230,\"height\":60,\"caption\":\"Estrat\u00e9gia Concursos\"},\"image\":{\"@id\":\"https:\/\/www.estrategiaconcursos.com.br\/blog\/#\/schema\/logo\/image\/\"},\"sameAs\":[\"https:\/\/x.com\/EstratConcursos\"]},{\"@type\":\"Person\",\"@id\":\"https:\/\/www.estrategiaconcursos.com.br\/blog\/#\/schema\/person\/b4a388c97673c5f483d72185668afa1f\",\"name\":\"Coordena\u00e7\u00e3o\",\"image\":{\"@type\":\"ImageObject\",\"inLanguage\":\"pt-BR\",\"@id\":\"https:\/\/secure.gravatar.com\/avatar\/b720319e4c9a967eb58678d110f4fe35452fc5d5f97b202bac7b8acceb18c6ad?s=96&d=mm&r=g\",\"url\":\"https:\/\/secure.gravatar.com\/avatar\/b720319e4c9a967eb58678d110f4fe35452fc5d5f97b202bac7b8acceb18c6ad?s=96&d=mm&r=g\",\"contentUrl\":\"https:\/\/secure.gravatar.com\/avatar\/b720319e4c9a967eb58678d110f4fe35452fc5d5f97b202bac7b8acceb18c6ad?s=96&d=mm&r=g\",\"caption\":\"Coordena\u00e7\u00e3o\"},\"sameAs\":[\"https:\/\/www.facebook.com\/EstrategiaConcursos\",\"https:\/\/x.com\/EstratConcursos\"],\"url\":\"https:\/\/www.estrategiaconcursos.com.br\/blog\/author\/estrategia2013\/\"}]}<\/script>\n<!-- \/ Yoast SEO Premium plugin. -->","yoast_head_json":{"title":"Concurso Funda\u00e7\u00e3o Sa\u00fade RJ: resultado final \u00e9 retificado!","description":"Concurso Funda\u00e7\u00e3o Sa\u00fade RJ: s\u00e3o 3.594 vagas tempor\u00e1rias de diversos n\u00edveis de forma\u00e7\u00e3o. Resultado final \u00e9 retificado! Confira os detalhes!","robots":{"index":"index","follow":"follow","max-snippet":"max-snippet:-1","max-image-preview":"max-image-preview:large","max-video-preview":"max-video-preview:-1"},"canonical":"https:\/\/www.estrategiaconcursos.com.br\/blog\/concurso-fundacao-saude-rj-2\/","og_locale":"pt_BR","og_type":"article","og_title":"Concurso Funda\u00e7\u00e3o Sa\u00fade RJ: resultado final \u00e9 retificado!","og_description":"Concurso Funda\u00e7\u00e3o Sa\u00fade RJ: s\u00e3o 3.594 vagas tempor\u00e1rias de diversos n\u00edveis de forma\u00e7\u00e3o. Resultado final \u00e9 retificado! Confira os detalhes!","og_url":"https:\/\/www.estrategiaconcursos.com.br\/blog\/concurso-fundacao-saude-rj-2\/","og_site_name":"Estrat\u00e9gia Concursos","article_author":"https:\/\/www.facebook.com\/EstrategiaConcursos","article_published_time":"2022-08-05T21:58:18+00:00","article_modified_time":"2022-08-06T13:38:12+00:00","og_image":[{"width":768,"height":432,"url":"https:\/\/dhg1h5j42swfq.cloudfront.net\/2021\/08\/20134002\/download-2.jpeg","type":"image\/jpeg"}],"author":"Coordena\u00e7\u00e3o","twitter_card":"summary_large_image","twitter_creator":"@EstratConcursos","twitter_site":"@EstratConcursos","twitter_misc":{"Escrito por":"Coordena\u00e7\u00e3o","Est. tempo de leitura":"8 minutos"},"schema":{"@context":"https:\/\/schema.org","@graph":[{"@type":"NewsArticle","@id":"https:\/\/www.estrategiaconcursos.com.br\/blog\/concurso-fundacao-saude-rj-2\/#article","isPartOf":{"@id":"https:\/\/www.estrategiaconcursos.com.br\/blog\/concurso-fundacao-saude-rj-2\/"},"author":{"name":"Coordena\u00e7\u00e3o","@id":"https:\/\/www.estrategiaconcursos.com.br\/blog\/#\/schema\/person\/b4a388c97673c5f483d72185668afa1f"},"headline":"Concurso Funda\u00e7\u00e3o Sa\u00fade RJ: resultado final \u00e9 retificado!","datePublished":"2022-08-05T21:58:18+00:00","dateModified":"2022-08-06T13:38:12+00:00","mainEntityOfPage":{"@id":"https:\/\/www.estrategiaconcursos.com.br\/blog\/concurso-fundacao-saude-rj-2\/"},"wordCount":1412,"commentCount":1,"publisher":{"@id":"https:\/\/www.estrategiaconcursos.com.br\/blog\/#organization"},"image":{"@id":"https:\/\/www.estrategiaconcursos.com.br\/blog\/concurso-fundacao-saude-rj-2\/#primaryimage"},"thumbnailUrl":"https:\/\/dhg1h5j42swfq.cloudfront.net\/2021\/08\/20134002\/download-2.jpeg","articleSection":["Sa\u00fade"],"inLanguage":"pt-BR","potentialAction":[{"@type":"CommentAction","name":"Comment","target":["https:\/\/www.estrategiaconcursos.com.br\/blog\/concurso-fundacao-saude-rj-2\/#respond"]}],"copyrightYear":"2022","copyrightHolder":{"@id":"https:\/\/www.estrategiaconcursos.com.br\/blog\/#organization"}},{"@type":"WebPage","@id":"https:\/\/www.estrategiaconcursos.com.br\/blog\/concurso-fundacao-saude-rj-2\/","url":"https:\/\/www.estrategiaconcursos.com.br\/blog\/concurso-fundacao-saude-rj-2\/","name":"Concurso Funda\u00e7\u00e3o Sa\u00fade RJ: resultado final \u00e9 retificado!","isPartOf":{"@id":"https:\/\/www.estrategiaconcursos.com.br\/blog\/#website"},"primaryImageOfPage":{"@id":"https:\/\/www.estrategiaconcursos.com.br\/blog\/concurso-fundacao-saude-rj-2\/#primaryimage"},"image":{"@id":"https:\/\/www.estrategiaconcursos.com.br\/blog\/concurso-fundacao-saude-rj-2\/#primaryimage"},"thumbnailUrl":"https:\/\/dhg1h5j42swfq.cloudfront.net\/2021\/08\/20134002\/download-2.jpeg","datePublished":"2022-08-05T21:58:18+00:00","dateModified":"2022-08-06T13:38:12+00:00","description":"Concurso Funda\u00e7\u00e3o Sa\u00fade RJ: s\u00e3o 3.594 vagas tempor\u00e1rias de diversos n\u00edveis de forma\u00e7\u00e3o. Resultado final \u00e9 retificado! Confira os detalhes!","breadcrumb":{"@id":"https:\/\/www.estrategiaconcursos.com.br\/blog\/concurso-fundacao-saude-rj-2\/#breadcrumb"},"inLanguage":"pt-BR","potentialAction":[{"@type":"ReadAction","target":["https:\/\/www.estrategiaconcursos.com.br\/blog\/concurso-fundacao-saude-rj-2\/"]}]},{"@type":"ImageObject","inLanguage":"pt-BR","@id":"https:\/\/www.estrategiaconcursos.com.br\/blog\/concurso-fundacao-saude-rj-2\/#primaryimage","url":"https:\/\/dhg1h5j42swfq.cloudfront.net\/2021\/08\/20134002\/download-2.jpeg","contentUrl":"https:\/\/dhg1h5j42swfq.cloudfront.net\/2021\/08\/20134002\/download-2.jpeg","width":768,"height":432,"caption":"funda\u00e7\u00e3o sa\u00fade rj"},{"@type":"BreadcrumbList","@id":"https:\/\/www.estrategiaconcursos.com.br\/blog\/concurso-fundacao-saude-rj-2\/#breadcrumb","itemListElement":[{"@type":"ListItem","position":1,"name":"In\u00edcio","item":"https:\/\/www.estrategiaconcursos.com.br\/blog\/"},{"@type":"ListItem","position":2,"name":"Concurso Funda\u00e7\u00e3o Sa\u00fade RJ: resultado final \u00e9 retificado!"}]},{"@type":"WebSite","@id":"https:\/\/www.estrategiaconcursos.com.br\/blog\/#website","url":"https:\/\/www.estrategiaconcursos.com.br\/blog\/","name":"Estrat\u00e9gia Concursos","description":"O blog da Estrat\u00e9gia Concursos traz not\u00edcias sobre concursos e artigos de professores oferecendo cursos para concursos (pdf + videaulas) no site.","publisher":{"@id":"https:\/\/www.estrategiaconcursos.com.br\/blog\/#organization"},"potentialAction":[{"@type":"SearchAction","target":{"@type":"EntryPoint","urlTemplate":"https:\/\/www.estrategiaconcursos.com.br\/blog\/?s={search_term_string}"},"query-input":{"@type":"PropertyValueSpecification","valueRequired":true,"valueName":"search_term_string"}}],"inLanguage":"pt-BR"},{"@type":"Organization","@id":"https:\/\/www.estrategiaconcursos.com.br\/blog\/#organization","name":"Estrat\u00e9gia Concursos","url":"https:\/\/www.estrategiaconcursos.com.br\/blog\/","logo":{"@type":"ImageObject","inLanguage":"pt-BR","@id":"https:\/\/www.estrategiaconcursos.com.br\/blog\/#\/schema\/logo\/image\/","url":"https:\/\/dhg1h5j42swfq.cloudfront.net\/2025\/06\/03203428\/logo_concursos-1.jpg","contentUrl":"https:\/\/dhg1h5j42swfq.cloudfront.net\/2025\/06\/03203428\/logo_concursos-1.jpg","width":230,"height":60,"caption":"Estrat\u00e9gia Concursos"},"image":{"@id":"https:\/\/www.estrategiaconcursos.com.br\/blog\/#\/schema\/logo\/image\/"},"sameAs":["https:\/\/x.com\/EstratConcursos"]},{"@type":"Person","@id":"https:\/\/www.estrategiaconcursos.com.br\/blog\/#\/schema\/person\/b4a388c97673c5f483d72185668afa1f","name":"Coordena\u00e7\u00e3o","image":{"@type":"ImageObject","inLanguage":"pt-BR","@id":"https:\/\/secure.gravatar.com\/avatar\/b720319e4c9a967eb58678d110f4fe35452fc5d5f97b202bac7b8acceb18c6ad?s=96&d=mm&r=g","url":"https:\/\/secure.gravatar.com\/avatar\/b720319e4c9a967eb58678d110f4fe35452fc5d5f97b202bac7b8acceb18c6ad?s=96&d=mm&r=g","contentUrl":"https:\/\/secure.gravatar.com\/avatar\/b720319e4c9a967eb58678d110f4fe35452fc5d5f97b202bac7b8acceb18c6ad?s=96&d=mm&r=g","caption":"Coordena\u00e7\u00e3o"},"sameAs":["https:\/\/www.facebook.com\/EstrategiaConcursos","https:\/\/x.com\/EstratConcursos"],"url":"https:\/\/www.estrategiaconcursos.com.br\/blog\/author\/estrategia2013\/"}]}},"_links":{"self":[{"href":"https:\/\/www.estrategiaconcursos.com.br\/blog\/wp-json\/wp\/v2\/posts\/463629","targetHints":{"allow":["GET"]}}],"collection":[{"href":"https:\/\/www.estrategiaconcursos.com.br\/blog\/wp-json\/wp\/v2\/posts"}],"about":[{"href":"https:\/\/www.estrategiaconcursos.com.br\/blog\/wp-json\/wp\/v2\/types\/post"}],"author":[{"embeddable":true,"href":"https:\/\/www.estrategiaconcursos.com.br\/blog\/wp-json\/wp\/v2\/users\/1"}],"replies":[{"embeddable":true,"href":"https:\/\/www.estrategiaconcursos.com.br\/blog\/wp-json\/wp\/v2\/comments?post=463629"}],"version-history":[{"count":49,"href":"https:\/\/www.estrategiaconcursos.com.br\/blog\/wp-json\/wp\/v2\/posts\/463629\/revisions"}],"predecessor-version":[{"id":1073322,"href":"https:\/\/www.estrategiaconcursos.com.br\/blog\/wp-json\/wp\/v2\/posts\/463629\/revisions\/1073322"}],"wp:featuredmedia":[{"embeddable":true,"href":"https:\/\/www.estrategiaconcursos.com.br\/blog\/wp-json\/wp\/v2\/media\/841323"}],"wp:attachment":[{"href":"https:\/\/www.estrategiaconcursos.com.br\/blog\/wp-json\/wp\/v2\/media?parent=463629"}],"wp:term":[{"taxonomy":"category","embeddable":true,"href":"https:\/\/www.estrategiaconcursos.com.br\/blog\/wp-json\/wp\/v2\/categories?post=463629"},{"taxonomy":"post_tag","embeddable":true,"href":"https:\/\/www.estrategiaconcursos.com.br\/blog\/wp-json\/wp\/v2\/tags?post=463629"},{"taxonomy":"tax_estado","embeddable":true,"href":"https:\/\/www.estrategiaconcursos.com.br\/blog\/wp-json\/wp\/v2\/tax_estado?post=463629"}],"curies":[{"name":"wp","href":"https:\/\/api.w.org\/{rel}","templated":true}]}}