{"id":463605,"date":"2019-12-23T10:06:40","date_gmt":"2019-12-23T13:06:40","guid":{"rendered":"https:\/\/www.estrategiaconcursos.com.br\/blog\/?p=463605"},"modified":"2019-12-23T10:06:43","modified_gmt":"2019-12-23T13:06:43","slug":"concurso-camara-de-viamao-rs-inscricoes","status":"publish","type":"post","link":"https:\/\/www.estrategiaconcursos.com.br\/blog\/concurso-camara-de-viamao-rs-inscricoes\/","title":{"rendered":"Concurso C\u00e2mara de Viam\u00e3o RS: Inscri\u00e7\u00f5es encerradas"},"content":{"rendered":"\n<p>O <strong>concurso da C\u00e2mara de Viam\u00e3o, munic\u00edpio localizado no Rio Grande do Sul<\/strong>, est\u00e1 com as <strong>inscri\u00e7\u00f5es oficialmente encerradas<\/strong> para o preenchimento de <strong>9 vagas<\/strong> mais cadastro reserva para cargos de <strong>Ensino Fundamental e M\u00e9dio<\/strong>.<\/p>\n\n\n\n<p>Os candidatos deveriam efetuar as inscri\u00e7\u00f5es at\u00e9<strong> 23h59min de 22 de dezembro de 2019<\/strong>, pela internet, no site da banca organizadora <em>Instituto de Desenvolvimento Institucional Brasileiro (IDIB).<\/em> <\/p>\n\n\n\n<h2 class=\"wp-block-heading\">Vagas e Remunera\u00e7\u00e3o no concurso C\u00e2mara de Viam\u00e3o<\/h2>\n\n\n\n<p>O concurso C\u00e2mara de Viam\u00e3o oferta 9 vagas para cargos de n\u00edvel m\u00e9dio e fundamental com sal\u00e1rios a partir de R$2.027,54. Confira abaixo os cargos com oportunidades em aberto.  <\/p>\n\n\n\n<p>AGENTE DE ARQUIVO &#8211; 1 vaga (25h\/semana)<br \/><strong>Requisito<\/strong>: Ensino m\u00e9dio completo e curso em t\u00e9cnicas de arquivo. <br \/><strong>Remunera\u00e7\u00e3o:<\/strong> R$2.027,54 <\/p>\n\n\n\n<p>AGENTE DE COMPRAS E PATRIM\u00d4NIO &#8211; 1 vaga (25h\/semana) <br \/><strong>Requisito<\/strong>: Ensino m\u00e9dio completo<br \/><strong>Remunera\u00e7\u00e3o<\/strong>: R$2.027,54<\/p>\n\n\n\n<p>AGENTE DE RECURSOS HUMANOS &#8211; 1 vaga (25h\/semana)   <br \/><strong>Requisito<\/strong>: Ensino m\u00e9dio completo <br \/><strong>Remunera\u00e7\u00e3o<\/strong>: R$2.027,54<\/p>\n\n\n\n<p>AGENTE DE SECRETARIA &#8211; 1 vaga (25h\/semana)   <br \/><strong>Requisito<\/strong>: Ensino m\u00e9dio completo <br \/><strong>Remunera\u00e7\u00e3o<\/strong>: R$2.027,54 <\/p>\n\n\n\n<p>AGENTE PARLAMENTAR &#8211; 1 vaga (25h\/semana)   <br \/><strong>Requisito:<\/strong> Ensino m\u00e9dio completo<br \/><strong>Remunera\u00e7\u00e3o<\/strong>: R$2.329,13  <\/p>\n\n\n\n<p>ALMOXARIFE PARLAMENTAR &#8211; 1 vaga (25h\/semana)   <br \/><strong>Requisito<\/strong>: Ensino m\u00e9dio completo <br \/><strong>Remunera\u00e7\u00e3o<\/strong>: R$2.329,13  <\/p>\n\n\n\n<p>AUXILIAR ADMINISTRATIVO PARLAMENTAR &#8211; 1 vaga (25h\/semana)   <br \/><strong>Requisito<\/strong>: Ensino m\u00e9dio completo <br \/><strong>Remunera\u00e7\u00e3o<\/strong>: R$ 2.225,12 <\/p>\n\n\n\n<p>AGENTE DE PORTARIA &#8211; 1 vaga (25h\/semana)<br \/><strong>Requisito:<\/strong> Ensino fundamental completo.<br \/><strong>Remunera\u00e7\u00e3o<\/strong>: R$2.027,54  <\/p>\n\n\n\n<p>MOTORISTA DO LEGISLATIVO &#8211; 1 vaga (25h\/semana)<br \/><strong>Requisito<\/strong>: Ensino fundamental completo e CNH tipo B<br \/><strong>Remunera\u00e7\u00e3o<\/strong>: R$2.131,03   <\/p>\n\n\n\n<h2 class=\"wp-block-heading\">Etapas do concurso C\u00e2mara de Viam\u00e3o<\/h2>\n\n\n\n<p>O certame ser\u00e1 composto de <strong>uma etapa<\/strong> constitu\u00edda de<strong> prova objetiva<\/strong> com <strong>40 quest\u00f5es de m\u00faltipla escolha<\/strong>. Cada quest\u00e3o ter\u00e1 5 alternativas (A a E), sendo uma entre elas a correta.<\/p>\n\n\n\n<p>A avalia\u00e7\u00e3o ser\u00e1 <strong>aplicada no dia 01 de mar\u00e7o<\/strong> de 2020, no per\u00edodos da <strong>manh\u00e3<\/strong> (09 horas) para os cargos de <strong>n\u00edvel fundamental <\/strong>e a <strong>tarde<\/strong> (15 horas), <strong>n\u00edvel m\u00e9dio<\/strong>. <\/p>\n\n\n\n<p><em>Veja abaixo as disciplinas cobradas e quantidade de quest\u00f5es.<\/em><\/p>\n\n\n\n<figure class=\"wp-block-table is-style-stripes\"><table class=\"has-subtle-pale-green-background-color has-fixed-layout has-background\"><tbody><tr><td><strong>Disciplinas<\/strong><\/td><td><strong>Quantidade de quest\u00f5es<\/strong><\/td><td><strong>Peso<\/strong><\/td><td><strong>Total<\/strong><\/td><\/tr><tr><td>L\u00edngua Portuguesa  <\/td><td>10<\/td><td>1<\/td><td>10<\/td><\/tr><tr><td>Legisla\u00e7\u00e3o  <\/td><td>06<\/td><td>1<\/td><td>6<\/td><\/tr><tr><td>Inform\u00e1tica <\/td><td>04<\/td><td>1<\/td><td>4<\/td><\/tr><tr><td>Conhecimentos Espec\u00edficos  <\/td><td>20<\/td><td>2<\/td><td>40<\/td><\/tr><tr><td><strong>Total<\/strong><\/td><td>40<\/td><td><\/td><td>60<\/td><\/tr><\/tbody><\/table><\/figure>\n\n\n\n<p>Ser\u00e1 considerado habilitado na prova objetiva o candidato que obtiver nota igual ou superior a 50% do total de pontos de cada conte\u00fado.<\/p>\n\n\n\n<p>Para saber mais sobre este certame, acesse a mat\u00e9ria completa:<\/p>\n\n\n\n<p class=\"has-background has-text-align-center has-very-light-gray-background-color\"><a href=\"https:\/\/www.estrategiaconcursos.com.br\/blog\/concurso-camara-de-viamao-rs\/\"><strong>Concurso C\u00e2mara de Viam\u00e3o &#8211; RS<\/strong><\/a><\/p>\n\n\n\n<p style=\"font-size:25px\" class=\"has-background has-text-align-center has-luminous-vivid-amber-background-color\"><em><strong><a rel=\"noreferrer noopener\" href=\"https:\/\/www.estrategiaconcursos.com.br\/cursos\/concurso\/\" target=\"_blank\">Cursos para concursos<\/a><\/strong><\/em><\/p>\n\n\n\n<p class=\"has-text-align-center\"><em><strong>Assinatura Anual Ilimitada*<\/strong><\/em><\/p>\n\n\n\n<p><em>Prepare-se com o melhor material e com quem mais aprova em&nbsp;Concursos P\u00fablicos de todo o pa\u00eds. Assine agora a nossa Assinatura Anual e tenha acesso ilimitado a todos os nossos cursos.<\/em><\/p>\n\n\n\n<p class=\"has-background has-text-align-center has-medium-font-size has-light-green-cyan-background-color\"><strong>ASSINE AGORA<\/strong>&nbsp;\u2013&nbsp;<a rel=\"noreferrer noopener\" href=\"https:\/\/www.estrategiaconcursos.com.br\/assinaturas\" target=\"_blank\"><strong>Assinatura Ilimitada<\/strong><\/a><\/p>\n\n\n\n<p class=\"has-text-align-center\"><strong><em>Fique por dentro dos concursos vigentes:<\/em><\/strong><\/p>\n\n\n\n<p class=\"has-background has-text-align-center has-medium-font-size has-pale-cyan-blue-background-color\"><strong><a href=\"https:\/\/www.estrategiaconcursos.com.br\/blog\/concursos-abertos\/\" target=\"_blank\" rel=\"noreferrer noopener\">CONCURSOS ABERTOS<\/a><\/strong><\/p>\n\n\n\n<p class=\"has-background has-text-align-center has-medium-font-size has-pale-cyan-blue-background-color\"><strong><a href=\"https:\/\/www.estrategiaconcursos.com.br\/blog\/concursos-2019\/\" target=\"_blank\" rel=\"noreferrer noopener\">CONCURSOS 2019<\/a><\/strong><\/p>\n\n\n\n<p class=\"has-background has-text-align-center has-medium-font-size has-pale-cyan-blue-background-color\"><strong><a href=\"https:\/\/www.estrategiaconcursos.com.br\/blog\/concursos-2020\/\" target=\"_blank\" rel=\"noreferrer noopener\">CONCURSOS&nbsp;2020<\/a><\/strong><\/p>\n","protected":false},"excerpt":{"rendered":"<p>O concurso da C\u00e2mara de Viam\u00e3o, munic\u00edpio localizado no Rio Grande do Sul, est\u00e1 com as inscri\u00e7\u00f5es oficialmente encerradas para o preenchimento de 9 vagas mais cadastro reserva para cargos de Ensino Fundamental e M\u00e9dio. Os candidatos deveriam efetuar as inscri\u00e7\u00f5es at\u00e9 23h59min de 22 de dezembro de 2019, pela internet, no site da banca [&hellip;]<\/p>\n","protected":false},"author":657,"featured_media":463613,"comment_status":"open","ping_status":"closed","sticky":false,"template":"","format":"standard","meta":{"post_tipo":"article","footnotes":""},"categories":[1],"tags":[],"tax_estado":[],"class_list":["post-463605","post","type-post","status-publish","format-standard","has-post-thumbnail","hentry","category-cursos-e-concursos"],"acf":[],"yoast_head":"<!-- This site is optimized with the Yoast SEO Premium plugin v27.2 (Yoast SEO v27.2) - https:\/\/yoast.com\/product\/yoast-seo-premium-wordpress\/ -->\n<title>Concurso C\u00e2mara de Viam\u00e3o RS: Inscri\u00e7\u00f5es encerradas<\/title>\n<meta name=\"robots\" content=\"index, follow, max-snippet:-1, max-image-preview:large, max-video-preview:-1\" \/>\n<link rel=\"canonical\" href=\"https:\/\/www.estrategiaconcursos.com.br\/blog\/concurso-camara-de-viamao-rs-inscricoes\/\" \/>\n<meta property=\"og:locale\" content=\"pt_BR\" \/>\n<meta property=\"og:type\" content=\"article\" \/>\n<meta property=\"og:title\" content=\"Concurso C\u00e2mara de Viam\u00e3o RS: Inscri\u00e7\u00f5es encerradas\" \/>\n<meta property=\"og:description\" content=\"O concurso da C\u00e2mara de Viam\u00e3o, munic\u00edpio localizado no Rio Grande do Sul, est\u00e1 com as inscri\u00e7\u00f5es oficialmente encerradas para o preenchimento de 9 vagas mais cadastro reserva para cargos de Ensino Fundamental e M\u00e9dio. Os candidatos deveriam efetuar as inscri\u00e7\u00f5es at\u00e9 23h59min de 22 de dezembro de 2019, pela internet, no site da banca [&hellip;]\" \/>\n<meta property=\"og:url\" content=\"https:\/\/www.estrategiaconcursos.com.br\/blog\/concurso-camara-de-viamao-rs-inscricoes\/\" \/>\n<meta property=\"og:site_name\" content=\"Estrat\u00e9gia Concursos\" \/>\n<meta property=\"article:published_time\" content=\"2019-12-23T13:06:40+00:00\" \/>\n<meta property=\"article:modified_time\" content=\"2019-12-23T13:06:43+00:00\" \/>\n<meta property=\"og:image\" content=\"https:\/\/dhg1h5j42swfq.cloudfront.net\/2019\/12\/23100622\/viam%C3%A3o.png\" \/>\n\t<meta property=\"og:image:width\" content=\"600\" \/>\n\t<meta property=\"og:image:height\" content=\"250\" \/>\n\t<meta property=\"og:image:type\" content=\"image\/png\" \/>\n<meta name=\"author\" content=\"Nat\u00e1lia Scarano\" \/>\n<meta name=\"twitter:card\" content=\"summary_large_image\" \/>\n<meta name=\"twitter:creator\" content=\"@EstratConcursos\" \/>\n<meta name=\"twitter:site\" content=\"@EstratConcursos\" \/>\n<meta name=\"twitter:label1\" content=\"Escrito por\" \/>\n\t<meta name=\"twitter:data1\" content=\"Nat\u00e1lia Scarano\" \/>\n\t<meta name=\"twitter:label2\" content=\"Est. tempo de leitura\" \/>\n\t<meta name=\"twitter:data2\" content=\"2 minutos\" \/>\n<script type=\"application\/ld+json\" class=\"yoast-schema-graph\">{\"@context\":\"https:\/\/schema.org\",\"@graph\":[{\"@type\":\"NewsArticle\",\"@id\":\"https:\/\/www.estrategiaconcursos.com.br\/blog\/concurso-camara-de-viamao-rs-inscricoes\/#article\",\"isPartOf\":{\"@id\":\"https:\/\/www.estrategiaconcursos.com.br\/blog\/concurso-camara-de-viamao-rs-inscricoes\/\"},\"author\":{\"name\":\"Nat\u00e1lia Scarano\",\"@id\":\"https:\/\/www.estrategiaconcursos.com.br\/blog\/#\/schema\/person\/751aedf909a9d10cb23ce6ac527ce0f2\"},\"headline\":\"Concurso C\u00e2mara de Viam\u00e3o RS: Inscri\u00e7\u00f5es encerradas\",\"datePublished\":\"2019-12-23T13:06:40+00:00\",\"dateModified\":\"2019-12-23T13:06:43+00:00\",\"mainEntityOfPage\":{\"@id\":\"https:\/\/www.estrategiaconcursos.com.br\/blog\/concurso-camara-de-viamao-rs-inscricoes\/\"},\"wordCount\":467,\"commentCount\":0,\"publisher\":{\"@id\":\"https:\/\/www.estrategiaconcursos.com.br\/blog\/#organization\"},\"image\":{\"@id\":\"https:\/\/www.estrategiaconcursos.com.br\/blog\/concurso-camara-de-viamao-rs-inscricoes\/#primaryimage\"},\"thumbnailUrl\":\"https:\/\/dhg1h5j42swfq.cloudfront.net\/2019\/12\/23100622\/viam%C3%A3o.png\",\"articleSection\":[\"Concursos P\u00fablicos\"],\"inLanguage\":\"pt-BR\",\"potentialAction\":[{\"@type\":\"CommentAction\",\"name\":\"Comment\",\"target\":[\"https:\/\/www.estrategiaconcursos.com.br\/blog\/concurso-camara-de-viamao-rs-inscricoes\/#respond\"]}],\"copyrightYear\":\"2019\",\"copyrightHolder\":{\"@id\":\"https:\/\/www.estrategiaconcursos.com.br\/blog\/#organization\"}},{\"@type\":\"WebPage\",\"@id\":\"https:\/\/www.estrategiaconcursos.com.br\/blog\/concurso-camara-de-viamao-rs-inscricoes\/\",\"url\":\"https:\/\/www.estrategiaconcursos.com.br\/blog\/concurso-camara-de-viamao-rs-inscricoes\/\",\"name\":\"Concurso C\u00e2mara de Viam\u00e3o RS: Inscri\u00e7\u00f5es encerradas\",\"isPartOf\":{\"@id\":\"https:\/\/www.estrategiaconcursos.com.br\/blog\/#website\"},\"primaryImageOfPage\":{\"@id\":\"https:\/\/www.estrategiaconcursos.com.br\/blog\/concurso-camara-de-viamao-rs-inscricoes\/#primaryimage\"},\"image\":{\"@id\":\"https:\/\/www.estrategiaconcursos.com.br\/blog\/concurso-camara-de-viamao-rs-inscricoes\/#primaryimage\"},\"thumbnailUrl\":\"https:\/\/dhg1h5j42swfq.cloudfront.net\/2019\/12\/23100622\/viam%C3%A3o.png\",\"datePublished\":\"2019-12-23T13:06:40+00:00\",\"dateModified\":\"2019-12-23T13:06:43+00:00\",\"breadcrumb\":{\"@id\":\"https:\/\/www.estrategiaconcursos.com.br\/blog\/concurso-camara-de-viamao-rs-inscricoes\/#breadcrumb\"},\"inLanguage\":\"pt-BR\",\"potentialAction\":[{\"@type\":\"ReadAction\",\"target\":[\"https:\/\/www.estrategiaconcursos.com.br\/blog\/concurso-camara-de-viamao-rs-inscricoes\/\"]}]},{\"@type\":\"ImageObject\",\"inLanguage\":\"pt-BR\",\"@id\":\"https:\/\/www.estrategiaconcursos.com.br\/blog\/concurso-camara-de-viamao-rs-inscricoes\/#primaryimage\",\"url\":\"https:\/\/dhg1h5j42swfq.cloudfront.net\/2019\/12\/23100622\/viam%C3%A3o.png\",\"contentUrl\":\"https:\/\/dhg1h5j42swfq.cloudfront.net\/2019\/12\/23100622\/viam%C3%A3o.png\",\"width\":600,\"height\":250},{\"@type\":\"BreadcrumbList\",\"@id\":\"https:\/\/www.estrategiaconcursos.com.br\/blog\/concurso-camara-de-viamao-rs-inscricoes\/#breadcrumb\",\"itemListElement\":[{\"@type\":\"ListItem\",\"position\":1,\"name\":\"In\u00edcio\",\"item\":\"https:\/\/www.estrategiaconcursos.com.br\/blog\/\"},{\"@type\":\"ListItem\",\"position\":2,\"name\":\"Concurso C\u00e2mara de Viam\u00e3o RS: Inscri\u00e7\u00f5es encerradas\"}]},{\"@type\":\"WebSite\",\"@id\":\"https:\/\/www.estrategiaconcursos.com.br\/blog\/#website\",\"url\":\"https:\/\/www.estrategiaconcursos.com.br\/blog\/\",\"name\":\"Estrat\u00e9gia Concursos\",\"description\":\"O blog da Estrat\u00e9gia Concursos traz not\u00edcias sobre concursos e artigos de professores oferecendo cursos para concursos (pdf + videaulas) no site.\",\"publisher\":{\"@id\":\"https:\/\/www.estrategiaconcursos.com.br\/blog\/#organization\"},\"potentialAction\":[{\"@type\":\"SearchAction\",\"target\":{\"@type\":\"EntryPoint\",\"urlTemplate\":\"https:\/\/www.estrategiaconcursos.com.br\/blog\/?s={search_term_string}\"},\"query-input\":{\"@type\":\"PropertyValueSpecification\",\"valueRequired\":true,\"valueName\":\"search_term_string\"}}],\"inLanguage\":\"pt-BR\"},{\"@type\":\"Organization\",\"@id\":\"https:\/\/www.estrategiaconcursos.com.br\/blog\/#organization\",\"name\":\"Estrat\u00e9gia Concursos\",\"url\":\"https:\/\/www.estrategiaconcursos.com.br\/blog\/\",\"logo\":{\"@type\":\"ImageObject\",\"inLanguage\":\"pt-BR\",\"@id\":\"https:\/\/www.estrategiaconcursos.com.br\/blog\/#\/schema\/logo\/image\/\",\"url\":\"https:\/\/dhg1h5j42swfq.cloudfront.net\/2025\/06\/03203428\/logo_concursos-1.jpg\",\"contentUrl\":\"https:\/\/dhg1h5j42swfq.cloudfront.net\/2025\/06\/03203428\/logo_concursos-1.jpg\",\"width\":230,\"height\":60,\"caption\":\"Estrat\u00e9gia Concursos\"},\"image\":{\"@id\":\"https:\/\/www.estrategiaconcursos.com.br\/blog\/#\/schema\/logo\/image\/\"},\"sameAs\":[\"https:\/\/x.com\/EstratConcursos\"]},{\"@type\":\"Person\",\"@id\":\"https:\/\/www.estrategiaconcursos.com.br\/blog\/#\/schema\/person\/751aedf909a9d10cb23ce6ac527ce0f2\",\"name\":\"Nat\u00e1lia Scarano\",\"image\":{\"@type\":\"ImageObject\",\"inLanguage\":\"pt-BR\",\"@id\":\"https:\/\/secure.gravatar.com\/avatar\/8a889b8db3dbd227a1a78627357ec8fe64f5e99189d1889a270127828ab372ac?s=96&d=mm&r=g\",\"url\":\"https:\/\/secure.gravatar.com\/avatar\/8a889b8db3dbd227a1a78627357ec8fe64f5e99189d1889a270127828ab372ac?s=96&d=mm&r=g\",\"contentUrl\":\"https:\/\/secure.gravatar.com\/avatar\/8a889b8db3dbd227a1a78627357ec8fe64f5e99189d1889a270127828ab372ac?s=96&d=mm&r=g\",\"caption\":\"Nat\u00e1lia Scarano\"},\"description\":\"Jornalista, formada e p\u00f3s graduada pelo IESB, faz parte do time de jornalistas do Estrat\u00e9gia desde 2017. Possui familiaridade com as \u00e1reas de Tribunais, Defensorias, Procuradorias, Minist\u00e9rios P\u00fablicos, Conselhos, Educa\u00e7\u00e3o, \u00c1rea de Seguran\u00e7a, concursos de Carreiras Jur\u00eddicas e OAB. Experi\u00eancia em marketing digital, assessoria de comunica\u00e7\u00e3o e institucional na \u00e1rea privada e p\u00fablica, com atua\u00e7\u00e3o em \u00f3rg\u00e3os como CGU, Cofen e CNM.\",\"url\":\"https:\/\/www.estrategiaconcursos.com.br\/blog\/author\/natalia-scaranoestrategiaconcursos-com-br\/\"}]}<\/script>\n<!-- \/ Yoast SEO Premium plugin. -->","yoast_head_json":{"title":"Concurso C\u00e2mara de Viam\u00e3o RS: Inscri\u00e7\u00f5es encerradas","robots":{"index":"index","follow":"follow","max-snippet":"max-snippet:-1","max-image-preview":"max-image-preview:large","max-video-preview":"max-video-preview:-1"},"canonical":"https:\/\/www.estrategiaconcursos.com.br\/blog\/concurso-camara-de-viamao-rs-inscricoes\/","og_locale":"pt_BR","og_type":"article","og_title":"Concurso C\u00e2mara de Viam\u00e3o RS: Inscri\u00e7\u00f5es encerradas","og_description":"O concurso da C\u00e2mara de Viam\u00e3o, munic\u00edpio localizado no Rio Grande do Sul, est\u00e1 com as inscri\u00e7\u00f5es oficialmente encerradas para o preenchimento de 9 vagas mais cadastro reserva para cargos de Ensino Fundamental e M\u00e9dio. Os candidatos deveriam efetuar as inscri\u00e7\u00f5es at\u00e9 23h59min de 22 de dezembro de 2019, pela internet, no site da banca [&hellip;]","og_url":"https:\/\/www.estrategiaconcursos.com.br\/blog\/concurso-camara-de-viamao-rs-inscricoes\/","og_site_name":"Estrat\u00e9gia Concursos","article_published_time":"2019-12-23T13:06:40+00:00","article_modified_time":"2019-12-23T13:06:43+00:00","og_image":[{"width":600,"height":250,"url":"https:\/\/dhg1h5j42swfq.cloudfront.net\/2019\/12\/23100622\/viam%C3%A3o.png","type":"image\/png"}],"author":"Nat\u00e1lia Scarano","twitter_card":"summary_large_image","twitter_creator":"@EstratConcursos","twitter_site":"@EstratConcursos","twitter_misc":{"Escrito por":"Nat\u00e1lia Scarano","Est. tempo de leitura":"2 minutos"},"schema":{"@context":"https:\/\/schema.org","@graph":[{"@type":"NewsArticle","@id":"https:\/\/www.estrategiaconcursos.com.br\/blog\/concurso-camara-de-viamao-rs-inscricoes\/#article","isPartOf":{"@id":"https:\/\/www.estrategiaconcursos.com.br\/blog\/concurso-camara-de-viamao-rs-inscricoes\/"},"author":{"name":"Nat\u00e1lia Scarano","@id":"https:\/\/www.estrategiaconcursos.com.br\/blog\/#\/schema\/person\/751aedf909a9d10cb23ce6ac527ce0f2"},"headline":"Concurso C\u00e2mara de Viam\u00e3o RS: Inscri\u00e7\u00f5es encerradas","datePublished":"2019-12-23T13:06:40+00:00","dateModified":"2019-12-23T13:06:43+00:00","mainEntityOfPage":{"@id":"https:\/\/www.estrategiaconcursos.com.br\/blog\/concurso-camara-de-viamao-rs-inscricoes\/"},"wordCount":467,"commentCount":0,"publisher":{"@id":"https:\/\/www.estrategiaconcursos.com.br\/blog\/#organization"},"image":{"@id":"https:\/\/www.estrategiaconcursos.com.br\/blog\/concurso-camara-de-viamao-rs-inscricoes\/#primaryimage"},"thumbnailUrl":"https:\/\/dhg1h5j42swfq.cloudfront.net\/2019\/12\/23100622\/viam%C3%A3o.png","articleSection":["Concursos P\u00fablicos"],"inLanguage":"pt-BR","potentialAction":[{"@type":"CommentAction","name":"Comment","target":["https:\/\/www.estrategiaconcursos.com.br\/blog\/concurso-camara-de-viamao-rs-inscricoes\/#respond"]}],"copyrightYear":"2019","copyrightHolder":{"@id":"https:\/\/www.estrategiaconcursos.com.br\/blog\/#organization"}},{"@type":"WebPage","@id":"https:\/\/www.estrategiaconcursos.com.br\/blog\/concurso-camara-de-viamao-rs-inscricoes\/","url":"https:\/\/www.estrategiaconcursos.com.br\/blog\/concurso-camara-de-viamao-rs-inscricoes\/","name":"Concurso C\u00e2mara de Viam\u00e3o RS: Inscri\u00e7\u00f5es encerradas","isPartOf":{"@id":"https:\/\/www.estrategiaconcursos.com.br\/blog\/#website"},"primaryImageOfPage":{"@id":"https:\/\/www.estrategiaconcursos.com.br\/blog\/concurso-camara-de-viamao-rs-inscricoes\/#primaryimage"},"image":{"@id":"https:\/\/www.estrategiaconcursos.com.br\/blog\/concurso-camara-de-viamao-rs-inscricoes\/#primaryimage"},"thumbnailUrl":"https:\/\/dhg1h5j42swfq.cloudfront.net\/2019\/12\/23100622\/viam%C3%A3o.png","datePublished":"2019-12-23T13:06:40+00:00","dateModified":"2019-12-23T13:06:43+00:00","breadcrumb":{"@id":"https:\/\/www.estrategiaconcursos.com.br\/blog\/concurso-camara-de-viamao-rs-inscricoes\/#breadcrumb"},"inLanguage":"pt-BR","potentialAction":[{"@type":"ReadAction","target":["https:\/\/www.estrategiaconcursos.com.br\/blog\/concurso-camara-de-viamao-rs-inscricoes\/"]}]},{"@type":"ImageObject","inLanguage":"pt-BR","@id":"https:\/\/www.estrategiaconcursos.com.br\/blog\/concurso-camara-de-viamao-rs-inscricoes\/#primaryimage","url":"https:\/\/dhg1h5j42swfq.cloudfront.net\/2019\/12\/23100622\/viam%C3%A3o.png","contentUrl":"https:\/\/dhg1h5j42swfq.cloudfront.net\/2019\/12\/23100622\/viam%C3%A3o.png","width":600,"height":250},{"@type":"BreadcrumbList","@id":"https:\/\/www.estrategiaconcursos.com.br\/blog\/concurso-camara-de-viamao-rs-inscricoes\/#breadcrumb","itemListElement":[{"@type":"ListItem","position":1,"name":"In\u00edcio","item":"https:\/\/www.estrategiaconcursos.com.br\/blog\/"},{"@type":"ListItem","position":2,"name":"Concurso C\u00e2mara de Viam\u00e3o RS: Inscri\u00e7\u00f5es encerradas"}]},{"@type":"WebSite","@id":"https:\/\/www.estrategiaconcursos.com.br\/blog\/#website","url":"https:\/\/www.estrategiaconcursos.com.br\/blog\/","name":"Estrat\u00e9gia Concursos","description":"O blog da Estrat\u00e9gia Concursos traz not\u00edcias sobre concursos e artigos de professores oferecendo cursos para concursos (pdf + videaulas) no site.","publisher":{"@id":"https:\/\/www.estrategiaconcursos.com.br\/blog\/#organization"},"potentialAction":[{"@type":"SearchAction","target":{"@type":"EntryPoint","urlTemplate":"https:\/\/www.estrategiaconcursos.com.br\/blog\/?s={search_term_string}"},"query-input":{"@type":"PropertyValueSpecification","valueRequired":true,"valueName":"search_term_string"}}],"inLanguage":"pt-BR"},{"@type":"Organization","@id":"https:\/\/www.estrategiaconcursos.com.br\/blog\/#organization","name":"Estrat\u00e9gia Concursos","url":"https:\/\/www.estrategiaconcursos.com.br\/blog\/","logo":{"@type":"ImageObject","inLanguage":"pt-BR","@id":"https:\/\/www.estrategiaconcursos.com.br\/blog\/#\/schema\/logo\/image\/","url":"https:\/\/dhg1h5j42swfq.cloudfront.net\/2025\/06\/03203428\/logo_concursos-1.jpg","contentUrl":"https:\/\/dhg1h5j42swfq.cloudfront.net\/2025\/06\/03203428\/logo_concursos-1.jpg","width":230,"height":60,"caption":"Estrat\u00e9gia Concursos"},"image":{"@id":"https:\/\/www.estrategiaconcursos.com.br\/blog\/#\/schema\/logo\/image\/"},"sameAs":["https:\/\/x.com\/EstratConcursos"]},{"@type":"Person","@id":"https:\/\/www.estrategiaconcursos.com.br\/blog\/#\/schema\/person\/751aedf909a9d10cb23ce6ac527ce0f2","name":"Nat\u00e1lia Scarano","image":{"@type":"ImageObject","inLanguage":"pt-BR","@id":"https:\/\/secure.gravatar.com\/avatar\/8a889b8db3dbd227a1a78627357ec8fe64f5e99189d1889a270127828ab372ac?s=96&d=mm&r=g","url":"https:\/\/secure.gravatar.com\/avatar\/8a889b8db3dbd227a1a78627357ec8fe64f5e99189d1889a270127828ab372ac?s=96&d=mm&r=g","contentUrl":"https:\/\/secure.gravatar.com\/avatar\/8a889b8db3dbd227a1a78627357ec8fe64f5e99189d1889a270127828ab372ac?s=96&d=mm&r=g","caption":"Nat\u00e1lia Scarano"},"description":"Jornalista, formada e p\u00f3s graduada pelo IESB, faz parte do time de jornalistas do Estrat\u00e9gia desde 2017. Possui familiaridade com as \u00e1reas de Tribunais, Defensorias, Procuradorias, Minist\u00e9rios P\u00fablicos, Conselhos, Educa\u00e7\u00e3o, \u00c1rea de Seguran\u00e7a, concursos de Carreiras Jur\u00eddicas e OAB. Experi\u00eancia em marketing digital, assessoria de comunica\u00e7\u00e3o e institucional na \u00e1rea privada e p\u00fablica, com atua\u00e7\u00e3o em \u00f3rg\u00e3os como CGU, Cofen e CNM.","url":"https:\/\/www.estrategiaconcursos.com.br\/blog\/author\/natalia-scaranoestrategiaconcursos-com-br\/"}]}},"_links":{"self":[{"href":"https:\/\/www.estrategiaconcursos.com.br\/blog\/wp-json\/wp\/v2\/posts\/463605","targetHints":{"allow":["GET"]}}],"collection":[{"href":"https:\/\/www.estrategiaconcursos.com.br\/blog\/wp-json\/wp\/v2\/posts"}],"about":[{"href":"https:\/\/www.estrategiaconcursos.com.br\/blog\/wp-json\/wp\/v2\/types\/post"}],"author":[{"embeddable":true,"href":"https:\/\/www.estrategiaconcursos.com.br\/blog\/wp-json\/wp\/v2\/users\/657"}],"replies":[{"embeddable":true,"href":"https:\/\/www.estrategiaconcursos.com.br\/blog\/wp-json\/wp\/v2\/comments?post=463605"}],"version-history":[{"count":1,"href":"https:\/\/www.estrategiaconcursos.com.br\/blog\/wp-json\/wp\/v2\/posts\/463605\/revisions"}],"predecessor-version":[{"id":463610,"href":"https:\/\/www.estrategiaconcursos.com.br\/blog\/wp-json\/wp\/v2\/posts\/463605\/revisions\/463610"}],"wp:featuredmedia":[{"embeddable":true,"href":"https:\/\/www.estrategiaconcursos.com.br\/blog\/wp-json\/wp\/v2\/media\/463613"}],"wp:attachment":[{"href":"https:\/\/www.estrategiaconcursos.com.br\/blog\/wp-json\/wp\/v2\/media?parent=463605"}],"wp:term":[{"taxonomy":"category","embeddable":true,"href":"https:\/\/www.estrategiaconcursos.com.br\/blog\/wp-json\/wp\/v2\/categories?post=463605"},{"taxonomy":"post_tag","embeddable":true,"href":"https:\/\/www.estrategiaconcursos.com.br\/blog\/wp-json\/wp\/v2\/tags?post=463605"},{"taxonomy":"tax_estado","embeddable":true,"href":"https:\/\/www.estrategiaconcursos.com.br\/blog\/wp-json\/wp\/v2\/tax_estado?post=463605"}],"curies":[{"name":"wp","href":"https:\/\/api.w.org\/{rel}","templated":true}]}}