{"id":463517,"date":"2019-12-21T18:45:26","date_gmt":"2019-12-21T21:45:26","guid":{"rendered":"https:\/\/www.estrategiaconcursos.com.br\/blog\/?p=463517"},"modified":"2020-05-06T13:58:37","modified_gmt":"2020-05-06T16:58:37","slug":"concurso-pcdf-escrivao-5","status":"publish","type":"post","link":"https:\/\/www.estrategiaconcursos.com.br\/blog\/concurso-pcdf-escrivao-5\/","title":{"rendered":"Concurso PCDF Escriv\u00e3o"},"content":{"rendered":"\n<p>Oi, oi, oi! O trabalho infantil sempre \u00e9 assunto de pauta para reda\u00e7\u00e3o. O Concurso PCDF escriv\u00e3o n\u00e3o seria diferente. <\/p>\n\n\n\n<p class=\"has-text-align-center\"><strong>Proposta de Reda\u00e7\u00e3o 16<\/strong><\/p>\n\n\n\n<p>A\nexplora\u00e7\u00e3o do trabalho infantil \u00e9 um problema s\u00e9rio no Brasil. Apesar da queda\nacentuada das taxas nas pesquisas dos \u00faltimos anos, ainda h\u00e1 muitas crian\u00e7as\nque deixam de lado seus sonhos e brincadeiras para trabalharem.<\/p>\n\n\n\n<p>Segundo\na Pesquisa Nacional por Amostra de Domic\u00edlios Cont\u00ednua (PNAD Cont\u00ednua), em\n2016, 190 mil crian\u00e7as entre 5 e 13 anos estavam trabalhando. Embora esse\nn\u00famero seja menor que os anos anteriores, \u00e9 preciso falar sobre como a\nexplora\u00e7\u00e3o do trabalho infantil fere os direitos das crian\u00e7as.<\/p>\n\n\n\n<p>Como\nagravante desse n\u00famero, ainda existe a m\u00e1 interpreta\u00e7\u00e3o da sociedade sobre o\ntema. Afinal, o trabalho infantil \u00e9 visto, por alguns, como meio de promover o\nsenso de responsabilidade e de cria\u00e7\u00e3o de valores morais. Al\u00e9m disso, ele \u00e9\nfonte de dinheiro. Por todos esses motivos, o trabalho infantil passa\ndespercebido em alguns casos, fazendo com que as crian\u00e7as percam sua inf\u00e2ncia.<\/p>\n\n\n\n<p>Fonte: <a href=\"https:\/\/www.childfundbrasil.org.br\/blog\/exploracao-do-trabalho-infantil\/\">https:\/\/www.childfundbrasil.org.br\/blog\/exploracao-do-trabalho-infantil\/<\/a>\n<\/p>\n\n\n\n<p>Tendo\no texto acima apenas como motivador, desenvolva uma disserta\u00e7\u00e3o sobre o tema: <\/p>\n\n\n\n<p class=\"has-text-align-center\"><strong>A explora\u00e7\u00e3o do\ntrabalho infantil e os direitos das crian\u00e7as<\/strong><\/p>\n\n\n\n<p>Para\no seu texto, aborde, obrigatoriamente, os seguintes aspectos: <\/p>\n\n\n\n<ol class=\"wp-block-list\"><li>Apresente de forma clara e objetiva o que pode ser entendido por trabalho infantil [10,00]<\/li><li>Comente acerca de alguns direitos que s\u00e3o garantidos \u00e0s crian\u00e7as e aos adolescentes [10,00]<\/li><li>Disserte sobre os riscos do trabalho na inf\u00e2ncia [9,00] <\/li><\/ol>\n\n\n\n<p>Venha fazer parte do nosso curso de discursivas para o Concurso PCDF Escriv\u00e3o: <a href=\"https:\/\/www.estrategiaconcursos.com.br\/curso\/correcao-analitica-de-discursivas-p-pc-df-escrivao-3-correcoes-por-aluno-pos-edital\/\">https:\/\/www.estrategiaconcursos.com.br\/curso\/correcao-analitica-de-discursivas-p-pc-df-escrivao-3-correcoes-por-aluno-pos-edital\/<\/a><\/p>\n\n\n\n<p>Abra\u00e7os, <\/p>\n\n\n\n<p>Janaina Arruda (@profa.janaina.arruda) <\/p>\n","protected":false},"excerpt":{"rendered":"<p>Oi, oi, oi! O trabalho infantil sempre \u00e9 assunto de pauta para reda\u00e7\u00e3o. O Concurso PCDF escriv\u00e3o n\u00e3o seria diferente. Proposta de Reda\u00e7\u00e3o 16 A explora\u00e7\u00e3o do trabalho infantil \u00e9 um problema s\u00e9rio no Brasil. Apesar da queda acentuada das taxas nas pesquisas dos \u00faltimos anos, ainda h\u00e1 muitas crian\u00e7as que deixam de lado seus [&hellip;]<\/p>\n","protected":false},"author":1430,"featured_media":0,"comment_status":"open","ping_status":"closed","sticky":false,"template":"","format":"standard","meta":{"post_tipo":"article","footnotes":""},"categories":[1],"tags":[],"tax_estado":[],"class_list":["post-463517","post","type-post","status-publish","format-standard","hentry","category-cursos-e-concursos"],"acf":[],"yoast_head":"<!-- This site is optimized with the Yoast SEO Premium plugin v27.2 (Yoast SEO v27.2) - https:\/\/yoast.com\/product\/yoast-seo-premium-wordpress\/ -->\n<title>Concurso PCDF Escriv\u00e3o Concurso PCDF escriv\u00e3o<\/title>\n<meta name=\"description\" content=\"O tema do trabalho infantil \u00e9 assunto que n\u00e3o pode faltar quando tratamos de reda\u00e7\u00e3o para concursos! Com a PCDF escriv\u00e3o n\u00e3o seria diferente!\" \/>\n<meta name=\"robots\" content=\"index, follow, max-snippet:-1, max-image-preview:large, max-video-preview:-1\" \/>\n<link rel=\"canonical\" href=\"https:\/\/www.estrategiaconcursos.com.br\/blog\/concurso-pcdf-escrivao-5\/\" \/>\n<meta property=\"og:locale\" content=\"pt_BR\" \/>\n<meta property=\"og:type\" content=\"article\" \/>\n<meta property=\"og:title\" content=\"Concurso PCDF Escriv\u00e3o\" \/>\n<meta property=\"og:description\" content=\"O tema do trabalho infantil \u00e9 assunto que n\u00e3o pode faltar quando tratamos de reda\u00e7\u00e3o para concursos! Com a PCDF escriv\u00e3o n\u00e3o seria diferente!\" \/>\n<meta property=\"og:url\" content=\"https:\/\/www.estrategiaconcursos.com.br\/blog\/concurso-pcdf-escrivao-5\/\" \/>\n<meta property=\"og:site_name\" content=\"Estrat\u00e9gia Concursos\" \/>\n<meta property=\"article:published_time\" content=\"2019-12-21T21:45:26+00:00\" \/>\n<meta property=\"article:modified_time\" content=\"2020-05-06T16:58:37+00:00\" \/>\n<meta name=\"author\" content=\"Janaina Arruda\" \/>\n<meta name=\"twitter:card\" content=\"summary_large_image\" \/>\n<meta name=\"twitter:creator\" content=\"@EstratConcursos\" \/>\n<meta name=\"twitter:site\" content=\"@EstratConcursos\" \/>\n<meta name=\"twitter:label1\" content=\"Escrito por\" \/>\n\t<meta name=\"twitter:data1\" content=\"Janaina Arruda\" \/>\n\t<meta name=\"twitter:label2\" content=\"Est. tempo de leitura\" \/>\n\t<meta name=\"twitter:data2\" content=\"1 minuto\" \/>\n<script type=\"application\/ld+json\" class=\"yoast-schema-graph\">{\"@context\":\"https:\/\/schema.org\",\"@graph\":[{\"@type\":\"NewsArticle\",\"@id\":\"https:\/\/www.estrategiaconcursos.com.br\/blog\/concurso-pcdf-escrivao-5\/#article\",\"isPartOf\":{\"@id\":\"https:\/\/www.estrategiaconcursos.com.br\/blog\/concurso-pcdf-escrivao-5\/\"},\"author\":{\"name\":\"Janaina Arruda\",\"@id\":\"https:\/\/www.estrategiaconcursos.com.br\/blog\/#\/schema\/person\/f2fb305e65e771b216148107c0d96d68\"},\"headline\":\"Concurso PCDF Escriv\u00e3o\",\"datePublished\":\"2019-12-21T21:45:26+00:00\",\"dateModified\":\"2020-05-06T16:58:37+00:00\",\"mainEntityOfPage\":{\"@id\":\"https:\/\/www.estrategiaconcursos.com.br\/blog\/concurso-pcdf-escrivao-5\/\"},\"wordCount\":294,\"commentCount\":0,\"publisher\":{\"@id\":\"https:\/\/www.estrategiaconcursos.com.br\/blog\/#organization\"},\"articleSection\":[\"Concursos P\u00fablicos\"],\"inLanguage\":\"pt-BR\",\"potentialAction\":[{\"@type\":\"CommentAction\",\"name\":\"Comment\",\"target\":[\"https:\/\/www.estrategiaconcursos.com.br\/blog\/concurso-pcdf-escrivao-5\/#respond\"]}],\"copyrightYear\":\"2019\",\"copyrightHolder\":{\"@id\":\"https:\/\/www.estrategiaconcursos.com.br\/blog\/#organization\"}},{\"@type\":\"WebPage\",\"@id\":\"https:\/\/www.estrategiaconcursos.com.br\/blog\/concurso-pcdf-escrivao-5\/\",\"url\":\"https:\/\/www.estrategiaconcursos.com.br\/blog\/concurso-pcdf-escrivao-5\/\",\"name\":\"Concurso PCDF Escriv\u00e3o Concurso PCDF escriv\u00e3o\",\"isPartOf\":{\"@id\":\"https:\/\/www.estrategiaconcursos.com.br\/blog\/#website\"},\"datePublished\":\"2019-12-21T21:45:26+00:00\",\"dateModified\":\"2020-05-06T16:58:37+00:00\",\"description\":\"O tema do trabalho infantil \u00e9 assunto que n\u00e3o pode faltar quando tratamos de reda\u00e7\u00e3o para concursos! Com a PCDF escriv\u00e3o n\u00e3o seria diferente!\",\"breadcrumb\":{\"@id\":\"https:\/\/www.estrategiaconcursos.com.br\/blog\/concurso-pcdf-escrivao-5\/#breadcrumb\"},\"inLanguage\":\"pt-BR\",\"potentialAction\":[{\"@type\":\"ReadAction\",\"target\":[\"https:\/\/www.estrategiaconcursos.com.br\/blog\/concurso-pcdf-escrivao-5\/\"]}]},{\"@type\":\"BreadcrumbList\",\"@id\":\"https:\/\/www.estrategiaconcursos.com.br\/blog\/concurso-pcdf-escrivao-5\/#breadcrumb\",\"itemListElement\":[{\"@type\":\"ListItem\",\"position\":1,\"name\":\"In\u00edcio\",\"item\":\"https:\/\/www.estrategiaconcursos.com.br\/blog\/\"},{\"@type\":\"ListItem\",\"position\":2,\"name\":\"Concurso PCDF Escriv\u00e3o\"}]},{\"@type\":\"WebSite\",\"@id\":\"https:\/\/www.estrategiaconcursos.com.br\/blog\/#website\",\"url\":\"https:\/\/www.estrategiaconcursos.com.br\/blog\/\",\"name\":\"Estrat\u00e9gia Concursos\",\"description\":\"O blog da Estrat\u00e9gia Concursos traz not\u00edcias sobre concursos e artigos de professores oferecendo cursos para concursos (pdf + videaulas) no site.\",\"publisher\":{\"@id\":\"https:\/\/www.estrategiaconcursos.com.br\/blog\/#organization\"},\"potentialAction\":[{\"@type\":\"SearchAction\",\"target\":{\"@type\":\"EntryPoint\",\"urlTemplate\":\"https:\/\/www.estrategiaconcursos.com.br\/blog\/?s={search_term_string}\"},\"query-input\":{\"@type\":\"PropertyValueSpecification\",\"valueRequired\":true,\"valueName\":\"search_term_string\"}}],\"inLanguage\":\"pt-BR\"},{\"@type\":\"Organization\",\"@id\":\"https:\/\/www.estrategiaconcursos.com.br\/blog\/#organization\",\"name\":\"Estrat\u00e9gia Concursos\",\"url\":\"https:\/\/www.estrategiaconcursos.com.br\/blog\/\",\"logo\":{\"@type\":\"ImageObject\",\"inLanguage\":\"pt-BR\",\"@id\":\"https:\/\/www.estrategiaconcursos.com.br\/blog\/#\/schema\/logo\/image\/\",\"url\":\"https:\/\/dhg1h5j42swfq.cloudfront.net\/2025\/06\/03203428\/logo_concursos-1.jpg\",\"contentUrl\":\"https:\/\/dhg1h5j42swfq.cloudfront.net\/2025\/06\/03203428\/logo_concursos-1.jpg\",\"width\":230,\"height\":60,\"caption\":\"Estrat\u00e9gia Concursos\"},\"image\":{\"@id\":\"https:\/\/www.estrategiaconcursos.com.br\/blog\/#\/schema\/logo\/image\/\"},\"sameAs\":[\"https:\/\/x.com\/EstratConcursos\"]},{\"@type\":\"Person\",\"@id\":\"https:\/\/www.estrategiaconcursos.com.br\/blog\/#\/schema\/person\/f2fb305e65e771b216148107c0d96d68\",\"name\":\"Janaina Arruda\",\"image\":{\"@type\":\"ImageObject\",\"inLanguage\":\"pt-BR\",\"@id\":\"https:\/\/secure.gravatar.com\/avatar\/9377d341617569b19a8eb58b32e54c10304cac645ab0cef38c66bfa34f77bdc6?s=96&d=mm&r=g\",\"url\":\"https:\/\/secure.gravatar.com\/avatar\/9377d341617569b19a8eb58b32e54c10304cac645ab0cef38c66bfa34f77bdc6?s=96&d=mm&r=g\",\"contentUrl\":\"https:\/\/secure.gravatar.com\/avatar\/9377d341617569b19a8eb58b32e54c10304cac645ab0cef38c66bfa34f77bdc6?s=96&d=mm&r=g\",\"caption\":\"Janaina Arruda\"},\"url\":\"https:\/\/www.estrategiaconcursos.com.br\/blog\/author\/arruda-janhotmail-com\/\"}]}<\/script>\n<!-- \/ Yoast SEO Premium plugin. -->","yoast_head_json":{"title":"Concurso PCDF Escriv\u00e3o Concurso PCDF escriv\u00e3o","description":"O tema do trabalho infantil \u00e9 assunto que n\u00e3o pode faltar quando tratamos de reda\u00e7\u00e3o para concursos! Com a PCDF escriv\u00e3o n\u00e3o seria diferente!","robots":{"index":"index","follow":"follow","max-snippet":"max-snippet:-1","max-image-preview":"max-image-preview:large","max-video-preview":"max-video-preview:-1"},"canonical":"https:\/\/www.estrategiaconcursos.com.br\/blog\/concurso-pcdf-escrivao-5\/","og_locale":"pt_BR","og_type":"article","og_title":"Concurso PCDF Escriv\u00e3o","og_description":"O tema do trabalho infantil \u00e9 assunto que n\u00e3o pode faltar quando tratamos de reda\u00e7\u00e3o para concursos! Com a PCDF escriv\u00e3o n\u00e3o seria diferente!","og_url":"https:\/\/www.estrategiaconcursos.com.br\/blog\/concurso-pcdf-escrivao-5\/","og_site_name":"Estrat\u00e9gia Concursos","article_published_time":"2019-12-21T21:45:26+00:00","article_modified_time":"2020-05-06T16:58:37+00:00","author":"Janaina Arruda","twitter_card":"summary_large_image","twitter_creator":"@EstratConcursos","twitter_site":"@EstratConcursos","twitter_misc":{"Escrito por":"Janaina Arruda","Est. tempo de leitura":"1 minuto"},"schema":{"@context":"https:\/\/schema.org","@graph":[{"@type":"NewsArticle","@id":"https:\/\/www.estrategiaconcursos.com.br\/blog\/concurso-pcdf-escrivao-5\/#article","isPartOf":{"@id":"https:\/\/www.estrategiaconcursos.com.br\/blog\/concurso-pcdf-escrivao-5\/"},"author":{"name":"Janaina Arruda","@id":"https:\/\/www.estrategiaconcursos.com.br\/blog\/#\/schema\/person\/f2fb305e65e771b216148107c0d96d68"},"headline":"Concurso PCDF Escriv\u00e3o","datePublished":"2019-12-21T21:45:26+00:00","dateModified":"2020-05-06T16:58:37+00:00","mainEntityOfPage":{"@id":"https:\/\/www.estrategiaconcursos.com.br\/blog\/concurso-pcdf-escrivao-5\/"},"wordCount":294,"commentCount":0,"publisher":{"@id":"https:\/\/www.estrategiaconcursos.com.br\/blog\/#organization"},"articleSection":["Concursos P\u00fablicos"],"inLanguage":"pt-BR","potentialAction":[{"@type":"CommentAction","name":"Comment","target":["https:\/\/www.estrategiaconcursos.com.br\/blog\/concurso-pcdf-escrivao-5\/#respond"]}],"copyrightYear":"2019","copyrightHolder":{"@id":"https:\/\/www.estrategiaconcursos.com.br\/blog\/#organization"}},{"@type":"WebPage","@id":"https:\/\/www.estrategiaconcursos.com.br\/blog\/concurso-pcdf-escrivao-5\/","url":"https:\/\/www.estrategiaconcursos.com.br\/blog\/concurso-pcdf-escrivao-5\/","name":"Concurso PCDF Escriv\u00e3o Concurso PCDF escriv\u00e3o","isPartOf":{"@id":"https:\/\/www.estrategiaconcursos.com.br\/blog\/#website"},"datePublished":"2019-12-21T21:45:26+00:00","dateModified":"2020-05-06T16:58:37+00:00","description":"O tema do trabalho infantil \u00e9 assunto que n\u00e3o pode faltar quando tratamos de reda\u00e7\u00e3o para concursos! Com a PCDF escriv\u00e3o n\u00e3o seria diferente!","breadcrumb":{"@id":"https:\/\/www.estrategiaconcursos.com.br\/blog\/concurso-pcdf-escrivao-5\/#breadcrumb"},"inLanguage":"pt-BR","potentialAction":[{"@type":"ReadAction","target":["https:\/\/www.estrategiaconcursos.com.br\/blog\/concurso-pcdf-escrivao-5\/"]}]},{"@type":"BreadcrumbList","@id":"https:\/\/www.estrategiaconcursos.com.br\/blog\/concurso-pcdf-escrivao-5\/#breadcrumb","itemListElement":[{"@type":"ListItem","position":1,"name":"In\u00edcio","item":"https:\/\/www.estrategiaconcursos.com.br\/blog\/"},{"@type":"ListItem","position":2,"name":"Concurso PCDF Escriv\u00e3o"}]},{"@type":"WebSite","@id":"https:\/\/www.estrategiaconcursos.com.br\/blog\/#website","url":"https:\/\/www.estrategiaconcursos.com.br\/blog\/","name":"Estrat\u00e9gia Concursos","description":"O blog da Estrat\u00e9gia Concursos traz not\u00edcias sobre concursos e artigos de professores oferecendo cursos para concursos (pdf + videaulas) no site.","publisher":{"@id":"https:\/\/www.estrategiaconcursos.com.br\/blog\/#organization"},"potentialAction":[{"@type":"SearchAction","target":{"@type":"EntryPoint","urlTemplate":"https:\/\/www.estrategiaconcursos.com.br\/blog\/?s={search_term_string}"},"query-input":{"@type":"PropertyValueSpecification","valueRequired":true,"valueName":"search_term_string"}}],"inLanguage":"pt-BR"},{"@type":"Organization","@id":"https:\/\/www.estrategiaconcursos.com.br\/blog\/#organization","name":"Estrat\u00e9gia Concursos","url":"https:\/\/www.estrategiaconcursos.com.br\/blog\/","logo":{"@type":"ImageObject","inLanguage":"pt-BR","@id":"https:\/\/www.estrategiaconcursos.com.br\/blog\/#\/schema\/logo\/image\/","url":"https:\/\/dhg1h5j42swfq.cloudfront.net\/2025\/06\/03203428\/logo_concursos-1.jpg","contentUrl":"https:\/\/dhg1h5j42swfq.cloudfront.net\/2025\/06\/03203428\/logo_concursos-1.jpg","width":230,"height":60,"caption":"Estrat\u00e9gia Concursos"},"image":{"@id":"https:\/\/www.estrategiaconcursos.com.br\/blog\/#\/schema\/logo\/image\/"},"sameAs":["https:\/\/x.com\/EstratConcursos"]},{"@type":"Person","@id":"https:\/\/www.estrategiaconcursos.com.br\/blog\/#\/schema\/person\/f2fb305e65e771b216148107c0d96d68","name":"Janaina Arruda","image":{"@type":"ImageObject","inLanguage":"pt-BR","@id":"https:\/\/secure.gravatar.com\/avatar\/9377d341617569b19a8eb58b32e54c10304cac645ab0cef38c66bfa34f77bdc6?s=96&d=mm&r=g","url":"https:\/\/secure.gravatar.com\/avatar\/9377d341617569b19a8eb58b32e54c10304cac645ab0cef38c66bfa34f77bdc6?s=96&d=mm&r=g","contentUrl":"https:\/\/secure.gravatar.com\/avatar\/9377d341617569b19a8eb58b32e54c10304cac645ab0cef38c66bfa34f77bdc6?s=96&d=mm&r=g","caption":"Janaina Arruda"},"url":"https:\/\/www.estrategiaconcursos.com.br\/blog\/author\/arruda-janhotmail-com\/"}]}},"_links":{"self":[{"href":"https:\/\/www.estrategiaconcursos.com.br\/blog\/wp-json\/wp\/v2\/posts\/463517","targetHints":{"allow":["GET"]}}],"collection":[{"href":"https:\/\/www.estrategiaconcursos.com.br\/blog\/wp-json\/wp\/v2\/posts"}],"about":[{"href":"https:\/\/www.estrategiaconcursos.com.br\/blog\/wp-json\/wp\/v2\/types\/post"}],"author":[{"embeddable":true,"href":"https:\/\/www.estrategiaconcursos.com.br\/blog\/wp-json\/wp\/v2\/users\/1430"}],"replies":[{"embeddable":true,"href":"https:\/\/www.estrategiaconcursos.com.br\/blog\/wp-json\/wp\/v2\/comments?post=463517"}],"version-history":[{"count":1,"href":"https:\/\/www.estrategiaconcursos.com.br\/blog\/wp-json\/wp\/v2\/posts\/463517\/revisions"}],"predecessor-version":[{"id":463518,"href":"https:\/\/www.estrategiaconcursos.com.br\/blog\/wp-json\/wp\/v2\/posts\/463517\/revisions\/463518"}],"wp:attachment":[{"href":"https:\/\/www.estrategiaconcursos.com.br\/blog\/wp-json\/wp\/v2\/media?parent=463517"}],"wp:term":[{"taxonomy":"category","embeddable":true,"href":"https:\/\/www.estrategiaconcursos.com.br\/blog\/wp-json\/wp\/v2\/categories?post=463517"},{"taxonomy":"post_tag","embeddable":true,"href":"https:\/\/www.estrategiaconcursos.com.br\/blog\/wp-json\/wp\/v2\/tags?post=463517"},{"taxonomy":"tax_estado","embeddable":true,"href":"https:\/\/www.estrategiaconcursos.com.br\/blog\/wp-json\/wp\/v2\/tax_estado?post=463517"}],"curies":[{"name":"wp","href":"https:\/\/api.w.org\/{rel}","templated":true}]}}