{"id":46351,"date":"2016-11-25T04:45:56","date_gmt":"2016-11-25T07:45:56","guid":{"rendered":"https:\/\/www.estrategiaconcursos.com.br\/blog\/?p=46351"},"modified":"2016-11-25T08:35:36","modified_gmt":"2016-11-25T11:35:36","slug":"edital-trt-11","status":"publish","type":"post","link":"https:\/\/www.estrategiaconcursos.com.br\/blog\/edital-trt-11\/","title":{"rendered":"Edital TRT 11 (AM e RR) foi publicado. Veja nossa an\u00e1lise completa!"},"content":{"rendered":"<p style=\"text-align: justify;\"><img loading=\"lazy\" decoding=\"async\" class=\"wp-image-40568 size-thumbnail alignleft\" src=\"https:\/\/dhg1h5j42swfq.cloudfront.net\/2016\/06\/02130017\/TRT-11.jpg\" alt=\"edital trt 11\" width=\"150\" height=\"150\" \/><\/p>\n<h2 style=\"text-align: justify;\">Edital TRT 11 (AM e RR) &#8211; publicado o edital do concurso 2017<\/h2>\n<p style=\"text-align: justify;\"><span style=\"color: #000000;\">Foi publicado em 11\/novembro o aguardado <a href=\"https:\/\/www.estrategiaconcursos.com.br\/blog\/wp-content\/uploads\/2016\/11\/Edital-TRT-11-20161.pdf\" target=\"_blank\">edital do concurso para o Tribunal Regional do Trabalho da 11\u00aa Regi\u00e3o<\/a> (edital TRT 11 AM \/ RR). As <strong>provas<\/strong> ocorrer\u00e3o daqui a mais de 3 meses, isto \u00e9, em <strong>19 de fevereiro de 2017<\/strong>.\u00a0Portanto h\u00e1 um bom tempo para uma forte prepara\u00e7\u00e3o de reta final. Como \u00e9 comum nos concursos de Tribunais, para a maioria dos cargos s\u00e3o poucas vagas, ou apenas cadastro de reserva:<\/span><\/p>\n<p style=\"text-align: justify;\"><img loading=\"lazy\" decoding=\"async\" class=\"aligncenter wp-image-54725 size-full\" src=\"https:\/\/dhg1h5j42swfq.cloudfront.net\/2016\/11\/11072650\/vagas1.png\" alt=\"edital trt 11\" width=\"821\" height=\"352\" srcset=\"https:\/\/dhg1h5j42swfq.cloudfront.net\/2016\/11\/11072650\/vagas1.png 821w, https:\/\/dhg1h5j42swfq.cloudfront.net\/2016\/11\/11072650\/vagas1.png 300w, https:\/\/dhg1h5j42swfq.cloudfront.net\/2016\/11\/11072650\/vagas1.png 768w, https:\/\/dhg1h5j42swfq.cloudfront.net\/2016\/11\/11072650\/vagas1.png 500w\" sizes=\"auto, (max-width: 821px) 100vw, 821px\" \/><\/p>\n<p style=\"text-align: justify;\"><img loading=\"lazy\" decoding=\"async\" class=\"aligncenter wp-image-54724 size-full\" src=\"https:\/\/dhg1h5j42swfq.cloudfront.net\/2016\/11\/11072647\/vagas2.png\" alt=\"edital trt 11\" width=\"821\" height=\"91\" srcset=\"https:\/\/dhg1h5j42swfq.cloudfront.net\/2016\/11\/11072647\/vagas2.png 821w, https:\/\/dhg1h5j42swfq.cloudfront.net\/2016\/11\/11072647\/vagas2.png 300w, https:\/\/dhg1h5j42swfq.cloudfront.net\/2016\/11\/11072647\/vagas2.png 768w, https:\/\/dhg1h5j42swfq.cloudfront.net\/2016\/11\/11072647\/vagas2.png 500w\" sizes=\"auto, (max-width: 821px) 100vw, 821px\" \/><\/p>\n<p style=\"text-align: justify;\"><span style=\"color: #000000;\">Mas fique tranquilo. Como disse acima, esta \u00e9 a REGRA para os tribunais. No \u00faltimo certame do TRT AM\/RR n\u00e3o foi diferente. Veja quantas pessoas foram nomeadas no Amazonas:<\/span><\/p>\n<ul style=\"text-align: justify;\">\n<li style=\"text-align: justify;\"><span style=\"color: #000000;\">Analista Judici\u00e1rio &#8211; \u00c1rea Administrativa &#8211; 21<\/span><\/li>\n<li style=\"text-align: justify;\"><span style=\"color: #000000;\">Analista Judici\u00e1rio &#8211; \u00c1rea Judici\u00e1ria &#8211; 116<\/span><\/li>\n<li style=\"text-align: justify;\"><span style=\"color: #000000;\">Analista Judici\u00e1rio &#8211; Tecnologia da Informa\u00e7\u00e3o &#8211; 5<\/span><\/li>\n<li style=\"text-align: justify;\"><span style=\"color: #000000;\">Analista Judici\u00e1rio &#8211; Execu\u00e7\u00e3o de Mandados &#8211; 24<\/span><\/li>\n<li style=\"text-align: justify;\"><span style=\"color: #000000;\">T\u00e9cnico Judici\u00e1rio &#8211; \u00c1rea Administrativa &#8211; 292<\/span><\/li>\n<li style=\"text-align: justify;\"><span style=\"color: #000000;\">T\u00e9cnico Judici\u00e1rio &#8211; Enfermagem &#8211; 2<\/span><\/li>\n<li style=\"text-align: justify;\"><span style=\"color: #000000;\">T\u00e9cnico Judici\u00e1rio &#8211; Tecnologia da Informa\u00e7\u00e3o &#8211; 25<\/span><\/li>\n<\/ul>\n<p style=\"text-align: justify;\"><span style=\"color: #000000;\">Note que as nomea\u00e7\u00f5es s\u00e3o MUITO acima das vagas previstas no edital. Para compara\u00e7\u00e3o: havia apenas 35 vagas para TJAA e foram nomeados 292! Neste edital temos 26 vagas para T\u00e9cnico (ampla concorr\u00eancia), o que sugere um volume maior de nomea\u00e7\u00f5es. No \u00faltimo edital havia apenas 1 vaga para T\u00e9cnico de TI e foram nomeados 25. Neste edital existem j\u00e1 4 vagas para T\u00e9cnico de TI, ou seja: expectativa de muitas nomea\u00e7\u00f5es nos pr\u00f3ximos anos!<\/span><\/p>\n<p style=\"text-align: justify;\"><span style=\"color: #000000;\">Veja no quadro abaixo as disciplinas exigidas pelo edital TRT 11\u00aa Regi\u00e3o:<\/span><\/p>\n<p><img loading=\"lazy\" decoding=\"async\" class=\"alignleft wp-image-54730 size-full\" src=\"https:\/\/dhg1h5j42swfq.cloudfront.net\/2016\/11\/11073333\/provas.png\" alt=\"edital TRT 11\" width=\"837\" height=\"607\" srcset=\"https:\/\/dhg1h5j42swfq.cloudfront.net\/2016\/11\/11073333\/provas.png 837w, https:\/\/dhg1h5j42swfq.cloudfront.net\/2016\/11\/11073333\/provas.png 300w, https:\/\/dhg1h5j42swfq.cloudfront.net\/2016\/11\/11073333\/provas.png 768w, https:\/\/dhg1h5j42swfq.cloudfront.net\/2016\/11\/11073333\/provas.png 414w\" sizes=\"auto, (max-width: 837px) 100vw, 837px\" \/><\/p>\n<p>&nbsp;<\/p>\n<p>&nbsp;<\/p>\n<p style=\"text-align: justify;\">Por fim, ressalto que, assim como no \u00faltimo TRT-11, n\u00e3o haver\u00e1 provas discursivas, nem mesmo para Analista.<\/p>\n<p style=\"text-align: justify;\">\u00a0Veja no v\u00eddeo abaixo a an\u00e1lise completa que os especialistas do Estrat\u00e9gia Concursos realizaram no dia de publica\u00e7\u00e3o do edital:<\/p>\n<p style=\"text-align: justify;\"><div class=\"lyte-wrapper\" style=\"width:853px;max-width:100%;margin:5px;\"><div class=\"lyMe\" id=\"WYL_RuxXXEv_nlY\"><div id=\"lyte_RuxXXEv_nlY\" data-src=\"\/\/i.ytimg.com\/vi\/RuxXXEv_nlY\/hqdefault.jpg\" class=\"pL\"><div class=\"tC\"><div class=\"tT\"><\/div><\/div><div class=\"play\"><\/div><div class=\"ctrl\"><div class=\"Lctrl\"><\/div><div class=\"Rctrl\"><\/div><\/div><\/div><noscript><a href=\"https:\/\/youtu.be\/RuxXXEv_nlY\" rel=\"nofollow\"><img loading=\"lazy\" decoding=\"async\" src=\"https:\/\/i.ytimg.com\/vi\/RuxXXEv_nlY\/0.jpg\" alt=\"YouTube video thumbnail\" width=\"853\" height=\"460\" \/><br \/>Assista a este v\u00eddeo no YouTube<\/a><\/noscript><\/div><\/div><div class=\"lL\" style=\"max-width:100%;width:853px;margin:5px;\"><\/div><\/p>\n<p style=\"text-align: justify;\">Vale lembrar que o Estrat\u00e9gia Concursos j\u00e1 lan\u00e7ou cursos completos para este certame. Os cursos s\u00e3o compostos por videoaulas, aulas escritas (PDF) e f\u00f3rum de d\u00favidas. Eles foram lan\u00e7ados &#8220;pr\u00e9-edital&#8221;, mas est\u00e3o sendo completamente atualizados pelos professores para se adequarem perfeitamente ao novo edital. Quem j\u00e1 adquiriu o pacote receber\u00e1 as atualiza\u00e7\u00f5es gratuitamente, como sempre fazemos por aqui. Conhe\u00e7a os cursos e baixe gratuitamente as aulas demonstrativas para j\u00e1 come\u00e7ar a estudar:<\/p>\n<p style=\"text-align: center;\"><strong><a href=\"https:\/\/www.estrategiaconcursos.com.br\/cursosPorConcurso\/trt-11-regiao-amazonas-e-roraima\/\" target=\"_blank\">CURSOS PARA CONCURSO TRT 11 (AM e RR)<\/a><\/strong><\/p>\n<p><span style=\"color: #000000;\">Uma excelente prepara\u00e7\u00e3o para voc\u00ea! Deixo abaixo a an\u00e1lise que hav\u00edamos feito sobre o \u00faltimo concurso, ok?<\/span><\/p>\n<p>&nbsp;<\/p>\n<p style=\"text-align: justify;\"><em><strong>Edital TRT 11 (AM e RR): confira nosso RAIO-X\u00a0do \u00faltimo\u00a0certame<\/strong><\/em><\/p>\n<p style=\"text-align: justify;\">Ol\u00e1 pessoal, tudo bem?<\/p>\n<p style=\"text-align: justify;\">Como muitos de voc\u00eas sabem, no in\u00edcio de junho foi autorizada oficialmente a realiza\u00e7\u00e3o do <strong>concurso Tribunal Regional do Trabalho da 11\u00aa regi\u00e3o<\/strong> (concurso TRT 11), que tem jurisdi\u00e7\u00e3o nos estados do Amazonas e de Roraima (<a href=\"https:\/\/www.estrategiaconcursos.com.br\/blog\/concurso-trt-11\/\" target=\"_blank\">veja AQUI a not\u00edcia)<\/a>.<\/p>\n<p style=\"text-align: justify;\">Vejam que, na autoriza\u00e7\u00e3o para realiza\u00e7\u00e3o do concurso, j\u00e1 consta a designa\u00e7\u00e3o da comiss\u00e3o de servidores respons\u00e1vel pela organiza\u00e7\u00e3o do concurso.<\/p>\n<p style=\"text-align: justify;\">A Funda\u00e7\u00e3o Carlos Chagas (FCC) foi contratada em 06 de outubro, para organizar o pr\u00f3ximo concurso TRT 11 para os cargos de Juiz Substituto do Trabalho, Analista e T\u00e9cnico Judici\u00e1rio. Veja a Portaria de Dispensa de Licita\u00e7\u00e3o \u00a0que contratou a FCC:<\/p>\n<p style=\"text-align: justify;\"><img loading=\"lazy\" decoding=\"async\" class=\"aligncenter wp-image-51584 size-full\" src=\"https:\/\/dhg1h5j42swfq.cloudfront.net\/2016\/09\/06075415\/concurso-trt-11.png\" alt=\"concurso trt 11\" width=\"540\" height=\"296\" srcset=\"https:\/\/dhg1h5j42swfq.cloudfront.net\/2016\/09\/06075415\/concurso-trt-11.png 540w, https:\/\/dhg1h5j42swfq.cloudfront.net\/2016\/09\/06075415\/concurso-trt-11.png 300w, https:\/\/dhg1h5j42swfq.cloudfront.net\/2016\/09\/06075415\/concurso-trt-11.png 500w\" sizes=\"auto, (max-width: 540px) 100vw, 540px\" \/><\/p>\n<p style=\"text-align: justify;\">Ao que tudo indica, o concurso TRT 11\u00a0se destinar\u00e1 a preencher vagas de n\u00edvel m\u00e9dio (T\u00e9cnico) e de n\u00edvel superior (Analista), sendo que a remunera\u00e7\u00e3o inicial dos futuros servidores ser\u00e1 de R$\u00a06.224 e R$\u00a09.662, respectivamente.<\/p>\n<h3 style=\"text-align: justify;\"><strong>\u00daltimo concurso TRT 11<\/strong><\/h3>\n<p style=\"text-align: justify;\">O \u00faltimo edital TRT 11\u00a0foi teve o certame organizado pela Funda\u00e7\u00e3o Carlos Chagas (FCC) em 2011\/2012. Ao todo, foram ofertadas 69 vagas, sendo 39 para T\u00e9cnico Judici\u00e1rio (\u00e1reas administrativa, tecnologia da informa\u00e7\u00e3o e enfermagem) e 30 para Analista Judici\u00e1rio (\u00e1reas judici\u00e1ria, administrativa, oficial de justi\u00e7a avaliador, tecnologia da informa\u00e7\u00e3o, arquitetura, engenharia civil e arquivologia), al\u00e9m de cadastro de reserva. Veja o <a href=\"https:\/\/distfr96u80ri.cloudfront.net\/wp-content\/uploads\/2016\/06\/Edital-TRT-da-11%C2%AA-Regi%C3%A3o.pdf\" target=\"_blank\">\u00faltimo edital AQUI<\/a>.<\/p>\n<p style=\"text-align: justify;\">Notem que o edital foi publicado em 28\/10\/2011 e as provas foram realizadas em 08\/01\/2012 (portanto, pouco mais de 2 meses do edital).<\/p>\n<p><span style=\"color: #008000;\"><em>Acesse o nosso Guia Completo Concursos Tribunais.<\/em><\/span><\/p>\n<p><a href=\"https:\/\/www.estrategiaconcursos.com.br\/blog\/guia-completo-concursos-tribunais\/\" target=\"_blank\">Guia Completo Concursos Tribunais<\/a><\/p>\n<p style=\"text-align: justify;\">A validade inicial do \u00faltimo concurso foi de dois anos, tendo sido <a href=\"https:\/\/portal.trt11.jus.br\/images\/Prorroga%C3%A7%C3%A3o.pdf\" target=\"_blank\">prorrogada por mais dois<\/a>, de forma que a <strong>validade do \u00faltimo concurso se encerrou em 29\/2\/2016<\/strong>.<\/p>\n<div class=\"lyte-wrapper\" style=\"width:853px;max-width:100%;margin:5px;\"><div class=\"lyMe\" id=\"WYL_SRu8ndYuc_M\"><div id=\"lyte_SRu8ndYuc_M\" data-src=\"\/\/i.ytimg.com\/vi\/SRu8ndYuc_M\/hqdefault.jpg\" class=\"pL\"><div class=\"tC\"><div class=\"tT\"><\/div><\/div><div class=\"play\"><\/div><div class=\"ctrl\"><div class=\"Lctrl\"><\/div><div class=\"Rctrl\"><\/div><\/div><\/div><noscript><a href=\"https:\/\/youtu.be\/SRu8ndYuc_M\" rel=\"nofollow\"><img loading=\"lazy\" decoding=\"async\" src=\"https:\/\/i.ytimg.com\/vi\/SRu8ndYuc_M\/0.jpg\" alt=\"YouTube video thumbnail\" width=\"853\" height=\"460\" \/><br \/>Assista a este v\u00eddeo no YouTube<\/a><\/noscript><\/div><\/div><div class=\"lL\" style=\"max-width:100%;width:853px;margin:5px;\"><\/div><\/p>\n<h3 style=\"text-align: justify;\"><strong>Quantidade de convocados TRT 11<\/strong><\/h3>\n<p style=\"text-align: justify;\">Extraindo as informa\u00e7\u00f5es do <a href=\"https:\/\/portal.trt11.jus.br\/index.php\/sociedades\/concurso-servidores\/72-servicos\/sociedades\/concursos\/268-controle-de-habilitados-nomeados\" target=\"_blank\">Portal do TRT AM<\/a>, montamos a seguinte tabela:<\/p>\n<p style=\"text-align: justify;\"><img loading=\"lazy\" decoding=\"async\" class=\"aligncenter wp-image-46367 size-large\" src=\"https:\/\/dhg1h5j42swfq.cloudfront.net\/2016\/08\/15142939\/TRT11-tabela-11.jpg\" alt=\"edital trt 11\" width=\"584\" height=\"351\" srcset=\"https:\/\/dhg1h5j42swfq.cloudfront.net\/2016\/08\/15142939\/TRT11-tabela-11.jpg 1216w, https:\/\/dhg1h5j42swfq.cloudfront.net\/2016\/08\/15142939\/TRT11-tabela-11.jpg 300w, https:\/\/dhg1h5j42swfq.cloudfront.net\/2016\/08\/15142939\/TRT11-tabela-11.jpg 768w, https:\/\/dhg1h5j42swfq.cloudfront.net\/2016\/08\/15142939\/TRT11-tabela-11.jpg 1024w, https:\/\/dhg1h5j42swfq.cloudfront.net\/2016\/08\/15142939\/TRT11-tabela-11.jpg 498w\" sizes=\"auto, (max-width: 584px) 100vw, 584px\" \/><\/p>\n<p style=\"text-align: justify;\">Vemos, assim, que a <strong>quantidade de nomea\u00e7\u00f5es\u00a0foi muito superior \u00e0s vagas iniciais\u00a0<\/strong>do \u00faltimo edital\u00a0TRT 11, como \u00e9 costumeiro em concursos para Tribunais. Ao todo, foram nomeados 531 candidatos da lista de ampla concorr\u00eancia.<\/p>\n<p style=\"text-align: justify;\">Para <strong>TJAA<\/strong>, por exemplo, a quantidade de candidatos <strong>nomeados<\/strong> foi <strong>oito vezes<\/strong> superior \u00e0s vagas do edital. J\u00e1 para <strong>AJAJ<\/strong>, as nomea\u00e7\u00f5es foram de <strong>cinco vezes<\/strong> a quantidade de vagas do edital, ao longo dos quatro anos de validade do concurso.<\/p>\n<p style=\"text-align: justify;\"><span style=\"color: #008000;\"><em>Voc\u00ea j\u00e1 conhece o Informativo Estrat\u00e9gico? Veja essa novidade que preparamos para voc\u00eas: informativos do STF e STJ comentados pela equipe de professores do Estrat\u00e9gia.<\/em><\/span><\/p>\n<p><a href=\"https:\/\/www.estrategiaconcursos.com.br\/blog\/informativo-stj\/\">Informativo STJ<\/a><\/p>\n<p><a href=\"https:\/\/www.estrategiaconcursos.com.br\/blog\/informativo-stf\/\">Informativo STF<\/a><\/p>\n<h3 style=\"text-align: justify;\"><strong>\u00daltimas provas &#8211; edital TRT 11<\/strong><\/h3>\n<p style=\"text-align: justify;\">As provas foram realizadas no dia 08\/01\/2012, nas cidades de Manaus (AM) e Boa Vista (RR), da seguinte forma:<\/p>\n<p style=\"text-align: justify;\"><img loading=\"lazy\" decoding=\"async\" class=\"aligncenter wp-image-46356\" src=\"https:\/\/dhg1h5j42swfq.cloudfront.net\/2016\/08\/15142026\/TRT11-tabela-2.jpg\" alt=\"EDITAL TRT 11\" width=\"400\" height=\"154\" srcset=\"https:\/\/dhg1h5j42swfq.cloudfront.net\/2016\/08\/15142026\/TRT11-tabela-2.jpg 571w, https:\/\/dhg1h5j42swfq.cloudfront.net\/2016\/08\/15142026\/TRT11-tabela-2.jpg 300w, https:\/\/dhg1h5j42swfq.cloudfront.net\/2016\/08\/15142026\/TRT11-tabela-2.jpg 500w\" sizes=\"auto, (max-width: 400px) 100vw, 400px\" \/><\/p>\n<p style=\"text-align: justify;\">Dessa forma, um mesmo candidato p\u00f4de fazer ambas as provas, t\u00e9cnico e analista, para quem assim desejou.<\/p>\n<p style=\"text-align: justify;\">\u00c0 \u00e9poca, as provas objetivas tiveram o seguinte perfil:<\/p>\n<p style=\"text-align: justify;\"><img loading=\"lazy\" decoding=\"async\" class=\"aligncenter wp-image-46357\" src=\"https:\/\/dhg1h5j42swfq.cloudfront.net\/2016\/08\/15142028\/TRT11-tabela-3.jpg\" alt=\"EDITAL TRT 11\" width=\"401\" height=\"167\" srcset=\"https:\/\/dhg1h5j42swfq.cloudfront.net\/2016\/08\/15142028\/TRT11-tabela-3.jpg 636w, https:\/\/dhg1h5j42swfq.cloudfront.net\/2016\/08\/15142028\/TRT11-tabela-3.jpg 300w, https:\/\/dhg1h5j42swfq.cloudfront.net\/2016\/08\/15142028\/TRT11-tabela-3.jpg 500w\" sizes=\"auto, (max-width: 401px) 100vw, 401px\" \/><\/p>\n<p style=\"text-align: justify;\"><strong><span style=\"color: #000000;\">Analista Judici\u00e1rio<\/span><\/strong><\/p>\n<p style=\"text-align: justify;\">Para Analista Judici\u00e1rio (AJAJ), Oficial de Justi\u00e7a Avaliador Federal (OJAF) e Analista Administrativo (AJAA) foram cobradas as seguintes mat\u00e9rias:<\/p>\n<p style=\"text-align: justify;\"><img loading=\"lazy\" decoding=\"async\" class=\"aligncenter wp-image-46358\" src=\"https:\/\/dhg1h5j42swfq.cloudfront.net\/2016\/08\/15142030\/TRT11-tabela-4.jpg\" alt=\"EDITAL TRT 11\" width=\"600\" height=\"263\" srcset=\"https:\/\/dhg1h5j42swfq.cloudfront.net\/2016\/08\/15142030\/TRT11-tabela-4.jpg 863w, https:\/\/dhg1h5j42swfq.cloudfront.net\/2016\/08\/15142030\/TRT11-tabela-4.jpg 300w, https:\/\/dhg1h5j42swfq.cloudfront.net\/2016\/08\/15142030\/TRT11-tabela-4.jpg 768w, https:\/\/dhg1h5j42swfq.cloudfront.net\/2016\/08\/15142030\/TRT11-tabela-4.jpg 500w\" sizes=\"auto, (max-width: 600px) 100vw, 600px\" \/><\/p>\n<p style=\"text-align: justify;\">Analisando cada uma das quest\u00f5es da prova de AJAJ, por exemplo, percebemos um peso relativamente baixo de Inform\u00e1tica e Racioc\u00ednio-L\u00f3gico:<\/p>\n<p style=\"text-align: justify;\"><img loading=\"lazy\" decoding=\"async\" class=\"aligncenter wp-image-46359 size-full\" src=\"https:\/\/dhg1h5j42swfq.cloudfront.net\/2016\/08\/15142031\/TRT11-tabela-5.jpg\" alt=\"EDITAL TRT 11\" width=\"944\" height=\"483\" srcset=\"https:\/\/dhg1h5j42swfq.cloudfront.net\/2016\/08\/15142031\/TRT11-tabela-5.jpg 944w, https:\/\/dhg1h5j42swfq.cloudfront.net\/2016\/08\/15142031\/TRT11-tabela-5.jpg 300w, https:\/\/dhg1h5j42swfq.cloudfront.net\/2016\/08\/15142031\/TRT11-tabela-5.jpg 768w, https:\/\/dhg1h5j42swfq.cloudfront.net\/2016\/08\/15142031\/TRT11-tabela-5.jpg 500w\" sizes=\"auto, (max-width: 944px) 100vw, 944px\" \/><\/p>\n<p style=\"text-align: justify;\"><strong>T\u00e9cnico Judici\u00e1rio<\/strong><\/p>\n<p style=\"text-align: justify;\">Para T\u00e9cnico Administrativo (TJAA), por sua vez, foram cobradas TODAS as mat\u00e9rias listadas acima, mas foram invertidos os pesos: as que apareceram como conhecimentos espec\u00edficos na tabela anterior, para T\u00e9cnico foram colocadas como de conhecimentos b\u00e1sicos (portanto, peso 1). Dessa forma, Portugu\u00eas, Racioc\u00ednio L\u00f3gico e Inform\u00e1tica tiveram peso 2 na prova de T\u00e9cnico:<\/p>\n<p style=\"text-align: justify;\"><img loading=\"lazy\" decoding=\"async\" class=\"aligncenter wp-image-46360\" src=\"https:\/\/dhg1h5j42swfq.cloudfront.net\/2016\/08\/15142033\/TRT11-tabela-6.jpg\" alt=\"EDITAL TRT 11\" width=\"500\" height=\"282\" srcset=\"https:\/\/dhg1h5j42swfq.cloudfront.net\/2016\/08\/15142033\/TRT11-tabela-6.jpg 759w, https:\/\/dhg1h5j42swfq.cloudfront.net\/2016\/08\/15142033\/TRT11-tabela-6.jpg 300w, https:\/\/dhg1h5j42swfq.cloudfront.net\/2016\/08\/15142033\/TRT11-tabela-6.jpg 500w\" sizes=\"auto, (max-width: 500px) 100vw, 500px\" \/><\/p>\n<p style=\"text-align: justify;\">Em rela\u00e7\u00e3o ao peso de cada uma dessas mat\u00e9rias face ao total de quest\u00f5es da prova, observamos uma enorme import\u00e2ncia de Portugu\u00eas e Racioc\u00ednio L\u00f3gico:<\/p>\n<p style=\"text-align: justify;\"><img loading=\"lazy\" decoding=\"async\" class=\"aligncenter wp-image-46361 size-full\" src=\"https:\/\/dhg1h5j42swfq.cloudfront.net\/2016\/08\/15142035\/TRT11-tabela-7.jpg\" alt=\"EDITAL TRT 11\" width=\"849\" height=\"523\" srcset=\"https:\/\/dhg1h5j42swfq.cloudfront.net\/2016\/08\/15142035\/TRT11-tabela-7.jpg 849w, https:\/\/dhg1h5j42swfq.cloudfront.net\/2016\/08\/15142035\/TRT11-tabela-7.jpg 300w, https:\/\/dhg1h5j42swfq.cloudfront.net\/2016\/08\/15142035\/TRT11-tabela-7.jpg 768w, https:\/\/dhg1h5j42swfq.cloudfront.net\/2016\/08\/15142035\/TRT11-tabela-7.jpg 487w\" sizes=\"auto, (max-width: 849px) 100vw, 849px\" \/><\/p>\n<p style=\"text-align: justify;\">Al\u00e9m disso, no \u00faltimo TRT AM, n\u00e3o houve provas discursivas!<\/p>\n<h3><strong>DICAS DE ESTUDOS<\/strong><\/h3>\n<p>Neste per\u00edodo\u00a0que antecede o edital, \u00e9 importante <strong>n\u00e3o perder a motiva\u00e7\u00e3o<\/strong>! Este concurso deve ser bastante disputado, de modo que \u00e9 essencial\u00a0se <strong>preparar com anteced\u00eancia<\/strong>.<\/p>\n<p>N\u00e3o costumam ter muitas mudan\u00e7as de um concurso para outro do mesmo Tribunal. Assim, recomendamos que os estudos <strong>tomem por base\u00a0o \u00faltimo edital<\/strong>, com <strong>ciclos de estudo<\/strong> a partir das mat\u00e9rias que foram mais &#8220;valiosas&#8221;\u00a0na \u00faltima prova.<\/p>\n<p>H\u00e1 in\u00fameros materiais na internet sobre &#8220;como\u00a0estudar para concursos&#8221;. Sem pretender esgotar o assunto, ressalto a import\u00e2ncia de voc\u00ea\u00a0n\u00e3o deixar de <strong>planejar seus estudos<\/strong> (por meio de planilhas etc) nem\u00a0de <strong>controlar sua evolu\u00e7\u00e3o<\/strong>.<\/p>\n<p>Al\u00e9m disso, fa\u00e7a MUITAS\u00a0<strong>quest\u00f5es anteriores<\/strong> de concursos semelhantes e, de prefer\u00eancia, comentadas.<\/p>\n<h3 style=\"text-align: justify;\"><strong>Cursos Estrat\u00e9gia Concursos<\/strong><\/h3>\n<p style=\"text-align: justify;\">Por fim, deixamos aqui os links para os nossos cursos. Dentro da perspectiva apresentada, an\u00e1lise de quest\u00f5es, estilo da banca, lan\u00e7amos cursos objetivos, atualizados e com total foco no edital do TRT AM.<\/p>\n<p style=\"text-align: justify;\"><a href=\"https:\/\/www.estrategiaconcursos.com.br\/blog\/concurso-trt-11\/\" target=\"_blank\">Cursos online TRT 11<\/a><\/p>\n<p style=\"text-align: justify;\">N\u00e3o deixem de conferir nossas aulas demonstrativas e, se houver alguma d\u00favida, deixe seu coment\u00e1rio abaixo.<\/p>\n<h3 style=\"text-align: justify;\"><strong><span style=\"color: #ff0000;\">\u00a0<a style=\"color: #ff0000;\" href=\"https:\/\/www.estrategiaconcursos.com.br\/blog\/wp-content\/uploads\/2016\/07\/Edital-TRT-11-AM-RR-2011.pdf\">Edital TRT 11 &#8211; 2011<\/a><\/span><\/strong><\/h3>\n<p style=\"text-align: justify;\">No mais, desejo a todos uma excelente prepara\u00e7\u00e3o e muito sucesso nesta caminhada rumo ao TRT da 11\u00aa Regi\u00e3o.<\/p>\n<p style=\"text-align: justify;\">Bons estudos e um forte abra\u00e7o a todos!<\/p>\n<p style=\"text-align: justify;\">Antonio<\/p>\n<p style=\"text-align: justify;\"><a href=\"http:\/\/www.facebook.com\/adaudjr\">www.facebook.com\/adaudjr<\/a><\/p>\n<p>&nbsp;<\/p>\n","protected":false},"excerpt":{"rendered":"<p>Edital TRT 11 (AM e RR) &#8211; publicado o edital do concurso 2017 Foi publicado em 11\/novembro o aguardado edital do concurso para o Tribunal Regional do Trabalho da 11\u00aa Regi\u00e3o (edital TRT 11 AM \/ RR). As provas ocorrer\u00e3o daqui a mais de 3 meses, isto \u00e9, em 19 de fevereiro de 2017.\u00a0Portanto h\u00e1 [&hellip;]<\/p>\n","protected":false},"author":135,"featured_media":40568,"comment_status":"open","ping_status":"open","sticky":false,"template":"","format":"standard","meta":{"post_tipo":"article","footnotes":""},"categories":[1,1984],"tags":[2062,2061,2163],"tax_estado":[],"class_list":["post-46351","post","type-post","status-publish","format-standard","has-post-thumbnail","hentry","category-cursos-e-concursos","category-tribunais","tag-concurso-trt-11","tag-edital-trt-11","tag-trt-11"],"acf":[],"yoast_head":"<!-- This site is optimized with the Yoast SEO Premium plugin v27.2 (Yoast SEO v27.2) - https:\/\/yoast.com\/product\/yoast-seo-premium-wordpress\/ -->\n<title>Edital TRT 11 (AM e RR) foi publicado. Veja nossa an\u00e1lise completa!<\/title>\n<meta name=\"description\" content=\"Edital TRT 11 - saiba tudo sobre o \u00faltimo certame e receba dicas de estudo para o Concurso TRT 11\u00aa Regi\u00e3o.\" \/>\n<meta name=\"robots\" content=\"index, follow, max-snippet:-1, max-image-preview:large, max-video-preview:-1\" \/>\n<link rel=\"canonical\" href=\"https:\/\/www.estrategiaconcursos.com.br\/blog\/edital-trt-11\/\" \/>\n<meta property=\"og:locale\" content=\"pt_BR\" \/>\n<meta property=\"og:type\" content=\"article\" \/>\n<meta property=\"og:title\" content=\"Edital TRT 11 (AM e RR) foi publicado. Veja nossa an\u00e1lise completa!\" \/>\n<meta property=\"og:description\" content=\"Edital TRT 11 - saiba tudo sobre o \u00faltimo certame e receba dicas de estudo para o Concurso TRT 11\u00aa Regi\u00e3o.\" \/>\n<meta property=\"og:url\" content=\"https:\/\/www.estrategiaconcursos.com.br\/blog\/edital-trt-11\/\" \/>\n<meta property=\"og:site_name\" content=\"Estrat\u00e9gia Concursos\" \/>\n<meta property=\"article:published_time\" content=\"2016-11-25T07:45:56+00:00\" \/>\n<meta property=\"article:modified_time\" content=\"2016-11-25T11:35:36+00:00\" \/>\n<meta property=\"og:image\" content=\"https:\/\/dhg1h5j42swfq.cloudfront.net\/2016\/06\/02130017\/TRT-11.jpg\" \/>\n\t<meta property=\"og:image:width\" content=\"1282\" \/>\n\t<meta property=\"og:image:height\" content=\"1580\" \/>\n\t<meta property=\"og:image:type\" content=\"image\/jpeg\" \/>\n<meta name=\"author\" content=\"Antonio Daud\" \/>\n<meta name=\"twitter:card\" content=\"summary_large_image\" \/>\n<meta name=\"twitter:creator\" content=\"@EstratConcursos\" \/>\n<meta name=\"twitter:site\" content=\"@EstratConcursos\" \/>\n<meta name=\"twitter:label1\" content=\"Escrito por\" \/>\n\t<meta name=\"twitter:data1\" content=\"Antonio Daud\" \/>\n\t<meta name=\"twitter:label2\" content=\"Est. tempo de leitura\" \/>\n\t<meta name=\"twitter:data2\" content=\"6 minutos\" \/>\n<script type=\"application\/ld+json\" class=\"yoast-schema-graph\">{\"@context\":\"https:\/\/schema.org\",\"@graph\":[{\"@type\":\"NewsArticle\",\"@id\":\"https:\/\/www.estrategiaconcursos.com.br\/blog\/edital-trt-11\/#article\",\"isPartOf\":{\"@id\":\"https:\/\/www.estrategiaconcursos.com.br\/blog\/edital-trt-11\/\"},\"author\":{\"name\":\"Antonio Daud\",\"@id\":\"https:\/\/www.estrategiaconcursos.com.br\/blog\/#\/schema\/person\/90692507130b147bb9128fc093141dad\"},\"headline\":\"Edital TRT 11 (AM e RR) foi publicado. Veja nossa an\u00e1lise completa!\",\"datePublished\":\"2016-11-25T07:45:56+00:00\",\"dateModified\":\"2016-11-25T11:35:36+00:00\",\"mainEntityOfPage\":{\"@id\":\"https:\/\/www.estrategiaconcursos.com.br\/blog\/edital-trt-11\/\"},\"wordCount\":1300,\"commentCount\":6,\"publisher\":{\"@id\":\"https:\/\/www.estrategiaconcursos.com.br\/blog\/#organization\"},\"image\":{\"@id\":\"https:\/\/www.estrategiaconcursos.com.br\/blog\/edital-trt-11\/#primaryimage\"},\"thumbnailUrl\":\"https:\/\/dhg1h5j42swfq.cloudfront.net\/2016\/06\/02130017\/TRT-11.jpg\",\"keywords\":[\"concurso trt 11\",\"edital trt 11\",\"TRT 11\"],\"articleSection\":[\"Concursos P\u00fablicos\",\"Tribunais\"],\"inLanguage\":\"pt-BR\",\"potentialAction\":[{\"@type\":\"CommentAction\",\"name\":\"Comment\",\"target\":[\"https:\/\/www.estrategiaconcursos.com.br\/blog\/edital-trt-11\/#respond\"]}],\"copyrightYear\":\"2016\",\"copyrightHolder\":{\"@id\":\"https:\/\/www.estrategiaconcursos.com.br\/blog\/#organization\"}},{\"@type\":\"WebPage\",\"@id\":\"https:\/\/www.estrategiaconcursos.com.br\/blog\/edital-trt-11\/\",\"url\":\"https:\/\/www.estrategiaconcursos.com.br\/blog\/edital-trt-11\/\",\"name\":\"Edital TRT 11 (AM e RR) foi publicado. Veja nossa an\u00e1lise completa!\",\"isPartOf\":{\"@id\":\"https:\/\/www.estrategiaconcursos.com.br\/blog\/#website\"},\"primaryImageOfPage\":{\"@id\":\"https:\/\/www.estrategiaconcursos.com.br\/blog\/edital-trt-11\/#primaryimage\"},\"image\":{\"@id\":\"https:\/\/www.estrategiaconcursos.com.br\/blog\/edital-trt-11\/#primaryimage\"},\"thumbnailUrl\":\"https:\/\/dhg1h5j42swfq.cloudfront.net\/2016\/06\/02130017\/TRT-11.jpg\",\"datePublished\":\"2016-11-25T07:45:56+00:00\",\"dateModified\":\"2016-11-25T11:35:36+00:00\",\"description\":\"Edital TRT 11 - saiba tudo sobre o \u00faltimo certame e receba dicas de estudo para o Concurso TRT 11\u00aa Regi\u00e3o.\",\"breadcrumb\":{\"@id\":\"https:\/\/www.estrategiaconcursos.com.br\/blog\/edital-trt-11\/#breadcrumb\"},\"inLanguage\":\"pt-BR\",\"potentialAction\":[{\"@type\":\"ReadAction\",\"target\":[\"https:\/\/www.estrategiaconcursos.com.br\/blog\/edital-trt-11\/\"]}]},{\"@type\":\"ImageObject\",\"inLanguage\":\"pt-BR\",\"@id\":\"https:\/\/www.estrategiaconcursos.com.br\/blog\/edital-trt-11\/#primaryimage\",\"url\":\"https:\/\/dhg1h5j42swfq.cloudfront.net\/2016\/06\/02130017\/TRT-11.jpg\",\"contentUrl\":\"https:\/\/dhg1h5j42swfq.cloudfront.net\/2016\/06\/02130017\/TRT-11.jpg\",\"width\":1282,\"height\":1580},{\"@type\":\"BreadcrumbList\",\"@id\":\"https:\/\/www.estrategiaconcursos.com.br\/blog\/edital-trt-11\/#breadcrumb\",\"itemListElement\":[{\"@type\":\"ListItem\",\"position\":1,\"name\":\"In\u00edcio\",\"item\":\"https:\/\/www.estrategiaconcursos.com.br\/blog\/\"},{\"@type\":\"ListItem\",\"position\":2,\"name\":\"Edital TRT 11 (AM e RR) foi publicado. Veja nossa an\u00e1lise completa!\"}]},{\"@type\":\"WebSite\",\"@id\":\"https:\/\/www.estrategiaconcursos.com.br\/blog\/#website\",\"url\":\"https:\/\/www.estrategiaconcursos.com.br\/blog\/\",\"name\":\"Estrat\u00e9gia Concursos\",\"description\":\"O blog da Estrat\u00e9gia Concursos traz not\u00edcias sobre concursos e artigos de professores oferecendo cursos para concursos (pdf + videaulas) no site.\",\"publisher\":{\"@id\":\"https:\/\/www.estrategiaconcursos.com.br\/blog\/#organization\"},\"potentialAction\":[{\"@type\":\"SearchAction\",\"target\":{\"@type\":\"EntryPoint\",\"urlTemplate\":\"https:\/\/www.estrategiaconcursos.com.br\/blog\/?s={search_term_string}\"},\"query-input\":{\"@type\":\"PropertyValueSpecification\",\"valueRequired\":true,\"valueName\":\"search_term_string\"}}],\"inLanguage\":\"pt-BR\"},{\"@type\":\"Organization\",\"@id\":\"https:\/\/www.estrategiaconcursos.com.br\/blog\/#organization\",\"name\":\"Estrat\u00e9gia Concursos\",\"url\":\"https:\/\/www.estrategiaconcursos.com.br\/blog\/\",\"logo\":{\"@type\":\"ImageObject\",\"inLanguage\":\"pt-BR\",\"@id\":\"https:\/\/www.estrategiaconcursos.com.br\/blog\/#\/schema\/logo\/image\/\",\"url\":\"https:\/\/dhg1h5j42swfq.cloudfront.net\/2025\/06\/03203428\/logo_concursos-1.jpg\",\"contentUrl\":\"https:\/\/dhg1h5j42swfq.cloudfront.net\/2025\/06\/03203428\/logo_concursos-1.jpg\",\"width\":230,\"height\":60,\"caption\":\"Estrat\u00e9gia Concursos\"},\"image\":{\"@id\":\"https:\/\/www.estrategiaconcursos.com.br\/blog\/#\/schema\/logo\/image\/\"},\"sameAs\":[\"https:\/\/x.com\/EstratConcursos\"]},{\"@type\":\"Person\",\"@id\":\"https:\/\/www.estrategiaconcursos.com.br\/blog\/#\/schema\/person\/90692507130b147bb9128fc093141dad\",\"name\":\"Antonio Daud\",\"image\":{\"@type\":\"ImageObject\",\"inLanguage\":\"pt-BR\",\"@id\":\"https:\/\/secure.gravatar.com\/avatar\/9a6539d0d807c3d7c2aaa709166f9aa9824103126593f30916973bcaedf16896?s=96&d=mm&r=g\",\"url\":\"https:\/\/secure.gravatar.com\/avatar\/9a6539d0d807c3d7c2aaa709166f9aa9824103126593f30916973bcaedf16896?s=96&d=mm&r=g\",\"contentUrl\":\"https:\/\/secure.gravatar.com\/avatar\/9a6539d0d807c3d7c2aaa709166f9aa9824103126593f30916973bcaedf16896?s=96&d=mm&r=g\",\"caption\":\"Antonio Daud\"},\"description\":\"Antonio Daud J\u00fanior \u00e9 bacharel em Engenharia El\u00e9trica e em Direito. Foi Analista de Finan\u00e7as e Controle da Controladoria-Geral da Uni\u00e3o\/Presid\u00eancia da Rep\u00fablica (CGU\/PR), aprovado no concurso de 2008. Atualmente \u00e9 Auditor Federal de Controle Externo (AUFC) do Tribunal de Contas da Uni\u00e3o (TCU), aprovado tamb\u00e9m em 2008.\",\"sameAs\":[\"https:\/\/www.instagram.com\/professordaud\/?hl=en\"],\"url\":\"https:\/\/www.estrategiaconcursos.com.br\/blog\/author\/antoniodaudestrategiaconcursos-com-br\/\"}]}<\/script>\n<!-- \/ Yoast SEO Premium plugin. -->","yoast_head_json":{"title":"Edital TRT 11 (AM e RR) foi publicado. Veja nossa an\u00e1lise completa!","description":"Edital TRT 11 - saiba tudo sobre o \u00faltimo certame e receba dicas de estudo para o Concurso TRT 11\u00aa Regi\u00e3o.","robots":{"index":"index","follow":"follow","max-snippet":"max-snippet:-1","max-image-preview":"max-image-preview:large","max-video-preview":"max-video-preview:-1"},"canonical":"https:\/\/www.estrategiaconcursos.com.br\/blog\/edital-trt-11\/","og_locale":"pt_BR","og_type":"article","og_title":"Edital TRT 11 (AM e RR) foi publicado. Veja nossa an\u00e1lise completa!","og_description":"Edital TRT 11 - saiba tudo sobre o \u00faltimo certame e receba dicas de estudo para o Concurso TRT 11\u00aa Regi\u00e3o.","og_url":"https:\/\/www.estrategiaconcursos.com.br\/blog\/edital-trt-11\/","og_site_name":"Estrat\u00e9gia Concursos","article_published_time":"2016-11-25T07:45:56+00:00","article_modified_time":"2016-11-25T11:35:36+00:00","og_image":[{"width":1282,"height":1580,"url":"https:\/\/dhg1h5j42swfq.cloudfront.net\/2016\/06\/02130017\/TRT-11.jpg","type":"image\/jpeg"}],"author":"Antonio Daud","twitter_card":"summary_large_image","twitter_creator":"@EstratConcursos","twitter_site":"@EstratConcursos","twitter_misc":{"Escrito por":"Antonio Daud","Est. tempo de leitura":"6 minutos"},"schema":{"@context":"https:\/\/schema.org","@graph":[{"@type":"NewsArticle","@id":"https:\/\/www.estrategiaconcursos.com.br\/blog\/edital-trt-11\/#article","isPartOf":{"@id":"https:\/\/www.estrategiaconcursos.com.br\/blog\/edital-trt-11\/"},"author":{"name":"Antonio Daud","@id":"https:\/\/www.estrategiaconcursos.com.br\/blog\/#\/schema\/person\/90692507130b147bb9128fc093141dad"},"headline":"Edital TRT 11 (AM e RR) foi publicado. Veja nossa an\u00e1lise completa!","datePublished":"2016-11-25T07:45:56+00:00","dateModified":"2016-11-25T11:35:36+00:00","mainEntityOfPage":{"@id":"https:\/\/www.estrategiaconcursos.com.br\/blog\/edital-trt-11\/"},"wordCount":1300,"commentCount":6,"publisher":{"@id":"https:\/\/www.estrategiaconcursos.com.br\/blog\/#organization"},"image":{"@id":"https:\/\/www.estrategiaconcursos.com.br\/blog\/edital-trt-11\/#primaryimage"},"thumbnailUrl":"https:\/\/dhg1h5j42swfq.cloudfront.net\/2016\/06\/02130017\/TRT-11.jpg","keywords":["concurso trt 11","edital trt 11","TRT 11"],"articleSection":["Concursos P\u00fablicos","Tribunais"],"inLanguage":"pt-BR","potentialAction":[{"@type":"CommentAction","name":"Comment","target":["https:\/\/www.estrategiaconcursos.com.br\/blog\/edital-trt-11\/#respond"]}],"copyrightYear":"2016","copyrightHolder":{"@id":"https:\/\/www.estrategiaconcursos.com.br\/blog\/#organization"}},{"@type":"WebPage","@id":"https:\/\/www.estrategiaconcursos.com.br\/blog\/edital-trt-11\/","url":"https:\/\/www.estrategiaconcursos.com.br\/blog\/edital-trt-11\/","name":"Edital TRT 11 (AM e RR) foi publicado. Veja nossa an\u00e1lise completa!","isPartOf":{"@id":"https:\/\/www.estrategiaconcursos.com.br\/blog\/#website"},"primaryImageOfPage":{"@id":"https:\/\/www.estrategiaconcursos.com.br\/blog\/edital-trt-11\/#primaryimage"},"image":{"@id":"https:\/\/www.estrategiaconcursos.com.br\/blog\/edital-trt-11\/#primaryimage"},"thumbnailUrl":"https:\/\/dhg1h5j42swfq.cloudfront.net\/2016\/06\/02130017\/TRT-11.jpg","datePublished":"2016-11-25T07:45:56+00:00","dateModified":"2016-11-25T11:35:36+00:00","description":"Edital TRT 11 - saiba tudo sobre o \u00faltimo certame e receba dicas de estudo para o Concurso TRT 11\u00aa Regi\u00e3o.","breadcrumb":{"@id":"https:\/\/www.estrategiaconcursos.com.br\/blog\/edital-trt-11\/#breadcrumb"},"inLanguage":"pt-BR","potentialAction":[{"@type":"ReadAction","target":["https:\/\/www.estrategiaconcursos.com.br\/blog\/edital-trt-11\/"]}]},{"@type":"ImageObject","inLanguage":"pt-BR","@id":"https:\/\/www.estrategiaconcursos.com.br\/blog\/edital-trt-11\/#primaryimage","url":"https:\/\/dhg1h5j42swfq.cloudfront.net\/2016\/06\/02130017\/TRT-11.jpg","contentUrl":"https:\/\/dhg1h5j42swfq.cloudfront.net\/2016\/06\/02130017\/TRT-11.jpg","width":1282,"height":1580},{"@type":"BreadcrumbList","@id":"https:\/\/www.estrategiaconcursos.com.br\/blog\/edital-trt-11\/#breadcrumb","itemListElement":[{"@type":"ListItem","position":1,"name":"In\u00edcio","item":"https:\/\/www.estrategiaconcursos.com.br\/blog\/"},{"@type":"ListItem","position":2,"name":"Edital TRT 11 (AM e RR) foi publicado. Veja nossa an\u00e1lise completa!"}]},{"@type":"WebSite","@id":"https:\/\/www.estrategiaconcursos.com.br\/blog\/#website","url":"https:\/\/www.estrategiaconcursos.com.br\/blog\/","name":"Estrat\u00e9gia Concursos","description":"O blog da Estrat\u00e9gia Concursos traz not\u00edcias sobre concursos e artigos de professores oferecendo cursos para concursos (pdf + videaulas) no site.","publisher":{"@id":"https:\/\/www.estrategiaconcursos.com.br\/blog\/#organization"},"potentialAction":[{"@type":"SearchAction","target":{"@type":"EntryPoint","urlTemplate":"https:\/\/www.estrategiaconcursos.com.br\/blog\/?s={search_term_string}"},"query-input":{"@type":"PropertyValueSpecification","valueRequired":true,"valueName":"search_term_string"}}],"inLanguage":"pt-BR"},{"@type":"Organization","@id":"https:\/\/www.estrategiaconcursos.com.br\/blog\/#organization","name":"Estrat\u00e9gia Concursos","url":"https:\/\/www.estrategiaconcursos.com.br\/blog\/","logo":{"@type":"ImageObject","inLanguage":"pt-BR","@id":"https:\/\/www.estrategiaconcursos.com.br\/blog\/#\/schema\/logo\/image\/","url":"https:\/\/dhg1h5j42swfq.cloudfront.net\/2025\/06\/03203428\/logo_concursos-1.jpg","contentUrl":"https:\/\/dhg1h5j42swfq.cloudfront.net\/2025\/06\/03203428\/logo_concursos-1.jpg","width":230,"height":60,"caption":"Estrat\u00e9gia Concursos"},"image":{"@id":"https:\/\/www.estrategiaconcursos.com.br\/blog\/#\/schema\/logo\/image\/"},"sameAs":["https:\/\/x.com\/EstratConcursos"]},{"@type":"Person","@id":"https:\/\/www.estrategiaconcursos.com.br\/blog\/#\/schema\/person\/90692507130b147bb9128fc093141dad","name":"Antonio Daud","image":{"@type":"ImageObject","inLanguage":"pt-BR","@id":"https:\/\/secure.gravatar.com\/avatar\/9a6539d0d807c3d7c2aaa709166f9aa9824103126593f30916973bcaedf16896?s=96&d=mm&r=g","url":"https:\/\/secure.gravatar.com\/avatar\/9a6539d0d807c3d7c2aaa709166f9aa9824103126593f30916973bcaedf16896?s=96&d=mm&r=g","contentUrl":"https:\/\/secure.gravatar.com\/avatar\/9a6539d0d807c3d7c2aaa709166f9aa9824103126593f30916973bcaedf16896?s=96&d=mm&r=g","caption":"Antonio Daud"},"description":"Antonio Daud J\u00fanior \u00e9 bacharel em Engenharia El\u00e9trica e em Direito. Foi Analista de Finan\u00e7as e Controle da Controladoria-Geral da Uni\u00e3o\/Presid\u00eancia da Rep\u00fablica (CGU\/PR), aprovado no concurso de 2008. Atualmente \u00e9 Auditor Federal de Controle Externo (AUFC) do Tribunal de Contas da Uni\u00e3o (TCU), aprovado tamb\u00e9m em 2008.","sameAs":["https:\/\/www.instagram.com\/professordaud\/?hl=en"],"url":"https:\/\/www.estrategiaconcursos.com.br\/blog\/author\/antoniodaudestrategiaconcursos-com-br\/"}]}},"_links":{"self":[{"href":"https:\/\/www.estrategiaconcursos.com.br\/blog\/wp-json\/wp\/v2\/posts\/46351","targetHints":{"allow":["GET"]}}],"collection":[{"href":"https:\/\/www.estrategiaconcursos.com.br\/blog\/wp-json\/wp\/v2\/posts"}],"about":[{"href":"https:\/\/www.estrategiaconcursos.com.br\/blog\/wp-json\/wp\/v2\/types\/post"}],"author":[{"embeddable":true,"href":"https:\/\/www.estrategiaconcursos.com.br\/blog\/wp-json\/wp\/v2\/users\/135"}],"replies":[{"embeddable":true,"href":"https:\/\/www.estrategiaconcursos.com.br\/blog\/wp-json\/wp\/v2\/comments?post=46351"}],"version-history":[{"count":31,"href":"https:\/\/www.estrategiaconcursos.com.br\/blog\/wp-json\/wp\/v2\/posts\/46351\/revisions"}],"predecessor-version":[{"id":56059,"href":"https:\/\/www.estrategiaconcursos.com.br\/blog\/wp-json\/wp\/v2\/posts\/46351\/revisions\/56059"}],"wp:featuredmedia":[{"embeddable":true,"href":"https:\/\/www.estrategiaconcursos.com.br\/blog\/wp-json\/wp\/v2\/media\/40568"}],"wp:attachment":[{"href":"https:\/\/www.estrategiaconcursos.com.br\/blog\/wp-json\/wp\/v2\/media?parent=46351"}],"wp:term":[{"taxonomy":"category","embeddable":true,"href":"https:\/\/www.estrategiaconcursos.com.br\/blog\/wp-json\/wp\/v2\/categories?post=46351"},{"taxonomy":"post_tag","embeddable":true,"href":"https:\/\/www.estrategiaconcursos.com.br\/blog\/wp-json\/wp\/v2\/tags?post=46351"},{"taxonomy":"tax_estado","embeddable":true,"href":"https:\/\/www.estrategiaconcursos.com.br\/blog\/wp-json\/wp\/v2\/tax_estado?post=46351"}],"curies":[{"name":"wp","href":"https:\/\/api.w.org\/{rel}","templated":true}]}}