{"id":463429,"date":"2022-08-29T15:40:00","date_gmt":"2022-08-29T18:40:00","guid":{"rendered":"https:\/\/www.estrategiaconcursos.com.br\/blog\/?p=463429"},"modified":"2023-10-17T16:53:44","modified_gmt":"2023-10-17T19:53:44","slug":"concurso-guarda-municipal-maua","status":"publish","type":"post","link":"https:\/\/www.estrategiaconcursos.com.br\/blog\/concurso-guarda-municipal-maua\/","title":{"rendered":"Concurso Guarda Municipal Mau\u00e1: saiu gabarito provis\u00f3rio"},"content":{"rendered":"\n<p>O gabarito provis\u00f3rio da prova objetiva do concurso<strong> Guarda Municipal de Mau\u00e1<\/strong> foi divulgado. Os recursos contra o gabarito poder\u00e3o ser interpostos nos dias 30 e 31 de agosto.<\/p>\n\n\n\n<ul class=\"wp-block-list\">\n<li><a href=\"https:\/\/dhg1h5j42swfq.cloudfront.net\/2022\/08\/29154247\/10-edital-de-divulgacao-do-gabarito.pdf\" target=\"_blank\" rel=\"noreferrer noopener nofollow\">Gabarito provis\u00f3rio Guarda de Mau\u00e1<\/a><\/li>\n<\/ul>\n\n\n\n<p>S\u00e3o ofertadas <strong>100 vagas<\/strong> para o cargo de Guarda Civil Municipal. As oportunidades se distribuem entre o sexo feminino e masculino, entre ampla concorr\u00eancia, pessoas com defici\u00eancias e candidatos negros. O sal\u00e1rio inicial \u00e9 de R$ 3.076,81 + adicional de periculosidade.<\/p>\n\n\n\n<ul class=\"has-very-light-gray-to-cyan-bluish-gray-gradient-background has-background wp-block-list\">\n<li><strong>Concurso Guarda Municipal Mau\u00e1<\/strong><\/li>\n\n\n\n<li><strong>Status:<\/strong> gabaritos divulgados<\/li>\n\n\n\n<li><strong>Banca:<\/strong> IBAM<\/li>\n\n\n\n<li><strong>Vagas:<\/strong> 100<\/li>\n\n\n\n<li><strong>Sal\u00e1rio inicial:<\/strong> R$ 3.076,81 + adicional<\/li>\n\n\n\n<li><strong>Edital:<\/strong> <a href=\"https:\/\/dhg1h5j42swfq.cloudfront.net\/2022\/07\/11134537\/01-edital-de-abertura.pdf\" target=\"_blank\" rel=\"noreferrer noopener nofollow\">GCM Mau\u00e1 &#8211; 2022<\/a><\/li>\n<\/ul>\n\n\n\n<p>A fim de te deixar sempre bem informado, elaboramos este artigo com as principais informa\u00e7\u00f5es e novidades sobre o concurso Guarda Municipal Mau\u00e1. Acompanhe os t\u00f3picos abaixo e n\u00e3o perca nenhum detalhe:<\/p>\n\n\n\n<ul class=\"wp-block-list\">\n<li><a href=\"#principais\">Informa\u00e7\u00f5es do concurso<\/a><\/li>\n\n\n\n<li><a href=\"#cargos\">Cargos, vagas e remunera\u00e7\u00e3o<\/a><\/li>\n\n\n\n<li><a href=\"#etapas\">Etapas do concurso<\/a>\n<ul class=\"wp-block-list\">\n<li><a href=\"#provas\">Prova Objetiva<\/a><\/li>\n\n\n\n<li><a href=\"#teste\">Teste de Aptid\u00e3o F\u00edsica<\/a><\/li>\n\n\n\n<li><a href=\"#demais-etapas\">Demais etapas<\/a><\/li>\n<\/ul>\n<\/li>\n\n\n\n<li><a href=\"#cursos-assinatura\">Assinatura de concursos<\/a><\/li>\n\n\n\n<li><a href=\"#ficha\">Ficha t\u00e9cnica<\/a><\/li>\n<\/ul>\n\n\n\n<h2 class=\"wp-block-heading\" id=\"cargos-vagas\">Cargos e vagas do concurso Guarda Municipal Mau\u00e1<\/h2>\n\n\n\n<figure class=\"wp-block-table is-style-stripes\"><table class=\"has-very-light-gray-to-cyan-bluish-gray-gradient-background has-background has-fixed-layout\"><thead><tr><th class=\"has-text-align-center\" data-align=\"center\">CARGOS<\/th><th class=\"has-text-align-center\" data-align=\"center\">VAGAS<\/th><th class=\"has-text-align-center\" data-align=\"center\">SAL\u00c1RIO<\/th><\/tr><\/thead><tbody><tr><td class=\"has-text-align-center\" data-align=\"center\">Guarda Civil Municipal<br \/>(sexo feminino)<\/td><td class=\"has-text-align-center\" data-align=\"center\">50<\/td><td class=\"has-text-align-center\" data-align=\"center\">R$ 3.076,81 + adicional de periculosidade<\/td><\/tr><tr><td class=\"has-text-align-center\" data-align=\"center\">Guarda Civil Municipal<br \/>(sexo masculino)<\/td><td class=\"has-text-align-center\" data-align=\"center\">50<\/td><td class=\"has-text-align-center\" data-align=\"center\">R$ 3.076,81 + adicional de periculosidade<\/td><\/tr><\/tbody><\/table><\/figure>\n\n\n\n<h3 class=\"wp-block-heading\" id=\"principais-requisitos\">Principais requisitos<\/h3>\n\n\n\n<ul class=\"wp-block-list\">\n<li>Diploma de conclus\u00e3o do Ensino M\u00e9dio, emitido por institui\u00e7\u00e3o reconhecida pelo Minist\u00e9rio da Educa\u00e7\u00e3o \u2013 MEC;<\/li>\n\n\n\n<li>Ter idade m\u00ednima de 18 anos e, no m\u00e1ximo, 45 at\u00e9 a data de inscri\u00e7\u00e3o;<\/li>\n\n\n\n<li>N\u00e3o possuir antecedentes criminais.<\/li>\n<\/ul>\n\n\n\n<h2 class=\"wp-block-heading\" id=\"etapas\">Etapas e provas do concurso Guarda Municipal Mau\u00e1<\/h2>\n\n\n\n<p>O concurso p\u00fablico da Guarda Municipal de Mau\u00e1 ser\u00e1 realizado mediante aplica\u00e7\u00e3o de 3 (tr\u00eas) fases, sendo:<\/p>\n\n\n\n<p><strong><span style=\"text-decoration: underline;\">1\u00aa FASE<\/span><\/strong>: <\/p>\n\n\n\n<ul class=\"wp-block-list\">\n<li>Prova Objetiva, de car\u00e1ter classificat\u00f3rio e eliminat\u00f3rio.<\/li>\n<\/ul>\n\n\n\n<p><strong><span style=\"text-decoration: underline;\">2\u00aa FASE<\/span><\/strong>:<\/p>\n\n\n\n<ul class=\"wp-block-list\">\n<li>Teste de Aptid\u00e3o F\u00edsica (TAF), de car\u00e1ter eliminat\u00f3rio.<\/li>\n\n\n\n<li>Avalia\u00e7\u00e3o Psicol\u00f3gica, de car\u00e1ter eliminat\u00f3rio; e<\/li>\n\n\n\n<li>Investiga\u00e7\u00e3o Social, de car\u00e1ter eliminat\u00f3rio.<\/li>\n<\/ul>\n\n\n\n<p><strong><span style=\"text-decoration: underline;\">3\u00aa FASE <\/span><\/strong>:<\/p>\n\n\n\n<ul class=\"wp-block-list\">\n<li>Exame M\u00e9dico, de car\u00e1ter eliminat\u00f3rio;<\/li>\n\n\n\n<li>Exame Toxicol\u00f3gico, de car\u00e1ter eliminat\u00f3rio; e<\/li>\n\n\n\n<li>Curso de Forma\u00e7\u00e3o, de car\u00e1ter eliminat\u00f3rio.<\/li>\n<\/ul>\n\n\n\n<h3 class=\"wp-block-heading\" id=\"prova-objetiva\">Prova Objetiva<\/h3>\n\n\n\n<p>A prova objetiva do concurso Guarda Municipal Mau\u00e1 teve 3h de dura\u00e7\u00e3o e contou com 40 quest\u00f5es de m\u00faltipla escolha, com 4 op\u00e7\u00f5es de escolha e apenas uma correta.<\/p>\n\n\n\n<ul class=\"wp-block-list\">\n<li>L\u00edngua Portuguesa &#8211; 12 quest\u00f5es<\/li>\n\n\n\n<li>Matem\u00e1tica &#8211; 08 quest\u00f5es<\/li>\n\n\n\n<li>Conhecimentos Espec\u00edficos &#8211; 20 quest\u00f5es<\/li>\n<\/ul>\n\n\n\n<p>Os candidatos que n\u00e3o obtiverem 50% de acertos na prova ser\u00e3o automaticamente eliminados do concurso.<\/p>\n\n\n\n<h3 class=\"wp-block-heading\" id=\"teste-de-aptidao-fisica-taf\">Teste de Aptid\u00e3o F\u00edsica (TAF)<\/h3>\n\n\n\n<p>A etapa constar\u00e1 com os seguintes exerc\u00edcios:<\/p>\n\n\n\n<ul class=\"wp-block-list\">\n<li><strong>Flex\u00e3o de bra\u00e7o em 1 minuto:<\/strong>\n<ul class=\"wp-block-list\">\n<li>marca m\u00ednima para homens: maior ou igual a 29; e<\/li>\n\n\n\n<li>marca m\u00ednima para mulheres: maior ou igual a 16.<\/li>\n<\/ul>\n<\/li>\n<\/ul>\n\n\n\n<ul class=\"wp-block-list\">\n<li><strong>Abdominal em 1 minuto:<\/strong>\n<ul class=\"wp-block-list\">\n<li>marca m\u00ednima para homens: maior ou igual 35; e<\/li>\n\n\n\n<li>marca m\u00ednima para mulheres: maior ou igual 30.<\/li>\n<\/ul>\n<\/li>\n<\/ul>\n\n\n\n<ul class=\"wp-block-list\">\n<li><strong>Corrida 50 metros:<\/strong>\n<ul class=\"wp-block-list\">\n<li>marca m\u00ednima para homens: menor ou igual 10 segundos; e<\/li>\n\n\n\n<li>marca m\u00ednima para mulheres: menor ou igual 11 segunodos.<\/li>\n<\/ul>\n<\/li>\n<\/ul>\n\n\n\n<ul class=\"wp-block-list\">\n<li><strong>Corrida 12 minutos<\/strong>:\n<ul class=\"wp-block-list\">\n<li>marca m\u00ednima homens: maior ou igual 2300; e<\/li>\n\n\n\n<li>marca m\u00ednima mulheres: maior ou igual 1900<\/li>\n<\/ul>\n<\/li>\n<\/ul>\n\n\n\n<h3 class=\"wp-block-heading\" id=\"demais-etapas\">Avalia\u00e7\u00e3o Psicol\u00f3gica, Investiga\u00e7\u00e3o Social, Exame M\u00e9dico e Toxicol\u00f3gico e Curso de Forma\u00e7\u00e3o<\/h3>\n\n\n\n<p>A posse e o exerc\u00edcio devem obedecer a Legisla\u00e7\u00e3o em vigor, ap\u00f3s aprova\u00e7\u00e3o do candidato na realiza\u00e7\u00e3o da prova objetiva, da avalia\u00e7\u00e3o de aptid\u00e3o f\u00edsica, da avalia\u00e7\u00e3o psicol\u00f3gica, da investiga\u00e7\u00e3o social, do exame m\u00e9dico, exame toxicol\u00f3gico e da aprova\u00e7\u00e3o no curso de forma\u00e7\u00e3o.<\/p>\n\n\n\n<p>O exame de <strong><span style=\"text-decoration: underline;\">Avalia\u00e7\u00e3o Psicol\u00f3gica<\/span><\/strong> ser\u00e1 aplicado pela Prefeitura Municipal de Mau\u00e1 e destinar-se-\u00e1 a verificar, mediante o uso de instrumentos psicol\u00f3gicos espec\u00edficos, as caracter\u00edsticas pessoais do candidato, a fim de analisar a sua adequabilidade ao cargo.<\/p>\n\n\n\n<p>A <strong><span style=\"text-decoration: underline;\">Investiga\u00e7\u00e3o Social<\/span><\/strong> ser\u00e1 realizada pela Prefeitura Municipal de Mau\u00e1, e trata da investiga\u00e7\u00e3o da vida p\u00fablica do candidato, a fim de que se comprove sua conduta ilibada e idoneidade moral e ter\u00e1 como resultado o conceito de Apto ou Inapto.<\/p>\n\n\n\n<p>Obedecida a ordem de classifica\u00e7\u00e3o, os candidatos ser\u00e3o submetidos a <strong><span style=\"text-decoration: underline;\">exames m\u00e9dicos<\/span><\/strong> de sa\u00fade, que avaliar\u00e1 sua capacidade f\u00edsica e mental no desempenho das tarefas pertinentes \u00e0 fun\u00e7\u00e3o.<\/p>\n\n\n\n<p>O <strong><span style=\"text-decoration: underline;\">Curso de Forma\u00e7\u00e3o<\/span><\/strong> ser\u00e1 responsabilidade da Prefeitura de Mau\u00e1, atendendo todos os requisitos estabelecidos na legisla\u00e7\u00e3o vigente, observando-se ainda a Matriz Curricular Nacional das Guardas Municipais, elaborada pela Secretaria Nacional de Seguran\u00e7a P\u00fablica (SENASP).<\/p>\n\n\n\n<p>A etapa ter\u00e1 dura\u00e7\u00e3o de 544 horas e, durante o curso, o candidato ter\u00e1 uma bolsa de forma\u00e7\u00e3o a ser paga pelos cofres p\u00fablicos municipais, no valor correspondente a 50% da remunera\u00e7\u00e3o.<\/p>\n\n\n\n<h2 class=\"wp-block-heading has-text-align-center\" id=\"h-quer-saber-tudo-sobre-concursos-previstos-confira-nossos-artigos\">Quer saber tudo sobre concursos previstos?<br \/>Confira nossos artigos!<\/h2>\n\n\n\n<ul class=\"wp-block-list\">\n<li><a href=\"https:\/\/www.estrategiaconcursos.com.br\/blog\/concursos-abertos\/\" target=\"_blank\" rel=\"noreferrer noopener\">Concursos abertos<\/a><\/li>\n\n\n\n<li><a href=\"https:\/\/www.estrategiaconcursos.com.br\/blog\/concursos-2023\/\" target=\"_blank\" rel=\"noreferrer noopener\">Concursos 2023<\/a><\/li>\n\n\n\n<li><a href=\"https:\/\/www.estrategiaconcursos.com.br\/blog\/concursos-2024\/\" target=\"_blank\" rel=\"noreferrer noopener\">Concursos 2024<\/a><\/li>\n<\/ul>\n\n\n\n<h2 class=\"wp-block-heading has-text-align-center\" id=\"cursos-assinatura\"><strong><em>Quer estudar para Concurso <\/em>Guarda Municipal Mau\u00e1<em>?<\/em><\/strong><\/h2>\n\n\n\n<div class=\"container\" id=\"boxes\">\n  <div class=\"row\">\n\n    <div class=\"col-sm\">\n      <div class=\"banner-guarda-gcm\" id=\"box-assinatura\">\n        <h3 class=\"titulo-assinatura\">Concurso Guarda Municipal Mau\u00e1<\/h3>\n        <p class=\"subtitulo-assinatura\">Conhe\u00e7a os cursos<\/p>\n        <div class=\"box-botao\">\n          <a class=\"btn-assinatura\" target=\"_blank\" href=\"https:\/\/www.estrategiaconcursos.com.br\/cursosPorConcurso\" role=\"button\" rel=\"noopener noreferrer\">Conhe\u00e7a mais<\/a>\n        <\/div>\n      <\/div><\/div><\/div><\/div>\n\n\n\n<div class=\"container\" id=\"boxes\">\n  <div class=\"row\">\n\n    <div class=\"col-sm\">\n      <div class=\"estrategia\" id=\"box-assinatura\">\n        <h3 class=\"titulo-assinatura\">Assinatura Concursos<\/h3>\n        <p class=\"subtitulo-assinatura\">Assinatura de 1 ano ou 2 anos<\/p>\n        <div class=\"box-botao\">\n          <a class=\"btn-assinatura\" target=\"_blank\" href=\"https:\/\/www.estrategiaconcursos.com.br\/assinaturas\/\" role=\"button\" rel=\"noopener noreferrer\">ASSINE AGORA<\/a>\n        <\/div>\n      <\/div><\/div><\/div><\/div>\n\n\n\n<figure class=\"wp-block-image size-large is-resized\"><img loading=\"lazy\" decoding=\"async\" width=\"1024\" height=\"632\" src=\"https:\/\/dhg1h5j42swfq.cloudfront.net\/2021\/04\/28162229\/ficha-tecnica-1-1024x632-1-15.png\" alt=\"Concurso Guarda Municipal Mau\u00e1\" class=\"wp-image-726016\" style=\"width:287px;height:177px\" srcset=\"https:\/\/dhg1h5j42swfq.cloudfront.net\/2021\/04\/28162229\/ficha-tecnica-1-1024x632-1-15.png 1024w, https:\/\/dhg1h5j42swfq.cloudfront.net\/2021\/04\/28162229\/ficha-tecnica-1-1024x632-1-15-300x185.png 300w, https:\/\/dhg1h5j42swfq.cloudfront.net\/2021\/04\/28162229\/ficha-tecnica-1-1024x632-1-15-768x474.png 768w, https:\/\/dhg1h5j42swfq.cloudfront.net\/2021\/04\/28162229\/ficha-tecnica-1-1024x632-1-15-610x376.png 610w\" sizes=\"auto, (max-width: 1024px) 100vw, 1024px\" \/><\/figure>\n\n\n\n<h3 class=\"wp-block-heading\" id=\"ficha\"><strong>Informa\u00e7\u00f5es do Concurso Guarda Municipal Mau\u00e1<\/strong><\/h3>\n\n\n\n<p id=\"ficha-tecnica\">\u25ba<strong>Prova:&nbsp;<\/strong>28\/08\/2022<br \/>\u25ba<strong>Vagas<\/strong>: 100<br \/>\u25ba<strong>Cargos<\/strong>: Guarda Municipal <br \/>\u25ba<strong>Banca<\/strong>: IBAM<br \/>\u25ba<strong>Escolaridade<\/strong>: N\u00edvel m\u00e9dio<br \/>\u25ba<strong>Edital<\/strong>: <a href=\"https:\/\/dhg1h5j42swfq.cloudfront.net\/2022\/07\/11134537\/01-edital-de-abertura.pdf\" target=\"_blank\" rel=\"noreferrer noopener nofollow\">GCM Mau\u00faa-2022<\/a><\/p>\n","protected":false},"excerpt":{"rendered":"<p>O gabarito provis\u00f3rio da prova objetiva do concurso Guarda Municipal de Mau\u00e1 foi divulgado. Os recursos contra o gabarito poder\u00e3o ser interpostos nos dias 30 e 31 de agosto. S\u00e3o ofertadas 100 vagas para o cargo de Guarda Civil Municipal. As oportunidades se distribuem entre o sexo feminino e masculino, entre ampla concorr\u00eancia, pessoas com [&hellip;]<\/p>\n","protected":false},"author":1,"featured_media":466125,"comment_status":"open","ping_status":"closed","sticky":false,"template":"","format":"standard","meta":{"post_tipo":"news_page","footnotes":""},"categories":[220189],"tags":[],"tax_estado":[219989],"class_list":["post-463429","post","type-post","status-publish","format-standard","has-post-thumbnail","hentry","category-policial-guarda-civis","tax_estado-sp"],"acf":[],"yoast_head":"<!-- This site is optimized with the Yoast SEO Premium plugin v27.2 (Yoast SEO v27.2) - https:\/\/yoast.com\/product\/yoast-seo-premium-wordpress\/ -->\n<title>Concurso Guarda Municipal Mau\u00e1: saiu gabarito provis\u00f3rio<\/title>\n<meta name=\"description\" content=\"Concurso Guarda Municipal Mau\u00e1: edital foi publicado com a oferta de 100 vagas. Gabaritos provis\u00f3rios divulgados. Confira aqui!\" \/>\n<meta name=\"robots\" content=\"index, follow, max-snippet:-1, max-image-preview:large, max-video-preview:-1\" \/>\n<link rel=\"canonical\" href=\"https:\/\/www.estrategiaconcursos.com.br\/blog\/concurso-guarda-municipal-maua\/\" \/>\n<meta property=\"og:locale\" content=\"pt_BR\" \/>\n<meta property=\"og:type\" content=\"article\" \/>\n<meta property=\"og:title\" content=\"Concurso Guarda Municipal Mau\u00e1: saiu gabarito provis\u00f3rio\" \/>\n<meta property=\"og:description\" content=\"Concurso Guarda Municipal Mau\u00e1: edital foi publicado com a oferta de 100 vagas. Gabaritos provis\u00f3rios divulgados. Confira aqui!\" \/>\n<meta property=\"og:url\" content=\"https:\/\/www.estrategiaconcursos.com.br\/blog\/concurso-guarda-municipal-maua\/\" \/>\n<meta property=\"og:site_name\" content=\"Estrat\u00e9gia Concursos\" \/>\n<meta property=\"article:author\" content=\"https:\/\/www.facebook.com\/EstrategiaConcursos\" \/>\n<meta property=\"article:published_time\" content=\"2022-08-29T18:40:00+00:00\" \/>\n<meta property=\"article:modified_time\" content=\"2023-10-17T19:53:44+00:00\" \/>\n<meta property=\"og:image\" content=\"https:\/\/dhg1h5j42swfq.cloudfront.net\/2020\/01\/06093325\/MAUA-e1578314022414.jpg\" \/>\n\t<meta property=\"og:image:width\" content=\"400\" \/>\n\t<meta property=\"og:image:height\" content=\"209\" \/>\n\t<meta property=\"og:image:type\" content=\"image\/jpeg\" \/>\n<meta name=\"author\" content=\"Coordena\u00e7\u00e3o\" \/>\n<meta name=\"twitter:card\" content=\"summary_large_image\" \/>\n<meta name=\"twitter:creator\" content=\"@EstratConcursos\" \/>\n<meta name=\"twitter:site\" content=\"@EstratConcursos\" \/>\n<meta name=\"twitter:label1\" content=\"Escrito por\" \/>\n\t<meta name=\"twitter:data1\" content=\"Coordena\u00e7\u00e3o\" \/>\n\t<meta name=\"twitter:label2\" content=\"Est. tempo de leitura\" \/>\n\t<meta name=\"twitter:data2\" content=\"5 minutos\" \/>\n<script type=\"application\/ld+json\" class=\"yoast-schema-graph\">{\"@context\":\"https:\/\/schema.org\",\"@graph\":[{\"@type\":\"NewsArticle\",\"@id\":\"https:\/\/www.estrategiaconcursos.com.br\/blog\/concurso-guarda-municipal-maua\/#article\",\"isPartOf\":{\"@id\":\"https:\/\/www.estrategiaconcursos.com.br\/blog\/concurso-guarda-municipal-maua\/\"},\"author\":{\"name\":\"Coordena\u00e7\u00e3o\",\"@id\":\"https:\/\/www.estrategiaconcursos.com.br\/blog\/#\/schema\/person\/b4a388c97673c5f483d72185668afa1f\"},\"headline\":\"Concurso Guarda Municipal Mau\u00e1: saiu gabarito provis\u00f3rio\",\"datePublished\":\"2022-08-29T18:40:00+00:00\",\"dateModified\":\"2023-10-17T19:53:44+00:00\",\"mainEntityOfPage\":{\"@id\":\"https:\/\/www.estrategiaconcursos.com.br\/blog\/concurso-guarda-municipal-maua\/\"},\"wordCount\":832,\"commentCount\":4,\"publisher\":{\"@id\":\"https:\/\/www.estrategiaconcursos.com.br\/blog\/#organization\"},\"image\":{\"@id\":\"https:\/\/www.estrategiaconcursos.com.br\/blog\/concurso-guarda-municipal-maua\/#primaryimage\"},\"thumbnailUrl\":\"https:\/\/dhg1h5j42swfq.cloudfront.net\/2020\/01\/06093325\/MAUA-e1578314022414.jpg\",\"articleSection\":[\"Policial (Guardas Civis)\"],\"inLanguage\":\"pt-BR\",\"potentialAction\":[{\"@type\":\"CommentAction\",\"name\":\"Comment\",\"target\":[\"https:\/\/www.estrategiaconcursos.com.br\/blog\/concurso-guarda-municipal-maua\/#respond\"]}],\"copyrightYear\":\"2022\",\"copyrightHolder\":{\"@id\":\"https:\/\/www.estrategiaconcursos.com.br\/blog\/#organization\"}},{\"@type\":\"WebPage\",\"@id\":\"https:\/\/www.estrategiaconcursos.com.br\/blog\/concurso-guarda-municipal-maua\/\",\"url\":\"https:\/\/www.estrategiaconcursos.com.br\/blog\/concurso-guarda-municipal-maua\/\",\"name\":\"Concurso Guarda Municipal Mau\u00e1: saiu gabarito provis\u00f3rio\",\"isPartOf\":{\"@id\":\"https:\/\/www.estrategiaconcursos.com.br\/blog\/#website\"},\"primaryImageOfPage\":{\"@id\":\"https:\/\/www.estrategiaconcursos.com.br\/blog\/concurso-guarda-municipal-maua\/#primaryimage\"},\"image\":{\"@id\":\"https:\/\/www.estrategiaconcursos.com.br\/blog\/concurso-guarda-municipal-maua\/#primaryimage\"},\"thumbnailUrl\":\"https:\/\/dhg1h5j42swfq.cloudfront.net\/2020\/01\/06093325\/MAUA-e1578314022414.jpg\",\"datePublished\":\"2022-08-29T18:40:00+00:00\",\"dateModified\":\"2023-10-17T19:53:44+00:00\",\"description\":\"Concurso Guarda Municipal Mau\u00e1: edital foi publicado com a oferta de 100 vagas. Gabaritos provis\u00f3rios divulgados. Confira aqui!\",\"breadcrumb\":{\"@id\":\"https:\/\/www.estrategiaconcursos.com.br\/blog\/concurso-guarda-municipal-maua\/#breadcrumb\"},\"inLanguage\":\"pt-BR\",\"potentialAction\":[{\"@type\":\"ReadAction\",\"target\":[\"https:\/\/www.estrategiaconcursos.com.br\/blog\/concurso-guarda-municipal-maua\/\"]}]},{\"@type\":\"ImageObject\",\"inLanguage\":\"pt-BR\",\"@id\":\"https:\/\/www.estrategiaconcursos.com.br\/blog\/concurso-guarda-municipal-maua\/#primaryimage\",\"url\":\"https:\/\/dhg1h5j42swfq.cloudfront.net\/2020\/01\/06093325\/MAUA-e1578314022414.jpg\",\"contentUrl\":\"https:\/\/dhg1h5j42swfq.cloudfront.net\/2020\/01\/06093325\/MAUA-e1578314022414.jpg\",\"width\":400,\"height\":209},{\"@type\":\"BreadcrumbList\",\"@id\":\"https:\/\/www.estrategiaconcursos.com.br\/blog\/concurso-guarda-municipal-maua\/#breadcrumb\",\"itemListElement\":[{\"@type\":\"ListItem\",\"position\":1,\"name\":\"In\u00edcio\",\"item\":\"https:\/\/www.estrategiaconcursos.com.br\/blog\/\"},{\"@type\":\"ListItem\",\"position\":2,\"name\":\"Concurso Guarda Municipal Mau\u00e1: saiu gabarito provis\u00f3rio\"}]},{\"@type\":\"WebSite\",\"@id\":\"https:\/\/www.estrategiaconcursos.com.br\/blog\/#website\",\"url\":\"https:\/\/www.estrategiaconcursos.com.br\/blog\/\",\"name\":\"Estrat\u00e9gia Concursos\",\"description\":\"O blog da Estrat\u00e9gia Concursos traz not\u00edcias sobre concursos e artigos de professores oferecendo cursos para concursos (pdf + videaulas) no site.\",\"publisher\":{\"@id\":\"https:\/\/www.estrategiaconcursos.com.br\/blog\/#organization\"},\"potentialAction\":[{\"@type\":\"SearchAction\",\"target\":{\"@type\":\"EntryPoint\",\"urlTemplate\":\"https:\/\/www.estrategiaconcursos.com.br\/blog\/?s={search_term_string}\"},\"query-input\":{\"@type\":\"PropertyValueSpecification\",\"valueRequired\":true,\"valueName\":\"search_term_string\"}}],\"inLanguage\":\"pt-BR\"},{\"@type\":\"Organization\",\"@id\":\"https:\/\/www.estrategiaconcursos.com.br\/blog\/#organization\",\"name\":\"Estrat\u00e9gia Concursos\",\"url\":\"https:\/\/www.estrategiaconcursos.com.br\/blog\/\",\"logo\":{\"@type\":\"ImageObject\",\"inLanguage\":\"pt-BR\",\"@id\":\"https:\/\/www.estrategiaconcursos.com.br\/blog\/#\/schema\/logo\/image\/\",\"url\":\"https:\/\/dhg1h5j42swfq.cloudfront.net\/2025\/06\/03203428\/logo_concursos-1.jpg\",\"contentUrl\":\"https:\/\/dhg1h5j42swfq.cloudfront.net\/2025\/06\/03203428\/logo_concursos-1.jpg\",\"width\":230,\"height\":60,\"caption\":\"Estrat\u00e9gia Concursos\"},\"image\":{\"@id\":\"https:\/\/www.estrategiaconcursos.com.br\/blog\/#\/schema\/logo\/image\/\"},\"sameAs\":[\"https:\/\/x.com\/EstratConcursos\"]},{\"@type\":\"Person\",\"@id\":\"https:\/\/www.estrategiaconcursos.com.br\/blog\/#\/schema\/person\/b4a388c97673c5f483d72185668afa1f\",\"name\":\"Coordena\u00e7\u00e3o\",\"image\":{\"@type\":\"ImageObject\",\"inLanguage\":\"pt-BR\",\"@id\":\"https:\/\/secure.gravatar.com\/avatar\/b720319e4c9a967eb58678d110f4fe35452fc5d5f97b202bac7b8acceb18c6ad?s=96&d=mm&r=g\",\"url\":\"https:\/\/secure.gravatar.com\/avatar\/b720319e4c9a967eb58678d110f4fe35452fc5d5f97b202bac7b8acceb18c6ad?s=96&d=mm&r=g\",\"contentUrl\":\"https:\/\/secure.gravatar.com\/avatar\/b720319e4c9a967eb58678d110f4fe35452fc5d5f97b202bac7b8acceb18c6ad?s=96&d=mm&r=g\",\"caption\":\"Coordena\u00e7\u00e3o\"},\"sameAs\":[\"https:\/\/www.facebook.com\/EstrategiaConcursos\",\"https:\/\/x.com\/EstratConcursos\"],\"url\":\"https:\/\/www.estrategiaconcursos.com.br\/blog\/author\/estrategia2013\/\"}]}<\/script>\n<!-- \/ Yoast SEO Premium plugin. -->","yoast_head_json":{"title":"Concurso Guarda Municipal Mau\u00e1: saiu gabarito provis\u00f3rio","description":"Concurso Guarda Municipal Mau\u00e1: edital foi publicado com a oferta de 100 vagas. Gabaritos provis\u00f3rios divulgados. Confira aqui!","robots":{"index":"index","follow":"follow","max-snippet":"max-snippet:-1","max-image-preview":"max-image-preview:large","max-video-preview":"max-video-preview:-1"},"canonical":"https:\/\/www.estrategiaconcursos.com.br\/blog\/concurso-guarda-municipal-maua\/","og_locale":"pt_BR","og_type":"article","og_title":"Concurso Guarda Municipal Mau\u00e1: saiu gabarito provis\u00f3rio","og_description":"Concurso Guarda Municipal Mau\u00e1: edital foi publicado com a oferta de 100 vagas. Gabaritos provis\u00f3rios divulgados. Confira aqui!","og_url":"https:\/\/www.estrategiaconcursos.com.br\/blog\/concurso-guarda-municipal-maua\/","og_site_name":"Estrat\u00e9gia Concursos","article_author":"https:\/\/www.facebook.com\/EstrategiaConcursos","article_published_time":"2022-08-29T18:40:00+00:00","article_modified_time":"2023-10-17T19:53:44+00:00","og_image":[{"width":400,"height":209,"url":"https:\/\/dhg1h5j42swfq.cloudfront.net\/2020\/01\/06093325\/MAUA-e1578314022414.jpg","type":"image\/jpeg"}],"author":"Coordena\u00e7\u00e3o","twitter_card":"summary_large_image","twitter_creator":"@EstratConcursos","twitter_site":"@EstratConcursos","twitter_misc":{"Escrito por":"Coordena\u00e7\u00e3o","Est. tempo de leitura":"5 minutos"},"schema":{"@context":"https:\/\/schema.org","@graph":[{"@type":"NewsArticle","@id":"https:\/\/www.estrategiaconcursos.com.br\/blog\/concurso-guarda-municipal-maua\/#article","isPartOf":{"@id":"https:\/\/www.estrategiaconcursos.com.br\/blog\/concurso-guarda-municipal-maua\/"},"author":{"name":"Coordena\u00e7\u00e3o","@id":"https:\/\/www.estrategiaconcursos.com.br\/blog\/#\/schema\/person\/b4a388c97673c5f483d72185668afa1f"},"headline":"Concurso Guarda Municipal Mau\u00e1: saiu gabarito provis\u00f3rio","datePublished":"2022-08-29T18:40:00+00:00","dateModified":"2023-10-17T19:53:44+00:00","mainEntityOfPage":{"@id":"https:\/\/www.estrategiaconcursos.com.br\/blog\/concurso-guarda-municipal-maua\/"},"wordCount":832,"commentCount":4,"publisher":{"@id":"https:\/\/www.estrategiaconcursos.com.br\/blog\/#organization"},"image":{"@id":"https:\/\/www.estrategiaconcursos.com.br\/blog\/concurso-guarda-municipal-maua\/#primaryimage"},"thumbnailUrl":"https:\/\/dhg1h5j42swfq.cloudfront.net\/2020\/01\/06093325\/MAUA-e1578314022414.jpg","articleSection":["Policial (Guardas Civis)"],"inLanguage":"pt-BR","potentialAction":[{"@type":"CommentAction","name":"Comment","target":["https:\/\/www.estrategiaconcursos.com.br\/blog\/concurso-guarda-municipal-maua\/#respond"]}],"copyrightYear":"2022","copyrightHolder":{"@id":"https:\/\/www.estrategiaconcursos.com.br\/blog\/#organization"}},{"@type":"WebPage","@id":"https:\/\/www.estrategiaconcursos.com.br\/blog\/concurso-guarda-municipal-maua\/","url":"https:\/\/www.estrategiaconcursos.com.br\/blog\/concurso-guarda-municipal-maua\/","name":"Concurso Guarda Municipal Mau\u00e1: saiu gabarito provis\u00f3rio","isPartOf":{"@id":"https:\/\/www.estrategiaconcursos.com.br\/blog\/#website"},"primaryImageOfPage":{"@id":"https:\/\/www.estrategiaconcursos.com.br\/blog\/concurso-guarda-municipal-maua\/#primaryimage"},"image":{"@id":"https:\/\/www.estrategiaconcursos.com.br\/blog\/concurso-guarda-municipal-maua\/#primaryimage"},"thumbnailUrl":"https:\/\/dhg1h5j42swfq.cloudfront.net\/2020\/01\/06093325\/MAUA-e1578314022414.jpg","datePublished":"2022-08-29T18:40:00+00:00","dateModified":"2023-10-17T19:53:44+00:00","description":"Concurso Guarda Municipal Mau\u00e1: edital foi publicado com a oferta de 100 vagas. Gabaritos provis\u00f3rios divulgados. Confira aqui!","breadcrumb":{"@id":"https:\/\/www.estrategiaconcursos.com.br\/blog\/concurso-guarda-municipal-maua\/#breadcrumb"},"inLanguage":"pt-BR","potentialAction":[{"@type":"ReadAction","target":["https:\/\/www.estrategiaconcursos.com.br\/blog\/concurso-guarda-municipal-maua\/"]}]},{"@type":"ImageObject","inLanguage":"pt-BR","@id":"https:\/\/www.estrategiaconcursos.com.br\/blog\/concurso-guarda-municipal-maua\/#primaryimage","url":"https:\/\/dhg1h5j42swfq.cloudfront.net\/2020\/01\/06093325\/MAUA-e1578314022414.jpg","contentUrl":"https:\/\/dhg1h5j42swfq.cloudfront.net\/2020\/01\/06093325\/MAUA-e1578314022414.jpg","width":400,"height":209},{"@type":"BreadcrumbList","@id":"https:\/\/www.estrategiaconcursos.com.br\/blog\/concurso-guarda-municipal-maua\/#breadcrumb","itemListElement":[{"@type":"ListItem","position":1,"name":"In\u00edcio","item":"https:\/\/www.estrategiaconcursos.com.br\/blog\/"},{"@type":"ListItem","position":2,"name":"Concurso Guarda Municipal Mau\u00e1: saiu gabarito provis\u00f3rio"}]},{"@type":"WebSite","@id":"https:\/\/www.estrategiaconcursos.com.br\/blog\/#website","url":"https:\/\/www.estrategiaconcursos.com.br\/blog\/","name":"Estrat\u00e9gia Concursos","description":"O blog da Estrat\u00e9gia Concursos traz not\u00edcias sobre concursos e artigos de professores oferecendo cursos para concursos (pdf + videaulas) no site.","publisher":{"@id":"https:\/\/www.estrategiaconcursos.com.br\/blog\/#organization"},"potentialAction":[{"@type":"SearchAction","target":{"@type":"EntryPoint","urlTemplate":"https:\/\/www.estrategiaconcursos.com.br\/blog\/?s={search_term_string}"},"query-input":{"@type":"PropertyValueSpecification","valueRequired":true,"valueName":"search_term_string"}}],"inLanguage":"pt-BR"},{"@type":"Organization","@id":"https:\/\/www.estrategiaconcursos.com.br\/blog\/#organization","name":"Estrat\u00e9gia Concursos","url":"https:\/\/www.estrategiaconcursos.com.br\/blog\/","logo":{"@type":"ImageObject","inLanguage":"pt-BR","@id":"https:\/\/www.estrategiaconcursos.com.br\/blog\/#\/schema\/logo\/image\/","url":"https:\/\/dhg1h5j42swfq.cloudfront.net\/2025\/06\/03203428\/logo_concursos-1.jpg","contentUrl":"https:\/\/dhg1h5j42swfq.cloudfront.net\/2025\/06\/03203428\/logo_concursos-1.jpg","width":230,"height":60,"caption":"Estrat\u00e9gia Concursos"},"image":{"@id":"https:\/\/www.estrategiaconcursos.com.br\/blog\/#\/schema\/logo\/image\/"},"sameAs":["https:\/\/x.com\/EstratConcursos"]},{"@type":"Person","@id":"https:\/\/www.estrategiaconcursos.com.br\/blog\/#\/schema\/person\/b4a388c97673c5f483d72185668afa1f","name":"Coordena\u00e7\u00e3o","image":{"@type":"ImageObject","inLanguage":"pt-BR","@id":"https:\/\/secure.gravatar.com\/avatar\/b720319e4c9a967eb58678d110f4fe35452fc5d5f97b202bac7b8acceb18c6ad?s=96&d=mm&r=g","url":"https:\/\/secure.gravatar.com\/avatar\/b720319e4c9a967eb58678d110f4fe35452fc5d5f97b202bac7b8acceb18c6ad?s=96&d=mm&r=g","contentUrl":"https:\/\/secure.gravatar.com\/avatar\/b720319e4c9a967eb58678d110f4fe35452fc5d5f97b202bac7b8acceb18c6ad?s=96&d=mm&r=g","caption":"Coordena\u00e7\u00e3o"},"sameAs":["https:\/\/www.facebook.com\/EstrategiaConcursos","https:\/\/x.com\/EstratConcursos"],"url":"https:\/\/www.estrategiaconcursos.com.br\/blog\/author\/estrategia2013\/"}]}},"_links":{"self":[{"href":"https:\/\/www.estrategiaconcursos.com.br\/blog\/wp-json\/wp\/v2\/posts\/463429","targetHints":{"allow":["GET"]}}],"collection":[{"href":"https:\/\/www.estrategiaconcursos.com.br\/blog\/wp-json\/wp\/v2\/posts"}],"about":[{"href":"https:\/\/www.estrategiaconcursos.com.br\/blog\/wp-json\/wp\/v2\/types\/post"}],"author":[{"embeddable":true,"href":"https:\/\/www.estrategiaconcursos.com.br\/blog\/wp-json\/wp\/v2\/users\/1"}],"replies":[{"embeddable":true,"href":"https:\/\/www.estrategiaconcursos.com.br\/blog\/wp-json\/wp\/v2\/comments?post=463429"}],"version-history":[{"count":32,"href":"https:\/\/www.estrategiaconcursos.com.br\/blog\/wp-json\/wp\/v2\/posts\/463429\/revisions"}],"predecessor-version":[{"id":1293802,"href":"https:\/\/www.estrategiaconcursos.com.br\/blog\/wp-json\/wp\/v2\/posts\/463429\/revisions\/1293802"}],"wp:featuredmedia":[{"embeddable":true,"href":"https:\/\/www.estrategiaconcursos.com.br\/blog\/wp-json\/wp\/v2\/media\/466125"}],"wp:attachment":[{"href":"https:\/\/www.estrategiaconcursos.com.br\/blog\/wp-json\/wp\/v2\/media?parent=463429"}],"wp:term":[{"taxonomy":"category","embeddable":true,"href":"https:\/\/www.estrategiaconcursos.com.br\/blog\/wp-json\/wp\/v2\/categories?post=463429"},{"taxonomy":"post_tag","embeddable":true,"href":"https:\/\/www.estrategiaconcursos.com.br\/blog\/wp-json\/wp\/v2\/tags?post=463429"},{"taxonomy":"tax_estado","embeddable":true,"href":"https:\/\/www.estrategiaconcursos.com.br\/blog\/wp-json\/wp\/v2\/tax_estado?post=463429"}],"curies":[{"name":"wp","href":"https:\/\/api.w.org\/{rel}","templated":true}]}}