{"id":463412,"date":"2019-12-21T10:29:03","date_gmt":"2019-12-21T13:29:03","guid":{"rendered":"https:\/\/www.estrategiaconcursos.com.br\/blog\/?p=463412"},"modified":"2019-12-21T10:32:10","modified_gmt":"2019-12-21T13:32:10","slug":"2a-maratona-pcdf-imersao-as-2-materias-decisivas-para-a-sua-prova","status":"publish","type":"post","link":"https:\/\/www.estrategiaconcursos.com.br\/blog\/2a-maratona-pcdf-imersao-as-2-materias-decisivas-para-a-sua-prova\/","title":{"rendered":"2\u00aa Maratona PCDF Imers\u00e3o: As 2 Mat\u00e9rias Decisivas para a sua prova!"},"content":{"rendered":"\n<p> O edital PCDF, publicado em dezembro de 2019, traz&nbsp;<strong>300 vagas para o cargo de Escriv\u00e3o<\/strong>. A organiza\u00e7\u00e3o do certame \u00e9 do Cebraspe, mesma empresa respons\u00e1vel pelo concurso de 2013. <\/p>\n\n\n\n<p>As duas disciplinas que tem um grande peso na prova objetiva \u00e9 Inform\u00e1tica e Matem\u00e1tica e Racioc\u00ednio L\u00f3gico. Confira o que ser\u00e1 cobrado dessas mat\u00e9rias:<\/p>\n\n\n\n<p><strong>INFORM\u00c1TICA<\/strong>: <em>1 Conceito de internet e intranet. 2 Conceitos e modos de utiliza\u00e7\u00e3o de tecnologias, ferramentas, aplicativos e procedimentos associados a internet\/intranet. 2.1 Ferramentas e aplicativos comerciais de navega\u00e7\u00e3o, de correio eletr\u00f4nico, de grupos de discuss\u00e3o, de busca, de pesquisa e de redes sociais. 2.2 No\u00e7\u00f5es de sistema operacional (ambiente Windows). 2.3 Acesso \u00e0 dist\u00e2ncia a computadores, transfer\u00eancia de informa\u00e7\u00e3o e arquivos, aplicativos de \u00e1udio, v\u00eddeo e multim\u00eddia. 2.4 Edi\u00e7\u00e3o de textos, planilhas e apresenta\u00e7\u00f5es (ambientes Microsoft Office). 3 Redes de computadores. 4 Conceitos de prote\u00e7\u00e3o e seguran\u00e7a. 4.1 No\u00e7\u00f5es de v\u00edrus, worms e pragas virtuais. 4.2 Aplicativos para seguran\u00e7a (antiv\u00edrus, firewall, anti-spyware etc.). 5 Redes de comunica\u00e7\u00e3o. 5.1 Introdu\u00e7\u00e3o a redes (computa\u00e7\u00e3o\/telecomunica\u00e7\u00f5es). 5.2 No\u00e7\u00f5es b\u00e1sicas de transmiss\u00e3o de dados. 5.2.1 Tipos de enlace, c\u00f3digos, modos e meios de transmiss\u00e3o. 6 Metadados de arquivos. <\/em><\/p>\n\n\n\n<p><strong>MATEM\u00c1TICA E RACIOC\u00cdNIO L\u00d3GICO<\/strong>: <em>1 Princ\u00edpios de contagem. 2 Raz\u00f5es e propor\u00e7\u00f5es. 3 Regras de tr\u00eas simples. 4 Porcentagens. 5 Equa\u00e7\u00f5es de 1\u00ba e de 2\u00ba graus. 6 Sequ\u00eancias num\u00e9ricas. 7 Progress\u00f5es aritm\u00e9ticas e geom\u00e9tricas. 8 Fun\u00e7\u00f5es e gr\u00e1ficos. 9 Estruturas l\u00f3gicas. 10 L\u00f3gica de argumenta\u00e7\u00e3o. 10.1 Analogias, infer\u00eancias, dedu\u00e7\u00f5es e conclus\u00f5es. 11 L\u00f3gica sentencial (ou proposicional). 11.1 Proposi\u00e7\u00f5es simples e compostas. 11.2 Tabelas-verdade. 11.3 Equival\u00eancias. 11.4 Leis de De Morgan. 11.5 Diagramas l\u00f3gicos. 12 L\u00f3gica de primeira ordem. 13 Princ\u00edpios de contagem e probabilidade. 14 Opera\u00e7\u00f5es com conjuntos. 15 Racioc\u00ednio logico envolvendo problemas aritm\u00e9ticos, geom\u00e9tricos e matriciais. <\/em><\/p>\n\n\n\n<p>Para te ajudar com a prepara\u00e7\u00e3o dessas disciplinas, neste domingo, 2<strong>2 de dezembro, a partir das 8h<\/strong>, faremos um intensivo sobre essas mat\u00e9rias. Veja abaixo a programa\u00e7\u00e3o:<\/p>\n\n\n\n<figure class=\"wp-block-table is-style-stripes\"><table class=\"has-subtle-pale-green-background-color has-fixed-layout has-background\"><tbody><tr><td><strong>Hor\u00e1rio<\/strong><\/td><td><strong>Disciplina<\/strong><\/td><td><strong>Professor<\/strong><\/td><\/tr><tr><td>8h- 10h <\/td><td>Inform\u00e1tica parte I<\/td><td> Renato da Costa<\/td><\/tr><tr><td>10h-12h<\/td><td>Inform\u00e1tica parte II<\/td><td>Rani Passos<\/td><\/tr><tr><td>13h &#8211; 15h<\/td><td>Matem\u00e1tica<\/td><td>Brunno Lima<\/td><\/tr><tr><td>15h &#8211; 17h<\/td><td>Racioc\u00ednio L\u00f3gico<\/td><td>Carlos Henrique<\/td><\/tr><\/tbody><\/table><\/figure>\n\n\n\n<p style=\"background-color:#dae6eb;font-size:25px\" class=\"has-background has-text-align-center\">Confira a aula no nosso canal do Youtube:<\/p>\n\n\n<figure class=\"wp-block-embed-youtube wp-block-embed is-type-video is-provider-youtube wp-embed-aspect-16-9 wp-has-aspect-ratio lyte-align aligncenter\"><div class=\"lyte-wrapper\" style=\"width:853px;max-width:100%;margin:5px;\"><div class=\"lyMe\" id=\"WYL_H9tOCkrymlI\"><div id=\"lyte_H9tOCkrymlI\" data-src=\"\/\/i.ytimg.com\/vi\/H9tOCkrymlI\/hqdefault.jpg\" class=\"pL\"><div class=\"tC\"><div class=\"tT\"><\/div><\/div><div class=\"play\"><\/div><div class=\"ctrl\"><div class=\"Lctrl\"><\/div><div class=\"Rctrl\"><\/div><\/div><\/div><noscript><a href=\"https:\/\/youtu.be\/H9tOCkrymlI\" rel=\"nofollow\"><img loading=\"lazy\" decoding=\"async\" src=\"https:\/\/i.ytimg.com\/vi\/H9tOCkrymlI\/0.jpg\" alt=\"YouTube video thumbnail\" width=\"853\" height=\"460\" \/><br \/>Assista a este v\u00eddeo no YouTube<\/a><\/noscript><\/div><\/div><div class=\"lL\" style=\"max-width:100%;width:853px;margin:5px;\"><\/div><figcaption><\/figcaption><\/figure>\n\n\n<p class=\"has-background has-text-align-center has-very-light-gray-background-color\"><strong><em>Saiba mais:<a href=\"https:\/\/www.estrategiaconcursos.com.br\/blog\/concurso-pcdf\/\"> concurso PCDF<\/a><\/em><\/strong><\/p>\n\n\n\n<h3 class=\"has-text-align-center wp-block-heading\" id=\"assinatura-e-cursos\">Assinatura ilimitada e cursos para o Concurso PCDF<\/h3>\n\n\n\n<p class=\"has-text-align-center\"><em>Gostou desta oportunidade e deseja come\u00e7ar se preparar agora mesmo? Ent\u00e3o, confira os nossos cursos e comece a estudar para o concurso PCDF:<\/em><\/p>\n\n\n\n<p class=\"has-background has-text-align-center has-light-green-cyan-background-color\"><a rel=\"noreferrer noopener\" href=\"https:\/\/www.estrategiaconcursos.com.br\/cursosPorConcurso\/policia-civil-do-distrito-federal-pc-df\/\" target=\"_blank\"><strong>CURSOS PCDF<\/strong><\/a><\/p>\n\n\n\n<p class=\"has-text-align-center\"><em><strong>Assinatura Anual Ilimitada*<\/strong><\/em><\/p>\n\n\n\n<p class=\"has-text-align-center\"><em>Prepare-se com o melhor material e com quem mais aprova em Concursos P\u00fablicos em todo o pa\u00eds. Assine agora a nossa Assinatura Anual e tenha acesso ilimitado* a todos os nossos cursos.<\/em><\/p>\n\n\n\n<p class=\"has-background has-text-align-center has-luminous-vivid-amber-background-color\"><strong>ASSINE AGORA<\/strong>&nbsp;\u2013&nbsp;<a rel=\"noreferrer noopener\" href=\"https:\/\/www.estrategiaconcursos.com.br\/assinaturas\/\" target=\"_blank\"><strong>Assinatura Ilimitada<\/strong><\/a><\/p>\n\n\n\n<p class=\"has-background has-text-align-center has-pale-cyan-blue-background-color\"><strong><a href=\"https:\/\/www.estrategiaconcursos.com.br\/blog\/concursos-abertos\/\">CONCURSOS ABERTOS<\/a><\/strong><\/p>\n\n\n\n<p class=\"has-background has-text-align-center has-pale-cyan-blue-background-color\"><a href=\"https:\/\/www.estrategiaconcursos.com.br\/blog\/concursos-2020\/\"><strong>CONCURSOS<\/strong><\/a><strong><a href=\"https:\/\/www.estrategiaconcursos.com.br\/blog\/concursos-2020\/\">&nbsp;2020<\/a><\/strong><\/p>\n\n\n\n<p class=\"has-background has-text-align-center has-pale-cyan-blue-background-color\"><strong><a rel=\"noreferrer noopener\" href=\"https:\/\/www.estrategiaconcursos.com.br\/blog\/concursos-de-policia\/\" target=\"_blank\">CONCURSOS POLICIAIS<\/a><\/strong><\/p>\n","protected":false},"excerpt":{"rendered":"<p>O edital PCDF, publicado em dezembro de 2019, traz&nbsp;300 vagas para o cargo de Escriv\u00e3o. A organiza\u00e7\u00e3o do certame \u00e9 do Cebraspe, mesma empresa respons\u00e1vel pelo concurso de 2013. As duas disciplinas que tem um grande peso na prova objetiva \u00e9 Inform\u00e1tica e Matem\u00e1tica e Racioc\u00ednio L\u00f3gico. Confira o que ser\u00e1 cobrado dessas mat\u00e9rias: INFORM\u00c1TICA: [&hellip;]<\/p>\n","protected":false},"author":93,"featured_media":0,"comment_status":"open","ping_status":"closed","sticky":false,"template":"","format":"standard","meta":{"post_tipo":"article","footnotes":""},"categories":[1],"tags":[],"tax_estado":[],"class_list":["post-463412","post","type-post","status-publish","format-standard","hentry","category-cursos-e-concursos"],"acf":[],"yoast_head":"<!-- This site is optimized with the Yoast SEO Premium plugin v27.2 (Yoast SEO v27.2) - https:\/\/yoast.com\/product\/yoast-seo-premium-wordpress\/ -->\n<title>2\u00aa Maratona PCDF Imers\u00e3o: As 2 Mat\u00e9rias Decisivas para a sua prova!<\/title>\n<meta name=\"robots\" content=\"index, follow, max-snippet:-1, max-image-preview:large, max-video-preview:-1\" \/>\n<link rel=\"canonical\" href=\"https:\/\/www.estrategiaconcursos.com.br\/blog\/2a-maratona-pcdf-imersao-as-2-materias-decisivas-para-a-sua-prova\/\" \/>\n<meta property=\"og:locale\" content=\"pt_BR\" \/>\n<meta property=\"og:type\" content=\"article\" \/>\n<meta property=\"og:title\" content=\"2\u00aa Maratona PCDF Imers\u00e3o: As 2 Mat\u00e9rias Decisivas para a sua prova!\" \/>\n<meta property=\"og:description\" content=\"O edital PCDF, publicado em dezembro de 2019, traz&nbsp;300 vagas para o cargo de Escriv\u00e3o. A organiza\u00e7\u00e3o do certame \u00e9 do Cebraspe, mesma empresa respons\u00e1vel pelo concurso de 2013. As duas disciplinas que tem um grande peso na prova objetiva \u00e9 Inform\u00e1tica e Matem\u00e1tica e Racioc\u00ednio L\u00f3gico. Confira o que ser\u00e1 cobrado dessas mat\u00e9rias: INFORM\u00c1TICA: [&hellip;]\" \/>\n<meta property=\"og:url\" content=\"https:\/\/www.estrategiaconcursos.com.br\/blog\/2a-maratona-pcdf-imersao-as-2-materias-decisivas-para-a-sua-prova\/\" \/>\n<meta property=\"og:site_name\" content=\"Estrat\u00e9gia Concursos\" \/>\n<meta property=\"article:published_time\" content=\"2019-12-21T13:29:03+00:00\" \/>\n<meta property=\"article:modified_time\" content=\"2019-12-21T13:32:10+00:00\" \/>\n<meta name=\"author\" content=\"Vinicius Silva\" \/>\n<meta name=\"twitter:card\" content=\"summary_large_image\" \/>\n<meta name=\"twitter:creator\" content=\"@EstratConcursos\" \/>\n<meta name=\"twitter:site\" content=\"@EstratConcursos\" \/>\n<meta name=\"twitter:label1\" content=\"Escrito por\" \/>\n\t<meta name=\"twitter:data1\" content=\"Vinicius Silva\" \/>\n\t<meta name=\"twitter:label2\" content=\"Est. tempo de leitura\" \/>\n\t<meta name=\"twitter:data2\" content=\"2 minutos\" \/>\n<script type=\"application\/ld+json\" class=\"yoast-schema-graph\">{\"@context\":\"https:\/\/schema.org\",\"@graph\":[{\"@type\":\"NewsArticle\",\"@id\":\"https:\/\/www.estrategiaconcursos.com.br\/blog\/2a-maratona-pcdf-imersao-as-2-materias-decisivas-para-a-sua-prova\/#article\",\"isPartOf\":{\"@id\":\"https:\/\/www.estrategiaconcursos.com.br\/blog\/2a-maratona-pcdf-imersao-as-2-materias-decisivas-para-a-sua-prova\/\"},\"author\":{\"name\":\"Vinicius Silva\",\"@id\":\"https:\/\/www.estrategiaconcursos.com.br\/blog\/#\/schema\/person\/20030622a981f9a942ad6b3561fe4ca4\"},\"headline\":\"2\u00aa Maratona PCDF Imers\u00e3o: As 2 Mat\u00e9rias Decisivas para a sua prova!\",\"datePublished\":\"2019-12-21T13:29:03+00:00\",\"dateModified\":\"2019-12-21T13:32:10+00:00\",\"mainEntityOfPage\":{\"@id\":\"https:\/\/www.estrategiaconcursos.com.br\/blog\/2a-maratona-pcdf-imersao-as-2-materias-decisivas-para-a-sua-prova\/\"},\"wordCount\":495,\"commentCount\":0,\"publisher\":{\"@id\":\"https:\/\/www.estrategiaconcursos.com.br\/blog\/#organization\"},\"articleSection\":[\"Concursos P\u00fablicos\"],\"inLanguage\":\"pt-BR\",\"potentialAction\":[{\"@type\":\"CommentAction\",\"name\":\"Comment\",\"target\":[\"https:\/\/www.estrategiaconcursos.com.br\/blog\/2a-maratona-pcdf-imersao-as-2-materias-decisivas-para-a-sua-prova\/#respond\"]}],\"copyrightYear\":\"2019\",\"copyrightHolder\":{\"@id\":\"https:\/\/www.estrategiaconcursos.com.br\/blog\/#organization\"}},{\"@type\":\"WebPage\",\"@id\":\"https:\/\/www.estrategiaconcursos.com.br\/blog\/2a-maratona-pcdf-imersao-as-2-materias-decisivas-para-a-sua-prova\/\",\"url\":\"https:\/\/www.estrategiaconcursos.com.br\/blog\/2a-maratona-pcdf-imersao-as-2-materias-decisivas-para-a-sua-prova\/\",\"name\":\"2\u00aa Maratona PCDF Imers\u00e3o: As 2 Mat\u00e9rias Decisivas para a sua prova!\",\"isPartOf\":{\"@id\":\"https:\/\/www.estrategiaconcursos.com.br\/blog\/#website\"},\"datePublished\":\"2019-12-21T13:29:03+00:00\",\"dateModified\":\"2019-12-21T13:32:10+00:00\",\"breadcrumb\":{\"@id\":\"https:\/\/www.estrategiaconcursos.com.br\/blog\/2a-maratona-pcdf-imersao-as-2-materias-decisivas-para-a-sua-prova\/#breadcrumb\"},\"inLanguage\":\"pt-BR\",\"potentialAction\":[{\"@type\":\"ReadAction\",\"target\":[\"https:\/\/www.estrategiaconcursos.com.br\/blog\/2a-maratona-pcdf-imersao-as-2-materias-decisivas-para-a-sua-prova\/\"]}]},{\"@type\":\"BreadcrumbList\",\"@id\":\"https:\/\/www.estrategiaconcursos.com.br\/blog\/2a-maratona-pcdf-imersao-as-2-materias-decisivas-para-a-sua-prova\/#breadcrumb\",\"itemListElement\":[{\"@type\":\"ListItem\",\"position\":1,\"name\":\"In\u00edcio\",\"item\":\"https:\/\/www.estrategiaconcursos.com.br\/blog\/\"},{\"@type\":\"ListItem\",\"position\":2,\"name\":\"2\u00aa Maratona PCDF Imers\u00e3o: As 2 Mat\u00e9rias Decisivas para a sua prova!\"}]},{\"@type\":\"WebSite\",\"@id\":\"https:\/\/www.estrategiaconcursos.com.br\/blog\/#website\",\"url\":\"https:\/\/www.estrategiaconcursos.com.br\/blog\/\",\"name\":\"Estrat\u00e9gia Concursos\",\"description\":\"O blog da Estrat\u00e9gia Concursos traz not\u00edcias sobre concursos e artigos de professores oferecendo cursos para concursos (pdf + videaulas) no site.\",\"publisher\":{\"@id\":\"https:\/\/www.estrategiaconcursos.com.br\/blog\/#organization\"},\"potentialAction\":[{\"@type\":\"SearchAction\",\"target\":{\"@type\":\"EntryPoint\",\"urlTemplate\":\"https:\/\/www.estrategiaconcursos.com.br\/blog\/?s={search_term_string}\"},\"query-input\":{\"@type\":\"PropertyValueSpecification\",\"valueRequired\":true,\"valueName\":\"search_term_string\"}}],\"inLanguage\":\"pt-BR\"},{\"@type\":\"Organization\",\"@id\":\"https:\/\/www.estrategiaconcursos.com.br\/blog\/#organization\",\"name\":\"Estrat\u00e9gia Concursos\",\"url\":\"https:\/\/www.estrategiaconcursos.com.br\/blog\/\",\"logo\":{\"@type\":\"ImageObject\",\"inLanguage\":\"pt-BR\",\"@id\":\"https:\/\/www.estrategiaconcursos.com.br\/blog\/#\/schema\/logo\/image\/\",\"url\":\"https:\/\/dhg1h5j42swfq.cloudfront.net\/2025\/06\/03203428\/logo_concursos-1.jpg\",\"contentUrl\":\"https:\/\/dhg1h5j42swfq.cloudfront.net\/2025\/06\/03203428\/logo_concursos-1.jpg\",\"width\":230,\"height\":60,\"caption\":\"Estrat\u00e9gia Concursos\"},\"image\":{\"@id\":\"https:\/\/www.estrategiaconcursos.com.br\/blog\/#\/schema\/logo\/image\/\"},\"sameAs\":[\"https:\/\/x.com\/EstratConcursos\"]},{\"@type\":\"Person\",\"@id\":\"https:\/\/www.estrategiaconcursos.com.br\/blog\/#\/schema\/person\/20030622a981f9a942ad6b3561fe4ca4\",\"name\":\"Vinicius Silva\",\"image\":{\"@type\":\"ImageObject\",\"inLanguage\":\"pt-BR\",\"@id\":\"https:\/\/secure.gravatar.com\/avatar\/604d9670a4c7eea71feaa4381f3ae97e148292ac402671c5944aa67a3d127663?s=96&d=mm&r=g\",\"url\":\"https:\/\/secure.gravatar.com\/avatar\/604d9670a4c7eea71feaa4381f3ae97e148292ac402671c5944aa67a3d127663?s=96&d=mm&r=g\",\"contentUrl\":\"https:\/\/secure.gravatar.com\/avatar\/604d9670a4c7eea71feaa4381f3ae97e148292ac402671c5944aa67a3d127663?s=96&d=mm&r=g\",\"caption\":\"Vinicius Silva\"},\"url\":\"https:\/\/www.estrategiaconcursos.com.br\/blog\/author\/viniciussilvaestrategiaconcursos-com-br\/\"}]}<\/script>\n<!-- \/ Yoast SEO Premium plugin. -->","yoast_head_json":{"title":"2\u00aa Maratona PCDF Imers\u00e3o: As 2 Mat\u00e9rias Decisivas para a sua prova!","robots":{"index":"index","follow":"follow","max-snippet":"max-snippet:-1","max-image-preview":"max-image-preview:large","max-video-preview":"max-video-preview:-1"},"canonical":"https:\/\/www.estrategiaconcursos.com.br\/blog\/2a-maratona-pcdf-imersao-as-2-materias-decisivas-para-a-sua-prova\/","og_locale":"pt_BR","og_type":"article","og_title":"2\u00aa Maratona PCDF Imers\u00e3o: As 2 Mat\u00e9rias Decisivas para a sua prova!","og_description":"O edital PCDF, publicado em dezembro de 2019, traz&nbsp;300 vagas para o cargo de Escriv\u00e3o. A organiza\u00e7\u00e3o do certame \u00e9 do Cebraspe, mesma empresa respons\u00e1vel pelo concurso de 2013. As duas disciplinas que tem um grande peso na prova objetiva \u00e9 Inform\u00e1tica e Matem\u00e1tica e Racioc\u00ednio L\u00f3gico. Confira o que ser\u00e1 cobrado dessas mat\u00e9rias: INFORM\u00c1TICA: [&hellip;]","og_url":"https:\/\/www.estrategiaconcursos.com.br\/blog\/2a-maratona-pcdf-imersao-as-2-materias-decisivas-para-a-sua-prova\/","og_site_name":"Estrat\u00e9gia Concursos","article_published_time":"2019-12-21T13:29:03+00:00","article_modified_time":"2019-12-21T13:32:10+00:00","author":"Vinicius Silva","twitter_card":"summary_large_image","twitter_creator":"@EstratConcursos","twitter_site":"@EstratConcursos","twitter_misc":{"Escrito por":"Vinicius Silva","Est. tempo de leitura":"2 minutos"},"schema":{"@context":"https:\/\/schema.org","@graph":[{"@type":"NewsArticle","@id":"https:\/\/www.estrategiaconcursos.com.br\/blog\/2a-maratona-pcdf-imersao-as-2-materias-decisivas-para-a-sua-prova\/#article","isPartOf":{"@id":"https:\/\/www.estrategiaconcursos.com.br\/blog\/2a-maratona-pcdf-imersao-as-2-materias-decisivas-para-a-sua-prova\/"},"author":{"name":"Vinicius Silva","@id":"https:\/\/www.estrategiaconcursos.com.br\/blog\/#\/schema\/person\/20030622a981f9a942ad6b3561fe4ca4"},"headline":"2\u00aa Maratona PCDF Imers\u00e3o: As 2 Mat\u00e9rias Decisivas para a sua prova!","datePublished":"2019-12-21T13:29:03+00:00","dateModified":"2019-12-21T13:32:10+00:00","mainEntityOfPage":{"@id":"https:\/\/www.estrategiaconcursos.com.br\/blog\/2a-maratona-pcdf-imersao-as-2-materias-decisivas-para-a-sua-prova\/"},"wordCount":495,"commentCount":0,"publisher":{"@id":"https:\/\/www.estrategiaconcursos.com.br\/blog\/#organization"},"articleSection":["Concursos P\u00fablicos"],"inLanguage":"pt-BR","potentialAction":[{"@type":"CommentAction","name":"Comment","target":["https:\/\/www.estrategiaconcursos.com.br\/blog\/2a-maratona-pcdf-imersao-as-2-materias-decisivas-para-a-sua-prova\/#respond"]}],"copyrightYear":"2019","copyrightHolder":{"@id":"https:\/\/www.estrategiaconcursos.com.br\/blog\/#organization"}},{"@type":"WebPage","@id":"https:\/\/www.estrategiaconcursos.com.br\/blog\/2a-maratona-pcdf-imersao-as-2-materias-decisivas-para-a-sua-prova\/","url":"https:\/\/www.estrategiaconcursos.com.br\/blog\/2a-maratona-pcdf-imersao-as-2-materias-decisivas-para-a-sua-prova\/","name":"2\u00aa Maratona PCDF Imers\u00e3o: As 2 Mat\u00e9rias Decisivas para a sua prova!","isPartOf":{"@id":"https:\/\/www.estrategiaconcursos.com.br\/blog\/#website"},"datePublished":"2019-12-21T13:29:03+00:00","dateModified":"2019-12-21T13:32:10+00:00","breadcrumb":{"@id":"https:\/\/www.estrategiaconcursos.com.br\/blog\/2a-maratona-pcdf-imersao-as-2-materias-decisivas-para-a-sua-prova\/#breadcrumb"},"inLanguage":"pt-BR","potentialAction":[{"@type":"ReadAction","target":["https:\/\/www.estrategiaconcursos.com.br\/blog\/2a-maratona-pcdf-imersao-as-2-materias-decisivas-para-a-sua-prova\/"]}]},{"@type":"BreadcrumbList","@id":"https:\/\/www.estrategiaconcursos.com.br\/blog\/2a-maratona-pcdf-imersao-as-2-materias-decisivas-para-a-sua-prova\/#breadcrumb","itemListElement":[{"@type":"ListItem","position":1,"name":"In\u00edcio","item":"https:\/\/www.estrategiaconcursos.com.br\/blog\/"},{"@type":"ListItem","position":2,"name":"2\u00aa Maratona PCDF Imers\u00e3o: As 2 Mat\u00e9rias Decisivas para a sua prova!"}]},{"@type":"WebSite","@id":"https:\/\/www.estrategiaconcursos.com.br\/blog\/#website","url":"https:\/\/www.estrategiaconcursos.com.br\/blog\/","name":"Estrat\u00e9gia Concursos","description":"O blog da Estrat\u00e9gia Concursos traz not\u00edcias sobre concursos e artigos de professores oferecendo cursos para concursos (pdf + videaulas) no site.","publisher":{"@id":"https:\/\/www.estrategiaconcursos.com.br\/blog\/#organization"},"potentialAction":[{"@type":"SearchAction","target":{"@type":"EntryPoint","urlTemplate":"https:\/\/www.estrategiaconcursos.com.br\/blog\/?s={search_term_string}"},"query-input":{"@type":"PropertyValueSpecification","valueRequired":true,"valueName":"search_term_string"}}],"inLanguage":"pt-BR"},{"@type":"Organization","@id":"https:\/\/www.estrategiaconcursos.com.br\/blog\/#organization","name":"Estrat\u00e9gia Concursos","url":"https:\/\/www.estrategiaconcursos.com.br\/blog\/","logo":{"@type":"ImageObject","inLanguage":"pt-BR","@id":"https:\/\/www.estrategiaconcursos.com.br\/blog\/#\/schema\/logo\/image\/","url":"https:\/\/dhg1h5j42swfq.cloudfront.net\/2025\/06\/03203428\/logo_concursos-1.jpg","contentUrl":"https:\/\/dhg1h5j42swfq.cloudfront.net\/2025\/06\/03203428\/logo_concursos-1.jpg","width":230,"height":60,"caption":"Estrat\u00e9gia Concursos"},"image":{"@id":"https:\/\/www.estrategiaconcursos.com.br\/blog\/#\/schema\/logo\/image\/"},"sameAs":["https:\/\/x.com\/EstratConcursos"]},{"@type":"Person","@id":"https:\/\/www.estrategiaconcursos.com.br\/blog\/#\/schema\/person\/20030622a981f9a942ad6b3561fe4ca4","name":"Vinicius Silva","image":{"@type":"ImageObject","inLanguage":"pt-BR","@id":"https:\/\/secure.gravatar.com\/avatar\/604d9670a4c7eea71feaa4381f3ae97e148292ac402671c5944aa67a3d127663?s=96&d=mm&r=g","url":"https:\/\/secure.gravatar.com\/avatar\/604d9670a4c7eea71feaa4381f3ae97e148292ac402671c5944aa67a3d127663?s=96&d=mm&r=g","contentUrl":"https:\/\/secure.gravatar.com\/avatar\/604d9670a4c7eea71feaa4381f3ae97e148292ac402671c5944aa67a3d127663?s=96&d=mm&r=g","caption":"Vinicius Silva"},"url":"https:\/\/www.estrategiaconcursos.com.br\/blog\/author\/viniciussilvaestrategiaconcursos-com-br\/"}]}},"_links":{"self":[{"href":"https:\/\/www.estrategiaconcursos.com.br\/blog\/wp-json\/wp\/v2\/posts\/463412","targetHints":{"allow":["GET"]}}],"collection":[{"href":"https:\/\/www.estrategiaconcursos.com.br\/blog\/wp-json\/wp\/v2\/posts"}],"about":[{"href":"https:\/\/www.estrategiaconcursos.com.br\/blog\/wp-json\/wp\/v2\/types\/post"}],"author":[{"embeddable":true,"href":"https:\/\/www.estrategiaconcursos.com.br\/blog\/wp-json\/wp\/v2\/users\/93"}],"replies":[{"embeddable":true,"href":"https:\/\/www.estrategiaconcursos.com.br\/blog\/wp-json\/wp\/v2\/comments?post=463412"}],"version-history":[{"count":3,"href":"https:\/\/www.estrategiaconcursos.com.br\/blog\/wp-json\/wp\/v2\/posts\/463412\/revisions"}],"predecessor-version":[{"id":463430,"href":"https:\/\/www.estrategiaconcursos.com.br\/blog\/wp-json\/wp\/v2\/posts\/463412\/revisions\/463430"}],"wp:attachment":[{"href":"https:\/\/www.estrategiaconcursos.com.br\/blog\/wp-json\/wp\/v2\/media?parent=463412"}],"wp:term":[{"taxonomy":"category","embeddable":true,"href":"https:\/\/www.estrategiaconcursos.com.br\/blog\/wp-json\/wp\/v2\/categories?post=463412"},{"taxonomy":"post_tag","embeddable":true,"href":"https:\/\/www.estrategiaconcursos.com.br\/blog\/wp-json\/wp\/v2\/tags?post=463412"},{"taxonomy":"tax_estado","embeddable":true,"href":"https:\/\/www.estrategiaconcursos.com.br\/blog\/wp-json\/wp\/v2\/tax_estado?post=463412"}],"curies":[{"name":"wp","href":"https:\/\/api.w.org\/{rel}","templated":true}]}}