{"id":46336,"date":"2025-12-29T16:15:00","date_gmt":"2025-12-29T19:15:00","guid":{"rendered":"https:\/\/www.estrategiaconcursos.com.br\/blog\/?p=46336"},"modified":"2025-12-29T16:41:41","modified_gmt":"2025-12-29T19:41:41","slug":"concurso-policia-penal-pe","status":"publish","type":"post","link":"https:\/\/www.estrategiaconcursos.com.br\/blog\/concurso-policia-penal-pe\/","title":{"rendered":"Concurso Pol\u00edcia Penal PE: edital previsto em 2026! Confira!"},"content":{"rendered":"\n<p class=\"has-medium-font-size\"><em><strong>Novo concurso Pol\u00edcia Penal PE est\u00e1 previsto no PPA 2024-2027. Com contrata\u00e7\u00e3o da banca em andamento, edital pode sair no primeiro semestre de 2026!<\/strong><\/em><\/p>\n\n\n\n<p>Um novo <strong>concurso Pol\u00edcia Penal PE<\/strong> deve ser realizado em breve! Isso porque j\u00e1 foi iniciado o processo de contrata\u00e7\u00e3o da banca organizadora.<\/p>\n\n\n\n<p>A informa\u00e7\u00e3o voltou a ser confirmada pela governadora Raquel Lyra, durante participa\u00e7\u00e3o no programa &#8216;Debate da Super Manh\u00e3&#8217;, da Raio Jornal: <em>&#8220;E j\u00e1 estamos no processo de contrata\u00e7\u00e3o da nova banca do concurso.&#8221;<\/em><\/p>\n\n\n\n<p>A meta \u00e9 realizar os certames da \u00e1rea de Seguran\u00e7a P\u00fablica no primeiro semestre de 2026. Em outra ocasi\u00e3o, o secret\u00e1rio de Defesa Social de Pernambuco (SDS), Alessandro Carvalho, j\u00e1 havia anunciado a previs\u00e3o dos editais <strong>at\u00e9 o primeiro trimestre de 2026.<\/strong> <a href=\"https:\/\/www.estrategiaconcursos.com.br\/blog\/concursos-seguranca-pe-2026\/\" target=\"_blank\" rel=\"noreferrer noopener\">Veja aqui!<\/a><\/p>\n\n\n\n<p><em>&#8220;A governadora fez o maior concurso em seguran\u00e7a p\u00fablica e vai ser a maior contrata\u00e7\u00e3o em seguran\u00e7a p\u00fablica de uma s\u00f3 vez, s\u00e3o sete mil novos policiais e bombeiros. [&#8230;] Ent\u00e3o, eu aproveito para dizer que n\u00e3o h\u00e1 possibilidade de chamar excedentes desses concursos que j\u00e1 foram feitos e n\u00f3s deveremos ter a publica\u00e7\u00e3o dos novos concursos at\u00e9 o final do primeiro trimestre do ano que vem&#8221;<\/em>.<\/p>\n\n\n\n<p>Vale lembrar que o novo edital PPPE j\u00e1 estava previsto no Plano Plurianual (PPA) 2024-2027. A informa\u00e7\u00e3o consta no documento que define as metas do estado no per\u00edodo especificado. Al\u00e9m disso, o Tribunal de Contas de Pernambuco apontou <a href=\"https:\/\/www.estrategiaconcursos.com.br\/blog\/concurso-policia-penal-pe-tce-aponta-deficit-de-pessoal\/\" target=\"_blank\" rel=\"noreferrer noopener\">d\u00e9ficit nos quadros de servidores<\/a> da institui\u00e7\u00e3o penal.<\/p>\n\n\n\n<ul class=\"wp-block-list has-very-light-gray-to-cyan-bluish-gray-gradient-background has-background\">\n<li><strong>Pol\u00edcia Penal PE<\/strong><\/li>\n\n\n\n<li><strong style=\"background-color: initial;\">Status: <\/strong>previsto em 2026 e banca em contrata\u00e7\u00e3o<\/li>\n\n\n\n<li><strong>Vagas<\/strong>: a definir<\/li>\n\n\n\n<li><strong>Sal\u00e1rio<\/strong>: R$ 5.100,00<\/li>\n\n\n\n<li><strong>\u00daltimo edital: <\/strong><a href=\"https:\/\/dhg1h5j42swfq.cloudfront.net\/2021\/12\/29064231\/2021-12-29_doe_pe-1_4.pdf\" target=\"_blank\" rel=\"noreferrer noopener nofollow\">PP PE &#8211; 2021<\/a><\/li>\n<\/ul>\n\n\n\n<p>Sob organiza\u00e7\u00e3o do Cebraspe, o \u00faltimo edital ofertou <strong>200 vagas<\/strong> para Policial Penal, distribu\u00eddas entre ampla concorr\u00eancia e pessoas com defici\u00eancia. A <a href=\"https:\/\/www.instagram.com\/reels\/DSpQn94DvT0\/\" target=\"_blank\" rel=\"noreferrer noopener\">nomea\u00e7\u00e3o dos aprovados<\/a> j\u00e1 foi autorizada pelo governo.<\/p>\n\n\n\n<p>Neste artigo, voc\u00ea encontrar\u00e1 tudo o que precisa saber sobre o <strong>concurso&nbsp;Pol\u00edcia Penal PE<\/strong>. Acompanhe pelos t\u00f3picos a seguir:<\/p>\n\n\n\n<ul id=\"indice\" class=\"wp-block-list\">\n<li><a href=\"#h-situacao\"><strong>Situa\u00e7\u00e3o do concurso<\/strong><\/a>\n<ul class=\"wp-block-list\">\n<li><a href=\"#2026\">Edital em 2026<\/a><\/li>\n\n\n\n<li><a href=\"#baca\">Banca em contrata\u00e7\u00e3o<\/a><\/li>\n\n\n\n<li><a href=\"#h-novo-edital-previsto\">Novo edital previsto<\/a><\/li>\n<\/ul>\n<\/li>\n\n\n\n<li><a href=\"#h-ultimo-concurso-policia-penal-pe\"><strong>\u00daltimo concurso<\/strong><\/a>\n<ul class=\"wp-block-list\">\n<li><a href=\"#cargo-vagas\">Sobre o cargo e vagas<\/a><\/li>\n\n\n\n<li><a href=\"#etapas\">Etapas e provas<\/a><\/li>\n<\/ul>\n<\/li>\n\n\n\n<li><a href=\"#h-carreira\"><strong>Carreira<\/strong><\/a><ul><li><a href=\"#nomenclatura\">Mudan\u00e7a na nomenclatura<\/a><\/li><\/ul>\n<ul class=\"wp-block-list\">\n<li><a href=\"#remuneracao\">Tabela remunerat\u00f3ria<\/a><\/li>\n\n\n\n<li><a href=\"#atribuicoes\">Atribui\u00e7\u00f5es<\/a><\/li>\n<\/ul>\n<\/li>\n\n\n\n<li><strong><a href=\"#assinatura\">Cursos e Assinatura<\/a><\/strong><\/li>\n\n\n\n<li><strong><a href=\"#ficha\">Ficha t\u00e9cnica<\/a><\/strong><\/li>\n<\/ul>\n\n\n\n<div class=\"container\" id=\"boxes\">\n  <div class=\"row\">\n\n    <div class=\"col-sm\">\n      <div class=\"banner-policia-penal\" id=\"box-assinatura\">\n        <h3 class=\"titulo-assinatura\">Concurso Pol\u00edcia Penal PE<\/h3>\n        <p class=\"subtitulo-assinatura\">Conhe\u00e7a os cursos<\/p>\n        <div class=\"box-botao\">\n          <a class=\"btn-assinatura\" target=\"_blank\" href=\"https:\/\/www.estrategiaconcursos.com.br\/cursosPorConcurso\/agente-de-seguranca-penitenciaria-de-pernambuco-seres-pe\/\" role=\"button\" rel=\"noopener noreferrer\">Conhe\u00e7a mais<\/a>\n        <\/div>\n      <\/div>\n     \n    <\/div>\n\n  <\/div>\n<\/div>\n\n\n\n<h2 class=\"wp-block-heading\" id=\"h-situacao-atual-do-concurso-policia-penal-pe\">Situa\u00e7\u00e3o atual do concurso Pol\u00edcia Penal PE<\/h2>\n\n\n\n<h3 class=\"wp-block-heading\" id=\"2026\">Edital em 2026<\/h3>\n\n\n\n<p>O secret\u00e1rio de Defesa Social de Pernambuco (SDS), Alessandro Carvalho, declarou que <strong>novos editais de concursos Policiais PE ser\u00e3o publicados at\u00e9 o primeiro trimestre de 2026.<\/strong><\/p>\n\n\n\n<p>O an\u00fancio foi feito durante a entrega de um pacote com novos armamentos, viaturas, drones e um helic\u00f3ptero \u00e0s for\u00e7as policiais de Pernambuco.<\/p>\n\n\n\n<p><em>&#8220;A governadora fez o maior concurso em seguran\u00e7a p\u00fablica e vai ser a maior contrata\u00e7\u00e3o em seguran\u00e7a p\u00fablica de uma s\u00f3 vez, s\u00e3o sete mil novos policiais e bombeiros. N\u00f3s est\u00e1vamos com uma defasagem hist\u00f3rica nos nossos efetivos e mesmo essa contrata\u00e7\u00e3o com um volume que foi feito n\u00e3o \u00e9 suficiente para atender toda a demanda. Ent\u00e3o,&nbsp;novas contrata\u00e7\u00f5es ir\u00e3o ser feitas, n\u00f3s j\u00e1 fechamos, eu validei na sexta-feira qual seria a proposta do novo concurso, isso vai ter que passar pela Secretaria de Administra\u00e7\u00e3o, pela C\u00e2mara de pol\u00edtica pessoal, porque a contrata\u00e7\u00e3o gera impacto em folha, mas j\u00e1 \u00e9 uma decis\u00e3o da governadora, ela j\u00e1 colocou isso em p\u00fablico, que j\u00e1 deu a ordem para a&nbsp;contrata\u00e7\u00e3o. Ent\u00e3o, eu aproveito para dizer que n\u00e3o h\u00e1 possibilidade de chamar excedentes desses concursos que j\u00e1 foram feitos e n\u00f3s deveremos ter a publica\u00e7\u00e3o dos novos concursos at\u00e9 o final do primeiro trimestre do ano que vem&#8221;<\/em>, declarou o secret\u00e1rio.<\/p>\n\n\n\n<p>Vale destacar que, segundo a governadora do estado, a expectativa \u00e9 de que os editais sejam publicados no primeiro semestre de 2026.<\/p>\n\n\n\n<h3 class=\"wp-block-heading\" id=\"banca\">Banca em contrata\u00e7\u00e3o<\/h3>\n\n\n\n<p>Durante a formatura de novos policiais civis, a governadora de Pernambuco, Raquel Lyra, confirmou que est\u00e3o em andamento as tratativas para a contrata\u00e7\u00e3o da banca organizadora dos pr\u00f3ximos concursos na \u00e1rea de Seguran\u00e7a P\u00fablica do Estado.<\/p>\n\n\n\n<p><em>&#8220;J\u00e1 estamos contratando uma nova banca para concurso p\u00fablico das mais diversas pol\u00edcias porque a gente precisa garantir recompletamento de quadros. Pernambuco sofreu muito porque teve uma queda de policiais ao longo do tempo sem a reposi\u00e7\u00e3o adequada\u201d, <\/em>declarou a governadora.<\/p>\n\n\n\n<p>Durante participa\u00e7\u00e3o no programa &#8216;Debate da Super Manh\u00e3&#8217;, da Raio Jornal, em dezembro, a governadora voltou a confirma\u00e7\u00e3o os tr\u00e2mites: <em>&#8220;J\u00e1 estamos no processo de contrata\u00e7\u00e3o da nova banca do concurso.&#8221;<\/em><\/p>\n\n\n\n<h3 class=\"wp-block-heading\" id=\"h-novo-edital-previsto\">Novo edital previsto<\/h3>\n\n\n\n<p>Um novo concurso p\u00fablico da Pol\u00edcia Penal de Pernambuco est\u00e1 previsto para ser realizado at\u00e9 o ano de 2027, segundo apontamento no Plano Plurianual (PPA) 2024-2027. Confira o documento!<\/p>\n\n\n\n<figure class=\"wp-block-image aligncenter size-full\"><img loading=\"lazy\" decoding=\"async\" width=\"1024\" height=\"389\" src=\"https:\/\/dhg1h5j42swfq.cloudfront.net\/2024\/11\/28120010\/image-414.png\" alt=\"Concurso Pol\u00edcia Penal PE \u00e9 previsto no PPA\" class=\"wp-image-1496568\" srcset=\"https:\/\/dhg1h5j42swfq.cloudfront.net\/2024\/11\/28120010\/image-414.png 1024w, https:\/\/dhg1h5j42swfq.cloudfront.net\/2024\/11\/28120010\/image-414-300x114.png 300w, https:\/\/dhg1h5j42swfq.cloudfront.net\/2024\/11\/28120010\/image-414-768x292.png 768w, https:\/\/dhg1h5j42swfq.cloudfront.net\/2024\/11\/28120010\/image-414-150x57.png 150w\" sizes=\"auto, (max-width: 1024px) 100vw, 1024px\" \/><figcaption class=\"wp-element-caption\">Concurso Pol\u00edcia Penal PE \u00e9 previsto no PPA<\/figcaption><\/figure>\n\n\n\n<h2 class=\"wp-block-heading\" id=\"h-ultimo-concurso-policia-penal-pe\">\u00daltimo concurso Pol\u00edcia Penal PE<\/h2>\n\n\n\n<h3 class=\"wp-block-heading\" id=\"cargos-vagas\">Cargos e vagas<\/h3>\n\n\n\n<p>Foram ofertadas <strong>200 vagas imediatas e 800 para forma\u00e7\u00e3o de cadastro reserva<\/strong> para Policial Penal do Pernambuco.<\/p>\n\n\n\n<figure class=\"wp-block-table is-style-stripes\"><table class=\"has-very-light-gray-to-cyan-bluish-gray-gradient-background has-background has-fixed-layout\"><thead><tr><th><\/th><th class=\"has-text-align-center\" data-align=\"center\">Vagas AC<\/th><th class=\"has-text-align-center\" data-align=\"center\">Vagas PcD<\/th><\/tr><\/thead><tbody><tr><td><strong>Sexo masculino<\/strong><\/td><td class=\"has-text-align-center\" data-align=\"center\">175<\/td><td class=\"has-text-align-center\" data-align=\"center\">10<\/td><\/tr><tr><td><strong>Sexo feminino<\/strong><\/td><td class=\"has-text-align-center\" data-align=\"center\">14<\/td><td class=\"has-text-align-center\" data-align=\"center\">1<\/td><\/tr><\/tbody><\/table><figcaption class=\"wp-element-caption\">Quadro de vagas para ampla concorr\u00eancia e PcD.<\/figcaption><\/figure>\n\n\n\n<ul class=\"wp-block-list\">\n<li><strong>Sal\u00e1rio<\/strong>: R$ 3.900.00, referentes ao vencimento-base no valor de R$ 1.950,00, acrescido da Gratifica\u00e7\u00e3o de Risco por Fun\u00e7\u00e3o Policial Penal, correspondente a 100% do vencimento base, no valor de R$ 1.950,00.<\/li>\n\n\n\n<li><strong>Carga hor\u00e1ria<\/strong>: 8 horas di\u00e1rias ou 40 horas semanais, ressalvadas as jornadas especiais, em regime de plant\u00e3o, que<\/li>\n\n\n\n<li>observar\u00e3o a proporcionalidade limite de 1\/3 \u2013 uma hora de trabalho, para tr\u00eas de descanso.<\/li>\n\n\n\n<li><strong>Principais requisitos<\/strong>: diploma, devidamente registrado, de conclus\u00e3o de n\u00edvel superior em qualquer \u00e1rea de forma\u00e7\u00e3o, fornecido por institui\u00e7\u00e3o de ensino superior reconhecida pelo Minist\u00e9rio da Educa\u00e7\u00e3o (MEC) e Carteira Nacional de Habilita\u00e7\u00e3o, classifica\u00e7\u00e3o B.<\/li>\n<\/ul>\n\n\n\n<ul class=\"wp-block-list\">\n<li><a href=\"https:\/\/dhg1h5j42swfq.cloudfront.net\/2022\/04\/08104048\/seres_pe_21___demanda_de_candidatos_por_vaga.pdf\" target=\"_blank\" rel=\"noreferrer noopener nofollow\">Demanda de inscritos<\/a><\/li>\n<\/ul>\n\n\n\n<h3 class=\"wp-block-heading\" id=\"etapas\">Etapas e provas do concurso Pol\u00edcia Penal PE  <\/h3>\n\n\n\n<p>A sele\u00e7\u00e3o dos candidatos do concurso Pol\u00edcia Penal PE se deu mediante aplica\u00e7\u00e3o das seguintes etapas:<\/p>\n\n\n\n<ol class=\"wp-block-list\">\n<li>Prova Objetiva, de car\u00e1ter classificat\u00f3rio e eliminat\u00f3rio;<\/li>\n\n\n\n<li>Prova Discursiva, de car\u00e1ter classificat\u00f3rio e eliminat\u00f3rio;<\/li>\n\n\n\n<li>Exames M\u00e9dicos;<\/li>\n\n\n\n<li>Exames de Aptid\u00e3o F\u00edsica;<\/li>\n\n\n\n<li>Avalia\u00e7\u00e3o Psicol\u00f3gica;<\/li>\n\n\n\n<li>Investiga\u00e7\u00e3o Social;<\/li>\n\n\n\n<li>Curso de Forma\u00e7\u00e3o.<\/li>\n<\/ol>\n\n\n\n<p>As provas objetivas e a prova discursiva tiveram a <strong>dura\u00e7\u00e3o de 5 horas <\/strong>e foram aplicadas no turno da <strong>tarde<\/strong>.<\/p>\n\n\n\n<h4 class=\"wp-block-heading\" id=\"objetiva\">Provas Objetivas<\/h4>\n\n\n\n<p>As provas objetivas valeram 75,00 pontos. As quest\u00f5es foram do tipo m\u00faltipla escolha, com cinco op\u00e7\u00f5es (A, B, C, D e E), sendo uma \u00fanica resposta correta. <\/p>\n\n\n\n<p>As 60 quest\u00f5es foram distribu\u00eddas entre conhecimentos gerais e espec\u00edficos, conforme o conte\u00fado program\u00e1tico do edital.<\/p>\n\n\n\n<ul class=\"wp-block-list\">\n<li><strong>CONHECIMENTOS GERAIS<\/strong>\n<ul class=\"wp-block-list\">\n<li>L\u00cdNGUA PORTUGUESA<\/li>\n\n\n\n<li>LEGISLA\u00c7\u00c3O ESTADUAL<\/li>\n\n\n\n<li>NO\u00c7\u00d5ES DE INFORM\u00c1TICA<\/li>\n\n\n\n<li>RACIOC\u00cdNIO L\u00d3GICO<\/li>\n\n\n\n<li>ATUALIDADES (SOMENTE PARA A DISCURSIVA)<\/li>\n<\/ul>\n<\/li>\n\n\n\n<li><strong>CONHECIMENTOS ESPEC\u00cdFICOS<\/strong>\n<ul class=\"wp-block-list\">\n<li>DIREITO ADMINISTRATIVO<\/li>\n\n\n\n<li>DIREITO CONSTITUCIONAL<\/li>\n\n\n\n<li>DIREITO PENAL<\/li>\n\n\n\n<li>DIREITO PROCESSUAL PENAL<\/li>\n\n\n\n<li>LEGISLA\u00c7\u00c3O ESPECIAL<\/li>\n\n\n\n<li>EXECU\u00c7\u00c3O PENAL<\/li>\n\n\n\n<li>NO\u00c7\u00d5ES DE DIREITOS HUMANOS E PARTICIPA\u00c7\u00c3O SOCIAL<\/li>\n<\/ul>\n<\/li>\n<\/ul>\n\n\n\n<p>Foi reprovado nas provas objetivas e eliminado do concurso p\u00fablico o candidato que se enquadrou em pelo menos um dos itens a seguir:<\/p>\n\n\n\n<ul class=\"wp-block-list\">\n<li>nota inferior a 5,00 pontos na prova objetiva de Conhecimentos gerais P1;<\/li>\n\n\n\n<li>nota inferior a 15,00 pontos na prova objetiva de Conhecimentos espec\u00edficos P2;<\/li>\n\n\n\n<li>nota inferior a 37,50 pontos no conjunto das provas objetivas.<\/li>\n<\/ul>\n\n\n\n<ul class=\"wp-block-list\">\n<li><a href=\"https:\/\/dhg1h5j42swfq.cloudfront.net\/2022\/05\/06080907\/diario_resultado-11-17.pdf\" target=\"_blank\" rel=\"noreferrer noopener\">Confira o resultado final das objetivas<\/a><\/li>\n<\/ul>\n\n\n\n<h4 class=\"wp-block-heading\" id=\"discursiva\">Prova Discursiva<\/h4>\n\n\n\n<p>A prova discursiva valeu 25,00 pontos e consistiu da reda\u00e7\u00e3o de texto dissertativo, de at\u00e9 30 linhas, a respeito de tema de atualidades, relacionado \u00e0 seguran\u00e7a prisional nacional e direitos humanos.<\/p>\n\n\n\n<ul class=\"wp-block-list\">\n<li><a href=\"https:\/\/dhg1h5j42swfq.cloudfront.net\/2022\/06\/01162946\/ed_6_2021_seres_pe_res_final_disc_conv_exames.pdf\" target=\"_blank\" rel=\"noreferrer noopener nofollow\">Resultado final da prova discursiva<\/a><\/li>\n<\/ul>\n\n\n\n<h4 class=\"wp-block-heading\" id=\"pratica\">Avalia\u00e7\u00e3o de Capacidade F\u00edsica<\/h4>\n\n\n\n<p>O exame de aptid\u00e3o f\u00edsica constou de quatro testes, todos de realiza\u00e7\u00e3o obrigat\u00f3ria independentemente do desempenho dos candidatos.<\/p>\n\n\n\n<figure class=\"wp-block-image aligncenter size-full\"><img loading=\"lazy\" decoding=\"async\" width=\"973\" height=\"138\" src=\"https:\/\/dhg1h5j42swfq.cloudfront.net\/2021\/12\/29065345\/image-577.png\" alt=\"Quadro de exerc\u00edcios f\u00edsicos do TAF da Pol\u00edcia Penal PE.\" class=\"wp-image-936663\" srcset=\"https:\/\/dhg1h5j42swfq.cloudfront.net\/2021\/12\/29065345\/image-577.png 973w, https:\/\/dhg1h5j42swfq.cloudfront.net\/2021\/12\/29065345\/image-577-300x43.png 300w, https:\/\/dhg1h5j42swfq.cloudfront.net\/2021\/12\/29065345\/image-577-768x109.png 768w, https:\/\/dhg1h5j42swfq.cloudfront.net\/2021\/12\/29065345\/image-577-610x87.png 610w\" sizes=\"auto, (max-width: 973px) 100vw, 973px\" \/><figcaption class=\"wp-element-caption\">Quadro do TAF do concurso Pol\u00edcia Penal PE<\/figcaption><\/figure>\n\n\n\n<ul class=\"wp-block-list\">\n<li><a href=\"https:\/\/cdn.cebraspe.org.br\/concursos\/seres_pe_21\/arquivos\/ED_12_2021_SERES_PE_RES_FINAL_TAF_CONV_AVAL_PSIC.PDF\" target=\"_blank\" rel=\"noreferrer noopener\">Resultado final do TAF<\/a><\/li>\n<\/ul>\n\n\n\n<h2 class=\"wp-block-heading\" id=\"h-sobre-a-carreira-da-policia-penal-pe\">Sobre a carreira da Pol\u00edcia Penal PE<\/h2>\n\n\n\n<h3 class=\"wp-block-heading\" id=\"nomenclatura\">Mudan\u00e7a na nomenclatura<\/h3>\n\n\n\n<p>Em agosto de 2020, foi aprovada a Proposta de Emenda \u00e0 Constitui\u00e7\u00e3o (PEC) que cria a <strong>Pol\u00edcia Penal<\/strong>, vinculada ao sistema penitenci\u00e1rio do estado do Pernambuco. A emenda foi aceita por unanimidade, com 40 votos.<\/p>\n\n\n\n<p>A PEC 13\/2020 tem como base a Emenda Constitucional Federal 104\/2019, aprovada pelo Congresso Nacional, que criou a carreira dos policiais penais federais, estaduais e distritais.<\/p>\n\n\n\n<p>O preenchimento do quadro de servidores das pol\u00edcias penais ser\u00e1 feito, exclusivamente, por meio de concurso p\u00fablico e por meio da transforma\u00e7\u00e3o do cargo de Agente de Seguran\u00e7a Penitenci\u00e1ria, integrante do Grupo Ocupacional Seguran\u00e7a Penitenci\u00e1ria do Estado de Pernambuco.<\/p>\n\n\n\n<p>Na \u00e9poca, de acordo com o presidente do Sindicato dos Agentes Penitenci\u00e1rios de Pernambuco, Jo\u00e3o Carvalho, a cria\u00e7\u00e3o da Pol\u00edcia Penal \u00e9 um pleito da entidade desde 2004. A emenda permite, segundo ele, uma valoriza\u00e7\u00e3o da categoria e uma padroniza\u00e7\u00e3o da atividade em n\u00edvel nacional e estadual.<\/p>\n\n\n\n<blockquote class=\"wp-block-quote is-style-default is-layout-flow wp-block-quote-is-layout-flow\">\n<p><em>&#8220;Vamos ser reconhecidos constitucionalmente como policiais penais. \u00c9 um reconhecimento daquilo que a gente j\u00e1 faz. J\u00e1 fazemos apresenta\u00e7\u00e3o judicial, revista, atua\u00e7\u00e3o em motins e rebeli\u00f5es. S\u00e3o atividades de controle e quem tem esse poder \u00e9 pol\u00edcia. Agora, com a previs\u00e3o constitucional, est\u00e1 previsto que s\u00e3o de nossa responsabilidade todas as atividades entrela\u00e7adas \u00e0 rotina dos presos&#8221;<\/em>, afirmou Carvalho.<\/p>\n<\/blockquote>\n\n\n\n<h3 class=\"wp-block-heading\" id=\"remuneracao\">Tabela remunerat\u00f3ria<\/h3>\n\n\n\n<p>Foi sancionada a Lei Complementar n\u00ba 552, de 26 de setembro de 2024, que institui a nova tabela remunerat\u00f3ria da Pol\u00edcia Penal de Pernambuco. Veja os detalhes abaixo! <\/p>\n\n\n\n<ul class=\"wp-block-list\">\n<li><a href=\"https:\/\/legis.alepe.pe.gov.br\/texto.aspx?tiponorma=2&amp;numero=552&amp;complemento=0&amp;ano=2024&amp;tipo=&amp;url=#:~:text=1%C2%BA%20fica%20assegurado%20um%20reajuste,institu%C3%ADda%2C%20expressa%20e%20fixada%20nominalmente\" target=\"_blank\" rel=\"noreferrer noopener\">Tabela remunerat\u00f3ria 2024 &#8211; 2026<\/a><\/li>\n<\/ul>\n\n\n\n<figure class=\"wp-block-image aligncenter size-full\"><img loading=\"lazy\" decoding=\"async\" width=\"858\" height=\"667\" src=\"https:\/\/dhg1h5j42swfq.cloudfront.net\/2024\/11\/28114826\/image-409.png\" alt=\"Tabela salarial a partir de junho\/2024\" class=\"wp-image-1496543\" srcset=\"https:\/\/dhg1h5j42swfq.cloudfront.net\/2024\/11\/28114826\/image-409.png 858w, https:\/\/dhg1h5j42swfq.cloudfront.net\/2024\/11\/28114826\/image-409-300x233.png 300w, https:\/\/dhg1h5j42swfq.cloudfront.net\/2024\/11\/28114826\/image-409-768x597.png 768w, https:\/\/dhg1h5j42swfq.cloudfront.net\/2024\/11\/28114826\/image-409-150x117.png 150w\" sizes=\"auto, (max-width: 858px) 100vw, 858px\" \/><figcaption class=\"wp-element-caption\">Tabela salarial a partir de junho\/2024<\/figcaption><\/figure>\n\n\n\n<figure class=\"wp-block-image aligncenter size-full\"><img loading=\"lazy\" decoding=\"async\" width=\"860\" height=\"671\" src=\"https:\/\/dhg1h5j42swfq.cloudfront.net\/2024\/11\/28114904\/image-410.png\" alt=\"Tabela salarial a partir de junho\/2025\" class=\"wp-image-1496546\" srcset=\"https:\/\/dhg1h5j42swfq.cloudfront.net\/2024\/11\/28114904\/image-410.png 860w, https:\/\/dhg1h5j42swfq.cloudfront.net\/2024\/11\/28114904\/image-410-300x234.png 300w, https:\/\/dhg1h5j42swfq.cloudfront.net\/2024\/11\/28114904\/image-410-768x599.png 768w, https:\/\/dhg1h5j42swfq.cloudfront.net\/2024\/11\/28114904\/image-410-150x117.png 150w\" sizes=\"auto, (max-width: 860px) 100vw, 860px\" \/><figcaption class=\"wp-element-caption\">Tabela salarial a partir de junho\/2025<\/figcaption><\/figure>\n\n\n\n<figure class=\"wp-block-image aligncenter size-full\"><img loading=\"lazy\" decoding=\"async\" width=\"866\" height=\"672\" src=\"https:\/\/dhg1h5j42swfq.cloudfront.net\/2024\/11\/28114948\/image-412.png\" alt=\"Tabela salarial a partir de junho\/2026\" class=\"wp-image-1496551\" srcset=\"https:\/\/dhg1h5j42swfq.cloudfront.net\/2024\/11\/28114948\/image-412.png 866w, https:\/\/dhg1h5j42swfq.cloudfront.net\/2024\/11\/28114948\/image-412-300x233.png 300w, https:\/\/dhg1h5j42swfq.cloudfront.net\/2024\/11\/28114948\/image-412-768x596.png 768w, https:\/\/dhg1h5j42swfq.cloudfront.net\/2024\/11\/28114948\/image-412-150x116.png 150w\" sizes=\"auto, (max-width: 866px) 100vw, 866px\" \/><figcaption class=\"wp-element-caption\">Tabela salarial a partir de junho\/2026<\/figcaption><\/figure>\n\n\n\n<h3 class=\"wp-block-heading\" id=\"atribuicoes\">Principais atribui\u00e7\u00f5es<\/h3>\n\n\n\n<ul class=\"wp-block-list\">\n<li>Efetuar a fiscaliza\u00e7\u00e3o e procedimentos necess\u00e1rios \u00e0 garantia da ordem, da seguran\u00e7a e da legalidade no \u00e2mbito das unidades prisionais, nos termos de sua compet\u00eancia legal visando assegurar a ressocializa\u00e7\u00e3o dos presos; <\/li>\n\n\n\n<li>fiscalizar o trabalho e o comportamento da popula\u00e7\u00e3o carcer\u00e1ria para melhor readaptar os reclusos, dando suporte \u00e0 sua ressocializa\u00e7\u00e3o, realizando inspe\u00e7\u00f5es e revistas, no intuito de zelar pelo cumprimento dos regulamentos e normas pr\u00f3prias do Sistema Penitenci\u00e1rio e Unidades Prisionais pelos presos, em conformidade com a Lei de Execu\u00e7\u00e3o Penal, Lei Federal n\u00ba 7.210, de 11 de julho de 1984; <\/li>\n\n\n\n<li>entre outras.<\/li>\n<\/ul>\n\n\n\n<hr class=\"wp-block-separator has-css-opacity\"\/>\n\n\n\n<h2 class=\"wp-block-heading has-text-align-center\" id=\"h-quer-saber-tudo-sobre-concursos-previstos-confira-nossos-artigos\">Quer saber tudo sobre concursos previstos?<br \/>Confira nossos artigos!<\/h2>\n\n\n\n<ul class=\"wp-block-list\">\n<li><a href=\"https:\/\/www.estrategiaconcursos.com.br\/blog\/concursos-policia-penal\/\" target=\"_blank\" rel=\"noreferrer noopener\">Concursos Pol\u00edcia Penal<\/a><\/li>\n\n\n\n<li><a href=\"https:\/\/www.estrategiaconcursos.com.br\/blog\/concursos-abertos\/\" target=\"_blank\" rel=\"noreferrer noopener\">Concursos abertos<\/a><\/li>\n\n\n\n<li><a href=\"https:\/\/www.estrategiaconcursos.com.br\/blog\/concursos-2026\/\" target=\"_blank\" rel=\"noreferrer noopener\">Concursos 2026<\/a><\/li>\n<\/ul>\n\n\n\n<h2 class=\"wp-block-heading has-text-align-center\" id=\"assinatura\">Quer estudar para o concurso Pol\u00edcia Penal PE?<\/h2>\n\n\n\n<div class=\"container\" id=\"boxes\">\n  <div class=\"row\">\n\n    <div class=\"col-sm\">\n      <div class=\"banner-policia-penal\" id=\"box-assinatura\">\n        <h3 class=\"titulo-assinatura\">Concurso Pol\u00edcia Penal PE<\/h3>\n        <p class=\"subtitulo-assinatura\">Conhe\u00e7a os cursos<\/p>\n        <div class=\"box-botao\">\n          <a class=\"btn-assinatura\" target=\"_blank\" href=\"https:\/\/www.estrategiaconcursos.com.br\/cursosPorConcurso\/agente-de-seguranca-penitenciaria-de-pernambuco-seres-pe\/\" role=\"button\" rel=\"noopener noreferrer\">Conhe\u00e7a mais<\/a>\n        <\/div>\n      <\/div>\n     \n    <\/div>\n\n  <\/div>\n<\/div>\n\n\n\n<div class=\"container\" id=\"boxes\">\n  <div class=\"row\">\n\n    <div class=\"col-sm\">\n      <div class=\"estrategia\" id=\"box-assinatura\">\n        <h3 class=\"titulo-assinatura\">Assinatura Concursos<\/h3>\n        <p class=\"subtitulo-assinatura\">Assinatura de 1 ano ou 2 anos<\/p>\n        <div class=\"box-botao\">\n          <a class=\"btn-assinatura\" target=\"_blank\" href=\"https:\/\/www.estrategiaconcursos.com.br\/assinaturas\/\" role=\"button\" rel=\"noopener noreferrer\">ASSINE AGORA<\/a>\n        <\/div>\n      <\/div>\n     \n    <\/div><\/div><\/div>\n\n\n\n<figure class=\"wp-block-image size-large is-resized\"><img loading=\"lazy\" decoding=\"async\" width=\"1024\" height=\"632\" src=\"https:\/\/dhg1h5j42swfq.cloudfront.net\/2021\/04\/29103905\/ficha-tecnica-184-1024x632.png\" alt=\" Informa\u00e7\u00f5es do Concurso Pol\u00edcia Penal PE\" class=\"wp-image-726529\" style=\"width:216px;height:auto\" srcset=\"https:\/\/dhg1h5j42swfq.cloudfront.net\/2021\/04\/29103905\/ficha-tecnica-184-1024x632.png 1024w, https:\/\/dhg1h5j42swfq.cloudfront.net\/2021\/04\/29103905\/ficha-tecnica-184-300x185.png 300w, https:\/\/dhg1h5j42swfq.cloudfront.net\/2021\/04\/29103905\/ficha-tecnica-184-768x474.png 768w, https:\/\/dhg1h5j42swfq.cloudfront.net\/2021\/04\/29103905\/ficha-tecnica-184-1536x948.png 1536w, https:\/\/dhg1h5j42swfq.cloudfront.net\/2021\/04\/29103905\/ficha-tecnica-184-610x377.png 610w, https:\/\/dhg1h5j42swfq.cloudfront.net\/2021\/04\/29103905\/ficha-tecnica-184.png 1571w\" sizes=\"auto, (max-width: 1024px) 100vw, 1024px\" \/><\/figure>\n\n\n\n<h3 class=\"wp-block-heading\" id=\"ficha\"><span style=\"color: #000000;\">\u2666 Informa\u00e7\u00f5es do \u00faltimo Concurso<\/span> Pol\u00edcia Penal PE<\/h3>\n\n\n\n<ul class=\"wp-block-list\">\n<li><span style=\"color: #000000;\"><strong>Provas<\/strong><\/span>: 10\/04\/2022<\/li>\n\n\n\n<li><strong>Vagas<\/strong>: 200 <\/li>\n\n\n\n<li><strong>Cargo<\/strong>: Policial Penal<\/li>\n\n\n\n<li><strong>Escolaridade<\/strong>: n\u00edvel superior<\/li>\n\n\n\n<li><strong>Banca<\/strong>: Cebraspe<\/li>\n\n\n\n<li><strong>Edital<\/strong>: <a href=\"https:\/\/dhg1h5j42swfq.cloudfront.net\/2021\/12\/29064231\/2021-12-29_doe_pe-1_4.pdf\" target=\"_blank\" rel=\"noreferrer noopener nofollow\">PP PE 2021<\/a><\/li>\n<\/ul>\n","protected":false},"excerpt":{"rendered":"<p>Novo concurso Pol\u00edcia Penal PE est\u00e1 previsto no PPA 2024-2027. Com contrata\u00e7\u00e3o da banca em andamento, edital pode sair no primeiro semestre de 2026! Um novo concurso Pol\u00edcia Penal PE deve ser realizado em breve! Isso porque j\u00e1 foi iniciado o processo de contrata\u00e7\u00e3o da banca organizadora. A informa\u00e7\u00e3o voltou a ser confirmada pela governadora [&hellip;]<\/p>\n","protected":false},"author":1206,"featured_media":877955,"comment_status":"open","ping_status":"open","sticky":false,"template":"","format":"standard","meta":{"post_tipo":"news_page","footnotes":""},"categories":[220188],"tags":[509,2070,2063],"tax_estado":[219979],"class_list":["post-46336","post","type-post","status-publish","format-standard","has-post-thumbnail","hentry","category-policial-agente-penitenciario","tag-agente-penitenciario","tag-concurso-seres-pe","tag-seres-pe","tax_estado-pe"],"acf":[],"yoast_head":"<!-- This site is optimized with the Yoast SEO Premium plugin v27.2 (Yoast SEO v27.2) - https:\/\/yoast.com\/product\/yoast-seo-premium-wordpress\/ -->\n<title>Concurso Pol\u00edcia Penal PE: edital previsto em 2026! Confira!<\/title>\n<meta name=\"description\" content=\"Concurso Pol\u00edcia Penal PE tem contrata\u00e7\u00e3o da banca iniciada. Edital previsto no PPA 2024-2027. \u00daltimo certame ofertou 200 vagas.\" \/>\n<meta name=\"robots\" content=\"index, follow, max-snippet:-1, max-image-preview:large, max-video-preview:-1\" \/>\n<link rel=\"canonical\" href=\"https:\/\/www.estrategiaconcursos.com.br\/blog\/concurso-policia-penal-pe\/\" \/>\n<meta property=\"og:locale\" content=\"pt_BR\" \/>\n<meta property=\"og:type\" content=\"article\" \/>\n<meta property=\"og:title\" content=\"Concurso Pol\u00edcia Penal PE: edital previsto em 2026! Confira!\" \/>\n<meta property=\"og:description\" content=\"Concurso Pol\u00edcia Penal PE tem contrata\u00e7\u00e3o da banca iniciada. Edital previsto no PPA 2024-2027. \u00daltimo certame ofertou 200 vagas.\" \/>\n<meta property=\"og:url\" content=\"https:\/\/www.estrategiaconcursos.com.br\/blog\/concurso-policia-penal-pe\/\" \/>\n<meta property=\"og:site_name\" content=\"Estrat\u00e9gia Concursos\" \/>\n<meta property=\"article:published_time\" content=\"2025-12-29T19:15:00+00:00\" \/>\n<meta property=\"article:modified_time\" content=\"2025-12-29T19:41:41+00:00\" \/>\n<meta property=\"og:image\" content=\"https:\/\/dhg1h5j42swfq.cloudfront.net\/2021\/07\/05164723\/policia-penal-pe.jpg\" \/>\n\t<meta property=\"og:image:width\" content=\"768\" \/>\n\t<meta property=\"og:image:height\" content=\"432\" \/>\n\t<meta property=\"og:image:type\" content=\"image\/jpeg\" \/>\n<meta name=\"author\" content=\"Bruna de Andrade Fran\u00e7a\" \/>\n<meta name=\"twitter:card\" content=\"summary_large_image\" \/>\n<meta name=\"twitter:creator\" content=\"@EstratConcursos\" \/>\n<meta name=\"twitter:site\" content=\"@EstratConcursos\" \/>\n<meta name=\"twitter:label1\" content=\"Escrito por\" \/>\n\t<meta name=\"twitter:data1\" content=\"Bruna de Andrade Fran\u00e7a\" \/>\n\t<meta name=\"twitter:label2\" content=\"Est. tempo de leitura\" \/>\n\t<meta name=\"twitter:data2\" content=\"7 minutos\" \/>\n<script type=\"application\/ld+json\" class=\"yoast-schema-graph\">{\"@context\":\"https:\/\/schema.org\",\"@graph\":[{\"@type\":\"NewsArticle\",\"@id\":\"https:\/\/www.estrategiaconcursos.com.br\/blog\/concurso-policia-penal-pe\/#article\",\"isPartOf\":{\"@id\":\"https:\/\/www.estrategiaconcursos.com.br\/blog\/concurso-policia-penal-pe\/\"},\"author\":{\"name\":\"Bruna de Andrade Fran\u00e7a\",\"@id\":\"https:\/\/www.estrategiaconcursos.com.br\/blog\/#\/schema\/person\/6630f91134abc08115cca62ce6372855\"},\"headline\":\"Concurso Pol\u00edcia Penal PE: edital previsto em 2026! Confira!\",\"datePublished\":\"2025-12-29T19:15:00+00:00\",\"dateModified\":\"2025-12-29T19:41:41+00:00\",\"mainEntityOfPage\":{\"@id\":\"https:\/\/www.estrategiaconcursos.com.br\/blog\/concurso-policia-penal-pe\/\"},\"wordCount\":1770,\"commentCount\":5,\"publisher\":{\"@id\":\"https:\/\/www.estrategiaconcursos.com.br\/blog\/#organization\"},\"image\":{\"@id\":\"https:\/\/www.estrategiaconcursos.com.br\/blog\/concurso-policia-penal-pe\/#primaryimage\"},\"thumbnailUrl\":\"https:\/\/dhg1h5j42swfq.cloudfront.net\/2021\/07\/05164723\/policia-penal-pe.jpg\",\"keywords\":[\"Agente Penitenci\u00e1rio\",\"concurso seres pe\",\"SERES PE\"],\"articleSection\":[\"Policial (Agente Penitenci\u00e1rio)\"],\"inLanguage\":\"pt-BR\",\"potentialAction\":[{\"@type\":\"CommentAction\",\"name\":\"Comment\",\"target\":[\"https:\/\/www.estrategiaconcursos.com.br\/blog\/concurso-policia-penal-pe\/#respond\"]}],\"copyrightYear\":\"2025\",\"copyrightHolder\":{\"@id\":\"https:\/\/www.estrategiaconcursos.com.br\/blog\/#organization\"}},{\"@type\":\"WebPage\",\"@id\":\"https:\/\/www.estrategiaconcursos.com.br\/blog\/concurso-policia-penal-pe\/\",\"url\":\"https:\/\/www.estrategiaconcursos.com.br\/blog\/concurso-policia-penal-pe\/\",\"name\":\"Concurso Pol\u00edcia Penal PE: edital previsto em 2026! Confira!\",\"isPartOf\":{\"@id\":\"https:\/\/www.estrategiaconcursos.com.br\/blog\/#website\"},\"primaryImageOfPage\":{\"@id\":\"https:\/\/www.estrategiaconcursos.com.br\/blog\/concurso-policia-penal-pe\/#primaryimage\"},\"image\":{\"@id\":\"https:\/\/www.estrategiaconcursos.com.br\/blog\/concurso-policia-penal-pe\/#primaryimage\"},\"thumbnailUrl\":\"https:\/\/dhg1h5j42swfq.cloudfront.net\/2021\/07\/05164723\/policia-penal-pe.jpg\",\"datePublished\":\"2025-12-29T19:15:00+00:00\",\"dateModified\":\"2025-12-29T19:41:41+00:00\",\"description\":\"Concurso Pol\u00edcia Penal PE tem contrata\u00e7\u00e3o da banca iniciada. Edital previsto no PPA 2024-2027. \u00daltimo certame ofertou 200 vagas.\",\"breadcrumb\":{\"@id\":\"https:\/\/www.estrategiaconcursos.com.br\/blog\/concurso-policia-penal-pe\/#breadcrumb\"},\"inLanguage\":\"pt-BR\",\"potentialAction\":[{\"@type\":\"ReadAction\",\"target\":[\"https:\/\/www.estrategiaconcursos.com.br\/blog\/concurso-policia-penal-pe\/\"]}]},{\"@type\":\"ImageObject\",\"inLanguage\":\"pt-BR\",\"@id\":\"https:\/\/www.estrategiaconcursos.com.br\/blog\/concurso-policia-penal-pe\/#primaryimage\",\"url\":\"https:\/\/dhg1h5j42swfq.cloudfront.net\/2021\/07\/05164723\/policia-penal-pe.jpg\",\"contentUrl\":\"https:\/\/dhg1h5j42swfq.cloudfront.net\/2021\/07\/05164723\/policia-penal-pe.jpg\",\"width\":768,\"height\":432,\"caption\":\"POLICIA PENAL PE\"},{\"@type\":\"BreadcrumbList\",\"@id\":\"https:\/\/www.estrategiaconcursos.com.br\/blog\/concurso-policia-penal-pe\/#breadcrumb\",\"itemListElement\":[{\"@type\":\"ListItem\",\"position\":1,\"name\":\"In\u00edcio\",\"item\":\"https:\/\/www.estrategiaconcursos.com.br\/blog\/\"},{\"@type\":\"ListItem\",\"position\":2,\"name\":\"Concurso Pol\u00edcia Penal PE: edital previsto em 2026! Confira!\"}]},{\"@type\":\"WebSite\",\"@id\":\"https:\/\/www.estrategiaconcursos.com.br\/blog\/#website\",\"url\":\"https:\/\/www.estrategiaconcursos.com.br\/blog\/\",\"name\":\"Estrat\u00e9gia Concursos\",\"description\":\"O blog da Estrat\u00e9gia Concursos traz not\u00edcias sobre concursos e artigos de professores oferecendo cursos para concursos (pdf + videaulas) no site.\",\"publisher\":{\"@id\":\"https:\/\/www.estrategiaconcursos.com.br\/blog\/#organization\"},\"potentialAction\":[{\"@type\":\"SearchAction\",\"target\":{\"@type\":\"EntryPoint\",\"urlTemplate\":\"https:\/\/www.estrategiaconcursos.com.br\/blog\/?s={search_term_string}\"},\"query-input\":{\"@type\":\"PropertyValueSpecification\",\"valueRequired\":true,\"valueName\":\"search_term_string\"}}],\"inLanguage\":\"pt-BR\"},{\"@type\":\"Organization\",\"@id\":\"https:\/\/www.estrategiaconcursos.com.br\/blog\/#organization\",\"name\":\"Estrat\u00e9gia Concursos\",\"url\":\"https:\/\/www.estrategiaconcursos.com.br\/blog\/\",\"logo\":{\"@type\":\"ImageObject\",\"inLanguage\":\"pt-BR\",\"@id\":\"https:\/\/www.estrategiaconcursos.com.br\/blog\/#\/schema\/logo\/image\/\",\"url\":\"https:\/\/dhg1h5j42swfq.cloudfront.net\/2025\/06\/03203428\/logo_concursos-1.jpg\",\"contentUrl\":\"https:\/\/dhg1h5j42swfq.cloudfront.net\/2025\/06\/03203428\/logo_concursos-1.jpg\",\"width\":230,\"height\":60,\"caption\":\"Estrat\u00e9gia Concursos\"},\"image\":{\"@id\":\"https:\/\/www.estrategiaconcursos.com.br\/blog\/#\/schema\/logo\/image\/\"},\"sameAs\":[\"https:\/\/x.com\/EstratConcursos\"]},{\"@type\":\"Person\",\"@id\":\"https:\/\/www.estrategiaconcursos.com.br\/blog\/#\/schema\/person\/6630f91134abc08115cca62ce6372855\",\"name\":\"Bruna de Andrade Fran\u00e7a\",\"image\":{\"@type\":\"ImageObject\",\"inLanguage\":\"pt-BR\",\"@id\":\"https:\/\/secure.gravatar.com\/avatar\/d6316d36d50cea0fadae28ed3015b8870cc90a2d3d8a95c37b44006af36a00e3?s=96&d=mm&r=g\",\"url\":\"https:\/\/secure.gravatar.com\/avatar\/d6316d36d50cea0fadae28ed3015b8870cc90a2d3d8a95c37b44006af36a00e3?s=96&d=mm&r=g\",\"contentUrl\":\"https:\/\/secure.gravatar.com\/avatar\/d6316d36d50cea0fadae28ed3015b8870cc90a2d3d8a95c37b44006af36a00e3?s=96&d=mm&r=g\",\"caption\":\"Bruna de Andrade Fran\u00e7a\"},\"description\":\"Bruna de Andrade Fran\u00e7a \u00e9 publicit\u00e1ria com p\u00f3s-gradua\u00e7\u00e3o em Marketing &amp; Growth, atuando h\u00e1 mais de 6 anos no universo dos concursos p\u00fablicos. Desde 2021, lidera no Blog do Estrat\u00e9gia Concursos a cobertura editorial especializada em Concursos Policiais (PF, PRF, PM, PC, etc.), al\u00e9m das frentes de concursos banc\u00e1rios, de sa\u00fade e da \u00e1rea legislativa. Especialista em reda\u00e7\u00e3o, com pr\u00e1ticas de SEO e Copywriting, possui tamb\u00e9m atua\u00e7\u00e3o pr\u00e1tica de contato direto com \u00f3rg\u00e3os p\u00fablicos respons\u00e1veis por editais, permitindo acesso antecipado a informa\u00e7\u00f5es, desdobramentos importantes e atualiza\u00e7\u00e3o eficiente dos concursos p\u00fablicos.\",\"url\":\"https:\/\/www.estrategiaconcursos.com.br\/blog\/author\/bruna-andrade\/\"}]}<\/script>\n<!-- \/ Yoast SEO Premium plugin. -->","yoast_head_json":{"title":"Concurso Pol\u00edcia Penal PE: edital previsto em 2026! Confira!","description":"Concurso Pol\u00edcia Penal PE tem contrata\u00e7\u00e3o da banca iniciada. Edital previsto no PPA 2024-2027. \u00daltimo certame ofertou 200 vagas.","robots":{"index":"index","follow":"follow","max-snippet":"max-snippet:-1","max-image-preview":"max-image-preview:large","max-video-preview":"max-video-preview:-1"},"canonical":"https:\/\/www.estrategiaconcursos.com.br\/blog\/concurso-policia-penal-pe\/","og_locale":"pt_BR","og_type":"article","og_title":"Concurso Pol\u00edcia Penal PE: edital previsto em 2026! Confira!","og_description":"Concurso Pol\u00edcia Penal PE tem contrata\u00e7\u00e3o da banca iniciada. Edital previsto no PPA 2024-2027. \u00daltimo certame ofertou 200 vagas.","og_url":"https:\/\/www.estrategiaconcursos.com.br\/blog\/concurso-policia-penal-pe\/","og_site_name":"Estrat\u00e9gia Concursos","article_published_time":"2025-12-29T19:15:00+00:00","article_modified_time":"2025-12-29T19:41:41+00:00","og_image":[{"width":768,"height":432,"url":"https:\/\/dhg1h5j42swfq.cloudfront.net\/2021\/07\/05164723\/policia-penal-pe.jpg","type":"image\/jpeg"}],"author":"Bruna de Andrade Fran\u00e7a","twitter_card":"summary_large_image","twitter_creator":"@EstratConcursos","twitter_site":"@EstratConcursos","twitter_misc":{"Escrito por":"Bruna de Andrade Fran\u00e7a","Est. tempo de leitura":"7 minutos"},"schema":{"@context":"https:\/\/schema.org","@graph":[{"@type":"NewsArticle","@id":"https:\/\/www.estrategiaconcursos.com.br\/blog\/concurso-policia-penal-pe\/#article","isPartOf":{"@id":"https:\/\/www.estrategiaconcursos.com.br\/blog\/concurso-policia-penal-pe\/"},"author":{"name":"Bruna de Andrade Fran\u00e7a","@id":"https:\/\/www.estrategiaconcursos.com.br\/blog\/#\/schema\/person\/6630f91134abc08115cca62ce6372855"},"headline":"Concurso Pol\u00edcia Penal PE: edital previsto em 2026! Confira!","datePublished":"2025-12-29T19:15:00+00:00","dateModified":"2025-12-29T19:41:41+00:00","mainEntityOfPage":{"@id":"https:\/\/www.estrategiaconcursos.com.br\/blog\/concurso-policia-penal-pe\/"},"wordCount":1770,"commentCount":5,"publisher":{"@id":"https:\/\/www.estrategiaconcursos.com.br\/blog\/#organization"},"image":{"@id":"https:\/\/www.estrategiaconcursos.com.br\/blog\/concurso-policia-penal-pe\/#primaryimage"},"thumbnailUrl":"https:\/\/dhg1h5j42swfq.cloudfront.net\/2021\/07\/05164723\/policia-penal-pe.jpg","keywords":["Agente Penitenci\u00e1rio","concurso seres pe","SERES PE"],"articleSection":["Policial (Agente Penitenci\u00e1rio)"],"inLanguage":"pt-BR","potentialAction":[{"@type":"CommentAction","name":"Comment","target":["https:\/\/www.estrategiaconcursos.com.br\/blog\/concurso-policia-penal-pe\/#respond"]}],"copyrightYear":"2025","copyrightHolder":{"@id":"https:\/\/www.estrategiaconcursos.com.br\/blog\/#organization"}},{"@type":"WebPage","@id":"https:\/\/www.estrategiaconcursos.com.br\/blog\/concurso-policia-penal-pe\/","url":"https:\/\/www.estrategiaconcursos.com.br\/blog\/concurso-policia-penal-pe\/","name":"Concurso Pol\u00edcia Penal PE: edital previsto em 2026! Confira!","isPartOf":{"@id":"https:\/\/www.estrategiaconcursos.com.br\/blog\/#website"},"primaryImageOfPage":{"@id":"https:\/\/www.estrategiaconcursos.com.br\/blog\/concurso-policia-penal-pe\/#primaryimage"},"image":{"@id":"https:\/\/www.estrategiaconcursos.com.br\/blog\/concurso-policia-penal-pe\/#primaryimage"},"thumbnailUrl":"https:\/\/dhg1h5j42swfq.cloudfront.net\/2021\/07\/05164723\/policia-penal-pe.jpg","datePublished":"2025-12-29T19:15:00+00:00","dateModified":"2025-12-29T19:41:41+00:00","description":"Concurso Pol\u00edcia Penal PE tem contrata\u00e7\u00e3o da banca iniciada. Edital previsto no PPA 2024-2027. \u00daltimo certame ofertou 200 vagas.","breadcrumb":{"@id":"https:\/\/www.estrategiaconcursos.com.br\/blog\/concurso-policia-penal-pe\/#breadcrumb"},"inLanguage":"pt-BR","potentialAction":[{"@type":"ReadAction","target":["https:\/\/www.estrategiaconcursos.com.br\/blog\/concurso-policia-penal-pe\/"]}]},{"@type":"ImageObject","inLanguage":"pt-BR","@id":"https:\/\/www.estrategiaconcursos.com.br\/blog\/concurso-policia-penal-pe\/#primaryimage","url":"https:\/\/dhg1h5j42swfq.cloudfront.net\/2021\/07\/05164723\/policia-penal-pe.jpg","contentUrl":"https:\/\/dhg1h5j42swfq.cloudfront.net\/2021\/07\/05164723\/policia-penal-pe.jpg","width":768,"height":432,"caption":"POLICIA PENAL PE"},{"@type":"BreadcrumbList","@id":"https:\/\/www.estrategiaconcursos.com.br\/blog\/concurso-policia-penal-pe\/#breadcrumb","itemListElement":[{"@type":"ListItem","position":1,"name":"In\u00edcio","item":"https:\/\/www.estrategiaconcursos.com.br\/blog\/"},{"@type":"ListItem","position":2,"name":"Concurso Pol\u00edcia Penal PE: edital previsto em 2026! Confira!"}]},{"@type":"WebSite","@id":"https:\/\/www.estrategiaconcursos.com.br\/blog\/#website","url":"https:\/\/www.estrategiaconcursos.com.br\/blog\/","name":"Estrat\u00e9gia Concursos","description":"O blog da Estrat\u00e9gia Concursos traz not\u00edcias sobre concursos e artigos de professores oferecendo cursos para concursos (pdf + videaulas) no site.","publisher":{"@id":"https:\/\/www.estrategiaconcursos.com.br\/blog\/#organization"},"potentialAction":[{"@type":"SearchAction","target":{"@type":"EntryPoint","urlTemplate":"https:\/\/www.estrategiaconcursos.com.br\/blog\/?s={search_term_string}"},"query-input":{"@type":"PropertyValueSpecification","valueRequired":true,"valueName":"search_term_string"}}],"inLanguage":"pt-BR"},{"@type":"Organization","@id":"https:\/\/www.estrategiaconcursos.com.br\/blog\/#organization","name":"Estrat\u00e9gia Concursos","url":"https:\/\/www.estrategiaconcursos.com.br\/blog\/","logo":{"@type":"ImageObject","inLanguage":"pt-BR","@id":"https:\/\/www.estrategiaconcursos.com.br\/blog\/#\/schema\/logo\/image\/","url":"https:\/\/dhg1h5j42swfq.cloudfront.net\/2025\/06\/03203428\/logo_concursos-1.jpg","contentUrl":"https:\/\/dhg1h5j42swfq.cloudfront.net\/2025\/06\/03203428\/logo_concursos-1.jpg","width":230,"height":60,"caption":"Estrat\u00e9gia Concursos"},"image":{"@id":"https:\/\/www.estrategiaconcursos.com.br\/blog\/#\/schema\/logo\/image\/"},"sameAs":["https:\/\/x.com\/EstratConcursos"]},{"@type":"Person","@id":"https:\/\/www.estrategiaconcursos.com.br\/blog\/#\/schema\/person\/6630f91134abc08115cca62ce6372855","name":"Bruna de Andrade Fran\u00e7a","image":{"@type":"ImageObject","inLanguage":"pt-BR","@id":"https:\/\/secure.gravatar.com\/avatar\/d6316d36d50cea0fadae28ed3015b8870cc90a2d3d8a95c37b44006af36a00e3?s=96&d=mm&r=g","url":"https:\/\/secure.gravatar.com\/avatar\/d6316d36d50cea0fadae28ed3015b8870cc90a2d3d8a95c37b44006af36a00e3?s=96&d=mm&r=g","contentUrl":"https:\/\/secure.gravatar.com\/avatar\/d6316d36d50cea0fadae28ed3015b8870cc90a2d3d8a95c37b44006af36a00e3?s=96&d=mm&r=g","caption":"Bruna de Andrade Fran\u00e7a"},"description":"Bruna de Andrade Fran\u00e7a \u00e9 publicit\u00e1ria com p\u00f3s-gradua\u00e7\u00e3o em Marketing &amp; Growth, atuando h\u00e1 mais de 6 anos no universo dos concursos p\u00fablicos. Desde 2021, lidera no Blog do Estrat\u00e9gia Concursos a cobertura editorial especializada em Concursos Policiais (PF, PRF, PM, PC, etc.), al\u00e9m das frentes de concursos banc\u00e1rios, de sa\u00fade e da \u00e1rea legislativa. Especialista em reda\u00e7\u00e3o, com pr\u00e1ticas de SEO e Copywriting, possui tamb\u00e9m atua\u00e7\u00e3o pr\u00e1tica de contato direto com \u00f3rg\u00e3os p\u00fablicos respons\u00e1veis por editais, permitindo acesso antecipado a informa\u00e7\u00f5es, desdobramentos importantes e atualiza\u00e7\u00e3o eficiente dos concursos p\u00fablicos.","url":"https:\/\/www.estrategiaconcursos.com.br\/blog\/author\/bruna-andrade\/"}]}},"_links":{"self":[{"href":"https:\/\/www.estrategiaconcursos.com.br\/blog\/wp-json\/wp\/v2\/posts\/46336","targetHints":{"allow":["GET"]}}],"collection":[{"href":"https:\/\/www.estrategiaconcursos.com.br\/blog\/wp-json\/wp\/v2\/posts"}],"about":[{"href":"https:\/\/www.estrategiaconcursos.com.br\/blog\/wp-json\/wp\/v2\/types\/post"}],"author":[{"embeddable":true,"href":"https:\/\/www.estrategiaconcursos.com.br\/blog\/wp-json\/wp\/v2\/users\/1206"}],"replies":[{"embeddable":true,"href":"https:\/\/www.estrategiaconcursos.com.br\/blog\/wp-json\/wp\/v2\/comments?post=46336"}],"version-history":[{"count":124,"href":"https:\/\/www.estrategiaconcursos.com.br\/blog\/wp-json\/wp\/v2\/posts\/46336\/revisions"}],"predecessor-version":[{"id":1691381,"href":"https:\/\/www.estrategiaconcursos.com.br\/blog\/wp-json\/wp\/v2\/posts\/46336\/revisions\/1691381"}],"wp:featuredmedia":[{"embeddable":true,"href":"https:\/\/www.estrategiaconcursos.com.br\/blog\/wp-json\/wp\/v2\/media\/877955"}],"wp:attachment":[{"href":"https:\/\/www.estrategiaconcursos.com.br\/blog\/wp-json\/wp\/v2\/media?parent=46336"}],"wp:term":[{"taxonomy":"category","embeddable":true,"href":"https:\/\/www.estrategiaconcursos.com.br\/blog\/wp-json\/wp\/v2\/categories?post=46336"},{"taxonomy":"post_tag","embeddable":true,"href":"https:\/\/www.estrategiaconcursos.com.br\/blog\/wp-json\/wp\/v2\/tags?post=46336"},{"taxonomy":"tax_estado","embeddable":true,"href":"https:\/\/www.estrategiaconcursos.com.br\/blog\/wp-json\/wp\/v2\/tax_estado?post=46336"}],"curies":[{"name":"wp","href":"https:\/\/api.w.org\/{rel}","templated":true}]}}