{"id":463179,"date":"2019-12-20T15:37:00","date_gmt":"2019-12-20T18:37:00","guid":{"rendered":"https:\/\/www.estrategiaconcursos.com.br\/blog\/?p=463179"},"modified":"2019-12-20T15:36:48","modified_gmt":"2019-12-20T18:36:48","slug":"saiba-quais-sao-as-atribuicoes-do-cargo-de-escrivao-para-a-pcdf","status":"publish","type":"post","link":"https:\/\/www.estrategiaconcursos.com.br\/blog\/saiba-quais-sao-as-atribuicoes-do-cargo-de-escrivao-para-a-pcdf\/","title":{"rendered":"Saiba quais s\u00e3o as atribui\u00e7\u00f5es do cargo de Escriv\u00e3o para a PCDF"},"content":{"rendered":"\n<p>O concurso da <strong>PCDF<\/strong>, um dos mais aguardados e concorridos certames, j\u00e1 est\u00e1 em andamento. O primeiro edital foi publicado no dia 05 de dezembro e oferta <strong>300 vagas<\/strong> para o cargo de <strong>Escriv\u00e3o<\/strong>. <\/p>\n\n\n\n<p class=\"has-text-align-left\"><strong>Falando especificamente sobre o cargo de Escriv\u00e3o, voc\u00ea sabe exatamente quais s\u00e3o as atribui\u00e7\u00f5es desta importante fun\u00e7\u00e3o na institui\u00e7\u00e3o?<\/strong><br \/><br \/>O Escriv\u00e3o \u00e9 respons\u00e1vel pelo cumprimento das formalidades legais de pol\u00edcia judici\u00e1ria necess\u00e1rias aos inqu\u00e9ritos, processos administrativos e demais servi\u00e7os cartor\u00e1rios de apoio a autoridade policial. <\/p>\n\n\n\n<p class=\"has-text-align-left\">A fun\u00e7\u00e3o \u00e9 de extrema import\u00e2ncia no andamento de processos, depoimentos e ocorr\u00eancias. <\/p>\n\n\n\n<p class=\"has-text-align-left\">\u00c9 o Escriv\u00e3o quem garante que todos os autos sejam transformados em documentos para o inqu\u00e9rito policial, atua no atendimento ao p\u00fablico e demais setores da Delegacia (lavratura de boletins de ocorr\u00eancia, flagrantes ou pris\u00f5es cautelares).<br \/><br \/>Para concorrer a uma das vagas ofertadas no edital, \u00e9 necess\u00e1ria a forma\u00e7\u00e3o de n\u00edvel superior em qualquer \u00e1rea. A fun\u00e7\u00e3o de Escriv\u00e3o tem uma remunera\u00e7\u00e3o inicial de&nbsp;<strong>R$ 8.698,78<\/strong>&nbsp;(Terceira Classe), com evolu\u00e7\u00f5es remunerat\u00f3rias&nbsp;de&nbsp;<strong>at\u00e9 R$&nbsp;13.751,51<\/strong>&nbsp;na \u00faltima classe (Classe Especial).<br \/><br \/>Agora que voc\u00ea j\u00e1 sabe um pouco mais sobre a carreira  na PCDF, \u00e9 hora de focar ainda mais nos estudos, estar antenado em todas as nossas transmiss\u00f5es e alcan\u00e7ar o seu objetivo de entrar para a corpora\u00e7\u00e3o.<\/p>\n\n\n\n<p class=\"has-background has-text-align-center has-medium-font-size has-very-light-gray-background-color\"><strong><a rel=\"noreferrer noopener\" href=\"https:\/\/drive.google.com\/file\/d\/0BwI9y3sTyv27NHdCT29VaE56Qmk5Wi1vTV9nc1hfZEd6TzBZ\/view\" target=\"_blank\">EDITAL ESTRAT\u00c9GICO PCDF<\/a><\/strong><\/p>\n\n\n\n<p><strong>IMPORTANTE:<\/strong>&nbsp;Ao clicar no link acima, vai ser aberta uma janela do Google Drive que tentar\u00e1 carregar a visualiza\u00e7\u00e3o da planilha no seu navegador. N\u00e3o h\u00e1 necessidade de esperar essa visualiza\u00e7\u00e3o (talvez at\u00e9 nem carregue, j\u00e1 que os arquivos s\u00e3o pesados).<\/p>\n\n\n\n<p>Fa\u00e7a o download clicando na seta para baixo no canto superior direito da janela do Google Drive que vai ser aberta ao clicar nos links acima.<\/p>\n\n\n\n<p>Todos os arquivos foram testados em diferentes computadores e celulares e est\u00e3o ok. Talvez alguma incompatibilidade (ou mensagem de erro, como \u201carquivo inv\u00e1lido\u201d) ocorra em virtude do seu pr\u00f3prio computador ou do tamanho dos arquivos que possuem mais conte\u00fado.<\/p>\n\n\n\n<h3 class=\"has-text-align-center wp-block-heading\">Ebook PCDF: An\u00e1lise Estat\u00edstica<\/h3>\n\n\n\n<p>O Prof. T\u00falio Lages, coordenador dos cursos do \u201cPasso Estrat\u00e9gico\u201d elaborou uma an\u00e1lise estat\u00edstica dos temas mais cobrados em prova pelo Cebraspe e que, portanto, t\u00eam mais chance de serem cobrados na prova da PCDF. Baixe gratuitamente no link abaixo:&nbsp;<\/p>\n\n\n\n<p class=\"has-background has-text-align-center has-medium-font-size has-very-light-gray-background-color\"><a href=\"https:\/\/www.estrategiaconcursos.com.br\/blog\/pc-df-ebook-gratuito-com-estatisticas-de-cobranca-dos-assuntos\/\"><strong>Ebook PCDF<\/strong><\/a><\/p>\n\n\n\n<h3 class=\"has-text-align-center wp-block-heading\">Vade Mecum PCDF<\/h3>\n\n\n\n<p>A equipe do Estrat\u00e9gia Concursos elaborou um Vade Mecum para a PCDF, com toda a Legisla\u00e7\u00e3o prevista nos editais. Baixe gratuitamente nos links abaixo:&nbsp;<\/p>\n\n\n\n<p class=\"has-background has-text-align-center has-medium-font-size has-very-light-gray-background-color\"><a rel=\"noreferrer noopener\" href=\"https:\/\/dhg1h5j42swfq.cloudfront.net\/2019\/12\/20113525\/VM-escriv%C3%A3o-PC-DF_atualizado.pdf\" target=\"_blank\"><strong>VADE MECUM PCDF \u2013<\/strong>&nbsp;<strong>ESCRIV\u00c3O<\/strong><br \/><\/a>(P\u00d3S-EDITAL)<\/p>\n\n\n\n<h2 class=\"has-text-align-center wp-block-heading\" id=\"assinatura-e-cursos\">Assinatura ilimitada e cursos para o Concurso PCDF<\/h2>\n\n\n\n<p class=\"has-text-align-center\"><em>Gostou desta oportunidade e deseja come\u00e7ar se preparar agora mesmo? Ent\u00e3o, confira os nossos cursos e comece a estudar para o concurso PCDF:<\/em><\/p>\n\n\n\n<p class=\"has-background has-text-align-center has-medium-font-size has-luminous-vivid-amber-background-color\"><a rel=\"noreferrer noopener\" href=\"https:\/\/www.estrategiaconcursos.com.br\/cursosPorConcurso\/policia-civil-do-distrito-federal-pc-df\/\" target=\"_blank\"><strong>CURSOS PCDF<\/strong><\/a><\/p>\n\n\n\n<p><em><strong>Assinatura Anual Ilimitada*<\/strong><\/em><\/p>\n\n\n\n<p><em>Prepare-se com o melhor material e com quem mais aprova em Concursos P\u00fablicos em todo o pa\u00eds. Assine agora a nossa Assinatura Anual e tenha acesso ilimitado* a todos os nossos cursos.<\/em><\/p>\n\n\n\n<p class=\"has-background has-text-align-center has-medium-font-size has-light-green-cyan-background-color\"><strong>ASSINE AGORA<\/strong>&nbsp;\u2013&nbsp;<a rel=\"noreferrer noopener\" href=\"https:\/\/www.estrategiaconcursos.com.br\/assinaturas\/\" target=\"_blank\"><strong>Assinatura Ilimitada<\/strong><\/a><\/p>\n\n\n\n<p class=\"has-background has-text-align-center has-medium-font-size has-pale-cyan-blue-background-color\"><strong><a href=\"https:\/\/www.estrategiaconcursos.com.br\/blog\/concursos-abertos\/\">CONCURSOS ABERTOS<\/a><\/strong><\/p>\n\n\n\n<p class=\"has-background has-text-align-center has-medium-font-size has-pale-cyan-blue-background-color\"><a href=\"https:\/\/www.estrategiaconcursos.com.br\/blog\/concursos-2020\/\"><strong>CONCURSOS<\/strong><\/a><strong><a href=\"https:\/\/www.estrategiaconcursos.com.br\/blog\/concursos-2020\/\">&nbsp;2020<\/a><\/strong><\/p>\n\n\n\n<p class=\"has-background has-text-align-center has-medium-font-size has-pale-cyan-blue-background-color\"><strong><a rel=\"noreferrer noopener\" href=\"https:\/\/www.estrategiaconcursos.com.br\/blog\/concursos-de-policia\/\" target=\"_blank\">CONCURSOS POLICIAIS<\/a><\/strong><\/p>\n\n\n\n<p>    <br \/><br \/>    <\/p>\n","protected":false},"excerpt":{"rendered":"<p>O concurso da PCDF, um dos mais aguardados e concorridos certames, j\u00e1 est\u00e1 em andamento. O primeiro edital foi publicado no dia 05 de dezembro e oferta 300 vagas para o cargo de Escriv\u00e3o. Falando especificamente sobre o cargo de Escriv\u00e3o, voc\u00ea sabe exatamente quais s\u00e3o as atribui\u00e7\u00f5es desta importante fun\u00e7\u00e3o na institui\u00e7\u00e3o? O Escriv\u00e3o [&hellip;]<\/p>\n","protected":false},"author":552,"featured_media":0,"comment_status":"open","ping_status":"closed","sticky":false,"template":"","format":"standard","meta":{"post_tipo":"article","footnotes":""},"categories":[1],"tags":[],"tax_estado":[],"class_list":["post-463179","post","type-post","status-publish","format-standard","hentry","category-cursos-e-concursos"],"acf":[],"yoast_head":"<!-- This site is optimized with the Yoast SEO Premium plugin v27.2 (Yoast SEO v27.2) - https:\/\/yoast.com\/product\/yoast-seo-premium-wordpress\/ -->\n<title>Saiba quais s\u00e3o as atribui\u00e7\u00f5es do cargo de Escriv\u00e3o para a PCDF<\/title>\n<meta name=\"robots\" content=\"index, follow, max-snippet:-1, max-image-preview:large, max-video-preview:-1\" \/>\n<link rel=\"canonical\" href=\"https:\/\/www.estrategiaconcursos.com.br\/blog\/saiba-quais-sao-as-atribuicoes-do-cargo-de-escrivao-para-a-pcdf\/\" \/>\n<meta property=\"og:locale\" content=\"pt_BR\" \/>\n<meta property=\"og:type\" content=\"article\" \/>\n<meta property=\"og:title\" content=\"Saiba quais s\u00e3o as atribui\u00e7\u00f5es do cargo de Escriv\u00e3o para a PCDF\" \/>\n<meta property=\"og:description\" content=\"O concurso da PCDF, um dos mais aguardados e concorridos certames, j\u00e1 est\u00e1 em andamento. O primeiro edital foi publicado no dia 05 de dezembro e oferta 300 vagas para o cargo de Escriv\u00e3o. Falando especificamente sobre o cargo de Escriv\u00e3o, voc\u00ea sabe exatamente quais s\u00e3o as atribui\u00e7\u00f5es desta importante fun\u00e7\u00e3o na institui\u00e7\u00e3o? O Escriv\u00e3o [&hellip;]\" \/>\n<meta property=\"og:url\" content=\"https:\/\/www.estrategiaconcursos.com.br\/blog\/saiba-quais-sao-as-atribuicoes-do-cargo-de-escrivao-para-a-pcdf\/\" \/>\n<meta property=\"og:site_name\" content=\"Estrat\u00e9gia Concursos\" \/>\n<meta property=\"article:published_time\" content=\"2019-12-20T18:37:00+00:00\" \/>\n<meta name=\"author\" content=\"Paulo Bilynskyj\" \/>\n<meta name=\"twitter:card\" content=\"summary_large_image\" \/>\n<meta name=\"twitter:creator\" content=\"@EstratConcursos\" \/>\n<meta name=\"twitter:site\" content=\"@EstratConcursos\" \/>\n<meta name=\"twitter:label1\" content=\"Escrito por\" \/>\n\t<meta name=\"twitter:data1\" content=\"Paulo Bilynskyj\" \/>\n\t<meta name=\"twitter:label2\" content=\"Est. tempo de leitura\" \/>\n\t<meta name=\"twitter:data2\" content=\"3 minutos\" \/>\n<script type=\"application\/ld+json\" class=\"yoast-schema-graph\">{\"@context\":\"https:\/\/schema.org\",\"@graph\":[{\"@type\":\"NewsArticle\",\"@id\":\"https:\/\/www.estrategiaconcursos.com.br\/blog\/saiba-quais-sao-as-atribuicoes-do-cargo-de-escrivao-para-a-pcdf\/#article\",\"isPartOf\":{\"@id\":\"https:\/\/www.estrategiaconcursos.com.br\/blog\/saiba-quais-sao-as-atribuicoes-do-cargo-de-escrivao-para-a-pcdf\/\"},\"author\":{\"name\":\"Paulo Bilynskyj\",\"@id\":\"https:\/\/www.estrategiaconcursos.com.br\/blog\/#\/schema\/person\/a630b15e36f45b4c21fed01219843cb5\"},\"headline\":\"Saiba quais s\u00e3o as atribui\u00e7\u00f5es do cargo de Escriv\u00e3o para a PCDF\",\"datePublished\":\"2019-12-20T18:37:00+00:00\",\"mainEntityOfPage\":{\"@id\":\"https:\/\/www.estrategiaconcursos.com.br\/blog\/saiba-quais-sao-as-atribuicoes-do-cargo-de-escrivao-para-a-pcdf\/\"},\"wordCount\":551,\"commentCount\":0,\"publisher\":{\"@id\":\"https:\/\/www.estrategiaconcursos.com.br\/blog\/#organization\"},\"articleSection\":[\"Concursos P\u00fablicos\"],\"inLanguage\":\"pt-BR\",\"potentialAction\":[{\"@type\":\"CommentAction\",\"name\":\"Comment\",\"target\":[\"https:\/\/www.estrategiaconcursos.com.br\/blog\/saiba-quais-sao-as-atribuicoes-do-cargo-de-escrivao-para-a-pcdf\/#respond\"]}],\"copyrightYear\":\"2019\",\"copyrightHolder\":{\"@id\":\"https:\/\/www.estrategiaconcursos.com.br\/blog\/#organization\"}},{\"@type\":\"WebPage\",\"@id\":\"https:\/\/www.estrategiaconcursos.com.br\/blog\/saiba-quais-sao-as-atribuicoes-do-cargo-de-escrivao-para-a-pcdf\/\",\"url\":\"https:\/\/www.estrategiaconcursos.com.br\/blog\/saiba-quais-sao-as-atribuicoes-do-cargo-de-escrivao-para-a-pcdf\/\",\"name\":\"Saiba quais s\u00e3o as atribui\u00e7\u00f5es do cargo de Escriv\u00e3o para a PCDF\",\"isPartOf\":{\"@id\":\"https:\/\/www.estrategiaconcursos.com.br\/blog\/#website\"},\"datePublished\":\"2019-12-20T18:37:00+00:00\",\"breadcrumb\":{\"@id\":\"https:\/\/www.estrategiaconcursos.com.br\/blog\/saiba-quais-sao-as-atribuicoes-do-cargo-de-escrivao-para-a-pcdf\/#breadcrumb\"},\"inLanguage\":\"pt-BR\",\"potentialAction\":[{\"@type\":\"ReadAction\",\"target\":[\"https:\/\/www.estrategiaconcursos.com.br\/blog\/saiba-quais-sao-as-atribuicoes-do-cargo-de-escrivao-para-a-pcdf\/\"]}]},{\"@type\":\"BreadcrumbList\",\"@id\":\"https:\/\/www.estrategiaconcursos.com.br\/blog\/saiba-quais-sao-as-atribuicoes-do-cargo-de-escrivao-para-a-pcdf\/#breadcrumb\",\"itemListElement\":[{\"@type\":\"ListItem\",\"position\":1,\"name\":\"In\u00edcio\",\"item\":\"https:\/\/www.estrategiaconcursos.com.br\/blog\/\"},{\"@type\":\"ListItem\",\"position\":2,\"name\":\"Saiba quais s\u00e3o as atribui\u00e7\u00f5es do cargo de Escriv\u00e3o para a PCDF\"}]},{\"@type\":\"WebSite\",\"@id\":\"https:\/\/www.estrategiaconcursos.com.br\/blog\/#website\",\"url\":\"https:\/\/www.estrategiaconcursos.com.br\/blog\/\",\"name\":\"Estrat\u00e9gia Concursos\",\"description\":\"O blog da Estrat\u00e9gia Concursos traz not\u00edcias sobre concursos e artigos de professores oferecendo cursos para concursos (pdf + videaulas) no site.\",\"publisher\":{\"@id\":\"https:\/\/www.estrategiaconcursos.com.br\/blog\/#organization\"},\"potentialAction\":[{\"@type\":\"SearchAction\",\"target\":{\"@type\":\"EntryPoint\",\"urlTemplate\":\"https:\/\/www.estrategiaconcursos.com.br\/blog\/?s={search_term_string}\"},\"query-input\":{\"@type\":\"PropertyValueSpecification\",\"valueRequired\":true,\"valueName\":\"search_term_string\"}}],\"inLanguage\":\"pt-BR\"},{\"@type\":\"Organization\",\"@id\":\"https:\/\/www.estrategiaconcursos.com.br\/blog\/#organization\",\"name\":\"Estrat\u00e9gia Concursos\",\"url\":\"https:\/\/www.estrategiaconcursos.com.br\/blog\/\",\"logo\":{\"@type\":\"ImageObject\",\"inLanguage\":\"pt-BR\",\"@id\":\"https:\/\/www.estrategiaconcursos.com.br\/blog\/#\/schema\/logo\/image\/\",\"url\":\"https:\/\/dhg1h5j42swfq.cloudfront.net\/2025\/06\/03203428\/logo_concursos-1.jpg\",\"contentUrl\":\"https:\/\/dhg1h5j42swfq.cloudfront.net\/2025\/06\/03203428\/logo_concursos-1.jpg\",\"width\":230,\"height\":60,\"caption\":\"Estrat\u00e9gia Concursos\"},\"image\":{\"@id\":\"https:\/\/www.estrategiaconcursos.com.br\/blog\/#\/schema\/logo\/image\/\"},\"sameAs\":[\"https:\/\/x.com\/EstratConcursos\"]},{\"@type\":\"Person\",\"@id\":\"https:\/\/www.estrategiaconcursos.com.br\/blog\/#\/schema\/person\/a630b15e36f45b4c21fed01219843cb5\",\"name\":\"Paulo Bilynskyj\",\"image\":{\"@type\":\"ImageObject\",\"inLanguage\":\"pt-BR\",\"@id\":\"https:\/\/secure.gravatar.com\/avatar\/37e21f70c9042e7456beffdc6d31fe051f3f6dcbf252f69343a791b144852057?s=96&d=mm&r=g\",\"url\":\"https:\/\/secure.gravatar.com\/avatar\/37e21f70c9042e7456beffdc6d31fe051f3f6dcbf252f69343a791b144852057?s=96&d=mm&r=g\",\"contentUrl\":\"https:\/\/secure.gravatar.com\/avatar\/37e21f70c9042e7456beffdc6d31fe051f3f6dcbf252f69343a791b144852057?s=96&d=mm&r=g\",\"caption\":\"Paulo Bilynskyj\"},\"url\":\"https:\/\/www.estrategiaconcursos.com.br\/blog\/author\/pbilynskyjgmail-com\/\"}]}<\/script>\n<!-- \/ Yoast SEO Premium plugin. -->","yoast_head_json":{"title":"Saiba quais s\u00e3o as atribui\u00e7\u00f5es do cargo de Escriv\u00e3o para a PCDF","robots":{"index":"index","follow":"follow","max-snippet":"max-snippet:-1","max-image-preview":"max-image-preview:large","max-video-preview":"max-video-preview:-1"},"canonical":"https:\/\/www.estrategiaconcursos.com.br\/blog\/saiba-quais-sao-as-atribuicoes-do-cargo-de-escrivao-para-a-pcdf\/","og_locale":"pt_BR","og_type":"article","og_title":"Saiba quais s\u00e3o as atribui\u00e7\u00f5es do cargo de Escriv\u00e3o para a PCDF","og_description":"O concurso da PCDF, um dos mais aguardados e concorridos certames, j\u00e1 est\u00e1 em andamento. O primeiro edital foi publicado no dia 05 de dezembro e oferta 300 vagas para o cargo de Escriv\u00e3o. Falando especificamente sobre o cargo de Escriv\u00e3o, voc\u00ea sabe exatamente quais s\u00e3o as atribui\u00e7\u00f5es desta importante fun\u00e7\u00e3o na institui\u00e7\u00e3o? O Escriv\u00e3o [&hellip;]","og_url":"https:\/\/www.estrategiaconcursos.com.br\/blog\/saiba-quais-sao-as-atribuicoes-do-cargo-de-escrivao-para-a-pcdf\/","og_site_name":"Estrat\u00e9gia Concursos","article_published_time":"2019-12-20T18:37:00+00:00","author":"Paulo Bilynskyj","twitter_card":"summary_large_image","twitter_creator":"@EstratConcursos","twitter_site":"@EstratConcursos","twitter_misc":{"Escrito por":"Paulo Bilynskyj","Est. tempo de leitura":"3 minutos"},"schema":{"@context":"https:\/\/schema.org","@graph":[{"@type":"NewsArticle","@id":"https:\/\/www.estrategiaconcursos.com.br\/blog\/saiba-quais-sao-as-atribuicoes-do-cargo-de-escrivao-para-a-pcdf\/#article","isPartOf":{"@id":"https:\/\/www.estrategiaconcursos.com.br\/blog\/saiba-quais-sao-as-atribuicoes-do-cargo-de-escrivao-para-a-pcdf\/"},"author":{"name":"Paulo Bilynskyj","@id":"https:\/\/www.estrategiaconcursos.com.br\/blog\/#\/schema\/person\/a630b15e36f45b4c21fed01219843cb5"},"headline":"Saiba quais s\u00e3o as atribui\u00e7\u00f5es do cargo de Escriv\u00e3o para a PCDF","datePublished":"2019-12-20T18:37:00+00:00","mainEntityOfPage":{"@id":"https:\/\/www.estrategiaconcursos.com.br\/blog\/saiba-quais-sao-as-atribuicoes-do-cargo-de-escrivao-para-a-pcdf\/"},"wordCount":551,"commentCount":0,"publisher":{"@id":"https:\/\/www.estrategiaconcursos.com.br\/blog\/#organization"},"articleSection":["Concursos P\u00fablicos"],"inLanguage":"pt-BR","potentialAction":[{"@type":"CommentAction","name":"Comment","target":["https:\/\/www.estrategiaconcursos.com.br\/blog\/saiba-quais-sao-as-atribuicoes-do-cargo-de-escrivao-para-a-pcdf\/#respond"]}],"copyrightYear":"2019","copyrightHolder":{"@id":"https:\/\/www.estrategiaconcursos.com.br\/blog\/#organization"}},{"@type":"WebPage","@id":"https:\/\/www.estrategiaconcursos.com.br\/blog\/saiba-quais-sao-as-atribuicoes-do-cargo-de-escrivao-para-a-pcdf\/","url":"https:\/\/www.estrategiaconcursos.com.br\/blog\/saiba-quais-sao-as-atribuicoes-do-cargo-de-escrivao-para-a-pcdf\/","name":"Saiba quais s\u00e3o as atribui\u00e7\u00f5es do cargo de Escriv\u00e3o para a PCDF","isPartOf":{"@id":"https:\/\/www.estrategiaconcursos.com.br\/blog\/#website"},"datePublished":"2019-12-20T18:37:00+00:00","breadcrumb":{"@id":"https:\/\/www.estrategiaconcursos.com.br\/blog\/saiba-quais-sao-as-atribuicoes-do-cargo-de-escrivao-para-a-pcdf\/#breadcrumb"},"inLanguage":"pt-BR","potentialAction":[{"@type":"ReadAction","target":["https:\/\/www.estrategiaconcursos.com.br\/blog\/saiba-quais-sao-as-atribuicoes-do-cargo-de-escrivao-para-a-pcdf\/"]}]},{"@type":"BreadcrumbList","@id":"https:\/\/www.estrategiaconcursos.com.br\/blog\/saiba-quais-sao-as-atribuicoes-do-cargo-de-escrivao-para-a-pcdf\/#breadcrumb","itemListElement":[{"@type":"ListItem","position":1,"name":"In\u00edcio","item":"https:\/\/www.estrategiaconcursos.com.br\/blog\/"},{"@type":"ListItem","position":2,"name":"Saiba quais s\u00e3o as atribui\u00e7\u00f5es do cargo de Escriv\u00e3o para a PCDF"}]},{"@type":"WebSite","@id":"https:\/\/www.estrategiaconcursos.com.br\/blog\/#website","url":"https:\/\/www.estrategiaconcursos.com.br\/blog\/","name":"Estrat\u00e9gia Concursos","description":"O blog da Estrat\u00e9gia Concursos traz not\u00edcias sobre concursos e artigos de professores oferecendo cursos para concursos (pdf + videaulas) no site.","publisher":{"@id":"https:\/\/www.estrategiaconcursos.com.br\/blog\/#organization"},"potentialAction":[{"@type":"SearchAction","target":{"@type":"EntryPoint","urlTemplate":"https:\/\/www.estrategiaconcursos.com.br\/blog\/?s={search_term_string}"},"query-input":{"@type":"PropertyValueSpecification","valueRequired":true,"valueName":"search_term_string"}}],"inLanguage":"pt-BR"},{"@type":"Organization","@id":"https:\/\/www.estrategiaconcursos.com.br\/blog\/#organization","name":"Estrat\u00e9gia Concursos","url":"https:\/\/www.estrategiaconcursos.com.br\/blog\/","logo":{"@type":"ImageObject","inLanguage":"pt-BR","@id":"https:\/\/www.estrategiaconcursos.com.br\/blog\/#\/schema\/logo\/image\/","url":"https:\/\/dhg1h5j42swfq.cloudfront.net\/2025\/06\/03203428\/logo_concursos-1.jpg","contentUrl":"https:\/\/dhg1h5j42swfq.cloudfront.net\/2025\/06\/03203428\/logo_concursos-1.jpg","width":230,"height":60,"caption":"Estrat\u00e9gia Concursos"},"image":{"@id":"https:\/\/www.estrategiaconcursos.com.br\/blog\/#\/schema\/logo\/image\/"},"sameAs":["https:\/\/x.com\/EstratConcursos"]},{"@type":"Person","@id":"https:\/\/www.estrategiaconcursos.com.br\/blog\/#\/schema\/person\/a630b15e36f45b4c21fed01219843cb5","name":"Paulo Bilynskyj","image":{"@type":"ImageObject","inLanguage":"pt-BR","@id":"https:\/\/secure.gravatar.com\/avatar\/37e21f70c9042e7456beffdc6d31fe051f3f6dcbf252f69343a791b144852057?s=96&d=mm&r=g","url":"https:\/\/secure.gravatar.com\/avatar\/37e21f70c9042e7456beffdc6d31fe051f3f6dcbf252f69343a791b144852057?s=96&d=mm&r=g","contentUrl":"https:\/\/secure.gravatar.com\/avatar\/37e21f70c9042e7456beffdc6d31fe051f3f6dcbf252f69343a791b144852057?s=96&d=mm&r=g","caption":"Paulo Bilynskyj"},"url":"https:\/\/www.estrategiaconcursos.com.br\/blog\/author\/pbilynskyjgmail-com\/"}]}},"_links":{"self":[{"href":"https:\/\/www.estrategiaconcursos.com.br\/blog\/wp-json\/wp\/v2\/posts\/463179","targetHints":{"allow":["GET"]}}],"collection":[{"href":"https:\/\/www.estrategiaconcursos.com.br\/blog\/wp-json\/wp\/v2\/posts"}],"about":[{"href":"https:\/\/www.estrategiaconcursos.com.br\/blog\/wp-json\/wp\/v2\/types\/post"}],"author":[{"embeddable":true,"href":"https:\/\/www.estrategiaconcursos.com.br\/blog\/wp-json\/wp\/v2\/users\/552"}],"replies":[{"embeddable":true,"href":"https:\/\/www.estrategiaconcursos.com.br\/blog\/wp-json\/wp\/v2\/comments?post=463179"}],"version-history":[{"count":3,"href":"https:\/\/www.estrategiaconcursos.com.br\/blog\/wp-json\/wp\/v2\/posts\/463179\/revisions"}],"predecessor-version":[{"id":463193,"href":"https:\/\/www.estrategiaconcursos.com.br\/blog\/wp-json\/wp\/v2\/posts\/463179\/revisions\/463193"}],"wp:attachment":[{"href":"https:\/\/www.estrategiaconcursos.com.br\/blog\/wp-json\/wp\/v2\/media?parent=463179"}],"wp:term":[{"taxonomy":"category","embeddable":true,"href":"https:\/\/www.estrategiaconcursos.com.br\/blog\/wp-json\/wp\/v2\/categories?post=463179"},{"taxonomy":"post_tag","embeddable":true,"href":"https:\/\/www.estrategiaconcursos.com.br\/blog\/wp-json\/wp\/v2\/tags?post=463179"},{"taxonomy":"tax_estado","embeddable":true,"href":"https:\/\/www.estrategiaconcursos.com.br\/blog\/wp-json\/wp\/v2\/tax_estado?post=463179"}],"curies":[{"name":"wp","href":"https:\/\/api.w.org\/{rel}","templated":true}]}}