{"id":463074,"date":"2019-12-20T12:54:48","date_gmt":"2019-12-20T15:54:48","guid":{"rendered":"https:\/\/www.estrategiaconcursos.com.br\/blog\/?p=463074"},"modified":"2021-03-08T13:52:12","modified_gmt":"2021-03-08T16:52:12","slug":"concurso-tj-al-cartorios-prova-objetiva-e-anulada-candidatos-serao-ressarcidos","status":"publish","type":"post","link":"https:\/\/www.estrategiaconcursos.com.br\/blog\/concurso-tj-al-cartorios-prova-objetiva-e-anulada-candidatos-serao-ressarcidos\/","title":{"rendered":"Concurso TJ AL Cart\u00f3rios: prova objetiva \u00e9 ANULADA! Candidatos ser\u00e3o ressarcidos"},"content":{"rendered":"\n<p>Por meio de <a href=\"https:\/\/dhg1h5j42swfq.cloudfront.net\/2019\/12\/20125152\/Anula%C3%A7%C3%A3o_-_Prova_TJ-AL_Cart%C3%B3rios.pdf\" target=\"_blank\" rel=\"noreferrer noopener\" aria-label=\"decis\u00e3o publicada no Di\u00e1rio Oficial (abre numa nova aba)\">decis\u00e3o publicada no Di\u00e1rio Oficial<\/a> nesta sexta-feira, <strong>20 de dezembro<\/strong>, o Presidente da Comiss\u00e3o de Concurso para a Outorga de Delega\u00e7\u00f5es de Notas e Registro do Estado de Alagoas divulgou comunicado  a respeito da <strong><em>anula\u00e7\u00e3o<\/em><\/strong> da prova objetiva aplicada no dia <strong>08 de dezembro<\/strong> para provimento de serventias. <\/p>\n\n\n\n<p>Isso porque, por um erro de impress\u00e3o das provas cometido pela banca VUNESP, as provas aplicadas no dia 08 foram as mesmas que haviam sido aplicadas no dia 07 de dezembro, estas para remo\u00e7\u00e3o nas serventias. <\/p>\n\n\n\n<p>A banca apresentou relat\u00f3rio circunstanciado apontando as causas do erro ocorrido, cujos esclarecimentos foram tidos como satisfat\u00f3rios pela Comiss\u00e3o de Concurso.<\/p>\n\n\n\n<p>Al\u00e9m disso, a VUNESP informou que <strong>assumir\u00e1 TODOS os danos causados<\/strong>, inclusive, <em><strong>ressarcindo os candidatos com as despesas que tenham tido para que pudessem comparecer \u00e0 prova<\/strong><\/em>, especialmente com <strong>deslocamentos e hospedagem<\/strong>. <\/p>\n\n\n\n<figure class=\"wp-block-image size-large\"><img loading=\"lazy\" decoding=\"async\" width=\"698\" height=\"685\" src=\"https:\/\/dhg1h5j42swfq.cloudfront.net\/2019\/12\/20124656\/tj-al-1.jpg\" alt=\"\" class=\"wp-image-463093\" srcset=\"https:\/\/dhg1h5j42swfq.cloudfront.net\/2019\/12\/20124656\/tj-al-1.jpg 698w, https:\/\/dhg1h5j42swfq.cloudfront.net\/2019\/12\/20124656\/tj-al-1-300x294.jpg 300w, https:\/\/dhg1h5j42swfq.cloudfront.net\/2019\/12\/20124656\/tj-al-1-610x599.jpg 610w\" sizes=\"auto, (max-width: 698px) 100vw, 698px\" \/><\/figure>\n\n\n\n<p>Al\u00e9m dessas informa\u00e7\u00f5es, o comunicado noticia que um novo edital dever\u00e1 ser publicado trazendo novas datas para aplica\u00e7\u00e3o da Prova Objetiva para provimento de serventias. As provas aplicadas no dia 07 de dezembro, por\u00e9m, para remo\u00e7\u00e3o interna, continua v\u00e1lida.<\/p>\n\n\n\n<p style=\"font-size:25px\" class=\"has-background has-text-align-center has-luminous-vivid-amber-background-color\"><a href=\"https:\/\/www.estrategiaconcursos.com.br\/cursosPorConcurso\/promocao-pacote-de-cursos-regulares-para-cartorios\/\" target=\"_blank\" rel=\"noreferrer noopener\" aria-label=\"CURSO PARA CONCURSO DE CART\u00d3RIO (abre numa nova aba)\">CURSO PARA CONCURSO DE CART\u00d3RIO<\/a><\/p>\n\n\n\n<p class=\"has-text-align-center\"><em><strong>Fique por dentro de todos os concursos<\/strong><\/em>:<\/p>\n\n\n\n<p style=\"font-size:23px\" class=\"has-background has-text-align-center has-pale-cyan-blue-background-color\"><strong><a rel=\"noreferrer noopener\" href=\"https:\/\/www.estrategiaconcursos.com.br\/blog\/concursos-abertos\/\" target=\"_blank\">Concursos Abertos<\/a><\/strong><\/p>\n\n\n\n<p style=\"font-size:23px\" class=\"has-background has-text-align-center has-pale-cyan-blue-background-color\"><a rel=\"noreferrer noopener\" href=\"https:\/\/www.estrategiaconcursos.com.br\/blog\/concursos-2020\/\" target=\"_blank\"><strong>Concursos 2020<\/strong><\/a><\/p>\n\n\n\n<p style=\"font-size:23px\" class=\"has-background has-text-align-center has-pale-cyan-blue-background-color\"><strong><a rel=\"noreferrer noopener\" href=\"https:\/\/www.estrategiaconcursos.com.br\/blog\/concursos-de-direito\/\" target=\"_blank\">Concursos de Direito<\/a><\/strong><\/p>\n\n\n\n<p> <\/p>\n","protected":false},"excerpt":{"rendered":"<p>Por meio de decis\u00e3o publicada no Di\u00e1rio Oficial nesta sexta-feira, 20 de dezembro, o Presidente da Comiss\u00e3o de Concurso para a Outorga de Delega\u00e7\u00f5es de Notas e Registro do Estado de Alagoas divulgou comunicado a respeito da anula\u00e7\u00e3o da prova objetiva aplicada no dia 08 de dezembro para provimento de serventias. Isso porque, por um [&hellip;]<\/p>\n","protected":false},"author":180,"featured_media":367290,"comment_status":"open","ping_status":"closed","sticky":false,"template":"","format":"standard","meta":{"post_tipo":"article","footnotes":""},"categories":[1],"tags":[],"tax_estado":[],"class_list":["post-463074","post","type-post","status-publish","format-standard","has-post-thumbnail","hentry","category-cursos-e-concursos"],"acf":[],"yoast_head":"<!-- This site is optimized with the Yoast SEO Premium plugin v27.2 (Yoast SEO v27.2) - https:\/\/yoast.com\/product\/yoast-seo-premium-wordpress\/ -->\n<title>Concurso TJ AL Cart\u00f3rios: prova objetiva \u00e9 ANULADA! Candidatos ser\u00e3o ressarcidos<\/title>\n<meta name=\"robots\" content=\"index, follow, max-snippet:-1, max-image-preview:large, max-video-preview:-1\" \/>\n<link rel=\"canonical\" href=\"https:\/\/www.estrategiaconcursos.com.br\/blog\/concurso-tj-al-cartorios-prova-objetiva-e-anulada-candidatos-serao-ressarcidos\/\" \/>\n<meta property=\"og:locale\" content=\"pt_BR\" \/>\n<meta property=\"og:type\" content=\"article\" \/>\n<meta property=\"og:title\" content=\"Concurso TJ AL Cart\u00f3rios: prova objetiva \u00e9 ANULADA! Candidatos ser\u00e3o ressarcidos\" \/>\n<meta property=\"og:description\" content=\"Por meio de decis\u00e3o publicada no Di\u00e1rio Oficial nesta sexta-feira, 20 de dezembro, o Presidente da Comiss\u00e3o de Concurso para a Outorga de Delega\u00e7\u00f5es de Notas e Registro do Estado de Alagoas divulgou comunicado a respeito da anula\u00e7\u00e3o da prova objetiva aplicada no dia 08 de dezembro para provimento de serventias. Isso porque, por um [&hellip;]\" \/>\n<meta property=\"og:url\" content=\"https:\/\/www.estrategiaconcursos.com.br\/blog\/concurso-tj-al-cartorios-prova-objetiva-e-anulada-candidatos-serao-ressarcidos\/\" \/>\n<meta property=\"og:site_name\" content=\"Estrat\u00e9gia Concursos\" \/>\n<meta property=\"article:author\" content=\"https:\/\/www.facebook.com\/ricardo.s.torques\" \/>\n<meta property=\"article:published_time\" content=\"2019-12-20T15:54:48+00:00\" \/>\n<meta property=\"article:modified_time\" content=\"2021-03-08T16:52:12+00:00\" \/>\n<meta property=\"og:image\" content=\"https:\/\/dhg1h5j42swfq.cloudfront.net\/2019\/04\/30110817\/CONCURSO-TJ-AL-JUIZ.jpg\" \/>\n\t<meta property=\"og:image:width\" content=\"957\" \/>\n\t<meta property=\"og:image:height\" content=\"502\" \/>\n\t<meta property=\"og:image:type\" content=\"image\/jpeg\" \/>\n<meta name=\"author\" content=\"Ricardo Torques\" \/>\n<meta name=\"twitter:card\" content=\"summary_large_image\" \/>\n<meta name=\"twitter:creator\" content=\"@EstratConcursos\" \/>\n<meta name=\"twitter:site\" content=\"@EstratConcursos\" \/>\n<meta name=\"twitter:label1\" content=\"Escrito por\" \/>\n\t<meta name=\"twitter:data1\" content=\"Ricardo Torques\" \/>\n\t<meta name=\"twitter:label2\" content=\"Est. tempo de leitura\" \/>\n\t<meta name=\"twitter:data2\" content=\"1 minuto\" \/>\n<script type=\"application\/ld+json\" class=\"yoast-schema-graph\">{\"@context\":\"https:\/\/schema.org\",\"@graph\":[{\"@type\":\"NewsArticle\",\"@id\":\"https:\/\/www.estrategiaconcursos.com.br\/blog\/concurso-tj-al-cartorios-prova-objetiva-e-anulada-candidatos-serao-ressarcidos\/#article\",\"isPartOf\":{\"@id\":\"https:\/\/www.estrategiaconcursos.com.br\/blog\/concurso-tj-al-cartorios-prova-objetiva-e-anulada-candidatos-serao-ressarcidos\/\"},\"author\":{\"name\":\"Ricardo Torques\",\"@id\":\"https:\/\/www.estrategiaconcursos.com.br\/blog\/#\/schema\/person\/aa39cf5ddb518e5bdce27c35788405e2\"},\"headline\":\"Concurso TJ AL Cart\u00f3rios: prova objetiva \u00e9 ANULADA! Candidatos ser\u00e3o ressarcidos\",\"datePublished\":\"2019-12-20T15:54:48+00:00\",\"dateModified\":\"2021-03-08T16:52:12+00:00\",\"mainEntityOfPage\":{\"@id\":\"https:\/\/www.estrategiaconcursos.com.br\/blog\/concurso-tj-al-cartorios-prova-objetiva-e-anulada-candidatos-serao-ressarcidos\/\"},\"wordCount\":221,\"commentCount\":0,\"publisher\":{\"@id\":\"https:\/\/www.estrategiaconcursos.com.br\/blog\/#organization\"},\"image\":{\"@id\":\"https:\/\/www.estrategiaconcursos.com.br\/blog\/concurso-tj-al-cartorios-prova-objetiva-e-anulada-candidatos-serao-ressarcidos\/#primaryimage\"},\"thumbnailUrl\":\"https:\/\/dhg1h5j42swfq.cloudfront.net\/2019\/04\/30110817\/CONCURSO-TJ-AL-JUIZ.jpg\",\"articleSection\":[\"Concursos P\u00fablicos\"],\"inLanguage\":\"pt-BR\",\"potentialAction\":[{\"@type\":\"CommentAction\",\"name\":\"Comment\",\"target\":[\"https:\/\/www.estrategiaconcursos.com.br\/blog\/concurso-tj-al-cartorios-prova-objetiva-e-anulada-candidatos-serao-ressarcidos\/#respond\"]}],\"copyrightYear\":\"2019\",\"copyrightHolder\":{\"@id\":\"https:\/\/www.estrategiaconcursos.com.br\/blog\/#organization\"}},{\"@type\":\"WebPage\",\"@id\":\"https:\/\/www.estrategiaconcursos.com.br\/blog\/concurso-tj-al-cartorios-prova-objetiva-e-anulada-candidatos-serao-ressarcidos\/\",\"url\":\"https:\/\/www.estrategiaconcursos.com.br\/blog\/concurso-tj-al-cartorios-prova-objetiva-e-anulada-candidatos-serao-ressarcidos\/\",\"name\":\"Concurso TJ AL Cart\u00f3rios: prova objetiva \u00e9 ANULADA! Candidatos ser\u00e3o ressarcidos\",\"isPartOf\":{\"@id\":\"https:\/\/www.estrategiaconcursos.com.br\/blog\/#website\"},\"primaryImageOfPage\":{\"@id\":\"https:\/\/www.estrategiaconcursos.com.br\/blog\/concurso-tj-al-cartorios-prova-objetiva-e-anulada-candidatos-serao-ressarcidos\/#primaryimage\"},\"image\":{\"@id\":\"https:\/\/www.estrategiaconcursos.com.br\/blog\/concurso-tj-al-cartorios-prova-objetiva-e-anulada-candidatos-serao-ressarcidos\/#primaryimage\"},\"thumbnailUrl\":\"https:\/\/dhg1h5j42swfq.cloudfront.net\/2019\/04\/30110817\/CONCURSO-TJ-AL-JUIZ.jpg\",\"datePublished\":\"2019-12-20T15:54:48+00:00\",\"dateModified\":\"2021-03-08T16:52:12+00:00\",\"breadcrumb\":{\"@id\":\"https:\/\/www.estrategiaconcursos.com.br\/blog\/concurso-tj-al-cartorios-prova-objetiva-e-anulada-candidatos-serao-ressarcidos\/#breadcrumb\"},\"inLanguage\":\"pt-BR\",\"potentialAction\":[{\"@type\":\"ReadAction\",\"target\":[\"https:\/\/www.estrategiaconcursos.com.br\/blog\/concurso-tj-al-cartorios-prova-objetiva-e-anulada-candidatos-serao-ressarcidos\/\"]}]},{\"@type\":\"ImageObject\",\"inLanguage\":\"pt-BR\",\"@id\":\"https:\/\/www.estrategiaconcursos.com.br\/blog\/concurso-tj-al-cartorios-prova-objetiva-e-anulada-candidatos-serao-ressarcidos\/#primaryimage\",\"url\":\"https:\/\/dhg1h5j42swfq.cloudfront.net\/2019\/04\/30110817\/CONCURSO-TJ-AL-JUIZ.jpg\",\"contentUrl\":\"https:\/\/dhg1h5j42swfq.cloudfront.net\/2019\/04\/30110817\/CONCURSO-TJ-AL-JUIZ.jpg\",\"width\":957,\"height\":502,\"caption\":\"concurso magistratura al\"},{\"@type\":\"BreadcrumbList\",\"@id\":\"https:\/\/www.estrategiaconcursos.com.br\/blog\/concurso-tj-al-cartorios-prova-objetiva-e-anulada-candidatos-serao-ressarcidos\/#breadcrumb\",\"itemListElement\":[{\"@type\":\"ListItem\",\"position\":1,\"name\":\"In\u00edcio\",\"item\":\"https:\/\/www.estrategiaconcursos.com.br\/blog\/\"},{\"@type\":\"ListItem\",\"position\":2,\"name\":\"Concurso TJ AL Cart\u00f3rios: prova objetiva \u00e9 ANULADA! Candidatos ser\u00e3o ressarcidos\"}]},{\"@type\":\"WebSite\",\"@id\":\"https:\/\/www.estrategiaconcursos.com.br\/blog\/#website\",\"url\":\"https:\/\/www.estrategiaconcursos.com.br\/blog\/\",\"name\":\"Estrat\u00e9gia Concursos\",\"description\":\"O blog da Estrat\u00e9gia Concursos traz not\u00edcias sobre concursos e artigos de professores oferecendo cursos para concursos (pdf + videaulas) no site.\",\"publisher\":{\"@id\":\"https:\/\/www.estrategiaconcursos.com.br\/blog\/#organization\"},\"potentialAction\":[{\"@type\":\"SearchAction\",\"target\":{\"@type\":\"EntryPoint\",\"urlTemplate\":\"https:\/\/www.estrategiaconcursos.com.br\/blog\/?s={search_term_string}\"},\"query-input\":{\"@type\":\"PropertyValueSpecification\",\"valueRequired\":true,\"valueName\":\"search_term_string\"}}],\"inLanguage\":\"pt-BR\"},{\"@type\":\"Organization\",\"@id\":\"https:\/\/www.estrategiaconcursos.com.br\/blog\/#organization\",\"name\":\"Estrat\u00e9gia Concursos\",\"url\":\"https:\/\/www.estrategiaconcursos.com.br\/blog\/\",\"logo\":{\"@type\":\"ImageObject\",\"inLanguage\":\"pt-BR\",\"@id\":\"https:\/\/www.estrategiaconcursos.com.br\/blog\/#\/schema\/logo\/image\/\",\"url\":\"https:\/\/dhg1h5j42swfq.cloudfront.net\/2025\/06\/03203428\/logo_concursos-1.jpg\",\"contentUrl\":\"https:\/\/dhg1h5j42swfq.cloudfront.net\/2025\/06\/03203428\/logo_concursos-1.jpg\",\"width\":230,\"height\":60,\"caption\":\"Estrat\u00e9gia Concursos\"},\"image\":{\"@id\":\"https:\/\/www.estrategiaconcursos.com.br\/blog\/#\/schema\/logo\/image\/\"},\"sameAs\":[\"https:\/\/x.com\/EstratConcursos\"]},{\"@type\":\"Person\",\"@id\":\"https:\/\/www.estrategiaconcursos.com.br\/blog\/#\/schema\/person\/aa39cf5ddb518e5bdce27c35788405e2\",\"name\":\"Ricardo Torques\",\"image\":{\"@type\":\"ImageObject\",\"inLanguage\":\"pt-BR\",\"@id\":\"https:\/\/secure.gravatar.com\/avatar\/ce9ac6c3cff25fe86d15ed568ebc64d1724baf5c0693133bcb1f6073f712f92a?s=96&d=mm&r=g\",\"url\":\"https:\/\/secure.gravatar.com\/avatar\/ce9ac6c3cff25fe86d15ed568ebc64d1724baf5c0693133bcb1f6073f712f92a?s=96&d=mm&r=g\",\"contentUrl\":\"https:\/\/secure.gravatar.com\/avatar\/ce9ac6c3cff25fe86d15ed568ebc64d1724baf5c0693133bcb1f6073f712f92a?s=96&d=mm&r=g\",\"caption\":\"Ricardo Torques\"},\"sameAs\":[\"https:\/\/www.facebook.com\/ricardo.s.torques\"],\"url\":\"https:\/\/www.estrategiaconcursos.com.br\/blog\/author\/ricardotorquesestrategiaconcursos-com-br\/\"}]}<\/script>\n<!-- \/ Yoast SEO Premium plugin. -->","yoast_head_json":{"title":"Concurso TJ AL Cart\u00f3rios: prova objetiva \u00e9 ANULADA! Candidatos ser\u00e3o ressarcidos","robots":{"index":"index","follow":"follow","max-snippet":"max-snippet:-1","max-image-preview":"max-image-preview:large","max-video-preview":"max-video-preview:-1"},"canonical":"https:\/\/www.estrategiaconcursos.com.br\/blog\/concurso-tj-al-cartorios-prova-objetiva-e-anulada-candidatos-serao-ressarcidos\/","og_locale":"pt_BR","og_type":"article","og_title":"Concurso TJ AL Cart\u00f3rios: prova objetiva \u00e9 ANULADA! Candidatos ser\u00e3o ressarcidos","og_description":"Por meio de decis\u00e3o publicada no Di\u00e1rio Oficial nesta sexta-feira, 20 de dezembro, o Presidente da Comiss\u00e3o de Concurso para a Outorga de Delega\u00e7\u00f5es de Notas e Registro do Estado de Alagoas divulgou comunicado a respeito da anula\u00e7\u00e3o da prova objetiva aplicada no dia 08 de dezembro para provimento de serventias. Isso porque, por um [&hellip;]","og_url":"https:\/\/www.estrategiaconcursos.com.br\/blog\/concurso-tj-al-cartorios-prova-objetiva-e-anulada-candidatos-serao-ressarcidos\/","og_site_name":"Estrat\u00e9gia Concursos","article_author":"https:\/\/www.facebook.com\/ricardo.s.torques","article_published_time":"2019-12-20T15:54:48+00:00","article_modified_time":"2021-03-08T16:52:12+00:00","og_image":[{"width":957,"height":502,"url":"https:\/\/dhg1h5j42swfq.cloudfront.net\/2019\/04\/30110817\/CONCURSO-TJ-AL-JUIZ.jpg","type":"image\/jpeg"}],"author":"Ricardo Torques","twitter_card":"summary_large_image","twitter_creator":"@EstratConcursos","twitter_site":"@EstratConcursos","twitter_misc":{"Escrito por":"Ricardo Torques","Est. tempo de leitura":"1 minuto"},"schema":{"@context":"https:\/\/schema.org","@graph":[{"@type":"NewsArticle","@id":"https:\/\/www.estrategiaconcursos.com.br\/blog\/concurso-tj-al-cartorios-prova-objetiva-e-anulada-candidatos-serao-ressarcidos\/#article","isPartOf":{"@id":"https:\/\/www.estrategiaconcursos.com.br\/blog\/concurso-tj-al-cartorios-prova-objetiva-e-anulada-candidatos-serao-ressarcidos\/"},"author":{"name":"Ricardo Torques","@id":"https:\/\/www.estrategiaconcursos.com.br\/blog\/#\/schema\/person\/aa39cf5ddb518e5bdce27c35788405e2"},"headline":"Concurso TJ AL Cart\u00f3rios: prova objetiva \u00e9 ANULADA! Candidatos ser\u00e3o ressarcidos","datePublished":"2019-12-20T15:54:48+00:00","dateModified":"2021-03-08T16:52:12+00:00","mainEntityOfPage":{"@id":"https:\/\/www.estrategiaconcursos.com.br\/blog\/concurso-tj-al-cartorios-prova-objetiva-e-anulada-candidatos-serao-ressarcidos\/"},"wordCount":221,"commentCount":0,"publisher":{"@id":"https:\/\/www.estrategiaconcursos.com.br\/blog\/#organization"},"image":{"@id":"https:\/\/www.estrategiaconcursos.com.br\/blog\/concurso-tj-al-cartorios-prova-objetiva-e-anulada-candidatos-serao-ressarcidos\/#primaryimage"},"thumbnailUrl":"https:\/\/dhg1h5j42swfq.cloudfront.net\/2019\/04\/30110817\/CONCURSO-TJ-AL-JUIZ.jpg","articleSection":["Concursos P\u00fablicos"],"inLanguage":"pt-BR","potentialAction":[{"@type":"CommentAction","name":"Comment","target":["https:\/\/www.estrategiaconcursos.com.br\/blog\/concurso-tj-al-cartorios-prova-objetiva-e-anulada-candidatos-serao-ressarcidos\/#respond"]}],"copyrightYear":"2019","copyrightHolder":{"@id":"https:\/\/www.estrategiaconcursos.com.br\/blog\/#organization"}},{"@type":"WebPage","@id":"https:\/\/www.estrategiaconcursos.com.br\/blog\/concurso-tj-al-cartorios-prova-objetiva-e-anulada-candidatos-serao-ressarcidos\/","url":"https:\/\/www.estrategiaconcursos.com.br\/blog\/concurso-tj-al-cartorios-prova-objetiva-e-anulada-candidatos-serao-ressarcidos\/","name":"Concurso TJ AL Cart\u00f3rios: prova objetiva \u00e9 ANULADA! Candidatos ser\u00e3o ressarcidos","isPartOf":{"@id":"https:\/\/www.estrategiaconcursos.com.br\/blog\/#website"},"primaryImageOfPage":{"@id":"https:\/\/www.estrategiaconcursos.com.br\/blog\/concurso-tj-al-cartorios-prova-objetiva-e-anulada-candidatos-serao-ressarcidos\/#primaryimage"},"image":{"@id":"https:\/\/www.estrategiaconcursos.com.br\/blog\/concurso-tj-al-cartorios-prova-objetiva-e-anulada-candidatos-serao-ressarcidos\/#primaryimage"},"thumbnailUrl":"https:\/\/dhg1h5j42swfq.cloudfront.net\/2019\/04\/30110817\/CONCURSO-TJ-AL-JUIZ.jpg","datePublished":"2019-12-20T15:54:48+00:00","dateModified":"2021-03-08T16:52:12+00:00","breadcrumb":{"@id":"https:\/\/www.estrategiaconcursos.com.br\/blog\/concurso-tj-al-cartorios-prova-objetiva-e-anulada-candidatos-serao-ressarcidos\/#breadcrumb"},"inLanguage":"pt-BR","potentialAction":[{"@type":"ReadAction","target":["https:\/\/www.estrategiaconcursos.com.br\/blog\/concurso-tj-al-cartorios-prova-objetiva-e-anulada-candidatos-serao-ressarcidos\/"]}]},{"@type":"ImageObject","inLanguage":"pt-BR","@id":"https:\/\/www.estrategiaconcursos.com.br\/blog\/concurso-tj-al-cartorios-prova-objetiva-e-anulada-candidatos-serao-ressarcidos\/#primaryimage","url":"https:\/\/dhg1h5j42swfq.cloudfront.net\/2019\/04\/30110817\/CONCURSO-TJ-AL-JUIZ.jpg","contentUrl":"https:\/\/dhg1h5j42swfq.cloudfront.net\/2019\/04\/30110817\/CONCURSO-TJ-AL-JUIZ.jpg","width":957,"height":502,"caption":"concurso magistratura al"},{"@type":"BreadcrumbList","@id":"https:\/\/www.estrategiaconcursos.com.br\/blog\/concurso-tj-al-cartorios-prova-objetiva-e-anulada-candidatos-serao-ressarcidos\/#breadcrumb","itemListElement":[{"@type":"ListItem","position":1,"name":"In\u00edcio","item":"https:\/\/www.estrategiaconcursos.com.br\/blog\/"},{"@type":"ListItem","position":2,"name":"Concurso TJ AL Cart\u00f3rios: prova objetiva \u00e9 ANULADA! Candidatos ser\u00e3o ressarcidos"}]},{"@type":"WebSite","@id":"https:\/\/www.estrategiaconcursos.com.br\/blog\/#website","url":"https:\/\/www.estrategiaconcursos.com.br\/blog\/","name":"Estrat\u00e9gia Concursos","description":"O blog da Estrat\u00e9gia Concursos traz not\u00edcias sobre concursos e artigos de professores oferecendo cursos para concursos (pdf + videaulas) no site.","publisher":{"@id":"https:\/\/www.estrategiaconcursos.com.br\/blog\/#organization"},"potentialAction":[{"@type":"SearchAction","target":{"@type":"EntryPoint","urlTemplate":"https:\/\/www.estrategiaconcursos.com.br\/blog\/?s={search_term_string}"},"query-input":{"@type":"PropertyValueSpecification","valueRequired":true,"valueName":"search_term_string"}}],"inLanguage":"pt-BR"},{"@type":"Organization","@id":"https:\/\/www.estrategiaconcursos.com.br\/blog\/#organization","name":"Estrat\u00e9gia Concursos","url":"https:\/\/www.estrategiaconcursos.com.br\/blog\/","logo":{"@type":"ImageObject","inLanguage":"pt-BR","@id":"https:\/\/www.estrategiaconcursos.com.br\/blog\/#\/schema\/logo\/image\/","url":"https:\/\/dhg1h5j42swfq.cloudfront.net\/2025\/06\/03203428\/logo_concursos-1.jpg","contentUrl":"https:\/\/dhg1h5j42swfq.cloudfront.net\/2025\/06\/03203428\/logo_concursos-1.jpg","width":230,"height":60,"caption":"Estrat\u00e9gia Concursos"},"image":{"@id":"https:\/\/www.estrategiaconcursos.com.br\/blog\/#\/schema\/logo\/image\/"},"sameAs":["https:\/\/x.com\/EstratConcursos"]},{"@type":"Person","@id":"https:\/\/www.estrategiaconcursos.com.br\/blog\/#\/schema\/person\/aa39cf5ddb518e5bdce27c35788405e2","name":"Ricardo Torques","image":{"@type":"ImageObject","inLanguage":"pt-BR","@id":"https:\/\/secure.gravatar.com\/avatar\/ce9ac6c3cff25fe86d15ed568ebc64d1724baf5c0693133bcb1f6073f712f92a?s=96&d=mm&r=g","url":"https:\/\/secure.gravatar.com\/avatar\/ce9ac6c3cff25fe86d15ed568ebc64d1724baf5c0693133bcb1f6073f712f92a?s=96&d=mm&r=g","contentUrl":"https:\/\/secure.gravatar.com\/avatar\/ce9ac6c3cff25fe86d15ed568ebc64d1724baf5c0693133bcb1f6073f712f92a?s=96&d=mm&r=g","caption":"Ricardo Torques"},"sameAs":["https:\/\/www.facebook.com\/ricardo.s.torques"],"url":"https:\/\/www.estrategiaconcursos.com.br\/blog\/author\/ricardotorquesestrategiaconcursos-com-br\/"}]}},"_links":{"self":[{"href":"https:\/\/www.estrategiaconcursos.com.br\/blog\/wp-json\/wp\/v2\/posts\/463074","targetHints":{"allow":["GET"]}}],"collection":[{"href":"https:\/\/www.estrategiaconcursos.com.br\/blog\/wp-json\/wp\/v2\/posts"}],"about":[{"href":"https:\/\/www.estrategiaconcursos.com.br\/blog\/wp-json\/wp\/v2\/types\/post"}],"author":[{"embeddable":true,"href":"https:\/\/www.estrategiaconcursos.com.br\/blog\/wp-json\/wp\/v2\/users\/180"}],"replies":[{"embeddable":true,"href":"https:\/\/www.estrategiaconcursos.com.br\/blog\/wp-json\/wp\/v2\/comments?post=463074"}],"version-history":[{"count":5,"href":"https:\/\/www.estrategiaconcursos.com.br\/blog\/wp-json\/wp\/v2\/posts\/463074\/revisions"}],"predecessor-version":[{"id":463100,"href":"https:\/\/www.estrategiaconcursos.com.br\/blog\/wp-json\/wp\/v2\/posts\/463074\/revisions\/463100"}],"wp:featuredmedia":[{"embeddable":true,"href":"https:\/\/www.estrategiaconcursos.com.br\/blog\/wp-json\/wp\/v2\/media\/367290"}],"wp:attachment":[{"href":"https:\/\/www.estrategiaconcursos.com.br\/blog\/wp-json\/wp\/v2\/media?parent=463074"}],"wp:term":[{"taxonomy":"category","embeddable":true,"href":"https:\/\/www.estrategiaconcursos.com.br\/blog\/wp-json\/wp\/v2\/categories?post=463074"},{"taxonomy":"post_tag","embeddable":true,"href":"https:\/\/www.estrategiaconcursos.com.br\/blog\/wp-json\/wp\/v2\/tags?post=463074"},{"taxonomy":"tax_estado","embeddable":true,"href":"https:\/\/www.estrategiaconcursos.com.br\/blog\/wp-json\/wp\/v2\/tax_estado?post=463074"}],"curies":[{"name":"wp","href":"https:\/\/api.w.org\/{rel}","templated":true}]}}