{"id":462896,"date":"2019-12-20T10:00:06","date_gmt":"2019-12-20T13:00:06","guid":{"rendered":"https:\/\/www.estrategiaconcursos.com.br\/blog\/?p=462896"},"modified":"2019-12-20T10:00:08","modified_gmt":"2019-12-20T13:00:08","slug":"concurso-camara-de-olinda-e-autorizado-edital-se-aproxima","status":"publish","type":"post","link":"https:\/\/www.estrategiaconcursos.com.br\/blog\/concurso-camara-de-olinda-e-autorizado-edital-se-aproxima\/","title":{"rendered":"Concurso C\u00e2mara de Olinda \u00e9 autorizado; edital se aproxima"},"content":{"rendered":"\n<p>Foi publicado no Di\u00e1rio Oficial, nesta sexta-feira, 20 de dezembro, uma autoriza\u00e7\u00e3o para o novo concurso p\u00fablico da C\u00e2mara de Olinda, expedida pelo Presidente da C\u00e2mara, Jorge Salustiano de Sousa Moura.<\/p>\n\n\n\n<p>Segundo o documento, ser\u00e3o abertas vagas para <strong><em>A<\/em><\/strong><em><strong>nalista Legislativo com especialidade Jur\u00eddica, Controladoria Interna e Contabilidade; T\u00e9cnico Legislativo com especialidade Administrativa, Contabilidade e Inform\u00e1tica, Auxiliar Administrativo com especialidade em Guarda Legislativo.<\/strong><\/em><\/p>\n\n\n\n<p>Em outubro, j\u00e1 havia sido constitu\u00edda a <em>banca organizadora <\/em>para fazer o levantamento dos cargos vagos, remunera\u00e7\u00e3o al\u00e9m de acompanhar e fiscalizar as atividades e eventos de todo o processo do Concurso P\u00fablico, em conjunto com a banca que ser\u00e1 contratada. <\/p>\n\n\n\n<p>Vale lembrar que o \u00faltimo concurso da C\u00e2mara de Olinda ocorreu em 2015, e ofertou 23 vagas para N\u00edvel M\u00e9dio e T\u00e9cnico.<\/p>\n\n\n\n<p>A banca organizadora na \u00e9poca foi a a CONSULPLAN. E o certame foi composto por uma \u00fanica fase, que foi a prova objetiva de m\u00faltipla escolha.<\/p>\n\n\n\n<p>Confira abaixo o documento que confirma a autoriza\u00e7\u00e3o de um novo concurso p\u00fablico:<\/p>\n\n\n\n<div class=\"wp-block-image\"><figure class=\"aligncenter\"><img decoding=\"async\" src=\"https:\/\/trello-attachments.s3.amazonaws.com\/5b58e1496cd37eb9a1dc29a2\/5dfcbcf17d58cd28105d3618\/dee693d44d1761ca1fb01316677abeb8\/Capturar.PNG\" alt=\"\"\/><\/figure><\/div>\n\n\n\n<p class=\"has-background has-text-align-center has-very-light-gray-background-color\"><strong><em>Saiba mais: <a href=\"https:\/\/www.estrategiaconcursos.com.br\/blog\/concurso-camara-de-olinda\/\" target=\"_blank\" rel=\"noreferrer noopener\" aria-label=\"concurso C\u00e2mara de Olinda (abre numa nova aba)\">concurso C\u00e2mara de Olinda<\/a><\/em><\/strong><\/p>\n\n\n\n<h2 class=\"has-text-align-center wp-block-heading\" id=\"cursos-assinatura\"><strong><em>Quer estudar para Concurso&nbsp;<\/em><\/strong><em>C\u00e2mara de Olinda PE&nbsp;<\/em>?<\/h2>\n\n\n\n<p class=\"has-text-align-center\"><em><strong>Gostou desta oportunidade e deseja come\u00e7ar se preparar agora mesmo? Ent\u00e3o, confira os nossos cursos e comece a estudar para&nbsp;<\/strong><\/em><strong>C\u00e2mara de Olinda PE<\/strong>?<\/p>\n\n\n\n<p class=\"has-background has-text-align-center has-luminous-vivid-amber-background-color\"><a rel=\"noreferrer noopener\" href=\"https:\/\/www.estrategiaconcursos.com.br\/cursos\/concurso\/\" target=\"_blank\"><strong><em>Curso para concurso<\/em><\/strong><\/a><\/p>\n\n\n\n<h4 class=\"has-text-align-center wp-block-heading\" id=\"assinatura\"><em><strong>Assinatura Anual Ilimitada*<\/strong><\/em><\/h4>\n\n\n\n<p class=\"has-text-align-center\"><em>Prepare-se com o melhor material e com quem mais aprova em Concursos P\u00fablicos em todo o pa\u00eds. Assine agora a nossa Assinatura Anual e tenha acesso ilimitado* a todos os nossos cursos.<\/em><\/p>\n\n\n\n<p class=\"has-background has-text-align-center has-light-green-cyan-background-color\"><strong>ASSINE AGORA<\/strong>&nbsp;\u2013&nbsp;<a rel=\"noreferrer noopener\" href=\"https:\/\/www.estrategiaconcursos.com.br\/assinaturas\" target=\"_blank\">Assinatura Ilimitada<\/a><\/p>\n\n\n\n<p class=\"has-background has-text-align-center has-pale-cyan-blue-background-color\"><a href=\"https:\/\/www.estrategiaconcursos.com.br\/blog\/concursos-abertos\/\"><strong>CONCURSOS ABERTOS<\/strong><\/a><\/p>\n\n\n\n<p class=\"has-background has-text-align-center has-pale-cyan-blue-background-color\"><a href=\"https:\/\/www.estrategiaconcursos.com.br\/blog\/concursos-2019\/\"><strong>CONCURSOS 2019<\/strong><\/a><\/p>\n\n\n\n<p class=\"has-background has-text-align-center has-pale-cyan-blue-background-color\"><a href=\"https:\/\/www.estrategiaconcursos.com.br\/blog\/concursos-2020\/\"><strong>CONCURSOS<\/strong><\/a><strong><a href=\"https:\/\/www.estrategiaconcursos.com.br\/blog\/concursos-2020\/\">&nbsp;2020<\/a><\/strong><\/p>\n","protected":false},"excerpt":{"rendered":"<p>Foi publicado no Di\u00e1rio Oficial, nesta sexta-feira, 20 de dezembro, uma autoriza\u00e7\u00e3o para o novo concurso p\u00fablico da C\u00e2mara de Olinda, expedida pelo Presidente da C\u00e2mara, Jorge Salustiano de Sousa Moura. Segundo o documento, ser\u00e3o abertas vagas para Analista Legislativo com especialidade Jur\u00eddica, Controladoria Interna e Contabilidade; T\u00e9cnico Legislativo com especialidade Administrativa, Contabilidade e Inform\u00e1tica, [&hellip;]<\/p>\n","protected":false},"author":306,"featured_media":0,"comment_status":"open","ping_status":"closed","sticky":false,"template":"","format":"standard","meta":{"post_tipo":"article","footnotes":""},"categories":[1],"tags":[],"tax_estado":[],"class_list":["post-462896","post","type-post","status-publish","format-standard","hentry","category-cursos-e-concursos"],"acf":[],"yoast_head":"<!-- This site is optimized with the Yoast SEO Premium plugin v27.2 (Yoast SEO v27.2) - https:\/\/yoast.com\/product\/yoast-seo-premium-wordpress\/ -->\n<title>Concurso C\u00e2mara de Olinda \u00e9 autorizado; edital se aproxima<\/title>\n<meta name=\"robots\" content=\"index, follow, max-snippet:-1, max-image-preview:large, max-video-preview:-1\" \/>\n<link rel=\"canonical\" href=\"https:\/\/www.estrategiaconcursos.com.br\/blog\/concurso-camara-de-olinda-e-autorizado-edital-se-aproxima\/\" \/>\n<meta property=\"og:locale\" content=\"pt_BR\" \/>\n<meta property=\"og:type\" content=\"article\" \/>\n<meta property=\"og:title\" content=\"Concurso C\u00e2mara de Olinda \u00e9 autorizado; edital se aproxima\" \/>\n<meta property=\"og:description\" content=\"Foi publicado no Di\u00e1rio Oficial, nesta sexta-feira, 20 de dezembro, uma autoriza\u00e7\u00e3o para o novo concurso p\u00fablico da C\u00e2mara de Olinda, expedida pelo Presidente da C\u00e2mara, Jorge Salustiano de Sousa Moura. Segundo o documento, ser\u00e3o abertas vagas para Analista Legislativo com especialidade Jur\u00eddica, Controladoria Interna e Contabilidade; T\u00e9cnico Legislativo com especialidade Administrativa, Contabilidade e Inform\u00e1tica, [&hellip;]\" \/>\n<meta property=\"og:url\" content=\"https:\/\/www.estrategiaconcursos.com.br\/blog\/concurso-camara-de-olinda-e-autorizado-edital-se-aproxima\/\" \/>\n<meta property=\"og:site_name\" content=\"Estrat\u00e9gia Concursos\" \/>\n<meta property=\"article:author\" content=\"https:\/\/www.facebook.com\/leandrosignoriatualidades\/\" \/>\n<meta property=\"article:published_time\" content=\"2019-12-20T13:00:06+00:00\" \/>\n<meta property=\"article:modified_time\" content=\"2019-12-20T13:00:08+00:00\" \/>\n<meta property=\"og:image\" content=\"https:\/\/trello-attachments.s3.amazonaws.com\/5b58e1496cd37eb9a1dc29a2\/5dfcbcf17d58cd28105d3618\/dee693d44d1761ca1fb01316677abeb8\/Capturar.PNG\" \/>\n<meta name=\"author\" content=\"Leandro Signori\" \/>\n<meta name=\"twitter:card\" content=\"summary_large_image\" \/>\n<meta name=\"twitter:creator\" content=\"@EstratConcursos\" \/>\n<meta name=\"twitter:site\" content=\"@EstratConcursos\" \/>\n<meta name=\"twitter:label1\" content=\"Escrito por\" \/>\n\t<meta name=\"twitter:data1\" content=\"Leandro Signori\" \/>\n\t<meta name=\"twitter:label2\" content=\"Est. tempo de leitura\" \/>\n\t<meta name=\"twitter:data2\" content=\"1 minuto\" \/>\n<script type=\"application\/ld+json\" class=\"yoast-schema-graph\">{\"@context\":\"https:\/\/schema.org\",\"@graph\":[{\"@type\":\"NewsArticle\",\"@id\":\"https:\/\/www.estrategiaconcursos.com.br\/blog\/concurso-camara-de-olinda-e-autorizado-edital-se-aproxima\/#article\",\"isPartOf\":{\"@id\":\"https:\/\/www.estrategiaconcursos.com.br\/blog\/concurso-camara-de-olinda-e-autorizado-edital-se-aproxima\/\"},\"author\":{\"name\":\"Leandro Signori\",\"@id\":\"https:\/\/www.estrategiaconcursos.com.br\/blog\/#\/schema\/person\/d2e7d78de4b9d6ba51cc24fd558a7f42\"},\"headline\":\"Concurso C\u00e2mara de Olinda \u00e9 autorizado; edital se aproxima\",\"datePublished\":\"2019-12-20T13:00:06+00:00\",\"dateModified\":\"2019-12-20T13:00:08+00:00\",\"mainEntityOfPage\":{\"@id\":\"https:\/\/www.estrategiaconcursos.com.br\/blog\/concurso-camara-de-olinda-e-autorizado-edital-se-aproxima\/\"},\"wordCount\":288,\"commentCount\":0,\"publisher\":{\"@id\":\"https:\/\/www.estrategiaconcursos.com.br\/blog\/#organization\"},\"image\":{\"@id\":\"https:\/\/www.estrategiaconcursos.com.br\/blog\/concurso-camara-de-olinda-e-autorizado-edital-se-aproxima\/#primaryimage\"},\"thumbnailUrl\":\"https:\/\/trello-attachments.s3.amazonaws.com\/5b58e1496cd37eb9a1dc29a2\/5dfcbcf17d58cd28105d3618\/dee693d44d1761ca1fb01316677abeb8\/Capturar.PNG\",\"articleSection\":[\"Concursos P\u00fablicos\"],\"inLanguage\":\"pt-BR\",\"potentialAction\":[{\"@type\":\"CommentAction\",\"name\":\"Comment\",\"target\":[\"https:\/\/www.estrategiaconcursos.com.br\/blog\/concurso-camara-de-olinda-e-autorizado-edital-se-aproxima\/#respond\"]}],\"copyrightYear\":\"2019\",\"copyrightHolder\":{\"@id\":\"https:\/\/www.estrategiaconcursos.com.br\/blog\/#organization\"}},{\"@type\":\"WebPage\",\"@id\":\"https:\/\/www.estrategiaconcursos.com.br\/blog\/concurso-camara-de-olinda-e-autorizado-edital-se-aproxima\/\",\"url\":\"https:\/\/www.estrategiaconcursos.com.br\/blog\/concurso-camara-de-olinda-e-autorizado-edital-se-aproxima\/\",\"name\":\"Concurso C\u00e2mara de Olinda \u00e9 autorizado; edital se aproxima\",\"isPartOf\":{\"@id\":\"https:\/\/www.estrategiaconcursos.com.br\/blog\/#website\"},\"primaryImageOfPage\":{\"@id\":\"https:\/\/www.estrategiaconcursos.com.br\/blog\/concurso-camara-de-olinda-e-autorizado-edital-se-aproxima\/#primaryimage\"},\"image\":{\"@id\":\"https:\/\/www.estrategiaconcursos.com.br\/blog\/concurso-camara-de-olinda-e-autorizado-edital-se-aproxima\/#primaryimage\"},\"thumbnailUrl\":\"https:\/\/trello-attachments.s3.amazonaws.com\/5b58e1496cd37eb9a1dc29a2\/5dfcbcf17d58cd28105d3618\/dee693d44d1761ca1fb01316677abeb8\/Capturar.PNG\",\"datePublished\":\"2019-12-20T13:00:06+00:00\",\"dateModified\":\"2019-12-20T13:00:08+00:00\",\"breadcrumb\":{\"@id\":\"https:\/\/www.estrategiaconcursos.com.br\/blog\/concurso-camara-de-olinda-e-autorizado-edital-se-aproxima\/#breadcrumb\"},\"inLanguage\":\"pt-BR\",\"potentialAction\":[{\"@type\":\"ReadAction\",\"target\":[\"https:\/\/www.estrategiaconcursos.com.br\/blog\/concurso-camara-de-olinda-e-autorizado-edital-se-aproxima\/\"]}]},{\"@type\":\"ImageObject\",\"inLanguage\":\"pt-BR\",\"@id\":\"https:\/\/www.estrategiaconcursos.com.br\/blog\/concurso-camara-de-olinda-e-autorizado-edital-se-aproxima\/#primaryimage\",\"url\":\"https:\/\/trello-attachments.s3.amazonaws.com\/5b58e1496cd37eb9a1dc29a2\/5dfcbcf17d58cd28105d3618\/dee693d44d1761ca1fb01316677abeb8\/Capturar.PNG\",\"contentUrl\":\"https:\/\/trello-attachments.s3.amazonaws.com\/5b58e1496cd37eb9a1dc29a2\/5dfcbcf17d58cd28105d3618\/dee693d44d1761ca1fb01316677abeb8\/Capturar.PNG\"},{\"@type\":\"BreadcrumbList\",\"@id\":\"https:\/\/www.estrategiaconcursos.com.br\/blog\/concurso-camara-de-olinda-e-autorizado-edital-se-aproxima\/#breadcrumb\",\"itemListElement\":[{\"@type\":\"ListItem\",\"position\":1,\"name\":\"In\u00edcio\",\"item\":\"https:\/\/www.estrategiaconcursos.com.br\/blog\/\"},{\"@type\":\"ListItem\",\"position\":2,\"name\":\"Concurso C\u00e2mara de Olinda \u00e9 autorizado; edital se aproxima\"}]},{\"@type\":\"WebSite\",\"@id\":\"https:\/\/www.estrategiaconcursos.com.br\/blog\/#website\",\"url\":\"https:\/\/www.estrategiaconcursos.com.br\/blog\/\",\"name\":\"Estrat\u00e9gia Concursos\",\"description\":\"O blog da Estrat\u00e9gia Concursos traz not\u00edcias sobre concursos e artigos de professores oferecendo cursos para concursos (pdf + videaulas) no site.\",\"publisher\":{\"@id\":\"https:\/\/www.estrategiaconcursos.com.br\/blog\/#organization\"},\"potentialAction\":[{\"@type\":\"SearchAction\",\"target\":{\"@type\":\"EntryPoint\",\"urlTemplate\":\"https:\/\/www.estrategiaconcursos.com.br\/blog\/?s={search_term_string}\"},\"query-input\":{\"@type\":\"PropertyValueSpecification\",\"valueRequired\":true,\"valueName\":\"search_term_string\"}}],\"inLanguage\":\"pt-BR\"},{\"@type\":\"Organization\",\"@id\":\"https:\/\/www.estrategiaconcursos.com.br\/blog\/#organization\",\"name\":\"Estrat\u00e9gia Concursos\",\"url\":\"https:\/\/www.estrategiaconcursos.com.br\/blog\/\",\"logo\":{\"@type\":\"ImageObject\",\"inLanguage\":\"pt-BR\",\"@id\":\"https:\/\/www.estrategiaconcursos.com.br\/blog\/#\/schema\/logo\/image\/\",\"url\":\"https:\/\/dhg1h5j42swfq.cloudfront.net\/2025\/06\/03203428\/logo_concursos-1.jpg\",\"contentUrl\":\"https:\/\/dhg1h5j42swfq.cloudfront.net\/2025\/06\/03203428\/logo_concursos-1.jpg\",\"width\":230,\"height\":60,\"caption\":\"Estrat\u00e9gia Concursos\"},\"image\":{\"@id\":\"https:\/\/www.estrategiaconcursos.com.br\/blog\/#\/schema\/logo\/image\/\"},\"sameAs\":[\"https:\/\/x.com\/EstratConcursos\"]},{\"@type\":\"Person\",\"@id\":\"https:\/\/www.estrategiaconcursos.com.br\/blog\/#\/schema\/person\/d2e7d78de4b9d6ba51cc24fd558a7f42\",\"name\":\"Leandro Signori\",\"image\":{\"@type\":\"ImageObject\",\"inLanguage\":\"pt-BR\",\"@id\":\"https:\/\/secure.gravatar.com\/avatar\/aa2ef98e93764dcf1758f52d2792d4b3e4089ee25bc520608dde62ad802ae541?s=96&d=mm&r=g\",\"url\":\"https:\/\/secure.gravatar.com\/avatar\/aa2ef98e93764dcf1758f52d2792d4b3e4089ee25bc520608dde62ad802ae541?s=96&d=mm&r=g\",\"contentUrl\":\"https:\/\/secure.gravatar.com\/avatar\/aa2ef98e93764dcf1758f52d2792d4b3e4089ee25bc520608dde62ad802ae541?s=96&d=mm&r=g\",\"caption\":\"Leandro Signori\"},\"description\":\"Licenciado em Geografia pela Universidade Federal do Rio Grande do Sul (UFRGS) e Bacharel em Geografia pela Uniceub (Bras\u00edlia). Como servidor p\u00fablico, foi funcion\u00e1rio da Prefeitura de S\u00e3o Leopoldo (RS), Prefeitura de Porto Alegre (RS), Companhia Riograndense de Saneamento (Corsan) e Minist\u00e9rio da Integra\u00e7\u00e3o Nacional. \u00c9 professor de Geografia para o ensino m\u00e9dio na rede particular de ensino. Leciona as disciplinas de Atualidades, Conhecimentos Gerais, Geografia, Realidade Brasileira e Hist\u00f3ria, em cursos on line e presenciais preparat\u00f3rios para concursos p\u00fablicos.\",\"sameAs\":[\"https:\/\/www.facebook.com\/leandrosignoriatualidades\/\"],\"url\":\"https:\/\/www.estrategiaconcursos.com.br\/blog\/author\/leandroestrategiaconcursos-com-br\/\"}]}<\/script>\n<!-- \/ Yoast SEO Premium plugin. -->","yoast_head_json":{"title":"Concurso C\u00e2mara de Olinda \u00e9 autorizado; edital se aproxima","robots":{"index":"index","follow":"follow","max-snippet":"max-snippet:-1","max-image-preview":"max-image-preview:large","max-video-preview":"max-video-preview:-1"},"canonical":"https:\/\/www.estrategiaconcursos.com.br\/blog\/concurso-camara-de-olinda-e-autorizado-edital-se-aproxima\/","og_locale":"pt_BR","og_type":"article","og_title":"Concurso C\u00e2mara de Olinda \u00e9 autorizado; edital se aproxima","og_description":"Foi publicado no Di\u00e1rio Oficial, nesta sexta-feira, 20 de dezembro, uma autoriza\u00e7\u00e3o para o novo concurso p\u00fablico da C\u00e2mara de Olinda, expedida pelo Presidente da C\u00e2mara, Jorge Salustiano de Sousa Moura. Segundo o documento, ser\u00e3o abertas vagas para Analista Legislativo com especialidade Jur\u00eddica, Controladoria Interna e Contabilidade; T\u00e9cnico Legislativo com especialidade Administrativa, Contabilidade e Inform\u00e1tica, [&hellip;]","og_url":"https:\/\/www.estrategiaconcursos.com.br\/blog\/concurso-camara-de-olinda-e-autorizado-edital-se-aproxima\/","og_site_name":"Estrat\u00e9gia Concursos","article_author":"https:\/\/www.facebook.com\/leandrosignoriatualidades\/","article_published_time":"2019-12-20T13:00:06+00:00","article_modified_time":"2019-12-20T13:00:08+00:00","og_image":[{"url":"https:\/\/trello-attachments.s3.amazonaws.com\/5b58e1496cd37eb9a1dc29a2\/5dfcbcf17d58cd28105d3618\/dee693d44d1761ca1fb01316677abeb8\/Capturar.PNG","type":"","width":"","height":""}],"author":"Leandro Signori","twitter_card":"summary_large_image","twitter_creator":"@EstratConcursos","twitter_site":"@EstratConcursos","twitter_misc":{"Escrito por":"Leandro Signori","Est. tempo de leitura":"1 minuto"},"schema":{"@context":"https:\/\/schema.org","@graph":[{"@type":"NewsArticle","@id":"https:\/\/www.estrategiaconcursos.com.br\/blog\/concurso-camara-de-olinda-e-autorizado-edital-se-aproxima\/#article","isPartOf":{"@id":"https:\/\/www.estrategiaconcursos.com.br\/blog\/concurso-camara-de-olinda-e-autorizado-edital-se-aproxima\/"},"author":{"name":"Leandro Signori","@id":"https:\/\/www.estrategiaconcursos.com.br\/blog\/#\/schema\/person\/d2e7d78de4b9d6ba51cc24fd558a7f42"},"headline":"Concurso C\u00e2mara de Olinda \u00e9 autorizado; edital se aproxima","datePublished":"2019-12-20T13:00:06+00:00","dateModified":"2019-12-20T13:00:08+00:00","mainEntityOfPage":{"@id":"https:\/\/www.estrategiaconcursos.com.br\/blog\/concurso-camara-de-olinda-e-autorizado-edital-se-aproxima\/"},"wordCount":288,"commentCount":0,"publisher":{"@id":"https:\/\/www.estrategiaconcursos.com.br\/blog\/#organization"},"image":{"@id":"https:\/\/www.estrategiaconcursos.com.br\/blog\/concurso-camara-de-olinda-e-autorizado-edital-se-aproxima\/#primaryimage"},"thumbnailUrl":"https:\/\/trello-attachments.s3.amazonaws.com\/5b58e1496cd37eb9a1dc29a2\/5dfcbcf17d58cd28105d3618\/dee693d44d1761ca1fb01316677abeb8\/Capturar.PNG","articleSection":["Concursos P\u00fablicos"],"inLanguage":"pt-BR","potentialAction":[{"@type":"CommentAction","name":"Comment","target":["https:\/\/www.estrategiaconcursos.com.br\/blog\/concurso-camara-de-olinda-e-autorizado-edital-se-aproxima\/#respond"]}],"copyrightYear":"2019","copyrightHolder":{"@id":"https:\/\/www.estrategiaconcursos.com.br\/blog\/#organization"}},{"@type":"WebPage","@id":"https:\/\/www.estrategiaconcursos.com.br\/blog\/concurso-camara-de-olinda-e-autorizado-edital-se-aproxima\/","url":"https:\/\/www.estrategiaconcursos.com.br\/blog\/concurso-camara-de-olinda-e-autorizado-edital-se-aproxima\/","name":"Concurso C\u00e2mara de Olinda \u00e9 autorizado; edital se aproxima","isPartOf":{"@id":"https:\/\/www.estrategiaconcursos.com.br\/blog\/#website"},"primaryImageOfPage":{"@id":"https:\/\/www.estrategiaconcursos.com.br\/blog\/concurso-camara-de-olinda-e-autorizado-edital-se-aproxima\/#primaryimage"},"image":{"@id":"https:\/\/www.estrategiaconcursos.com.br\/blog\/concurso-camara-de-olinda-e-autorizado-edital-se-aproxima\/#primaryimage"},"thumbnailUrl":"https:\/\/trello-attachments.s3.amazonaws.com\/5b58e1496cd37eb9a1dc29a2\/5dfcbcf17d58cd28105d3618\/dee693d44d1761ca1fb01316677abeb8\/Capturar.PNG","datePublished":"2019-12-20T13:00:06+00:00","dateModified":"2019-12-20T13:00:08+00:00","breadcrumb":{"@id":"https:\/\/www.estrategiaconcursos.com.br\/blog\/concurso-camara-de-olinda-e-autorizado-edital-se-aproxima\/#breadcrumb"},"inLanguage":"pt-BR","potentialAction":[{"@type":"ReadAction","target":["https:\/\/www.estrategiaconcursos.com.br\/blog\/concurso-camara-de-olinda-e-autorizado-edital-se-aproxima\/"]}]},{"@type":"ImageObject","inLanguage":"pt-BR","@id":"https:\/\/www.estrategiaconcursos.com.br\/blog\/concurso-camara-de-olinda-e-autorizado-edital-se-aproxima\/#primaryimage","url":"https:\/\/trello-attachments.s3.amazonaws.com\/5b58e1496cd37eb9a1dc29a2\/5dfcbcf17d58cd28105d3618\/dee693d44d1761ca1fb01316677abeb8\/Capturar.PNG","contentUrl":"https:\/\/trello-attachments.s3.amazonaws.com\/5b58e1496cd37eb9a1dc29a2\/5dfcbcf17d58cd28105d3618\/dee693d44d1761ca1fb01316677abeb8\/Capturar.PNG"},{"@type":"BreadcrumbList","@id":"https:\/\/www.estrategiaconcursos.com.br\/blog\/concurso-camara-de-olinda-e-autorizado-edital-se-aproxima\/#breadcrumb","itemListElement":[{"@type":"ListItem","position":1,"name":"In\u00edcio","item":"https:\/\/www.estrategiaconcursos.com.br\/blog\/"},{"@type":"ListItem","position":2,"name":"Concurso C\u00e2mara de Olinda \u00e9 autorizado; edital se aproxima"}]},{"@type":"WebSite","@id":"https:\/\/www.estrategiaconcursos.com.br\/blog\/#website","url":"https:\/\/www.estrategiaconcursos.com.br\/blog\/","name":"Estrat\u00e9gia Concursos","description":"O blog da Estrat\u00e9gia Concursos traz not\u00edcias sobre concursos e artigos de professores oferecendo cursos para concursos (pdf + videaulas) no site.","publisher":{"@id":"https:\/\/www.estrategiaconcursos.com.br\/blog\/#organization"},"potentialAction":[{"@type":"SearchAction","target":{"@type":"EntryPoint","urlTemplate":"https:\/\/www.estrategiaconcursos.com.br\/blog\/?s={search_term_string}"},"query-input":{"@type":"PropertyValueSpecification","valueRequired":true,"valueName":"search_term_string"}}],"inLanguage":"pt-BR"},{"@type":"Organization","@id":"https:\/\/www.estrategiaconcursos.com.br\/blog\/#organization","name":"Estrat\u00e9gia Concursos","url":"https:\/\/www.estrategiaconcursos.com.br\/blog\/","logo":{"@type":"ImageObject","inLanguage":"pt-BR","@id":"https:\/\/www.estrategiaconcursos.com.br\/blog\/#\/schema\/logo\/image\/","url":"https:\/\/dhg1h5j42swfq.cloudfront.net\/2025\/06\/03203428\/logo_concursos-1.jpg","contentUrl":"https:\/\/dhg1h5j42swfq.cloudfront.net\/2025\/06\/03203428\/logo_concursos-1.jpg","width":230,"height":60,"caption":"Estrat\u00e9gia Concursos"},"image":{"@id":"https:\/\/www.estrategiaconcursos.com.br\/blog\/#\/schema\/logo\/image\/"},"sameAs":["https:\/\/x.com\/EstratConcursos"]},{"@type":"Person","@id":"https:\/\/www.estrategiaconcursos.com.br\/blog\/#\/schema\/person\/d2e7d78de4b9d6ba51cc24fd558a7f42","name":"Leandro Signori","image":{"@type":"ImageObject","inLanguage":"pt-BR","@id":"https:\/\/secure.gravatar.com\/avatar\/aa2ef98e93764dcf1758f52d2792d4b3e4089ee25bc520608dde62ad802ae541?s=96&d=mm&r=g","url":"https:\/\/secure.gravatar.com\/avatar\/aa2ef98e93764dcf1758f52d2792d4b3e4089ee25bc520608dde62ad802ae541?s=96&d=mm&r=g","contentUrl":"https:\/\/secure.gravatar.com\/avatar\/aa2ef98e93764dcf1758f52d2792d4b3e4089ee25bc520608dde62ad802ae541?s=96&d=mm&r=g","caption":"Leandro Signori"},"description":"Licenciado em Geografia pela Universidade Federal do Rio Grande do Sul (UFRGS) e Bacharel em Geografia pela Uniceub (Bras\u00edlia). Como servidor p\u00fablico, foi funcion\u00e1rio da Prefeitura de S\u00e3o Leopoldo (RS), Prefeitura de Porto Alegre (RS), Companhia Riograndense de Saneamento (Corsan) e Minist\u00e9rio da Integra\u00e7\u00e3o Nacional. \u00c9 professor de Geografia para o ensino m\u00e9dio na rede particular de ensino. Leciona as disciplinas de Atualidades, Conhecimentos Gerais, Geografia, Realidade Brasileira e Hist\u00f3ria, em cursos on line e presenciais preparat\u00f3rios para concursos p\u00fablicos.","sameAs":["https:\/\/www.facebook.com\/leandrosignoriatualidades\/"],"url":"https:\/\/www.estrategiaconcursos.com.br\/blog\/author\/leandroestrategiaconcursos-com-br\/"}]}},"_links":{"self":[{"href":"https:\/\/www.estrategiaconcursos.com.br\/blog\/wp-json\/wp\/v2\/posts\/462896","targetHints":{"allow":["GET"]}}],"collection":[{"href":"https:\/\/www.estrategiaconcursos.com.br\/blog\/wp-json\/wp\/v2\/posts"}],"about":[{"href":"https:\/\/www.estrategiaconcursos.com.br\/blog\/wp-json\/wp\/v2\/types\/post"}],"author":[{"embeddable":true,"href":"https:\/\/www.estrategiaconcursos.com.br\/blog\/wp-json\/wp\/v2\/users\/306"}],"replies":[{"embeddable":true,"href":"https:\/\/www.estrategiaconcursos.com.br\/blog\/wp-json\/wp\/v2\/comments?post=462896"}],"version-history":[{"count":2,"href":"https:\/\/www.estrategiaconcursos.com.br\/blog\/wp-json\/wp\/v2\/posts\/462896\/revisions"}],"predecessor-version":[{"id":462918,"href":"https:\/\/www.estrategiaconcursos.com.br\/blog\/wp-json\/wp\/v2\/posts\/462896\/revisions\/462918"}],"wp:attachment":[{"href":"https:\/\/www.estrategiaconcursos.com.br\/blog\/wp-json\/wp\/v2\/media?parent=462896"}],"wp:term":[{"taxonomy":"category","embeddable":true,"href":"https:\/\/www.estrategiaconcursos.com.br\/blog\/wp-json\/wp\/v2\/categories?post=462896"},{"taxonomy":"post_tag","embeddable":true,"href":"https:\/\/www.estrategiaconcursos.com.br\/blog\/wp-json\/wp\/v2\/tags?post=462896"},{"taxonomy":"tax_estado","embeddable":true,"href":"https:\/\/www.estrategiaconcursos.com.br\/blog\/wp-json\/wp\/v2\/tax_estado?post=462896"}],"curies":[{"name":"wp","href":"https:\/\/api.w.org\/{rel}","templated":true}]}}