{"id":462725,"date":"2019-12-22T07:30:00","date_gmt":"2019-12-22T10:30:00","guid":{"rendered":"https:\/\/www.estrategiaconcursos.com.br\/blog\/?p=462725"},"modified":"2023-05-05T17:53:22","modified_gmt":"2023-05-05T20:53:22","slug":"novidades-juridicas-oab-4-dias-de-evento-com-o-que-caira-na-sua-prova","status":"publish","type":"post","link":"https:\/\/www.estrategiaconcursos.com.br\/blog\/novidades-juridicas-oab-4-dias-de-evento-com-o-que-caira-na-sua-prova\/","title":{"rendered":"Novidades Jur\u00eddicas OAB: 4 dias de evento com o que cair\u00e1 na sua prova!"},"content":{"rendered":"\n<p>As inscri\u00e7\u00f5es para o&nbsp;<strong>XXXI Exame de Ordem<\/strong>&nbsp;terminaram no dia 9 de dezembro. O Exame da OAB tem&nbsp;<strong>duas fase<\/strong>: a&nbsp;<strong>1.\u00aa<\/strong>&nbsp;(prova objetiva) est\u00e1 prevista para ocorrer em<strong>&nbsp;09 de fevereiro<\/strong>&nbsp;e a&nbsp;<strong>2.\u00aa<\/strong>&nbsp;<strong>fase<\/strong>&nbsp;(prova pr\u00e1tico-profissional) foi agendada para&nbsp;<strong>05 de abril de 2020<\/strong>. <\/p>\n\n\n\n<p>E para voc\u00ea que est\u00e1 curioso e pretende se antecipar aos prov\u00e1veis temas de prova e com isso especializar ainda mais a sua prepara\u00e7\u00e3o, o Estrat\u00e9gia ir\u00e1 promover o evento <em><strong>Novidades Jur\u00eddicas OAB<\/strong><\/em>!<\/p>\n\n\n\n<p>Trata-se de<strong> evento gratuito<\/strong> realizado pelo Estrat\u00e9gia OAB, que tem como intuito exclusivo muni-lo de todas as armas para detonar a <strong>1.\u00aa fase do XXXI Exame de Ordem. Ser\u00e3o quatro encontros completos<\/strong>! Mais de<strong> 24 horas l\u00edquidas de atualiza\u00e7\u00e3o. <\/strong><\/p>\n\n\n\n<p>Em cada uma das mat\u00e9rias (exceto Filosofia), entraremos <strong>ao vivo<\/strong> para atualiz\u00e1-lo em rela\u00e7\u00e3o \u00e0quilo que \u00e9 o <strong>mais relevante no cen\u00e1rio jur\u00eddico <\/strong>atual com probabilidade de <strong>cobran\u00e7a pela FGV.<\/strong><\/p>\n\n\n\n<p> <strong>Inscreva-se agora mesmo e n\u00e3o deixe de acessar nenhum dia! <\/strong><\/p>\n\n\n\n<h3 class=\"wp-block-heading\" id=\"h-dia-22-12\">Dia 22\/12<\/h3>\n\n\n\n<figure class=\"wp-block-table is-style-stripes\"><table class=\"has-background has-fixed-layout\" style=\"background-color:#e7f5fe\"><tbody><tr><td><strong>Hor\u00e1rio<\/strong><\/td><td><strong>Disciplina <\/strong><\/td><td><strong>Professor <\/strong><\/td><\/tr><tr><td><strong>08:30 \u00e0s 10:30<\/strong><\/td><td>\u00c9tica Profissional<\/td><td>Profs. Priscila Ferreira \/ Rosenval Jr.  <\/td><\/tr><tr><td><strong>10:30 \u00e0s 12:30<\/strong><\/td><td>Direito Administrativo<\/td><td>Prof.\u00ba Igor Maciel <\/td><\/tr><tr><td><strong>12:30 \u00e0s 13:30<\/strong><\/td><td>INTERVALO <\/td><td><\/td><\/tr><tr><td><strong>13:30 \u00e0s 15:30<\/strong><\/td><td>Direito Empresarial <\/td><td>Prof.\u00ba Alessandro Sanchez <\/td><\/tr><tr><td><strong>15:30 \u00e0s 17:30<\/strong><\/td><td>Direito Tribut\u00e1rio <\/td><td>Prof.\u00ba Rodrigo Martins <\/td><\/tr><\/tbody><\/table><\/figure>\n\n\n\n<h3 class=\"wp-block-heading\" id=\"h-dia-29-12\">Dia 29\/12<\/h3>\n\n\n\n<figure class=\"wp-block-table is-style-stripes\"><table class=\"has-background has-fixed-layout\" style=\"background-color:#e7f5fe\"><tbody><tr><td><strong>Hor\u00e1rio<\/strong><\/td><td><strong>Disciplina <\/strong><\/td><td><strong>Professor <\/strong><\/td><\/tr><tr><td><strong>08:30 \u00e0s 10:30<\/strong><\/td><td>Direito Constitucional <\/td><td>Prof.\u00ba Diego Cerqueira<\/td><\/tr><tr><td><strong>10:30 \u00e0s 12:30<\/strong><\/td><td>Direito Civil<\/td><td>Prof.\u00ba Paulo Sousa <\/td><\/tr><tr><td><strong>12:30 \u00e0s 13:30<\/strong><\/td><td><strong>INTERVALO <\/strong><\/td><td><\/td><\/tr><tr><td><strong>13:30 \u00e0s 15:30<\/strong><\/td><td>Direito Ambiental <\/td><td>Prof.\u00ba Rosenval Jr.  <\/td><\/tr><tr><td><strong>15:30 \u00e0s 17:30<\/strong><\/td><td>Direitos Humanos<\/td><td>Prof.\u00aa Lilian Novakoski <\/td><\/tr><\/tbody><\/table><\/figure>\n\n\n\n<h3 class=\"wp-block-heading\" id=\"h-dia-05-01\">Dia 05\/01<\/h3>\n\n\n\n<figure class=\"wp-block-table is-style-stripes\"><table class=\"has-background has-fixed-layout\" style=\"background-color:#e7f5fe\"><tbody><tr><td><strong>Hor\u00e1rio<\/strong><\/td><td><strong>Disciplina <\/strong><\/td><td><strong>Professor <\/strong><\/td><\/tr><tr><td><strong>08:30 \u00e0s 10:30<\/strong><\/td><td>Direito Processual Civil<\/td><td>Prof.\u00ba Ricardo Torques<\/td><\/tr><tr><td><strong>10:30 \u00e0s 12:30<\/strong><\/td><td>Direito Penal <\/td><td>Prof.\u00ba Cristiano Rodrigues<\/td><\/tr><tr><td><strong>12:30 \u00e0s 13:30<\/strong><\/td><td><strong>INTERVALO <\/strong><\/td><td><\/td><\/tr><tr><td><strong>13:30 \u00e0s 15:30<\/strong><\/td><td>Direito do Consumidor <\/td><td>Prof.\u00ba  Igor Maciel <\/td><\/tr><tr><td><strong>15:30 \u00e0s 17:30<\/strong><\/td><td>Direito da Crian\u00e7a e do Adolescente<\/td><td>Prof.\u00aa Lilian Novakoski  <\/td><\/tr><\/tbody><\/table><\/figure>\n\n\n\n<h3 class=\"wp-block-heading\" id=\"h-dia-12-01\">Dia 12\/01<\/h3>\n\n\n\n<figure class=\"wp-block-table is-style-stripes\"><table class=\"has-background has-fixed-layout\" style=\"background-color:#e7f5fe\"><tbody><tr><td><strong>Hor\u00e1rio<\/strong><\/td><td><strong>Disciplina <\/strong><\/td><td><strong>Professor <\/strong><\/td><\/tr><tr><td><strong>08:30 \u00e0s 10:30<\/strong><\/td><td>Direito Processual Penal<\/td><td>Prof.\u00ba Ivan Marques<\/td><\/tr><tr><td><strong>10:30 \u00e0s 12:30<\/strong><\/td><td>Direito Internacional <\/td><td>Prof.\u00aa Vanessa Arns <\/td><\/tr><tr><td><strong>12:30 \u00e0s 13:30<\/strong><\/td><td><strong>INTERVALO <\/strong><\/td><td><\/td><\/tr><tr><td><strong>13:30 \u00e0s 15:30<\/strong><\/td><td>Direito do Trabalho <\/td><td>Prof.\u00aa Priscila Ferreira<\/td><\/tr><tr><td><strong>15:30 \u00e0s 17:30<\/strong><\/td><td>Direito Processual do Trabalho<\/td><td>Prof.\u00aa Priscila Ferreira <\/td><\/tr><\/tbody><\/table><\/figure>\n\n\n\n<p>No link abaixo voc\u00ea j\u00e1 consegue se direcionar para a plataforma do primeiro dia de evento, este domingo, 22 de dezembro. Acompanhe! <\/p>\n\n\n\n<p class=\"has-text-align-center has-pale-cyan-blue-background-color has-background\" style=\"font-size:clamp(15.197px, 0.95rem + ((1vw - 3.2px) * 0.765), 23px);px\"><strong><em>Mais informa\u00e7\u00f5es: <\/em><\/strong><a href=\"https:\/\/oab.estrategia.com\/portal\/prova-oab\/\" target=\"_blank\" rel=\"noreferrer noopener\"><em>Prova OAB<\/em><\/a><\/p>\n\n\n\n<p class=\"has-text-align-center has-luminous-vivid-amber-background-color has-background\" style=\"font-size:clamp(16.293px, 1.018rem + ((1vw - 3.2px) * 0.854), 25px);px\"><strong><em>Baixe o edital: <\/em><\/strong><em> <\/em><a rel=\"noreferrer noopener\" aria-label=\"Edital XXXI Exame OAB (abre numa nova aba)\" href=\"https:\/\/dhg1h5j42swfq.cloudfront.net\/2019\/12\/02152610\/Edital-XXXI-Exame-de-Ordem.pdf\" target=\"_blank\"><strong>Edital XXXI Exame OAB<\/strong><\/a><strong> <\/strong><\/p>\n\n\n\n<h2 class=\"wp-block-heading\" id=\"h-nossas-redes-sociais\">Nossas redes sociais<\/h2>\n\n\n\n<p class=\"has-text-align-center has-very-light-gray-background-color has-background\" style=\"font-size:clamp(14.642px, 0.915rem + ((1vw - 3.2px) * 0.721), 22px);px\"><a href=\"https:\/\/www.instagram.com\/estrategiaoab\/\" target=\"_blank\" rel=\"noreferrer noopener\">Instagram Estrat\u00e9gia OAB<\/a><\/p>\n\n\n\n<p class=\"has-text-align-center has-very-light-gray-background-color has-background\" style=\"font-size:clamp(14.642px, 0.915rem + ((1vw - 3.2px) * 0.721), 22px);px\"><a rel=\"noreferrer noopener\" href=\"https:\/\/www.youtube.com\/channel\/UC7rgrKTSF5aOrBGWOw60ovw\" target=\"_blank\">YouTube do Estrat\u00e9gia OAB<\/a><\/p>\n\n\n\n<h2 class=\"wp-block-heading\" id=\"h-grupo-de-telegram-para-a-oab\">Grupo de Telegram para a OAB<\/h2>\n\n\n\n<p class=\"has-text-align-center has-light-green-cyan-background-color has-background\" style=\"font-size:clamp(14.642px, 0.915rem + ((1vw - 3.2px) * 0.721), 22px);px\"><a href=\"http:\/\/bit.ly\/TelegramOAB\"><strong>Inscreva-se no nosso grupo do Telegram<\/strong><\/a><\/p>\n\n\n\n<h2 class=\"wp-block-heading\" id=\"h-cursos-para-o-exame-de-ordem\">Cursos para o Exame de Ordem<\/h2>\n\n\n\n<p class=\"has-text-align-center has-pale-cyan-blue-background-color has-background\" style=\"font-size:clamp(16.293px, 1.018rem + ((1vw - 3.2px) * 0.854), 25px);px\"><strong><a href=\"https:\/\/oab.estrategia.com\/\" target=\"_blank\" rel=\"noreferrer noopener\">Curso OAB 1\u00aa Fase<\/a><\/strong><\/p>\n\n\n\n<p class=\"has-text-align-center has-pale-cyan-blue-background-color has-background has-medium-font-size\"><a rel=\"noreferrer noopener\" href=\"https:\/\/www.estrategiaconcursos.com.br\/blog\/edital-oab-xxx-exame-de-ordem\/\" target=\"_blank\">Clique aqui para mais informa\u00e7\u00f5es sobre o Exame de Ordem<\/a><\/p>\n\n\n\n<p><\/p>\n","protected":false},"excerpt":{"rendered":"<p>As inscri\u00e7\u00f5es para o&nbsp;XXXI Exame de Ordem&nbsp;terminaram no dia 9 de dezembro. O Exame da OAB tem&nbsp;duas fase: a&nbsp;1.\u00aa&nbsp;(prova objetiva) est\u00e1 prevista para ocorrer em&nbsp;09 de fevereiro&nbsp;e a&nbsp;2.\u00aa&nbsp;fase&nbsp;(prova pr\u00e1tico-profissional) foi agendada para&nbsp;05 de abril de 2020. E para voc\u00ea que est\u00e1 curioso e pretende se antecipar aos prov\u00e1veis temas de prova e com isso especializar [&hellip;]<\/p>\n","protected":false},"author":1376,"featured_media":462735,"comment_status":"open","ping_status":"closed","sticky":false,"template":"","format":"standard","meta":{"post_tipo":"article","footnotes":""},"categories":[1],"tags":[],"tax_estado":[],"class_list":["post-462725","post","type-post","status-publish","format-standard","has-post-thumbnail","hentry","category-cursos-e-concursos"],"acf":[],"yoast_head":"<!-- This site is optimized with the Yoast SEO Premium plugin v27.2 (Yoast SEO v27.2) - https:\/\/yoast.com\/product\/yoast-seo-premium-wordpress\/ -->\n<title>Novidades Jur\u00eddicas OAB: 4 dias de evento com o que cair\u00e1 na sua prova!<\/title>\n<meta name=\"robots\" content=\"index, follow, max-snippet:-1, max-image-preview:large, max-video-preview:-1\" \/>\n<link rel=\"canonical\" href=\"https:\/\/www.estrategiaconcursos.com.br\/blog\/novidades-juridicas-oab-4-dias-de-evento-com-o-que-caira-na-sua-prova\/\" \/>\n<meta property=\"og:locale\" content=\"pt_BR\" \/>\n<meta property=\"og:type\" content=\"article\" \/>\n<meta property=\"og:title\" content=\"Novidades Jur\u00eddicas OAB: 4 dias de evento com o que cair\u00e1 na sua prova!\" \/>\n<meta property=\"og:description\" content=\"As inscri\u00e7\u00f5es para o&nbsp;XXXI Exame de Ordem&nbsp;terminaram no dia 9 de dezembro. O Exame da OAB tem&nbsp;duas fase: a&nbsp;1.\u00aa&nbsp;(prova objetiva) est\u00e1 prevista para ocorrer em&nbsp;09 de fevereiro&nbsp;e a&nbsp;2.\u00aa&nbsp;fase&nbsp;(prova pr\u00e1tico-profissional) foi agendada para&nbsp;05 de abril de 2020. E para voc\u00ea que est\u00e1 curioso e pretende se antecipar aos prov\u00e1veis temas de prova e com isso especializar [&hellip;]\" \/>\n<meta property=\"og:url\" content=\"https:\/\/www.estrategiaconcursos.com.br\/blog\/novidades-juridicas-oab-4-dias-de-evento-com-o-que-caira-na-sua-prova\/\" \/>\n<meta property=\"og:site_name\" content=\"Estrat\u00e9gia Concursos\" \/>\n<meta property=\"article:published_time\" content=\"2019-12-22T10:30:00+00:00\" \/>\n<meta property=\"article:modified_time\" content=\"2023-05-05T20:53:22+00:00\" \/>\n<meta property=\"og:image\" content=\"https:\/\/dhg1h5j42swfq.cloudfront.net\/2019\/12\/19173536\/YTB_NOVIDADESOAB.jpg\" \/>\n\t<meta property=\"og:image:width\" content=\"1280\" \/>\n\t<meta property=\"og:image:height\" content=\"720\" \/>\n\t<meta property=\"og:image:type\" content=\"image\/jpeg\" \/>\n<meta name=\"author\" content=\"Mariana Cury Bunduky\" \/>\n<meta name=\"twitter:card\" content=\"summary_large_image\" \/>\n<meta name=\"twitter:creator\" content=\"@EstratConcursos\" \/>\n<meta name=\"twitter:site\" content=\"@EstratConcursos\" \/>\n<meta name=\"twitter:label1\" content=\"Escrito por\" \/>\n\t<meta name=\"twitter:data1\" content=\"Mariana Cury Bunduky\" \/>\n\t<meta name=\"twitter:label2\" content=\"Est. tempo de leitura\" \/>\n\t<meta name=\"twitter:data2\" content=\"2 minutos\" \/>\n<script type=\"application\/ld+json\" class=\"yoast-schema-graph\">{\"@context\":\"https:\/\/schema.org\",\"@graph\":[{\"@type\":\"NewsArticle\",\"@id\":\"https:\/\/www.estrategiaconcursos.com.br\/blog\/novidades-juridicas-oab-4-dias-de-evento-com-o-que-caira-na-sua-prova\/#article\",\"isPartOf\":{\"@id\":\"https:\/\/www.estrategiaconcursos.com.br\/blog\/novidades-juridicas-oab-4-dias-de-evento-com-o-que-caira-na-sua-prova\/\"},\"author\":{\"name\":\"Mariana Cury Bunduky\",\"@id\":\"https:\/\/www.estrategiaconcursos.com.br\/blog\/#\/schema\/person\/97594fe1216aa8a9cd2782ad241b7bac\"},\"headline\":\"Novidades Jur\u00eddicas OAB: 4 dias de evento com o que cair\u00e1 na sua prova!\",\"datePublished\":\"2019-12-22T10:30:00+00:00\",\"dateModified\":\"2023-05-05T20:53:22+00:00\",\"mainEntityOfPage\":{\"@id\":\"https:\/\/www.estrategiaconcursos.com.br\/blog\/novidades-juridicas-oab-4-dias-de-evento-com-o-que-caira-na-sua-prova\/\"},\"wordCount\":407,\"commentCount\":0,\"publisher\":{\"@id\":\"https:\/\/www.estrategiaconcursos.com.br\/blog\/#organization\"},\"image\":{\"@id\":\"https:\/\/www.estrategiaconcursos.com.br\/blog\/novidades-juridicas-oab-4-dias-de-evento-com-o-que-caira-na-sua-prova\/#primaryimage\"},\"thumbnailUrl\":\"https:\/\/dhg1h5j42swfq.cloudfront.net\/2019\/12\/19173536\/YTB_NOVIDADESOAB.jpg\",\"articleSection\":[\"Concursos P\u00fablicos\"],\"inLanguage\":\"pt-BR\",\"potentialAction\":[{\"@type\":\"CommentAction\",\"name\":\"Comment\",\"target\":[\"https:\/\/www.estrategiaconcursos.com.br\/blog\/novidades-juridicas-oab-4-dias-de-evento-com-o-que-caira-na-sua-prova\/#respond\"]}],\"copyrightYear\":\"2019\",\"copyrightHolder\":{\"@id\":\"https:\/\/www.estrategiaconcursos.com.br\/blog\/#organization\"}},{\"@type\":\"WebPage\",\"@id\":\"https:\/\/www.estrategiaconcursos.com.br\/blog\/novidades-juridicas-oab-4-dias-de-evento-com-o-que-caira-na-sua-prova\/\",\"url\":\"https:\/\/www.estrategiaconcursos.com.br\/blog\/novidades-juridicas-oab-4-dias-de-evento-com-o-que-caira-na-sua-prova\/\",\"name\":\"Novidades Jur\u00eddicas OAB: 4 dias de evento com o que cair\u00e1 na sua prova!\",\"isPartOf\":{\"@id\":\"https:\/\/www.estrategiaconcursos.com.br\/blog\/#website\"},\"primaryImageOfPage\":{\"@id\":\"https:\/\/www.estrategiaconcursos.com.br\/blog\/novidades-juridicas-oab-4-dias-de-evento-com-o-que-caira-na-sua-prova\/#primaryimage\"},\"image\":{\"@id\":\"https:\/\/www.estrategiaconcursos.com.br\/blog\/novidades-juridicas-oab-4-dias-de-evento-com-o-que-caira-na-sua-prova\/#primaryimage\"},\"thumbnailUrl\":\"https:\/\/dhg1h5j42swfq.cloudfront.net\/2019\/12\/19173536\/YTB_NOVIDADESOAB.jpg\",\"datePublished\":\"2019-12-22T10:30:00+00:00\",\"dateModified\":\"2023-05-05T20:53:22+00:00\",\"breadcrumb\":{\"@id\":\"https:\/\/www.estrategiaconcursos.com.br\/blog\/novidades-juridicas-oab-4-dias-de-evento-com-o-que-caira-na-sua-prova\/#breadcrumb\"},\"inLanguage\":\"pt-BR\",\"potentialAction\":[{\"@type\":\"ReadAction\",\"target\":[\"https:\/\/www.estrategiaconcursos.com.br\/blog\/novidades-juridicas-oab-4-dias-de-evento-com-o-que-caira-na-sua-prova\/\"]}]},{\"@type\":\"ImageObject\",\"inLanguage\":\"pt-BR\",\"@id\":\"https:\/\/www.estrategiaconcursos.com.br\/blog\/novidades-juridicas-oab-4-dias-de-evento-com-o-que-caira-na-sua-prova\/#primaryimage\",\"url\":\"https:\/\/dhg1h5j42swfq.cloudfront.net\/2019\/12\/19173536\/YTB_NOVIDADESOAB.jpg\",\"contentUrl\":\"https:\/\/dhg1h5j42swfq.cloudfront.net\/2019\/12\/19173536\/YTB_NOVIDADESOAB.jpg\",\"width\":1280,\"height\":720},{\"@type\":\"BreadcrumbList\",\"@id\":\"https:\/\/www.estrategiaconcursos.com.br\/blog\/novidades-juridicas-oab-4-dias-de-evento-com-o-que-caira-na-sua-prova\/#breadcrumb\",\"itemListElement\":[{\"@type\":\"ListItem\",\"position\":1,\"name\":\"In\u00edcio\",\"item\":\"https:\/\/www.estrategiaconcursos.com.br\/blog\/\"},{\"@type\":\"ListItem\",\"position\":2,\"name\":\"Novidades Jur\u00eddicas OAB: 4 dias de evento com o que cair\u00e1 na sua prova!\"}]},{\"@type\":\"WebSite\",\"@id\":\"https:\/\/www.estrategiaconcursos.com.br\/blog\/#website\",\"url\":\"https:\/\/www.estrategiaconcursos.com.br\/blog\/\",\"name\":\"Estrat\u00e9gia Concursos\",\"description\":\"O blog da Estrat\u00e9gia Concursos traz not\u00edcias sobre concursos e artigos de professores oferecendo cursos para concursos (pdf + videaulas) no site.\",\"publisher\":{\"@id\":\"https:\/\/www.estrategiaconcursos.com.br\/blog\/#organization\"},\"potentialAction\":[{\"@type\":\"SearchAction\",\"target\":{\"@type\":\"EntryPoint\",\"urlTemplate\":\"https:\/\/www.estrategiaconcursos.com.br\/blog\/?s={search_term_string}\"},\"query-input\":{\"@type\":\"PropertyValueSpecification\",\"valueRequired\":true,\"valueName\":\"search_term_string\"}}],\"inLanguage\":\"pt-BR\"},{\"@type\":\"Organization\",\"@id\":\"https:\/\/www.estrategiaconcursos.com.br\/blog\/#organization\",\"name\":\"Estrat\u00e9gia Concursos\",\"url\":\"https:\/\/www.estrategiaconcursos.com.br\/blog\/\",\"logo\":{\"@type\":\"ImageObject\",\"inLanguage\":\"pt-BR\",\"@id\":\"https:\/\/www.estrategiaconcursos.com.br\/blog\/#\/schema\/logo\/image\/\",\"url\":\"https:\/\/dhg1h5j42swfq.cloudfront.net\/2025\/06\/03203428\/logo_concursos-1.jpg\",\"contentUrl\":\"https:\/\/dhg1h5j42swfq.cloudfront.net\/2025\/06\/03203428\/logo_concursos-1.jpg\",\"width\":230,\"height\":60,\"caption\":\"Estrat\u00e9gia Concursos\"},\"image\":{\"@id\":\"https:\/\/www.estrategiaconcursos.com.br\/blog\/#\/schema\/logo\/image\/\"},\"sameAs\":[\"https:\/\/x.com\/EstratConcursos\"]},{\"@type\":\"Person\",\"@id\":\"https:\/\/www.estrategiaconcursos.com.br\/blog\/#\/schema\/person\/97594fe1216aa8a9cd2782ad241b7bac\",\"name\":\"Mariana Cury Bunduky\",\"image\":{\"@type\":\"ImageObject\",\"inLanguage\":\"pt-BR\",\"@id\":\"https:\/\/secure.gravatar.com\/avatar\/?s=96&d=mm&r=g\",\"url\":\"https:\/\/secure.gravatar.com\/avatar\/?s=96&d=mm&r=g\",\"contentUrl\":\"https:\/\/secure.gravatar.com\/avatar\/?s=96&d=mm&r=g\",\"caption\":\"Mariana Cury Bunduky\"},\"url\":\"https:\/\/www.estrategiaconcursos.com.br\/blog\/author\/mariana-bunduky\/\"}]}<\/script>\n<!-- \/ Yoast SEO Premium plugin. -->","yoast_head_json":{"title":"Novidades Jur\u00eddicas OAB: 4 dias de evento com o que cair\u00e1 na sua prova!","robots":{"index":"index","follow":"follow","max-snippet":"max-snippet:-1","max-image-preview":"max-image-preview:large","max-video-preview":"max-video-preview:-1"},"canonical":"https:\/\/www.estrategiaconcursos.com.br\/blog\/novidades-juridicas-oab-4-dias-de-evento-com-o-que-caira-na-sua-prova\/","og_locale":"pt_BR","og_type":"article","og_title":"Novidades Jur\u00eddicas OAB: 4 dias de evento com o que cair\u00e1 na sua prova!","og_description":"As inscri\u00e7\u00f5es para o&nbsp;XXXI Exame de Ordem&nbsp;terminaram no dia 9 de dezembro. O Exame da OAB tem&nbsp;duas fase: a&nbsp;1.\u00aa&nbsp;(prova objetiva) est\u00e1 prevista para ocorrer em&nbsp;09 de fevereiro&nbsp;e a&nbsp;2.\u00aa&nbsp;fase&nbsp;(prova pr\u00e1tico-profissional) foi agendada para&nbsp;05 de abril de 2020. E para voc\u00ea que est\u00e1 curioso e pretende se antecipar aos prov\u00e1veis temas de prova e com isso especializar [&hellip;]","og_url":"https:\/\/www.estrategiaconcursos.com.br\/blog\/novidades-juridicas-oab-4-dias-de-evento-com-o-que-caira-na-sua-prova\/","og_site_name":"Estrat\u00e9gia Concursos","article_published_time":"2019-12-22T10:30:00+00:00","article_modified_time":"2023-05-05T20:53:22+00:00","og_image":[{"width":1280,"height":720,"url":"https:\/\/dhg1h5j42swfq.cloudfront.net\/2019\/12\/19173536\/YTB_NOVIDADESOAB.jpg","type":"image\/jpeg"}],"author":"Mariana Cury Bunduky","twitter_card":"summary_large_image","twitter_creator":"@EstratConcursos","twitter_site":"@EstratConcursos","twitter_misc":{"Escrito por":"Mariana Cury Bunduky","Est. tempo de leitura":"2 minutos"},"schema":{"@context":"https:\/\/schema.org","@graph":[{"@type":"NewsArticle","@id":"https:\/\/www.estrategiaconcursos.com.br\/blog\/novidades-juridicas-oab-4-dias-de-evento-com-o-que-caira-na-sua-prova\/#article","isPartOf":{"@id":"https:\/\/www.estrategiaconcursos.com.br\/blog\/novidades-juridicas-oab-4-dias-de-evento-com-o-que-caira-na-sua-prova\/"},"author":{"name":"Mariana Cury Bunduky","@id":"https:\/\/www.estrategiaconcursos.com.br\/blog\/#\/schema\/person\/97594fe1216aa8a9cd2782ad241b7bac"},"headline":"Novidades Jur\u00eddicas OAB: 4 dias de evento com o que cair\u00e1 na sua prova!","datePublished":"2019-12-22T10:30:00+00:00","dateModified":"2023-05-05T20:53:22+00:00","mainEntityOfPage":{"@id":"https:\/\/www.estrategiaconcursos.com.br\/blog\/novidades-juridicas-oab-4-dias-de-evento-com-o-que-caira-na-sua-prova\/"},"wordCount":407,"commentCount":0,"publisher":{"@id":"https:\/\/www.estrategiaconcursos.com.br\/blog\/#organization"},"image":{"@id":"https:\/\/www.estrategiaconcursos.com.br\/blog\/novidades-juridicas-oab-4-dias-de-evento-com-o-que-caira-na-sua-prova\/#primaryimage"},"thumbnailUrl":"https:\/\/dhg1h5j42swfq.cloudfront.net\/2019\/12\/19173536\/YTB_NOVIDADESOAB.jpg","articleSection":["Concursos P\u00fablicos"],"inLanguage":"pt-BR","potentialAction":[{"@type":"CommentAction","name":"Comment","target":["https:\/\/www.estrategiaconcursos.com.br\/blog\/novidades-juridicas-oab-4-dias-de-evento-com-o-que-caira-na-sua-prova\/#respond"]}],"copyrightYear":"2019","copyrightHolder":{"@id":"https:\/\/www.estrategiaconcursos.com.br\/blog\/#organization"}},{"@type":"WebPage","@id":"https:\/\/www.estrategiaconcursos.com.br\/blog\/novidades-juridicas-oab-4-dias-de-evento-com-o-que-caira-na-sua-prova\/","url":"https:\/\/www.estrategiaconcursos.com.br\/blog\/novidades-juridicas-oab-4-dias-de-evento-com-o-que-caira-na-sua-prova\/","name":"Novidades Jur\u00eddicas OAB: 4 dias de evento com o que cair\u00e1 na sua prova!","isPartOf":{"@id":"https:\/\/www.estrategiaconcursos.com.br\/blog\/#website"},"primaryImageOfPage":{"@id":"https:\/\/www.estrategiaconcursos.com.br\/blog\/novidades-juridicas-oab-4-dias-de-evento-com-o-que-caira-na-sua-prova\/#primaryimage"},"image":{"@id":"https:\/\/www.estrategiaconcursos.com.br\/blog\/novidades-juridicas-oab-4-dias-de-evento-com-o-que-caira-na-sua-prova\/#primaryimage"},"thumbnailUrl":"https:\/\/dhg1h5j42swfq.cloudfront.net\/2019\/12\/19173536\/YTB_NOVIDADESOAB.jpg","datePublished":"2019-12-22T10:30:00+00:00","dateModified":"2023-05-05T20:53:22+00:00","breadcrumb":{"@id":"https:\/\/www.estrategiaconcursos.com.br\/blog\/novidades-juridicas-oab-4-dias-de-evento-com-o-que-caira-na-sua-prova\/#breadcrumb"},"inLanguage":"pt-BR","potentialAction":[{"@type":"ReadAction","target":["https:\/\/www.estrategiaconcursos.com.br\/blog\/novidades-juridicas-oab-4-dias-de-evento-com-o-que-caira-na-sua-prova\/"]}]},{"@type":"ImageObject","inLanguage":"pt-BR","@id":"https:\/\/www.estrategiaconcursos.com.br\/blog\/novidades-juridicas-oab-4-dias-de-evento-com-o-que-caira-na-sua-prova\/#primaryimage","url":"https:\/\/dhg1h5j42swfq.cloudfront.net\/2019\/12\/19173536\/YTB_NOVIDADESOAB.jpg","contentUrl":"https:\/\/dhg1h5j42swfq.cloudfront.net\/2019\/12\/19173536\/YTB_NOVIDADESOAB.jpg","width":1280,"height":720},{"@type":"BreadcrumbList","@id":"https:\/\/www.estrategiaconcursos.com.br\/blog\/novidades-juridicas-oab-4-dias-de-evento-com-o-que-caira-na-sua-prova\/#breadcrumb","itemListElement":[{"@type":"ListItem","position":1,"name":"In\u00edcio","item":"https:\/\/www.estrategiaconcursos.com.br\/blog\/"},{"@type":"ListItem","position":2,"name":"Novidades Jur\u00eddicas OAB: 4 dias de evento com o que cair\u00e1 na sua prova!"}]},{"@type":"WebSite","@id":"https:\/\/www.estrategiaconcursos.com.br\/blog\/#website","url":"https:\/\/www.estrategiaconcursos.com.br\/blog\/","name":"Estrat\u00e9gia Concursos","description":"O blog da Estrat\u00e9gia Concursos traz not\u00edcias sobre concursos e artigos de professores oferecendo cursos para concursos (pdf + videaulas) no site.","publisher":{"@id":"https:\/\/www.estrategiaconcursos.com.br\/blog\/#organization"},"potentialAction":[{"@type":"SearchAction","target":{"@type":"EntryPoint","urlTemplate":"https:\/\/www.estrategiaconcursos.com.br\/blog\/?s={search_term_string}"},"query-input":{"@type":"PropertyValueSpecification","valueRequired":true,"valueName":"search_term_string"}}],"inLanguage":"pt-BR"},{"@type":"Organization","@id":"https:\/\/www.estrategiaconcursos.com.br\/blog\/#organization","name":"Estrat\u00e9gia Concursos","url":"https:\/\/www.estrategiaconcursos.com.br\/blog\/","logo":{"@type":"ImageObject","inLanguage":"pt-BR","@id":"https:\/\/www.estrategiaconcursos.com.br\/blog\/#\/schema\/logo\/image\/","url":"https:\/\/dhg1h5j42swfq.cloudfront.net\/2025\/06\/03203428\/logo_concursos-1.jpg","contentUrl":"https:\/\/dhg1h5j42swfq.cloudfront.net\/2025\/06\/03203428\/logo_concursos-1.jpg","width":230,"height":60,"caption":"Estrat\u00e9gia Concursos"},"image":{"@id":"https:\/\/www.estrategiaconcursos.com.br\/blog\/#\/schema\/logo\/image\/"},"sameAs":["https:\/\/x.com\/EstratConcursos"]},{"@type":"Person","@id":"https:\/\/www.estrategiaconcursos.com.br\/blog\/#\/schema\/person\/97594fe1216aa8a9cd2782ad241b7bac","name":"Mariana Cury Bunduky","image":{"@type":"ImageObject","inLanguage":"pt-BR","@id":"https:\/\/secure.gravatar.com\/avatar\/?s=96&d=mm&r=g","url":"https:\/\/secure.gravatar.com\/avatar\/?s=96&d=mm&r=g","contentUrl":"https:\/\/secure.gravatar.com\/avatar\/?s=96&d=mm&r=g","caption":"Mariana Cury Bunduky"},"url":"https:\/\/www.estrategiaconcursos.com.br\/blog\/author\/mariana-bunduky\/"}]}},"_links":{"self":[{"href":"https:\/\/www.estrategiaconcursos.com.br\/blog\/wp-json\/wp\/v2\/posts\/462725","targetHints":{"allow":["GET"]}}],"collection":[{"href":"https:\/\/www.estrategiaconcursos.com.br\/blog\/wp-json\/wp\/v2\/posts"}],"about":[{"href":"https:\/\/www.estrategiaconcursos.com.br\/blog\/wp-json\/wp\/v2\/types\/post"}],"author":[{"embeddable":true,"href":"https:\/\/www.estrategiaconcursos.com.br\/blog\/wp-json\/wp\/v2\/users\/1376"}],"replies":[{"embeddable":true,"href":"https:\/\/www.estrategiaconcursos.com.br\/blog\/wp-json\/wp\/v2\/comments?post=462725"}],"version-history":[{"count":15,"href":"https:\/\/www.estrategiaconcursos.com.br\/blog\/wp-json\/wp\/v2\/posts\/462725\/revisions"}],"predecessor-version":[{"id":1211665,"href":"https:\/\/www.estrategiaconcursos.com.br\/blog\/wp-json\/wp\/v2\/posts\/462725\/revisions\/1211665"}],"wp:featuredmedia":[{"embeddable":true,"href":"https:\/\/www.estrategiaconcursos.com.br\/blog\/wp-json\/wp\/v2\/media\/462735"}],"wp:attachment":[{"href":"https:\/\/www.estrategiaconcursos.com.br\/blog\/wp-json\/wp\/v2\/media?parent=462725"}],"wp:term":[{"taxonomy":"category","embeddable":true,"href":"https:\/\/www.estrategiaconcursos.com.br\/blog\/wp-json\/wp\/v2\/categories?post=462725"},{"taxonomy":"post_tag","embeddable":true,"href":"https:\/\/www.estrategiaconcursos.com.br\/blog\/wp-json\/wp\/v2\/tags?post=462725"},{"taxonomy":"tax_estado","embeddable":true,"href":"https:\/\/www.estrategiaconcursos.com.br\/blog\/wp-json\/wp\/v2\/tax_estado?post=462725"}],"curies":[{"name":"wp","href":"https:\/\/api.w.org\/{rel}","templated":true}]}}