{"id":46267,"date":"2016-08-13T15:37:49","date_gmt":"2016-08-13T18:37:49","guid":{"rendered":"https:\/\/www.estrategiaconcursos.com.br\/blog\/?p=46267"},"modified":"2016-08-14T11:51:05","modified_gmt":"2016-08-14T14:51:05","slug":"vamos-estudar-para-aft-correcao-da-discursiva-de-economia-do-trabalho-2016","status":"publish","type":"post","link":"https:\/\/www.estrategiaconcursos.com.br\/blog\/vamos-estudar-para-aft-correcao-da-discursiva-de-economia-do-trabalho-2016\/","title":{"rendered":"Vamos estudar para AFT! Corre\u00e7\u00e3o da discursiva de Economia do Trabalho 2016"},"content":{"rendered":"<p>Fala pessoal!<\/p>\n<p>Vamos retomar os estudos para AFT? O governo est\u00e1 prometendo realizar concurso em breve, ent\u00e3o voc\u00ea tem de estar preparado! O concurso de AFT \u00e9 um dos mais desejados do Brasil e tende a se tornar ainda melhor! Para mais detalhes, d\u00ea uma olhada no meu artigo com o Prof. Ali:<\/p>\n<blockquote class=\"wp-embedded-content\" data-secret=\"vBgZwXDLBP\"><p><a href=\"https:\/\/www.estrategiaconcursos.com.br\/blog\/concurso-aft-carreira\/\">Concurso AFT: detalhes sobre a carreira e expectativa de novo certame<\/a><\/p><\/blockquote>\n<p><iframe loading=\"lazy\" class=\"wp-embedded-content\" sandbox=\"allow-scripts\" security=\"restricted\" style=\"position: absolute; clip: rect(1px, 1px, 1px, 1px);\" title=\"&#8220;Concurso AFT: detalhes sobre a carreira e expectativa de novo certame&#8221; &#8212; Estrat\u00e9gia Concursos\" src=\"https:\/\/www.estrategiaconcursos.com.br\/blog\/concurso-aft-carreira\/embed\/#?secret=tDpvG35LmC#?secret=vBgZwXDLBP\" data-secret=\"vBgZwXDLBP\" width=\"500\" height=\"282\" frameborder=\"0\" marginwidth=\"0\" marginheight=\"0\" scrolling=\"no\"><\/iframe><\/p>\n<p>Mas, n\u00e3o basta escolher um bom concurso! Voc\u00ea tem de estudar muito. Assim, vamos estudar Economia do Trabalho, uma das mat\u00e9rias mais importantes e dif\u00edceis deste concurso.<\/p>\n<p>Uma coisa importante \u00e9\u00a0estudar para a prova discursiva, j\u00e1 que esta mat\u00e9ria foi cobrada nesta etapa do \u00faltimo certame. Ent\u00e3o, chega de papo, vamos l\u00e1!<\/p>\n<p><strong><u>Coment\u00e1rios \u00e0 prova discursiva de AFT 2013<\/u><\/strong><\/p>\n<p>Neste artigo vou <strong>repetir<\/strong> os coment\u00e1rios que eu j\u00e1 tinha feito sobre a prova discursiva de AFT na \u00e9poca da mesma. Mas, acho importante estudar o que foi pedido na \u00e9poca, ent\u00e3o, vamos l\u00e1!<\/p>\n<p>-\u201cO que voc\u00ea achou da prova, professor\u201d?<\/p>\n<p>A CESPE pisou no tomate, na primeira e na segunda fase. E, pode acreditar, eu sou um dos AFT que ficou mais positivo quanto \u00e0 prova!<\/p>\n<p>Bom, eu \u201ccantei a bola\u201d para todo mundo que me mandou email ou comprou o curso de t\u00e9cnicas de discursivas: o tema sindicatos era muito prov\u00e1vel.<\/p>\n<p>O estranho foi a abordagem da CESPE, principalmente na segunda pergunta, que n\u00e3o \u00e9 um assunto muito discutido nos manuais de Economia do Trabalho. Fazer o que?<\/p>\n<p><strong>Bom, eu n\u00e3o vou ficar mostrando como eu escreveria a quest\u00e3o, pois n\u00e3o gosto deste tipo de abordagem. Eu apenas mostrarei o conte\u00fado necess\u00e1rio para resolver cada item de maneira bem informal.<\/strong><\/p>\n<p>OLHA A QUEST\u00c3O A\u00cd!<\/p>\n<p><strong>(AFT-CESPE\/2013)<\/strong><\/p>\n<p><strong><u>QUEST\u00c3O 2<\/u><\/strong><\/p>\n<p><u>Tradicionalmente, os economistas tendem a considerar a determina\u00e7\u00e3o de sal\u00e1rios no mercado de trabalho de forma similar \u00e0 determina\u00e7\u00e3o de pre\u00e7os em um mercado qualquer, onde as for\u00e7as de oferta e de demanda desempenham papel central. Nesse contexto, o sindicato \u00e9 visto como um vendedor monopolista de trabalho regido pelo princ\u00edpio da maximiza\u00e7\u00e3o, de modo que a uni\u00e3o laboral passa a ser interpretada de forma an\u00e1loga a uma firma que comercializa o seu produto. Contudo, quando se rejeita a determina\u00e7\u00e3o dos sal\u00e1rios nominais pelas for\u00e7as de mercado, sob as quais o mercado de trabalho deveria sempre se comportar da mesma forma que todos os demais mercados, abre-se espa\u00e7o para discutir aspectos relacionados \u00e0 estrutura institucional do mercado de trabalho e da din\u00e2mica salarial, \u00e0 heterogeneidade dos agentes participantes do sindicato, ao tamanho dos grupos tomadores de decis\u00e3o, entre outros aspectos.<\/u><\/p>\n<p><u>Tendo o texto acima como refer\u00eancia inicial, discorra sobre os efeitos macroecon\u00f4micos da negocia\u00e7\u00e3o coletiva sobre o n\u00edvel de desemprego e a infla\u00e7\u00e3o [valor: 9,00 pontos] e indique a raz\u00e3o econ\u00f4mica de o resultado da taxa de desemprego ser menor em pa\u00edses com determina\u00e7\u00e3o salarial no \u00e2mbito da firma ou no \u00e2mbito centralizado que em pa\u00edses com determina\u00e7\u00e3o salarial no \u00e2mbito da ind\u00fastria [valor: 10,00 pontos].<\/u><\/p>\n<p><strong>1\u00ba item <\/strong><\/p>\n<p><strong>\u00a0<\/strong>Pessoal, este \u00e9 f\u00e1cil, certo? Vamos nos lembrar do nosso curso.<\/p>\n<p>O que o sindicato deseja? Um monte de coisas, mas, uma das principais, \u00e9 <strong>ganho salarial<\/strong> para o seus afiliados.<\/p>\n<p>Ent\u00e3o, por meio de barganha salarial, greves, dentre outras medidas, vamos supor que o sindicato consiga um sal\u00e1rio para seus afiliados (w\u2019) acima do valor estabelecido pelo equil\u00edbrio competitivo (w*).<\/p>\n<p>O que ocorre neste caso?<\/p>\n<p><a href=\"https:\/\/www.estrategiaconcursos.com.br\/blog\/vamos-estudar-para-aft-correcao-da-discursiva-de-economia-do-trabalho-2016\/grafico\/\" rel=\"attachment wp-att-46271\"><img loading=\"lazy\" decoding=\"async\" class=\"alignnone wp-image-46271\" src=\"https:\/\/dhg1h5j42swfq.cloudfront.net\/2016\/08\/13152844\/grafico-300x173.png\" alt=\"grafico\" width=\"538\" height=\"319\" \/><\/a><\/p>\n<p>Assim, o mercado competitivo geraria um sal\u00e1rio de mercado de w* e um emprego de L*.<\/p>\n<p>Portanto, com a entrada do sindicato, o sal\u00e1rio subir\u00e1 para w\u2019, gerando um desemprego da ordem de L2-L1.<\/p>\n<p>Perceba que o resultado foi uma maior taxa de desemprego associada a um sal\u00e1rio mais elevado do que o sal\u00e1rio competitivo.<\/p>\n<p>Uma das principais fontes de custos para as empresas \u00e9 o sal\u00e1rio pago pelas mesmas. O que voc\u00ea acha que as empresas far\u00e3o diante desta eleva\u00e7\u00e3o salarial (o que equivale a um aumento de seus custos)?<\/p>\n<p>Exatamente! Elevar\u00e3o seus pre\u00e7os, o que resulta em uma eleva\u00e7\u00e3o da infla\u00e7\u00e3o, quando o mesmo acontece de forma generalizada com muitas empresas.<\/p>\n<p><strong>2\u00ba Item <\/strong><\/p>\n<p><strong>\u00a0<\/strong>Este \u00e9 mais complicadinho, mas, com uma boa pensada, dava para chegar nas conclus\u00f5es.<\/p>\n<p>O problema desta quest\u00e3o \u00e9 um enunciado muito mal escrito. Primeiramente, vamos definir algumas coisas:<\/p>\n<ul>\n<li>Firma: empresa individual<\/li>\n<li>Ind\u00fastria: conjunto de empresas que exploram o mesmo neg\u00f3cio<\/li>\n<li>\u00c2mbito centralizado: a\u00ed \u00e9 que est\u00e1 o problema! N\u00e3o fica muito claro. Mas, pelo contexto, podemos inferir que trata-se da economia como um todo.<\/li>\n<\/ul>\n<p>Bom, h\u00e1 uma diversidade de fatores que diferenciam a determina\u00e7\u00e3o salarial nas 3 \u201cestruturas\u201d. Entretanto, a quest\u00e3o fala para tomarmos o texto como refer\u00eancia, portanto, assim o faremos.<\/p>\n<p>Pense, a quest\u00e3o est\u00e1 falando em desemprego, portanto, n\u00f3s temos de tentar enxergar qual das estruturas possui maior capacidade de elevar os sal\u00e1rios para al\u00e9m do n\u00edvel competitivo e, portanto, gerar o maior desemprego.<\/p>\n<p>Bom, n\u00f3s estudamos que quanto mais inel\u00e1stica for a demanda de trabalho com rela\u00e7\u00e3o ao sal\u00e1rio, maior ser\u00e1 essa capacidade, pois o bem (trabalho) ser\u00e1 \u201cmais essencial\u201d.<\/p>\n<p>Pense na firma, no caso de uma empresa muito pequena, os trabalhadores da mesma n\u00e3o ter\u00e3o grande poder de barganha, pois a empresa \u00e9 muito pequena com rela\u00e7\u00e3o ao tamanho do mercado de trabalho. Se algu\u00e9m se demitir, a empresa acha outra pessoa rapidamente. O mesmo vale para um sindicato que represente os trabalhadores desta firma, pois o mesmo n\u00e3o ter\u00e1 muito poder devido \u00e0 alta elasticidade da demanda por trabalho com rela\u00e7\u00e3o ao sal\u00e1rio.<\/p>\n<p>No caso \u201ccentralizado\u201d estamos tratando de pol\u00edticas salariais gerais para a economia como um todo. Neste caso, uma pol\u00edtica salarial seria o sal\u00e1rio m\u00ednimo, por exemplo. <strong>Voc\u00eas acham que o governo pode ficar aumentando o sal\u00e1rio geral da economia \u00e0 vontade?<\/strong> Claro que n\u00e3o! O mesmo leva em conta o impacto desta medida sobre as contas p\u00fablicas (voc\u00eas n\u00e3o viram que \u201cparto\u201d \u00e9 para o governo conseguir aprovar um aumento do m\u00ednimo?), sobre a produtividade das empresas, sobre a infla\u00e7\u00e3o, etc. N\u00e3o \u00e9 uma decis\u00e3o que n\u00e3o leva em conta os impactos indiretos da decis\u00e3o. O mesmo pode-se falar do sindicato centralizado (uma Confedera\u00e7\u00e3o, por exemplo). Este n\u00e3o tem poder pol\u00edtico para conseguir aumentos salarias generalizados, por todos estes motivos, al\u00e9m do fato de que, politicamente, isso pode n\u00e3o ser interessante, pois se tratam de interesses muito difusos e de dif\u00edcil concilia\u00e7\u00e3o.<\/p>\n<p>J\u00e1 na ind\u00fastria a coisa muda. A mesma n\u00e3o \u00e9 pequena demais com rela\u00e7\u00e3o ao mercado, muito pelo contr\u00e1rio, a mesma pode abarcar, praticamente, toda uma categoria (metal\u00fargicos, por exemplo). Neste caso, a uni\u00e3o dos trabalhadores tem muita for\u00e7a com rela\u00e7\u00e3o \u00e0s decis\u00f5es produtivas das empresas, pois os mesmos <strong>podem<\/strong> representar a totalidade da m\u00e3o-de-obra necess\u00e1ria para a realiza\u00e7\u00e3o de uma determinada atividade produtiva, ou seja, a demanda por trabalho ser\u00e1 mais inel\u00e1stica com rela\u00e7\u00e3o ao sal\u00e1rio. Nesse diapas\u00e3o, nos situamos em uma situa\u00e7\u00e3o intermedi\u00e1ria entre os dois casos tratados anteriormente, os trabalhadores e sindicatos tem elevado poder de barganha, apesar de n\u00e3o terem de levar em conta quest\u00f5es pol\u00edticas e econ\u00f4micas mais amplas.<\/p>\n<p>&nbsp;<\/p>\n<p>Entenderam, pessoal? A ideia aqui \u00e9 mostrar o racioc\u00ednio que tinha de ser feito, sem adentrar na parte formal da escrita.Com esses conceitos, voc\u00eas j\u00e1 podem estudar e aprofundar este conte\u00fado, ok?<\/p>\n<p>Espero que voc\u00eas tenham gostado da dica e, em breve colocarei mais novidades para voc\u00eas!<\/p>\n<p>Mandem d\u00favidas! Estou sempre \u00e0 disposi\u00e7\u00e3o.<\/p>\n<p>Forte Abra\u00e7o<\/p>\n<p>jeronymobj@hotmail.com<\/p>\n","protected":false},"excerpt":{"rendered":"<p>Fala pessoal! Vamos retomar os estudos para AFT? O governo est\u00e1 prometendo realizar concurso em breve, ent\u00e3o voc\u00ea tem de estar preparado! O concurso de AFT \u00e9 um dos mais desejados do Brasil e tende a se tornar ainda melhor! Para mais detalhes, d\u00ea uma olhada no meu artigo com o Prof. Ali: Concurso AFT: [&hellip;]<\/p>\n","protected":false},"author":102,"featured_media":0,"comment_status":"open","ping_status":"open","sticky":false,"template":"","format":"standard","meta":{"post_tipo":"article","footnotes":""},"categories":[1],"tags":[542,571],"tax_estado":[],"class_list":["post-46267","post","type-post","status-publish","format-standard","hentry","category-cursos-e-concursos","tag-aft","tag-economia-do-trabalho"],"acf":[],"yoast_head":"<!-- This site is optimized with the Yoast SEO Premium plugin v27.2 (Yoast SEO v27.2) - https:\/\/yoast.com\/product\/yoast-seo-premium-wordpress\/ -->\n<title>Vamos estudar para AFT! Corre\u00e7\u00e3o da discursiva de Economia do Trabalho 2016<\/title>\n<meta name=\"robots\" content=\"index, follow, max-snippet:-1, max-image-preview:large, max-video-preview:-1\" \/>\n<link rel=\"canonical\" href=\"https:\/\/www.estrategiaconcursos.com.br\/blog\/vamos-estudar-para-aft-correcao-da-discursiva-de-economia-do-trabalho-2016\/\" \/>\n<meta property=\"og:locale\" content=\"pt_BR\" \/>\n<meta property=\"og:type\" content=\"article\" \/>\n<meta property=\"og:title\" content=\"Vamos estudar para AFT! Corre\u00e7\u00e3o da discursiva de Economia do Trabalho 2016\" \/>\n<meta property=\"og:description\" content=\"Fala pessoal! Vamos retomar os estudos para AFT? O governo est\u00e1 prometendo realizar concurso em breve, ent\u00e3o voc\u00ea tem de estar preparado! O concurso de AFT \u00e9 um dos mais desejados do Brasil e tende a se tornar ainda melhor! Para mais detalhes, d\u00ea uma olhada no meu artigo com o Prof. Ali: Concurso AFT: [&hellip;]\" \/>\n<meta property=\"og:url\" content=\"https:\/\/www.estrategiaconcursos.com.br\/blog\/vamos-estudar-para-aft-correcao-da-discursiva-de-economia-do-trabalho-2016\/\" \/>\n<meta property=\"og:site_name\" content=\"Estrat\u00e9gia Concursos\" \/>\n<meta property=\"article:published_time\" content=\"2016-08-13T18:37:49+00:00\" \/>\n<meta property=\"article:modified_time\" content=\"2016-08-14T14:51:05+00:00\" \/>\n<meta property=\"og:image\" content=\"https:\/\/dhg1h5j42swfq.cloudfront.net\/2016\/08\/13152844\/grafico-300x173.png\" \/>\n<meta name=\"author\" content=\"Jeronymo Marcondes\" \/>\n<meta name=\"twitter:card\" content=\"summary_large_image\" \/>\n<meta name=\"twitter:creator\" content=\"@EstratConcursos\" \/>\n<meta name=\"twitter:site\" content=\"@EstratConcursos\" \/>\n<meta name=\"twitter:label1\" content=\"Escrito por\" \/>\n\t<meta name=\"twitter:data1\" content=\"Jeronymo Marcondes\" \/>\n\t<meta name=\"twitter:label2\" content=\"Est. tempo de leitura\" \/>\n\t<meta name=\"twitter:data2\" content=\"7 minutos\" \/>\n<script type=\"application\/ld+json\" class=\"yoast-schema-graph\">{\"@context\":\"https:\/\/schema.org\",\"@graph\":[{\"@type\":\"NewsArticle\",\"@id\":\"https:\/\/www.estrategiaconcursos.com.br\/blog\/vamos-estudar-para-aft-correcao-da-discursiva-de-economia-do-trabalho-2016\/#article\",\"isPartOf\":{\"@id\":\"https:\/\/www.estrategiaconcursos.com.br\/blog\/vamos-estudar-para-aft-correcao-da-discursiva-de-economia-do-trabalho-2016\/\"},\"author\":{\"name\":\"Jeronymo Marcondes\",\"@id\":\"https:\/\/www.estrategiaconcursos.com.br\/blog\/#\/schema\/person\/e3cdab5035db6e9686e2cadf080c2214\"},\"headline\":\"Vamos estudar para AFT! Corre\u00e7\u00e3o da discursiva de Economia do Trabalho 2016\",\"datePublished\":\"2016-08-13T18:37:49+00:00\",\"dateModified\":\"2016-08-14T14:51:05+00:00\",\"mainEntityOfPage\":{\"@id\":\"https:\/\/www.estrategiaconcursos.com.br\/blog\/vamos-estudar-para-aft-correcao-da-discursiva-de-economia-do-trabalho-2016\/\"},\"wordCount\":1335,\"commentCount\":0,\"publisher\":{\"@id\":\"https:\/\/www.estrategiaconcursos.com.br\/blog\/#organization\"},\"image\":{\"@id\":\"https:\/\/www.estrategiaconcursos.com.br\/blog\/vamos-estudar-para-aft-correcao-da-discursiva-de-economia-do-trabalho-2016\/#primaryimage\"},\"thumbnailUrl\":\"https:\/\/dhg1h5j42swfq.cloudfront.net\/2016\/08\/13152844\/grafico-300x173.png\",\"keywords\":[\"AFT\",\"Economia do Trabalho\"],\"articleSection\":[\"Concursos P\u00fablicos\"],\"inLanguage\":\"pt-BR\",\"potentialAction\":[{\"@type\":\"CommentAction\",\"name\":\"Comment\",\"target\":[\"https:\/\/www.estrategiaconcursos.com.br\/blog\/vamos-estudar-para-aft-correcao-da-discursiva-de-economia-do-trabalho-2016\/#respond\"]}],\"copyrightYear\":\"2016\",\"copyrightHolder\":{\"@id\":\"https:\/\/www.estrategiaconcursos.com.br\/blog\/#organization\"}},{\"@type\":\"WebPage\",\"@id\":\"https:\/\/www.estrategiaconcursos.com.br\/blog\/vamos-estudar-para-aft-correcao-da-discursiva-de-economia-do-trabalho-2016\/\",\"url\":\"https:\/\/www.estrategiaconcursos.com.br\/blog\/vamos-estudar-para-aft-correcao-da-discursiva-de-economia-do-trabalho-2016\/\",\"name\":\"Vamos estudar para AFT! Corre\u00e7\u00e3o da discursiva de Economia do Trabalho 2016\",\"isPartOf\":{\"@id\":\"https:\/\/www.estrategiaconcursos.com.br\/blog\/#website\"},\"primaryImageOfPage\":{\"@id\":\"https:\/\/www.estrategiaconcursos.com.br\/blog\/vamos-estudar-para-aft-correcao-da-discursiva-de-economia-do-trabalho-2016\/#primaryimage\"},\"image\":{\"@id\":\"https:\/\/www.estrategiaconcursos.com.br\/blog\/vamos-estudar-para-aft-correcao-da-discursiva-de-economia-do-trabalho-2016\/#primaryimage\"},\"thumbnailUrl\":\"https:\/\/dhg1h5j42swfq.cloudfront.net\/2016\/08\/13152844\/grafico-300x173.png\",\"datePublished\":\"2016-08-13T18:37:49+00:00\",\"dateModified\":\"2016-08-14T14:51:05+00:00\",\"breadcrumb\":{\"@id\":\"https:\/\/www.estrategiaconcursos.com.br\/blog\/vamos-estudar-para-aft-correcao-da-discursiva-de-economia-do-trabalho-2016\/#breadcrumb\"},\"inLanguage\":\"pt-BR\",\"potentialAction\":[{\"@type\":\"ReadAction\",\"target\":[\"https:\/\/www.estrategiaconcursos.com.br\/blog\/vamos-estudar-para-aft-correcao-da-discursiva-de-economia-do-trabalho-2016\/\"]}]},{\"@type\":\"ImageObject\",\"inLanguage\":\"pt-BR\",\"@id\":\"https:\/\/www.estrategiaconcursos.com.br\/blog\/vamos-estudar-para-aft-correcao-da-discursiva-de-economia-do-trabalho-2016\/#primaryimage\",\"url\":\"https:\/\/dhg1h5j42swfq.cloudfront.net\/2016\/08\/13152844\/grafico-300x173.png\",\"contentUrl\":\"https:\/\/dhg1h5j42swfq.cloudfront.net\/2016\/08\/13152844\/grafico-300x173.png\"},{\"@type\":\"BreadcrumbList\",\"@id\":\"https:\/\/www.estrategiaconcursos.com.br\/blog\/vamos-estudar-para-aft-correcao-da-discursiva-de-economia-do-trabalho-2016\/#breadcrumb\",\"itemListElement\":[{\"@type\":\"ListItem\",\"position\":1,\"name\":\"In\u00edcio\",\"item\":\"https:\/\/www.estrategiaconcursos.com.br\/blog\/\"},{\"@type\":\"ListItem\",\"position\":2,\"name\":\"Vamos estudar para AFT! Corre\u00e7\u00e3o da discursiva de Economia do Trabalho 2016\"}]},{\"@type\":\"WebSite\",\"@id\":\"https:\/\/www.estrategiaconcursos.com.br\/blog\/#website\",\"url\":\"https:\/\/www.estrategiaconcursos.com.br\/blog\/\",\"name\":\"Estrat\u00e9gia Concursos\",\"description\":\"O blog da Estrat\u00e9gia Concursos traz not\u00edcias sobre concursos e artigos de professores oferecendo cursos para concursos (pdf + videaulas) no site.\",\"publisher\":{\"@id\":\"https:\/\/www.estrategiaconcursos.com.br\/blog\/#organization\"},\"potentialAction\":[{\"@type\":\"SearchAction\",\"target\":{\"@type\":\"EntryPoint\",\"urlTemplate\":\"https:\/\/www.estrategiaconcursos.com.br\/blog\/?s={search_term_string}\"},\"query-input\":{\"@type\":\"PropertyValueSpecification\",\"valueRequired\":true,\"valueName\":\"search_term_string\"}}],\"inLanguage\":\"pt-BR\"},{\"@type\":\"Organization\",\"@id\":\"https:\/\/www.estrategiaconcursos.com.br\/blog\/#organization\",\"name\":\"Estrat\u00e9gia Concursos\",\"url\":\"https:\/\/www.estrategiaconcursos.com.br\/blog\/\",\"logo\":{\"@type\":\"ImageObject\",\"inLanguage\":\"pt-BR\",\"@id\":\"https:\/\/www.estrategiaconcursos.com.br\/blog\/#\/schema\/logo\/image\/\",\"url\":\"https:\/\/dhg1h5j42swfq.cloudfront.net\/2025\/06\/03203428\/logo_concursos-1.jpg\",\"contentUrl\":\"https:\/\/dhg1h5j42swfq.cloudfront.net\/2025\/06\/03203428\/logo_concursos-1.jpg\",\"width\":230,\"height\":60,\"caption\":\"Estrat\u00e9gia Concursos\"},\"image\":{\"@id\":\"https:\/\/www.estrategiaconcursos.com.br\/blog\/#\/schema\/logo\/image\/\"},\"sameAs\":[\"https:\/\/x.com\/EstratConcursos\"]},{\"@type\":\"Person\",\"@id\":\"https:\/\/www.estrategiaconcursos.com.br\/blog\/#\/schema\/person\/e3cdab5035db6e9686e2cadf080c2214\",\"name\":\"Jeronymo Marcondes\",\"image\":{\"@type\":\"ImageObject\",\"inLanguage\":\"pt-BR\",\"@id\":\"https:\/\/secure.gravatar.com\/avatar\/e1a6fa67a42761d1381a42418fd45f39bc381f5b0e79eb42c5b7d7bafb63c2b5?s=96&d=mm&r=g\",\"url\":\"https:\/\/secure.gravatar.com\/avatar\/e1a6fa67a42761d1381a42418fd45f39bc381f5b0e79eb42c5b7d7bafb63c2b5?s=96&d=mm&r=g\",\"contentUrl\":\"https:\/\/secure.gravatar.com\/avatar\/e1a6fa67a42761d1381a42418fd45f39bc381f5b0e79eb42c5b7d7bafb63c2b5?s=96&d=mm&r=g\",\"caption\":\"Jeronymo Marcondes\"},\"url\":\"https:\/\/www.estrategiaconcursos.com.br\/blog\/author\/jeronymoestrategiaconcursos-com-br\/\"}]}<\/script>\n<!-- \/ Yoast SEO Premium plugin. -->","yoast_head_json":{"title":"Vamos estudar para AFT! Corre\u00e7\u00e3o da discursiva de Economia do Trabalho 2016","robots":{"index":"index","follow":"follow","max-snippet":"max-snippet:-1","max-image-preview":"max-image-preview:large","max-video-preview":"max-video-preview:-1"},"canonical":"https:\/\/www.estrategiaconcursos.com.br\/blog\/vamos-estudar-para-aft-correcao-da-discursiva-de-economia-do-trabalho-2016\/","og_locale":"pt_BR","og_type":"article","og_title":"Vamos estudar para AFT! Corre\u00e7\u00e3o da discursiva de Economia do Trabalho 2016","og_description":"Fala pessoal! Vamos retomar os estudos para AFT? O governo est\u00e1 prometendo realizar concurso em breve, ent\u00e3o voc\u00ea tem de estar preparado! O concurso de AFT \u00e9 um dos mais desejados do Brasil e tende a se tornar ainda melhor! Para mais detalhes, d\u00ea uma olhada no meu artigo com o Prof. Ali: Concurso AFT: [&hellip;]","og_url":"https:\/\/www.estrategiaconcursos.com.br\/blog\/vamos-estudar-para-aft-correcao-da-discursiva-de-economia-do-trabalho-2016\/","og_site_name":"Estrat\u00e9gia Concursos","article_published_time":"2016-08-13T18:37:49+00:00","article_modified_time":"2016-08-14T14:51:05+00:00","og_image":[{"url":"https:\/\/dhg1h5j42swfq.cloudfront.net\/2016\/08\/13152844\/grafico-300x173.png","type":"","width":"","height":""}],"author":"Jeronymo Marcondes","twitter_card":"summary_large_image","twitter_creator":"@EstratConcursos","twitter_site":"@EstratConcursos","twitter_misc":{"Escrito por":"Jeronymo Marcondes","Est. tempo de leitura":"7 minutos"},"schema":{"@context":"https:\/\/schema.org","@graph":[{"@type":"NewsArticle","@id":"https:\/\/www.estrategiaconcursos.com.br\/blog\/vamos-estudar-para-aft-correcao-da-discursiva-de-economia-do-trabalho-2016\/#article","isPartOf":{"@id":"https:\/\/www.estrategiaconcursos.com.br\/blog\/vamos-estudar-para-aft-correcao-da-discursiva-de-economia-do-trabalho-2016\/"},"author":{"name":"Jeronymo Marcondes","@id":"https:\/\/www.estrategiaconcursos.com.br\/blog\/#\/schema\/person\/e3cdab5035db6e9686e2cadf080c2214"},"headline":"Vamos estudar para AFT! Corre\u00e7\u00e3o da discursiva de Economia do Trabalho 2016","datePublished":"2016-08-13T18:37:49+00:00","dateModified":"2016-08-14T14:51:05+00:00","mainEntityOfPage":{"@id":"https:\/\/www.estrategiaconcursos.com.br\/blog\/vamos-estudar-para-aft-correcao-da-discursiva-de-economia-do-trabalho-2016\/"},"wordCount":1335,"commentCount":0,"publisher":{"@id":"https:\/\/www.estrategiaconcursos.com.br\/blog\/#organization"},"image":{"@id":"https:\/\/www.estrategiaconcursos.com.br\/blog\/vamos-estudar-para-aft-correcao-da-discursiva-de-economia-do-trabalho-2016\/#primaryimage"},"thumbnailUrl":"https:\/\/dhg1h5j42swfq.cloudfront.net\/2016\/08\/13152844\/grafico-300x173.png","keywords":["AFT","Economia do Trabalho"],"articleSection":["Concursos P\u00fablicos"],"inLanguage":"pt-BR","potentialAction":[{"@type":"CommentAction","name":"Comment","target":["https:\/\/www.estrategiaconcursos.com.br\/blog\/vamos-estudar-para-aft-correcao-da-discursiva-de-economia-do-trabalho-2016\/#respond"]}],"copyrightYear":"2016","copyrightHolder":{"@id":"https:\/\/www.estrategiaconcursos.com.br\/blog\/#organization"}},{"@type":"WebPage","@id":"https:\/\/www.estrategiaconcursos.com.br\/blog\/vamos-estudar-para-aft-correcao-da-discursiva-de-economia-do-trabalho-2016\/","url":"https:\/\/www.estrategiaconcursos.com.br\/blog\/vamos-estudar-para-aft-correcao-da-discursiva-de-economia-do-trabalho-2016\/","name":"Vamos estudar para AFT! Corre\u00e7\u00e3o da discursiva de Economia do Trabalho 2016","isPartOf":{"@id":"https:\/\/www.estrategiaconcursos.com.br\/blog\/#website"},"primaryImageOfPage":{"@id":"https:\/\/www.estrategiaconcursos.com.br\/blog\/vamos-estudar-para-aft-correcao-da-discursiva-de-economia-do-trabalho-2016\/#primaryimage"},"image":{"@id":"https:\/\/www.estrategiaconcursos.com.br\/blog\/vamos-estudar-para-aft-correcao-da-discursiva-de-economia-do-trabalho-2016\/#primaryimage"},"thumbnailUrl":"https:\/\/dhg1h5j42swfq.cloudfront.net\/2016\/08\/13152844\/grafico-300x173.png","datePublished":"2016-08-13T18:37:49+00:00","dateModified":"2016-08-14T14:51:05+00:00","breadcrumb":{"@id":"https:\/\/www.estrategiaconcursos.com.br\/blog\/vamos-estudar-para-aft-correcao-da-discursiva-de-economia-do-trabalho-2016\/#breadcrumb"},"inLanguage":"pt-BR","potentialAction":[{"@type":"ReadAction","target":["https:\/\/www.estrategiaconcursos.com.br\/blog\/vamos-estudar-para-aft-correcao-da-discursiva-de-economia-do-trabalho-2016\/"]}]},{"@type":"ImageObject","inLanguage":"pt-BR","@id":"https:\/\/www.estrategiaconcursos.com.br\/blog\/vamos-estudar-para-aft-correcao-da-discursiva-de-economia-do-trabalho-2016\/#primaryimage","url":"https:\/\/dhg1h5j42swfq.cloudfront.net\/2016\/08\/13152844\/grafico-300x173.png","contentUrl":"https:\/\/dhg1h5j42swfq.cloudfront.net\/2016\/08\/13152844\/grafico-300x173.png"},{"@type":"BreadcrumbList","@id":"https:\/\/www.estrategiaconcursos.com.br\/blog\/vamos-estudar-para-aft-correcao-da-discursiva-de-economia-do-trabalho-2016\/#breadcrumb","itemListElement":[{"@type":"ListItem","position":1,"name":"In\u00edcio","item":"https:\/\/www.estrategiaconcursos.com.br\/blog\/"},{"@type":"ListItem","position":2,"name":"Vamos estudar para AFT! Corre\u00e7\u00e3o da discursiva de Economia do Trabalho 2016"}]},{"@type":"WebSite","@id":"https:\/\/www.estrategiaconcursos.com.br\/blog\/#website","url":"https:\/\/www.estrategiaconcursos.com.br\/blog\/","name":"Estrat\u00e9gia Concursos","description":"O blog da Estrat\u00e9gia Concursos traz not\u00edcias sobre concursos e artigos de professores oferecendo cursos para concursos (pdf + videaulas) no site.","publisher":{"@id":"https:\/\/www.estrategiaconcursos.com.br\/blog\/#organization"},"potentialAction":[{"@type":"SearchAction","target":{"@type":"EntryPoint","urlTemplate":"https:\/\/www.estrategiaconcursos.com.br\/blog\/?s={search_term_string}"},"query-input":{"@type":"PropertyValueSpecification","valueRequired":true,"valueName":"search_term_string"}}],"inLanguage":"pt-BR"},{"@type":"Organization","@id":"https:\/\/www.estrategiaconcursos.com.br\/blog\/#organization","name":"Estrat\u00e9gia Concursos","url":"https:\/\/www.estrategiaconcursos.com.br\/blog\/","logo":{"@type":"ImageObject","inLanguage":"pt-BR","@id":"https:\/\/www.estrategiaconcursos.com.br\/blog\/#\/schema\/logo\/image\/","url":"https:\/\/dhg1h5j42swfq.cloudfront.net\/2025\/06\/03203428\/logo_concursos-1.jpg","contentUrl":"https:\/\/dhg1h5j42swfq.cloudfront.net\/2025\/06\/03203428\/logo_concursos-1.jpg","width":230,"height":60,"caption":"Estrat\u00e9gia Concursos"},"image":{"@id":"https:\/\/www.estrategiaconcursos.com.br\/blog\/#\/schema\/logo\/image\/"},"sameAs":["https:\/\/x.com\/EstratConcursos"]},{"@type":"Person","@id":"https:\/\/www.estrategiaconcursos.com.br\/blog\/#\/schema\/person\/e3cdab5035db6e9686e2cadf080c2214","name":"Jeronymo Marcondes","image":{"@type":"ImageObject","inLanguage":"pt-BR","@id":"https:\/\/secure.gravatar.com\/avatar\/e1a6fa67a42761d1381a42418fd45f39bc381f5b0e79eb42c5b7d7bafb63c2b5?s=96&d=mm&r=g","url":"https:\/\/secure.gravatar.com\/avatar\/e1a6fa67a42761d1381a42418fd45f39bc381f5b0e79eb42c5b7d7bafb63c2b5?s=96&d=mm&r=g","contentUrl":"https:\/\/secure.gravatar.com\/avatar\/e1a6fa67a42761d1381a42418fd45f39bc381f5b0e79eb42c5b7d7bafb63c2b5?s=96&d=mm&r=g","caption":"Jeronymo Marcondes"},"url":"https:\/\/www.estrategiaconcursos.com.br\/blog\/author\/jeronymoestrategiaconcursos-com-br\/"}]}},"_links":{"self":[{"href":"https:\/\/www.estrategiaconcursos.com.br\/blog\/wp-json\/wp\/v2\/posts\/46267","targetHints":{"allow":["GET"]}}],"collection":[{"href":"https:\/\/www.estrategiaconcursos.com.br\/blog\/wp-json\/wp\/v2\/posts"}],"about":[{"href":"https:\/\/www.estrategiaconcursos.com.br\/blog\/wp-json\/wp\/v2\/types\/post"}],"author":[{"embeddable":true,"href":"https:\/\/www.estrategiaconcursos.com.br\/blog\/wp-json\/wp\/v2\/users\/102"}],"replies":[{"embeddable":true,"href":"https:\/\/www.estrategiaconcursos.com.br\/blog\/wp-json\/wp\/v2\/comments?post=46267"}],"version-history":[{"count":4,"href":"https:\/\/www.estrategiaconcursos.com.br\/blog\/wp-json\/wp\/v2\/posts\/46267\/revisions"}],"predecessor-version":[{"id":46277,"href":"https:\/\/www.estrategiaconcursos.com.br\/blog\/wp-json\/wp\/v2\/posts\/46267\/revisions\/46277"}],"wp:attachment":[{"href":"https:\/\/www.estrategiaconcursos.com.br\/blog\/wp-json\/wp\/v2\/media?parent=46267"}],"wp:term":[{"taxonomy":"category","embeddable":true,"href":"https:\/\/www.estrategiaconcursos.com.br\/blog\/wp-json\/wp\/v2\/categories?post=46267"},{"taxonomy":"post_tag","embeddable":true,"href":"https:\/\/www.estrategiaconcursos.com.br\/blog\/wp-json\/wp\/v2\/tags?post=46267"},{"taxonomy":"tax_estado","embeddable":true,"href":"https:\/\/www.estrategiaconcursos.com.br\/blog\/wp-json\/wp\/v2\/tax_estado?post=46267"}],"curies":[{"name":"wp","href":"https:\/\/api.w.org\/{rel}","templated":true}]}}