{"id":462354,"date":"2022-06-10T23:59:00","date_gmt":"2022-06-11T02:59:00","guid":{"rendered":"https:\/\/www.estrategiaconcursos.com.br\/blog\/?p=462354"},"modified":"2022-06-11T09:55:17","modified_gmt":"2022-06-11T12:55:17","slug":"edital-prefeitura-de-mariana-mg","status":"publish","type":"post","link":"https:\/\/www.estrategiaconcursos.com.br\/blog\/edital-prefeitura-de-mariana-mg\/","title":{"rendered":"Edital Prefeitura de Mariana &#8211; MG: provas em 10 de julho!"},"content":{"rendered":"\n<p>Est\u00e3o encerradas as inscri\u00e7\u00f5es para participar do edital Prefeitura de Mariana (MG). O prazo se encerrou no dia 10 de junho.<\/p>\n\n\n\n<p>Vale refor\u00e7ar que o edital foi republicado e retificado! Com o novo documento, o quantitativo de vagas foi&nbsp;<strong>alterado de 65<\/strong>&nbsp;<strong>para 93<\/strong>.<\/p>\n\n\n\n<h2 class=\"wp-block-heading\" id=\"edital-prefeitura-de-mariana-principais-datas\">Edital Prefeitura de Mariana: principais datas<\/h2>\n\n\n\n<ul class=\"wp-block-list\"><li><strong>Inscri\u00e7\u00f5es<\/strong>: <s>at\u00e9 o dia 10 de junho <\/s><\/li><li><strong>Isen\u00e7\u00e3o da taxa<\/strong>: <s>09 a 13\/05\/2022<\/s><\/li><li><strong>Prova<\/strong>: 10\/07\/2022<\/li><\/ul>\n\n\n\n<h2 class=\"wp-block-heading\" id=\"edital-prefeitura-de-mariana-cargos-e-vagas\">Edital Prefeitura de Mariana: cargos e vagas<\/h2>\n\n\n\n<p>Os cargos ofertados no edital do concurso ter\u00e3o que cumprir jornada de trabalho que pode variar entre<strong> 20 a 40 horas semanais<\/strong>, com remunera\u00e7\u00f5es iniciais que variam entre <strong>R$ 1.827,37 e R$ 12.796,80<\/strong>.<\/p>\n\n\n\n<ul class=\"wp-block-list\"><li>Agente de Fiscaliza\u00e7\u00e3o &#8211; diversas especialidades (6)<\/li><li>T\u00e9cnico em Enfermagem (7)<\/li><li>T\u00e9cnico Agropecu\u00e1rio (2)<\/li><li>T\u00e9cnico de Contabilidade (1)<\/li><li>T\u00e9cnico em Seguran\u00e7a do Trabalho (1)<\/li><li>T\u00e9cnico em Administra\u00e7\u00e3o (1)<\/li><li>Advogado (1)<\/li><li>Auditor Fiscal de Tributos (2)<\/li><li>Bi\u00f3logo (1)<\/li><li>Contador (1)<\/li><li>Enfermeiro (5)<\/li><li>Engenheiro Ambiental (1)<\/li><li>Engenheiro Civil (1)<\/li><li>Engenheiro de Seguran\u00e7a do Trabalho (1)<\/li><li>Farmac\u00eautico (1)<\/li><li>Ge\u00f3grafo (1)<\/li><li>M\u00e9dico ESF (5)<\/li><li>Cirurgi\u00e3o Dentista (1)<\/li><li>Especialista em Educa\u00e7\u00e3o (4)<\/li><li>Professor da Educa\u00e7\u00e3o B\u00e1sica &#8211; diversas especialidades (26)<\/li><\/ul>\n\n\n\n<h2 class=\"wp-block-heading\" id=\"etapas-do-concurso\">Etapas do concurso <\/h2>\n\n\n\n<p>O concurso ser\u00e1 composto pelas etapas abaixo. Veja mais detalhes sobre as principais etapas:<\/p>\n\n\n\n<ul class=\"wp-block-list\"><li><strong>a) Prova objetiva <\/strong>de m\u00faltipla escolha, de car\u00e1ter eliminat\u00f3rio e classificat\u00f3rio para todos os cargos;<\/li><li><strong>b) Reda\u00e7\u00e3o<\/strong>, de car\u00e1ter eliminat\u00f3rio e classificat\u00f3rio para o cargo de Guarda Municipal;<\/li><li><strong>c) Teste de Aptid\u00e3o F\u00edsica<\/strong>, de car\u00e1ter eliminat\u00f3rio e classificat\u00f3rio para o cargo de Guarda Municipal;<\/li><li><strong>d) Avalia\u00e7\u00e3o Psicol\u00f3gica<\/strong>, de car\u00e1ter eliminat\u00f3rio para o cargo de Guarda Municipal;<\/li><li><strong>e) Prova de T\u00edtulos<\/strong> para cargo de Auditor Fiscal de Tributos.<\/li><\/ul>\n\n\n\n<h3 class=\"wp-block-heading\" id=\"prova-objetiva\">Prova Objetiva<\/h3>\n\n\n\n<p>A etapa de Prova Objetiva, do tipo m\u00faltipla escolha, ser\u00e1 de de car\u00e1ter eliminat\u00f3rio e classificat\u00f3rio para todos os cargos.<\/p>\n\n\n\n<div class=\"wp-block-image\"><figure class=\"aligncenter size-full is-resized\"><img loading=\"lazy\" decoding=\"async\" src=\"https:\/\/dhg1h5j42swfq.cloudfront.net\/2021\/12\/30151102\/image-607.png\" alt=\"Prova Objetiva edital prefeitura de mariana \" class=\"wp-image-937691\" width=\"701\" height=\"279\" srcset=\"https:\/\/dhg1h5j42swfq.cloudfront.net\/2021\/12\/30151102\/image-607.png 999w, https:\/\/dhg1h5j42swfq.cloudfront.net\/2021\/12\/30151102\/image-607-300x120.png 300w, https:\/\/dhg1h5j42swfq.cloudfront.net\/2021\/12\/30151102\/image-607-768x306.png 768w, https:\/\/dhg1h5j42swfq.cloudfront.net\/2021\/12\/30151102\/image-607-610x243.png 610w\" sizes=\"auto, (max-width: 701px) 100vw, 701px\" \/><\/figure><\/div>\n\n\n\n<div class=\"wp-block-image\"><figure class=\"aligncenter size-full is-resized\"><img loading=\"lazy\" decoding=\"async\" src=\"https:\/\/dhg1h5j42swfq.cloudfront.net\/2021\/12\/30151309\/image-608.png\" alt=\"Prova Objetiva edital prefeitura de mariana \" class=\"wp-image-937693\" width=\"701\" height=\"330\" srcset=\"https:\/\/dhg1h5j42swfq.cloudfront.net\/2021\/12\/30151309\/image-608.png 1022w, https:\/\/dhg1h5j42swfq.cloudfront.net\/2021\/12\/30151309\/image-608-300x142.png 300w, https:\/\/dhg1h5j42swfq.cloudfront.net\/2021\/12\/30151309\/image-608-768x363.png 768w, https:\/\/dhg1h5j42swfq.cloudfront.net\/2021\/12\/30151309\/image-608-610x288.png 610w\" sizes=\"auto, (max-width: 701px) 100vw, 701px\" \/><\/figure><\/div>\n\n\n\n<h3 class=\"wp-block-heading\" id=\"discursiva\">Prova Discursiva (reda\u00e7\u00e3o)<\/h3>\n\n\n\n<p>A reda\u00e7\u00e3o ser\u00e1 aplicada apenas para o cargo de\u00a0<strong>Guarda Municipal<\/strong>\u00a0e versar\u00e1 sobre tema contempor\u00e2neo relacionado \u00e0 atualidade brasileira. <\/p>\n\n\n\n<h3 class=\"wp-block-heading\" id=\"teste-de-aptidao-fisica\">Teste de Aptid\u00e3o F\u00edsica<\/h3>\n\n\n\n<p>O Teste de Aptid\u00e3o F\u00edsica ser\u00e1 destinado aos candidatos que se inscreverem para o cargo de Guarda Municipal.<\/p>\n\n\n\n<p>Esta etapa visa avaliar a capacidade do candidato para desempenhar as atividades inerentes ao cargo de Guarda de Municipal, consistir\u00e1 em 1 Teste de Aptid\u00e3o F\u00edsica de realiza\u00e7\u00e3o obrigat\u00f3ria.<\/p>\n\n\n\n<h3 class=\"wp-block-heading\" id=\"prova-de-titulos\">Prova de T\u00edtulos<\/h3>\n\n\n\n<p>Ser\u00e1 constitu\u00edda de Prova de T\u00edtulos, para o candidatos aprovados no cargo de&nbsp;<strong>Auditor Fiscal de Tributos<\/strong>.<\/p>\n\n\n\n<p>Ser\u00e3o aceitos como documentos os T\u00edtulos que forem representados por Diplomas e Certificados definitivos de conclus\u00e3o de curso expedidos por Institui\u00e7\u00e3o reconhecida, em papel timbrado, e dever\u00e3o conter carimbo e identifica\u00e7\u00e3o da institui\u00e7\u00e3o e do respons\u00e1vel pela expedi\u00e7\u00e3o do documento.<\/p>\n\n\n\n<p class=\"has-text-align-center has-background\" style=\"background-color:#eaebed\"><strong>Mais informa\u00e7\u00f5es: <a href=\"https:\/\/www.estrategiaconcursos.com.br\/blog\/concurso-prefeitura-de-mariana-mg\/\" target=\"_blank\" rel=\"noreferrer noopener\">Concurso Mariana<\/a><\/strong><\/p>\n\n\n\n<hr class=\"wp-block-separator\"\/>\n\n\n\n<h2 class=\"has-text-align-center wp-block-heading\" id=\"cursos-assinatura\"><strong><em>Quer estudar para o edital Prefeitura de Mariana-MG?<\/em><\/strong><\/h2>\n\n\n\n<div class=\"container\" id=\"boxes\">\n  <div class=\"row\">\n\n    <div class=\"col-sm\">\n      <div class=\"banner-estrategia\" id=\"box-assinatura\">\n        <h3 class=\"titulo-assinatura\">Concurso Prefeitura de Mariana<\/h3>\n        <p class=\"subtitulo-assinatura\">Conhe\u00e7a os cursos<\/p>\n        <div class=\"box-botao\">\n          <a class=\"btn-assinatura\" target=\"_blank\" href=\"https:\/\/www.estrategiaconcursos.com.br\/cursos\/\" role=\"button\" rel=\"noopener noreferrer\">Conhe\u00e7a mais<\/a>\n        <\/div>\n      <\/div>\n      <p class=\"texto-auxiliar\"><\/p>\n    <\/div>\n\n  <\/div>\n<\/div>\n\n\n\n<div class=\"container\" id=\"boxes\">\n  <div class=\"row\">\n\n    <div class=\"col-sm\">\n      <div class=\"estrategia\" id=\"box-assinatura\">\n        <h3 class=\"titulo-assinatura\"> Concursos P\u00fablicos\n        <p class=\"subtitulo-assinatura\">Assinatura de 1 ano ou 2 anos<\/p>\n        <div class=\"box-botao\">\n          <a class=\"btn-assinatura\" target=\"_blank\" href=\"https:\/\/www.estrategiaconcursos.com.br\/assinaturas\/\" role=\"button\" rel=\"noopener noreferrer\">ASSINE AGORA<\/a>\n        <\/div>\n      <\/h3><\/div><\/div><\/div><\/div>\n\n\n\n<h2 class=\"has-text-align-center wp-block-heading\" id=\"quer-saber-tudo-sobre-concursos-previstos-confira-nossos-artigos\">Quer saber tudo sobre concursos previstos?<br \/>Confira nossos artigos!<\/h2>\n\n\n\n<ul class=\"wp-block-list\"><li><a target=\"_blank\" href=\"https:\/\/www.estrategiaconcursos.com.br\/blog\/concursos-abertos\/\" rel=\"noreferrer noopener\">Concursos abertos<\/a><\/li><li><a target=\"_blank\" href=\"https:\/\/www.estrategiaconcursos.com.br\/blog\/concursos-2022\/\" rel=\"noreferrer noopener\">Concursos 2022<\/a><\/li><\/ul>\n\n\n\n<figure class=\"wp-block-image size-large is-resized\"><img loading=\"lazy\" decoding=\"async\" src=\"https:\/\/dhg1h5j42swfq.cloudfront.net\/2021\/07\/06093407\/ficha-tecnica-1-1024x632.png\" alt=\"Informa\u00e7\u00f5es do edital Prefeitura de Mariana-MG\" class=\"wp-image-788054\" width=\"240\" height=\"148\" srcset=\"https:\/\/dhg1h5j42swfq.cloudfront.net\/2021\/07\/06093407\/ficha-tecnica-1-1024x632.png 1024w, https:\/\/dhg1h5j42swfq.cloudfront.net\/2021\/07\/06093407\/ficha-tecnica-1-300x185.png 300w, https:\/\/dhg1h5j42swfq.cloudfront.net\/2021\/07\/06093407\/ficha-tecnica-1-768x474.png 768w, https:\/\/dhg1h5j42swfq.cloudfront.net\/2021\/07\/06093407\/ficha-tecnica-1-1536x948.png 1536w, https:\/\/dhg1h5j42swfq.cloudfront.net\/2021\/07\/06093407\/ficha-tecnica-1-610x377.png 610w, https:\/\/dhg1h5j42swfq.cloudfront.net\/2021\/07\/06093407\/ficha-tecnica-1.png 1571w\" sizes=\"auto, (max-width: 240px) 100vw, 240px\" \/><\/figure>\n\n\n\n<h3 class=\"wp-block-heading\" id=\"ficha-tecnica\">Informa\u00e7\u00f5es do concurso Prefeitura de Mariana<\/h3>\n\n\n\n<ul class=\"wp-block-list\"><li><strong>Provas<\/strong>: 10\/07\/2022<\/li><li><strong>Vagas<\/strong>: 93<\/li><li><strong>Cargos<\/strong>: diversos<\/li><li><strong>Banca<\/strong>: Fundep<\/li><li><strong>Escolaridade<\/strong>: N\u00edveis m\u00e9dio e superior<\/li><li><strong>Edital<\/strong>: <a href=\"https:\/\/dhg1h5j42swfq.cloudfront.net\/2022\/06\/11094427\/edital_25_02_22-versao-2-03-05-22-consolidado-errata-04.pdf\" target=\"_blank\" rel=\"noreferrer noopener nofollow\">Prefeitura de Mariana republicado<\/a><\/li><\/ul>\n","protected":false},"excerpt":{"rendered":"<p>Est\u00e3o encerradas as inscri\u00e7\u00f5es para participar do edital Prefeitura de Mariana (MG). O prazo se encerrou no dia 10 de junho. Vale refor\u00e7ar que o edital foi republicado e retificado! Com o novo documento, o quantitativo de vagas foi&nbsp;alterado de 65&nbsp;para 93. Edital Prefeitura de Mariana: principais datas Inscri\u00e7\u00f5es: at\u00e9 o dia 10 de junho [&hellip;]<\/p>\n","protected":false},"author":656,"featured_media":938966,"comment_status":"open","ping_status":"closed","sticky":false,"template":"","format":"standard","meta":{"post_tipo":"news","footnotes":""},"categories":[214992,220219],"tags":[],"tax_estado":[219974],"class_list":["post-462354","post","type-post","status-publish","format-standard","has-post-thumbnail","hentry","category-concursos-administrativos","category-noticias","tax_estado-mg"],"acf":[],"yoast_head":"<!-- This site is optimized with the Yoast SEO Premium plugin v27.2 (Yoast SEO v27.2) - https:\/\/yoast.com\/product\/yoast-seo-premium-wordpress\/ -->\n<title>Edital Prefeitura de Mariana - MG: provas em 10 de julho!<\/title>\n<meta name=\"description\" content=\"Edital Prefeitura de Mariana MG: inscri\u00e7\u00f5es encerradas. Ap\u00f3s republica\u00e7\u00e3o do edital n\u00famero de vagas subiu para 93.\" \/>\n<meta name=\"robots\" content=\"index, follow, max-snippet:-1, max-image-preview:large, max-video-preview:-1\" \/>\n<link rel=\"canonical\" href=\"https:\/\/www.estrategiaconcursos.com.br\/blog\/edital-prefeitura-de-mariana-mg\/\" \/>\n<meta property=\"og:locale\" content=\"pt_BR\" \/>\n<meta property=\"og:type\" content=\"article\" \/>\n<meta property=\"og:title\" content=\"Edital Prefeitura de Mariana - MG: provas em 10 de julho!\" \/>\n<meta property=\"og:description\" content=\"Edital Prefeitura de Mariana MG: inscri\u00e7\u00f5es encerradas. Ap\u00f3s republica\u00e7\u00e3o do edital n\u00famero de vagas subiu para 93.\" \/>\n<meta property=\"og:url\" content=\"https:\/\/www.estrategiaconcursos.com.br\/blog\/edital-prefeitura-de-mariana-mg\/\" \/>\n<meta property=\"og:site_name\" content=\"Estrat\u00e9gia Concursos\" \/>\n<meta property=\"article:published_time\" content=\"2022-06-11T02:59:00+00:00\" \/>\n<meta property=\"article:modified_time\" content=\"2022-06-11T12:55:17+00:00\" \/>\n<meta property=\"og:image\" content=\"https:\/\/dhg1h5j42swfq.cloudfront.net\/2021\/12\/03180251\/prefeitura_de_mariana.jpg\" \/>\n\t<meta property=\"og:image:width\" content=\"768\" \/>\n\t<meta property=\"og:image:height\" content=\"432\" \/>\n\t<meta property=\"og:image:type\" content=\"image\/jpeg\" \/>\n<meta name=\"author\" content=\"F\u00e1bio Scaldelai\" \/>\n<meta name=\"twitter:card\" content=\"summary_large_image\" \/>\n<meta name=\"twitter:creator\" content=\"@EstratConcursos\" \/>\n<meta name=\"twitter:site\" content=\"@EstratConcursos\" \/>\n<meta name=\"twitter:label1\" content=\"Escrito por\" \/>\n\t<meta name=\"twitter:data1\" content=\"F\u00e1bio Scaldelai\" \/>\n\t<meta name=\"twitter:label2\" content=\"Est. tempo de leitura\" \/>\n\t<meta name=\"twitter:data2\" content=\"4 minutos\" \/>\n<script type=\"application\/ld+json\" class=\"yoast-schema-graph\">{\"@context\":\"https:\/\/schema.org\",\"@graph\":[{\"@type\":\"NewsArticle\",\"@id\":\"https:\/\/www.estrategiaconcursos.com.br\/blog\/edital-prefeitura-de-mariana-mg\/#article\",\"isPartOf\":{\"@id\":\"https:\/\/www.estrategiaconcursos.com.br\/blog\/edital-prefeitura-de-mariana-mg\/\"},\"author\":{\"name\":\"F\u00e1bio Scaldelai\",\"@id\":\"https:\/\/www.estrategiaconcursos.com.br\/blog\/#\/schema\/person\/e3b6b7ce0192dd4ad270655969d61750\"},\"headline\":\"Edital Prefeitura de Mariana &#8211; MG: provas em 10 de julho!\",\"datePublished\":\"2022-06-11T02:59:00+00:00\",\"dateModified\":\"2022-06-11T12:55:17+00:00\",\"mainEntityOfPage\":{\"@id\":\"https:\/\/www.estrategiaconcursos.com.br\/blog\/edital-prefeitura-de-mariana-mg\/\"},\"wordCount\":541,\"commentCount\":2,\"publisher\":{\"@id\":\"https:\/\/www.estrategiaconcursos.com.br\/blog\/#organization\"},\"image\":{\"@id\":\"https:\/\/www.estrategiaconcursos.com.br\/blog\/edital-prefeitura-de-mariana-mg\/#primaryimage\"},\"thumbnailUrl\":\"https:\/\/dhg1h5j42swfq.cloudfront.net\/2021\/12\/03180251\/prefeitura_de_mariana.jpg\",\"articleSection\":[\"Executivo (Administrativa)\",\"\u00daltimas not\u00edcias\"],\"inLanguage\":\"pt-BR\",\"potentialAction\":[{\"@type\":\"CommentAction\",\"name\":\"Comment\",\"target\":[\"https:\/\/www.estrategiaconcursos.com.br\/blog\/edital-prefeitura-de-mariana-mg\/#respond\"]}],\"copyrightYear\":\"2022\",\"copyrightHolder\":{\"@id\":\"https:\/\/www.estrategiaconcursos.com.br\/blog\/#organization\"}},{\"@type\":\"WebPage\",\"@id\":\"https:\/\/www.estrategiaconcursos.com.br\/blog\/edital-prefeitura-de-mariana-mg\/\",\"url\":\"https:\/\/www.estrategiaconcursos.com.br\/blog\/edital-prefeitura-de-mariana-mg\/\",\"name\":\"Edital Prefeitura de Mariana - MG: provas em 10 de julho!\",\"isPartOf\":{\"@id\":\"https:\/\/www.estrategiaconcursos.com.br\/blog\/#website\"},\"primaryImageOfPage\":{\"@id\":\"https:\/\/www.estrategiaconcursos.com.br\/blog\/edital-prefeitura-de-mariana-mg\/#primaryimage\"},\"image\":{\"@id\":\"https:\/\/www.estrategiaconcursos.com.br\/blog\/edital-prefeitura-de-mariana-mg\/#primaryimage\"},\"thumbnailUrl\":\"https:\/\/dhg1h5j42swfq.cloudfront.net\/2021\/12\/03180251\/prefeitura_de_mariana.jpg\",\"datePublished\":\"2022-06-11T02:59:00+00:00\",\"dateModified\":\"2022-06-11T12:55:17+00:00\",\"description\":\"Edital Prefeitura de Mariana MG: inscri\u00e7\u00f5es encerradas. Ap\u00f3s republica\u00e7\u00e3o do edital n\u00famero de vagas subiu para 93.\",\"breadcrumb\":{\"@id\":\"https:\/\/www.estrategiaconcursos.com.br\/blog\/edital-prefeitura-de-mariana-mg\/#breadcrumb\"},\"inLanguage\":\"pt-BR\",\"potentialAction\":[{\"@type\":\"ReadAction\",\"target\":[\"https:\/\/www.estrategiaconcursos.com.br\/blog\/edital-prefeitura-de-mariana-mg\/\"]}]},{\"@type\":\"ImageObject\",\"inLanguage\":\"pt-BR\",\"@id\":\"https:\/\/www.estrategiaconcursos.com.br\/blog\/edital-prefeitura-de-mariana-mg\/#primaryimage\",\"url\":\"https:\/\/dhg1h5j42swfq.cloudfront.net\/2021\/12\/03180251\/prefeitura_de_mariana.jpg\",\"contentUrl\":\"https:\/\/dhg1h5j42swfq.cloudfront.net\/2021\/12\/03180251\/prefeitura_de_mariana.jpg\",\"width\":768,\"height\":432,\"caption\":\"Concurso Mariana\"},{\"@type\":\"BreadcrumbList\",\"@id\":\"https:\/\/www.estrategiaconcursos.com.br\/blog\/edital-prefeitura-de-mariana-mg\/#breadcrumb\",\"itemListElement\":[{\"@type\":\"ListItem\",\"position\":1,\"name\":\"In\u00edcio\",\"item\":\"https:\/\/www.estrategiaconcursos.com.br\/blog\/\"},{\"@type\":\"ListItem\",\"position\":2,\"name\":\"Edital Prefeitura de Mariana &#8211; MG: provas em 10 de julho!\"}]},{\"@type\":\"WebSite\",\"@id\":\"https:\/\/www.estrategiaconcursos.com.br\/blog\/#website\",\"url\":\"https:\/\/www.estrategiaconcursos.com.br\/blog\/\",\"name\":\"Estrat\u00e9gia Concursos\",\"description\":\"O blog da Estrat\u00e9gia Concursos traz not\u00edcias sobre concursos e artigos de professores oferecendo cursos para concursos (pdf + videaulas) no site.\",\"publisher\":{\"@id\":\"https:\/\/www.estrategiaconcursos.com.br\/blog\/#organization\"},\"potentialAction\":[{\"@type\":\"SearchAction\",\"target\":{\"@type\":\"EntryPoint\",\"urlTemplate\":\"https:\/\/www.estrategiaconcursos.com.br\/blog\/?s={search_term_string}\"},\"query-input\":{\"@type\":\"PropertyValueSpecification\",\"valueRequired\":true,\"valueName\":\"search_term_string\"}}],\"inLanguage\":\"pt-BR\"},{\"@type\":\"Organization\",\"@id\":\"https:\/\/www.estrategiaconcursos.com.br\/blog\/#organization\",\"name\":\"Estrat\u00e9gia Concursos\",\"url\":\"https:\/\/www.estrategiaconcursos.com.br\/blog\/\",\"logo\":{\"@type\":\"ImageObject\",\"inLanguage\":\"pt-BR\",\"@id\":\"https:\/\/www.estrategiaconcursos.com.br\/blog\/#\/schema\/logo\/image\/\",\"url\":\"https:\/\/dhg1h5j42swfq.cloudfront.net\/2025\/06\/03203428\/logo_concursos-1.jpg\",\"contentUrl\":\"https:\/\/dhg1h5j42swfq.cloudfront.net\/2025\/06\/03203428\/logo_concursos-1.jpg\",\"width\":230,\"height\":60,\"caption\":\"Estrat\u00e9gia Concursos\"},\"image\":{\"@id\":\"https:\/\/www.estrategiaconcursos.com.br\/blog\/#\/schema\/logo\/image\/\"},\"sameAs\":[\"https:\/\/x.com\/EstratConcursos\"]},{\"@type\":\"Person\",\"@id\":\"https:\/\/www.estrategiaconcursos.com.br\/blog\/#\/schema\/person\/e3b6b7ce0192dd4ad270655969d61750\",\"name\":\"F\u00e1bio Scaldelai\",\"image\":{\"@type\":\"ImageObject\",\"inLanguage\":\"pt-BR\",\"@id\":\"https:\/\/secure.gravatar.com\/avatar\/8ed7492c4d88d8495bc0cb24cda6847b8ae23eec459a919e08e77d0ca0fd79ec?s=96&d=mm&r=g\",\"url\":\"https:\/\/secure.gravatar.com\/avatar\/8ed7492c4d88d8495bc0cb24cda6847b8ae23eec459a919e08e77d0ca0fd79ec?s=96&d=mm&r=g\",\"contentUrl\":\"https:\/\/secure.gravatar.com\/avatar\/8ed7492c4d88d8495bc0cb24cda6847b8ae23eec459a919e08e77d0ca0fd79ec?s=96&d=mm&r=g\",\"caption\":\"F\u00e1bio Scaldelai\"},\"description\":\"Jornalista no Estrat\u00e9gia Concursos e Produtor de Televis\u00e3o, formado em Jornalismo, R\u00e1dio e TV pela Faculdade Integrada Rio Branco, com especializa\u00e7\u00f5es em Gest\u00e3o Empresarial e Marketing pelo M\u00f3dulo. Atuou como produtor no SBT, TV Bandeirantes e R\u00e1dio Band FM, al\u00e9m de acumular tr\u00eas anos de experi\u00eancia no setor de concursos p\u00fablicos pela LFG (Luiz Fl\u00e1vio Gomes). No Estrat\u00e9gia Concursos, atua na apura\u00e7\u00e3o de not\u00edcias da \u00e1rea fiscal, al\u00e9m de coberturas sobre concursos das \u00e1reas de controle (TCU, TCE, etc), concurso AFT, \u00e1rea de gest\u00e3o e administrativa, bem como dos \u00f3rg\u00e3os participantes do CNU. Tamb\u00e9m possui experi\u00eancia em link building e an\u00e1lise de m\u00eddia, adquirida durante sua atua\u00e7\u00e3o na ag\u00eancia SEO Marketing.\",\"url\":\"https:\/\/www.estrategiaconcursos.com.br\/blog\/author\/fabio-scaldelaiestrategiaconcursos-com-br\/\"}]}<\/script>\n<!-- \/ Yoast SEO Premium plugin. -->","yoast_head_json":{"title":"Edital Prefeitura de Mariana - MG: provas em 10 de julho!","description":"Edital Prefeitura de Mariana MG: inscri\u00e7\u00f5es encerradas. Ap\u00f3s republica\u00e7\u00e3o do edital n\u00famero de vagas subiu para 93.","robots":{"index":"index","follow":"follow","max-snippet":"max-snippet:-1","max-image-preview":"max-image-preview:large","max-video-preview":"max-video-preview:-1"},"canonical":"https:\/\/www.estrategiaconcursos.com.br\/blog\/edital-prefeitura-de-mariana-mg\/","og_locale":"pt_BR","og_type":"article","og_title":"Edital Prefeitura de Mariana - MG: provas em 10 de julho!","og_description":"Edital Prefeitura de Mariana MG: inscri\u00e7\u00f5es encerradas. Ap\u00f3s republica\u00e7\u00e3o do edital n\u00famero de vagas subiu para 93.","og_url":"https:\/\/www.estrategiaconcursos.com.br\/blog\/edital-prefeitura-de-mariana-mg\/","og_site_name":"Estrat\u00e9gia Concursos","article_published_time":"2022-06-11T02:59:00+00:00","article_modified_time":"2022-06-11T12:55:17+00:00","og_image":[{"width":768,"height":432,"url":"https:\/\/dhg1h5j42swfq.cloudfront.net\/2021\/12\/03180251\/prefeitura_de_mariana.jpg","type":"image\/jpeg"}],"author":"F\u00e1bio Scaldelai","twitter_card":"summary_large_image","twitter_creator":"@EstratConcursos","twitter_site":"@EstratConcursos","twitter_misc":{"Escrito por":"F\u00e1bio Scaldelai","Est. tempo de leitura":"4 minutos"},"schema":{"@context":"https:\/\/schema.org","@graph":[{"@type":"NewsArticle","@id":"https:\/\/www.estrategiaconcursos.com.br\/blog\/edital-prefeitura-de-mariana-mg\/#article","isPartOf":{"@id":"https:\/\/www.estrategiaconcursos.com.br\/blog\/edital-prefeitura-de-mariana-mg\/"},"author":{"name":"F\u00e1bio Scaldelai","@id":"https:\/\/www.estrategiaconcursos.com.br\/blog\/#\/schema\/person\/e3b6b7ce0192dd4ad270655969d61750"},"headline":"Edital Prefeitura de Mariana &#8211; MG: provas em 10 de julho!","datePublished":"2022-06-11T02:59:00+00:00","dateModified":"2022-06-11T12:55:17+00:00","mainEntityOfPage":{"@id":"https:\/\/www.estrategiaconcursos.com.br\/blog\/edital-prefeitura-de-mariana-mg\/"},"wordCount":541,"commentCount":2,"publisher":{"@id":"https:\/\/www.estrategiaconcursos.com.br\/blog\/#organization"},"image":{"@id":"https:\/\/www.estrategiaconcursos.com.br\/blog\/edital-prefeitura-de-mariana-mg\/#primaryimage"},"thumbnailUrl":"https:\/\/dhg1h5j42swfq.cloudfront.net\/2021\/12\/03180251\/prefeitura_de_mariana.jpg","articleSection":["Executivo (Administrativa)","\u00daltimas not\u00edcias"],"inLanguage":"pt-BR","potentialAction":[{"@type":"CommentAction","name":"Comment","target":["https:\/\/www.estrategiaconcursos.com.br\/blog\/edital-prefeitura-de-mariana-mg\/#respond"]}],"copyrightYear":"2022","copyrightHolder":{"@id":"https:\/\/www.estrategiaconcursos.com.br\/blog\/#organization"}},{"@type":"WebPage","@id":"https:\/\/www.estrategiaconcursos.com.br\/blog\/edital-prefeitura-de-mariana-mg\/","url":"https:\/\/www.estrategiaconcursos.com.br\/blog\/edital-prefeitura-de-mariana-mg\/","name":"Edital Prefeitura de Mariana - MG: provas em 10 de julho!","isPartOf":{"@id":"https:\/\/www.estrategiaconcursos.com.br\/blog\/#website"},"primaryImageOfPage":{"@id":"https:\/\/www.estrategiaconcursos.com.br\/blog\/edital-prefeitura-de-mariana-mg\/#primaryimage"},"image":{"@id":"https:\/\/www.estrategiaconcursos.com.br\/blog\/edital-prefeitura-de-mariana-mg\/#primaryimage"},"thumbnailUrl":"https:\/\/dhg1h5j42swfq.cloudfront.net\/2021\/12\/03180251\/prefeitura_de_mariana.jpg","datePublished":"2022-06-11T02:59:00+00:00","dateModified":"2022-06-11T12:55:17+00:00","description":"Edital Prefeitura de Mariana MG: inscri\u00e7\u00f5es encerradas. Ap\u00f3s republica\u00e7\u00e3o do edital n\u00famero de vagas subiu para 93.","breadcrumb":{"@id":"https:\/\/www.estrategiaconcursos.com.br\/blog\/edital-prefeitura-de-mariana-mg\/#breadcrumb"},"inLanguage":"pt-BR","potentialAction":[{"@type":"ReadAction","target":["https:\/\/www.estrategiaconcursos.com.br\/blog\/edital-prefeitura-de-mariana-mg\/"]}]},{"@type":"ImageObject","inLanguage":"pt-BR","@id":"https:\/\/www.estrategiaconcursos.com.br\/blog\/edital-prefeitura-de-mariana-mg\/#primaryimage","url":"https:\/\/dhg1h5j42swfq.cloudfront.net\/2021\/12\/03180251\/prefeitura_de_mariana.jpg","contentUrl":"https:\/\/dhg1h5j42swfq.cloudfront.net\/2021\/12\/03180251\/prefeitura_de_mariana.jpg","width":768,"height":432,"caption":"Concurso Mariana"},{"@type":"BreadcrumbList","@id":"https:\/\/www.estrategiaconcursos.com.br\/blog\/edital-prefeitura-de-mariana-mg\/#breadcrumb","itemListElement":[{"@type":"ListItem","position":1,"name":"In\u00edcio","item":"https:\/\/www.estrategiaconcursos.com.br\/blog\/"},{"@type":"ListItem","position":2,"name":"Edital Prefeitura de Mariana &#8211; MG: provas em 10 de julho!"}]},{"@type":"WebSite","@id":"https:\/\/www.estrategiaconcursos.com.br\/blog\/#website","url":"https:\/\/www.estrategiaconcursos.com.br\/blog\/","name":"Estrat\u00e9gia Concursos","description":"O blog da Estrat\u00e9gia Concursos traz not\u00edcias sobre concursos e artigos de professores oferecendo cursos para concursos (pdf + videaulas) no site.","publisher":{"@id":"https:\/\/www.estrategiaconcursos.com.br\/blog\/#organization"},"potentialAction":[{"@type":"SearchAction","target":{"@type":"EntryPoint","urlTemplate":"https:\/\/www.estrategiaconcursos.com.br\/blog\/?s={search_term_string}"},"query-input":{"@type":"PropertyValueSpecification","valueRequired":true,"valueName":"search_term_string"}}],"inLanguage":"pt-BR"},{"@type":"Organization","@id":"https:\/\/www.estrategiaconcursos.com.br\/blog\/#organization","name":"Estrat\u00e9gia Concursos","url":"https:\/\/www.estrategiaconcursos.com.br\/blog\/","logo":{"@type":"ImageObject","inLanguage":"pt-BR","@id":"https:\/\/www.estrategiaconcursos.com.br\/blog\/#\/schema\/logo\/image\/","url":"https:\/\/dhg1h5j42swfq.cloudfront.net\/2025\/06\/03203428\/logo_concursos-1.jpg","contentUrl":"https:\/\/dhg1h5j42swfq.cloudfront.net\/2025\/06\/03203428\/logo_concursos-1.jpg","width":230,"height":60,"caption":"Estrat\u00e9gia Concursos"},"image":{"@id":"https:\/\/www.estrategiaconcursos.com.br\/blog\/#\/schema\/logo\/image\/"},"sameAs":["https:\/\/x.com\/EstratConcursos"]},{"@type":"Person","@id":"https:\/\/www.estrategiaconcursos.com.br\/blog\/#\/schema\/person\/e3b6b7ce0192dd4ad270655969d61750","name":"F\u00e1bio Scaldelai","image":{"@type":"ImageObject","inLanguage":"pt-BR","@id":"https:\/\/secure.gravatar.com\/avatar\/8ed7492c4d88d8495bc0cb24cda6847b8ae23eec459a919e08e77d0ca0fd79ec?s=96&d=mm&r=g","url":"https:\/\/secure.gravatar.com\/avatar\/8ed7492c4d88d8495bc0cb24cda6847b8ae23eec459a919e08e77d0ca0fd79ec?s=96&d=mm&r=g","contentUrl":"https:\/\/secure.gravatar.com\/avatar\/8ed7492c4d88d8495bc0cb24cda6847b8ae23eec459a919e08e77d0ca0fd79ec?s=96&d=mm&r=g","caption":"F\u00e1bio Scaldelai"},"description":"Jornalista no Estrat\u00e9gia Concursos e Produtor de Televis\u00e3o, formado em Jornalismo, R\u00e1dio e TV pela Faculdade Integrada Rio Branco, com especializa\u00e7\u00f5es em Gest\u00e3o Empresarial e Marketing pelo M\u00f3dulo. Atuou como produtor no SBT, TV Bandeirantes e R\u00e1dio Band FM, al\u00e9m de acumular tr\u00eas anos de experi\u00eancia no setor de concursos p\u00fablicos pela LFG (Luiz Fl\u00e1vio Gomes). No Estrat\u00e9gia Concursos, atua na apura\u00e7\u00e3o de not\u00edcias da \u00e1rea fiscal, al\u00e9m de coberturas sobre concursos das \u00e1reas de controle (TCU, TCE, etc), concurso AFT, \u00e1rea de gest\u00e3o e administrativa, bem como dos \u00f3rg\u00e3os participantes do CNU. Tamb\u00e9m possui experi\u00eancia em link building e an\u00e1lise de m\u00eddia, adquirida durante sua atua\u00e7\u00e3o na ag\u00eancia SEO Marketing.","url":"https:\/\/www.estrategiaconcursos.com.br\/blog\/author\/fabio-scaldelaiestrategiaconcursos-com-br\/"}]}},"_links":{"self":[{"href":"https:\/\/www.estrategiaconcursos.com.br\/blog\/wp-json\/wp\/v2\/posts\/462354","targetHints":{"allow":["GET"]}}],"collection":[{"href":"https:\/\/www.estrategiaconcursos.com.br\/blog\/wp-json\/wp\/v2\/posts"}],"about":[{"href":"https:\/\/www.estrategiaconcursos.com.br\/blog\/wp-json\/wp\/v2\/types\/post"}],"author":[{"embeddable":true,"href":"https:\/\/www.estrategiaconcursos.com.br\/blog\/wp-json\/wp\/v2\/users\/656"}],"replies":[{"embeddable":true,"href":"https:\/\/www.estrategiaconcursos.com.br\/blog\/wp-json\/wp\/v2\/comments?post=462354"}],"version-history":[{"count":28,"href":"https:\/\/www.estrategiaconcursos.com.br\/blog\/wp-json\/wp\/v2\/posts\/462354\/revisions"}],"predecessor-version":[{"id":1043682,"href":"https:\/\/www.estrategiaconcursos.com.br\/blog\/wp-json\/wp\/v2\/posts\/462354\/revisions\/1043682"}],"wp:featuredmedia":[{"embeddable":true,"href":"https:\/\/www.estrategiaconcursos.com.br\/blog\/wp-json\/wp\/v2\/media\/938966"}],"wp:attachment":[{"href":"https:\/\/www.estrategiaconcursos.com.br\/blog\/wp-json\/wp\/v2\/media?parent=462354"}],"wp:term":[{"taxonomy":"category","embeddable":true,"href":"https:\/\/www.estrategiaconcursos.com.br\/blog\/wp-json\/wp\/v2\/categories?post=462354"},{"taxonomy":"post_tag","embeddable":true,"href":"https:\/\/www.estrategiaconcursos.com.br\/blog\/wp-json\/wp\/v2\/tags?post=462354"},{"taxonomy":"tax_estado","embeddable":true,"href":"https:\/\/www.estrategiaconcursos.com.br\/blog\/wp-json\/wp\/v2\/tax_estado?post=462354"}],"curies":[{"name":"wp","href":"https:\/\/api.w.org\/{rel}","templated":true}]}}