{"id":461962,"date":"2019-12-18T13:46:05","date_gmt":"2019-12-18T16:46:05","guid":{"rendered":"https:\/\/www.estrategiaconcursos.com.br\/blog\/?p=461962"},"modified":"2019-12-18T13:46:08","modified_gmt":"2019-12-18T16:46:08","slug":"cop-25-chile-madri","status":"publish","type":"post","link":"https:\/\/www.estrategiaconcursos.com.br\/blog\/cop-25-chile-madri\/","title":{"rendered":"COP 25 Chile-Madri"},"content":{"rendered":"\n<h2 class=\"wp-block-heading\"><strong>\u201cChile-Madrid, hora de agir\u201d<\/strong><\/h2>\n\n\n\n<p><\/p>\n\n\n\n<p>A&nbsp;<strong>Conven\u00e7\u00e3o-Quadro das Na\u00e7\u00f5es Unidas sobre Mudan\u00e7as Clim\u00e1ticas<\/strong> (UNFCCC), um dos principais documentos produzidos na <strong>Rio-92 <\/strong>(C\u00fapula da Terra), tem o&nbsp;objetivo de estabilizar as concentra\u00e7\u00f5es de gases de efeito estufa na atmosfera em um n\u00edvel que impe\u00e7a uma interfer\u00eancia humana perigosa no sistema clim\u00e1tico.&nbsp;Esse n\u00edvel dever\u00e1 ser alcan\u00e7ado em um prazo suficiente que permita aos ecossistemas adaptarem-se naturalmente \u00e0 mudan\u00e7a do&nbsp;clima, assegurando que a produ\u00e7\u00e3o de alimentos n\u00e3o seja amea\u00e7ada e permitindo ao desenvolvimento econ\u00f4mico prosseguir de maneira sustent\u00e1vel.&nbsp;<\/p>\n\n\n\n<p>A UNFCCC tem como <strong>\u00f3rg\u00e3o supremo a Confer\u00eancia das Partes (COP)<\/strong> da qual re\u00fane anualmente os Pa\u00edses partes em confer\u00eancias mundiais. Suas decis\u00f5es, coletivas e consensuais, s\u00f3 podem ser tomadas se forem aceitas unanimemente pelas Partes, sendo soberanas e valendo para todos os pa\u00edses signat\u00e1rios<\/p>\n\n\n\n<p>Com frequ\u00eancia m\u00ednima anual, os\npa\u00edses signat\u00e1rios se re\u00fanem na COP para ent\u00e3o discutir o progresso de\nimplementa\u00e7\u00e3o da Conven\u00e7\u00e3o-Quadro. <\/p>\n\n\n\n<p>J\u00e1 foram realizadas 25\nConfer\u00eancias das Partes. A COP 25 seria realizada no Brasil, mas o governo\nfederal declinou de sua realiza\u00e7\u00e3o ao argumento de falta de recursos para o\ncusteio do evento internacional. A COP25 foi ent\u00e3o endere\u00e7a ao Chile, que por\nmotivos socioecon\u00f4micos, transferiu a sede do evento para a Espanha, sendo\nrealizada em Madri, sob a organiza\u00e7\u00e3o do Governo do Chile entre 2 a 13 de\ndezembro de 2019.<\/p>\n\n\n\n<p>O <strong>principal documento<\/strong> produzido na COP 25 foi o <strong>acordo \u201cChile-Madrid, hora de agir\u201d<\/strong>\nem que se fixou a obriga\u00e7\u00e3o dos pa\u00edses, at\u00e9 2020, apresentarem <strong>compromissos mais ambiciosos<\/strong> para a\nredu\u00e7\u00e3o das emiss\u00f5es de gases do efeito estufa e consequente controle das\nmudan\u00e7as clim\u00e1ticas cumprindo as metas estabelecidas junto ao Acordo de Paris\nsobre o clima efetivado em 2015 (limitar o aumento da temperatura global a 2\u00baC\nem rela\u00e7\u00e3o aos n\u00edveis da era pr\u00e9-industrial, esfor\u00e7ando-se, para n\u00e3o passar de\n1,5\u00baC at\u00e9 o final deste s\u00e9culo). A base principiol\u00f3gica do documento \u00e9 a <strong>valoriza\u00e7\u00e3o do conhecimento\ncient\u00edfico<\/strong> (eixo principal) como\nponto fulcral para a tomada de decis\u00f5es pol\u00edticas pelos pa\u00edses, passando por\nconstantes interrela\u00e7\u00f5es entre ci\u00eancia e pol\u00edticas p\u00fablicas ambientais na busca\ndo controle do aumento da temperatura do planeta.<\/p>\n\n\n\n<p>Outro ponto debatido na COP25 foi\na <strong>regulamenta\u00e7\u00e3o\ndo mercado de carbono<\/strong>. Embora tenha sido objeto de intensos debates\nna confer\u00eancia, o tema acabou de fora do texto final por falta de consenso,\nficando sua regulamenta\u00e7\u00e3o para outro momento.<\/p>\n\n\n\n<p>Para fins de concurso, os\nprincipais pontos que devem ser fixados para sua prova s\u00e3o: <\/p>\n\n\n\n<ol class=\"wp-block-list\"><li>Nome da Confer\u00eancia: <strong>COP 25;<\/strong><\/li><li>Nome do Documento Produzido: \u201cChile-Madrid,\nhora de agir\u201d;<\/li><li>Caracter\u00edsticas principais do documento: <ol><li>Propostas\nmais ambiciosas para redu\u00e7\u00e3o dos gases estufa para 2020;<\/li><\/ol><ol><li>Papel\nda ci\u00eancia como eixo principal na formula\u00e7\u00e3o das pol\u00edticas p\u00fablicas clim\u00e1ticas;<\/li><\/ol><ol><li>Transversalidade\ndas quest\u00f5es clim\u00e1ticas em face da necessidade da interrela\u00e7\u00e3o de v\u00e1rias \u00e1reas\ndo conhecimento e da atividade econ\u00f4mica;<\/li><\/ol><ol><li>Falta\nde acordo quanto ao mercado de carbono; e<\/li><\/ol><ol><li>Valoriza\u00e7\u00e3o\ndo G\u00eanero. Acordaram os pa\u00edses um Plano de A\u00e7\u00e3o de G\u00eanero objetivando aumentar\na participa\u00e7\u00e3o de mulheres nas negocia\u00e7\u00f5es clim\u00e1ticas internacionais.<\/li><\/ol><\/li><\/ol>\n\n\n\n<p>\u00c9 isso pessoal! Existem outros\ntemas debatidos na COP25, por\u00e9m ventilamos apenas os principais pontos que\npodem ser objeto de provas de concurso. <\/p>\n\n\n\n<p>Forte abra\u00e7o!<\/p>\n\n\n\n<p>Luis Carlos Miranda de Oliveira<\/p>\n\n\n\n<p>Procurador Federal<\/p>\n\n\n\n<p>@profluisoliveira<\/p>\n","protected":false},"excerpt":{"rendered":"<p>\u201cChile-Madrid, hora de agir\u201d A&nbsp;Conven\u00e7\u00e3o-Quadro das Na\u00e7\u00f5es Unidas sobre Mudan\u00e7as Clim\u00e1ticas (UNFCCC), um dos principais documentos produzidos na Rio-92 (C\u00fapula da Terra), tem o&nbsp;objetivo de estabilizar as concentra\u00e7\u00f5es de gases de efeito estufa na atmosfera em um n\u00edvel que impe\u00e7a uma interfer\u00eancia humana perigosa no sistema clim\u00e1tico.&nbsp;Esse n\u00edvel dever\u00e1 ser alcan\u00e7ado em um prazo suficiente [&hellip;]<\/p>\n","protected":false},"author":1385,"featured_media":0,"comment_status":"open","ping_status":"closed","sticky":false,"template":"","format":"standard","meta":{"post_tipo":"article","footnotes":""},"categories":[1,2185,1988,1984],"tags":[],"tax_estado":[],"class_list":["post-461962","post","type-post","status-publish","format-standard","hentry","category-cursos-e-concursos","category-carreiras-juridicas","category-policia","category-tribunais"],"acf":[],"yoast_head":"<!-- This site is optimized with the Yoast SEO Premium plugin v27.2 (Yoast SEO v27.2) - https:\/\/yoast.com\/product\/yoast-seo-premium-wordpress\/ -->\n<title>COP 25 Chile-Madri<\/title>\n<meta name=\"robots\" content=\"index, follow, max-snippet:-1, max-image-preview:large, max-video-preview:-1\" \/>\n<link rel=\"canonical\" href=\"https:\/\/www.estrategiaconcursos.com.br\/blog\/cop-25-chile-madri\/\" \/>\n<meta property=\"og:locale\" content=\"pt_BR\" \/>\n<meta property=\"og:type\" content=\"article\" \/>\n<meta property=\"og:title\" content=\"COP 25 Chile-Madri\" \/>\n<meta property=\"og:description\" content=\"\u201cChile-Madrid, hora de agir\u201d A&nbsp;Conven\u00e7\u00e3o-Quadro das Na\u00e7\u00f5es Unidas sobre Mudan\u00e7as Clim\u00e1ticas (UNFCCC), um dos principais documentos produzidos na Rio-92 (C\u00fapula da Terra), tem o&nbsp;objetivo de estabilizar as concentra\u00e7\u00f5es de gases de efeito estufa na atmosfera em um n\u00edvel que impe\u00e7a uma interfer\u00eancia humana perigosa no sistema clim\u00e1tico.&nbsp;Esse n\u00edvel dever\u00e1 ser alcan\u00e7ado em um prazo suficiente [&hellip;]\" \/>\n<meta property=\"og:url\" content=\"https:\/\/www.estrategiaconcursos.com.br\/blog\/cop-25-chile-madri\/\" \/>\n<meta property=\"og:site_name\" content=\"Estrat\u00e9gia Concursos\" \/>\n<meta property=\"article:published_time\" content=\"2019-12-18T16:46:05+00:00\" \/>\n<meta property=\"article:modified_time\" content=\"2019-12-18T16:46:08+00:00\" \/>\n<meta name=\"author\" content=\"Luis Carlos Miranda de Oliveira\" \/>\n<meta name=\"twitter:card\" content=\"summary_large_image\" \/>\n<meta name=\"twitter:creator\" content=\"@EstratConcursos\" \/>\n<meta name=\"twitter:site\" content=\"@EstratConcursos\" \/>\n<meta name=\"twitter:label1\" content=\"Escrito por\" \/>\n\t<meta name=\"twitter:data1\" content=\"Luis Carlos Miranda de Oliveira\" \/>\n\t<meta name=\"twitter:label2\" content=\"Est. tempo de leitura\" \/>\n\t<meta name=\"twitter:data2\" content=\"3 minutos\" \/>\n<script type=\"application\/ld+json\" class=\"yoast-schema-graph\">{\"@context\":\"https:\/\/schema.org\",\"@graph\":[{\"@type\":\"NewsArticle\",\"@id\":\"https:\/\/www.estrategiaconcursos.com.br\/blog\/cop-25-chile-madri\/#article\",\"isPartOf\":{\"@id\":\"https:\/\/www.estrategiaconcursos.com.br\/blog\/cop-25-chile-madri\/\"},\"author\":{\"name\":\"Luis Carlos Miranda de Oliveira\",\"@id\":\"https:\/\/www.estrategiaconcursos.com.br\/blog\/#\/schema\/person\/000e5e14b357e5c37a94897a9721a1a1\"},\"headline\":\"COP 25 Chile-Madri\",\"datePublished\":\"2019-12-18T16:46:05+00:00\",\"dateModified\":\"2019-12-18T16:46:08+00:00\",\"mainEntityOfPage\":{\"@id\":\"https:\/\/www.estrategiaconcursos.com.br\/blog\/cop-25-chile-madri\/\"},\"wordCount\":611,\"commentCount\":0,\"publisher\":{\"@id\":\"https:\/\/www.estrategiaconcursos.com.br\/blog\/#organization\"},\"articleSection\":[\"Concursos P\u00fablicos\",\"Jur\u00eddico\",\"Policial (Agente, Escriv\u00e3o e Investigador)\",\"Tribunais\"],\"inLanguage\":\"pt-BR\",\"potentialAction\":[{\"@type\":\"CommentAction\",\"name\":\"Comment\",\"target\":[\"https:\/\/www.estrategiaconcursos.com.br\/blog\/cop-25-chile-madri\/#respond\"]}],\"copyrightYear\":\"2019\",\"copyrightHolder\":{\"@id\":\"https:\/\/www.estrategiaconcursos.com.br\/blog\/#organization\"}},{\"@type\":\"WebPage\",\"@id\":\"https:\/\/www.estrategiaconcursos.com.br\/blog\/cop-25-chile-madri\/\",\"url\":\"https:\/\/www.estrategiaconcursos.com.br\/blog\/cop-25-chile-madri\/\",\"name\":\"COP 25 Chile-Madri\",\"isPartOf\":{\"@id\":\"https:\/\/www.estrategiaconcursos.com.br\/blog\/#website\"},\"datePublished\":\"2019-12-18T16:46:05+00:00\",\"dateModified\":\"2019-12-18T16:46:08+00:00\",\"breadcrumb\":{\"@id\":\"https:\/\/www.estrategiaconcursos.com.br\/blog\/cop-25-chile-madri\/#breadcrumb\"},\"inLanguage\":\"pt-BR\",\"potentialAction\":[{\"@type\":\"ReadAction\",\"target\":[\"https:\/\/www.estrategiaconcursos.com.br\/blog\/cop-25-chile-madri\/\"]}]},{\"@type\":\"BreadcrumbList\",\"@id\":\"https:\/\/www.estrategiaconcursos.com.br\/blog\/cop-25-chile-madri\/#breadcrumb\",\"itemListElement\":[{\"@type\":\"ListItem\",\"position\":1,\"name\":\"In\u00edcio\",\"item\":\"https:\/\/www.estrategiaconcursos.com.br\/blog\/\"},{\"@type\":\"ListItem\",\"position\":2,\"name\":\"COP 25 Chile-Madri\"}]},{\"@type\":\"WebSite\",\"@id\":\"https:\/\/www.estrategiaconcursos.com.br\/blog\/#website\",\"url\":\"https:\/\/www.estrategiaconcursos.com.br\/blog\/\",\"name\":\"Estrat\u00e9gia Concursos\",\"description\":\"O blog da Estrat\u00e9gia Concursos traz not\u00edcias sobre concursos e artigos de professores oferecendo cursos para concursos (pdf + videaulas) no site.\",\"publisher\":{\"@id\":\"https:\/\/www.estrategiaconcursos.com.br\/blog\/#organization\"},\"potentialAction\":[{\"@type\":\"SearchAction\",\"target\":{\"@type\":\"EntryPoint\",\"urlTemplate\":\"https:\/\/www.estrategiaconcursos.com.br\/blog\/?s={search_term_string}\"},\"query-input\":{\"@type\":\"PropertyValueSpecification\",\"valueRequired\":true,\"valueName\":\"search_term_string\"}}],\"inLanguage\":\"pt-BR\"},{\"@type\":\"Organization\",\"@id\":\"https:\/\/www.estrategiaconcursos.com.br\/blog\/#organization\",\"name\":\"Estrat\u00e9gia Concursos\",\"url\":\"https:\/\/www.estrategiaconcursos.com.br\/blog\/\",\"logo\":{\"@type\":\"ImageObject\",\"inLanguage\":\"pt-BR\",\"@id\":\"https:\/\/www.estrategiaconcursos.com.br\/blog\/#\/schema\/logo\/image\/\",\"url\":\"https:\/\/dhg1h5j42swfq.cloudfront.net\/2025\/06\/03203428\/logo_concursos-1.jpg\",\"contentUrl\":\"https:\/\/dhg1h5j42swfq.cloudfront.net\/2025\/06\/03203428\/logo_concursos-1.jpg\",\"width\":230,\"height\":60,\"caption\":\"Estrat\u00e9gia Concursos\"},\"image\":{\"@id\":\"https:\/\/www.estrategiaconcursos.com.br\/blog\/#\/schema\/logo\/image\/\"},\"sameAs\":[\"https:\/\/x.com\/EstratConcursos\"]},{\"@type\":\"Person\",\"@id\":\"https:\/\/www.estrategiaconcursos.com.br\/blog\/#\/schema\/person\/000e5e14b357e5c37a94897a9721a1a1\",\"name\":\"Luis Carlos Miranda de Oliveira\",\"image\":{\"@type\":\"ImageObject\",\"inLanguage\":\"pt-BR\",\"@id\":\"https:\/\/secure.gravatar.com\/avatar\/5bb6cafc132aa8fea01f8e9afdad034ef6f1257ede39c9233f51a4bbd8834851?s=96&d=mm&r=g\",\"url\":\"https:\/\/secure.gravatar.com\/avatar\/5bb6cafc132aa8fea01f8e9afdad034ef6f1257ede39c9233f51a4bbd8834851?s=96&d=mm&r=g\",\"contentUrl\":\"https:\/\/secure.gravatar.com\/avatar\/5bb6cafc132aa8fea01f8e9afdad034ef6f1257ede39c9233f51a4bbd8834851?s=96&d=mm&r=g\",\"caption\":\"Luis Carlos Miranda de Oliveira\"},\"description\":\"LUIS OLIVEIRA Professor de Direito Ambiental do Estrat\u00e9gia Carreira Jur\u00eddica e professor de F\u00edsica e Qu\u00edmica nos cursos preparat\u00f3rios para os vestibulares. Foi aprovado para cargos p\u00fablicos do INCRA, Pol\u00edcia Federal, Pol\u00edcia Rodovi\u00e1ria Federal, Justi\u00e7a Eleitoral e Minist\u00e9rio P\u00fablico Federal, T\u00e9cnico Administrativo da Justi\u00e7a Federal, e Analista Judici\u00e1rio do TRF 1\u00aa Regi\u00e3o, desempenhando por mais de 5 anos a fun\u00e7\u00e3o de Assessor de Ju\u00edzes Federais. Atualmente ocupa o cargo de Procurador Federal (AGU) das autarquias ambientais federais (IBAMA e ICMBio).\",\"url\":\"https:\/\/www.estrategiaconcursos.com.br\/blog\/author\/luis-carlos-oliveiraagu-gov-br\/\"}]}<\/script>\n<!-- \/ Yoast SEO Premium plugin. -->","yoast_head_json":{"title":"COP 25 Chile-Madri","robots":{"index":"index","follow":"follow","max-snippet":"max-snippet:-1","max-image-preview":"max-image-preview:large","max-video-preview":"max-video-preview:-1"},"canonical":"https:\/\/www.estrategiaconcursos.com.br\/blog\/cop-25-chile-madri\/","og_locale":"pt_BR","og_type":"article","og_title":"COP 25 Chile-Madri","og_description":"\u201cChile-Madrid, hora de agir\u201d A&nbsp;Conven\u00e7\u00e3o-Quadro das Na\u00e7\u00f5es Unidas sobre Mudan\u00e7as Clim\u00e1ticas (UNFCCC), um dos principais documentos produzidos na Rio-92 (C\u00fapula da Terra), tem o&nbsp;objetivo de estabilizar as concentra\u00e7\u00f5es de gases de efeito estufa na atmosfera em um n\u00edvel que impe\u00e7a uma interfer\u00eancia humana perigosa no sistema clim\u00e1tico.&nbsp;Esse n\u00edvel dever\u00e1 ser alcan\u00e7ado em um prazo suficiente [&hellip;]","og_url":"https:\/\/www.estrategiaconcursos.com.br\/blog\/cop-25-chile-madri\/","og_site_name":"Estrat\u00e9gia Concursos","article_published_time":"2019-12-18T16:46:05+00:00","article_modified_time":"2019-12-18T16:46:08+00:00","author":"Luis Carlos Miranda de Oliveira","twitter_card":"summary_large_image","twitter_creator":"@EstratConcursos","twitter_site":"@EstratConcursos","twitter_misc":{"Escrito por":"Luis Carlos Miranda de Oliveira","Est. tempo de leitura":"3 minutos"},"schema":{"@context":"https:\/\/schema.org","@graph":[{"@type":"NewsArticle","@id":"https:\/\/www.estrategiaconcursos.com.br\/blog\/cop-25-chile-madri\/#article","isPartOf":{"@id":"https:\/\/www.estrategiaconcursos.com.br\/blog\/cop-25-chile-madri\/"},"author":{"name":"Luis Carlos Miranda de Oliveira","@id":"https:\/\/www.estrategiaconcursos.com.br\/blog\/#\/schema\/person\/000e5e14b357e5c37a94897a9721a1a1"},"headline":"COP 25 Chile-Madri","datePublished":"2019-12-18T16:46:05+00:00","dateModified":"2019-12-18T16:46:08+00:00","mainEntityOfPage":{"@id":"https:\/\/www.estrategiaconcursos.com.br\/blog\/cop-25-chile-madri\/"},"wordCount":611,"commentCount":0,"publisher":{"@id":"https:\/\/www.estrategiaconcursos.com.br\/blog\/#organization"},"articleSection":["Concursos P\u00fablicos","Jur\u00eddico","Policial (Agente, Escriv\u00e3o e Investigador)","Tribunais"],"inLanguage":"pt-BR","potentialAction":[{"@type":"CommentAction","name":"Comment","target":["https:\/\/www.estrategiaconcursos.com.br\/blog\/cop-25-chile-madri\/#respond"]}],"copyrightYear":"2019","copyrightHolder":{"@id":"https:\/\/www.estrategiaconcursos.com.br\/blog\/#organization"}},{"@type":"WebPage","@id":"https:\/\/www.estrategiaconcursos.com.br\/blog\/cop-25-chile-madri\/","url":"https:\/\/www.estrategiaconcursos.com.br\/blog\/cop-25-chile-madri\/","name":"COP 25 Chile-Madri","isPartOf":{"@id":"https:\/\/www.estrategiaconcursos.com.br\/blog\/#website"},"datePublished":"2019-12-18T16:46:05+00:00","dateModified":"2019-12-18T16:46:08+00:00","breadcrumb":{"@id":"https:\/\/www.estrategiaconcursos.com.br\/blog\/cop-25-chile-madri\/#breadcrumb"},"inLanguage":"pt-BR","potentialAction":[{"@type":"ReadAction","target":["https:\/\/www.estrategiaconcursos.com.br\/blog\/cop-25-chile-madri\/"]}]},{"@type":"BreadcrumbList","@id":"https:\/\/www.estrategiaconcursos.com.br\/blog\/cop-25-chile-madri\/#breadcrumb","itemListElement":[{"@type":"ListItem","position":1,"name":"In\u00edcio","item":"https:\/\/www.estrategiaconcursos.com.br\/blog\/"},{"@type":"ListItem","position":2,"name":"COP 25 Chile-Madri"}]},{"@type":"WebSite","@id":"https:\/\/www.estrategiaconcursos.com.br\/blog\/#website","url":"https:\/\/www.estrategiaconcursos.com.br\/blog\/","name":"Estrat\u00e9gia Concursos","description":"O blog da Estrat\u00e9gia Concursos traz not\u00edcias sobre concursos e artigos de professores oferecendo cursos para concursos (pdf + videaulas) no site.","publisher":{"@id":"https:\/\/www.estrategiaconcursos.com.br\/blog\/#organization"},"potentialAction":[{"@type":"SearchAction","target":{"@type":"EntryPoint","urlTemplate":"https:\/\/www.estrategiaconcursos.com.br\/blog\/?s={search_term_string}"},"query-input":{"@type":"PropertyValueSpecification","valueRequired":true,"valueName":"search_term_string"}}],"inLanguage":"pt-BR"},{"@type":"Organization","@id":"https:\/\/www.estrategiaconcursos.com.br\/blog\/#organization","name":"Estrat\u00e9gia Concursos","url":"https:\/\/www.estrategiaconcursos.com.br\/blog\/","logo":{"@type":"ImageObject","inLanguage":"pt-BR","@id":"https:\/\/www.estrategiaconcursos.com.br\/blog\/#\/schema\/logo\/image\/","url":"https:\/\/dhg1h5j42swfq.cloudfront.net\/2025\/06\/03203428\/logo_concursos-1.jpg","contentUrl":"https:\/\/dhg1h5j42swfq.cloudfront.net\/2025\/06\/03203428\/logo_concursos-1.jpg","width":230,"height":60,"caption":"Estrat\u00e9gia Concursos"},"image":{"@id":"https:\/\/www.estrategiaconcursos.com.br\/blog\/#\/schema\/logo\/image\/"},"sameAs":["https:\/\/x.com\/EstratConcursos"]},{"@type":"Person","@id":"https:\/\/www.estrategiaconcursos.com.br\/blog\/#\/schema\/person\/000e5e14b357e5c37a94897a9721a1a1","name":"Luis Carlos Miranda de Oliveira","image":{"@type":"ImageObject","inLanguage":"pt-BR","@id":"https:\/\/secure.gravatar.com\/avatar\/5bb6cafc132aa8fea01f8e9afdad034ef6f1257ede39c9233f51a4bbd8834851?s=96&d=mm&r=g","url":"https:\/\/secure.gravatar.com\/avatar\/5bb6cafc132aa8fea01f8e9afdad034ef6f1257ede39c9233f51a4bbd8834851?s=96&d=mm&r=g","contentUrl":"https:\/\/secure.gravatar.com\/avatar\/5bb6cafc132aa8fea01f8e9afdad034ef6f1257ede39c9233f51a4bbd8834851?s=96&d=mm&r=g","caption":"Luis Carlos Miranda de Oliveira"},"description":"LUIS OLIVEIRA Professor de Direito Ambiental do Estrat\u00e9gia Carreira Jur\u00eddica e professor de F\u00edsica e Qu\u00edmica nos cursos preparat\u00f3rios para os vestibulares. Foi aprovado para cargos p\u00fablicos do INCRA, Pol\u00edcia Federal, Pol\u00edcia Rodovi\u00e1ria Federal, Justi\u00e7a Eleitoral e Minist\u00e9rio P\u00fablico Federal, T\u00e9cnico Administrativo da Justi\u00e7a Federal, e Analista Judici\u00e1rio do TRF 1\u00aa Regi\u00e3o, desempenhando por mais de 5 anos a fun\u00e7\u00e3o de Assessor de Ju\u00edzes Federais. Atualmente ocupa o cargo de Procurador Federal (AGU) das autarquias ambientais federais (IBAMA e ICMBio).","url":"https:\/\/www.estrategiaconcursos.com.br\/blog\/author\/luis-carlos-oliveiraagu-gov-br\/"}]}},"_links":{"self":[{"href":"https:\/\/www.estrategiaconcursos.com.br\/blog\/wp-json\/wp\/v2\/posts\/461962","targetHints":{"allow":["GET"]}}],"collection":[{"href":"https:\/\/www.estrategiaconcursos.com.br\/blog\/wp-json\/wp\/v2\/posts"}],"about":[{"href":"https:\/\/www.estrategiaconcursos.com.br\/blog\/wp-json\/wp\/v2\/types\/post"}],"author":[{"embeddable":true,"href":"https:\/\/www.estrategiaconcursos.com.br\/blog\/wp-json\/wp\/v2\/users\/1385"}],"replies":[{"embeddable":true,"href":"https:\/\/www.estrategiaconcursos.com.br\/blog\/wp-json\/wp\/v2\/comments?post=461962"}],"version-history":[{"count":3,"href":"https:\/\/www.estrategiaconcursos.com.br\/blog\/wp-json\/wp\/v2\/posts\/461962\/revisions"}],"predecessor-version":[{"id":461967,"href":"https:\/\/www.estrategiaconcursos.com.br\/blog\/wp-json\/wp\/v2\/posts\/461962\/revisions\/461967"}],"wp:attachment":[{"href":"https:\/\/www.estrategiaconcursos.com.br\/blog\/wp-json\/wp\/v2\/media?parent=461962"}],"wp:term":[{"taxonomy":"category","embeddable":true,"href":"https:\/\/www.estrategiaconcursos.com.br\/blog\/wp-json\/wp\/v2\/categories?post=461962"},{"taxonomy":"post_tag","embeddable":true,"href":"https:\/\/www.estrategiaconcursos.com.br\/blog\/wp-json\/wp\/v2\/tags?post=461962"},{"taxonomy":"tax_estado","embeddable":true,"href":"https:\/\/www.estrategiaconcursos.com.br\/blog\/wp-json\/wp\/v2\/tax_estado?post=461962"}],"curies":[{"name":"wp","href":"https:\/\/api.w.org\/{rel}","templated":true}]}}