{"id":461910,"date":"2019-12-18T11:28:51","date_gmt":"2019-12-18T14:28:51","guid":{"rendered":"https:\/\/www.estrategiaconcursos.com.br\/blog\/?p=461910"},"modified":"2019-12-20T16:58:24","modified_gmt":"2019-12-20T19:58:24","slug":"cronograma-alterado-concurso-cdp","status":"publish","type":"post","link":"https:\/\/www.estrategiaconcursos.com.br\/blog\/cronograma-alterado-concurso-cdp\/","title":{"rendered":"Cronograma do concurso CDP \u00e9 alterado! Confira as modifica\u00e7\u00f5es"},"content":{"rendered":"\n<p>Foi publicado uma retifica\u00e7\u00e3o que <strong>altera o cronograma<\/strong> do concurso p\u00fablico da Companhia de Docas do Par\u00e1. Dentre as principais modifica\u00e7\u00f5es, est\u00e1 a <strong><em>prorroga\u00e7\u00e3o do per\u00edodo de inscri\u00e7\u00e3o<\/em><\/strong> e <strong><em>data da prova objetiva<\/em><\/strong>.<\/p>\n\n\n\n<p>Com isso, os candidatos t\u00eam at\u00e9 o dia <strong>23 de janeiro de 2020<\/strong> para garantir sua candidatura, que deve ser realizada no site da banca organizadora, o Instituto Consulplan. A data da prova objetiva foi adiada e, agora, a avalia\u00e7\u00e3o est\u00e1 prevista para o dia <strong>01 de mar\u00e7o de 2020<\/strong>.<\/p>\n\n\n\n<p>O edital da Companhia de Docas do Par\u00e1 foi publicado com a oferta de <strong>20 vagas<\/strong> imediatas e forma\u00e7\u00e3o de cadastro reserva. As oportunidades s\u00e3o para <strong>Guarda Portu\u00e1rio<\/strong>, cargo este que exige escolaridade de n\u00edvel m\u00e9dio. O sal\u00e1rio \u00e9 de R$ 1.786,75 (sem contar benef\u00edcios), para jornada de trabalho de 36 horas semanais.<\/p>\n\n\n\n<h4 class=\"wp-block-heading\">Confira as datas do cronograma do concurso CDP:<\/h4>\n\n\n\n<ul class=\"wp-block-list\"><li><strong>Inscri\u00e7\u00f5es<\/strong>: at\u00e9 23 de janeiro<\/li><li><strong>Resultado preliminar dos pedidos de isen\u00e7\u00e3o<\/strong>: 09 de janeiro<\/li><li><strong>Resultado definitivo dos pedidos de isen\u00e7\u00e3o<\/strong>: 21 de janeiro<\/li><li><strong>\u00daltimo dia para pagamento<\/strong>: 24 de janeiro<\/li><li><strong>Divulga\u00e7\u00e3o dos locais de prova<\/strong>: 21 de fevereiro<\/li><li><strong>Data da prova objetiva<\/strong>: 01 de mar\u00e7o<\/li><\/ul>\n\n\n\n<p class=\"has-medium-font-size\"><strong>\u25ba<a href=\"https:\/\/d676e6gwpn3ec.cloudfront.net\/concursos\/1033\/2_29014.pdf\" target=\"_blank\" rel=\"noreferrer noopener\" aria-label=\"Retifica\u00e7\u00e3o (abre numa nova aba)\">Retifica\u00e7\u00e3o<\/a><\/strong><\/p>\n\n\n\n<p style=\"font-size:22px\" class=\"has-background has-text-align-center has-very-light-gray-background-color\"><strong>Saiba mais: <a rel=\"noreferrer noopener\" aria-label=\"Concurso CDP (abre numa nova aba)\" href=\"https:\/\/www.estrategiaconcursos.com.br\/blog\/concurso-cdp\/\" target=\"_blank\">Concurso CDP<\/a><\/strong><\/p>\n\n\n\n<hr class=\"wp-block-separator\"\/>\n\n\n\n<p class=\"has-text-align-center has-medium-font-size\"><em><strong>Assinatura Anual Ilimitada*<\/strong><\/em><\/p>\n\n\n\n<p class=\"has-text-align-center\"><em>Prepare-se com o melhor material e com quem mais aprova em Concursos P\u00fablicos em todo o pa\u00eds. Assine agora a nossa Assinatura Anual e tenha acesso ilimitado* a todos os nossos cursos.<\/em><\/p>\n\n\n\n<p style=\"font-size:22px\" class=\"has-background has-text-align-center has-luminous-vivid-amber-background-color\"><strong>ASSINE AGORA&nbsp;\u2013&nbsp;<a rel=\"noreferrer noopener\" href=\"https:\/\/www.estrategiaconcursos.com.br\/assinaturas\" target=\"_blank\">Assinatura Ilimitada<\/a><\/strong><\/p>\n\n\n\n<p style=\"font-size:22px\" class=\"has-background has-text-align-center has-light-green-cyan-background-color\"><a rel=\"noreferrer noopener\" href=\"https:\/\/www.estrategiaconcursos.com.br\/cursosPorConcurso\/companhia-de-docas-do-para-cdp\/\" target=\"_blank\"><strong>Cursos CDP<\/strong><\/a><\/p>\n\n\n\n<p class=\"has-text-align-center has-medium-font-size\"><em><strong>Fique por dentro de todos os concursos<\/strong><\/em>:<\/p>\n\n\n\n<p style=\"font-size:22px\" class=\"has-background has-text-align-center has-pale-cyan-blue-background-color\"><a rel=\"noreferrer noopener\" href=\"https:\/\/www.estrategiaconcursos.com.br\/blog\/concursos-abertos\/\" target=\"_blank\"><strong>Concursos abertos<\/strong><\/a><\/p>\n\n\n\n<p style=\"font-size:22px\" class=\"has-background has-text-align-center has-pale-cyan-blue-background-color\"><a rel=\"noreferrer noopener\" href=\"https:\/\/www.estrategiaconcursos.com.br\/blog\/concursos-2019\/\" target=\"_blank\"><strong>Concursos 2019<\/strong><\/a><\/p>\n\n\n\n<p style=\"font-size:22px\" class=\"has-background has-text-align-center has-pale-cyan-blue-background-color\"><a rel=\"noreferrer noopener\" href=\"https:\/\/www.estrategiaconcursos.com.br\/blog\/concursos-2020\/\" target=\"_blank\"><strong>Concursos 2020<\/strong><\/a><\/p>\n","protected":false},"excerpt":{"rendered":"<p>Foi publicado uma retifica\u00e7\u00e3o que altera o cronograma do concurso p\u00fablico da Companhia de Docas do Par\u00e1. Dentre as principais modifica\u00e7\u00f5es, est\u00e1 a prorroga\u00e7\u00e3o do per\u00edodo de inscri\u00e7\u00e3o e data da prova objetiva. Com isso, os candidatos t\u00eam at\u00e9 o dia 23 de janeiro de 2020 para garantir sua candidatura, que deve ser realizada no [&hellip;]<\/p>\n","protected":false},"author":552,"featured_media":367794,"comment_status":"open","ping_status":"closed","sticky":false,"template":"","format":"standard","meta":{"post_tipo":"article","footnotes":""},"categories":[1],"tags":[],"tax_estado":[],"class_list":["post-461910","post","type-post","status-publish","format-standard","has-post-thumbnail","hentry","category-cursos-e-concursos"],"acf":[],"yoast_head":"<!-- This site is optimized with the Yoast SEO Premium plugin v27.2 (Yoast SEO v27.2) - https:\/\/yoast.com\/product\/yoast-seo-premium-wordpress\/ -->\n<title>Cronograma do concurso CDP \u00e9 alterado! Confira as modifica\u00e7\u00f5es<\/title>\n<meta name=\"description\" content=\"Concurso CDP: Retifica\u00e7\u00e3o prorroga per\u00edodo de inscri\u00e7\u00f5es e altera data da prova objetiva. Edital oferta 20 vagas para Guarda Portu\u00e1rio.\" \/>\n<meta name=\"robots\" content=\"index, follow, max-snippet:-1, max-image-preview:large, max-video-preview:-1\" \/>\n<link rel=\"canonical\" href=\"https:\/\/www.estrategiaconcursos.com.br\/blog\/cronograma-alterado-concurso-cdp\/\" \/>\n<meta property=\"og:locale\" content=\"pt_BR\" \/>\n<meta property=\"og:type\" content=\"article\" \/>\n<meta property=\"og:title\" content=\"Cronograma do concurso CDP \u00e9 alterado! Confira as modifica\u00e7\u00f5es\" \/>\n<meta property=\"og:description\" content=\"Concurso CDP: Retifica\u00e7\u00e3o prorroga per\u00edodo de inscri\u00e7\u00f5es e altera data da prova objetiva. Edital oferta 20 vagas para Guarda Portu\u00e1rio.\" \/>\n<meta property=\"og:url\" content=\"https:\/\/www.estrategiaconcursos.com.br\/blog\/cronograma-alterado-concurso-cdp\/\" \/>\n<meta property=\"og:site_name\" content=\"Estrat\u00e9gia Concursos\" \/>\n<meta property=\"article:published_time\" content=\"2019-12-18T14:28:51+00:00\" \/>\n<meta property=\"article:modified_time\" content=\"2019-12-20T19:58:24+00:00\" \/>\n<meta property=\"og:image\" content=\"https:\/\/dhg1h5j42swfq.cloudfront.net\/2019\/05\/02134325\/concurso-cdp-pa.png\" \/>\n\t<meta property=\"og:image:width\" content=\"400\" \/>\n\t<meta property=\"og:image:height\" content=\"209\" \/>\n\t<meta property=\"og:image:type\" content=\"image\/png\" \/>\n<meta name=\"author\" content=\"Paulo Bilynskyj\" \/>\n<meta name=\"twitter:card\" content=\"summary_large_image\" \/>\n<meta name=\"twitter:creator\" content=\"@EstratConcursos\" \/>\n<meta name=\"twitter:site\" content=\"@EstratConcursos\" \/>\n<meta name=\"twitter:label1\" content=\"Escrito por\" \/>\n\t<meta name=\"twitter:data1\" content=\"Paulo Bilynskyj\" \/>\n\t<meta name=\"twitter:label2\" content=\"Est. tempo de leitura\" \/>\n\t<meta name=\"twitter:data2\" content=\"1 minuto\" \/>\n<script type=\"application\/ld+json\" class=\"yoast-schema-graph\">{\"@context\":\"https:\/\/schema.org\",\"@graph\":[{\"@type\":\"NewsArticle\",\"@id\":\"https:\/\/www.estrategiaconcursos.com.br\/blog\/cronograma-alterado-concurso-cdp\/#article\",\"isPartOf\":{\"@id\":\"https:\/\/www.estrategiaconcursos.com.br\/blog\/cronograma-alterado-concurso-cdp\/\"},\"author\":{\"name\":\"Paulo Bilynskyj\",\"@id\":\"https:\/\/www.estrategiaconcursos.com.br\/blog\/#\/schema\/person\/a630b15e36f45b4c21fed01219843cb5\"},\"headline\":\"Cronograma do concurso CDP \u00e9 alterado! Confira as modifica\u00e7\u00f5es\",\"datePublished\":\"2019-12-18T14:28:51+00:00\",\"dateModified\":\"2019-12-20T19:58:24+00:00\",\"mainEntityOfPage\":{\"@id\":\"https:\/\/www.estrategiaconcursos.com.br\/blog\/cronograma-alterado-concurso-cdp\/\"},\"wordCount\":267,\"commentCount\":0,\"publisher\":{\"@id\":\"https:\/\/www.estrategiaconcursos.com.br\/blog\/#organization\"},\"image\":{\"@id\":\"https:\/\/www.estrategiaconcursos.com.br\/blog\/cronograma-alterado-concurso-cdp\/#primaryimage\"},\"thumbnailUrl\":\"https:\/\/dhg1h5j42swfq.cloudfront.net\/2019\/05\/02134325\/concurso-cdp-pa.png\",\"articleSection\":[\"Concursos P\u00fablicos\"],\"inLanguage\":\"pt-BR\",\"potentialAction\":[{\"@type\":\"CommentAction\",\"name\":\"Comment\",\"target\":[\"https:\/\/www.estrategiaconcursos.com.br\/blog\/cronograma-alterado-concurso-cdp\/#respond\"]}],\"copyrightYear\":\"2019\",\"copyrightHolder\":{\"@id\":\"https:\/\/www.estrategiaconcursos.com.br\/blog\/#organization\"}},{\"@type\":\"WebPage\",\"@id\":\"https:\/\/www.estrategiaconcursos.com.br\/blog\/cronograma-alterado-concurso-cdp\/\",\"url\":\"https:\/\/www.estrategiaconcursos.com.br\/blog\/cronograma-alterado-concurso-cdp\/\",\"name\":\"Cronograma do concurso CDP \u00e9 alterado! Confira as modifica\u00e7\u00f5es\",\"isPartOf\":{\"@id\":\"https:\/\/www.estrategiaconcursos.com.br\/blog\/#website\"},\"primaryImageOfPage\":{\"@id\":\"https:\/\/www.estrategiaconcursos.com.br\/blog\/cronograma-alterado-concurso-cdp\/#primaryimage\"},\"image\":{\"@id\":\"https:\/\/www.estrategiaconcursos.com.br\/blog\/cronograma-alterado-concurso-cdp\/#primaryimage\"},\"thumbnailUrl\":\"https:\/\/dhg1h5j42swfq.cloudfront.net\/2019\/05\/02134325\/concurso-cdp-pa.png\",\"datePublished\":\"2019-12-18T14:28:51+00:00\",\"dateModified\":\"2019-12-20T19:58:24+00:00\",\"description\":\"Concurso CDP: Retifica\u00e7\u00e3o prorroga per\u00edodo de inscri\u00e7\u00f5es e altera data da prova objetiva. Edital oferta 20 vagas para Guarda Portu\u00e1rio.\",\"breadcrumb\":{\"@id\":\"https:\/\/www.estrategiaconcursos.com.br\/blog\/cronograma-alterado-concurso-cdp\/#breadcrumb\"},\"inLanguage\":\"pt-BR\",\"potentialAction\":[{\"@type\":\"ReadAction\",\"target\":[\"https:\/\/www.estrategiaconcursos.com.br\/blog\/cronograma-alterado-concurso-cdp\/\"]}]},{\"@type\":\"ImageObject\",\"inLanguage\":\"pt-BR\",\"@id\":\"https:\/\/www.estrategiaconcursos.com.br\/blog\/cronograma-alterado-concurso-cdp\/#primaryimage\",\"url\":\"https:\/\/dhg1h5j42swfq.cloudfront.net\/2019\/05\/02134325\/concurso-cdp-pa.png\",\"contentUrl\":\"https:\/\/dhg1h5j42swfq.cloudfront.net\/2019\/05\/02134325\/concurso-cdp-pa.png\",\"width\":400,\"height\":209,\"caption\":\"Companhia Docas do Par\u00e1\"},{\"@type\":\"BreadcrumbList\",\"@id\":\"https:\/\/www.estrategiaconcursos.com.br\/blog\/cronograma-alterado-concurso-cdp\/#breadcrumb\",\"itemListElement\":[{\"@type\":\"ListItem\",\"position\":1,\"name\":\"In\u00edcio\",\"item\":\"https:\/\/www.estrategiaconcursos.com.br\/blog\/\"},{\"@type\":\"ListItem\",\"position\":2,\"name\":\"Cronograma do concurso CDP \u00e9 alterado! Confira as modifica\u00e7\u00f5es\"}]},{\"@type\":\"WebSite\",\"@id\":\"https:\/\/www.estrategiaconcursos.com.br\/blog\/#website\",\"url\":\"https:\/\/www.estrategiaconcursos.com.br\/blog\/\",\"name\":\"Estrat\u00e9gia Concursos\",\"description\":\"O blog da Estrat\u00e9gia Concursos traz not\u00edcias sobre concursos e artigos de professores oferecendo cursos para concursos (pdf + videaulas) no site.\",\"publisher\":{\"@id\":\"https:\/\/www.estrategiaconcursos.com.br\/blog\/#organization\"},\"potentialAction\":[{\"@type\":\"SearchAction\",\"target\":{\"@type\":\"EntryPoint\",\"urlTemplate\":\"https:\/\/www.estrategiaconcursos.com.br\/blog\/?s={search_term_string}\"},\"query-input\":{\"@type\":\"PropertyValueSpecification\",\"valueRequired\":true,\"valueName\":\"search_term_string\"}}],\"inLanguage\":\"pt-BR\"},{\"@type\":\"Organization\",\"@id\":\"https:\/\/www.estrategiaconcursos.com.br\/blog\/#organization\",\"name\":\"Estrat\u00e9gia Concursos\",\"url\":\"https:\/\/www.estrategiaconcursos.com.br\/blog\/\",\"logo\":{\"@type\":\"ImageObject\",\"inLanguage\":\"pt-BR\",\"@id\":\"https:\/\/www.estrategiaconcursos.com.br\/blog\/#\/schema\/logo\/image\/\",\"url\":\"https:\/\/dhg1h5j42swfq.cloudfront.net\/2025\/06\/03203428\/logo_concursos-1.jpg\",\"contentUrl\":\"https:\/\/dhg1h5j42swfq.cloudfront.net\/2025\/06\/03203428\/logo_concursos-1.jpg\",\"width\":230,\"height\":60,\"caption\":\"Estrat\u00e9gia Concursos\"},\"image\":{\"@id\":\"https:\/\/www.estrategiaconcursos.com.br\/blog\/#\/schema\/logo\/image\/\"},\"sameAs\":[\"https:\/\/x.com\/EstratConcursos\"]},{\"@type\":\"Person\",\"@id\":\"https:\/\/www.estrategiaconcursos.com.br\/blog\/#\/schema\/person\/a630b15e36f45b4c21fed01219843cb5\",\"name\":\"Paulo Bilynskyj\",\"image\":{\"@type\":\"ImageObject\",\"inLanguage\":\"pt-BR\",\"@id\":\"https:\/\/secure.gravatar.com\/avatar\/37e21f70c9042e7456beffdc6d31fe051f3f6dcbf252f69343a791b144852057?s=96&d=mm&r=g\",\"url\":\"https:\/\/secure.gravatar.com\/avatar\/37e21f70c9042e7456beffdc6d31fe051f3f6dcbf252f69343a791b144852057?s=96&d=mm&r=g\",\"contentUrl\":\"https:\/\/secure.gravatar.com\/avatar\/37e21f70c9042e7456beffdc6d31fe051f3f6dcbf252f69343a791b144852057?s=96&d=mm&r=g\",\"caption\":\"Paulo Bilynskyj\"},\"url\":\"https:\/\/www.estrategiaconcursos.com.br\/blog\/author\/pbilynskyjgmail-com\/\"}]}<\/script>\n<!-- \/ Yoast SEO Premium plugin. -->","yoast_head_json":{"title":"Cronograma do concurso CDP \u00e9 alterado! Confira as modifica\u00e7\u00f5es","description":"Concurso CDP: Retifica\u00e7\u00e3o prorroga per\u00edodo de inscri\u00e7\u00f5es e altera data da prova objetiva. Edital oferta 20 vagas para Guarda Portu\u00e1rio.","robots":{"index":"index","follow":"follow","max-snippet":"max-snippet:-1","max-image-preview":"max-image-preview:large","max-video-preview":"max-video-preview:-1"},"canonical":"https:\/\/www.estrategiaconcursos.com.br\/blog\/cronograma-alterado-concurso-cdp\/","og_locale":"pt_BR","og_type":"article","og_title":"Cronograma do concurso CDP \u00e9 alterado! Confira as modifica\u00e7\u00f5es","og_description":"Concurso CDP: Retifica\u00e7\u00e3o prorroga per\u00edodo de inscri\u00e7\u00f5es e altera data da prova objetiva. Edital oferta 20 vagas para Guarda Portu\u00e1rio.","og_url":"https:\/\/www.estrategiaconcursos.com.br\/blog\/cronograma-alterado-concurso-cdp\/","og_site_name":"Estrat\u00e9gia Concursos","article_published_time":"2019-12-18T14:28:51+00:00","article_modified_time":"2019-12-20T19:58:24+00:00","og_image":[{"width":400,"height":209,"url":"https:\/\/dhg1h5j42swfq.cloudfront.net\/2019\/05\/02134325\/concurso-cdp-pa.png","type":"image\/png"}],"author":"Paulo Bilynskyj","twitter_card":"summary_large_image","twitter_creator":"@EstratConcursos","twitter_site":"@EstratConcursos","twitter_misc":{"Escrito por":"Paulo Bilynskyj","Est. tempo de leitura":"1 minuto"},"schema":{"@context":"https:\/\/schema.org","@graph":[{"@type":"NewsArticle","@id":"https:\/\/www.estrategiaconcursos.com.br\/blog\/cronograma-alterado-concurso-cdp\/#article","isPartOf":{"@id":"https:\/\/www.estrategiaconcursos.com.br\/blog\/cronograma-alterado-concurso-cdp\/"},"author":{"name":"Paulo Bilynskyj","@id":"https:\/\/www.estrategiaconcursos.com.br\/blog\/#\/schema\/person\/a630b15e36f45b4c21fed01219843cb5"},"headline":"Cronograma do concurso CDP \u00e9 alterado! Confira as modifica\u00e7\u00f5es","datePublished":"2019-12-18T14:28:51+00:00","dateModified":"2019-12-20T19:58:24+00:00","mainEntityOfPage":{"@id":"https:\/\/www.estrategiaconcursos.com.br\/blog\/cronograma-alterado-concurso-cdp\/"},"wordCount":267,"commentCount":0,"publisher":{"@id":"https:\/\/www.estrategiaconcursos.com.br\/blog\/#organization"},"image":{"@id":"https:\/\/www.estrategiaconcursos.com.br\/blog\/cronograma-alterado-concurso-cdp\/#primaryimage"},"thumbnailUrl":"https:\/\/dhg1h5j42swfq.cloudfront.net\/2019\/05\/02134325\/concurso-cdp-pa.png","articleSection":["Concursos P\u00fablicos"],"inLanguage":"pt-BR","potentialAction":[{"@type":"CommentAction","name":"Comment","target":["https:\/\/www.estrategiaconcursos.com.br\/blog\/cronograma-alterado-concurso-cdp\/#respond"]}],"copyrightYear":"2019","copyrightHolder":{"@id":"https:\/\/www.estrategiaconcursos.com.br\/blog\/#organization"}},{"@type":"WebPage","@id":"https:\/\/www.estrategiaconcursos.com.br\/blog\/cronograma-alterado-concurso-cdp\/","url":"https:\/\/www.estrategiaconcursos.com.br\/blog\/cronograma-alterado-concurso-cdp\/","name":"Cronograma do concurso CDP \u00e9 alterado! Confira as modifica\u00e7\u00f5es","isPartOf":{"@id":"https:\/\/www.estrategiaconcursos.com.br\/blog\/#website"},"primaryImageOfPage":{"@id":"https:\/\/www.estrategiaconcursos.com.br\/blog\/cronograma-alterado-concurso-cdp\/#primaryimage"},"image":{"@id":"https:\/\/www.estrategiaconcursos.com.br\/blog\/cronograma-alterado-concurso-cdp\/#primaryimage"},"thumbnailUrl":"https:\/\/dhg1h5j42swfq.cloudfront.net\/2019\/05\/02134325\/concurso-cdp-pa.png","datePublished":"2019-12-18T14:28:51+00:00","dateModified":"2019-12-20T19:58:24+00:00","description":"Concurso CDP: Retifica\u00e7\u00e3o prorroga per\u00edodo de inscri\u00e7\u00f5es e altera data da prova objetiva. Edital oferta 20 vagas para Guarda Portu\u00e1rio.","breadcrumb":{"@id":"https:\/\/www.estrategiaconcursos.com.br\/blog\/cronograma-alterado-concurso-cdp\/#breadcrumb"},"inLanguage":"pt-BR","potentialAction":[{"@type":"ReadAction","target":["https:\/\/www.estrategiaconcursos.com.br\/blog\/cronograma-alterado-concurso-cdp\/"]}]},{"@type":"ImageObject","inLanguage":"pt-BR","@id":"https:\/\/www.estrategiaconcursos.com.br\/blog\/cronograma-alterado-concurso-cdp\/#primaryimage","url":"https:\/\/dhg1h5j42swfq.cloudfront.net\/2019\/05\/02134325\/concurso-cdp-pa.png","contentUrl":"https:\/\/dhg1h5j42swfq.cloudfront.net\/2019\/05\/02134325\/concurso-cdp-pa.png","width":400,"height":209,"caption":"Companhia Docas do Par\u00e1"},{"@type":"BreadcrumbList","@id":"https:\/\/www.estrategiaconcursos.com.br\/blog\/cronograma-alterado-concurso-cdp\/#breadcrumb","itemListElement":[{"@type":"ListItem","position":1,"name":"In\u00edcio","item":"https:\/\/www.estrategiaconcursos.com.br\/blog\/"},{"@type":"ListItem","position":2,"name":"Cronograma do concurso CDP \u00e9 alterado! Confira as modifica\u00e7\u00f5es"}]},{"@type":"WebSite","@id":"https:\/\/www.estrategiaconcursos.com.br\/blog\/#website","url":"https:\/\/www.estrategiaconcursos.com.br\/blog\/","name":"Estrat\u00e9gia Concursos","description":"O blog da Estrat\u00e9gia Concursos traz not\u00edcias sobre concursos e artigos de professores oferecendo cursos para concursos (pdf + videaulas) no site.","publisher":{"@id":"https:\/\/www.estrategiaconcursos.com.br\/blog\/#organization"},"potentialAction":[{"@type":"SearchAction","target":{"@type":"EntryPoint","urlTemplate":"https:\/\/www.estrategiaconcursos.com.br\/blog\/?s={search_term_string}"},"query-input":{"@type":"PropertyValueSpecification","valueRequired":true,"valueName":"search_term_string"}}],"inLanguage":"pt-BR"},{"@type":"Organization","@id":"https:\/\/www.estrategiaconcursos.com.br\/blog\/#organization","name":"Estrat\u00e9gia Concursos","url":"https:\/\/www.estrategiaconcursos.com.br\/blog\/","logo":{"@type":"ImageObject","inLanguage":"pt-BR","@id":"https:\/\/www.estrategiaconcursos.com.br\/blog\/#\/schema\/logo\/image\/","url":"https:\/\/dhg1h5j42swfq.cloudfront.net\/2025\/06\/03203428\/logo_concursos-1.jpg","contentUrl":"https:\/\/dhg1h5j42swfq.cloudfront.net\/2025\/06\/03203428\/logo_concursos-1.jpg","width":230,"height":60,"caption":"Estrat\u00e9gia Concursos"},"image":{"@id":"https:\/\/www.estrategiaconcursos.com.br\/blog\/#\/schema\/logo\/image\/"},"sameAs":["https:\/\/x.com\/EstratConcursos"]},{"@type":"Person","@id":"https:\/\/www.estrategiaconcursos.com.br\/blog\/#\/schema\/person\/a630b15e36f45b4c21fed01219843cb5","name":"Paulo Bilynskyj","image":{"@type":"ImageObject","inLanguage":"pt-BR","@id":"https:\/\/secure.gravatar.com\/avatar\/37e21f70c9042e7456beffdc6d31fe051f3f6dcbf252f69343a791b144852057?s=96&d=mm&r=g","url":"https:\/\/secure.gravatar.com\/avatar\/37e21f70c9042e7456beffdc6d31fe051f3f6dcbf252f69343a791b144852057?s=96&d=mm&r=g","contentUrl":"https:\/\/secure.gravatar.com\/avatar\/37e21f70c9042e7456beffdc6d31fe051f3f6dcbf252f69343a791b144852057?s=96&d=mm&r=g","caption":"Paulo Bilynskyj"},"url":"https:\/\/www.estrategiaconcursos.com.br\/blog\/author\/pbilynskyjgmail-com\/"}]}},"_links":{"self":[{"href":"https:\/\/www.estrategiaconcursos.com.br\/blog\/wp-json\/wp\/v2\/posts\/461910","targetHints":{"allow":["GET"]}}],"collection":[{"href":"https:\/\/www.estrategiaconcursos.com.br\/blog\/wp-json\/wp\/v2\/posts"}],"about":[{"href":"https:\/\/www.estrategiaconcursos.com.br\/blog\/wp-json\/wp\/v2\/types\/post"}],"author":[{"embeddable":true,"href":"https:\/\/www.estrategiaconcursos.com.br\/blog\/wp-json\/wp\/v2\/users\/552"}],"replies":[{"embeddable":true,"href":"https:\/\/www.estrategiaconcursos.com.br\/blog\/wp-json\/wp\/v2\/comments?post=461910"}],"version-history":[{"count":3,"href":"https:\/\/www.estrategiaconcursos.com.br\/blog\/wp-json\/wp\/v2\/posts\/461910\/revisions"}],"predecessor-version":[{"id":463263,"href":"https:\/\/www.estrategiaconcursos.com.br\/blog\/wp-json\/wp\/v2\/posts\/461910\/revisions\/463263"}],"wp:featuredmedia":[{"embeddable":true,"href":"https:\/\/www.estrategiaconcursos.com.br\/blog\/wp-json\/wp\/v2\/media\/367794"}],"wp:attachment":[{"href":"https:\/\/www.estrategiaconcursos.com.br\/blog\/wp-json\/wp\/v2\/media?parent=461910"}],"wp:term":[{"taxonomy":"category","embeddable":true,"href":"https:\/\/www.estrategiaconcursos.com.br\/blog\/wp-json\/wp\/v2\/categories?post=461910"},{"taxonomy":"post_tag","embeddable":true,"href":"https:\/\/www.estrategiaconcursos.com.br\/blog\/wp-json\/wp\/v2\/tags?post=461910"},{"taxonomy":"tax_estado","embeddable":true,"href":"https:\/\/www.estrategiaconcursos.com.br\/blog\/wp-json\/wp\/v2\/tax_estado?post=461910"}],"curies":[{"name":"wp","href":"https:\/\/api.w.org\/{rel}","templated":true}]}}