{"id":461788,"date":"2019-12-18T11:40:27","date_gmt":"2019-12-18T14:40:27","guid":{"rendered":"https:\/\/www.estrategiaconcursos.com.br\/blog\/?p=461788"},"modified":"2019-12-18T11:40:29","modified_gmt":"2019-12-18T14:40:29","slug":"gabarito-tj-rj-direito-administrativo","status":"publish","type":"post","link":"https:\/\/www.estrategiaconcursos.com.br\/blog\/gabarito-tj-rj-direito-administrativo\/","title":{"rendered":"Gabarito TJ-RJ \/ Direito Administrativo"},"content":{"rendered":"<p>Ol\u00e1 amigos, tudo bem!?<\/p>\n<p>Para quem n\u00e3o me conhece, muito prazer! Meu nome \u00e9\u00a0<strong>Wagner Damazio<\/strong>\u00a0e sou professor de\u00a0<b>Direito Administrativo\u00a0<\/b>do Estrat\u00e9gia Carreira Jur\u00eddica e de Legisla\u00e7\u00e3o Tribut\u00e1ria do Estrat\u00e9gia Concursos.<\/p>\n<p>No \u00faltimo domingo, 15 de dezembro de 2019, foi realizada a prova objetiva para ingresso na carreira de juiz substituto do Tribunal de justi\u00e7a do Rio de Janeiro.<\/p>\n<p>Foram 7 quest\u00f5es de Direito Administrativo, que comentaremos neste post.<\/p>\n<p>Antes, contudo, deixo a dica de que no meu perfil no Instagram voc\u00ea pode ter acesso a muito conte\u00fado gratuito de Direito Administrativo e de Legisla\u00e7\u00e3o Tribut\u00e1ria Municipal.<\/p>\n<p>Inclusive, <strong>voc\u00ea poder\u00e1 fazer o <em>download<\/em> gratuito de 1000 Quest\u00f5es resolvidas e comentadas de Direito Administrativo<\/strong>, todas coletadas de provas de carreiras jur\u00eddicas.<\/p>\n<p>Para fazer <em>download<\/em> desse e de outros materiais gratuitos, acesse o meu perfil no Instagram:<\/p>\n<p><strong>@professorwagnerdamazio<\/strong>\u00a0e clique no link constante na bio.<\/p>\n<div class=\"wp-block-image\">\n<figure class=\"aligncenter is-resized\"><img loading=\"lazy\" decoding=\"async\" class=\"wp-image-371262 aligncenter\" src=\"https:\/\/dhg1h5j42swfq.cloudfront.net\/2019\/05\/05220049\/instagram-%40professorwagnerdamazio.png\" sizes=\"auto, (max-width: 298px) 100vw, 298px\" srcset=\"https:\/\/dhg1h5j42swfq.cloudfront.net\/2019\/05\/05220049\/instagram-%40professorwagnerdamazio.png 632w, https:\/\/dhg1h5j42swfq.cloudfront.net\/2019\/05\/05220049\/instagram-%40professorwagnerdamazio-300x64.png 300w, https:\/\/dhg1h5j42swfq.cloudfront.net\/2019\/05\/05220049\/instagram-%40professorwagnerdamazio-610x129.png 610w\" alt=\"\" width=\"298\" height=\"63\" \/><\/figure>\n<\/div>\n<p>Caso queira, acesse o arquivo direto e fa\u00e7a o download:<\/p>\n<p style=\"text-align: center;\"><a href=\"http:\/\/bit.ly\/1000QUESTOES\">http:\/\/bit.ly\/1000QUESTOES<\/a><\/p>\n<p>Vamos aos coment\u00e1rios da prova de Direito Administrativo para TJ-RJ<\/p>\n<p>Quest\u00e3o 1) De acordo com a Lei do Processo Administrativo do Estado do Rio de Janeiro (Lei n\u00ba \u2013 5.427\/2009), uma decis\u00e3o proferida em processo administrativo poder\u00e1 ter efeito normativo e vinculante para os \u00f3rg\u00e3os e entidades da Administra\u00e7\u00e3o P\u00fablica estadual se assim determinar o Governador do Estado em despacho motivado, publicado no Di\u00e1rio Oficial, ap\u00f3s oitiva da Procuradoria Geral do Estado. Referida disposi\u00e7\u00e3o legal \u00e9<\/p>\n<p>a) manifesta\u00e7\u00e3o do poder regulamentar do legislador constitucional.<\/p>\n<p>b) concretiza\u00e7\u00e3o do princ\u00edpio da supremacia do interesse p\u00fablico sobre o privado.<\/p>\n<p>c) express\u00e3o do poder disciplinar do Chefe do Poder Executivo.<\/p>\n<p>d) decorr\u00eancia do poder hier\u00e1rquico do Chefe do Poder Executivo.<\/p>\n<p>e) exemplo de exerc\u00edcio de compet\u00eancia vinculada da autoridade administrativa.<\/p>\n<p><strong>Coment\u00e1rios<\/strong><\/p>\n<p><span style=\"color: #000000;\">Incorreta a alternativa \u2018a\u2019. <\/span>O poder regulamentar, \u00e0 exce\u00e7\u00e3o dos decretos aut\u00f4nomos, que decorrem das previs\u00f5es do art. 84, inciso VI, da CRFB, \u00e9 caracterizado pela veicula\u00e7\u00e3o de atos administrativos normativos gerais e abstratos que t\u00eam por objetivo detalhar a aplica\u00e7\u00e3o de dispositivos previstos em lei, al\u00e9m de disciplinar as rela\u00e7\u00f5es jur\u00eddicas a serem firmadas com base naquela lei. Exemplificam o uso do poder regulamentar a expedi\u00e7\u00e3o de decretos, resolu\u00e7\u00f5es, regimentos e instru\u00e7\u00f5es normativas. O enunciado faz men\u00e7\u00e3o a \u201cpoder regulamentar do legislador constitucional\u201d. Sabe-se que o legislador constitucional \u00e9 aquele respons\u00e1vel pela elabora\u00e7\u00e3o ou reforma do texto constitucional em \u00e2mbito federal ou estadual, algo que em nada se relaciona ao caso aventado no enunciado, que aborda uma previs\u00e3o contida em lei ordin\u00e1ria de \u00e2mbito estadual.<\/p>\n<p>Incorreta a alternativa \u2018b\u2019. O caso narrado no enunciado, que menciona uma previs\u00e3o da Lei Estadual n\u00ba 5.427\/09, n\u00e3o corresponde a uma situa\u00e7\u00e3o na qual seja poss\u00edvel visualizar na pr\u00e1tica a supremacia do interesse p\u00fablico sobre o interesse particular. Trata-se t\u00e3o somente de uma previs\u00e3o normativa que confere ao governador a prerrogativa de dar car\u00e1ter normativo e vinculante a uma decis\u00e3o sua no \u00e2mbito da Administra\u00e7\u00e3o Estadual, n\u00e3o alcan\u00e7ando particulares fora da Administra\u00e7\u00e3o. Portanto, n\u00e3o fica evidenciada, de maneira concreta, a observ\u00e2ncia ao princ\u00edpio da supremacia do interesse p\u00fablico sobre o privado.<\/p>\n<p>Incorreta a alternativa \u2018c\u2019. O poder disciplinar abrange a possibilidade de aplica\u00e7\u00e3o de san\u00e7\u00f5es, por parte da Administra\u00e7\u00e3o P\u00fablica, \u00e0queles que possuem alguma vincula\u00e7\u00e3o especial com o Poder P\u00fablico. Nota-se que o caso do enunciado n\u00e3o faz alus\u00e3o a qualquer aplica\u00e7\u00e3o de penalidades, o que afasta o caso de se tratar de poder disciplinar.<\/p>\n<p>Correta a alternativa \u2018d\u2019. O governador \u00e9 a autoridade administrativa que possui a maior preval\u00eancia hier\u00e1rquica dentro do Poder Executivo estadual. Dessa maneira, ao se imaginar a estrutura piramidal que a Administra\u00e7\u00e3o P\u00fablica adota em sua organiza\u00e7\u00e3o, tem-se que o governador ocupa posi\u00e7\u00e3o de c\u00fapula. Sendo o poder hier\u00e1rquico um dos pilares da organiza\u00e7\u00e3o administrativa, a previs\u00e3o normativa mencionada no enunciado confere ao governador, maior autoridade administrativa do Estado, a possibilidade de tornar normativa e vinculante uma decis\u00e3o sua, obrigando toda a Administra\u00e7\u00e3o Estadual a adotar aquele precedente. A imposi\u00e7\u00e3o dessa decis\u00e3o a todo o Poder P\u00fablico estadual \u00e9, portanto, manifesta\u00e7\u00e3o do poder hier\u00e1rquico e da preval\u00eancia que o governador tem no ente federado.<\/p>\n<p>Incorreta a alternativa \u2018e\u2019. Apesar de a previs\u00e3o normativa aludir a uma compet\u00eancia conferida pela lei ao governador, tem-se que a situa\u00e7\u00e3o n\u00e3o corresponde a uma compet\u00eancia vinculada do governador. Trata-se de uma possibilidade, vez que a lei usa a express\u00e3o \u201cpoder\u00e1 ter efeito normativo e vinculante\u201d. Logo, a compet\u00eancia inclui-se no \u00e2mbito do poder discricion\u00e1rio do governador.<\/p>\n<p>Gabarito: Letra \u201cd\u201d.<\/p>\n<p>Quest\u00e3o 2) A respeito das formas de provimento de cargo p\u00fablico, \u00e9 correto afirmar que<\/p>\n<p>a) a readapta\u00e7\u00e3o por provimento em outro cargo poder\u00e1 acarretar eleva\u00e7\u00e3o de vencimento, se ocorrida em unidade administrativa diferente, consideradas a hierarquia e as fun\u00e7\u00f5es do cargo, preservados os demais direitos e vantagens pessoais do servidor.<\/p>\n<p>b) reintegra\u00e7\u00e3o \u00e9 o reingresso do funcion\u00e1rio exonerado ou demitido, determinado exclusivamente por decis\u00e3o judicial transitada em julgado, com ressarcimento do vencimento e das vantagens inerentes ao per\u00edodo em que o servidor esteve afastado do exerc\u00edcio de suas atribui\u00e7\u00f5es.<\/p>\n<p>c) a readapta\u00e7\u00e3o de servidor em est\u00e1gio probat\u00f3rio depender\u00e1 de pr\u00e9via inspe\u00e7\u00e3o realizada por junta m\u00e9dica do \u00f3rg\u00e3o oficial competente, podendo ser definitiva ou provis\u00f3ria, mediante decis\u00e3o devidamente fundamentada do superior hier\u00e1rquico.<\/p>\n<p>d) aproveitamento \u00e9 o retorno ao servi\u00e7o p\u00fablico estadual do servidor colocado em disponibilidade, em cargo de natureza e vencimento compat\u00edveis com os daquele anteriormente ocupado, precedido de inspe\u00e7\u00e3o m\u00e9dica quanto \u00e0 sanidade f\u00edsica e mental do servidor.<\/p>\n<p>e) transfer\u00eancia \u00e9 ato de provimento de servidor em outro cargo de denomina\u00e7\u00e3o e atribui\u00e7\u00f5es diversas, com retribui\u00e7\u00e3o equivalente, determinada de of\u00edcio pela autoridade administrativa a quem originariamente subordinado o servidor, por raz\u00f5es de interesse p\u00fablico.<\/p>\n<p>Coment\u00e1rios<\/p>\n<p>Incorreta a alternativa \u201ca\u201d. Em conformidade com o Decreto Estadual n\u00ba 2.479\/79, que regulamenta o Estatuto dos Funcion\u00e1rios P\u00fablicos Civis do Estado do Rio de Janeiro, a readapta\u00e7\u00e3o n\u00e3o poder\u00e1 acarretar eleva\u00e7\u00e3o do vencimento. Segundo o art. 58, \u00a7 2\u00ba, \u201ca readapta\u00e7\u00e3o referida no inciso II deste artigo n\u00e3o acarretar\u00e1 descenso nem eleva\u00e7\u00e3o de vencimento\u201d. Cabe ressaltar que a readapta\u00e7\u00e3o tem como motivo quest\u00f5es de sa\u00fade ou de incapacidade f\u00edsica.<\/p>\n<p>Incorreta a alternativa \u201cb\u201d. Segundo o art. 40 do Decreto Estadual n\u00ba 2.479\/79, a reintegra\u00e7\u00e3o tamb\u00e9m pode se dar por meio de decis\u00e3o administrativa, n\u00e3o sendo apenas por decis\u00e3o judicial transitada em julgado. Vejamos o teor do dispositivo:<\/p>\n<p>Art. 40 &#8211; A reintegra\u00e7\u00e3o, que decorrer\u00e1 de <strong>decis\u00e3o administrativa ou judicial<\/strong>, \u00e9 o reingresso do funcion\u00e1rio exonerado ex officio ou demitido do servi\u00e7o p\u00fablico estadual, com ressarcimento do vencimento e vantagens e reconhecimento dos direitos ligados ao cargo.<\/p>\n<p>Par\u00e1grafo \u00fanico &#8211; A decis\u00e3o administrativa que determinar a reintegra\u00e7\u00e3o ser\u00e1 sempre proferida em pedido de reconsidera\u00e7\u00e3o, recurso hier\u00e1rquico ou revis\u00e3o de processo.<\/p>\n<p>Incorreta a alternativa \u201cc\u201d. Primeiramente, cabe destacar que o Decreto Estadual n\u00ba 2.479\/79 n\u00e3o faz qualquer distin\u00e7\u00e3o entre servidores em est\u00e1gio probat\u00f3rio ou j\u00e1 est\u00e1veis em mat\u00e9ria de readapta\u00e7\u00e3o. Esta depende de inspe\u00e7\u00e3o realizada por junta m\u00e9dica competente e pode ser definitiva ou provis\u00f3ria. Contudo, o art. 59 n\u00e3o confere compet\u00eancia ao superior hier\u00e1rquico para decidir sobre a readapta\u00e7\u00e3o, mas sim ao governador ou secret\u00e1rio de Administra\u00e7\u00e3o. Vejamos o dispositivo:<\/p>\n<p>Art. 59 \u2013 A readapta\u00e7\u00e3o ser\u00e1 processada:<\/p>\n<p>I \u2013 quando <strong>provis\u00f3ria<\/strong>, mediante ato do <strong>Secret\u00e1rio de Estado de Administra\u00e7\u00e3o<\/strong>, pela redu\u00e7\u00e3o ou atribui\u00e7\u00e3o de novos encargos ao funcion\u00e1rio, na mesma ou em outra unidade administrativa, consideradas a hierarquia e as fun\u00e7\u00f5es do seu cargo;<\/p>\n<p>II \u2013 quando <strong>definitiva<\/strong>, por ato do <strong>Governador<\/strong>, para cargo vago, mediante transfer\u00eancia, observados os requisitos de habilita\u00e7\u00e3o fixados para a classe respectiva.<\/p>\n<p>Correta a alternativa \u201cd\u201d. A alternativa coincide com o teor dos artigos 53 e 54 do Decreto Estadual n\u00ba 2.479\/79, que transcreveremos abaixo:<\/p>\n<p>Art. 53 \u2013 Aproveitamento \u00e9 o retorno ao servi\u00e7o p\u00fablico estadual do funcion\u00e1rio colocado em disponibilidade.<\/p>\n<p>Art. 54 \u2013 O funcion\u00e1rio em disponibilidade poder\u00e1 ser aproveitado em cargo de natureza e vencimento compat\u00edvel com os do anteriormente ocupado.<\/p>\n<ul>\n<li>1\u00ba &#8211; Restabelecido o cargo, ainda que modificada sua denomina\u00e7\u00e3o, poder\u00e1 nele ser aproveitado o funcion\u00e1rio posto em disponibilidade quando da sua extin\u00e7\u00e3o.<\/li>\n<li>2\u00ba &#8211; O aproveitamento depender\u00e1 de prova de sanidade f\u00edsico-mental verificada mediante inspe\u00e7\u00e3o m\u00e9dica.<\/li>\n<\/ul>\n<p>Incorreta a alternativa \u201ce\u201d. Diferentemente do que afirma a alternativa, a transfer\u00eancia se opera a pedido do servidor, atendidos o interesse e a conveni\u00eancia da Administra\u00e7\u00e3o, conforme o art. 49 do Decreto Estadual n\u00ba 2.479\/79:<\/p>\n<p>Art. 49 \u2013 A transfer\u00eancia ser\u00e1 feita a pedido do funcion\u00e1rio, atendidos o interesse e a conveni\u00eancia da Administra\u00e7\u00e3o.<\/p>\n<p>Gabarito: Letra \u201cd\u201d.<\/p>\n<p>Quest\u00e3o 3) Os contratos com terceiros destinados \u00e0 presta\u00e7\u00e3o de servi\u00e7os \u00e0s autarquias, ag\u00eancias executivas, empresas p\u00fablicas e sociedades de economia mista, inclusive de engenharia e de publicidade, \u00e0 aquisi\u00e7\u00e3o e \u00e0 loca\u00e7\u00e3o de bens ser\u00e3o, em regra, precedidos de licita\u00e7\u00e3o. Excepcionalmente, a contrata\u00e7\u00e3o poder\u00e1 se dar de forma direta<\/p>\n<p>a) nos casos de obras e servi\u00e7os de engenharia de valor at\u00e9 R$ 100.000,00 (cem mil reais), desde que n\u00e3o se refiram a parcelas de uma mesma obra ou servi\u00e7o ou ainda a obras e servi\u00e7os de mesma natureza e no mesmo local que possam ser realizadas conjunta e concomitantemente.<\/p>\n<p>b) para servi\u00e7os e compras em geral, de valor at\u00e9 R$ 50.000,00 (cinquenta mil reais) e para aliena\u00e7\u00f5es, desde que n\u00e3o se refiram a parcelas de um mesmo servi\u00e7o, compra ou aliena\u00e7\u00e3o de maior vulto que possa ser realizado de uma s\u00f3 vez.<\/p>\n<p>c) para a compra ou loca\u00e7\u00e3o de im\u00f3vel destinado ao atendimento de suas finalidades prec\u00edpuas, quando as necessidades de instala\u00e7\u00e3o e localiza\u00e7\u00e3o condicionarem a escolha do im\u00f3vel, desde que o pre\u00e7o seja compat\u00edvel com o valor de mercado, segundo avalia\u00e7\u00e3o pr\u00e9via.<\/p>\n<p>d) para servi\u00e7os t\u00e9cnicos especializados, com profissionais ou empresas de not\u00f3ria especializa\u00e7\u00e3o, inclusive para servi\u00e7os de publicidade e divulga\u00e7\u00e3o ou aqueles prestados por interm\u00e9dio de ag\u00eancia de propaganda.<\/p>\n<p>e) nos casos em que a escolha do parceiro esteja associada a suas caracter\u00edsticas peculiares, vinculada a oportunidades de neg\u00f3cio definidas e espec\u00edficas, justificada a inviabilidade de procedimento competitivo.<\/p>\n<p>Coment\u00e1rios<\/p>\n<p>Incorreta a alternativa \u201ca\u201d. O art. 24 da Lei Federal n\u00ba 8.666\/93 traz, em seu inciso I, o caso de dispensa de licita\u00e7\u00e3o por valor para obras e servi\u00e7os de engenharia. Tem-se que o valor limite para esse caso \u00e9 de R$ 33 mil para as autarquias, j\u00e1 levando em considera\u00e7\u00e3o a atualiza\u00e7\u00e3o de valores implementada pelo Decreto Federal n\u00ba 9.412\/18. Para as ag\u00eancias executivas, conforme o art. 24, \u00a7 1\u00ba, da Lei Federal n\u00ba 8.666\/93, esse valor \u00e9 dobrado, correspondendo atualmente a R$ 66 mil. Para as empresas estatais o valor mencionado pela alternativa (R$ 100 mil) est\u00e1 correto, conforme o art. 29, inciso I, da Lei Federal n\u00ba 13.303\/16.<\/p>\n<p>Incorreta a alternativa \u201cb\u201d. Da mesma maneira como ocorreu na alternativa anterior, o valor mencionado pela alternativa (R$ 50 mil) est\u00e1 correto em rela\u00e7\u00e3o \u00e0s empresas estatais, conforme o art. 29, inciso II, da Lei Federal n\u00ba 13.303\/16. Contudo, as autarquias devem seguir a regra geral da Lei Federal n\u00ba 8.666\/93, cujo valor lim\u00edtrofe \u00e9 atualmente de R$ 17.600,00, conforme seu art. 24, inciso II. J\u00e1 para as ag\u00eancias executivas o valor \u00e9 dobro desse mencionado, tamb\u00e9m conforme o art. 24, \u00a7 1\u00ba, da Lei Federal n\u00ba 8.666\/93 (R$ 35.200,00).<\/p>\n<p>Correta a alternativa \u201cc\u201d. O teor da alternativa encontra-se previsto no art. 24, inciso X, da Lei Federal n\u00ba 8.666\/93, aplic\u00e1vel \u00e0s autarquias e ag\u00eancias executivas. J\u00e1 para as sociedades de economia mista e empresas p\u00fablicas deve ser aplicado o art. 29, inciso V, da Lei Federal n\u00ba 13.303\/16. A reda\u00e7\u00e3o de ambos os dispositivos \u00e9 praticamente id\u00eantica e foi reproduzida corretamente pela alternativa.<\/p>\n<p>Incorreta a alternativa \u201cd\u201d. O art. 25, inciso II, da Lei Federal n\u00ba 8.666\/93 veda a inexigibilidade de licita\u00e7\u00e3o para servi\u00e7os t\u00e9cnicos de publicidade e divulga\u00e7\u00e3o. No mesmo sentido, a Lei Federal n\u00ba 13.303\/16 tamb\u00e9m veda a inexigibilidade de licita\u00e7\u00e3o para servi\u00e7os de publicidade, conforme previsto em seu art. 30, inciso II.<\/p>\n<p>Incorreta a alternativa \u201ce\u201d. A reda\u00e7\u00e3o da alternativa corresponde ao art. 28, \u00a7 3\u00ba, inciso II, da Lei Federal n\u00ba 13.303\/16. Portanto, aplica-se apenas \u00e0s sociedades de economia mista e \u00e0s empresas p\u00fablicas. A Lei Federal n\u00ba 8.666\/93 n\u00e3o possui dispositivo similar a esse, n\u00e3o sendo aplic\u00e1vel \u00e0s autarquias e ag\u00eancias executivas.<\/p>\n<p>Gabarito: Letra \u201cc\u201d.<\/p>\n<p>Quest\u00e3o 4)\u00a0A respeito da Lei no 13.460\/2017, que disp\u00f5e sobre participa\u00e7\u00e3o, prote\u00e7\u00e3o e defesa dos direitos dos usu\u00e1rios dos servi\u00e7os p\u00fablicos da administra\u00e7\u00e3o p\u00fablica, \u00e9 correto afirmar que<\/p>\n<p>a) se aplica tamb\u00e9m \u00e0 atividade administrativa prestada pelos Poderes Judici\u00e1rio e Legislativo, conforme disposto no artigo 37 da Constitui\u00e7\u00e3o Federal.<\/p>\n<p>b) n\u00e3o se aplica \u00e0 Advocacia P\u00fablica, Minist\u00e9rio P\u00fablico e Tribunais de Contas, \u00f3rg\u00e3os que desempenham atividade administrativa de meio.<\/p>\n<p>c) n\u00e3o se aplica aos servi\u00e7os p\u00fablicos prestados pelas For\u00e7as Armadas e por militares dos Estados e do Distrito Federal.<\/p>\n<p>d) n\u00e3o se aplica aos servi\u00e7os p\u00fablicos prestados indiretamente, mediante parceria p\u00fablico-privada, sujeitos a regulamenta\u00e7\u00e3o espec\u00edfica do edital de licita\u00e7\u00e3o e contrato de concess\u00e3o ou permiss\u00e3o.<\/p>\n<p>e) afasta a aplicabilidade de normas estaduais que disp\u00f5em de forma diferente sobre a mesma mat\u00e9ria, bem como do C\u00f3digo de Defesa do Consumidor.<\/p>\n<p>Coment\u00e1rios<\/p>\n<p>Correta a alternativa \u201ca\u201d. A Lei Federal n\u00ba 13.460\/17 disp\u00f5e sobre participa\u00e7\u00e3o, prote\u00e7\u00e3o e defesa dos direitos do usu\u00e1rio dos servi\u00e7os p\u00fablicos da administra\u00e7\u00e3o p\u00fablica, regulamentando o art. 37, \u00a7 3\u00ba, inciso I, da CRFB. Ao mencionar a express\u00e3o \u201cservi\u00e7os p\u00fablicos\u201d, a lei n\u00e3o restringiu sua incid\u00eancia apenas aos servi\u00e7os prestados pelo Poder Executivo. Sendo assim, fica claro que ela se aplica aos servi\u00e7os prestados pela Administra\u00e7\u00e3o como um todo, o que abarca Legislativo, Judici\u00e1rio, Minist\u00e9rio P\u00fablico, Tribunais de Contas, Defensorias P\u00fablicas e todos os demais servi\u00e7os, inclusive aqueles prestados por delegat\u00e1rios. Todos os \u00f3rg\u00e3os e poderes devem obedi\u00eancia \u00e0s regras trazidas por aquele diploma legislativo.<\/p>\n<p>Incorreta a alternativa \u201cb\u201d. Conforme visto na alternativa \u201ca\u201d, a lei n\u00e3o abarca apenas servi\u00e7os prestados por um \u00f3rg\u00e3o ou Poder especificamente, alcan\u00e7ando todos os servi\u00e7os prestados pelo Estado.<\/p>\n<p>Incorreta a alternativa \u201cc\u201d. Ao mencionar \u201cservi\u00e7os p\u00fablicos\u201d, a lei se preocupou em abarcar todas as atividades estatais, o que tamb\u00e9m inclui os servi\u00e7os prestados pelas For\u00e7as Armadas, tal qual o alistamento militar, por exemplo.<\/p>\n<p>Incorreta a alternativa \u201cd\u201d. Os servi\u00e7os que s\u00e3o objetos de concess\u00e3o, seja pela concess\u00e3o comum, seja pela PPP, tamb\u00e9m s\u00e3o alvo de preocupa\u00e7\u00e3o da lei. O fato de serem concedidos e prestados por particulares n\u00e3o tira deles a caracter\u00edstica e a titularidade p\u00fablica.<\/p>\n<p>Incorreta a alternativa \u201ce\u201d. Diferentemente do que \u00e9 afirmado pela alternativa, a Lei Federal n\u00ba 13.460\/17 disp\u00f5e expressamente, em seu art. 1\u00ba, \u00a7 2\u00ba, que sua aplica\u00e7\u00e3o n\u00e3o afasta o que disp\u00f5em as normas regulamentadoras espec\u00edficas e o C\u00f3digo de Defesa do Consumidor (Lei Federal n\u00ba 8.078\/90).<\/p>\n<p>Gabarito: Letra \u201ca\u201d.<\/p>\n<p>Quest\u00e3o 5)\u00a0A respeito da concess\u00e3o ou permiss\u00e3o de servi\u00e7os p\u00fablicos, assinale a alternativa correta.<\/p>\n<p>a) A sustentabilidade financeira e vantagens socioecon\u00f4micas dos projetos constituem diretriz de contrata\u00e7\u00e3o de parcerias p\u00fablico-privadas.<\/p>\n<p>b) Admite-se a rescis\u00e3o amig\u00e1vel de contratos de concess\u00e3o comum ou patrocinada, por raz\u00f5es de interesse p\u00fablico, de alta relev\u00e2ncia e amplo conhecimento, justificadas pela m\u00e1xima autoridade do ente contratante, mediante homologa\u00e7\u00e3o judicial.<\/p>\n<p>c) A transfer\u00eancia de concess\u00e3o ou do controle societ\u00e1rio da concession\u00e1ria sem pr\u00e9via anu\u00eancia do Poder Concedente implicar\u00e1 a encampa\u00e7\u00e3o da concess\u00e3o.<\/p>\n<p>d) Antes da celebra\u00e7\u00e3o do contrato, dever\u00e1 ser constitu\u00edda sociedade de prop\u00f3sito espec\u00edfico, vedada a aquisi\u00e7\u00e3o da maioria do seu capital votante pelo ente contratante ou por institui\u00e7\u00e3o financeira controlada pelo Poder P\u00fablico, em qualquer caso.<\/p>\n<p>e) Incumbe ao Poder Concedente declarar de utilidade p\u00fablica os bens necess\u00e1rios \u00e0 execu\u00e7\u00e3o do servi\u00e7o ou obra p\u00fablica e promover diretamente as desapropria\u00e7\u00f5es, cabendo \u00e0 concession\u00e1ria responsabilizar-se pelas indeniza\u00e7\u00f5es decorrentes.<\/p>\n<p>Coment\u00e1rios<\/p>\n<p>Correta a alternativa \u201ca\u201d. A sustentabilidade financeira e vantagens socioecon\u00f4micas dos projetos de parceria \u00e9 uma das diretrizes para a contrata\u00e7\u00e3o de PPPs, conforme expresso no art. 4\u00ba, inciso VII, da Lei Federal n\u00ba 11.079\/04.<\/p>\n<p>Incorreta a alternativa \u201cb\u201d. O art. 39 da Lei Federal n\u00ba 8.987\/95 estabelece que a extin\u00e7\u00e3o da concess\u00e3o feita por meio da rescis\u00e3o somente se d\u00e1 pela via judicial. A lei nada prev\u00ea acerca de rescis\u00e3o amig\u00e1vel. Transcrevemos abaixo o dispositivo mencionado:<\/p>\n<p>Art. 39. O contrato de concess\u00e3o poder\u00e1 ser <strong>rescindido<\/strong> por iniciativa da concession\u00e1ria, no caso de descumprimento das normas contratuais pelo poder concedente, mediante <strong>a\u00e7\u00e3o judicial especialmente intentada para esse fim.<\/strong><\/p>\n<p>Par\u00e1grafo \u00fanico. Na hip\u00f3tese prevista no caput deste artigo, os servi\u00e7os prestados pela concession\u00e1ria n\u00e3o poder\u00e3o ser interrompidos ou paralisados, at\u00e9 a decis\u00e3o judicial transitada em julgado.<\/p>\n<p>Incorreta a alternativa \u201cc\u201d. Segundo o art. 27 da Lei Federal n\u00ba 8.987\/95, a transfer\u00eancia de concess\u00e3o ou do controle societ\u00e1rio da concession\u00e1ria sem pr\u00e9via anu\u00eancia do poder concedente implicar\u00e1 a caducidade da concess\u00e3o, e n\u00e3o encampa\u00e7\u00e3o, como mencionado na alternativa.<\/p>\n<p>Incorreta a alternativa \u201cd\u201d. O art. 9\u00ba da Lei Federal n\u00ba 11.079\/04 de fato prev\u00ea a necessidade de se constituir uma sociedade de prop\u00f3sito espec\u00edfico antes da celebra\u00e7\u00e3o do contrato. Como regra geral, a Administra\u00e7\u00e3o n\u00e3o pode ser titular da maioria do capital votante, mas tal veda\u00e7\u00e3o n\u00e3o se aplica caso haja inadimplemento de contratos de financiamento. Nesse caso, institui\u00e7\u00e3o financeira controlada pelo Poder P\u00fablico pode ser titular da maioria do capital social votante. Eis a \u00edntegra do art. 9\u00ba da Lei Federal n\u00ba 11.079\/04:<\/p>\n<p>Art. 9\u00ba <strong>Antes da celebra\u00e7\u00e3o do contrato<\/strong>, <strong>dever\u00e1 ser constitu\u00edda sociedade de prop\u00f3sito espec\u00edfico<\/strong>, incumbida de implantar e gerir o objeto da parceria.<\/p>\n<ul>\n<li>1\u00ba A transfer\u00eancia do controle da sociedade de prop\u00f3sito espec\u00edfico estar\u00e1 condicionada \u00e0 autoriza\u00e7\u00e3o expressa da Administra\u00e7\u00e3o P\u00fablica, nos termos do edital e do contrato, observado o disposto no par\u00e1grafo \u00fanico do art. 27 da Lei n\u00ba 8.987, de 13 de fevereiro de 1995.<\/li>\n<li>2\u00ba A sociedade de prop\u00f3sito espec\u00edfico poder\u00e1 assumir a forma de companhia aberta, com valores mobili\u00e1rios admitidos a negocia\u00e7\u00e3o no mercado.<\/li>\n<li>3\u00ba A sociedade de prop\u00f3sito espec\u00edfico dever\u00e1 obedecer a padr\u00f5es de governan\u00e7a corporativa e adotar contabilidade e demonstra\u00e7\u00f5es financeiras padronizadas, conforme regulamento.<\/li>\n<li>4\u00ba <strong>Fica vedado \u00e0 Administra\u00e7\u00e3o P\u00fablica ser titular da maioria do capital votante das sociedades de que trata este Cap\u00edtulo.<\/strong><\/li>\n<li>5\u00ba A <strong>veda\u00e7\u00e3o prevista no \u00a7 4\u00ba deste artigo n\u00e3o se aplica \u00e0 eventual aquisi\u00e7\u00e3o da maioria do capital votante da sociedade de prop\u00f3sito espec\u00edfico por institui\u00e7\u00e3o financeira controlada pelo Poder P\u00fablico em caso de inadimplemento de contratos de financiamento.<\/strong><\/li>\n<\/ul>\n<p>Incorreta a alternativa \u201ce\u201d. O art. 29, inciso VIII, da Lei Federal n\u00ba 8.987\/95 prev\u00ea que o Poder P\u00fablico pode outorgar poderes \u00e0 concession\u00e1ria para que ela mesma possa promover as desapropria\u00e7\u00f5es, desde que precedidas de declara\u00e7\u00e3o de utilidade p\u00fablica por parte do poder concedente. Nesse caso, a concession\u00e1ria ficar\u00e1 encarregada das indeniza\u00e7\u00f5es cab\u00edveis. Vejamos o dispositivo mencionado:<\/p>\n<p>Art. 29. Incumbe ao poder concedente: [&#8230;]<\/p>\n<p>VIII &#8211; declarar de utilidade p\u00fablica os bens necess\u00e1rios \u00e0 execu\u00e7\u00e3o do servi\u00e7o ou obra p\u00fablica, promovendo as desapropria\u00e7\u00f5es, diretamente ou <strong>mediante outorga de poderes \u00e0 concession\u00e1ria, caso em que ser\u00e1 desta a responsabilidade pelas indeniza\u00e7\u00f5es cab\u00edveis;<\/strong><\/p>\n<p>Cabe ressaltar que o edital da licita\u00e7\u00e3o de concess\u00e3o deve indicar o respons\u00e1vel pelo \u00f4nus das desapropria\u00e7\u00f5es (vide o art. 18, inciso XII, da Lei n\u00ba 8.987\/95).<\/p>\n<p>Gabarito: Letra \u201ca\u201d.<\/p>\n<p>Quest\u00e3o 6)\u00a0Em conformidade com a Lei de Introdu\u00e7\u00e3o \u00e0s Normas do Direito Brasileiro (L.I.N.D.B.), na reda\u00e7\u00e3o dada pela Lei no 13.655\/2018,<\/p>\n<p>a) admite-se a celebra\u00e7\u00e3o de compromisso entre a autoridade administrativa e os interessados, com vistas \u00e0 elimina\u00e7\u00e3o de irregularidade, incerteza jur\u00eddica ou situa\u00e7\u00e3o contenciosa na aplica\u00e7\u00e3o do direito p\u00fablico, inclusive envolvendo transa\u00e7\u00e3o quanto a san\u00e7\u00f5es e cr\u00e9ditos ou estabelecendo regimes de transi\u00e7\u00e3o.<\/p>\n<p>b) em qualquer \u00f3rg\u00e3o ou Poder, a edi\u00e7\u00e3o de atos normativos por autoridade administrativa, inclusive os de organiza\u00e7\u00e3o interna, dever\u00e1 ser precedida de consulta p\u00fablica para manifesta\u00e7\u00e3o de interessados, preferencialmente por meio eletr\u00f4nico, a qual ser\u00e1 considerada na decis\u00e3o.<\/p>\n<p>c) quando necess\u00e1rio por raz\u00f5es de seguran\u00e7a jur\u00eddica ou de interesse geral, o ente interessado propor\u00e1 a\u00e7\u00e3o declarat\u00f3ria de validade de ato, contrato, ajuste, processo ou norma administrativa, cuja senten\u00e7a far\u00e1 coisa julgada com efic\u00e1cia erga omnes.<\/p>\n<p>d) a decis\u00e3o do processo, nas esferas administrativa, controladora ou judicial, poder\u00e1 impor compensa\u00e7\u00e3o por benef\u00edcios indevidos ou preju\u00edzos anormais ou injustos resultantes do processo ou da conduta dos envolvidos.<\/p>\n<p>e) para o fim de excluir a responsabilidade pessoal do agente p\u00fablico, \u00e9 poss\u00edvel requerer autoriza\u00e7\u00e3o judicial para celebra\u00e7\u00e3o de compromisso entre a autoridade administrativa e os interessados para elimina\u00e7\u00e3o de irregularidade, incerteza jur\u00eddica ou situa\u00e7\u00e3o contenciosa na aplica\u00e7\u00e3o do direito p\u00fablico.<\/p>\n<p>Coment\u00e1rios<\/p>\n<p>Incorreta a alternativa \u201ca\u201d. O teor da alternativa contraria a literalidade do art. 26 da LINDB, pois o dispositivo da lei n\u00e3o menciona transa\u00e7\u00e3o quanto a san\u00e7\u00f5es e cr\u00e9ditos. Ademais, o regime de transi\u00e7\u00e3o ocorre no caso de decis\u00e3o administrativa, controladora ou judicial, conforme previs\u00e3o do art. 23 da LINDB. Vejamos o caput do art. 26, que melhor se adequa ao que foi solicitado pela alternativa:<\/p>\n<p>Art. 26. Para eliminar irregularidade, incerteza jur\u00eddica ou situa\u00e7\u00e3o contenciosa na aplica\u00e7\u00e3o do direito p\u00fablico, inclusive no caso de expedi\u00e7\u00e3o de licen\u00e7a, a autoridade administrativa poder\u00e1, ap\u00f3s oitiva do \u00f3rg\u00e3o jur\u00eddico e, quando for o caso, ap\u00f3s realiza\u00e7\u00e3o de consulta p\u00fablica, e presentes raz\u00f5es de relevante interesse geral, celebrar compromisso com os interessados, observada a legisla\u00e7\u00e3o aplic\u00e1vel, o qual s\u00f3 produzir\u00e1 efeitos a partir de sua publica\u00e7\u00e3o oficial.<\/p>\n<p>Incorreta a alternativa \u201cb\u201d. Segundo o art. 29 da LINDB, a consulta p\u00fablica \u00e9 uma possibilidade, e n\u00e3o uma obrigatoriedade imposta \u00e0 autoridade administrativa. Vejamos a literalidade do caput do dispositivo:<\/p>\n<p>Art. 29. Em qualquer \u00f3rg\u00e3o ou Poder, a edi\u00e7\u00e3o de atos normativos por autoridade administrativa, salvo os de mera organiza\u00e7\u00e3o interna, <strong>poder\u00e1<\/strong> ser precedida de consulta p\u00fablica para manifesta\u00e7\u00e3o de interessados, preferencialmente por meio eletr\u00f4nico, a qual ser\u00e1 considerada na decis\u00e3o.<\/p>\n<p>Incorreta a alternativa \u201cc\u201d. N\u00e3o h\u00e1 previs\u00e3o na LINDB sobre a a\u00e7\u00e3o mencionada pela alternativa (a\u00e7\u00e3o declarat\u00f3ria de validade de ato, contrato, ajuste, processo ou norma administrativa). Sobre seguran\u00e7a jur\u00eddica, assim prev\u00ea o art. 30 da lei:<\/p>\n<p>Art. 30.\u00a0 As autoridades p\u00fablicas devem atuar para <strong>aumentar a seguran\u00e7a jur\u00eddica na aplica\u00e7\u00e3o das normas, inclusive por meio de regulamentos, s\u00famulas administrativas e respostas a consultas.\u00a0\u00a0\u00a0\u00a0\u00a0\u00a0\u00a0\u00a0\u00a0\u00a0\u00a0\u00a0\u00a0\u00a0\u00a0\u00a0\u00a0\u00a0\u00a0\u00a0 <\/strong><\/p>\n<p>Par\u00e1grafo \u00fanico.\u00a0 Os instrumentos previstos no caput deste artigo ter\u00e3o car\u00e1ter vinculante em rela\u00e7\u00e3o ao \u00f3rg\u00e3o ou entidade a que se destinam, at\u00e9 ulterior revis\u00e3o.<\/p>\n<p>Correta a alternativa \u201cd\u201d. A alternativa reproduz adequadamente o teor do art. 27 da LINDB, abaixo transcrito:<\/p>\n<p>Art. 27.\u00a0 A decis\u00e3o do processo, nas esferas administrativa, controladora ou judicial, poder\u00e1 impor compensa\u00e7\u00e3o por benef\u00edcios indevidos ou preju\u00edzos anormais ou injustos resultantes do processo ou da conduta dos envolvidos.<\/p>\n<ul>\n<li>1\u00ba A decis\u00e3o sobre a compensa\u00e7\u00e3o ser\u00e1 motivada, ouvidas previamente as partes sobre seu cabimento, sua forma e, se for o caso, seu valor.<\/li>\n<li>2\u00ba Para prevenir ou regular a compensa\u00e7\u00e3o, poder\u00e1 ser celebrado compromisso processual entre os envolvidos.<\/li>\n<\/ul>\n<p>Incorreta a alternativa \u201ce\u201d. Sobre responsabilidade do agente p\u00fablico, prev\u00ea o art. 28 da LINDB que ele ser\u00e1 pessoalmente respons\u00e1vel por suas decis\u00f5es ou opini\u00f5es t\u00e9cnicas em casos de dolo ou erro grosseiro. A lei nada menciona sobre a exclus\u00e3o dessa responsabilidade pessoal. Ademais, segundo o art. 26, n\u00e3o h\u00e1 necessidade de autoriza\u00e7\u00e3o judicial para celebra\u00e7\u00e3o de compromisso entre autoridade administrativa e interessados para elimina\u00e7\u00e3o de irregularidade, incerteza jur\u00eddica ou situa\u00e7\u00e3o contenciosa.<\/p>\n<p>Gabarito: Letra \u201cd\u201d.<\/p>\n<p>Quest\u00e3o 7) S\u00famula do Tribunal de Justi\u00e7a do Estado do Rio de Janeiro disp\u00f5e que<\/p>\n<p>a) a obriga\u00e7\u00e3o estatal de sa\u00fade compreende o fornecimento de servi\u00e7os indicados por m\u00e9dico da rede p\u00fablica ou privada, desde que emergenciais, tais como exames, cirurgias e tratamento p\u00f3s-operat\u00f3rio.<\/p>\n<p>b) o princ\u00edpio da dignidade da pessoa humana e o direito \u00e0 sa\u00fade asseguram a concess\u00e3o de passe-livre ao necessitado, desde que demonstrada a doen\u00e7a, independentemente de comprova\u00e7\u00e3o de realiza\u00e7\u00e3o de tratamento.<\/p>\n<p>c) para o cumprimento da tutela espec\u00edfica de presta\u00e7\u00e3o unificada de sa\u00fade, entre as medidas de apoio, insere-se a apreens\u00e3o de quantia suficiente \u00e0 aquisi\u00e7\u00e3o de medicamentos junto \u00e0 conta banc\u00e1ria por onde transitem receitas p\u00fablicas de ente devedor, com a imediata entrega ao necessitado, independentemente de presta\u00e7\u00e3o de contas.<\/p>\n<p>d) a solidariedade dos entes p\u00fablicos, no dever de assegurar o direito \u00e0 sa\u00fade, implica na admiss\u00e3o do chamamento do processo.<\/p>\n<p>a obriga\u00e7\u00e3o dos entes p\u00fablicos de fornecer medicamentos n\u00e3o padronizados, desde que reconhecidos pela ANVISA e por recomenda\u00e7\u00e3o m\u00e9dica, compreende-se no dever de presta\u00e7\u00e3o unificada de sa\u00fade e n\u00e3o afronta o princ\u00edpio da reserva do poss\u00edvel.<\/p>\n<p>Coment\u00e1rios<\/p>\n<p>Incorreta a alternativa \u201ca\u201d. A alternativa contraria a S\u00famula n\u00ba 184 do TJ\/RJ, cujo teor correto \u00e9 o seguinte:<\/p>\n<p>N\u00ba. 184 &#8211; A obriga\u00e7\u00e3o estatal de sa\u00fade compreende o fornecimento de servi\u00e7os, tais como a realiza\u00e7\u00e3o de exames e cirurgias, assim indicados por m\u00e9dico.<\/p>\n<p>Refer\u00eancia: Processo Administrativo n\u00ba. 0013667-68.2011.8.19.0000. Julgamento em 22\/11\/2010. Relator: Desembargadora Leila Mariano. Vota\u00e7\u00e3o por unanimidade.<\/p>\n<p>Incorreta a alternativa \u201cb\u201d. A alternativa contraria a S\u00famula n\u00ba 183, que exige a realiza\u00e7\u00e3o de tratamento. Vejamos:<\/p>\n<p>N\u00ba. 183 &#8211; O princ\u00edpio da dignidade da pessoa humana e o direito \u00e0 sa\u00fade asseguram a concess\u00e3o de passe- livre ao necessitado, com custeio por ente p\u00fablico, desde que demonstradas a doen\u00e7a e o tratamento atrav\u00e9s de laudo m\u00e9dico.<\/p>\n<p>Refer\u00eancia: Processo Administrativo n\u00ba. 0013667-68.2011.8.19.0000. Julgamento em 22\/11\/2010. Relator: Desembargadora Leila Mariano. Vota\u00e7\u00e3o por unanimidade.<\/p>\n<p>Incorreta a alternativa \u201cc\u201d. A alternativa contraria a S\u00famula n\u00ba 178, que exige posterior presta\u00e7\u00e3o de contas. Vejamos a \u00edntegra da s\u00famula do TJ\/RJ:<\/p>\n<p>N\u00ba. 178 &#8211; Para o cumprimento da tutela espec\u00edfica de presta\u00e7\u00e3o unificada de sa\u00fade, insere-se entre as medidas de apoio, desde que ineficaz outro meio coercitivo, a apreens\u00e3o de quantia suficiente \u00e0 aquisi\u00e7\u00e3o de medicamentos junto \u00e0 conta banc\u00e1ria por onde transitem receitas p\u00fablicas de ente devedor, com a imediata entrega ao necessitado e posterior presta\u00e7\u00e3o de contas.<\/p>\n<p>Refer\u00eancia: Processo Administrativo n\u00ba. 0013667-68.2011.8.19.0000. Julgamento em 22\/11\/2010. Relator: Desembargadora Leila Mariano. Vota\u00e7\u00e3o por unanimidade.<\/p>\n<p>Incorreta a alternativa \u201cd\u201d. A alternativa contraria a S\u00famula n\u00ba 115 do TJ\/RJ, segundo a qual a solidariedade dos entes p\u00fablicos quanto \u00e0 sa\u00fade n\u00e3o implica na admiss\u00e3o do chamamento do processo. Eis a s\u00famula:<\/p>\n<p>N\u00ba. 115 &#8211; A solidariedade dos entes p\u00fablicos, no dever de assegurar o direito \u00e0 sa\u00fade, n\u00e3o implica na admiss\u00e3o do chamamento do processo.<\/p>\n<p>Refer\u00eancia: S\u00famula da Jurisprud\u00eancia Predominante n\u00ba. 2006.146.00004. Julgamento em 09\/10\/2006. Relator: Desembargador Marcus Tullius Alves. Vota\u00e7\u00e3o por unanimidade.<\/p>\n<p>Correta a alternativa \u201ce\u201d. A alternativa \u00e9 a \u00fanica que coincide com entendimento sumulado do TJ\/RJ. Trata-se da S\u00famula 180, abaixo transcrita:<\/p>\n<p>N\u00ba. 180 &#8211; A obriga\u00e7\u00e3o dos entes p\u00fablicos de fornecer medicamentos n\u00e3o padronizados, desde que reconhecidos pela ANVISA e por recomenda\u00e7\u00e3o m\u00e9dica, compreende-se no dever de presta\u00e7\u00e3o unificada de sa\u00fade e n\u00e3o afronta o princ\u00edpio da reserva do poss\u00edvel.<\/p>\n<p>Refer\u00eancia: Processo Administrativo n\u00ba. 0013667-68.2011.8.19.0000. Julgamento em 22\/11\/2010. Relator: Desembargadora Leila Mariano. Vota\u00e7\u00e3o por unanimidade.<\/p>\n<p>Gabarito: Letra \u201ce\u201d<\/p>\n<p>Ent\u00e3o \u00e9 isso, caro concurseiro!<\/p>\n<p>Espero que voc\u00ea tenha ido muito bem na prova e que, em breve, superadas as pr\u00f3ximas fases, esteja com seu nome no Di\u00e1rio Oficial.<\/p>\n<p style=\"text-align: center;\">Deus os ilumine sempre!<\/p>\n<p style=\"text-align: center;\"><strong>Cordial abra\u00e7o<\/strong><\/p>\n<p style=\"text-align: center;\"><strong>Wagner Damazio<\/strong><\/p>\n","protected":false},"excerpt":{"rendered":"<p>Ol\u00e1 amigos, tudo bem!? Para quem n\u00e3o me conhece, muito prazer! Meu nome \u00e9\u00a0Wagner Damazio\u00a0e sou professor de\u00a0Direito Administrativo\u00a0do Estrat\u00e9gia Carreira Jur\u00eddica e de Legisla\u00e7\u00e3o Tribut\u00e1ria do Estrat\u00e9gia Concursos. No \u00faltimo domingo, 15 de dezembro de 2019, foi realizada a prova objetiva para ingresso na carreira de juiz substituto do Tribunal de justi\u00e7a do Rio [&hellip;]<\/p>\n","protected":false},"author":463,"featured_media":0,"comment_status":"open","ping_status":"closed","sticky":false,"template":"","format":"standard","meta":{"post_tipo":"article","footnotes":""},"categories":[1],"tags":[],"tax_estado":[],"class_list":["post-461788","post","type-post","status-publish","format-standard","hentry","category-cursos-e-concursos"],"acf":[],"yoast_head":"<!-- This site is optimized with the Yoast SEO Premium plugin v27.2 (Yoast SEO v27.2) - https:\/\/yoast.com\/product\/yoast-seo-premium-wordpress\/ -->\n<title>Gabarito TJ-RJ \/ Direito Administrativo<\/title>\n<meta name=\"robots\" content=\"index, follow, max-snippet:-1, max-image-preview:large, max-video-preview:-1\" \/>\n<link rel=\"canonical\" href=\"https:\/\/www.estrategiaconcursos.com.br\/blog\/gabarito-tj-rj-direito-administrativo\/\" \/>\n<meta property=\"og:locale\" content=\"pt_BR\" \/>\n<meta property=\"og:type\" content=\"article\" \/>\n<meta property=\"og:title\" content=\"Gabarito TJ-RJ \/ Direito Administrativo\" \/>\n<meta property=\"og:description\" content=\"Ol\u00e1 amigos, tudo bem!? Para quem n\u00e3o me conhece, muito prazer! Meu nome \u00e9\u00a0Wagner Damazio\u00a0e sou professor de\u00a0Direito Administrativo\u00a0do Estrat\u00e9gia Carreira Jur\u00eddica e de Legisla\u00e7\u00e3o Tribut\u00e1ria do Estrat\u00e9gia Concursos. No \u00faltimo domingo, 15 de dezembro de 2019, foi realizada a prova objetiva para ingresso na carreira de juiz substituto do Tribunal de justi\u00e7a do Rio [&hellip;]\" \/>\n<meta property=\"og:url\" content=\"https:\/\/www.estrategiaconcursos.com.br\/blog\/gabarito-tj-rj-direito-administrativo\/\" \/>\n<meta property=\"og:site_name\" content=\"Estrat\u00e9gia Concursos\" \/>\n<meta property=\"article:published_time\" content=\"2019-12-18T14:40:27+00:00\" \/>\n<meta property=\"article:modified_time\" content=\"2019-12-18T14:40:29+00:00\" \/>\n<meta property=\"og:image\" content=\"https:\/\/www.estrategiaconcursos.com.br\/blog\/wp-content\/uploads\/2019\/05\/instagram-@professorwagnerdamazio.png\" \/>\n<meta name=\"author\" content=\"Wagner Damazio\" \/>\n<meta name=\"twitter:card\" content=\"summary_large_image\" \/>\n<meta name=\"twitter:creator\" content=\"@EstratConcursos\" \/>\n<meta name=\"twitter:site\" content=\"@EstratConcursos\" \/>\n<meta name=\"twitter:label1\" content=\"Escrito por\" \/>\n\t<meta name=\"twitter:data1\" content=\"Wagner Damazio\" \/>\n\t<meta name=\"twitter:label2\" content=\"Est. tempo de leitura\" \/>\n\t<meta name=\"twitter:data2\" content=\"25 minutos\" \/>\n<script type=\"application\/ld+json\" class=\"yoast-schema-graph\">{\"@context\":\"https:\/\/schema.org\",\"@graph\":[{\"@type\":\"NewsArticle\",\"@id\":\"https:\/\/www.estrategiaconcursos.com.br\/blog\/gabarito-tj-rj-direito-administrativo\/#article\",\"isPartOf\":{\"@id\":\"https:\/\/www.estrategiaconcursos.com.br\/blog\/gabarito-tj-rj-direito-administrativo\/\"},\"author\":{\"name\":\"Wagner Damazio\",\"@id\":\"https:\/\/www.estrategiaconcursos.com.br\/blog\/#\/schema\/person\/f5b81e04c4522e78c0d896ba290e4cb0\"},\"headline\":\"Gabarito TJ-RJ \/ Direito Administrativo\",\"datePublished\":\"2019-12-18T14:40:27+00:00\",\"dateModified\":\"2019-12-18T14:40:29+00:00\",\"mainEntityOfPage\":{\"@id\":\"https:\/\/www.estrategiaconcursos.com.br\/blog\/gabarito-tj-rj-direito-administrativo\/\"},\"wordCount\":4915,\"commentCount\":0,\"publisher\":{\"@id\":\"https:\/\/www.estrategiaconcursos.com.br\/blog\/#organization\"},\"image\":{\"@id\":\"https:\/\/www.estrategiaconcursos.com.br\/blog\/gabarito-tj-rj-direito-administrativo\/#primaryimage\"},\"thumbnailUrl\":\"https:\/\/www.estrategiaconcursos.com.br\/blog\/wp-content\/uploads\/2019\/05\/instagram-@professorwagnerdamazio.png\",\"articleSection\":[\"Concursos P\u00fablicos\"],\"inLanguage\":\"pt-BR\",\"potentialAction\":[{\"@type\":\"CommentAction\",\"name\":\"Comment\",\"target\":[\"https:\/\/www.estrategiaconcursos.com.br\/blog\/gabarito-tj-rj-direito-administrativo\/#respond\"]}],\"copyrightYear\":\"2019\",\"copyrightHolder\":{\"@id\":\"https:\/\/www.estrategiaconcursos.com.br\/blog\/#organization\"}},{\"@type\":\"WebPage\",\"@id\":\"https:\/\/www.estrategiaconcursos.com.br\/blog\/gabarito-tj-rj-direito-administrativo\/\",\"url\":\"https:\/\/www.estrategiaconcursos.com.br\/blog\/gabarito-tj-rj-direito-administrativo\/\",\"name\":\"Gabarito TJ-RJ \/ Direito Administrativo\",\"isPartOf\":{\"@id\":\"https:\/\/www.estrategiaconcursos.com.br\/blog\/#website\"},\"primaryImageOfPage\":{\"@id\":\"https:\/\/www.estrategiaconcursos.com.br\/blog\/gabarito-tj-rj-direito-administrativo\/#primaryimage\"},\"image\":{\"@id\":\"https:\/\/www.estrategiaconcursos.com.br\/blog\/gabarito-tj-rj-direito-administrativo\/#primaryimage\"},\"thumbnailUrl\":\"https:\/\/www.estrategiaconcursos.com.br\/blog\/wp-content\/uploads\/2019\/05\/instagram-@professorwagnerdamazio.png\",\"datePublished\":\"2019-12-18T14:40:27+00:00\",\"dateModified\":\"2019-12-18T14:40:29+00:00\",\"breadcrumb\":{\"@id\":\"https:\/\/www.estrategiaconcursos.com.br\/blog\/gabarito-tj-rj-direito-administrativo\/#breadcrumb\"},\"inLanguage\":\"pt-BR\",\"potentialAction\":[{\"@type\":\"ReadAction\",\"target\":[\"https:\/\/www.estrategiaconcursos.com.br\/blog\/gabarito-tj-rj-direito-administrativo\/\"]}]},{\"@type\":\"ImageObject\",\"inLanguage\":\"pt-BR\",\"@id\":\"https:\/\/www.estrategiaconcursos.com.br\/blog\/gabarito-tj-rj-direito-administrativo\/#primaryimage\",\"url\":\"https:\/\/dhg1h5j42swfq.cloudfront.net\/2019\/05\/05220049\/instagram-%40professorwagnerdamazio.png\",\"contentUrl\":\"https:\/\/dhg1h5j42swfq.cloudfront.net\/2019\/05\/05220049\/instagram-%40professorwagnerdamazio.png\",\"width\":632,\"height\":134},{\"@type\":\"BreadcrumbList\",\"@id\":\"https:\/\/www.estrategiaconcursos.com.br\/blog\/gabarito-tj-rj-direito-administrativo\/#breadcrumb\",\"itemListElement\":[{\"@type\":\"ListItem\",\"position\":1,\"name\":\"In\u00edcio\",\"item\":\"https:\/\/www.estrategiaconcursos.com.br\/blog\/\"},{\"@type\":\"ListItem\",\"position\":2,\"name\":\"Gabarito TJ-RJ \/ Direito Administrativo\"}]},{\"@type\":\"WebSite\",\"@id\":\"https:\/\/www.estrategiaconcursos.com.br\/blog\/#website\",\"url\":\"https:\/\/www.estrategiaconcursos.com.br\/blog\/\",\"name\":\"Estrat\u00e9gia Concursos\",\"description\":\"O blog da Estrat\u00e9gia Concursos traz not\u00edcias sobre concursos e artigos de professores oferecendo cursos para concursos (pdf + videaulas) no site.\",\"publisher\":{\"@id\":\"https:\/\/www.estrategiaconcursos.com.br\/blog\/#organization\"},\"potentialAction\":[{\"@type\":\"SearchAction\",\"target\":{\"@type\":\"EntryPoint\",\"urlTemplate\":\"https:\/\/www.estrategiaconcursos.com.br\/blog\/?s={search_term_string}\"},\"query-input\":{\"@type\":\"PropertyValueSpecification\",\"valueRequired\":true,\"valueName\":\"search_term_string\"}}],\"inLanguage\":\"pt-BR\"},{\"@type\":\"Organization\",\"@id\":\"https:\/\/www.estrategiaconcursos.com.br\/blog\/#organization\",\"name\":\"Estrat\u00e9gia Concursos\",\"url\":\"https:\/\/www.estrategiaconcursos.com.br\/blog\/\",\"logo\":{\"@type\":\"ImageObject\",\"inLanguage\":\"pt-BR\",\"@id\":\"https:\/\/www.estrategiaconcursos.com.br\/blog\/#\/schema\/logo\/image\/\",\"url\":\"https:\/\/dhg1h5j42swfq.cloudfront.net\/2025\/06\/03203428\/logo_concursos-1.jpg\",\"contentUrl\":\"https:\/\/dhg1h5j42swfq.cloudfront.net\/2025\/06\/03203428\/logo_concursos-1.jpg\",\"width\":230,\"height\":60,\"caption\":\"Estrat\u00e9gia Concursos\"},\"image\":{\"@id\":\"https:\/\/www.estrategiaconcursos.com.br\/blog\/#\/schema\/logo\/image\/\"},\"sameAs\":[\"https:\/\/x.com\/EstratConcursos\"]},{\"@type\":\"Person\",\"@id\":\"https:\/\/www.estrategiaconcursos.com.br\/blog\/#\/schema\/person\/f5b81e04c4522e78c0d896ba290e4cb0\",\"name\":\"Wagner Damazio\",\"image\":{\"@type\":\"ImageObject\",\"inLanguage\":\"pt-BR\",\"@id\":\"https:\/\/secure.gravatar.com\/avatar\/5841b494cf624bcdfca728a4708ad21f8dd8e34657a98b9970e6136e633ae15a?s=96&d=mm&r=g\",\"url\":\"https:\/\/secure.gravatar.com\/avatar\/5841b494cf624bcdfca728a4708ad21f8dd8e34657a98b9970e6136e633ae15a?s=96&d=mm&r=g\",\"contentUrl\":\"https:\/\/secure.gravatar.com\/avatar\/5841b494cf624bcdfca728a4708ad21f8dd8e34657a98b9970e6136e633ae15a?s=96&d=mm&r=g\",\"caption\":\"Wagner Damazio\"},\"url\":\"https:\/\/www.estrategiaconcursos.com.br\/blog\/author\/wagnermatematicoyahoo-com-br\/\"}]}<\/script>\n<!-- \/ Yoast SEO Premium plugin. -->","yoast_head_json":{"title":"Gabarito TJ-RJ \/ Direito Administrativo","robots":{"index":"index","follow":"follow","max-snippet":"max-snippet:-1","max-image-preview":"max-image-preview:large","max-video-preview":"max-video-preview:-1"},"canonical":"https:\/\/www.estrategiaconcursos.com.br\/blog\/gabarito-tj-rj-direito-administrativo\/","og_locale":"pt_BR","og_type":"article","og_title":"Gabarito TJ-RJ \/ Direito Administrativo","og_description":"Ol\u00e1 amigos, tudo bem!? Para quem n\u00e3o me conhece, muito prazer! Meu nome \u00e9\u00a0Wagner Damazio\u00a0e sou professor de\u00a0Direito Administrativo\u00a0do Estrat\u00e9gia Carreira Jur\u00eddica e de Legisla\u00e7\u00e3o Tribut\u00e1ria do Estrat\u00e9gia Concursos. No \u00faltimo domingo, 15 de dezembro de 2019, foi realizada a prova objetiva para ingresso na carreira de juiz substituto do Tribunal de justi\u00e7a do Rio [&hellip;]","og_url":"https:\/\/www.estrategiaconcursos.com.br\/blog\/gabarito-tj-rj-direito-administrativo\/","og_site_name":"Estrat\u00e9gia Concursos","article_published_time":"2019-12-18T14:40:27+00:00","article_modified_time":"2019-12-18T14:40:29+00:00","og_image":[{"url":"https:\/\/www.estrategiaconcursos.com.br\/blog\/wp-content\/uploads\/2019\/05\/instagram-@professorwagnerdamazio.png","type":"","width":"","height":""}],"author":"Wagner Damazio","twitter_card":"summary_large_image","twitter_creator":"@EstratConcursos","twitter_site":"@EstratConcursos","twitter_misc":{"Escrito por":"Wagner Damazio","Est. tempo de leitura":"25 minutos"},"schema":{"@context":"https:\/\/schema.org","@graph":[{"@type":"NewsArticle","@id":"https:\/\/www.estrategiaconcursos.com.br\/blog\/gabarito-tj-rj-direito-administrativo\/#article","isPartOf":{"@id":"https:\/\/www.estrategiaconcursos.com.br\/blog\/gabarito-tj-rj-direito-administrativo\/"},"author":{"name":"Wagner Damazio","@id":"https:\/\/www.estrategiaconcursos.com.br\/blog\/#\/schema\/person\/f5b81e04c4522e78c0d896ba290e4cb0"},"headline":"Gabarito TJ-RJ \/ Direito Administrativo","datePublished":"2019-12-18T14:40:27+00:00","dateModified":"2019-12-18T14:40:29+00:00","mainEntityOfPage":{"@id":"https:\/\/www.estrategiaconcursos.com.br\/blog\/gabarito-tj-rj-direito-administrativo\/"},"wordCount":4915,"commentCount":0,"publisher":{"@id":"https:\/\/www.estrategiaconcursos.com.br\/blog\/#organization"},"image":{"@id":"https:\/\/www.estrategiaconcursos.com.br\/blog\/gabarito-tj-rj-direito-administrativo\/#primaryimage"},"thumbnailUrl":"https:\/\/www.estrategiaconcursos.com.br\/blog\/wp-content\/uploads\/2019\/05\/instagram-@professorwagnerdamazio.png","articleSection":["Concursos P\u00fablicos"],"inLanguage":"pt-BR","potentialAction":[{"@type":"CommentAction","name":"Comment","target":["https:\/\/www.estrategiaconcursos.com.br\/blog\/gabarito-tj-rj-direito-administrativo\/#respond"]}],"copyrightYear":"2019","copyrightHolder":{"@id":"https:\/\/www.estrategiaconcursos.com.br\/blog\/#organization"}},{"@type":"WebPage","@id":"https:\/\/www.estrategiaconcursos.com.br\/blog\/gabarito-tj-rj-direito-administrativo\/","url":"https:\/\/www.estrategiaconcursos.com.br\/blog\/gabarito-tj-rj-direito-administrativo\/","name":"Gabarito TJ-RJ \/ Direito Administrativo","isPartOf":{"@id":"https:\/\/www.estrategiaconcursos.com.br\/blog\/#website"},"primaryImageOfPage":{"@id":"https:\/\/www.estrategiaconcursos.com.br\/blog\/gabarito-tj-rj-direito-administrativo\/#primaryimage"},"image":{"@id":"https:\/\/www.estrategiaconcursos.com.br\/blog\/gabarito-tj-rj-direito-administrativo\/#primaryimage"},"thumbnailUrl":"https:\/\/www.estrategiaconcursos.com.br\/blog\/wp-content\/uploads\/2019\/05\/instagram-@professorwagnerdamazio.png","datePublished":"2019-12-18T14:40:27+00:00","dateModified":"2019-12-18T14:40:29+00:00","breadcrumb":{"@id":"https:\/\/www.estrategiaconcursos.com.br\/blog\/gabarito-tj-rj-direito-administrativo\/#breadcrumb"},"inLanguage":"pt-BR","potentialAction":[{"@type":"ReadAction","target":["https:\/\/www.estrategiaconcursos.com.br\/blog\/gabarito-tj-rj-direito-administrativo\/"]}]},{"@type":"ImageObject","inLanguage":"pt-BR","@id":"https:\/\/www.estrategiaconcursos.com.br\/blog\/gabarito-tj-rj-direito-administrativo\/#primaryimage","url":"https:\/\/dhg1h5j42swfq.cloudfront.net\/2019\/05\/05220049\/instagram-%40professorwagnerdamazio.png","contentUrl":"https:\/\/dhg1h5j42swfq.cloudfront.net\/2019\/05\/05220049\/instagram-%40professorwagnerdamazio.png","width":632,"height":134},{"@type":"BreadcrumbList","@id":"https:\/\/www.estrategiaconcursos.com.br\/blog\/gabarito-tj-rj-direito-administrativo\/#breadcrumb","itemListElement":[{"@type":"ListItem","position":1,"name":"In\u00edcio","item":"https:\/\/www.estrategiaconcursos.com.br\/blog\/"},{"@type":"ListItem","position":2,"name":"Gabarito TJ-RJ \/ Direito Administrativo"}]},{"@type":"WebSite","@id":"https:\/\/www.estrategiaconcursos.com.br\/blog\/#website","url":"https:\/\/www.estrategiaconcursos.com.br\/blog\/","name":"Estrat\u00e9gia Concursos","description":"O blog da Estrat\u00e9gia Concursos traz not\u00edcias sobre concursos e artigos de professores oferecendo cursos para concursos (pdf + videaulas) no site.","publisher":{"@id":"https:\/\/www.estrategiaconcursos.com.br\/blog\/#organization"},"potentialAction":[{"@type":"SearchAction","target":{"@type":"EntryPoint","urlTemplate":"https:\/\/www.estrategiaconcursos.com.br\/blog\/?s={search_term_string}"},"query-input":{"@type":"PropertyValueSpecification","valueRequired":true,"valueName":"search_term_string"}}],"inLanguage":"pt-BR"},{"@type":"Organization","@id":"https:\/\/www.estrategiaconcursos.com.br\/blog\/#organization","name":"Estrat\u00e9gia Concursos","url":"https:\/\/www.estrategiaconcursos.com.br\/blog\/","logo":{"@type":"ImageObject","inLanguage":"pt-BR","@id":"https:\/\/www.estrategiaconcursos.com.br\/blog\/#\/schema\/logo\/image\/","url":"https:\/\/dhg1h5j42swfq.cloudfront.net\/2025\/06\/03203428\/logo_concursos-1.jpg","contentUrl":"https:\/\/dhg1h5j42swfq.cloudfront.net\/2025\/06\/03203428\/logo_concursos-1.jpg","width":230,"height":60,"caption":"Estrat\u00e9gia Concursos"},"image":{"@id":"https:\/\/www.estrategiaconcursos.com.br\/blog\/#\/schema\/logo\/image\/"},"sameAs":["https:\/\/x.com\/EstratConcursos"]},{"@type":"Person","@id":"https:\/\/www.estrategiaconcursos.com.br\/blog\/#\/schema\/person\/f5b81e04c4522e78c0d896ba290e4cb0","name":"Wagner Damazio","image":{"@type":"ImageObject","inLanguage":"pt-BR","@id":"https:\/\/secure.gravatar.com\/avatar\/5841b494cf624bcdfca728a4708ad21f8dd8e34657a98b9970e6136e633ae15a?s=96&d=mm&r=g","url":"https:\/\/secure.gravatar.com\/avatar\/5841b494cf624bcdfca728a4708ad21f8dd8e34657a98b9970e6136e633ae15a?s=96&d=mm&r=g","contentUrl":"https:\/\/secure.gravatar.com\/avatar\/5841b494cf624bcdfca728a4708ad21f8dd8e34657a98b9970e6136e633ae15a?s=96&d=mm&r=g","caption":"Wagner Damazio"},"url":"https:\/\/www.estrategiaconcursos.com.br\/blog\/author\/wagnermatematicoyahoo-com-br\/"}]}},"_links":{"self":[{"href":"https:\/\/www.estrategiaconcursos.com.br\/blog\/wp-json\/wp\/v2\/posts\/461788","targetHints":{"allow":["GET"]}}],"collection":[{"href":"https:\/\/www.estrategiaconcursos.com.br\/blog\/wp-json\/wp\/v2\/posts"}],"about":[{"href":"https:\/\/www.estrategiaconcursos.com.br\/blog\/wp-json\/wp\/v2\/types\/post"}],"author":[{"embeddable":true,"href":"https:\/\/www.estrategiaconcursos.com.br\/blog\/wp-json\/wp\/v2\/users\/463"}],"replies":[{"embeddable":true,"href":"https:\/\/www.estrategiaconcursos.com.br\/blog\/wp-json\/wp\/v2\/comments?post=461788"}],"version-history":[{"count":4,"href":"https:\/\/www.estrategiaconcursos.com.br\/blog\/wp-json\/wp\/v2\/posts\/461788\/revisions"}],"predecessor-version":[{"id":461926,"href":"https:\/\/www.estrategiaconcursos.com.br\/blog\/wp-json\/wp\/v2\/posts\/461788\/revisions\/461926"}],"wp:attachment":[{"href":"https:\/\/www.estrategiaconcursos.com.br\/blog\/wp-json\/wp\/v2\/media?parent=461788"}],"wp:term":[{"taxonomy":"category","embeddable":true,"href":"https:\/\/www.estrategiaconcursos.com.br\/blog\/wp-json\/wp\/v2\/categories?post=461788"},{"taxonomy":"post_tag","embeddable":true,"href":"https:\/\/www.estrategiaconcursos.com.br\/blog\/wp-json\/wp\/v2\/tags?post=461788"},{"taxonomy":"tax_estado","embeddable":true,"href":"https:\/\/www.estrategiaconcursos.com.br\/blog\/wp-json\/wp\/v2\/tax_estado?post=461788"}],"curies":[{"name":"wp","href":"https:\/\/api.w.org\/{rel}","templated":true}]}}