{"id":461739,"date":"2019-12-17T21:28:54","date_gmt":"2019-12-18T00:28:54","guid":{"rendered":"https:\/\/www.estrategiaconcursos.com.br\/blog\/?p=461739"},"modified":"2019-12-17T21:28:58","modified_gmt":"2019-12-18T00:28:58","slug":"iss-uberlandia-prova-de-direito-tributario-comentada","status":"publish","type":"post","link":"https:\/\/www.estrategiaconcursos.com.br\/blog\/iss-uberlandia-prova-de-direito-tributario-comentada\/","title":{"rendered":"ISS-Uberl\u00e2ndia &#8211; Prova de Direito Tribut\u00e1rio Comentada"},"content":{"rendered":"\n<p>Ol\u00e1,\npessoal! Tudo bem?<\/p>\n\n\n\n<p>Comentamos\nabaixo as quest\u00f5es de Direito Tribut\u00e1rio da prova aplicada no concurso para Auditor\nFiscal do Munic\u00edpio de Uberl\u00e2ndia!<\/p>\n\n\n\n<p>\u00c9 importante destacar que a banca FUNDEP elaborou muitas quest\u00f5es envolvendo direito tribut\u00e1rio conjuntamente com a legisla\u00e7\u00e3o espec\u00edfica local. Por essa raz\u00e3o, neste artigo, comentaremos apenas as quest\u00f5es que tratam exclusivamente (ou quase!) do direito tribut\u00e1rio!<\/p>\n\n\n\n<p>No geral, as quest\u00f5es foram simples, mas j\u00e1 adianto que um ponto tem trazido muitas d\u00favidas aos concurseiros: a terminologia adotada pela banca sobre a compet\u00eancia tribut\u00e1ria, que \u00e9 a compet\u00eancia tribut\u00e1ria ativa. Amigos, esse termo tem a mesma defini\u00e7\u00e3o de compet\u00eancia tribut\u00e1ria, e n\u00e3o se confunde com a capacidade tribut\u00e1ria ativa. \u00c9 um conceito que a FUNDEP historicamente tem utilizado em suas provas.<\/p>\n\n\n\n<p>Desejo\nmuita sorte aos que est\u00e3o participando deste concurso!<\/p>\n\n\n\n<p>Que\nDeus aben\u00e7oe voc\u00eas!<\/p>\n\n\n\n<p>Abra\u00e7os,<\/p>\n\n\n\n<p>F\u00e1bio\nDutra<\/p>\n\n\n\n<p>Professor de Direito Tribut\u00e1rio e Legisla\u00e7\u00e3o Tribut\u00e1ria<\/p>\n\n\n\n<hr class=\"wp-block-separator\" \/>\n\n\n\n<p>QUEST\u00c3O 41 &#8211; Sobre o lan\u00e7amento tribut\u00e1rio, assinale a\nalternativa correta.<\/p>\n\n\n\n<p>A) Lan\u00e7amento \u00e9 o procedimento privativo da autoridade\nadministrativa municipal competente, destinado a constituir o cr\u00e9dito\ntribut\u00e1rio, mediante a verifica\u00e7\u00e3o da ocorr\u00eancia do fato gerador da obriga\u00e7\u00e3o\ntribut\u00e1ria correspondente, a determina\u00e7\u00e3o da mat\u00e9ria tribut\u00e1vel, o c\u00e1lculo do\nmontante do tributo devido, a identifica\u00e7\u00e3o do sujeito passivo e, sendo o caso,\na propositura da aplica\u00e7\u00e3o da penalidade cab\u00edvel.<\/p>\n\n\n\n<p>B) O ato do lan\u00e7amento \u00e9 discricion\u00e1rio e obrigat\u00f3rio, sob\npena de responsabilidade funcional.<\/p>\n\n\n\n<p>C) O lan\u00e7amento ser\u00e1 realizado e se reportar\u00e1 \u00e0 lei vigente\n\u00e0 \u00e9poca da sua realiza\u00e7\u00e3o. Por conseguinte, n\u00e3o se aplica ao lan\u00e7amento a legisla\u00e7\u00e3o\nque, posteriormente \u00e0 ocorr\u00eancia do fato gerador da obriga\u00e7\u00e3o, tenha institu\u00eddo\nnovos crit\u00e9rios de apura\u00e7\u00e3o ou processos de fiscaliza\u00e7\u00e3o, ampliado os poderes\nde investiga\u00e7\u00e3o das autoridades administrativas &nbsp;ou outorgado ao cr\u00e9dito maiores garantias ou privil\u00e9gios,\nexceto, neste \u00faltimo caso, para o efeito de atribuir responsabilidade\ntribut\u00e1ria a terceiros.<\/p>\n\n\n\n<p>D) A omiss\u00e3o ou erro de lan\u00e7amento exime o contribuinte ou\nrespons\u00e1vel pelo cumprimento da obriga\u00e7\u00e3o tribut\u00e1ria, nem de qualquer modo lhe\naproveita. <\/p>\n\n\n\n<p>Coment\u00e1rio:<\/p>\n\n\n\n<p>Alternativa A: Trata-se da defini\u00e7\u00e3o do lan\u00e7amento\ntribut\u00e1rio prevista no art. 142, do CTN. Alternativa correta.<\/p>\n\n\n\n<p>Alternativa B: O ato de lan\u00e7amento \u00e9 vinculado e\nobrigat\u00f3rios conforme preceitua o artigo 142 do CTN. Alternativa errada.<\/p>\n\n\n\n<p>Alternativa C: O lan\u00e7amento toma como base a lei vigente na\ndata da ocorr\u00eancia do fato gerador, ressalvados os casos que envolvem apenas\naspectos formais, conforme prev\u00ea o art. 144, \u00a7 1\u00ba, do CTN. Alternativa errada. <\/p>\n\n\n\n<p>Alternativa D: A omiss\u00e3o ou erro de lan\u00e7amento n\u00e3o exime o\ncontribuinte ou respons\u00e1vel do cumprimento da obriga\u00e7\u00e3o tribut\u00e1ria. Alternativa\nerrada.<\/p>\n\n\n\n<p>Gabarito: Letra A<\/p>\n\n\n\n<hr class=\"wp-block-separator\" \/>\n\n\n\n<p>QUEST\u00c3O 42 &#8211; Sobre o ISSQN, analise as afirmativas a seguir.<\/p>\n\n\n\n<p>I. O Imposto Sobre Servi\u00e7os de Qualquer Natureza incide\ntamb\u00e9m sobre o servi\u00e7o proveniente do exterior do pa\u00eds ou cuja presta\u00e7\u00e3o se\ntenha iniciado no exterior do pa\u00eds. <\/p>\n\n\n\n<p>II. O Imposto Sobre Servi\u00e7os de Qualquer Natureza incide\nsobre os servi\u00e7os prestados mediante a utiliza\u00e7\u00e3o de bens e servi\u00e7os p\u00fablicos\nexplorados economicamente mediante autoriza\u00e7\u00e3o, permiss\u00e3o ou concess\u00e3o, com o\npagamento de tarifa, pre\u00e7o ou ped\u00e1gio pelo usu\u00e1rio final do servi\u00e7o.<\/p>\n\n\n\n<p>III. O Imposto Sobre Servi\u00e7os de Qualquer Natureza n\u00e3o\nincide sobre o valor intermediado no mercado de t\u00edtulos e valores mobili\u00e1rios,\no valor dos dep\u00f3sitos banc\u00e1rios, o principal, juros e acr\u00e9scimos morat\u00f3rios\nrelativos a opera\u00e7\u00f5es de cr\u00e9dito realizadas por institui\u00e7\u00f5es financeiras.<\/p>\n\n\n\n<p>IV. O Imposto Sobre Servi\u00e7os de Qualquer Natureza n\u00e3o incide\nsobre a presta\u00e7\u00e3o de servi\u00e7os em rela\u00e7\u00e3o de emprego, dos trabalhadores avulsos,\ndos diretores e membros de conselho consultivo ou de conselho fiscal de\nsociedades e funda\u00e7\u00f5es, bem como dos s\u00f3cios-gerentes e dos gerentes-delegados.<\/p>\n\n\n\n<p>Est\u00e3o corretas as afirmativas <\/p>\n\n\n\n<p>A) I e II, apenas.<\/p>\n\n\n\n<p>B) I, III e IV, apenas.<\/p>\n\n\n\n<p>C) III e IV, apenas.<\/p>\n\n\n\n<p>D) I, II, III e IV.<\/p>\n\n\n\n<p>Coment\u00e1rio:<\/p>\n\n\n\n<p>Item I: \u00c9 o que estabelece o art. 1\u00ba, \u00a7 1\u00ba, da LC 116\/03.\nItem correto.<\/p>\n\n\n\n<p>Item II: Esta assertiva est\u00e1 de acordo com o art. 1\u00ba, \u00a7 3\u00ba,\nda LC 116\/03. Item correto.<\/p>\n\n\n\n<p>Item III: \u00c9 o que estabelece o art. 2\u00ba, III, da LC 116\/03.\nItem correto.<\/p>\n\n\n\n<p>Item IV: N\u00e3o h\u00e1 incid\u00eancia do ISS conforme prev\u00ea o art. 2\u00ba, II,\nda LC 116\/03. Item correto.<\/p>\n\n\n\n<p>Gabarito: Letra D<\/p>\n\n\n\n<hr class=\"wp-block-separator\" \/>\n\n\n\n<p>QUEST\u00c3O 44 &#8211; Durante o exerc\u00edcio da fiscaliza\u00e7\u00e3o, sujeitos\npassivos e autoridade administrativa dever\u00e3o observar, exceto:<\/p>\n\n\n\n<p>A) Os livros obrigat\u00f3rios de escritura\u00e7\u00e3o comercial e fiscal\ne os comprovantes dos lan\u00e7amentos neles efetuados ser\u00e3o conservados at\u00e9 que\nocorra a &nbsp;prescri\u00e7\u00e3o dos cr\u00e9ditos\ntribut\u00e1rios decorrentes das opera\u00e7\u00f5es a que se refiram.<\/p>\n\n\n\n<p>B) A autoridade administrativa que proceder ou presidir a\nquaisquer dilig\u00eancias de fiscaliza\u00e7\u00e3o lavrar\u00e1 os termos necess\u00e1rios para que se\ndocumente o in\u00edcio do procedimento, na forma da legisla\u00e7\u00e3o aplic\u00e1vel, que\nfixar\u00e1 prazo m\u00e1ximo para a conclus\u00e3o daquelas.<\/p>\n\n\n\n<p>C) Em regra e sem preju\u00edzo do disposto na legisla\u00e7\u00e3o\ncriminal, \u00e9 vedada a divulga\u00e7\u00e3o, por parte da Fazenda P\u00fablica ou de seus\nservidores, de informa\u00e7\u00e3o obtida em raz\u00e3o do of\u00edcio sobre a situa\u00e7\u00e3o econ\u00f4mica\nou financeira do sujeito passivo ou de terceiros e sobre a natureza e o estado\nde seus neg\u00f3cios ou atividades.<\/p>\n\n\n\n<p>D) O interc\u00e2mbio de informa\u00e7\u00e3o sigilosa, no \u00e2mbito da\nAdministra\u00e7\u00e3o P\u00fablica, poder\u00e1 ser realizado sem instaura\u00e7\u00e3o de procedimento\nformal&nbsp; pr\u00f3prio, sempre que for oportuno\ne conveniente, e a entrega ser\u00e1 feita pessoalmente \u00e0 autoridade solicitante.<\/p>\n\n\n\n<p>Coment\u00e1rio:<\/p>\n\n\n\n<p>Alternativa A: Trata-se de exig\u00eancia prevista no art. 195, par.\n\u00fanico, do CTN. &nbsp;Alternativa correta.<\/p>\n\n\n\n<p>Alternativa B: O art. 196, do CTN prev\u00ea realmente que a autoridade\nadministrativa que proceder ou presidir a quaisquer dilig\u00eancias de fiscaliza\u00e7\u00e3o\nlavrar\u00e1 os termos necess\u00e1rios para que se documente o in\u00edcio do procedimento,\nna forma da legisla\u00e7\u00e3o aplic\u00e1vel, que fixar\u00e1 prazo m\u00e1ximo para a conclus\u00e3o\ndaquelas. Alternativa correta.<\/p>\n\n\n\n<p>Alternativa C: Trata-se do sigilo fiscal previsto no art.\n198, do CTN. &nbsp;Alternativa correta.<\/p>\n\n\n\n<p>Alternativa D: Conforme prev\u00ea o art. 198, \u00a7 2\u00ba, do CTN, &nbsp;o interc\u00e2mbio de informa\u00e7\u00e3o sigilosa, no\n\u00e2mbito da Administra\u00e7\u00e3o P\u00fablica, ser\u00e1 realizado mediante processo\nregularmente instaurado, e a entrega ser\u00e1 feita pessoalmente \u00e0 autoridade\nsolicitante, mediante recibo, que formalize a transfer\u00eancia e assegure a preserva\u00e7\u00e3o\ndo sigilo. Alternativa errada.<\/p>\n\n\n\n<p>Gabarito: Letra D<\/p>\n\n\n\n<hr class=\"wp-block-separator\" \/>\n\n\n\n<p>QUEST\u00c3O 48 &#8211; Sobre o imposto sobre a transmiss\u00e3o onerosa de\nbens im\u00f3veis e direitos a eles relativos (ITBI), assinale a alternativa\ncorreta. <\/p>\n\n\n\n<p>A) O ITBI trata-se de imposto de compet\u00eancia tribut\u00e1ria\nativa concorrente dos estados e munic\u00edpios.<\/p>\n\n\n\n<p>B) O contribuinte do imposto \u00e9 qualquer das partes na\nopera\u00e7\u00e3o tributada, como dispuser a lei. <\/p>\n\n\n\n<p>C) O ITBI incide sobre a transmiss\u00e3o dos bens&nbsp; ou direitos referidos quando efetuada para\nsua incorpora\u00e7\u00e3o ao patrim\u00f4nio de pessoa jur\u00eddica em pagamento de capital nela\nsubscrito, ainda que a atividade preponderante n\u00e3o seja a venda ou loca\u00e7\u00e3o de\npropriedade imobili\u00e1ria ou a cess\u00e3o de direitos relativos \u00e0 sua aquisi\u00e7\u00e3o. <\/p>\n\n\n\n<p>D) A base de c\u00e1lculo do imposto \u00e9 o valor venal dos&nbsp; bens ou direitos transmitidos, admitindo-se a\ndedu\u00e7\u00e3o do custo de aquisi\u00e7\u00e3o deles.<\/p>\n\n\n\n<p>Coment\u00e1rio:<\/p>\n\n\n\n<p>Alternativa A: A compet\u00eancia para instituir o ITBI \u00e9\nprivativa dos Munic\u00edpios. Alternativa errada.<\/p>\n\n\n\n<p>Alternativa B: O CTN estabelece que, no caso do imposto\nsobre transmiss\u00f5es, o contribuinte do imposto \u00e9 qualquer das partes na opera\u00e7\u00e3o\ntributada, como dispuser a lei. Alternativa correta.<\/p>\n\n\n\n<p>Alternativa C: Na verdade, como regra, o ITBI n\u00e3o incide\nsobre a transmiss\u00e3o dos bens&nbsp; ou direitos\nreferidos quando efetuada para sua incorpora\u00e7\u00e3o ao patrim\u00f4nio de pessoa\njur\u00eddica. &nbsp;Alternativa errada.<\/p>\n\n\n\n<p>Alternativa D: A base de c\u00e1lculo do ITBI \u00e9 o valor venal dos&nbsp; bens ou direitos transmitidos, n\u00e3o se\nadmitindo a dedu\u00e7\u00e3o do custo de aquisi\u00e7\u00e3o deles. Alternativa errada.<\/p>\n\n\n\n<p>Gabarito: Letra B<\/p>\n\n\n\n<hr class=\"wp-block-separator\" \/>\n\n\n\n<p>QUEST\u00c3O 49 &#8211; Considerando a partilha de compet\u00eancias\ntribut\u00e1rias na Constitui\u00e7\u00e3o, assinale a alternativa incorreta.<\/p>\n\n\n\n<p>A) Os munic\u00edpios podem instituir contribui\u00e7\u00e3o, cobrada de\nseus servidores, para o custeio, em benef\u00edcio destes, do regime de seguridade\nsocial, compreendendo, assim, sa\u00fade, previd\u00eancia e assist\u00eancia.<\/p>\n\n\n\n<p>B) As taxas e contribui\u00e7\u00f5es de melhoria s\u00e3o tributos de compet\u00eancia\ntribut\u00e1ria ativa concorrente da Uni\u00e3o, estados, Distrito Federal e munic\u00edpios.<\/p>\n\n\n\n<p>C) O IPTU \u00e9 imposto de compet\u00eancia tribut\u00e1ria ativa dos\nmunic\u00edpios e do Distrito Federal. <\/p>\n\n\n\n<p>D) Os empr\u00e9stimos compuls\u00f3rios s\u00e3o de compet\u00eancia tribut\u00e1ria\nativa privativa da Uni\u00e3o Federal.<\/p>\n\n\n\n<p>Coment\u00e1rio: <\/p>\n\n\n\n<p>Alternativa A: A contribui\u00e7\u00e3o a ser institu\u00edda pelos Munic\u00edpios\ntem como \u00fanico objetivo financiar o regime de previd\u00eancia social dos servidores\np\u00fablicos. Alternativa errada.<\/p>\n\n\n\n<p>Alternativa B: Realmente, as taxas e contribui\u00e7\u00f5es de melhoria\ns\u00e3o tributos de compet\u00eancia comum ou concorrente entre os entes federativos.\nAlternativa correta.<\/p>\n\n\n\n<p>Alternativa C: O IPTU \u00e9 um imposto de compet\u00eancia tribut\u00e1ria\nativa apenas dos Munic\u00edpios e do DF. Alternativa correta.<\/p>\n\n\n\n<p>Alternativa D: Apenas a Uni\u00e3o det\u00e9m a compet\u00eancia tribut\u00e1ria\npara instituir empr\u00e9stimos compuls\u00f3rios. Alternativa correta.<\/p>\n\n\n\n<p>Gabarito: Letra A<\/p>\n\n\n\n<hr class=\"wp-block-separator\" \/>\n\n\n\n<p>QUEST\u00c3O 50 &#8211; S\u00e3o princ\u00edpios constitucionais tribut\u00e1rios,\nexceto:<\/p>\n\n\n\n<p>A) Veda\u00e7\u00e3o ao confisco dos impostos.<\/p>\n\n\n\n<p>B) Anualidade.<\/p>\n\n\n\n<p>C) Anterioridade ao exerc\u00edcio financeiro.<\/p>\n\n\n\n<p>D) Irretroatividade.<\/p>\n\n\n\n<p>Coment\u00e1rio:<\/p>\n\n\n\n<p>Alternativa A: Trata-se de princ\u00edpio previsto no art. 150,\nIV, da CF\/88. Alternativa correta.<\/p>\n\n\n\n<p>Alternativa B: A anualidade n\u00e3o \u00e9 um princ\u00edpio tribut\u00e1rio\nprevisto na CF\/88. Alternativa errada.<\/p>\n\n\n\n<p>Alternativa C: Trata-se de princ\u00edpio previsto no art. 150, III,\n&#8220;b&#8221;, da CF\/88. Alternativa correta.<\/p>\n\n\n\n<p>Alternativa D: Trata-se de princ\u00edpio previsto no art. 150, III,\n&#8220;a&#8221;, da CF\/88. Alternativa correta.<\/p>\n\n\n\n<p>Gabarito: Letra B<\/p>\n","protected":false},"excerpt":{"rendered":"<p>Ol\u00e1, pessoal! Tudo bem? Comentamos abaixo as quest\u00f5es de Direito Tribut\u00e1rio da prova aplicada no concurso para Auditor Fiscal do Munic\u00edpio de Uberl\u00e2ndia! \u00c9 importante destacar que a banca FUNDEP elaborou muitas quest\u00f5es envolvendo direito tribut\u00e1rio conjuntamente com a legisla\u00e7\u00e3o espec\u00edfica local. Por essa raz\u00e3o, neste artigo, comentaremos apenas as quest\u00f5es que tratam exclusivamente (ou [&hellip;]<\/p>\n","protected":false},"author":150,"featured_media":0,"comment_status":"open","ping_status":"closed","sticky":false,"template":"","format":"standard","meta":{"post_tipo":"article","footnotes":""},"categories":[1],"tags":[],"tax_estado":[],"class_list":["post-461739","post","type-post","status-publish","format-standard","hentry","category-cursos-e-concursos"],"acf":[],"yoast_head":"<!-- This site is optimized with the Yoast SEO Premium plugin v27.2 (Yoast SEO v27.2) - https:\/\/yoast.com\/product\/yoast-seo-premium-wordpress\/ -->\n<title>ISS-Uberl\u00e2ndia - Prova de Direito Tribut\u00e1rio Comentada<\/title>\n<meta name=\"robots\" content=\"index, follow, max-snippet:-1, max-image-preview:large, max-video-preview:-1\" \/>\n<link rel=\"canonical\" href=\"https:\/\/www.estrategiaconcursos.com.br\/blog\/iss-uberlandia-prova-de-direito-tributario-comentada\/\" \/>\n<meta property=\"og:locale\" content=\"pt_BR\" \/>\n<meta property=\"og:type\" content=\"article\" \/>\n<meta property=\"og:title\" content=\"ISS-Uberl\u00e2ndia - Prova de Direito Tribut\u00e1rio Comentada\" \/>\n<meta property=\"og:description\" content=\"Ol\u00e1, pessoal! Tudo bem? Comentamos abaixo as quest\u00f5es de Direito Tribut\u00e1rio da prova aplicada no concurso para Auditor Fiscal do Munic\u00edpio de Uberl\u00e2ndia! \u00c9 importante destacar que a banca FUNDEP elaborou muitas quest\u00f5es envolvendo direito tribut\u00e1rio conjuntamente com a legisla\u00e7\u00e3o espec\u00edfica local. Por essa raz\u00e3o, neste artigo, comentaremos apenas as quest\u00f5es que tratam exclusivamente (ou [&hellip;]\" \/>\n<meta property=\"og:url\" content=\"https:\/\/www.estrategiaconcursos.com.br\/blog\/iss-uberlandia-prova-de-direito-tributario-comentada\/\" \/>\n<meta property=\"og:site_name\" content=\"Estrat\u00e9gia Concursos\" \/>\n<meta property=\"article:published_time\" content=\"2019-12-18T00:28:54+00:00\" \/>\n<meta property=\"article:modified_time\" content=\"2019-12-18T00:28:58+00:00\" \/>\n<meta name=\"author\" content=\"F\u00e1bio Dutra\" \/>\n<meta name=\"twitter:card\" content=\"summary_large_image\" \/>\n<meta name=\"twitter:creator\" content=\"@EstratConcursos\" \/>\n<meta name=\"twitter:site\" content=\"@EstratConcursos\" \/>\n<meta name=\"twitter:label1\" content=\"Escrito por\" \/>\n\t<meta name=\"twitter:data1\" content=\"F\u00e1bio Dutra\" \/>\n\t<meta name=\"twitter:label2\" content=\"Est. tempo de leitura\" \/>\n\t<meta name=\"twitter:data2\" content=\"9 minutos\" \/>\n<script type=\"application\/ld+json\" class=\"yoast-schema-graph\">{\"@context\":\"https:\/\/schema.org\",\"@graph\":[{\"@type\":\"NewsArticle\",\"@id\":\"https:\/\/www.estrategiaconcursos.com.br\/blog\/iss-uberlandia-prova-de-direito-tributario-comentada\/#article\",\"isPartOf\":{\"@id\":\"https:\/\/www.estrategiaconcursos.com.br\/blog\/iss-uberlandia-prova-de-direito-tributario-comentada\/\"},\"author\":{\"name\":\"F\u00e1bio Dutra\",\"@id\":\"https:\/\/www.estrategiaconcursos.com.br\/blog\/#\/schema\/person\/c6615b1e72eae70edca73ea5362ead63\"},\"headline\":\"ISS-Uberl\u00e2ndia &#8211; Prova de Direito Tribut\u00e1rio Comentada\",\"datePublished\":\"2019-12-18T00:28:54+00:00\",\"dateModified\":\"2019-12-18T00:28:58+00:00\",\"mainEntityOfPage\":{\"@id\":\"https:\/\/www.estrategiaconcursos.com.br\/blog\/iss-uberlandia-prova-de-direito-tributario-comentada\/\"},\"wordCount\":1717,\"commentCount\":1,\"publisher\":{\"@id\":\"https:\/\/www.estrategiaconcursos.com.br\/blog\/#organization\"},\"articleSection\":[\"Concursos P\u00fablicos\"],\"inLanguage\":\"pt-BR\",\"potentialAction\":[{\"@type\":\"CommentAction\",\"name\":\"Comment\",\"target\":[\"https:\/\/www.estrategiaconcursos.com.br\/blog\/iss-uberlandia-prova-de-direito-tributario-comentada\/#respond\"]}],\"copyrightYear\":\"2019\",\"copyrightHolder\":{\"@id\":\"https:\/\/www.estrategiaconcursos.com.br\/blog\/#organization\"}},{\"@type\":\"WebPage\",\"@id\":\"https:\/\/www.estrategiaconcursos.com.br\/blog\/iss-uberlandia-prova-de-direito-tributario-comentada\/\",\"url\":\"https:\/\/www.estrategiaconcursos.com.br\/blog\/iss-uberlandia-prova-de-direito-tributario-comentada\/\",\"name\":\"ISS-Uberl\u00e2ndia - Prova de Direito Tribut\u00e1rio Comentada\",\"isPartOf\":{\"@id\":\"https:\/\/www.estrategiaconcursos.com.br\/blog\/#website\"},\"datePublished\":\"2019-12-18T00:28:54+00:00\",\"dateModified\":\"2019-12-18T00:28:58+00:00\",\"breadcrumb\":{\"@id\":\"https:\/\/www.estrategiaconcursos.com.br\/blog\/iss-uberlandia-prova-de-direito-tributario-comentada\/#breadcrumb\"},\"inLanguage\":\"pt-BR\",\"potentialAction\":[{\"@type\":\"ReadAction\",\"target\":[\"https:\/\/www.estrategiaconcursos.com.br\/blog\/iss-uberlandia-prova-de-direito-tributario-comentada\/\"]}]},{\"@type\":\"BreadcrumbList\",\"@id\":\"https:\/\/www.estrategiaconcursos.com.br\/blog\/iss-uberlandia-prova-de-direito-tributario-comentada\/#breadcrumb\",\"itemListElement\":[{\"@type\":\"ListItem\",\"position\":1,\"name\":\"In\u00edcio\",\"item\":\"https:\/\/www.estrategiaconcursos.com.br\/blog\/\"},{\"@type\":\"ListItem\",\"position\":2,\"name\":\"ISS-Uberl\u00e2ndia &#8211; Prova de Direito Tribut\u00e1rio Comentada\"}]},{\"@type\":\"WebSite\",\"@id\":\"https:\/\/www.estrategiaconcursos.com.br\/blog\/#website\",\"url\":\"https:\/\/www.estrategiaconcursos.com.br\/blog\/\",\"name\":\"Estrat\u00e9gia Concursos\",\"description\":\"O blog da Estrat\u00e9gia Concursos traz not\u00edcias sobre concursos e artigos de professores oferecendo cursos para concursos (pdf + videaulas) no site.\",\"publisher\":{\"@id\":\"https:\/\/www.estrategiaconcursos.com.br\/blog\/#organization\"},\"potentialAction\":[{\"@type\":\"SearchAction\",\"target\":{\"@type\":\"EntryPoint\",\"urlTemplate\":\"https:\/\/www.estrategiaconcursos.com.br\/blog\/?s={search_term_string}\"},\"query-input\":{\"@type\":\"PropertyValueSpecification\",\"valueRequired\":true,\"valueName\":\"search_term_string\"}}],\"inLanguage\":\"pt-BR\"},{\"@type\":\"Organization\",\"@id\":\"https:\/\/www.estrategiaconcursos.com.br\/blog\/#organization\",\"name\":\"Estrat\u00e9gia Concursos\",\"url\":\"https:\/\/www.estrategiaconcursos.com.br\/blog\/\",\"logo\":{\"@type\":\"ImageObject\",\"inLanguage\":\"pt-BR\",\"@id\":\"https:\/\/www.estrategiaconcursos.com.br\/blog\/#\/schema\/logo\/image\/\",\"url\":\"https:\/\/dhg1h5j42swfq.cloudfront.net\/2025\/06\/03203428\/logo_concursos-1.jpg\",\"contentUrl\":\"https:\/\/dhg1h5j42swfq.cloudfront.net\/2025\/06\/03203428\/logo_concursos-1.jpg\",\"width\":230,\"height\":60,\"caption\":\"Estrat\u00e9gia Concursos\"},\"image\":{\"@id\":\"https:\/\/www.estrategiaconcursos.com.br\/blog\/#\/schema\/logo\/image\/\"},\"sameAs\":[\"https:\/\/x.com\/EstratConcursos\"]},{\"@type\":\"Person\",\"@id\":\"https:\/\/www.estrategiaconcursos.com.br\/blog\/#\/schema\/person\/c6615b1e72eae70edca73ea5362ead63\",\"name\":\"F\u00e1bio Dutra\",\"image\":{\"@type\":\"ImageObject\",\"inLanguage\":\"pt-BR\",\"@id\":\"https:\/\/secure.gravatar.com\/avatar\/2fb4b2715a33320653086a45a7174528e6836e078753b587b59cb70f7b453819?s=96&d=mm&r=g\",\"url\":\"https:\/\/secure.gravatar.com\/avatar\/2fb4b2715a33320653086a45a7174528e6836e078753b587b59cb70f7b453819?s=96&d=mm&r=g\",\"contentUrl\":\"https:\/\/secure.gravatar.com\/avatar\/2fb4b2715a33320653086a45a7174528e6836e078753b587b59cb70f7b453819?s=96&d=mm&r=g\",\"caption\":\"F\u00e1bio Dutra\"},\"url\":\"https:\/\/www.estrategiaconcursos.com.br\/blog\/author\/fabiodutraestrategiaconcursos-com-br\/\"}]}<\/script>\n<!-- \/ Yoast SEO Premium plugin. -->","yoast_head_json":{"title":"ISS-Uberl\u00e2ndia - Prova de Direito Tribut\u00e1rio Comentada","robots":{"index":"index","follow":"follow","max-snippet":"max-snippet:-1","max-image-preview":"max-image-preview:large","max-video-preview":"max-video-preview:-1"},"canonical":"https:\/\/www.estrategiaconcursos.com.br\/blog\/iss-uberlandia-prova-de-direito-tributario-comentada\/","og_locale":"pt_BR","og_type":"article","og_title":"ISS-Uberl\u00e2ndia - Prova de Direito Tribut\u00e1rio Comentada","og_description":"Ol\u00e1, pessoal! Tudo bem? Comentamos abaixo as quest\u00f5es de Direito Tribut\u00e1rio da prova aplicada no concurso para Auditor Fiscal do Munic\u00edpio de Uberl\u00e2ndia! \u00c9 importante destacar que a banca FUNDEP elaborou muitas quest\u00f5es envolvendo direito tribut\u00e1rio conjuntamente com a legisla\u00e7\u00e3o espec\u00edfica local. Por essa raz\u00e3o, neste artigo, comentaremos apenas as quest\u00f5es que tratam exclusivamente (ou [&hellip;]","og_url":"https:\/\/www.estrategiaconcursos.com.br\/blog\/iss-uberlandia-prova-de-direito-tributario-comentada\/","og_site_name":"Estrat\u00e9gia Concursos","article_published_time":"2019-12-18T00:28:54+00:00","article_modified_time":"2019-12-18T00:28:58+00:00","author":"F\u00e1bio Dutra","twitter_card":"summary_large_image","twitter_creator":"@EstratConcursos","twitter_site":"@EstratConcursos","twitter_misc":{"Escrito por":"F\u00e1bio Dutra","Est. tempo de leitura":"9 minutos"},"schema":{"@context":"https:\/\/schema.org","@graph":[{"@type":"NewsArticle","@id":"https:\/\/www.estrategiaconcursos.com.br\/blog\/iss-uberlandia-prova-de-direito-tributario-comentada\/#article","isPartOf":{"@id":"https:\/\/www.estrategiaconcursos.com.br\/blog\/iss-uberlandia-prova-de-direito-tributario-comentada\/"},"author":{"name":"F\u00e1bio Dutra","@id":"https:\/\/www.estrategiaconcursos.com.br\/blog\/#\/schema\/person\/c6615b1e72eae70edca73ea5362ead63"},"headline":"ISS-Uberl\u00e2ndia &#8211; Prova de Direito Tribut\u00e1rio Comentada","datePublished":"2019-12-18T00:28:54+00:00","dateModified":"2019-12-18T00:28:58+00:00","mainEntityOfPage":{"@id":"https:\/\/www.estrategiaconcursos.com.br\/blog\/iss-uberlandia-prova-de-direito-tributario-comentada\/"},"wordCount":1717,"commentCount":1,"publisher":{"@id":"https:\/\/www.estrategiaconcursos.com.br\/blog\/#organization"},"articleSection":["Concursos P\u00fablicos"],"inLanguage":"pt-BR","potentialAction":[{"@type":"CommentAction","name":"Comment","target":["https:\/\/www.estrategiaconcursos.com.br\/blog\/iss-uberlandia-prova-de-direito-tributario-comentada\/#respond"]}],"copyrightYear":"2019","copyrightHolder":{"@id":"https:\/\/www.estrategiaconcursos.com.br\/blog\/#organization"}},{"@type":"WebPage","@id":"https:\/\/www.estrategiaconcursos.com.br\/blog\/iss-uberlandia-prova-de-direito-tributario-comentada\/","url":"https:\/\/www.estrategiaconcursos.com.br\/blog\/iss-uberlandia-prova-de-direito-tributario-comentada\/","name":"ISS-Uberl\u00e2ndia - Prova de Direito Tribut\u00e1rio Comentada","isPartOf":{"@id":"https:\/\/www.estrategiaconcursos.com.br\/blog\/#website"},"datePublished":"2019-12-18T00:28:54+00:00","dateModified":"2019-12-18T00:28:58+00:00","breadcrumb":{"@id":"https:\/\/www.estrategiaconcursos.com.br\/blog\/iss-uberlandia-prova-de-direito-tributario-comentada\/#breadcrumb"},"inLanguage":"pt-BR","potentialAction":[{"@type":"ReadAction","target":["https:\/\/www.estrategiaconcursos.com.br\/blog\/iss-uberlandia-prova-de-direito-tributario-comentada\/"]}]},{"@type":"BreadcrumbList","@id":"https:\/\/www.estrategiaconcursos.com.br\/blog\/iss-uberlandia-prova-de-direito-tributario-comentada\/#breadcrumb","itemListElement":[{"@type":"ListItem","position":1,"name":"In\u00edcio","item":"https:\/\/www.estrategiaconcursos.com.br\/blog\/"},{"@type":"ListItem","position":2,"name":"ISS-Uberl\u00e2ndia &#8211; Prova de Direito Tribut\u00e1rio Comentada"}]},{"@type":"WebSite","@id":"https:\/\/www.estrategiaconcursos.com.br\/blog\/#website","url":"https:\/\/www.estrategiaconcursos.com.br\/blog\/","name":"Estrat\u00e9gia Concursos","description":"O blog da Estrat\u00e9gia Concursos traz not\u00edcias sobre concursos e artigos de professores oferecendo cursos para concursos (pdf + videaulas) no site.","publisher":{"@id":"https:\/\/www.estrategiaconcursos.com.br\/blog\/#organization"},"potentialAction":[{"@type":"SearchAction","target":{"@type":"EntryPoint","urlTemplate":"https:\/\/www.estrategiaconcursos.com.br\/blog\/?s={search_term_string}"},"query-input":{"@type":"PropertyValueSpecification","valueRequired":true,"valueName":"search_term_string"}}],"inLanguage":"pt-BR"},{"@type":"Organization","@id":"https:\/\/www.estrategiaconcursos.com.br\/blog\/#organization","name":"Estrat\u00e9gia Concursos","url":"https:\/\/www.estrategiaconcursos.com.br\/blog\/","logo":{"@type":"ImageObject","inLanguage":"pt-BR","@id":"https:\/\/www.estrategiaconcursos.com.br\/blog\/#\/schema\/logo\/image\/","url":"https:\/\/dhg1h5j42swfq.cloudfront.net\/2025\/06\/03203428\/logo_concursos-1.jpg","contentUrl":"https:\/\/dhg1h5j42swfq.cloudfront.net\/2025\/06\/03203428\/logo_concursos-1.jpg","width":230,"height":60,"caption":"Estrat\u00e9gia Concursos"},"image":{"@id":"https:\/\/www.estrategiaconcursos.com.br\/blog\/#\/schema\/logo\/image\/"},"sameAs":["https:\/\/x.com\/EstratConcursos"]},{"@type":"Person","@id":"https:\/\/www.estrategiaconcursos.com.br\/blog\/#\/schema\/person\/c6615b1e72eae70edca73ea5362ead63","name":"F\u00e1bio Dutra","image":{"@type":"ImageObject","inLanguage":"pt-BR","@id":"https:\/\/secure.gravatar.com\/avatar\/2fb4b2715a33320653086a45a7174528e6836e078753b587b59cb70f7b453819?s=96&d=mm&r=g","url":"https:\/\/secure.gravatar.com\/avatar\/2fb4b2715a33320653086a45a7174528e6836e078753b587b59cb70f7b453819?s=96&d=mm&r=g","contentUrl":"https:\/\/secure.gravatar.com\/avatar\/2fb4b2715a33320653086a45a7174528e6836e078753b587b59cb70f7b453819?s=96&d=mm&r=g","caption":"F\u00e1bio Dutra"},"url":"https:\/\/www.estrategiaconcursos.com.br\/blog\/author\/fabiodutraestrategiaconcursos-com-br\/"}]}},"_links":{"self":[{"href":"https:\/\/www.estrategiaconcursos.com.br\/blog\/wp-json\/wp\/v2\/posts\/461739","targetHints":{"allow":["GET"]}}],"collection":[{"href":"https:\/\/www.estrategiaconcursos.com.br\/blog\/wp-json\/wp\/v2\/posts"}],"about":[{"href":"https:\/\/www.estrategiaconcursos.com.br\/blog\/wp-json\/wp\/v2\/types\/post"}],"author":[{"embeddable":true,"href":"https:\/\/www.estrategiaconcursos.com.br\/blog\/wp-json\/wp\/v2\/users\/150"}],"replies":[{"embeddable":true,"href":"https:\/\/www.estrategiaconcursos.com.br\/blog\/wp-json\/wp\/v2\/comments?post=461739"}],"version-history":[{"count":1,"href":"https:\/\/www.estrategiaconcursos.com.br\/blog\/wp-json\/wp\/v2\/posts\/461739\/revisions"}],"predecessor-version":[{"id":461740,"href":"https:\/\/www.estrategiaconcursos.com.br\/blog\/wp-json\/wp\/v2\/posts\/461739\/revisions\/461740"}],"wp:attachment":[{"href":"https:\/\/www.estrategiaconcursos.com.br\/blog\/wp-json\/wp\/v2\/media?parent=461739"}],"wp:term":[{"taxonomy":"category","embeddable":true,"href":"https:\/\/www.estrategiaconcursos.com.br\/blog\/wp-json\/wp\/v2\/categories?post=461739"},{"taxonomy":"post_tag","embeddable":true,"href":"https:\/\/www.estrategiaconcursos.com.br\/blog\/wp-json\/wp\/v2\/tags?post=461739"},{"taxonomy":"tax_estado","embeddable":true,"href":"https:\/\/www.estrategiaconcursos.com.br\/blog\/wp-json\/wp\/v2\/tax_estado?post=461739"}],"curies":[{"name":"wp","href":"https:\/\/api.w.org\/{rel}","templated":true}]}}