{"id":461442,"date":"2019-12-17T14:38:25","date_gmt":"2019-12-17T17:38:25","guid":{"rendered":"https:\/\/www.estrategiaconcursos.com.br\/blog\/?p=461442"},"modified":"2019-12-17T14:38:49","modified_gmt":"2019-12-17T17:38:49","slug":"crf-pa-inscricoes-para-o-certame-se-iniciam-nesta-terca-17-12","status":"publish","type":"post","link":"https:\/\/www.estrategiaconcursos.com.br\/blog\/crf-pa-inscricoes-para-o-certame-se-iniciam-nesta-terca-17-12\/","title":{"rendered":"CRF PA: Inscri\u00e7\u00f5es para o certame se iniciam nesta ter\u00e7a, 17\/12"},"content":{"rendered":"\n<p>As inscri\u00e7\u00f5es para o concurso CRF PA se iniciam hoje, 17 de dezembro  no portal online da banca organizadora, a Funda\u00e7\u00e3o Cetap, e v\u00e3o at\u00e9 o dia 06 de fevereiro de 2020. As taxas para concorrer aos cargos de n\u00edvel m\u00e9dio ser\u00e3o de R$ 58,00 e, para os de n\u00edvel superior, R$ 78,00.<\/p>\n\n\n\n<p>Os candidatos que desejarem pedir isen\u00e7\u00e3o das taxas de inscri\u00e7\u00e3o dever\u00e3o requerer at\u00e9 a pr\u00f3xima quinta-feira, 19 de dezembro. O certame oferta vagas para os cargos de Auxiliar Administrativo e Agente Administrativo. As provas objetivas est\u00e3o previstas para o dia 15 de mar\u00e7o de 2020.<\/p>\n\n\n\n<p>Assim, os candidatos que ainda n\u00e3o completaram seus estudos, precisam tirar d\u00favidas ou aperfei\u00e7oar os conhecimentos em determinadas mat\u00e9rias possuem um tempo razo\u00e1vel para se preparar com qualidade para o exame. Se este \u00e9 o seu caso, n\u00e3o deixe de se inscrever, retome e reorganize seu cronograma de estudos agora mesmo! <\/p>\n\n\n\n<p style=\"font-size:25px;text-align:center\" class=\"has-background has-luminous-vivid-amber-background-color\"><strong><em>Mais informa\u00e7\u00f5es<\/em><\/strong>: <a href=\"https:\/\/www.estrategiaconcursos.com.br\/blog\/concurso-crf-pa\/\"><strong>Concurso CRF PA<\/strong><\/a><strong> <\/strong><\/p>\n\n\n\n<h2 class=\"wp-block-heading\" style=\"text-align:center\" id=\"assinatura-ilimitada\">Quer se preparar para o concurso CRF PA?<\/h2>\n\n\n\n<p style=\"text-align:center\"><em>Gostou desta oportunidade e deseja come\u00e7ar se preparar agora mesmo? Ent\u00e3o, confira os nossos cursos e comece a estudar para CRF PA:<\/em><\/p>\n\n\n\n<p style=\"font-size:25px;text-align:center\" class=\"has-background has-light-green-cyan-background-color\"><a href=\"https:\/\/www.estrategiaconcursos.com.br\/cursosPorConcurso\/promocao-pacotes-para-crf-pa\/\" target=\"_blank\" rel=\"noreferrer noopener\">CURSOS CRF PA<\/a><\/p>\n\n\n\n<p><strong><em>Caso voc\u00ea queira acompanhar de perto as novidades nos concursos p\u00fablicos, recomendamos visitar os seguintes artigos:<\/em><\/strong><\/p>\n\n\n\n<p style=\"font-size:25px;text-align:center\" class=\"has-background has-pale-cyan-blue-background-color\"><strong><a rel=\"noreferrer noopener\" href=\"https:\/\/www.estrategiaconcursos.com.br\/blog\/concursos-2019\/\" target=\"_blank\">CONCURSOS 202<\/a><\/strong><a rel=\"noreferrer noopener\" href=\"https:\/\/www.estrategiaconcursos.com.br\/blog\/concursos-2019\/\" target=\"_blank\"><strong>0<\/strong><\/a><\/p>\n\n\n\n<p style=\"font-size:25px;text-align:center\" class=\"has-background has-pale-cyan-blue-background-color\"><strong><a rel=\"noreferrer noopener\" href=\"https:\/\/www.estrategiaconcursos.com.br\/blog\/concursos-abertos\/\" target=\"_blank\">CONCURSOS ABERTOS<\/a><\/strong><\/p>\n","protected":false},"excerpt":{"rendered":"<p>As inscri\u00e7\u00f5es para o concurso CRF PA se iniciam hoje, 17 de dezembro no portal online da banca organizadora, a Funda\u00e7\u00e3o Cetap, e v\u00e3o at\u00e9 o dia 06 de fevereiro de 2020. As taxas para concorrer aos cargos de n\u00edvel m\u00e9dio ser\u00e3o de R$ 58,00 e, para os de n\u00edvel superior, R$ 78,00. Os candidatos [&hellip;]<\/p>\n","protected":false},"author":260,"featured_media":461477,"comment_status":"open","ping_status":"closed","sticky":false,"template":"","format":"standard","meta":{"post_tipo":"article","footnotes":""},"categories":[1],"tags":[],"tax_estado":[],"class_list":["post-461442","post","type-post","status-publish","format-standard","has-post-thumbnail","hentry","category-cursos-e-concursos"],"acf":[],"yoast_head":"<!-- This site is optimized with the Yoast SEO Premium plugin v27.2 (Yoast SEO v27.2) - https:\/\/yoast.com\/product\/yoast-seo-premium-wordpress\/ -->\n<title>CRF PA: Inscri\u00e7\u00f5es para o certame se iniciam nesta ter\u00e7a, 17\/12<\/title>\n<meta name=\"robots\" content=\"index, follow, max-snippet:-1, max-image-preview:large, max-video-preview:-1\" \/>\n<link rel=\"canonical\" href=\"https:\/\/www.estrategiaconcursos.com.br\/blog\/crf-pa-inscricoes-para-o-certame-se-iniciam-nesta-terca-17-12\/\" \/>\n<meta property=\"og:locale\" content=\"pt_BR\" \/>\n<meta property=\"og:type\" content=\"article\" \/>\n<meta property=\"og:title\" content=\"CRF PA: Inscri\u00e7\u00f5es para o certame se iniciam nesta ter\u00e7a, 17\/12\" \/>\n<meta property=\"og:description\" content=\"As inscri\u00e7\u00f5es para o concurso CRF PA se iniciam hoje, 17 de dezembro no portal online da banca organizadora, a Funda\u00e7\u00e3o Cetap, e v\u00e3o at\u00e9 o dia 06 de fevereiro de 2020. As taxas para concorrer aos cargos de n\u00edvel m\u00e9dio ser\u00e3o de R$ 58,00 e, para os de n\u00edvel superior, R$ 78,00. Os candidatos [&hellip;]\" \/>\n<meta property=\"og:url\" content=\"https:\/\/www.estrategiaconcursos.com.br\/blog\/crf-pa-inscricoes-para-o-certame-se-iniciam-nesta-terca-17-12\/\" \/>\n<meta property=\"og:site_name\" content=\"Estrat\u00e9gia Concursos\" \/>\n<meta property=\"article:published_time\" content=\"2019-12-17T17:38:25+00:00\" \/>\n<meta property=\"article:modified_time\" content=\"2019-12-17T17:38:49+00:00\" \/>\n<meta property=\"og:image\" content=\"https:\/\/dhg1h5j42swfq.cloudfront.net\/2019\/12\/17143802\/CRF-PA.jpg\" \/>\n\t<meta property=\"og:image:width\" content=\"1200\" \/>\n\t<meta property=\"og:image:height\" content=\"628\" \/>\n\t<meta property=\"og:image:type\" content=\"image\/jpeg\" \/>\n<meta name=\"author\" content=\"Diego Cerqueira Berbert Vasconcelos\" \/>\n<meta name=\"twitter:card\" content=\"summary_large_image\" \/>\n<meta name=\"twitter:creator\" content=\"@EstratConcursos\" \/>\n<meta name=\"twitter:site\" content=\"@EstratConcursos\" \/>\n<meta name=\"twitter:label1\" content=\"Escrito por\" \/>\n\t<meta name=\"twitter:data1\" content=\"Diego Cerqueira Berbert Vasconcelos\" \/>\n\t<meta name=\"twitter:label2\" content=\"Est. tempo de leitura\" \/>\n\t<meta name=\"twitter:data2\" content=\"1 minuto\" \/>\n<script type=\"application\/ld+json\" class=\"yoast-schema-graph\">{\"@context\":\"https:\/\/schema.org\",\"@graph\":[{\"@type\":\"NewsArticle\",\"@id\":\"https:\/\/www.estrategiaconcursos.com.br\/blog\/crf-pa-inscricoes-para-o-certame-se-iniciam-nesta-terca-17-12\/#article\",\"isPartOf\":{\"@id\":\"https:\/\/www.estrategiaconcursos.com.br\/blog\/crf-pa-inscricoes-para-o-certame-se-iniciam-nesta-terca-17-12\/\"},\"author\":{\"name\":\"Diego Cerqueira Berbert Vasconcelos\",\"@id\":\"https:\/\/www.estrategiaconcursos.com.br\/blog\/#\/schema\/person\/7fbf898fd336f5ce58a961518beff68c\"},\"headline\":\"CRF PA: Inscri\u00e7\u00f5es para o certame se iniciam nesta ter\u00e7a, 17\/12\",\"datePublished\":\"2019-12-17T17:38:25+00:00\",\"dateModified\":\"2019-12-17T17:38:49+00:00\",\"mainEntityOfPage\":{\"@id\":\"https:\/\/www.estrategiaconcursos.com.br\/blog\/crf-pa-inscricoes-para-o-certame-se-iniciam-nesta-terca-17-12\/\"},\"wordCount\":232,\"commentCount\":0,\"publisher\":{\"@id\":\"https:\/\/www.estrategiaconcursos.com.br\/blog\/#organization\"},\"image\":{\"@id\":\"https:\/\/www.estrategiaconcursos.com.br\/blog\/crf-pa-inscricoes-para-o-certame-se-iniciam-nesta-terca-17-12\/#primaryimage\"},\"thumbnailUrl\":\"https:\/\/dhg1h5j42swfq.cloudfront.net\/2019\/12\/17143802\/CRF-PA.jpg\",\"articleSection\":[\"Concursos P\u00fablicos\"],\"inLanguage\":\"pt-BR\",\"potentialAction\":[{\"@type\":\"CommentAction\",\"name\":\"Comment\",\"target\":[\"https:\/\/www.estrategiaconcursos.com.br\/blog\/crf-pa-inscricoes-para-o-certame-se-iniciam-nesta-terca-17-12\/#respond\"]}],\"copyrightYear\":\"2019\",\"copyrightHolder\":{\"@id\":\"https:\/\/www.estrategiaconcursos.com.br\/blog\/#organization\"}},{\"@type\":\"WebPage\",\"@id\":\"https:\/\/www.estrategiaconcursos.com.br\/blog\/crf-pa-inscricoes-para-o-certame-se-iniciam-nesta-terca-17-12\/\",\"url\":\"https:\/\/www.estrategiaconcursos.com.br\/blog\/crf-pa-inscricoes-para-o-certame-se-iniciam-nesta-terca-17-12\/\",\"name\":\"CRF PA: Inscri\u00e7\u00f5es para o certame se iniciam nesta ter\u00e7a, 17\/12\",\"isPartOf\":{\"@id\":\"https:\/\/www.estrategiaconcursos.com.br\/blog\/#website\"},\"primaryImageOfPage\":{\"@id\":\"https:\/\/www.estrategiaconcursos.com.br\/blog\/crf-pa-inscricoes-para-o-certame-se-iniciam-nesta-terca-17-12\/#primaryimage\"},\"image\":{\"@id\":\"https:\/\/www.estrategiaconcursos.com.br\/blog\/crf-pa-inscricoes-para-o-certame-se-iniciam-nesta-terca-17-12\/#primaryimage\"},\"thumbnailUrl\":\"https:\/\/dhg1h5j42swfq.cloudfront.net\/2019\/12\/17143802\/CRF-PA.jpg\",\"datePublished\":\"2019-12-17T17:38:25+00:00\",\"dateModified\":\"2019-12-17T17:38:49+00:00\",\"breadcrumb\":{\"@id\":\"https:\/\/www.estrategiaconcursos.com.br\/blog\/crf-pa-inscricoes-para-o-certame-se-iniciam-nesta-terca-17-12\/#breadcrumb\"},\"inLanguage\":\"pt-BR\",\"potentialAction\":[{\"@type\":\"ReadAction\",\"target\":[\"https:\/\/www.estrategiaconcursos.com.br\/blog\/crf-pa-inscricoes-para-o-certame-se-iniciam-nesta-terca-17-12\/\"]}]},{\"@type\":\"ImageObject\",\"inLanguage\":\"pt-BR\",\"@id\":\"https:\/\/www.estrategiaconcursos.com.br\/blog\/crf-pa-inscricoes-para-o-certame-se-iniciam-nesta-terca-17-12\/#primaryimage\",\"url\":\"https:\/\/dhg1h5j42swfq.cloudfront.net\/2019\/12\/17143802\/CRF-PA.jpg\",\"contentUrl\":\"https:\/\/dhg1h5j42swfq.cloudfront.net\/2019\/12\/17143802\/CRF-PA.jpg\",\"width\":1200,\"height\":628,\"caption\":\"crf pa\"},{\"@type\":\"BreadcrumbList\",\"@id\":\"https:\/\/www.estrategiaconcursos.com.br\/blog\/crf-pa-inscricoes-para-o-certame-se-iniciam-nesta-terca-17-12\/#breadcrumb\",\"itemListElement\":[{\"@type\":\"ListItem\",\"position\":1,\"name\":\"In\u00edcio\",\"item\":\"https:\/\/www.estrategiaconcursos.com.br\/blog\/\"},{\"@type\":\"ListItem\",\"position\":2,\"name\":\"CRF PA: Inscri\u00e7\u00f5es para o certame se iniciam nesta ter\u00e7a, 17\/12\"}]},{\"@type\":\"WebSite\",\"@id\":\"https:\/\/www.estrategiaconcursos.com.br\/blog\/#website\",\"url\":\"https:\/\/www.estrategiaconcursos.com.br\/blog\/\",\"name\":\"Estrat\u00e9gia Concursos\",\"description\":\"O blog da Estrat\u00e9gia Concursos traz not\u00edcias sobre concursos e artigos de professores oferecendo cursos para concursos (pdf + videaulas) no site.\",\"publisher\":{\"@id\":\"https:\/\/www.estrategiaconcursos.com.br\/blog\/#organization\"},\"potentialAction\":[{\"@type\":\"SearchAction\",\"target\":{\"@type\":\"EntryPoint\",\"urlTemplate\":\"https:\/\/www.estrategiaconcursos.com.br\/blog\/?s={search_term_string}\"},\"query-input\":{\"@type\":\"PropertyValueSpecification\",\"valueRequired\":true,\"valueName\":\"search_term_string\"}}],\"inLanguage\":\"pt-BR\"},{\"@type\":\"Organization\",\"@id\":\"https:\/\/www.estrategiaconcursos.com.br\/blog\/#organization\",\"name\":\"Estrat\u00e9gia Concursos\",\"url\":\"https:\/\/www.estrategiaconcursos.com.br\/blog\/\",\"logo\":{\"@type\":\"ImageObject\",\"inLanguage\":\"pt-BR\",\"@id\":\"https:\/\/www.estrategiaconcursos.com.br\/blog\/#\/schema\/logo\/image\/\",\"url\":\"https:\/\/dhg1h5j42swfq.cloudfront.net\/2025\/06\/03203428\/logo_concursos-1.jpg\",\"contentUrl\":\"https:\/\/dhg1h5j42swfq.cloudfront.net\/2025\/06\/03203428\/logo_concursos-1.jpg\",\"width\":230,\"height\":60,\"caption\":\"Estrat\u00e9gia Concursos\"},\"image\":{\"@id\":\"https:\/\/www.estrategiaconcursos.com.br\/blog\/#\/schema\/logo\/image\/\"},\"sameAs\":[\"https:\/\/x.com\/EstratConcursos\"]},{\"@type\":\"Person\",\"@id\":\"https:\/\/www.estrategiaconcursos.com.br\/blog\/#\/schema\/person\/7fbf898fd336f5ce58a961518beff68c\",\"name\":\"Diego Cerqueira Berbert Vasconcelos\",\"image\":{\"@type\":\"ImageObject\",\"inLanguage\":\"pt-BR\",\"@id\":\"https:\/\/secure.gravatar.com\/avatar\/ed2d045a7390980cad1a92d24dcc39d10ef55b88fcb9fb9c047979bf4ddeb1ce?s=96&d=mm&r=g\",\"url\":\"https:\/\/secure.gravatar.com\/avatar\/ed2d045a7390980cad1a92d24dcc39d10ef55b88fcb9fb9c047979bf4ddeb1ce?s=96&d=mm&r=g\",\"contentUrl\":\"https:\/\/secure.gravatar.com\/avatar\/ed2d045a7390980cad1a92d24dcc39d10ef55b88fcb9fb9c047979bf4ddeb1ce?s=96&d=mm&r=g\",\"caption\":\"Diego Cerqueira Berbert Vasconcelos\"},\"url\":\"https:\/\/www.estrategiaconcursos.com.br\/blog\/author\/diegocerqueiraestrategiaconcursos-com-br\/\"}]}<\/script>\n<!-- \/ Yoast SEO Premium plugin. -->","yoast_head_json":{"title":"CRF PA: Inscri\u00e7\u00f5es para o certame se iniciam nesta ter\u00e7a, 17\/12","robots":{"index":"index","follow":"follow","max-snippet":"max-snippet:-1","max-image-preview":"max-image-preview:large","max-video-preview":"max-video-preview:-1"},"canonical":"https:\/\/www.estrategiaconcursos.com.br\/blog\/crf-pa-inscricoes-para-o-certame-se-iniciam-nesta-terca-17-12\/","og_locale":"pt_BR","og_type":"article","og_title":"CRF PA: Inscri\u00e7\u00f5es para o certame se iniciam nesta ter\u00e7a, 17\/12","og_description":"As inscri\u00e7\u00f5es para o concurso CRF PA se iniciam hoje, 17 de dezembro no portal online da banca organizadora, a Funda\u00e7\u00e3o Cetap, e v\u00e3o at\u00e9 o dia 06 de fevereiro de 2020. As taxas para concorrer aos cargos de n\u00edvel m\u00e9dio ser\u00e3o de R$ 58,00 e, para os de n\u00edvel superior, R$ 78,00. Os candidatos [&hellip;]","og_url":"https:\/\/www.estrategiaconcursos.com.br\/blog\/crf-pa-inscricoes-para-o-certame-se-iniciam-nesta-terca-17-12\/","og_site_name":"Estrat\u00e9gia Concursos","article_published_time":"2019-12-17T17:38:25+00:00","article_modified_time":"2019-12-17T17:38:49+00:00","og_image":[{"width":1200,"height":628,"url":"https:\/\/dhg1h5j42swfq.cloudfront.net\/2019\/12\/17143802\/CRF-PA.jpg","type":"image\/jpeg"}],"author":"Diego Cerqueira Berbert Vasconcelos","twitter_card":"summary_large_image","twitter_creator":"@EstratConcursos","twitter_site":"@EstratConcursos","twitter_misc":{"Escrito por":"Diego Cerqueira Berbert Vasconcelos","Est. tempo de leitura":"1 minuto"},"schema":{"@context":"https:\/\/schema.org","@graph":[{"@type":"NewsArticle","@id":"https:\/\/www.estrategiaconcursos.com.br\/blog\/crf-pa-inscricoes-para-o-certame-se-iniciam-nesta-terca-17-12\/#article","isPartOf":{"@id":"https:\/\/www.estrategiaconcursos.com.br\/blog\/crf-pa-inscricoes-para-o-certame-se-iniciam-nesta-terca-17-12\/"},"author":{"name":"Diego Cerqueira Berbert Vasconcelos","@id":"https:\/\/www.estrategiaconcursos.com.br\/blog\/#\/schema\/person\/7fbf898fd336f5ce58a961518beff68c"},"headline":"CRF PA: Inscri\u00e7\u00f5es para o certame se iniciam nesta ter\u00e7a, 17\/12","datePublished":"2019-12-17T17:38:25+00:00","dateModified":"2019-12-17T17:38:49+00:00","mainEntityOfPage":{"@id":"https:\/\/www.estrategiaconcursos.com.br\/blog\/crf-pa-inscricoes-para-o-certame-se-iniciam-nesta-terca-17-12\/"},"wordCount":232,"commentCount":0,"publisher":{"@id":"https:\/\/www.estrategiaconcursos.com.br\/blog\/#organization"},"image":{"@id":"https:\/\/www.estrategiaconcursos.com.br\/blog\/crf-pa-inscricoes-para-o-certame-se-iniciam-nesta-terca-17-12\/#primaryimage"},"thumbnailUrl":"https:\/\/dhg1h5j42swfq.cloudfront.net\/2019\/12\/17143802\/CRF-PA.jpg","articleSection":["Concursos P\u00fablicos"],"inLanguage":"pt-BR","potentialAction":[{"@type":"CommentAction","name":"Comment","target":["https:\/\/www.estrategiaconcursos.com.br\/blog\/crf-pa-inscricoes-para-o-certame-se-iniciam-nesta-terca-17-12\/#respond"]}],"copyrightYear":"2019","copyrightHolder":{"@id":"https:\/\/www.estrategiaconcursos.com.br\/blog\/#organization"}},{"@type":"WebPage","@id":"https:\/\/www.estrategiaconcursos.com.br\/blog\/crf-pa-inscricoes-para-o-certame-se-iniciam-nesta-terca-17-12\/","url":"https:\/\/www.estrategiaconcursos.com.br\/blog\/crf-pa-inscricoes-para-o-certame-se-iniciam-nesta-terca-17-12\/","name":"CRF PA: Inscri\u00e7\u00f5es para o certame se iniciam nesta ter\u00e7a, 17\/12","isPartOf":{"@id":"https:\/\/www.estrategiaconcursos.com.br\/blog\/#website"},"primaryImageOfPage":{"@id":"https:\/\/www.estrategiaconcursos.com.br\/blog\/crf-pa-inscricoes-para-o-certame-se-iniciam-nesta-terca-17-12\/#primaryimage"},"image":{"@id":"https:\/\/www.estrategiaconcursos.com.br\/blog\/crf-pa-inscricoes-para-o-certame-se-iniciam-nesta-terca-17-12\/#primaryimage"},"thumbnailUrl":"https:\/\/dhg1h5j42swfq.cloudfront.net\/2019\/12\/17143802\/CRF-PA.jpg","datePublished":"2019-12-17T17:38:25+00:00","dateModified":"2019-12-17T17:38:49+00:00","breadcrumb":{"@id":"https:\/\/www.estrategiaconcursos.com.br\/blog\/crf-pa-inscricoes-para-o-certame-se-iniciam-nesta-terca-17-12\/#breadcrumb"},"inLanguage":"pt-BR","potentialAction":[{"@type":"ReadAction","target":["https:\/\/www.estrategiaconcursos.com.br\/blog\/crf-pa-inscricoes-para-o-certame-se-iniciam-nesta-terca-17-12\/"]}]},{"@type":"ImageObject","inLanguage":"pt-BR","@id":"https:\/\/www.estrategiaconcursos.com.br\/blog\/crf-pa-inscricoes-para-o-certame-se-iniciam-nesta-terca-17-12\/#primaryimage","url":"https:\/\/dhg1h5j42swfq.cloudfront.net\/2019\/12\/17143802\/CRF-PA.jpg","contentUrl":"https:\/\/dhg1h5j42swfq.cloudfront.net\/2019\/12\/17143802\/CRF-PA.jpg","width":1200,"height":628,"caption":"crf pa"},{"@type":"BreadcrumbList","@id":"https:\/\/www.estrategiaconcursos.com.br\/blog\/crf-pa-inscricoes-para-o-certame-se-iniciam-nesta-terca-17-12\/#breadcrumb","itemListElement":[{"@type":"ListItem","position":1,"name":"In\u00edcio","item":"https:\/\/www.estrategiaconcursos.com.br\/blog\/"},{"@type":"ListItem","position":2,"name":"CRF PA: Inscri\u00e7\u00f5es para o certame se iniciam nesta ter\u00e7a, 17\/12"}]},{"@type":"WebSite","@id":"https:\/\/www.estrategiaconcursos.com.br\/blog\/#website","url":"https:\/\/www.estrategiaconcursos.com.br\/blog\/","name":"Estrat\u00e9gia Concursos","description":"O blog da Estrat\u00e9gia Concursos traz not\u00edcias sobre concursos e artigos de professores oferecendo cursos para concursos (pdf + videaulas) no site.","publisher":{"@id":"https:\/\/www.estrategiaconcursos.com.br\/blog\/#organization"},"potentialAction":[{"@type":"SearchAction","target":{"@type":"EntryPoint","urlTemplate":"https:\/\/www.estrategiaconcursos.com.br\/blog\/?s={search_term_string}"},"query-input":{"@type":"PropertyValueSpecification","valueRequired":true,"valueName":"search_term_string"}}],"inLanguage":"pt-BR"},{"@type":"Organization","@id":"https:\/\/www.estrategiaconcursos.com.br\/blog\/#organization","name":"Estrat\u00e9gia Concursos","url":"https:\/\/www.estrategiaconcursos.com.br\/blog\/","logo":{"@type":"ImageObject","inLanguage":"pt-BR","@id":"https:\/\/www.estrategiaconcursos.com.br\/blog\/#\/schema\/logo\/image\/","url":"https:\/\/dhg1h5j42swfq.cloudfront.net\/2025\/06\/03203428\/logo_concursos-1.jpg","contentUrl":"https:\/\/dhg1h5j42swfq.cloudfront.net\/2025\/06\/03203428\/logo_concursos-1.jpg","width":230,"height":60,"caption":"Estrat\u00e9gia Concursos"},"image":{"@id":"https:\/\/www.estrategiaconcursos.com.br\/blog\/#\/schema\/logo\/image\/"},"sameAs":["https:\/\/x.com\/EstratConcursos"]},{"@type":"Person","@id":"https:\/\/www.estrategiaconcursos.com.br\/blog\/#\/schema\/person\/7fbf898fd336f5ce58a961518beff68c","name":"Diego Cerqueira Berbert Vasconcelos","image":{"@type":"ImageObject","inLanguage":"pt-BR","@id":"https:\/\/secure.gravatar.com\/avatar\/ed2d045a7390980cad1a92d24dcc39d10ef55b88fcb9fb9c047979bf4ddeb1ce?s=96&d=mm&r=g","url":"https:\/\/secure.gravatar.com\/avatar\/ed2d045a7390980cad1a92d24dcc39d10ef55b88fcb9fb9c047979bf4ddeb1ce?s=96&d=mm&r=g","contentUrl":"https:\/\/secure.gravatar.com\/avatar\/ed2d045a7390980cad1a92d24dcc39d10ef55b88fcb9fb9c047979bf4ddeb1ce?s=96&d=mm&r=g","caption":"Diego Cerqueira Berbert Vasconcelos"},"url":"https:\/\/www.estrategiaconcursos.com.br\/blog\/author\/diegocerqueiraestrategiaconcursos-com-br\/"}]}},"_links":{"self":[{"href":"https:\/\/www.estrategiaconcursos.com.br\/blog\/wp-json\/wp\/v2\/posts\/461442","targetHints":{"allow":["GET"]}}],"collection":[{"href":"https:\/\/www.estrategiaconcursos.com.br\/blog\/wp-json\/wp\/v2\/posts"}],"about":[{"href":"https:\/\/www.estrategiaconcursos.com.br\/blog\/wp-json\/wp\/v2\/types\/post"}],"author":[{"embeddable":true,"href":"https:\/\/www.estrategiaconcursos.com.br\/blog\/wp-json\/wp\/v2\/users\/260"}],"replies":[{"embeddable":true,"href":"https:\/\/www.estrategiaconcursos.com.br\/blog\/wp-json\/wp\/v2\/comments?post=461442"}],"version-history":[{"count":2,"href":"https:\/\/www.estrategiaconcursos.com.br\/blog\/wp-json\/wp\/v2\/posts\/461442\/revisions"}],"predecessor-version":[{"id":461481,"href":"https:\/\/www.estrategiaconcursos.com.br\/blog\/wp-json\/wp\/v2\/posts\/461442\/revisions\/461481"}],"wp:featuredmedia":[{"embeddable":true,"href":"https:\/\/www.estrategiaconcursos.com.br\/blog\/wp-json\/wp\/v2\/media\/461477"}],"wp:attachment":[{"href":"https:\/\/www.estrategiaconcursos.com.br\/blog\/wp-json\/wp\/v2\/media?parent=461442"}],"wp:term":[{"taxonomy":"category","embeddable":true,"href":"https:\/\/www.estrategiaconcursos.com.br\/blog\/wp-json\/wp\/v2\/categories?post=461442"},{"taxonomy":"post_tag","embeddable":true,"href":"https:\/\/www.estrategiaconcursos.com.br\/blog\/wp-json\/wp\/v2\/tags?post=461442"},{"taxonomy":"tax_estado","embeddable":true,"href":"https:\/\/www.estrategiaconcursos.com.br\/blog\/wp-json\/wp\/v2\/tax_estado?post=461442"}],"curies":[{"name":"wp","href":"https:\/\/api.w.org\/{rel}","templated":true}]}}