{"id":461308,"date":"2019-12-17T12:47:32","date_gmt":"2019-12-17T15:47:32","guid":{"rendered":"https:\/\/www.estrategiaconcursos.com.br\/blog\/?p=461308"},"modified":"2019-12-17T12:47:36","modified_gmt":"2019-12-17T15:47:36","slug":"gabarito-tjrj-direito-do-consumidor-comentarios","status":"publish","type":"post","link":"https:\/\/www.estrategiaconcursos.com.br\/blog\/gabarito-tjrj-direito-do-consumidor-comentarios\/","title":{"rendered":"Gabarito TJRJ &#8211; Direito do Consumidor &#8211; Coment\u00e1rios"},"content":{"rendered":"\n<p>Ol\u00e1 meus amigos, tudo bem?<\/p>\n\n\n\n<p>Eu sou Igor Maciel e hoje gostaria de comentar com voc\u00eas o gabarito de direito do consumidor do concurso para o TJRJ (gabarito consumidor TJRJ).<\/p>\n\n\n\n<p>As quest\u00f5es desta disciplina foram cobradas nos itens 18, 19, 20 e tamb\u00e9m no item 69, correspondente a direito empresarial.<\/p>\n\n\n\n<p>Vamos \u00e0 an\u00e1lise do gabarito oficial.<\/p>\n\n\n\n<h4 class=\"wp-block-heading\">Quest\u00e3o 18<\/h4>\n\n\n\n<p>18. De acordo com o tratamento atribu\u00eddo pelo regime consumerista aos\ninstitutos da decad\u00eancia e da prescri\u00e7\u00e3o, assinale a alternativa correta. <\/p>\n\n\n\n<p>a)\nA instaura\u00e7\u00e3o de inqu\u00e9rito civil obsta a decad\u00eancia, reiniciando a contagem do\nprazo decadencial no dia seguinte \u00e0 referida instaura\u00e7\u00e3o. <\/p>\n\n\n\n<p>b)\nPrescreve em sessenta dias o direito de reclamar pelos v\u00edcios de f\u00e1cil\nconstata\u00e7\u00e3o, iniciando a contagem a partir da entrega efetiva do produto ou do\nt\u00e9rmino da execu\u00e7\u00e3o dos servi\u00e7os. <\/p>\n\n\n\n<p>c)\nObsta o transcurso do prazo decadencial a reclama\u00e7\u00e3o formulada pelo consumidor\nperante o fornecedor de produtos at\u00e9 a resposta negativa correspondente ou o\ntranscurso de prazo razo\u00e1vel sem a respectiva resposta. <\/p>\n\n\n\n<p>d)\nTem in\u00edcio o prazo de prescri\u00e7\u00e3o nos casos de responsabilidade pelo fato dos\nprodutos ou servi\u00e7os a partir da ci\u00eancia do dano, bem como de sua autoria. <\/p>\n\n\n\n<p>e)\nEm se tratando de v\u00edcio oculto, o prazo de decad\u00eancia tem in\u00edcio no momento em\nque se formalizar a reclama\u00e7\u00e3o do consumidor perante o fornecedor de produtos.<\/p>\n\n\n\n<p><strong>Coment\u00e1rios <\/strong><\/p>\n\n\n\n<p>A <strong>alternativa A<\/strong> est\u00e1 incorreta, conforme art. 26, \u00a72\u00ba, III, CDC: \u201cObstam a\ndecad\u00eancia: (&#8230;) III &#8211; a instaura\u00e7\u00e3o de inqu\u00e9rito\ncivil, at\u00e9 seu encerramento.\u201d<\/p>\n\n\n\n<p>A\n<strong>alternativa B<\/strong> est\u00e1 incorreta, segundo art. 26, I e II, CDC: \u201cO\ndireito de reclamar pelos v\u00edcios aparentes ou de f\u00e1cil constata\u00e7\u00e3o caduca em: I\n&#8211; trinta dias, tratando-se de fornecimento de servi\u00e7o e de produtos n\u00e3o\ndur\u00e1veis; II &#8211; noventa dias, tratando-se de fornecimento de servi\u00e7o e de\nprodutos dur\u00e1veis.\u201d<\/p>\n\n\n\n<p>A\n<strong>alternativa C<\/strong> est\u00e1 incorreta, de acordo com art. 26, \u00a72\u00ba, I, CDC:\n\u201cObstam a decad\u00eancia: I &#8211; a reclama\u00e7\u00e3o comprovadamente formulada pelo\nconsumidor perante o fornecedor de produtos e servi\u00e7os at\u00e9 a resposta negativa\ncorrespondente, que deve ser transmitida de forma inequ\u00edvoca;\u201d<\/p>\n\n\n\n<p>A\n<strong>alternativa\nD<\/strong> est\u00e1 correta, segundo art. 27,\nCDC: \u201cPrescreve em cinco anos a pretens\u00e3o \u00e0 repara\u00e7\u00e3o pelos danos causados por\nfato do produto ou do servi\u00e7o prevista na Se\u00e7\u00e3o II deste Cap\u00edtulo, iniciando-se\na contagem do prazo a partir do conhecimento do dano e de sua autoria.\u201d<\/p>\n\n\n\n<p>A <strong>alternativa E<\/strong> est\u00e1 incorreta, nos termos do art. 26, \u00a73\u00ba, CDC: \u201cTratando-se de v\u00edcio oculto, o prazo decadencial inicia-se no momento em que ficar evidenciado o defeito.\u201d<\/p>\n\n\n\n<h4 class=\"wp-block-heading\">Quest\u00e3o 19<\/h4>\n\n\n\n<p>19. Tendo em vista o entendimento sumular do Superior Tribunal de\nJusti\u00e7a, \u00e9 correto afirmar que <\/p>\n\n\n\n<p>a)\nincumbe ao credor a exclus\u00e3o do registro da d\u00edvida em nome do devedor no\ncadastro de inadimplentes no prazo de cinco dias \u00fateis, a partir do pagamento\ndo d\u00e9bito ainda que parcial. <\/p>\n\n\n\n<p>b)\nconstitui pr\u00e1tica comercial abusiva o envio de cart\u00e3o de cr\u00e9dito sem pr\u00e9via e\nexpressa solicita\u00e7\u00e3o do consumidor, n\u00e3o se sujeitando, no entanto, \u00e0 aplica\u00e7\u00e3o\nde multa administrativa.<\/p>\n\n\n\n<p>c)\no C\u00f3digo de Defesa do Consumidor n\u00e3o \u00e9 aplic\u00e1vel aos empreendimentos\nhabitacionais promovidos pelas sociedades cooperativas. <\/p>\n\n\n\n<p>d)\nconstitui pr\u00e1tica abusiva a estipula\u00e7\u00e3o de juros remunerat\u00f3rios superiores a\n12% ao ano. <\/p>\n\n\n\n<p>e)\n\u00e9 abusiva a cl\u00e1usula contratual de plano de sa\u00fade que prev\u00ea a limita\u00e7\u00e3o do\ntempo de interna\u00e7\u00e3o hospitalar do segurado. <\/p>\n\n\n\n<p><strong>Coment\u00e1rios <\/strong><\/p>\n\n\n\n<p>A <strong>alternativa A<\/strong> est\u00e1 incorreta, conforme S\u00famula 548 do STJ: \u201cIncumbe ao credor a\nexclus\u00e3o do registro da d\u00edvida em nome do devedor no cadastro de inadimplentes\nno prazo de cinco dias \u00fateis, a partir do integral e efetivo pagamento do\nd\u00e9bito.\u201d<\/p>\n\n\n\n<p>A\n<strong>alternativa B<\/strong> est\u00e1 incorreta, segundo a S\u00famula 532 do STJ: \u201cConstitui\npr\u00e1tica comercial abusiva o envio de cart\u00e3o de cr\u00e9dito sem pr\u00e9via e expressa solicita\u00e7\u00e3o\ndo consumidor, configurando-se ato il\u00edcito indeniz\u00e1vel e sujeito \u00e0 aplica\u00e7\u00e3o de\nmulta administrativa.\u201d <\/p>\n\n\n\n<p>A\n<strong>alternativa C<\/strong> est\u00e1 incorreta, de acordo com S\u00famula 602 do STJ: \u201cO\nC\u00f3digo de Defesa do Consumidor \u00e9 aplic\u00e1vel aos empreendimentos habitacionais\npromovidos pelas sociedades cooperativas.\u201d<\/p>\n\n\n\n<p>A\n<strong>alternativa D<\/strong> est\u00e1 incorreta, segundo S\u00famula 382 do STJ: \u201cA\nestipula\u00e7\u00e3o de juros remunerat\u00f3rios superiores a 12% ao ano, por si s\u00f3, n\u00e3o\nindica abusividade.\u201d<\/p>\n\n\n\n<p>A <strong>alternativa E<\/strong> est\u00e1 correta, nos termos da S\u00famula 302 do STJ: \u201c\u00c9 abusiva a cl\u00e1usula contratual de plano de sa\u00fade que limita no tempo a interna\u00e7\u00e3o hospitalar do segurado.\u201d<\/p>\n\n\n\n<h4 class=\"wp-block-heading\">Quest\u00e3o 20<\/h4>\n\n\n\n<p>20. Em conformidade com o que disciplina o C\u00f3digo de Defesa do\nConsumidor sobre os interesses ou direitos individuais homog\u00eaneos, assinale a\nalternativa correta. <\/p>\n\n\n\n<p>a)\nS\u00e3o interesses na sua ess\u00eancia coletivos, n\u00e3o podendo ser exercidos em ju\u00edzo\nindividualmente. <\/p>\n\n\n\n<p>b)\nO Minist\u00e9rio P\u00fablico n\u00e3o \u00e9 parte leg\u00edtima para atuar em defesa dos interesses\nindividuais homog\u00eaneos dos consumidores. <\/p>\n\n\n\n<p>c)\nA origem comum exigida para a configura\u00e7\u00e3o dos interesses individuais\nhomog\u00eaneos pode ser tanto de fato como de direito. <\/p>\n\n\n\n<p>d)\nA marca de seu objeto \u00e9 a indivisibilidade e a indisponibilidade, ou seja, n\u00e3o\ncomportam fracionamento e n\u00e3o podem ser disponibilizados por qualquer dos\ncotitulares. <\/p>\n\n\n\n<p>e)\nA respectiva coisa julgada ter\u00e1 efeitos ultra partes, com a reparabilidade\nindireta do bem cuja titularidade \u00e9 composta pelo grupo ou classe.<\/p>\n\n\n\n<p><strong>Coment\u00e1rios <\/strong><\/p>\n\n\n\n<p>A\n<strong>alternativa A<\/strong> est\u00e1 incorreta, pois a doutrina moderna define o\ninteresse individual homog\u00eaneo como um direito individual acidentalmente\ncoletivo (MOREIRA, Jos\u00e9 Carlos Barbosa. Tutela jurisdicional dos interesses\ncoletivos e difusos. In Temas de Direito Processual Civil. 3\u00aa s\u00e9rie. S\u00e3o Paulo:\nSaraiva, 1984. p. 195-197). Segundo o STJ: \u201c(&#8230;) 5. O interesse individual\nhomog\u00eaneo \u00e9 um direito individual que acidentalmente se torna coletivo e, pois,\nindispon\u00edvel, quando transcender a esfera de interesses puramente particulares,\nenvolvendo bens, institutos ou valores jur\u00eddicos superiores, cuja preserva\u00e7\u00e3o\nimporta \u00e0 comunidade como um todo. (&#8230;)\u201d (REsp. 1.586.515 \u2013 RS. Rel. MINISTRA\nNANCY ANDRIGHI. Julgado em 22\/05\/2018)<\/p>\n\n\n\n<p>A\n<strong>alternativa B<\/strong> est\u00e1 incorreta, segundo S\u00famula 601 do STJ: \u201cO\nMinist\u00e9rio P\u00fablico tem legitimidade ativa para atuar na defesa de direitos\ndifusos, coletivos e individuais homog\u00eaneos dos consumidores, ainda que\ndecorrentes da presta\u00e7\u00e3o de servi\u00e7o p\u00fablico.\u201d<\/p>\n\n\n\n<p>A\n<strong>alternativa\nC<\/strong> est\u00e1 correta, pois, de fato, entende-se\npor interesses de origem comum os interesses que t\u00eam uma causa comum ou um\n\u00fanico fato que gerou v\u00e1rias pretens\u00f5es.<\/p>\n\n\n\n<p>A\n<strong>alternativa D<\/strong> est\u00e1 incorreta, uma vez que os titulares destes\ninteresses s\u00e3o determin\u00e1veis, o bem jur\u00eddico \u00e9 divis\u00edvel e h\u00e1 liga\u00e7\u00e3o por uma\norigem comum.<\/p>\n\n\n\n<p>A <strong>alternativa E<\/strong> est\u00e1 incorreta, segundo art. 103, III, c\/c art. 81, par\u00e1grafo \u00fanico, III, CDC: \u201cNas a\u00e7\u00f5es coletivas de que trata este c\u00f3digo, a senten\u00e7a far\u00e1 coisa julgada: (&#8230;)III &#8211; erga omnes, apenas no caso de proced\u00eancia do pedido, para beneficiar todas as v\u00edtimas e seus sucessores, na hip\u00f3tese do inciso III do par\u00e1grafo \u00fanico do art. 81. <\/p>\n\n\n\n<h4 class=\"wp-block-heading\">Quest\u00e3o 62<\/h4>\n\n\n\n<p>62. Ad\u00e3o solicitou a emiss\u00e3o de um cart\u00e3o de d\u00e9bito em seu nome, mas,\npara sua surpresa, recebeu um cart\u00e3o de d\u00e9bito e cr\u00e9dito. Em contato com a\nadministradora de cart\u00f5es, foi informado que a fun\u00e7\u00e3o de cart\u00e3o de cr\u00e9dito\nestava inativa, que a anuidade somente seria cobrada se este fosse utilizado, e\nque a taxa de juro para o pagamento de parcelas m\u00ednimas seria de 250% (duzentos\ne cinquenta por cento) ao ano. Considerando a posi\u00e7\u00e3o atual dos tribunais\nsuperiores, \u00e9 correto afirmar que <\/p>\n\n\n\n<p>a)\na administradora de cr\u00e9dito poder\u00e1 ser responsabilizada por dano patrimonial\npor cobran\u00e7a indevida, n\u00e3o sendo cab\u00edvel dano moral. <\/p>\n\n\n\n<p>b)\no envio do cart\u00e3o de cr\u00e9dito, ainda que n\u00e3o tenha sido solicitado, n\u00e3o \u00e9 uma\npr\u00e1tica abusiva, pois n\u00e3o implica em cobran\u00e7a autom\u00e1tica de anuidade. <\/p>\n\n\n\n<p>c)\na administradora de cr\u00e9dito est\u00e1 violando a Lei da Usura ao praticar juros de\n250% (duzentos e cinquenta por cento) ao ano, pois n\u00e3o se trata de institui\u00e7\u00e3o\nfinanceira. <\/p>\n\n\n\n<p>d)\no envio do cart\u00e3o de cr\u00e9dito bloqueado equipara-se \u00e0 amostra gr\u00e1tis, n\u00e3o configurando\npr\u00e1tica abusiva. <\/p>\n\n\n\n<p>e)\nconstitui pr\u00e1tica comercial abusiva o envio de cart\u00e3o de cr\u00e9dito sem pr\u00e9via e\nexpressa solicita\u00e7\u00e3o do consumidor, mesmo que a fun\u00e7\u00e3o esteja inativa.<\/p>\n\n\n\n<p><strong>Coment\u00e1rios <\/strong><\/p>\n\n\n\n<p>A\n<strong>alternativa A<\/strong> est\u00e1 incorreta, pois, no caso enunciado, n\u00e3o houve\nefetivamente cobran\u00e7a indevida.<\/p>\n\n\n\n<p>A\n<strong>alternativa B<\/strong> est\u00e1 incorreta, segundo a S\u00famula 532 do STJ: \u201cConstitui\npr\u00e1tica comercial abusiva o envio de cart\u00e3o de cr\u00e9dito sem pr\u00e9via e expressa\nsolicita\u00e7\u00e3o do consumidor, configurando-se ato il\u00edcito indeniz\u00e1vel e sujeito \u00e0\naplica\u00e7\u00e3o de multa administrativa.\u201d<\/p>\n\n\n\n<p>A\n<strong>alternativa C<\/strong> est\u00e1 incorreta, conforme S\u00famula 596 do STF: \u201cAs\ndisposi\u00e7\u00f5es do Decreto 22.626\/1933 n\u00e3o se aplicam \u00e0s taxas de juros e aos\noutros encargos cobrados nas opera\u00e7\u00f5es realizadas por institui\u00e7\u00f5es p\u00fablicas ou\nprivadas, que integram o Sistema Financeiro Nacional.\u201d<\/p>\n\n\n\n<p>A\n<strong>alternativa D<\/strong> est\u00e1 incorreta, nos termos da S\u00famula 532 do STJ.<\/p>\n\n\n\n<p>A\n<strong>alternativa\nE<\/strong> est\u00e1 correta, consoante teor da\nS\u00famula 532 do STJ.<\/p>\n\n\n\n<h4 class=\"wp-block-heading\"> Finalizando<\/h4>\n\n\n\n<p>Entendo, portanto, n\u00e3o ser vi\u00e1vel qualquer recurso quanto a estas quest\u00f5es.<\/p>\n\n\n\n<p>Qualquer d\u00favida, cr\u00edtica ou sugest\u00e3o, estou \u00e0 disposi\u00e7\u00e3o de voc\u00eas no <a href=\"http:\/\/www.instagram.com\/profigormaciel\" target=\"_blank\" rel=\"noreferrer noopener\" aria-label=\"instagram (abre numa nova aba)\">instagram<\/a>.<\/p>\n\n\n\n<p>Combinado?<\/p>\n\n\n\n<p>Grande abra\u00e7o,<\/p>\n\n\n\n<p>Igor Maciel <\/p>\n\n\n<p><!--EndFragment--><\/p>","protected":false},"excerpt":{"rendered":"<p>Ol\u00e1 meus amigos, tudo bem? Eu sou Igor Maciel e hoje gostaria de comentar com voc\u00eas o gabarito de direito do consumidor do concurso para o TJRJ (gabarito consumidor TJRJ). As quest\u00f5es desta disciplina foram cobradas nos itens 18, 19, 20 e tamb\u00e9m no item 69, correspondente a direito empresarial. Vamos \u00e0 an\u00e1lise do gabarito [&hellip;]<\/p>\n","protected":false},"author":317,"featured_media":0,"comment_status":"open","ping_status":"closed","sticky":false,"template":"","format":"standard","meta":{"post_tipo":"article","footnotes":""},"categories":[1],"tags":[],"tax_estado":[],"class_list":["post-461308","post","type-post","status-publish","format-standard","hentry","category-cursos-e-concursos"],"acf":[],"yoast_head":"<!-- This site is optimized with the Yoast SEO Premium plugin v27.2 (Yoast SEO v27.2) - https:\/\/yoast.com\/product\/yoast-seo-premium-wordpress\/ -->\n<title>Gabarito TJRJ - Direito do Consumidor - Coment\u00e1rios<\/title>\n<meta name=\"description\" content=\"Coment\u00e1rios \u00e0 prova de direito do consumidor do concurso de juiz do TJRJ realizada no \u00faltimo dia 15\/12.\" \/>\n<meta name=\"robots\" content=\"index, follow, max-snippet:-1, max-image-preview:large, max-video-preview:-1\" \/>\n<link rel=\"canonical\" href=\"https:\/\/www.estrategiaconcursos.com.br\/blog\/gabarito-tjrj-direito-do-consumidor-comentarios\/\" \/>\n<meta property=\"og:locale\" content=\"pt_BR\" \/>\n<meta property=\"og:type\" content=\"article\" \/>\n<meta property=\"og:title\" content=\"Gabarito TJRJ - Direito do Consumidor - Coment\u00e1rios\" \/>\n<meta property=\"og:description\" content=\"Coment\u00e1rios \u00e0 prova de direito do consumidor do concurso de juiz do TJRJ realizada no \u00faltimo dia 15\/12.\" \/>\n<meta property=\"og:url\" content=\"https:\/\/www.estrategiaconcursos.com.br\/blog\/gabarito-tjrj-direito-do-consumidor-comentarios\/\" \/>\n<meta property=\"og:site_name\" content=\"Estrat\u00e9gia Concursos\" \/>\n<meta property=\"article:author\" content=\"https:\/\/www.facebook.com\/igor.maciel.1420\" \/>\n<meta property=\"article:published_time\" content=\"2019-12-17T15:47:32+00:00\" \/>\n<meta property=\"article:modified_time\" content=\"2019-12-17T15:47:36+00:00\" \/>\n<meta name=\"author\" content=\"Igor Maciel\" \/>\n<meta name=\"twitter:card\" content=\"summary_large_image\" \/>\n<meta name=\"twitter:creator\" content=\"@EstratConcursos\" \/>\n<meta name=\"twitter:site\" content=\"@EstratConcursos\" \/>\n<meta name=\"twitter:label1\" content=\"Escrito por\" \/>\n\t<meta name=\"twitter:data1\" content=\"Igor Maciel\" \/>\n\t<meta name=\"twitter:label2\" content=\"Est. tempo de leitura\" \/>\n\t<meta name=\"twitter:data2\" content=\"8 minutos\" \/>\n<script type=\"application\/ld+json\" class=\"yoast-schema-graph\">{\"@context\":\"https:\/\/schema.org\",\"@graph\":[{\"@type\":\"NewsArticle\",\"@id\":\"https:\/\/www.estrategiaconcursos.com.br\/blog\/gabarito-tjrj-direito-do-consumidor-comentarios\/#article\",\"isPartOf\":{\"@id\":\"https:\/\/www.estrategiaconcursos.com.br\/blog\/gabarito-tjrj-direito-do-consumidor-comentarios\/\"},\"author\":{\"name\":\"Igor Maciel\",\"@id\":\"https:\/\/www.estrategiaconcursos.com.br\/blog\/#\/schema\/person\/024d26d5efb06d95dfc04025d7301591\"},\"headline\":\"Gabarito TJRJ &#8211; Direito do Consumidor &#8211; Coment\u00e1rios\",\"datePublished\":\"2019-12-17T15:47:32+00:00\",\"dateModified\":\"2019-12-17T15:47:36+00:00\",\"mainEntityOfPage\":{\"@id\":\"https:\/\/www.estrategiaconcursos.com.br\/blog\/gabarito-tjrj-direito-do-consumidor-comentarios\/\"},\"wordCount\":1597,\"commentCount\":0,\"publisher\":{\"@id\":\"https:\/\/www.estrategiaconcursos.com.br\/blog\/#organization\"},\"articleSection\":[\"Concursos P\u00fablicos\"],\"inLanguage\":\"pt-BR\",\"potentialAction\":[{\"@type\":\"CommentAction\",\"name\":\"Comment\",\"target\":[\"https:\/\/www.estrategiaconcursos.com.br\/blog\/gabarito-tjrj-direito-do-consumidor-comentarios\/#respond\"]}],\"copyrightYear\":\"2019\",\"copyrightHolder\":{\"@id\":\"https:\/\/www.estrategiaconcursos.com.br\/blog\/#organization\"}},{\"@type\":\"WebPage\",\"@id\":\"https:\/\/www.estrategiaconcursos.com.br\/blog\/gabarito-tjrj-direito-do-consumidor-comentarios\/\",\"url\":\"https:\/\/www.estrategiaconcursos.com.br\/blog\/gabarito-tjrj-direito-do-consumidor-comentarios\/\",\"name\":\"Gabarito TJRJ - Direito do Consumidor - Coment\u00e1rios\",\"isPartOf\":{\"@id\":\"https:\/\/www.estrategiaconcursos.com.br\/blog\/#website\"},\"datePublished\":\"2019-12-17T15:47:32+00:00\",\"dateModified\":\"2019-12-17T15:47:36+00:00\",\"description\":\"Coment\u00e1rios \u00e0 prova de direito do consumidor do concurso de juiz do TJRJ realizada no \u00faltimo dia 15\/12.\",\"breadcrumb\":{\"@id\":\"https:\/\/www.estrategiaconcursos.com.br\/blog\/gabarito-tjrj-direito-do-consumidor-comentarios\/#breadcrumb\"},\"inLanguage\":\"pt-BR\",\"potentialAction\":[{\"@type\":\"ReadAction\",\"target\":[\"https:\/\/www.estrategiaconcursos.com.br\/blog\/gabarito-tjrj-direito-do-consumidor-comentarios\/\"]}]},{\"@type\":\"BreadcrumbList\",\"@id\":\"https:\/\/www.estrategiaconcursos.com.br\/blog\/gabarito-tjrj-direito-do-consumidor-comentarios\/#breadcrumb\",\"itemListElement\":[{\"@type\":\"ListItem\",\"position\":1,\"name\":\"In\u00edcio\",\"item\":\"https:\/\/www.estrategiaconcursos.com.br\/blog\/\"},{\"@type\":\"ListItem\",\"position\":2,\"name\":\"Gabarito TJRJ &#8211; Direito do Consumidor &#8211; Coment\u00e1rios\"}]},{\"@type\":\"WebSite\",\"@id\":\"https:\/\/www.estrategiaconcursos.com.br\/blog\/#website\",\"url\":\"https:\/\/www.estrategiaconcursos.com.br\/blog\/\",\"name\":\"Estrat\u00e9gia Concursos\",\"description\":\"O blog da Estrat\u00e9gia Concursos traz not\u00edcias sobre concursos e artigos de professores oferecendo cursos para concursos (pdf + videaulas) no site.\",\"publisher\":{\"@id\":\"https:\/\/www.estrategiaconcursos.com.br\/blog\/#organization\"},\"potentialAction\":[{\"@type\":\"SearchAction\",\"target\":{\"@type\":\"EntryPoint\",\"urlTemplate\":\"https:\/\/www.estrategiaconcursos.com.br\/blog\/?s={search_term_string}\"},\"query-input\":{\"@type\":\"PropertyValueSpecification\",\"valueRequired\":true,\"valueName\":\"search_term_string\"}}],\"inLanguage\":\"pt-BR\"},{\"@type\":\"Organization\",\"@id\":\"https:\/\/www.estrategiaconcursos.com.br\/blog\/#organization\",\"name\":\"Estrat\u00e9gia Concursos\",\"url\":\"https:\/\/www.estrategiaconcursos.com.br\/blog\/\",\"logo\":{\"@type\":\"ImageObject\",\"inLanguage\":\"pt-BR\",\"@id\":\"https:\/\/www.estrategiaconcursos.com.br\/blog\/#\/schema\/logo\/image\/\",\"url\":\"https:\/\/dhg1h5j42swfq.cloudfront.net\/2025\/06\/03203428\/logo_concursos-1.jpg\",\"contentUrl\":\"https:\/\/dhg1h5j42swfq.cloudfront.net\/2025\/06\/03203428\/logo_concursos-1.jpg\",\"width\":230,\"height\":60,\"caption\":\"Estrat\u00e9gia Concursos\"},\"image\":{\"@id\":\"https:\/\/www.estrategiaconcursos.com.br\/blog\/#\/schema\/logo\/image\/\"},\"sameAs\":[\"https:\/\/x.com\/EstratConcursos\"]},{\"@type\":\"Person\",\"@id\":\"https:\/\/www.estrategiaconcursos.com.br\/blog\/#\/schema\/person\/024d26d5efb06d95dfc04025d7301591\",\"name\":\"Igor Maciel\",\"image\":{\"@type\":\"ImageObject\",\"inLanguage\":\"pt-BR\",\"@id\":\"https:\/\/secure.gravatar.com\/avatar\/e983a676af6facf4aebcb2989d49e3bf61b718712d5e7a4b3f355b7fe651bc2f?s=96&d=mm&r=g\",\"url\":\"https:\/\/secure.gravatar.com\/avatar\/e983a676af6facf4aebcb2989d49e3bf61b718712d5e7a4b3f355b7fe651bc2f?s=96&d=mm&r=g\",\"contentUrl\":\"https:\/\/secure.gravatar.com\/avatar\/e983a676af6facf4aebcb2989d49e3bf61b718712d5e7a4b3f355b7fe651bc2f?s=96&d=mm&r=g\",\"caption\":\"Igor Maciel\"},\"description\":\"Graduado na Universidade Federal de Pernambuco, com extens\u00e3o na Universidade de Coimbra\/Portugal. Especialista LLM em Direito Corporativo pelo IBMEC\/RJ. Mestrando em Direito e Pol\u00edticas P\u00fablicas pelo UNICEUB\/DF. Advogado com atua\u00e7\u00e3o profissional centrada no Direito Tribut\u00e1rio e no Direito Administrativo, especialmente na defesa de servidores p\u00fablicos.\",\"sameAs\":[\"http:\/\/www.imaciel.com.br\",\"https:\/\/www.facebook.com\/igor.maciel.1420\"],\"url\":\"https:\/\/www.estrategiaconcursos.com.br\/blog\/author\/contatoimaciel-com-br\/\"}]}<\/script>\n<!-- \/ Yoast SEO Premium plugin. -->","yoast_head_json":{"title":"Gabarito TJRJ - Direito do Consumidor - Coment\u00e1rios","description":"Coment\u00e1rios \u00e0 prova de direito do consumidor do concurso de juiz do TJRJ realizada no \u00faltimo dia 15\/12.","robots":{"index":"index","follow":"follow","max-snippet":"max-snippet:-1","max-image-preview":"max-image-preview:large","max-video-preview":"max-video-preview:-1"},"canonical":"https:\/\/www.estrategiaconcursos.com.br\/blog\/gabarito-tjrj-direito-do-consumidor-comentarios\/","og_locale":"pt_BR","og_type":"article","og_title":"Gabarito TJRJ - Direito do Consumidor - Coment\u00e1rios","og_description":"Coment\u00e1rios \u00e0 prova de direito do consumidor do concurso de juiz do TJRJ realizada no \u00faltimo dia 15\/12.","og_url":"https:\/\/www.estrategiaconcursos.com.br\/blog\/gabarito-tjrj-direito-do-consumidor-comentarios\/","og_site_name":"Estrat\u00e9gia Concursos","article_author":"https:\/\/www.facebook.com\/igor.maciel.1420","article_published_time":"2019-12-17T15:47:32+00:00","article_modified_time":"2019-12-17T15:47:36+00:00","author":"Igor Maciel","twitter_card":"summary_large_image","twitter_creator":"@EstratConcursos","twitter_site":"@EstratConcursos","twitter_misc":{"Escrito por":"Igor Maciel","Est. tempo de leitura":"8 minutos"},"schema":{"@context":"https:\/\/schema.org","@graph":[{"@type":"NewsArticle","@id":"https:\/\/www.estrategiaconcursos.com.br\/blog\/gabarito-tjrj-direito-do-consumidor-comentarios\/#article","isPartOf":{"@id":"https:\/\/www.estrategiaconcursos.com.br\/blog\/gabarito-tjrj-direito-do-consumidor-comentarios\/"},"author":{"name":"Igor Maciel","@id":"https:\/\/www.estrategiaconcursos.com.br\/blog\/#\/schema\/person\/024d26d5efb06d95dfc04025d7301591"},"headline":"Gabarito TJRJ &#8211; Direito do Consumidor &#8211; Coment\u00e1rios","datePublished":"2019-12-17T15:47:32+00:00","dateModified":"2019-12-17T15:47:36+00:00","mainEntityOfPage":{"@id":"https:\/\/www.estrategiaconcursos.com.br\/blog\/gabarito-tjrj-direito-do-consumidor-comentarios\/"},"wordCount":1597,"commentCount":0,"publisher":{"@id":"https:\/\/www.estrategiaconcursos.com.br\/blog\/#organization"},"articleSection":["Concursos P\u00fablicos"],"inLanguage":"pt-BR","potentialAction":[{"@type":"CommentAction","name":"Comment","target":["https:\/\/www.estrategiaconcursos.com.br\/blog\/gabarito-tjrj-direito-do-consumidor-comentarios\/#respond"]}],"copyrightYear":"2019","copyrightHolder":{"@id":"https:\/\/www.estrategiaconcursos.com.br\/blog\/#organization"}},{"@type":"WebPage","@id":"https:\/\/www.estrategiaconcursos.com.br\/blog\/gabarito-tjrj-direito-do-consumidor-comentarios\/","url":"https:\/\/www.estrategiaconcursos.com.br\/blog\/gabarito-tjrj-direito-do-consumidor-comentarios\/","name":"Gabarito TJRJ - Direito do Consumidor - Coment\u00e1rios","isPartOf":{"@id":"https:\/\/www.estrategiaconcursos.com.br\/blog\/#website"},"datePublished":"2019-12-17T15:47:32+00:00","dateModified":"2019-12-17T15:47:36+00:00","description":"Coment\u00e1rios \u00e0 prova de direito do consumidor do concurso de juiz do TJRJ realizada no \u00faltimo dia 15\/12.","breadcrumb":{"@id":"https:\/\/www.estrategiaconcursos.com.br\/blog\/gabarito-tjrj-direito-do-consumidor-comentarios\/#breadcrumb"},"inLanguage":"pt-BR","potentialAction":[{"@type":"ReadAction","target":["https:\/\/www.estrategiaconcursos.com.br\/blog\/gabarito-tjrj-direito-do-consumidor-comentarios\/"]}]},{"@type":"BreadcrumbList","@id":"https:\/\/www.estrategiaconcursos.com.br\/blog\/gabarito-tjrj-direito-do-consumidor-comentarios\/#breadcrumb","itemListElement":[{"@type":"ListItem","position":1,"name":"In\u00edcio","item":"https:\/\/www.estrategiaconcursos.com.br\/blog\/"},{"@type":"ListItem","position":2,"name":"Gabarito TJRJ &#8211; Direito do Consumidor &#8211; Coment\u00e1rios"}]},{"@type":"WebSite","@id":"https:\/\/www.estrategiaconcursos.com.br\/blog\/#website","url":"https:\/\/www.estrategiaconcursos.com.br\/blog\/","name":"Estrat\u00e9gia Concursos","description":"O blog da Estrat\u00e9gia Concursos traz not\u00edcias sobre concursos e artigos de professores oferecendo cursos para concursos (pdf + videaulas) no site.","publisher":{"@id":"https:\/\/www.estrategiaconcursos.com.br\/blog\/#organization"},"potentialAction":[{"@type":"SearchAction","target":{"@type":"EntryPoint","urlTemplate":"https:\/\/www.estrategiaconcursos.com.br\/blog\/?s={search_term_string}"},"query-input":{"@type":"PropertyValueSpecification","valueRequired":true,"valueName":"search_term_string"}}],"inLanguage":"pt-BR"},{"@type":"Organization","@id":"https:\/\/www.estrategiaconcursos.com.br\/blog\/#organization","name":"Estrat\u00e9gia Concursos","url":"https:\/\/www.estrategiaconcursos.com.br\/blog\/","logo":{"@type":"ImageObject","inLanguage":"pt-BR","@id":"https:\/\/www.estrategiaconcursos.com.br\/blog\/#\/schema\/logo\/image\/","url":"https:\/\/dhg1h5j42swfq.cloudfront.net\/2025\/06\/03203428\/logo_concursos-1.jpg","contentUrl":"https:\/\/dhg1h5j42swfq.cloudfront.net\/2025\/06\/03203428\/logo_concursos-1.jpg","width":230,"height":60,"caption":"Estrat\u00e9gia Concursos"},"image":{"@id":"https:\/\/www.estrategiaconcursos.com.br\/blog\/#\/schema\/logo\/image\/"},"sameAs":["https:\/\/x.com\/EstratConcursos"]},{"@type":"Person","@id":"https:\/\/www.estrategiaconcursos.com.br\/blog\/#\/schema\/person\/024d26d5efb06d95dfc04025d7301591","name":"Igor Maciel","image":{"@type":"ImageObject","inLanguage":"pt-BR","@id":"https:\/\/secure.gravatar.com\/avatar\/e983a676af6facf4aebcb2989d49e3bf61b718712d5e7a4b3f355b7fe651bc2f?s=96&d=mm&r=g","url":"https:\/\/secure.gravatar.com\/avatar\/e983a676af6facf4aebcb2989d49e3bf61b718712d5e7a4b3f355b7fe651bc2f?s=96&d=mm&r=g","contentUrl":"https:\/\/secure.gravatar.com\/avatar\/e983a676af6facf4aebcb2989d49e3bf61b718712d5e7a4b3f355b7fe651bc2f?s=96&d=mm&r=g","caption":"Igor Maciel"},"description":"Graduado na Universidade Federal de Pernambuco, com extens\u00e3o na Universidade de Coimbra\/Portugal. Especialista LLM em Direito Corporativo pelo IBMEC\/RJ. Mestrando em Direito e Pol\u00edticas P\u00fablicas pelo UNICEUB\/DF. Advogado com atua\u00e7\u00e3o profissional centrada no Direito Tribut\u00e1rio e no Direito Administrativo, especialmente na defesa de servidores p\u00fablicos.","sameAs":["http:\/\/www.imaciel.com.br","https:\/\/www.facebook.com\/igor.maciel.1420"],"url":"https:\/\/www.estrategiaconcursos.com.br\/blog\/author\/contatoimaciel-com-br\/"}]}},"_links":{"self":[{"href":"https:\/\/www.estrategiaconcursos.com.br\/blog\/wp-json\/wp\/v2\/posts\/461308","targetHints":{"allow":["GET"]}}],"collection":[{"href":"https:\/\/www.estrategiaconcursos.com.br\/blog\/wp-json\/wp\/v2\/posts"}],"about":[{"href":"https:\/\/www.estrategiaconcursos.com.br\/blog\/wp-json\/wp\/v2\/types\/post"}],"author":[{"embeddable":true,"href":"https:\/\/www.estrategiaconcursos.com.br\/blog\/wp-json\/wp\/v2\/users\/317"}],"replies":[{"embeddable":true,"href":"https:\/\/www.estrategiaconcursos.com.br\/blog\/wp-json\/wp\/v2\/comments?post=461308"}],"version-history":[{"count":2,"href":"https:\/\/www.estrategiaconcursos.com.br\/blog\/wp-json\/wp\/v2\/posts\/461308\/revisions"}],"predecessor-version":[{"id":461364,"href":"https:\/\/www.estrategiaconcursos.com.br\/blog\/wp-json\/wp\/v2\/posts\/461308\/revisions\/461364"}],"wp:attachment":[{"href":"https:\/\/www.estrategiaconcursos.com.br\/blog\/wp-json\/wp\/v2\/media?parent=461308"}],"wp:term":[{"taxonomy":"category","embeddable":true,"href":"https:\/\/www.estrategiaconcursos.com.br\/blog\/wp-json\/wp\/v2\/categories?post=461308"},{"taxonomy":"post_tag","embeddable":true,"href":"https:\/\/www.estrategiaconcursos.com.br\/blog\/wp-json\/wp\/v2\/tags?post=461308"},{"taxonomy":"tax_estado","embeddable":true,"href":"https:\/\/www.estrategiaconcursos.com.br\/blog\/wp-json\/wp\/v2\/tax_estado?post=461308"}],"curies":[{"name":"wp","href":"https:\/\/api.w.org\/{rel}","templated":true}]}}