{"id":461266,"date":"2019-12-17T14:00:40","date_gmt":"2019-12-17T17:00:40","guid":{"rendered":"https:\/\/www.estrategiaconcursos.com.br\/blog\/?p=461266"},"modified":"2019-12-17T14:50:38","modified_gmt":"2019-12-17T17:50:38","slug":"edital-da-camara-de-goiania","status":"publish","type":"post","link":"https:\/\/www.estrategiaconcursos.com.br\/blog\/edital-da-camara-de-goiania\/","title":{"rendered":"Edital C\u00e2mara de Goi\u00e2nia:  concurso oferta vagas para PCD; sal\u00e1rio ultrapassa 7 mil"},"content":{"rendered":"\n<p>Foi publicado no \u00faltimo s\u00e1bado, 14 de dezembro, o edital do concurso da C\u00e2mara Municipal Goi\u00e2nia, que est\u00e1 localizada em Goi\u00e1s. O certame oferta 5 vagas exclusivas para pessoas com defici\u00eancia (PCD).<\/p>\n\n\n\n<h2 class=\"wp-block-heading\">Principais informa\u00e7\u00f5es do edital C\u00e2mara de Goi\u00e2nia<\/h2>\n\n\n\n<p>Para concorrer a uma vaga, o candidato deve se inscrever no site da banca organizadora, o Centro de Sele\u00e7\u00e3o da Universidade Federal de Goi\u00e1s (UFG) entre os dias <strong>14 a 29 de janeiro<\/strong>.<\/p>\n\n\n\n<p>Os candidatos que quiserem solicitar a isen\u00e7\u00e3o da inscri\u00e7\u00e3o, deveria requerer atrav\u00e9s do site da UFG, do dia 14 a 16 de dezembro. J\u00e1 a prova est\u00e1 agendada para o<strong> dia 16 de fevereiro<\/strong>.<\/p>\n\n\n\n<h3 class=\"wp-block-heading\">Webn\u00e1rio: An\u00e1lise de Edital<\/h3>\n\n\n\n<p>N\u00e3o perca nesta ter\u00e7a-feira, 17 de novembro, nossa aula sobre o edital da C\u00e2mara de Goi\u00e2nia, tire todas as suas d\u00favidas! Acontece \u00e0s 19:30 com o professor Vinicius Silva. Confira abaixo:<\/p>\n\n\n<figure class=\"wp-block-embed-youtube wp-block-embed is-type-video is-provider-youtube wp-embed-aspect-16-9 wp-has-aspect-ratio lyte-align aligncenter\"><div class=\"lyte-wrapper\" style=\"width:853px;max-width:100%;margin:5px;\"><div class=\"lyMe\" id=\"WYL_ciXIU2NAjWc\"><div id=\"lyte_ciXIU2NAjWc\" data-src=\"\/\/i.ytimg.com\/vi\/ciXIU2NAjWc\/hqdefault.jpg\" class=\"pL\"><div class=\"tC\"><div class=\"tT\"><\/div><\/div><div class=\"play\"><\/div><div class=\"ctrl\"><div class=\"Lctrl\"><\/div><div class=\"Rctrl\"><\/div><\/div><\/div><noscript><a href=\"https:\/\/youtu.be\/ciXIU2NAjWc\" rel=\"nofollow\"><img loading=\"lazy\" decoding=\"async\" src=\"https:\/\/i.ytimg.com\/vi\/ciXIU2NAjWc\/0.jpg\" alt=\"YouTube video thumbnail\" width=\"853\" height=\"460\" \/><br \/>Assista a este v\u00eddeo no YouTube<\/a><\/noscript><\/div><\/div><div class=\"lL\" style=\"max-width:100%;width:853px;margin:5px;\"><\/div><figcaption><\/figcaption><\/figure>\n\n\n<p style=\"font-size:22px\"><strong>Principais Datas<\/strong><\/p>\n\n\n\n<p class=\"has-background has-very-light-gray-background-color\"><strong><em>Inscri\u00e7\u00e3o: <\/em><\/strong><em> 14 a 29 de janeiro <\/em><strong><em><br \/>Isen\u00e7\u00e3o de Pagamento: <\/em><\/strong><em>14 a 16 de dezembro <\/em><strong><em><br \/>Data da prova:<\/em><\/strong><em>  16 de fevereiro <\/em><\/p>\n\n\n\n<h2 class=\"wp-block-heading\">Cargos, Vagas e Remunera\u00e7\u00e3o do edital da C\u00e2mara de Goi\u00e2nia<\/h2>\n\n\n\n<p>O concurso da C\u00e2mara de Goi\u00e2nia oferta 5 vagas exclusiva para Pessoas Com Defici\u00eancia. Confira abaixo os detalhes dos cargos, vagas e remunera\u00e7\u00e3o:<\/p>\n\n\n\n<h3 class=\"wp-block-heading\">N\u00edvel Superior<\/h3>\n\n\n\n<ul class=\"wp-block-list\"><li> <em>Assessor T\u00e9cnico Legislativo \u2013 Analista de Sistemas <\/em><\/li><li><em> Assessor T\u00e9cnico Legislativo \u2013 Assessor Geral <\/em><\/li><li><em> Assessor T\u00e9cnico Legislativo \u2013 Contador <\/em><\/li><li><em> Assessor T\u00e9cnico Legislativo \u2013 Revisor de Texto <\/em><\/li><li><em> Procurador Jur\u00eddico Legislativo <\/em><\/li><\/ul>\n\n\n\n<p> A carga hor\u00e1ria semanal ser\u00e1 de 30 horas ou em conformidade com a lei espec\u00edfica para o cargo. <\/p>\n\n\n\n<p> A remunera\u00e7\u00e3o ser\u00e1 equivalente ao padr\u00e3o de vencimento do n\u00edvel inicial vigente e de acordo com a Lei n\u00ba 10.137, de 21 de mar\u00e7o de 2018, que \u00e9 de <strong>R$ 7.246,71<\/strong> (sete mil, duzentos e quarenta e seis reais e setenta e um centavos &#8211; reajustado pela Lei n\u00ba 10.359, de 19 de junho de 2019) para os cargos de N\u00edvel de Escolaridade Superior .<\/p>\n\n\n\n<h2 class=\"wp-block-heading\" id=\"etapas\">Etapas do edital da C\u00e2mara de Goi\u00e2nia <\/h2>\n\n\n\n<p>O concurso da C\u00e2mara de Goi\u00e2nia ter\u00e1 as seguintes etapas: Prova Objetiva, Prova Pr\u00e1tica e Prova Discursiva (para o cargo de Procurador Jur\u00eddico Legislativo.<\/p>\n\n\n\n<p style=\"font-size:22px\"><strong>Prova Objetiva<\/strong><\/p>\n\n\n\n<p> A Prova Objetiva, de car\u00e1ter eliminat\u00f3rio e classificat\u00f3rio, ter\u00e1 peso 1, ser\u00e1 constitu\u00edda de 60  quest\u00f5es do tipo m\u00faltipla escolha, com 4 alternativas  das quais apenas uma \u00e9 correta.<\/p>\n\n\n\n<p>Confira abaixo o quadro completo de prova com as disciplinas e quest\u00f5es:<\/p>\n\n\n\n<figure class=\"wp-block-image\"><img loading=\"lazy\" decoding=\"async\" width=\"703\" height=\"253\" src=\"https:\/\/dhg1h5j42swfq.cloudfront.net\/2019\/12\/17140017\/image89.png\" alt=\"\" class=\"wp-image-461427\" srcset=\"https:\/\/dhg1h5j42swfq.cloudfront.net\/2019\/12\/17140017\/image89.png 703w, https:\/\/dhg1h5j42swfq.cloudfront.net\/2019\/12\/17140017\/image89.png 300w, https:\/\/dhg1h5j42swfq.cloudfront.net\/2019\/12\/17140017\/image89.png 610w\" sizes=\"auto, (max-width: 703px) 100vw, 703px\" \/><\/figure>\n\n\n\n<h3 class=\"wp-block-heading\"> Prova Pr\u00e1tica e Prova Discursiva  <\/h3>\n\n\n\n<p> A Prova Pr\u00e1tica e a Prova Discursiva ser\u00e3o realizadas no mesmo dia, conforme data prevista no Cronograma da Etapa Complementar e ter\u00e1 dura\u00e7\u00e3o total de 4 horas. <\/p>\n\n\n\n<p> Ser\u00e3o convocados para a realiza\u00e7\u00e3o da Prova Pr\u00e1tica e Discursiva os 50 candidatos melhores classificados na Prova Objetiva. <\/p>\n\n\n\n<p> A Prova Pr\u00e1tica e a Prova Discursiva s\u00e3o de car\u00e1ter eliminat\u00f3rio e classificat\u00f3rio. A Prova Pr\u00e1tica valer\u00e1 de 0 a 40 pontos, e a Prova Discursiva valer\u00e1 de 0  a 20 pontos. A Prova Pr\u00e1tica ter\u00e1 peso 4 e a Prova Discursiva ter\u00e1 peso 3. <\/p>\n\n\n\n<p> Ser\u00e3o eliminados do certame os candidatos que n\u00e3o obtiverem pelo menos 50% de aproveitamento na Prova Pr\u00e1tica e na Prova Discursiva. <\/p>\n\n\n\n<p> A Prova Pr\u00e1tica ser\u00e1 composta por 1 pe\u00e7a processual ou parecer e a Prova Discursiva ser\u00e1  12 composta por 3 quest\u00f5es de conhecimento te\u00f3rico. <\/p>\n\n\n\n<figure class=\"wp-block-image\"><img decoding=\"async\" src=\"https:\/\/dhg1h5j42swfq.cloudfront.net\/2017\/03\/28152500\/coruja-ficha-tecnica-300x102.png\" alt=\"Ficha T\u00e9cnica Concurso prefeitura de queimados\"\/><\/figure>\n\n\n\n<h4 class=\"wp-block-heading\" id=\"ficha-tecnica\"><strong>Informa\u00e7\u00f5es do&nbsp;<\/strong>Concurso C\u00e2mara de Goi\u00e2nia<\/h4>\n\n\n\n<p>\u25ba<strong>Data prevista:&nbsp;<\/strong> 14 a 29 de janeiro <strong><br \/>\u25baVagas:&nbsp;<\/strong>5 vagas<strong><br \/>\u25baLota\u00e7\u00f5es:&nbsp;<\/strong>Goi\u00e2nia (GO)<strong><br \/>\u25baBanca:&nbsp;<\/strong>UFG <br \/><strong>\u25baEscolaridade:<\/strong>&nbsp;N\u00edvel superior<br \/><strong>\u25baEdital 2019:&nbsp;<\/strong><a href=\"https:\/\/dhg1h5j42swfq.cloudfront.net\/2019\/12\/17134654\/EDITAL_ABERTURA_CONCURSO_CAMARA_PCD.pdf\">Edital n\u00edvel superior&nbsp;<\/a><\/p>\n\n\n\n<p> <\/p>\n","protected":false},"excerpt":{"rendered":"<p>Foi publicado no \u00faltimo s\u00e1bado, 14 de dezembro, o edital do concurso da C\u00e2mara Municipal Goi\u00e2nia, que est\u00e1 localizada em Goi\u00e1s. O certame oferta 5 vagas exclusivas para pessoas com defici\u00eancia (PCD). Principais informa\u00e7\u00f5es do edital C\u00e2mara de Goi\u00e2nia Para concorrer a uma vaga, o candidato deve se inscrever no site da banca organizadora, o [&hellip;]<\/p>\n","protected":false},"author":306,"featured_media":0,"comment_status":"open","ping_status":"closed","sticky":false,"template":"","format":"standard","meta":{"post_tipo":"article","footnotes":""},"categories":[1],"tags":[],"tax_estado":[],"class_list":["post-461266","post","type-post","status-publish","format-standard","hentry","category-cursos-e-concursos"],"acf":[],"yoast_head":"<!-- This site is optimized with the Yoast SEO Premium plugin v27.2 (Yoast SEO v27.2) - https:\/\/yoast.com\/product\/yoast-seo-premium-wordpress\/ -->\n<title>Edital C\u00e2mara de Goi\u00e2nia: concurso oferta vagas para PCD; sal\u00e1rio ultrapassa 7 mil<\/title>\n<meta name=\"robots\" content=\"index, follow, max-snippet:-1, max-image-preview:large, max-video-preview:-1\" \/>\n<link rel=\"canonical\" href=\"https:\/\/www.estrategiaconcursos.com.br\/blog\/edital-da-camara-de-goiania\/\" \/>\n<meta property=\"og:locale\" content=\"pt_BR\" \/>\n<meta property=\"og:type\" content=\"article\" \/>\n<meta property=\"og:title\" content=\"Edital C\u00e2mara de Goi\u00e2nia: concurso oferta vagas para PCD; sal\u00e1rio ultrapassa 7 mil\" \/>\n<meta property=\"og:description\" content=\"Foi publicado no \u00faltimo s\u00e1bado, 14 de dezembro, o edital do concurso da C\u00e2mara Municipal Goi\u00e2nia, que est\u00e1 localizada em Goi\u00e1s. O certame oferta 5 vagas exclusivas para pessoas com defici\u00eancia (PCD). Principais informa\u00e7\u00f5es do edital C\u00e2mara de Goi\u00e2nia Para concorrer a uma vaga, o candidato deve se inscrever no site da banca organizadora, o [&hellip;]\" \/>\n<meta property=\"og:url\" content=\"https:\/\/www.estrategiaconcursos.com.br\/blog\/edital-da-camara-de-goiania\/\" \/>\n<meta property=\"og:site_name\" content=\"Estrat\u00e9gia Concursos\" \/>\n<meta property=\"article:author\" content=\"https:\/\/www.facebook.com\/leandrosignoriatualidades\/\" \/>\n<meta property=\"article:published_time\" content=\"2019-12-17T17:00:40+00:00\" \/>\n<meta property=\"article:modified_time\" content=\"2019-12-17T17:50:38+00:00\" \/>\n<meta property=\"og:image\" content=\"https:\/\/www.estrategiaconcursos.com.br\/blog\/wp-content\/uploads\/2019\/12\/image89.png\" \/>\n<meta name=\"author\" content=\"Leandro Signori\" \/>\n<meta name=\"twitter:card\" content=\"summary_large_image\" \/>\n<meta name=\"twitter:creator\" content=\"@EstratConcursos\" \/>\n<meta name=\"twitter:site\" content=\"@EstratConcursos\" \/>\n<meta name=\"twitter:label1\" content=\"Escrito por\" \/>\n\t<meta name=\"twitter:data1\" content=\"Leandro Signori\" \/>\n\t<meta name=\"twitter:label2\" content=\"Est. tempo de leitura\" \/>\n\t<meta name=\"twitter:data2\" content=\"3 minutos\" \/>\n<script type=\"application\/ld+json\" class=\"yoast-schema-graph\">{\"@context\":\"https:\/\/schema.org\",\"@graph\":[{\"@type\":\"NewsArticle\",\"@id\":\"https:\/\/www.estrategiaconcursos.com.br\/blog\/edital-da-camara-de-goiania\/#article\",\"isPartOf\":{\"@id\":\"https:\/\/www.estrategiaconcursos.com.br\/blog\/edital-da-camara-de-goiania\/\"},\"author\":{\"name\":\"Leandro Signori\",\"@id\":\"https:\/\/www.estrategiaconcursos.com.br\/blog\/#\/schema\/person\/d2e7d78de4b9d6ba51cc24fd558a7f42\"},\"headline\":\"Edital C\u00e2mara de Goi\u00e2nia: concurso oferta vagas para PCD; sal\u00e1rio ultrapassa 7 mil\",\"datePublished\":\"2019-12-17T17:00:40+00:00\",\"dateModified\":\"2019-12-17T17:50:38+00:00\",\"mainEntityOfPage\":{\"@id\":\"https:\/\/www.estrategiaconcursos.com.br\/blog\/edital-da-camara-de-goiania\/\"},\"wordCount\":617,\"commentCount\":0,\"publisher\":{\"@id\":\"https:\/\/www.estrategiaconcursos.com.br\/blog\/#organization\"},\"image\":{\"@id\":\"https:\/\/www.estrategiaconcursos.com.br\/blog\/edital-da-camara-de-goiania\/#primaryimage\"},\"thumbnailUrl\":\"https:\/\/www.estrategiaconcursos.com.br\/blog\/wp-content\/uploads\/2019\/12\/image89.png\",\"articleSection\":[\"Concursos P\u00fablicos\"],\"inLanguage\":\"pt-BR\",\"potentialAction\":[{\"@type\":\"CommentAction\",\"name\":\"Comment\",\"target\":[\"https:\/\/www.estrategiaconcursos.com.br\/blog\/edital-da-camara-de-goiania\/#respond\"]}],\"copyrightYear\":\"2019\",\"copyrightHolder\":{\"@id\":\"https:\/\/www.estrategiaconcursos.com.br\/blog\/#organization\"}},{\"@type\":\"WebPage\",\"@id\":\"https:\/\/www.estrategiaconcursos.com.br\/blog\/edital-da-camara-de-goiania\/\",\"url\":\"https:\/\/www.estrategiaconcursos.com.br\/blog\/edital-da-camara-de-goiania\/\",\"name\":\"Edital C\u00e2mara de Goi\u00e2nia: concurso oferta vagas para PCD; sal\u00e1rio ultrapassa 7 mil\",\"isPartOf\":{\"@id\":\"https:\/\/www.estrategiaconcursos.com.br\/blog\/#website\"},\"primaryImageOfPage\":{\"@id\":\"https:\/\/www.estrategiaconcursos.com.br\/blog\/edital-da-camara-de-goiania\/#primaryimage\"},\"image\":{\"@id\":\"https:\/\/www.estrategiaconcursos.com.br\/blog\/edital-da-camara-de-goiania\/#primaryimage\"},\"thumbnailUrl\":\"https:\/\/www.estrategiaconcursos.com.br\/blog\/wp-content\/uploads\/2019\/12\/image89.png\",\"datePublished\":\"2019-12-17T17:00:40+00:00\",\"dateModified\":\"2019-12-17T17:50:38+00:00\",\"breadcrumb\":{\"@id\":\"https:\/\/www.estrategiaconcursos.com.br\/blog\/edital-da-camara-de-goiania\/#breadcrumb\"},\"inLanguage\":\"pt-BR\",\"potentialAction\":[{\"@type\":\"ReadAction\",\"target\":[\"https:\/\/www.estrategiaconcursos.com.br\/blog\/edital-da-camara-de-goiania\/\"]}]},{\"@type\":\"ImageObject\",\"inLanguage\":\"pt-BR\",\"@id\":\"https:\/\/www.estrategiaconcursos.com.br\/blog\/edital-da-camara-de-goiania\/#primaryimage\",\"url\":\"https:\/\/dhg1h5j42swfq.cloudfront.net\/2019\/12\/17140017\/image89.png\",\"contentUrl\":\"https:\/\/dhg1h5j42swfq.cloudfront.net\/2019\/12\/17140017\/image89.png\",\"width\":703,\"height\":253},{\"@type\":\"BreadcrumbList\",\"@id\":\"https:\/\/www.estrategiaconcursos.com.br\/blog\/edital-da-camara-de-goiania\/#breadcrumb\",\"itemListElement\":[{\"@type\":\"ListItem\",\"position\":1,\"name\":\"In\u00edcio\",\"item\":\"https:\/\/www.estrategiaconcursos.com.br\/blog\/\"},{\"@type\":\"ListItem\",\"position\":2,\"name\":\"Edital C\u00e2mara de Goi\u00e2nia: concurso oferta vagas para PCD; sal\u00e1rio ultrapassa 7 mil\"}]},{\"@type\":\"WebSite\",\"@id\":\"https:\/\/www.estrategiaconcursos.com.br\/blog\/#website\",\"url\":\"https:\/\/www.estrategiaconcursos.com.br\/blog\/\",\"name\":\"Estrat\u00e9gia Concursos\",\"description\":\"O blog da Estrat\u00e9gia Concursos traz not\u00edcias sobre concursos e artigos de professores oferecendo cursos para concursos (pdf + videaulas) no site.\",\"publisher\":{\"@id\":\"https:\/\/www.estrategiaconcursos.com.br\/blog\/#organization\"},\"potentialAction\":[{\"@type\":\"SearchAction\",\"target\":{\"@type\":\"EntryPoint\",\"urlTemplate\":\"https:\/\/www.estrategiaconcursos.com.br\/blog\/?s={search_term_string}\"},\"query-input\":{\"@type\":\"PropertyValueSpecification\",\"valueRequired\":true,\"valueName\":\"search_term_string\"}}],\"inLanguage\":\"pt-BR\"},{\"@type\":\"Organization\",\"@id\":\"https:\/\/www.estrategiaconcursos.com.br\/blog\/#organization\",\"name\":\"Estrat\u00e9gia Concursos\",\"url\":\"https:\/\/www.estrategiaconcursos.com.br\/blog\/\",\"logo\":{\"@type\":\"ImageObject\",\"inLanguage\":\"pt-BR\",\"@id\":\"https:\/\/www.estrategiaconcursos.com.br\/blog\/#\/schema\/logo\/image\/\",\"url\":\"https:\/\/dhg1h5j42swfq.cloudfront.net\/2025\/06\/03203428\/logo_concursos-1.jpg\",\"contentUrl\":\"https:\/\/dhg1h5j42swfq.cloudfront.net\/2025\/06\/03203428\/logo_concursos-1.jpg\",\"width\":230,\"height\":60,\"caption\":\"Estrat\u00e9gia Concursos\"},\"image\":{\"@id\":\"https:\/\/www.estrategiaconcursos.com.br\/blog\/#\/schema\/logo\/image\/\"},\"sameAs\":[\"https:\/\/x.com\/EstratConcursos\"]},{\"@type\":\"Person\",\"@id\":\"https:\/\/www.estrategiaconcursos.com.br\/blog\/#\/schema\/person\/d2e7d78de4b9d6ba51cc24fd558a7f42\",\"name\":\"Leandro Signori\",\"image\":{\"@type\":\"ImageObject\",\"inLanguage\":\"pt-BR\",\"@id\":\"https:\/\/secure.gravatar.com\/avatar\/aa2ef98e93764dcf1758f52d2792d4b3e4089ee25bc520608dde62ad802ae541?s=96&d=mm&r=g\",\"url\":\"https:\/\/secure.gravatar.com\/avatar\/aa2ef98e93764dcf1758f52d2792d4b3e4089ee25bc520608dde62ad802ae541?s=96&d=mm&r=g\",\"contentUrl\":\"https:\/\/secure.gravatar.com\/avatar\/aa2ef98e93764dcf1758f52d2792d4b3e4089ee25bc520608dde62ad802ae541?s=96&d=mm&r=g\",\"caption\":\"Leandro Signori\"},\"description\":\"Licenciado em Geografia pela Universidade Federal do Rio Grande do Sul (UFRGS) e Bacharel em Geografia pela Uniceub (Bras\u00edlia). Como servidor p\u00fablico, foi funcion\u00e1rio da Prefeitura de S\u00e3o Leopoldo (RS), Prefeitura de Porto Alegre (RS), Companhia Riograndense de Saneamento (Corsan) e Minist\u00e9rio da Integra\u00e7\u00e3o Nacional. \u00c9 professor de Geografia para o ensino m\u00e9dio na rede particular de ensino. Leciona as disciplinas de Atualidades, Conhecimentos Gerais, Geografia, Realidade Brasileira e Hist\u00f3ria, em cursos on line e presenciais preparat\u00f3rios para concursos p\u00fablicos.\",\"sameAs\":[\"https:\/\/www.facebook.com\/leandrosignoriatualidades\/\"],\"url\":\"https:\/\/www.estrategiaconcursos.com.br\/blog\/author\/leandroestrategiaconcursos-com-br\/\"}]}<\/script>\n<!-- \/ Yoast SEO Premium plugin. -->","yoast_head_json":{"title":"Edital C\u00e2mara de Goi\u00e2nia: concurso oferta vagas para PCD; sal\u00e1rio ultrapassa 7 mil","robots":{"index":"index","follow":"follow","max-snippet":"max-snippet:-1","max-image-preview":"max-image-preview:large","max-video-preview":"max-video-preview:-1"},"canonical":"https:\/\/www.estrategiaconcursos.com.br\/blog\/edital-da-camara-de-goiania\/","og_locale":"pt_BR","og_type":"article","og_title":"Edital C\u00e2mara de Goi\u00e2nia: concurso oferta vagas para PCD; sal\u00e1rio ultrapassa 7 mil","og_description":"Foi publicado no \u00faltimo s\u00e1bado, 14 de dezembro, o edital do concurso da C\u00e2mara Municipal Goi\u00e2nia, que est\u00e1 localizada em Goi\u00e1s. O certame oferta 5 vagas exclusivas para pessoas com defici\u00eancia (PCD). Principais informa\u00e7\u00f5es do edital C\u00e2mara de Goi\u00e2nia Para concorrer a uma vaga, o candidato deve se inscrever no site da banca organizadora, o [&hellip;]","og_url":"https:\/\/www.estrategiaconcursos.com.br\/blog\/edital-da-camara-de-goiania\/","og_site_name":"Estrat\u00e9gia Concursos","article_author":"https:\/\/www.facebook.com\/leandrosignoriatualidades\/","article_published_time":"2019-12-17T17:00:40+00:00","article_modified_time":"2019-12-17T17:50:38+00:00","og_image":[{"url":"https:\/\/www.estrategiaconcursos.com.br\/blog\/wp-content\/uploads\/2019\/12\/image89.png","type":"","width":"","height":""}],"author":"Leandro Signori","twitter_card":"summary_large_image","twitter_creator":"@EstratConcursos","twitter_site":"@EstratConcursos","twitter_misc":{"Escrito por":"Leandro Signori","Est. tempo de leitura":"3 minutos"},"schema":{"@context":"https:\/\/schema.org","@graph":[{"@type":"NewsArticle","@id":"https:\/\/www.estrategiaconcursos.com.br\/blog\/edital-da-camara-de-goiania\/#article","isPartOf":{"@id":"https:\/\/www.estrategiaconcursos.com.br\/blog\/edital-da-camara-de-goiania\/"},"author":{"name":"Leandro Signori","@id":"https:\/\/www.estrategiaconcursos.com.br\/blog\/#\/schema\/person\/d2e7d78de4b9d6ba51cc24fd558a7f42"},"headline":"Edital C\u00e2mara de Goi\u00e2nia: concurso oferta vagas para PCD; sal\u00e1rio ultrapassa 7 mil","datePublished":"2019-12-17T17:00:40+00:00","dateModified":"2019-12-17T17:50:38+00:00","mainEntityOfPage":{"@id":"https:\/\/www.estrategiaconcursos.com.br\/blog\/edital-da-camara-de-goiania\/"},"wordCount":617,"commentCount":0,"publisher":{"@id":"https:\/\/www.estrategiaconcursos.com.br\/blog\/#organization"},"image":{"@id":"https:\/\/www.estrategiaconcursos.com.br\/blog\/edital-da-camara-de-goiania\/#primaryimage"},"thumbnailUrl":"https:\/\/www.estrategiaconcursos.com.br\/blog\/wp-content\/uploads\/2019\/12\/image89.png","articleSection":["Concursos P\u00fablicos"],"inLanguage":"pt-BR","potentialAction":[{"@type":"CommentAction","name":"Comment","target":["https:\/\/www.estrategiaconcursos.com.br\/blog\/edital-da-camara-de-goiania\/#respond"]}],"copyrightYear":"2019","copyrightHolder":{"@id":"https:\/\/www.estrategiaconcursos.com.br\/blog\/#organization"}},{"@type":"WebPage","@id":"https:\/\/www.estrategiaconcursos.com.br\/blog\/edital-da-camara-de-goiania\/","url":"https:\/\/www.estrategiaconcursos.com.br\/blog\/edital-da-camara-de-goiania\/","name":"Edital C\u00e2mara de Goi\u00e2nia: concurso oferta vagas para PCD; sal\u00e1rio ultrapassa 7 mil","isPartOf":{"@id":"https:\/\/www.estrategiaconcursos.com.br\/blog\/#website"},"primaryImageOfPage":{"@id":"https:\/\/www.estrategiaconcursos.com.br\/blog\/edital-da-camara-de-goiania\/#primaryimage"},"image":{"@id":"https:\/\/www.estrategiaconcursos.com.br\/blog\/edital-da-camara-de-goiania\/#primaryimage"},"thumbnailUrl":"https:\/\/www.estrategiaconcursos.com.br\/blog\/wp-content\/uploads\/2019\/12\/image89.png","datePublished":"2019-12-17T17:00:40+00:00","dateModified":"2019-12-17T17:50:38+00:00","breadcrumb":{"@id":"https:\/\/www.estrategiaconcursos.com.br\/blog\/edital-da-camara-de-goiania\/#breadcrumb"},"inLanguage":"pt-BR","potentialAction":[{"@type":"ReadAction","target":["https:\/\/www.estrategiaconcursos.com.br\/blog\/edital-da-camara-de-goiania\/"]}]},{"@type":"ImageObject","inLanguage":"pt-BR","@id":"https:\/\/www.estrategiaconcursos.com.br\/blog\/edital-da-camara-de-goiania\/#primaryimage","url":"https:\/\/dhg1h5j42swfq.cloudfront.net\/2019\/12\/17140017\/image89.png","contentUrl":"https:\/\/dhg1h5j42swfq.cloudfront.net\/2019\/12\/17140017\/image89.png","width":703,"height":253},{"@type":"BreadcrumbList","@id":"https:\/\/www.estrategiaconcursos.com.br\/blog\/edital-da-camara-de-goiania\/#breadcrumb","itemListElement":[{"@type":"ListItem","position":1,"name":"In\u00edcio","item":"https:\/\/www.estrategiaconcursos.com.br\/blog\/"},{"@type":"ListItem","position":2,"name":"Edital C\u00e2mara de Goi\u00e2nia: concurso oferta vagas para PCD; sal\u00e1rio ultrapassa 7 mil"}]},{"@type":"WebSite","@id":"https:\/\/www.estrategiaconcursos.com.br\/blog\/#website","url":"https:\/\/www.estrategiaconcursos.com.br\/blog\/","name":"Estrat\u00e9gia Concursos","description":"O blog da Estrat\u00e9gia Concursos traz not\u00edcias sobre concursos e artigos de professores oferecendo cursos para concursos (pdf + videaulas) no site.","publisher":{"@id":"https:\/\/www.estrategiaconcursos.com.br\/blog\/#organization"},"potentialAction":[{"@type":"SearchAction","target":{"@type":"EntryPoint","urlTemplate":"https:\/\/www.estrategiaconcursos.com.br\/blog\/?s={search_term_string}"},"query-input":{"@type":"PropertyValueSpecification","valueRequired":true,"valueName":"search_term_string"}}],"inLanguage":"pt-BR"},{"@type":"Organization","@id":"https:\/\/www.estrategiaconcursos.com.br\/blog\/#organization","name":"Estrat\u00e9gia Concursos","url":"https:\/\/www.estrategiaconcursos.com.br\/blog\/","logo":{"@type":"ImageObject","inLanguage":"pt-BR","@id":"https:\/\/www.estrategiaconcursos.com.br\/blog\/#\/schema\/logo\/image\/","url":"https:\/\/dhg1h5j42swfq.cloudfront.net\/2025\/06\/03203428\/logo_concursos-1.jpg","contentUrl":"https:\/\/dhg1h5j42swfq.cloudfront.net\/2025\/06\/03203428\/logo_concursos-1.jpg","width":230,"height":60,"caption":"Estrat\u00e9gia Concursos"},"image":{"@id":"https:\/\/www.estrategiaconcursos.com.br\/blog\/#\/schema\/logo\/image\/"},"sameAs":["https:\/\/x.com\/EstratConcursos"]},{"@type":"Person","@id":"https:\/\/www.estrategiaconcursos.com.br\/blog\/#\/schema\/person\/d2e7d78de4b9d6ba51cc24fd558a7f42","name":"Leandro Signori","image":{"@type":"ImageObject","inLanguage":"pt-BR","@id":"https:\/\/secure.gravatar.com\/avatar\/aa2ef98e93764dcf1758f52d2792d4b3e4089ee25bc520608dde62ad802ae541?s=96&d=mm&r=g","url":"https:\/\/secure.gravatar.com\/avatar\/aa2ef98e93764dcf1758f52d2792d4b3e4089ee25bc520608dde62ad802ae541?s=96&d=mm&r=g","contentUrl":"https:\/\/secure.gravatar.com\/avatar\/aa2ef98e93764dcf1758f52d2792d4b3e4089ee25bc520608dde62ad802ae541?s=96&d=mm&r=g","caption":"Leandro Signori"},"description":"Licenciado em Geografia pela Universidade Federal do Rio Grande do Sul (UFRGS) e Bacharel em Geografia pela Uniceub (Bras\u00edlia). Como servidor p\u00fablico, foi funcion\u00e1rio da Prefeitura de S\u00e3o Leopoldo (RS), Prefeitura de Porto Alegre (RS), Companhia Riograndense de Saneamento (Corsan) e Minist\u00e9rio da Integra\u00e7\u00e3o Nacional. \u00c9 professor de Geografia para o ensino m\u00e9dio na rede particular de ensino. Leciona as disciplinas de Atualidades, Conhecimentos Gerais, Geografia, Realidade Brasileira e Hist\u00f3ria, em cursos on line e presenciais preparat\u00f3rios para concursos p\u00fablicos.","sameAs":["https:\/\/www.facebook.com\/leandrosignoriatualidades\/"],"url":"https:\/\/www.estrategiaconcursos.com.br\/blog\/author\/leandroestrategiaconcursos-com-br\/"}]}},"_links":{"self":[{"href":"https:\/\/www.estrategiaconcursos.com.br\/blog\/wp-json\/wp\/v2\/posts\/461266","targetHints":{"allow":["GET"]}}],"collection":[{"href":"https:\/\/www.estrategiaconcursos.com.br\/blog\/wp-json\/wp\/v2\/posts"}],"about":[{"href":"https:\/\/www.estrategiaconcursos.com.br\/blog\/wp-json\/wp\/v2\/types\/post"}],"author":[{"embeddable":true,"href":"https:\/\/www.estrategiaconcursos.com.br\/blog\/wp-json\/wp\/v2\/users\/306"}],"replies":[{"embeddable":true,"href":"https:\/\/www.estrategiaconcursos.com.br\/blog\/wp-json\/wp\/v2\/comments?post=461266"}],"version-history":[{"count":10,"href":"https:\/\/www.estrategiaconcursos.com.br\/blog\/wp-json\/wp\/v2\/posts\/461266\/revisions"}],"predecessor-version":[{"id":461501,"href":"https:\/\/www.estrategiaconcursos.com.br\/blog\/wp-json\/wp\/v2\/posts\/461266\/revisions\/461501"}],"wp:attachment":[{"href":"https:\/\/www.estrategiaconcursos.com.br\/blog\/wp-json\/wp\/v2\/media?parent=461266"}],"wp:term":[{"taxonomy":"category","embeddable":true,"href":"https:\/\/www.estrategiaconcursos.com.br\/blog\/wp-json\/wp\/v2\/categories?post=461266"},{"taxonomy":"post_tag","embeddable":true,"href":"https:\/\/www.estrategiaconcursos.com.br\/blog\/wp-json\/wp\/v2\/tags?post=461266"},{"taxonomy":"tax_estado","embeddable":true,"href":"https:\/\/www.estrategiaconcursos.com.br\/blog\/wp-json\/wp\/v2\/tax_estado?post=461266"}],"curies":[{"name":"wp","href":"https:\/\/api.w.org\/{rel}","templated":true}]}}