{"id":461261,"date":"2020-02-13T08:50:00","date_gmt":"2020-02-13T11:50:00","guid":{"rendered":"https:\/\/www.estrategiaconcursos.com.br\/blog\/?p=461261"},"modified":"2020-02-13T08:55:46","modified_gmt":"2020-02-13T11:55:46","slug":"concurso-idurb","status":"publish","type":"post","link":"https:\/\/www.estrategiaconcursos.com.br\/blog\/concurso-idurb\/","title":{"rendered":"Concurso IDURB: inscri\u00e7\u00f5es s\u00e3o encerradas com 101 vagas"},"content":{"rendered":"\n<h2 class=\"wp-block-heading\"><em>Prova objetiva ser\u00e1 aplicada em mar\u00e7o<\/em><\/h2>\n\n\n\n<p>As inscri\u00e7\u00f5es do concurso p\u00fablico do Instituto de Desenvolvimento Urbano do Par\u00e1 \u2013 IDURB est\u00e3o oficialmente encerradas. Ap\u00f3s reabertura do processo, os candidatos tinham at\u00e9 a data do dia 12 de fevereiro para garantir a candidatura no concurso. <\/p>\n\n\n\n<p>Vale ressaltar que o concurso oferta no total, <strong>101 vagas<\/strong>, sendo 19 para provimento imediato e 82 destinadas \u00e0 forma\u00e7\u00e3o de cadastro reserva para cargos de n\u00edvel m\u00e9dio\/t\u00e9cnico e superior.<\/p>\n\n\n\n<p>Todo as fases do concurso ser\u00e3o realizadas na cidade de <strong>Cana\u00e3 dos Caraj\u00e1s<\/strong>, munic\u00edpio do estado do Par\u00e1. Os interessados devem se inscrever no site da banca organizadora, o<strong> Instituto Quadrix<\/strong>.<\/p>\n\n\n\n<p>Se voc\u00ea tem interesse no certame, chegou ao lugar certo! Ao longo deste artigo reunimos as principais informa\u00e7\u00f5es sobre o<strong><em> Concurso IDURB<\/em><\/strong> para que voc\u00ea possa se preparar e garantir uma das vagas.<\/p>\n\n\n\n<ul class=\"wp-block-list\"><li><strong><em><a href=\"#distribuicao-vagas\">Distribui\u00e7\u00e3o das vagas<\/a><\/em><\/strong><\/li><li><strong><em><a href=\"#principais-datas\">Principais datas<\/a><\/em><\/strong><\/li><li><strong><em><a href=\"#etapas\">Etapas do concurso<\/a><\/em><\/strong><\/li><li><strong><em><a href=\"#requisitos-dos-cargos\">Requisitos dos cargos<\/a><\/em><\/strong><\/li><li><strong><em><a href=\"#assinatura-e-cursos\">Assinatura ilimitada e cursos<\/a><\/em><\/strong><\/li><\/ul>\n\n\n\n<h2 class=\"wp-block-heading\" id=\"distribuicao-vagas\"><strong>Distribui\u00e7\u00e3o\ndas vagas do Concurso IDURB<\/strong><\/h2>\n\n\n\n<figure class=\"wp-block-table is-style-stripes\"><table class=\"has-subtle-pale-blue-background-color has-fixed-layout has-background\"><tbody><tr><td>\n  <strong>Cargos<\/strong>\n  <\/td><td>\n  <strong>Especialidade<\/strong>\n  <\/td><td>\n  <strong>Vagas<\/strong>\n  <\/td><td>\n  <strong>CR<\/strong>\n  <\/td><td>\n  <strong>Remunera\u00e7\u00e3o<\/strong>\n  <\/td><\/tr><tr><td>Fiscal Municipal de Obras \/ Fiscaliza\u00e7\u00e3o   <\/td><td>Edifica\u00e7\u00f5es   <\/td><td>\n  02\n  <\/td><td>\n  09\n  <\/td><td>\n  R$ 1.504,19\n  <\/td><\/tr><tr><td>T\u00e9cnico Administrativo \/ Administrativo   <\/td><td>T\u00e9cnico Administrativo   <\/td><td>\n  04\n  <\/td><td>\n  18\n  <\/td><td>\n  R$ 1.504,19\n  <\/td><\/tr><tr><td>T\u00e9cnico de Desenvolvimento Urbano&nbsp;&nbsp; e Fundi\u00e1rio \/ Urbanismo   e Fundi\u00e1rio   <\/td><td>Edifica\u00e7\u00f5es   <\/td><td>\n  09\n  <\/td><td>\n  35\n  <\/td><td>\n  R$ 1.504,19\n  <\/td><\/tr><tr><td>Analista Administrativo \/ Administrativo   <\/td><td>Administra\u00e7\u00e3o   <\/td><td>\n  01\n  <\/td><td>\n  5\n  <\/td><td>\n  R$ 4.000,00\n  <\/td><\/tr><tr><td>Analista de Desenvolvimento Urbano e Fundi\u00e1rio \/ Urbanismo e   Fundi\u00e1rio   <\/td><td>Advogado   <\/td><td>\n  01\n  <\/td><td>\n  5\n  <\/td><td>\n  R$ 4.000,00\n  <\/td><\/tr><tr><td>Analista de Desenvolvimento Urbano e Fundi\u00e1rio \/ Urbanismo e   Fundi\u00e1rio   <\/td><td>Arquiteto e Urbanista   <\/td><td>\n  01\n  <\/td><td>\n  5\n  <\/td><td>\n  R$ 4.000,00\n  <\/td><\/tr><tr><td>Analista de Desenvolvimento Urbano e Fundi\u00e1rio \/ Urbanismo e   Fundi\u00e1rio   <\/td><td>Assistente Social   <\/td><td>\n  01\n  <\/td><td>\n  5\n  <\/td><td>\n  R$ 4.000,00\n  <\/td><\/tr><\/tbody><\/table><\/figure>\n\n\n\n<h2 class=\"wp-block-heading\" id=\"principais-datas\"><strong>Principais datas do concurso do Concurso IDURB<\/strong><\/h2>\n\n\n\n<p class=\"has-background has-very-light-gray-background-color\"><strong>R$ 55,00<\/strong> para os cargos de n\u00edvel m\u00e9dio\/t\u00e9cnico<br \/><strong>R$ 65,00 <\/strong>para os cargos de n\u00edvel superior<\/p>\n\n\n\n<ul class=\"wp-block-list\"><li><strong>Inscri\u00e7\u00f5es:<\/strong> <s>17 de dezembro a 12 de fevereiro<\/s><\/li><li><strong>Isen\u00e7\u00e3o da Taxa:<\/strong> <s>17 a 27 de dezembro<\/s><\/li><li><strong>Pagamento da taxa:<\/strong> at\u00e9 13 de fevereiro <\/li><li><strong>Data prevista da prova:<\/strong> 08 de mar\u00e7o<\/li><\/ul>\n\n\n\n<h2 class=\"wp-block-heading\" id=\"etapas\"><strong>Etapas do\nConcurso IDURB<\/strong><\/h2>\n\n\n\n<ul class=\"wp-block-list\"><li><strong>Prova Objetiva<\/strong> para todos os cargos\n(Eliminat\u00f3rio e classificat\u00f3rio);<\/li><li><strong>Prova Discursiva<\/strong> somente para cargos de\nN\u00edvel M\u00e9dio (Eliminat\u00f3rio e classificat\u00f3rio);<\/li><li><strong>An\u00e1lise de T\u00edtulos<\/strong> somente para cargos de\nN\u00edvel M\u00e9dio (classificat\u00f3rio).<\/li><\/ul>\n\n\n\n<h3 class=\"wp-block-heading\">Prova Objetiva<\/h3>\n\n\n\n<p>A prova objetiva ser\u00e1 composta de 100 quest\u00f5es do tipo CERTO\nou ERRADO. A nota em cada item da prova objetiva ser\u00e1 igual a: 1,00 ponto, caso\na resposta do candidato esteja em concord\u00e2ncia com o gabarito oficial\ndefinitivo da prova; 0,50 ponto negativo, caso a resposta do candidato esteja\nem discord\u00e2ncia com o gabarito oficial definitivo da prova; 0,00, caso n\u00e3o haja\nmarca\u00e7\u00e3o ou haja marca\u00e7\u00e3o dupla (C e E).<\/p>\n\n\n\n<ul class=\"wp-block-list\"><li><em>Conhecimentos B\u00e1sicos &#8211; 30 quest\u00f5es<\/em><\/li><li><em>Conhecimentos Complementares &#8211; 30 quest\u00f5es <\/em><\/li><li><em>Conhecimentos Espec\u00edficos &#8211; 40 quest\u00f5es<\/em><\/li><\/ul>\n\n\n\n<p>Para os candidatos inscritos nos cargos de n\u00edvel\nm\u00e9dio\/t\u00e9cnico, ser\u00e1 aprovado na prova objetiva o candidato que,\ncumulativamente: <\/p>\n\n\n\n<ul class=\"wp-block-list\"><li><strong>a)<\/strong> obtiver nota igual ou superior a 12,00 pontos na \u00e1rea de Conhecimentos B\u00e1sicos;&nbsp;&nbsp; <\/li><li><strong>b)<\/strong> obtiver nota igual ou superior a 12,00 pontos na \u00e1rea de Conhecimentos Complementares; e <\/li><li><strong>c)<\/strong> obtiver nota igual ou superior a 19,00 pontos na \u00e1rea de Conhecimentos Espec\u00edficos. <\/li><\/ul>\n\n\n\n<p>Para os candidatos inscritos nos cargos de n\u00edvel superior,\nser\u00e1 aprovado na prova objetiva o candidato que, cumulativamente: <\/p>\n\n\n\n<ul class=\"wp-block-list\"><li><strong>a)<\/strong> obtiver nota igual ou superior a 12,00 pontos na \u00e1rea de Conhecimentos B\u00e1sicos;&nbsp;&nbsp; <\/li><li><strong>b)<\/strong> obtiver nota igual ou superior a 12,00 pontos na \u00e1rea de Conhecimentos Complementares; e <\/li><li><strong>c)<\/strong> obtiver nota igual ou superior a 19,00 pontos na \u00e1rea de Conhecimentos Espec\u00edficos. <\/li><\/ul>\n\n\n\n<h3 class=\"wp-block-heading\">Avalia\u00e7\u00e3o de T\u00edtulos<\/h3>\n\n\n\n<p>A avalia\u00e7\u00e3o de t\u00edtulos valer\u00e1 no m\u00e1ximo 10,00 pontos, ainda que a soma dos valores dos t\u00edtulos e comprovantes seja superior a este valor.&nbsp;A entrega dos documentos dever\u00e1 ser realizada via eletr\u00f4nica, no per\u00edodo entre 10 horas do dia 30 de abril e 18 horas do dia 1\u00ba de maio.<\/p>\n\n\n\n<p><\/p>\n\n\n\n<figure class=\"wp-block-table is-style-stripes\"><table class=\"has-subtle-pale-blue-background-color has-fixed-layout has-background\"><tbody><tr><td>\n  <strong>Item de avalia\u00e7\u00e3o<\/strong>\n  <\/td><td>\n  <strong>Descri\u00e7\u00e3o<\/strong>\n  <\/td><td>\n  <strong>Pontua\u00e7\u00e3o por item<\/strong>\n  <\/td><td>\n  <strong>Pontua\u00e7\u00e3o m\u00e1xima<\/strong>\n  <\/td><\/tr><tr><td>Doutorado   <\/td><td>Diploma, devidamente registrado, de conclus\u00e3o do curso de   p\u00f3s\u2010gradua\u00e7\u00e3o (n\u00edvel de Doutorado)   <\/td><td>\n  5,00\n  <\/td><td>\n  5,00\n  <\/td><\/tr><tr><td>Mestrado   <\/td><td>Diploma, devidamente registrado, de conclus\u00e3o do curso de   p\u00f3s\u2010gradua\u00e7\u00e3o em n\u00edvel de Mestrado (T\u00edtulo de Mestre)   <\/td><td>\n  3,00\n  <\/td><td>\n  3,00\n  <\/td><\/tr><tr><td>P\u00f3s\u2010gradua\u00e7\u00e3o especializa\u00e7\u00e3o lato sensu   <\/td><td>Certificado\/declara\u00e7\u00e3o de conclus\u00e3o de curso de p\u00f3s\u2010gradua\u00e7\u00e3o em   n\u00edvel de especializa\u00e7\u00e3o lato sensu, acompanhado de hist\u00f3rico escolar, com   carga hor\u00e1ria m\u00ednima de 360 horas\/aula   <\/td><td>\n  1,00\n  <\/td><td>\n  2,00\n  <\/td><\/tr><tr><td><strong>TOTAL M\u00c1XIMO DE PONTOS<\/strong>   <\/td><td>\n  &nbsp;\n  <\/td><td>\n  &nbsp;\n  <\/td><td>\n  <strong>10,00<\/strong>\n  <\/td><\/tr><\/tbody><\/table><\/figure>\n\n\n\n<h2 class=\"wp-block-heading\" id=\"requisitos-dos-cargos\"><strong>Requisitos dos cargos do Concurso IDURB<\/strong><\/h2>\n\n\n\n<p><strong>Fiscal Municipal de Obras \/\nFiscaliza\u00e7\u00e3o&nbsp;\u2010&nbsp;Edifica\u00e7\u00f5es:<\/strong> Certificado, devidamente registrado\nde conclus\u00e3o de Curso T\u00e9cnico de N\u00edvel M\u00e9dio ou Segundo Grau em Edifica\u00e7\u00f5es,\nfornecido por institui\u00e7\u00e3o de ensino reconhecida pelo MEC. Comprovante de\nregistro e regularidade junto ao Conselho de Regional da Classe Profissional.<\/p>\n\n\n\n<p><strong>T\u00e9cnico Administrativo \/\nAdministrativo&nbsp;\u2010&nbsp;T\u00e9cnico Administrativo:<\/strong> Certificado, devidamente\nregistrado, de conclus\u00e3o de Curso T\u00e9cnico de N\u00edvel M\u00e9dio ou Segundo Grau em\nAdministra\u00e7\u00e3o, fornecido por institui\u00e7\u00e3o de ensino reconhecida pelo MEC.\nComprovante de registro e regularidade junto ao Conselho de Regional da Classe\nProfissional.<\/p>\n\n\n\n<p><strong>T\u00e9cnico de Desenvolvimento Urbano e Fundi\u00e1rio \/ Urbanismo\ne Fundi\u00e1rio&nbsp;\u2010&nbsp;Edifica\u00e7\u00f5es:<\/strong> Certificado, devidamente registrado,\nde conclus\u00e3o de Curso T\u00e9cnico de N\u00edvel M\u00e9dio ou Segundo Grau em Edifica\u00e7\u00f5es,\nfornecido por institui\u00e7\u00e3o de ensino reconhecida pelo MEC. Comprovante de\nregistro e regularidade junto ao Conselho de Regional da Classe Profissional.<\/p>\n\n\n\n<p><strong>Analista Administrativo \/\nAdministrativo&nbsp;\u2010&nbsp;Administra\u00e7\u00e3o:<\/strong> Diploma, devidamente registrado,\nde conclus\u00e3o de Curso de Gradua\u00e7\u00e3o em Administra\u00e7\u00e3o, fornecido por institui\u00e7\u00e3o\nde ensino superior reconhecida pelo MEC. Comprovante de registro e regularidade\njunto ao Conselho de Regional da Classe Profissional.<\/p>\n\n\n\n<p><strong>Analista de Desenvolvimento Urbano e Fundi\u00e1rio \/\nUrbanismo e Fundi\u00e1rio&nbsp;\u2010&nbsp;Advogado: <\/strong>Diploma, devidamente\nregistrado, de conclus\u00e3o de Curso de Gradua\u00e7\u00e3o em Direito, fornecido por\ninstitui\u00e7\u00e3o de ensino superior reconhecida pelo MEC. Comprovante de registro e\nregularidade junto Ordem dos Advogados do Brasil (OAB).<\/p>\n\n\n\n<p><strong>Analista de Desenvolvimento Urbano e Fundi\u00e1rio \/\nUrbanismo e Fundi\u00e1rio&nbsp;\u2010&nbsp;Arquiteto e Urbanista:<\/strong> Diploma,\ndevidamente registrado, de conclus\u00e3o de Curso de Gradua\u00e7\u00e3o em Arquitetura e\nUrbanismo, fornecido por institui\u00e7\u00e3o de ensino superior reconhecida pelo MEC.\nComprovante de registro e regularidade junto ao Conselho de Regional da Classe\nProfissional.<\/p>\n\n\n\n<p><strong>Analista de Desenvolvimento Urbano e Fundi\u00e1rio \/ Urbanismo e Fundi\u00e1rio&nbsp;\u2010&nbsp;Assistente Social:<\/strong> Diploma, devidamente registrado, de conclus\u00e3o de Curso de Gradua\u00e7\u00e3o em Servi\u00e7o Social, fornecido por institui\u00e7\u00e3o de ensino superior reconhecida pelo MEC. Comprovante de registro e regularidade junto ao Conselho de Regional da Classe Profissional.<\/p>\n\n\n\n<h2 class=\"wp-block-heading\" id=\"assinatura-e-cursos\">Assinatura ilimitada e cursos para o Concurso IDURB<\/h2>\n\n\n\n<p class=\"has-background has-text-align-center has-medium-font-size has-very-light-gray-background-color\"><em><strong><a href=\"https:\/\/www.estrategiaconcursos.com.br\/cursos\/concurso\/\" target=\"_blank\" rel=\"noreferrer noopener\" aria-label=\"CURSOS IDURB (abre numa nova aba)\">CURSOS IDURB<\/a><\/strong><\/em><\/p>\n\n\n\n<p class=\"has-text-align-center\"><em><strong>Assinatura Anual Ilimitada*<\/strong><\/em><\/p>\n\n\n\n<p class=\"has-text-align-center\"><em>Prepare-se com o melhor material e com quem mais aprova em&nbsp;Concursos P\u00fablicos de todo o pa\u00eds. Assine agora a nossa Assinatura Anual e tenha acesso ilimitado* a todos os nossos cursos.<\/em><\/p>\n\n\n\n<p class=\"has-background has-text-align-center has-medium-font-size has-light-green-cyan-background-color\"><strong>ASSINE AGORA<\/strong>&nbsp;\u2013&nbsp;<strong><a rel=\"noreferrer noopener\" href=\"https:\/\/www.estrategiaconcursos.com.br\/assinaturas\" target=\"_blank\">Assinatura Ilimitada<\/a><\/strong><\/p>\n\n\n\n<p class=\"has-background has-text-align-center has-medium-font-size has-pale-cyan-blue-background-color\"><strong><a href=\"https:\/\/www.estrategiaconcursos.com.br\/blog\/concursos-abertos\/\">CONCURSOS ABERTOS<\/a><\/strong><\/p>\n\n\n\n<p class=\"has-background has-text-align-center has-medium-font-size has-pale-cyan-blue-background-color\"><a href=\"https:\/\/www.estrategiaconcursos.com.br\/blog\/concursos-2020\/\"><strong>CONCURSOS<\/strong><\/a><strong><a href=\"https:\/\/www.estrategiaconcursos.com.br\/blog\/concursos-2020\/\">&nbsp;2020<\/a><\/strong><\/p>\n\n\n\n<figure class=\"wp-block-image\"><img loading=\"lazy\" decoding=\"async\" width=\"300\" height=\"102\" src=\"https:\/\/dhg1h5j42swfq.cloudfront.net\/2019\/05\/29143052\/coruja-ficha-tecnica-300x1025.png\" alt=\"Ficha t\u00e9cnica Concurso idurb\" class=\"wp-image-380136\"\/><\/figure>\n\n\n\n<h4 class=\"wp-block-heading\" id=\"ficha\"><strong>\u2666Informa\u00e7\u00f5es do Concurso IDURB<\/strong><\/h4>\n\n\n\n<p>\u25ba<strong>Data prevista<\/strong> <strong>da prova:&nbsp;<\/strong>08 de mar\u00e7o<br \/>\u25ba<strong>Vagas:&nbsp;<\/strong>19 + 82 CR<br \/>\u25ba<strong>Banca:<\/strong>&nbsp;Instituto Quadrix<br \/>\u25ba<strong>Escolaridade:&nbsp;<\/strong>N\u00edvel m\u00e9dio e superior<br \/>\u25ba<strong>Edital:&nbsp;<\/strong><a rel=\"noreferrer noopener\" aria-label=\"Edital IDURB 2019 (abre numa nova aba)\" href=\"https:\/\/dhg1h5j42swfq.cloudfront.net\/2019\/12\/17095534\/1_IDURB_concurso_publico_2019_edital_001.pdf\" target=\"_blank\">Edital IDURB 2019<\/a><\/p>\n\n\n\n<p><br \/><em>Ascom Estrat\u00e9gia<\/em><br \/>ascomestrategia@gmail.com<\/p>\n","protected":false},"excerpt":{"rendered":"<p>Prova objetiva ser\u00e1 aplicada em mar\u00e7o As inscri\u00e7\u00f5es do concurso p\u00fablico do Instituto de Desenvolvimento Urbano do Par\u00e1 \u2013 IDURB est\u00e3o oficialmente encerradas. Ap\u00f3s reabertura do processo, os candidatos tinham at\u00e9 a data do dia 12 de fevereiro para garantir a candidatura no concurso. Vale ressaltar que o concurso oferta no total, 101 vagas, sendo [&hellip;]<\/p>\n","protected":false},"author":1,"featured_media":477451,"comment_status":"open","ping_status":"closed","sticky":false,"template":"","format":"standard","meta":{"post_tipo":"news","footnotes":""},"categories":[1],"tags":[],"tax_estado":[],"class_list":["post-461261","post","type-post","status-publish","format-standard","has-post-thumbnail","hentry","category-cursos-e-concursos"],"acf":[],"yoast_head":"<!-- This site is optimized with the Yoast SEO Premium plugin v27.2 (Yoast SEO v27.2) - https:\/\/yoast.com\/product\/yoast-seo-premium-wordpress\/ -->\n<title>Concurso IDURB: inscri\u00e7\u00f5es s\u00e3o encerradas com 101 vagas<\/title>\n<meta name=\"description\" content=\"Concurso IDURB: inscri\u00e7\u00f5es do certame est\u00e3o oficialmente encerradas com vagas imediatas e CR para cargos de n\u00edvel m\u00e9dio e superior.\" \/>\n<meta name=\"robots\" content=\"index, follow, max-snippet:-1, max-image-preview:large, max-video-preview:-1\" \/>\n<link rel=\"canonical\" href=\"https:\/\/www.estrategiaconcursos.com.br\/blog\/concurso-idurb\/\" \/>\n<meta property=\"og:locale\" content=\"pt_BR\" \/>\n<meta property=\"og:type\" content=\"article\" \/>\n<meta property=\"og:title\" content=\"Concurso IDURB: inscri\u00e7\u00f5es s\u00e3o encerradas com 101 vagas\" \/>\n<meta property=\"og:description\" content=\"Concurso IDURB: inscri\u00e7\u00f5es do certame est\u00e3o oficialmente encerradas com vagas imediatas e CR para cargos de n\u00edvel m\u00e9dio e superior.\" \/>\n<meta property=\"og:url\" content=\"https:\/\/www.estrategiaconcursos.com.br\/blog\/concurso-idurb\/\" \/>\n<meta property=\"og:site_name\" content=\"Estrat\u00e9gia Concursos\" \/>\n<meta property=\"article:author\" content=\"https:\/\/www.facebook.com\/EstrategiaConcursos\" \/>\n<meta property=\"article:published_time\" content=\"2020-02-13T11:50:00+00:00\" \/>\n<meta property=\"article:modified_time\" content=\"2020-02-13T11:55:46+00:00\" \/>\n<meta property=\"og:image\" content=\"https:\/\/dhg1h5j42swfq.cloudfront.net\/2019\/12\/04100441\/IDURB.jpg\" \/>\n\t<meta property=\"og:image:width\" content=\"1200\" \/>\n\t<meta property=\"og:image:height\" content=\"628\" \/>\n\t<meta property=\"og:image:type\" content=\"image\/jpeg\" \/>\n<meta name=\"author\" content=\"Coordena\u00e7\u00e3o\" \/>\n<meta name=\"twitter:card\" content=\"summary_large_image\" \/>\n<meta name=\"twitter:creator\" content=\"@EstratConcursos\" \/>\n<meta name=\"twitter:site\" content=\"@EstratConcursos\" \/>\n<meta name=\"twitter:label1\" content=\"Escrito por\" \/>\n\t<meta name=\"twitter:data1\" content=\"Coordena\u00e7\u00e3o\" \/>\n\t<meta name=\"twitter:label2\" content=\"Est. tempo de leitura\" \/>\n\t<meta name=\"twitter:data2\" content=\"6 minutos\" \/>\n<script type=\"application\/ld+json\" class=\"yoast-schema-graph\">{\"@context\":\"https:\/\/schema.org\",\"@graph\":[{\"@type\":\"NewsArticle\",\"@id\":\"https:\/\/www.estrategiaconcursos.com.br\/blog\/concurso-idurb\/#article\",\"isPartOf\":{\"@id\":\"https:\/\/www.estrategiaconcursos.com.br\/blog\/concurso-idurb\/\"},\"author\":{\"name\":\"Coordena\u00e7\u00e3o\",\"@id\":\"https:\/\/www.estrategiaconcursos.com.br\/blog\/#\/schema\/person\/b4a388c97673c5f483d72185668afa1f\"},\"headline\":\"Concurso IDURB: inscri\u00e7\u00f5es s\u00e3o encerradas com 101 vagas\",\"datePublished\":\"2020-02-13T11:50:00+00:00\",\"dateModified\":\"2020-02-13T11:55:46+00:00\",\"mainEntityOfPage\":{\"@id\":\"https:\/\/www.estrategiaconcursos.com.br\/blog\/concurso-idurb\/\"},\"wordCount\":1214,\"commentCount\":1,\"publisher\":{\"@id\":\"https:\/\/www.estrategiaconcursos.com.br\/blog\/#organization\"},\"image\":{\"@id\":\"https:\/\/www.estrategiaconcursos.com.br\/blog\/concurso-idurb\/#primaryimage\"},\"thumbnailUrl\":\"https:\/\/dhg1h5j42swfq.cloudfront.net\/2019\/12\/04100441\/IDURB.jpg\",\"articleSection\":[\"Concursos P\u00fablicos\"],\"inLanguage\":\"pt-BR\",\"potentialAction\":[{\"@type\":\"CommentAction\",\"name\":\"Comment\",\"target\":[\"https:\/\/www.estrategiaconcursos.com.br\/blog\/concurso-idurb\/#respond\"]}],\"copyrightYear\":\"2020\",\"copyrightHolder\":{\"@id\":\"https:\/\/www.estrategiaconcursos.com.br\/blog\/#organization\"}},{\"@type\":\"WebPage\",\"@id\":\"https:\/\/www.estrategiaconcursos.com.br\/blog\/concurso-idurb\/\",\"url\":\"https:\/\/www.estrategiaconcursos.com.br\/blog\/concurso-idurb\/\",\"name\":\"Concurso IDURB: inscri\u00e7\u00f5es s\u00e3o encerradas com 101 vagas\",\"isPartOf\":{\"@id\":\"https:\/\/www.estrategiaconcursos.com.br\/blog\/#website\"},\"primaryImageOfPage\":{\"@id\":\"https:\/\/www.estrategiaconcursos.com.br\/blog\/concurso-idurb\/#primaryimage\"},\"image\":{\"@id\":\"https:\/\/www.estrategiaconcursos.com.br\/blog\/concurso-idurb\/#primaryimage\"},\"thumbnailUrl\":\"https:\/\/dhg1h5j42swfq.cloudfront.net\/2019\/12\/04100441\/IDURB.jpg\",\"datePublished\":\"2020-02-13T11:50:00+00:00\",\"dateModified\":\"2020-02-13T11:55:46+00:00\",\"description\":\"Concurso IDURB: inscri\u00e7\u00f5es do certame est\u00e3o oficialmente encerradas com vagas imediatas e CR para cargos de n\u00edvel m\u00e9dio e superior.\",\"breadcrumb\":{\"@id\":\"https:\/\/www.estrategiaconcursos.com.br\/blog\/concurso-idurb\/#breadcrumb\"},\"inLanguage\":\"pt-BR\",\"potentialAction\":[{\"@type\":\"ReadAction\",\"target\":[\"https:\/\/www.estrategiaconcursos.com.br\/blog\/concurso-idurb\/\"]}]},{\"@type\":\"ImageObject\",\"inLanguage\":\"pt-BR\",\"@id\":\"https:\/\/www.estrategiaconcursos.com.br\/blog\/concurso-idurb\/#primaryimage\",\"url\":\"https:\/\/dhg1h5j42swfq.cloudfront.net\/2019\/12\/04100441\/IDURB.jpg\",\"contentUrl\":\"https:\/\/dhg1h5j42swfq.cloudfront.net\/2019\/12\/04100441\/IDURB.jpg\",\"width\":1200,\"height\":628},{\"@type\":\"BreadcrumbList\",\"@id\":\"https:\/\/www.estrategiaconcursos.com.br\/blog\/concurso-idurb\/#breadcrumb\",\"itemListElement\":[{\"@type\":\"ListItem\",\"position\":1,\"name\":\"In\u00edcio\",\"item\":\"https:\/\/www.estrategiaconcursos.com.br\/blog\/\"},{\"@type\":\"ListItem\",\"position\":2,\"name\":\"Concurso IDURB: inscri\u00e7\u00f5es s\u00e3o encerradas com 101 vagas\"}]},{\"@type\":\"WebSite\",\"@id\":\"https:\/\/www.estrategiaconcursos.com.br\/blog\/#website\",\"url\":\"https:\/\/www.estrategiaconcursos.com.br\/blog\/\",\"name\":\"Estrat\u00e9gia Concursos\",\"description\":\"O blog da Estrat\u00e9gia Concursos traz not\u00edcias sobre concursos e artigos de professores oferecendo cursos para concursos (pdf + videaulas) no site.\",\"publisher\":{\"@id\":\"https:\/\/www.estrategiaconcursos.com.br\/blog\/#organization\"},\"potentialAction\":[{\"@type\":\"SearchAction\",\"target\":{\"@type\":\"EntryPoint\",\"urlTemplate\":\"https:\/\/www.estrategiaconcursos.com.br\/blog\/?s={search_term_string}\"},\"query-input\":{\"@type\":\"PropertyValueSpecification\",\"valueRequired\":true,\"valueName\":\"search_term_string\"}}],\"inLanguage\":\"pt-BR\"},{\"@type\":\"Organization\",\"@id\":\"https:\/\/www.estrategiaconcursos.com.br\/blog\/#organization\",\"name\":\"Estrat\u00e9gia Concursos\",\"url\":\"https:\/\/www.estrategiaconcursos.com.br\/blog\/\",\"logo\":{\"@type\":\"ImageObject\",\"inLanguage\":\"pt-BR\",\"@id\":\"https:\/\/www.estrategiaconcursos.com.br\/blog\/#\/schema\/logo\/image\/\",\"url\":\"https:\/\/dhg1h5j42swfq.cloudfront.net\/2025\/06\/03203428\/logo_concursos-1.jpg\",\"contentUrl\":\"https:\/\/dhg1h5j42swfq.cloudfront.net\/2025\/06\/03203428\/logo_concursos-1.jpg\",\"width\":230,\"height\":60,\"caption\":\"Estrat\u00e9gia Concursos\"},\"image\":{\"@id\":\"https:\/\/www.estrategiaconcursos.com.br\/blog\/#\/schema\/logo\/image\/\"},\"sameAs\":[\"https:\/\/x.com\/EstratConcursos\"]},{\"@type\":\"Person\",\"@id\":\"https:\/\/www.estrategiaconcursos.com.br\/blog\/#\/schema\/person\/b4a388c97673c5f483d72185668afa1f\",\"name\":\"Coordena\u00e7\u00e3o\",\"image\":{\"@type\":\"ImageObject\",\"inLanguage\":\"pt-BR\",\"@id\":\"https:\/\/secure.gravatar.com\/avatar\/b720319e4c9a967eb58678d110f4fe35452fc5d5f97b202bac7b8acceb18c6ad?s=96&d=mm&r=g\",\"url\":\"https:\/\/secure.gravatar.com\/avatar\/b720319e4c9a967eb58678d110f4fe35452fc5d5f97b202bac7b8acceb18c6ad?s=96&d=mm&r=g\",\"contentUrl\":\"https:\/\/secure.gravatar.com\/avatar\/b720319e4c9a967eb58678d110f4fe35452fc5d5f97b202bac7b8acceb18c6ad?s=96&d=mm&r=g\",\"caption\":\"Coordena\u00e7\u00e3o\"},\"sameAs\":[\"https:\/\/www.facebook.com\/EstrategiaConcursos\",\"https:\/\/x.com\/EstratConcursos\"],\"url\":\"https:\/\/www.estrategiaconcursos.com.br\/blog\/author\/estrategia2013\/\"}]}<\/script>\n<!-- \/ Yoast SEO Premium plugin. -->","yoast_head_json":{"title":"Concurso IDURB: inscri\u00e7\u00f5es s\u00e3o encerradas com 101 vagas","description":"Concurso IDURB: inscri\u00e7\u00f5es do certame est\u00e3o oficialmente encerradas com vagas imediatas e CR para cargos de n\u00edvel m\u00e9dio e superior.","robots":{"index":"index","follow":"follow","max-snippet":"max-snippet:-1","max-image-preview":"max-image-preview:large","max-video-preview":"max-video-preview:-1"},"canonical":"https:\/\/www.estrategiaconcursos.com.br\/blog\/concurso-idurb\/","og_locale":"pt_BR","og_type":"article","og_title":"Concurso IDURB: inscri\u00e7\u00f5es s\u00e3o encerradas com 101 vagas","og_description":"Concurso IDURB: inscri\u00e7\u00f5es do certame est\u00e3o oficialmente encerradas com vagas imediatas e CR para cargos de n\u00edvel m\u00e9dio e superior.","og_url":"https:\/\/www.estrategiaconcursos.com.br\/blog\/concurso-idurb\/","og_site_name":"Estrat\u00e9gia Concursos","article_author":"https:\/\/www.facebook.com\/EstrategiaConcursos","article_published_time":"2020-02-13T11:50:00+00:00","article_modified_time":"2020-02-13T11:55:46+00:00","og_image":[{"width":1200,"height":628,"url":"https:\/\/dhg1h5j42swfq.cloudfront.net\/2019\/12\/04100441\/IDURB.jpg","type":"image\/jpeg"}],"author":"Coordena\u00e7\u00e3o","twitter_card":"summary_large_image","twitter_creator":"@EstratConcursos","twitter_site":"@EstratConcursos","twitter_misc":{"Escrito por":"Coordena\u00e7\u00e3o","Est. tempo de leitura":"6 minutos"},"schema":{"@context":"https:\/\/schema.org","@graph":[{"@type":"NewsArticle","@id":"https:\/\/www.estrategiaconcursos.com.br\/blog\/concurso-idurb\/#article","isPartOf":{"@id":"https:\/\/www.estrategiaconcursos.com.br\/blog\/concurso-idurb\/"},"author":{"name":"Coordena\u00e7\u00e3o","@id":"https:\/\/www.estrategiaconcursos.com.br\/blog\/#\/schema\/person\/b4a388c97673c5f483d72185668afa1f"},"headline":"Concurso IDURB: inscri\u00e7\u00f5es s\u00e3o encerradas com 101 vagas","datePublished":"2020-02-13T11:50:00+00:00","dateModified":"2020-02-13T11:55:46+00:00","mainEntityOfPage":{"@id":"https:\/\/www.estrategiaconcursos.com.br\/blog\/concurso-idurb\/"},"wordCount":1214,"commentCount":1,"publisher":{"@id":"https:\/\/www.estrategiaconcursos.com.br\/blog\/#organization"},"image":{"@id":"https:\/\/www.estrategiaconcursos.com.br\/blog\/concurso-idurb\/#primaryimage"},"thumbnailUrl":"https:\/\/dhg1h5j42swfq.cloudfront.net\/2019\/12\/04100441\/IDURB.jpg","articleSection":["Concursos P\u00fablicos"],"inLanguage":"pt-BR","potentialAction":[{"@type":"CommentAction","name":"Comment","target":["https:\/\/www.estrategiaconcursos.com.br\/blog\/concurso-idurb\/#respond"]}],"copyrightYear":"2020","copyrightHolder":{"@id":"https:\/\/www.estrategiaconcursos.com.br\/blog\/#organization"}},{"@type":"WebPage","@id":"https:\/\/www.estrategiaconcursos.com.br\/blog\/concurso-idurb\/","url":"https:\/\/www.estrategiaconcursos.com.br\/blog\/concurso-idurb\/","name":"Concurso IDURB: inscri\u00e7\u00f5es s\u00e3o encerradas com 101 vagas","isPartOf":{"@id":"https:\/\/www.estrategiaconcursos.com.br\/blog\/#website"},"primaryImageOfPage":{"@id":"https:\/\/www.estrategiaconcursos.com.br\/blog\/concurso-idurb\/#primaryimage"},"image":{"@id":"https:\/\/www.estrategiaconcursos.com.br\/blog\/concurso-idurb\/#primaryimage"},"thumbnailUrl":"https:\/\/dhg1h5j42swfq.cloudfront.net\/2019\/12\/04100441\/IDURB.jpg","datePublished":"2020-02-13T11:50:00+00:00","dateModified":"2020-02-13T11:55:46+00:00","description":"Concurso IDURB: inscri\u00e7\u00f5es do certame est\u00e3o oficialmente encerradas com vagas imediatas e CR para cargos de n\u00edvel m\u00e9dio e superior.","breadcrumb":{"@id":"https:\/\/www.estrategiaconcursos.com.br\/blog\/concurso-idurb\/#breadcrumb"},"inLanguage":"pt-BR","potentialAction":[{"@type":"ReadAction","target":["https:\/\/www.estrategiaconcursos.com.br\/blog\/concurso-idurb\/"]}]},{"@type":"ImageObject","inLanguage":"pt-BR","@id":"https:\/\/www.estrategiaconcursos.com.br\/blog\/concurso-idurb\/#primaryimage","url":"https:\/\/dhg1h5j42swfq.cloudfront.net\/2019\/12\/04100441\/IDURB.jpg","contentUrl":"https:\/\/dhg1h5j42swfq.cloudfront.net\/2019\/12\/04100441\/IDURB.jpg","width":1200,"height":628},{"@type":"BreadcrumbList","@id":"https:\/\/www.estrategiaconcursos.com.br\/blog\/concurso-idurb\/#breadcrumb","itemListElement":[{"@type":"ListItem","position":1,"name":"In\u00edcio","item":"https:\/\/www.estrategiaconcursos.com.br\/blog\/"},{"@type":"ListItem","position":2,"name":"Concurso IDURB: inscri\u00e7\u00f5es s\u00e3o encerradas com 101 vagas"}]},{"@type":"WebSite","@id":"https:\/\/www.estrategiaconcursos.com.br\/blog\/#website","url":"https:\/\/www.estrategiaconcursos.com.br\/blog\/","name":"Estrat\u00e9gia Concursos","description":"O blog da Estrat\u00e9gia Concursos traz not\u00edcias sobre concursos e artigos de professores oferecendo cursos para concursos (pdf + videaulas) no site.","publisher":{"@id":"https:\/\/www.estrategiaconcursos.com.br\/blog\/#organization"},"potentialAction":[{"@type":"SearchAction","target":{"@type":"EntryPoint","urlTemplate":"https:\/\/www.estrategiaconcursos.com.br\/blog\/?s={search_term_string}"},"query-input":{"@type":"PropertyValueSpecification","valueRequired":true,"valueName":"search_term_string"}}],"inLanguage":"pt-BR"},{"@type":"Organization","@id":"https:\/\/www.estrategiaconcursos.com.br\/blog\/#organization","name":"Estrat\u00e9gia Concursos","url":"https:\/\/www.estrategiaconcursos.com.br\/blog\/","logo":{"@type":"ImageObject","inLanguage":"pt-BR","@id":"https:\/\/www.estrategiaconcursos.com.br\/blog\/#\/schema\/logo\/image\/","url":"https:\/\/dhg1h5j42swfq.cloudfront.net\/2025\/06\/03203428\/logo_concursos-1.jpg","contentUrl":"https:\/\/dhg1h5j42swfq.cloudfront.net\/2025\/06\/03203428\/logo_concursos-1.jpg","width":230,"height":60,"caption":"Estrat\u00e9gia Concursos"},"image":{"@id":"https:\/\/www.estrategiaconcursos.com.br\/blog\/#\/schema\/logo\/image\/"},"sameAs":["https:\/\/x.com\/EstratConcursos"]},{"@type":"Person","@id":"https:\/\/www.estrategiaconcursos.com.br\/blog\/#\/schema\/person\/b4a388c97673c5f483d72185668afa1f","name":"Coordena\u00e7\u00e3o","image":{"@type":"ImageObject","inLanguage":"pt-BR","@id":"https:\/\/secure.gravatar.com\/avatar\/b720319e4c9a967eb58678d110f4fe35452fc5d5f97b202bac7b8acceb18c6ad?s=96&d=mm&r=g","url":"https:\/\/secure.gravatar.com\/avatar\/b720319e4c9a967eb58678d110f4fe35452fc5d5f97b202bac7b8acceb18c6ad?s=96&d=mm&r=g","contentUrl":"https:\/\/secure.gravatar.com\/avatar\/b720319e4c9a967eb58678d110f4fe35452fc5d5f97b202bac7b8acceb18c6ad?s=96&d=mm&r=g","caption":"Coordena\u00e7\u00e3o"},"sameAs":["https:\/\/www.facebook.com\/EstrategiaConcursos","https:\/\/x.com\/EstratConcursos"],"url":"https:\/\/www.estrategiaconcursos.com.br\/blog\/author\/estrategia2013\/"}]}},"_links":{"self":[{"href":"https:\/\/www.estrategiaconcursos.com.br\/blog\/wp-json\/wp\/v2\/posts\/461261","targetHints":{"allow":["GET"]}}],"collection":[{"href":"https:\/\/www.estrategiaconcursos.com.br\/blog\/wp-json\/wp\/v2\/posts"}],"about":[{"href":"https:\/\/www.estrategiaconcursos.com.br\/blog\/wp-json\/wp\/v2\/types\/post"}],"author":[{"embeddable":true,"href":"https:\/\/www.estrategiaconcursos.com.br\/blog\/wp-json\/wp\/v2\/users\/1"}],"replies":[{"embeddable":true,"href":"https:\/\/www.estrategiaconcursos.com.br\/blog\/wp-json\/wp\/v2\/comments?post=461261"}],"version-history":[{"count":8,"href":"https:\/\/www.estrategiaconcursos.com.br\/blog\/wp-json\/wp\/v2\/posts\/461261\/revisions"}],"predecessor-version":[{"id":481135,"href":"https:\/\/www.estrategiaconcursos.com.br\/blog\/wp-json\/wp\/v2\/posts\/461261\/revisions\/481135"}],"wp:featuredmedia":[{"embeddable":true,"href":"https:\/\/www.estrategiaconcursos.com.br\/blog\/wp-json\/wp\/v2\/media\/477451"}],"wp:attachment":[{"href":"https:\/\/www.estrategiaconcursos.com.br\/blog\/wp-json\/wp\/v2\/media?parent=461261"}],"wp:term":[{"taxonomy":"category","embeddable":true,"href":"https:\/\/www.estrategiaconcursos.com.br\/blog\/wp-json\/wp\/v2\/categories?post=461261"},{"taxonomy":"post_tag","embeddable":true,"href":"https:\/\/www.estrategiaconcursos.com.br\/blog\/wp-json\/wp\/v2\/tags?post=461261"},{"taxonomy":"tax_estado","embeddable":true,"href":"https:\/\/www.estrategiaconcursos.com.br\/blog\/wp-json\/wp\/v2\/tax_estado?post=461261"}],"curies":[{"name":"wp","href":"https:\/\/api.w.org\/{rel}","templated":true}]}}