{"id":461253,"date":"2020-05-20T11:43:00","date_gmt":"2020-05-20T14:43:00","guid":{"rendered":"https:\/\/www.estrategiaconcursos.com.br\/blog\/?p=461253"},"modified":"2020-05-20T12:27:44","modified_gmt":"2020-05-20T15:27:44","slug":"concurso-camara-de-biguacu-sc-edital-publicado-inscricoes-abertas","status":"publish","type":"post","link":"https:\/\/www.estrategiaconcursos.com.br\/blog\/concurso-camara-de-biguacu-sc-edital-publicado-inscricoes-abertas\/","title":{"rendered":"Concurso C\u00e2mara de Bigua\u00e7u SC: confira os aprovados no certame!"},"content":{"rendered":"\n<p>Foi publicado no Di\u00e1rio Oficial da \u00faltima ter\u00e7a-feira, 20 de maio, o resultado dos aprovados no concurso C\u00e2mara de Bigua\u00e7u, munic\u00edpio de Santa Catarina.<\/p>\n\n\n\n<p><strong>Veja o resultado completo<\/strong>:<\/p>\n\n\n\n<p class=\"has-background has-very-light-gray-background-color\"><a href=\"https:\/\/dhg1h5j42swfq.cloudfront.net\/2020\/05\/20115719\/Biguacu_SC.pdf\" target=\"_blank\" rel=\"noreferrer noopener\"><strong>Aprovados &#8211; Concurso C\u00e2mara de Bigua\u00e7u SC<\/strong><\/a><\/p>\n\n\n\n<p> As oportunidades do concurso C\u00e2mara de Bigua\u00e7u s\u00e3o para os n\u00edveis de escolaridade m\u00e9dio e superior.<\/p>\n\n\n\n<p>Confira neste artigo todas as informa\u00e7\u00f5es necess\u00e1rias para prestar o certame. Acompanhe os seguintes t\u00f3picos.<\/p>\n\n\n\n<ul class=\"wp-block-list\"><li><strong><a href=\"#informacoes\">Informa\u00e7\u00f5es principais do concurso<\/a><\/strong><\/li><li><strong><a href=\"#cargos\">Cargos, Vagas e Remunera\u00e7\u00e3o<\/a><\/strong><\/li><li><strong><a href=\"#requisitos\">Requisitos do concurso<\/a><\/strong><\/li><li><strong><a href=\"#etapas\">Etapas do concurso<\/a><\/strong><\/li><li><strong><a href=\"#classificacao\">Classifica\u00e7\u00e3o no concurso<\/a><\/strong><\/li><li><strong><a href=\"#ultimo\">\u00daltimo concurso C\u00e2mara Bigua\u00e7u 2013<\/a><\/strong><\/li><li><strong><a href=\"#ficha\">Ficha T\u00e9cnica<\/a><\/strong><\/li><\/ul>\n\n\n\n<h2 class=\"wp-block-heading\" id=\"informacoes\">Informa\u00e7\u00f5es Principais do concurso C\u00e2mara de Bigua\u00e7u<\/h2>\n\n\n\n<p>Est\u00e3o encerradas a inscri\u00e7\u00f5es para o concurso da C\u00e2mara de Bigua\u00e7u. Agora os candidatos devem ficar atentos \u00e0 data da prova objetiva, agendada para o dia <strong>1 de mar\u00e7o de 2020.<\/strong><\/p>\n\n\n\n<p> As oportunidades do concurso C\u00e2mara de Bigua\u00e7u s\u00e3o para os n\u00edveis de escolaridade m\u00e9dio e superior. <\/p>\n\n\n\n<h2 class=\"wp-block-heading\" id=\"cargos\">Cargos, Vagas e Remunera\u00e7\u00e3o &#8211; concurso C\u00e2mara de Bigua\u00e7u<\/h2>\n\n\n\n<p>O concurso C\u00e2mara de Bigua\u00e7o oferta no total 5 vagas mais cadastro de reserva. As oportunidades s\u00e3o para n\u00edvel m\u00e9dio, com sal\u00e1rio de R$ 1.933,22 e para n\u00edvel superior, sal\u00e1rio de R$ 3.501,76.<\/p>\n\n\n\n<p>Tanto para os cargos de n\u00edvel m\u00e9dio quanto de n\u00edvel superior a carga hor\u00e1ria \u00e9 de 30 horas semanais e a C\u00e2mara oferece vale transporte e vale alimenta\u00e7\u00e3o no valor de R$ 281,07.<\/p>\n\n\n\n<p>Confira as respectivas vagas para os dois n\u00edveis de escolaridade.<\/p>\n\n\n\n<p><strong>N\u00edvel Superior<\/strong><\/p>\n\n\n\n<ul class=\"wp-block-list\"><li>Contador &#8211; 1 vaga<\/li><li>Controlador Interno &#8211; 1 vaga<\/li><li>Jornalista &#8211; CR<\/li><li>Procurador Legislativo &#8211; CR <\/li><\/ul>\n\n\n\n<p><strong>N\u00edvel M\u00e9dio<\/strong><\/p>\n\n\n\n<p>Assistente Administrativo &#8211; 1 vaga<br \/>Assistente Cont\u00e1bil &#8211; CR<br \/>T\u00e9cnico Audiovisual &#8211; CR<br \/>T\u00e9cnico de Inform\u00e1tica &#8211; 1 vaga<\/p>\n\n\n\n<h2 class=\"wp-block-heading\" id=\"requisitos\">Requisitos &#8211; C\u00e2mara de Bigua\u00e7u<\/h2>\n\n\n\n<p>Acompanhe adiante os requisitos de cada cargo para prestar o certame.<\/p>\n\n\n\n<ul class=\"wp-block-list\"><li><strong>Contador<\/strong> <\/li><li>Necess\u00e1rio obter Ensino Superior em Ci\u00eancias Cont\u00e1beis, com registro no Conselho Regional de Contabilidade e registro no crc\u2010sc.<\/li><\/ul>\n\n\n\n<ul class=\"wp-block-list\"><li><strong>Controlador Interno <\/strong><\/li><li>Requisito de Ensino Superior em alguma das seguintes especialidades: Administra\u00e7\u00e3o ou Economia ou Direito ou Ci\u00eancias Cont\u00e1beis ou Gest\u00e3o P\u00fablica. &nbsp;Registro no respectivo conselho quando houver.<\/li><\/ul>\n\n\n\n<ul class=\"wp-block-list\"><li><strong>Jornalista <\/strong><\/li><li>Exig\u00eancia de Ensino Superior em Jornalismo ou Comunica\u00e7\u00e3o Socia. Registro no respectivo conselho quando houver.<\/li><\/ul>\n\n\n\n<ul class=\"wp-block-list\"><li><strong>Procurador Legislativo <\/strong><\/li><li>Ensino superior em Direito registro com registro na Ordem de Advogados do Brasil de Santa Catarina<\/li><\/ul>\n\n\n\n<ul class=\"wp-block-list\"><li><strong>Cargos de n\u00edvel m\u00e9dio<\/strong><\/li><li>Necess\u00e1rio obter n\u00edvel m\u00e9dio completo, para o cargo de T\u00e9cnico de Inform\u00e1tica o candidato precisa ter curso t\u00e9cnico na \u00e1rea.<\/li><\/ul>\n\n\n\n<h2 class=\"wp-block-heading\" id=\"etapas\">Etapas do concurso C\u00e2mara de Bigua\u00e7u<\/h2>\n\n\n\n<p>O concurso C\u00e2mara de Bigua\u00e7u ser\u00e1 composto de uma prova objetiva para todos os cargos, sendo aplicada no dia 01 de mar\u00e7o de 2020 (domingo) com dura\u00e7\u00e3o de 4 horas.<\/p>\n\n\n\n<p>A avalia\u00e7\u00e3o objetiva ser\u00e1 composta de Conhecimentos Gerais e Espec\u00edficos e ter\u00e1 a quantidade de quest\u00f5es descritas a seguir.<\/p>\n\n\n\n<p><strong>N\u00edvel Superior<\/strong><\/p>\n\n\n\n<figure class=\"wp-block-table is-style-stripes\"><table class=\"has-subtle-pale-green-background-color has-fixed-layout has-background\"><tbody><tr><td><strong>Disciplinas<\/strong><\/td><td><strong>Quantidade de Quest\u00f5es<\/strong><\/td><\/tr><tr><td>L\u00edngua Portuguesa<\/td><td>10<\/td><\/tr><tr><td>No\u00e7\u00f5es de Inform\u00e1tica<\/td><td>05<\/td><\/tr><tr><td>Racioc\u00ednio L\u00f3gico\u2010Matem\u00e1tico<\/td><td>05<\/td><\/tr><tr><td>Conhecimentos Espec\u00edficos<\/td><td>20<\/td><\/tr><tr><td>Total<\/td><td>40<\/td><\/tr><\/tbody><\/table><\/figure>\n\n\n\n<p><strong>N\u00edvel M\u00e9dio<\/strong><\/p>\n\n\n\n<figure class=\"wp-block-table is-style-stripes\"><table class=\"has-fixed-layout\"><tbody><tr><td><strong>Disciplinas<\/strong><\/td><td><strong>Quantidade de Quest\u00f5es<\/strong><\/td><\/tr><tr><td>L\u00edngua Portuguesa<\/td><td>10<\/td><\/tr><tr><td>No\u00e7\u00f5es de Inform\u00e1tica<\/td><td>05<\/td><\/tr><tr><td>Racioc\u00ednio L\u00f3gico\u2010Matem\u00e1tico<\/td><td>05<\/td><\/tr><tr><td>Conhecimentos Espec\u00edficos<\/td><td>10<\/td><\/tr><tr><td>Total<\/td><td>30<\/td><\/tr><\/tbody><\/table><\/figure>\n\n\n\n<h2 class=\"wp-block-heading\" id=\"classificacao\">Classifica\u00e7\u00e3o no concurso C\u00e2mara de Bigua\u00e7u<\/h2>\n\n\n\n<p>As provas objetivas ser\u00e3o avaliadas na escala de 0 a 10 pontos. Ser\u00e1 considerado aprovado, o candidato que obtiver, isoladamente, em cada uma das provas \u2013 de Conhecimentos Gerais e de Conhecimento Espec\u00edfico, nota igual ou superior a 5 pontos.<\/p>\n\n\n\n<p>Os candidatos aprovados na Prova Objetiva de Conhecimentos Gerais e na Prova Objetiva de Conhecimento Espec\u00edfico ser\u00e3o classificados por cargo, em ordem decrescente de pontos, calculados a partir da m\u00e9dia aritm\u00e9tica ponderada das notas obtidas nestas provas, expressos estes pontos com 2 casas decimais, calculados pelas seguintes f\u00f3rmulas: <\/p>\n\n\n\n<p>Pontos = (Nota da Prova Objetiva de Conhecimentos Gerais x 0,3 + <br \/>Nota da Prova Objetiva de Conhecimento Espec\u00edfico x 0,7)  <\/p>\n\n\n\n<h2 class=\"wp-block-heading\" id=\"ultimo\">\u00daltimo concurso C\u00e2mara de Bigua\u00e7u<\/h2>\n\n\n\n<p>O \u00faltimo concurso da C\u00e2mara de Bigua\u00e7u foi realizado em 2013 e ficou sob responsabilidade tamb\u00e9m do IESES. O certame ofertou 29 vagas para cargos de n\u00edveis fundamental, m\u00e9dio e superior, com sal\u00e1rios de at\u00e9 R$ 2.690,00. <\/p>\n\n\n\n<p>As vagas foram para as fun\u00e7\u00f5es de advogado, contador, jornalista, redator, assistente administrativo, recepcionista, t\u00e9cnico em inform\u00e1tica, t\u00e9cnico audiovisual, telefonista, auxiliar de conserva\u00e7\u00e3o e manuten\u00e7\u00e3o, copeira, motorista (categoria B) e servi\u00e7os gerais.<\/p>\n\n\n\n<p>Como neste novo concurso, as etapas foram constitu\u00eddas de provas de conhecimentos gerais e espec\u00edficos, com 30 a 40 quest\u00f5es de m\u00faltipla escolha, sendo adotada a pontua\u00e7\u00e3o de 0 a 10 pontos.<\/p>\n\n\n\n<p>A classifica\u00e7\u00e3o no concurso C\u00e2mara de Bigua\u00e7u de 2013 foi a mesma estabelecida para este concurso de 2019.<\/p>\n\n\n\n<h3 class=\"has-text-align-center wp-block-heading\"><strong><em>Quer estudar para o <\/em><\/strong><em>concurso C\u00e2mara de Bigua\u00e7u?<\/em><\/h3>\n\n\n\n<h4 class=\"has-text-align-center wp-block-heading\" id=\"curso\"><em><strong>Gostou desta oportunidade e deseja come\u00e7ar se preparar agora mesmo? Ent\u00e3o, confira os nossos cursos e comece a estudar para <\/strong><\/em>o certame.<\/h4>\n\n\n\n<p style=\"font-size:24px\" class=\"has-background has-text-align-center has-luminous-vivid-amber-background-color\"><a rel=\"noreferrer noopener\" aria-label=\"Cursos (abre numa nova aba)\" href=\"https:\/\/www.estrategiaconcursos.com.br\/cursos\/concurso\/\" target=\"_blank\"><strong>Cursos<\/strong><\/a><\/p>\n\n\n\n<h4 class=\"has-text-align-center wp-block-heading\" id=\"assinatura\"><em><strong>Assinatura Anual Ilimitada*<\/strong><\/em><\/h4>\n\n\n\n<p><em>Prepare-se com o melhor material e com quem mais aprova em Concursos P\u00fablicos em todo o pa\u00eds. Assine agora a nossa Assinatura Anual e tenha acesso ilimitado* a todos os nossos cursos.<\/em><\/p>\n\n\n\n<p class=\"has-background has-text-align-center has-light-green-cyan-background-color\"><strong>ASSINE AGORA<\/strong>&nbsp;\u2013&nbsp;<a rel=\"noreferrer noopener\" href=\"https:\/\/www.estrategiaconcursos.com.br\/assinaturas\" target=\"_blank\"><strong>Assinatura Ilimitada<\/strong><\/a><\/p>\n\n\n\n<p class=\"has-background has-text-align-center has-pale-cyan-blue-background-color\"><strong><a href=\"https:\/\/www.estrategiaconcursos.com.br\/blog\/concursos-abertos\/\">CONCURSOS ABERTOS<\/a><\/strong><\/p>\n\n\n\n<p class=\"has-background has-text-align-center has-pale-cyan-blue-background-color\"><a href=\"https:\/\/www.estrategiaconcursos.com.br\/blog\/concursos-2019\/\"><strong>CONCURSOS 2019<\/strong><\/a><\/p>\n\n\n\n<p class=\"has-background has-text-align-center has-pale-cyan-blue-background-color\"><a href=\"https:\/\/www.estrategiaconcursos.com.br\/blog\/concursos-2020\/\"><strong>CONCURSOS<\/strong><\/a><strong><a href=\"https:\/\/www.estrategiaconcursos.com.br\/blog\/concursos-2020\/\">&nbsp;2020<\/a><\/strong><\/p>\n\n\n\n<figure class=\"wp-block-image\"><img loading=\"lazy\" decoding=\"async\" width=\"300\" height=\"102\" src=\"https:\/\/dhg1h5j42swfq.cloudfront.net\/2017\/03\/28152500\/coruja-ficha-tecnica-300x102.png\" alt=\"Ficha t\u00e9cnica Concurso C\u00e2mara de Bigua\u00e7u\" class=\"wp-image-68542\"\/><\/figure>\n\n\n\n<h4 class=\"wp-block-heading\" id=\"ficha\"><strong>Informa\u00e7\u00f5es do pr\u00f3ximo concurso<\/strong> C\u00e2mara de Bigua\u00e7u SC<\/h4>\n\n\n\n<p><strong>\u25baInscri\u00e7\u00f5es<\/strong>: 16\/12 a 24\/01\/2020 <br \/><strong>\u25baProva Objetiva<\/strong>: 01 de mar\u00e7o de 2020<br \/><strong>\u25baVagas:<\/strong> 05 + CR<br \/><strong>\u25baBanca:&nbsp;<\/strong>IESES <br \/><strong>\u25baEscolaridade:&nbsp;<\/strong>N\u00edvel superior e m\u00e9dio<br \/><strong>\u25baEdital:<\/strong>&nbsp;<a rel=\"noreferrer noopener\" aria-label=\"Clique aqui Edital C\u00e2mara de Bigua\u00e7u SC 2019 (abre numa nova aba)\" href=\"https:\/\/dhg1h5j42swfq.cloudfront.net\/2019\/12\/17133414\/Edital_C%C3%A2mara_de_Bigua%C3%A7u_SC2.pdf\" target=\"_blank\">Clique aqui Edital C\u00e2mara de Bigua\u00e7u SC 2019<\/a><\/p>\n\n\n\n<h4 class=\"wp-block-heading\" id=\"ficha\"><strong>Informa\u00e7\u00f5es do \u00faltimo concurso <\/strong>C\u00e2mara de Bigua\u00e7u SC <\/h4>\n\n\n\n<p><strong>\u25baData:&nbsp;<\/strong>2013<br \/><strong>\u25baVagas:&nbsp;<\/strong>29<br \/>\u25ba<strong>Banca<\/strong>:&nbsp;IESES<br \/><strong>\u25baEscolaridade:&nbsp;<\/strong>N\u00edvel superior, m\u00e9dio e fundamental <br \/><strong>\u25baEdital<\/strong>: <a href=\"https:\/\/dhg1h5j42swfq.cloudfront.net\/2019\/12\/17115013\/edital-c%C3%A2mara-de-bigua%C3%A7u-20131.pdf\" target=\"_blank\" rel=\"noreferrer noopener\" aria-label=\"Edital C\u00e2mara de Bigua\u00e7u (abre numa nova aba)\">Edital C\u00e2mara de Bigua\u00e7u<\/a><br \/><\/p>\n\n\n\n<p><em>Ascom Estrat\u00e9gia<\/em><br \/>ascomestrategia@gmail.com<\/p>\n\n\n\n<p> <\/p>\n","protected":false},"excerpt":{"rendered":"<p>Foi publicado no Di\u00e1rio Oficial da \u00faltima ter\u00e7a-feira, 20 de maio, o resultado dos aprovados no concurso C\u00e2mara de Bigua\u00e7u, munic\u00edpio de Santa Catarina. Veja o resultado completo: Aprovados &#8211; Concurso C\u00e2mara de Bigua\u00e7u SC As oportunidades do concurso C\u00e2mara de Bigua\u00e7u s\u00e3o para os n\u00edveis de escolaridade m\u00e9dio e superior. Confira neste artigo todas [&hellip;]<\/p>\n","protected":false},"author":1,"featured_media":444275,"comment_status":"open","ping_status":"closed","sticky":false,"template":"","format":"standard","meta":{"post_tipo":"news","footnotes":""},"categories":[1,2017],"tags":[],"tax_estado":[],"class_list":["post-461253","post","type-post","status-publish","format-standard","has-post-thumbnail","hentry","category-cursos-e-concursos","category-concursos-legislativos"],"acf":[],"yoast_head":"<!-- This site is optimized with the Yoast SEO Premium plugin v27.2 (Yoast SEO v27.2) - https:\/\/yoast.com\/product\/yoast-seo-premium-wordpress\/ -->\n<title>Concurso C\u00e2mara de Bigua\u00e7u SC: confira os aprovados no certame!<\/title>\n<meta name=\"description\" content=\"Concurso C\u00e2mara de Bigua\u00e7u: EDITAL PUBLICADO! As inscri\u00e7\u00f5es ficam abertas at\u00e9 o dia 24 de janeiro e o certames oferta vagas para n\u00edvel m\u00e9dio e superior.\" \/>\n<meta name=\"robots\" content=\"index, follow, max-snippet:-1, max-image-preview:large, max-video-preview:-1\" \/>\n<link rel=\"canonical\" href=\"https:\/\/www.estrategiaconcursos.com.br\/blog\/concurso-camara-de-biguacu-sc-edital-publicado-inscricoes-abertas\/\" \/>\n<meta property=\"og:locale\" content=\"pt_BR\" \/>\n<meta property=\"og:type\" content=\"article\" \/>\n<meta property=\"og:title\" content=\"Concurso C\u00e2mara de Bigua\u00e7u SC: confira os aprovados no certame!\" \/>\n<meta property=\"og:description\" content=\"Concurso C\u00e2mara de Bigua\u00e7u: EDITAL PUBLICADO! As inscri\u00e7\u00f5es ficam abertas at\u00e9 o dia 24 de janeiro e o certames oferta vagas para n\u00edvel m\u00e9dio e superior.\" \/>\n<meta property=\"og:url\" content=\"https:\/\/www.estrategiaconcursos.com.br\/blog\/concurso-camara-de-biguacu-sc-edital-publicado-inscricoes-abertas\/\" \/>\n<meta property=\"og:site_name\" content=\"Estrat\u00e9gia Concursos\" \/>\n<meta property=\"article:author\" content=\"https:\/\/www.facebook.com\/EstrategiaConcursos\" \/>\n<meta property=\"article:published_time\" content=\"2020-05-20T14:43:00+00:00\" \/>\n<meta property=\"article:modified_time\" content=\"2020-05-20T15:27:44+00:00\" \/>\n<meta property=\"og:image\" content=\"https:\/\/dhg1h5j42swfq.cloudfront.net\/2019\/11\/05113847\/Saiu-Edital-6.png\" \/>\n\t<meta property=\"og:image:width\" content=\"1200\" \/>\n\t<meta property=\"og:image:height\" content=\"628\" \/>\n\t<meta property=\"og:image:type\" content=\"image\/png\" \/>\n<meta name=\"author\" content=\"Coordena\u00e7\u00e3o\" \/>\n<meta name=\"twitter:card\" content=\"summary_large_image\" \/>\n<meta name=\"twitter:creator\" content=\"@EstratConcursos\" \/>\n<meta name=\"twitter:site\" content=\"@EstratConcursos\" \/>\n<meta name=\"twitter:label1\" content=\"Escrito por\" \/>\n\t<meta name=\"twitter:data1\" content=\"Coordena\u00e7\u00e3o\" \/>\n\t<meta name=\"twitter:label2\" content=\"Est. tempo de leitura\" \/>\n\t<meta name=\"twitter:data2\" content=\"5 minutos\" \/>\n<script type=\"application\/ld+json\" class=\"yoast-schema-graph\">{\"@context\":\"https:\/\/schema.org\",\"@graph\":[{\"@type\":\"NewsArticle\",\"@id\":\"https:\/\/www.estrategiaconcursos.com.br\/blog\/concurso-camara-de-biguacu-sc-edital-publicado-inscricoes-abertas\/#article\",\"isPartOf\":{\"@id\":\"https:\/\/www.estrategiaconcursos.com.br\/blog\/concurso-camara-de-biguacu-sc-edital-publicado-inscricoes-abertas\/\"},\"author\":{\"name\":\"Coordena\u00e7\u00e3o\",\"@id\":\"https:\/\/www.estrategiaconcursos.com.br\/blog\/#\/schema\/person\/b4a388c97673c5f483d72185668afa1f\"},\"headline\":\"Concurso C\u00e2mara de Bigua\u00e7u SC: confira os aprovados no certame!\",\"datePublished\":\"2020-05-20T14:43:00+00:00\",\"dateModified\":\"2020-05-20T15:27:44+00:00\",\"mainEntityOfPage\":{\"@id\":\"https:\/\/www.estrategiaconcursos.com.br\/blog\/concurso-camara-de-biguacu-sc-edital-publicado-inscricoes-abertas\/\"},\"wordCount\":1001,\"commentCount\":0,\"publisher\":{\"@id\":\"https:\/\/www.estrategiaconcursos.com.br\/blog\/#organization\"},\"image\":{\"@id\":\"https:\/\/www.estrategiaconcursos.com.br\/blog\/concurso-camara-de-biguacu-sc-edital-publicado-inscricoes-abertas\/#primaryimage\"},\"thumbnailUrl\":\"https:\/\/dhg1h5j42swfq.cloudfront.net\/2019\/11\/05113847\/Saiu-Edital-6.png\",\"articleSection\":[\"Concursos P\u00fablicos\",\"Legislativo\"],\"inLanguage\":\"pt-BR\",\"potentialAction\":[{\"@type\":\"CommentAction\",\"name\":\"Comment\",\"target\":[\"https:\/\/www.estrategiaconcursos.com.br\/blog\/concurso-camara-de-biguacu-sc-edital-publicado-inscricoes-abertas\/#respond\"]}],\"copyrightYear\":\"2020\",\"copyrightHolder\":{\"@id\":\"https:\/\/www.estrategiaconcursos.com.br\/blog\/#organization\"}},{\"@type\":\"WebPage\",\"@id\":\"https:\/\/www.estrategiaconcursos.com.br\/blog\/concurso-camara-de-biguacu-sc-edital-publicado-inscricoes-abertas\/\",\"url\":\"https:\/\/www.estrategiaconcursos.com.br\/blog\/concurso-camara-de-biguacu-sc-edital-publicado-inscricoes-abertas\/\",\"name\":\"Concurso C\u00e2mara de Bigua\u00e7u SC: confira os aprovados no certame!\",\"isPartOf\":{\"@id\":\"https:\/\/www.estrategiaconcursos.com.br\/blog\/#website\"},\"primaryImageOfPage\":{\"@id\":\"https:\/\/www.estrategiaconcursos.com.br\/blog\/concurso-camara-de-biguacu-sc-edital-publicado-inscricoes-abertas\/#primaryimage\"},\"image\":{\"@id\":\"https:\/\/www.estrategiaconcursos.com.br\/blog\/concurso-camara-de-biguacu-sc-edital-publicado-inscricoes-abertas\/#primaryimage\"},\"thumbnailUrl\":\"https:\/\/dhg1h5j42swfq.cloudfront.net\/2019\/11\/05113847\/Saiu-Edital-6.png\",\"datePublished\":\"2020-05-20T14:43:00+00:00\",\"dateModified\":\"2020-05-20T15:27:44+00:00\",\"description\":\"Concurso C\u00e2mara de Bigua\u00e7u: EDITAL PUBLICADO! As inscri\u00e7\u00f5es ficam abertas at\u00e9 o dia 24 de janeiro e o certames oferta vagas para n\u00edvel m\u00e9dio e superior.\",\"breadcrumb\":{\"@id\":\"https:\/\/www.estrategiaconcursos.com.br\/blog\/concurso-camara-de-biguacu-sc-edital-publicado-inscricoes-abertas\/#breadcrumb\"},\"inLanguage\":\"pt-BR\",\"potentialAction\":[{\"@type\":\"ReadAction\",\"target\":[\"https:\/\/www.estrategiaconcursos.com.br\/blog\/concurso-camara-de-biguacu-sc-edital-publicado-inscricoes-abertas\/\"]}]},{\"@type\":\"ImageObject\",\"inLanguage\":\"pt-BR\",\"@id\":\"https:\/\/www.estrategiaconcursos.com.br\/blog\/concurso-camara-de-biguacu-sc-edital-publicado-inscricoes-abertas\/#primaryimage\",\"url\":\"https:\/\/dhg1h5j42swfq.cloudfront.net\/2019\/11\/05113847\/Saiu-Edital-6.png\",\"contentUrl\":\"https:\/\/dhg1h5j42swfq.cloudfront.net\/2019\/11\/05113847\/Saiu-Edital-6.png\",\"width\":1200,\"height\":628,\"caption\":\"Concurso CRBM 14\"},{\"@type\":\"BreadcrumbList\",\"@id\":\"https:\/\/www.estrategiaconcursos.com.br\/blog\/concurso-camara-de-biguacu-sc-edital-publicado-inscricoes-abertas\/#breadcrumb\",\"itemListElement\":[{\"@type\":\"ListItem\",\"position\":1,\"name\":\"In\u00edcio\",\"item\":\"https:\/\/www.estrategiaconcursos.com.br\/blog\/\"},{\"@type\":\"ListItem\",\"position\":2,\"name\":\"Concurso C\u00e2mara de Bigua\u00e7u SC: confira os aprovados no certame!\"}]},{\"@type\":\"WebSite\",\"@id\":\"https:\/\/www.estrategiaconcursos.com.br\/blog\/#website\",\"url\":\"https:\/\/www.estrategiaconcursos.com.br\/blog\/\",\"name\":\"Estrat\u00e9gia Concursos\",\"description\":\"O blog da Estrat\u00e9gia Concursos traz not\u00edcias sobre concursos e artigos de professores oferecendo cursos para concursos (pdf + videaulas) no site.\",\"publisher\":{\"@id\":\"https:\/\/www.estrategiaconcursos.com.br\/blog\/#organization\"},\"potentialAction\":[{\"@type\":\"SearchAction\",\"target\":{\"@type\":\"EntryPoint\",\"urlTemplate\":\"https:\/\/www.estrategiaconcursos.com.br\/blog\/?s={search_term_string}\"},\"query-input\":{\"@type\":\"PropertyValueSpecification\",\"valueRequired\":true,\"valueName\":\"search_term_string\"}}],\"inLanguage\":\"pt-BR\"},{\"@type\":\"Organization\",\"@id\":\"https:\/\/www.estrategiaconcursos.com.br\/blog\/#organization\",\"name\":\"Estrat\u00e9gia Concursos\",\"url\":\"https:\/\/www.estrategiaconcursos.com.br\/blog\/\",\"logo\":{\"@type\":\"ImageObject\",\"inLanguage\":\"pt-BR\",\"@id\":\"https:\/\/www.estrategiaconcursos.com.br\/blog\/#\/schema\/logo\/image\/\",\"url\":\"https:\/\/dhg1h5j42swfq.cloudfront.net\/2025\/06\/03203428\/logo_concursos-1.jpg\",\"contentUrl\":\"https:\/\/dhg1h5j42swfq.cloudfront.net\/2025\/06\/03203428\/logo_concursos-1.jpg\",\"width\":230,\"height\":60,\"caption\":\"Estrat\u00e9gia Concursos\"},\"image\":{\"@id\":\"https:\/\/www.estrategiaconcursos.com.br\/blog\/#\/schema\/logo\/image\/\"},\"sameAs\":[\"https:\/\/x.com\/EstratConcursos\"]},{\"@type\":\"Person\",\"@id\":\"https:\/\/www.estrategiaconcursos.com.br\/blog\/#\/schema\/person\/b4a388c97673c5f483d72185668afa1f\",\"name\":\"Coordena\u00e7\u00e3o\",\"image\":{\"@type\":\"ImageObject\",\"inLanguage\":\"pt-BR\",\"@id\":\"https:\/\/secure.gravatar.com\/avatar\/b720319e4c9a967eb58678d110f4fe35452fc5d5f97b202bac7b8acceb18c6ad?s=96&d=mm&r=g\",\"url\":\"https:\/\/secure.gravatar.com\/avatar\/b720319e4c9a967eb58678d110f4fe35452fc5d5f97b202bac7b8acceb18c6ad?s=96&d=mm&r=g\",\"contentUrl\":\"https:\/\/secure.gravatar.com\/avatar\/b720319e4c9a967eb58678d110f4fe35452fc5d5f97b202bac7b8acceb18c6ad?s=96&d=mm&r=g\",\"caption\":\"Coordena\u00e7\u00e3o\"},\"sameAs\":[\"https:\/\/www.facebook.com\/EstrategiaConcursos\",\"https:\/\/x.com\/EstratConcursos\"],\"url\":\"https:\/\/www.estrategiaconcursos.com.br\/blog\/author\/estrategia2013\/\"}]}<\/script>\n<!-- \/ Yoast SEO Premium plugin. -->","yoast_head_json":{"title":"Concurso C\u00e2mara de Bigua\u00e7u SC: confira os aprovados no certame!","description":"Concurso C\u00e2mara de Bigua\u00e7u: EDITAL PUBLICADO! As inscri\u00e7\u00f5es ficam abertas at\u00e9 o dia 24 de janeiro e o certames oferta vagas para n\u00edvel m\u00e9dio e superior.","robots":{"index":"index","follow":"follow","max-snippet":"max-snippet:-1","max-image-preview":"max-image-preview:large","max-video-preview":"max-video-preview:-1"},"canonical":"https:\/\/www.estrategiaconcursos.com.br\/blog\/concurso-camara-de-biguacu-sc-edital-publicado-inscricoes-abertas\/","og_locale":"pt_BR","og_type":"article","og_title":"Concurso C\u00e2mara de Bigua\u00e7u SC: confira os aprovados no certame!","og_description":"Concurso C\u00e2mara de Bigua\u00e7u: EDITAL PUBLICADO! As inscri\u00e7\u00f5es ficam abertas at\u00e9 o dia 24 de janeiro e o certames oferta vagas para n\u00edvel m\u00e9dio e superior.","og_url":"https:\/\/www.estrategiaconcursos.com.br\/blog\/concurso-camara-de-biguacu-sc-edital-publicado-inscricoes-abertas\/","og_site_name":"Estrat\u00e9gia Concursos","article_author":"https:\/\/www.facebook.com\/EstrategiaConcursos","article_published_time":"2020-05-20T14:43:00+00:00","article_modified_time":"2020-05-20T15:27:44+00:00","og_image":[{"width":1200,"height":628,"url":"https:\/\/dhg1h5j42swfq.cloudfront.net\/2019\/11\/05113847\/Saiu-Edital-6.png","type":"image\/png"}],"author":"Coordena\u00e7\u00e3o","twitter_card":"summary_large_image","twitter_creator":"@EstratConcursos","twitter_site":"@EstratConcursos","twitter_misc":{"Escrito por":"Coordena\u00e7\u00e3o","Est. tempo de leitura":"5 minutos"},"schema":{"@context":"https:\/\/schema.org","@graph":[{"@type":"NewsArticle","@id":"https:\/\/www.estrategiaconcursos.com.br\/blog\/concurso-camara-de-biguacu-sc-edital-publicado-inscricoes-abertas\/#article","isPartOf":{"@id":"https:\/\/www.estrategiaconcursos.com.br\/blog\/concurso-camara-de-biguacu-sc-edital-publicado-inscricoes-abertas\/"},"author":{"name":"Coordena\u00e7\u00e3o","@id":"https:\/\/www.estrategiaconcursos.com.br\/blog\/#\/schema\/person\/b4a388c97673c5f483d72185668afa1f"},"headline":"Concurso C\u00e2mara de Bigua\u00e7u SC: confira os aprovados no certame!","datePublished":"2020-05-20T14:43:00+00:00","dateModified":"2020-05-20T15:27:44+00:00","mainEntityOfPage":{"@id":"https:\/\/www.estrategiaconcursos.com.br\/blog\/concurso-camara-de-biguacu-sc-edital-publicado-inscricoes-abertas\/"},"wordCount":1001,"commentCount":0,"publisher":{"@id":"https:\/\/www.estrategiaconcursos.com.br\/blog\/#organization"},"image":{"@id":"https:\/\/www.estrategiaconcursos.com.br\/blog\/concurso-camara-de-biguacu-sc-edital-publicado-inscricoes-abertas\/#primaryimage"},"thumbnailUrl":"https:\/\/dhg1h5j42swfq.cloudfront.net\/2019\/11\/05113847\/Saiu-Edital-6.png","articleSection":["Concursos P\u00fablicos","Legislativo"],"inLanguage":"pt-BR","potentialAction":[{"@type":"CommentAction","name":"Comment","target":["https:\/\/www.estrategiaconcursos.com.br\/blog\/concurso-camara-de-biguacu-sc-edital-publicado-inscricoes-abertas\/#respond"]}],"copyrightYear":"2020","copyrightHolder":{"@id":"https:\/\/www.estrategiaconcursos.com.br\/blog\/#organization"}},{"@type":"WebPage","@id":"https:\/\/www.estrategiaconcursos.com.br\/blog\/concurso-camara-de-biguacu-sc-edital-publicado-inscricoes-abertas\/","url":"https:\/\/www.estrategiaconcursos.com.br\/blog\/concurso-camara-de-biguacu-sc-edital-publicado-inscricoes-abertas\/","name":"Concurso C\u00e2mara de Bigua\u00e7u SC: confira os aprovados no certame!","isPartOf":{"@id":"https:\/\/www.estrategiaconcursos.com.br\/blog\/#website"},"primaryImageOfPage":{"@id":"https:\/\/www.estrategiaconcursos.com.br\/blog\/concurso-camara-de-biguacu-sc-edital-publicado-inscricoes-abertas\/#primaryimage"},"image":{"@id":"https:\/\/www.estrategiaconcursos.com.br\/blog\/concurso-camara-de-biguacu-sc-edital-publicado-inscricoes-abertas\/#primaryimage"},"thumbnailUrl":"https:\/\/dhg1h5j42swfq.cloudfront.net\/2019\/11\/05113847\/Saiu-Edital-6.png","datePublished":"2020-05-20T14:43:00+00:00","dateModified":"2020-05-20T15:27:44+00:00","description":"Concurso C\u00e2mara de Bigua\u00e7u: EDITAL PUBLICADO! As inscri\u00e7\u00f5es ficam abertas at\u00e9 o dia 24 de janeiro e o certames oferta vagas para n\u00edvel m\u00e9dio e superior.","breadcrumb":{"@id":"https:\/\/www.estrategiaconcursos.com.br\/blog\/concurso-camara-de-biguacu-sc-edital-publicado-inscricoes-abertas\/#breadcrumb"},"inLanguage":"pt-BR","potentialAction":[{"@type":"ReadAction","target":["https:\/\/www.estrategiaconcursos.com.br\/blog\/concurso-camara-de-biguacu-sc-edital-publicado-inscricoes-abertas\/"]}]},{"@type":"ImageObject","inLanguage":"pt-BR","@id":"https:\/\/www.estrategiaconcursos.com.br\/blog\/concurso-camara-de-biguacu-sc-edital-publicado-inscricoes-abertas\/#primaryimage","url":"https:\/\/dhg1h5j42swfq.cloudfront.net\/2019\/11\/05113847\/Saiu-Edital-6.png","contentUrl":"https:\/\/dhg1h5j42swfq.cloudfront.net\/2019\/11\/05113847\/Saiu-Edital-6.png","width":1200,"height":628,"caption":"Concurso CRBM 14"},{"@type":"BreadcrumbList","@id":"https:\/\/www.estrategiaconcursos.com.br\/blog\/concurso-camara-de-biguacu-sc-edital-publicado-inscricoes-abertas\/#breadcrumb","itemListElement":[{"@type":"ListItem","position":1,"name":"In\u00edcio","item":"https:\/\/www.estrategiaconcursos.com.br\/blog\/"},{"@type":"ListItem","position":2,"name":"Concurso C\u00e2mara de Bigua\u00e7u SC: confira os aprovados no certame!"}]},{"@type":"WebSite","@id":"https:\/\/www.estrategiaconcursos.com.br\/blog\/#website","url":"https:\/\/www.estrategiaconcursos.com.br\/blog\/","name":"Estrat\u00e9gia Concursos","description":"O blog da Estrat\u00e9gia Concursos traz not\u00edcias sobre concursos e artigos de professores oferecendo cursos para concursos (pdf + videaulas) no site.","publisher":{"@id":"https:\/\/www.estrategiaconcursos.com.br\/blog\/#organization"},"potentialAction":[{"@type":"SearchAction","target":{"@type":"EntryPoint","urlTemplate":"https:\/\/www.estrategiaconcursos.com.br\/blog\/?s={search_term_string}"},"query-input":{"@type":"PropertyValueSpecification","valueRequired":true,"valueName":"search_term_string"}}],"inLanguage":"pt-BR"},{"@type":"Organization","@id":"https:\/\/www.estrategiaconcursos.com.br\/blog\/#organization","name":"Estrat\u00e9gia Concursos","url":"https:\/\/www.estrategiaconcursos.com.br\/blog\/","logo":{"@type":"ImageObject","inLanguage":"pt-BR","@id":"https:\/\/www.estrategiaconcursos.com.br\/blog\/#\/schema\/logo\/image\/","url":"https:\/\/dhg1h5j42swfq.cloudfront.net\/2025\/06\/03203428\/logo_concursos-1.jpg","contentUrl":"https:\/\/dhg1h5j42swfq.cloudfront.net\/2025\/06\/03203428\/logo_concursos-1.jpg","width":230,"height":60,"caption":"Estrat\u00e9gia Concursos"},"image":{"@id":"https:\/\/www.estrategiaconcursos.com.br\/blog\/#\/schema\/logo\/image\/"},"sameAs":["https:\/\/x.com\/EstratConcursos"]},{"@type":"Person","@id":"https:\/\/www.estrategiaconcursos.com.br\/blog\/#\/schema\/person\/b4a388c97673c5f483d72185668afa1f","name":"Coordena\u00e7\u00e3o","image":{"@type":"ImageObject","inLanguage":"pt-BR","@id":"https:\/\/secure.gravatar.com\/avatar\/b720319e4c9a967eb58678d110f4fe35452fc5d5f97b202bac7b8acceb18c6ad?s=96&d=mm&r=g","url":"https:\/\/secure.gravatar.com\/avatar\/b720319e4c9a967eb58678d110f4fe35452fc5d5f97b202bac7b8acceb18c6ad?s=96&d=mm&r=g","contentUrl":"https:\/\/secure.gravatar.com\/avatar\/b720319e4c9a967eb58678d110f4fe35452fc5d5f97b202bac7b8acceb18c6ad?s=96&d=mm&r=g","caption":"Coordena\u00e7\u00e3o"},"sameAs":["https:\/\/www.facebook.com\/EstrategiaConcursos","https:\/\/x.com\/EstratConcursos"],"url":"https:\/\/www.estrategiaconcursos.com.br\/blog\/author\/estrategia2013\/"}]}},"_links":{"self":[{"href":"https:\/\/www.estrategiaconcursos.com.br\/blog\/wp-json\/wp\/v2\/posts\/461253","targetHints":{"allow":["GET"]}}],"collection":[{"href":"https:\/\/www.estrategiaconcursos.com.br\/blog\/wp-json\/wp\/v2\/posts"}],"about":[{"href":"https:\/\/www.estrategiaconcursos.com.br\/blog\/wp-json\/wp\/v2\/types\/post"}],"author":[{"embeddable":true,"href":"https:\/\/www.estrategiaconcursos.com.br\/blog\/wp-json\/wp\/v2\/users\/1"}],"replies":[{"embeddable":true,"href":"https:\/\/www.estrategiaconcursos.com.br\/blog\/wp-json\/wp\/v2\/comments?post=461253"}],"version-history":[{"count":15,"href":"https:\/\/www.estrategiaconcursos.com.br\/blog\/wp-json\/wp\/v2\/posts\/461253\/revisions"}],"predecessor-version":[{"id":517202,"href":"https:\/\/www.estrategiaconcursos.com.br\/blog\/wp-json\/wp\/v2\/posts\/461253\/revisions\/517202"}],"wp:featuredmedia":[{"embeddable":true,"href":"https:\/\/www.estrategiaconcursos.com.br\/blog\/wp-json\/wp\/v2\/media\/444275"}],"wp:attachment":[{"href":"https:\/\/www.estrategiaconcursos.com.br\/blog\/wp-json\/wp\/v2\/media?parent=461253"}],"wp:term":[{"taxonomy":"category","embeddable":true,"href":"https:\/\/www.estrategiaconcursos.com.br\/blog\/wp-json\/wp\/v2\/categories?post=461253"},{"taxonomy":"post_tag","embeddable":true,"href":"https:\/\/www.estrategiaconcursos.com.br\/blog\/wp-json\/wp\/v2\/tags?post=461253"},{"taxonomy":"tax_estado","embeddable":true,"href":"https:\/\/www.estrategiaconcursos.com.br\/blog\/wp-json\/wp\/v2\/tax_estado?post=461253"}],"curies":[{"name":"wp","href":"https:\/\/api.w.org\/{rel}","templated":true}]}}