{"id":461217,"date":"2019-12-16T22:43:39","date_gmt":"2019-12-17T01:43:39","guid":{"rendered":"https:\/\/www.estrategiaconcursos.com.br\/blog\/?p=461217"},"modified":"2019-12-16T22:43:44","modified_gmt":"2019-12-17T01:43:44","slug":"gabarito-comentado-tjrj-juiz-processo-penal-cabe-recurso","status":"publish","type":"post","link":"https:\/\/www.estrategiaconcursos.com.br\/blog\/gabarito-comentado-tjrj-juiz-processo-penal-cabe-recurso\/","title":{"rendered":"Gabarito comentado TJRJ. Juiz. Processo penal. Cabe recurso?"},"content":{"rendered":"<p style=\"text-align: justify\">Ol\u00e1 amigos! Ontem (15\/12\/2019) tivemos a prova para a magistratura do TJRJ. Prova bem acess\u00edvel e que N\u00c3O revelou dificuldades ou mesmo quest\u00f5es pass\u00edveis de recurso. Pontuo, todavia, que cobrou muitos entendimentos literais da lei e uma quest\u00e3o de s\u00famulas do STF. N\u00e3o exigiu um racioc\u00ednio mais elaborado do candidato.<\/p>\n<!-- \/wp:post-content --><!-- wp:paragraph -->\n<p style=\"text-align: justify\"><strong>37.<\/strong> Nos literais e expressos termos do art. 13 do CPP, incumbe \u00e0 autoridade policial, entre outras fun\u00e7\u00f5es:<\/p>\n<!-- \/wp:paragraph --><!-- wp:paragraph -->\n<p style=\"text-align: justify\">(A) manter a guarda de bens apreendidos e objetos\ndo crime at\u00e9 o tr\u00e2nsito em julgado da a\u00e7\u00e3o penal.<\/p>\n<!-- \/wp:paragraph --><!-- wp:paragraph -->\n<p style=\"text-align: justify\">(B) fornecer \u00e0s autoridades judici\u00e1rias as\ninforma\u00e7\u00f5es necess\u00e1rias \u00e0 instru\u00e7\u00e3o e julgamento dos processos.<\/p>\n<!-- \/wp:paragraph --><!-- wp:paragraph -->\n<p style=\"text-align: justify\">(C) cumprir as ordens de busca e apreens\u00e3o e\ndemais decis\u00f5es cautelares que tenha requisitado.<\/p>\n<!-- \/wp:paragraph --><!-- wp:paragraph -->\n<p style=\"text-align: justify\">(D) servir como testemunha em a\u00e7\u00f5es penais quando\narrolada por qualquer das partes.<\/p>\n<!-- \/wp:paragraph --><!-- wp:paragraph -->\n<p style=\"text-align: justify\">(E) providenciar o comparecimento do acusado\npreso, em Ju\u00edzo, mediante pr\u00e9via requisi\u00e7\u00e3o.<\/p>\n<!-- \/wp:paragraph --><!-- wp:paragraph -->\n<p style=\"text-align: justify\"><strong>Gabarito: B.<\/strong><\/p>\n<!-- \/wp:paragraph --><!-- wp:paragraph -->\n<p style=\"text-align: justify\">Dentre as poss\u00edveis atribui\u00e7\u00f5es listadas, em\ntermos \u2018literais e expressos\u2019, a \u00fanica que consta no rol do art. 13 do CPP\n(inciso II) \u00e9 aquela indicada na alternativa B.<\/p>\n<!-- \/wp:paragraph --><!-- wp:paragraph -->\n<p style=\"text-align: justify\"><em>Art. 13.\u00a0 Incumbir\u00e1 ainda \u00e0 autoridade\npolicial:<\/em><\/p>\n<!-- \/wp:paragraph --><!-- wp:paragraph -->\n<p style=\"text-align: justify\"><em>I &#8211; fornecer \u00e0s autoridades judici\u00e1rias as\ninforma\u00e7\u00f5es necess\u00e1rias \u00e0 instru\u00e7\u00e3o e julgamento dos processos;<\/em><\/p>\n<!-- \/wp:paragraph --><!-- wp:paragraph -->\n<p style=\"text-align: justify\"><em>II &#8211;\u00a0 realizar as dilig\u00eancias\nrequisitadas pelo juiz ou pelo Minist\u00e9rio P\u00fablico;<\/em><\/p>\n<!-- \/wp:paragraph --><!-- wp:paragraph -->\n<p style=\"text-align: justify\"><em>III &#8211; cumprir os mandados de pris\u00e3o expedidos\npelas autoridades judici\u00e1rias;<\/em><\/p>\n<!-- \/wp:paragraph --><!-- wp:paragraph -->\n<p style=\"text-align: justify\"><em>IV &#8211; representar acerca da pris\u00e3o preventiva.<\/em><\/p>\n<!-- \/wp:paragraph --><!-- wp:paragraph -->\n<p style=\"text-align: justify\"><strong>38.<\/strong> Oferecendo o ofendido a\u00e7\u00e3o\npenal privada subsidi\u00e1ria da p\u00fablica, o Minist\u00e9rio P\u00fablico, nos exatos termos\ndo art. 29 do CPP,<\/p>\n<!-- \/wp:paragraph --><!-- wp:paragraph -->\n<p style=\"text-align: justify\">(A) deixa de ser parte e passa a atuar como\ncustos legis e n\u00e3o pode, por exemplo, fornecer elementos de prova.<\/p>\n<!-- \/wp:paragraph --><!-- wp:paragraph -->\n<p style=\"text-align: justify\">(B) perde interesse processual e deixa de\nintervir nos autos.<\/p>\n<!-- \/wp:paragraph --><!-- wp:paragraph -->\n<p style=\"text-align: justify\">(C) pode aditar a queixa.<\/p>\n<!-- \/wp:paragraph --><!-- wp:paragraph -->\n<p style=\"text-align: justify\">(D) perde a possibilidade de representar pelo\narquivamento do inqu\u00e9rito e n\u00e3o pode repudiar a queixa.<\/p>\n<!-- \/wp:paragraph --><!-- wp:paragraph -->\n<p style=\"text-align: justify\">(E) pode intervir em todos os termos do processo,\ncontudo, sem capacidade recursal.<\/p>\n<!-- \/wp:paragraph --><!-- wp:paragraph -->\n<p style=\"text-align: justify\"><strong>Gabarito: C<\/strong><\/p>\n<!-- \/wp:paragraph --><!-- wp:paragraph -->\n<p style=\"text-align: justify\">(A) ERRADA. MP pode \u201cfornecer elementos de prova\u201d\ne continua atuante e intervindo em todos os termos do processo; n\u00e3o s\u00f3 na\ncondi\u00e7\u00e3o de <em>custos legis<\/em>.<\/p>\n<!-- \/wp:paragraph --><!-- wp:paragraph -->\n<p style=\"text-align: justify\">(B) ERRADA. Vide explica\u00e7\u00f5es da A.<\/p>\n<!-- \/wp:paragraph --><!-- wp:paragraph -->\n<p style=\"text-align: justify\">(C) CERTA. Consta isso expressamente no CPP:<\/p>\n<!-- \/wp:paragraph --><!-- wp:paragraph -->\n<p style=\"text-align: justify\"><em>Art. 29.\u00a0 Ser\u00e1 admitida a\u00e7\u00e3o privada nos\ncrimes de a\u00e7\u00e3o p\u00fablica, se esta n\u00e3o for intentada no prazo legal, cabendo ao Minist\u00e9rio\nP\u00fablico aditar a queixa, repudi\u00e1-la e oferecer den\u00fancia substitutiva, intervir\nem todos os termos do processo, fornecer elementos de prova, interpor recurso\ne, a todo tempo, no caso de neglig\u00eancia do querelante, retomar a a\u00e7\u00e3o como\nparte principal<\/em>.<\/p>\n<!-- \/wp:paragraph --><!-- wp:paragraph -->\n<p style=\"text-align: justify\">(D) ERRADA. Conforme se verificar no art. 29 do\nCPP, MP pode sim repudiar a queixa \u201ce oferecer den\u00fancia substitutiva\u201d.<\/p>\n<!-- \/wp:paragraph --><!-- wp:paragraph -->\n<p style=\"text-align: justify\">(E) ERRADA somente na sua parte final: MP pode\ninterpor recurso; portanto, mant\u00e9m capacidade recursal.<\/p>\n<!-- \/wp:paragraph --><!-- wp:paragraph -->\n<p style=\"text-align: justify\"><strong>39.<\/strong> De acordo com as previs\u00f5es\nlegalmente estabelecidas (CPP, art. 427 e 428), \u00e9 correto afirmar que o\ndesaforamento<\/p>\n<!-- \/wp:paragraph --><!-- wp:paragraph -->\n<p style=\"text-align: justify\">(A) pode ser determinado, se houver d\u00favida quanto\n\u00e0 imparcialidade do J\u00fari.<\/p>\n<!-- \/wp:paragraph --><!-- wp:paragraph -->\n<p style=\"text-align: justify\">(B) pode ser determinado de of\u00edcio pelo Juiz\nPresidente do Tribunal do J\u00fari.<\/p>\n<!-- \/wp:paragraph --><!-- wp:paragraph -->\n<p style=\"text-align: justify\">(C) quando deferido, deve levar o julgamento para\nComarca de outra regi\u00e3o do Estado.<\/p>\n<!-- \/wp:paragraph --><!-- wp:paragraph -->\n<p style=\"text-align: justify\">(D) pode ocorrer, a fim de preservar a seguran\u00e7a\npessoal da v\u00edtima e de seus familiares.<\/p>\n<!-- \/wp:paragraph --><!-- wp:paragraph -->\n<p style=\"text-align: justify\">(E) deve ser indeferido de pronto, se motivado\nunicamente por excesso de servi\u00e7o do \u00f3rg\u00e3o judicial.<\/p>\n<!-- \/wp:paragraph --><!-- wp:paragraph -->\n<p style=\"text-align: justify\"><strong>Gabarito: A.<\/strong><\/p>\n<!-- \/wp:paragraph --><!-- wp:paragraph -->\n<p style=\"text-align: justify\">(A) CERTA. Realmente \u00e9 um dos motivos que\njustificam o desaforamento. Vejam-se as disposi\u00e7\u00f5es legais, no C\u00f3digo de\nProcesso Penal:<\/p>\n<!-- \/wp:paragraph --><!-- wp:paragraph -->\n<p style=\"text-align: justify\"><em>Art. 427.\u00a0 Se o interesse da ordem\np\u00fablica o reclamar ou houver d\u00favida sobre a imparcialidade do j\u00fari ou a seguran\u00e7a\npessoal do acusado, o Tribunal, a requerimento do Minist\u00e9rio P\u00fablico, do\nassistente, do querelante ou do acusado ou mediante representa\u00e7\u00e3o do juiz\ncompetente, poder\u00e1 determinar o desaforamento do julgamento para outra comarca\nda mesma regi\u00e3o, onde n\u00e3o existam aqueles motivos, preferindo-se as mais\npr\u00f3ximas.<\/em><\/p>\n<!-- \/wp:paragraph --><!-- wp:paragraph -->\n<p style=\"text-align: justify\"><em>Art. 428.\u00a0 O desaforamento tamb\u00e9m poder\u00e1\nser determinado, em raz\u00e3o do comprovado excesso de servi\u00e7o, ouvidos o juiz\npresidente e a parte contr\u00e1ria, se o julgamento n\u00e3o puder ser realizado no\nprazo de 6 (seis) meses, contado do tr\u00e2nsito em julgado da decis\u00e3o de\npron\u00fancia.<\/em><\/p>\n<!-- \/wp:paragraph --><!-- wp:paragraph -->\n<p style=\"text-align: justify\">(B) ERRADA. N\u00e3o \u00e9 o \u201cJuiz Presidente do Tribunal\ndo J\u00fari\u201d que determina o desaforamento; \u00e9 o \u201cTribunal\u201d, inst\u00e2ncia superior,\ncomo consta expressamente no <em>caput <\/em>do art. 427 do CPP.<\/p>\n<!-- \/wp:paragraph --><!-- wp:paragraph -->\n<p style=\"text-align: justify\">(C) ERRADA. \u00c9 Comarca da \u201cmesma regi\u00e3o\u201d e n\u00e3o de\n\u201coutra\u201d, preferindo as mais pr\u00f3ximas.<\/p>\n<!-- \/wp:paragraph --><!-- wp:paragraph -->\n<p style=\"text-align: justify\">(D) ERRADA. \u00c9 seguran\u00e7a pessoal \u201cdo acusado\u201d e\nn\u00e3o \u201cda v\u00edtima e de seus familiares\u201d.<\/p>\n<!-- \/wp:paragraph --><!-- wp:paragraph -->\n<p style=\"text-align: justify\">(E) ERRADA. O excesso de servi\u00e7o tamb\u00e9m pode\ngerar o desaforamento; portanto, n\u00e3o \u00e9 motivo para indeferimento liminar.<\/p>\n<!-- \/wp:paragraph --><!-- wp:paragraph -->\n<p style=\"text-align: justify\"><strong>40. <\/strong>No que concerne \u00e0\ncompet\u00eancia, o STF entende, por s\u00famula, que<\/p>\n<!-- \/wp:paragraph --><!-- wp:paragraph -->\n<p style=\"text-align: justify\">(A) \u00e9 competente o Supremo Tribunal Federal para\njulgar conflito de jurisdi\u00e7\u00e3o entre juiz de direito do Estado e a Justi\u00e7a\nMilitar local (555).<\/p>\n<!-- \/wp:paragraph --><!-- wp:paragraph -->\n<p style=\"text-align: justify\">(B) o foro competente para o processo e o\njulgamento dos crimes de estelionato, sob a modalidade da emiss\u00e3o dolosa de\ncheque sem provis\u00e3o de fundos, \u00e9 o do local onde o t\u00edtulo foi emitido (521).<\/p>\n<!-- \/wp:paragraph --><!-- wp:paragraph -->\n<p style=\"text-align: justify\">(C) o foro por prerrogativa de fun\u00e7\u00e3o\nestabelecido pela Constitui\u00e7\u00e3o Estadual prevalece sobre a compet\u00eancia\nconstitucional do Tribunal do J\u00fari (721).<\/p>\n<!-- \/wp:paragraph --><!-- wp:paragraph -->\n<p style=\"text-align: justify\">(D) a compet\u00eancia do Tribunal de Justi\u00e7a para\njulgar prefeitos se restringe aos crimes de compet\u00eancia da Justi\u00e7a comum\nestadual; nos demais casos, a compet\u00eancia origin\u00e1ria caber\u00e1 ao respectivo\ntribunal de segundo grau (702).<\/p>\n<!-- \/wp:paragraph --><!-- wp:paragraph -->\n<p style=\"text-align: justify\">(E) salvo ocorr\u00eancia de tr\u00e1fico para o exterior\nou entre Estados da Federa\u00e7\u00e3o, quando, ent\u00e3o, a compet\u00eancia ser\u00e1 da Justi\u00e7a\nFederal, compete \u00e0 Justi\u00e7a dos Estados o processo e o julgamento dos crimes\nrelativos a entorpecentes (522).<\/p>\n<!-- \/wp:paragraph --><!-- wp:paragraph -->\n<p style=\"text-align: justify\"><strong>Gabarito: D<\/strong>.<\/p>\n<!-- \/wp:paragraph --><!-- wp:paragraph -->\n<p style=\"text-align: justify\">(A) ERRADA. <em>S\u00famula 555 &#8211; \u00c9 competente o\nTribunal de Justi\u00e7a para julgar conflito de jurisdi\u00e7\u00e3o entre Juiz de Direito do\nEstado e a Justi\u00e7a Militar local.<\/em><\/p>\n<!-- \/wp:paragraph --><!-- wp:paragraph -->\n<p style=\"text-align: justify\">(B) ERRADA. <em>S\u00famula 521 &#8211; O foro competente\npara o processo e julgamento dos crimes de estelionato, sob a modalidade da\nemiss\u00e3o dolosa de cheque sem provis\u00e3o de fundos, \u00e9 o do local onde se deu a\nrecusa do pagamento pelo sacado.<\/em><\/p>\n<!-- \/wp:paragraph --><!-- wp:paragraph -->\n<p style=\"text-align: justify\">(C) ERRADA. <em>S\u00famula 721 &#8211; A compet\u00eancia\nconstitucional do Tribunal do J\u00fari prevalece sobre o foro por prerrogativa de\nfun\u00e7\u00e3o estabelecido exclusivamente pela constitui\u00e7\u00e3o estadual.<\/em><\/p>\n<!-- \/wp:paragraph --><!-- wp:paragraph -->\n<p style=\"text-align: justify\">(D) CORRETA. <em>S\u00famula 702 &#8211; A compet\u00eancia do\ntribunal de justi\u00e7a para julgar prefeitos restringe-se aos crimes de\ncompet\u00eancia da justi\u00e7a comum estadual; nos demais casos, a compet\u00eancia\norigin\u00e1ria caber\u00e1 ao respectivo tribunal de segundo grau.<\/em><\/p>\n<!-- \/wp:paragraph --><!-- wp:paragraph -->\n<p style=\"text-align: justify\">(E) ERRADA. <em>S\u00famula 522 &#8211; Salvo ocorr\u00eancia de\ntr\u00e1fico para o exterior, quando, ent\u00e3o, a compet\u00eancia ser\u00e1 da justi\u00e7a federal,\ncompete \u00e0 justi\u00e7a dos estados o processo e julgamento dos crimes relativos a\nentorpecentes.<\/em><\/p>\n<!-- \/wp:paragraph --><!-- wp:paragraph -->\n<p style=\"text-align: justify\"><strong>41.<\/strong> Nos termos do art. 158,\npar\u00e1grafo \u00fanico, do CPP, dar-se-\u00e1 prioridade \u00e0 realiza\u00e7\u00e3o do exame de corpo de\ndelito quando se tratar de crime<\/p>\n<!-- \/wp:paragraph --><!-- wp:paragraph -->\n<p style=\"text-align: justify\">(A) hediondo.<\/p>\n<!-- \/wp:paragraph --><!-- wp:paragraph -->\n<p style=\"text-align: justify\">(B) cometido por r\u00e9u preso preventivamente.<\/p>\n<!-- \/wp:paragraph --><!-- wp:paragraph -->\n<p style=\"text-align: justify\">(C) cometido por r\u00e9u preso temporariamente.<\/p>\n<!-- \/wp:paragraph --><!-- wp:paragraph -->\n<p style=\"text-align: justify\">(D) cometido por idoso.<\/p>\n<!-- \/wp:paragraph --><!-- wp:paragraph -->\n<p style=\"text-align: justify\">(E) que envolva viol\u00eancia dom\u00e9stica e familiar\ncontra mulher.<\/p>\n<!-- \/wp:paragraph --><!-- wp:paragraph -->\n<p style=\"text-align: justify\"><strong>Gabarito: E.<\/strong><\/p>\n<!-- \/wp:paragraph --><!-- wp:paragraph -->\n<p style=\"text-align: justify\">A alternativa \u2018E\u2019 \u00e9 a \u00fanica que corresponde ao\nque estabelece a lei:<\/p>\n<!-- \/wp:paragraph --><!-- wp:paragraph -->\n<p style=\"text-align: justify\"><em>Art. 158.\u00a0 Quando a infra\u00e7\u00e3o deixar\nvest\u00edgios, ser\u00e1 indispens\u00e1vel o exame de corpo de delito, direto ou indireto,\nn\u00e3o podendo supri-lo a confiss\u00e3o do acusado.<\/em><\/p>\n<!-- \/wp:paragraph --><!-- wp:paragraph -->\n<p style=\"text-align: justify\"><em>Par\u00e1grafo \u00fanico. Dar-se-\u00e1 prioridade \u00e0\nrealiza\u00e7\u00e3o do exame de corpo de delito quando se tratar de crime que envolva:\n(Inclu\u00eddo dada pela Lei n\u00ba 13.721, de 2018)<\/em><\/p>\n<!-- \/wp:paragraph --><!-- wp:paragraph -->\n<p style=\"text-align: justify\"><em>I &#8211; viol\u00eancia dom\u00e9stica e familiar contra mulher;<\/em><\/p>\n<!-- \/wp:paragraph --><!-- wp:paragraph -->\n<p style=\"text-align: justify\"><em>II &#8211; viol\u00eancia contra crian\u00e7a, adolescente,\nidoso ou pessoa com defici\u00eancia<\/em>.<\/p>\n<!-- \/wp:paragraph --><!-- wp:paragraph -->\n<p style=\"text-align: justify\"><strong>42.<\/strong> A doutrina denomina\n\u201cconfiss\u00e3o qualificada\u201d aquela em que o acusado<\/p>\n<!-- \/wp:paragraph --><!-- wp:paragraph -->\n<p style=\"text-align: justify\">(A) colabora ativamente com a apura\u00e7\u00e3o do crime,\ninclusive interrompendo ou impedindo que os fatos se consumem.<\/p>\n<!-- \/wp:paragraph --><!-- wp:paragraph -->\n<p style=\"text-align: justify\">(B) se retrata da negativa dos fatos ocorrida\nperante a autoridade policial e admite-os espontaneamente perante o magistrado.<\/p>\n<!-- \/wp:paragraph --><!-- wp:paragraph -->\n<p style=\"text-align: justify\">(C) admite a pr\u00e1tica criminosa, mas alega, em sua\ndefesa, alguma causa que o beneficia, como uma excludente de ilicitude.<\/p>\n<!-- \/wp:paragraph --><!-- wp:paragraph -->\n<p style=\"text-align: justify\">(D) n\u00e3o s\u00f3 confessa os fatos cometidos por si,\nmas tamb\u00e9m aponta os demais coautores ou part\u00edcipes da empreitada criminosa.<\/p>\n<!-- \/wp:paragraph --><!-- wp:paragraph -->\n<p style=\"text-align: justify\">(E) fica em sil\u00eancio; contudo, tal modalidade n\u00e3o\nfora recepcionada pela Constitui\u00e7\u00e3o de 1988, que garante nenhum preju\u00edzo ao acusado\nnesses casos.<\/p>\n<!-- \/wp:paragraph --><!-- wp:paragraph -->\n<p style=\"text-align: justify\"><strong>Gabarito: C.<\/strong><\/p>\n<!-- \/wp:paragraph --><!-- wp:paragraph -->\n<p style=\"text-align: justify\">O conceito \u00e9 doutrin\u00e1rio, como estabelece o\npr\u00f3prio enunciado da quest\u00e3o. A \u00fanica defini\u00e7\u00e3o que corresponde \u00e9 a da\nalternativa \u2018C\u2019.<\/p>\n<!-- \/wp:paragraph --><!-- wp:paragraph -->\n<p style=\"text-align: justify\"><strong>43.<\/strong> A pris\u00e3o preventiva imposta\n\u00e0 mulher gestante ou que for m\u00e3e ou respons\u00e1vel por crian\u00e7as ou pessoas com\ndefici\u00eancia ser\u00e1 substitu\u00edda por pris\u00e3o domiciliar, desde que<\/p>\n<!-- \/wp:paragraph --><!-- wp:paragraph -->\n<p style=\"text-align: justify\">(A) n\u00e3o seja a gestante l\u00edder de organiza\u00e7\u00e3o\ncriminosa ou participante de associa\u00e7\u00e3o criminosa.<\/p>\n<!-- \/wp:paragraph --><!-- wp:paragraph -->\n<p style=\"text-align: justify\">(B) n\u00e3o tenha cometido crime com viol\u00eancia ou\ngrave amea\u00e7a \u00e0 pessoa e n\u00e3o tenha cometido o crime contra seu filho ou\ndependente.<\/p>\n<!-- \/wp:paragraph --><!-- wp:paragraph -->\n<p style=\"text-align: justify\">(C) tenha havido pr\u00e9via repara\u00e7\u00e3o do dano e as\ncircunst\u00e2ncias do fato e a personalidade da gestante indicarem se tratar de\nmedida suficiente \u00e0 preven\u00e7\u00e3o e reprova\u00e7\u00e3o do crime.<\/p>\n<!-- \/wp:paragraph --><!-- wp:paragraph -->\n<p style=\"text-align: justify\">(D) n\u00e3o se trate a gestante de reincidente ou\nportadora de maus antecedentes.<\/p>\n<!-- \/wp:paragraph --><!-- wp:paragraph -->\n<p style=\"text-align: justify\">(E) n\u00e3o se trate de acusada por crime hediondo ou\nequiparado.<\/p>\n<!-- \/wp:paragraph --><!-- wp:paragraph -->\n<p style=\"text-align: justify\"><strong>Gabarito: B.<\/strong><\/p>\n<!-- \/wp:paragraph --><!-- wp:paragraph -->\n<p style=\"text-align: justify\">Eis os termos do C\u00f3digo de Processo Penal,\nalterado pela Lei 13.769, de 2018:<\/p>\n<!-- \/wp:paragraph --><!-- wp:paragraph -->\n<p style=\"text-align: justify\"><em>Art. 318-A.\u00a0 A pris\u00e3o preventiva imposta\n\u00e0 mulher gestante ou que for m\u00e3e ou respons\u00e1vel por crian\u00e7as ou pessoas com\ndefici\u00eancia ser\u00e1 substitu\u00edda por pris\u00e3o domiciliar, desde que: <\/em><\/p>\n<!-- \/wp:paragraph --><!-- wp:paragraph -->\n<p style=\"text-align: justify\"><em>I &#8211; n\u00e3o tenha cometido crime com viol\u00eancia ou\ngrave amea\u00e7a a pessoa; <\/em><\/p>\n<!-- \/wp:paragraph --><!-- wp:paragraph -->\n<p style=\"text-align: justify\"><em>II &#8211; n\u00e3o tenha cometido o crime contra seu\nfilho ou dependente.<\/em><\/p>\n<!-- \/wp:paragraph --><!-- wp:paragraph -->\n<p style=\"text-align: justify\"><strong>44.<\/strong> A aplica\u00e7\u00e3o imediata da pena\nrestritiva de direitos ou multa, conhecida como \u201ctransa\u00e7\u00e3o penal\u201d, tal qual\nprevista no art. 76, par\u00e1grafo 2o da Lei no 9.099\/95, n\u00e3o ser\u00e1 admitida se\nficar comprovado<\/p>\n<!-- \/wp:paragraph --><!-- wp:paragraph -->\n<p style=\"text-align: justify\">(A) n\u00e3o indicarem os antecedentes, a conduta\nsocial e a personalidade do agente, bem como os motivos e as circunst\u00e2ncias,\nser necess\u00e1ria e suficiente a ado\u00e7\u00e3o da medida.<\/p>\n<!-- \/wp:paragraph --><!-- wp:paragraph -->\n<p style=\"text-align: justify\">(B) ter sido o autor da infra\u00e7\u00e3o condenado, pela\npr\u00e1tica de crime ou contraven\u00e7\u00e3o, a pena privativa de liberdade, por senten\u00e7a\ndefinitiva.<\/p>\n<!-- \/wp:paragraph --><!-- wp:paragraph -->\n<p style=\"text-align: justify\">(C) que o crime foi praticado com viol\u00eancia ou\ngrave amea\u00e7a \u00e0 pessoa.<\/p>\n<!-- \/wp:paragraph --><!-- wp:paragraph -->\n<p style=\"text-align: justify\">(D) ter sido o autor da infra\u00e7\u00e3o condenado, pela\npr\u00e1tica de crime ou contraven\u00e7\u00e3o, \u00e0 pena privativa de liberdade transitada em\njulgado.<\/p>\n<!-- \/wp:paragraph --><!-- wp:paragraph -->\n<p style=\"text-align: justify\">(E) ter sido o agente beneficiado anteriormente\npela aplica\u00e7\u00e3o de pena restritiva ou multa na mesma modalidade de \u201ctransa\u00e7\u00e3o\npenal\u201d.<\/p>\n<!-- \/wp:paragraph --><!-- wp:paragraph -->\n<p style=\"text-align: justify\"><strong>Gabarito: A. <\/strong><\/p>\n<!-- \/wp:paragraph --><!-- wp:paragraph -->\n<p style=\"text-align: justify\">Eis os termos da Lei 9.099\/1995, ao estabelecer\nquando n\u00e3o ser\u00e1 cab\u00edvel a transa\u00e7\u00e3o penal:<\/p>\n<!-- \/wp:paragraph --><!-- wp:paragraph -->\n<p style=\"text-align: justify\"><em>Art. 76. \u00a7 2\u00ba N\u00e3o se admitir\u00e1 a proposta se\nficar comprovado:<\/em><\/p>\n<!-- \/wp:paragraph --><!-- wp:paragraph -->\n<p style=\"text-align: justify\"><em>I &#8211; ter sido o autor da infra\u00e7\u00e3o condenado,\npela pr\u00e1tica de crime, \u00e0 pena privativa de liberdade, por senten\u00e7a definitiva;<\/em><\/p>\n<!-- \/wp:paragraph --><!-- wp:paragraph -->\n<p style=\"text-align: justify\"><em>II &#8211; ter sido o agente beneficiado\nanteriormente, no prazo de cinco anos, pela aplica\u00e7\u00e3o de pena restritiva ou\nmulta, nos termos deste artigo;<\/em><\/p>\n<!-- \/wp:paragraph --><!-- wp:paragraph -->\n<p style=\"text-align: justify\"><em>III &#8211; n\u00e3o indicarem os antecedentes, a\nconduta social e a personalidade do agente, bem como os motivos e as\ncircunst\u00e2ncias, ser necess\u00e1ria e suficiente a ado\u00e7\u00e3o da medida<\/em>.<\/p>\n<!-- \/wp:paragraph --><!-- wp:paragraph -->\n<p style=\"text-align: justify\">(A) CORRETA. Corresponde ao inciso III.<\/p>\n<!-- \/wp:paragraph --><!-- wp:paragraph -->\n<p style=\"text-align: justify\">(B) ERRADA. Condena\u00e7\u00e3o em contraven\u00e7\u00e3o n\u00e3o impede\ntransa\u00e7\u00e3o.<\/p>\n<!-- \/wp:paragraph --><!-- wp:paragraph -->\n<p style=\"text-align: justify\">(C) ERRADA. N\u00e3o se traduz em impeditivo legal\npara a transa\u00e7\u00e3o. Embora, dificilmente crimes com viol\u00eancia e grave amea\u00e7a \u2013\nseja pelo requisito objetivo (pena m\u00e1xima n\u00e3o superior a 2 anos), seja pelo\nrequisito subjetivo (inciso III) &#8211; ser\u00e3o pass\u00edveis desse benef\u00edcio.<\/p>\n<!-- \/wp:paragraph --><!-- wp:paragraph -->\n<p style=\"text-align: justify\">(D) ERRADA. Contraven\u00e7\u00e3o n\u00e3o; crime tudo bem. (E)\nERRADA. Faltou o prazo de 5 anos. Passado esse tempo, o agente passa a ter\n\u2018direito\u2019 novamente ao benef\u00edcio.<\/p>\n<!-- \/wp:paragraph --><!-- wp:paragraph -->\n<p style=\"text-align: justify\">Essas eram as quest\u00f5es de processo penal. Abra\u00e7o!<\/p>\n<!-- \/wp:paragraph --><!--EndFragment-->","protected":false},"excerpt":{"rendered":"<p>Ol\u00e1 amigos! Ontem (15\/12\/2019) tivemos a prova para a magistratura do TJRJ. Prova bem acess\u00edvel e que N\u00c3O revelou dificuldades ou mesmo quest\u00f5es pass\u00edveis de recurso. Pontuo, todavia, que cobrou muitos entendimentos literais da lei e uma quest\u00e3o de s\u00famulas do STF. N\u00e3o exigiu um racioc\u00ednio mais elaborado do candidato. 37. Nos literais e expressos [&hellip;]<\/p>\n","protected":false},"author":555,"featured_media":0,"comment_status":"open","ping_status":"closed","sticky":false,"template":"","format":"standard","meta":{"post_tipo":"article","footnotes":""},"categories":[1],"tags":[],"tax_estado":[],"class_list":["post-461217","post","type-post","status-publish","format-standard","hentry","category-cursos-e-concursos"],"acf":[],"yoast_head":"<!-- This site is optimized with the Yoast SEO Premium plugin v27.2 (Yoast SEO v27.2) - https:\/\/yoast.com\/product\/yoast-seo-premium-wordpress\/ -->\n<title>Gabarito comentado TJRJ. Juiz. Processo penal. Cabe recurso?<\/title>\n<meta name=\"robots\" content=\"index, follow, max-snippet:-1, max-image-preview:large, max-video-preview:-1\" \/>\n<link rel=\"canonical\" href=\"https:\/\/www.estrategiaconcursos.com.br\/blog\/gabarito-comentado-tjrj-juiz-processo-penal-cabe-recurso\/\" \/>\n<meta property=\"og:locale\" content=\"pt_BR\" \/>\n<meta property=\"og:type\" content=\"article\" \/>\n<meta property=\"og:title\" content=\"Gabarito comentado TJRJ. Juiz. Processo penal. Cabe recurso?\" \/>\n<meta property=\"og:description\" content=\"Ol\u00e1 amigos! Ontem (15\/12\/2019) tivemos a prova para a magistratura do TJRJ. Prova bem acess\u00edvel e que N\u00c3O revelou dificuldades ou mesmo quest\u00f5es pass\u00edveis de recurso. Pontuo, todavia, que cobrou muitos entendimentos literais da lei e uma quest\u00e3o de s\u00famulas do STF. N\u00e3o exigiu um racioc\u00ednio mais elaborado do candidato. 37. Nos literais e expressos [&hellip;]\" \/>\n<meta property=\"og:url\" content=\"https:\/\/www.estrategiaconcursos.com.br\/blog\/gabarito-comentado-tjrj-juiz-processo-penal-cabe-recurso\/\" \/>\n<meta property=\"og:site_name\" content=\"Estrat\u00e9gia Concursos\" \/>\n<meta property=\"article:published_time\" content=\"2019-12-17T01:43:39+00:00\" \/>\n<meta property=\"article:modified_time\" content=\"2019-12-17T01:43:44+00:00\" \/>\n<meta name=\"author\" content=\"Leonardo Ribas Tavares\" \/>\n<meta name=\"twitter:card\" content=\"summary_large_image\" \/>\n<meta name=\"twitter:creator\" content=\"@EstratConcursos\" \/>\n<meta name=\"twitter:site\" content=\"@EstratConcursos\" \/>\n<meta name=\"twitter:label1\" content=\"Escrito por\" \/>\n\t<meta name=\"twitter:data1\" content=\"Leonardo Ribas Tavares\" \/>\n\t<meta name=\"twitter:label2\" content=\"Est. tempo de leitura\" \/>\n\t<meta name=\"twitter:data2\" content=\"10 minutos\" \/>\n<script type=\"application\/ld+json\" class=\"yoast-schema-graph\">{\"@context\":\"https:\/\/schema.org\",\"@graph\":[{\"@type\":\"NewsArticle\",\"@id\":\"https:\/\/www.estrategiaconcursos.com.br\/blog\/gabarito-comentado-tjrj-juiz-processo-penal-cabe-recurso\/#article\",\"isPartOf\":{\"@id\":\"https:\/\/www.estrategiaconcursos.com.br\/blog\/gabarito-comentado-tjrj-juiz-processo-penal-cabe-recurso\/\"},\"author\":{\"name\":\"Leonardo Ribas Tavares\",\"@id\":\"https:\/\/www.estrategiaconcursos.com.br\/blog\/#\/schema\/person\/d531664e63d1dcee60298ab782d90a08\"},\"headline\":\"Gabarito comentado TJRJ. Juiz. Processo penal. Cabe recurso?\",\"datePublished\":\"2019-12-17T01:43:39+00:00\",\"dateModified\":\"2019-12-17T01:43:44+00:00\",\"mainEntityOfPage\":{\"@id\":\"https:\/\/www.estrategiaconcursos.com.br\/blog\/gabarito-comentado-tjrj-juiz-processo-penal-cabe-recurso\/\"},\"wordCount\":2056,\"commentCount\":0,\"publisher\":{\"@id\":\"https:\/\/www.estrategiaconcursos.com.br\/blog\/#organization\"},\"articleSection\":[\"Concursos P\u00fablicos\"],\"inLanguage\":\"pt-BR\",\"potentialAction\":[{\"@type\":\"CommentAction\",\"name\":\"Comment\",\"target\":[\"https:\/\/www.estrategiaconcursos.com.br\/blog\/gabarito-comentado-tjrj-juiz-processo-penal-cabe-recurso\/#respond\"]}],\"copyrightYear\":\"2019\",\"copyrightHolder\":{\"@id\":\"https:\/\/www.estrategiaconcursos.com.br\/blog\/#organization\"}},{\"@type\":\"WebPage\",\"@id\":\"https:\/\/www.estrategiaconcursos.com.br\/blog\/gabarito-comentado-tjrj-juiz-processo-penal-cabe-recurso\/\",\"url\":\"https:\/\/www.estrategiaconcursos.com.br\/blog\/gabarito-comentado-tjrj-juiz-processo-penal-cabe-recurso\/\",\"name\":\"Gabarito comentado TJRJ. Juiz. Processo penal. Cabe recurso?\",\"isPartOf\":{\"@id\":\"https:\/\/www.estrategiaconcursos.com.br\/blog\/#website\"},\"datePublished\":\"2019-12-17T01:43:39+00:00\",\"dateModified\":\"2019-12-17T01:43:44+00:00\",\"breadcrumb\":{\"@id\":\"https:\/\/www.estrategiaconcursos.com.br\/blog\/gabarito-comentado-tjrj-juiz-processo-penal-cabe-recurso\/#breadcrumb\"},\"inLanguage\":\"pt-BR\",\"potentialAction\":[{\"@type\":\"ReadAction\",\"target\":[\"https:\/\/www.estrategiaconcursos.com.br\/blog\/gabarito-comentado-tjrj-juiz-processo-penal-cabe-recurso\/\"]}]},{\"@type\":\"BreadcrumbList\",\"@id\":\"https:\/\/www.estrategiaconcursos.com.br\/blog\/gabarito-comentado-tjrj-juiz-processo-penal-cabe-recurso\/#breadcrumb\",\"itemListElement\":[{\"@type\":\"ListItem\",\"position\":1,\"name\":\"In\u00edcio\",\"item\":\"https:\/\/www.estrategiaconcursos.com.br\/blog\/\"},{\"@type\":\"ListItem\",\"position\":2,\"name\":\"Gabarito comentado TJRJ. Juiz. Processo penal. Cabe recurso?\"}]},{\"@type\":\"WebSite\",\"@id\":\"https:\/\/www.estrategiaconcursos.com.br\/blog\/#website\",\"url\":\"https:\/\/www.estrategiaconcursos.com.br\/blog\/\",\"name\":\"Estrat\u00e9gia Concursos\",\"description\":\"O blog da Estrat\u00e9gia Concursos traz not\u00edcias sobre concursos e artigos de professores oferecendo cursos para concursos (pdf + videaulas) no site.\",\"publisher\":{\"@id\":\"https:\/\/www.estrategiaconcursos.com.br\/blog\/#organization\"},\"potentialAction\":[{\"@type\":\"SearchAction\",\"target\":{\"@type\":\"EntryPoint\",\"urlTemplate\":\"https:\/\/www.estrategiaconcursos.com.br\/blog\/?s={search_term_string}\"},\"query-input\":{\"@type\":\"PropertyValueSpecification\",\"valueRequired\":true,\"valueName\":\"search_term_string\"}}],\"inLanguage\":\"pt-BR\"},{\"@type\":\"Organization\",\"@id\":\"https:\/\/www.estrategiaconcursos.com.br\/blog\/#organization\",\"name\":\"Estrat\u00e9gia Concursos\",\"url\":\"https:\/\/www.estrategiaconcursos.com.br\/blog\/\",\"logo\":{\"@type\":\"ImageObject\",\"inLanguage\":\"pt-BR\",\"@id\":\"https:\/\/www.estrategiaconcursos.com.br\/blog\/#\/schema\/logo\/image\/\",\"url\":\"https:\/\/dhg1h5j42swfq.cloudfront.net\/2025\/06\/03203428\/logo_concursos-1.jpg\",\"contentUrl\":\"https:\/\/dhg1h5j42swfq.cloudfront.net\/2025\/06\/03203428\/logo_concursos-1.jpg\",\"width\":230,\"height\":60,\"caption\":\"Estrat\u00e9gia Concursos\"},\"image\":{\"@id\":\"https:\/\/www.estrategiaconcursos.com.br\/blog\/#\/schema\/logo\/image\/\"},\"sameAs\":[\"https:\/\/x.com\/EstratConcursos\"]},{\"@type\":\"Person\",\"@id\":\"https:\/\/www.estrategiaconcursos.com.br\/blog\/#\/schema\/person\/d531664e63d1dcee60298ab782d90a08\",\"name\":\"Leonardo Ribas Tavares\",\"image\":{\"@type\":\"ImageObject\",\"inLanguage\":\"pt-BR\",\"@id\":\"https:\/\/secure.gravatar.com\/avatar\/bf395589725dc81456f56ac04b14fa15403ee4891c08dd2199a566b71972df92?s=96&d=mm&r=g\",\"url\":\"https:\/\/secure.gravatar.com\/avatar\/bf395589725dc81456f56ac04b14fa15403ee4891c08dd2199a566b71972df92?s=96&d=mm&r=g\",\"contentUrl\":\"https:\/\/secure.gravatar.com\/avatar\/bf395589725dc81456f56ac04b14fa15403ee4891c08dd2199a566b71972df92?s=96&d=mm&r=g\",\"caption\":\"Leonardo Ribas Tavares\"},\"url\":\"https:\/\/www.estrategiaconcursos.com.br\/blog\/author\/prof-leotavaresgmail-com\/\"}]}<\/script>\n<!-- \/ Yoast SEO Premium plugin. -->","yoast_head_json":{"title":"Gabarito comentado TJRJ. Juiz. Processo penal. Cabe recurso?","robots":{"index":"index","follow":"follow","max-snippet":"max-snippet:-1","max-image-preview":"max-image-preview:large","max-video-preview":"max-video-preview:-1"},"canonical":"https:\/\/www.estrategiaconcursos.com.br\/blog\/gabarito-comentado-tjrj-juiz-processo-penal-cabe-recurso\/","og_locale":"pt_BR","og_type":"article","og_title":"Gabarito comentado TJRJ. Juiz. Processo penal. Cabe recurso?","og_description":"Ol\u00e1 amigos! Ontem (15\/12\/2019) tivemos a prova para a magistratura do TJRJ. Prova bem acess\u00edvel e que N\u00c3O revelou dificuldades ou mesmo quest\u00f5es pass\u00edveis de recurso. Pontuo, todavia, que cobrou muitos entendimentos literais da lei e uma quest\u00e3o de s\u00famulas do STF. N\u00e3o exigiu um racioc\u00ednio mais elaborado do candidato. 37. Nos literais e expressos [&hellip;]","og_url":"https:\/\/www.estrategiaconcursos.com.br\/blog\/gabarito-comentado-tjrj-juiz-processo-penal-cabe-recurso\/","og_site_name":"Estrat\u00e9gia Concursos","article_published_time":"2019-12-17T01:43:39+00:00","article_modified_time":"2019-12-17T01:43:44+00:00","author":"Leonardo Ribas Tavares","twitter_card":"summary_large_image","twitter_creator":"@EstratConcursos","twitter_site":"@EstratConcursos","twitter_misc":{"Escrito por":"Leonardo Ribas Tavares","Est. tempo de leitura":"10 minutos"},"schema":{"@context":"https:\/\/schema.org","@graph":[{"@type":"NewsArticle","@id":"https:\/\/www.estrategiaconcursos.com.br\/blog\/gabarito-comentado-tjrj-juiz-processo-penal-cabe-recurso\/#article","isPartOf":{"@id":"https:\/\/www.estrategiaconcursos.com.br\/blog\/gabarito-comentado-tjrj-juiz-processo-penal-cabe-recurso\/"},"author":{"name":"Leonardo Ribas Tavares","@id":"https:\/\/www.estrategiaconcursos.com.br\/blog\/#\/schema\/person\/d531664e63d1dcee60298ab782d90a08"},"headline":"Gabarito comentado TJRJ. Juiz. Processo penal. Cabe recurso?","datePublished":"2019-12-17T01:43:39+00:00","dateModified":"2019-12-17T01:43:44+00:00","mainEntityOfPage":{"@id":"https:\/\/www.estrategiaconcursos.com.br\/blog\/gabarito-comentado-tjrj-juiz-processo-penal-cabe-recurso\/"},"wordCount":2056,"commentCount":0,"publisher":{"@id":"https:\/\/www.estrategiaconcursos.com.br\/blog\/#organization"},"articleSection":["Concursos P\u00fablicos"],"inLanguage":"pt-BR","potentialAction":[{"@type":"CommentAction","name":"Comment","target":["https:\/\/www.estrategiaconcursos.com.br\/blog\/gabarito-comentado-tjrj-juiz-processo-penal-cabe-recurso\/#respond"]}],"copyrightYear":"2019","copyrightHolder":{"@id":"https:\/\/www.estrategiaconcursos.com.br\/blog\/#organization"}},{"@type":"WebPage","@id":"https:\/\/www.estrategiaconcursos.com.br\/blog\/gabarito-comentado-tjrj-juiz-processo-penal-cabe-recurso\/","url":"https:\/\/www.estrategiaconcursos.com.br\/blog\/gabarito-comentado-tjrj-juiz-processo-penal-cabe-recurso\/","name":"Gabarito comentado TJRJ. Juiz. Processo penal. Cabe recurso?","isPartOf":{"@id":"https:\/\/www.estrategiaconcursos.com.br\/blog\/#website"},"datePublished":"2019-12-17T01:43:39+00:00","dateModified":"2019-12-17T01:43:44+00:00","breadcrumb":{"@id":"https:\/\/www.estrategiaconcursos.com.br\/blog\/gabarito-comentado-tjrj-juiz-processo-penal-cabe-recurso\/#breadcrumb"},"inLanguage":"pt-BR","potentialAction":[{"@type":"ReadAction","target":["https:\/\/www.estrategiaconcursos.com.br\/blog\/gabarito-comentado-tjrj-juiz-processo-penal-cabe-recurso\/"]}]},{"@type":"BreadcrumbList","@id":"https:\/\/www.estrategiaconcursos.com.br\/blog\/gabarito-comentado-tjrj-juiz-processo-penal-cabe-recurso\/#breadcrumb","itemListElement":[{"@type":"ListItem","position":1,"name":"In\u00edcio","item":"https:\/\/www.estrategiaconcursos.com.br\/blog\/"},{"@type":"ListItem","position":2,"name":"Gabarito comentado TJRJ. Juiz. Processo penal. Cabe recurso?"}]},{"@type":"WebSite","@id":"https:\/\/www.estrategiaconcursos.com.br\/blog\/#website","url":"https:\/\/www.estrategiaconcursos.com.br\/blog\/","name":"Estrat\u00e9gia Concursos","description":"O blog da Estrat\u00e9gia Concursos traz not\u00edcias sobre concursos e artigos de professores oferecendo cursos para concursos (pdf + videaulas) no site.","publisher":{"@id":"https:\/\/www.estrategiaconcursos.com.br\/blog\/#organization"},"potentialAction":[{"@type":"SearchAction","target":{"@type":"EntryPoint","urlTemplate":"https:\/\/www.estrategiaconcursos.com.br\/blog\/?s={search_term_string}"},"query-input":{"@type":"PropertyValueSpecification","valueRequired":true,"valueName":"search_term_string"}}],"inLanguage":"pt-BR"},{"@type":"Organization","@id":"https:\/\/www.estrategiaconcursos.com.br\/blog\/#organization","name":"Estrat\u00e9gia Concursos","url":"https:\/\/www.estrategiaconcursos.com.br\/blog\/","logo":{"@type":"ImageObject","inLanguage":"pt-BR","@id":"https:\/\/www.estrategiaconcursos.com.br\/blog\/#\/schema\/logo\/image\/","url":"https:\/\/dhg1h5j42swfq.cloudfront.net\/2025\/06\/03203428\/logo_concursos-1.jpg","contentUrl":"https:\/\/dhg1h5j42swfq.cloudfront.net\/2025\/06\/03203428\/logo_concursos-1.jpg","width":230,"height":60,"caption":"Estrat\u00e9gia Concursos"},"image":{"@id":"https:\/\/www.estrategiaconcursos.com.br\/blog\/#\/schema\/logo\/image\/"},"sameAs":["https:\/\/x.com\/EstratConcursos"]},{"@type":"Person","@id":"https:\/\/www.estrategiaconcursos.com.br\/blog\/#\/schema\/person\/d531664e63d1dcee60298ab782d90a08","name":"Leonardo Ribas Tavares","image":{"@type":"ImageObject","inLanguage":"pt-BR","@id":"https:\/\/secure.gravatar.com\/avatar\/bf395589725dc81456f56ac04b14fa15403ee4891c08dd2199a566b71972df92?s=96&d=mm&r=g","url":"https:\/\/secure.gravatar.com\/avatar\/bf395589725dc81456f56ac04b14fa15403ee4891c08dd2199a566b71972df92?s=96&d=mm&r=g","contentUrl":"https:\/\/secure.gravatar.com\/avatar\/bf395589725dc81456f56ac04b14fa15403ee4891c08dd2199a566b71972df92?s=96&d=mm&r=g","caption":"Leonardo Ribas Tavares"},"url":"https:\/\/www.estrategiaconcursos.com.br\/blog\/author\/prof-leotavaresgmail-com\/"}]}},"_links":{"self":[{"href":"https:\/\/www.estrategiaconcursos.com.br\/blog\/wp-json\/wp\/v2\/posts\/461217","targetHints":{"allow":["GET"]}}],"collection":[{"href":"https:\/\/www.estrategiaconcursos.com.br\/blog\/wp-json\/wp\/v2\/posts"}],"about":[{"href":"https:\/\/www.estrategiaconcursos.com.br\/blog\/wp-json\/wp\/v2\/types\/post"}],"author":[{"embeddable":true,"href":"https:\/\/www.estrategiaconcursos.com.br\/blog\/wp-json\/wp\/v2\/users\/555"}],"replies":[{"embeddable":true,"href":"https:\/\/www.estrategiaconcursos.com.br\/blog\/wp-json\/wp\/v2\/comments?post=461217"}],"version-history":[{"count":2,"href":"https:\/\/www.estrategiaconcursos.com.br\/blog\/wp-json\/wp\/v2\/posts\/461217\/revisions"}],"predecessor-version":[{"id":461224,"href":"https:\/\/www.estrategiaconcursos.com.br\/blog\/wp-json\/wp\/v2\/posts\/461217\/revisions\/461224"}],"wp:attachment":[{"href":"https:\/\/www.estrategiaconcursos.com.br\/blog\/wp-json\/wp\/v2\/media?parent=461217"}],"wp:term":[{"taxonomy":"category","embeddable":true,"href":"https:\/\/www.estrategiaconcursos.com.br\/blog\/wp-json\/wp\/v2\/categories?post=461217"},{"taxonomy":"post_tag","embeddable":true,"href":"https:\/\/www.estrategiaconcursos.com.br\/blog\/wp-json\/wp\/v2\/tags?post=461217"},{"taxonomy":"tax_estado","embeddable":true,"href":"https:\/\/www.estrategiaconcursos.com.br\/blog\/wp-json\/wp\/v2\/tax_estado?post=461217"}],"curies":[{"name":"wp","href":"https:\/\/api.w.org\/{rel}","templated":true}]}}