{"id":461002,"date":"2020-01-27T00:45:00","date_gmt":"2020-01-27T03:45:00","guid":{"rendered":"https:\/\/www.estrategiaconcursos.com.br\/blog\/?p=461002"},"modified":"2020-01-28T10:48:12","modified_gmt":"2020-01-28T13:48:12","slug":"concurso-campo-novo-do-parecis","status":"publish","type":"post","link":"https:\/\/www.estrategiaconcursos.com.br\/blog\/concurso-campo-novo-do-parecis\/","title":{"rendered":"Concurso Campo Novo do Parecis: 36 vagas para todos os n\u00edveis"},"content":{"rendered":"\n<h2 class=\"wp-block-heading\"><em>Provas est\u00e3o previstas para o dia 01 de mar\u00e7o<\/em><\/h2>\n\n\n\n<p>O edital do concurso Campo Novo do Parecis, munic\u00edpio do Estado do Mato Grosso do Sul, oferta 36 vagas imediatas e forma\u00e7\u00e3o de cadastro reserva. As oportunidades da Prefeitura foram distribu\u00eddas entre cargos de n\u00edvel fundamental, m\u00e9dio, t\u00e9cnico e superior.<\/p>\n\n\n\n<p>Os interessados puderam realizar as inscri\u00e7\u00f5es at\u00e9 o dia 26 de janeiro, no site da banca organizadora, a Universidade Federal de Mato Grosso-UFMT. As taxas foram definidas de acordo com o cargo pretendido, sendo:<\/p>\n\n\n\n<ul class=\"wp-block-list\"><li><strong>N\u00edvel fundamental:<\/strong>\u00a0R$ 50,00<\/li><li><strong>N\u00edvel m\u00e9dio:<\/strong>\u00a0R$ 60,00<\/li><li><strong>N\u00edvel superior:\u00a0<\/strong>R$ 100,00<\/li><\/ul>\n\n\n\n<p>Confira neste artigo as principais informa\u00e7\u00f5es sobre este certame e saiba como se preparar. Acompanhe os t\u00f3picos abaixo e n\u00e3o perca nenhum detalhe:<\/p>\n\n\n\n<ul class=\"wp-block-list\"><li><em><a href=\"#datas\">Principais datas<\/a><\/em><\/li><li><em><a href=\"#cargos-vagas\">Cargos e vagas<\/a><\/em><\/li><li><em><a href=\"#etapas\">Etapas e provas<\/a><\/em><\/li><li><em><a href=\"#cursos-assinatura\">Cursos e Assinatura<\/a><\/em><\/li><li><em><a href=\"#ficha-tecnica\">Ficha t\u00e9cnica<\/a><\/em><\/li><\/ul>\n\n\n\n<h2 class=\"wp-block-heading\" id=\"datas\">Principais datas do concurso Campo Novo do Parecis<\/h2>\n\n\n\n<p class=\"has-background has-very-light-gray-background-color\"><strong>Inscri\u00e7\u00f5es<\/strong>: <s>06 a 26 de janeiro<\/s><br \/><strong>Isen\u00e7\u00e3o da taxa<\/strong>: <s>06 a 08 de janeiro<\/s><br \/><strong>\u00daltimo dia para pagamento<\/strong>: <s>27 de janeiro<\/s><br \/><strong>Prova<\/strong>: 01 de mar\u00e7o<\/p>\n\n\n\n<h2 class=\"wp-block-heading\" id=\"cargos-vagas\">Cargos e vagas do concurso Campo Novo do Parecis <\/h2>\n\n\n\n<h3 class=\"wp-block-heading\">N\u00edvel fundamental<\/h3>\n\n\n\n<figure class=\"wp-block-table is-style-stripes\"><table class=\"has-subtle-pale-blue-background-color has-fixed-layout has-background\"><tbody><tr><td><strong>CARGO<\/strong><\/td><td><strong>VAGAS<\/strong><\/td><td><strong>REMUNERA\u00c7\u00c3O<\/strong><\/td><\/tr><tr><td> AGENTE OPERACIONAL DE SA\u00daDE <\/td><td> CR <\/td><td> 1.779,16 <\/td><\/tr><tr><td> BORRACHEIRO <\/td><td> CR <\/td><td> 1.955,12 <\/td><\/tr><tr><td> ELETRICISTA DE AUTOEL\u00c9TRICA <\/td><td> CR <\/td><td> 2.074,13 <\/td><\/tr><tr><td> ELETRICISTA DE OBRAS <\/td><td> CR <\/td><td> 2.074,13 <\/td><\/tr><tr><td> ENCANADOR <\/td><td> 1 <\/td><td> 1.955,12 <\/td><\/tr><tr><td> MEC\u00c2NICO DE M\u00c1QUINAS PESADAS <\/td><td> 1 <\/td><td> 2.871,80 <\/td><\/tr><tr><td> MEC\u00c2NICO DE VE\u00cdCULOS <\/td><td> 1 <\/td><td> 2.311,80 <\/td><\/tr><tr><td> MOTORISTA DE VE\u00cdCULOS LEVES <\/td><td> 1 <\/td><td> 1.779,16 <\/td><\/tr><tr><td> MOTORISTA DE VE\u00cdCULOS PESADOS <\/td><td> 1 <\/td><td> 2.079,64 <\/td><\/tr><tr><td> OPERADOR DE MOTONIVELADORA <\/td><td> 1 <\/td><td> 2.311,80 <\/td><\/tr><tr><td> OPERADOR DE OUTRAS M\u00c1QUINAS <\/td><td> 1 <\/td><td> 2.311,80 <\/td><\/tr><tr><td> PEDREIRO <\/td><td> 1 <\/td><td> 1.955,12 <\/td><\/tr><tr><td> TORNEIRO MEC\u00c2NICO <\/td><td> 1 <\/td><td> 2.074,13 <\/td><\/tr><\/tbody><\/table><\/figure>\n\n\n\n<h3 class=\"wp-block-heading\">N\u00edvel m\u00e9dio e t\u00e9cnico<\/h3>\n\n\n\n<figure class=\"wp-block-table is-style-stripes\"><table class=\"has-subtle-pale-blue-background-color has-fixed-layout has-background\"><tbody><tr><td><strong>CARGO<\/strong><\/td><td><strong>VAGAS<\/strong><\/td><td><strong>REMUNERA\u00c7\u00c3O<\/strong><\/td><\/tr><tr><td> AGENTE ADMINISTRATIVO <\/td><td>7 + CR <\/td><td> 2.297,44 <\/td><\/tr><tr><td> AGENTE DE FISCALIZA\u00c7\u00c3O SANIT\u00c1RIA <\/td><td> 1 <\/td><td> 1.848,54 <\/td><\/tr><tr><td> AGENTE DE SERVI\u00c7O DE INSPE\u00c7\u00c3O MUNICIPAL <\/td><td> CR <\/td><td> 2.014,85 <\/td><\/tr><tr><td> AGENTE EDUCACIONAL \/ AUXILIAR DE CRECHE <\/td><td>1 + CR <\/td><td> 2.223,05 <\/td><\/tr><tr><td> AUXILIAR DE SA\u00daDE BUCAL <\/td><td>2 + CR <\/td><td> 1.779,16 <\/td><\/tr><tr><td> T\u00c9CNICO EM CONTABILIDADE <\/td><td> 1 <\/td><td> 4.020,53 <\/td><\/tr><tr><td> T\u00c9CNICO EM ENFERMAGEM <\/td><td> CR <\/td><td> 2.642,06 <\/td><\/tr><tr><td> T\u00c9CNICO EM INFORM\u00c1TICA <\/td><td> CR <\/td><td> 2.642,06 <\/td><\/tr><\/tbody><\/table><\/figure>\n\n\n\n<h3 class=\"wp-block-heading\">N\u00edvel superior<\/h3>\n\n\n\n<figure class=\"wp-block-table is-style-stripes\"><table class=\"has-subtle-pale-blue-background-color has-fixed-layout has-background\"><tbody><tr><td><strong>CARGO<\/strong><\/td><td><strong>VAGAS<\/strong><\/td><td><strong>REMUNERA\u00c7\u00c3O<\/strong><\/td><\/tr><tr><td> ANALISTA DE INFORM\u00c1TICA <\/td><td> CR <\/td><td> 4.447,91 <\/td><\/tr><tr><td> ARQUITETO <\/td><td> CR <\/td><td> 6.989,58 <\/td><\/tr><tr><td> ASSISTENTE SOCIAL <\/td><td> CR <\/td><td> 4.447,91 <\/td><\/tr><tr><td> AUDITOR P\u00daBLICO INTERNO <\/td><td> CR <\/td><td> 6.354,16 <\/td><\/tr><tr><td> BIOQU\u00cdMICO <\/td><td> 1 <\/td><td> 4.447,91 <\/td><\/tr><tr><td> CIRURGI\u00c3O DENTISTA <\/td><td> CR <\/td><td> 4.447,91 <\/td><\/tr><tr><td> CONTADOR <\/td><td> CR <\/td><td> 6.989,58 <\/td><\/tr><tr><td> ENFERMEIRO <\/td><td> CR <\/td><td> 4.447,91 <\/td><\/tr><tr><td> ENGENHEIRO AGR\u00d4NOMO <\/td><td> 1 <\/td><td> 5.718,74 <\/td><\/tr><tr><td> ENGENHEIRO CIVIL <\/td><td> CR <\/td><td> 6.989,58 <\/td><\/tr><tr><td> FARMAC\u00caUTICO <\/td><td> CR <\/td><td> 4.447,91 <\/td><\/tr><tr><td> FISIOTERAPEUTA <\/td><td> CR <\/td><td> 4.447,91 <\/td><\/tr><tr><td> FONOAUDI\u00d3LOGO <\/td><td> 1 <\/td><td> 4.447,91 <\/td><\/tr><tr><td> M\u00c9DICO (V\u00c1RIOS)<\/td><td>10 + CR <\/td><td> 9.882,85 &#8211; 14.823,63 &#8211; 19.764,86 <\/td><\/tr><tr><td> NUTRICIONISTA <\/td><td> CR <\/td><td> 4.447,91 <\/td><\/tr><tr><td> PSIC\u00d3LOGO <\/td><td> 2 <\/td><td> 4.447,91 <\/td><\/tr><\/tbody><\/table><\/figure>\n\n\n\n<h2 class=\"wp-block-heading\" id=\"etapas\">Etapas e provas do concurso Campo Novo do Parecis <\/h2>\n\n\n\n<p>O concurso Campo Novo do Parecis compreender\u00e1 das seguintes etapas:<\/p>\n\n\n\n<ul class=\"wp-block-list\"><li><strong>Para todos os cargos de N\u00edvel Superior<\/strong><ul><li><em>1\u00aa Etapa<\/em> &#8211; Prova Objetiva, de car\u00e1ter eliminat\u00f3rio e classificat\u00f3rio<\/li><li><em>2\u00aa Etapa<\/em> &#8211; Avalia\u00e7\u00e3o de T\u00edtulos, de car\u00e1ter unicamente classificat\u00f3rio<\/li><\/ul><\/li><\/ul>\n\n\n\n<ul class=\"wp-block-list\"><li><strong>Para todos os cargos de N\u00edvel M\u00e9dio e T\u00e9cnico<\/strong><ul><li><em>Etapa \u00fanica<\/em> &#8211; Prova Objetiva, de car\u00e1ter eliminat\u00f3rio e classificat\u00f3rio<\/li><\/ul><\/li><\/ul>\n\n\n\n<ul class=\"wp-block-list\"><li><strong>Para todos os cargos de N\u00edvel Fundamental<\/strong><ul><li><em>Etapa \u00fanica<\/em> &#8211; Prova Objetiva, de car\u00e1ter eliminat\u00f3rio e classificat\u00f3rio<\/li><\/ul><\/li><\/ul>\n\n\n\n<h3 class=\"wp-block-heading\">Prova Objetiva<\/h3>\n\n\n\n<p>As Provas Objetivas est\u00e3o previstas para acontecer no dia 01 de mar\u00e7o, somente na cidade de Campo Novo do Parecis-MT. Para os cargos de n\u00edvel m\u00e9dio e t\u00e9cnico ser\u00e3o aplicadas no per\u00edodo matutino e para de n\u00edvel superior, no per\u00edodo vespertino. Todas com dura\u00e7\u00e3o de 4 horas.<\/p>\n\n\n\n<p>Esta etapa ser\u00e1 de car\u00e1ter eliminat\u00f3rio e classificat\u00f3rio, sendo composta de quest\u00f5es objetivas do tipo m\u00faltipla escolha. Cada quest\u00e3o conter\u00e1 quatro alternativas (A, B, C e D) e somente uma responder\u00e1 acertadamente ao comando da quest\u00e3o. <\/p>\n\n\n\n<ul class=\"wp-block-list\"><li><strong>Cargos de n\u00edvel fundamental, m\u00e9dio e t\u00e9cnico:<\/strong><ul><li><em>L\u00edngua Portuguesa &#8211; 10 <\/em><\/li><li><em>Matem\u00e1tica &#8211; 10 <\/em><\/li><li><em>Inform\u00e1tica B\u00e1sica &#8211; 05 <\/em><\/li><li><em>Legisla\u00e7\u00e3o B\u00e1sica &#8211; 05 <\/em><\/li><li><em>Conhecimentos Espec\u00edficos &#8211; 10 <\/em><\/li><\/ul><\/li><\/ul>\n\n\n\n<ul class=\"wp-block-list\"><li><strong>Cargos de M\u00e9dico (todos) e Cirurgi\u00e3o Dentista:<\/strong><ul><li><em>L\u00edngua Portuguesa &#8211; 10 <\/em><\/li><li><em>Conhecimentos Espec\u00edficos &#8211; 50 <\/em><\/li><\/ul><\/li><\/ul>\n\n\n\n<ul class=\"wp-block-list\"><li><strong>Demais cargos de n\u00edvel superior:<\/strong><ul><li><em>L\u00edngua Portuguesa &#8211; 10 <\/em><\/li><li><em>Inform\u00e1tica B\u00e1sica &#8211; 05 <\/em><\/li><li><em>Legisla\u00e7\u00e3o B\u00e1sica &#8211; 05 <\/em><\/li><li><em>Conhecimentos Espec\u00edficos &#8211; 20 <\/em><\/li><\/ul><\/li><\/ul>\n\n\n\n<h3 class=\"wp-block-heading\">Prova de T\u00edtulos<\/h3>\n\n\n\n<p>A Avalia\u00e7\u00e3o de T\u00edtulos, de car\u00e1ter unicamente classificat\u00f3rio, ocorrer\u00e1 somente para os cargos de N\u00edvel Superior. Para cada cargo, ser\u00e3o selecionados para esta etapa somente os candidatos com pontua\u00e7\u00e3o na Prova Objetiva igual ou superior a 50% da pontua\u00e7\u00e3o m\u00e1xima, segundo a ordem decrescente da pontua\u00e7\u00e3o, at\u00e9 a 30\u00aa posi\u00e7\u00e3o. <\/p>\n\n\n\n<p>Todos os t\u00edtulos dever\u00e3o ser comprovados por meio de apresenta\u00e7\u00e3o de c\u00f3pia simples de comprovante de conclus\u00e3o de curso, expedidos at\u00e9 21 de fevereiro de 2020.<\/p>\n\n\n\n<ul class=\"wp-block-list\"><li>Curso de P\u00f3s-Gradua\u00e7\u00e3o <em>Stricto Sensu<\/em> em n\u00edvel de <strong>Doutorado <\/strong>&#8211; 5,0<\/li><li>Curso de P\u00f3s-Gradua\u00e7\u00e3o <em>Stricto Sensu<\/em> em n\u00edvel de <strong>Mestrado <\/strong>&#8211; 3,0<\/li><li>Curso de P\u00f3s-Gradua\u00e7\u00e3o <em>Lato Sensu<\/em> em n\u00edvel de <strong>Especializa\u00e7\u00e3o<\/strong>, com carga hor\u00e1ria m\u00ednima de 360 horas &#8211; 2,0<\/li><\/ul>\n\n\n\n<hr class=\"wp-block-separator\"\/>\n\n\n\n<h2 class=\"has-text-align-center wp-block-heading\" id=\"cursos-assinatura\">Quer estudar para o concurso Campo Novo do Parecis?<\/h2>\n\n\n\n<p class=\"has-text-align-center\"><em>Gostou desta oportunidade e deseja come\u00e7ar se preparar agora mesmo? Ent\u00e3o, confira os nossos cursos e comece a estudar:<\/em><\/p>\n\n\n\n<p style=\"font-size:22px\" class=\"has-background has-text-align-center has-light-green-cyan-background-color\"><strong><a rel=\"noreferrer noopener\" href=\"https:\/\/www.estrategiaconcursos.com.br\/cursos\/concurso\/\" target=\"_blank\">Curso para concurso<\/a><\/strong><\/p>\n\n\n\n<p class=\"has-text-align-center has-medium-font-size\"><em><strong>Assinatura Anual Ilimitada*<\/strong><\/em><\/p>\n\n\n\n<p class=\"has-text-align-center\"><em>Prepare-se com o melhor material e com quem mais aprova em Concursos P\u00fablicos em todo o pa\u00eds. Assine agora a nossa Assinatura Anual e tenha acesso ilimitado* a todos os nossos cursos.<\/em><\/p>\n\n\n\n<p style=\"font-size:22px\" class=\"has-background has-text-align-center has-luminous-vivid-amber-background-color\"><strong>ASSINE AGORA<\/strong>&nbsp;\u2013&nbsp;<strong><a rel=\"noreferrer noopener\" href=\"https:\/\/www.estrategiaconcursos.com.br\/assinaturas\" target=\"_blank\">Assinatura Ilimitada<\/a><\/strong><\/p>\n\n\n\n<p class=\"has-text-align-center has-medium-font-size\"><strong><em>Fique por dentro de todos os concursos<\/em><\/strong><\/p>\n\n\n\n<p style=\"font-size:22px\" class=\"has-background has-text-align-center has-pale-cyan-blue-background-color\"><a rel=\"noreferrer noopener\" href=\"https:\/\/www.estrategiaconcursos.com.br\/blog\/concursos-abertos\/\" target=\"_blank\"><strong>CONCURSOS ABERTOS<\/strong><\/a><\/p>\n\n\n\n<p style=\"font-size:22px\" class=\"has-background has-text-align-center has-pale-cyan-blue-background-color\"><a rel=\"noreferrer noopener\" href=\"https:\/\/www.estrategiaconcursos.com.br\/blog\/concursos-2020\/\" target=\"_blank\"><strong>CONCURSOS&nbsp;2020<\/strong><\/a><\/p>\n\n\n\n<figure class=\"wp-block-image\"><img loading=\"lazy\" decoding=\"async\" width=\"300\" height=\"102\" src=\"https:\/\/dhg1h5j42swfq.cloudfront.net\/2017\/03\/28152500\/coruja-ficha-tecnica-300x102.png\" alt=\"Ficha t\u00e9cnica do Concurso Campo Novo do Parecis\" class=\"wp-image-68542\"\/><\/figure>\n\n\n\n<h3 class=\"wp-block-heading\" id=\"ficha-tecnica\"><strong>Informa\u00e7\u00f5es sobre o c<\/strong>oncurso Campo Novo do Parecis-MT<\/h3>\n\n\n\n<p>\u25ba<strong>Provas<\/strong>: 01\/03<br \/>\u25ba<strong>Vagas<\/strong>: 36 + CR<br \/>\u25ba<strong>Cargos<\/strong>: V\u00e1rios<br \/>\u25ba<strong>Banca<\/strong>: UFMT <br \/>\u25ba<strong>Escolaridade<\/strong>: N\u00edvel fundamental, m\u00e9dio, t\u00e9cnico e superior<br \/>\u25ba<strong>Edital<\/strong>:\u00a0<strong><a rel=\"noreferrer noopener\" aria-label=\"Edital Campo Novo do Parecis (abre numa nova aba)\" href=\"https:\/\/dhg1h5j42swfq.cloudfront.net\/2019\/12\/16114416\/Edital_Campo_Novo_do_Parecis_MT.pdf\" target=\"_blank\">Edital Campo Novo do Parecis<\/a><\/strong><\/p>\n\n\n\n<p><br \/><em>Ascom Estrat\u00e9gia<\/em><br \/>ascomestrategia@gmail.com<\/p>\n","protected":false},"excerpt":{"rendered":"<p>Provas est\u00e3o previstas para o dia 01 de mar\u00e7o O edital do concurso Campo Novo do Parecis, munic\u00edpio do Estado do Mato Grosso do Sul, oferta 36 vagas imediatas e forma\u00e7\u00e3o de cadastro reserva. As oportunidades da Prefeitura foram distribu\u00eddas entre cargos de n\u00edvel fundamental, m\u00e9dio, t\u00e9cnico e superior. Os interessados puderam realizar as inscri\u00e7\u00f5es [&hellip;]<\/p>\n","protected":false},"author":1,"featured_media":474794,"comment_status":"open","ping_status":"closed","sticky":false,"template":"","format":"standard","meta":{"post_tipo":"news","footnotes":""},"categories":[1],"tags":[],"tax_estado":[],"class_list":["post-461002","post","type-post","status-publish","format-standard","has-post-thumbnail","hentry","category-cursos-e-concursos"],"acf":[],"yoast_head":"<!-- This site is optimized with the Yoast SEO Premium plugin v27.2 (Yoast SEO v27.2) - https:\/\/yoast.com\/product\/yoast-seo-premium-wordpress\/ -->\n<title>Concurso Campo Novo do Parecis: 36 vagas para todos os n\u00edveis<\/title>\n<meta name=\"description\" content=\"Concurso Campo Novo do Parecis: Edital com vagas imediatas e CR para todas as escolaridades. Provas em mar\u00e7o. Saiba mais!\" \/>\n<meta name=\"robots\" content=\"index, follow, max-snippet:-1, max-image-preview:large, max-video-preview:-1\" \/>\n<link rel=\"canonical\" href=\"https:\/\/www.estrategiaconcursos.com.br\/blog\/concurso-campo-novo-do-parecis\/\" \/>\n<meta property=\"og:locale\" content=\"pt_BR\" \/>\n<meta property=\"og:type\" content=\"article\" \/>\n<meta property=\"og:title\" content=\"Concurso Campo Novo do Parecis: 36 vagas para todos os n\u00edveis\" \/>\n<meta property=\"og:description\" content=\"Concurso Campo Novo do Parecis: Edital com vagas imediatas e CR para todas as escolaridades. Provas em mar\u00e7o. Saiba mais!\" \/>\n<meta property=\"og:url\" content=\"https:\/\/www.estrategiaconcursos.com.br\/blog\/concurso-campo-novo-do-parecis\/\" \/>\n<meta property=\"og:site_name\" content=\"Estrat\u00e9gia Concursos\" \/>\n<meta property=\"article:author\" content=\"https:\/\/www.facebook.com\/EstrategiaConcursos\" \/>\n<meta property=\"article:published_time\" content=\"2020-01-27T03:45:00+00:00\" \/>\n<meta property=\"article:modified_time\" content=\"2020-01-28T13:48:12+00:00\" \/>\n<meta property=\"og:image\" content=\"https:\/\/dhg1h5j42swfq.cloudfront.net\/2019\/12\/28104733\/CAMPO_NOVO.jpg\" \/>\n\t<meta property=\"og:image:width\" content=\"1200\" \/>\n\t<meta property=\"og:image:height\" content=\"625\" \/>\n\t<meta property=\"og:image:type\" content=\"image\/jpeg\" \/>\n<meta name=\"author\" content=\"Coordena\u00e7\u00e3o\" \/>\n<meta name=\"twitter:card\" content=\"summary_large_image\" \/>\n<meta name=\"twitter:creator\" content=\"@EstratConcursos\" \/>\n<meta name=\"twitter:site\" content=\"@EstratConcursos\" \/>\n<meta name=\"twitter:label1\" content=\"Escrito por\" \/>\n\t<meta name=\"twitter:data1\" content=\"Coordena\u00e7\u00e3o\" \/>\n\t<meta name=\"twitter:label2\" content=\"Est. tempo de leitura\" \/>\n\t<meta name=\"twitter:data2\" content=\"4 minutos\" \/>\n<script type=\"application\/ld+json\" class=\"yoast-schema-graph\">{\"@context\":\"https:\/\/schema.org\",\"@graph\":[{\"@type\":\"NewsArticle\",\"@id\":\"https:\/\/www.estrategiaconcursos.com.br\/blog\/concurso-campo-novo-do-parecis\/#article\",\"isPartOf\":{\"@id\":\"https:\/\/www.estrategiaconcursos.com.br\/blog\/concurso-campo-novo-do-parecis\/\"},\"author\":{\"name\":\"Coordena\u00e7\u00e3o\",\"@id\":\"https:\/\/www.estrategiaconcursos.com.br\/blog\/#\/schema\/person\/b4a388c97673c5f483d72185668afa1f\"},\"headline\":\"Concurso Campo Novo do Parecis: 36 vagas para todos os n\u00edveis\",\"datePublished\":\"2020-01-27T03:45:00+00:00\",\"dateModified\":\"2020-01-28T13:48:12+00:00\",\"mainEntityOfPage\":{\"@id\":\"https:\/\/www.estrategiaconcursos.com.br\/blog\/concurso-campo-novo-do-parecis\/\"},\"wordCount\":898,\"commentCount\":0,\"publisher\":{\"@id\":\"https:\/\/www.estrategiaconcursos.com.br\/blog\/#organization\"},\"image\":{\"@id\":\"https:\/\/www.estrategiaconcursos.com.br\/blog\/concurso-campo-novo-do-parecis\/#primaryimage\"},\"thumbnailUrl\":\"https:\/\/dhg1h5j42swfq.cloudfront.net\/2019\/12\/28104733\/CAMPO_NOVO.jpg\",\"articleSection\":[\"Concursos P\u00fablicos\"],\"inLanguage\":\"pt-BR\",\"potentialAction\":[{\"@type\":\"CommentAction\",\"name\":\"Comment\",\"target\":[\"https:\/\/www.estrategiaconcursos.com.br\/blog\/concurso-campo-novo-do-parecis\/#respond\"]}],\"copyrightYear\":\"2020\",\"copyrightHolder\":{\"@id\":\"https:\/\/www.estrategiaconcursos.com.br\/blog\/#organization\"}},{\"@type\":\"WebPage\",\"@id\":\"https:\/\/www.estrategiaconcursos.com.br\/blog\/concurso-campo-novo-do-parecis\/\",\"url\":\"https:\/\/www.estrategiaconcursos.com.br\/blog\/concurso-campo-novo-do-parecis\/\",\"name\":\"Concurso Campo Novo do Parecis: 36 vagas para todos os n\u00edveis\",\"isPartOf\":{\"@id\":\"https:\/\/www.estrategiaconcursos.com.br\/blog\/#website\"},\"primaryImageOfPage\":{\"@id\":\"https:\/\/www.estrategiaconcursos.com.br\/blog\/concurso-campo-novo-do-parecis\/#primaryimage\"},\"image\":{\"@id\":\"https:\/\/www.estrategiaconcursos.com.br\/blog\/concurso-campo-novo-do-parecis\/#primaryimage\"},\"thumbnailUrl\":\"https:\/\/dhg1h5j42swfq.cloudfront.net\/2019\/12\/28104733\/CAMPO_NOVO.jpg\",\"datePublished\":\"2020-01-27T03:45:00+00:00\",\"dateModified\":\"2020-01-28T13:48:12+00:00\",\"description\":\"Concurso Campo Novo do Parecis: Edital com vagas imediatas e CR para todas as escolaridades. Provas em mar\u00e7o. Saiba mais!\",\"breadcrumb\":{\"@id\":\"https:\/\/www.estrategiaconcursos.com.br\/blog\/concurso-campo-novo-do-parecis\/#breadcrumb\"},\"inLanguage\":\"pt-BR\",\"potentialAction\":[{\"@type\":\"ReadAction\",\"target\":[\"https:\/\/www.estrategiaconcursos.com.br\/blog\/concurso-campo-novo-do-parecis\/\"]}]},{\"@type\":\"ImageObject\",\"inLanguage\":\"pt-BR\",\"@id\":\"https:\/\/www.estrategiaconcursos.com.br\/blog\/concurso-campo-novo-do-parecis\/#primaryimage\",\"url\":\"https:\/\/dhg1h5j42swfq.cloudfront.net\/2019\/12\/28104733\/CAMPO_NOVO.jpg\",\"contentUrl\":\"https:\/\/dhg1h5j42swfq.cloudfront.net\/2019\/12\/28104733\/CAMPO_NOVO.jpg\",\"width\":1200,\"height\":625},{\"@type\":\"BreadcrumbList\",\"@id\":\"https:\/\/www.estrategiaconcursos.com.br\/blog\/concurso-campo-novo-do-parecis\/#breadcrumb\",\"itemListElement\":[{\"@type\":\"ListItem\",\"position\":1,\"name\":\"In\u00edcio\",\"item\":\"https:\/\/www.estrategiaconcursos.com.br\/blog\/\"},{\"@type\":\"ListItem\",\"position\":2,\"name\":\"Concurso Campo Novo do Parecis: 36 vagas para todos os n\u00edveis\"}]},{\"@type\":\"WebSite\",\"@id\":\"https:\/\/www.estrategiaconcursos.com.br\/blog\/#website\",\"url\":\"https:\/\/www.estrategiaconcursos.com.br\/blog\/\",\"name\":\"Estrat\u00e9gia Concursos\",\"description\":\"O blog da Estrat\u00e9gia Concursos traz not\u00edcias sobre concursos e artigos de professores oferecendo cursos para concursos (pdf + videaulas) no site.\",\"publisher\":{\"@id\":\"https:\/\/www.estrategiaconcursos.com.br\/blog\/#organization\"},\"potentialAction\":[{\"@type\":\"SearchAction\",\"target\":{\"@type\":\"EntryPoint\",\"urlTemplate\":\"https:\/\/www.estrategiaconcursos.com.br\/blog\/?s={search_term_string}\"},\"query-input\":{\"@type\":\"PropertyValueSpecification\",\"valueRequired\":true,\"valueName\":\"search_term_string\"}}],\"inLanguage\":\"pt-BR\"},{\"@type\":\"Organization\",\"@id\":\"https:\/\/www.estrategiaconcursos.com.br\/blog\/#organization\",\"name\":\"Estrat\u00e9gia Concursos\",\"url\":\"https:\/\/www.estrategiaconcursos.com.br\/blog\/\",\"logo\":{\"@type\":\"ImageObject\",\"inLanguage\":\"pt-BR\",\"@id\":\"https:\/\/www.estrategiaconcursos.com.br\/blog\/#\/schema\/logo\/image\/\",\"url\":\"https:\/\/dhg1h5j42swfq.cloudfront.net\/2025\/06\/03203428\/logo_concursos-1.jpg\",\"contentUrl\":\"https:\/\/dhg1h5j42swfq.cloudfront.net\/2025\/06\/03203428\/logo_concursos-1.jpg\",\"width\":230,\"height\":60,\"caption\":\"Estrat\u00e9gia Concursos\"},\"image\":{\"@id\":\"https:\/\/www.estrategiaconcursos.com.br\/blog\/#\/schema\/logo\/image\/\"},\"sameAs\":[\"https:\/\/x.com\/EstratConcursos\"]},{\"@type\":\"Person\",\"@id\":\"https:\/\/www.estrategiaconcursos.com.br\/blog\/#\/schema\/person\/b4a388c97673c5f483d72185668afa1f\",\"name\":\"Coordena\u00e7\u00e3o\",\"image\":{\"@type\":\"ImageObject\",\"inLanguage\":\"pt-BR\",\"@id\":\"https:\/\/secure.gravatar.com\/avatar\/b720319e4c9a967eb58678d110f4fe35452fc5d5f97b202bac7b8acceb18c6ad?s=96&d=mm&r=g\",\"url\":\"https:\/\/secure.gravatar.com\/avatar\/b720319e4c9a967eb58678d110f4fe35452fc5d5f97b202bac7b8acceb18c6ad?s=96&d=mm&r=g\",\"contentUrl\":\"https:\/\/secure.gravatar.com\/avatar\/b720319e4c9a967eb58678d110f4fe35452fc5d5f97b202bac7b8acceb18c6ad?s=96&d=mm&r=g\",\"caption\":\"Coordena\u00e7\u00e3o\"},\"sameAs\":[\"https:\/\/www.facebook.com\/EstrategiaConcursos\",\"https:\/\/x.com\/EstratConcursos\"],\"url\":\"https:\/\/www.estrategiaconcursos.com.br\/blog\/author\/estrategia2013\/\"}]}<\/script>\n<!-- \/ Yoast SEO Premium plugin. -->","yoast_head_json":{"title":"Concurso Campo Novo do Parecis: 36 vagas para todos os n\u00edveis","description":"Concurso Campo Novo do Parecis: Edital com vagas imediatas e CR para todas as escolaridades. Provas em mar\u00e7o. Saiba mais!","robots":{"index":"index","follow":"follow","max-snippet":"max-snippet:-1","max-image-preview":"max-image-preview:large","max-video-preview":"max-video-preview:-1"},"canonical":"https:\/\/www.estrategiaconcursos.com.br\/blog\/concurso-campo-novo-do-parecis\/","og_locale":"pt_BR","og_type":"article","og_title":"Concurso Campo Novo do Parecis: 36 vagas para todos os n\u00edveis","og_description":"Concurso Campo Novo do Parecis: Edital com vagas imediatas e CR para todas as escolaridades. Provas em mar\u00e7o. Saiba mais!","og_url":"https:\/\/www.estrategiaconcursos.com.br\/blog\/concurso-campo-novo-do-parecis\/","og_site_name":"Estrat\u00e9gia Concursos","article_author":"https:\/\/www.facebook.com\/EstrategiaConcursos","article_published_time":"2020-01-27T03:45:00+00:00","article_modified_time":"2020-01-28T13:48:12+00:00","og_image":[{"width":1200,"height":625,"url":"https:\/\/dhg1h5j42swfq.cloudfront.net\/2019\/12\/28104733\/CAMPO_NOVO.jpg","type":"image\/jpeg"}],"author":"Coordena\u00e7\u00e3o","twitter_card":"summary_large_image","twitter_creator":"@EstratConcursos","twitter_site":"@EstratConcursos","twitter_misc":{"Escrito por":"Coordena\u00e7\u00e3o","Est. tempo de leitura":"4 minutos"},"schema":{"@context":"https:\/\/schema.org","@graph":[{"@type":"NewsArticle","@id":"https:\/\/www.estrategiaconcursos.com.br\/blog\/concurso-campo-novo-do-parecis\/#article","isPartOf":{"@id":"https:\/\/www.estrategiaconcursos.com.br\/blog\/concurso-campo-novo-do-parecis\/"},"author":{"name":"Coordena\u00e7\u00e3o","@id":"https:\/\/www.estrategiaconcursos.com.br\/blog\/#\/schema\/person\/b4a388c97673c5f483d72185668afa1f"},"headline":"Concurso Campo Novo do Parecis: 36 vagas para todos os n\u00edveis","datePublished":"2020-01-27T03:45:00+00:00","dateModified":"2020-01-28T13:48:12+00:00","mainEntityOfPage":{"@id":"https:\/\/www.estrategiaconcursos.com.br\/blog\/concurso-campo-novo-do-parecis\/"},"wordCount":898,"commentCount":0,"publisher":{"@id":"https:\/\/www.estrategiaconcursos.com.br\/blog\/#organization"},"image":{"@id":"https:\/\/www.estrategiaconcursos.com.br\/blog\/concurso-campo-novo-do-parecis\/#primaryimage"},"thumbnailUrl":"https:\/\/dhg1h5j42swfq.cloudfront.net\/2019\/12\/28104733\/CAMPO_NOVO.jpg","articleSection":["Concursos P\u00fablicos"],"inLanguage":"pt-BR","potentialAction":[{"@type":"CommentAction","name":"Comment","target":["https:\/\/www.estrategiaconcursos.com.br\/blog\/concurso-campo-novo-do-parecis\/#respond"]}],"copyrightYear":"2020","copyrightHolder":{"@id":"https:\/\/www.estrategiaconcursos.com.br\/blog\/#organization"}},{"@type":"WebPage","@id":"https:\/\/www.estrategiaconcursos.com.br\/blog\/concurso-campo-novo-do-parecis\/","url":"https:\/\/www.estrategiaconcursos.com.br\/blog\/concurso-campo-novo-do-parecis\/","name":"Concurso Campo Novo do Parecis: 36 vagas para todos os n\u00edveis","isPartOf":{"@id":"https:\/\/www.estrategiaconcursos.com.br\/blog\/#website"},"primaryImageOfPage":{"@id":"https:\/\/www.estrategiaconcursos.com.br\/blog\/concurso-campo-novo-do-parecis\/#primaryimage"},"image":{"@id":"https:\/\/www.estrategiaconcursos.com.br\/blog\/concurso-campo-novo-do-parecis\/#primaryimage"},"thumbnailUrl":"https:\/\/dhg1h5j42swfq.cloudfront.net\/2019\/12\/28104733\/CAMPO_NOVO.jpg","datePublished":"2020-01-27T03:45:00+00:00","dateModified":"2020-01-28T13:48:12+00:00","description":"Concurso Campo Novo do Parecis: Edital com vagas imediatas e CR para todas as escolaridades. Provas em mar\u00e7o. Saiba mais!","breadcrumb":{"@id":"https:\/\/www.estrategiaconcursos.com.br\/blog\/concurso-campo-novo-do-parecis\/#breadcrumb"},"inLanguage":"pt-BR","potentialAction":[{"@type":"ReadAction","target":["https:\/\/www.estrategiaconcursos.com.br\/blog\/concurso-campo-novo-do-parecis\/"]}]},{"@type":"ImageObject","inLanguage":"pt-BR","@id":"https:\/\/www.estrategiaconcursos.com.br\/blog\/concurso-campo-novo-do-parecis\/#primaryimage","url":"https:\/\/dhg1h5j42swfq.cloudfront.net\/2019\/12\/28104733\/CAMPO_NOVO.jpg","contentUrl":"https:\/\/dhg1h5j42swfq.cloudfront.net\/2019\/12\/28104733\/CAMPO_NOVO.jpg","width":1200,"height":625},{"@type":"BreadcrumbList","@id":"https:\/\/www.estrategiaconcursos.com.br\/blog\/concurso-campo-novo-do-parecis\/#breadcrumb","itemListElement":[{"@type":"ListItem","position":1,"name":"In\u00edcio","item":"https:\/\/www.estrategiaconcursos.com.br\/blog\/"},{"@type":"ListItem","position":2,"name":"Concurso Campo Novo do Parecis: 36 vagas para todos os n\u00edveis"}]},{"@type":"WebSite","@id":"https:\/\/www.estrategiaconcursos.com.br\/blog\/#website","url":"https:\/\/www.estrategiaconcursos.com.br\/blog\/","name":"Estrat\u00e9gia Concursos","description":"O blog da Estrat\u00e9gia Concursos traz not\u00edcias sobre concursos e artigos de professores oferecendo cursos para concursos (pdf + videaulas) no site.","publisher":{"@id":"https:\/\/www.estrategiaconcursos.com.br\/blog\/#organization"},"potentialAction":[{"@type":"SearchAction","target":{"@type":"EntryPoint","urlTemplate":"https:\/\/www.estrategiaconcursos.com.br\/blog\/?s={search_term_string}"},"query-input":{"@type":"PropertyValueSpecification","valueRequired":true,"valueName":"search_term_string"}}],"inLanguage":"pt-BR"},{"@type":"Organization","@id":"https:\/\/www.estrategiaconcursos.com.br\/blog\/#organization","name":"Estrat\u00e9gia Concursos","url":"https:\/\/www.estrategiaconcursos.com.br\/blog\/","logo":{"@type":"ImageObject","inLanguage":"pt-BR","@id":"https:\/\/www.estrategiaconcursos.com.br\/blog\/#\/schema\/logo\/image\/","url":"https:\/\/dhg1h5j42swfq.cloudfront.net\/2025\/06\/03203428\/logo_concursos-1.jpg","contentUrl":"https:\/\/dhg1h5j42swfq.cloudfront.net\/2025\/06\/03203428\/logo_concursos-1.jpg","width":230,"height":60,"caption":"Estrat\u00e9gia Concursos"},"image":{"@id":"https:\/\/www.estrategiaconcursos.com.br\/blog\/#\/schema\/logo\/image\/"},"sameAs":["https:\/\/x.com\/EstratConcursos"]},{"@type":"Person","@id":"https:\/\/www.estrategiaconcursos.com.br\/blog\/#\/schema\/person\/b4a388c97673c5f483d72185668afa1f","name":"Coordena\u00e7\u00e3o","image":{"@type":"ImageObject","inLanguage":"pt-BR","@id":"https:\/\/secure.gravatar.com\/avatar\/b720319e4c9a967eb58678d110f4fe35452fc5d5f97b202bac7b8acceb18c6ad?s=96&d=mm&r=g","url":"https:\/\/secure.gravatar.com\/avatar\/b720319e4c9a967eb58678d110f4fe35452fc5d5f97b202bac7b8acceb18c6ad?s=96&d=mm&r=g","contentUrl":"https:\/\/secure.gravatar.com\/avatar\/b720319e4c9a967eb58678d110f4fe35452fc5d5f97b202bac7b8acceb18c6ad?s=96&d=mm&r=g","caption":"Coordena\u00e7\u00e3o"},"sameAs":["https:\/\/www.facebook.com\/EstrategiaConcursos","https:\/\/x.com\/EstratConcursos"],"url":"https:\/\/www.estrategiaconcursos.com.br\/blog\/author\/estrategia2013\/"}]}},"_links":{"self":[{"href":"https:\/\/www.estrategiaconcursos.com.br\/blog\/wp-json\/wp\/v2\/posts\/461002","targetHints":{"allow":["GET"]}}],"collection":[{"href":"https:\/\/www.estrategiaconcursos.com.br\/blog\/wp-json\/wp\/v2\/posts"}],"about":[{"href":"https:\/\/www.estrategiaconcursos.com.br\/blog\/wp-json\/wp\/v2\/types\/post"}],"author":[{"embeddable":true,"href":"https:\/\/www.estrategiaconcursos.com.br\/blog\/wp-json\/wp\/v2\/users\/1"}],"replies":[{"embeddable":true,"href":"https:\/\/www.estrategiaconcursos.com.br\/blog\/wp-json\/wp\/v2\/comments?post=461002"}],"version-history":[{"count":7,"href":"https:\/\/www.estrategiaconcursos.com.br\/blog\/wp-json\/wp\/v2\/posts\/461002\/revisions"}],"predecessor-version":[{"id":474796,"href":"https:\/\/www.estrategiaconcursos.com.br\/blog\/wp-json\/wp\/v2\/posts\/461002\/revisions\/474796"}],"wp:featuredmedia":[{"embeddable":true,"href":"https:\/\/www.estrategiaconcursos.com.br\/blog\/wp-json\/wp\/v2\/media\/474794"}],"wp:attachment":[{"href":"https:\/\/www.estrategiaconcursos.com.br\/blog\/wp-json\/wp\/v2\/media?parent=461002"}],"wp:term":[{"taxonomy":"category","embeddable":true,"href":"https:\/\/www.estrategiaconcursos.com.br\/blog\/wp-json\/wp\/v2\/categories?post=461002"},{"taxonomy":"post_tag","embeddable":true,"href":"https:\/\/www.estrategiaconcursos.com.br\/blog\/wp-json\/wp\/v2\/tags?post=461002"},{"taxonomy":"tax_estado","embeddable":true,"href":"https:\/\/www.estrategiaconcursos.com.br\/blog\/wp-json\/wp\/v2\/tax_estado?post=461002"}],"curies":[{"name":"wp","href":"https:\/\/api.w.org\/{rel}","templated":true}]}}