{"id":460796,"date":"2019-12-15T19:00:34","date_gmt":"2019-12-15T22:00:34","guid":{"rendered":"https:\/\/www.estrategiaconcursos.com.br\/blog\/?p=460796"},"modified":"2020-05-06T14:03:20","modified_gmt":"2020-05-06T17:03:20","slug":"concurso-pcdf-escrivao-tema-de-redacao-10","status":"publish","type":"post","link":"https:\/\/www.estrategiaconcursos.com.br\/blog\/concurso-pcdf-escrivao-tema-de-redacao-10\/","title":{"rendered":"Concurso PCDF Escriv\u00e3o: Tema de Reda\u00e7\u00e3o 10"},"content":{"rendered":"\n<p>Oi, oi, oi! A tem\u00e1tica de hoje para esse Concurso PCDF Escriv\u00e3o n\u00e3o est\u00e1 f\u00e1cil! Falar de rela\u00e7\u00f5es internacionais envolve conhecimento do assunto! Vamos para o tema? <\/p>\n\n\n\n<p class=\"has-text-align-center\"><strong>Proposta de Reda\u00e7\u00e3o 10<\/strong><\/p>\n\n\n\n<p>A\nministra do Meio Ambiente da Fran\u00e7a, Elisabeth Borne, alertou nesta ter\u00e7a-feira\nque seu pa\u00eds n\u00e3o assinar\u00e1 o acordo alcan\u00e7ado entre a Uni\u00e3o Europeia e os pa\u00edses\ndo bloco Mercosul (Argentina, Brasil, Uruguai e Paraguai) nas condi\u00e7\u00f5es atuais.<\/p>\n\n\n\n<p>&#8220;N\u00e3o\npodemos assinar um acordo comercial com um pa\u00eds que n\u00e3o respeita a Amaz\u00f4nia e\nn\u00e3o respeita o acordo de Paris (clima). A Fran\u00e7a n\u00e3o assinar\u00e1 o acordo com o\nMercosul nessas condi\u00e7\u00f5es&#8221;, afirmou a ministra em declara\u00e7\u00f5es \u00e0 rede de\ntelevis\u00e3o BFM.<\/p>\n\n\n\n<p>O\npresidente da Fran\u00e7a, Emmanuel Macron, afirmou no final de agosto que havia\ndecidido bloquear o acordo comercial entre a Uni\u00e3o Europeia e o Mercosul e\nacusou o presidente do Brasil, Jair Bolsonaro, de mentir ao desprezar os\nmotivos de preocupa\u00e7\u00e3o com os efeitos e consequ\u00eancias do conflito. <\/p>\n\n\n\n<p>A\nUE e o Mercosul come\u00e7aram a negociar um acordo de livre com\u00e9rcio em 2000 e,\ndesde ent\u00e3o, as negocia\u00e7\u00f5es passaram por v\u00e1rias fases, chegando a ser\nbloqueadas. Segundo a Comiss\u00e3o Europeia, o acordo eliminar\u00e1 a maioria das\ntarifas entre as partes e as empresas europeias e economizar\u00e1 cerca de 4\nbilh\u00f5es de euros por ano. As exporta\u00e7\u00f5es da UE para o Mercosul em 2018\ntotalizaram 45 bilh\u00f5es de euros, enquanto as dos quatro pa\u00edses ao bloco europeu\ntiveram um valor de 42,6 bilh\u00f5es.<\/p>\n\n\n\n<p>O\nsetor agr\u00edcola europeu, segundo o executivo da Comunidade, desfrutar\u00e1 de\ntarifas mais baixas nos setores de vinho, bebidas alco\u00f3licas e n\u00e3o alco\u00f3licas.\nIsso tamb\u00e9m significa o livre acesso de impostos europeus sobre produtos l\u00e1cteos\nao Mercosul at\u00e9 uma determinada taxa.<\/p>\n\n\n\n<p>O\nacordo alcan\u00e7ado tamb\u00e9m envolve a abertura do mercado de contratos p\u00fablicos dos\npa\u00edses do Mercosul para empresas europeias e acesso a prestadores de servi\u00e7os\nnos setores de tecnologia da informa\u00e7\u00e3o, telecomunica\u00e7\u00f5es e transportes, entre\noutros.<\/p>\n\n\n\n<p>Fonte: <a href=\"https:\/\/brasil.elpais.com\/brasil\/2019\/10\/08\/internacional\/1570567502_599342.html\">https:\/\/brasil.elpais.com\/brasil\/2019\/10\/08\/internacional\/1570567502_599342.html<\/a>\n<\/p>\n\n\n\n<p>Tendo\no texto acima apenas como motivador, desenvolva uma disserta\u00e7\u00e3o sobre o tema: <\/p>\n\n\n\n<p class=\"has-text-align-center\"><strong>Acordos internacionais\ne a rela\u00e7\u00e3o de crescimento m\u00fatuo entre os pa\u00edses<\/strong><\/p>\n\n\n\n<p>Para\no seu texto, aborde, obrigatoriamente, os seguintes aspectos: <\/p>\n\n\n\n<ol class=\"wp-block-list\"><li>Explane sobre as rela\u00e7\u00f5es      harm\u00f4nicas entre os pa\u00edses para a viabiliza\u00e7\u00e3o de crescimento nas mais      diversas \u00e1reas por meio de tratados internacionais [10,00]<\/li><li>Comente acerca de      poss\u00edveis problemas que podem ocorrer em decorr\u00eancia do n\u00e3o cumprimento      desses acordos [10,00]<\/li><li>Apresente e      discorra sobre alguns tratados importantes para a hist\u00f3ria [9,00] <\/li><\/ol>\n\n\n\n<p>Aproveite e fa\u00e7a parte voc\u00ea tamb\u00e9m do nosso curso das discursivas para o Concurso PCDF Escriv\u00e3o, clique no link: <a href=\"https:\/\/www.estrategiaconcursos.com.br\/curso\/correcao-analitica-de-discursivas-p-pc-df-escrivao-3-correcoes-por-aluno-pos-edital\/\">https:\/\/www.estrategiaconcursos.com.br\/curso\/correcao-analitica-de-discursivas-p-pc-df-escrivao-3-correcoes-por-aluno-pos-edital\/<\/a><\/p>\n\n\n\n<p>Abra\u00e7os, <\/p>\n\n\n\n<p>Janaina Arruda (@profa.janaina.arruda)<\/p>\n","protected":false},"excerpt":{"rendered":"<p>Oi, oi, oi! A tem\u00e1tica de hoje para esse Concurso PCDF Escriv\u00e3o n\u00e3o est\u00e1 f\u00e1cil! Falar de rela\u00e7\u00f5es internacionais envolve conhecimento do assunto! Vamos para o tema? Proposta de Reda\u00e7\u00e3o 10 A ministra do Meio Ambiente da Fran\u00e7a, Elisabeth Borne, alertou nesta ter\u00e7a-feira que seu pa\u00eds n\u00e3o assinar\u00e1 o acordo alcan\u00e7ado entre a Uni\u00e3o Europeia [&hellip;]<\/p>\n","protected":false},"author":1430,"featured_media":0,"comment_status":"open","ping_status":"closed","sticky":false,"template":"","format":"standard","meta":{"post_tipo":"article","footnotes":""},"categories":[1],"tags":[],"tax_estado":[],"class_list":["post-460796","post","type-post","status-publish","format-standard","hentry","category-cursos-e-concursos"],"acf":[],"yoast_head":"<!-- This site is optimized with the Yoast SEO Premium plugin v27.2 (Yoast SEO v27.2) - https:\/\/yoast.com\/product\/yoast-seo-premium-wordpress\/ -->\n<title>Concurso PCDF Escriv\u00e3o: Tema de Reda\u00e7\u00e3o 10 Concurso PCDF Escriv\u00e3o<\/title>\n<meta name=\"description\" content=\"Segue nosso tema do dia sobre rela\u00e7\u00f5es internacionais para o Concurso PCDF Escriv\u00e3o. J\u00e1 estamos no tema 10! Aproveite e veja os temas anteriores tamb\u00e9m!\" \/>\n<meta name=\"robots\" content=\"index, follow, max-snippet:-1, max-image-preview:large, max-video-preview:-1\" \/>\n<link rel=\"canonical\" href=\"https:\/\/www.estrategiaconcursos.com.br\/blog\/concurso-pcdf-escrivao-tema-de-redacao-10\/\" \/>\n<meta property=\"og:locale\" content=\"pt_BR\" \/>\n<meta property=\"og:type\" content=\"article\" \/>\n<meta property=\"og:title\" content=\"Concurso PCDF Escriv\u00e3o: Tema de Reda\u00e7\u00e3o 10\" \/>\n<meta property=\"og:description\" content=\"Segue nosso tema do dia sobre rela\u00e7\u00f5es internacionais para o Concurso PCDF Escriv\u00e3o. J\u00e1 estamos no tema 10! Aproveite e veja os temas anteriores tamb\u00e9m!\" \/>\n<meta property=\"og:url\" content=\"https:\/\/www.estrategiaconcursos.com.br\/blog\/concurso-pcdf-escrivao-tema-de-redacao-10\/\" \/>\n<meta property=\"og:site_name\" content=\"Estrat\u00e9gia Concursos\" \/>\n<meta property=\"article:published_time\" content=\"2019-12-15T22:00:34+00:00\" \/>\n<meta property=\"article:modified_time\" content=\"2020-05-06T17:03:20+00:00\" \/>\n<meta name=\"author\" content=\"Janaina Arruda\" \/>\n<meta name=\"twitter:card\" content=\"summary_large_image\" \/>\n<meta name=\"twitter:creator\" content=\"@EstratConcursos\" \/>\n<meta name=\"twitter:site\" content=\"@EstratConcursos\" \/>\n<meta name=\"twitter:label1\" content=\"Escrito por\" \/>\n\t<meta name=\"twitter:data1\" content=\"Janaina Arruda\" \/>\n\t<meta name=\"twitter:label2\" content=\"Est. tempo de leitura\" \/>\n\t<meta name=\"twitter:data2\" content=\"3 minutos\" \/>\n<script type=\"application\/ld+json\" class=\"yoast-schema-graph\">{\"@context\":\"https:\/\/schema.org\",\"@graph\":[{\"@type\":\"NewsArticle\",\"@id\":\"https:\/\/www.estrategiaconcursos.com.br\/blog\/concurso-pcdf-escrivao-tema-de-redacao-10\/#article\",\"isPartOf\":{\"@id\":\"https:\/\/www.estrategiaconcursos.com.br\/blog\/concurso-pcdf-escrivao-tema-de-redacao-10\/\"},\"author\":{\"name\":\"Janaina Arruda\",\"@id\":\"https:\/\/www.estrategiaconcursos.com.br\/blog\/#\/schema\/person\/f2fb305e65e771b216148107c0d96d68\"},\"headline\":\"Concurso PCDF Escriv\u00e3o: Tema de Reda\u00e7\u00e3o 10\",\"datePublished\":\"2019-12-15T22:00:34+00:00\",\"dateModified\":\"2020-05-06T17:03:20+00:00\",\"mainEntityOfPage\":{\"@id\":\"https:\/\/www.estrategiaconcursos.com.br\/blog\/concurso-pcdf-escrivao-tema-de-redacao-10\/\"},\"wordCount\":511,\"commentCount\":0,\"publisher\":{\"@id\":\"https:\/\/www.estrategiaconcursos.com.br\/blog\/#organization\"},\"articleSection\":[\"Concursos P\u00fablicos\"],\"inLanguage\":\"pt-BR\",\"potentialAction\":[{\"@type\":\"CommentAction\",\"name\":\"Comment\",\"target\":[\"https:\/\/www.estrategiaconcursos.com.br\/blog\/concurso-pcdf-escrivao-tema-de-redacao-10\/#respond\"]}],\"copyrightYear\":\"2019\",\"copyrightHolder\":{\"@id\":\"https:\/\/www.estrategiaconcursos.com.br\/blog\/#organization\"}},{\"@type\":\"WebPage\",\"@id\":\"https:\/\/www.estrategiaconcursos.com.br\/blog\/concurso-pcdf-escrivao-tema-de-redacao-10\/\",\"url\":\"https:\/\/www.estrategiaconcursos.com.br\/blog\/concurso-pcdf-escrivao-tema-de-redacao-10\/\",\"name\":\"Concurso PCDF Escriv\u00e3o: Tema de Reda\u00e7\u00e3o 10 Concurso PCDF Escriv\u00e3o\",\"isPartOf\":{\"@id\":\"https:\/\/www.estrategiaconcursos.com.br\/blog\/#website\"},\"datePublished\":\"2019-12-15T22:00:34+00:00\",\"dateModified\":\"2020-05-06T17:03:20+00:00\",\"description\":\"Segue nosso tema do dia sobre rela\u00e7\u00f5es internacionais para o Concurso PCDF Escriv\u00e3o. J\u00e1 estamos no tema 10! Aproveite e veja os temas anteriores tamb\u00e9m!\",\"breadcrumb\":{\"@id\":\"https:\/\/www.estrategiaconcursos.com.br\/blog\/concurso-pcdf-escrivao-tema-de-redacao-10\/#breadcrumb\"},\"inLanguage\":\"pt-BR\",\"potentialAction\":[{\"@type\":\"ReadAction\",\"target\":[\"https:\/\/www.estrategiaconcursos.com.br\/blog\/concurso-pcdf-escrivao-tema-de-redacao-10\/\"]}]},{\"@type\":\"BreadcrumbList\",\"@id\":\"https:\/\/www.estrategiaconcursos.com.br\/blog\/concurso-pcdf-escrivao-tema-de-redacao-10\/#breadcrumb\",\"itemListElement\":[{\"@type\":\"ListItem\",\"position\":1,\"name\":\"In\u00edcio\",\"item\":\"https:\/\/www.estrategiaconcursos.com.br\/blog\/\"},{\"@type\":\"ListItem\",\"position\":2,\"name\":\"Concurso PCDF Escriv\u00e3o: Tema de Reda\u00e7\u00e3o 10\"}]},{\"@type\":\"WebSite\",\"@id\":\"https:\/\/www.estrategiaconcursos.com.br\/blog\/#website\",\"url\":\"https:\/\/www.estrategiaconcursos.com.br\/blog\/\",\"name\":\"Estrat\u00e9gia Concursos\",\"description\":\"O blog da Estrat\u00e9gia Concursos traz not\u00edcias sobre concursos e artigos de professores oferecendo cursos para concursos (pdf + videaulas) no site.\",\"publisher\":{\"@id\":\"https:\/\/www.estrategiaconcursos.com.br\/blog\/#organization\"},\"potentialAction\":[{\"@type\":\"SearchAction\",\"target\":{\"@type\":\"EntryPoint\",\"urlTemplate\":\"https:\/\/www.estrategiaconcursos.com.br\/blog\/?s={search_term_string}\"},\"query-input\":{\"@type\":\"PropertyValueSpecification\",\"valueRequired\":true,\"valueName\":\"search_term_string\"}}],\"inLanguage\":\"pt-BR\"},{\"@type\":\"Organization\",\"@id\":\"https:\/\/www.estrategiaconcursos.com.br\/blog\/#organization\",\"name\":\"Estrat\u00e9gia Concursos\",\"url\":\"https:\/\/www.estrategiaconcursos.com.br\/blog\/\",\"logo\":{\"@type\":\"ImageObject\",\"inLanguage\":\"pt-BR\",\"@id\":\"https:\/\/www.estrategiaconcursos.com.br\/blog\/#\/schema\/logo\/image\/\",\"url\":\"https:\/\/dhg1h5j42swfq.cloudfront.net\/2025\/06\/03203428\/logo_concursos-1.jpg\",\"contentUrl\":\"https:\/\/dhg1h5j42swfq.cloudfront.net\/2025\/06\/03203428\/logo_concursos-1.jpg\",\"width\":230,\"height\":60,\"caption\":\"Estrat\u00e9gia Concursos\"},\"image\":{\"@id\":\"https:\/\/www.estrategiaconcursos.com.br\/blog\/#\/schema\/logo\/image\/\"},\"sameAs\":[\"https:\/\/x.com\/EstratConcursos\"]},{\"@type\":\"Person\",\"@id\":\"https:\/\/www.estrategiaconcursos.com.br\/blog\/#\/schema\/person\/f2fb305e65e771b216148107c0d96d68\",\"name\":\"Janaina Arruda\",\"image\":{\"@type\":\"ImageObject\",\"inLanguage\":\"pt-BR\",\"@id\":\"https:\/\/secure.gravatar.com\/avatar\/9377d341617569b19a8eb58b32e54c10304cac645ab0cef38c66bfa34f77bdc6?s=96&d=mm&r=g\",\"url\":\"https:\/\/secure.gravatar.com\/avatar\/9377d341617569b19a8eb58b32e54c10304cac645ab0cef38c66bfa34f77bdc6?s=96&d=mm&r=g\",\"contentUrl\":\"https:\/\/secure.gravatar.com\/avatar\/9377d341617569b19a8eb58b32e54c10304cac645ab0cef38c66bfa34f77bdc6?s=96&d=mm&r=g\",\"caption\":\"Janaina Arruda\"},\"url\":\"https:\/\/www.estrategiaconcursos.com.br\/blog\/author\/arruda-janhotmail-com\/\"}]}<\/script>\n<!-- \/ Yoast SEO Premium plugin. -->","yoast_head_json":{"title":"Concurso PCDF Escriv\u00e3o: Tema de Reda\u00e7\u00e3o 10 Concurso PCDF Escriv\u00e3o","description":"Segue nosso tema do dia sobre rela\u00e7\u00f5es internacionais para o Concurso PCDF Escriv\u00e3o. J\u00e1 estamos no tema 10! Aproveite e veja os temas anteriores tamb\u00e9m!","robots":{"index":"index","follow":"follow","max-snippet":"max-snippet:-1","max-image-preview":"max-image-preview:large","max-video-preview":"max-video-preview:-1"},"canonical":"https:\/\/www.estrategiaconcursos.com.br\/blog\/concurso-pcdf-escrivao-tema-de-redacao-10\/","og_locale":"pt_BR","og_type":"article","og_title":"Concurso PCDF Escriv\u00e3o: Tema de Reda\u00e7\u00e3o 10","og_description":"Segue nosso tema do dia sobre rela\u00e7\u00f5es internacionais para o Concurso PCDF Escriv\u00e3o. J\u00e1 estamos no tema 10! Aproveite e veja os temas anteriores tamb\u00e9m!","og_url":"https:\/\/www.estrategiaconcursos.com.br\/blog\/concurso-pcdf-escrivao-tema-de-redacao-10\/","og_site_name":"Estrat\u00e9gia Concursos","article_published_time":"2019-12-15T22:00:34+00:00","article_modified_time":"2020-05-06T17:03:20+00:00","author":"Janaina Arruda","twitter_card":"summary_large_image","twitter_creator":"@EstratConcursos","twitter_site":"@EstratConcursos","twitter_misc":{"Escrito por":"Janaina Arruda","Est. tempo de leitura":"3 minutos"},"schema":{"@context":"https:\/\/schema.org","@graph":[{"@type":"NewsArticle","@id":"https:\/\/www.estrategiaconcursos.com.br\/blog\/concurso-pcdf-escrivao-tema-de-redacao-10\/#article","isPartOf":{"@id":"https:\/\/www.estrategiaconcursos.com.br\/blog\/concurso-pcdf-escrivao-tema-de-redacao-10\/"},"author":{"name":"Janaina Arruda","@id":"https:\/\/www.estrategiaconcursos.com.br\/blog\/#\/schema\/person\/f2fb305e65e771b216148107c0d96d68"},"headline":"Concurso PCDF Escriv\u00e3o: Tema de Reda\u00e7\u00e3o 10","datePublished":"2019-12-15T22:00:34+00:00","dateModified":"2020-05-06T17:03:20+00:00","mainEntityOfPage":{"@id":"https:\/\/www.estrategiaconcursos.com.br\/blog\/concurso-pcdf-escrivao-tema-de-redacao-10\/"},"wordCount":511,"commentCount":0,"publisher":{"@id":"https:\/\/www.estrategiaconcursos.com.br\/blog\/#organization"},"articleSection":["Concursos P\u00fablicos"],"inLanguage":"pt-BR","potentialAction":[{"@type":"CommentAction","name":"Comment","target":["https:\/\/www.estrategiaconcursos.com.br\/blog\/concurso-pcdf-escrivao-tema-de-redacao-10\/#respond"]}],"copyrightYear":"2019","copyrightHolder":{"@id":"https:\/\/www.estrategiaconcursos.com.br\/blog\/#organization"}},{"@type":"WebPage","@id":"https:\/\/www.estrategiaconcursos.com.br\/blog\/concurso-pcdf-escrivao-tema-de-redacao-10\/","url":"https:\/\/www.estrategiaconcursos.com.br\/blog\/concurso-pcdf-escrivao-tema-de-redacao-10\/","name":"Concurso PCDF Escriv\u00e3o: Tema de Reda\u00e7\u00e3o 10 Concurso PCDF Escriv\u00e3o","isPartOf":{"@id":"https:\/\/www.estrategiaconcursos.com.br\/blog\/#website"},"datePublished":"2019-12-15T22:00:34+00:00","dateModified":"2020-05-06T17:03:20+00:00","description":"Segue nosso tema do dia sobre rela\u00e7\u00f5es internacionais para o Concurso PCDF Escriv\u00e3o. J\u00e1 estamos no tema 10! Aproveite e veja os temas anteriores tamb\u00e9m!","breadcrumb":{"@id":"https:\/\/www.estrategiaconcursos.com.br\/blog\/concurso-pcdf-escrivao-tema-de-redacao-10\/#breadcrumb"},"inLanguage":"pt-BR","potentialAction":[{"@type":"ReadAction","target":["https:\/\/www.estrategiaconcursos.com.br\/blog\/concurso-pcdf-escrivao-tema-de-redacao-10\/"]}]},{"@type":"BreadcrumbList","@id":"https:\/\/www.estrategiaconcursos.com.br\/blog\/concurso-pcdf-escrivao-tema-de-redacao-10\/#breadcrumb","itemListElement":[{"@type":"ListItem","position":1,"name":"In\u00edcio","item":"https:\/\/www.estrategiaconcursos.com.br\/blog\/"},{"@type":"ListItem","position":2,"name":"Concurso PCDF Escriv\u00e3o: Tema de Reda\u00e7\u00e3o 10"}]},{"@type":"WebSite","@id":"https:\/\/www.estrategiaconcursos.com.br\/blog\/#website","url":"https:\/\/www.estrategiaconcursos.com.br\/blog\/","name":"Estrat\u00e9gia Concursos","description":"O blog da Estrat\u00e9gia Concursos traz not\u00edcias sobre concursos e artigos de professores oferecendo cursos para concursos (pdf + videaulas) no site.","publisher":{"@id":"https:\/\/www.estrategiaconcursos.com.br\/blog\/#organization"},"potentialAction":[{"@type":"SearchAction","target":{"@type":"EntryPoint","urlTemplate":"https:\/\/www.estrategiaconcursos.com.br\/blog\/?s={search_term_string}"},"query-input":{"@type":"PropertyValueSpecification","valueRequired":true,"valueName":"search_term_string"}}],"inLanguage":"pt-BR"},{"@type":"Organization","@id":"https:\/\/www.estrategiaconcursos.com.br\/blog\/#organization","name":"Estrat\u00e9gia Concursos","url":"https:\/\/www.estrategiaconcursos.com.br\/blog\/","logo":{"@type":"ImageObject","inLanguage":"pt-BR","@id":"https:\/\/www.estrategiaconcursos.com.br\/blog\/#\/schema\/logo\/image\/","url":"https:\/\/dhg1h5j42swfq.cloudfront.net\/2025\/06\/03203428\/logo_concursos-1.jpg","contentUrl":"https:\/\/dhg1h5j42swfq.cloudfront.net\/2025\/06\/03203428\/logo_concursos-1.jpg","width":230,"height":60,"caption":"Estrat\u00e9gia Concursos"},"image":{"@id":"https:\/\/www.estrategiaconcursos.com.br\/blog\/#\/schema\/logo\/image\/"},"sameAs":["https:\/\/x.com\/EstratConcursos"]},{"@type":"Person","@id":"https:\/\/www.estrategiaconcursos.com.br\/blog\/#\/schema\/person\/f2fb305e65e771b216148107c0d96d68","name":"Janaina Arruda","image":{"@type":"ImageObject","inLanguage":"pt-BR","@id":"https:\/\/secure.gravatar.com\/avatar\/9377d341617569b19a8eb58b32e54c10304cac645ab0cef38c66bfa34f77bdc6?s=96&d=mm&r=g","url":"https:\/\/secure.gravatar.com\/avatar\/9377d341617569b19a8eb58b32e54c10304cac645ab0cef38c66bfa34f77bdc6?s=96&d=mm&r=g","contentUrl":"https:\/\/secure.gravatar.com\/avatar\/9377d341617569b19a8eb58b32e54c10304cac645ab0cef38c66bfa34f77bdc6?s=96&d=mm&r=g","caption":"Janaina Arruda"},"url":"https:\/\/www.estrategiaconcursos.com.br\/blog\/author\/arruda-janhotmail-com\/"}]}},"_links":{"self":[{"href":"https:\/\/www.estrategiaconcursos.com.br\/blog\/wp-json\/wp\/v2\/posts\/460796","targetHints":{"allow":["GET"]}}],"collection":[{"href":"https:\/\/www.estrategiaconcursos.com.br\/blog\/wp-json\/wp\/v2\/posts"}],"about":[{"href":"https:\/\/www.estrategiaconcursos.com.br\/blog\/wp-json\/wp\/v2\/types\/post"}],"author":[{"embeddable":true,"href":"https:\/\/www.estrategiaconcursos.com.br\/blog\/wp-json\/wp\/v2\/users\/1430"}],"replies":[{"embeddable":true,"href":"https:\/\/www.estrategiaconcursos.com.br\/blog\/wp-json\/wp\/v2\/comments?post=460796"}],"version-history":[{"count":2,"href":"https:\/\/www.estrategiaconcursos.com.br\/blog\/wp-json\/wp\/v2\/posts\/460796\/revisions"}],"predecessor-version":[{"id":511223,"href":"https:\/\/www.estrategiaconcursos.com.br\/blog\/wp-json\/wp\/v2\/posts\/460796\/revisions\/511223"}],"wp:attachment":[{"href":"https:\/\/www.estrategiaconcursos.com.br\/blog\/wp-json\/wp\/v2\/media?parent=460796"}],"wp:term":[{"taxonomy":"category","embeddable":true,"href":"https:\/\/www.estrategiaconcursos.com.br\/blog\/wp-json\/wp\/v2\/categories?post=460796"},{"taxonomy":"post_tag","embeddable":true,"href":"https:\/\/www.estrategiaconcursos.com.br\/blog\/wp-json\/wp\/v2\/tags?post=460796"},{"taxonomy":"tax_estado","embeddable":true,"href":"https:\/\/www.estrategiaconcursos.com.br\/blog\/wp-json\/wp\/v2\/tax_estado?post=460796"}],"curies":[{"name":"wp","href":"https:\/\/api.w.org\/{rel}","templated":true}]}}