{"id":460555,"date":"2019-12-14T09:43:08","date_gmt":"2019-12-14T12:43:08","guid":{"rendered":"https:\/\/www.estrategiaconcursos.com.br\/blog\/?p=460555"},"modified":"2019-12-14T09:43:12","modified_gmt":"2019-12-14T12:43:12","slug":"oficiais-rm2-marinha-a-ec-no-104-2019-sera-cobrada","status":"publish","type":"post","link":"https:\/\/www.estrategiaconcursos.com.br\/blog\/oficiais-rm2-marinha-a-ec-no-104-2019-sera-cobrada\/","title":{"rendered":"Oficiais RM2 &#8211; Marinha:  a EC n\u00ba 104\/2019 ser\u00e1 cobrada?"},"content":{"rendered":"\n<p>Fala, pessoal!<br \/> <br \/> Recentemente, no dia 04 de dezembro de 2019, foi publicada a Emenda Constitucional n\u00ba 104\/2019 que incluiu as pol\u00edcias penais federal, estaduais e distrital como \u00f3rg\u00e3os da seguran\u00e7a p\u00fablica:<br \/><br \/> <em>&#8220;Art. 144. A seguran\u00e7a p\u00fablica, dever do Estado, direito e responsabilidade de todos, \u00e9 exercida para a preserva\u00e7\u00e3o da ordem p\u00fablica e da incolumidade das pessoas e do patrim\u00f4nio, atrav\u00e9s dos seguintes \u00f3rg\u00e3os:<br \/> <br \/> I &#8211; pol\u00edcia federal;<br \/> II &#8211; pol\u00edcia rodovi\u00e1ria federal;<br \/> III &#8211; pol\u00edcia ferrovi\u00e1ria federal;<br \/> IV &#8211; pol\u00edcias civis;<br \/> V &#8211; pol\u00edcias militares e corpos de bombeiros militares.<br \/> VI &#8211; pol\u00edcias penais federal, estaduais e distrital. (Reda\u00e7\u00e3o dada pela Emenda Constitucional n\u00ba 104, de 2019)&#8221;<\/em><\/p>\n\n\n\n<p>O objetivo da EC foi dar aos Agentes Penitenci\u00e1rios os mesmos direitos que os membros da pol\u00edcia civil possuem, ou seja, a carreira estar\u00e1 dentro do sistema p\u00fablico de seguran\u00e7a do pa\u00eds e ser\u00e1 transformada em carreira policial, de acordo com o professor <a href=\"https:\/\/www.estrategiaconcursos.com.br\/blog\/author\/pbilynskyjgmail-com\/\">Paulo Bilynskyj<\/a>\u00a0 (<a href=\"https:\/\/www.estrategiaconcursos.com.br\/blog\/aprovada-a-criacao-da-policia-penal-no-pais\/\">https:\/\/www.estrategiaconcursos.com.br\/blog\/aprovada-a-criacao-da-policia-penal-no-pais\/<\/a>)<\/p>\n\n\n\n<p>Para quem se interessa pela \u00e1rea policial, vale a pena dar uma olhada neste artigo: <a href=\"https:\/\/www.estrategiaconcursos.com.br\/blog\/concursos-de-policia\/\">https:\/\/www.estrategiaconcursos.com.br\/blog\/concursos-de-policia\/<\/a><br \/> H\u00e1 bastante controv\u00e9rsia sobre o que pode ou n\u00e3o ser cobrado ap\u00f3s a publica\u00e7\u00e3o do Edital no processo seletivo para Oficiais RM2.<br \/> Em nosso Aviso de Convoca\u00e7\u00e3o n\u00ba 03\/2019,<strong> n\u00e3o h\u00e1 nada dizendo<\/strong> que altera\u00e7\u00f5es posteriores na legisla\u00e7\u00e3o n\u00e3o poder\u00e3o ser inclu\u00eddas.<br \/> Devemos, ent\u00e3o, nos preparar para uma poss\u00edvel <strong>quest\u00e3o incluindo o inciso VI, considerando as pol\u00edcias penais<\/strong> federal, estaduais e distrital como integrantes da Seguran\u00e7a P\u00fablica.<br \/> Mas, como <strong>tudo pode acontecer<\/strong> com uma banca dessas (e n\u00e3o iremos correr este risco), vamos tamb\u00e9m ficar ligados na situa\u00e7\u00e3o de que, n\u00e3o havendo men\u00e7\u00e3o \u00e0 essas policiais penais, considerarmos como correta a assertiva.<\/p>\n\n\n\n<p><br \/> Vamos dar um exemplo, considerando que nossa banca gosta de formular quest\u00f5es literais:<br \/> <br \/>  <strong>(In\u00e9dita)<\/strong><br \/> <br \/> A seguran\u00e7a p\u00fablica, dever do Estado, direito e responsabilidade de todos, \u00e9 exercida para a preserva\u00e7\u00e3o da ordem p\u00fablica e da incolumidade das pessoas e do patrim\u00f4nio, atrav\u00e9s de \u00f3rg\u00e3os elencados no art. 144 da Constitui\u00e7\u00e3o Federal. Assinale a alternativa que cont\u00e9m os \u00f3rg\u00e3os mencionados:<br \/> <br \/> a) pol\u00edcia federal, pol\u00edcia rodovi\u00e1ria federal, pol\u00edcia ferrovi\u00e1ria federal, pol\u00edcias civis e pol\u00edcias militares e corpos de bombeiros militares.<br \/> b) pol\u00edcia federal, pol\u00edcia rodovi\u00e1ria federal, pol\u00edcia ferrovi\u00e1ria federal, pol\u00edcias civis e pol\u00edcias militares e guardas municipais.<br \/> c) pol\u00edcia federal, pol\u00edcia rodovi\u00e1ria federal, pol\u00edcia ferrovi\u00e1ria federal, pol\u00edcias civis e pol\u00edcias militares e seguran\u00e7as privados.<br \/> d) pol\u00edcia federal, pol\u00edcia rodovi\u00e1ria federal, pol\u00edcia ferrovi\u00e1ria federal, pol\u00edcias civis e pol\u00edcias militares e pol\u00edcia hidrovi\u00e1ria.<br \/> <br \/> <strong>Coment\u00e1rios:<\/strong><br \/> <br \/> Veja que a op\u00e7\u00e3o &#8220;a&#8221;, que deve ser considerada como correta, n\u00e3o inclui as pol\u00edcias penais federal, estaduais e distrital. <br \/> <br \/> Gabarito: Letra &#8220;a&#8221;<br \/> <\/p>\n\n\n\n<p>Pacote de cursos para o SMV &#8211; Oficiais:  <br \/><a href=\"https:\/\/www.estrategiaconcursos.com.br\/curso\/pacote-p-oficiais-rm2-smv-com-videoaulas-pos-edital\/\">https:\/\/www.estrategiaconcursos.com.br\/curso\/pacote-p-oficiais-rm2-smv-com-videoaulas-pos-edital\/<\/a> <\/p>\n\n\n\n<p> Pacote de cursos para o SMV &#8211; Pra\u00e7as:  <br \/><a href=\"https:\/\/www.estrategiaconcursos.com.br\/curso\/pacote-p-pracas-rm2-smv-com-videoaulas-pos-edital\/\">https:\/\/www.estrategiaconcursos.com.br\/curso\/pacote-p-pracas-rm2-smv-com-videoaulas-pos-edital\/<\/a> <\/p>\n\n\n\n<p> Grande abra\u00e7o e bons estudos!<\/p>\n\n\n\n<p>Instagram: @luizfelipeprofessor<\/p>\n","protected":false},"excerpt":{"rendered":"<p>Fala, pessoal! Recentemente, no dia 04 de dezembro de 2019, foi publicada a Emenda Constitucional n\u00ba 104\/2019 que incluiu as pol\u00edcias penais federal, estaduais e distrital como \u00f3rg\u00e3os da seguran\u00e7a p\u00fablica: &#8220;Art. 144. A seguran\u00e7a p\u00fablica, dever do Estado, direito e responsabilidade de todos, \u00e9 exercida para a preserva\u00e7\u00e3o da ordem p\u00fablica e da incolumidade [&hellip;]<\/p>\n","protected":false},"author":453,"featured_media":0,"comment_status":"open","ping_status":"closed","sticky":false,"template":"","format":"standard","meta":{"post_tipo":"article","footnotes":""},"categories":[1],"tags":[1877,145646,130799,1204],"tax_estado":[],"class_list":["post-460555","post","type-post","status-publish","format-standard","hentry","category-cursos-e-concursos","tag-marinha","tag-rm2","tag-smv","tag-temporario"],"acf":[],"yoast_head":"<!-- This site is optimized with the Yoast SEO Premium plugin v27.2 (Yoast SEO v27.2) - https:\/\/yoast.com\/product\/yoast-seo-premium-wordpress\/ -->\n<title>Oficiais RM2 - Marinha: a EC n\u00ba 104\/2019 ser\u00e1 cobrada?<\/title>\n<meta name=\"robots\" content=\"index, follow, max-snippet:-1, max-image-preview:large, max-video-preview:-1\" \/>\n<link rel=\"canonical\" href=\"https:\/\/www.estrategiaconcursos.com.br\/blog\/oficiais-rm2-marinha-a-ec-no-104-2019-sera-cobrada\/\" \/>\n<meta property=\"og:locale\" content=\"pt_BR\" \/>\n<meta property=\"og:type\" content=\"article\" \/>\n<meta property=\"og:title\" content=\"Oficiais RM2 - Marinha: a EC n\u00ba 104\/2019 ser\u00e1 cobrada?\" \/>\n<meta property=\"og:description\" content=\"Fala, pessoal! Recentemente, no dia 04 de dezembro de 2019, foi publicada a Emenda Constitucional n\u00ba 104\/2019 que incluiu as pol\u00edcias penais federal, estaduais e distrital como \u00f3rg\u00e3os da seguran\u00e7a p\u00fablica: &#8220;Art. 144. A seguran\u00e7a p\u00fablica, dever do Estado, direito e responsabilidade de todos, \u00e9 exercida para a preserva\u00e7\u00e3o da ordem p\u00fablica e da incolumidade [&hellip;]\" \/>\n<meta property=\"og:url\" content=\"https:\/\/www.estrategiaconcursos.com.br\/blog\/oficiais-rm2-marinha-a-ec-no-104-2019-sera-cobrada\/\" \/>\n<meta property=\"og:site_name\" content=\"Estrat\u00e9gia Concursos\" \/>\n<meta property=\"article:published_time\" content=\"2019-12-14T12:43:08+00:00\" \/>\n<meta property=\"article:modified_time\" content=\"2019-12-14T12:43:12+00:00\" \/>\n<meta name=\"author\" content=\"Luiz Felipe Da Rocha\" \/>\n<meta name=\"twitter:card\" content=\"summary_large_image\" \/>\n<meta name=\"twitter:creator\" content=\"@EstratConcursos\" \/>\n<meta name=\"twitter:site\" content=\"@EstratConcursos\" \/>\n<meta name=\"twitter:label1\" content=\"Escrito por\" \/>\n\t<meta name=\"twitter:data1\" content=\"Luiz Felipe Da Rocha\" \/>\n\t<meta name=\"twitter:label2\" content=\"Est. tempo de leitura\" \/>\n\t<meta name=\"twitter:data2\" content=\"3 minutos\" \/>\n<script type=\"application\/ld+json\" class=\"yoast-schema-graph\">{\"@context\":\"https:\/\/schema.org\",\"@graph\":[{\"@type\":\"NewsArticle\",\"@id\":\"https:\/\/www.estrategiaconcursos.com.br\/blog\/oficiais-rm2-marinha-a-ec-no-104-2019-sera-cobrada\/#article\",\"isPartOf\":{\"@id\":\"https:\/\/www.estrategiaconcursos.com.br\/blog\/oficiais-rm2-marinha-a-ec-no-104-2019-sera-cobrada\/\"},\"author\":{\"name\":\"Luiz Felipe Da Rocha\",\"@id\":\"https:\/\/www.estrategiaconcursos.com.br\/blog\/#\/schema\/person\/88db47f977dcae3ac49bad2af2a47ab5\"},\"headline\":\"Oficiais RM2 &#8211; Marinha: a EC n\u00ba 104\/2019 ser\u00e1 cobrada?\",\"datePublished\":\"2019-12-14T12:43:08+00:00\",\"dateModified\":\"2019-12-14T12:43:12+00:00\",\"mainEntityOfPage\":{\"@id\":\"https:\/\/www.estrategiaconcursos.com.br\/blog\/oficiais-rm2-marinha-a-ec-no-104-2019-sera-cobrada\/\"},\"wordCount\":570,\"commentCount\":0,\"publisher\":{\"@id\":\"https:\/\/www.estrategiaconcursos.com.br\/blog\/#organization\"},\"keywords\":[\"Marinha\",\"rm2\",\"SMV\",\"tempor\u00e1rio\"],\"articleSection\":[\"Concursos P\u00fablicos\"],\"inLanguage\":\"pt-BR\",\"potentialAction\":[{\"@type\":\"CommentAction\",\"name\":\"Comment\",\"target\":[\"https:\/\/www.estrategiaconcursos.com.br\/blog\/oficiais-rm2-marinha-a-ec-no-104-2019-sera-cobrada\/#respond\"]}],\"copyrightYear\":\"2019\",\"copyrightHolder\":{\"@id\":\"https:\/\/www.estrategiaconcursos.com.br\/blog\/#organization\"}},{\"@type\":\"WebPage\",\"@id\":\"https:\/\/www.estrategiaconcursos.com.br\/blog\/oficiais-rm2-marinha-a-ec-no-104-2019-sera-cobrada\/\",\"url\":\"https:\/\/www.estrategiaconcursos.com.br\/blog\/oficiais-rm2-marinha-a-ec-no-104-2019-sera-cobrada\/\",\"name\":\"Oficiais RM2 - Marinha: a EC n\u00ba 104\/2019 ser\u00e1 cobrada?\",\"isPartOf\":{\"@id\":\"https:\/\/www.estrategiaconcursos.com.br\/blog\/#website\"},\"datePublished\":\"2019-12-14T12:43:08+00:00\",\"dateModified\":\"2019-12-14T12:43:12+00:00\",\"breadcrumb\":{\"@id\":\"https:\/\/www.estrategiaconcursos.com.br\/blog\/oficiais-rm2-marinha-a-ec-no-104-2019-sera-cobrada\/#breadcrumb\"},\"inLanguage\":\"pt-BR\",\"potentialAction\":[{\"@type\":\"ReadAction\",\"target\":[\"https:\/\/www.estrategiaconcursos.com.br\/blog\/oficiais-rm2-marinha-a-ec-no-104-2019-sera-cobrada\/\"]}]},{\"@type\":\"BreadcrumbList\",\"@id\":\"https:\/\/www.estrategiaconcursos.com.br\/blog\/oficiais-rm2-marinha-a-ec-no-104-2019-sera-cobrada\/#breadcrumb\",\"itemListElement\":[{\"@type\":\"ListItem\",\"position\":1,\"name\":\"In\u00edcio\",\"item\":\"https:\/\/www.estrategiaconcursos.com.br\/blog\/\"},{\"@type\":\"ListItem\",\"position\":2,\"name\":\"Oficiais RM2 &#8211; Marinha: a EC n\u00ba 104\/2019 ser\u00e1 cobrada?\"}]},{\"@type\":\"WebSite\",\"@id\":\"https:\/\/www.estrategiaconcursos.com.br\/blog\/#website\",\"url\":\"https:\/\/www.estrategiaconcursos.com.br\/blog\/\",\"name\":\"Estrat\u00e9gia Concursos\",\"description\":\"O blog da Estrat\u00e9gia Concursos traz not\u00edcias sobre concursos e artigos de professores oferecendo cursos para concursos (pdf + videaulas) no site.\",\"publisher\":{\"@id\":\"https:\/\/www.estrategiaconcursos.com.br\/blog\/#organization\"},\"potentialAction\":[{\"@type\":\"SearchAction\",\"target\":{\"@type\":\"EntryPoint\",\"urlTemplate\":\"https:\/\/www.estrategiaconcursos.com.br\/blog\/?s={search_term_string}\"},\"query-input\":{\"@type\":\"PropertyValueSpecification\",\"valueRequired\":true,\"valueName\":\"search_term_string\"}}],\"inLanguage\":\"pt-BR\"},{\"@type\":\"Organization\",\"@id\":\"https:\/\/www.estrategiaconcursos.com.br\/blog\/#organization\",\"name\":\"Estrat\u00e9gia Concursos\",\"url\":\"https:\/\/www.estrategiaconcursos.com.br\/blog\/\",\"logo\":{\"@type\":\"ImageObject\",\"inLanguage\":\"pt-BR\",\"@id\":\"https:\/\/www.estrategiaconcursos.com.br\/blog\/#\/schema\/logo\/image\/\",\"url\":\"https:\/\/dhg1h5j42swfq.cloudfront.net\/2025\/06\/03203428\/logo_concursos-1.jpg\",\"contentUrl\":\"https:\/\/dhg1h5j42swfq.cloudfront.net\/2025\/06\/03203428\/logo_concursos-1.jpg\",\"width\":230,\"height\":60,\"caption\":\"Estrat\u00e9gia Concursos\"},\"image\":{\"@id\":\"https:\/\/www.estrategiaconcursos.com.br\/blog\/#\/schema\/logo\/image\/\"},\"sameAs\":[\"https:\/\/x.com\/EstratConcursos\"]},{\"@type\":\"Person\",\"@id\":\"https:\/\/www.estrategiaconcursos.com.br\/blog\/#\/schema\/person\/88db47f977dcae3ac49bad2af2a47ab5\",\"name\":\"Luiz Felipe Da Rocha\",\"image\":{\"@type\":\"ImageObject\",\"inLanguage\":\"pt-BR\",\"@id\":\"https:\/\/secure.gravatar.com\/avatar\/3be97c5c216876ec88e91e337dfceca6a73f28116871bbbae04d9fffc1d4e89b?s=96&d=mm&r=g\",\"url\":\"https:\/\/secure.gravatar.com\/avatar\/3be97c5c216876ec88e91e337dfceca6a73f28116871bbbae04d9fffc1d4e89b?s=96&d=mm&r=g\",\"contentUrl\":\"https:\/\/secure.gravatar.com\/avatar\/3be97c5c216876ec88e91e337dfceca6a73f28116871bbbae04d9fffc1d4e89b?s=96&d=mm&r=g\",\"caption\":\"Luiz Felipe Da Rocha\"},\"url\":\"https:\/\/www.estrategiaconcursos.com.br\/blog\/author\/luizfelipedarochaestrategiaconcursos-com-br\/\"}]}<\/script>\n<!-- \/ Yoast SEO Premium plugin. -->","yoast_head_json":{"title":"Oficiais RM2 - Marinha: a EC n\u00ba 104\/2019 ser\u00e1 cobrada?","robots":{"index":"index","follow":"follow","max-snippet":"max-snippet:-1","max-image-preview":"max-image-preview:large","max-video-preview":"max-video-preview:-1"},"canonical":"https:\/\/www.estrategiaconcursos.com.br\/blog\/oficiais-rm2-marinha-a-ec-no-104-2019-sera-cobrada\/","og_locale":"pt_BR","og_type":"article","og_title":"Oficiais RM2 - Marinha: a EC n\u00ba 104\/2019 ser\u00e1 cobrada?","og_description":"Fala, pessoal! Recentemente, no dia 04 de dezembro de 2019, foi publicada a Emenda Constitucional n\u00ba 104\/2019 que incluiu as pol\u00edcias penais federal, estaduais e distrital como \u00f3rg\u00e3os da seguran\u00e7a p\u00fablica: &#8220;Art. 144. A seguran\u00e7a p\u00fablica, dever do Estado, direito e responsabilidade de todos, \u00e9 exercida para a preserva\u00e7\u00e3o da ordem p\u00fablica e da incolumidade [&hellip;]","og_url":"https:\/\/www.estrategiaconcursos.com.br\/blog\/oficiais-rm2-marinha-a-ec-no-104-2019-sera-cobrada\/","og_site_name":"Estrat\u00e9gia Concursos","article_published_time":"2019-12-14T12:43:08+00:00","article_modified_time":"2019-12-14T12:43:12+00:00","author":"Luiz Felipe Da Rocha","twitter_card":"summary_large_image","twitter_creator":"@EstratConcursos","twitter_site":"@EstratConcursos","twitter_misc":{"Escrito por":"Luiz Felipe Da Rocha","Est. tempo de leitura":"3 minutos"},"schema":{"@context":"https:\/\/schema.org","@graph":[{"@type":"NewsArticle","@id":"https:\/\/www.estrategiaconcursos.com.br\/blog\/oficiais-rm2-marinha-a-ec-no-104-2019-sera-cobrada\/#article","isPartOf":{"@id":"https:\/\/www.estrategiaconcursos.com.br\/blog\/oficiais-rm2-marinha-a-ec-no-104-2019-sera-cobrada\/"},"author":{"name":"Luiz Felipe Da Rocha","@id":"https:\/\/www.estrategiaconcursos.com.br\/blog\/#\/schema\/person\/88db47f977dcae3ac49bad2af2a47ab5"},"headline":"Oficiais RM2 &#8211; Marinha: a EC n\u00ba 104\/2019 ser\u00e1 cobrada?","datePublished":"2019-12-14T12:43:08+00:00","dateModified":"2019-12-14T12:43:12+00:00","mainEntityOfPage":{"@id":"https:\/\/www.estrategiaconcursos.com.br\/blog\/oficiais-rm2-marinha-a-ec-no-104-2019-sera-cobrada\/"},"wordCount":570,"commentCount":0,"publisher":{"@id":"https:\/\/www.estrategiaconcursos.com.br\/blog\/#organization"},"keywords":["Marinha","rm2","SMV","tempor\u00e1rio"],"articleSection":["Concursos P\u00fablicos"],"inLanguage":"pt-BR","potentialAction":[{"@type":"CommentAction","name":"Comment","target":["https:\/\/www.estrategiaconcursos.com.br\/blog\/oficiais-rm2-marinha-a-ec-no-104-2019-sera-cobrada\/#respond"]}],"copyrightYear":"2019","copyrightHolder":{"@id":"https:\/\/www.estrategiaconcursos.com.br\/blog\/#organization"}},{"@type":"WebPage","@id":"https:\/\/www.estrategiaconcursos.com.br\/blog\/oficiais-rm2-marinha-a-ec-no-104-2019-sera-cobrada\/","url":"https:\/\/www.estrategiaconcursos.com.br\/blog\/oficiais-rm2-marinha-a-ec-no-104-2019-sera-cobrada\/","name":"Oficiais RM2 - Marinha: a EC n\u00ba 104\/2019 ser\u00e1 cobrada?","isPartOf":{"@id":"https:\/\/www.estrategiaconcursos.com.br\/blog\/#website"},"datePublished":"2019-12-14T12:43:08+00:00","dateModified":"2019-12-14T12:43:12+00:00","breadcrumb":{"@id":"https:\/\/www.estrategiaconcursos.com.br\/blog\/oficiais-rm2-marinha-a-ec-no-104-2019-sera-cobrada\/#breadcrumb"},"inLanguage":"pt-BR","potentialAction":[{"@type":"ReadAction","target":["https:\/\/www.estrategiaconcursos.com.br\/blog\/oficiais-rm2-marinha-a-ec-no-104-2019-sera-cobrada\/"]}]},{"@type":"BreadcrumbList","@id":"https:\/\/www.estrategiaconcursos.com.br\/blog\/oficiais-rm2-marinha-a-ec-no-104-2019-sera-cobrada\/#breadcrumb","itemListElement":[{"@type":"ListItem","position":1,"name":"In\u00edcio","item":"https:\/\/www.estrategiaconcursos.com.br\/blog\/"},{"@type":"ListItem","position":2,"name":"Oficiais RM2 &#8211; Marinha: a EC n\u00ba 104\/2019 ser\u00e1 cobrada?"}]},{"@type":"WebSite","@id":"https:\/\/www.estrategiaconcursos.com.br\/blog\/#website","url":"https:\/\/www.estrategiaconcursos.com.br\/blog\/","name":"Estrat\u00e9gia Concursos","description":"O blog da Estrat\u00e9gia Concursos traz not\u00edcias sobre concursos e artigos de professores oferecendo cursos para concursos (pdf + videaulas) no site.","publisher":{"@id":"https:\/\/www.estrategiaconcursos.com.br\/blog\/#organization"},"potentialAction":[{"@type":"SearchAction","target":{"@type":"EntryPoint","urlTemplate":"https:\/\/www.estrategiaconcursos.com.br\/blog\/?s={search_term_string}"},"query-input":{"@type":"PropertyValueSpecification","valueRequired":true,"valueName":"search_term_string"}}],"inLanguage":"pt-BR"},{"@type":"Organization","@id":"https:\/\/www.estrategiaconcursos.com.br\/blog\/#organization","name":"Estrat\u00e9gia Concursos","url":"https:\/\/www.estrategiaconcursos.com.br\/blog\/","logo":{"@type":"ImageObject","inLanguage":"pt-BR","@id":"https:\/\/www.estrategiaconcursos.com.br\/blog\/#\/schema\/logo\/image\/","url":"https:\/\/dhg1h5j42swfq.cloudfront.net\/2025\/06\/03203428\/logo_concursos-1.jpg","contentUrl":"https:\/\/dhg1h5j42swfq.cloudfront.net\/2025\/06\/03203428\/logo_concursos-1.jpg","width":230,"height":60,"caption":"Estrat\u00e9gia Concursos"},"image":{"@id":"https:\/\/www.estrategiaconcursos.com.br\/blog\/#\/schema\/logo\/image\/"},"sameAs":["https:\/\/x.com\/EstratConcursos"]},{"@type":"Person","@id":"https:\/\/www.estrategiaconcursos.com.br\/blog\/#\/schema\/person\/88db47f977dcae3ac49bad2af2a47ab5","name":"Luiz Felipe Da Rocha","image":{"@type":"ImageObject","inLanguage":"pt-BR","@id":"https:\/\/secure.gravatar.com\/avatar\/3be97c5c216876ec88e91e337dfceca6a73f28116871bbbae04d9fffc1d4e89b?s=96&d=mm&r=g","url":"https:\/\/secure.gravatar.com\/avatar\/3be97c5c216876ec88e91e337dfceca6a73f28116871bbbae04d9fffc1d4e89b?s=96&d=mm&r=g","contentUrl":"https:\/\/secure.gravatar.com\/avatar\/3be97c5c216876ec88e91e337dfceca6a73f28116871bbbae04d9fffc1d4e89b?s=96&d=mm&r=g","caption":"Luiz Felipe Da Rocha"},"url":"https:\/\/www.estrategiaconcursos.com.br\/blog\/author\/luizfelipedarochaestrategiaconcursos-com-br\/"}]}},"_links":{"self":[{"href":"https:\/\/www.estrategiaconcursos.com.br\/blog\/wp-json\/wp\/v2\/posts\/460555","targetHints":{"allow":["GET"]}}],"collection":[{"href":"https:\/\/www.estrategiaconcursos.com.br\/blog\/wp-json\/wp\/v2\/posts"}],"about":[{"href":"https:\/\/www.estrategiaconcursos.com.br\/blog\/wp-json\/wp\/v2\/types\/post"}],"author":[{"embeddable":true,"href":"https:\/\/www.estrategiaconcursos.com.br\/blog\/wp-json\/wp\/v2\/users\/453"}],"replies":[{"embeddable":true,"href":"https:\/\/www.estrategiaconcursos.com.br\/blog\/wp-json\/wp\/v2\/comments?post=460555"}],"version-history":[{"count":5,"href":"https:\/\/www.estrategiaconcursos.com.br\/blog\/wp-json\/wp\/v2\/posts\/460555\/revisions"}],"predecessor-version":[{"id":460575,"href":"https:\/\/www.estrategiaconcursos.com.br\/blog\/wp-json\/wp\/v2\/posts\/460555\/revisions\/460575"}],"wp:attachment":[{"href":"https:\/\/www.estrategiaconcursos.com.br\/blog\/wp-json\/wp\/v2\/media?parent=460555"}],"wp:term":[{"taxonomy":"category","embeddable":true,"href":"https:\/\/www.estrategiaconcursos.com.br\/blog\/wp-json\/wp\/v2\/categories?post=460555"},{"taxonomy":"post_tag","embeddable":true,"href":"https:\/\/www.estrategiaconcursos.com.br\/blog\/wp-json\/wp\/v2\/tags?post=460555"},{"taxonomy":"tax_estado","embeddable":true,"href":"https:\/\/www.estrategiaconcursos.com.br\/blog\/wp-json\/wp\/v2\/tax_estado?post=460555"}],"curies":[{"name":"wp","href":"https:\/\/api.w.org\/{rel}","templated":true}]}}