{"id":460460,"date":"2019-12-14T00:55:17","date_gmt":"2019-12-14T03:55:17","guid":{"rendered":"https:\/\/www.estrategiaconcursos.com.br\/blog\/?p=460460"},"modified":"2020-07-11T12:45:28","modified_gmt":"2020-07-11T15:45:28","slug":"se-o-tema-de-redacao-fosse-direito-a-cidade","status":"publish","type":"post","link":"https:\/\/www.estrategiaconcursos.com.br\/blog\/se-o-tema-de-redacao-fosse-direito-a-cidade\/","title":{"rendered":"Reda\u00e7\u00e3o pronta sobre Direito \u00e0 Cidade: concursos, Enem e Vestibulares"},"content":{"rendered":"\n<p>Estrategianos, tudo em paz?<\/p>\n\n\n\n<p>Prof. Rapha chegando na \u00e1rea trazendo uma<strong> reda\u00e7\u00e3o pronta sobre<\/strong> <strong> direito \u00e0 cidade.<\/strong> Para fazer uma <strong>boa reda\u00e7\u00e3o da FCC<\/strong>, considerada a prova discursiva mais dif\u00edcil do Brasil, primeiramente, \u00e9 necess\u00e1rio compreender o texto de suporte destacando as palavras-chave.<\/p>\n\n\n\n<p>Ent\u00e3o, vamos identific\u00e1-las: h\u00e1 3 palavras-chave no comando\nque, obrigatoriamente, devem aparecer no texto: <strong>espa\u00e7o p\u00fablico, direito \u00e0 cidade e coletividade<\/strong>. Al\u00e9m dessas,\npercebe-se que h\u00e1 uma preocupa\u00e7\u00e3o com a ideia de abrir m\u00e3o de uma liberdade\nindividual para um bem maior (bem comum). Por fim, destacaria que se estamos\nfalando de direito \u00e0 cidade, de espa\u00e7os p\u00fablicos e do bem comum (coletividade),\n<strong>necessariamente<\/strong> a banca faz uma\nrela\u00e7\u00e3o direta com processos de <strong>democratiza\u00e7\u00e3o\nda <em>coisa p\u00fablica<\/em><\/strong>, do acesso para\ntodos. Isso tamb\u00e9m implica na melhora <strong>da\nqualidade de vida<\/strong> das pessoas (seu texto precisa estar em conson\u00e2ncia com\nessas reflex\u00f5es).<\/p>\n\n\n\n<h2 class=\"wp-block-heading\"><strong>Introdu\u00e7\u00e3o<\/strong>&nbsp;\u2013 Reda\u00e7\u00e3o pronta sobre direito \u00e0 cidade<\/h2>\n\n\n\n<p>Esta etapa cl\u00e1ssica \u00e9 aquela semelhante ao\nin\u00edcio de um namoro, voc\u00ea precisa impactar, chamar a aten\u00e7\u00e3o dos examinadores,\nchamar para uma dan\u00e7a, levar a um lugar mais bacana para tomar um bom vinho\nrsrs. Para isso, a introdu\u00e7\u00e3o de uma reda\u00e7\u00e3o possui a seguinte estrutura:<\/p>\n\n\n\n<p><strong>Estrutura ideal da introdu\u00e7\u00e3o: <\/strong><strong>Apresenta\u00e7\u00e3o do tema + tese (posicionamento) + men\u00e7\u00e3o breve de dois\nt\u00f3picos que ser\u00e3o desenvolvidos nos par\u00e1grafos argumentativos<\/strong><strong><\/strong><\/p>\n\n\n\n<p>Saca\ns\u00f3 o exemplo de introdu\u00e7\u00e3o para a nossa reda\u00e7\u00e3o pronta sobre autoritarismo no\nBrasil:<\/p>\n\n\n\n<p>O direito \u00e0 cidade e aos seus espa\u00e7os\np\u00fablicos \u00e9 garantido pelas Leis. No Brasil, por exemplo, h\u00e1 o Estatuto da\nCidade, que visa ao bem-estar coletivo e \u00e0 qualidade de vida das pessoas.\nContudo, mesmo tendo dispositivos legais o acesso aos bens simb\u00f3licos e\nculturais n\u00e3o s\u00e3o acess\u00edveis a toda popula\u00e7\u00e3o. <\/p>\n\n\n\n<ol class=\"wp-block-list\"><li>Observe que na apresenta\u00e7\u00e3o do tema utilizei as\npalavras-chave direito \u00e0 cidade, espa\u00e7os p\u00fablicos, qualidade de vida e\nmencionei o Estatuto da Cidade, importante documento sobre o tema.<\/li><li>Na tese marco o meu posicionamento: os\ndispositivos legais n\u00e3o s\u00e3o suficientes para garantir acesso aos bens simb\u00f3licos\ne culturais.<\/li><\/ol>\n\n\n\n<h2 class=\"wp-block-heading\"><strong>Desenvolvimento<\/strong>&nbsp;\u2013 Reda\u00e7\u00e3o Pronta sobre Direito \u00e0 Cidade<\/h2>\n\n\n\n<p>Aqui \u00e9 aquele momento de mostrar conte\u00fado.\nColoca para fora o seu repert\u00f3rio sociocultural! Nesse sentido, lembre-se das <strong>estrat\u00e9gias argumentativas para o texto\ndissertativo-argumentativo<\/strong>:<\/p>\n\n\n\n<ul class=\"wp-block-list\"><li>Argumento de autoridade;<\/li><li>Exemplifica\u00e7\u00e3o;<\/li><li>Dados Estat\u00edsticos;<\/li><li>Compara\u00e7\u00e3o de realidades sociais;<\/li><li>Alus\u00f5es hist\u00f3ricas, liter\u00e1rias e\ncinematogr\u00e1ficas;<\/li><li>Contraponto cr\u00edtico<\/li><\/ul>\n\n\n\n<p>Al\u00e9m das estrat\u00e9gias argumentativas, \u00e9\nimportante destacar a <strong>estrutura ideal\npara o par\u00e1grafo argumentativo.<\/strong><\/p>\n\n\n\n<p><strong>Conectivo, t\u00f3pico frasal. Fundamenta\u00e7\u00e3o.\nConclus\u00e3o da ideia central<\/strong><\/p>\n\n\n\n<p>Primeiro argumento para o tema Direito \u00e0\nCidade:<\/p>\n\n\n\n<p>Primeiramente <strong>(conectivo para gerar progress\u00e3o textual<\/strong>), <strong>cabe destacar a import\u00e2ncia das cidades nas\nrela\u00e7\u00f5es humanas<\/strong> <strong>(t\u00f3pico frasal).<\/strong> Conforme o fil\u00f3sofo Arist\u00f3teles, a cidade \u00e9 importante porque\n\u00e9 nela que se expressa a condi\u00e7\u00e3o pol\u00edtica e social do ser humano. Logo, a\nfelicidade individual est\u00e1 relacionada \u00e0 coletividade, por isso a necessidade\nde abrir m\u00e3o de parte da liberdade individual (interesses pessoais) em prol de\numa consci\u00eancia coletiva (fundamenta\u00e7\u00e3o com recurso argumentativo de\nautoridade). Nesse sentido, a participa\u00e7\u00e3o\nem tomadas de decis\u00e3o como assembleias ou o simples ato de conservar as ruas\nlimpas s\u00e3o exemplos que v\u00e3o em dire\u00e7\u00e3o do bem comum (conclus\u00e3o da ideia central\nmais argumento de exemplifica\u00e7\u00e3o).<\/p>\n\n\n\n<p>Segundo argumento para o tema Direito \u00e0 Cidade:<\/p>\n\n\n\n<p>Outrossim <strong>(conectivo para gerar progress\u00e3o textual),<\/strong> <strong>o acesso aos bens patrimoniais, culturais,\ntur\u00edsticos afeta o direito \u00e0 cidade e o uso dos espa\u00e7os p\u00fablicos (t\u00f3pico\nfrasal). <\/strong>A aus\u00eancia de pol\u00edticas\np\u00fablicas consistentes que garantam o bom uso, a seguran\u00e7a e a frui\u00e7\u00e3o desses\nbens simb\u00f3licos pela maioria da popula\u00e7\u00e3o impede a democratiza\u00e7\u00e3o da coisa\np\u00fablica. Isso \u00e9 visto na precariedade da mobilidade urbana na maioria das cidades\nbrasileiras, que dificulta o deslocamento das pessoas. Al\u00e9m disso, h\u00e1 aus\u00eancia\nde conserva\u00e7\u00e3o dos bens patrimoniais e pouco interesse e incentivo do uso dos\nespa\u00e7os p\u00fablicos como pra\u00e7as, museus, parques, etc. (Fundamenta\u00e7\u00e3o com recurso argumentativo\nde exemplifica\u00e7\u00e3o com encaminhando conclusivo da ideia central)<\/p>\n\n\n\n<h2 class=\"wp-block-heading\"><strong>Conclus\u00e3o<\/strong>&nbsp;\u2013 Reda\u00e7\u00e3o pronta sobre\nDireito \u00e0 Cidade<\/h2>\n\n\n\n<p>A conclus\u00e3o \u00e9 aquele momento final do encontro\ncom o examinador! Voc\u00ea j\u00e1 fez o convite para a dan\u00e7a (introdu\u00e7\u00e3o), mostrou que\n\u00e9 mais do que um rostinho bonitinho (desenvolvimento) e que agora merece um\nbeijo, digo, uma nota m\u00e1xima.\n \n \n \n<\/p>\n\n\n\n<p>A\nestrutura ideal para a conclus\u00e3o de uma reda\u00e7\u00e3o dissertativa-argumentativa \u00e9 a\nseguinte:<\/p>\n\n\n\n<p>Conectivo, retomada da tese (obrigat\u00f3ria).\nAmarra\u00e7\u00e3o das ideias centrais ou proposta de interven\u00e7\u00e3o detalhada (no caso do\nENEM). Vamos ver como ficou nossa conclus\u00e3o:<\/p>\n\n\n\n<p><strong>Portanto\n(conectivo de conclus\u00e3o<\/strong>), \u00e9 importante que os\ncidad\u00e3os busquem o bem comum para al\u00e9m de seus interesses mais imediatos e que\nos governos proporcionem pol\u00edticas p\u00fablicas que estimulem o bom uso dos espa\u00e7os\np\u00fablicos <strong>(fechamento\ncom proposta de solu\u00e7\u00e3o)<\/strong>. Assim, o direito \u00e0\ncidade ser\u00e1 concretizado e o acesso aos bens culturais garantidos,\nproporcionando uma melhor qualidade de vida \u00e0 popula\u00e7\u00e3o e a busca de um bem\nmaior, conforme defende o pensador Rousseau em suas ideias republicanas <strong>(retomada da tese)<\/strong><\/p>\n\n\n\n<h2 class=\"wp-block-heading\"><strong>Reda\u00e7\u00e3o pronta sobre Direito \u00e0\nCidade: Texto na \u00edntegra<\/strong><\/h2>\n\n\n\n<p>O direito \u00e0 cidade e aos seus espa\u00e7os\np\u00fablicos \u00e9 garantido pelas Leis. No Brasil, por exemplo, h\u00e1 o Estatuto da\nCidade, que visa ao bem-estar coletivo e \u00e0 qualidade de vida das pessoas.\nContudo, mesmo tendo dispositivos legais o acesso aos bens simb\u00f3licos e\nculturais n\u00e3o s\u00e3o acess\u00edveis a toda popula\u00e7\u00e3o. <\/p>\n\n\n\n<p>Primeiramente, cabe destacar a import\u00e2ncia\ndas cidades nas rela\u00e7\u00f5es humanas. Conforme o fil\u00f3sofo Arist\u00f3teles, a cidade \u00e9\nimportante porque \u00e9 nela que se expressa a condi\u00e7\u00e3o pol\u00edtica e social do ser\nhumano. Logo, a felicidade individual est\u00e1 relacionada \u00e0 coletividade, por isso\na necessidade de abrir m\u00e3o de parte da liberdade individual (interesses\npessoais) em prol de uma consci\u00eancia coletiva. Nesse sentido, a participa\u00e7\u00e3o em\ntomadas de decis\u00e3o como assembleias ou o simples ato de conservar as ruas\nlimpas s\u00e3o exemplos que v\u00e3o em dire\u00e7\u00e3o do bem comum.<\/p>\n\n\n\n<p>Outrossim, o acesso aos bens patrimoniais,\nculturais, tur\u00edsticos afeta o direito \u00e0 cidade e o uso dos espa\u00e7os p\u00fablicos. A\naus\u00eancia de pol\u00edticas p\u00fablicas consistentes que garantam o bom uso, a seguran\u00e7a\ne a frui\u00e7\u00e3o desses bens simb\u00f3licos pela maioria da popula\u00e7\u00e3o impede a\ndemocratiza\u00e7\u00e3o da coisa p\u00fablica. Isso \u00e9 visto na precariedade da mobilidade\nurbana na maioria das cidades brasileiras, que dificulta o deslocamento das\npessoas. Al\u00e9m disso, h\u00e1 aus\u00eancia de conserva\u00e7\u00e3o dos bens patrimoniais e pouco\ninteresse e incentivo do uso dos espa\u00e7os p\u00fablicos como pra\u00e7as, museus, parques,\netc.<\/p>\n\n\n\n<p>Portanto, \u00e9 importante que os cidad\u00e3os busquem o bem comum para al\u00e9m de seus interesses mais imediatos e que os governos proporcionem pol\u00edticas p\u00fablicas que estimulem o bom uso dos espa\u00e7os p\u00fablicos. Assim, o direito \u00e0 cidade ser\u00e1 concretizado com acesso aos bens culturais garantidos, proporcionando uma melhor qualidade de vida \u00e0 popula\u00e7\u00e3o e a busca de um bem maior, conforme defende o pensador Rousseau em suas ideias republicanas.<\/p>\n\n\n<p><!--StartFragment--><\/p>\n<p><strong>Quem sou eu?<\/strong><\/p>\n<p>Sou o Professor Raphael Reis. Para quem ainda n\u00e3o me conhece, fica aqui uma breve apresenta\u00e7\u00e3o: sou Professor do Estrat\u00e9gia Concursos desde 2016 e leciono os seguintes conte\u00fados: Reda\u00e7\u00e3o (macroestrutura), Hist\u00f3ria, Filosofia e Sociologia. Fiz minha gradua\u00e7\u00e3o em Hist\u00f3ria (UFJF), especializa\u00e7\u00e3o em Pol\u00edticas P\u00fablicas e Gest\u00e3o Social (UFJF) e mestrado em Sociologia da Educa\u00e7\u00e3o (UFJF).<\/p>\n<p><!-- \/wp:post-content --><!-- wp:paragraph --><\/p>\n<p>Nos \u00faltimos anos tenho me especializado na parte de macroestrutura da<br \/>reda\u00e7\u00e3o. Ao perceber que a grande dificuldade dos candidatos \u00e9 desenvolver argumentos bem fundamentados, criei o curso in\u00e9dito e inovador de <a href=\"https:\/\/www.estrategiaconcursos.com.br\/curso\/ciencias-humanas-para-redacao-2019\/\">Ci\u00eancias Humanas para Reda\u00e7\u00e3o<\/a>, que j\u00e1 atendeu milhares de alunos e t\u00eam contribu\u00eddo decisivamente para a melhoria das notas. Sou autor do e-book <span style=\"float: none;background-color: #ffffff;color: #191e23;font-family: 'Noto Serif';font-size: inherit;font-style: normal;font-variant: normal;font-weight: 400;letter-spacing: normal;line-height: inherit;text-align: left;text-decoration: none;text-indent: 0px;text-transform: none\">best-seller <\/span><a href=\"https:\/\/www.hotmart.com\/product\/25-conceitos-para-usar-na-redacao-concursos\/K37848335O?cd=1&amp;utm_expid=.bTdDhGQLRzGWwEmPzVvrlQ.1&amp;utm_referrer=\">25 conceitos para usar na reda\u00e7\u00e3o<\/a><span style=\"float: none;background-color: #ffffff;color: #191e23;font-family: 'Noto Serif';font-size: inherit;font-style: normal;font-variant: normal;font-weight: 400;letter-spacing: normal;line-height: inherit;text-align: left;text-decoration: none;text-indent: 0px;text-transform: none\"> e editor da revista de atualidades Centro do Mundo.<\/span><\/p>\n<p><strong>Sigam-me os bons:<\/strong><\/p>\n<p>Instagram (@profraphaelreis)\u00a0<\/p>\n<p>YouTube (Professor Raphael Reis)<\/p>\n<p>Telegram: t.me\/profraphaelreis<\/p>\n<p><span style=\"float: none;background-color: #ffffff;color: #191e23;cursor: text;font-family: 'Noto Serif';font-size: 16px;font-style: normal;font-variant: normal;font-weight: 400;letter-spacing: normal;text-align: left;text-decoration: none;text-indent: 0px;text-transform: none\">Site: www.professorraphaelreis.com.br<\/span><\/p>\n<p><!--EndFragment--><\/p>\n<p><!-- wp:paragraph --><\/p>\n<p><!-- \/wp:paragraph --><\/p>\n<p><!--EndFragment--><\/p>","protected":false},"excerpt":{"rendered":"<p>Estrategianos, tudo em paz? Prof. Rapha chegando na \u00e1rea trazendo uma reda\u00e7\u00e3o pronta sobre direito \u00e0 cidade. Para fazer uma boa reda\u00e7\u00e3o da FCC, considerada a prova discursiva mais dif\u00edcil do Brasil, primeiramente, \u00e9 necess\u00e1rio compreender o texto de suporte destacando as palavras-chave. Ent\u00e3o, vamos identific\u00e1-las: h\u00e1 3 palavras-chave no comando que, obrigatoriamente, devem aparecer [&hellip;]<\/p>\n","protected":false},"author":384,"featured_media":0,"comment_status":"open","ping_status":"closed","sticky":false,"template":"","format":"standard","meta":{"post_tipo":"article","footnotes":""},"categories":[1],"tags":[],"tax_estado":[],"class_list":["post-460460","post","type-post","status-publish","format-standard","hentry","category-cursos-e-concursos"],"acf":[],"yoast_head":"<!-- This site is optimized with the Yoast SEO Premium plugin v27.2 (Yoast SEO v27.2) - https:\/\/yoast.com\/product\/yoast-seo-premium-wordpress\/ -->\n<title>Reda\u00e7\u00e3o pronta sobre Direito \u00e0 Cidade: concursos, Enem e Vestibulares<\/title>\n<meta name=\"robots\" content=\"index, follow, max-snippet:-1, max-image-preview:large, max-video-preview:-1\" \/>\n<link rel=\"canonical\" href=\"https:\/\/www.estrategiaconcursos.com.br\/blog\/se-o-tema-de-redacao-fosse-direito-a-cidade\/\" \/>\n<meta property=\"og:locale\" content=\"pt_BR\" \/>\n<meta property=\"og:type\" content=\"article\" \/>\n<meta property=\"og:title\" content=\"Reda\u00e7\u00e3o pronta sobre Direito \u00e0 Cidade: concursos, Enem e Vestibulares\" \/>\n<meta property=\"og:description\" content=\"Estrategianos, tudo em paz? Prof. Rapha chegando na \u00e1rea trazendo uma reda\u00e7\u00e3o pronta sobre direito \u00e0 cidade. Para fazer uma boa reda\u00e7\u00e3o da FCC, considerada a prova discursiva mais dif\u00edcil do Brasil, primeiramente, \u00e9 necess\u00e1rio compreender o texto de suporte destacando as palavras-chave. Ent\u00e3o, vamos identific\u00e1-las: h\u00e1 3 palavras-chave no comando que, obrigatoriamente, devem aparecer [&hellip;]\" \/>\n<meta property=\"og:url\" content=\"https:\/\/www.estrategiaconcursos.com.br\/blog\/se-o-tema-de-redacao-fosse-direito-a-cidade\/\" \/>\n<meta property=\"og:site_name\" content=\"Estrat\u00e9gia Concursos\" \/>\n<meta property=\"article:published_time\" content=\"2019-12-14T03:55:17+00:00\" \/>\n<meta property=\"article:modified_time\" content=\"2020-07-11T15:45:28+00:00\" \/>\n<meta name=\"author\" content=\"Raphael de Oliveira Reis\" \/>\n<meta name=\"twitter:card\" content=\"summary_large_image\" \/>\n<meta name=\"twitter:creator\" content=\"@EstratConcursos\" \/>\n<meta name=\"twitter:site\" content=\"@EstratConcursos\" \/>\n<meta name=\"twitter:label1\" content=\"Escrito por\" \/>\n\t<meta name=\"twitter:data1\" content=\"Raphael de Oliveira Reis\" \/>\n\t<meta name=\"twitter:label2\" content=\"Est. tempo de leitura\" \/>\n\t<meta name=\"twitter:data2\" content=\"7 minutos\" \/>\n<script type=\"application\/ld+json\" class=\"yoast-schema-graph\">{\"@context\":\"https:\/\/schema.org\",\"@graph\":[{\"@type\":\"NewsArticle\",\"@id\":\"https:\/\/www.estrategiaconcursos.com.br\/blog\/se-o-tema-de-redacao-fosse-direito-a-cidade\/#article\",\"isPartOf\":{\"@id\":\"https:\/\/www.estrategiaconcursos.com.br\/blog\/se-o-tema-de-redacao-fosse-direito-a-cidade\/\"},\"author\":{\"name\":\"Raphael de Oliveira Reis\",\"@id\":\"https:\/\/www.estrategiaconcursos.com.br\/blog\/#\/schema\/person\/b49a1a49e5ef8a9f8d3268e74404a911\"},\"headline\":\"Reda\u00e7\u00e3o pronta sobre Direito \u00e0 Cidade: concursos, Enem e Vestibulares\",\"datePublished\":\"2019-12-14T03:55:17+00:00\",\"dateModified\":\"2020-07-11T15:45:28+00:00\",\"mainEntityOfPage\":{\"@id\":\"https:\/\/www.estrategiaconcursos.com.br\/blog\/se-o-tema-de-redacao-fosse-direito-a-cidade\/\"},\"wordCount\":1420,\"commentCount\":0,\"publisher\":{\"@id\":\"https:\/\/www.estrategiaconcursos.com.br\/blog\/#organization\"},\"articleSection\":[\"Concursos P\u00fablicos\"],\"inLanguage\":\"pt-BR\",\"potentialAction\":[{\"@type\":\"CommentAction\",\"name\":\"Comment\",\"target\":[\"https:\/\/www.estrategiaconcursos.com.br\/blog\/se-o-tema-de-redacao-fosse-direito-a-cidade\/#respond\"]}],\"copyrightYear\":\"2019\",\"copyrightHolder\":{\"@id\":\"https:\/\/www.estrategiaconcursos.com.br\/blog\/#organization\"}},{\"@type\":\"WebPage\",\"@id\":\"https:\/\/www.estrategiaconcursos.com.br\/blog\/se-o-tema-de-redacao-fosse-direito-a-cidade\/\",\"url\":\"https:\/\/www.estrategiaconcursos.com.br\/blog\/se-o-tema-de-redacao-fosse-direito-a-cidade\/\",\"name\":\"Reda\u00e7\u00e3o pronta sobre Direito \u00e0 Cidade: concursos, Enem e Vestibulares\",\"isPartOf\":{\"@id\":\"https:\/\/www.estrategiaconcursos.com.br\/blog\/#website\"},\"datePublished\":\"2019-12-14T03:55:17+00:00\",\"dateModified\":\"2020-07-11T15:45:28+00:00\",\"breadcrumb\":{\"@id\":\"https:\/\/www.estrategiaconcursos.com.br\/blog\/se-o-tema-de-redacao-fosse-direito-a-cidade\/#breadcrumb\"},\"inLanguage\":\"pt-BR\",\"potentialAction\":[{\"@type\":\"ReadAction\",\"target\":[\"https:\/\/www.estrategiaconcursos.com.br\/blog\/se-o-tema-de-redacao-fosse-direito-a-cidade\/\"]}]},{\"@type\":\"BreadcrumbList\",\"@id\":\"https:\/\/www.estrategiaconcursos.com.br\/blog\/se-o-tema-de-redacao-fosse-direito-a-cidade\/#breadcrumb\",\"itemListElement\":[{\"@type\":\"ListItem\",\"position\":1,\"name\":\"In\u00edcio\",\"item\":\"https:\/\/www.estrategiaconcursos.com.br\/blog\/\"},{\"@type\":\"ListItem\",\"position\":2,\"name\":\"Reda\u00e7\u00e3o pronta sobre Direito \u00e0 Cidade: concursos, Enem e Vestibulares\"}]},{\"@type\":\"WebSite\",\"@id\":\"https:\/\/www.estrategiaconcursos.com.br\/blog\/#website\",\"url\":\"https:\/\/www.estrategiaconcursos.com.br\/blog\/\",\"name\":\"Estrat\u00e9gia Concursos\",\"description\":\"O blog da Estrat\u00e9gia Concursos traz not\u00edcias sobre concursos e artigos de professores oferecendo cursos para concursos (pdf + videaulas) no site.\",\"publisher\":{\"@id\":\"https:\/\/www.estrategiaconcursos.com.br\/blog\/#organization\"},\"potentialAction\":[{\"@type\":\"SearchAction\",\"target\":{\"@type\":\"EntryPoint\",\"urlTemplate\":\"https:\/\/www.estrategiaconcursos.com.br\/blog\/?s={search_term_string}\"},\"query-input\":{\"@type\":\"PropertyValueSpecification\",\"valueRequired\":true,\"valueName\":\"search_term_string\"}}],\"inLanguage\":\"pt-BR\"},{\"@type\":\"Organization\",\"@id\":\"https:\/\/www.estrategiaconcursos.com.br\/blog\/#organization\",\"name\":\"Estrat\u00e9gia Concursos\",\"url\":\"https:\/\/www.estrategiaconcursos.com.br\/blog\/\",\"logo\":{\"@type\":\"ImageObject\",\"inLanguage\":\"pt-BR\",\"@id\":\"https:\/\/www.estrategiaconcursos.com.br\/blog\/#\/schema\/logo\/image\/\",\"url\":\"https:\/\/dhg1h5j42swfq.cloudfront.net\/2025\/06\/03203428\/logo_concursos-1.jpg\",\"contentUrl\":\"https:\/\/dhg1h5j42swfq.cloudfront.net\/2025\/06\/03203428\/logo_concursos-1.jpg\",\"width\":230,\"height\":60,\"caption\":\"Estrat\u00e9gia Concursos\"},\"image\":{\"@id\":\"https:\/\/www.estrategiaconcursos.com.br\/blog\/#\/schema\/logo\/image\/\"},\"sameAs\":[\"https:\/\/x.com\/EstratConcursos\"]},{\"@type\":\"Person\",\"@id\":\"https:\/\/www.estrategiaconcursos.com.br\/blog\/#\/schema\/person\/b49a1a49e5ef8a9f8d3268e74404a911\",\"name\":\"Raphael de Oliveira Reis\",\"image\":{\"@type\":\"ImageObject\",\"inLanguage\":\"pt-BR\",\"@id\":\"https:\/\/secure.gravatar.com\/avatar\/b1c5789180fc7bfb5103ec006c301370c02393e37aa13c55f6d72f05fcc76b3b?s=96&d=mm&r=g\",\"url\":\"https:\/\/secure.gravatar.com\/avatar\/b1c5789180fc7bfb5103ec006c301370c02393e37aa13c55f6d72f05fcc76b3b?s=96&d=mm&r=g\",\"contentUrl\":\"https:\/\/secure.gravatar.com\/avatar\/b1c5789180fc7bfb5103ec006c301370c02393e37aa13c55f6d72f05fcc76b3b?s=96&d=mm&r=g\",\"caption\":\"Raphael de Oliveira Reis\"},\"url\":\"https:\/\/www.estrategiaconcursos.com.br\/blog\/author\/profraphaelreisgmail-com\/\"}]}<\/script>\n<!-- \/ Yoast SEO Premium plugin. -->","yoast_head_json":{"title":"Reda\u00e7\u00e3o pronta sobre Direito \u00e0 Cidade: concursos, Enem e Vestibulares","robots":{"index":"index","follow":"follow","max-snippet":"max-snippet:-1","max-image-preview":"max-image-preview:large","max-video-preview":"max-video-preview:-1"},"canonical":"https:\/\/www.estrategiaconcursos.com.br\/blog\/se-o-tema-de-redacao-fosse-direito-a-cidade\/","og_locale":"pt_BR","og_type":"article","og_title":"Reda\u00e7\u00e3o pronta sobre Direito \u00e0 Cidade: concursos, Enem e Vestibulares","og_description":"Estrategianos, tudo em paz? Prof. Rapha chegando na \u00e1rea trazendo uma reda\u00e7\u00e3o pronta sobre direito \u00e0 cidade. Para fazer uma boa reda\u00e7\u00e3o da FCC, considerada a prova discursiva mais dif\u00edcil do Brasil, primeiramente, \u00e9 necess\u00e1rio compreender o texto de suporte destacando as palavras-chave. Ent\u00e3o, vamos identific\u00e1-las: h\u00e1 3 palavras-chave no comando que, obrigatoriamente, devem aparecer [&hellip;]","og_url":"https:\/\/www.estrategiaconcursos.com.br\/blog\/se-o-tema-de-redacao-fosse-direito-a-cidade\/","og_site_name":"Estrat\u00e9gia Concursos","article_published_time":"2019-12-14T03:55:17+00:00","article_modified_time":"2020-07-11T15:45:28+00:00","author":"Raphael de Oliveira Reis","twitter_card":"summary_large_image","twitter_creator":"@EstratConcursos","twitter_site":"@EstratConcursos","twitter_misc":{"Escrito por":"Raphael de Oliveira Reis","Est. tempo de leitura":"7 minutos"},"schema":{"@context":"https:\/\/schema.org","@graph":[{"@type":"NewsArticle","@id":"https:\/\/www.estrategiaconcursos.com.br\/blog\/se-o-tema-de-redacao-fosse-direito-a-cidade\/#article","isPartOf":{"@id":"https:\/\/www.estrategiaconcursos.com.br\/blog\/se-o-tema-de-redacao-fosse-direito-a-cidade\/"},"author":{"name":"Raphael de Oliveira Reis","@id":"https:\/\/www.estrategiaconcursos.com.br\/blog\/#\/schema\/person\/b49a1a49e5ef8a9f8d3268e74404a911"},"headline":"Reda\u00e7\u00e3o pronta sobre Direito \u00e0 Cidade: concursos, Enem e Vestibulares","datePublished":"2019-12-14T03:55:17+00:00","dateModified":"2020-07-11T15:45:28+00:00","mainEntityOfPage":{"@id":"https:\/\/www.estrategiaconcursos.com.br\/blog\/se-o-tema-de-redacao-fosse-direito-a-cidade\/"},"wordCount":1420,"commentCount":0,"publisher":{"@id":"https:\/\/www.estrategiaconcursos.com.br\/blog\/#organization"},"articleSection":["Concursos P\u00fablicos"],"inLanguage":"pt-BR","potentialAction":[{"@type":"CommentAction","name":"Comment","target":["https:\/\/www.estrategiaconcursos.com.br\/blog\/se-o-tema-de-redacao-fosse-direito-a-cidade\/#respond"]}],"copyrightYear":"2019","copyrightHolder":{"@id":"https:\/\/www.estrategiaconcursos.com.br\/blog\/#organization"}},{"@type":"WebPage","@id":"https:\/\/www.estrategiaconcursos.com.br\/blog\/se-o-tema-de-redacao-fosse-direito-a-cidade\/","url":"https:\/\/www.estrategiaconcursos.com.br\/blog\/se-o-tema-de-redacao-fosse-direito-a-cidade\/","name":"Reda\u00e7\u00e3o pronta sobre Direito \u00e0 Cidade: concursos, Enem e Vestibulares","isPartOf":{"@id":"https:\/\/www.estrategiaconcursos.com.br\/blog\/#website"},"datePublished":"2019-12-14T03:55:17+00:00","dateModified":"2020-07-11T15:45:28+00:00","breadcrumb":{"@id":"https:\/\/www.estrategiaconcursos.com.br\/blog\/se-o-tema-de-redacao-fosse-direito-a-cidade\/#breadcrumb"},"inLanguage":"pt-BR","potentialAction":[{"@type":"ReadAction","target":["https:\/\/www.estrategiaconcursos.com.br\/blog\/se-o-tema-de-redacao-fosse-direito-a-cidade\/"]}]},{"@type":"BreadcrumbList","@id":"https:\/\/www.estrategiaconcursos.com.br\/blog\/se-o-tema-de-redacao-fosse-direito-a-cidade\/#breadcrumb","itemListElement":[{"@type":"ListItem","position":1,"name":"In\u00edcio","item":"https:\/\/www.estrategiaconcursos.com.br\/blog\/"},{"@type":"ListItem","position":2,"name":"Reda\u00e7\u00e3o pronta sobre Direito \u00e0 Cidade: concursos, Enem e Vestibulares"}]},{"@type":"WebSite","@id":"https:\/\/www.estrategiaconcursos.com.br\/blog\/#website","url":"https:\/\/www.estrategiaconcursos.com.br\/blog\/","name":"Estrat\u00e9gia Concursos","description":"O blog da Estrat\u00e9gia Concursos traz not\u00edcias sobre concursos e artigos de professores oferecendo cursos para concursos (pdf + videaulas) no site.","publisher":{"@id":"https:\/\/www.estrategiaconcursos.com.br\/blog\/#organization"},"potentialAction":[{"@type":"SearchAction","target":{"@type":"EntryPoint","urlTemplate":"https:\/\/www.estrategiaconcursos.com.br\/blog\/?s={search_term_string}"},"query-input":{"@type":"PropertyValueSpecification","valueRequired":true,"valueName":"search_term_string"}}],"inLanguage":"pt-BR"},{"@type":"Organization","@id":"https:\/\/www.estrategiaconcursos.com.br\/blog\/#organization","name":"Estrat\u00e9gia Concursos","url":"https:\/\/www.estrategiaconcursos.com.br\/blog\/","logo":{"@type":"ImageObject","inLanguage":"pt-BR","@id":"https:\/\/www.estrategiaconcursos.com.br\/blog\/#\/schema\/logo\/image\/","url":"https:\/\/dhg1h5j42swfq.cloudfront.net\/2025\/06\/03203428\/logo_concursos-1.jpg","contentUrl":"https:\/\/dhg1h5j42swfq.cloudfront.net\/2025\/06\/03203428\/logo_concursos-1.jpg","width":230,"height":60,"caption":"Estrat\u00e9gia Concursos"},"image":{"@id":"https:\/\/www.estrategiaconcursos.com.br\/blog\/#\/schema\/logo\/image\/"},"sameAs":["https:\/\/x.com\/EstratConcursos"]},{"@type":"Person","@id":"https:\/\/www.estrategiaconcursos.com.br\/blog\/#\/schema\/person\/b49a1a49e5ef8a9f8d3268e74404a911","name":"Raphael de Oliveira Reis","image":{"@type":"ImageObject","inLanguage":"pt-BR","@id":"https:\/\/secure.gravatar.com\/avatar\/b1c5789180fc7bfb5103ec006c301370c02393e37aa13c55f6d72f05fcc76b3b?s=96&d=mm&r=g","url":"https:\/\/secure.gravatar.com\/avatar\/b1c5789180fc7bfb5103ec006c301370c02393e37aa13c55f6d72f05fcc76b3b?s=96&d=mm&r=g","contentUrl":"https:\/\/secure.gravatar.com\/avatar\/b1c5789180fc7bfb5103ec006c301370c02393e37aa13c55f6d72f05fcc76b3b?s=96&d=mm&r=g","caption":"Raphael de Oliveira Reis"},"url":"https:\/\/www.estrategiaconcursos.com.br\/blog\/author\/profraphaelreisgmail-com\/"}]}},"_links":{"self":[{"href":"https:\/\/www.estrategiaconcursos.com.br\/blog\/wp-json\/wp\/v2\/posts\/460460","targetHints":{"allow":["GET"]}}],"collection":[{"href":"https:\/\/www.estrategiaconcursos.com.br\/blog\/wp-json\/wp\/v2\/posts"}],"about":[{"href":"https:\/\/www.estrategiaconcursos.com.br\/blog\/wp-json\/wp\/v2\/types\/post"}],"author":[{"embeddable":true,"href":"https:\/\/www.estrategiaconcursos.com.br\/blog\/wp-json\/wp\/v2\/users\/384"}],"replies":[{"embeddable":true,"href":"https:\/\/www.estrategiaconcursos.com.br\/blog\/wp-json\/wp\/v2\/comments?post=460460"}],"version-history":[{"count":6,"href":"https:\/\/www.estrategiaconcursos.com.br\/blog\/wp-json\/wp\/v2\/posts\/460460\/revisions"}],"predecessor-version":[{"id":540787,"href":"https:\/\/www.estrategiaconcursos.com.br\/blog\/wp-json\/wp\/v2\/posts\/460460\/revisions\/540787"}],"wp:attachment":[{"href":"https:\/\/www.estrategiaconcursos.com.br\/blog\/wp-json\/wp\/v2\/media?parent=460460"}],"wp:term":[{"taxonomy":"category","embeddable":true,"href":"https:\/\/www.estrategiaconcursos.com.br\/blog\/wp-json\/wp\/v2\/categories?post=460460"},{"taxonomy":"post_tag","embeddable":true,"href":"https:\/\/www.estrategiaconcursos.com.br\/blog\/wp-json\/wp\/v2\/tags?post=460460"},{"taxonomy":"tax_estado","embeddable":true,"href":"https:\/\/www.estrategiaconcursos.com.br\/blog\/wp-json\/wp\/v2\/tax_estado?post=460460"}],"curies":[{"name":"wp","href":"https:\/\/api.w.org\/{rel}","templated":true}]}}