{"id":460153,"date":"2019-12-15T07:50:12","date_gmt":"2019-12-15T10:50:12","guid":{"rendered":"https:\/\/www.estrategiaconcursos.com.br\/blog\/?p=460153"},"modified":"2023-08-18T11:30:04","modified_gmt":"2023-08-18T14:30:04","slug":"2-maratona-temas-essenciais-advogado-agu","status":"publish","type":"post","link":"https:\/\/www.estrategiaconcursos.com.br\/blog\/2-maratona-temas-essenciais-advogado-agu\/","title":{"rendered":"2.\u00aa Maratona: Temas Essenciais Advogado da AGU: novas disciplinas neste 15\/12"},"content":{"rendered":"\n<p>O concurso da Advocacia Geral da Uni\u00e3o \u00e9 excelente para os formados na \u00e1rea jur\u00eddica que, para serem investido na carreira de Advogado da Uni\u00e3o o candidato dever\u00e3o possuir diploma de <strong>gradua\u00e7\u00e3o em Direito<\/strong>, registro de <strong>inscri\u00e7\u00e3o na OAB<\/strong> e <strong>2 anos<\/strong> de <strong>pr\u00e1tica forense<\/strong>.  <\/p>\n\n\n\n<p>Isso porque o Advogado P\u00fablico ir\u00e1 representar a Uni\u00e3o, judicial e extrajudicialmente, al\u00e9m de contribuir sobremaneira com o controle da atividade administrativa do Estado, com a defesa do patrim\u00f4nio p\u00fablico e do meio ambiente e com o combate \u00e0 corrup\u00e7\u00e3o nas a\u00e7\u00f5es de improbidade administrativa, dentre outras fun\u00e7\u00f5es emblem\u00e1ticas. <\/p>\n\n\n\n<p>E para ajudar os concurseiros que se preparam meticulosamente para a carreira, a equipe de professores do Estrat\u00e9gia Concursos dar\u00e1 continuidade ao evento realizado na \u00faltima semana e trar\u00e1 uma nova maratona de aulas com disciplinas ainda n\u00e3o abordadas, mas tamb\u00e9m essenciais para a realiza\u00e7\u00e3o do certame e a atua\u00e7\u00e3o no cargo. <\/p>\n\n\n\n<p>O evento exclusivo e gratuito ser\u00e1 transmitido <em><strong>ao vivo<\/strong><\/em> ao longo de todo este domingo, dia<em><strong> 15 de dezembro<\/strong><\/em>, a partir das <strong><em>08 horas e 30 minutos<\/em><\/strong>, diretamente pelo canal do <em><strong>Estrat\u00e9gia no Youtube<\/strong><\/em> e contar\u00e1 com a seguinte programa\u00e7\u00e3o: <\/p>\n\n\n\n<p><\/p>\n\n\n\n<figure class=\"wp-block-table aligncenter is-style-stripes\"><table class=\"has-subtle-pale-blue-background-color has-background has-fixed-layout\"><tbody><tr><td><strong>Hor\u00e1rio<\/strong><\/td><td><strong>Disciplinas<\/strong><\/td><td><strong>Professores<\/strong><\/td><\/tr><tr><td><strong>08:30 \u00e0s 09:30<\/strong><\/td><td>Direito Civil<\/td><td>Prof.\u00ba Paulo Sousa <\/td><\/tr><tr><td><strong>09:30 \u00e0s 10:00<\/strong><\/td><td>Legisla\u00e7\u00e3o Civil Especial <\/td><td>Prof.\u00ba Paulo Sousa  <\/td><\/tr><tr><td><strong>10:00 \u00e0s 11:00<\/strong><\/td><td>Direito Processual Civil <\/td><td>Prof.\u00ba Rodrigo Vaslim <\/td><\/tr><tr><td><strong>11:00 \u00e0s 12:30<\/strong><\/td><td>Aspectos Processuais da Fazenda P\u00fablica<\/td><td>Prof.\u00ba  Igor Maciel <\/td><\/tr><tr><td><strong>12:30 \u00e0s 13:30<\/strong><\/td><td><strong>INTERVALO<\/strong><\/td><td><\/td><\/tr><tr><td><strong>13:30 \u00e0s 14:30<\/strong><\/td><td>Direito Empresarial<\/td><td>Prof.\u00ba Lucas Evangelinos<\/td><\/tr><tr><td><strong>14:30 \u00e0s 16:00<\/strong><\/td><td>Direito Internacional P\u00fablico<\/td><td> Prof.\u00aa Vanessa Arns  <\/td><\/tr><tr><td><strong>16:00 \u00e0s 17:30<\/strong><\/td><td>Direito Internacional Privado<\/td><td>Prof.\u00aa Vanessa Arns <\/td><\/tr><\/tbody><\/table><\/figure>\n\n\n\n<p>N\u00e3o fique de fora dessa! Acesse agora mesmo para n\u00e3o perder nenhum detalhe.<\/p>\n\n\n\n<p class=\"has-text-align-center has-luminous-vivid-amber-background-color has-background\" style=\"font-size:clamp(16.293px, 1.018rem + ((1vw - 3.2px) * 0.854), 25px);px\"><em><strong>Mais informa\u00e7\u00f5es:<\/strong><\/em><strong> <\/strong><a rel=\"noreferrer noopener\" aria-label=\"Concurso Advogado AGU  (abre numa nova aba)\" href=\"https:\/\/www.estrategiaconcursos.com.br\/blog\/concurso-agu-advogado-da-uniao-saiba-tudo-sobre-a-carreira\/\" target=\"_blank\"><strong>Concurso Advogado AGU<\/strong><\/a><\/p>\n\n\n\n<h2 class=\"wp-block-heading has-text-align-center\" id=\"assinatura-cursos\">Quer se preparar para o concurso AGU Advogado da Uni\u00e3o?<\/h2>\n\n\n\n<p class=\"has-text-align-center has-light-green-cyan-background-color has-background\" style=\"font-size:clamp(16.293px, 1.018rem + ((1vw - 3.2px) * 0.854), 25px);px\"><strong><a href=\"https:\/\/www.estrategiaconcursos.com.br\/cursosPorConcurso\/agu-procurador-federal\/\">CURSO AGU ADVOGADO DA UNI\u00c3O<\/a><\/strong><\/p>\n\n\n\n<p class=\"has-text-align-center\"><strong><em>Fique por dentro dos concursos vigentes:<\/em><\/strong><\/p>\n\n\n\n<p class=\"has-text-align-center has-pale-cyan-blue-background-color has-background\" style=\"font-size:clamp(16.293px, 1.018rem + ((1vw - 3.2px) * 0.854), 25px);px\"><strong><a href=\"https:\/\/www.estrategiaconcursos.com.br\/blog\/concursos-abertos\/\" target=\"_blank\" rel=\"noreferrer noopener\">CONCURSOS ABERTOS<\/a><\/strong><\/p>\n\n\n\n<p class=\"has-text-align-center has-pale-pink-background-color has-background\" style=\"font-size:clamp(16.293px, 1.018rem + ((1vw - 3.2px) * 0.854), 25px);px\"><strong><a rel=\"noreferrer noopener\" href=\"https:\/\/www.estrategiaconcursos.com.br\/blog\/concursos-de-direito\/\" target=\"_blank\">CONCURSOS DE DIREITO<\/a><\/strong><\/p>\n","protected":false},"excerpt":{"rendered":"<p>O concurso da Advocacia Geral da Uni\u00e3o \u00e9 excelente para os formados na \u00e1rea jur\u00eddica que, para serem investido na carreira de Advogado da Uni\u00e3o o candidato dever\u00e3o possuir diploma de gradua\u00e7\u00e3o em Direito, registro de inscri\u00e7\u00e3o na OAB e 2 anos de pr\u00e1tica forense. Isso porque o Advogado P\u00fablico ir\u00e1 representar a Uni\u00e3o, judicial [&hellip;]<\/p>\n","protected":false},"author":180,"featured_media":460446,"comment_status":"open","ping_status":"closed","sticky":false,"template":"","format":"standard","meta":{"post_tipo":"article","footnotes":""},"categories":[1],"tags":[],"tax_estado":[],"class_list":["post-460153","post","type-post","status-publish","format-standard","has-post-thumbnail","hentry","category-cursos-e-concursos"],"acf":[],"yoast_head":"<!-- This site is optimized with the Yoast SEO Premium plugin v27.2 (Yoast SEO v27.2) - https:\/\/yoast.com\/product\/yoast-seo-premium-wordpress\/ -->\n<title>2.\u00aa Maratona: Temas Essenciais Advogado da AGU: novas disciplinas neste 15\/12<\/title>\n<meta name=\"robots\" content=\"index, follow, max-snippet:-1, max-image-preview:large, max-video-preview:-1\" \/>\n<link rel=\"canonical\" href=\"https:\/\/www.estrategiaconcursos.com.br\/blog\/2-maratona-temas-essenciais-advogado-agu\/\" \/>\n<meta property=\"og:locale\" content=\"pt_BR\" \/>\n<meta property=\"og:type\" content=\"article\" \/>\n<meta property=\"og:title\" content=\"2.\u00aa Maratona: Temas Essenciais Advogado da AGU: novas disciplinas neste 15\/12\" \/>\n<meta property=\"og:description\" content=\"O concurso da Advocacia Geral da Uni\u00e3o \u00e9 excelente para os formados na \u00e1rea jur\u00eddica que, para serem investido na carreira de Advogado da Uni\u00e3o o candidato dever\u00e3o possuir diploma de gradua\u00e7\u00e3o em Direito, registro de inscri\u00e7\u00e3o na OAB e 2 anos de pr\u00e1tica forense. Isso porque o Advogado P\u00fablico ir\u00e1 representar a Uni\u00e3o, judicial [&hellip;]\" \/>\n<meta property=\"og:url\" content=\"https:\/\/www.estrategiaconcursos.com.br\/blog\/2-maratona-temas-essenciais-advogado-agu\/\" \/>\n<meta property=\"og:site_name\" content=\"Estrat\u00e9gia Concursos\" \/>\n<meta property=\"article:author\" content=\"https:\/\/www.facebook.com\/ricardo.s.torques\" \/>\n<meta property=\"article:published_time\" content=\"2019-12-15T10:50:12+00:00\" \/>\n<meta property=\"article:modified_time\" content=\"2023-08-18T14:30:04+00:00\" \/>\n<meta property=\"og:image\" content=\"https:\/\/dhg1h5j42swfq.cloudfront.net\/2019\/12\/13193430\/YTB_AGU.jpg\" \/>\n\t<meta property=\"og:image:width\" content=\"1200\" \/>\n\t<meta property=\"og:image:height\" content=\"675\" \/>\n\t<meta property=\"og:image:type\" content=\"image\/jpeg\" \/>\n<meta name=\"author\" content=\"Ricardo Torques\" \/>\n<meta name=\"twitter:card\" content=\"summary_large_image\" \/>\n<meta name=\"twitter:creator\" content=\"@EstratConcursos\" \/>\n<meta name=\"twitter:site\" content=\"@EstratConcursos\" \/>\n<meta name=\"twitter:label1\" content=\"Escrito por\" \/>\n\t<meta name=\"twitter:data1\" content=\"Ricardo Torques\" \/>\n\t<meta name=\"twitter:label2\" content=\"Est. tempo de leitura\" \/>\n\t<meta name=\"twitter:data2\" content=\"2 minutos\" \/>\n<script type=\"application\/ld+json\" class=\"yoast-schema-graph\">{\"@context\":\"https:\/\/schema.org\",\"@graph\":[{\"@type\":\"NewsArticle\",\"@id\":\"https:\/\/www.estrategiaconcursos.com.br\/blog\/2-maratona-temas-essenciais-advogado-agu\/#article\",\"isPartOf\":{\"@id\":\"https:\/\/www.estrategiaconcursos.com.br\/blog\/2-maratona-temas-essenciais-advogado-agu\/\"},\"author\":{\"name\":\"Ricardo Torques\",\"@id\":\"https:\/\/www.estrategiaconcursos.com.br\/blog\/#\/schema\/person\/aa39cf5ddb518e5bdce27c35788405e2\"},\"headline\":\"2.\u00aa Maratona: Temas Essenciais Advogado da AGU: novas disciplinas neste 15\/12\",\"datePublished\":\"2019-12-15T10:50:12+00:00\",\"dateModified\":\"2023-08-18T14:30:04+00:00\",\"mainEntityOfPage\":{\"@id\":\"https:\/\/www.estrategiaconcursos.com.br\/blog\/2-maratona-temas-essenciais-advogado-agu\/\"},\"wordCount\":319,\"commentCount\":0,\"publisher\":{\"@id\":\"https:\/\/www.estrategiaconcursos.com.br\/blog\/#organization\"},\"image\":{\"@id\":\"https:\/\/www.estrategiaconcursos.com.br\/blog\/2-maratona-temas-essenciais-advogado-agu\/#primaryimage\"},\"thumbnailUrl\":\"https:\/\/dhg1h5j42swfq.cloudfront.net\/2019\/12\/13193430\/YTB_AGU.jpg\",\"articleSection\":[\"Concursos P\u00fablicos\"],\"inLanguage\":\"pt-BR\",\"potentialAction\":[{\"@type\":\"CommentAction\",\"name\":\"Comment\",\"target\":[\"https:\/\/www.estrategiaconcursos.com.br\/blog\/2-maratona-temas-essenciais-advogado-agu\/#respond\"]}],\"copyrightYear\":\"2019\",\"copyrightHolder\":{\"@id\":\"https:\/\/www.estrategiaconcursos.com.br\/blog\/#organization\"}},{\"@type\":\"WebPage\",\"@id\":\"https:\/\/www.estrategiaconcursos.com.br\/blog\/2-maratona-temas-essenciais-advogado-agu\/\",\"url\":\"https:\/\/www.estrategiaconcursos.com.br\/blog\/2-maratona-temas-essenciais-advogado-agu\/\",\"name\":\"2.\u00aa Maratona: Temas Essenciais Advogado da AGU: novas disciplinas neste 15\/12\",\"isPartOf\":{\"@id\":\"https:\/\/www.estrategiaconcursos.com.br\/blog\/#website\"},\"primaryImageOfPage\":{\"@id\":\"https:\/\/www.estrategiaconcursos.com.br\/blog\/2-maratona-temas-essenciais-advogado-agu\/#primaryimage\"},\"image\":{\"@id\":\"https:\/\/www.estrategiaconcursos.com.br\/blog\/2-maratona-temas-essenciais-advogado-agu\/#primaryimage\"},\"thumbnailUrl\":\"https:\/\/dhg1h5j42swfq.cloudfront.net\/2019\/12\/13193430\/YTB_AGU.jpg\",\"datePublished\":\"2019-12-15T10:50:12+00:00\",\"dateModified\":\"2023-08-18T14:30:04+00:00\",\"breadcrumb\":{\"@id\":\"https:\/\/www.estrategiaconcursos.com.br\/blog\/2-maratona-temas-essenciais-advogado-agu\/#breadcrumb\"},\"inLanguage\":\"pt-BR\",\"potentialAction\":[{\"@type\":\"ReadAction\",\"target\":[\"https:\/\/www.estrategiaconcursos.com.br\/blog\/2-maratona-temas-essenciais-advogado-agu\/\"]}]},{\"@type\":\"ImageObject\",\"inLanguage\":\"pt-BR\",\"@id\":\"https:\/\/www.estrategiaconcursos.com.br\/blog\/2-maratona-temas-essenciais-advogado-agu\/#primaryimage\",\"url\":\"https:\/\/dhg1h5j42swfq.cloudfront.net\/2019\/12\/13193430\/YTB_AGU.jpg\",\"contentUrl\":\"https:\/\/dhg1h5j42swfq.cloudfront.net\/2019\/12\/13193430\/YTB_AGU.jpg\",\"width\":1200,\"height\":675},{\"@type\":\"BreadcrumbList\",\"@id\":\"https:\/\/www.estrategiaconcursos.com.br\/blog\/2-maratona-temas-essenciais-advogado-agu\/#breadcrumb\",\"itemListElement\":[{\"@type\":\"ListItem\",\"position\":1,\"name\":\"In\u00edcio\",\"item\":\"https:\/\/www.estrategiaconcursos.com.br\/blog\/\"},{\"@type\":\"ListItem\",\"position\":2,\"name\":\"2.\u00aa Maratona: Temas Essenciais Advogado da AGU: novas disciplinas neste 15\/12\"}]},{\"@type\":\"WebSite\",\"@id\":\"https:\/\/www.estrategiaconcursos.com.br\/blog\/#website\",\"url\":\"https:\/\/www.estrategiaconcursos.com.br\/blog\/\",\"name\":\"Estrat\u00e9gia Concursos\",\"description\":\"O blog da Estrat\u00e9gia Concursos traz not\u00edcias sobre concursos e artigos de professores oferecendo cursos para concursos (pdf + videaulas) no site.\",\"publisher\":{\"@id\":\"https:\/\/www.estrategiaconcursos.com.br\/blog\/#organization\"},\"potentialAction\":[{\"@type\":\"SearchAction\",\"target\":{\"@type\":\"EntryPoint\",\"urlTemplate\":\"https:\/\/www.estrategiaconcursos.com.br\/blog\/?s={search_term_string}\"},\"query-input\":{\"@type\":\"PropertyValueSpecification\",\"valueRequired\":true,\"valueName\":\"search_term_string\"}}],\"inLanguage\":\"pt-BR\"},{\"@type\":\"Organization\",\"@id\":\"https:\/\/www.estrategiaconcursos.com.br\/blog\/#organization\",\"name\":\"Estrat\u00e9gia Concursos\",\"url\":\"https:\/\/www.estrategiaconcursos.com.br\/blog\/\",\"logo\":{\"@type\":\"ImageObject\",\"inLanguage\":\"pt-BR\",\"@id\":\"https:\/\/www.estrategiaconcursos.com.br\/blog\/#\/schema\/logo\/image\/\",\"url\":\"https:\/\/dhg1h5j42swfq.cloudfront.net\/2025\/06\/03203428\/logo_concursos-1.jpg\",\"contentUrl\":\"https:\/\/dhg1h5j42swfq.cloudfront.net\/2025\/06\/03203428\/logo_concursos-1.jpg\",\"width\":230,\"height\":60,\"caption\":\"Estrat\u00e9gia Concursos\"},\"image\":{\"@id\":\"https:\/\/www.estrategiaconcursos.com.br\/blog\/#\/schema\/logo\/image\/\"},\"sameAs\":[\"https:\/\/x.com\/EstratConcursos\"]},{\"@type\":\"Person\",\"@id\":\"https:\/\/www.estrategiaconcursos.com.br\/blog\/#\/schema\/person\/aa39cf5ddb518e5bdce27c35788405e2\",\"name\":\"Ricardo Torques\",\"image\":{\"@type\":\"ImageObject\",\"inLanguage\":\"pt-BR\",\"@id\":\"https:\/\/secure.gravatar.com\/avatar\/ce9ac6c3cff25fe86d15ed568ebc64d1724baf5c0693133bcb1f6073f712f92a?s=96&d=mm&r=g\",\"url\":\"https:\/\/secure.gravatar.com\/avatar\/ce9ac6c3cff25fe86d15ed568ebc64d1724baf5c0693133bcb1f6073f712f92a?s=96&d=mm&r=g\",\"contentUrl\":\"https:\/\/secure.gravatar.com\/avatar\/ce9ac6c3cff25fe86d15ed568ebc64d1724baf5c0693133bcb1f6073f712f92a?s=96&d=mm&r=g\",\"caption\":\"Ricardo Torques\"},\"sameAs\":[\"https:\/\/www.facebook.com\/ricardo.s.torques\"],\"url\":\"https:\/\/www.estrategiaconcursos.com.br\/blog\/author\/ricardotorquesestrategiaconcursos-com-br\/\"}]}<\/script>\n<!-- \/ Yoast SEO Premium plugin. -->","yoast_head_json":{"title":"2.\u00aa Maratona: Temas Essenciais Advogado da AGU: novas disciplinas neste 15\/12","robots":{"index":"index","follow":"follow","max-snippet":"max-snippet:-1","max-image-preview":"max-image-preview:large","max-video-preview":"max-video-preview:-1"},"canonical":"https:\/\/www.estrategiaconcursos.com.br\/blog\/2-maratona-temas-essenciais-advogado-agu\/","og_locale":"pt_BR","og_type":"article","og_title":"2.\u00aa Maratona: Temas Essenciais Advogado da AGU: novas disciplinas neste 15\/12","og_description":"O concurso da Advocacia Geral da Uni\u00e3o \u00e9 excelente para os formados na \u00e1rea jur\u00eddica que, para serem investido na carreira de Advogado da Uni\u00e3o o candidato dever\u00e3o possuir diploma de gradua\u00e7\u00e3o em Direito, registro de inscri\u00e7\u00e3o na OAB e 2 anos de pr\u00e1tica forense. Isso porque o Advogado P\u00fablico ir\u00e1 representar a Uni\u00e3o, judicial [&hellip;]","og_url":"https:\/\/www.estrategiaconcursos.com.br\/blog\/2-maratona-temas-essenciais-advogado-agu\/","og_site_name":"Estrat\u00e9gia Concursos","article_author":"https:\/\/www.facebook.com\/ricardo.s.torques","article_published_time":"2019-12-15T10:50:12+00:00","article_modified_time":"2023-08-18T14:30:04+00:00","og_image":[{"width":1200,"height":675,"url":"https:\/\/dhg1h5j42swfq.cloudfront.net\/2019\/12\/13193430\/YTB_AGU.jpg","type":"image\/jpeg"}],"author":"Ricardo Torques","twitter_card":"summary_large_image","twitter_creator":"@EstratConcursos","twitter_site":"@EstratConcursos","twitter_misc":{"Escrito por":"Ricardo Torques","Est. tempo de leitura":"2 minutos"},"schema":{"@context":"https:\/\/schema.org","@graph":[{"@type":"NewsArticle","@id":"https:\/\/www.estrategiaconcursos.com.br\/blog\/2-maratona-temas-essenciais-advogado-agu\/#article","isPartOf":{"@id":"https:\/\/www.estrategiaconcursos.com.br\/blog\/2-maratona-temas-essenciais-advogado-agu\/"},"author":{"name":"Ricardo Torques","@id":"https:\/\/www.estrategiaconcursos.com.br\/blog\/#\/schema\/person\/aa39cf5ddb518e5bdce27c35788405e2"},"headline":"2.\u00aa Maratona: Temas Essenciais Advogado da AGU: novas disciplinas neste 15\/12","datePublished":"2019-12-15T10:50:12+00:00","dateModified":"2023-08-18T14:30:04+00:00","mainEntityOfPage":{"@id":"https:\/\/www.estrategiaconcursos.com.br\/blog\/2-maratona-temas-essenciais-advogado-agu\/"},"wordCount":319,"commentCount":0,"publisher":{"@id":"https:\/\/www.estrategiaconcursos.com.br\/blog\/#organization"},"image":{"@id":"https:\/\/www.estrategiaconcursos.com.br\/blog\/2-maratona-temas-essenciais-advogado-agu\/#primaryimage"},"thumbnailUrl":"https:\/\/dhg1h5j42swfq.cloudfront.net\/2019\/12\/13193430\/YTB_AGU.jpg","articleSection":["Concursos P\u00fablicos"],"inLanguage":"pt-BR","potentialAction":[{"@type":"CommentAction","name":"Comment","target":["https:\/\/www.estrategiaconcursos.com.br\/blog\/2-maratona-temas-essenciais-advogado-agu\/#respond"]}],"copyrightYear":"2019","copyrightHolder":{"@id":"https:\/\/www.estrategiaconcursos.com.br\/blog\/#organization"}},{"@type":"WebPage","@id":"https:\/\/www.estrategiaconcursos.com.br\/blog\/2-maratona-temas-essenciais-advogado-agu\/","url":"https:\/\/www.estrategiaconcursos.com.br\/blog\/2-maratona-temas-essenciais-advogado-agu\/","name":"2.\u00aa Maratona: Temas Essenciais Advogado da AGU: novas disciplinas neste 15\/12","isPartOf":{"@id":"https:\/\/www.estrategiaconcursos.com.br\/blog\/#website"},"primaryImageOfPage":{"@id":"https:\/\/www.estrategiaconcursos.com.br\/blog\/2-maratona-temas-essenciais-advogado-agu\/#primaryimage"},"image":{"@id":"https:\/\/www.estrategiaconcursos.com.br\/blog\/2-maratona-temas-essenciais-advogado-agu\/#primaryimage"},"thumbnailUrl":"https:\/\/dhg1h5j42swfq.cloudfront.net\/2019\/12\/13193430\/YTB_AGU.jpg","datePublished":"2019-12-15T10:50:12+00:00","dateModified":"2023-08-18T14:30:04+00:00","breadcrumb":{"@id":"https:\/\/www.estrategiaconcursos.com.br\/blog\/2-maratona-temas-essenciais-advogado-agu\/#breadcrumb"},"inLanguage":"pt-BR","potentialAction":[{"@type":"ReadAction","target":["https:\/\/www.estrategiaconcursos.com.br\/blog\/2-maratona-temas-essenciais-advogado-agu\/"]}]},{"@type":"ImageObject","inLanguage":"pt-BR","@id":"https:\/\/www.estrategiaconcursos.com.br\/blog\/2-maratona-temas-essenciais-advogado-agu\/#primaryimage","url":"https:\/\/dhg1h5j42swfq.cloudfront.net\/2019\/12\/13193430\/YTB_AGU.jpg","contentUrl":"https:\/\/dhg1h5j42swfq.cloudfront.net\/2019\/12\/13193430\/YTB_AGU.jpg","width":1200,"height":675},{"@type":"BreadcrumbList","@id":"https:\/\/www.estrategiaconcursos.com.br\/blog\/2-maratona-temas-essenciais-advogado-agu\/#breadcrumb","itemListElement":[{"@type":"ListItem","position":1,"name":"In\u00edcio","item":"https:\/\/www.estrategiaconcursos.com.br\/blog\/"},{"@type":"ListItem","position":2,"name":"2.\u00aa Maratona: Temas Essenciais Advogado da AGU: novas disciplinas neste 15\/12"}]},{"@type":"WebSite","@id":"https:\/\/www.estrategiaconcursos.com.br\/blog\/#website","url":"https:\/\/www.estrategiaconcursos.com.br\/blog\/","name":"Estrat\u00e9gia Concursos","description":"O blog da Estrat\u00e9gia Concursos traz not\u00edcias sobre concursos e artigos de professores oferecendo cursos para concursos (pdf + videaulas) no site.","publisher":{"@id":"https:\/\/www.estrategiaconcursos.com.br\/blog\/#organization"},"potentialAction":[{"@type":"SearchAction","target":{"@type":"EntryPoint","urlTemplate":"https:\/\/www.estrategiaconcursos.com.br\/blog\/?s={search_term_string}"},"query-input":{"@type":"PropertyValueSpecification","valueRequired":true,"valueName":"search_term_string"}}],"inLanguage":"pt-BR"},{"@type":"Organization","@id":"https:\/\/www.estrategiaconcursos.com.br\/blog\/#organization","name":"Estrat\u00e9gia Concursos","url":"https:\/\/www.estrategiaconcursos.com.br\/blog\/","logo":{"@type":"ImageObject","inLanguage":"pt-BR","@id":"https:\/\/www.estrategiaconcursos.com.br\/blog\/#\/schema\/logo\/image\/","url":"https:\/\/dhg1h5j42swfq.cloudfront.net\/2025\/06\/03203428\/logo_concursos-1.jpg","contentUrl":"https:\/\/dhg1h5j42swfq.cloudfront.net\/2025\/06\/03203428\/logo_concursos-1.jpg","width":230,"height":60,"caption":"Estrat\u00e9gia Concursos"},"image":{"@id":"https:\/\/www.estrategiaconcursos.com.br\/blog\/#\/schema\/logo\/image\/"},"sameAs":["https:\/\/x.com\/EstratConcursos"]},{"@type":"Person","@id":"https:\/\/www.estrategiaconcursos.com.br\/blog\/#\/schema\/person\/aa39cf5ddb518e5bdce27c35788405e2","name":"Ricardo Torques","image":{"@type":"ImageObject","inLanguage":"pt-BR","@id":"https:\/\/secure.gravatar.com\/avatar\/ce9ac6c3cff25fe86d15ed568ebc64d1724baf5c0693133bcb1f6073f712f92a?s=96&d=mm&r=g","url":"https:\/\/secure.gravatar.com\/avatar\/ce9ac6c3cff25fe86d15ed568ebc64d1724baf5c0693133bcb1f6073f712f92a?s=96&d=mm&r=g","contentUrl":"https:\/\/secure.gravatar.com\/avatar\/ce9ac6c3cff25fe86d15ed568ebc64d1724baf5c0693133bcb1f6073f712f92a?s=96&d=mm&r=g","caption":"Ricardo Torques"},"sameAs":["https:\/\/www.facebook.com\/ricardo.s.torques"],"url":"https:\/\/www.estrategiaconcursos.com.br\/blog\/author\/ricardotorquesestrategiaconcursos-com-br\/"}]}},"_links":{"self":[{"href":"https:\/\/www.estrategiaconcursos.com.br\/blog\/wp-json\/wp\/v2\/posts\/460153","targetHints":{"allow":["GET"]}}],"collection":[{"href":"https:\/\/www.estrategiaconcursos.com.br\/blog\/wp-json\/wp\/v2\/posts"}],"about":[{"href":"https:\/\/www.estrategiaconcursos.com.br\/blog\/wp-json\/wp\/v2\/types\/post"}],"author":[{"embeddable":true,"href":"https:\/\/www.estrategiaconcursos.com.br\/blog\/wp-json\/wp\/v2\/users\/180"}],"replies":[{"embeddable":true,"href":"https:\/\/www.estrategiaconcursos.com.br\/blog\/wp-json\/wp\/v2\/comments?post=460153"}],"version-history":[{"count":18,"href":"https:\/\/www.estrategiaconcursos.com.br\/blog\/wp-json\/wp\/v2\/posts\/460153\/revisions"}],"predecessor-version":[{"id":1266217,"href":"https:\/\/www.estrategiaconcursos.com.br\/blog\/wp-json\/wp\/v2\/posts\/460153\/revisions\/1266217"}],"wp:featuredmedia":[{"embeddable":true,"href":"https:\/\/www.estrategiaconcursos.com.br\/blog\/wp-json\/wp\/v2\/media\/460446"}],"wp:attachment":[{"href":"https:\/\/www.estrategiaconcursos.com.br\/blog\/wp-json\/wp\/v2\/media?parent=460153"}],"wp:term":[{"taxonomy":"category","embeddable":true,"href":"https:\/\/www.estrategiaconcursos.com.br\/blog\/wp-json\/wp\/v2\/categories?post=460153"},{"taxonomy":"post_tag","embeddable":true,"href":"https:\/\/www.estrategiaconcursos.com.br\/blog\/wp-json\/wp\/v2\/tags?post=460153"},{"taxonomy":"tax_estado","embeddable":true,"href":"https:\/\/www.estrategiaconcursos.com.br\/blog\/wp-json\/wp\/v2\/tax_estado?post=460153"}],"curies":[{"name":"wp","href":"https:\/\/api.w.org\/{rel}","templated":true}]}}