{"id":459857,"date":"2020-02-18T00:00:00","date_gmt":"2020-02-18T03:00:00","guid":{"rendered":"https:\/\/www.estrategiaconcursos.com.br\/blog\/?p=459857"},"modified":"2020-11-11T11:43:33","modified_gmt":"2020-11-11T14:43:33","slug":"edital-pgm-santos-procurador","status":"publish","type":"post","link":"https:\/\/www.estrategiaconcursos.com.br\/blog\/edital-pgm-santos-procurador\/","title":{"rendered":"Edital PGM Santos: SEGES determina SUSPENS\u00c3O de provas"},"content":{"rendered":"\n<p>A <strong>Prefeitura de Santos<\/strong> anunciou a <span style=\"text-decoration: underline;\">suspens\u00e3o<\/span> da aplica\u00e7\u00e3o das provas objetiva, discursiva e de t\u00edtulos do concurso para <strong>Procurador do Munic\u00edpio<\/strong>, agendadas para os dias 29 de mar\u00e7o e 5 de abril. As medidas fazem parte da estrat\u00e9gia de combate do munic\u00edpio \u00e0 dissemina\u00e7\u00e3o da infec\u00e7\u00e3o de coronav\u00edrus (COVID-19).<\/p>\n\n\n\n<p>De acordo com o documento, publicado no Di\u00e1rio Oficial de Santos e assinada pelo Secret\u00e1rio de Gest\u00e3o, Carlos Teixeira Filho, o novo calend\u00e1rio ser\u00e1 divulgado <span style=\"text-decoration: underline;\">oportunamente<\/span> nos canais oficiais de comunica\u00e7\u00e3o da Prefeitura.<\/p>\n\n\n\n<h2 class=\"wp-block-heading\">Principais datas do edital PGM Santos<\/h2>\n\n\n\n<ul class=\"wp-block-list\"><li><strong>Inscri\u00e7\u00f5es<\/strong>: 08\/01 a 06\/02\/2020<\/li><li><strong>Isen\u00e7\u00e3o<\/strong>: 08 a 09\/01\/2020<\/li><li><strong>Pagamento da taxa<\/strong>: at\u00e9 07\/02\/2020<\/li><li><strong>Prova<\/strong> <strong>objetiva<\/strong>: 29\/03\/2020<\/li><li><strong>Prova discursiva<\/strong>: 05\/04\/2020<\/li><\/ul>\n\n\n\n<h2 class=\"wp-block-heading\">Requisitos de ingresso na PGM Santos<\/h2>\n\n\n\n<p>Para ingressar na carreira de Procurador do Munic\u00edpio de Santos \u00e9 necess\u00e1rio ser <strong>bacharel em Direito<\/strong> e estar regularmente inscrito como advogado na OAB.<\/p>\n\n\n\n<h2 class=\"wp-block-heading\">Etapas do concurso PGM Santos<\/h2>\n\n\n\n<ol class=\"wp-block-list\"><li>Prova objetiva (eliminat\u00f3ria e classificat\u00f3ria);<\/li><li>Prova discursiva (eliminat\u00f3ria e classificat\u00f3ria);<\/li><li>Avalia\u00e7\u00e3o de t\u00edtulos (classificat\u00f3ria).<\/li><\/ol>\n\n\n\n<h2 class=\"wp-block-heading\">Prova objetiva do concurso Procurador Santos<\/h2>\n\n\n\n<p>A prova objetiva do concurso PGM Santos ser\u00e1 composta por <strong>100 quest\u00f5es<\/strong> de m\u00faltipla escolha com cinco alternativas, com dura\u00e7\u00e3o m\u00e1xima de <strong>5h<\/strong>. Esta prova ser\u00e1 aplicada  na tarde do dia  <strong>29 de mar\u00e7o de 2020<\/strong>.<\/p>\n\n\n\n<h4 class=\"wp-block-heading\">Disciplinas cobradas<\/h4>\n\n\n\n<ul class=\"wp-block-list\"><li>Direito Constitucional<\/li><li>Direito Administrativo<\/li><li>Direito Civil<\/li><li>Direito Processual Civil<\/li><li>Direitos Difusos e Coletivos<\/li><li>Direito Tribut\u00e1rio e Financeiro<\/li><li>Direito Penal e Processual Penal<\/li><li>Direito do Trabalho e Processual do Trabalho<\/li><li>Legisla\u00e7\u00e3o Municipal<\/li><\/ul>\n\n\n\n<h4 class=\"wp-block-heading\">Crit\u00e9rios de avalia\u00e7\u00e3o<\/h4>\n\n\n\n<ul class=\"wp-block-list\"><li>Nota m\u00e1xima: 100 pontos<\/li><li>Nota m\u00ednima: 50 pontos<\/li><\/ul>\n\n\n\n<h4 class=\"wp-block-heading\">Provas discursivas corrigidas<\/h4>\n\n\n\n<ul class=\"wp-block-list\"><li>Ampla concorr\u00eancia: 100 primeiros colocados na prova objetiva.<\/li><li>Candidatos com defici\u00eancia: todos que atingirem a pontua\u00e7\u00e3o m\u00ednima exigida na prova objetiva.<\/li><\/ul>\n\n\n\n<h2 class=\"wp-block-heading\">Prova discursiva do concurso PGM Santos<\/h2>\n\n\n\n<p>A prova discursiva do concurso da PGM de Santos ser\u00e1 aplicada no dia <strong>5 de abril de 2020<\/strong>, no per\u00edodo da manh\u00e3, com dura\u00e7\u00e3o de <strong>4 horas<\/strong>. Esta prova exigir\u00e1 a reda\u00e7\u00e3o de <strong>uma pe\u00e7a processual <\/strong>e <strong>dois pareceres.<\/strong><\/p>\n\n\n\n<h4 class=\"wp-block-heading\">Distribui\u00e7\u00e3o dos pontos<\/h4>\n\n\n\n<ul class=\"wp-block-list\"><li> 50,00 pontos para a pe\u00e7a processual; <\/li><li> 50,00 pontos para o parecer (25,00 pontos para cada parecer). <\/li><\/ul>\n\n\n\n<h4 class=\"wp-block-heading\">Crit\u00e9rios de avalia\u00e7\u00e3o<\/h4>\n\n\n\n<p> Ser\u00e1 considerado habilitado na prova discursiva (pe\u00e7a processual e parecer), o candidato que obtiver nota igual ou superior a 50,00 bem como n\u00e3o zerar em nenhuma de suas duas partes (pe\u00e7a processual e parecer). <\/p>\n\n\n\n<h2 class=\"wp-block-heading\">Edital PGM Santos: prova de t\u00edtulos<\/h2>\n\n\n\n<figure class=\"wp-block-table is-style-stripes\"><table class=\"has-subtle-pale-blue-background-color has-fixed-layout has-background\"><tbody><tr><td><strong>T\u00edtulo<\/strong><\/td><td><strong>Pontos<\/strong><\/td><\/tr><tr><td>Doutorado relacionado \u00e0 \u00e1rea em  que concorre<\/td><td>5,0<\/td><\/tr><tr><td>Mestrado relacionado \u00e0 \u00e1rea em que concorre.<\/td><td>2,5<\/td><\/tr><tr><td> Curso de Especializa\u00e7\u00e3o, N\u00edvel Superior \u2013 Latu-Sensu com carga hor\u00e1ria m\u00ednima de 360 horas, relacionado \u00e0 \u00e1rea em que concorre. <\/td><td>1,0<\/td><\/tr><\/tbody><\/table><\/figure>\n\n\n\n<h2 class=\"has-text-align-center wp-block-heading\" id=\"cursos-pgm-santos\">Quer estudar para a PGM Santos?<\/h2>\n\n\n\n<p class=\"has-text-align-center has-light-green-cyan-background-color has-background\" style=\"font-size:clamp(16.293px, 1.018rem + ((1vw - 3.2px) * 0.854), 25px);px\"><strong><a rel=\"noreferrer noopener\" aria-label=\"CURSO PGM SANTOS (abre numa nova aba)\" href=\"https:\/\/www.estrategiaconcursos.com.br\/cursosPorConcurso\/pgm-santos-procurador-municipal\/\" target=\"_blank\">CURSO PGM SANTOS<\/a><\/strong><\/p>\n\n\n\n<p class=\"has-text-align-center\"><em><strong>Fique por dentro de todos os concursos<\/strong><\/em>:<\/p>\n\n\n\n<p class=\"has-text-align-center has-pale-cyan-blue-background-color has-background\" style=\"font-size:clamp(15.197px, 0.95rem + ((1vw - 3.2px) * 0.765), 23px);px\"><a rel=\"noreferrer noopener\" href=\"https:\/\/www.estrategiaconcursos.com.br\/blog\/concursos-abertos\/\" target=\"_blank\"><strong>Concursos abertos<\/strong><\/a><\/p>\n\n\n\n<p class=\"has-text-align-center has-pale-cyan-blue-background-color has-background\" style=\"font-size:clamp(15.197px, 0.95rem + ((1vw - 3.2px) * 0.765), 23px);px\"><a rel=\"noreferrer noopener\" href=\"https:\/\/www.estrategiaconcursos.com.br\/blog\/concursos-2020\/\" target=\"_blank\"><strong>Concursos 2020<\/strong><\/a><\/p>\n\n\n\n<p class=\"has-text-align-center has-pale-cyan-blue-background-color has-background\" style=\"font-size:clamp(15.197px, 0.95rem + ((1vw - 3.2px) * 0.765), 23px);px\"><strong><a href=\"https:\/\/www.estrategiaconcursos.com.br\/blog\/concursos-de-direito\/\" target=\"_blank\" rel=\"noreferrer noopener\" aria-label=\"Concursos de Direito (abre numa nova aba)\">Concursos de Direito<\/a><\/strong><\/p>\n\n\n\n<figure class=\"wp-block-image\"><img loading=\"lazy\" decoding=\"async\" width=\"300\" height=\"102\" src=\"https:\/\/dhg1h5j42swfq.cloudfront.net\/2019\/05\/24111300\/coruja-ficha-tecnica-300x1022.png\" alt=\"\" class=\"wp-image-377479\"\/><\/figure>\n\n\n\n<h3 class=\"wp-block-heading\" id=\"ficha-tecnica\"><strong>Informa\u00e7\u00f5es sobre o&nbsp;<\/strong>concurso PGM Santos<\/h3>\n\n\n\n<p>\u25ba<strong>Inscri\u00e7\u00f5es<\/strong>: 08\/01 a 06\/02\/2020<br \/>\u25ba<strong>Vagas<\/strong>: 2<br \/>\u25ba<strong>Cargos<\/strong>: Procurador<br \/>\u25ba<strong>Banca<\/strong>: VUNESP<br \/>\u25ba<strong>Escolaridade<\/strong>: N\u00edvel Superior<br \/>\u25ba<strong>Edital<\/strong>: <a rel=\"noreferrer noopener\" aria-label=\"E (abre numa nova aba)\" href=\"https:\/\/dhg1h5j42swfq.cloudfront.net\/2019\/12\/13093612\/edital_76_-_2019_-_procurador-1.pdf\" target=\"_blank\">Edital PGM Santos 2020<\/a><\/p>\n","protected":false},"excerpt":{"rendered":"<p>A Prefeitura de Santos anunciou a suspens\u00e3o da aplica\u00e7\u00e3o das provas objetiva, discursiva e de t\u00edtulos do concurso para Procurador do Munic\u00edpio, agendadas para os dias 29 de mar\u00e7o e 5 de abril. As medidas fazem parte da estrat\u00e9gia de combate do munic\u00edpio \u00e0 dissemina\u00e7\u00e3o da infec\u00e7\u00e3o de coronav\u00edrus (COVID-19). De acordo com o documento, [&hellip;]<\/p>\n","protected":false},"author":180,"featured_media":442436,"comment_status":"open","ping_status":"closed","sticky":false,"template":"","format":"standard","meta":{"post_tipo":"article","footnotes":""},"categories":[1,2185],"tags":[],"tax_estado":[],"class_list":["post-459857","post","type-post","status-publish","format-standard","has-post-thumbnail","hentry","category-cursos-e-concursos","category-carreiras-juridicas"],"acf":[],"yoast_head":"<!-- This site is optimized with the Yoast SEO Premium plugin v27.2 (Yoast SEO v27.2) - https:\/\/yoast.com\/product\/yoast-seo-premium-wordpress\/ -->\n<title>Edital PGM Santos: SEGES determina SUSPENS\u00c3O de provas<\/title>\n<meta name=\"description\" content=\"Concurso PGM Santos: inscri\u00e7\u00f5es encerradas para duas vagas imediatas para Procurador. Saiba mais sobre o certame neste artigo!\" \/>\n<meta name=\"robots\" content=\"index, follow, max-snippet:-1, max-image-preview:large, max-video-preview:-1\" \/>\n<link rel=\"canonical\" href=\"https:\/\/www.estrategiaconcursos.com.br\/blog\/edital-pgm-santos-procurador\/\" \/>\n<meta property=\"og:locale\" content=\"pt_BR\" \/>\n<meta property=\"og:type\" content=\"article\" \/>\n<meta property=\"og:title\" content=\"Edital PGM Santos: SEGES determina SUSPENS\u00c3O de provas\" \/>\n<meta property=\"og:description\" content=\"Concurso PGM Santos: inscri\u00e7\u00f5es encerradas para duas vagas imediatas para Procurador. Saiba mais sobre o certame neste artigo!\" \/>\n<meta property=\"og:url\" content=\"https:\/\/www.estrategiaconcursos.com.br\/blog\/edital-pgm-santos-procurador\/\" \/>\n<meta property=\"og:site_name\" content=\"Estrat\u00e9gia Concursos\" \/>\n<meta property=\"article:author\" content=\"https:\/\/www.facebook.com\/ricardo.s.torques\" \/>\n<meta property=\"article:published_time\" content=\"2020-02-18T03:00:00+00:00\" \/>\n<meta property=\"article:modified_time\" content=\"2020-11-11T14:43:33+00:00\" \/>\n<meta property=\"og:image\" content=\"https:\/\/dhg1h5j42swfq.cloudfront.net\/2019\/10\/31101738\/PGM-SANTOS1.jpg\" \/>\n\t<meta property=\"og:image:width\" content=\"1200\" \/>\n\t<meta property=\"og:image:height\" content=\"628\" \/>\n\t<meta property=\"og:image:type\" content=\"image\/jpeg\" \/>\n<meta name=\"author\" content=\"Ricardo Torques\" \/>\n<meta name=\"twitter:card\" content=\"summary_large_image\" \/>\n<meta name=\"twitter:creator\" content=\"@EstratConcursos\" \/>\n<meta name=\"twitter:site\" content=\"@EstratConcursos\" \/>\n<meta name=\"twitter:label1\" content=\"Escrito por\" \/>\n\t<meta name=\"twitter:data1\" content=\"Ricardo Torques\" \/>\n\t<meta name=\"twitter:label2\" content=\"Est. tempo de leitura\" \/>\n\t<meta name=\"twitter:data2\" content=\"2 minutos\" \/>\n<script type=\"application\/ld+json\" class=\"yoast-schema-graph\">{\"@context\":\"https:\/\/schema.org\",\"@graph\":[{\"@type\":\"NewsArticle\",\"@id\":\"https:\/\/www.estrategiaconcursos.com.br\/blog\/edital-pgm-santos-procurador\/#article\",\"isPartOf\":{\"@id\":\"https:\/\/www.estrategiaconcursos.com.br\/blog\/edital-pgm-santos-procurador\/\"},\"author\":{\"name\":\"Ricardo Torques\",\"@id\":\"https:\/\/www.estrategiaconcursos.com.br\/blog\/#\/schema\/person\/aa39cf5ddb518e5bdce27c35788405e2\"},\"headline\":\"Edital PGM Santos: SEGES determina SUSPENS\u00c3O de provas\",\"datePublished\":\"2020-02-18T03:00:00+00:00\",\"dateModified\":\"2020-11-11T14:43:33+00:00\",\"mainEntityOfPage\":{\"@id\":\"https:\/\/www.estrategiaconcursos.com.br\/blog\/edital-pgm-santos-procurador\/\"},\"wordCount\":494,\"commentCount\":0,\"publisher\":{\"@id\":\"https:\/\/www.estrategiaconcursos.com.br\/blog\/#organization\"},\"image\":{\"@id\":\"https:\/\/www.estrategiaconcursos.com.br\/blog\/edital-pgm-santos-procurador\/#primaryimage\"},\"thumbnailUrl\":\"https:\/\/dhg1h5j42swfq.cloudfront.net\/2019\/10\/31101738\/PGM-SANTOS1.jpg\",\"articleSection\":[\"Concursos P\u00fablicos\",\"Jur\u00eddico\"],\"inLanguage\":\"pt-BR\",\"potentialAction\":[{\"@type\":\"CommentAction\",\"name\":\"Comment\",\"target\":[\"https:\/\/www.estrategiaconcursos.com.br\/blog\/edital-pgm-santos-procurador\/#respond\"]}],\"copyrightYear\":\"2020\",\"copyrightHolder\":{\"@id\":\"https:\/\/www.estrategiaconcursos.com.br\/blog\/#organization\"}},{\"@type\":\"WebPage\",\"@id\":\"https:\/\/www.estrategiaconcursos.com.br\/blog\/edital-pgm-santos-procurador\/\",\"url\":\"https:\/\/www.estrategiaconcursos.com.br\/blog\/edital-pgm-santos-procurador\/\",\"name\":\"Edital PGM Santos: SEGES determina SUSPENS\u00c3O de provas\",\"isPartOf\":{\"@id\":\"https:\/\/www.estrategiaconcursos.com.br\/blog\/#website\"},\"primaryImageOfPage\":{\"@id\":\"https:\/\/www.estrategiaconcursos.com.br\/blog\/edital-pgm-santos-procurador\/#primaryimage\"},\"image\":{\"@id\":\"https:\/\/www.estrategiaconcursos.com.br\/blog\/edital-pgm-santos-procurador\/#primaryimage\"},\"thumbnailUrl\":\"https:\/\/dhg1h5j42swfq.cloudfront.net\/2019\/10\/31101738\/PGM-SANTOS1.jpg\",\"datePublished\":\"2020-02-18T03:00:00+00:00\",\"dateModified\":\"2020-11-11T14:43:33+00:00\",\"description\":\"Concurso PGM Santos: inscri\u00e7\u00f5es encerradas para duas vagas imediatas para Procurador. Saiba mais sobre o certame neste artigo!\",\"breadcrumb\":{\"@id\":\"https:\/\/www.estrategiaconcursos.com.br\/blog\/edital-pgm-santos-procurador\/#breadcrumb\"},\"inLanguage\":\"pt-BR\",\"potentialAction\":[{\"@type\":\"ReadAction\",\"target\":[\"https:\/\/www.estrategiaconcursos.com.br\/blog\/edital-pgm-santos-procurador\/\"]}]},{\"@type\":\"ImageObject\",\"inLanguage\":\"pt-BR\",\"@id\":\"https:\/\/www.estrategiaconcursos.com.br\/blog\/edital-pgm-santos-procurador\/#primaryimage\",\"url\":\"https:\/\/dhg1h5j42swfq.cloudfront.net\/2019\/10\/31101738\/PGM-SANTOS1.jpg\",\"contentUrl\":\"https:\/\/dhg1h5j42swfq.cloudfront.net\/2019\/10\/31101738\/PGM-SANTOS1.jpg\",\"width\":1200,\"height\":628,\"caption\":\"concurso pgm santos\"},{\"@type\":\"BreadcrumbList\",\"@id\":\"https:\/\/www.estrategiaconcursos.com.br\/blog\/edital-pgm-santos-procurador\/#breadcrumb\",\"itemListElement\":[{\"@type\":\"ListItem\",\"position\":1,\"name\":\"In\u00edcio\",\"item\":\"https:\/\/www.estrategiaconcursos.com.br\/blog\/\"},{\"@type\":\"ListItem\",\"position\":2,\"name\":\"Edital PGM Santos: SEGES determina SUSPENS\u00c3O de provas\"}]},{\"@type\":\"WebSite\",\"@id\":\"https:\/\/www.estrategiaconcursos.com.br\/blog\/#website\",\"url\":\"https:\/\/www.estrategiaconcursos.com.br\/blog\/\",\"name\":\"Estrat\u00e9gia Concursos\",\"description\":\"O blog da Estrat\u00e9gia Concursos traz not\u00edcias sobre concursos e artigos de professores oferecendo cursos para concursos (pdf + videaulas) no site.\",\"publisher\":{\"@id\":\"https:\/\/www.estrategiaconcursos.com.br\/blog\/#organization\"},\"potentialAction\":[{\"@type\":\"SearchAction\",\"target\":{\"@type\":\"EntryPoint\",\"urlTemplate\":\"https:\/\/www.estrategiaconcursos.com.br\/blog\/?s={search_term_string}\"},\"query-input\":{\"@type\":\"PropertyValueSpecification\",\"valueRequired\":true,\"valueName\":\"search_term_string\"}}],\"inLanguage\":\"pt-BR\"},{\"@type\":\"Organization\",\"@id\":\"https:\/\/www.estrategiaconcursos.com.br\/blog\/#organization\",\"name\":\"Estrat\u00e9gia Concursos\",\"url\":\"https:\/\/www.estrategiaconcursos.com.br\/blog\/\",\"logo\":{\"@type\":\"ImageObject\",\"inLanguage\":\"pt-BR\",\"@id\":\"https:\/\/www.estrategiaconcursos.com.br\/blog\/#\/schema\/logo\/image\/\",\"url\":\"https:\/\/dhg1h5j42swfq.cloudfront.net\/2025\/06\/03203428\/logo_concursos-1.jpg\",\"contentUrl\":\"https:\/\/dhg1h5j42swfq.cloudfront.net\/2025\/06\/03203428\/logo_concursos-1.jpg\",\"width\":230,\"height\":60,\"caption\":\"Estrat\u00e9gia Concursos\"},\"image\":{\"@id\":\"https:\/\/www.estrategiaconcursos.com.br\/blog\/#\/schema\/logo\/image\/\"},\"sameAs\":[\"https:\/\/x.com\/EstratConcursos\"]},{\"@type\":\"Person\",\"@id\":\"https:\/\/www.estrategiaconcursos.com.br\/blog\/#\/schema\/person\/aa39cf5ddb518e5bdce27c35788405e2\",\"name\":\"Ricardo Torques\",\"image\":{\"@type\":\"ImageObject\",\"inLanguage\":\"pt-BR\",\"@id\":\"https:\/\/secure.gravatar.com\/avatar\/ce9ac6c3cff25fe86d15ed568ebc64d1724baf5c0693133bcb1f6073f712f92a?s=96&d=mm&r=g\",\"url\":\"https:\/\/secure.gravatar.com\/avatar\/ce9ac6c3cff25fe86d15ed568ebc64d1724baf5c0693133bcb1f6073f712f92a?s=96&d=mm&r=g\",\"contentUrl\":\"https:\/\/secure.gravatar.com\/avatar\/ce9ac6c3cff25fe86d15ed568ebc64d1724baf5c0693133bcb1f6073f712f92a?s=96&d=mm&r=g\",\"caption\":\"Ricardo Torques\"},\"sameAs\":[\"https:\/\/www.facebook.com\/ricardo.s.torques\"],\"url\":\"https:\/\/www.estrategiaconcursos.com.br\/blog\/author\/ricardotorquesestrategiaconcursos-com-br\/\"}]}<\/script>\n<!-- \/ Yoast SEO Premium plugin. -->","yoast_head_json":{"title":"Edital PGM Santos: SEGES determina SUSPENS\u00c3O de provas","description":"Concurso PGM Santos: inscri\u00e7\u00f5es encerradas para duas vagas imediatas para Procurador. Saiba mais sobre o certame neste artigo!","robots":{"index":"index","follow":"follow","max-snippet":"max-snippet:-1","max-image-preview":"max-image-preview:large","max-video-preview":"max-video-preview:-1"},"canonical":"https:\/\/www.estrategiaconcursos.com.br\/blog\/edital-pgm-santos-procurador\/","og_locale":"pt_BR","og_type":"article","og_title":"Edital PGM Santos: SEGES determina SUSPENS\u00c3O de provas","og_description":"Concurso PGM Santos: inscri\u00e7\u00f5es encerradas para duas vagas imediatas para Procurador. Saiba mais sobre o certame neste artigo!","og_url":"https:\/\/www.estrategiaconcursos.com.br\/blog\/edital-pgm-santos-procurador\/","og_site_name":"Estrat\u00e9gia Concursos","article_author":"https:\/\/www.facebook.com\/ricardo.s.torques","article_published_time":"2020-02-18T03:00:00+00:00","article_modified_time":"2020-11-11T14:43:33+00:00","og_image":[{"width":1200,"height":628,"url":"https:\/\/dhg1h5j42swfq.cloudfront.net\/2019\/10\/31101738\/PGM-SANTOS1.jpg","type":"image\/jpeg"}],"author":"Ricardo Torques","twitter_card":"summary_large_image","twitter_creator":"@EstratConcursos","twitter_site":"@EstratConcursos","twitter_misc":{"Escrito por":"Ricardo Torques","Est. tempo de leitura":"2 minutos"},"schema":{"@context":"https:\/\/schema.org","@graph":[{"@type":"NewsArticle","@id":"https:\/\/www.estrategiaconcursos.com.br\/blog\/edital-pgm-santos-procurador\/#article","isPartOf":{"@id":"https:\/\/www.estrategiaconcursos.com.br\/blog\/edital-pgm-santos-procurador\/"},"author":{"name":"Ricardo Torques","@id":"https:\/\/www.estrategiaconcursos.com.br\/blog\/#\/schema\/person\/aa39cf5ddb518e5bdce27c35788405e2"},"headline":"Edital PGM Santos: SEGES determina SUSPENS\u00c3O de provas","datePublished":"2020-02-18T03:00:00+00:00","dateModified":"2020-11-11T14:43:33+00:00","mainEntityOfPage":{"@id":"https:\/\/www.estrategiaconcursos.com.br\/blog\/edital-pgm-santos-procurador\/"},"wordCount":494,"commentCount":0,"publisher":{"@id":"https:\/\/www.estrategiaconcursos.com.br\/blog\/#organization"},"image":{"@id":"https:\/\/www.estrategiaconcursos.com.br\/blog\/edital-pgm-santos-procurador\/#primaryimage"},"thumbnailUrl":"https:\/\/dhg1h5j42swfq.cloudfront.net\/2019\/10\/31101738\/PGM-SANTOS1.jpg","articleSection":["Concursos P\u00fablicos","Jur\u00eddico"],"inLanguage":"pt-BR","potentialAction":[{"@type":"CommentAction","name":"Comment","target":["https:\/\/www.estrategiaconcursos.com.br\/blog\/edital-pgm-santos-procurador\/#respond"]}],"copyrightYear":"2020","copyrightHolder":{"@id":"https:\/\/www.estrategiaconcursos.com.br\/blog\/#organization"}},{"@type":"WebPage","@id":"https:\/\/www.estrategiaconcursos.com.br\/blog\/edital-pgm-santos-procurador\/","url":"https:\/\/www.estrategiaconcursos.com.br\/blog\/edital-pgm-santos-procurador\/","name":"Edital PGM Santos: SEGES determina SUSPENS\u00c3O de provas","isPartOf":{"@id":"https:\/\/www.estrategiaconcursos.com.br\/blog\/#website"},"primaryImageOfPage":{"@id":"https:\/\/www.estrategiaconcursos.com.br\/blog\/edital-pgm-santos-procurador\/#primaryimage"},"image":{"@id":"https:\/\/www.estrategiaconcursos.com.br\/blog\/edital-pgm-santos-procurador\/#primaryimage"},"thumbnailUrl":"https:\/\/dhg1h5j42swfq.cloudfront.net\/2019\/10\/31101738\/PGM-SANTOS1.jpg","datePublished":"2020-02-18T03:00:00+00:00","dateModified":"2020-11-11T14:43:33+00:00","description":"Concurso PGM Santos: inscri\u00e7\u00f5es encerradas para duas vagas imediatas para Procurador. Saiba mais sobre o certame neste artigo!","breadcrumb":{"@id":"https:\/\/www.estrategiaconcursos.com.br\/blog\/edital-pgm-santos-procurador\/#breadcrumb"},"inLanguage":"pt-BR","potentialAction":[{"@type":"ReadAction","target":["https:\/\/www.estrategiaconcursos.com.br\/blog\/edital-pgm-santos-procurador\/"]}]},{"@type":"ImageObject","inLanguage":"pt-BR","@id":"https:\/\/www.estrategiaconcursos.com.br\/blog\/edital-pgm-santos-procurador\/#primaryimage","url":"https:\/\/dhg1h5j42swfq.cloudfront.net\/2019\/10\/31101738\/PGM-SANTOS1.jpg","contentUrl":"https:\/\/dhg1h5j42swfq.cloudfront.net\/2019\/10\/31101738\/PGM-SANTOS1.jpg","width":1200,"height":628,"caption":"concurso pgm santos"},{"@type":"BreadcrumbList","@id":"https:\/\/www.estrategiaconcursos.com.br\/blog\/edital-pgm-santos-procurador\/#breadcrumb","itemListElement":[{"@type":"ListItem","position":1,"name":"In\u00edcio","item":"https:\/\/www.estrategiaconcursos.com.br\/blog\/"},{"@type":"ListItem","position":2,"name":"Edital PGM Santos: SEGES determina SUSPENS\u00c3O de provas"}]},{"@type":"WebSite","@id":"https:\/\/www.estrategiaconcursos.com.br\/blog\/#website","url":"https:\/\/www.estrategiaconcursos.com.br\/blog\/","name":"Estrat\u00e9gia Concursos","description":"O blog da Estrat\u00e9gia Concursos traz not\u00edcias sobre concursos e artigos de professores oferecendo cursos para concursos (pdf + videaulas) no site.","publisher":{"@id":"https:\/\/www.estrategiaconcursos.com.br\/blog\/#organization"},"potentialAction":[{"@type":"SearchAction","target":{"@type":"EntryPoint","urlTemplate":"https:\/\/www.estrategiaconcursos.com.br\/blog\/?s={search_term_string}"},"query-input":{"@type":"PropertyValueSpecification","valueRequired":true,"valueName":"search_term_string"}}],"inLanguage":"pt-BR"},{"@type":"Organization","@id":"https:\/\/www.estrategiaconcursos.com.br\/blog\/#organization","name":"Estrat\u00e9gia Concursos","url":"https:\/\/www.estrategiaconcursos.com.br\/blog\/","logo":{"@type":"ImageObject","inLanguage":"pt-BR","@id":"https:\/\/www.estrategiaconcursos.com.br\/blog\/#\/schema\/logo\/image\/","url":"https:\/\/dhg1h5j42swfq.cloudfront.net\/2025\/06\/03203428\/logo_concursos-1.jpg","contentUrl":"https:\/\/dhg1h5j42swfq.cloudfront.net\/2025\/06\/03203428\/logo_concursos-1.jpg","width":230,"height":60,"caption":"Estrat\u00e9gia Concursos"},"image":{"@id":"https:\/\/www.estrategiaconcursos.com.br\/blog\/#\/schema\/logo\/image\/"},"sameAs":["https:\/\/x.com\/EstratConcursos"]},{"@type":"Person","@id":"https:\/\/www.estrategiaconcursos.com.br\/blog\/#\/schema\/person\/aa39cf5ddb518e5bdce27c35788405e2","name":"Ricardo Torques","image":{"@type":"ImageObject","inLanguage":"pt-BR","@id":"https:\/\/secure.gravatar.com\/avatar\/ce9ac6c3cff25fe86d15ed568ebc64d1724baf5c0693133bcb1f6073f712f92a?s=96&d=mm&r=g","url":"https:\/\/secure.gravatar.com\/avatar\/ce9ac6c3cff25fe86d15ed568ebc64d1724baf5c0693133bcb1f6073f712f92a?s=96&d=mm&r=g","contentUrl":"https:\/\/secure.gravatar.com\/avatar\/ce9ac6c3cff25fe86d15ed568ebc64d1724baf5c0693133bcb1f6073f712f92a?s=96&d=mm&r=g","caption":"Ricardo Torques"},"sameAs":["https:\/\/www.facebook.com\/ricardo.s.torques"],"url":"https:\/\/www.estrategiaconcursos.com.br\/blog\/author\/ricardotorquesestrategiaconcursos-com-br\/"}]}},"_links":{"self":[{"href":"https:\/\/www.estrategiaconcursos.com.br\/blog\/wp-json\/wp\/v2\/posts\/459857","targetHints":{"allow":["GET"]}}],"collection":[{"href":"https:\/\/www.estrategiaconcursos.com.br\/blog\/wp-json\/wp\/v2\/posts"}],"about":[{"href":"https:\/\/www.estrategiaconcursos.com.br\/blog\/wp-json\/wp\/v2\/types\/post"}],"author":[{"embeddable":true,"href":"https:\/\/www.estrategiaconcursos.com.br\/blog\/wp-json\/wp\/v2\/users\/180"}],"replies":[{"embeddable":true,"href":"https:\/\/www.estrategiaconcursos.com.br\/blog\/wp-json\/wp\/v2\/comments?post=459857"}],"version-history":[{"count":10,"href":"https:\/\/www.estrategiaconcursos.com.br\/blog\/wp-json\/wp\/v2\/posts\/459857\/revisions"}],"predecessor-version":[{"id":608827,"href":"https:\/\/www.estrategiaconcursos.com.br\/blog\/wp-json\/wp\/v2\/posts\/459857\/revisions\/608827"}],"wp:featuredmedia":[{"embeddable":true,"href":"https:\/\/www.estrategiaconcursos.com.br\/blog\/wp-json\/wp\/v2\/media\/442436"}],"wp:attachment":[{"href":"https:\/\/www.estrategiaconcursos.com.br\/blog\/wp-json\/wp\/v2\/media?parent=459857"}],"wp:term":[{"taxonomy":"category","embeddable":true,"href":"https:\/\/www.estrategiaconcursos.com.br\/blog\/wp-json\/wp\/v2\/categories?post=459857"},{"taxonomy":"post_tag","embeddable":true,"href":"https:\/\/www.estrategiaconcursos.com.br\/blog\/wp-json\/wp\/v2\/tags?post=459857"},{"taxonomy":"tax_estado","embeddable":true,"href":"https:\/\/www.estrategiaconcursos.com.br\/blog\/wp-json\/wp\/v2\/tax_estado?post=459857"}],"curies":[{"name":"wp","href":"https:\/\/api.w.org\/{rel}","templated":true}]}}