{"id":459382,"date":"2019-12-13T14:54:07","date_gmt":"2019-12-13T17:54:07","guid":{"rendered":"https:\/\/www.estrategiaconcursos.com.br\/blog\/?p=459382"},"modified":"2023-07-06T15:23:16","modified_gmt":"2023-07-06T18:23:16","slug":"saiba-o-total-de-numero-total-de-cargos-vagos-do-concurso-pcdf","status":"publish","type":"post","link":"https:\/\/www.estrategiaconcursos.com.br\/blog\/saiba-o-total-de-numero-total-de-cargos-vagos-do-concurso-pcdf\/","title":{"rendered":"Saiba o total de cargos vagos do concurso PCDF"},"content":{"rendered":"\n<p>O edital do concurso da Pol\u00edcia Civil do Distrito Federal foi publicado no come\u00e7o de dezembro, com <strong>300 vagas<\/strong> para o cargo de <em>Escriv\u00e3o<\/em>.<\/p>\n\n\n\n<p>Em janeiro de 2020, ser\u00e1 publicado o edital para <em>Agente de Pol\u00edcia <\/em>com&nbsp;<strong>600 vagas<\/strong>&nbsp;imediatas e&nbsp;<strong>1.200 vagas de cadastro reserva<\/strong>.<\/p>\n\n\n\n<p>Embora a soma das vaga seja de <strong>2.100<\/strong>, analisando os cargos vagos e cargos ocupados da PCDF podemos afirmar que ainda h\u00e1 muitas vagas para serem preenchidas.<\/p>\n\n\n\n<p>Anteriormente,  a equipe de Jornalismo do Estrat\u00e9gia Concursos j\u00e1 havia feito o levantamento do quantitativos de cargos vagos para os cargos de Agente de Pol\u00edcia e Escriv\u00e3o, confira abaixo: <\/p>\n\n\n\n<p><\/p>\n\n\n\n<figure class=\"wp-block-table is-style-stripes\"><table class=\"has-subtle-pale-blue-background-color has-background has-fixed-layout\"><tbody><tr><td><strong>CARGO&nbsp;<\/strong><\/td><td><strong>DATA DE REFER\u00caNCIA<\/strong><\/td><td><strong>CARGOS VAGOS&nbsp;<\/strong><\/td><td><strong>CARGOS OCUPADOS&nbsp;<\/strong><\/td><td><strong>TOTAL DE CARGOS&nbsp;<\/strong><\/td><\/tr><tr><td><strong>Agente de Pol\u00edcia<\/strong><\/td><td>07\/2019<\/td><td><strong>3.176<\/strong><\/td><td>2473<\/td><td>5.649<\/td><\/tr><tr><td><strong>Escriv\u00e3o de Pol\u00edcia<\/strong><\/td><td>07\/2019<\/td><td><strong>632<\/strong><\/td><td>368<\/td><td>1.000<\/td><\/tr><\/tbody><\/table><\/figure>\n\n\n\n<p>De acordo com a Transpar\u00eancia do site da Pol\u00edcia Civil, h\u00e1 <strong>3.176<\/strong> cargos vagos para Agente de Pol\u00edcia e <strong>632<\/strong> para Escriv\u00e3o, sendo assim, podemos concluir que futuros editais n\u00e3o devem estar t\u00e3o longe,  j\u00e1 que a defasagem de funcion\u00e1rios dentro de PCDF ainda \u00e9 grande.<\/p>\n\n\n\n<p class=\"has-background has-medium-font-size\" style=\"background-color:#cde2df\"><strong>Amanh\u00e3, 14 de dezembro, iremos falar sobre as principais regras de reda\u00e7\u00e3o do concurso da PCDF. N\u00e3o perca!<\/strong><\/p>\n\n\n\n<p><em>Se voc\u00ea perdeu alguma publica\u00e7\u00e3o, confira aqui:<\/em><\/p>\n\n\n\n<p class=\"has-very-light-gray-background-color has-background has-medium-font-size\"><strong>1 \u2013&nbsp;<\/strong><a rel=\"noreferrer noopener\" href=\"https:\/\/www.estrategiaconcursos.com.br\/blog\/conheca-a-remuneracao-de-escrivao-da-pcdf\/\" target=\"_blank\"><strong>Conhe\u00e7a a remunera\u00e7\u00e3o de Escriv\u00e3o da PCDF<\/strong><\/a><\/p>\n\n\n\n<p class=\"has-very-light-gray-background-color has-background has-medium-font-size\"><strong>2 \u2013&nbsp;<\/strong><a rel=\"noreferrer noopener\" href=\"https:\/\/www.estrategiaconcursos.com.br\/blog\/saiba-tudo-sobre-a-prova-objetiva-do-edital-pcdf\/\" target=\"_blank\"><strong>Saiba tudo sobre a Prova Objetiva da PCDF<\/strong><\/a><\/p>\n\n\n\n<p class=\"has-very-light-gray-background-color has-background has-medium-font-size\"><strong>3 \u2013&nbsp;<\/strong><a href=\"https:\/\/www.estrategiaconcursos.com.br\/blog\/calculo-prova-objetiva-pcdf\/\"><strong>Como funciona o c\u00e1lculo da nota na prova objetiva da PCDF?<\/strong><\/a><\/p>\n\n\n\n<p class=\"has-very-light-gray-background-color has-background has-medium-font-size\"><strong>4<\/strong> <strong>\u2013<\/strong>  <a href=\"https:\/\/www.estrategiaconcursos.com.br\/blog\/concurso-da-pcdf-sou-da-area-fiscal-vale-a-pena-faze-lo\/\"><strong>Concurso PCDF: Sou da \u00c1rea Fiscal. Vale a pena faz\u00ea-lo?<\/strong><\/a><strong> <\/strong><\/p>\n\n\n\n<p class=\"has-text-align-center has-very-light-gray-background-color has-background\"><strong>Saiba mais: <a href=\"https:\/\/www.estrategiaconcursos.com.br\/blog\/concurso-pcdf\/\" target=\"_blank\" rel=\"noreferrer noopener\" aria-label=\"concurso PCDF (abre numa nova aba)\">concurso PCDF<\/a><\/strong><\/p>\n\n\n\n<p class=\"has-text-align-center\"><strong><em>Quer estudar para Concurso PCDF?<\/em><\/strong><\/p>\n\n\n\n<p class=\"has-text-align-center has-very-light-gray-background-color has-background\"><strong><a href=\"https:\/\/www.estrategiaconcursos.com.br\/cursosPorConcurso\/promocao-pacotes-para-pc-df\/\" target=\"_blank\" rel=\"noreferrer noopener\">PROMO\u00c7\u00c3O ESPECIAL: CURSO PCDF<\/a><\/strong><\/p>\n\n\n\n<p class=\"has-text-align-center\"><em><strong>Gostou desta oportunidade e deseja come\u00e7ar se preparar agora mesmo? Ent\u00e3o, confira os nossos cursos e comece a estudar para o concurso PC DF:<\/strong><\/em><\/p>\n\n\n\n<p class=\"has-text-align-center has-luminous-vivid-amber-background-color has-background\"><a href=\"https:\/\/www.estrategiaconcursos.com.br\/cursosPorConcurso\/policia-civil-do-distrito-federal-pc-df\/\" target=\"_blank\" rel=\"noreferrer noopener\">CURSO PCDF<\/a><\/p>\n\n\n\n<p class=\"has-text-align-center\"><em><strong>Assinatura Anual Ilimitada*<\/strong><\/em><\/p>\n\n\n\n<p class=\"has-text-align-center\"><em>Prepare-se com o melhor material e com quem mais aprova em Concursos P\u00fablicos em todo o pa\u00eds. Assine agora a nossa Assinatura Anual e tenha acesso ilimitado* a todos os nossos cursos.<\/em><\/p>\n\n\n\n<p class=\"has-text-align-center has-light-green-cyan-background-color has-background\"><strong>ASSINE AGORA<\/strong>&nbsp;\u2013&nbsp;<a href=\"https:\/\/www.estrategiaconcursos.com.br\/assinaturas\/\" target=\"_blank\" rel=\"noreferrer noopener\">Assinatura Ilimitada<\/a><\/p>\n\n\n\n<p class=\"has-text-align-center has-pale-cyan-blue-background-color has-background\"><strong><a href=\"https:\/\/www.estrategiaconcursos.com.br\/blog\/concursos-abertos\/\">CONCURSOS ABERTOS<\/a><\/strong><\/p>\n\n\n\n<h3 class=\"wp-block-heading has-text-align-center\" id=\"h-baixe-o-edital-pcdf-escrivao-clicando-no-link-abaixo\"><strong>BAIXE O EDITAL PCDF ESCRIV\u00c3O CLICANDO NO LINK ABAIXO!!<\/strong><\/h3>\n\n\n\n<p class=\"has-text-align-center has-very-light-gray-background-color has-background\">\u25ba<strong><a rel=\"noreferrer noopener\" href=\"https:\/\/dhg1h5j42swfq.cloudfront.net\/2019\/12\/05073837\/EDITAL-PCDF-2020-4.pdf\" target=\"_blank\">Edital PCDF Escriv\u00e3o<\/a><\/strong><\/p>\n","protected":false},"excerpt":{"rendered":"<p>O edital do concurso da Pol\u00edcia Civil do Distrito Federal foi publicado no come\u00e7o de dezembro, com 300 vagas para o cargo de Escriv\u00e3o. Em janeiro de 2020, ser\u00e1 publicado o edital para Agente de Pol\u00edcia com&nbsp;600 vagas&nbsp;imediatas e&nbsp;1.200 vagas de cadastro reserva. Embora a soma das vaga seja de 2.100, analisando os cargos vagos [&hellip;]<\/p>\n","protected":false},"author":552,"featured_media":0,"comment_status":"open","ping_status":"closed","sticky":false,"template":"","format":"standard","meta":{"post_tipo":"article","footnotes":""},"categories":[1],"tags":[],"tax_estado":[],"class_list":["post-459382","post","type-post","status-publish","format-standard","hentry","category-cursos-e-concursos"],"acf":[],"yoast_head":"<!-- This site is optimized with the Yoast SEO Premium plugin v27.2 (Yoast SEO v27.2) - https:\/\/yoast.com\/product\/yoast-seo-premium-wordpress\/ -->\n<title>Saiba o total de cargos vagos do concurso PCDF<\/title>\n<meta name=\"robots\" content=\"index, follow, max-snippet:-1, max-image-preview:large, max-video-preview:-1\" \/>\n<link rel=\"canonical\" href=\"https:\/\/www.estrategiaconcursos.com.br\/blog\/saiba-o-total-de-numero-total-de-cargos-vagos-do-concurso-pcdf\/\" \/>\n<meta property=\"og:locale\" content=\"pt_BR\" \/>\n<meta property=\"og:type\" content=\"article\" \/>\n<meta property=\"og:title\" content=\"Saiba o total de cargos vagos do concurso PCDF\" \/>\n<meta property=\"og:description\" content=\"O edital do concurso da Pol\u00edcia Civil do Distrito Federal foi publicado no come\u00e7o de dezembro, com 300 vagas para o cargo de Escriv\u00e3o. Em janeiro de 2020, ser\u00e1 publicado o edital para Agente de Pol\u00edcia com&nbsp;600 vagas&nbsp;imediatas e&nbsp;1.200 vagas de cadastro reserva. Embora a soma das vaga seja de 2.100, analisando os cargos vagos [&hellip;]\" \/>\n<meta property=\"og:url\" content=\"https:\/\/www.estrategiaconcursos.com.br\/blog\/saiba-o-total-de-numero-total-de-cargos-vagos-do-concurso-pcdf\/\" \/>\n<meta property=\"og:site_name\" content=\"Estrat\u00e9gia Concursos\" \/>\n<meta property=\"article:published_time\" content=\"2019-12-13T17:54:07+00:00\" \/>\n<meta property=\"article:modified_time\" content=\"2023-07-06T18:23:16+00:00\" \/>\n<meta name=\"author\" content=\"Paulo Bilynskyj\" \/>\n<meta name=\"twitter:card\" content=\"summary_large_image\" \/>\n<meta name=\"twitter:creator\" content=\"@EstratConcursos\" \/>\n<meta name=\"twitter:site\" content=\"@EstratConcursos\" \/>\n<meta name=\"twitter:label1\" content=\"Escrito por\" \/>\n\t<meta name=\"twitter:data1\" content=\"Paulo Bilynskyj\" \/>\n\t<meta name=\"twitter:label2\" content=\"Est. tempo de leitura\" \/>\n\t<meta name=\"twitter:data2\" content=\"2 minutos\" \/>\n<script type=\"application\/ld+json\" class=\"yoast-schema-graph\">{\"@context\":\"https:\/\/schema.org\",\"@graph\":[{\"@type\":\"NewsArticle\",\"@id\":\"https:\/\/www.estrategiaconcursos.com.br\/blog\/saiba-o-total-de-numero-total-de-cargos-vagos-do-concurso-pcdf\/#article\",\"isPartOf\":{\"@id\":\"https:\/\/www.estrategiaconcursos.com.br\/blog\/saiba-o-total-de-numero-total-de-cargos-vagos-do-concurso-pcdf\/\"},\"author\":{\"name\":\"Paulo Bilynskyj\",\"@id\":\"https:\/\/www.estrategiaconcursos.com.br\/blog\/#\/schema\/person\/a630b15e36f45b4c21fed01219843cb5\"},\"headline\":\"Saiba o total de cargos vagos do concurso PCDF\",\"datePublished\":\"2019-12-13T17:54:07+00:00\",\"dateModified\":\"2023-07-06T18:23:16+00:00\",\"mainEntityOfPage\":{\"@id\":\"https:\/\/www.estrategiaconcursos.com.br\/blog\/saiba-o-total-de-numero-total-de-cargos-vagos-do-concurso-pcdf\/\"},\"wordCount\":363,\"commentCount\":0,\"publisher\":{\"@id\":\"https:\/\/www.estrategiaconcursos.com.br\/blog\/#organization\"},\"articleSection\":[\"Concursos P\u00fablicos\"],\"inLanguage\":\"pt-BR\",\"potentialAction\":[{\"@type\":\"CommentAction\",\"name\":\"Comment\",\"target\":[\"https:\/\/www.estrategiaconcursos.com.br\/blog\/saiba-o-total-de-numero-total-de-cargos-vagos-do-concurso-pcdf\/#respond\"]}],\"copyrightYear\":\"2019\",\"copyrightHolder\":{\"@id\":\"https:\/\/www.estrategiaconcursos.com.br\/blog\/#organization\"}},{\"@type\":\"WebPage\",\"@id\":\"https:\/\/www.estrategiaconcursos.com.br\/blog\/saiba-o-total-de-numero-total-de-cargos-vagos-do-concurso-pcdf\/\",\"url\":\"https:\/\/www.estrategiaconcursos.com.br\/blog\/saiba-o-total-de-numero-total-de-cargos-vagos-do-concurso-pcdf\/\",\"name\":\"Saiba o total de cargos vagos do concurso PCDF\",\"isPartOf\":{\"@id\":\"https:\/\/www.estrategiaconcursos.com.br\/blog\/#website\"},\"datePublished\":\"2019-12-13T17:54:07+00:00\",\"dateModified\":\"2023-07-06T18:23:16+00:00\",\"breadcrumb\":{\"@id\":\"https:\/\/www.estrategiaconcursos.com.br\/blog\/saiba-o-total-de-numero-total-de-cargos-vagos-do-concurso-pcdf\/#breadcrumb\"},\"inLanguage\":\"pt-BR\",\"potentialAction\":[{\"@type\":\"ReadAction\",\"target\":[\"https:\/\/www.estrategiaconcursos.com.br\/blog\/saiba-o-total-de-numero-total-de-cargos-vagos-do-concurso-pcdf\/\"]}]},{\"@type\":\"BreadcrumbList\",\"@id\":\"https:\/\/www.estrategiaconcursos.com.br\/blog\/saiba-o-total-de-numero-total-de-cargos-vagos-do-concurso-pcdf\/#breadcrumb\",\"itemListElement\":[{\"@type\":\"ListItem\",\"position\":1,\"name\":\"In\u00edcio\",\"item\":\"https:\/\/www.estrategiaconcursos.com.br\/blog\/\"},{\"@type\":\"ListItem\",\"position\":2,\"name\":\"Saiba o total de cargos vagos do concurso PCDF\"}]},{\"@type\":\"WebSite\",\"@id\":\"https:\/\/www.estrategiaconcursos.com.br\/blog\/#website\",\"url\":\"https:\/\/www.estrategiaconcursos.com.br\/blog\/\",\"name\":\"Estrat\u00e9gia Concursos\",\"description\":\"O blog da Estrat\u00e9gia Concursos traz not\u00edcias sobre concursos e artigos de professores oferecendo cursos para concursos (pdf + videaulas) no site.\",\"publisher\":{\"@id\":\"https:\/\/www.estrategiaconcursos.com.br\/blog\/#organization\"},\"potentialAction\":[{\"@type\":\"SearchAction\",\"target\":{\"@type\":\"EntryPoint\",\"urlTemplate\":\"https:\/\/www.estrategiaconcursos.com.br\/blog\/?s={search_term_string}\"},\"query-input\":{\"@type\":\"PropertyValueSpecification\",\"valueRequired\":true,\"valueName\":\"search_term_string\"}}],\"inLanguage\":\"pt-BR\"},{\"@type\":\"Organization\",\"@id\":\"https:\/\/www.estrategiaconcursos.com.br\/blog\/#organization\",\"name\":\"Estrat\u00e9gia Concursos\",\"url\":\"https:\/\/www.estrategiaconcursos.com.br\/blog\/\",\"logo\":{\"@type\":\"ImageObject\",\"inLanguage\":\"pt-BR\",\"@id\":\"https:\/\/www.estrategiaconcursos.com.br\/blog\/#\/schema\/logo\/image\/\",\"url\":\"https:\/\/dhg1h5j42swfq.cloudfront.net\/2025\/06\/03203428\/logo_concursos-1.jpg\",\"contentUrl\":\"https:\/\/dhg1h5j42swfq.cloudfront.net\/2025\/06\/03203428\/logo_concursos-1.jpg\",\"width\":230,\"height\":60,\"caption\":\"Estrat\u00e9gia Concursos\"},\"image\":{\"@id\":\"https:\/\/www.estrategiaconcursos.com.br\/blog\/#\/schema\/logo\/image\/\"},\"sameAs\":[\"https:\/\/x.com\/EstratConcursos\"]},{\"@type\":\"Person\",\"@id\":\"https:\/\/www.estrategiaconcursos.com.br\/blog\/#\/schema\/person\/a630b15e36f45b4c21fed01219843cb5\",\"name\":\"Paulo Bilynskyj\",\"image\":{\"@type\":\"ImageObject\",\"inLanguage\":\"pt-BR\",\"@id\":\"https:\/\/secure.gravatar.com\/avatar\/37e21f70c9042e7456beffdc6d31fe051f3f6dcbf252f69343a791b144852057?s=96&d=mm&r=g\",\"url\":\"https:\/\/secure.gravatar.com\/avatar\/37e21f70c9042e7456beffdc6d31fe051f3f6dcbf252f69343a791b144852057?s=96&d=mm&r=g\",\"contentUrl\":\"https:\/\/secure.gravatar.com\/avatar\/37e21f70c9042e7456beffdc6d31fe051f3f6dcbf252f69343a791b144852057?s=96&d=mm&r=g\",\"caption\":\"Paulo Bilynskyj\"},\"url\":\"https:\/\/www.estrategiaconcursos.com.br\/blog\/author\/pbilynskyjgmail-com\/\"}]}<\/script>\n<!-- \/ Yoast SEO Premium plugin. -->","yoast_head_json":{"title":"Saiba o total de cargos vagos do concurso PCDF","robots":{"index":"index","follow":"follow","max-snippet":"max-snippet:-1","max-image-preview":"max-image-preview:large","max-video-preview":"max-video-preview:-1"},"canonical":"https:\/\/www.estrategiaconcursos.com.br\/blog\/saiba-o-total-de-numero-total-de-cargos-vagos-do-concurso-pcdf\/","og_locale":"pt_BR","og_type":"article","og_title":"Saiba o total de cargos vagos do concurso PCDF","og_description":"O edital do concurso da Pol\u00edcia Civil do Distrito Federal foi publicado no come\u00e7o de dezembro, com 300 vagas para o cargo de Escriv\u00e3o. Em janeiro de 2020, ser\u00e1 publicado o edital para Agente de Pol\u00edcia com&nbsp;600 vagas&nbsp;imediatas e&nbsp;1.200 vagas de cadastro reserva. Embora a soma das vaga seja de 2.100, analisando os cargos vagos [&hellip;]","og_url":"https:\/\/www.estrategiaconcursos.com.br\/blog\/saiba-o-total-de-numero-total-de-cargos-vagos-do-concurso-pcdf\/","og_site_name":"Estrat\u00e9gia Concursos","article_published_time":"2019-12-13T17:54:07+00:00","article_modified_time":"2023-07-06T18:23:16+00:00","author":"Paulo Bilynskyj","twitter_card":"summary_large_image","twitter_creator":"@EstratConcursos","twitter_site":"@EstratConcursos","twitter_misc":{"Escrito por":"Paulo Bilynskyj","Est. tempo de leitura":"2 minutos"},"schema":{"@context":"https:\/\/schema.org","@graph":[{"@type":"NewsArticle","@id":"https:\/\/www.estrategiaconcursos.com.br\/blog\/saiba-o-total-de-numero-total-de-cargos-vagos-do-concurso-pcdf\/#article","isPartOf":{"@id":"https:\/\/www.estrategiaconcursos.com.br\/blog\/saiba-o-total-de-numero-total-de-cargos-vagos-do-concurso-pcdf\/"},"author":{"name":"Paulo Bilynskyj","@id":"https:\/\/www.estrategiaconcursos.com.br\/blog\/#\/schema\/person\/a630b15e36f45b4c21fed01219843cb5"},"headline":"Saiba o total de cargos vagos do concurso PCDF","datePublished":"2019-12-13T17:54:07+00:00","dateModified":"2023-07-06T18:23:16+00:00","mainEntityOfPage":{"@id":"https:\/\/www.estrategiaconcursos.com.br\/blog\/saiba-o-total-de-numero-total-de-cargos-vagos-do-concurso-pcdf\/"},"wordCount":363,"commentCount":0,"publisher":{"@id":"https:\/\/www.estrategiaconcursos.com.br\/blog\/#organization"},"articleSection":["Concursos P\u00fablicos"],"inLanguage":"pt-BR","potentialAction":[{"@type":"CommentAction","name":"Comment","target":["https:\/\/www.estrategiaconcursos.com.br\/blog\/saiba-o-total-de-numero-total-de-cargos-vagos-do-concurso-pcdf\/#respond"]}],"copyrightYear":"2019","copyrightHolder":{"@id":"https:\/\/www.estrategiaconcursos.com.br\/blog\/#organization"}},{"@type":"WebPage","@id":"https:\/\/www.estrategiaconcursos.com.br\/blog\/saiba-o-total-de-numero-total-de-cargos-vagos-do-concurso-pcdf\/","url":"https:\/\/www.estrategiaconcursos.com.br\/blog\/saiba-o-total-de-numero-total-de-cargos-vagos-do-concurso-pcdf\/","name":"Saiba o total de cargos vagos do concurso PCDF","isPartOf":{"@id":"https:\/\/www.estrategiaconcursos.com.br\/blog\/#website"},"datePublished":"2019-12-13T17:54:07+00:00","dateModified":"2023-07-06T18:23:16+00:00","breadcrumb":{"@id":"https:\/\/www.estrategiaconcursos.com.br\/blog\/saiba-o-total-de-numero-total-de-cargos-vagos-do-concurso-pcdf\/#breadcrumb"},"inLanguage":"pt-BR","potentialAction":[{"@type":"ReadAction","target":["https:\/\/www.estrategiaconcursos.com.br\/blog\/saiba-o-total-de-numero-total-de-cargos-vagos-do-concurso-pcdf\/"]}]},{"@type":"BreadcrumbList","@id":"https:\/\/www.estrategiaconcursos.com.br\/blog\/saiba-o-total-de-numero-total-de-cargos-vagos-do-concurso-pcdf\/#breadcrumb","itemListElement":[{"@type":"ListItem","position":1,"name":"In\u00edcio","item":"https:\/\/www.estrategiaconcursos.com.br\/blog\/"},{"@type":"ListItem","position":2,"name":"Saiba o total de cargos vagos do concurso PCDF"}]},{"@type":"WebSite","@id":"https:\/\/www.estrategiaconcursos.com.br\/blog\/#website","url":"https:\/\/www.estrategiaconcursos.com.br\/blog\/","name":"Estrat\u00e9gia Concursos","description":"O blog da Estrat\u00e9gia Concursos traz not\u00edcias sobre concursos e artigos de professores oferecendo cursos para concursos (pdf + videaulas) no site.","publisher":{"@id":"https:\/\/www.estrategiaconcursos.com.br\/blog\/#organization"},"potentialAction":[{"@type":"SearchAction","target":{"@type":"EntryPoint","urlTemplate":"https:\/\/www.estrategiaconcursos.com.br\/blog\/?s={search_term_string}"},"query-input":{"@type":"PropertyValueSpecification","valueRequired":true,"valueName":"search_term_string"}}],"inLanguage":"pt-BR"},{"@type":"Organization","@id":"https:\/\/www.estrategiaconcursos.com.br\/blog\/#organization","name":"Estrat\u00e9gia Concursos","url":"https:\/\/www.estrategiaconcursos.com.br\/blog\/","logo":{"@type":"ImageObject","inLanguage":"pt-BR","@id":"https:\/\/www.estrategiaconcursos.com.br\/blog\/#\/schema\/logo\/image\/","url":"https:\/\/dhg1h5j42swfq.cloudfront.net\/2025\/06\/03203428\/logo_concursos-1.jpg","contentUrl":"https:\/\/dhg1h5j42swfq.cloudfront.net\/2025\/06\/03203428\/logo_concursos-1.jpg","width":230,"height":60,"caption":"Estrat\u00e9gia Concursos"},"image":{"@id":"https:\/\/www.estrategiaconcursos.com.br\/blog\/#\/schema\/logo\/image\/"},"sameAs":["https:\/\/x.com\/EstratConcursos"]},{"@type":"Person","@id":"https:\/\/www.estrategiaconcursos.com.br\/blog\/#\/schema\/person\/a630b15e36f45b4c21fed01219843cb5","name":"Paulo Bilynskyj","image":{"@type":"ImageObject","inLanguage":"pt-BR","@id":"https:\/\/secure.gravatar.com\/avatar\/37e21f70c9042e7456beffdc6d31fe051f3f6dcbf252f69343a791b144852057?s=96&d=mm&r=g","url":"https:\/\/secure.gravatar.com\/avatar\/37e21f70c9042e7456beffdc6d31fe051f3f6dcbf252f69343a791b144852057?s=96&d=mm&r=g","contentUrl":"https:\/\/secure.gravatar.com\/avatar\/37e21f70c9042e7456beffdc6d31fe051f3f6dcbf252f69343a791b144852057?s=96&d=mm&r=g","caption":"Paulo Bilynskyj"},"url":"https:\/\/www.estrategiaconcursos.com.br\/blog\/author\/pbilynskyjgmail-com\/"}]}},"_links":{"self":[{"href":"https:\/\/www.estrategiaconcursos.com.br\/blog\/wp-json\/wp\/v2\/posts\/459382","targetHints":{"allow":["GET"]}}],"collection":[{"href":"https:\/\/www.estrategiaconcursos.com.br\/blog\/wp-json\/wp\/v2\/posts"}],"about":[{"href":"https:\/\/www.estrategiaconcursos.com.br\/blog\/wp-json\/wp\/v2\/types\/post"}],"author":[{"embeddable":true,"href":"https:\/\/www.estrategiaconcursos.com.br\/blog\/wp-json\/wp\/v2\/users\/552"}],"replies":[{"embeddable":true,"href":"https:\/\/www.estrategiaconcursos.com.br\/blog\/wp-json\/wp\/v2\/comments?post=459382"}],"version-history":[{"count":11,"href":"https:\/\/www.estrategiaconcursos.com.br\/blog\/wp-json\/wp\/v2\/posts\/459382\/revisions"}],"predecessor-version":[{"id":1244594,"href":"https:\/\/www.estrategiaconcursos.com.br\/blog\/wp-json\/wp\/v2\/posts\/459382\/revisions\/1244594"}],"wp:attachment":[{"href":"https:\/\/www.estrategiaconcursos.com.br\/blog\/wp-json\/wp\/v2\/media?parent=459382"}],"wp:term":[{"taxonomy":"category","embeddable":true,"href":"https:\/\/www.estrategiaconcursos.com.br\/blog\/wp-json\/wp\/v2\/categories?post=459382"},{"taxonomy":"post_tag","embeddable":true,"href":"https:\/\/www.estrategiaconcursos.com.br\/blog\/wp-json\/wp\/v2\/tags?post=459382"},{"taxonomy":"tax_estado","embeddable":true,"href":"https:\/\/www.estrategiaconcursos.com.br\/blog\/wp-json\/wp\/v2\/tax_estado?post=459382"}],"curies":[{"name":"wp","href":"https:\/\/api.w.org\/{rel}","templated":true}]}}