{"id":459291,"date":"2019-12-11T21:20:18","date_gmt":"2019-12-12T00:20:18","guid":{"rendered":"https:\/\/www.estrategiaconcursos.com.br\/blog\/?p=459291"},"modified":"2019-12-11T21:20:21","modified_gmt":"2019-12-12T00:20:21","slug":"questoes-comentadas-pref-suzano-direito-administrativo","status":"publish","type":"post","link":"https:\/\/www.estrategiaconcursos.com.br\/blog\/questoes-comentadas-pref-suzano-direito-administrativo\/","title":{"rendered":"Quest\u00f5es comentadas \u2013 Pref. Suzano \u2013 Direito Administrativo"},"content":{"rendered":"\n<p> Ol\u00e1, amigos! =)<\/p>\n\n\n\n<p>Aqui \u00e9 o Prof. Antonio Daud e hoje estou passando para comentar as pouqu\u00edssimas quest\u00f5es de\u00a0<strong>Direito Administrativo<\/strong>\u00a0da prova da <strong>Prefeitura de Suzano<\/strong>, aplicada pela\u00a0<strong>Consulplan\u00a0<\/strong>no \u00faltimo domingo. Estamos nos pautando pelas quest\u00f5es do cargo de Engenheiro Civil, mas sabemos que foram comuns a outros cargos.<\/p>\n\n\n\n<p>Em termos de legisla\u00e7\u00e3o administrativa, a banca deu foco especial na cobran\u00e7a do estatuto municipal de servidores (que ficou a cargo dos Profs. Marcos Gir\u00e3o e Paulo Guimar\u00e3es). A par destas quest\u00f5es, houve <strong>apenas 2 quest\u00f5es<\/strong> sobre outros temas do Direito Administrativo, a seguir comentadas. Curiosamente, ambas versaram sobre a Lei de Improbidade Administrativa.<\/p>\n\n\n\n<p>Espero que tenham se sa\u00eddo bem!!<\/p>\n\n\n\n<p>N\u00e3o identifiquei possibilidades de recurso em face dos gabaritos preliminares. De todo modo, caso voc\u00ea tenha vislumbrando outros aspectos, estamos \u00e0 disposi\u00e7\u00e3o \u2013 por meio das redes sociais.<\/p>\n\n\n\n<p>Dito isto, seguem abaixo nossos breves coment\u00e1rios: <\/p>\n\n\n\n<hr class=\"wp-block-separator\"\/>\n\n\n\n<h4 class=\"wp-block-heading\">  Quest\u00e3o 32<\/h4>\n\n\n\n<blockquote class=\"wp-block-quote is-layout-flow wp-block-quote-is-layout-flow\"><p>Jo\u00e3o, servidor p\u00fablico da Prefeitura Municipal de Suzano, recebeu um determinado valor de Maria, que \u00e9 empres\u00e1ria da constru\u00e7\u00e3o civil, para facilitar a participa\u00e7\u00e3o da sua empresa na licita\u00e7\u00e3o p\u00fablica. Por\u00e9m, tal fato foi descoberto e a conduta de Jo\u00e3o pode ser caracterizada como:<\/p><p>A) Ato de improbidade administrativa, que causa preju\u00edzo ao er\u00e1rio.<\/p><p>B) Infra\u00e7\u00e3o administrativa, mas n\u00e3o ato de improbidade administrativa.<\/p><p>C) Ato de improbidade administrativa, que importa enriquecimento il\u00edcito.<\/p><p>D) Ato de improbidade administrativa, que atenta contra os princ\u00edpios da Administra\u00e7\u00e3o P\u00fablica.<\/p><\/blockquote>\n\n\n\n<p><strong>Coment\u00e1rios:<\/strong><\/p>\n\n\n\n<p>Lembro que a percep\u00e7\u00e3o de vantagens econ\u00f4micas indevidas de algu\u00e9m\nque tenha interesse na atua\u00e7\u00e3o do agente p\u00fablico caracteriza ato de improbidade\nadministrativa, na moralidade enriquecimento il\u00edcito:<\/p>\n\n\n\n<p><em>LIA, art. 9\u00ba Constitui <\/em><strong><em>ato de improbidade administrativa<\/em><\/strong><em> importando <\/em><strong><em>enriquecimento il\u00edcito<\/em><\/strong><em> auferir qualquer tipo de vantagem patrimonial indevida em raz\u00e3o do exerc\u00edcio de cargo, mandato, fun\u00e7\u00e3o, emprego ou atividade nas entidades mencionadas no art. 1\u00ba desta Lei, e notadamente:<\/em><\/p>\n\n\n\n<p><em>I &#8211; <\/em><strong><em>receber<\/em><\/strong><em>, para si ou para outrem, dinheiro, bem m\u00f3vel ou im\u00f3vel, ou qualquer outra <\/em><strong><em>vantagem econ\u00f4mica<\/em><\/strong><em>, direta ou indireta, a t\u00edtulo de comiss\u00e3o, percentagem, gratifica\u00e7\u00e3o ou presente <\/em><strong><em>de quem tenha interesse<\/em><\/strong><em>, direto ou indireto, que possa ser atingido ou amparado por a\u00e7\u00e3o ou omiss\u00e3o decorrente das atribui\u00e7\u00f5es do agente p\u00fablico;<\/em><\/p>\n\n\n\n<p>Portanto, se Jo\u00e3o recebe aquele valor de uma empres\u00e1ria que est\u00e1\nparticipando de licita\u00e7\u00e3o p\u00fablica realizada pelo seu \u00f3rg\u00e3o, sobretudo com a\nfinalidade de facilitar a participa\u00e7\u00e3o, restar\u00e1 caracterizado o ato de\nimprobidade.<\/p>\n\n\n\n<p><strong>Gabarito (C)<\/strong> <\/p>\n\n\n\n<p>   <\/p>\n\n\n\n<h4 class=\"wp-block-heading\">Quest\u00e3o 34<\/h4>\n\n\n\n<blockquote class=\"wp-block-quote is-layout-flow wp-block-quote-is-layout-flow\"><p>Marque V para as afirmativas verdadeiras e F para as falsas. Conforme a Lei 8.429 \u2013 Lei de Improbidade Administrativa, constitui ato de improbidade administrativa que atenta contra os princ\u00edpios da Administra\u00e7\u00e3o P\u00fablica, qualquer a\u00e7\u00e3o ou omiss\u00e3o que viole os deveres de honestidade, imparcialidade, legalidade e lealdade \u00e0s institui\u00e7\u00f5es, e tamb\u00e9m:<\/p><p>1. ( ) Frustrar a ilicitude de concursos p\u00fablicos.<\/p><p>2. ( ) Revelar fato ou circunst\u00e2ncias de que tem ci\u00eancia em raz\u00e3o das atribui\u00e7\u00f5es e que deva permanecer em segredo.<\/p><p>3. ( ) Negar publicidade aos atos n\u00e3o oficiais.<\/p><p>4. ( ) Praticar ato visando fim proibido em lei ou regulamento ou diverso daquele previsto, na regra de compet\u00eancia.<\/p><p>A sequ\u00eancia est\u00e1 correta em<\/p><p>A) F, V, F, V.<\/p><p>B) V, V, F, F.<\/p><p>C) V, F, F, V.<\/p><p>D) F, F, V, V.<\/p><\/blockquote>\n\n\n\n<p><strong>Coment\u00e1rios:<\/strong><\/p>\n\n\n\n<p>Quest\u00e3o que exigiu bastante aten\u00e7\u00e3o dos candidatos, al\u00e9m do\nconhecimento quanto ao art. 11 da Lei de Improbidade, que prev\u00ea atos de\nimprobidade que atentam contra os princ\u00edpios da Administra\u00e7\u00e3o:<\/p>\n\n\n\n<p><em>LIA, art. 11. Constitui ato de improbidade administrativa que atenta contra os princ\u00edpios da administra\u00e7\u00e3o p\u00fablica qualquer a\u00e7\u00e3o ou omiss\u00e3o que viole os deveres de honestidade, imparcialidade, legalidade, e lealdade \u00e0s institui\u00e7\u00f5es, e notadamente:<\/em><\/p>\n\n\n\n<p><em>I &#8211; <\/em><strong><em>praticar ato<\/em><\/strong><em> <\/em><strong><em>visando fim proibido <\/em><\/strong><em>em lei ou regulamento ou diverso daquele previsto, na regra de compet\u00eancia;<\/em><\/p>\n\n\n\n<p><em>(..)<\/em><\/p>\n\n\n\n<p><em>III &#8211; <\/em><strong><em>revelar fato<\/em><\/strong><em> ou circunst\u00e2ncia de que tem ci\u00eancia em raz\u00e3o das atribui\u00e7\u00f5es e que deva permanecer em segredo;<\/em><\/p>\n\n\n\n<p><em>IV &#8211; negar publicidade aos <\/em><strong><em>atos oficiais<\/em><\/strong><em>;<\/em><\/p>\n\n\n\n<p><em>V &#8211; <\/em><strong><em>frustrar a licitude<\/em><\/strong><em> de concurso p\u00fablico; (..)<\/em><\/p>\n\n\n\n<p>      <\/p>\n\n\n\n<p>Examinando detidamente as assertivas, percebemos que:<\/p>\n\n\n\n<p>&nbsp;&nbsp;&nbsp;&nbsp;&nbsp;&nbsp;&nbsp;&nbsp;&nbsp;&nbsp;&nbsp; &#8211; <strong>item 1<\/strong>:\nn\u00e3o \u00e9 ato de improbidade, pois se frustrou a <strong>i<\/strong>licitude do concurso;<\/p>\n\n\n\n<p>&nbsp;&nbsp;&nbsp;&nbsp;&nbsp;&nbsp;&nbsp;&nbsp;&nbsp;&nbsp;&nbsp; &#8211; <strong>itens 2 e 4<\/strong>: s\u00e3o os atos de improbidade mencionados\nnos incisos I e III acima;<\/p>\n\n\n\n<p>&nbsp;&nbsp;&nbsp;&nbsp;&nbsp;&nbsp;&nbsp;&nbsp;&nbsp;&nbsp;&nbsp; &#8211; <strong>item 3<\/strong>:\nao mencionar os \u201catos n\u00e3o oficiais\u201d, o ato deixa de ser considerado violador a\nprinc\u00edpio da Administra\u00e7\u00e3o.<\/p>\n\n\n\n<p><strong>Gabarito (A)<\/strong><\/p>\n\n\n\n<hr class=\"wp-block-separator\"\/>\n\n\n\n<p>Bem, amigos,  \u00e9 isto! Espero que tenha sido \u00fatil. Um forte abra\u00e7o e at\u00e9 a pr\u00f3xima!<\/p>\n\n\n\n<p><a href=\"https:\/\/www.instagram.com\/professordaud\/?hl=pt-br\">@professordaud<\/a><\/p>\n","protected":false},"excerpt":{"rendered":"<p>Ol\u00e1, amigos! =) Aqui \u00e9 o Prof. Antonio Daud e hoje estou passando para comentar as pouqu\u00edssimas quest\u00f5es de\u00a0Direito Administrativo\u00a0da prova da Prefeitura de Suzano, aplicada pela\u00a0Consulplan\u00a0no \u00faltimo domingo. Estamos nos pautando pelas quest\u00f5es do cargo de Engenheiro Civil, mas sabemos que foram comuns a outros cargos. Em termos de legisla\u00e7\u00e3o administrativa, a banca deu [&hellip;]<\/p>\n","protected":false},"author":135,"featured_media":0,"comment_status":"open","ping_status":"closed","sticky":false,"template":"","format":"standard","meta":{"post_tipo":"article","footnotes":""},"categories":[],"tags":[],"tax_estado":[],"class_list":["post-459291","post","type-post","status-publish","format-standard","hentry"],"acf":[],"yoast_head":"<!-- This site is optimized with the Yoast SEO Premium plugin v27.2 (Yoast SEO v27.2) - https:\/\/yoast.com\/product\/yoast-seo-premium-wordpress\/ -->\n<title>Quest\u00f5es comentadas \u2013 Pref. Suzano \u2013 Direito Administrativo<\/title>\n<meta name=\"robots\" content=\"index, follow, max-snippet:-1, max-image-preview:large, max-video-preview:-1\" \/>\n<link rel=\"canonical\" href=\"https:\/\/www.estrategiaconcursos.com.br\/blog\/questoes-comentadas-pref-suzano-direito-administrativo\/\" \/>\n<meta property=\"og:locale\" content=\"pt_BR\" \/>\n<meta property=\"og:type\" content=\"article\" \/>\n<meta property=\"og:title\" content=\"Quest\u00f5es comentadas \u2013 Pref. Suzano \u2013 Direito Administrativo\" \/>\n<meta property=\"og:description\" content=\"Ol\u00e1, amigos! =) Aqui \u00e9 o Prof. Antonio Daud e hoje estou passando para comentar as pouqu\u00edssimas quest\u00f5es de\u00a0Direito Administrativo\u00a0da prova da Prefeitura de Suzano, aplicada pela\u00a0Consulplan\u00a0no \u00faltimo domingo. Estamos nos pautando pelas quest\u00f5es do cargo de Engenheiro Civil, mas sabemos que foram comuns a outros cargos. Em termos de legisla\u00e7\u00e3o administrativa, a banca deu [&hellip;]\" \/>\n<meta property=\"og:url\" content=\"https:\/\/www.estrategiaconcursos.com.br\/blog\/questoes-comentadas-pref-suzano-direito-administrativo\/\" \/>\n<meta property=\"og:site_name\" content=\"Estrat\u00e9gia Concursos\" \/>\n<meta property=\"article:published_time\" content=\"2019-12-12T00:20:18+00:00\" \/>\n<meta property=\"article:modified_time\" content=\"2019-12-12T00:20:21+00:00\" \/>\n<meta name=\"author\" content=\"Antonio Daud\" \/>\n<meta name=\"twitter:card\" content=\"summary_large_image\" \/>\n<meta name=\"twitter:creator\" content=\"@EstratConcursos\" \/>\n<meta name=\"twitter:site\" content=\"@EstratConcursos\" \/>\n<meta name=\"twitter:label1\" content=\"Escrito por\" \/>\n\t<meta name=\"twitter:data1\" content=\"Antonio Daud\" \/>\n\t<meta name=\"twitter:label2\" content=\"Est. tempo de leitura\" \/>\n\t<meta name=\"twitter:data2\" content=\"4 minutos\" \/>\n<script type=\"application\/ld+json\" class=\"yoast-schema-graph\">{\"@context\":\"https:\/\/schema.org\",\"@graph\":[{\"@type\":\"NewsArticle\",\"@id\":\"https:\/\/www.estrategiaconcursos.com.br\/blog\/questoes-comentadas-pref-suzano-direito-administrativo\/#article\",\"isPartOf\":{\"@id\":\"https:\/\/www.estrategiaconcursos.com.br\/blog\/questoes-comentadas-pref-suzano-direito-administrativo\/\"},\"author\":{\"name\":\"Antonio Daud\",\"@id\":\"https:\/\/www.estrategiaconcursos.com.br\/blog\/#\/schema\/person\/90692507130b147bb9128fc093141dad\"},\"headline\":\"Quest\u00f5es comentadas \u2013 Pref. Suzano \u2013 Direito Administrativo\",\"datePublished\":\"2019-12-12T00:20:18+00:00\",\"dateModified\":\"2019-12-12T00:20:21+00:00\",\"mainEntityOfPage\":{\"@id\":\"https:\/\/www.estrategiaconcursos.com.br\/blog\/questoes-comentadas-pref-suzano-direito-administrativo\/\"},\"wordCount\":827,\"commentCount\":0,\"publisher\":{\"@id\":\"https:\/\/www.estrategiaconcursos.com.br\/blog\/#organization\"},\"inLanguage\":\"pt-BR\",\"potentialAction\":[{\"@type\":\"CommentAction\",\"name\":\"Comment\",\"target\":[\"https:\/\/www.estrategiaconcursos.com.br\/blog\/questoes-comentadas-pref-suzano-direito-administrativo\/#respond\"]}],\"copyrightYear\":\"2019\",\"copyrightHolder\":{\"@id\":\"https:\/\/www.estrategiaconcursos.com.br\/blog\/#organization\"}},{\"@type\":\"WebPage\",\"@id\":\"https:\/\/www.estrategiaconcursos.com.br\/blog\/questoes-comentadas-pref-suzano-direito-administrativo\/\",\"url\":\"https:\/\/www.estrategiaconcursos.com.br\/blog\/questoes-comentadas-pref-suzano-direito-administrativo\/\",\"name\":\"Quest\u00f5es comentadas \u2013 Pref. Suzano \u2013 Direito Administrativo\",\"isPartOf\":{\"@id\":\"https:\/\/www.estrategiaconcursos.com.br\/blog\/#website\"},\"datePublished\":\"2019-12-12T00:20:18+00:00\",\"dateModified\":\"2019-12-12T00:20:21+00:00\",\"breadcrumb\":{\"@id\":\"https:\/\/www.estrategiaconcursos.com.br\/blog\/questoes-comentadas-pref-suzano-direito-administrativo\/#breadcrumb\"},\"inLanguage\":\"pt-BR\",\"potentialAction\":[{\"@type\":\"ReadAction\",\"target\":[\"https:\/\/www.estrategiaconcursos.com.br\/blog\/questoes-comentadas-pref-suzano-direito-administrativo\/\"]}]},{\"@type\":\"BreadcrumbList\",\"@id\":\"https:\/\/www.estrategiaconcursos.com.br\/blog\/questoes-comentadas-pref-suzano-direito-administrativo\/#breadcrumb\",\"itemListElement\":[{\"@type\":\"ListItem\",\"position\":1,\"name\":\"In\u00edcio\",\"item\":\"https:\/\/www.estrategiaconcursos.com.br\/blog\/\"},{\"@type\":\"ListItem\",\"position\":2,\"name\":\"Quest\u00f5es comentadas \u2013 Pref. Suzano \u2013 Direito Administrativo\"}]},{\"@type\":\"WebSite\",\"@id\":\"https:\/\/www.estrategiaconcursos.com.br\/blog\/#website\",\"url\":\"https:\/\/www.estrategiaconcursos.com.br\/blog\/\",\"name\":\"Estrat\u00e9gia Concursos\",\"description\":\"O blog da Estrat\u00e9gia Concursos traz not\u00edcias sobre concursos e artigos de professores oferecendo cursos para concursos (pdf + videaulas) no site.\",\"publisher\":{\"@id\":\"https:\/\/www.estrategiaconcursos.com.br\/blog\/#organization\"},\"potentialAction\":[{\"@type\":\"SearchAction\",\"target\":{\"@type\":\"EntryPoint\",\"urlTemplate\":\"https:\/\/www.estrategiaconcursos.com.br\/blog\/?s={search_term_string}\"},\"query-input\":{\"@type\":\"PropertyValueSpecification\",\"valueRequired\":true,\"valueName\":\"search_term_string\"}}],\"inLanguage\":\"pt-BR\"},{\"@type\":\"Organization\",\"@id\":\"https:\/\/www.estrategiaconcursos.com.br\/blog\/#organization\",\"name\":\"Estrat\u00e9gia Concursos\",\"url\":\"https:\/\/www.estrategiaconcursos.com.br\/blog\/\",\"logo\":{\"@type\":\"ImageObject\",\"inLanguage\":\"pt-BR\",\"@id\":\"https:\/\/www.estrategiaconcursos.com.br\/blog\/#\/schema\/logo\/image\/\",\"url\":\"https:\/\/dhg1h5j42swfq.cloudfront.net\/2025\/06\/03203428\/logo_concursos-1.jpg\",\"contentUrl\":\"https:\/\/dhg1h5j42swfq.cloudfront.net\/2025\/06\/03203428\/logo_concursos-1.jpg\",\"width\":230,\"height\":60,\"caption\":\"Estrat\u00e9gia Concursos\"},\"image\":{\"@id\":\"https:\/\/www.estrategiaconcursos.com.br\/blog\/#\/schema\/logo\/image\/\"},\"sameAs\":[\"https:\/\/x.com\/EstratConcursos\"]},{\"@type\":\"Person\",\"@id\":\"https:\/\/www.estrategiaconcursos.com.br\/blog\/#\/schema\/person\/90692507130b147bb9128fc093141dad\",\"name\":\"Antonio Daud\",\"image\":{\"@type\":\"ImageObject\",\"inLanguage\":\"pt-BR\",\"@id\":\"https:\/\/secure.gravatar.com\/avatar\/9a6539d0d807c3d7c2aaa709166f9aa9824103126593f30916973bcaedf16896?s=96&d=mm&r=g\",\"url\":\"https:\/\/secure.gravatar.com\/avatar\/9a6539d0d807c3d7c2aaa709166f9aa9824103126593f30916973bcaedf16896?s=96&d=mm&r=g\",\"contentUrl\":\"https:\/\/secure.gravatar.com\/avatar\/9a6539d0d807c3d7c2aaa709166f9aa9824103126593f30916973bcaedf16896?s=96&d=mm&r=g\",\"caption\":\"Antonio Daud\"},\"description\":\"Antonio Daud J\u00fanior \u00e9 bacharel em Engenharia El\u00e9trica e em Direito. Foi Analista de Finan\u00e7as e Controle da Controladoria-Geral da Uni\u00e3o\/Presid\u00eancia da Rep\u00fablica (CGU\/PR), aprovado no concurso de 2008. Atualmente \u00e9 Auditor Federal de Controle Externo (AUFC) do Tribunal de Contas da Uni\u00e3o (TCU), aprovado tamb\u00e9m em 2008.\",\"sameAs\":[\"https:\/\/www.instagram.com\/professordaud\/?hl=en\"],\"url\":\"https:\/\/www.estrategiaconcursos.com.br\/blog\/author\/antoniodaudestrategiaconcursos-com-br\/\"}]}<\/script>\n<!-- \/ Yoast SEO Premium plugin. -->","yoast_head_json":{"title":"Quest\u00f5es comentadas \u2013 Pref. Suzano \u2013 Direito Administrativo","robots":{"index":"index","follow":"follow","max-snippet":"max-snippet:-1","max-image-preview":"max-image-preview:large","max-video-preview":"max-video-preview:-1"},"canonical":"https:\/\/www.estrategiaconcursos.com.br\/blog\/questoes-comentadas-pref-suzano-direito-administrativo\/","og_locale":"pt_BR","og_type":"article","og_title":"Quest\u00f5es comentadas \u2013 Pref. Suzano \u2013 Direito Administrativo","og_description":"Ol\u00e1, amigos! =) Aqui \u00e9 o Prof. Antonio Daud e hoje estou passando para comentar as pouqu\u00edssimas quest\u00f5es de\u00a0Direito Administrativo\u00a0da prova da Prefeitura de Suzano, aplicada pela\u00a0Consulplan\u00a0no \u00faltimo domingo. Estamos nos pautando pelas quest\u00f5es do cargo de Engenheiro Civil, mas sabemos que foram comuns a outros cargos. Em termos de legisla\u00e7\u00e3o administrativa, a banca deu [&hellip;]","og_url":"https:\/\/www.estrategiaconcursos.com.br\/blog\/questoes-comentadas-pref-suzano-direito-administrativo\/","og_site_name":"Estrat\u00e9gia Concursos","article_published_time":"2019-12-12T00:20:18+00:00","article_modified_time":"2019-12-12T00:20:21+00:00","author":"Antonio Daud","twitter_card":"summary_large_image","twitter_creator":"@EstratConcursos","twitter_site":"@EstratConcursos","twitter_misc":{"Escrito por":"Antonio Daud","Est. tempo de leitura":"4 minutos"},"schema":{"@context":"https:\/\/schema.org","@graph":[{"@type":"NewsArticle","@id":"https:\/\/www.estrategiaconcursos.com.br\/blog\/questoes-comentadas-pref-suzano-direito-administrativo\/#article","isPartOf":{"@id":"https:\/\/www.estrategiaconcursos.com.br\/blog\/questoes-comentadas-pref-suzano-direito-administrativo\/"},"author":{"name":"Antonio Daud","@id":"https:\/\/www.estrategiaconcursos.com.br\/blog\/#\/schema\/person\/90692507130b147bb9128fc093141dad"},"headline":"Quest\u00f5es comentadas \u2013 Pref. Suzano \u2013 Direito Administrativo","datePublished":"2019-12-12T00:20:18+00:00","dateModified":"2019-12-12T00:20:21+00:00","mainEntityOfPage":{"@id":"https:\/\/www.estrategiaconcursos.com.br\/blog\/questoes-comentadas-pref-suzano-direito-administrativo\/"},"wordCount":827,"commentCount":0,"publisher":{"@id":"https:\/\/www.estrategiaconcursos.com.br\/blog\/#organization"},"inLanguage":"pt-BR","potentialAction":[{"@type":"CommentAction","name":"Comment","target":["https:\/\/www.estrategiaconcursos.com.br\/blog\/questoes-comentadas-pref-suzano-direito-administrativo\/#respond"]}],"copyrightYear":"2019","copyrightHolder":{"@id":"https:\/\/www.estrategiaconcursos.com.br\/blog\/#organization"}},{"@type":"WebPage","@id":"https:\/\/www.estrategiaconcursos.com.br\/blog\/questoes-comentadas-pref-suzano-direito-administrativo\/","url":"https:\/\/www.estrategiaconcursos.com.br\/blog\/questoes-comentadas-pref-suzano-direito-administrativo\/","name":"Quest\u00f5es comentadas \u2013 Pref. Suzano \u2013 Direito Administrativo","isPartOf":{"@id":"https:\/\/www.estrategiaconcursos.com.br\/blog\/#website"},"datePublished":"2019-12-12T00:20:18+00:00","dateModified":"2019-12-12T00:20:21+00:00","breadcrumb":{"@id":"https:\/\/www.estrategiaconcursos.com.br\/blog\/questoes-comentadas-pref-suzano-direito-administrativo\/#breadcrumb"},"inLanguage":"pt-BR","potentialAction":[{"@type":"ReadAction","target":["https:\/\/www.estrategiaconcursos.com.br\/blog\/questoes-comentadas-pref-suzano-direito-administrativo\/"]}]},{"@type":"BreadcrumbList","@id":"https:\/\/www.estrategiaconcursos.com.br\/blog\/questoes-comentadas-pref-suzano-direito-administrativo\/#breadcrumb","itemListElement":[{"@type":"ListItem","position":1,"name":"In\u00edcio","item":"https:\/\/www.estrategiaconcursos.com.br\/blog\/"},{"@type":"ListItem","position":2,"name":"Quest\u00f5es comentadas \u2013 Pref. Suzano \u2013 Direito Administrativo"}]},{"@type":"WebSite","@id":"https:\/\/www.estrategiaconcursos.com.br\/blog\/#website","url":"https:\/\/www.estrategiaconcursos.com.br\/blog\/","name":"Estrat\u00e9gia Concursos","description":"O blog da Estrat\u00e9gia Concursos traz not\u00edcias sobre concursos e artigos de professores oferecendo cursos para concursos (pdf + videaulas) no site.","publisher":{"@id":"https:\/\/www.estrategiaconcursos.com.br\/blog\/#organization"},"potentialAction":[{"@type":"SearchAction","target":{"@type":"EntryPoint","urlTemplate":"https:\/\/www.estrategiaconcursos.com.br\/blog\/?s={search_term_string}"},"query-input":{"@type":"PropertyValueSpecification","valueRequired":true,"valueName":"search_term_string"}}],"inLanguage":"pt-BR"},{"@type":"Organization","@id":"https:\/\/www.estrategiaconcursos.com.br\/blog\/#organization","name":"Estrat\u00e9gia Concursos","url":"https:\/\/www.estrategiaconcursos.com.br\/blog\/","logo":{"@type":"ImageObject","inLanguage":"pt-BR","@id":"https:\/\/www.estrategiaconcursos.com.br\/blog\/#\/schema\/logo\/image\/","url":"https:\/\/dhg1h5j42swfq.cloudfront.net\/2025\/06\/03203428\/logo_concursos-1.jpg","contentUrl":"https:\/\/dhg1h5j42swfq.cloudfront.net\/2025\/06\/03203428\/logo_concursos-1.jpg","width":230,"height":60,"caption":"Estrat\u00e9gia Concursos"},"image":{"@id":"https:\/\/www.estrategiaconcursos.com.br\/blog\/#\/schema\/logo\/image\/"},"sameAs":["https:\/\/x.com\/EstratConcursos"]},{"@type":"Person","@id":"https:\/\/www.estrategiaconcursos.com.br\/blog\/#\/schema\/person\/90692507130b147bb9128fc093141dad","name":"Antonio Daud","image":{"@type":"ImageObject","inLanguage":"pt-BR","@id":"https:\/\/secure.gravatar.com\/avatar\/9a6539d0d807c3d7c2aaa709166f9aa9824103126593f30916973bcaedf16896?s=96&d=mm&r=g","url":"https:\/\/secure.gravatar.com\/avatar\/9a6539d0d807c3d7c2aaa709166f9aa9824103126593f30916973bcaedf16896?s=96&d=mm&r=g","contentUrl":"https:\/\/secure.gravatar.com\/avatar\/9a6539d0d807c3d7c2aaa709166f9aa9824103126593f30916973bcaedf16896?s=96&d=mm&r=g","caption":"Antonio Daud"},"description":"Antonio Daud J\u00fanior \u00e9 bacharel em Engenharia El\u00e9trica e em Direito. Foi Analista de Finan\u00e7as e Controle da Controladoria-Geral da Uni\u00e3o\/Presid\u00eancia da Rep\u00fablica (CGU\/PR), aprovado no concurso de 2008. Atualmente \u00e9 Auditor Federal de Controle Externo (AUFC) do Tribunal de Contas da Uni\u00e3o (TCU), aprovado tamb\u00e9m em 2008.","sameAs":["https:\/\/www.instagram.com\/professordaud\/?hl=en"],"url":"https:\/\/www.estrategiaconcursos.com.br\/blog\/author\/antoniodaudestrategiaconcursos-com-br\/"}]}},"_links":{"self":[{"href":"https:\/\/www.estrategiaconcursos.com.br\/blog\/wp-json\/wp\/v2\/posts\/459291","targetHints":{"allow":["GET"]}}],"collection":[{"href":"https:\/\/www.estrategiaconcursos.com.br\/blog\/wp-json\/wp\/v2\/posts"}],"about":[{"href":"https:\/\/www.estrategiaconcursos.com.br\/blog\/wp-json\/wp\/v2\/types\/post"}],"author":[{"embeddable":true,"href":"https:\/\/www.estrategiaconcursos.com.br\/blog\/wp-json\/wp\/v2\/users\/135"}],"replies":[{"embeddable":true,"href":"https:\/\/www.estrategiaconcursos.com.br\/blog\/wp-json\/wp\/v2\/comments?post=459291"}],"version-history":[{"count":2,"href":"https:\/\/www.estrategiaconcursos.com.br\/blog\/wp-json\/wp\/v2\/posts\/459291\/revisions"}],"predecessor-version":[{"id":459296,"href":"https:\/\/www.estrategiaconcursos.com.br\/blog\/wp-json\/wp\/v2\/posts\/459291\/revisions\/459296"}],"wp:attachment":[{"href":"https:\/\/www.estrategiaconcursos.com.br\/blog\/wp-json\/wp\/v2\/media?parent=459291"}],"wp:term":[{"taxonomy":"category","embeddable":true,"href":"https:\/\/www.estrategiaconcursos.com.br\/blog\/wp-json\/wp\/v2\/categories?post=459291"},{"taxonomy":"post_tag","embeddable":true,"href":"https:\/\/www.estrategiaconcursos.com.br\/blog\/wp-json\/wp\/v2\/tags?post=459291"},{"taxonomy":"tax_estado","embeddable":true,"href":"https:\/\/www.estrategiaconcursos.com.br\/blog\/wp-json\/wp\/v2\/tax_estado?post=459291"}],"curies":[{"name":"wp","href":"https:\/\/api.w.org\/{rel}","templated":true}]}}