{"id":459044,"date":"2019-12-11T15:23:20","date_gmt":"2019-12-11T18:23:20","guid":{"rendered":"https:\/\/www.estrategiaconcursos.com.br\/blog\/?p=459044"},"modified":"2023-06-19T10:37:27","modified_gmt":"2023-06-19T13:37:27","slug":"concurso-mpm-promotor-banca-examinadora","status":"publish","type":"post","link":"https:\/\/www.estrategiaconcursos.com.br\/blog\/concurso-mpm-promotor-banca-examinadora\/","title":{"rendered":"Concurso MPM Promotor: divulgada BANCA EXAMINADORA certame"},"content":{"rendered":"\n<p>O Minist\u00e9rio P\u00fablico Militar aprovou nesta quarta-feira, 11 de dezembro, as composi\u00e7\u00f5es da banca e da comiss\u00e3o examinadoras.<\/p>\n\n\n\n<p>Vale lembrar que o Minist\u00e9rio P\u00fablico Militar aprovou em 26 de junho a realiza\u00e7\u00e3o do novo concurso p\u00fablico de ingresso na carreira de Promotor de Justi\u00e7a Militar. <\/p>\n\n\n\n<p>Devem ser ofertadas <strong>6 vagas imediatas<\/strong>&nbsp;para a classe inicial da carreira de membro do Minist\u00e9rio P\u00fablico Militar, que \u00e9 um ramo do Minist\u00e9rio P\u00fablico da Uni\u00e3o. <\/p>\n\n\n\n<p><strong><em>Confira abaixo as composi\u00e7\u00f5es aprovadas: <\/em><\/strong><\/p>\n\n\n\n<h4 class=\"wp-block-heading\"><strong> Banca Examinadora<\/strong><\/h4>\n\n\n\n<ul class=\"wp-block-list\">\n<li><em>Grupo I \u2013 Direito Penal e Direito Militar: Edmar Jorge de Almeida, subprocurador-geral de Justi\u00e7a Militar.<\/em><\/li>\n\n\n\n<li><em>Grupo II \u2013 Direito Processual Penal Militar, Organiza\u00e7\u00e3o Judici\u00e1ria Militar e Minist\u00e9rio P\u00fablico da Uni\u00e3o: P\u00e9ricles Aur\u00e9lio Lima de Queiros, ministro do Superior Tribunal Militar.<\/em><\/li>\n\n\n\n<li><em>Grupo III \u2013 Direito Constitucional, Direitos Humanos, Direito Internacional Penal e Direito Interacional dos Conflitos Armados: Marcelo Jos\u00e9 de Guimar\u00e3es e Moraes, promotor de Justi\u00e7a do MP do Amap\u00e1, e Najla Nassif Palma, promotora de Justi\u00e7a Militar.<\/em><\/li>\n\n\n\n<li><em>Grupo IV \u2013 Direito Administrativo, Direito Administrativo Militar, Direito Civil e Processual Civil: Walter Jos\u00e9 Faiad de Moura, advogado, e Ant\u00f4nio Pereira Duarte, subprocurador-geral de Justi\u00e7a Militar.<\/em><\/li>\n<\/ul>\n\n\n\n<h4 class=\"wp-block-heading\"><strong>Comiss\u00e3o examinadora<\/strong><\/h4>\n\n\n\n<ul class=\"wp-block-list\">\n<li><em>Jaime de Cassio Miranda, procurador-geral de Justi\u00e7a Militar \u2013 presidente;<\/em><\/li>\n\n\n\n<li><em>Edmar Jorge de Almeida, subprocurador-geral de Justi\u00e7a Militar \u2013 membro;<\/em><\/li>\n\n\n\n<li><em>Ant\u00f4nio Pereira Duarte, subprocurador-geral de Justi\u00e7a Militar \u2013 membro;<\/em><\/li>\n\n\n\n<li><em>]Najla Nassif Palma, promotora de Justi\u00e7a Militar \u2013 membro;<\/em><\/li>\n\n\n\n<li><em>Alexandre Jos\u00e9 de Barros Leal Saraiva, procurador de Justi\u00e7a Militar \u2013 suplente;<\/em><\/li>\n\n\n\n<li><em>Aiton Jos\u00e9 da Silva, procurador de Justi\u00e7a Militar \u2013 suplente;<\/em><\/li>\n\n\n\n<li><em>Marcelo Jos\u00e9 de Guimar\u00e3es e Moraes, promotor de Justi\u00e7a do MP do Amap\u00e1 \u2013 jurista; e,<\/em><\/li>\n\n\n\n<li><em>Walter Jos\u00e9 Faiad de Moura, advogado.<\/em><\/li>\n<\/ul>\n\n\n\n<h4 class=\"wp-block-heading\">Composi\u00e7\u00e3o da Comiss\u00e3o Especial de Avalia\u00e7\u00e3o de Reserva de Vagas para Pessoas Negras:<\/h4>\n\n\n\n<ul class=\"wp-block-list\">\n<li><em>Luiz Felipe Carvalho Silva, promotor de Justi\u00e7a Militar;<\/em><\/li>\n\n\n\n<li><em>Valdirene Silva de Assis, procuradora do Trabalho; e<\/em><\/li>\n\n\n\n<li><em>Jos\u00e9 Jorge de Carvalho, professor da Universidade de Bras\u00edlia.<\/em><\/li>\n<\/ul>\n\n\n\n<h4 class=\"wp-block-heading\">Comiss\u00e3o de Avalia\u00e7\u00e3o de Reserva de Vagas para Pessoas Portadoras de Defici\u00eancia<\/h4>\n\n\n\n<ul class=\"wp-block-list\">\n<li><em>Arilma Cunha da Silva, subprocuradora-geral de Justi\u00e7a Militar;<\/em><\/li>\n\n\n\n<li><em>Vanessa Pontes Ces\u00e1rio Bastos, m\u00e9dica do MPM; e,<\/em><\/li>\n\n\n\n<li><em>Robson Ferrer Lima Carneiro, m\u00e9dico do MPM.<\/em><\/li>\n<\/ul>\n\n\n\n<p class=\"has-text-align-center has-pale-cyan-blue-background-color has-background\" style=\"font-size:clamp(15.197px, 0.95rem + ((1vw - 3.2px) * 0.765), 23px);px\"><strong><em>Mais informa\u00e7\u00f5es: <\/em><\/strong><a href=\"https:\/\/www.estrategiaconcursos.com.br\/blog\/concurso-mpm-promotor\/\"><strong><em>concurso MPM Promotor<\/em><\/strong><\/a><\/p>\n\n\n\n<h2 class=\"wp-block-heading has-text-align-center\" id=\"cursos-assinatura\">Quer estudar para o concurso MPM Promotor?<\/h2>\n\n\n\n<p class=\"has-text-align-center\"><em>Gostou dessa oportunidade e deseja se preparar? Confira abaixo nossos cursos exclusivos e inicie agora seus estudos! N\u00e3o fique de fora:<\/em><\/p>\n\n\n\n<p class=\"has-text-align-center has-luminous-vivid-amber-background-color has-background\" style=\"font-size:clamp(15.197px, 0.95rem + ((1vw - 3.2px) * 0.765), 23px);px\"><strong><a rel=\"noreferrer noopener\" href=\"https:\/\/www.estrategiaconcursos.com.br\/cursos\/concurso\/\" target=\"_blank\">CURSO MPM PROMOTO<\/a><\/strong><a rel=\"noreferrer noopener\" href=\"https:\/\/www.estrategiaconcursos.com.br\/cursos\/concurso\/\" target=\"_blank\"><strong>R<\/strong><\/a><\/p>\n\n\n\n<p class=\"has-text-align-center\"><strong><em>Fique por dentro do mundo dos concursos:<\/em><\/strong><\/p>\n\n\n\n<p class=\"has-text-align-center has-pale-cyan-blue-background-color has-background\" style=\"font-size:clamp(15.197px, 0.95rem + ((1vw - 3.2px) * 0.765), 23px);px\"><a href=\"https:\/\/www.estrategiaconcursos.com.br\/blog\/concursos-abertos\/\" target=\"_blank\" rel=\"noreferrer noopener\"><strong>CONCURSOS ABERTOS<\/strong><\/a><\/p>\n\n\n\n<p class=\"has-text-align-center has-pale-cyan-blue-background-color has-background\" style=\"font-size:clamp(15.197px, 0.95rem + ((1vw - 3.2px) * 0.765), 23px);px\"><strong><a href=\"https:\/\/www.estrategiaconcursos.com.br\/blog\/concursos-de-direito\/\" target=\"_blank\" rel=\"noreferrer noopener\">CONCURSOS DE DIREITO<\/a><\/strong><\/p>\n","protected":false},"excerpt":{"rendered":"<p>O Minist\u00e9rio P\u00fablico Militar aprovou nesta quarta-feira, 11 de dezembro, as composi\u00e7\u00f5es da banca e da comiss\u00e3o examinadoras. Vale lembrar que o Minist\u00e9rio P\u00fablico Militar aprovou em 26 de junho a realiza\u00e7\u00e3o do novo concurso p\u00fablico de ingresso na carreira de Promotor de Justi\u00e7a Militar. Devem ser ofertadas 6 vagas imediatas&nbsp;para a classe inicial da [&hellip;]<\/p>\n","protected":false},"author":13,"featured_media":454690,"comment_status":"open","ping_status":"closed","sticky":false,"template":"","format":"standard","meta":{"post_tipo":"article","footnotes":""},"categories":[1],"tags":[],"tax_estado":[],"class_list":["post-459044","post","type-post","status-publish","format-standard","has-post-thumbnail","hentry","category-cursos-e-concursos"],"acf":[],"yoast_head":"<!-- This site is optimized with the Yoast SEO Premium plugin v27.2 (Yoast SEO v27.2) - https:\/\/yoast.com\/product\/yoast-seo-premium-wordpress\/ -->\n<title>Concurso MPM Promotor: divulgada BANCA EXAMINADORA certame<\/title>\n<meta name=\"robots\" content=\"index, follow, max-snippet:-1, max-image-preview:large, max-video-preview:-1\" \/>\n<link rel=\"canonical\" href=\"https:\/\/www.estrategiaconcursos.com.br\/blog\/concurso-mpm-promotor-banca-examinadora\/\" \/>\n<meta property=\"og:locale\" content=\"pt_BR\" \/>\n<meta property=\"og:type\" content=\"article\" \/>\n<meta property=\"og:title\" content=\"Concurso MPM Promotor: divulgada BANCA EXAMINADORA certame\" \/>\n<meta property=\"og:description\" content=\"O Minist\u00e9rio P\u00fablico Militar aprovou nesta quarta-feira, 11 de dezembro, as composi\u00e7\u00f5es da banca e da comiss\u00e3o examinadoras. Vale lembrar que o Minist\u00e9rio P\u00fablico Militar aprovou em 26 de junho a realiza\u00e7\u00e3o do novo concurso p\u00fablico de ingresso na carreira de Promotor de Justi\u00e7a Militar. Devem ser ofertadas 6 vagas imediatas&nbsp;para a classe inicial da [&hellip;]\" \/>\n<meta property=\"og:url\" content=\"https:\/\/www.estrategiaconcursos.com.br\/blog\/concurso-mpm-promotor-banca-examinadora\/\" \/>\n<meta property=\"og:site_name\" content=\"Estrat\u00e9gia Concursos\" \/>\n<meta property=\"article:author\" content=\"https:\/\/www.facebook.com\/heber.economia\" \/>\n<meta property=\"article:published_time\" content=\"2019-12-11T18:23:20+00:00\" \/>\n<meta property=\"article:modified_time\" content=\"2023-06-19T13:37:27+00:00\" \/>\n<meta property=\"og:image\" content=\"https:\/\/dhg1h5j42swfq.cloudfront.net\/2019\/12\/03102515\/concurso-mpm.jpeg\" \/>\n\t<meta property=\"og:image:width\" content=\"1200\" \/>\n\t<meta property=\"og:image:height\" content=\"628\" \/>\n\t<meta property=\"og:image:type\" content=\"image\/jpeg\" \/>\n<meta name=\"author\" content=\"Heber Carvalho\" \/>\n<meta name=\"twitter:card\" content=\"summary_large_image\" \/>\n<meta name=\"twitter:creator\" content=\"@https:\/\/twitter.com\/EstratConcursos\" \/>\n<meta name=\"twitter:site\" content=\"@EstratConcursos\" \/>\n<meta name=\"twitter:label1\" content=\"Escrito por\" \/>\n\t<meta name=\"twitter:data1\" content=\"Heber Carvalho\" \/>\n\t<meta name=\"twitter:label2\" content=\"Est. tempo de leitura\" \/>\n\t<meta name=\"twitter:data2\" content=\"2 minutos\" \/>\n<script type=\"application\/ld+json\" class=\"yoast-schema-graph\">{\"@context\":\"https:\/\/schema.org\",\"@graph\":[{\"@type\":\"NewsArticle\",\"@id\":\"https:\/\/www.estrategiaconcursos.com.br\/blog\/concurso-mpm-promotor-banca-examinadora\/#article\",\"isPartOf\":{\"@id\":\"https:\/\/www.estrategiaconcursos.com.br\/blog\/concurso-mpm-promotor-banca-examinadora\/\"},\"author\":{\"name\":\"Heber Carvalho\",\"@id\":\"https:\/\/www.estrategiaconcursos.com.br\/blog\/#\/schema\/person\/555176e5fb81029706226eaf88b58f77\"},\"headline\":\"Concurso MPM Promotor: divulgada BANCA EXAMINADORA certame\",\"datePublished\":\"2019-12-11T18:23:20+00:00\",\"dateModified\":\"2023-06-19T13:37:27+00:00\",\"mainEntityOfPage\":{\"@id\":\"https:\/\/www.estrategiaconcursos.com.br\/blog\/concurso-mpm-promotor-banca-examinadora\/\"},\"wordCount\":435,\"commentCount\":0,\"publisher\":{\"@id\":\"https:\/\/www.estrategiaconcursos.com.br\/blog\/#organization\"},\"image\":{\"@id\":\"https:\/\/www.estrategiaconcursos.com.br\/blog\/concurso-mpm-promotor-banca-examinadora\/#primaryimage\"},\"thumbnailUrl\":\"https:\/\/dhg1h5j42swfq.cloudfront.net\/2019\/12\/03102515\/concurso-mpm.jpeg\",\"articleSection\":[\"Concursos P\u00fablicos\"],\"inLanguage\":\"pt-BR\",\"potentialAction\":[{\"@type\":\"CommentAction\",\"name\":\"Comment\",\"target\":[\"https:\/\/www.estrategiaconcursos.com.br\/blog\/concurso-mpm-promotor-banca-examinadora\/#respond\"]}],\"copyrightYear\":\"2019\",\"copyrightHolder\":{\"@id\":\"https:\/\/www.estrategiaconcursos.com.br\/blog\/#organization\"}},{\"@type\":\"WebPage\",\"@id\":\"https:\/\/www.estrategiaconcursos.com.br\/blog\/concurso-mpm-promotor-banca-examinadora\/\",\"url\":\"https:\/\/www.estrategiaconcursos.com.br\/blog\/concurso-mpm-promotor-banca-examinadora\/\",\"name\":\"Concurso MPM Promotor: divulgada BANCA EXAMINADORA certame\",\"isPartOf\":{\"@id\":\"https:\/\/www.estrategiaconcursos.com.br\/blog\/#website\"},\"primaryImageOfPage\":{\"@id\":\"https:\/\/www.estrategiaconcursos.com.br\/blog\/concurso-mpm-promotor-banca-examinadora\/#primaryimage\"},\"image\":{\"@id\":\"https:\/\/www.estrategiaconcursos.com.br\/blog\/concurso-mpm-promotor-banca-examinadora\/#primaryimage\"},\"thumbnailUrl\":\"https:\/\/dhg1h5j42swfq.cloudfront.net\/2019\/12\/03102515\/concurso-mpm.jpeg\",\"datePublished\":\"2019-12-11T18:23:20+00:00\",\"dateModified\":\"2023-06-19T13:37:27+00:00\",\"breadcrumb\":{\"@id\":\"https:\/\/www.estrategiaconcursos.com.br\/blog\/concurso-mpm-promotor-banca-examinadora\/#breadcrumb\"},\"inLanguage\":\"pt-BR\",\"potentialAction\":[{\"@type\":\"ReadAction\",\"target\":[\"https:\/\/www.estrategiaconcursos.com.br\/blog\/concurso-mpm-promotor-banca-examinadora\/\"]}]},{\"@type\":\"ImageObject\",\"inLanguage\":\"pt-BR\",\"@id\":\"https:\/\/www.estrategiaconcursos.com.br\/blog\/concurso-mpm-promotor-banca-examinadora\/#primaryimage\",\"url\":\"https:\/\/dhg1h5j42swfq.cloudfront.net\/2019\/12\/03102515\/concurso-mpm.jpeg\",\"contentUrl\":\"https:\/\/dhg1h5j42swfq.cloudfront.net\/2019\/12\/03102515\/concurso-mpm.jpeg\",\"width\":1200,\"height\":628,\"caption\":\"concurso mpm\"},{\"@type\":\"BreadcrumbList\",\"@id\":\"https:\/\/www.estrategiaconcursos.com.br\/blog\/concurso-mpm-promotor-banca-examinadora\/#breadcrumb\",\"itemListElement\":[{\"@type\":\"ListItem\",\"position\":1,\"name\":\"In\u00edcio\",\"item\":\"https:\/\/www.estrategiaconcursos.com.br\/blog\/\"},{\"@type\":\"ListItem\",\"position\":2,\"name\":\"Concurso MPM Promotor: divulgada BANCA EXAMINADORA certame\"}]},{\"@type\":\"WebSite\",\"@id\":\"https:\/\/www.estrategiaconcursos.com.br\/blog\/#website\",\"url\":\"https:\/\/www.estrategiaconcursos.com.br\/blog\/\",\"name\":\"Estrat\u00e9gia Concursos\",\"description\":\"O blog da Estrat\u00e9gia Concursos traz not\u00edcias sobre concursos e artigos de professores oferecendo cursos para concursos (pdf + videaulas) no site.\",\"publisher\":{\"@id\":\"https:\/\/www.estrategiaconcursos.com.br\/blog\/#organization\"},\"potentialAction\":[{\"@type\":\"SearchAction\",\"target\":{\"@type\":\"EntryPoint\",\"urlTemplate\":\"https:\/\/www.estrategiaconcursos.com.br\/blog\/?s={search_term_string}\"},\"query-input\":{\"@type\":\"PropertyValueSpecification\",\"valueRequired\":true,\"valueName\":\"search_term_string\"}}],\"inLanguage\":\"pt-BR\"},{\"@type\":\"Organization\",\"@id\":\"https:\/\/www.estrategiaconcursos.com.br\/blog\/#organization\",\"name\":\"Estrat\u00e9gia Concursos\",\"url\":\"https:\/\/www.estrategiaconcursos.com.br\/blog\/\",\"logo\":{\"@type\":\"ImageObject\",\"inLanguage\":\"pt-BR\",\"@id\":\"https:\/\/www.estrategiaconcursos.com.br\/blog\/#\/schema\/logo\/image\/\",\"url\":\"https:\/\/dhg1h5j42swfq.cloudfront.net\/2025\/06\/03203428\/logo_concursos-1.jpg\",\"contentUrl\":\"https:\/\/dhg1h5j42swfq.cloudfront.net\/2025\/06\/03203428\/logo_concursos-1.jpg\",\"width\":230,\"height\":60,\"caption\":\"Estrat\u00e9gia Concursos\"},\"image\":{\"@id\":\"https:\/\/www.estrategiaconcursos.com.br\/blog\/#\/schema\/logo\/image\/\"},\"sameAs\":[\"https:\/\/x.com\/EstratConcursos\"]},{\"@type\":\"Person\",\"@id\":\"https:\/\/www.estrategiaconcursos.com.br\/blog\/#\/schema\/person\/555176e5fb81029706226eaf88b58f77\",\"name\":\"Heber Carvalho\",\"image\":{\"@type\":\"ImageObject\",\"inLanguage\":\"pt-BR\",\"@id\":\"https:\/\/secure.gravatar.com\/avatar\/7fb00f951b5b5ef6352d915a4dd32e75828f1e329e22967291a52e461270e40a?s=96&d=mm&r=g\",\"url\":\"https:\/\/secure.gravatar.com\/avatar\/7fb00f951b5b5ef6352d915a4dd32e75828f1e329e22967291a52e461270e40a?s=96&d=mm&r=g\",\"contentUrl\":\"https:\/\/secure.gravatar.com\/avatar\/7fb00f951b5b5ef6352d915a4dd32e75828f1e329e22967291a52e461270e40a?s=96&d=mm&r=g\",\"caption\":\"Heber Carvalho\"},\"sameAs\":[\"https:\/\/www.facebook.com\/heber.economia\",\"https:\/\/x.com\/https:\/\/twitter.com\/EstratConcursos\"],\"url\":\"https:\/\/www.estrategiaconcursos.com.br\/blog\/author\/hebercarvalhoestrategiaconcursos-com-br\/\"}]}<\/script>\n<!-- \/ Yoast SEO Premium plugin. -->","yoast_head_json":{"title":"Concurso MPM Promotor: divulgada BANCA EXAMINADORA certame","robots":{"index":"index","follow":"follow","max-snippet":"max-snippet:-1","max-image-preview":"max-image-preview:large","max-video-preview":"max-video-preview:-1"},"canonical":"https:\/\/www.estrategiaconcursos.com.br\/blog\/concurso-mpm-promotor-banca-examinadora\/","og_locale":"pt_BR","og_type":"article","og_title":"Concurso MPM Promotor: divulgada BANCA EXAMINADORA certame","og_description":"O Minist\u00e9rio P\u00fablico Militar aprovou nesta quarta-feira, 11 de dezembro, as composi\u00e7\u00f5es da banca e da comiss\u00e3o examinadoras. Vale lembrar que o Minist\u00e9rio P\u00fablico Militar aprovou em 26 de junho a realiza\u00e7\u00e3o do novo concurso p\u00fablico de ingresso na carreira de Promotor de Justi\u00e7a Militar. Devem ser ofertadas 6 vagas imediatas&nbsp;para a classe inicial da [&hellip;]","og_url":"https:\/\/www.estrategiaconcursos.com.br\/blog\/concurso-mpm-promotor-banca-examinadora\/","og_site_name":"Estrat\u00e9gia Concursos","article_author":"https:\/\/www.facebook.com\/heber.economia","article_published_time":"2019-12-11T18:23:20+00:00","article_modified_time":"2023-06-19T13:37:27+00:00","og_image":[{"width":1200,"height":628,"url":"https:\/\/dhg1h5j42swfq.cloudfront.net\/2019\/12\/03102515\/concurso-mpm.jpeg","type":"image\/jpeg"}],"author":"Heber Carvalho","twitter_card":"summary_large_image","twitter_creator":"@https:\/\/twitter.com\/EstratConcursos","twitter_site":"@EstratConcursos","twitter_misc":{"Escrito por":"Heber Carvalho","Est. tempo de leitura":"2 minutos"},"schema":{"@context":"https:\/\/schema.org","@graph":[{"@type":"NewsArticle","@id":"https:\/\/www.estrategiaconcursos.com.br\/blog\/concurso-mpm-promotor-banca-examinadora\/#article","isPartOf":{"@id":"https:\/\/www.estrategiaconcursos.com.br\/blog\/concurso-mpm-promotor-banca-examinadora\/"},"author":{"name":"Heber Carvalho","@id":"https:\/\/www.estrategiaconcursos.com.br\/blog\/#\/schema\/person\/555176e5fb81029706226eaf88b58f77"},"headline":"Concurso MPM Promotor: divulgada BANCA EXAMINADORA certame","datePublished":"2019-12-11T18:23:20+00:00","dateModified":"2023-06-19T13:37:27+00:00","mainEntityOfPage":{"@id":"https:\/\/www.estrategiaconcursos.com.br\/blog\/concurso-mpm-promotor-banca-examinadora\/"},"wordCount":435,"commentCount":0,"publisher":{"@id":"https:\/\/www.estrategiaconcursos.com.br\/blog\/#organization"},"image":{"@id":"https:\/\/www.estrategiaconcursos.com.br\/blog\/concurso-mpm-promotor-banca-examinadora\/#primaryimage"},"thumbnailUrl":"https:\/\/dhg1h5j42swfq.cloudfront.net\/2019\/12\/03102515\/concurso-mpm.jpeg","articleSection":["Concursos P\u00fablicos"],"inLanguage":"pt-BR","potentialAction":[{"@type":"CommentAction","name":"Comment","target":["https:\/\/www.estrategiaconcursos.com.br\/blog\/concurso-mpm-promotor-banca-examinadora\/#respond"]}],"copyrightYear":"2019","copyrightHolder":{"@id":"https:\/\/www.estrategiaconcursos.com.br\/blog\/#organization"}},{"@type":"WebPage","@id":"https:\/\/www.estrategiaconcursos.com.br\/blog\/concurso-mpm-promotor-banca-examinadora\/","url":"https:\/\/www.estrategiaconcursos.com.br\/blog\/concurso-mpm-promotor-banca-examinadora\/","name":"Concurso MPM Promotor: divulgada BANCA EXAMINADORA certame","isPartOf":{"@id":"https:\/\/www.estrategiaconcursos.com.br\/blog\/#website"},"primaryImageOfPage":{"@id":"https:\/\/www.estrategiaconcursos.com.br\/blog\/concurso-mpm-promotor-banca-examinadora\/#primaryimage"},"image":{"@id":"https:\/\/www.estrategiaconcursos.com.br\/blog\/concurso-mpm-promotor-banca-examinadora\/#primaryimage"},"thumbnailUrl":"https:\/\/dhg1h5j42swfq.cloudfront.net\/2019\/12\/03102515\/concurso-mpm.jpeg","datePublished":"2019-12-11T18:23:20+00:00","dateModified":"2023-06-19T13:37:27+00:00","breadcrumb":{"@id":"https:\/\/www.estrategiaconcursos.com.br\/blog\/concurso-mpm-promotor-banca-examinadora\/#breadcrumb"},"inLanguage":"pt-BR","potentialAction":[{"@type":"ReadAction","target":["https:\/\/www.estrategiaconcursos.com.br\/blog\/concurso-mpm-promotor-banca-examinadora\/"]}]},{"@type":"ImageObject","inLanguage":"pt-BR","@id":"https:\/\/www.estrategiaconcursos.com.br\/blog\/concurso-mpm-promotor-banca-examinadora\/#primaryimage","url":"https:\/\/dhg1h5j42swfq.cloudfront.net\/2019\/12\/03102515\/concurso-mpm.jpeg","contentUrl":"https:\/\/dhg1h5j42swfq.cloudfront.net\/2019\/12\/03102515\/concurso-mpm.jpeg","width":1200,"height":628,"caption":"concurso mpm"},{"@type":"BreadcrumbList","@id":"https:\/\/www.estrategiaconcursos.com.br\/blog\/concurso-mpm-promotor-banca-examinadora\/#breadcrumb","itemListElement":[{"@type":"ListItem","position":1,"name":"In\u00edcio","item":"https:\/\/www.estrategiaconcursos.com.br\/blog\/"},{"@type":"ListItem","position":2,"name":"Concurso MPM Promotor: divulgada BANCA EXAMINADORA certame"}]},{"@type":"WebSite","@id":"https:\/\/www.estrategiaconcursos.com.br\/blog\/#website","url":"https:\/\/www.estrategiaconcursos.com.br\/blog\/","name":"Estrat\u00e9gia Concursos","description":"O blog da Estrat\u00e9gia Concursos traz not\u00edcias sobre concursos e artigos de professores oferecendo cursos para concursos (pdf + videaulas) no site.","publisher":{"@id":"https:\/\/www.estrategiaconcursos.com.br\/blog\/#organization"},"potentialAction":[{"@type":"SearchAction","target":{"@type":"EntryPoint","urlTemplate":"https:\/\/www.estrategiaconcursos.com.br\/blog\/?s={search_term_string}"},"query-input":{"@type":"PropertyValueSpecification","valueRequired":true,"valueName":"search_term_string"}}],"inLanguage":"pt-BR"},{"@type":"Organization","@id":"https:\/\/www.estrategiaconcursos.com.br\/blog\/#organization","name":"Estrat\u00e9gia Concursos","url":"https:\/\/www.estrategiaconcursos.com.br\/blog\/","logo":{"@type":"ImageObject","inLanguage":"pt-BR","@id":"https:\/\/www.estrategiaconcursos.com.br\/blog\/#\/schema\/logo\/image\/","url":"https:\/\/dhg1h5j42swfq.cloudfront.net\/2025\/06\/03203428\/logo_concursos-1.jpg","contentUrl":"https:\/\/dhg1h5j42swfq.cloudfront.net\/2025\/06\/03203428\/logo_concursos-1.jpg","width":230,"height":60,"caption":"Estrat\u00e9gia Concursos"},"image":{"@id":"https:\/\/www.estrategiaconcursos.com.br\/blog\/#\/schema\/logo\/image\/"},"sameAs":["https:\/\/x.com\/EstratConcursos"]},{"@type":"Person","@id":"https:\/\/www.estrategiaconcursos.com.br\/blog\/#\/schema\/person\/555176e5fb81029706226eaf88b58f77","name":"Heber Carvalho","image":{"@type":"ImageObject","inLanguage":"pt-BR","@id":"https:\/\/secure.gravatar.com\/avatar\/7fb00f951b5b5ef6352d915a4dd32e75828f1e329e22967291a52e461270e40a?s=96&d=mm&r=g","url":"https:\/\/secure.gravatar.com\/avatar\/7fb00f951b5b5ef6352d915a4dd32e75828f1e329e22967291a52e461270e40a?s=96&d=mm&r=g","contentUrl":"https:\/\/secure.gravatar.com\/avatar\/7fb00f951b5b5ef6352d915a4dd32e75828f1e329e22967291a52e461270e40a?s=96&d=mm&r=g","caption":"Heber Carvalho"},"sameAs":["https:\/\/www.facebook.com\/heber.economia","https:\/\/x.com\/https:\/\/twitter.com\/EstratConcursos"],"url":"https:\/\/www.estrategiaconcursos.com.br\/blog\/author\/hebercarvalhoestrategiaconcursos-com-br\/"}]}},"_links":{"self":[{"href":"https:\/\/www.estrategiaconcursos.com.br\/blog\/wp-json\/wp\/v2\/posts\/459044","targetHints":{"allow":["GET"]}}],"collection":[{"href":"https:\/\/www.estrategiaconcursos.com.br\/blog\/wp-json\/wp\/v2\/posts"}],"about":[{"href":"https:\/\/www.estrategiaconcursos.com.br\/blog\/wp-json\/wp\/v2\/types\/post"}],"author":[{"embeddable":true,"href":"https:\/\/www.estrategiaconcursos.com.br\/blog\/wp-json\/wp\/v2\/users\/13"}],"replies":[{"embeddable":true,"href":"https:\/\/www.estrategiaconcursos.com.br\/blog\/wp-json\/wp\/v2\/comments?post=459044"}],"version-history":[{"count":2,"href":"https:\/\/www.estrategiaconcursos.com.br\/blog\/wp-json\/wp\/v2\/posts\/459044\/revisions"}],"predecessor-version":[{"id":1234480,"href":"https:\/\/www.estrategiaconcursos.com.br\/blog\/wp-json\/wp\/v2\/posts\/459044\/revisions\/1234480"}],"wp:featuredmedia":[{"embeddable":true,"href":"https:\/\/www.estrategiaconcursos.com.br\/blog\/wp-json\/wp\/v2\/media\/454690"}],"wp:attachment":[{"href":"https:\/\/www.estrategiaconcursos.com.br\/blog\/wp-json\/wp\/v2\/media?parent=459044"}],"wp:term":[{"taxonomy":"category","embeddable":true,"href":"https:\/\/www.estrategiaconcursos.com.br\/blog\/wp-json\/wp\/v2\/categories?post=459044"},{"taxonomy":"post_tag","embeddable":true,"href":"https:\/\/www.estrategiaconcursos.com.br\/blog\/wp-json\/wp\/v2\/tags?post=459044"},{"taxonomy":"tax_estado","embeddable":true,"href":"https:\/\/www.estrategiaconcursos.com.br\/blog\/wp-json\/wp\/v2\/tax_estado?post=459044"}],"curies":[{"name":"wp","href":"https:\/\/api.w.org\/{rel}","templated":true}]}}