{"id":458998,"date":"2019-12-11T13:32:19","date_gmt":"2019-12-11T16:32:19","guid":{"rendered":"https:\/\/www.estrategiaconcursos.com.br\/blog\/?p=458998"},"modified":"2019-12-11T13:36:53","modified_gmt":"2019-12-11T16:36:53","slug":"publicacao-do-edital-concurso-guarda-nova-iguacu-em-janeiro","status":"publish","type":"post","link":"https:\/\/www.estrategiaconcursos.com.br\/blog\/publicacao-do-edital-concurso-guarda-nova-iguacu-em-janeiro\/","title":{"rendered":"Publica\u00e7\u00e3o do edital concurso Guarda Nova Igua\u00e7u em Janeiro!"},"content":{"rendered":"\n<p>Foi publicada nesta ter\u00e7a-feira, 11 de dezembro, a <strong>errata do processo de licita\u00e7\u00e3o para escolha da banca organizadora<\/strong> do c<strong>oncurso Guarda Nova Igua\u00e7u <\/strong>(RJ). <\/p>\n\n\n\n<p>Foram escolhidas <strong>novas datas para o preg\u00e3o eletr\u00f4nico e para publica\u00e7\u00e3o do edital<\/strong> que ser\u00e1 no <strong>come\u00e7o de janeiro de 2020<\/strong>. Com as <strong>inscri\u00e7\u00f5es <\/strong>no certame come\u00e7ando no <strong>dia 02 de janeiro<\/strong>.<\/p>\n\n\n\n<p>O Concurso p\u00fablico ser\u00e1 realizado pela prefeitura para o preenchimento de <strong> 200 vagas para Guarda Municipal<\/strong> da cidade de Nova Igua\u00e7u (RJ). O texto foi aprovado e autorizado em setembro na C\u00e2mara depois da san\u00e7\u00e3o do prefeito. <\/p>\n\n\n\n<p>No dia 27 de novembro, foi publicado no Di\u00e1rio Oficial do Munic\u00edpio, a abertura do processo de licita\u00e7\u00e3o para escolha da banca organizadora do certame. <\/p>\n\n\n\n<p>No entanto, dia 11 de dezembro, o edital foi retificado com novas datas para o preg\u00e3o eletr\u00f4nico, que acontecer\u00e1 no dia 23 de dezembro. Novas datas foram estabelecidas para as etapas do certame. Como o in\u00edcio das inscri\u00e7\u00f5es que ser\u00e1 no dia 02 de janeiro de 2020. <\/p>\n\n\n\n<p>Confira abaixo o novo cronograma previsto para o concurso Guarda Nova Igua\u00e7u.<\/p>\n\n\n\n<figure class=\"wp-block-image\"><img decoding=\"async\" src=\"https:\/\/dhg1h5j42swfq.cloudfront.net\/2019\/12\/11132702\/concurso-guarda-nova-igua%C3%A7u-cronograma.png\" alt=\"concurso guarda nova igua\u00e7u cronograma\" class=\"wp-image-459005\"\/><figcaption>Novo cronograma do concurso Guarda Nova Igua\u00e7u<\/figcaption><\/figure>\n\n\n\n<p>Confira no artigo abaixo as etapas do certame e outras informa\u00e7\u00f5es para prestar o concurso.<\/p>\n\n\n\n<p style=\"font-size:26px;text-align:center\" class=\"has-background has-very-light-gray-background-color\"><a rel=\"noreferrer noopener\" aria-label=\"Concurso Guarda Nova Igua\u00e7u (abre numa nova aba)\" href=\"https:\/\/www.estrategiaconcursos.com.br\/blog\/concurso-guarda-municipal-nova-iguacu\/\" target=\"_blank\"><strong>Concurso Guarda Nova Igua\u00e7u<\/strong><\/a><\/p>\n\n\n\n<h4 class=\"wp-block-heading\" style=\"text-align:center\" id=\"nova\">Assinatura ilimitada e cursos para o concurso Nova Igua\u00e7u<\/h4>\n\n\n\n<p style=\"font-size:25px;text-align:center\" class=\"has-background has-luminous-vivid-amber-background-color\"><a rel=\"noreferrer noopener\" href=\"https:\/\/www.estrategiaconcursos.com.br\/cursos\/concurso\/\" target=\"_blank\"><strong><em>CURSO NOVA IGUA\u00c7U<\/em><\/strong><\/a><\/p>\n\n\n\n<p style=\"text-align:center\"><em><strong>Assinatura Anual Ilimitada*<\/strong><\/em><\/p>\n\n\n\n<p style=\"text-align:center\"><em>Prepare-se com o melhor material e com quem mais aprova em Concursos P\u00fablicos em todo o pa\u00eds. Assine agora a nossa Assinatura Anual e tenha acesso ilimitado* a todos os nossos cursos.<\/em><\/p>\n\n\n\n<p style=\"font-size:25px;text-align:center\" class=\"has-background has-light-green-cyan-background-color\"><strong>ASSINE AGORA<\/strong>&nbsp;\u2013&nbsp;<a rel=\"noreferrer noopener\" href=\"https:\/\/www.estrategiaconcursos.com.br\/assinaturas\" target=\"_blank\"><strong>Assinatura Ilimitada<\/strong><\/a><\/p>\n\n\n\n<p style=\"font-size:25px;text-align:center\" class=\"has-background has-pale-cyan-blue-background-color\"><strong><a href=\"https:\/\/www.estrategiaconcursos.com.br\/blog\/concursos-abertos\/\">CONCURSOS ABERTOS<\/a><\/strong><\/p>\n\n\n\n<p style=\"font-size:25px;text-align:center\" class=\"has-background has-pale-cyan-blue-background-color\"><a href=\"https:\/\/www.estrategiaconcursos.com.br\/blog\/concursos-2019\/\"><strong>CONCURSOS 2019<\/strong><\/a><\/p>\n\n\n\n<p style=\"font-size:25px;text-align:center\" class=\"has-background has-pale-cyan-blue-background-color\"><a href=\"https:\/\/www.estrategiaconcursos.com.br\/blog\/concursos-2020\/\"><strong>CONCURSOS<\/strong><\/a><strong><a href=\"https:\/\/www.estrategiaconcursos.com.br\/blog\/concursos-2020\/\">&nbsp;2020<\/a><\/strong><\/p>\n","protected":false},"excerpt":{"rendered":"<p>Foi publicada nesta ter\u00e7a-feira, 11 de dezembro, a errata do processo de licita\u00e7\u00e3o para escolha da banca organizadora do concurso Guarda Nova Igua\u00e7u (RJ). Foram escolhidas novas datas para o preg\u00e3o eletr\u00f4nico e para publica\u00e7\u00e3o do edital que ser\u00e1 no come\u00e7o de janeiro de 2020. Com as inscri\u00e7\u00f5es no certame come\u00e7ando no dia 02 de [&hellip;]<\/p>\n","protected":false},"author":552,"featured_media":458974,"comment_status":"open","ping_status":"closed","sticky":false,"template":"","format":"standard","meta":{"post_tipo":"article","footnotes":""},"categories":[1,1988],"tags":[],"tax_estado":[],"class_list":["post-458998","post","type-post","status-publish","format-standard","has-post-thumbnail","hentry","category-cursos-e-concursos","category-policia"],"acf":[],"yoast_head":"<!-- This site is optimized with the Yoast SEO Premium plugin v27.2 (Yoast SEO v27.2) - https:\/\/yoast.com\/product\/yoast-seo-premium-wordpress\/ -->\n<title>Publica\u00e7\u00e3o do edital concurso Guarda Nova Igua\u00e7u em Janeiro!<\/title>\n<meta name=\"robots\" content=\"index, follow, max-snippet:-1, max-image-preview:large, max-video-preview:-1\" \/>\n<link rel=\"canonical\" href=\"https:\/\/www.estrategiaconcursos.com.br\/blog\/publicacao-do-edital-concurso-guarda-nova-iguacu-em-janeiro\/\" \/>\n<meta property=\"og:locale\" content=\"pt_BR\" \/>\n<meta property=\"og:type\" content=\"article\" \/>\n<meta property=\"og:title\" content=\"Publica\u00e7\u00e3o do edital concurso Guarda Nova Igua\u00e7u em Janeiro!\" \/>\n<meta property=\"og:description\" content=\"Foi publicada nesta ter\u00e7a-feira, 11 de dezembro, a errata do processo de licita\u00e7\u00e3o para escolha da banca organizadora do concurso Guarda Nova Igua\u00e7u (RJ). Foram escolhidas novas datas para o preg\u00e3o eletr\u00f4nico e para publica\u00e7\u00e3o do edital que ser\u00e1 no come\u00e7o de janeiro de 2020. Com as inscri\u00e7\u00f5es no certame come\u00e7ando no dia 02 de [&hellip;]\" \/>\n<meta property=\"og:url\" content=\"https:\/\/www.estrategiaconcursos.com.br\/blog\/publicacao-do-edital-concurso-guarda-nova-iguacu-em-janeiro\/\" \/>\n<meta property=\"og:site_name\" content=\"Estrat\u00e9gia Concursos\" \/>\n<meta property=\"article:published_time\" content=\"2019-12-11T16:32:19+00:00\" \/>\n<meta property=\"article:modified_time\" content=\"2019-12-11T16:36:53+00:00\" \/>\n<meta property=\"og:image\" content=\"https:\/\/dhg1h5j42swfq.cloudfront.net\/2019\/12\/11120707\/nova-i.jpg.jpg\" \/>\n\t<meta property=\"og:image:width\" content=\"1153\" \/>\n\t<meta property=\"og:image:height\" content=\"605\" \/>\n\t<meta property=\"og:image:type\" content=\"image\/jpeg\" \/>\n<meta name=\"author\" content=\"Paulo Bilynskyj\" \/>\n<meta name=\"twitter:card\" content=\"summary_large_image\" \/>\n<meta name=\"twitter:creator\" content=\"@EstratConcursos\" \/>\n<meta name=\"twitter:site\" content=\"@EstratConcursos\" \/>\n<meta name=\"twitter:label1\" content=\"Escrito por\" \/>\n\t<meta name=\"twitter:data1\" content=\"Paulo Bilynskyj\" \/>\n\t<meta name=\"twitter:label2\" content=\"Est. tempo de leitura\" \/>\n\t<meta name=\"twitter:data2\" content=\"1 minuto\" \/>\n<script type=\"application\/ld+json\" class=\"yoast-schema-graph\">{\"@context\":\"https:\/\/schema.org\",\"@graph\":[{\"@type\":\"NewsArticle\",\"@id\":\"https:\/\/www.estrategiaconcursos.com.br\/blog\/publicacao-do-edital-concurso-guarda-nova-iguacu-em-janeiro\/#article\",\"isPartOf\":{\"@id\":\"https:\/\/www.estrategiaconcursos.com.br\/blog\/publicacao-do-edital-concurso-guarda-nova-iguacu-em-janeiro\/\"},\"author\":{\"name\":\"Paulo Bilynskyj\",\"@id\":\"https:\/\/www.estrategiaconcursos.com.br\/blog\/#\/schema\/person\/a630b15e36f45b4c21fed01219843cb5\"},\"headline\":\"Publica\u00e7\u00e3o do edital concurso Guarda Nova Igua\u00e7u em Janeiro!\",\"datePublished\":\"2019-12-11T16:32:19+00:00\",\"dateModified\":\"2019-12-11T16:36:53+00:00\",\"mainEntityOfPage\":{\"@id\":\"https:\/\/www.estrategiaconcursos.com.br\/blog\/publicacao-do-edital-concurso-guarda-nova-iguacu-em-janeiro\/\"},\"wordCount\":291,\"commentCount\":0,\"publisher\":{\"@id\":\"https:\/\/www.estrategiaconcursos.com.br\/blog\/#organization\"},\"image\":{\"@id\":\"https:\/\/www.estrategiaconcursos.com.br\/blog\/publicacao-do-edital-concurso-guarda-nova-iguacu-em-janeiro\/#primaryimage\"},\"thumbnailUrl\":\"https:\/\/dhg1h5j42swfq.cloudfront.net\/2019\/12\/11120707\/nova-i.jpg.jpg\",\"articleSection\":[\"Concursos P\u00fablicos\",\"Policial (Agente, Escriv\u00e3o e Investigador)\"],\"inLanguage\":\"pt-BR\",\"potentialAction\":[{\"@type\":\"CommentAction\",\"name\":\"Comment\",\"target\":[\"https:\/\/www.estrategiaconcursos.com.br\/blog\/publicacao-do-edital-concurso-guarda-nova-iguacu-em-janeiro\/#respond\"]}],\"copyrightYear\":\"2019\",\"copyrightHolder\":{\"@id\":\"https:\/\/www.estrategiaconcursos.com.br\/blog\/#organization\"}},{\"@type\":\"WebPage\",\"@id\":\"https:\/\/www.estrategiaconcursos.com.br\/blog\/publicacao-do-edital-concurso-guarda-nova-iguacu-em-janeiro\/\",\"url\":\"https:\/\/www.estrategiaconcursos.com.br\/blog\/publicacao-do-edital-concurso-guarda-nova-iguacu-em-janeiro\/\",\"name\":\"Publica\u00e7\u00e3o do edital concurso Guarda Nova Igua\u00e7u em Janeiro!\",\"isPartOf\":{\"@id\":\"https:\/\/www.estrategiaconcursos.com.br\/blog\/#website\"},\"primaryImageOfPage\":{\"@id\":\"https:\/\/www.estrategiaconcursos.com.br\/blog\/publicacao-do-edital-concurso-guarda-nova-iguacu-em-janeiro\/#primaryimage\"},\"image\":{\"@id\":\"https:\/\/www.estrategiaconcursos.com.br\/blog\/publicacao-do-edital-concurso-guarda-nova-iguacu-em-janeiro\/#primaryimage\"},\"thumbnailUrl\":\"https:\/\/dhg1h5j42swfq.cloudfront.net\/2019\/12\/11120707\/nova-i.jpg.jpg\",\"datePublished\":\"2019-12-11T16:32:19+00:00\",\"dateModified\":\"2019-12-11T16:36:53+00:00\",\"breadcrumb\":{\"@id\":\"https:\/\/www.estrategiaconcursos.com.br\/blog\/publicacao-do-edital-concurso-guarda-nova-iguacu-em-janeiro\/#breadcrumb\"},\"inLanguage\":\"pt-BR\",\"potentialAction\":[{\"@type\":\"ReadAction\",\"target\":[\"https:\/\/www.estrategiaconcursos.com.br\/blog\/publicacao-do-edital-concurso-guarda-nova-iguacu-em-janeiro\/\"]}]},{\"@type\":\"ImageObject\",\"inLanguage\":\"pt-BR\",\"@id\":\"https:\/\/www.estrategiaconcursos.com.br\/blog\/publicacao-do-edital-concurso-guarda-nova-iguacu-em-janeiro\/#primaryimage\",\"url\":\"https:\/\/dhg1h5j42swfq.cloudfront.net\/2019\/12\/11120707\/nova-i.jpg.jpg\",\"contentUrl\":\"https:\/\/dhg1h5j42swfq.cloudfront.net\/2019\/12\/11120707\/nova-i.jpg.jpg\",\"width\":1153,\"height\":605,\"caption\":\"concurso guarda nova igua\u00e7u\"},{\"@type\":\"BreadcrumbList\",\"@id\":\"https:\/\/www.estrategiaconcursos.com.br\/blog\/publicacao-do-edital-concurso-guarda-nova-iguacu-em-janeiro\/#breadcrumb\",\"itemListElement\":[{\"@type\":\"ListItem\",\"position\":1,\"name\":\"In\u00edcio\",\"item\":\"https:\/\/www.estrategiaconcursos.com.br\/blog\/\"},{\"@type\":\"ListItem\",\"position\":2,\"name\":\"Publica\u00e7\u00e3o do edital concurso Guarda Nova Igua\u00e7u em Janeiro!\"}]},{\"@type\":\"WebSite\",\"@id\":\"https:\/\/www.estrategiaconcursos.com.br\/blog\/#website\",\"url\":\"https:\/\/www.estrategiaconcursos.com.br\/blog\/\",\"name\":\"Estrat\u00e9gia Concursos\",\"description\":\"O blog da Estrat\u00e9gia Concursos traz not\u00edcias sobre concursos e artigos de professores oferecendo cursos para concursos (pdf + videaulas) no site.\",\"publisher\":{\"@id\":\"https:\/\/www.estrategiaconcursos.com.br\/blog\/#organization\"},\"potentialAction\":[{\"@type\":\"SearchAction\",\"target\":{\"@type\":\"EntryPoint\",\"urlTemplate\":\"https:\/\/www.estrategiaconcursos.com.br\/blog\/?s={search_term_string}\"},\"query-input\":{\"@type\":\"PropertyValueSpecification\",\"valueRequired\":true,\"valueName\":\"search_term_string\"}}],\"inLanguage\":\"pt-BR\"},{\"@type\":\"Organization\",\"@id\":\"https:\/\/www.estrategiaconcursos.com.br\/blog\/#organization\",\"name\":\"Estrat\u00e9gia Concursos\",\"url\":\"https:\/\/www.estrategiaconcursos.com.br\/blog\/\",\"logo\":{\"@type\":\"ImageObject\",\"inLanguage\":\"pt-BR\",\"@id\":\"https:\/\/www.estrategiaconcursos.com.br\/blog\/#\/schema\/logo\/image\/\",\"url\":\"https:\/\/dhg1h5j42swfq.cloudfront.net\/2025\/06\/03203428\/logo_concursos-1.jpg\",\"contentUrl\":\"https:\/\/dhg1h5j42swfq.cloudfront.net\/2025\/06\/03203428\/logo_concursos-1.jpg\",\"width\":230,\"height\":60,\"caption\":\"Estrat\u00e9gia Concursos\"},\"image\":{\"@id\":\"https:\/\/www.estrategiaconcursos.com.br\/blog\/#\/schema\/logo\/image\/\"},\"sameAs\":[\"https:\/\/x.com\/EstratConcursos\"]},{\"@type\":\"Person\",\"@id\":\"https:\/\/www.estrategiaconcursos.com.br\/blog\/#\/schema\/person\/a630b15e36f45b4c21fed01219843cb5\",\"name\":\"Paulo Bilynskyj\",\"image\":{\"@type\":\"ImageObject\",\"inLanguage\":\"pt-BR\",\"@id\":\"https:\/\/secure.gravatar.com\/avatar\/37e21f70c9042e7456beffdc6d31fe051f3f6dcbf252f69343a791b144852057?s=96&d=mm&r=g\",\"url\":\"https:\/\/secure.gravatar.com\/avatar\/37e21f70c9042e7456beffdc6d31fe051f3f6dcbf252f69343a791b144852057?s=96&d=mm&r=g\",\"contentUrl\":\"https:\/\/secure.gravatar.com\/avatar\/37e21f70c9042e7456beffdc6d31fe051f3f6dcbf252f69343a791b144852057?s=96&d=mm&r=g\",\"caption\":\"Paulo Bilynskyj\"},\"url\":\"https:\/\/www.estrategiaconcursos.com.br\/blog\/author\/pbilynskyjgmail-com\/\"}]}<\/script>\n<!-- \/ Yoast SEO Premium plugin. -->","yoast_head_json":{"title":"Publica\u00e7\u00e3o do edital concurso Guarda Nova Igua\u00e7u em Janeiro!","robots":{"index":"index","follow":"follow","max-snippet":"max-snippet:-1","max-image-preview":"max-image-preview:large","max-video-preview":"max-video-preview:-1"},"canonical":"https:\/\/www.estrategiaconcursos.com.br\/blog\/publicacao-do-edital-concurso-guarda-nova-iguacu-em-janeiro\/","og_locale":"pt_BR","og_type":"article","og_title":"Publica\u00e7\u00e3o do edital concurso Guarda Nova Igua\u00e7u em Janeiro!","og_description":"Foi publicada nesta ter\u00e7a-feira, 11 de dezembro, a errata do processo de licita\u00e7\u00e3o para escolha da banca organizadora do concurso Guarda Nova Igua\u00e7u (RJ). Foram escolhidas novas datas para o preg\u00e3o eletr\u00f4nico e para publica\u00e7\u00e3o do edital que ser\u00e1 no come\u00e7o de janeiro de 2020. Com as inscri\u00e7\u00f5es no certame come\u00e7ando no dia 02 de [&hellip;]","og_url":"https:\/\/www.estrategiaconcursos.com.br\/blog\/publicacao-do-edital-concurso-guarda-nova-iguacu-em-janeiro\/","og_site_name":"Estrat\u00e9gia Concursos","article_published_time":"2019-12-11T16:32:19+00:00","article_modified_time":"2019-12-11T16:36:53+00:00","og_image":[{"width":1153,"height":605,"url":"https:\/\/dhg1h5j42swfq.cloudfront.net\/2019\/12\/11120707\/nova-i.jpg.jpg","type":"image\/jpeg"}],"author":"Paulo Bilynskyj","twitter_card":"summary_large_image","twitter_creator":"@EstratConcursos","twitter_site":"@EstratConcursos","twitter_misc":{"Escrito por":"Paulo Bilynskyj","Est. tempo de leitura":"1 minuto"},"schema":{"@context":"https:\/\/schema.org","@graph":[{"@type":"NewsArticle","@id":"https:\/\/www.estrategiaconcursos.com.br\/blog\/publicacao-do-edital-concurso-guarda-nova-iguacu-em-janeiro\/#article","isPartOf":{"@id":"https:\/\/www.estrategiaconcursos.com.br\/blog\/publicacao-do-edital-concurso-guarda-nova-iguacu-em-janeiro\/"},"author":{"name":"Paulo Bilynskyj","@id":"https:\/\/www.estrategiaconcursos.com.br\/blog\/#\/schema\/person\/a630b15e36f45b4c21fed01219843cb5"},"headline":"Publica\u00e7\u00e3o do edital concurso Guarda Nova Igua\u00e7u em Janeiro!","datePublished":"2019-12-11T16:32:19+00:00","dateModified":"2019-12-11T16:36:53+00:00","mainEntityOfPage":{"@id":"https:\/\/www.estrategiaconcursos.com.br\/blog\/publicacao-do-edital-concurso-guarda-nova-iguacu-em-janeiro\/"},"wordCount":291,"commentCount":0,"publisher":{"@id":"https:\/\/www.estrategiaconcursos.com.br\/blog\/#organization"},"image":{"@id":"https:\/\/www.estrategiaconcursos.com.br\/blog\/publicacao-do-edital-concurso-guarda-nova-iguacu-em-janeiro\/#primaryimage"},"thumbnailUrl":"https:\/\/dhg1h5j42swfq.cloudfront.net\/2019\/12\/11120707\/nova-i.jpg.jpg","articleSection":["Concursos P\u00fablicos","Policial (Agente, Escriv\u00e3o e Investigador)"],"inLanguage":"pt-BR","potentialAction":[{"@type":"CommentAction","name":"Comment","target":["https:\/\/www.estrategiaconcursos.com.br\/blog\/publicacao-do-edital-concurso-guarda-nova-iguacu-em-janeiro\/#respond"]}],"copyrightYear":"2019","copyrightHolder":{"@id":"https:\/\/www.estrategiaconcursos.com.br\/blog\/#organization"}},{"@type":"WebPage","@id":"https:\/\/www.estrategiaconcursos.com.br\/blog\/publicacao-do-edital-concurso-guarda-nova-iguacu-em-janeiro\/","url":"https:\/\/www.estrategiaconcursos.com.br\/blog\/publicacao-do-edital-concurso-guarda-nova-iguacu-em-janeiro\/","name":"Publica\u00e7\u00e3o do edital concurso Guarda Nova Igua\u00e7u em Janeiro!","isPartOf":{"@id":"https:\/\/www.estrategiaconcursos.com.br\/blog\/#website"},"primaryImageOfPage":{"@id":"https:\/\/www.estrategiaconcursos.com.br\/blog\/publicacao-do-edital-concurso-guarda-nova-iguacu-em-janeiro\/#primaryimage"},"image":{"@id":"https:\/\/www.estrategiaconcursos.com.br\/blog\/publicacao-do-edital-concurso-guarda-nova-iguacu-em-janeiro\/#primaryimage"},"thumbnailUrl":"https:\/\/dhg1h5j42swfq.cloudfront.net\/2019\/12\/11120707\/nova-i.jpg.jpg","datePublished":"2019-12-11T16:32:19+00:00","dateModified":"2019-12-11T16:36:53+00:00","breadcrumb":{"@id":"https:\/\/www.estrategiaconcursos.com.br\/blog\/publicacao-do-edital-concurso-guarda-nova-iguacu-em-janeiro\/#breadcrumb"},"inLanguage":"pt-BR","potentialAction":[{"@type":"ReadAction","target":["https:\/\/www.estrategiaconcursos.com.br\/blog\/publicacao-do-edital-concurso-guarda-nova-iguacu-em-janeiro\/"]}]},{"@type":"ImageObject","inLanguage":"pt-BR","@id":"https:\/\/www.estrategiaconcursos.com.br\/blog\/publicacao-do-edital-concurso-guarda-nova-iguacu-em-janeiro\/#primaryimage","url":"https:\/\/dhg1h5j42swfq.cloudfront.net\/2019\/12\/11120707\/nova-i.jpg.jpg","contentUrl":"https:\/\/dhg1h5j42swfq.cloudfront.net\/2019\/12\/11120707\/nova-i.jpg.jpg","width":1153,"height":605,"caption":"concurso guarda nova igua\u00e7u"},{"@type":"BreadcrumbList","@id":"https:\/\/www.estrategiaconcursos.com.br\/blog\/publicacao-do-edital-concurso-guarda-nova-iguacu-em-janeiro\/#breadcrumb","itemListElement":[{"@type":"ListItem","position":1,"name":"In\u00edcio","item":"https:\/\/www.estrategiaconcursos.com.br\/blog\/"},{"@type":"ListItem","position":2,"name":"Publica\u00e7\u00e3o do edital concurso Guarda Nova Igua\u00e7u em Janeiro!"}]},{"@type":"WebSite","@id":"https:\/\/www.estrategiaconcursos.com.br\/blog\/#website","url":"https:\/\/www.estrategiaconcursos.com.br\/blog\/","name":"Estrat\u00e9gia Concursos","description":"O blog da Estrat\u00e9gia Concursos traz not\u00edcias sobre concursos e artigos de professores oferecendo cursos para concursos (pdf + videaulas) no site.","publisher":{"@id":"https:\/\/www.estrategiaconcursos.com.br\/blog\/#organization"},"potentialAction":[{"@type":"SearchAction","target":{"@type":"EntryPoint","urlTemplate":"https:\/\/www.estrategiaconcursos.com.br\/blog\/?s={search_term_string}"},"query-input":{"@type":"PropertyValueSpecification","valueRequired":true,"valueName":"search_term_string"}}],"inLanguage":"pt-BR"},{"@type":"Organization","@id":"https:\/\/www.estrategiaconcursos.com.br\/blog\/#organization","name":"Estrat\u00e9gia Concursos","url":"https:\/\/www.estrategiaconcursos.com.br\/blog\/","logo":{"@type":"ImageObject","inLanguage":"pt-BR","@id":"https:\/\/www.estrategiaconcursos.com.br\/blog\/#\/schema\/logo\/image\/","url":"https:\/\/dhg1h5j42swfq.cloudfront.net\/2025\/06\/03203428\/logo_concursos-1.jpg","contentUrl":"https:\/\/dhg1h5j42swfq.cloudfront.net\/2025\/06\/03203428\/logo_concursos-1.jpg","width":230,"height":60,"caption":"Estrat\u00e9gia Concursos"},"image":{"@id":"https:\/\/www.estrategiaconcursos.com.br\/blog\/#\/schema\/logo\/image\/"},"sameAs":["https:\/\/x.com\/EstratConcursos"]},{"@type":"Person","@id":"https:\/\/www.estrategiaconcursos.com.br\/blog\/#\/schema\/person\/a630b15e36f45b4c21fed01219843cb5","name":"Paulo Bilynskyj","image":{"@type":"ImageObject","inLanguage":"pt-BR","@id":"https:\/\/secure.gravatar.com\/avatar\/37e21f70c9042e7456beffdc6d31fe051f3f6dcbf252f69343a791b144852057?s=96&d=mm&r=g","url":"https:\/\/secure.gravatar.com\/avatar\/37e21f70c9042e7456beffdc6d31fe051f3f6dcbf252f69343a791b144852057?s=96&d=mm&r=g","contentUrl":"https:\/\/secure.gravatar.com\/avatar\/37e21f70c9042e7456beffdc6d31fe051f3f6dcbf252f69343a791b144852057?s=96&d=mm&r=g","caption":"Paulo Bilynskyj"},"url":"https:\/\/www.estrategiaconcursos.com.br\/blog\/author\/pbilynskyjgmail-com\/"}]}},"_links":{"self":[{"href":"https:\/\/www.estrategiaconcursos.com.br\/blog\/wp-json\/wp\/v2\/posts\/458998","targetHints":{"allow":["GET"]}}],"collection":[{"href":"https:\/\/www.estrategiaconcursos.com.br\/blog\/wp-json\/wp\/v2\/posts"}],"about":[{"href":"https:\/\/www.estrategiaconcursos.com.br\/blog\/wp-json\/wp\/v2\/types\/post"}],"author":[{"embeddable":true,"href":"https:\/\/www.estrategiaconcursos.com.br\/blog\/wp-json\/wp\/v2\/users\/552"}],"replies":[{"embeddable":true,"href":"https:\/\/www.estrategiaconcursos.com.br\/blog\/wp-json\/wp\/v2\/comments?post=458998"}],"version-history":[{"count":3,"href":"https:\/\/www.estrategiaconcursos.com.br\/blog\/wp-json\/wp\/v2\/posts\/458998\/revisions"}],"predecessor-version":[{"id":459022,"href":"https:\/\/www.estrategiaconcursos.com.br\/blog\/wp-json\/wp\/v2\/posts\/458998\/revisions\/459022"}],"wp:featuredmedia":[{"embeddable":true,"href":"https:\/\/www.estrategiaconcursos.com.br\/blog\/wp-json\/wp\/v2\/media\/458974"}],"wp:attachment":[{"href":"https:\/\/www.estrategiaconcursos.com.br\/blog\/wp-json\/wp\/v2\/media?parent=458998"}],"wp:term":[{"taxonomy":"category","embeddable":true,"href":"https:\/\/www.estrategiaconcursos.com.br\/blog\/wp-json\/wp\/v2\/categories?post=458998"},{"taxonomy":"post_tag","embeddable":true,"href":"https:\/\/www.estrategiaconcursos.com.br\/blog\/wp-json\/wp\/v2\/tags?post=458998"},{"taxonomy":"tax_estado","embeddable":true,"href":"https:\/\/www.estrategiaconcursos.com.br\/blog\/wp-json\/wp\/v2\/tax_estado?post=458998"}],"curies":[{"name":"wp","href":"https:\/\/api.w.org\/{rel}","templated":true}]}}