{"id":45898,"date":"2026-03-03T05:07:00","date_gmt":"2026-03-03T08:07:00","guid":{"rendered":"https:\/\/www.estrategiaconcursos.com.br\/blog\/?p=45898"},"modified":"2026-03-20T13:44:46","modified_gmt":"2026-03-20T16:44:46","slug":"concurso-trf-4","status":"publish","type":"post","link":"https:\/\/www.estrategiaconcursos.com.br\/blog\/concurso-trf-4\/","title":{"rendered":"Concurso TRF 4: resultado homologado; ganhe at\u00e9 R$ 16 mil!"},"content":{"rendered":"\n<p class=\"has-large-font-size\"><strong><em>Edital do Concurso TRF 4 ofertou vagas em CR para T\u00e9cnico e Analista; resultados j\u00e1 dispon\u00edveis! Confira os detalhes<\/em><\/strong><\/p>\n\n\n<p><center><a id=\"cta-icon\" href=\"https:\/\/sndflw.com\/i\/trf4-grupo\" target=\"_blank\" style=\"background:#29a61a; display:inline-flex; align-items:center; padding:10px 15px; border-radius:6px; color:#fff; text-decoration:none; font-weight:500; font-size:15px;\"><img decoding=\"async\" src=\"https:\/\/dhg1h5j42swfq.cloudfront.net\/2023\/12\/07154107\/whatsapp_13851.png\" alt=\"\" style=\"width:20px; height:20px; margin-right:8px;\"><span>Acesse agora o Grupo de Estudos para o Concurso TRF 4<\/span><\/a><\/center><\/p>\n\n\n\n<p>Os candidatos do concurso concurso <strong>TRF 4<\/strong>\u00a0<strong>(<a href=\"https:\/\/www.estrategiaconcursos.com.br\/cursosPorConcurso\/trf-4-regiao\/\" target=\"_blank\" rel=\"noreferrer noopener\">Tribunal Regional Federal da 4\u00aa Regi\u00e3o<\/a>)<\/strong> j\u00e1 podem conferir o <strong>resultado final e a homologa\u00e7\u00e3o da sele\u00e7\u00e3o.<\/strong><\/p>\n\n\n\n<ul class=\"wp-block-list\">\n<li><strong><a href=\"https:\/\/dhg1h5j42swfq.cloudfront.net\/2025\/12\/02055341\/edital-no-5-de-27-de-fevereiro-de-2026-edital-no-5-de-27-de-fevereiro-de-2026-dou-imprensa-nacional.pdf\" target=\"_blank\" rel=\"noreferrer noopener nofollow\">Resultado final TRF 4<\/a><\/strong><\/li>\n<\/ul>\n\n\n\n<p>Ademais, importante destacar que com a san\u00e7\u00e3o da <strong>Lei 15293\/25<\/strong> pelo governo federal, os servidores aprovados contar\u00e3o com uma atualiza\u00e7\u00e3o salarial a partir de <strong>julho de 2026<\/strong>.<\/p>\n\n\n\n<p>O novo dispositivo legal prev\u00ea um <strong>reajuste de 8%<\/strong> sobre os vencimentos da Justi\u00e7a Federal. Dessa forma, os novos valores para a remunera\u00e7\u00e3o inicial ser\u00e3o estabelecidos da seguinte maneira:<\/p>\n\n\n\n<p>\u2022 <strong>T\u00e9cnico Judici\u00e1rio:<\/strong> R$ 9.776,74; e<\/p>\n\n\n\n<p>\u2022 <strong>Analista Judici\u00e1rio:<\/strong> R$ 16.041,21.<\/p>\n\n\n\n<p>Veja os detalhes ao longo do artigo!<\/p>\n\n\n\n<ul id=\"block-ee678516-e9d1-48bd-b327-7b9acd55f0fd\" class=\"wp-block-list has-pale-cyan-blue-background-color has-background\">\n<li><strong>Concurso TRF<\/strong> <strong>4<\/strong><\/li>\n\n\n\n<li><strong>Status:<\/strong> resultado homologado<\/li>\n\n\n\n<li><strong>Banca:&nbsp;<\/strong><a href=\"https:\/\/www.concursosfcc.com.br\/index.html\" target=\"_blank\" rel=\"noreferrer noopener\">FCC<\/a><\/li>\n\n\n\n<li><strong>Vagas:&nbsp;<\/strong>CR<\/li>\n\n\n\n<li><strong>Sal\u00e1rios a partir de Jul. de 2026:&nbsp;<\/strong>R$ 9.776,74 (T\u00e9cnico) | R$ 16.041,21 (Analista)<\/li>\n\n\n\n<li><strong>Edital: <\/strong><a href=\"https:\/\/dhg1h5j42swfq.cloudfront.net\/2025\/04\/08172522\/de_adm_ext_20250408143534_2025_04_08_a-1.pdf\" target=\"_blank\" rel=\"noreferrer noopener nofollow\">TRF 4 2025<\/a><\/li>\n<\/ul>\n\n\n\n<p>Neste artigo voc\u00ea confere todos os detalhes do edital TRF 4, acompanhe pelos t\u00f3picos abaixo:<\/p>\n\n\n\n<ul class=\"wp-block-list\">\n<li><strong><a href=\"#atual\">Situa\u00e7\u00e3o atual do concurso TRF4 2025<\/a><\/strong>\n<ul class=\"wp-block-list\">\n<li><a href=\"#cargos-e-vagas\">Cargos e Requisitos<\/a><\/li>\n\n\n\n<li><a href=\"#trf4-etapas-e-provas\">Provas e etapas<\/a>\n<ul class=\"wp-block-list\">\n<li><a href=\"#objetiva\">Prova objetiva<\/a><\/li>\n\n\n\n<li><a href=\"#locais\">Locais de prova<\/a><\/li>\n\n\n\n<li><a href=\"#taf\">TAF<\/a><\/li>\n<\/ul>\n<\/li>\n\n\n\n<li><a href=\"#h-resultados\">Resultados<\/a><\/li>\n<\/ul>\n<\/li>\n\n\n\n<li><a href=\"#carreira\"><strong>Carreira<\/strong><\/a>\n<ul class=\"wp-block-list\">\n<li><span style=\"text-decoration: underline;\"><a href=\"#cargos-remuneracao\">Cargos e Sal\u00e1rios<\/a><\/span><\/li>\n\n\n\n<li><a href=\"https:\/\/www.estrategiaconcursos.com.br\/blog\/wp-admin\/post.php?action=edit&amp;post=45898#vacancias\">Cargos vagos<\/a><\/li>\n\n\n\n<li><a href=\"#escolaridade\">Altera\u00e7\u00e3o de escolaridade<\/a><\/li>\n<\/ul>\n<\/li>\n\n\n\n<li><strong><span style=\"text-decoration: underline;\"><a href=\"#etapas-concurso\">\u00daltimo concurso &#8211; 2019<\/a><\/span> <\/strong>\n<ul class=\"wp-block-list\">\n<li><a href=\"#resultados\">Resultados<\/a><\/li>\n\n\n\n<li><a href=\"#concorrencia\">Concorr\u00eancia<\/a><\/li>\n<\/ul>\n<\/li>\n\n\n\n<li><strong><a href=\"#cursos-assinatura\">Cursos e Assinaturas<\/a><\/strong><\/li>\n\n\n\n<li><strong><a href=\"#ficha-tecnica\">Ficha t\u00e9cnica<\/a><\/strong><\/li>\n<\/ul>\n\n\n\n<h2 class=\"wp-block-heading\" id=\"atual\">Concurso TRF 4: situa\u00e7\u00e3o atual<\/h2>\n\n\n\n<p>O edital foi publicado em 2025 e abaixo voc\u00ea confere a divis\u00e3o das oportunidades por cargo, lembrando que todas vagas foram para forma\u00e7\u00e3o de cadastro de reserva:<\/p>\n\n\n\n<h3 class=\"wp-block-heading\" id=\"h-cargos-e-vagas\">Cargos e vagas<\/h3>\n\n\n\n<h4 class=\"wp-block-heading\" id=\"h-analista-judiciario\">Analista Judici\u00e1rio<\/h4>\n\n\n\n<figure class=\"wp-block-table is-style-stripes\"><table class=\"has-background has-fixed-layout\" style=\"background-color:#0792e3b0\"><thead><tr><th class=\"has-text-align-center\" data-align=\"center\">Cargo<\/th><th class=\"has-text-align-center\" data-align=\"center\">Vagas<\/th><th class=\"has-text-align-center\" data-align=\"center\">Requisitos<\/th><\/tr><\/thead><tbody><tr><td class=\"has-text-align-center\" data-align=\"center\">Analista Judici\u00e1rio &#8211; \u00c1rea Judici\u00e1ria<\/td><td class=\"has-text-align-center\" data-align=\"center\">CR<\/td><td class=\"has-text-align-center\" data-align=\"center\">Diploma ou Certificado, devidamente registrado, de conclus\u00e3o de curso<br \/>superior em Direito<\/td><\/tr><tr><td class=\"has-text-align-center\" data-align=\"center\">Analista Judici\u00e1rio &#8211; Oficial de Justi\u00e7a Avaliador Federal<\/td><td class=\"has-text-align-center\" data-align=\"center\">CR<\/td><td class=\"has-text-align-center\" data-align=\"center\">Diploma ou Certificado, devidamente registrado, de conclus\u00e3o de curso<br \/>superior em Direito<\/td><\/tr><tr><td class=\"has-text-align-center\" data-align=\"center\">Analista Judici\u00e1rio &#8211; An\u00e1lise de Sistemas de<br \/>Informa\u00e7\u00e3o<br \/>Analista Judici\u00e1rio &#8211; Governan\u00e7a e Gest\u00e3o de<br \/>Tecnologia da Informa\u00e7\u00e3o<br \/>Analista Judici\u00e1rio &#8211; Seguran\u00e7a da Informa\u00e7\u00e3o<br \/>Analista Judici\u00e1rio &#8211; Suporte em Tecnologia da Informa\u00e7\u00e3o<\/td><td class=\"has-text-align-center\" data-align=\"center\">CR<\/td><td class=\"has-text-align-center\" data-align=\"center\">Diploma ou Certificado devidamente registrado, de conclus\u00e3o de curso<br \/>superior de gradua\u00e7\u00e3o na \u00e1rea de Tecnologia da Informa\u00e7\u00e3o; ou n\u00edvel superior em qualquer \u00e1rea de forma\u00e7\u00e3o, acrescido de<br \/>curso de p\u00f3s-gradua\u00e7\u00e3o em \u00e1rea de Tecnologia da Informa\u00e7\u00e3o, com no<br \/>m\u00ednimo 360 horas, ambos fornecidos por institui\u00e7\u00e3o de ensino superior<br \/>reconhecida pelo Minist\u00e9rio da Educa\u00e7\u00e3o<\/td><\/tr><tr><td class=\"has-text-align-center\" data-align=\"center\">Analista Judici\u00e1rio &#8211; Contabilidade<\/td><td class=\"has-text-align-center\" data-align=\"center\">CR<\/td><td class=\"has-text-align-center\" data-align=\"center\">Diploma ou Certificado devidamente registrado, de conclus\u00e3o de curso<br \/>superior de gradua\u00e7\u00e3o em Ci\u00eancias Cont\u00e1beis  e com<br \/>registro no \u00f3rg\u00e3o de classe competente.<\/td><\/tr><tr><td class=\"has-text-align-center\" data-align=\"center\">Analista Judici\u00e1rio  &#8211; Engenharia Mec\u00e2nica<\/td><td class=\"has-text-align-center\" data-align=\"center\">CR<\/td><td class=\"has-text-align-center\" data-align=\"center\">Diploma ou Certificado devidamente registrado, de conclus\u00e3o de curso<br \/>superior de gradua\u00e7\u00e3o em Engenharia Mec\u00e2nica  e com<br \/>registro no \u00f3rg\u00e3o de classe competente.<\/td><\/tr><tr><td class=\"has-text-align-center\" data-align=\"center\">Analista Judici\u00e1rio  &#8211; Engenharia Civil<\/td><td class=\"has-text-align-center\" data-align=\"center\">CR<\/td><td class=\"has-text-align-center\" data-align=\"center\">Diploma ou Certificado devidamente registrado, de conclus\u00e3o de curso<br \/>superior de gradua\u00e7\u00e3o em Engenharia Civil  e com<br \/>registro no \u00f3rg\u00e3o de classe competente.<\/td><\/tr><tr><td class=\"has-text-align-center\" data-align=\"center\">Analista Judici\u00e1rio  &#8211; Engenharia El\u00e9trica<\/td><td class=\"has-text-align-center\" data-align=\"center\">CR<\/td><td class=\"has-text-align-center\" data-align=\"center\">Diploma ou Certificado devidamente registrado, de conclus\u00e3o de curso<br \/>superior de gradua\u00e7\u00e3o em Engenharia El\u00e9trica  e com<br \/>registro no \u00f3rg\u00e3o de classe competente.<\/td><\/tr><tr><td class=\"has-text-align-center\" data-align=\"center\">Analista Judici\u00e1rio &#8211; Psicologia<\/td><td class=\"has-text-align-center\" data-align=\"center\">CR<\/td><td class=\"has-text-align-center\" data-align=\"center\">Diploma ou Certificado devidamente registrado, de conclus\u00e3o de curso<br \/>superior de gradua\u00e7\u00e3o em Psicologia  e com registro<br \/>no \u00f3rg\u00e3o de classe competente<\/td><\/tr><tr><td class=\"has-text-align-center\" data-align=\"center\">Analista Judici\u00e1rio &#8211; Medicina &#8211; Medicina do Trabalho e Cardiologia<\/td><td class=\"has-text-align-center\" data-align=\"center\">CR<\/td><td class=\"has-text-align-center\" data-align=\"center\">Diploma ou Certificado devidamente registrado, de conclus\u00e3o de curso<br \/>superior de gradua\u00e7\u00e3o em Medicina; resid\u00eancia na \u00e1rea especializada<br \/>credenciada pelo MEC &#8211; Minist\u00e9rio da Educa\u00e7\u00e3o ou t\u00edtulo de especialista<br \/>em Medicina do Trabalho emitido pela Associa\u00e7\u00e3o M\u00e9dica Brasileira, com<br \/>carga hor\u00e1ria m\u00ednima de 360 horas, em institui\u00e7\u00e3o de ensino superior<br \/>reconhecida pelo Minist\u00e9rio da Educa\u00e7\u00e3o e com registro no \u00f3rg\u00e3o de<br \/>classe competente<\/td><\/tr><tr><td class=\"has-text-align-center\" data-align=\"center\">Analista Judici\u00e1rio &#8211; Enfermagem<\/td><td class=\"has-text-align-center\" data-align=\"center\">CR<\/td><td class=\"has-text-align-center\" data-align=\"center\">Diploma ou Certificado devidamente registrado, de conclus\u00e3o de curso<br \/>superior de gradua\u00e7\u00e3o em Enfermagem  e com registro<br \/>no \u00f3rg\u00e3o de classe competente.<\/td><\/tr><tr><td class=\"has-text-align-center\" data-align=\"center\">Analista Judici\u00e1rio &#8211; Servi\u00e7o Social<\/td><td class=\"has-text-align-center\" data-align=\"center\">CR<\/td><td class=\"has-text-align-center\" data-align=\"center\">Diploma ou Certificado devidamente registrado, de conclus\u00e3o de curso<br \/>superior de gradua\u00e7\u00e3o em Servi\u00e7o Social  e com<br \/>registro no \u00f3rg\u00e3o de classe competente<\/td><\/tr><tr><td class=\"has-text-align-center\" data-align=\"center\">Analista Judici\u00e1rio &#8211; Arquitetura<\/td><td class=\"has-text-align-center\" data-align=\"center\">CR<\/td><td class=\"has-text-align-center\" data-align=\"center\">Diploma ou Certificado devidamente registrado, de conclus\u00e3o de curso<br \/>superior de gradua\u00e7\u00e3o em Arquitetura  e com registro<br \/>no \u00f3rg\u00e3o de classe competente<\/td><\/tr><tr><td class=\"has-text-align-center\" data-align=\"center\">Analista Judici\u00e1rio &#8211; Biblioteconomia<\/td><td class=\"has-text-align-center\" data-align=\"center\">CR<\/td><td class=\"has-text-align-center\" data-align=\"center\">Diploma ou Certificado devidamente registrado, de conclus\u00e3o de curso<br \/>superior de gradua\u00e7\u00e3o em Biblioteconomia  e com<br \/>registro no \u00f3rg\u00e3o de classe competente<\/td><\/tr><\/tbody><\/table><\/figure>\n\n\n\n<h4 class=\"wp-block-heading\" id=\"h-tecnico-judiciario\">T\u00e9cnico Judici\u00e1rio<\/h4>\n\n\n\n<figure class=\"wp-block-table is-style-stripes\"><table class=\"has-pale-cyan-blue-background-color has-background has-fixed-layout\"><thead><tr><th class=\"has-text-align-center\" data-align=\"center\"><strong>Cargo<\/strong><\/th><th class=\"has-text-align-center\" data-align=\"center\">Vagas<\/th><th class=\"has-text-align-center\" data-align=\"center\"><strong>Requisitos<\/strong><\/th><\/tr><\/thead><tbody><tr><td class=\"has-text-align-center\" data-align=\"center\">Administrativa<\/td><td class=\"has-text-align-center\" data-align=\"center\">CR<\/td><td class=\"has-text-align-center\" data-align=\"center\">Diploma ou Certificado devidamente registrado, de conclus\u00e3o de curso<br \/>superior de gradua\u00e7\u00e3o em qualquer \u00e1rea de forma\u00e7\u00e3o acad\u00eamica<\/td><\/tr><tr><td class=\"has-text-align-center\" data-align=\"center\">Agente da Pol\u00edcia Judicial<\/td><td class=\"has-text-align-center\" data-align=\"center\">CR<\/td><td class=\"has-text-align-center\" data-align=\"center\">Diploma ou Certificado devidamente registrado, de conclus\u00e3o de curso<br \/>superior de gradua\u00e7\u00e3o em qualquer \u00e1rea de forma\u00e7\u00e3o acad\u00eamica<br \/>+ Carteira Nacional de Habilita\u00e7\u00e3o (CNH) \u2013 no<br \/>m\u00ednimo, categoria \u201cB\u201d<\/td><\/tr><tr><td class=\"has-text-align-center\" data-align=\"center\">Desenvolvimento de Sistemas de<br \/>Informa\u00e7\u00e3o<\/td><td class=\"has-text-align-center\" data-align=\"center\">CR<\/td><td class=\"has-text-align-center\" data-align=\"center\">Diploma ou Certificado devidamente registrado, de conclus\u00e3o de curso<br \/>superior de gradua\u00e7\u00e3o em qualquer \u00e1rea de forma\u00e7\u00e3o acad\u00eamica<br \/> e habilita\u00e7\u00e3o espec\u00edfica em cursos de<br \/>desenvolvimento de software, que somados apresentem carga hor\u00e1ria<br \/>m\u00ednima de 120 horas\/aula<\/td><\/tr><tr><td class=\"has-text-align-center\" data-align=\"center\">Suporte T\u00e9cnico<\/td><td class=\"has-text-align-center\" data-align=\"center\">CR<\/td><td class=\"has-text-align-center\" data-align=\"center\">Diploma ou Certificado devidamente registrado, de conclus\u00e3o de curso<br \/>superior de gradua\u00e7\u00e3o em qualquer \u00e1rea de forma\u00e7\u00e3o acad\u00eamica<br \/>e habilita\u00e7\u00e3o espec\u00edfica em cursos de<br \/>Tecnologia da Informa\u00e7\u00e3o em qualquer das seguintes \u00e1reas:<br \/>tecnologias de rede, banco de dados, sistemas operacionais,<br \/>seguran\u00e7a da informa\u00e7\u00e3o, tecnologias de colabora\u00e7\u00e3o e<br \/>telecomunica\u00e7\u00f5es, que somados apresentem carga hor\u00e1ria m\u00ednima de<br \/>120 horas\/aula<\/td><\/tr><tr><td class=\"has-text-align-center\" data-align=\"center\">Edifica\u00e7\u00f5es<\/td><td class=\"has-text-align-center\" data-align=\"center\">CR<\/td><td class=\"has-text-align-center\" data-align=\"center\">Diploma ou Certificado devidamente registrado, de conclus\u00e3o de curso<br \/>superior de gradua\u00e7\u00e3o em qualquer \u00e1rea de forma\u00e7\u00e3o acad\u00eamica<br \/> acrescido de Curso T\u00e9cnico em Edifica\u00e7\u00f5es, e<br \/>registro no \u00f3rg\u00e3o de classe competente.<\/td><\/tr><tr><td class=\"has-text-align-center\" data-align=\"center\">Contabilidade<\/td><td class=\"has-text-align-center\" data-align=\"center\">CR<\/td><td class=\"has-text-align-center\" data-align=\"center\">Diploma ou Certificado devidamente registrado, de conclus\u00e3o de curso<br \/>superior de gradua\u00e7\u00e3o em Contabilidade  e<br \/>registro no \u00f3rg\u00e3o de classe competente; ou n\u00edvel superior completo em<br \/>qualquer \u00e1rea de forma\u00e7\u00e3o acad\u00eamica, acrescido de Curso T\u00e9cnico de Contabilidade, e registro no \u00f3rg\u00e3o de classe competente.<\/td><\/tr><\/tbody><\/table><\/figure>\n\n\n\n<h3 class=\"wp-block-heading\" id=\"h-concurso-trf4-etapas-e-provas\">Concurso TRF4: etapas e provas<\/h3>\n\n\n\n<p>Os candidatos foram avaliados a partir da aplica\u00e7\u00e3o de:<\/p>\n\n\n\n<ul class=\"wp-block-list\">\n<li><strong>Prova objetiva<\/strong><\/li>\n\n\n\n<li><strong>Prova discursiva<\/strong> <\/li>\n\n\n\n<li><strong>TAF <\/strong>&#8211; apenas para o cargo de Agente da pol\u00edcia judicial<\/li>\n<\/ul>\n\n\n\n<p>Voc\u00ea pode conferir a estrutura completa das provas de cada cargo logo abaixo:<\/p>\n\n\n\n<h3 class=\"wp-block-heading\" id=\"objetiva\">Prova objetiva <\/h3>\n\n\n\n<h4 class=\"wp-block-heading\" id=\"analista-judiciario-judiciaria\">Analista Judici\u00e1rio &#8211;  Todas especialidades<\/h4>\n\n\n\n<ul class=\"wp-block-list\">\n<li><strong>Conhecimentos Gerais &#8211; <\/strong>20 quest\u00f5es (peso 1)<\/li>\n\n\n\n<li><strong>Conhecimentos Espec\u00edficos &#8211; <\/strong>30 quest\u00f5es (peso 2)<\/li>\n\n\n\n<li><strong>Estudo de caso &#8211; <\/strong>1 quest\u00e3o discursiva (peso 1)<\/li>\n<\/ul>\n\n\n\n<h4 class=\"wp-block-heading\" id=\"tecnico-judiciario-administrativa\">T\u00e9cnico Judici\u00e1rio &#8211; Todas especialidade<\/h4>\n\n\n\n<ul class=\"wp-block-list\">\n<li><strong>Conhecimentos Gerais &#8211; <\/strong>24 quest\u00f5es (peso 1)<\/li>\n\n\n\n<li><strong>Conhecimentos Espec\u00edficos &#8211; <\/strong>26 quest\u00f5es (peso 2)<\/li>\n\n\n\n<li><strong>Reda\u00e7\u00e3o &#8211; <\/strong>1 quest\u00e3o discursiva (peso 1)<\/li>\n<\/ul>\n\n\n\n<h3 class=\"wp-block-heading\" id=\"locais\">Onde foram aplicadas as provas do concurso TRF 4?<\/h3>\n\n\n\n<p>As Provas Objetivas e Discursivas foram realizadas nas seguintes cidades: no Estado do Rio Grande do Sul, em Canoas, Caxias do Sul, Iju\u00ed, Porto Alegre, Santa Maria e Uruguaiana; no Estado de Santa Catarina, em Chapec\u00f3, Florian\u00f3polis, Itaja\u00ed e Rio do Sul; e no Estado do Paran\u00e1, em Cascavel, Curitiba, Guarapuava e Maring\u00e1.<\/p>\n\n\n\n<h3 class=\"wp-block-heading\" id=\"h-prova-fisica-taf\">Prova F\u00edsica &#8211; TAF<\/h3>\n\n\n\n<p>A Prova Pr\u00e1tica de Aptid\u00e3o F\u00edsica, tamb\u00e9m conhecida como <a href=\"https:\/\/www.estrategiaconcursos.com.br\/blog\/preparacao-teste-aptidao-fisica\/\" target=\"_blank\" rel=\"noreferrer noopener\">TAF<\/a>, para o cargo 19 \u2013 T\u00e9cnico Judici\u00e1rio \u2013 \u00c1rea Administrativa \u2013 Especialidade AGENTE DA POL\u00cdCIA JUDICIAL foi realizada, respectivamente, nas cidades de Porto Alegre, Florian\u00f3polis e Curitiba.<\/p>\n\n\n\n<p>A data, hor\u00e1rio e local foram divulgados por meio de edital de Convoca\u00e7\u00e3o Espec\u00edfico. A Prova Pr\u00e1tica de Aptid\u00e3o F\u00edsica consistiu de 4 testes, a saber:<\/p>\n\n\n\n<ul class=\"wp-block-list\">\n<li>TESTE ABDOMINAL (MASCULINO E FEMININO) \u2013 Tempo: em 1 minuto;<\/li>\n\n\n\n<li>TESTE DE FLEX\u00c3O DE BRA\u00c7O NA BARRA FIXA (SOMENTE PARA OS CANDIDATOS DO SEXO MASCULINO);<\/li>\n\n\n\n<li>TESTE EST\u00c1TICO DE BARRA (SOMENTE PARA AS CANDIDATAS DO SEXO FEMININO);<\/li>\n\n\n\n<li>TESTE DE FLEX\u00c3O COM O COTOVELO EM 90\u00ba;<\/li>\n\n\n\n<li>TESTE DE CORRIDA DE 12 MINUTOS (MASCULINO E FEMININO).<\/li>\n<\/ul>\n\n\n\n<p>Veja a <a href=\"https:\/\/www.estrategiaconcursos.com.br\/blog\/concurso-trf-4-veja-a-convocacao-para-o-taf\/\" target=\"_blank\" rel=\"noreferrer noopener\">convoca\u00e7\u00e3o<\/a>!<\/p>\n\n\n\n<h3 class=\"wp-block-heading\" id=\"h-resultados\">Resultados<\/h3>\n\n\n\n<ul class=\"wp-block-list\">\n<li><a href=\"https:\/\/www.concursosfcc.com.br\/rybena\/web\/index.html?file=https:\/\/www.concursosfcc.com.br\/concursos\/trf4r124\/edital_de_resultado_final__site.pdf\">Resultado final;<\/a><\/li>\n\n\n\n<li><a href=\"https:\/\/dhg1h5j42swfq.cloudfront.net\/2026\/03\/20133602\/resolucao_de_homologacao.pdf\">Homologa\u00e7\u00e3o.<\/a><\/li>\n<\/ul>\n\n\n\n<h2 class=\"wp-block-heading\" id=\"carreira\">Carreira no TRF4<\/h2>\n\n\n\n<h3 class=\"wp-block-heading\" id=\"h-salarios-e-adicionais-de-qualificacao-reajustados\">Sal\u00e1rios e adicionais de qualifica\u00e7\u00e3o reajustados<\/h3>\n\n\n\n<p>A Justi\u00e7a Federal teve o&nbsp;<a href=\"https:\/\/www.estrategiaconcursos.com.br\/blog\/lula-sancionou-reajuste-salarial-aos-servidores-para-2026\/\">reajuste salarial de 8%<\/a>&nbsp;para todas as carreiras sancionado pelo governo federal. Com isso, os sal\u00e1rios iniciais podem&nbsp;<strong>chegar a R$&nbsp;16.041,21<\/strong>, al\u00e9m de benef\u00edcios.<\/p>\n\n\n\n<p>O adicional de qualifica\u00e7\u00e3o tamb\u00e9m foi reajustado. Atualmente, um analista em final de carreira pode somar R$ 1.161,52 se tiver doutorado, por exemplo.&nbsp;<\/p>\n\n\n\n<p>Com a mudan\u00e7a, o valor vai para&nbsp;<strong>R$ 3.857,75<\/strong>&nbsp;a partir de 2026, considerando-se o reajuste de 8% a partir do pr\u00f3ximo ano, previsto na&nbsp;Lei 15.293, de 19 de dezembro de 2025.<\/p>\n\n\n\n<p>Tamb\u00e9m a partir de 2026, o mestrado valer\u00e1&nbsp;<strong>R$ 2.700,43 (contra os atuais R$ 929,21)<\/strong>. Essas duas qualifica\u00e7\u00f5es n\u00e3o podem ser acumuladas entre si e absorvem outras de valores menores.<\/p>\n\n\n\n<p>Com o reajuste, os vencimentos b\u00e1sicos iniciais para os cargos ficam com os seguintes valores a partir de julho de 2026:<\/p>\n\n\n\n<ul class=\"wp-block-list\">\n<li><strong>R$ 9.776,74 (T\u00e9cnico)&nbsp;<\/strong><\/li>\n\n\n\n<li><strong>R$ 16.041,21 (Analista)<\/strong><\/li>\n<\/ul>\n\n\n\n<p>Al\u00e9m do vencimento b\u00e1sico atualizado, os aprovados ter\u00e3o direito a benef\u00edcios como&nbsp;<strong>aux\u00edlio pr\u00e9-escolar<\/strong>&nbsp;no valor de&nbsp;<strong>R$ 1.288,47<\/strong>, e&nbsp;<strong>aux\u00edlio alimenta\u00e7\u00e3o<\/strong>&nbsp;no valor de&nbsp;<strong>R$ 1.860,51<\/strong>,&nbsp;<strong>Aux\u00edlio-Natalidade<\/strong>&nbsp;no valor de&nbsp;<strong>R$718,58<\/strong>&nbsp;e&nbsp;<strong>Aux\u00edlio-Sa\u00fade&nbsp;<\/strong>no valor de&nbsp;<strong>R$579,39.<\/strong><\/p>\n\n\n\n<h3 class=\"wp-block-heading\" id=\"vacancias\">Cargos vagos no TRF4<\/h3>\n\n\n\n<p>Segundo dados informados pelo \u00f3rg\u00e3o em agosto de 2025, o TRF 4 e suas Se\u00e7\u00f5es Judici\u00e1rias possuem um total de <strong>38 cargos vagos<\/strong> no quadro de T\u00e9cnico e Analista.<\/p>\n\n\n\n<h3 class=\"wp-block-heading\" id=\"escolaridade\">Altera\u00e7\u00e3o de escolaridade<\/h3>\n\n\n\n<p>O Projeto de Lei&nbsp;<strong>3662\/21<\/strong>, que altera a escolaridade do cargo de T\u00e9cnico Judici\u00e1rio e estabelece o n\u00edvel superior como requisito aos concursos Tribunais, foi promulgado.<\/p>\n\n\n\n<p>Desta forma, para assumir o cargo de T\u00e9cnico Judici\u00e1rio, os candidatos agora devem possuir como requisito n\u00edvel superior de escolaridade.<\/p>\n\n\n\n<h2 class=\"wp-block-heading\" id=\"etapas-concurso\">\u00daltimo concurso TRF4 2019<\/h2>\n\n\n\n<p>Os candidatos do concurso TRF4 de 2019 foram avaliados a partir da aplica\u00e7\u00e3o de uma <strong>prova objetiva<\/strong>. De car\u00e1ter eliminat\u00f3rio e classificat\u00f3rio, as provas foram compostas de 50 quest\u00f5es e tiveram dura\u00e7\u00e3o m\u00e1xima de 4h30min.<\/p>\n\n\n\n<p>Al\u00e9m disso, os candidatos, de todos os cargos foram avaliados por uma <strong>prova discursiva<\/strong>, composta por um Estudo de Caso para n\u00edvel superior e uma Reda\u00e7\u00e3o para os cargos de n\u00edvel m\u00e9dio.<\/p>\n\n\n\n<p>Os candidatos ao cargo de T\u00e9cnico Judici\u00e1rio da \u00e1rea de Seguran\u00e7a e Transportes ter\u00e3o que realizar o <strong>Teste de Capacidade F\u00edsica<\/strong>, com data de aplica\u00e7\u00e3o prevista para o dia 3 de novembro.<\/p>\n\n\n\n<p>Voc\u00ea pode conferir a estrutura completa das provas de cada cargo logo abaixo:<\/p>\n\n\n\n<h3 class=\"wp-block-heading\" id=\"analista-judiciario-judiciaria\">Analista Judici\u00e1rio &#8211; Judici\u00e1ria <\/h3>\n\n\n\n<ul class=\"wp-block-list\">\n<li><strong>Conhecimentos Gerais &#8211; <\/strong>20 quest\u00f5es (peso 1)\n<ul class=\"wp-block-list\">\n<li>Portugu\u00eas &#8211; 16 quest\u00f5es<\/li>\n\n\n\n<li>Racioc\u00ednio L\u00f3gico Matem\u00e1tico &#8211; 04 quest\u00f5es<\/li>\n<\/ul>\n<\/li>\n\n\n\n<li><strong>Conhecimentos Espec\u00edficos &#8211; <\/strong>30 quest\u00f5es (peso 2)<\/li>\n\n\n\n<li><strong>Estudo de caso &#8211; <\/strong>2 quest\u00f5es discursivas (peso 1)<\/li>\n<\/ul>\n\n\n\n<h3 class=\"wp-block-heading\" id=\"analista-judiciario-oficial-de-justica\">Analista Judici\u00e1rio &#8211; Oficial de Justi\u00e7a <\/h3>\n\n\n\n<ul class=\"wp-block-list\">\n<li><strong>Conhecimentos Gerais &#8211; <\/strong>20 quest\u00f5es (peso 1)\n<ul class=\"wp-block-list\">\n<li>Portugu\u00eas &#8211; 16 quest\u00f5es<\/li>\n\n\n\n<li>Racioc\u00ednio L\u00f3gico Matem\u00e1tico &#8211; 04 quest\u00f5es<\/li>\n<\/ul>\n<\/li>\n\n\n\n<li><strong>Conhecimentos Espec\u00edficos &#8211;<\/strong> 30 quest\u00f5es (peso 2)<\/li>\n\n\n\n<li><strong>Estudo de caso &#8211; <\/strong>2 quest\u00f5es discursivas (peso 1)<\/li>\n<\/ul>\n\n\n\n<h3 class=\"wp-block-heading\" id=\"analista-judiciario-t-i-sistemas-e-infra\">Analista Judici\u00e1rio &#8211; T.I. (Sistemas e Infra)<\/h3>\n\n\n\n<ul class=\"wp-block-list\">\n<li><strong>Conhecimentos Gerais &#8211; <\/strong>20 quest\u00f5es (peso 1)\n<ul class=\"wp-block-list\">\n<li>Portugu\u00eas &#8211; 10 quest\u00f5es<\/li>\n\n\n\n<li>Racioc\u00ednio L\u00f3gico Matem\u00e1tico &#8211; 05 quest\u00f5es<\/li>\n\n\n\n<li>No\u00e7\u00f5es de Direito &#8211; 05 quest\u00f5es<\/li>\n<\/ul>\n<\/li>\n\n\n\n<li><strong>Conhecimentos Espec\u00edficos &#8211;<\/strong> 30 quest\u00f5es (peso 2)<\/li>\n\n\n\n<li><strong>Estudo de caso &#8211; <\/strong>2 quest\u00f5es discursivas (peso 1)<\/li>\n<\/ul>\n\n\n\n<h3 class=\"wp-block-heading\" id=\"tecnico-judiciario-administrativa\">T\u00e9cnico Judici\u00e1rio &#8211; Administrativa<\/h3>\n\n\n\n<ul class=\"wp-block-list\">\n<li><strong>Conhecimentos Gerais &#8211; <\/strong>20 quest\u00f5es (peso 1)\n<ul class=\"wp-block-list\">\n<li>Portugu\u00eas &#8211; 14 quest\u00f5es<\/li>\n\n\n\n<li>Racioc\u00ednio L\u00f3gico Matem\u00e1tico &#8211; 06 quest\u00f5es<\/li>\n<\/ul>\n<\/li>\n\n\n\n<li><strong>Conhecimentos Espec\u00edficos &#8211; <\/strong>30 quest\u00f5es (peso 2)<\/li>\n\n\n\n<li><strong>Reda\u00e7\u00e3o &#8211; <\/strong>1 quest\u00e3o discursivas (peso 1)<\/li>\n<\/ul>\n\n\n\n<h3 class=\"wp-block-heading\" id=\"tecnico-judiciario-t-i\"> T\u00e9cnico Judici\u00e1rio &#8211; T.I.<\/h3>\n\n\n\n<ul class=\"wp-block-list\">\n<li><strong>Conhecimentos Gerais &#8211; <\/strong>20 quest\u00f5es (peso 1)\n<ul class=\"wp-block-list\">\n<li>Portugu\u00eas &#8211; 10 quest\u00f5es<\/li>\n\n\n\n<li>Racioc\u00ednio L\u00f3gico Matem\u00e1tico &#8211; 05 quest\u00f5es<\/li>\n\n\n\n<li>No\u00e7\u00f5es de Direito &#8211; 05 quest\u00f5es<\/li>\n<\/ul>\n<\/li>\n\n\n\n<li><strong>Conhecimentos Espec\u00edficos &#8211;<\/strong> 30 quest\u00f5es (peso 2)<\/li>\n\n\n\n<li><strong>Estudo de caso &#8211; <\/strong>2 quest\u00f5es discursivas (peso 1)<\/li>\n<\/ul>\n\n\n\n<h3 class=\"wp-block-heading\" id=\"tecnico-judiciario-seguranca-e-transporte\">T\u00e9cnico Judici\u00e1rio &#8211; Seguran\u00e7a e Transporte<\/h3>\n\n\n\n<ul class=\"wp-block-list\">\n<li><strong>Conhecimentos Gerais &#8211; <\/strong>20 quest\u00f5es (peso 1)\n<ul class=\"wp-block-list\">\n<li>Portugu\u00eas &#8211; 10 quest\u00f5es<\/li>\n\n\n\n<li>Racioc\u00ednio L\u00f3gico Matem\u00e1tico &#8211; 05 quest\u00f5es<\/li>\n\n\n\n<li>No\u00e7\u00f5es de Direito &#8211; 05 quest\u00f5es<\/li>\n<\/ul>\n<\/li>\n\n\n\n<li><strong>Conhecimentos Espec\u00edficos &#8211; <\/strong>30 quest\u00f5es (peso 2)<\/li>\n\n\n\n<li><strong>Estudo de caso &#8211; <\/strong>2 quest\u00f5es discursivas (peso 1)<\/li>\n\n\n\n<li><strong>Prova de capacidade F\u00edsica<\/strong> <\/li>\n<\/ul>\n\n\n\n<h3 class=\"wp-block-heading\" id=\"resultado\">Resultados<\/h3>\n\n\n\n<p>O Tribunal Regional Federal da 4\u00aa Regi\u00e3o divulgou a homologa\u00e7\u00e3o do resultado final do seu concurso p\u00fablico que visou ofertar vagas para Analista e T\u00e9cnico.<\/p>\n\n\n\n<p>O \u00f3rg\u00e3o ofertou vagas para forma\u00e7\u00e3o de cadastro de reserva e foi organizado, tamb\u00e9m, pela FCC.<\/p>\n\n\n\n<p>Confira abaixo a \u00edntegra do documento que homologa o resultado final: <\/p>\n\n\n\n<p class=\"has-text-align-center has-very-light-gray-background-color has-background\" style=\"font-size:clamp(15.197px, 0.95rem + ((1vw - 3.2px) * 0.765), 23px);px\"><a href=\"http:\/\/www.in.gov.br\/web\/dou\/-\/edital-n-10-de-1-de-dezembro-de-2019-resultado-final-de-concurso-publico-231059716\" target=\"_blank\" rel=\"noreferrer noopener nofollow\">Concurso TRF4 &#8211; resultado final<\/a><\/p>\n\n\n\n<p class=\"has-text-align-center has-very-light-gray-background-color has-background has-medium-font-size\"><a href=\"https:\/\/trello-attachments.s3.amazonaws.com\/5b58e1496cd37eb9a1dc29a2\/5e26d27b18dc766eeb0a9714\/264549f7cd256885344640209834282b\/TRF_4_-_Resultado_final.pdf\" target=\"_blank\" rel=\"noreferrer noopener nofollow\">Resultado final &#8211;  T\u00e9cnico Judici\u00e1rio &#8211; \u00c1rea Administrativa \/ Seguran\u00e7a e Transporte<\/a><\/p>\n\n\n\n<p class=\"has-text-align-center has-light-green-cyan-background-color has-background\" style=\"font-size:clamp(16.293px, 1.018rem + ((1vw - 3.2px) * 0.854), 25px);px\"><a href=\"https:\/\/dhg1h5j42swfq.cloudfront.net\/2019\/09\/25153955\/RESULTADO-TRF4.pdf\" target=\"_blank\" rel=\"noreferrer noopener nofollow\"><strong>BAIXE AQUI O RESULTADO TRF4<\/strong><\/a><\/p>\n\n\n\n<h3 class=\"wp-block-heading\" id=\"CONCORRENCIA-TRF4\">Como foi a concorr\u00eancia no edital TRF4 de 2019?<\/h3>\n\n\n\n<figure class=\"wp-block-table is-style-stripes\"><table class=\"has-background\" style=\"background-color:#e7f5fe\"><tbody><tr><td class=\"has-text-align-center\" data-align=\"center\"><strong>Cargo\/\u00c1rea\/Especialidade<\/strong><\/td><td class=\"has-text-align-center\" data-align=\"center\"><strong>PR<\/strong><\/td><td class=\"has-text-align-center\" data-align=\"center\"><strong>SC<\/strong><\/td><td class=\"has-text-align-center\" data-align=\"center\"><strong>RS e TRF4<\/strong><\/td><td class=\"has-text-align-center\" data-align=\"center\"><strong>Total<\/strong><\/td><\/tr><tr><td class=\"has-text-align-center\" data-align=\"center\">ANALISTA JUDICI\u00c1RIO &#8211; JUDICI\u00c1RIA<\/td><td class=\"has-text-align-center\" data-align=\"center\">15372<\/td><td class=\"has-text-align-center\" data-align=\"center\">8121<\/td><td class=\"has-text-align-center\" data-align=\"center\">15096<\/td><td class=\"has-text-align-center\" data-align=\"center\">38589<\/td><\/tr><tr><td class=\"has-text-align-center\" data-align=\"center\">ANALISTA\n  JUDICI\u00c1RIO &#8211; JUDICI\u00c1RIA -OFICIAL DE JUSTI\u00c7A E AVALIADOR FEDERAL&nbsp;<\/td><td class=\"has-text-align-center\" data-align=\"center\">4242<\/td><td class=\"has-text-align-center\" data-align=\"center\">2970<\/td><td class=\"has-text-align-center\" data-align=\"center\">3824<\/td><td class=\"has-text-align-center\" data-align=\"center\">11036<\/td><\/tr><tr><td class=\"has-text-align-center\" data-align=\"center\">ANALISTA JUDICI\u00c1RIO&nbsp; &#8211; APOIO ESP. &#8211; INFRA. EM TECNO. DA\n  INFORMA\u00c7\u00c3O<\/td><td class=\"has-text-align-center\" data-align=\"center\">&#8211;<\/td><td class=\"has-text-align-center\" data-align=\"center\">&#8211;<\/td><td class=\"has-text-align-center\" data-align=\"center\">1645<\/td><td class=\"has-text-align-center\" data-align=\"center\">1645<\/td><\/tr><tr><td class=\"has-text-align-center\" data-align=\"center\">ANALISTA JUDICI\u00c1RIO &#8211; APOIO\n  ESP. &#8211; SISTEMAS DE TEC. DA INFORMA\u00c7\u00c3O<\/td><td class=\"has-text-align-center\" data-align=\"center\">&#8211;<\/td><td class=\"has-text-align-center\" data-align=\"center\">&#8211;<\/td><td class=\"has-text-align-center\" data-align=\"center\">1927<\/td><td class=\"has-text-align-center\" data-align=\"center\">1927<\/td><\/tr><tr><td class=\"has-text-align-center\" data-align=\"center\">T\u00c9CNICO JUDICI\u00c1RIO &#8211;\n  ADMINISTRATIVA<\/td><td class=\"has-text-align-center\" data-align=\"center\">39162<\/td><td class=\"has-text-align-center\" data-align=\"center\">22902<\/td><td class=\"has-text-align-center\" data-align=\"center\">42531<\/td><td class=\"has-text-align-center\" data-align=\"center\">104595<\/td><\/tr><tr><td class=\"has-text-align-center\" data-align=\"center\">T\u00c9C. JUD. &#8211; APOIO ESP. &#8211;\n  TECNOLOGIA DA INFORMA\u00c7\u00c3O<\/td><td class=\"has-text-align-center\" data-align=\"center\">1584<\/td><td class=\"has-text-align-center\" data-align=\"center\">987<\/td><td class=\"has-text-align-center\" data-align=\"center\">1508<\/td><td class=\"has-text-align-center\" data-align=\"center\">4079<\/td><\/tr><tr><td class=\"has-text-align-center\" data-align=\"center\">T\u00c9C. JUD. &#8211; ADM. &#8211; SEGURAN\u00c7A E  TRANSPORTE<\/td><td class=\"has-text-align-center\" data-align=\"center\">3058<\/td><td class=\"has-text-align-center\" data-align=\"center\">1797<\/td><td class=\"has-text-align-center\" data-align=\"center\">2795<\/td><td class=\"has-text-align-center\" data-align=\"center\">7650<\/td><\/tr><\/tbody><\/table><figcaption class=\"wp-element-caption\">Tabela de concorr\u00eancia <\/figcaption><\/figure>\n\n\n\n<h2 class=\"wp-block-heading has-text-align-center\" id=\"h-quer-saber-tudo-sobre-concursos-previstos-confira-nossos-artigos\">Quer saber tudo sobre concursos previstos?<br \/>Confira nossos artigos!<\/h2>\n\n\n\n<ul class=\"wp-block-list\">\n<li><a href=\"https:\/\/www.estrategiaconcursos.com.br\/blog\/concursos-abertos\/\" target=\"_blank\" rel=\"noreferrer noopener\">Concursos abertos<\/a><\/li>\n\n\n\n<li><a href=\"https:\/\/www.estrategiaconcursos.com.br\/blog\/concursos-tribunais\/\">Concursos tribunais<\/a><\/li>\n\n\n\n<li><a href=\"https:\/\/www.estrategiaconcursos.com.br\/blog\/concursos-trf\/\">Concursos TRF<\/a><\/li>\n\n\n\n<li><a href=\"https:\/\/www.estrategiaconcursos.com.br\/blog\/concursos-2026\/\">Concursos 2026<\/a><\/li>\n<\/ul>\n\n\n\n<h2 class=\"wp-block-heading has-text-align-center\" id=\"cursos-assinatura\"><em>Quer estudar para Concurso TRF4?<\/em><\/h2>\n\n\n\n<p class=\"has-text-align-center\"><em><strong>Gostou desta oportunidade e deseja come\u00e7ar se preparar agora mesmo? Ent\u00e3o, confira os nossos cursos e comece a estudar para TRF4:<\/strong><\/em><\/p>\n\n\n\n<div class=\"container\" id=\"boxes\">\n  <div class=\"row\">\n\n    <div class=\"col-sm\">\n      <div class=\"banner-tribunal\" id=\"box-assinatura\">\n        <h3 class=\"titulo-assinatura\">Curso TRF4<\/h3>\n        <p class=\"subtitulo-assinatura\">Conhe\u00e7a os cursos<\/p>\n        <div class=\"box-botao\">\n          <a class=\"btn-assinatura\" target=\"_blank\" href=\"https:\/\/www.estrategiaconcursos.com.br\/cursosPorConcurso\/trf-4-regiao\/\" role=\"button\" rel=\"noopener noreferrer\">Conhe\u00e7a mais<\/a>\n        <\/div>\n      <\/div>\n      <p class=\"texto-auxiliar\">Prepare-se com o melhor material e com quem mais aprova em Concursos P\u00fablicos em todo o pa\u00eds.<\/p>\n    <\/div>\n\n  <\/div>\n<\/div>\n\n\n\n<div class=\"container\" id=\"boxes\">\n  <div class=\"row\">\n\n    <div class=\"col-sm\">\n      <div class=\"estrategia\" id=\"box-assinatura\">\n        <h3 class=\"titulo-assinatura\">Assinatura Concursos<\/h3>\n        <p class=\"subtitulo-assinatura\">Assinatura de 1 ano ou 2 anos<\/p>\n        <div class=\"box-botao\">\n          <a class=\"btn-assinatura\" target=\"_blank\" href=\"https:\/\/www.estrategiaconcursos.com.br\/assinaturas\/\" role=\"button\" rel=\"noopener noreferrer\">ASSINE AGORA<\/a>\n        <\/div>\n      <\/div>\n     \n    <\/div><\/div><\/div>\n\n\n\n<p><\/p>\n\n\n\n<figure class=\"wp-block-image size-large is-resized\"><img loading=\"lazy\" decoding=\"async\" width=\"1024\" height=\"632\" src=\"https:\/\/dhg1h5j42swfq.cloudfront.net\/2021\/04\/06121509\/ficha-tecnica-97-1024x632.png\" alt=\"\" class=\"wp-image-708467\" style=\"width:173px;height:107px\" srcset=\"https:\/\/dhg1h5j42swfq.cloudfront.net\/2021\/04\/06121509\/ficha-tecnica-97-1024x632.png 1024w, https:\/\/dhg1h5j42swfq.cloudfront.net\/2021\/04\/06121509\/ficha-tecnica-97-300x185.png 300w, https:\/\/dhg1h5j42swfq.cloudfront.net\/2021\/04\/06121509\/ficha-tecnica-97-768x474.png 768w, https:\/\/dhg1h5j42swfq.cloudfront.net\/2021\/04\/06121509\/ficha-tecnica-97-1536x948.png 1536w, https:\/\/dhg1h5j42swfq.cloudfront.net\/2021\/04\/06121509\/ficha-tecnica-97-610x377.png 610w, https:\/\/dhg1h5j42swfq.cloudfront.net\/2021\/04\/06121509\/ficha-tecnica-97.png 1571w\" sizes=\"auto, (max-width: 1024px) 100vw, 1024px\" \/><\/figure>\n\n\n\n<p id=\"ficha-tecnica\"><strong>Informa\u00e7\u00f5es sobre concurso TRF4 &#8211; 2025<\/strong><\/p>\n\n\n\n<p>\u25ba<strong>Data<\/strong> <strong>da prova:<\/strong> <s>13\/07\/2025<\/s><br \/>\u25ba<strong>Vagas<\/strong>: CR<br \/>\u25ba<strong>Cargos<\/strong>: Analista e T\u00e9cnico<br \/>\u25ba<strong>Escolaridade<\/strong>: N\u00edvel Superior<br \/>\u25ba<strong>Banca<\/strong>: Funda\u00e7\u00e3o Carlos Chagas<br \/>\u25ba<strong>Edital: <\/strong><a href=\"https:\/\/dhg1h5j42swfq.cloudfront.net\/2025\/04\/08172522\/de_adm_ext_20250408143534_2025_04_08_a-1.pdf\">TRF 4 2025<\/a><\/p>\n\n\n\n<p id=\"ficha-tecnica\"><strong>Informa\u00e7\u00f5es sobre concurso TRF4 &#8211; 2019<\/strong><\/p>\n\n\n\n<p>\u25ba<strong>Data<\/strong> <strong>da prova:<\/strong> <s>4 de agosto<\/s><br \/>\u25ba<strong>Vagas<\/strong>: CR<br \/>\u25ba<strong>Cargos<\/strong>: Analista e T\u00e9cnico<br \/>\u25ba<strong>Lota\u00e7\u00f5es<\/strong>: Santa Catarina, Paran\u00e1 e Rio Grande do Sul&nbsp;<br \/>\u25ba<strong>Escolaridade<\/strong>: N\u00edvel M\u00e9dio e Superior<br \/>\u25ba<strong>Banca<\/strong>: Funda\u00e7\u00e3o Carlos Chagas<br \/><strong>\u25baEdital:<\/strong> <a href=\"https:\/\/dhg1h5j42swfq.cloudfront.net\/2019\/06\/01081514\/edital_de_concurso_publico_2019_versao_final__2_.pdf\">TRF 4 2019<\/a> | <a href=\"https:\/\/dhg1h5j42swfq.cloudfront.net\/2019\/06\/04084821\/Retifica%C3%A7%C3%A3o_Edital_TRF4_2019.pdf\" target=\"_blank\" rel=\"noreferrer noopener\">Retifica\u00e7\u00e3o 1<\/a> | <a aria-label=\"Retifica\u00e7\u00e3o 2 (abre numa nova aba)\" href=\"https:\/\/dhg1h5j42swfq.cloudfront.net\/2019\/06\/11095819\/image122.png\" target=\"_blank\" rel=\"noreferrer noopener\">Retifica\u00e7\u00e3o 2<\/a><strong> <\/strong><\/p>\n\n\n\n<h3 class=\"wp-block-heading\" id=\"h-perguntas-frequentes\">Perguntas frequentes<\/h3>\n\n\n\n<div class=\"schema-faq wp-block-yoast-faq-block\"><div class=\"schema-faq-section\" id=\"faq-question-1752584988963\"><strong class=\"schema-faq-question\">Quanto ganha um T\u00e9cnico Judici\u00e1rio do TRF4?<\/strong> <p class=\"schema-faq-answer\">Um t\u00e9cnico judici\u00e1rio do TRF4 ganha R$ 9.052,54 de sal\u00e1rio inicial.<\/p> <\/div> <div class=\"schema-faq-section\" id=\"faq-question-1752585003703\"><strong class=\"schema-faq-question\">Quando foi o \u00faltimo concurso do TRF4?<\/strong> <p class=\"schema-faq-answer\">O edital do \u00faltimo concurso TRF4 foi publicado em 2019.<\/p> <\/div> <div class=\"schema-faq-section\" id=\"faq-question-1752585018015\"><strong class=\"schema-faq-question\">Qual a remunera\u00e7\u00e3o inicial de Analista do TRF4?<\/strong> <p class=\"schema-faq-answer\">O sal\u00e1rio inicial do cargo de Analista Judici\u00e1rio do TRF4 \u00e9 de R$ 14.852,98.<\/p> <\/div> <\/div>\n","protected":false},"excerpt":{"rendered":"<p>Edital do Concurso TRF 4 ofertou vagas em CR para T\u00e9cnico e Analista; resultados j\u00e1 dispon\u00edveis! Confira os detalhes Os candidatos do concurso concurso TRF 4\u00a0(Tribunal Regional Federal da 4\u00aa Regi\u00e3o) j\u00e1 podem conferir o resultado final e a homologa\u00e7\u00e3o da sele\u00e7\u00e3o. Ademais, importante destacar que com a san\u00e7\u00e3o da Lei 15293\/25 pelo governo federal, [&hellip;]<\/p>\n","protected":false},"author":1,"featured_media":1469604,"comment_status":"open","ping_status":"open","sticky":false,"template":"","format":"standard","meta":{"post_tipo":"news_page","footnotes":""},"categories":[1984],"tags":[2050],"tax_estado":[219981,219986,219987],"class_list":["post-45898","post","type-post","status-publish","format-standard","has-post-thumbnail","hentry","category-tribunais","tag-trf4","tax_estado-pr","tax_estado-rs","tax_estado-sc"],"acf":[],"yoast_head":"<!-- This site is optimized with the Yoast SEO Premium plugin v27.2 (Yoast SEO v27.2) - https:\/\/yoast.com\/product\/yoast-seo-premium-wordpress\/ -->\n<title>Concurso TRF 4: resultado homologado; ganhe at\u00e9 R$ 16 mil!<\/title>\n<meta name=\"description\" content=\"Edital do Concurso TRF 4 ofertou vagas em CR para T\u00e9cnico e Analista; resultados j\u00e1 dispon\u00edveis! Confira os detalhes\" \/>\n<meta name=\"robots\" content=\"index, follow, max-snippet:-1, max-image-preview:large, max-video-preview:-1\" \/>\n<link rel=\"canonical\" href=\"https:\/\/www.estrategiaconcursos.com.br\/blog\/concurso-trf-4\/\" \/>\n<meta property=\"og:locale\" content=\"pt_BR\" \/>\n<meta property=\"og:type\" content=\"article\" \/>\n<meta property=\"og:title\" content=\"Concurso TRF 4: resultado homologado; ganhe at\u00e9 R$ 16 mil!\" \/>\n<meta property=\"og:description\" content=\"Edital do Concurso TRF 4 ofertou vagas em CR para T\u00e9cnico e Analista; resultados j\u00e1 dispon\u00edveis! Confira os detalhes\" \/>\n<meta property=\"og:url\" content=\"https:\/\/www.estrategiaconcursos.com.br\/blog\/concurso-trf-4\/\" \/>\n<meta property=\"og:site_name\" content=\"Estrat\u00e9gia Concursos\" \/>\n<meta property=\"article:author\" content=\"https:\/\/www.facebook.com\/EstrategiaConcursos\" \/>\n<meta property=\"article:published_time\" content=\"2026-03-03T08:07:00+00:00\" \/>\n<meta property=\"article:modified_time\" content=\"2026-03-20T16:44:46+00:00\" \/>\n<meta property=\"og:image\" content=\"https:\/\/dhg1h5j42swfq.cloudfront.net\/2024\/09\/01131133\/trf-4.jpg\" \/>\n\t<meta property=\"og:image:width\" content=\"768\" \/>\n\t<meta property=\"og:image:height\" content=\"432\" \/>\n\t<meta property=\"og:image:type\" content=\"image\/jpeg\" \/>\n<meta name=\"author\" content=\"Coordena\u00e7\u00e3o\" \/>\n<meta name=\"twitter:card\" content=\"summary_large_image\" \/>\n<meta name=\"twitter:creator\" content=\"@EstratConcursos\" \/>\n<meta name=\"twitter:site\" content=\"@EstratConcursos\" \/>\n<meta name=\"twitter:label1\" content=\"Escrito por\" \/>\n\t<meta name=\"twitter:data1\" content=\"Coordena\u00e7\u00e3o\" \/>\n\t<meta name=\"twitter:label2\" content=\"Est. tempo de leitura\" \/>\n\t<meta name=\"twitter:data2\" content=\"10 minutos\" \/>\n<script type=\"application\/ld+json\" class=\"yoast-schema-graph\">{\"@context\":\"https:\/\/schema.org\",\"@graph\":[{\"@type\":\"NewsArticle\",\"@id\":\"https:\/\/www.estrategiaconcursos.com.br\/blog\/concurso-trf-4\/#article\",\"isPartOf\":{\"@id\":\"https:\/\/www.estrategiaconcursos.com.br\/blog\/concurso-trf-4\/\"},\"author\":{\"name\":\"Coordena\u00e7\u00e3o\",\"@id\":\"https:\/\/www.estrategiaconcursos.com.br\/blog\/#\/schema\/person\/b4a388c97673c5f483d72185668afa1f\"},\"headline\":\"Concurso TRF 4: resultado homologado; ganhe at\u00e9 R$ 16 mil!\",\"datePublished\":\"2026-03-03T08:07:00+00:00\",\"dateModified\":\"2026-03-20T16:44:46+00:00\",\"mainEntityOfPage\":{\"@id\":\"https:\/\/www.estrategiaconcursos.com.br\/blog\/concurso-trf-4\/\"},\"wordCount\":2493,\"commentCount\":25,\"publisher\":{\"@id\":\"https:\/\/www.estrategiaconcursos.com.br\/blog\/#organization\"},\"image\":{\"@id\":\"https:\/\/www.estrategiaconcursos.com.br\/blog\/concurso-trf-4\/#primaryimage\"},\"thumbnailUrl\":\"https:\/\/dhg1h5j42swfq.cloudfront.net\/2024\/09\/01131133\/trf-4.jpg\",\"keywords\":[\"TRF4\"],\"articleSection\":[\"Tribunais\"],\"inLanguage\":\"pt-BR\",\"potentialAction\":[{\"@type\":\"CommentAction\",\"name\":\"Comment\",\"target\":[\"https:\/\/www.estrategiaconcursos.com.br\/blog\/concurso-trf-4\/#respond\"]}],\"copyrightYear\":\"2026\",\"copyrightHolder\":{\"@id\":\"https:\/\/www.estrategiaconcursos.com.br\/blog\/#organization\"}},{\"@type\":[\"WebPage\",\"FAQPage\"],\"@id\":\"https:\/\/www.estrategiaconcursos.com.br\/blog\/concurso-trf-4\/\",\"url\":\"https:\/\/www.estrategiaconcursos.com.br\/blog\/concurso-trf-4\/\",\"name\":\"Concurso TRF 4: resultado homologado; ganhe at\u00e9 R$ 16 mil!\",\"isPartOf\":{\"@id\":\"https:\/\/www.estrategiaconcursos.com.br\/blog\/#website\"},\"primaryImageOfPage\":{\"@id\":\"https:\/\/www.estrategiaconcursos.com.br\/blog\/concurso-trf-4\/#primaryimage\"},\"image\":{\"@id\":\"https:\/\/www.estrategiaconcursos.com.br\/blog\/concurso-trf-4\/#primaryimage\"},\"thumbnailUrl\":\"https:\/\/dhg1h5j42swfq.cloudfront.net\/2024\/09\/01131133\/trf-4.jpg\",\"datePublished\":\"2026-03-03T08:07:00+00:00\",\"dateModified\":\"2026-03-20T16:44:46+00:00\",\"description\":\"Edital do Concurso TRF 4 ofertou vagas em CR para T\u00e9cnico e Analista; resultados j\u00e1 dispon\u00edveis! Confira os detalhes\",\"breadcrumb\":{\"@id\":\"https:\/\/www.estrategiaconcursos.com.br\/blog\/concurso-trf-4\/#breadcrumb\"},\"mainEntity\":[{\"@id\":\"https:\/\/www.estrategiaconcursos.com.br\/blog\/concurso-trf-4\/#faq-question-1752584988963\"},{\"@id\":\"https:\/\/www.estrategiaconcursos.com.br\/blog\/concurso-trf-4\/#faq-question-1752585003703\"},{\"@id\":\"https:\/\/www.estrategiaconcursos.com.br\/blog\/concurso-trf-4\/#faq-question-1752585018015\"}],\"inLanguage\":\"pt-BR\",\"potentialAction\":[{\"@type\":\"ReadAction\",\"target\":[\"https:\/\/www.estrategiaconcursos.com.br\/blog\/concurso-trf-4\/\"]}]},{\"@type\":\"ImageObject\",\"inLanguage\":\"pt-BR\",\"@id\":\"https:\/\/www.estrategiaconcursos.com.br\/blog\/concurso-trf-4\/#primaryimage\",\"url\":\"https:\/\/dhg1h5j42swfq.cloudfront.net\/2024\/09\/01131133\/trf-4.jpg\",\"contentUrl\":\"https:\/\/dhg1h5j42swfq.cloudfront.net\/2024\/09\/01131133\/trf-4.jpg\",\"width\":768,\"height\":432,\"caption\":\"notas de corte do concurso TRF 4 2019\"},{\"@type\":\"BreadcrumbList\",\"@id\":\"https:\/\/www.estrategiaconcursos.com.br\/blog\/concurso-trf-4\/#breadcrumb\",\"itemListElement\":[{\"@type\":\"ListItem\",\"position\":1,\"name\":\"In\u00edcio\",\"item\":\"https:\/\/www.estrategiaconcursos.com.br\/blog\/\"},{\"@type\":\"ListItem\",\"position\":2,\"name\":\"Concurso TRF 4: resultado homologado; ganhe at\u00e9 R$ 16 mil!\"}]},{\"@type\":\"WebSite\",\"@id\":\"https:\/\/www.estrategiaconcursos.com.br\/blog\/#website\",\"url\":\"https:\/\/www.estrategiaconcursos.com.br\/blog\/\",\"name\":\"Estrat\u00e9gia Concursos\",\"description\":\"O blog da Estrat\u00e9gia Concursos traz not\u00edcias sobre concursos e artigos de professores oferecendo cursos para concursos (pdf + videaulas) no site.\",\"publisher\":{\"@id\":\"https:\/\/www.estrategiaconcursos.com.br\/blog\/#organization\"},\"potentialAction\":[{\"@type\":\"SearchAction\",\"target\":{\"@type\":\"EntryPoint\",\"urlTemplate\":\"https:\/\/www.estrategiaconcursos.com.br\/blog\/?s={search_term_string}\"},\"query-input\":{\"@type\":\"PropertyValueSpecification\",\"valueRequired\":true,\"valueName\":\"search_term_string\"}}],\"inLanguage\":\"pt-BR\"},{\"@type\":\"Organization\",\"@id\":\"https:\/\/www.estrategiaconcursos.com.br\/blog\/#organization\",\"name\":\"Estrat\u00e9gia Concursos\",\"url\":\"https:\/\/www.estrategiaconcursos.com.br\/blog\/\",\"logo\":{\"@type\":\"ImageObject\",\"inLanguage\":\"pt-BR\",\"@id\":\"https:\/\/www.estrategiaconcursos.com.br\/blog\/#\/schema\/logo\/image\/\",\"url\":\"https:\/\/dhg1h5j42swfq.cloudfront.net\/2025\/06\/03203428\/logo_concursos-1.jpg\",\"contentUrl\":\"https:\/\/dhg1h5j42swfq.cloudfront.net\/2025\/06\/03203428\/logo_concursos-1.jpg\",\"width\":230,\"height\":60,\"caption\":\"Estrat\u00e9gia Concursos\"},\"image\":{\"@id\":\"https:\/\/www.estrategiaconcursos.com.br\/blog\/#\/schema\/logo\/image\/\"},\"sameAs\":[\"https:\/\/x.com\/EstratConcursos\"]},{\"@type\":\"Person\",\"@id\":\"https:\/\/www.estrategiaconcursos.com.br\/blog\/#\/schema\/person\/b4a388c97673c5f483d72185668afa1f\",\"name\":\"Coordena\u00e7\u00e3o\",\"image\":{\"@type\":\"ImageObject\",\"inLanguage\":\"pt-BR\",\"@id\":\"https:\/\/secure.gravatar.com\/avatar\/b720319e4c9a967eb58678d110f4fe35452fc5d5f97b202bac7b8acceb18c6ad?s=96&d=mm&r=g\",\"url\":\"https:\/\/secure.gravatar.com\/avatar\/b720319e4c9a967eb58678d110f4fe35452fc5d5f97b202bac7b8acceb18c6ad?s=96&d=mm&r=g\",\"contentUrl\":\"https:\/\/secure.gravatar.com\/avatar\/b720319e4c9a967eb58678d110f4fe35452fc5d5f97b202bac7b8acceb18c6ad?s=96&d=mm&r=g\",\"caption\":\"Coordena\u00e7\u00e3o\"},\"sameAs\":[\"https:\/\/www.facebook.com\/EstrategiaConcursos\",\"https:\/\/x.com\/EstratConcursos\"],\"url\":\"https:\/\/www.estrategiaconcursos.com.br\/blog\/author\/estrategia2013\/\"},{\"@type\":\"Question\",\"@id\":\"https:\/\/www.estrategiaconcursos.com.br\/blog\/concurso-trf-4\/#faq-question-1752584988963\",\"position\":1,\"url\":\"https:\/\/www.estrategiaconcursos.com.br\/blog\/concurso-trf-4\/#faq-question-1752584988963\",\"name\":\"Quanto ganha um T\u00e9cnico Judici\u00e1rio do TRF4?\",\"answerCount\":1,\"acceptedAnswer\":{\"@type\":\"Answer\",\"text\":\"Um t\u00e9cnico judici\u00e1rio do TRF4 ganha R$ 9.052,54 de sal\u00e1rio inicial.\",\"inLanguage\":\"pt-BR\"},\"inLanguage\":\"pt-BR\"},{\"@type\":\"Question\",\"@id\":\"https:\/\/www.estrategiaconcursos.com.br\/blog\/concurso-trf-4\/#faq-question-1752585003703\",\"position\":2,\"url\":\"https:\/\/www.estrategiaconcursos.com.br\/blog\/concurso-trf-4\/#faq-question-1752585003703\",\"name\":\"Quando foi o \u00faltimo concurso do TRF4?\",\"answerCount\":1,\"acceptedAnswer\":{\"@type\":\"Answer\",\"text\":\"O edital do \u00faltimo concurso TRF4 foi publicado em 2019.\",\"inLanguage\":\"pt-BR\"},\"inLanguage\":\"pt-BR\"},{\"@type\":\"Question\",\"@id\":\"https:\/\/www.estrategiaconcursos.com.br\/blog\/concurso-trf-4\/#faq-question-1752585018015\",\"position\":3,\"url\":\"https:\/\/www.estrategiaconcursos.com.br\/blog\/concurso-trf-4\/#faq-question-1752585018015\",\"name\":\"Qual a remunera\u00e7\u00e3o inicial de Analista do TRF4?\",\"answerCount\":1,\"acceptedAnswer\":{\"@type\":\"Answer\",\"text\":\"O sal\u00e1rio inicial do cargo de Analista Judici\u00e1rio do TRF4 \u00e9 de R$ 14.852,98.\",\"inLanguage\":\"pt-BR\"},\"inLanguage\":\"pt-BR\"}]}<\/script>\n<!-- \/ Yoast SEO Premium plugin. -->","yoast_head_json":{"title":"Concurso TRF 4: resultado homologado; ganhe at\u00e9 R$ 16 mil!","description":"Edital do Concurso TRF 4 ofertou vagas em CR para T\u00e9cnico e Analista; resultados j\u00e1 dispon\u00edveis! Confira os detalhes","robots":{"index":"index","follow":"follow","max-snippet":"max-snippet:-1","max-image-preview":"max-image-preview:large","max-video-preview":"max-video-preview:-1"},"canonical":"https:\/\/www.estrategiaconcursos.com.br\/blog\/concurso-trf-4\/","og_locale":"pt_BR","og_type":"article","og_title":"Concurso TRF 4: resultado homologado; ganhe at\u00e9 R$ 16 mil!","og_description":"Edital do Concurso TRF 4 ofertou vagas em CR para T\u00e9cnico e Analista; resultados j\u00e1 dispon\u00edveis! Confira os detalhes","og_url":"https:\/\/www.estrategiaconcursos.com.br\/blog\/concurso-trf-4\/","og_site_name":"Estrat\u00e9gia Concursos","article_author":"https:\/\/www.facebook.com\/EstrategiaConcursos","article_published_time":"2026-03-03T08:07:00+00:00","article_modified_time":"2026-03-20T16:44:46+00:00","og_image":[{"width":768,"height":432,"url":"https:\/\/dhg1h5j42swfq.cloudfront.net\/2024\/09\/01131133\/trf-4.jpg","type":"image\/jpeg"}],"author":"Coordena\u00e7\u00e3o","twitter_card":"summary_large_image","twitter_creator":"@EstratConcursos","twitter_site":"@EstratConcursos","twitter_misc":{"Escrito por":"Coordena\u00e7\u00e3o","Est. tempo de leitura":"10 minutos"},"schema":{"@context":"https:\/\/schema.org","@graph":[{"@type":"NewsArticle","@id":"https:\/\/www.estrategiaconcursos.com.br\/blog\/concurso-trf-4\/#article","isPartOf":{"@id":"https:\/\/www.estrategiaconcursos.com.br\/blog\/concurso-trf-4\/"},"author":{"name":"Coordena\u00e7\u00e3o","@id":"https:\/\/www.estrategiaconcursos.com.br\/blog\/#\/schema\/person\/b4a388c97673c5f483d72185668afa1f"},"headline":"Concurso TRF 4: resultado homologado; ganhe at\u00e9 R$ 16 mil!","datePublished":"2026-03-03T08:07:00+00:00","dateModified":"2026-03-20T16:44:46+00:00","mainEntityOfPage":{"@id":"https:\/\/www.estrategiaconcursos.com.br\/blog\/concurso-trf-4\/"},"wordCount":2493,"commentCount":25,"publisher":{"@id":"https:\/\/www.estrategiaconcursos.com.br\/blog\/#organization"},"image":{"@id":"https:\/\/www.estrategiaconcursos.com.br\/blog\/concurso-trf-4\/#primaryimage"},"thumbnailUrl":"https:\/\/dhg1h5j42swfq.cloudfront.net\/2024\/09\/01131133\/trf-4.jpg","keywords":["TRF4"],"articleSection":["Tribunais"],"inLanguage":"pt-BR","potentialAction":[{"@type":"CommentAction","name":"Comment","target":["https:\/\/www.estrategiaconcursos.com.br\/blog\/concurso-trf-4\/#respond"]}],"copyrightYear":"2026","copyrightHolder":{"@id":"https:\/\/www.estrategiaconcursos.com.br\/blog\/#organization"}},{"@type":["WebPage","FAQPage"],"@id":"https:\/\/www.estrategiaconcursos.com.br\/blog\/concurso-trf-4\/","url":"https:\/\/www.estrategiaconcursos.com.br\/blog\/concurso-trf-4\/","name":"Concurso TRF 4: resultado homologado; ganhe at\u00e9 R$ 16 mil!","isPartOf":{"@id":"https:\/\/www.estrategiaconcursos.com.br\/blog\/#website"},"primaryImageOfPage":{"@id":"https:\/\/www.estrategiaconcursos.com.br\/blog\/concurso-trf-4\/#primaryimage"},"image":{"@id":"https:\/\/www.estrategiaconcursos.com.br\/blog\/concurso-trf-4\/#primaryimage"},"thumbnailUrl":"https:\/\/dhg1h5j42swfq.cloudfront.net\/2024\/09\/01131133\/trf-4.jpg","datePublished":"2026-03-03T08:07:00+00:00","dateModified":"2026-03-20T16:44:46+00:00","description":"Edital do Concurso TRF 4 ofertou vagas em CR para T\u00e9cnico e Analista; resultados j\u00e1 dispon\u00edveis! Confira os detalhes","breadcrumb":{"@id":"https:\/\/www.estrategiaconcursos.com.br\/blog\/concurso-trf-4\/#breadcrumb"},"mainEntity":[{"@id":"https:\/\/www.estrategiaconcursos.com.br\/blog\/concurso-trf-4\/#faq-question-1752584988963"},{"@id":"https:\/\/www.estrategiaconcursos.com.br\/blog\/concurso-trf-4\/#faq-question-1752585003703"},{"@id":"https:\/\/www.estrategiaconcursos.com.br\/blog\/concurso-trf-4\/#faq-question-1752585018015"}],"inLanguage":"pt-BR","potentialAction":[{"@type":"ReadAction","target":["https:\/\/www.estrategiaconcursos.com.br\/blog\/concurso-trf-4\/"]}]},{"@type":"ImageObject","inLanguage":"pt-BR","@id":"https:\/\/www.estrategiaconcursos.com.br\/blog\/concurso-trf-4\/#primaryimage","url":"https:\/\/dhg1h5j42swfq.cloudfront.net\/2024\/09\/01131133\/trf-4.jpg","contentUrl":"https:\/\/dhg1h5j42swfq.cloudfront.net\/2024\/09\/01131133\/trf-4.jpg","width":768,"height":432,"caption":"notas de corte do concurso TRF 4 2019"},{"@type":"BreadcrumbList","@id":"https:\/\/www.estrategiaconcursos.com.br\/blog\/concurso-trf-4\/#breadcrumb","itemListElement":[{"@type":"ListItem","position":1,"name":"In\u00edcio","item":"https:\/\/www.estrategiaconcursos.com.br\/blog\/"},{"@type":"ListItem","position":2,"name":"Concurso TRF 4: resultado homologado; ganhe at\u00e9 R$ 16 mil!"}]},{"@type":"WebSite","@id":"https:\/\/www.estrategiaconcursos.com.br\/blog\/#website","url":"https:\/\/www.estrategiaconcursos.com.br\/blog\/","name":"Estrat\u00e9gia Concursos","description":"O blog da Estrat\u00e9gia Concursos traz not\u00edcias sobre concursos e artigos de professores oferecendo cursos para concursos (pdf + videaulas) no site.","publisher":{"@id":"https:\/\/www.estrategiaconcursos.com.br\/blog\/#organization"},"potentialAction":[{"@type":"SearchAction","target":{"@type":"EntryPoint","urlTemplate":"https:\/\/www.estrategiaconcursos.com.br\/blog\/?s={search_term_string}"},"query-input":{"@type":"PropertyValueSpecification","valueRequired":true,"valueName":"search_term_string"}}],"inLanguage":"pt-BR"},{"@type":"Organization","@id":"https:\/\/www.estrategiaconcursos.com.br\/blog\/#organization","name":"Estrat\u00e9gia Concursos","url":"https:\/\/www.estrategiaconcursos.com.br\/blog\/","logo":{"@type":"ImageObject","inLanguage":"pt-BR","@id":"https:\/\/www.estrategiaconcursos.com.br\/blog\/#\/schema\/logo\/image\/","url":"https:\/\/dhg1h5j42swfq.cloudfront.net\/2025\/06\/03203428\/logo_concursos-1.jpg","contentUrl":"https:\/\/dhg1h5j42swfq.cloudfront.net\/2025\/06\/03203428\/logo_concursos-1.jpg","width":230,"height":60,"caption":"Estrat\u00e9gia Concursos"},"image":{"@id":"https:\/\/www.estrategiaconcursos.com.br\/blog\/#\/schema\/logo\/image\/"},"sameAs":["https:\/\/x.com\/EstratConcursos"]},{"@type":"Person","@id":"https:\/\/www.estrategiaconcursos.com.br\/blog\/#\/schema\/person\/b4a388c97673c5f483d72185668afa1f","name":"Coordena\u00e7\u00e3o","image":{"@type":"ImageObject","inLanguage":"pt-BR","@id":"https:\/\/secure.gravatar.com\/avatar\/b720319e4c9a967eb58678d110f4fe35452fc5d5f97b202bac7b8acceb18c6ad?s=96&d=mm&r=g","url":"https:\/\/secure.gravatar.com\/avatar\/b720319e4c9a967eb58678d110f4fe35452fc5d5f97b202bac7b8acceb18c6ad?s=96&d=mm&r=g","contentUrl":"https:\/\/secure.gravatar.com\/avatar\/b720319e4c9a967eb58678d110f4fe35452fc5d5f97b202bac7b8acceb18c6ad?s=96&d=mm&r=g","caption":"Coordena\u00e7\u00e3o"},"sameAs":["https:\/\/www.facebook.com\/EstrategiaConcursos","https:\/\/x.com\/EstratConcursos"],"url":"https:\/\/www.estrategiaconcursos.com.br\/blog\/author\/estrategia2013\/"},{"@type":"Question","@id":"https:\/\/www.estrategiaconcursos.com.br\/blog\/concurso-trf-4\/#faq-question-1752584988963","position":1,"url":"https:\/\/www.estrategiaconcursos.com.br\/blog\/concurso-trf-4\/#faq-question-1752584988963","name":"Quanto ganha um T\u00e9cnico Judici\u00e1rio do TRF4?","answerCount":1,"acceptedAnswer":{"@type":"Answer","text":"Um t\u00e9cnico judici\u00e1rio do TRF4 ganha R$ 9.052,54 de sal\u00e1rio inicial.","inLanguage":"pt-BR"},"inLanguage":"pt-BR"},{"@type":"Question","@id":"https:\/\/www.estrategiaconcursos.com.br\/blog\/concurso-trf-4\/#faq-question-1752585003703","position":2,"url":"https:\/\/www.estrategiaconcursos.com.br\/blog\/concurso-trf-4\/#faq-question-1752585003703","name":"Quando foi o \u00faltimo concurso do TRF4?","answerCount":1,"acceptedAnswer":{"@type":"Answer","text":"O edital do \u00faltimo concurso TRF4 foi publicado em 2019.","inLanguage":"pt-BR"},"inLanguage":"pt-BR"},{"@type":"Question","@id":"https:\/\/www.estrategiaconcursos.com.br\/blog\/concurso-trf-4\/#faq-question-1752585018015","position":3,"url":"https:\/\/www.estrategiaconcursos.com.br\/blog\/concurso-trf-4\/#faq-question-1752585018015","name":"Qual a remunera\u00e7\u00e3o inicial de Analista do TRF4?","answerCount":1,"acceptedAnswer":{"@type":"Answer","text":"O sal\u00e1rio inicial do cargo de Analista Judici\u00e1rio do TRF4 \u00e9 de R$ 14.852,98.","inLanguage":"pt-BR"},"inLanguage":"pt-BR"}]}},"_links":{"self":[{"href":"https:\/\/www.estrategiaconcursos.com.br\/blog\/wp-json\/wp\/v2\/posts\/45898","targetHints":{"allow":["GET"]}}],"collection":[{"href":"https:\/\/www.estrategiaconcursos.com.br\/blog\/wp-json\/wp\/v2\/posts"}],"about":[{"href":"https:\/\/www.estrategiaconcursos.com.br\/blog\/wp-json\/wp\/v2\/types\/post"}],"author":[{"embeddable":true,"href":"https:\/\/www.estrategiaconcursos.com.br\/blog\/wp-json\/wp\/v2\/users\/1"}],"replies":[{"embeddable":true,"href":"https:\/\/www.estrategiaconcursos.com.br\/blog\/wp-json\/wp\/v2\/comments?post=45898"}],"version-history":[{"count":281,"href":"https:\/\/www.estrategiaconcursos.com.br\/blog\/wp-json\/wp\/v2\/posts\/45898\/revisions"}],"predecessor-version":[{"id":1740914,"href":"https:\/\/www.estrategiaconcursos.com.br\/blog\/wp-json\/wp\/v2\/posts\/45898\/revisions\/1740914"}],"wp:featuredmedia":[{"embeddable":true,"href":"https:\/\/www.estrategiaconcursos.com.br\/blog\/wp-json\/wp\/v2\/media\/1469604"}],"wp:attachment":[{"href":"https:\/\/www.estrategiaconcursos.com.br\/blog\/wp-json\/wp\/v2\/media?parent=45898"}],"wp:term":[{"taxonomy":"category","embeddable":true,"href":"https:\/\/www.estrategiaconcursos.com.br\/blog\/wp-json\/wp\/v2\/categories?post=45898"},{"taxonomy":"post_tag","embeddable":true,"href":"https:\/\/www.estrategiaconcursos.com.br\/blog\/wp-json\/wp\/v2\/tags?post=45898"},{"taxonomy":"tax_estado","embeddable":true,"href":"https:\/\/www.estrategiaconcursos.com.br\/blog\/wp-json\/wp\/v2\/tax_estado?post=45898"}],"curies":[{"name":"wp","href":"https:\/\/api.w.org\/{rel}","templated":true}]}}