{"id":458918,"date":"2019-12-11T11:58:11","date_gmt":"2019-12-11T14:58:11","guid":{"rendered":"https:\/\/www.estrategiaconcursos.com.br\/blog\/?p=458918"},"modified":"2019-12-30T18:13:42","modified_gmt":"2019-12-30T21:13:42","slug":"prefeitura-de-nova-iguacu-retifica-licitacao-de-novo-concurso-da-semed","status":"publish","type":"post","link":"https:\/\/www.estrategiaconcursos.com.br\/blog\/prefeitura-de-nova-iguacu-retifica-licitacao-de-novo-concurso-da-semed\/","title":{"rendered":"Prefeitura de Nova Igua\u00e7u retifica licita\u00e7\u00e3o de novo concurso da SEMED"},"content":{"rendered":"\n<p>A <strong>Prefeitura de Nova Igua\u00e7u<\/strong> divulgou nesta quarta-feira (11) uma errata do edital de licita\u00e7\u00e3o que ir\u00e1 escolher a organizadora dos pr\u00f3ximos concursos da SEMED  e da SEMUS.<\/p>\n\n\n\n<p>De acordo com o documento, publicado no Di\u00e1rio Oficial do Munic\u00edpio,  a abertura  das propostas do preg\u00e3o eletr\u00f4nico foi reagendada para o dia <strong>23 de dezembro de 2019<\/strong>. <\/p>\n\n\n\n<p>O concurso ter\u00e1 786 vagas para a \u00e1rea da educa\u00e7\u00e3o. S\u00e3o oportunidades para Pedagogo, Orientador Educacional, Orientador Pedag\u00f3gico e Professor. Confira a distribui\u00e7\u00e3o das vagas:<\/p>\n\n\n\n<p>Pedagogo III: 1 vaga<br \/>Remunera\u00e7\u00e3o inicial: R$ 3.058,46<\/p>\n\n\n\n<p>Professor I: 244 vagas.<br \/>Remunera\u00e7\u00e3o Inicial: R$ 1.781,79 <\/p>\n\n\n\n<p>Professor II: 459 vagas<br \/>Remunera\u00e7\u00e3o inicial: R$ 1.696,94 <\/p>\n\n\n\n<p>Orientador Educacional: 34 vagas<br \/>Remunera\u00e7\u00e3o inicial:  R$ 3.058,46  <\/p>\n\n\n\n<p>Orientador Pedag\u00f3gico: 48 vagas<br \/>Remunera\u00e7\u00e3o inicial:  R$ 3.058,46  <\/p>\n\n\n\n<p> Os valores se referem ao sal\u00e1rio base, e para todos os cargos haver\u00e1 o benef\u00edcio de aux\u00edlio transporte no valor de R$ 146,53.<\/p>\n\n\n\n<p>A remunera\u00e7\u00e3o dos Professores I e II ser\u00e3o acrescidos de recursos do FUNDEB.<\/p>\n\n\n\n<p>No projeto b\u00e1sico do concurso tamb\u00e9m h\u00e1 o <strong>cronograma estimado<\/strong> da sele\u00e7\u00e3o. De acordo com a tabela, as inscri\u00e7\u00f5es est\u00e3o previstas para janeiro de 2020 e a realiza\u00e7\u00e3o da primeira etapa est\u00e1 agendada para fevereiro. Confira o cronograma completo:<\/p>\n\n\n\n<figure class=\"wp-block-image\"><img loading=\"lazy\" decoding=\"async\" width=\"677\" height=\"494\" src=\"https:\/\/dhg1h5j42swfq.cloudfront.net\/2019\/12\/11115308\/image71.png\" alt=\"\" class=\"wp-image-458953\" srcset=\"https:\/\/dhg1h5j42swfq.cloudfront.net\/2019\/12\/11115308\/image71.png 677w, https:\/\/dhg1h5j42swfq.cloudfront.net\/2019\/12\/11115308\/image71.png 300w, https:\/\/dhg1h5j42swfq.cloudfront.net\/2019\/12\/11115308\/image71.png 610w\" sizes=\"auto, (max-width: 677px) 100vw, 677px\" \/><\/figure>\n\n\n\n<p class=\"has-background has-text-align-center has-medium-font-size has-light-green-cyan-background-color\"><em><a href=\"https:\/\/www.estrategiaconcursos.com.br\/blog\/concurso-semed-nova-iguacu-rj-licitacao\/\" target=\"_blank\" rel=\"noreferrer noopener\" aria-label=\"Clique aqui para mais informa\u00e7\u00f5es sobre o concurso SEMED Nova Igua\u00e7u - RJ (abre numa nova aba)\">Clique aqui para mais informa\u00e7\u00f5es sobre o concurso SEMED Nova Igua\u00e7u &#8211; RJ<\/a><\/em><\/p>\n\n\n\n<p style=\"font-size:25px\" class=\"has-background has-text-align-center has-very-light-gray-background-color\"><a rel=\"noreferrer noopener\" href=\"https:\/\/www.estrategiaconcursos.com.br\/cursos\/concurso\/\" target=\"_blank\"><strong><em>Curso para concurso<\/em><\/strong><\/a><\/p>\n\n\n\n<h4 class=\"has-text-align-center wp-block-heading\" id=\"assinatura\"><em><strong>Assinatura Anual Ilimitada*<\/strong><\/em><\/h4>\n\n\n\n<p class=\"has-text-align-center\"><em>Prepare-se com o melhor material e com quem mais aprova em Concursos P\u00fablicos em todo o pa\u00eds. Assine agora a nossa Assinatura Anual e tenha acesso ilimitado* a todos os nossos cursos.<\/em><\/p>\n\n\n\n<p class=\"has-background has-text-align-center has-luminous-vivid-amber-background-color\"><strong>ASSINE AGORA<\/strong>&nbsp;\u2013&nbsp;<a rel=\"noreferrer noopener\" href=\"https:\/\/www.estrategiaconcursos.com.br\/assinaturas\" target=\"_blank\">Assinatura Ilimitada<\/a><\/p>\n\n\n\n<p class=\"has-text-align-center\"><strong><em>Fique por dentro dos concursos vigentes:<\/em><\/strong><\/p>\n\n\n\n<p class=\"has-background has-text-align-center has-pale-cyan-blue-background-color\"><strong><a rel=\"noreferrer noopener\" href=\"https:\/\/www.estrategiaconcursos.com.br\/blog\/concursos-abertos\/\" target=\"_blank\">CONCURSOS ABERTOS<\/a><\/strong><\/p>\n\n\n\n<p class=\"has-background has-text-align-center has-pale-cyan-blue-background-color\"><strong><a rel=\"noreferrer noopener\" href=\"https:\/\/www.estrategiaconcursos.com.br\/blog\/concursos-2020\/\" target=\"_blank\">CONCURSOS&nbsp;2020<\/a><\/strong><\/p>\n","protected":false},"excerpt":{"rendered":"<p>A Prefeitura de Nova Igua\u00e7u divulgou nesta quarta-feira (11) uma errata do edital de licita\u00e7\u00e3o que ir\u00e1 escolher a organizadora dos pr\u00f3ximos concursos da SEMED e da SEMUS. De acordo com o documento, publicado no Di\u00e1rio Oficial do Munic\u00edpio, a abertura das propostas do preg\u00e3o eletr\u00f4nico foi reagendada para o dia 23 de dezembro de [&hellip;]<\/p>\n","protected":false},"author":873,"featured_media":458959,"comment_status":"open","ping_status":"closed","sticky":false,"template":"","format":"standard","meta":{"post_tipo":"article","footnotes":""},"categories":[3766],"tags":[],"tax_estado":[],"class_list":["post-458918","post","type-post","status-publish","format-standard","has-post-thumbnail","hentry","category-educacional"],"acf":[],"yoast_head":"<!-- This site is optimized with the Yoast SEO Premium plugin v27.2 (Yoast SEO v27.2) - https:\/\/yoast.com\/product\/yoast-seo-premium-wordpress\/ -->\n<title>Prefeitura de Nova Igua\u00e7u retifica licita\u00e7\u00e3o de novo concurso da SEMED<\/title>\n<meta name=\"robots\" content=\"index, follow, max-snippet:-1, max-image-preview:large, max-video-preview:-1\" \/>\n<link rel=\"canonical\" href=\"https:\/\/www.estrategiaconcursos.com.br\/blog\/prefeitura-de-nova-iguacu-retifica-licitacao-de-novo-concurso-da-semed\/\" \/>\n<meta property=\"og:locale\" content=\"pt_BR\" \/>\n<meta property=\"og:type\" content=\"article\" \/>\n<meta property=\"og:title\" content=\"Prefeitura de Nova Igua\u00e7u retifica licita\u00e7\u00e3o de novo concurso da SEMED\" \/>\n<meta property=\"og:description\" content=\"A Prefeitura de Nova Igua\u00e7u divulgou nesta quarta-feira (11) uma errata do edital de licita\u00e7\u00e3o que ir\u00e1 escolher a organizadora dos pr\u00f3ximos concursos da SEMED e da SEMUS. De acordo com o documento, publicado no Di\u00e1rio Oficial do Munic\u00edpio, a abertura das propostas do preg\u00e3o eletr\u00f4nico foi reagendada para o dia 23 de dezembro de [&hellip;]\" \/>\n<meta property=\"og:url\" content=\"https:\/\/www.estrategiaconcursos.com.br\/blog\/prefeitura-de-nova-iguacu-retifica-licitacao-de-novo-concurso-da-semed\/\" \/>\n<meta property=\"og:site_name\" content=\"Estrat\u00e9gia Concursos\" \/>\n<meta property=\"article:published_time\" content=\"2019-12-11T14:58:11+00:00\" \/>\n<meta property=\"article:modified_time\" content=\"2019-12-30T21:13:42+00:00\" \/>\n<meta property=\"og:image\" content=\"https:\/\/dhg1h5j42swfq.cloudfront.net\/2019\/12\/11115742\/SEMED-Nova-Igua%C3%A7u-RJ.jpg\" \/>\n\t<meta property=\"og:image:width\" content=\"1200\" \/>\n\t<meta property=\"og:image:height\" content=\"628\" \/>\n\t<meta property=\"og:image:type\" content=\"image\/jpeg\" \/>\n<meta name=\"author\" content=\"Renato Alonso\" \/>\n<meta name=\"twitter:card\" content=\"summary_large_image\" \/>\n<meta name=\"twitter:creator\" content=\"@EstratConcursos\" \/>\n<meta name=\"twitter:site\" content=\"@EstratConcursos\" \/>\n<meta name=\"twitter:label1\" content=\"Escrito por\" \/>\n\t<meta name=\"twitter:data1\" content=\"Renato Alonso\" \/>\n\t<meta name=\"twitter:label2\" content=\"Est. tempo de leitura\" \/>\n\t<meta name=\"twitter:data2\" content=\"1 minuto\" \/>\n<script type=\"application\/ld+json\" class=\"yoast-schema-graph\">{\"@context\":\"https:\/\/schema.org\",\"@graph\":[{\"@type\":\"NewsArticle\",\"@id\":\"https:\/\/www.estrategiaconcursos.com.br\/blog\/prefeitura-de-nova-iguacu-retifica-licitacao-de-novo-concurso-da-semed\/#article\",\"isPartOf\":{\"@id\":\"https:\/\/www.estrategiaconcursos.com.br\/blog\/prefeitura-de-nova-iguacu-retifica-licitacao-de-novo-concurso-da-semed\/\"},\"author\":{\"name\":\"Renato Alonso\",\"@id\":\"https:\/\/www.estrategiaconcursos.com.br\/blog\/#\/schema\/person\/6c30fc5077c07b77abad97e518519a91\"},\"headline\":\"Prefeitura de Nova Igua\u00e7u retifica licita\u00e7\u00e3o de novo concurso da SEMED\",\"datePublished\":\"2019-12-11T14:58:11+00:00\",\"dateModified\":\"2019-12-30T21:13:42+00:00\",\"mainEntityOfPage\":{\"@id\":\"https:\/\/www.estrategiaconcursos.com.br\/blog\/prefeitura-de-nova-iguacu-retifica-licitacao-de-novo-concurso-da-semed\/\"},\"wordCount\":288,\"commentCount\":0,\"publisher\":{\"@id\":\"https:\/\/www.estrategiaconcursos.com.br\/blog\/#organization\"},\"image\":{\"@id\":\"https:\/\/www.estrategiaconcursos.com.br\/blog\/prefeitura-de-nova-iguacu-retifica-licitacao-de-novo-concurso-da-semed\/#primaryimage\"},\"thumbnailUrl\":\"https:\/\/dhg1h5j42swfq.cloudfront.net\/2019\/12\/11115742\/SEMED-Nova-Igua%C3%A7u-RJ.jpg\",\"articleSection\":[\"Educa\u00e7\u00e3o\"],\"inLanguage\":\"pt-BR\",\"potentialAction\":[{\"@type\":\"CommentAction\",\"name\":\"Comment\",\"target\":[\"https:\/\/www.estrategiaconcursos.com.br\/blog\/prefeitura-de-nova-iguacu-retifica-licitacao-de-novo-concurso-da-semed\/#respond\"]}],\"copyrightYear\":\"2019\",\"copyrightHolder\":{\"@id\":\"https:\/\/www.estrategiaconcursos.com.br\/blog\/#organization\"}},{\"@type\":\"WebPage\",\"@id\":\"https:\/\/www.estrategiaconcursos.com.br\/blog\/prefeitura-de-nova-iguacu-retifica-licitacao-de-novo-concurso-da-semed\/\",\"url\":\"https:\/\/www.estrategiaconcursos.com.br\/blog\/prefeitura-de-nova-iguacu-retifica-licitacao-de-novo-concurso-da-semed\/\",\"name\":\"Prefeitura de Nova Igua\u00e7u retifica licita\u00e7\u00e3o de novo concurso da SEMED\",\"isPartOf\":{\"@id\":\"https:\/\/www.estrategiaconcursos.com.br\/blog\/#website\"},\"primaryImageOfPage\":{\"@id\":\"https:\/\/www.estrategiaconcursos.com.br\/blog\/prefeitura-de-nova-iguacu-retifica-licitacao-de-novo-concurso-da-semed\/#primaryimage\"},\"image\":{\"@id\":\"https:\/\/www.estrategiaconcursos.com.br\/blog\/prefeitura-de-nova-iguacu-retifica-licitacao-de-novo-concurso-da-semed\/#primaryimage\"},\"thumbnailUrl\":\"https:\/\/dhg1h5j42swfq.cloudfront.net\/2019\/12\/11115742\/SEMED-Nova-Igua%C3%A7u-RJ.jpg\",\"datePublished\":\"2019-12-11T14:58:11+00:00\",\"dateModified\":\"2019-12-30T21:13:42+00:00\",\"breadcrumb\":{\"@id\":\"https:\/\/www.estrategiaconcursos.com.br\/blog\/prefeitura-de-nova-iguacu-retifica-licitacao-de-novo-concurso-da-semed\/#breadcrumb\"},\"inLanguage\":\"pt-BR\",\"potentialAction\":[{\"@type\":\"ReadAction\",\"target\":[\"https:\/\/www.estrategiaconcursos.com.br\/blog\/prefeitura-de-nova-iguacu-retifica-licitacao-de-novo-concurso-da-semed\/\"]}]},{\"@type\":\"ImageObject\",\"inLanguage\":\"pt-BR\",\"@id\":\"https:\/\/www.estrategiaconcursos.com.br\/blog\/prefeitura-de-nova-iguacu-retifica-licitacao-de-novo-concurso-da-semed\/#primaryimage\",\"url\":\"https:\/\/dhg1h5j42swfq.cloudfront.net\/2019\/12\/11115742\/SEMED-Nova-Igua%C3%A7u-RJ.jpg\",\"contentUrl\":\"https:\/\/dhg1h5j42swfq.cloudfront.net\/2019\/12\/11115742\/SEMED-Nova-Igua%C3%A7u-RJ.jpg\",\"width\":1200,\"height\":628,\"caption\":\"CONCURSO SEMED NOVA IGUA\u00c7U\"},{\"@type\":\"BreadcrumbList\",\"@id\":\"https:\/\/www.estrategiaconcursos.com.br\/blog\/prefeitura-de-nova-iguacu-retifica-licitacao-de-novo-concurso-da-semed\/#breadcrumb\",\"itemListElement\":[{\"@type\":\"ListItem\",\"position\":1,\"name\":\"In\u00edcio\",\"item\":\"https:\/\/www.estrategiaconcursos.com.br\/blog\/\"},{\"@type\":\"ListItem\",\"position\":2,\"name\":\"Prefeitura de Nova Igua\u00e7u retifica licita\u00e7\u00e3o de novo concurso da SEMED\"}]},{\"@type\":\"WebSite\",\"@id\":\"https:\/\/www.estrategiaconcursos.com.br\/blog\/#website\",\"url\":\"https:\/\/www.estrategiaconcursos.com.br\/blog\/\",\"name\":\"Estrat\u00e9gia Concursos\",\"description\":\"O blog da Estrat\u00e9gia Concursos traz not\u00edcias sobre concursos e artigos de professores oferecendo cursos para concursos (pdf + videaulas) no site.\",\"publisher\":{\"@id\":\"https:\/\/www.estrategiaconcursos.com.br\/blog\/#organization\"},\"potentialAction\":[{\"@type\":\"SearchAction\",\"target\":{\"@type\":\"EntryPoint\",\"urlTemplate\":\"https:\/\/www.estrategiaconcursos.com.br\/blog\/?s={search_term_string}\"},\"query-input\":{\"@type\":\"PropertyValueSpecification\",\"valueRequired\":true,\"valueName\":\"search_term_string\"}}],\"inLanguage\":\"pt-BR\"},{\"@type\":\"Organization\",\"@id\":\"https:\/\/www.estrategiaconcursos.com.br\/blog\/#organization\",\"name\":\"Estrat\u00e9gia Concursos\",\"url\":\"https:\/\/www.estrategiaconcursos.com.br\/blog\/\",\"logo\":{\"@type\":\"ImageObject\",\"inLanguage\":\"pt-BR\",\"@id\":\"https:\/\/www.estrategiaconcursos.com.br\/blog\/#\/schema\/logo\/image\/\",\"url\":\"https:\/\/dhg1h5j42swfq.cloudfront.net\/2025\/06\/03203428\/logo_concursos-1.jpg\",\"contentUrl\":\"https:\/\/dhg1h5j42swfq.cloudfront.net\/2025\/06\/03203428\/logo_concursos-1.jpg\",\"width\":230,\"height\":60,\"caption\":\"Estrat\u00e9gia Concursos\"},\"image\":{\"@id\":\"https:\/\/www.estrategiaconcursos.com.br\/blog\/#\/schema\/logo\/image\/\"},\"sameAs\":[\"https:\/\/x.com\/EstratConcursos\"]},{\"@type\":\"Person\",\"@id\":\"https:\/\/www.estrategiaconcursos.com.br\/blog\/#\/schema\/person\/6c30fc5077c07b77abad97e518519a91\",\"name\":\"Renato Alonso\",\"image\":{\"@type\":\"ImageObject\",\"inLanguage\":\"pt-BR\",\"@id\":\"https:\/\/secure.gravatar.com\/avatar\/b7d3996055df04276647c0749e550841e4c9435398591318e5c5805376ea3251?s=96&d=mm&r=g\",\"url\":\"https:\/\/secure.gravatar.com\/avatar\/b7d3996055df04276647c0749e550841e4c9435398591318e5c5805376ea3251?s=96&d=mm&r=g\",\"contentUrl\":\"https:\/\/secure.gravatar.com\/avatar\/b7d3996055df04276647c0749e550841e4c9435398591318e5c5805376ea3251?s=96&d=mm&r=g\",\"caption\":\"Renato Alonso\"},\"url\":\"https:\/\/www.estrategiaconcursos.com.br\/blog\/author\/renato-mendesestrategiaconcursos-com-br\/\"}]}<\/script>\n<!-- \/ Yoast SEO Premium plugin. -->","yoast_head_json":{"title":"Prefeitura de Nova Igua\u00e7u retifica licita\u00e7\u00e3o de novo concurso da SEMED","robots":{"index":"index","follow":"follow","max-snippet":"max-snippet:-1","max-image-preview":"max-image-preview:large","max-video-preview":"max-video-preview:-1"},"canonical":"https:\/\/www.estrategiaconcursos.com.br\/blog\/prefeitura-de-nova-iguacu-retifica-licitacao-de-novo-concurso-da-semed\/","og_locale":"pt_BR","og_type":"article","og_title":"Prefeitura de Nova Igua\u00e7u retifica licita\u00e7\u00e3o de novo concurso da SEMED","og_description":"A Prefeitura de Nova Igua\u00e7u divulgou nesta quarta-feira (11) uma errata do edital de licita\u00e7\u00e3o que ir\u00e1 escolher a organizadora dos pr\u00f3ximos concursos da SEMED e da SEMUS. De acordo com o documento, publicado no Di\u00e1rio Oficial do Munic\u00edpio, a abertura das propostas do preg\u00e3o eletr\u00f4nico foi reagendada para o dia 23 de dezembro de [&hellip;]","og_url":"https:\/\/www.estrategiaconcursos.com.br\/blog\/prefeitura-de-nova-iguacu-retifica-licitacao-de-novo-concurso-da-semed\/","og_site_name":"Estrat\u00e9gia Concursos","article_published_time":"2019-12-11T14:58:11+00:00","article_modified_time":"2019-12-30T21:13:42+00:00","og_image":[{"width":1200,"height":628,"url":"https:\/\/dhg1h5j42swfq.cloudfront.net\/2019\/12\/11115742\/SEMED-Nova-Igua%C3%A7u-RJ.jpg","type":"image\/jpeg"}],"author":"Renato Alonso","twitter_card":"summary_large_image","twitter_creator":"@EstratConcursos","twitter_site":"@EstratConcursos","twitter_misc":{"Escrito por":"Renato Alonso","Est. tempo de leitura":"1 minuto"},"schema":{"@context":"https:\/\/schema.org","@graph":[{"@type":"NewsArticle","@id":"https:\/\/www.estrategiaconcursos.com.br\/blog\/prefeitura-de-nova-iguacu-retifica-licitacao-de-novo-concurso-da-semed\/#article","isPartOf":{"@id":"https:\/\/www.estrategiaconcursos.com.br\/blog\/prefeitura-de-nova-iguacu-retifica-licitacao-de-novo-concurso-da-semed\/"},"author":{"name":"Renato Alonso","@id":"https:\/\/www.estrategiaconcursos.com.br\/blog\/#\/schema\/person\/6c30fc5077c07b77abad97e518519a91"},"headline":"Prefeitura de Nova Igua\u00e7u retifica licita\u00e7\u00e3o de novo concurso da SEMED","datePublished":"2019-12-11T14:58:11+00:00","dateModified":"2019-12-30T21:13:42+00:00","mainEntityOfPage":{"@id":"https:\/\/www.estrategiaconcursos.com.br\/blog\/prefeitura-de-nova-iguacu-retifica-licitacao-de-novo-concurso-da-semed\/"},"wordCount":288,"commentCount":0,"publisher":{"@id":"https:\/\/www.estrategiaconcursos.com.br\/blog\/#organization"},"image":{"@id":"https:\/\/www.estrategiaconcursos.com.br\/blog\/prefeitura-de-nova-iguacu-retifica-licitacao-de-novo-concurso-da-semed\/#primaryimage"},"thumbnailUrl":"https:\/\/dhg1h5j42swfq.cloudfront.net\/2019\/12\/11115742\/SEMED-Nova-Igua%C3%A7u-RJ.jpg","articleSection":["Educa\u00e7\u00e3o"],"inLanguage":"pt-BR","potentialAction":[{"@type":"CommentAction","name":"Comment","target":["https:\/\/www.estrategiaconcursos.com.br\/blog\/prefeitura-de-nova-iguacu-retifica-licitacao-de-novo-concurso-da-semed\/#respond"]}],"copyrightYear":"2019","copyrightHolder":{"@id":"https:\/\/www.estrategiaconcursos.com.br\/blog\/#organization"}},{"@type":"WebPage","@id":"https:\/\/www.estrategiaconcursos.com.br\/blog\/prefeitura-de-nova-iguacu-retifica-licitacao-de-novo-concurso-da-semed\/","url":"https:\/\/www.estrategiaconcursos.com.br\/blog\/prefeitura-de-nova-iguacu-retifica-licitacao-de-novo-concurso-da-semed\/","name":"Prefeitura de Nova Igua\u00e7u retifica licita\u00e7\u00e3o de novo concurso da SEMED","isPartOf":{"@id":"https:\/\/www.estrategiaconcursos.com.br\/blog\/#website"},"primaryImageOfPage":{"@id":"https:\/\/www.estrategiaconcursos.com.br\/blog\/prefeitura-de-nova-iguacu-retifica-licitacao-de-novo-concurso-da-semed\/#primaryimage"},"image":{"@id":"https:\/\/www.estrategiaconcursos.com.br\/blog\/prefeitura-de-nova-iguacu-retifica-licitacao-de-novo-concurso-da-semed\/#primaryimage"},"thumbnailUrl":"https:\/\/dhg1h5j42swfq.cloudfront.net\/2019\/12\/11115742\/SEMED-Nova-Igua%C3%A7u-RJ.jpg","datePublished":"2019-12-11T14:58:11+00:00","dateModified":"2019-12-30T21:13:42+00:00","breadcrumb":{"@id":"https:\/\/www.estrategiaconcursos.com.br\/blog\/prefeitura-de-nova-iguacu-retifica-licitacao-de-novo-concurso-da-semed\/#breadcrumb"},"inLanguage":"pt-BR","potentialAction":[{"@type":"ReadAction","target":["https:\/\/www.estrategiaconcursos.com.br\/blog\/prefeitura-de-nova-iguacu-retifica-licitacao-de-novo-concurso-da-semed\/"]}]},{"@type":"ImageObject","inLanguage":"pt-BR","@id":"https:\/\/www.estrategiaconcursos.com.br\/blog\/prefeitura-de-nova-iguacu-retifica-licitacao-de-novo-concurso-da-semed\/#primaryimage","url":"https:\/\/dhg1h5j42swfq.cloudfront.net\/2019\/12\/11115742\/SEMED-Nova-Igua%C3%A7u-RJ.jpg","contentUrl":"https:\/\/dhg1h5j42swfq.cloudfront.net\/2019\/12\/11115742\/SEMED-Nova-Igua%C3%A7u-RJ.jpg","width":1200,"height":628,"caption":"CONCURSO SEMED NOVA IGUA\u00c7U"},{"@type":"BreadcrumbList","@id":"https:\/\/www.estrategiaconcursos.com.br\/blog\/prefeitura-de-nova-iguacu-retifica-licitacao-de-novo-concurso-da-semed\/#breadcrumb","itemListElement":[{"@type":"ListItem","position":1,"name":"In\u00edcio","item":"https:\/\/www.estrategiaconcursos.com.br\/blog\/"},{"@type":"ListItem","position":2,"name":"Prefeitura de Nova Igua\u00e7u retifica licita\u00e7\u00e3o de novo concurso da SEMED"}]},{"@type":"WebSite","@id":"https:\/\/www.estrategiaconcursos.com.br\/blog\/#website","url":"https:\/\/www.estrategiaconcursos.com.br\/blog\/","name":"Estrat\u00e9gia Concursos","description":"O blog da Estrat\u00e9gia Concursos traz not\u00edcias sobre concursos e artigos de professores oferecendo cursos para concursos (pdf + videaulas) no site.","publisher":{"@id":"https:\/\/www.estrategiaconcursos.com.br\/blog\/#organization"},"potentialAction":[{"@type":"SearchAction","target":{"@type":"EntryPoint","urlTemplate":"https:\/\/www.estrategiaconcursos.com.br\/blog\/?s={search_term_string}"},"query-input":{"@type":"PropertyValueSpecification","valueRequired":true,"valueName":"search_term_string"}}],"inLanguage":"pt-BR"},{"@type":"Organization","@id":"https:\/\/www.estrategiaconcursos.com.br\/blog\/#organization","name":"Estrat\u00e9gia Concursos","url":"https:\/\/www.estrategiaconcursos.com.br\/blog\/","logo":{"@type":"ImageObject","inLanguage":"pt-BR","@id":"https:\/\/www.estrategiaconcursos.com.br\/blog\/#\/schema\/logo\/image\/","url":"https:\/\/dhg1h5j42swfq.cloudfront.net\/2025\/06\/03203428\/logo_concursos-1.jpg","contentUrl":"https:\/\/dhg1h5j42swfq.cloudfront.net\/2025\/06\/03203428\/logo_concursos-1.jpg","width":230,"height":60,"caption":"Estrat\u00e9gia Concursos"},"image":{"@id":"https:\/\/www.estrategiaconcursos.com.br\/blog\/#\/schema\/logo\/image\/"},"sameAs":["https:\/\/x.com\/EstratConcursos"]},{"@type":"Person","@id":"https:\/\/www.estrategiaconcursos.com.br\/blog\/#\/schema\/person\/6c30fc5077c07b77abad97e518519a91","name":"Renato Alonso","image":{"@type":"ImageObject","inLanguage":"pt-BR","@id":"https:\/\/secure.gravatar.com\/avatar\/b7d3996055df04276647c0749e550841e4c9435398591318e5c5805376ea3251?s=96&d=mm&r=g","url":"https:\/\/secure.gravatar.com\/avatar\/b7d3996055df04276647c0749e550841e4c9435398591318e5c5805376ea3251?s=96&d=mm&r=g","contentUrl":"https:\/\/secure.gravatar.com\/avatar\/b7d3996055df04276647c0749e550841e4c9435398591318e5c5805376ea3251?s=96&d=mm&r=g","caption":"Renato Alonso"},"url":"https:\/\/www.estrategiaconcursos.com.br\/blog\/author\/renato-mendesestrategiaconcursos-com-br\/"}]}},"_links":{"self":[{"href":"https:\/\/www.estrategiaconcursos.com.br\/blog\/wp-json\/wp\/v2\/posts\/458918","targetHints":{"allow":["GET"]}}],"collection":[{"href":"https:\/\/www.estrategiaconcursos.com.br\/blog\/wp-json\/wp\/v2\/posts"}],"about":[{"href":"https:\/\/www.estrategiaconcursos.com.br\/blog\/wp-json\/wp\/v2\/types\/post"}],"author":[{"embeddable":true,"href":"https:\/\/www.estrategiaconcursos.com.br\/blog\/wp-json\/wp\/v2\/users\/873"}],"replies":[{"embeddable":true,"href":"https:\/\/www.estrategiaconcursos.com.br\/blog\/wp-json\/wp\/v2\/comments?post=458918"}],"version-history":[{"count":2,"href":"https:\/\/www.estrategiaconcursos.com.br\/blog\/wp-json\/wp\/v2\/posts\/458918\/revisions"}],"predecessor-version":[{"id":464869,"href":"https:\/\/www.estrategiaconcursos.com.br\/blog\/wp-json\/wp\/v2\/posts\/458918\/revisions\/464869"}],"wp:featuredmedia":[{"embeddable":true,"href":"https:\/\/www.estrategiaconcursos.com.br\/blog\/wp-json\/wp\/v2\/media\/458959"}],"wp:attachment":[{"href":"https:\/\/www.estrategiaconcursos.com.br\/blog\/wp-json\/wp\/v2\/media?parent=458918"}],"wp:term":[{"taxonomy":"category","embeddable":true,"href":"https:\/\/www.estrategiaconcursos.com.br\/blog\/wp-json\/wp\/v2\/categories?post=458918"},{"taxonomy":"post_tag","embeddable":true,"href":"https:\/\/www.estrategiaconcursos.com.br\/blog\/wp-json\/wp\/v2\/tags?post=458918"},{"taxonomy":"tax_estado","embeddable":true,"href":"https:\/\/www.estrategiaconcursos.com.br\/blog\/wp-json\/wp\/v2\/tax_estado?post=458918"}],"curies":[{"name":"wp","href":"https:\/\/api.w.org\/{rel}","templated":true}]}}