{"id":458868,"date":"2019-12-11T11:02:02","date_gmt":"2019-12-11T14:02:02","guid":{"rendered":"https:\/\/www.estrategiaconcursos.com.br\/blog\/?p=458868"},"modified":"2019-12-11T11:02:05","modified_gmt":"2019-12-11T14:02:05","slug":"mpmg-retifica-gabarito-da-prova-preambular-do-concurso-para-promotor","status":"publish","type":"post","link":"https:\/\/www.estrategiaconcursos.com.br\/blog\/mpmg-retifica-gabarito-da-prova-preambular-do-concurso-para-promotor\/","title":{"rendered":"MPMG retifica gabarito da Prova Preambular do concurso para Promotor"},"content":{"rendered":"\n<h2 class=\"wp-block-heading\">Duas quest\u00f5es s\u00e3o anuladas e uma tem gabarito alterado<\/h2>\n\n\n\n<p>O <strong>Minist\u00e9rio P\u00fablico de Minas Gerais<\/strong> divulgou nesta quarta-feira (11) o <strong>gabarito definitivo<\/strong> da prova preambular do LVII Concurso para Promotor de Justi\u00e7a, realizada em 24 de novembro.<\/p>\n\n\n\n<p>Ap\u00f3s o julgamento dos recursos, a comiss\u00e3o examinadora decidiu <strong>anular<\/strong> duas quest\u00f5es e retificar o gabarito de outra.  A \u00edntegra do documento foi divulgada no Di\u00e1rio Eletr\u00f4nico do MPMG e pode ser <a rel=\"noreferrer noopener\" aria-label=\"conferida aqui. (abre numa nova aba)\" href=\"https:\/\/dhg1h5j42swfq.cloudfront.net\/2019\/12\/11110001\/MPMG_-_Quest%C3%B5es_anuladas_-_prova_preambular.pdf\" target=\"_blank\">conferida aqui.<\/a><\/p>\n\n\n\n<p>O certame oferta no total 50 vagas para o cargo de Promotor de Justi\u00e7a Substituto, classe inicial da carreira, com remunera\u00e7\u00e3o inicial de R$ 30.404,42.  <\/p>\n\n\n\n<p>As <strong>provas escritas<\/strong> devem acontecer nos dias <strong>08 e 09 de fevereiro de 2020<\/strong> e o local ser\u00e1 divulgado no site do \u00f3rg\u00e3o ou no portal online da banca do certame. <\/p>\n\n\n\n<p>J\u00e1 as <strong>provas orais <\/strong>devem se realizadas no per\u00edodo dos dias 1<strong>5 a 30 de junho de 2020<\/strong>. <\/p>\n\n\n\n<p><em>Confira abaixo o gabarito definitivo da prova preambular:<\/em><\/p>\n\n\n\n<table class=\"wp-block-table aligncenter has-subtle-pale-green-background-color has-fixed-layout has-background is-style-stripes\"><tbody><tr><td><strong>Quest\u00f5es <\/strong><\/td><td><strong>Alternativas<\/strong><\/td><\/tr><tr><td> 01  <\/td><td>C<\/td><\/tr><tr><td> 02  <\/td><td>D<\/td><\/tr><tr><td> 03  <\/td><td>A<\/td><\/tr><tr><td> 04  <\/td><td>B<\/td><\/tr><tr><td> 05  <\/td><td>C<\/td><\/tr><tr><td> 06  <\/td><td>A<\/td><\/tr><tr><td> 07  <\/td><td>C<\/td><\/tr><tr><td> 08  <\/td><td>B<\/td><\/tr><tr><td> 09  <\/td><td>C<\/td><\/tr><tr><td> 10  <\/td><td>D<\/td><\/tr><tr><td> 11  <\/td><td>A<\/td><\/tr><tr><td> 12  <\/td><td>D<\/td><\/tr><tr><td> 13  <\/td><td>B<\/td><\/tr><tr><td> 14 <\/td><td>A<\/td><\/tr><tr><td> 15  <\/td><td>B<\/td><\/tr><tr><td> 16  <\/td><td>C<\/td><\/tr><tr><td> 17  <\/td><td>B<\/td><\/tr><tr><td> 18  <\/td><td>D<\/td><\/tr><tr><td> 19  <\/td><td>A<\/td><\/tr><tr><td> 20  <\/td><td>A<\/td><\/tr><tr><td> 21  <\/td><td>C<\/td><\/tr><tr><td> 22  <\/td><td>B<\/td><\/tr><tr><td> 23  <\/td><td>C<\/td><\/tr><tr><td> 24  <\/td><td><strong>ANULADA<\/strong><\/td><\/tr><tr><td> 25  <\/td><td>D<\/td><\/tr><tr><td> 26  <\/td><td>D<\/td><\/tr><tr><td> 27 <\/td><td>B<\/td><\/tr><tr><td> 28  <\/td><td>C<\/td><\/tr><tr><td> 29  <\/td><td>B<\/td><\/tr><tr><td> 30  <\/td><td>B<\/td><\/tr><tr><td> 31  <\/td><td>B<\/td><\/tr><tr><td> 32  <\/td><td>C<\/td><\/tr><tr><td> 33  <\/td><td>D<\/td><\/tr><tr><td> 34  <\/td><td>A<\/td><\/tr><tr><td> 35  <\/td><td>D<\/td><\/tr><tr><td> 36  <\/td><td>C<\/td><\/tr><tr><td> 37 <\/td><td>B<\/td><\/tr><tr><td> 38  <\/td><td><strong>ANULADA<\/strong><\/td><\/tr><tr><td> 39 <\/td><td>B<\/td><\/tr><tr><td> 40  <\/td><td>A<\/td><\/tr><tr><td> 41  <\/td><td>D<\/td><\/tr><tr><td> 42  <\/td><td><strong>A<\/strong><\/td><\/tr><tr><td> 43 <\/td><td>A<\/td><\/tr><tr><td> 44  <\/td><td>D<\/td><\/tr><tr><td> 45  <\/td><td>D<\/td><\/tr><tr><td> 46  <\/td><td>A<\/td><\/tr><tr><td> 47  <\/td><td>C<\/td><\/tr><tr><td> 48  <\/td><td>D<\/td><\/tr><tr><td> 49  <\/td><td>A<\/td><\/tr><tr><td> 50  <\/td><td>C<\/td><\/tr><tr><td> 51  <\/td><td>B<\/td><\/tr><tr><td> 52  <\/td><td>C<\/td><\/tr><tr><td> 53  <\/td><td>C<\/td><\/tr><tr><td> 54 <\/td><td>C<\/td><\/tr><tr><td> 55  <\/td><td>C<\/td><\/tr><tr><td> 56  <\/td><td>C<\/td><\/tr><tr><td> 57 <\/td><td>B<\/td><\/tr><tr><td> 58  <\/td><td>A<\/td><\/tr><tr><td> 59  <\/td><td>A<\/td><\/tr><tr><td> 60  <\/td><td>B<\/td><\/tr><tr><td> 61  <\/td><td>A<\/td><\/tr><tr><td> 62  <\/td><td>B<\/td><\/tr><tr><td> 63  <\/td><td>B<\/td><\/tr><tr><td> 64  <\/td><td>D<\/td><\/tr><tr><td> 65  <\/td><td>B<\/td><\/tr><tr><td> 66  <\/td><td>B<\/td><\/tr><tr><td> 67 <\/td><td>D<\/td><\/tr><tr><td> 68  <\/td><td>C<\/td><\/tr><tr><td> 69  <\/td><td>A<\/td><\/tr><tr><td> 70  <\/td><td>B<\/td><\/tr><tr><td> 71  <\/td><td>B<\/td><\/tr><tr><td> 72  <\/td><td>B<\/td><\/tr><tr><td> 73  <\/td><td>A<\/td><\/tr><tr><td> 74  <\/td><td>D<\/td><\/tr><tr><td> 75  <\/td><td>D<\/td><\/tr><tr><td> 76 <\/td><td>B<\/td><\/tr><tr><td> 77  <\/td><td>D<\/td><\/tr><tr><td> 78  <\/td><td>C<\/td><\/tr><tr><td> 79  <\/td><td>A<\/td><\/tr><tr><td> 80  <\/td><td>C<\/td><\/tr><\/tbody><\/table>\n\n\n\n<p style=\"font-size:23px;text-align:center\" class=\"has-background has-pale-cyan-blue-background-color\"><strong><em>Mais informa\u00e7\u00f5es:<\/em><\/strong><a href=\"https:\/\/www.estrategiaconcursos.com.br\/blog\/concurso-mp-mg-promotor\/\"><strong><em> concurso MPMG Promotor<\/em><\/strong><\/a><\/p>\n\n\n\n<h2 class=\"wp-block-heading\" style=\"text-align:center\" id=\"cursos-concurso-mpmg\">Cursos para o concurso MPMG Promotor<\/h2>\n\n\n\n<p style=\"font-size:23px;text-align:center\" class=\"has-background has-luminous-vivid-amber-background-color\"><a rel=\"noreferrer noopener\" href=\"https:\/\/www.estrategiaconcursos.com.br\/cursosPorConcurso\/mp-mg-promotor-de-justica\/\" target=\"_blank\"><strong>CURSO MPMG PROMOTOR<\/strong><\/a><\/p>\n\n\n\n<p style=\"text-align:center\"><em><strong>Fique por dentro de todos os concursos<\/strong><\/em>:<\/p>\n\n\n\n<p style=\"font-size:23px;text-align:center\" class=\"has-background has-pale-cyan-blue-background-color\"><strong><a href=\"https:\/\/www.estrategiaconcursos.com.br\/blog\/concursos-abertos\/\" target=\"_blank\" rel=\"noreferrer noopener\">Concursos abertos<\/a><\/strong><\/p>\n\n\n\n<p style=\"font-size:23px;text-align:center\" class=\"has-background has-pale-cyan-blue-background-color\"><strong><a href=\"https:\/\/www.estrategiaconcursos.com.br\/blog\/concursos-2019\/\" target=\"_blank\" rel=\"noreferrer noopener\">Concursos 2019<\/a><\/strong><\/p>\n\n\n\n<p style=\"font-size:23px;text-align:center\" class=\"has-background has-pale-cyan-blue-background-color\"><a rel=\"noreferrer noopener\" href=\"https:\/\/www.estrategiaconcursos.com.br\/blog\/concursos-2020\/\" target=\"_blank\"><strong>Concursos 2020<\/strong><\/a><\/p>\n\n\n\n<p style=\"font-size:23px;text-align:center\" class=\"has-background has-pale-cyan-blue-background-color\"><strong><a href=\"https:\/\/www.estrategiaconcursos.com.br\/blog\/concursos-de-direito\/\" target=\"_blank\" rel=\"noreferrer noopener\">Concursos de Direito<\/a><\/strong><\/p>\n\n\n<p><!--EndFragment--><br \/><br \/><\/p>","protected":false},"excerpt":{"rendered":"<p>Duas quest\u00f5es s\u00e3o anuladas e uma tem gabarito alterado O Minist\u00e9rio P\u00fablico de Minas Gerais divulgou nesta quarta-feira (11) o gabarito definitivo da prova preambular do LVII Concurso para Promotor de Justi\u00e7a, realizada em 24 de novembro. Ap\u00f3s o julgamento dos recursos, a comiss\u00e3o examinadora decidiu anular duas quest\u00f5es e retificar o gabarito de outra. [&hellip;]<\/p>\n","protected":false},"author":317,"featured_media":399616,"comment_status":"open","ping_status":"closed","sticky":false,"template":"","format":"standard","meta":{"post_tipo":"article","footnotes":""},"categories":[1,2185],"tags":[],"tax_estado":[],"class_list":["post-458868","post","type-post","status-publish","format-standard","has-post-thumbnail","hentry","category-cursos-e-concursos","category-carreiras-juridicas"],"acf":[],"yoast_head":"<!-- This site is optimized with the Yoast SEO Premium plugin v27.2 (Yoast SEO v27.2) - https:\/\/yoast.com\/product\/yoast-seo-premium-wordpress\/ -->\n<title>MPMG retifica gabarito da Prova Preambular do concurso para Promotor<\/title>\n<meta name=\"robots\" content=\"index, follow, max-snippet:-1, max-image-preview:large, max-video-preview:-1\" \/>\n<link rel=\"canonical\" href=\"https:\/\/www.estrategiaconcursos.com.br\/blog\/mpmg-retifica-gabarito-da-prova-preambular-do-concurso-para-promotor\/\" \/>\n<meta property=\"og:locale\" content=\"pt_BR\" \/>\n<meta property=\"og:type\" content=\"article\" \/>\n<meta property=\"og:title\" content=\"MPMG retifica gabarito da Prova Preambular do concurso para Promotor\" \/>\n<meta property=\"og:description\" content=\"Duas quest\u00f5es s\u00e3o anuladas e uma tem gabarito alterado O Minist\u00e9rio P\u00fablico de Minas Gerais divulgou nesta quarta-feira (11) o gabarito definitivo da prova preambular do LVII Concurso para Promotor de Justi\u00e7a, realizada em 24 de novembro. Ap\u00f3s o julgamento dos recursos, a comiss\u00e3o examinadora decidiu anular duas quest\u00f5es e retificar o gabarito de outra. [&hellip;]\" \/>\n<meta property=\"og:url\" content=\"https:\/\/www.estrategiaconcursos.com.br\/blog\/mpmg-retifica-gabarito-da-prova-preambular-do-concurso-para-promotor\/\" \/>\n<meta property=\"og:site_name\" content=\"Estrat\u00e9gia Concursos\" \/>\n<meta property=\"article:author\" content=\"https:\/\/www.facebook.com\/igor.maciel.1420\" \/>\n<meta property=\"article:published_time\" content=\"2019-12-11T14:02:02+00:00\" \/>\n<meta property=\"article:modified_time\" content=\"2019-12-11T14:02:05+00:00\" \/>\n<meta property=\"og:image\" content=\"https:\/\/dhg1h5j42swfq.cloudfront.net\/2018\/05\/17090303\/concurso-mpmg-promotor.png\" \/>\n\t<meta property=\"og:image:width\" content=\"400\" \/>\n\t<meta property=\"og:image:height\" content=\"209\" \/>\n\t<meta property=\"og:image:type\" content=\"image\/png\" \/>\n<meta name=\"author\" content=\"Igor Maciel\" \/>\n<meta name=\"twitter:card\" content=\"summary_large_image\" \/>\n<meta name=\"twitter:creator\" content=\"@EstratConcursos\" \/>\n<meta name=\"twitter:site\" content=\"@EstratConcursos\" \/>\n<meta name=\"twitter:label1\" content=\"Escrito por\" \/>\n\t<meta name=\"twitter:data1\" content=\"Igor Maciel\" \/>\n\t<meta name=\"twitter:label2\" content=\"Est. tempo de leitura\" \/>\n\t<meta name=\"twitter:data2\" content=\"1 minuto\" \/>\n<script type=\"application\/ld+json\" class=\"yoast-schema-graph\">{\"@context\":\"https:\/\/schema.org\",\"@graph\":[{\"@type\":\"NewsArticle\",\"@id\":\"https:\/\/www.estrategiaconcursos.com.br\/blog\/mpmg-retifica-gabarito-da-prova-preambular-do-concurso-para-promotor\/#article\",\"isPartOf\":{\"@id\":\"https:\/\/www.estrategiaconcursos.com.br\/blog\/mpmg-retifica-gabarito-da-prova-preambular-do-concurso-para-promotor\/\"},\"author\":{\"name\":\"Igor Maciel\",\"@id\":\"https:\/\/www.estrategiaconcursos.com.br\/blog\/#\/schema\/person\/024d26d5efb06d95dfc04025d7301591\"},\"headline\":\"MPMG retifica gabarito da Prova Preambular do concurso para Promotor\",\"datePublished\":\"2019-12-11T14:02:02+00:00\",\"dateModified\":\"2019-12-11T14:02:05+00:00\",\"mainEntityOfPage\":{\"@id\":\"https:\/\/www.estrategiaconcursos.com.br\/blog\/mpmg-retifica-gabarito-da-prova-preambular-do-concurso-para-promotor\/\"},\"wordCount\":279,\"commentCount\":0,\"publisher\":{\"@id\":\"https:\/\/www.estrategiaconcursos.com.br\/blog\/#organization\"},\"image\":{\"@id\":\"https:\/\/www.estrategiaconcursos.com.br\/blog\/mpmg-retifica-gabarito-da-prova-preambular-do-concurso-para-promotor\/#primaryimage\"},\"thumbnailUrl\":\"https:\/\/dhg1h5j42swfq.cloudfront.net\/2018\/05\/17090303\/concurso-mpmg-promotor.png\",\"articleSection\":[\"Concursos P\u00fablicos\",\"Jur\u00eddico\"],\"inLanguage\":\"pt-BR\",\"potentialAction\":[{\"@type\":\"CommentAction\",\"name\":\"Comment\",\"target\":[\"https:\/\/www.estrategiaconcursos.com.br\/blog\/mpmg-retifica-gabarito-da-prova-preambular-do-concurso-para-promotor\/#respond\"]}],\"copyrightYear\":\"2019\",\"copyrightHolder\":{\"@id\":\"https:\/\/www.estrategiaconcursos.com.br\/blog\/#organization\"}},{\"@type\":\"WebPage\",\"@id\":\"https:\/\/www.estrategiaconcursos.com.br\/blog\/mpmg-retifica-gabarito-da-prova-preambular-do-concurso-para-promotor\/\",\"url\":\"https:\/\/www.estrategiaconcursos.com.br\/blog\/mpmg-retifica-gabarito-da-prova-preambular-do-concurso-para-promotor\/\",\"name\":\"MPMG retifica gabarito da Prova Preambular do concurso para Promotor\",\"isPartOf\":{\"@id\":\"https:\/\/www.estrategiaconcursos.com.br\/blog\/#website\"},\"primaryImageOfPage\":{\"@id\":\"https:\/\/www.estrategiaconcursos.com.br\/blog\/mpmg-retifica-gabarito-da-prova-preambular-do-concurso-para-promotor\/#primaryimage\"},\"image\":{\"@id\":\"https:\/\/www.estrategiaconcursos.com.br\/blog\/mpmg-retifica-gabarito-da-prova-preambular-do-concurso-para-promotor\/#primaryimage\"},\"thumbnailUrl\":\"https:\/\/dhg1h5j42swfq.cloudfront.net\/2018\/05\/17090303\/concurso-mpmg-promotor.png\",\"datePublished\":\"2019-12-11T14:02:02+00:00\",\"dateModified\":\"2019-12-11T14:02:05+00:00\",\"breadcrumb\":{\"@id\":\"https:\/\/www.estrategiaconcursos.com.br\/blog\/mpmg-retifica-gabarito-da-prova-preambular-do-concurso-para-promotor\/#breadcrumb\"},\"inLanguage\":\"pt-BR\",\"potentialAction\":[{\"@type\":\"ReadAction\",\"target\":[\"https:\/\/www.estrategiaconcursos.com.br\/blog\/mpmg-retifica-gabarito-da-prova-preambular-do-concurso-para-promotor\/\"]}]},{\"@type\":\"ImageObject\",\"inLanguage\":\"pt-BR\",\"@id\":\"https:\/\/www.estrategiaconcursos.com.br\/blog\/mpmg-retifica-gabarito-da-prova-preambular-do-concurso-para-promotor\/#primaryimage\",\"url\":\"https:\/\/dhg1h5j42swfq.cloudfront.net\/2018\/05\/17090303\/concurso-mpmg-promotor.png\",\"contentUrl\":\"https:\/\/dhg1h5j42swfq.cloudfront.net\/2018\/05\/17090303\/concurso-mpmg-promotor.png\",\"width\":400,\"height\":209,\"caption\":\"concurso mpmg promotor\"},{\"@type\":\"BreadcrumbList\",\"@id\":\"https:\/\/www.estrategiaconcursos.com.br\/blog\/mpmg-retifica-gabarito-da-prova-preambular-do-concurso-para-promotor\/#breadcrumb\",\"itemListElement\":[{\"@type\":\"ListItem\",\"position\":1,\"name\":\"In\u00edcio\",\"item\":\"https:\/\/www.estrategiaconcursos.com.br\/blog\/\"},{\"@type\":\"ListItem\",\"position\":2,\"name\":\"MPMG retifica gabarito da Prova Preambular do concurso para Promotor\"}]},{\"@type\":\"WebSite\",\"@id\":\"https:\/\/www.estrategiaconcursos.com.br\/blog\/#website\",\"url\":\"https:\/\/www.estrategiaconcursos.com.br\/blog\/\",\"name\":\"Estrat\u00e9gia Concursos\",\"description\":\"O blog da Estrat\u00e9gia Concursos traz not\u00edcias sobre concursos e artigos de professores oferecendo cursos para concursos (pdf + videaulas) no site.\",\"publisher\":{\"@id\":\"https:\/\/www.estrategiaconcursos.com.br\/blog\/#organization\"},\"potentialAction\":[{\"@type\":\"SearchAction\",\"target\":{\"@type\":\"EntryPoint\",\"urlTemplate\":\"https:\/\/www.estrategiaconcursos.com.br\/blog\/?s={search_term_string}\"},\"query-input\":{\"@type\":\"PropertyValueSpecification\",\"valueRequired\":true,\"valueName\":\"search_term_string\"}}],\"inLanguage\":\"pt-BR\"},{\"@type\":\"Organization\",\"@id\":\"https:\/\/www.estrategiaconcursos.com.br\/blog\/#organization\",\"name\":\"Estrat\u00e9gia Concursos\",\"url\":\"https:\/\/www.estrategiaconcursos.com.br\/blog\/\",\"logo\":{\"@type\":\"ImageObject\",\"inLanguage\":\"pt-BR\",\"@id\":\"https:\/\/www.estrategiaconcursos.com.br\/blog\/#\/schema\/logo\/image\/\",\"url\":\"https:\/\/dhg1h5j42swfq.cloudfront.net\/2025\/06\/03203428\/logo_concursos-1.jpg\",\"contentUrl\":\"https:\/\/dhg1h5j42swfq.cloudfront.net\/2025\/06\/03203428\/logo_concursos-1.jpg\",\"width\":230,\"height\":60,\"caption\":\"Estrat\u00e9gia Concursos\"},\"image\":{\"@id\":\"https:\/\/www.estrategiaconcursos.com.br\/blog\/#\/schema\/logo\/image\/\"},\"sameAs\":[\"https:\/\/x.com\/EstratConcursos\"]},{\"@type\":\"Person\",\"@id\":\"https:\/\/www.estrategiaconcursos.com.br\/blog\/#\/schema\/person\/024d26d5efb06d95dfc04025d7301591\",\"name\":\"Igor Maciel\",\"image\":{\"@type\":\"ImageObject\",\"inLanguage\":\"pt-BR\",\"@id\":\"https:\/\/secure.gravatar.com\/avatar\/e983a676af6facf4aebcb2989d49e3bf61b718712d5e7a4b3f355b7fe651bc2f?s=96&d=mm&r=g\",\"url\":\"https:\/\/secure.gravatar.com\/avatar\/e983a676af6facf4aebcb2989d49e3bf61b718712d5e7a4b3f355b7fe651bc2f?s=96&d=mm&r=g\",\"contentUrl\":\"https:\/\/secure.gravatar.com\/avatar\/e983a676af6facf4aebcb2989d49e3bf61b718712d5e7a4b3f355b7fe651bc2f?s=96&d=mm&r=g\",\"caption\":\"Igor Maciel\"},\"description\":\"Graduado na Universidade Federal de Pernambuco, com extens\u00e3o na Universidade de Coimbra\/Portugal. Especialista LLM em Direito Corporativo pelo IBMEC\/RJ. Mestrando em Direito e Pol\u00edticas P\u00fablicas pelo UNICEUB\/DF. Advogado com atua\u00e7\u00e3o profissional centrada no Direito Tribut\u00e1rio e no Direito Administrativo, especialmente na defesa de servidores p\u00fablicos.\",\"sameAs\":[\"http:\/\/www.imaciel.com.br\",\"https:\/\/www.facebook.com\/igor.maciel.1420\"],\"url\":\"https:\/\/www.estrategiaconcursos.com.br\/blog\/author\/contatoimaciel-com-br\/\"}]}<\/script>\n<!-- \/ Yoast SEO Premium plugin. -->","yoast_head_json":{"title":"MPMG retifica gabarito da Prova Preambular do concurso para Promotor","robots":{"index":"index","follow":"follow","max-snippet":"max-snippet:-1","max-image-preview":"max-image-preview:large","max-video-preview":"max-video-preview:-1"},"canonical":"https:\/\/www.estrategiaconcursos.com.br\/blog\/mpmg-retifica-gabarito-da-prova-preambular-do-concurso-para-promotor\/","og_locale":"pt_BR","og_type":"article","og_title":"MPMG retifica gabarito da Prova Preambular do concurso para Promotor","og_description":"Duas quest\u00f5es s\u00e3o anuladas e uma tem gabarito alterado O Minist\u00e9rio P\u00fablico de Minas Gerais divulgou nesta quarta-feira (11) o gabarito definitivo da prova preambular do LVII Concurso para Promotor de Justi\u00e7a, realizada em 24 de novembro. Ap\u00f3s o julgamento dos recursos, a comiss\u00e3o examinadora decidiu anular duas quest\u00f5es e retificar o gabarito de outra. [&hellip;]","og_url":"https:\/\/www.estrategiaconcursos.com.br\/blog\/mpmg-retifica-gabarito-da-prova-preambular-do-concurso-para-promotor\/","og_site_name":"Estrat\u00e9gia Concursos","article_author":"https:\/\/www.facebook.com\/igor.maciel.1420","article_published_time":"2019-12-11T14:02:02+00:00","article_modified_time":"2019-12-11T14:02:05+00:00","og_image":[{"width":400,"height":209,"url":"https:\/\/dhg1h5j42swfq.cloudfront.net\/2018\/05\/17090303\/concurso-mpmg-promotor.png","type":"image\/png"}],"author":"Igor Maciel","twitter_card":"summary_large_image","twitter_creator":"@EstratConcursos","twitter_site":"@EstratConcursos","twitter_misc":{"Escrito por":"Igor Maciel","Est. tempo de leitura":"1 minuto"},"schema":{"@context":"https:\/\/schema.org","@graph":[{"@type":"NewsArticle","@id":"https:\/\/www.estrategiaconcursos.com.br\/blog\/mpmg-retifica-gabarito-da-prova-preambular-do-concurso-para-promotor\/#article","isPartOf":{"@id":"https:\/\/www.estrategiaconcursos.com.br\/blog\/mpmg-retifica-gabarito-da-prova-preambular-do-concurso-para-promotor\/"},"author":{"name":"Igor Maciel","@id":"https:\/\/www.estrategiaconcursos.com.br\/blog\/#\/schema\/person\/024d26d5efb06d95dfc04025d7301591"},"headline":"MPMG retifica gabarito da Prova Preambular do concurso para Promotor","datePublished":"2019-12-11T14:02:02+00:00","dateModified":"2019-12-11T14:02:05+00:00","mainEntityOfPage":{"@id":"https:\/\/www.estrategiaconcursos.com.br\/blog\/mpmg-retifica-gabarito-da-prova-preambular-do-concurso-para-promotor\/"},"wordCount":279,"commentCount":0,"publisher":{"@id":"https:\/\/www.estrategiaconcursos.com.br\/blog\/#organization"},"image":{"@id":"https:\/\/www.estrategiaconcursos.com.br\/blog\/mpmg-retifica-gabarito-da-prova-preambular-do-concurso-para-promotor\/#primaryimage"},"thumbnailUrl":"https:\/\/dhg1h5j42swfq.cloudfront.net\/2018\/05\/17090303\/concurso-mpmg-promotor.png","articleSection":["Concursos P\u00fablicos","Jur\u00eddico"],"inLanguage":"pt-BR","potentialAction":[{"@type":"CommentAction","name":"Comment","target":["https:\/\/www.estrategiaconcursos.com.br\/blog\/mpmg-retifica-gabarito-da-prova-preambular-do-concurso-para-promotor\/#respond"]}],"copyrightYear":"2019","copyrightHolder":{"@id":"https:\/\/www.estrategiaconcursos.com.br\/blog\/#organization"}},{"@type":"WebPage","@id":"https:\/\/www.estrategiaconcursos.com.br\/blog\/mpmg-retifica-gabarito-da-prova-preambular-do-concurso-para-promotor\/","url":"https:\/\/www.estrategiaconcursos.com.br\/blog\/mpmg-retifica-gabarito-da-prova-preambular-do-concurso-para-promotor\/","name":"MPMG retifica gabarito da Prova Preambular do concurso para Promotor","isPartOf":{"@id":"https:\/\/www.estrategiaconcursos.com.br\/blog\/#website"},"primaryImageOfPage":{"@id":"https:\/\/www.estrategiaconcursos.com.br\/blog\/mpmg-retifica-gabarito-da-prova-preambular-do-concurso-para-promotor\/#primaryimage"},"image":{"@id":"https:\/\/www.estrategiaconcursos.com.br\/blog\/mpmg-retifica-gabarito-da-prova-preambular-do-concurso-para-promotor\/#primaryimage"},"thumbnailUrl":"https:\/\/dhg1h5j42swfq.cloudfront.net\/2018\/05\/17090303\/concurso-mpmg-promotor.png","datePublished":"2019-12-11T14:02:02+00:00","dateModified":"2019-12-11T14:02:05+00:00","breadcrumb":{"@id":"https:\/\/www.estrategiaconcursos.com.br\/blog\/mpmg-retifica-gabarito-da-prova-preambular-do-concurso-para-promotor\/#breadcrumb"},"inLanguage":"pt-BR","potentialAction":[{"@type":"ReadAction","target":["https:\/\/www.estrategiaconcursos.com.br\/blog\/mpmg-retifica-gabarito-da-prova-preambular-do-concurso-para-promotor\/"]}]},{"@type":"ImageObject","inLanguage":"pt-BR","@id":"https:\/\/www.estrategiaconcursos.com.br\/blog\/mpmg-retifica-gabarito-da-prova-preambular-do-concurso-para-promotor\/#primaryimage","url":"https:\/\/dhg1h5j42swfq.cloudfront.net\/2018\/05\/17090303\/concurso-mpmg-promotor.png","contentUrl":"https:\/\/dhg1h5j42swfq.cloudfront.net\/2018\/05\/17090303\/concurso-mpmg-promotor.png","width":400,"height":209,"caption":"concurso mpmg promotor"},{"@type":"BreadcrumbList","@id":"https:\/\/www.estrategiaconcursos.com.br\/blog\/mpmg-retifica-gabarito-da-prova-preambular-do-concurso-para-promotor\/#breadcrumb","itemListElement":[{"@type":"ListItem","position":1,"name":"In\u00edcio","item":"https:\/\/www.estrategiaconcursos.com.br\/blog\/"},{"@type":"ListItem","position":2,"name":"MPMG retifica gabarito da Prova Preambular do concurso para Promotor"}]},{"@type":"WebSite","@id":"https:\/\/www.estrategiaconcursos.com.br\/blog\/#website","url":"https:\/\/www.estrategiaconcursos.com.br\/blog\/","name":"Estrat\u00e9gia Concursos","description":"O blog da Estrat\u00e9gia Concursos traz not\u00edcias sobre concursos e artigos de professores oferecendo cursos para concursos (pdf + videaulas) no site.","publisher":{"@id":"https:\/\/www.estrategiaconcursos.com.br\/blog\/#organization"},"potentialAction":[{"@type":"SearchAction","target":{"@type":"EntryPoint","urlTemplate":"https:\/\/www.estrategiaconcursos.com.br\/blog\/?s={search_term_string}"},"query-input":{"@type":"PropertyValueSpecification","valueRequired":true,"valueName":"search_term_string"}}],"inLanguage":"pt-BR"},{"@type":"Organization","@id":"https:\/\/www.estrategiaconcursos.com.br\/blog\/#organization","name":"Estrat\u00e9gia Concursos","url":"https:\/\/www.estrategiaconcursos.com.br\/blog\/","logo":{"@type":"ImageObject","inLanguage":"pt-BR","@id":"https:\/\/www.estrategiaconcursos.com.br\/blog\/#\/schema\/logo\/image\/","url":"https:\/\/dhg1h5j42swfq.cloudfront.net\/2025\/06\/03203428\/logo_concursos-1.jpg","contentUrl":"https:\/\/dhg1h5j42swfq.cloudfront.net\/2025\/06\/03203428\/logo_concursos-1.jpg","width":230,"height":60,"caption":"Estrat\u00e9gia Concursos"},"image":{"@id":"https:\/\/www.estrategiaconcursos.com.br\/blog\/#\/schema\/logo\/image\/"},"sameAs":["https:\/\/x.com\/EstratConcursos"]},{"@type":"Person","@id":"https:\/\/www.estrategiaconcursos.com.br\/blog\/#\/schema\/person\/024d26d5efb06d95dfc04025d7301591","name":"Igor Maciel","image":{"@type":"ImageObject","inLanguage":"pt-BR","@id":"https:\/\/secure.gravatar.com\/avatar\/e983a676af6facf4aebcb2989d49e3bf61b718712d5e7a4b3f355b7fe651bc2f?s=96&d=mm&r=g","url":"https:\/\/secure.gravatar.com\/avatar\/e983a676af6facf4aebcb2989d49e3bf61b718712d5e7a4b3f355b7fe651bc2f?s=96&d=mm&r=g","contentUrl":"https:\/\/secure.gravatar.com\/avatar\/e983a676af6facf4aebcb2989d49e3bf61b718712d5e7a4b3f355b7fe651bc2f?s=96&d=mm&r=g","caption":"Igor Maciel"},"description":"Graduado na Universidade Federal de Pernambuco, com extens\u00e3o na Universidade de Coimbra\/Portugal. Especialista LLM em Direito Corporativo pelo IBMEC\/RJ. Mestrando em Direito e Pol\u00edticas P\u00fablicas pelo UNICEUB\/DF. Advogado com atua\u00e7\u00e3o profissional centrada no Direito Tribut\u00e1rio e no Direito Administrativo, especialmente na defesa de servidores p\u00fablicos.","sameAs":["http:\/\/www.imaciel.com.br","https:\/\/www.facebook.com\/igor.maciel.1420"],"url":"https:\/\/www.estrategiaconcursos.com.br\/blog\/author\/contatoimaciel-com-br\/"}]}},"_links":{"self":[{"href":"https:\/\/www.estrategiaconcursos.com.br\/blog\/wp-json\/wp\/v2\/posts\/458868","targetHints":{"allow":["GET"]}}],"collection":[{"href":"https:\/\/www.estrategiaconcursos.com.br\/blog\/wp-json\/wp\/v2\/posts"}],"about":[{"href":"https:\/\/www.estrategiaconcursos.com.br\/blog\/wp-json\/wp\/v2\/types\/post"}],"author":[{"embeddable":true,"href":"https:\/\/www.estrategiaconcursos.com.br\/blog\/wp-json\/wp\/v2\/users\/317"}],"replies":[{"embeddable":true,"href":"https:\/\/www.estrategiaconcursos.com.br\/blog\/wp-json\/wp\/v2\/comments?post=458868"}],"version-history":[{"count":1,"href":"https:\/\/www.estrategiaconcursos.com.br\/blog\/wp-json\/wp\/v2\/posts\/458868\/revisions"}],"predecessor-version":[{"id":458875,"href":"https:\/\/www.estrategiaconcursos.com.br\/blog\/wp-json\/wp\/v2\/posts\/458868\/revisions\/458875"}],"wp:featuredmedia":[{"embeddable":true,"href":"https:\/\/www.estrategiaconcursos.com.br\/blog\/wp-json\/wp\/v2\/media\/399616"}],"wp:attachment":[{"href":"https:\/\/www.estrategiaconcursos.com.br\/blog\/wp-json\/wp\/v2\/media?parent=458868"}],"wp:term":[{"taxonomy":"category","embeddable":true,"href":"https:\/\/www.estrategiaconcursos.com.br\/blog\/wp-json\/wp\/v2\/categories?post=458868"},{"taxonomy":"post_tag","embeddable":true,"href":"https:\/\/www.estrategiaconcursos.com.br\/blog\/wp-json\/wp\/v2\/tags?post=458868"},{"taxonomy":"tax_estado","embeddable":true,"href":"https:\/\/www.estrategiaconcursos.com.br\/blog\/wp-json\/wp\/v2\/tax_estado?post=458868"}],"curies":[{"name":"wp","href":"https:\/\/api.w.org\/{rel}","templated":true}]}}